{"id":9998,"date":"2021-12-04T11:16:10","date_gmt":"2021-12-04T14:16:10","guid":{"rendered":"https:\/\/renatodias.online\/movimento\/?p=9998"},"modified":"2021-12-04T11:16:10","modified_gmt":"2021-12-04T14:16:10","slug":"ana-rita-marcelo-castro-na-manifestacao","status":"publish","type":"post","link":"https:\/\/renatodias.online\/movimento\/2021\/12\/04\/ana-rita-marcelo-castro-na-manifestacao\/","title":{"rendered":"Ana Rita Marcelo Castro na manifesta\u00e7\u00e3o"},"content":{"rendered":"<p><img loading=\"lazy\" decoding=\"async\" class=\"alignnone size-full wp-image-9999\" src=\"https:\/\/renatodias.online\/movimento\/wp-content\/uploads\/2021\/12\/Card-Ana-Rita.jpg\" alt=\"\" width=\"1080\" height=\"1080\" srcset=\"https:\/\/renatodias.online\/movimento\/wp-content\/uploads\/2021\/12\/Card-Ana-Rita.jpg 1080w, https:\/\/renatodias.online\/movimento\/wp-content\/uploads\/2021\/12\/Card-Ana-Rita-300x300.jpg 300w, https:\/\/renatodias.online\/movimento\/wp-content\/uploads\/2021\/12\/Card-Ana-Rita-1024x1024.jpg 1024w, https:\/\/renatodias.online\/movimento\/wp-content\/uploads\/2021\/12\/Card-Ana-Rita-150x150.jpg 150w, https:\/\/renatodias.online\/movimento\/wp-content\/uploads\/2021\/12\/Card-Ana-Rita-768x768.jpg 768w, https:\/\/renatodias.online\/movimento\/wp-content\/uploads\/2021\/12\/Card-Ana-Rita-750x750.jpg 750w\" sizes=\"auto, (max-width: 1080px) 100vw, 1080px\" \/><\/p>\n<h1 style=\"text-align: center;\"><strong><span style=\"color: #008000;\">Ato contra Bolsonaro<\/span><br \/>\n<\/strong><\/h1>\n<h1 style=\"text-align: center;\"><span style=\"color: #ff9900;\"><strong><span style=\"color: #ff0000;\">Presidente do Conem ataca Governo Federal<\/span><br \/>\n<\/strong><\/span><\/h1>\n<figure id=\"attachment_6290\" aria-describedby=\"caption-attachment-6290\" style=\"width: 300px\" class=\"wp-caption aligncenter\"><img loading=\"lazy\" decoding=\"async\" class=\"size-full wp-image-6290\" src=\"https:\/\/renatodias.online\/movimento\/wp-content\/uploads\/2021\/04\/Jair-Bolsonaro-_-3-e1623964855750.jpeg\" alt=\"\" width=\"300\" height=\"159\" \/><figcaption id=\"caption-attachment-6290\" class=\"wp-caption-text\"><strong>Jair Messias Bolsonaro<\/strong><\/figcaption><\/figure>\n<h1 style=\"text-align: center;\"><span style=\"color: #0000ff;\"><strong>Protesto ocorre, em Goi\u00e2nia, capital de Goi\u00e1s<\/strong><\/span><\/h1>\n<p><strong>Renato Dias<\/strong><\/p>\n<p>Graduado em Hist\u00f3ria, mestre em Ci\u00eancias da Religi\u00e3o, <strong>Ana Rita Marcelo Castro<\/strong>, a atual presidente do Conselho Estadual da Mulher, uma adepta das ideias do velho barbudo Karl Marx e do socialista Friedrich Engels, admiradora dos conceitos de Rosa Luxemburgo, economista da Pol\u00f4nia morta em janeiro de 1919, convoca para a manifesta\u00e7\u00e3o, hoje, de 9h \u00e0s 12h30, na Pra\u00e7a do Bandeirante, em Goi\u00e2nia, Goi\u00e1s, capital fundada em 1933, metr\u00f3pole com 88 anos de hist\u00f3ria, para ato pelo Fora, Jair Messias Bolsonaro. Com suporte da CUT, CTB, UNE, UBES, MST, MTST, al\u00e9m das siglas de esquerda e centro-esquerda, como PT, PC do B, Psol, PSB, Rede, PV, PCO, Unidade Popular, PCR, que editam o Jornal A Verdade, assim como do PSTU, ligado \u00e0 LIT. A Liga Internacional dos Trabalhadores.<\/p>\n<figure id=\"attachment_8352\" aria-describedby=\"caption-attachment-8352\" style=\"width: 444px\" class=\"wp-caption aligncenter\"><img loading=\"lazy\" decoding=\"async\" class=\"size-full wp-image-8352\" src=\"https:\/\/renatodias.online\/movimento\/wp-content\/uploads\/2021\/08\/Estrela-do-PT.jpg\" alt=\"\" width=\"444\" height=\"465\" \/><figcaption id=\"caption-attachment-8352\" class=\"wp-caption-text\"><strong>Estrela do PT<\/strong><\/figcaption><\/figure>\n","protected":false},"excerpt":{"rendered":"<p>Ato contra Bolsonaro Presidente do Conem ataca Governo Federal Protesto ocorre, em Goi\u00e2nia, capital de Goi\u00e1s Renato Dias Graduado em Hist\u00f3ria, mestre em Ci\u00eancias da Religi\u00e3o, Ana Rita Marcelo Castro, a atual presidente do Conselho Estadual da Mulher, uma adepta das ideias do velho barbudo Karl Marx e do socialista Friedrich Engels, admiradora dos conceitos<\/p>\n","protected":false},"author":2,"featured_media":4607,"comment_status":"open","ping_status":"open","sticky":false,"template":"","format":"standard","meta":{"_acf_changed":false,"_monsterinsights_skip_tracking":false,"_monsterinsights_sitenote_active":false,"_monsterinsights_sitenote_note":"","_monsterinsights_sitenote_category":0,"footnotes":""},"categories":[35],"tags":[],"class_list":["post-9998","post","type-post","status-publish","format-standard","has-post-thumbnail","hentry","category-nacional"],"acf":[],"yoast_head":"<!-- This site is optimized with the Yoast SEO plugin v27.4 - https:\/\/yoast.com\/product\/yoast-seo-wordpress\/ -->\n<title>Ana Rita Marcelo Castro na manifesta\u00e7\u00e3o -<\/title>\n<meta name=\"robots\" content=\"index, follow, max-snippet:-1, max-image-preview:large, max-video-preview:-1\" \/>\n<link rel=\"canonical\" href=\"https:\/\/renatodias.online\/movimento\/2021\/12\/04\/ana-rita-marcelo-castro-na-manifestacao\/\" \/>\n<meta property=\"og:locale\" content=\"pt_BR\" \/>\n<meta property=\"og:type\" content=\"article\" \/>\n<meta property=\"og:title\" content=\"Ana Rita Marcelo Castro na manifesta\u00e7\u00e3o -\" \/>\n<meta property=\"og:description\" content=\"Ato contra Bolsonaro Presidente do Conem ataca Governo Federal Protesto ocorre, em Goi\u00e2nia, capital de Goi\u00e1s Renato Dias Graduado em Hist\u00f3ria, mestre em Ci\u00eancias da Religi\u00e3o, Ana Rita Marcelo Castro, a atual presidente do Conselho Estadual da Mulher, uma adepta das ideias do velho barbudo Karl Marx e do socialista Friedrich Engels, admiradora dos conceitos\" \/>\n<meta property=\"og:url\" content=\"https:\/\/renatodias.online\/movimento\/2021\/12\/04\/ana-rita-marcelo-castro-na-manifestacao\/\" \/>\n<meta property=\"article:publisher\" content=\"https:\/\/www.facebook.com\/renato.dias.37\" \/>\n<meta property=\"article:author\" content=\"https:\/\/www.facebook.com\/renato.dias.37\" \/>\n<meta property=\"article:published_time\" content=\"2021-12-04T14:16:10+00:00\" \/>\n<meta property=\"og:image\" content=\"https:\/\/renatodias.online\/movimento\/wp-content\/uploads\/2020\/09\/Ana-Rita-Marcelo-de-Castro-1-e1638627119237.jpg\" \/>\n\t<meta property=\"og:image:width\" content=\"320\" \/>\n\t<meta property=\"og:image:height\" content=\"480\" \/>\n\t<meta property=\"og:image:type\" content=\"image\/jpeg\" \/>\n<meta name=\"author\" content=\"Renato Dias\" \/>\n<meta name=\"twitter:card\" content=\"summary_large_image\" \/>\n<meta name=\"twitter:creator\" content=\"@RenatoDiasBat\" \/>\n<meta name=\"twitter:site\" content=\"@RenatoDiasBat\" \/>\n<meta name=\"twitter:label1\" content=\"Escrito por\" \/>\n\t<meta name=\"twitter:data1\" content=\"Renato Dias\" \/>\n\t<meta name=\"twitter:label2\" content=\"Est. tempo de leitura\" \/>\n\t<meta name=\"twitter:data2\" content=\"1 minuto\" \/>\n<script type=\"application\/ld+json\" class=\"yoast-schema-graph\">{\"@context\":\"https:\\\/\\\/schema.org\",\"@graph\":[{\"@type\":\"Article\",\"@id\":\"https:\\\/\\\/renatodias.online\\\/movimento\\\/2021\\\/12\\\/04\\\/ana-rita-marcelo-castro-na-manifestacao\\\/#article\",\"isPartOf\":{\"@id\":\"https:\\\/\\\/renatodias.online\\\/movimento\\\/2021\\\/12\\\/04\\\/ana-rita-marcelo-castro-na-manifestacao\\\/\"},\"author\":{\"name\":\"Renato Dias\",\"@id\":\"https:\\\/\\\/renatodias.online\\\/movimento\\\/#\\\/schema\\\/person\\\/bbab28833b1725a20f4083f49f1fb2a9\"},\"headline\":\"Ana Rita Marcelo Castro na manifesta\u00e7\u00e3o\",\"datePublished\":\"2021-12-04T14:16:10+00:00\",\"mainEntityOfPage\":{\"@id\":\"https:\\\/\\\/renatodias.online\\\/movimento\\\/2021\\\/12\\\/04\\\/ana-rita-marcelo-castro-na-manifestacao\\\/\"},\"wordCount\":182,\"commentCount\":0,\"publisher\":{\"@id\":\"https:\\\/\\\/renatodias.online\\\/movimento\\\/#\\\/schema\\\/person\\\/bbab28833b1725a20f4083f49f1fb2a9\"},\"image\":{\"@id\":\"https:\\\/\\\/renatodias.online\\\/movimento\\\/2021\\\/12\\\/04\\\/ana-rita-marcelo-castro-na-manifestacao\\\/#primaryimage\"},\"thumbnailUrl\":\"https:\\\/\\\/renatodias.online\\\/movimento\\\/wp-content\\\/uploads\\\/2020\\\/09\\\/Ana-Rita-Marcelo-de-Castro-1-e1638627119237.jpg\",\"articleSection\":[\"Nacional\"],\"inLanguage\":\"pt-BR\",\"potentialAction\":[{\"@type\":\"CommentAction\",\"name\":\"Comment\",\"target\":[\"https:\\\/\\\/renatodias.online\\\/movimento\\\/2021\\\/12\\\/04\\\/ana-rita-marcelo-castro-na-manifestacao\\\/#respond\"]}]},{\"@type\":\"WebPage\",\"@id\":\"https:\\\/\\\/renatodias.online\\\/movimento\\\/2021\\\/12\\\/04\\\/ana-rita-marcelo-castro-na-manifestacao\\\/\",\"url\":\"https:\\\/\\\/renatodias.online\\\/movimento\\\/2021\\\/12\\\/04\\\/ana-rita-marcelo-castro-na-manifestacao\\\/\",\"name\":\"Ana Rita Marcelo Castro na manifesta\u00e7\u00e3o -\",\"isPartOf\":{\"@id\":\"https:\\\/\\\/renatodias.online\\\/movimento\\\/#website\"},\"primaryImageOfPage\":{\"@id\":\"https:\\\/\\\/renatodias.online\\\/movimento\\\/2021\\\/12\\\/04\\\/ana-rita-marcelo-castro-na-manifestacao\\\/#primaryimage\"},\"image\":{\"@id\":\"https:\\\/\\\/renatodias.online\\\/movimento\\\/2021\\\/12\\\/04\\\/ana-rita-marcelo-castro-na-manifestacao\\\/#primaryimage\"},\"thumbnailUrl\":\"https:\\\/\\\/renatodias.online\\\/movimento\\\/wp-content\\\/uploads\\\/2020\\\/09\\\/Ana-Rita-Marcelo-de-Castro-1-e1638627119237.jpg\",\"datePublished\":\"2021-12-04T14:16:10+00:00\",\"breadcrumb\":{\"@id\":\"https:\\\/\\\/renatodias.online\\\/movimento\\\/2021\\\/12\\\/04\\\/ana-rita-marcelo-castro-na-manifestacao\\\/#breadcrumb\"},\"inLanguage\":\"pt-BR\",\"potentialAction\":[{\"@type\":\"ReadAction\",\"target\":[\"https:\\\/\\\/renatodias.online\\\/movimento\\\/2021\\\/12\\\/04\\\/ana-rita-marcelo-castro-na-manifestacao\\\/\"]}]},{\"@type\":\"ImageObject\",\"inLanguage\":\"pt-BR\",\"@id\":\"https:\\\/\\\/renatodias.online\\\/movimento\\\/2021\\\/12\\\/04\\\/ana-rita-marcelo-castro-na-manifestacao\\\/#primaryimage\",\"url\":\"https:\\\/\\\/renatodias.online\\\/movimento\\\/wp-content\\\/uploads\\\/2020\\\/09\\\/Ana-Rita-Marcelo-de-Castro-1-e1638627119237.jpg\",\"contentUrl\":\"https:\\\/\\\/renatodias.online\\\/movimento\\\/wp-content\\\/uploads\\\/2020\\\/09\\\/Ana-Rita-Marcelo-de-Castro-1-e1638627119237.jpg\",\"width\":320,\"height\":480,\"caption\":\"Ana Rita Marcelo de Castro\"},{\"@type\":\"BreadcrumbList\",\"@id\":\"https:\\\/\\\/renatodias.online\\\/movimento\\\/2021\\\/12\\\/04\\\/ana-rita-marcelo-castro-na-manifestacao\\\/#breadcrumb\",\"itemListElement\":[{\"@type\":\"ListItem\",\"position\":1,\"name\":\"In\u00edcio\",\"item\":\"https:\\\/\\\/renatodias.online\\\/movimento\\\/\"},{\"@type\":\"ListItem\",\"position\":2,\"name\":\"Ana Rita Marcelo Castro na manifesta\u00e7\u00e3o\"}]},{\"@type\":\"WebSite\",\"@id\":\"https:\\\/\\\/renatodias.online\\\/movimento\\\/#website\",\"url\":\"https:\\\/\\\/renatodias.online\\\/movimento\\\/\",\"name\":\"\",\"description\":\"\",\"publisher\":{\"@id\":\"https:\\\/\\\/renatodias.online\\\/movimento\\\/#\\\/schema\\\/person\\\/bbab28833b1725a20f4083f49f1fb2a9\"},\"potentialAction\":[{\"@type\":\"SearchAction\",\"target\":{\"@type\":\"EntryPoint\",\"urlTemplate\":\"https:\\\/\\\/renatodias.online\\\/movimento\\\/?s={search_term_string}\"},\"query-input\":{\"@type\":\"PropertyValueSpecification\",\"valueRequired\":true,\"valueName\":\"search_term_string\"}}],\"inLanguage\":\"pt-BR\"},{\"@type\":[\"Person\",\"Organization\"],\"@id\":\"https:\\\/\\\/renatodias.online\\\/movimento\\\/#\\\/schema\\\/person\\\/bbab28833b1725a20f4083f49f1fb2a9\",\"name\":\"Renato Dias\",\"image\":{\"@type\":\"ImageObject\",\"inLanguage\":\"pt-BR\",\"@id\":\"https:\\\/\\\/renatodias.online\\\/movimento\\\/wp-content\\\/uploads\\\/2023\\\/03\\\/cropped-cropped-cropped-logofinal.jpeg\",\"url\":\"https:\\\/\\\/renatodias.online\\\/movimento\\\/wp-content\\\/uploads\\\/2023\\\/03\\\/cropped-cropped-cropped-logofinal.jpeg\",\"contentUrl\":\"https:\\\/\\\/renatodias.online\\\/movimento\\\/wp-content\\\/uploads\\\/2023\\\/03\\\/cropped-cropped-cropped-logofinal.jpeg\",\"width\":1280,\"height\":219,\"caption\":\"Renato Dias\"},\"logo\":{\"@id\":\"https:\\\/\\\/renatodias.online\\\/movimento\\\/wp-content\\\/uploads\\\/2023\\\/03\\\/cropped-cropped-cropped-logofinal.jpeg\"},\"description\":\"Renato Dias, 58 anos, \u00e9 graduado em Jornalismo, formado em Ci\u00eancias Sociais, com p\u00f3s-gradua\u00e7\u00e3o em Pol\u00edticas P\u00fablicas, mestre em Direito e Rela\u00e7\u00f5es Internacionais, ex-aluno extraordin\u00e1rio do Doutorado em Psicologia Social, ex-estudante do Curso de Psican\u00e1lise do Centro de Estudos Psicanal\u00edticos do Estado de Goi\u00e1s, ministrado pelo m\u00e9dico psiquiatra e psicanalista Daniel Em\u00eddio de Souza. \u00c9 autor de 30 livros-reportagem, oito document\u00e1rios, ganhou 30 pr\u00eamios e \u00e9 torcedor apaixonado do maior do Centro-Oeste, o Vila Nova Futebol Clube. Casado com Meirilane Dias, \u00e9 pai de Juliana Dias, jornalista; Daniel Dias, economista; e Maria Rosa Dias, estudante antifascista, socialista e trotskista.\u00a0Com tr\u00eas pets: Porquinho [Bull Dog Franc\u00eas], Dalila [Basset Hound] e Geleia [Basset Hound]. Al\u00e9m do eterno gato Tutuquinho, que virou estrela.\",\"sameAs\":[\"https:\\\/\\\/www.facebook.com\\\/renato.dias.37\",\"#breve\",\"https:\\\/\\\/renatodias.tumblr.com\\\/\"],\"url\":\"https:\\\/\\\/renatodias.online\\\/movimento\\\/author\\\/renatodias\\\/\"}]}<\/script>\n<!-- \/ Yoast SEO plugin. -->","yoast_head_json":{"title":"Ana Rita Marcelo Castro na manifesta\u00e7\u00e3o -","robots":{"index":"index","follow":"follow","max-snippet":"max-snippet:-1","max-image-preview":"max-image-preview:large","max-video-preview":"max-video-preview:-1"},"canonical":"https:\/\/renatodias.online\/movimento\/2021\/12\/04\/ana-rita-marcelo-castro-na-manifestacao\/","og_locale":"pt_BR","og_type":"article","og_title":"Ana Rita Marcelo Castro na manifesta\u00e7\u00e3o -","og_description":"Ato contra Bolsonaro Presidente do Conem ataca Governo Federal Protesto ocorre, em Goi\u00e2nia, capital de Goi\u00e1s Renato Dias Graduado em Hist\u00f3ria, mestre em Ci\u00eancias da Religi\u00e3o, Ana Rita Marcelo Castro, a atual presidente do Conselho Estadual da Mulher, uma adepta das ideias do velho barbudo Karl Marx e do socialista Friedrich Engels, admiradora dos conceitos","og_url":"https:\/\/renatodias.online\/movimento\/2021\/12\/04\/ana-rita-marcelo-castro-na-manifestacao\/","article_publisher":"https:\/\/www.facebook.com\/renato.dias.37","article_author":"https:\/\/www.facebook.com\/renato.dias.37","article_published_time":"2021-12-04T14:16:10+00:00","og_image":[{"width":320,"height":480,"url":"https:\/\/renatodias.online\/movimento\/wp-content\/uploads\/2020\/09\/Ana-Rita-Marcelo-de-Castro-1-e1638627119237.jpg","type":"image\/jpeg"}],"author":"Renato Dias","twitter_card":"summary_large_image","twitter_creator":"@RenatoDiasBat","twitter_site":"@RenatoDiasBat","twitter_misc":{"Escrito por":"Renato Dias","Est. tempo de leitura":"1 minuto"},"schema":{"@context":"https:\/\/schema.org","@graph":[{"@type":"Article","@id":"https:\/\/renatodias.online\/movimento\/2021\/12\/04\/ana-rita-marcelo-castro-na-manifestacao\/#article","isPartOf":{"@id":"https:\/\/renatodias.online\/movimento\/2021\/12\/04\/ana-rita-marcelo-castro-na-manifestacao\/"},"author":{"name":"Renato Dias","@id":"https:\/\/renatodias.online\/movimento\/#\/schema\/person\/bbab28833b1725a20f4083f49f1fb2a9"},"headline":"Ana Rita Marcelo Castro na manifesta\u00e7\u00e3o","datePublished":"2021-12-04T14:16:10+00:00","mainEntityOfPage":{"@id":"https:\/\/renatodias.online\/movimento\/2021\/12\/04\/ana-rita-marcelo-castro-na-manifestacao\/"},"wordCount":182,"commentCount":0,"publisher":{"@id":"https:\/\/renatodias.online\/movimento\/#\/schema\/person\/bbab28833b1725a20f4083f49f1fb2a9"},"image":{"@id":"https:\/\/renatodias.online\/movimento\/2021\/12\/04\/ana-rita-marcelo-castro-na-manifestacao\/#primaryimage"},"thumbnailUrl":"https:\/\/renatodias.online\/movimento\/wp-content\/uploads\/2020\/09\/Ana-Rita-Marcelo-de-Castro-1-e1638627119237.jpg","articleSection":["Nacional"],"inLanguage":"pt-BR","potentialAction":[{"@type":"CommentAction","name":"Comment","target":["https:\/\/renatodias.online\/movimento\/2021\/12\/04\/ana-rita-marcelo-castro-na-manifestacao\/#respond"]}]},{"@type":"WebPage","@id":"https:\/\/renatodias.online\/movimento\/2021\/12\/04\/ana-rita-marcelo-castro-na-manifestacao\/","url":"https:\/\/renatodias.online\/movimento\/2021\/12\/04\/ana-rita-marcelo-castro-na-manifestacao\/","name":"Ana Rita Marcelo Castro na manifesta\u00e7\u00e3o -","isPartOf":{"@id":"https:\/\/renatodias.online\/movimento\/#website"},"primaryImageOfPage":{"@id":"https:\/\/renatodias.online\/movimento\/2021\/12\/04\/ana-rita-marcelo-castro-na-manifestacao\/#primaryimage"},"image":{"@id":"https:\/\/renatodias.online\/movimento\/2021\/12\/04\/ana-rita-marcelo-castro-na-manifestacao\/#primaryimage"},"thumbnailUrl":"https:\/\/renatodias.online\/movimento\/wp-content\/uploads\/2020\/09\/Ana-Rita-Marcelo-de-Castro-1-e1638627119237.jpg","datePublished":"2021-12-04T14:16:10+00:00","breadcrumb":{"@id":"https:\/\/renatodias.online\/movimento\/2021\/12\/04\/ana-rita-marcelo-castro-na-manifestacao\/#breadcrumb"},"inLanguage":"pt-BR","potentialAction":[{"@type":"ReadAction","target":["https:\/\/renatodias.online\/movimento\/2021\/12\/04\/ana-rita-marcelo-castro-na-manifestacao\/"]}]},{"@type":"ImageObject","inLanguage":"pt-BR","@id":"https:\/\/renatodias.online\/movimento\/2021\/12\/04\/ana-rita-marcelo-castro-na-manifestacao\/#primaryimage","url":"https:\/\/renatodias.online\/movimento\/wp-content\/uploads\/2020\/09\/Ana-Rita-Marcelo-de-Castro-1-e1638627119237.jpg","contentUrl":"https:\/\/renatodias.online\/movimento\/wp-content\/uploads\/2020\/09\/Ana-Rita-Marcelo-de-Castro-1-e1638627119237.jpg","width":320,"height":480,"caption":"Ana Rita Marcelo de Castro"},{"@type":"BreadcrumbList","@id":"https:\/\/renatodias.online\/movimento\/2021\/12\/04\/ana-rita-marcelo-castro-na-manifestacao\/#breadcrumb","itemListElement":[{"@type":"ListItem","position":1,"name":"In\u00edcio","item":"https:\/\/renatodias.online\/movimento\/"},{"@type":"ListItem","position":2,"name":"Ana Rita Marcelo Castro na manifesta\u00e7\u00e3o"}]},{"@type":"WebSite","@id":"https:\/\/renatodias.online\/movimento\/#website","url":"https:\/\/renatodias.online\/movimento\/","name":"","description":"","publisher":{"@id":"https:\/\/renatodias.online\/movimento\/#\/schema\/person\/bbab28833b1725a20f4083f49f1fb2a9"},"potentialAction":[{"@type":"SearchAction","target":{"@type":"EntryPoint","urlTemplate":"https:\/\/renatodias.online\/movimento\/?s={search_term_string}"},"query-input":{"@type":"PropertyValueSpecification","valueRequired":true,"valueName":"search_term_string"}}],"inLanguage":"pt-BR"},{"@type":["Person","Organization"],"@id":"https:\/\/renatodias.online\/movimento\/#\/schema\/person\/bbab28833b1725a20f4083f49f1fb2a9","name":"Renato Dias","image":{"@type":"ImageObject","inLanguage":"pt-BR","@id":"https:\/\/renatodias.online\/movimento\/wp-content\/uploads\/2023\/03\/cropped-cropped-cropped-logofinal.jpeg","url":"https:\/\/renatodias.online\/movimento\/wp-content\/uploads\/2023\/03\/cropped-cropped-cropped-logofinal.jpeg","contentUrl":"https:\/\/renatodias.online\/movimento\/wp-content\/uploads\/2023\/03\/cropped-cropped-cropped-logofinal.jpeg","width":1280,"height":219,"caption":"Renato Dias"},"logo":{"@id":"https:\/\/renatodias.online\/movimento\/wp-content\/uploads\/2023\/03\/cropped-cropped-cropped-logofinal.jpeg"},"description":"Renato Dias, 58 anos, \u00e9 graduado em Jornalismo, formado em Ci\u00eancias Sociais, com p\u00f3s-gradua\u00e7\u00e3o em Pol\u00edticas P\u00fablicas, mestre em Direito e Rela\u00e7\u00f5es Internacionais, ex-aluno extraordin\u00e1rio do Doutorado em Psicologia Social, ex-estudante do Curso de Psican\u00e1lise do Centro de Estudos Psicanal\u00edticos do Estado de Goi\u00e1s, ministrado pelo m\u00e9dico psiquiatra e psicanalista Daniel Em\u00eddio de Souza. \u00c9 autor de 30 livros-reportagem, oito document\u00e1rios, ganhou 30 pr\u00eamios e \u00e9 torcedor apaixonado do maior do Centro-Oeste, o Vila Nova Futebol Clube. Casado com Meirilane Dias, \u00e9 pai de Juliana Dias, jornalista; Daniel Dias, economista; e Maria Rosa Dias, estudante antifascista, socialista e trotskista.\u00a0Com tr\u00eas pets: Porquinho [Bull Dog Franc\u00eas], Dalila [Basset Hound] e Geleia [Basset Hound]. Al\u00e9m do eterno gato Tutuquinho, que virou estrela.","sameAs":["https:\/\/www.facebook.com\/renato.dias.37","#breve","https:\/\/renatodias.tumblr.com\/"],"url":"https:\/\/renatodias.online\/movimento\/author\/renatodias\/"}]}},"_links":{"self":[{"href":"https:\/\/renatodias.online\/movimento\/wp-json\/wp\/v2\/posts\/9998","targetHints":{"allow":["GET"]}}],"collection":[{"href":"https:\/\/renatodias.online\/movimento\/wp-json\/wp\/v2\/posts"}],"about":[{"href":"https:\/\/renatodias.online\/movimento\/wp-json\/wp\/v2\/types\/post"}],"author":[{"embeddable":true,"href":"https:\/\/renatodias.online\/movimento\/wp-json\/wp\/v2\/users\/2"}],"replies":[{"embeddable":true,"href":"https:\/\/renatodias.online\/movimento\/wp-json\/wp\/v2\/comments?post=9998"}],"version-history":[{"count":1,"href":"https:\/\/renatodias.online\/movimento\/wp-json\/wp\/v2\/posts\/9998\/revisions"}],"predecessor-version":[{"id":10000,"href":"https:\/\/renatodias.online\/movimento\/wp-json\/wp\/v2\/posts\/9998\/revisions\/10000"}],"wp:featuredmedia":[{"embeddable":true,"href":"https:\/\/renatodias.online\/movimento\/wp-json\/wp\/v2\/media\/4607"}],"wp:attachment":[{"href":"https:\/\/renatodias.online\/movimento\/wp-json\/wp\/v2\/media?parent=9998"}],"wp:term":[{"taxonomy":"category","embeddable":true,"href":"https:\/\/renatodias.online\/movimento\/wp-json\/wp\/v2\/categories?post=9998"},{"taxonomy":"post_tag","embeddable":true,"href":"https:\/\/renatodias.online\/movimento\/wp-json\/wp\/v2\/tags?post=9998"}],"curies":[{"name":"wp","href":"https:\/\/api.w.org\/{rel}","templated":true}]}}