{"id":9973,"date":"2021-12-03T07:33:58","date_gmt":"2021-12-03T10:33:58","guid":{"rendered":"https:\/\/renatodias.online\/movimento\/?p=9973"},"modified":"2021-12-03T07:33:58","modified_gmt":"2021-12-03T10:33:58","slug":"vila-nova-na-final-da-copa-verde","status":"publish","type":"post","link":"https:\/\/renatodias.online\/movimento\/2021\/12\/03\/vila-nova-na-final-da-copa-verde\/","title":{"rendered":"Vila Nova na final da Copa Verde"},"content":{"rendered":"<p><strong><img loading=\"lazy\" decoding=\"async\" class=\"alignnone size-full wp-image-5007\" src=\"https:\/\/renatodias.online\/movimento\/wp-content\/uploads\/2021\/01\/Alto-da-p\u00e1gina-Banner-Exclusivo.png\" alt=\"\" width=\"1224\" height=\"372\" \/><\/strong><\/p>\n<figure id=\"attachment_9720\" aria-describedby=\"caption-attachment-9720\" style=\"width: 754px\" class=\"wp-caption aligncenter\"><img loading=\"lazy\" decoding=\"async\" class=\"size-full wp-image-9720\" src=\"https:\/\/renatodias.online\/movimento\/wp-content\/uploads\/2021\/11\/Trofeu-da-Copa-Verde-em-disputa.jpg\" alt=\"\" width=\"754\" height=\"503\" srcset=\"https:\/\/renatodias.online\/movimento\/wp-content\/uploads\/2021\/11\/Trofeu-da-Copa-Verde-em-disputa.jpg 754w, https:\/\/renatodias.online\/movimento\/wp-content\/uploads\/2021\/11\/Trofeu-da-Copa-Verde-em-disputa-300x200.jpg 300w, https:\/\/renatodias.online\/movimento\/wp-content\/uploads\/2021\/11\/Trofeu-da-Copa-Verde-em-disputa-360x240.jpg 360w, https:\/\/renatodias.online\/movimento\/wp-content\/uploads\/2021\/11\/Trofeu-da-Copa-Verde-em-disputa-750x500.jpg 750w\" sizes=\"auto, (max-width: 754px) 100vw, 754px\" \/><figcaption id=\"caption-attachment-9720\" class=\"wp-caption-text\">Trof\u00e9u da Copa Verde em disputa<\/figcaption><\/figure>\n<h1 style=\"text-align: center;\"><span style=\"color: #0000ff;\"><strong>Advers\u00e1rio sai da disputa Remo X Paysandu<\/strong><\/span><\/h1>\n<p><img loading=\"lazy\" decoding=\"async\" class=\"size-full wp-image-9167\" src=\"https:\/\/renatodias.online\/movimento\/wp-content\/uploads\/2021\/09\/Logo-da-interrogacao.jpg\" alt=\"\" width=\"626\" height=\"700\" \/><\/p>\n<p>&nbsp;<\/p>\n<p style=\"text-align: center;\"><span style=\"color: #ff0000;\"><strong>Primeiro jogo da decis\u00e3o \u00e9 quarta-feira, dia 8, 19h30, em Goi\u00e2nia<\/strong><\/span><\/p>\n<figure id=\"attachment_5806\" aria-describedby=\"caption-attachment-5806\" style=\"width: 2048px\" class=\"wp-caption alignnone\"><img loading=\"lazy\" decoding=\"async\" class=\"size-full wp-image-5806\" src=\"https:\/\/renatodias.online\/movimento\/wp-content\/uploads\/2021\/04\/A-torcida-do-Vila-Nova.jpg\" alt=\"Torcida do \u00a0Vila Nova Futebol Clube, a maior do Centro-Oeste\" width=\"2048\" height=\"1152\" srcset=\"https:\/\/renatodias.online\/movimento\/wp-content\/uploads\/2021\/04\/A-torcida-do-Vila-Nova.jpg 2048w, https:\/\/renatodias.online\/movimento\/wp-content\/uploads\/2021\/04\/A-torcida-do-Vila-Nova-300x169.jpg 300w, https:\/\/renatodias.online\/movimento\/wp-content\/uploads\/2021\/04\/A-torcida-do-Vila-Nova-1024x576.jpg 1024w, https:\/\/renatodias.online\/movimento\/wp-content\/uploads\/2021\/04\/A-torcida-do-Vila-Nova-768x432.jpg 768w, https:\/\/renatodias.online\/movimento\/wp-content\/uploads\/2021\/04\/A-torcida-do-Vila-Nova-1536x864.jpg 1536w, https:\/\/renatodias.online\/movimento\/wp-content\/uploads\/2021\/04\/A-torcida-do-Vila-Nova-750x422.jpg 750w\" sizes=\"auto, (max-width: 2048px) 100vw, 2048px\" \/><figcaption id=\"caption-attachment-5806\" class=\"wp-caption-text\"><strong>Torcida do \u00a0Vila Nova Futebol Clube, a maior do Centro-Oeste<\/strong><\/figcaption><\/figure>\n<h1 style=\"text-align: center;\"><span style=\"color: #ff0000;\"><strong>Tigr\u00e3o luta por conquista in\u00e9dita<\/strong><\/span><\/h1>\n<p><img loading=\"lazy\" decoding=\"async\" class=\"size-full wp-image-9975 aligncenter\" src=\"https:\/\/renatodias.online\/movimento\/wp-content\/uploads\/2021\/12\/Tigrao-Vila-Nova.jpg\" alt=\"\" width=\"225\" height=\"225\" srcset=\"https:\/\/renatodias.online\/movimento\/wp-content\/uploads\/2021\/12\/Tigrao-Vila-Nova.jpg 225w, https:\/\/renatodias.online\/movimento\/wp-content\/uploads\/2021\/12\/Tigrao-Vila-Nova-150x150.jpg 150w\" sizes=\"auto, (max-width: 225px) 100vw, 225px\" \/><\/p>\n<p style=\"text-align: center;\">\n<p><strong>Renato Dias<\/strong><\/p>\n<p>Com 4 X 1 no placar agregado, o Vila Nova Futebol Clube, invicto, \u00e9 finalista da Copa Verde. \u00c9 a oitava edi\u00e7\u00e3o da competi\u00e7\u00e3o regional organizada pela CBF. A Confedera\u00e7\u00e3o Brasileira de Futebol. Com clubes das regi\u00f5es Centro-Oeste e Norte do Brasil, al\u00e9m do Estado do Esp\u00edrito Santo. O primeiro time de Goi\u00e1s a obter a vaga. O advers\u00e1rio ser\u00e1 Remo ou Paysandu, que se enfrentam no s\u00e1bado.<\/p>\n<p>&nbsp;<\/p>\n<figure id=\"attachment_8110\" aria-describedby=\"caption-attachment-8110\" style=\"width: 1123px\" class=\"wp-caption alignnone\"><img loading=\"lazy\" decoding=\"async\" class=\"size-full wp-image-8110\" src=\"https:\/\/renatodias.online\/movimento\/wp-content\/uploads\/2021\/07\/Hugo-Jorge-Bravo-Principal.jpeg\" alt=\"\" width=\"1123\" height=\"750\" \/><figcaption id=\"caption-attachment-8110\" class=\"wp-caption-text\"><strong>Hugo Jorge Bravo, presidente do Vila Nova Futebol Clube<\/strong><\/figcaption><\/figure>\n<p>A decis\u00e3o para definir quem fica com o trof\u00e9u ocorrer\u00e1 em duas partidas. De ida e volta. A primeira j\u00e1 na pr\u00f3xima quarta-feira, 8 de dezembro de 2021, \u00e0s 19h30. Em Goi\u00e2nia. Est\u00e1dio On\u00e9sio Brasileiro Alvarenga. Com a disponibilidade de 9 mil ingressos. O presidente do Vila Nova, Hugo Jorge Bravo, quer esgotar os bilhetes. Para empurrar a equipe. A segunda \u00e9 s\u00e1bado, 11, 17h, Bel\u00e9m.<\/p>\n<figure id=\"attachment_9976\" aria-describedby=\"caption-attachment-9976\" style=\"width: 1080px\" class=\"wp-caption alignnone\"><img loading=\"lazy\" decoding=\"async\" class=\"size-full wp-image-9976\" src=\"https:\/\/renatodias.online\/movimento\/wp-content\/uploads\/2021\/12\/Clayton-atcante-do-Vila-Nova.jpg\" alt=\"\" width=\"1080\" height=\"792\" srcset=\"https:\/\/renatodias.online\/movimento\/wp-content\/uploads\/2021\/12\/Clayton-atcante-do-Vila-Nova.jpg 1080w, https:\/\/renatodias.online\/movimento\/wp-content\/uploads\/2021\/12\/Clayton-atcante-do-Vila-Nova-300x220.jpg 300w, https:\/\/renatodias.online\/movimento\/wp-content\/uploads\/2021\/12\/Clayton-atcante-do-Vila-Nova-768x563.jpg 768w, https:\/\/renatodias.online\/movimento\/wp-content\/uploads\/2021\/12\/Clayton-atcante-do-Vila-Nova-750x550.jpg 750w\" sizes=\"auto, (max-width: 1080px) 100vw, 1080px\" \/><figcaption id=\"caption-attachment-9976\" class=\"wp-caption-text\"><strong>Clayton &#8211; atacante do Vila Nova: matador<\/strong><\/figcaption><\/figure>\n<h1><span style=\"color: #ff0000;\"><strong>Lutar at\u00e9 o final<\/strong><\/span><\/h1>\n<p>O Tigr\u00e3o manter\u00e1 a base titular para a final. O treinador colorado deve escalar Georgemy; Andr\u00e9 Krobel, Rafael Donato, Renato Silveira e Bruno Cola\u00e7o; Pedro Bambu, Moacir e Tiago Real; Diego Tavares, Clayton e Alesson. \u00c9 a quarta decis\u00e3o do ano. A primeira, tricampe\u00e3o brasileiro da S\u00e9rie C. A segunda, vice-campe\u00e3o brasileiro de Aspirantes Sub-23. A terceira, vice-campe\u00e3o estadual de 2021.<\/p>\n<figure id=\"attachment_6639\" aria-describedby=\"caption-attachment-6639\" style=\"width: 1080px\" class=\"wp-caption alignnone\"><img loading=\"lazy\" decoding=\"async\" class=\"size-full wp-image-6639\" src=\"https:\/\/renatodias.online\/movimento\/wp-content\/uploads\/2021\/05\/Georgemy.png\" alt=\"\" width=\"1080\" height=\"826\" srcset=\"https:\/\/renatodias.online\/movimento\/wp-content\/uploads\/2021\/05\/Georgemy.png 1080w, https:\/\/renatodias.online\/movimento\/wp-content\/uploads\/2021\/05\/Georgemy-300x229.png 300w, https:\/\/renatodias.online\/movimento\/wp-content\/uploads\/2021\/05\/Georgemy-768x587.png 768w, https:\/\/renatodias.online\/movimento\/wp-content\/uploads\/2021\/05\/Georgemy-750x574.png 750w\" sizes=\"auto, (max-width: 1080px) 100vw, 1080px\" \/><figcaption id=\"caption-attachment-6639\" class=\"wp-caption-text\"><strong>Georgemy, goleiro do Vila Nova <br \/><\/strong><\/figcaption><\/figure>\n","protected":false},"excerpt":{"rendered":"<p>Advers\u00e1rio sai da disputa Remo X Paysandu &nbsp; Primeiro jogo da decis\u00e3o \u00e9 quarta-feira, dia 8, 19h30, em Goi\u00e2nia Tigr\u00e3o luta por conquista in\u00e9dita Renato Dias Com 4 X 1 no placar agregado, o Vila Nova Futebol Clube, invicto, \u00e9 finalista da Copa Verde. \u00c9 a oitava edi\u00e7\u00e3o da competi\u00e7\u00e3o regional organizada pela CBF. A<\/p>\n","protected":false},"author":2,"featured_media":9977,"comment_status":"open","ping_status":"open","sticky":false,"template":"","format":"standard","meta":{"_acf_changed":false,"_monsterinsights_skip_tracking":false,"_monsterinsights_sitenote_active":false,"_monsterinsights_sitenote_note":"","_monsterinsights_sitenote_category":0,"footnotes":""},"categories":[33],"tags":[],"class_list":["post-9973","post","type-post","status-publish","format-standard","has-post-thumbnail","hentry","category-esporte"],"acf":[],"yoast_head":"<!-- This site is optimized with the Yoast SEO plugin v27.4 - https:\/\/yoast.com\/product\/yoast-seo-wordpress\/ -->\n<title>Vila Nova na final da Copa Verde -<\/title>\n<meta name=\"robots\" content=\"index, follow, max-snippet:-1, max-image-preview:large, max-video-preview:-1\" \/>\n<link rel=\"canonical\" href=\"https:\/\/renatodias.online\/movimento\/2021\/12\/03\/vila-nova-na-final-da-copa-verde\/\" \/>\n<meta property=\"og:locale\" content=\"pt_BR\" \/>\n<meta property=\"og:type\" content=\"article\" \/>\n<meta property=\"og:title\" content=\"Vila Nova na final da Copa Verde -\" \/>\n<meta property=\"og:description\" content=\"Advers\u00e1rio sai da disputa Remo X Paysandu &nbsp; Primeiro jogo da decis\u00e3o \u00e9 quarta-feira, dia 8, 19h30, em Goi\u00e2nia Tigr\u00e3o luta por conquista in\u00e9dita Renato Dias Com 4 X 1 no placar agregado, o Vila Nova Futebol Clube, invicto, \u00e9 finalista da Copa Verde. \u00c9 a oitava edi\u00e7\u00e3o da competi\u00e7\u00e3o regional organizada pela CBF. A\" \/>\n<meta property=\"og:url\" content=\"https:\/\/renatodias.online\/movimento\/2021\/12\/03\/vila-nova-na-final-da-copa-verde\/\" \/>\n<meta property=\"article:publisher\" content=\"https:\/\/www.facebook.com\/renato.dias.37\" \/>\n<meta property=\"article:author\" content=\"https:\/\/www.facebook.com\/renato.dias.37\" \/>\n<meta property=\"article:published_time\" content=\"2021-12-03T10:33:58+00:00\" \/>\n<meta property=\"og:image\" content=\"https:\/\/renatodias.online\/movimento\/wp-content\/uploads\/2021\/12\/Vila-Nova-na-final-da-Copa-Verde-e1638527630433.jpg\" \/>\n\t<meta property=\"og:image:width\" content=\"320\" \/>\n\t<meta property=\"og:image:height\" content=\"377\" \/>\n\t<meta property=\"og:image:type\" content=\"image\/jpeg\" \/>\n<meta name=\"author\" content=\"Renato Dias\" \/>\n<meta name=\"twitter:card\" content=\"summary_large_image\" \/>\n<meta name=\"twitter:creator\" content=\"@RenatoDiasBat\" \/>\n<meta name=\"twitter:site\" content=\"@RenatoDiasBat\" \/>\n<meta name=\"twitter:label1\" content=\"Escrito por\" \/>\n\t<meta name=\"twitter:data1\" content=\"Renato Dias\" \/>\n\t<meta name=\"twitter:label2\" content=\"Est. tempo de leitura\" \/>\n\t<meta name=\"twitter:data2\" content=\"2 minutos\" \/>\n<script type=\"application\/ld+json\" class=\"yoast-schema-graph\">{\"@context\":\"https:\\\/\\\/schema.org\",\"@graph\":[{\"@type\":\"Article\",\"@id\":\"https:\\\/\\\/renatodias.online\\\/movimento\\\/2021\\\/12\\\/03\\\/vila-nova-na-final-da-copa-verde\\\/#article\",\"isPartOf\":{\"@id\":\"https:\\\/\\\/renatodias.online\\\/movimento\\\/2021\\\/12\\\/03\\\/vila-nova-na-final-da-copa-verde\\\/\"},\"author\":{\"name\":\"Renato Dias\",\"@id\":\"https:\\\/\\\/renatodias.online\\\/movimento\\\/#\\\/schema\\\/person\\\/bbab28833b1725a20f4083f49f1fb2a9\"},\"headline\":\"Vila Nova na final da Copa Verde\",\"datePublished\":\"2021-12-03T10:33:58+00:00\",\"mainEntityOfPage\":{\"@id\":\"https:\\\/\\\/renatodias.online\\\/movimento\\\/2021\\\/12\\\/03\\\/vila-nova-na-final-da-copa-verde\\\/\"},\"wordCount\":322,\"commentCount\":0,\"publisher\":{\"@id\":\"https:\\\/\\\/renatodias.online\\\/movimento\\\/#\\\/schema\\\/person\\\/bbab28833b1725a20f4083f49f1fb2a9\"},\"image\":{\"@id\":\"https:\\\/\\\/renatodias.online\\\/movimento\\\/2021\\\/12\\\/03\\\/vila-nova-na-final-da-copa-verde\\\/#primaryimage\"},\"thumbnailUrl\":\"https:\\\/\\\/renatodias.online\\\/movimento\\\/wp-content\\\/uploads\\\/2021\\\/12\\\/Vila-Nova-na-final-da-Copa-Verde-e1638527630433.jpg\",\"articleSection\":[\"Esporte\"],\"inLanguage\":\"pt-BR\",\"potentialAction\":[{\"@type\":\"CommentAction\",\"name\":\"Comment\",\"target\":[\"https:\\\/\\\/renatodias.online\\\/movimento\\\/2021\\\/12\\\/03\\\/vila-nova-na-final-da-copa-verde\\\/#respond\"]}]},{\"@type\":\"WebPage\",\"@id\":\"https:\\\/\\\/renatodias.online\\\/movimento\\\/2021\\\/12\\\/03\\\/vila-nova-na-final-da-copa-verde\\\/\",\"url\":\"https:\\\/\\\/renatodias.online\\\/movimento\\\/2021\\\/12\\\/03\\\/vila-nova-na-final-da-copa-verde\\\/\",\"name\":\"Vila Nova na final da Copa Verde -\",\"isPartOf\":{\"@id\":\"https:\\\/\\\/renatodias.online\\\/movimento\\\/#website\"},\"primaryImageOfPage\":{\"@id\":\"https:\\\/\\\/renatodias.online\\\/movimento\\\/2021\\\/12\\\/03\\\/vila-nova-na-final-da-copa-verde\\\/#primaryimage\"},\"image\":{\"@id\":\"https:\\\/\\\/renatodias.online\\\/movimento\\\/2021\\\/12\\\/03\\\/vila-nova-na-final-da-copa-verde\\\/#primaryimage\"},\"thumbnailUrl\":\"https:\\\/\\\/renatodias.online\\\/movimento\\\/wp-content\\\/uploads\\\/2021\\\/12\\\/Vila-Nova-na-final-da-Copa-Verde-e1638527630433.jpg\",\"datePublished\":\"2021-12-03T10:33:58+00:00\",\"breadcrumb\":{\"@id\":\"https:\\\/\\\/renatodias.online\\\/movimento\\\/2021\\\/12\\\/03\\\/vila-nova-na-final-da-copa-verde\\\/#breadcrumb\"},\"inLanguage\":\"pt-BR\",\"potentialAction\":[{\"@type\":\"ReadAction\",\"target\":[\"https:\\\/\\\/renatodias.online\\\/movimento\\\/2021\\\/12\\\/03\\\/vila-nova-na-final-da-copa-verde\\\/\"]}]},{\"@type\":\"ImageObject\",\"inLanguage\":\"pt-BR\",\"@id\":\"https:\\\/\\\/renatodias.online\\\/movimento\\\/2021\\\/12\\\/03\\\/vila-nova-na-final-da-copa-verde\\\/#primaryimage\",\"url\":\"https:\\\/\\\/renatodias.online\\\/movimento\\\/wp-content\\\/uploads\\\/2021\\\/12\\\/Vila-Nova-na-final-da-Copa-Verde-e1638527630433.jpg\",\"contentUrl\":\"https:\\\/\\\/renatodias.online\\\/movimento\\\/wp-content\\\/uploads\\\/2021\\\/12\\\/Vila-Nova-na-final-da-Copa-Verde-e1638527630433.jpg\",\"width\":320,\"height\":377},{\"@type\":\"BreadcrumbList\",\"@id\":\"https:\\\/\\\/renatodias.online\\\/movimento\\\/2021\\\/12\\\/03\\\/vila-nova-na-final-da-copa-verde\\\/#breadcrumb\",\"itemListElement\":[{\"@type\":\"ListItem\",\"position\":1,\"name\":\"In\u00edcio\",\"item\":\"https:\\\/\\\/renatodias.online\\\/movimento\\\/\"},{\"@type\":\"ListItem\",\"position\":2,\"name\":\"Vila Nova na final da Copa Verde\"}]},{\"@type\":\"WebSite\",\"@id\":\"https:\\\/\\\/renatodias.online\\\/movimento\\\/#website\",\"url\":\"https:\\\/\\\/renatodias.online\\\/movimento\\\/\",\"name\":\"\",\"description\":\"\",\"publisher\":{\"@id\":\"https:\\\/\\\/renatodias.online\\\/movimento\\\/#\\\/schema\\\/person\\\/bbab28833b1725a20f4083f49f1fb2a9\"},\"potentialAction\":[{\"@type\":\"SearchAction\",\"target\":{\"@type\":\"EntryPoint\",\"urlTemplate\":\"https:\\\/\\\/renatodias.online\\\/movimento\\\/?s={search_term_string}\"},\"query-input\":{\"@type\":\"PropertyValueSpecification\",\"valueRequired\":true,\"valueName\":\"search_term_string\"}}],\"inLanguage\":\"pt-BR\"},{\"@type\":[\"Person\",\"Organization\"],\"@id\":\"https:\\\/\\\/renatodias.online\\\/movimento\\\/#\\\/schema\\\/person\\\/bbab28833b1725a20f4083f49f1fb2a9\",\"name\":\"Renato Dias\",\"image\":{\"@type\":\"ImageObject\",\"inLanguage\":\"pt-BR\",\"@id\":\"https:\\\/\\\/renatodias.online\\\/movimento\\\/wp-content\\\/uploads\\\/2023\\\/03\\\/cropped-cropped-cropped-logofinal.jpeg\",\"url\":\"https:\\\/\\\/renatodias.online\\\/movimento\\\/wp-content\\\/uploads\\\/2023\\\/03\\\/cropped-cropped-cropped-logofinal.jpeg\",\"contentUrl\":\"https:\\\/\\\/renatodias.online\\\/movimento\\\/wp-content\\\/uploads\\\/2023\\\/03\\\/cropped-cropped-cropped-logofinal.jpeg\",\"width\":1280,\"height\":219,\"caption\":\"Renato Dias\"},\"logo\":{\"@id\":\"https:\\\/\\\/renatodias.online\\\/movimento\\\/wp-content\\\/uploads\\\/2023\\\/03\\\/cropped-cropped-cropped-logofinal.jpeg\"},\"description\":\"Renato Dias, 58 anos, \u00e9 graduado em Jornalismo, formado em Ci\u00eancias Sociais, com p\u00f3s-gradua\u00e7\u00e3o em Pol\u00edticas P\u00fablicas, mestre em Direito e Rela\u00e7\u00f5es Internacionais, ex-aluno extraordin\u00e1rio do Doutorado em Psicologia Social, ex-estudante do Curso de Psican\u00e1lise do Centro de Estudos Psicanal\u00edticos do Estado de Goi\u00e1s, ministrado pelo m\u00e9dico psiquiatra e psicanalista Daniel Em\u00eddio de Souza. \u00c9 autor de 30 livros-reportagem, oito document\u00e1rios, ganhou 30 pr\u00eamios e \u00e9 torcedor apaixonado do maior do Centro-Oeste, o Vila Nova Futebol Clube. Casado com Meirilane Dias, \u00e9 pai de Juliana Dias, jornalista; Daniel Dias, economista; e Maria Rosa Dias, estudante antifascista, socialista e trotskista.\u00a0Com tr\u00eas pets: Porquinho [Bull Dog Franc\u00eas], Dalila [Basset Hound] e Geleia [Basset Hound]. Al\u00e9m do eterno gato Tutuquinho, que virou estrela.\",\"sameAs\":[\"https:\\\/\\\/www.facebook.com\\\/renato.dias.37\",\"#breve\",\"https:\\\/\\\/renatodias.tumblr.com\\\/\"],\"url\":\"https:\\\/\\\/renatodias.online\\\/movimento\\\/author\\\/renatodias\\\/\"}]}<\/script>\n<!-- \/ Yoast SEO plugin. -->","yoast_head_json":{"title":"Vila Nova na final da Copa Verde -","robots":{"index":"index","follow":"follow","max-snippet":"max-snippet:-1","max-image-preview":"max-image-preview:large","max-video-preview":"max-video-preview:-1"},"canonical":"https:\/\/renatodias.online\/movimento\/2021\/12\/03\/vila-nova-na-final-da-copa-verde\/","og_locale":"pt_BR","og_type":"article","og_title":"Vila Nova na final da Copa Verde -","og_description":"Advers\u00e1rio sai da disputa Remo X Paysandu &nbsp; Primeiro jogo da decis\u00e3o \u00e9 quarta-feira, dia 8, 19h30, em Goi\u00e2nia Tigr\u00e3o luta por conquista in\u00e9dita Renato Dias Com 4 X 1 no placar agregado, o Vila Nova Futebol Clube, invicto, \u00e9 finalista da Copa Verde. \u00c9 a oitava edi\u00e7\u00e3o da competi\u00e7\u00e3o regional organizada pela CBF. A","og_url":"https:\/\/renatodias.online\/movimento\/2021\/12\/03\/vila-nova-na-final-da-copa-verde\/","article_publisher":"https:\/\/www.facebook.com\/renato.dias.37","article_author":"https:\/\/www.facebook.com\/renato.dias.37","article_published_time":"2021-12-03T10:33:58+00:00","og_image":[{"width":320,"height":377,"url":"https:\/\/renatodias.online\/movimento\/wp-content\/uploads\/2021\/12\/Vila-Nova-na-final-da-Copa-Verde-e1638527630433.jpg","type":"image\/jpeg"}],"author":"Renato Dias","twitter_card":"summary_large_image","twitter_creator":"@RenatoDiasBat","twitter_site":"@RenatoDiasBat","twitter_misc":{"Escrito por":"Renato Dias","Est. tempo de leitura":"2 minutos"},"schema":{"@context":"https:\/\/schema.org","@graph":[{"@type":"Article","@id":"https:\/\/renatodias.online\/movimento\/2021\/12\/03\/vila-nova-na-final-da-copa-verde\/#article","isPartOf":{"@id":"https:\/\/renatodias.online\/movimento\/2021\/12\/03\/vila-nova-na-final-da-copa-verde\/"},"author":{"name":"Renato Dias","@id":"https:\/\/renatodias.online\/movimento\/#\/schema\/person\/bbab28833b1725a20f4083f49f1fb2a9"},"headline":"Vila Nova na final da Copa Verde","datePublished":"2021-12-03T10:33:58+00:00","mainEntityOfPage":{"@id":"https:\/\/renatodias.online\/movimento\/2021\/12\/03\/vila-nova-na-final-da-copa-verde\/"},"wordCount":322,"commentCount":0,"publisher":{"@id":"https:\/\/renatodias.online\/movimento\/#\/schema\/person\/bbab28833b1725a20f4083f49f1fb2a9"},"image":{"@id":"https:\/\/renatodias.online\/movimento\/2021\/12\/03\/vila-nova-na-final-da-copa-verde\/#primaryimage"},"thumbnailUrl":"https:\/\/renatodias.online\/movimento\/wp-content\/uploads\/2021\/12\/Vila-Nova-na-final-da-Copa-Verde-e1638527630433.jpg","articleSection":["Esporte"],"inLanguage":"pt-BR","potentialAction":[{"@type":"CommentAction","name":"Comment","target":["https:\/\/renatodias.online\/movimento\/2021\/12\/03\/vila-nova-na-final-da-copa-verde\/#respond"]}]},{"@type":"WebPage","@id":"https:\/\/renatodias.online\/movimento\/2021\/12\/03\/vila-nova-na-final-da-copa-verde\/","url":"https:\/\/renatodias.online\/movimento\/2021\/12\/03\/vila-nova-na-final-da-copa-verde\/","name":"Vila Nova na final da Copa Verde -","isPartOf":{"@id":"https:\/\/renatodias.online\/movimento\/#website"},"primaryImageOfPage":{"@id":"https:\/\/renatodias.online\/movimento\/2021\/12\/03\/vila-nova-na-final-da-copa-verde\/#primaryimage"},"image":{"@id":"https:\/\/renatodias.online\/movimento\/2021\/12\/03\/vila-nova-na-final-da-copa-verde\/#primaryimage"},"thumbnailUrl":"https:\/\/renatodias.online\/movimento\/wp-content\/uploads\/2021\/12\/Vila-Nova-na-final-da-Copa-Verde-e1638527630433.jpg","datePublished":"2021-12-03T10:33:58+00:00","breadcrumb":{"@id":"https:\/\/renatodias.online\/movimento\/2021\/12\/03\/vila-nova-na-final-da-copa-verde\/#breadcrumb"},"inLanguage":"pt-BR","potentialAction":[{"@type":"ReadAction","target":["https:\/\/renatodias.online\/movimento\/2021\/12\/03\/vila-nova-na-final-da-copa-verde\/"]}]},{"@type":"ImageObject","inLanguage":"pt-BR","@id":"https:\/\/renatodias.online\/movimento\/2021\/12\/03\/vila-nova-na-final-da-copa-verde\/#primaryimage","url":"https:\/\/renatodias.online\/movimento\/wp-content\/uploads\/2021\/12\/Vila-Nova-na-final-da-Copa-Verde-e1638527630433.jpg","contentUrl":"https:\/\/renatodias.online\/movimento\/wp-content\/uploads\/2021\/12\/Vila-Nova-na-final-da-Copa-Verde-e1638527630433.jpg","width":320,"height":377},{"@type":"BreadcrumbList","@id":"https:\/\/renatodias.online\/movimento\/2021\/12\/03\/vila-nova-na-final-da-copa-verde\/#breadcrumb","itemListElement":[{"@type":"ListItem","position":1,"name":"In\u00edcio","item":"https:\/\/renatodias.online\/movimento\/"},{"@type":"ListItem","position":2,"name":"Vila Nova na final da Copa Verde"}]},{"@type":"WebSite","@id":"https:\/\/renatodias.online\/movimento\/#website","url":"https:\/\/renatodias.online\/movimento\/","name":"","description":"","publisher":{"@id":"https:\/\/renatodias.online\/movimento\/#\/schema\/person\/bbab28833b1725a20f4083f49f1fb2a9"},"potentialAction":[{"@type":"SearchAction","target":{"@type":"EntryPoint","urlTemplate":"https:\/\/renatodias.online\/movimento\/?s={search_term_string}"},"query-input":{"@type":"PropertyValueSpecification","valueRequired":true,"valueName":"search_term_string"}}],"inLanguage":"pt-BR"},{"@type":["Person","Organization"],"@id":"https:\/\/renatodias.online\/movimento\/#\/schema\/person\/bbab28833b1725a20f4083f49f1fb2a9","name":"Renato Dias","image":{"@type":"ImageObject","inLanguage":"pt-BR","@id":"https:\/\/renatodias.online\/movimento\/wp-content\/uploads\/2023\/03\/cropped-cropped-cropped-logofinal.jpeg","url":"https:\/\/renatodias.online\/movimento\/wp-content\/uploads\/2023\/03\/cropped-cropped-cropped-logofinal.jpeg","contentUrl":"https:\/\/renatodias.online\/movimento\/wp-content\/uploads\/2023\/03\/cropped-cropped-cropped-logofinal.jpeg","width":1280,"height":219,"caption":"Renato Dias"},"logo":{"@id":"https:\/\/renatodias.online\/movimento\/wp-content\/uploads\/2023\/03\/cropped-cropped-cropped-logofinal.jpeg"},"description":"Renato Dias, 58 anos, \u00e9 graduado em Jornalismo, formado em Ci\u00eancias Sociais, com p\u00f3s-gradua\u00e7\u00e3o em Pol\u00edticas P\u00fablicas, mestre em Direito e Rela\u00e7\u00f5es Internacionais, ex-aluno extraordin\u00e1rio do Doutorado em Psicologia Social, ex-estudante do Curso de Psican\u00e1lise do Centro de Estudos Psicanal\u00edticos do Estado de Goi\u00e1s, ministrado pelo m\u00e9dico psiquiatra e psicanalista Daniel Em\u00eddio de Souza. \u00c9 autor de 30 livros-reportagem, oito document\u00e1rios, ganhou 30 pr\u00eamios e \u00e9 torcedor apaixonado do maior do Centro-Oeste, o Vila Nova Futebol Clube. Casado com Meirilane Dias, \u00e9 pai de Juliana Dias, jornalista; Daniel Dias, economista; e Maria Rosa Dias, estudante antifascista, socialista e trotskista.\u00a0Com tr\u00eas pets: Porquinho [Bull Dog Franc\u00eas], Dalila [Basset Hound] e Geleia [Basset Hound]. Al\u00e9m do eterno gato Tutuquinho, que virou estrela.","sameAs":["https:\/\/www.facebook.com\/renato.dias.37","#breve","https:\/\/renatodias.tumblr.com\/"],"url":"https:\/\/renatodias.online\/movimento\/author\/renatodias\/"}]}},"_links":{"self":[{"href":"https:\/\/renatodias.online\/movimento\/wp-json\/wp\/v2\/posts\/9973","targetHints":{"allow":["GET"]}}],"collection":[{"href":"https:\/\/renatodias.online\/movimento\/wp-json\/wp\/v2\/posts"}],"about":[{"href":"https:\/\/renatodias.online\/movimento\/wp-json\/wp\/v2\/types\/post"}],"author":[{"embeddable":true,"href":"https:\/\/renatodias.online\/movimento\/wp-json\/wp\/v2\/users\/2"}],"replies":[{"embeddable":true,"href":"https:\/\/renatodias.online\/movimento\/wp-json\/wp\/v2\/comments?post=9973"}],"version-history":[{"count":1,"href":"https:\/\/renatodias.online\/movimento\/wp-json\/wp\/v2\/posts\/9973\/revisions"}],"predecessor-version":[{"id":9978,"href":"https:\/\/renatodias.online\/movimento\/wp-json\/wp\/v2\/posts\/9973\/revisions\/9978"}],"wp:featuredmedia":[{"embeddable":true,"href":"https:\/\/renatodias.online\/movimento\/wp-json\/wp\/v2\/media\/9977"}],"wp:attachment":[{"href":"https:\/\/renatodias.online\/movimento\/wp-json\/wp\/v2\/media?parent=9973"}],"wp:term":[{"taxonomy":"category","embeddable":true,"href":"https:\/\/renatodias.online\/movimento\/wp-json\/wp\/v2\/categories?post=9973"},{"taxonomy":"post_tag","embeddable":true,"href":"https:\/\/renatodias.online\/movimento\/wp-json\/wp\/v2\/tags?post=9973"}],"curies":[{"name":"wp","href":"https:\/\/api.w.org\/{rel}","templated":true}]}}