{"id":9971,"date":"2021-12-03T07:12:30","date_gmt":"2021-12-03T10:12:30","guid":{"rendered":"https:\/\/renatodias.online\/movimento\/?p=9971"},"modified":"2021-12-03T07:12:30","modified_gmt":"2021-12-03T10:12:30","slug":"carlos-eugenio-sarmento-presente","status":"publish","type":"post","link":"https:\/\/renatodias.online\/movimento\/2021\/12\/03\/carlos-eugenio-sarmento-presente\/","title":{"rendered":"Carlos Eug\u00eanio Sarmento, presente!"},"content":{"rendered":"<p><img loading=\"lazy\" decoding=\"async\" class=\"alignnone size-full wp-image-5007\" src=\"https:\/\/renatodias.online\/movimento\/wp-content\/uploads\/2021\/01\/Alto-da-p\u00e1gina-Banner-Exclusivo.png\" alt=\"\" width=\"1224\" height=\"372\" \/><\/p>\n<h1 style=\"text-align: center;\">Carlos Eug\u00eanio Sarmento, presente!<\/h1>\n<figure id=\"attachment_7591\" aria-describedby=\"caption-attachment-7591\" style=\"width: 1936px\" class=\"wp-caption alignnone\"><img loading=\"lazy\" decoding=\"async\" class=\"size-full wp-image-7591\" src=\"https:\/\/renatodias.online\/movimento\/wp-content\/uploads\/2021\/07\/Carlos-Eugenio-Sarmento-Cinema.jpg\" alt=\"\" width=\"1936\" height=\"1936\" \/><figcaption id=\"caption-attachment-7591\" class=\"wp-caption-text\"><strong>Carlos Eug\u00eanio Sarmento Coelho da Paz, Clemente<\/strong><\/figcaption><\/figure>\n<h1 style=\"text-align: center;\"><span style=\"color: #ff0000;\">Medalha Chico Mendes de Resist\u00eancia<\/span><\/h1>\n<h1><img loading=\"lazy\" decoding=\"async\" class=\"size-full wp-image-5929 aligncenter\" src=\"https:\/\/renatodias.online\/movimento\/wp-content\/uploads\/2021\/04\/Especial.jpg\" alt=\"\" width=\"200\" height=\"200\" srcset=\"https:\/\/renatodias.online\/movimento\/wp-content\/uploads\/2021\/04\/Especial.jpg 200w, https:\/\/renatodias.online\/movimento\/wp-content\/uploads\/2021\/04\/Especial-150x150.jpg 150w\" sizes=\"auto, (max-width: 200px) 100vw, 200px\" \/><\/h1>\n<h1 style=\"text-align: center;\"><span style=\"color: #008000;\">13 de dezembro, \u00e0s 18h, YouTube<\/span><\/h1>\n<p><strong>Renato Dias<\/strong><\/p>\n<p>Codinome <strong>Clemente<\/strong>, o guerrilheiro da A\u00e7\u00e3o Libertadora Nacional, a ALN, <strong>Carlos Eug\u00eanio Sarmento Coelho da Paz<\/strong>, morto em 2019, o \u00faltimo comandante militar da maior organiza\u00e7\u00e3o de luta armada contra a ditadura civil e militar, receber\u00e1 <strong>in memorian<\/strong> a <strong>Medalha Chico Mendes<\/strong>. A comenda \u00e9 a mais alta honraria do <strong>Tortura Nunca Mais<\/strong>. A solenidade ser\u00e1 realizada no pr\u00f3ximo dia 13 de dezembro de 2021. No Rio de Janeiro. Hor\u00e1rio: \u00e0s 18h. Com transmiss\u00e3o online. Plataforma midi\u00e1tica: YouTube. \u00c9 a 32\u00b0 edi\u00e7\u00e3o do evento de Direitos Humanos. Mensagem de _ Resist\u00eancia. A ALN foi fundada pelo carbon\u00e1rio e ex-deputado federal do PCB da Bahia <strong>Carlos Marighella<\/strong>, morto, sem direito \u00e0 defesa, desarmado, em 4 de dezembro de 1969, \u00e0s 20h, em S\u00e3o Paulo.<\/p>\n<p>&nbsp;<\/p>\n<figure id=\"attachment_9774\" aria-describedby=\"caption-attachment-9774\" style=\"width: 360px\" class=\"wp-caption aligncenter\"><img loading=\"lazy\" decoding=\"async\" class=\"size-full wp-image-9774\" src=\"https:\/\/renatodias.online\/movimento\/wp-content\/uploads\/2021\/11\/ALN-cartaz.jpg\" alt=\"\" width=\"360\" height=\"640\" srcset=\"https:\/\/renatodias.online\/movimento\/wp-content\/uploads\/2021\/11\/ALN-cartaz.jpg 360w, https:\/\/renatodias.online\/movimento\/wp-content\/uploads\/2021\/11\/ALN-cartaz-169x300.jpg 169w\" sizes=\"auto, (max-width: 360px) 100vw, 360px\" \/><figcaption id=\"caption-attachment-9774\" class=\"wp-caption-text\"><strong>ALN &#8211; cartaz<\/strong><\/figcaption><\/figure>\n","protected":false},"excerpt":{"rendered":"<p>Carlos Eug\u00eanio Sarmento, presente! Medalha Chico Mendes de Resist\u00eancia 13 de dezembro, \u00e0s 18h, YouTube Renato Dias Codinome Clemente, o guerrilheiro da A\u00e7\u00e3o Libertadora Nacional, a ALN, Carlos Eug\u00eanio Sarmento Coelho da Paz, morto em 2019, o \u00faltimo comandante militar da maior organiza\u00e7\u00e3o de luta armada contra a ditadura civil e militar, receber\u00e1 in memorian<\/p>\n","protected":false},"author":2,"featured_media":3255,"comment_status":"open","ping_status":"open","sticky":false,"template":"","format":"standard","meta":{"_acf_changed":false,"_monsterinsights_skip_tracking":false,"_monsterinsights_sitenote_active":false,"_monsterinsights_sitenote_note":"","_monsterinsights_sitenote_category":0,"footnotes":""},"categories":[4],"tags":[],"class_list":["post-9971","post","type-post","status-publish","format-standard","has-post-thumbnail","hentry","category-politica"],"acf":[],"yoast_head":"<!-- This site is optimized with the Yoast SEO plugin v27.4 - https:\/\/yoast.com\/product\/yoast-seo-wordpress\/ -->\n<title>Carlos Eug\u00eanio Sarmento, presente! -<\/title>\n<meta name=\"robots\" content=\"index, follow, max-snippet:-1, max-image-preview:large, max-video-preview:-1\" \/>\n<link rel=\"canonical\" href=\"https:\/\/renatodias.online\/movimento\/2021\/12\/03\/carlos-eugenio-sarmento-presente\/\" \/>\n<meta property=\"og:locale\" content=\"pt_BR\" \/>\n<meta property=\"og:type\" content=\"article\" \/>\n<meta property=\"og:title\" content=\"Carlos Eug\u00eanio Sarmento, presente! -\" \/>\n<meta property=\"og:description\" content=\"Carlos Eug\u00eanio Sarmento, presente! Medalha Chico Mendes de Resist\u00eancia 13 de dezembro, \u00e0s 18h, YouTube Renato Dias Codinome Clemente, o guerrilheiro da A\u00e7\u00e3o Libertadora Nacional, a ALN, Carlos Eug\u00eanio Sarmento Coelho da Paz, morto em 2019, o \u00faltimo comandante militar da maior organiza\u00e7\u00e3o de luta armada contra a ditadura civil e militar, receber\u00e1 in memorian\" \/>\n<meta property=\"og:url\" content=\"https:\/\/renatodias.online\/movimento\/2021\/12\/03\/carlos-eugenio-sarmento-presente\/\" \/>\n<meta property=\"article:publisher\" content=\"https:\/\/www.facebook.com\/renato.dias.37\" \/>\n<meta property=\"article:author\" content=\"https:\/\/www.facebook.com\/renato.dias.37\" \/>\n<meta property=\"article:published_time\" content=\"2021-12-03T10:12:30+00:00\" \/>\n<meta property=\"og:image\" content=\"https:\/\/renatodias.online\/movimento\/wp-content\/uploads\/2020\/03\/Carlos-Eug\u00eanio-Sarmento-Coelho-da-Paz-O-Clemente-e1625620867316.jpg\" \/>\n\t<meta property=\"og:image:width\" content=\"300\" \/>\n\t<meta property=\"og:image:height\" content=\"169\" \/>\n\t<meta property=\"og:image:type\" content=\"image\/jpeg\" \/>\n<meta name=\"author\" content=\"Renato Dias\" \/>\n<meta name=\"twitter:card\" content=\"summary_large_image\" \/>\n<meta name=\"twitter:creator\" content=\"@RenatoDiasBat\" \/>\n<meta name=\"twitter:site\" content=\"@RenatoDiasBat\" \/>\n<meta name=\"twitter:label1\" content=\"Escrito por\" \/>\n\t<meta name=\"twitter:data1\" content=\"Renato Dias\" \/>\n\t<meta name=\"twitter:label2\" content=\"Est. tempo de leitura\" \/>\n\t<meta name=\"twitter:data2\" content=\"1 minuto\" \/>\n<script type=\"application\/ld+json\" class=\"yoast-schema-graph\">{\"@context\":\"https:\\\/\\\/schema.org\",\"@graph\":[{\"@type\":\"Article\",\"@id\":\"https:\\\/\\\/renatodias.online\\\/movimento\\\/2021\\\/12\\\/03\\\/carlos-eugenio-sarmento-presente\\\/#article\",\"isPartOf\":{\"@id\":\"https:\\\/\\\/renatodias.online\\\/movimento\\\/2021\\\/12\\\/03\\\/carlos-eugenio-sarmento-presente\\\/\"},\"author\":{\"name\":\"Renato Dias\",\"@id\":\"https:\\\/\\\/renatodias.online\\\/movimento\\\/#\\\/schema\\\/person\\\/bbab28833b1725a20f4083f49f1fb2a9\"},\"headline\":\"Carlos Eug\u00eanio Sarmento, presente!\",\"datePublished\":\"2021-12-03T10:12:30+00:00\",\"mainEntityOfPage\":{\"@id\":\"https:\\\/\\\/renatodias.online\\\/movimento\\\/2021\\\/12\\\/03\\\/carlos-eugenio-sarmento-presente\\\/\"},\"wordCount\":173,\"commentCount\":0,\"publisher\":{\"@id\":\"https:\\\/\\\/renatodias.online\\\/movimento\\\/#\\\/schema\\\/person\\\/bbab28833b1725a20f4083f49f1fb2a9\"},\"image\":{\"@id\":\"https:\\\/\\\/renatodias.online\\\/movimento\\\/2021\\\/12\\\/03\\\/carlos-eugenio-sarmento-presente\\\/#primaryimage\"},\"thumbnailUrl\":\"https:\\\/\\\/renatodias.online\\\/movimento\\\/wp-content\\\/uploads\\\/2020\\\/03\\\/Carlos-Eug\u00eanio-Sarmento-Coelho-da-Paz-O-Clemente-e1625620867316.jpg\",\"articleSection\":[\"Pol\u00edtica\"],\"inLanguage\":\"pt-BR\",\"potentialAction\":[{\"@type\":\"CommentAction\",\"name\":\"Comment\",\"target\":[\"https:\\\/\\\/renatodias.online\\\/movimento\\\/2021\\\/12\\\/03\\\/carlos-eugenio-sarmento-presente\\\/#respond\"]}]},{\"@type\":\"WebPage\",\"@id\":\"https:\\\/\\\/renatodias.online\\\/movimento\\\/2021\\\/12\\\/03\\\/carlos-eugenio-sarmento-presente\\\/\",\"url\":\"https:\\\/\\\/renatodias.online\\\/movimento\\\/2021\\\/12\\\/03\\\/carlos-eugenio-sarmento-presente\\\/\",\"name\":\"Carlos Eug\u00eanio Sarmento, presente! -\",\"isPartOf\":{\"@id\":\"https:\\\/\\\/renatodias.online\\\/movimento\\\/#website\"},\"primaryImageOfPage\":{\"@id\":\"https:\\\/\\\/renatodias.online\\\/movimento\\\/2021\\\/12\\\/03\\\/carlos-eugenio-sarmento-presente\\\/#primaryimage\"},\"image\":{\"@id\":\"https:\\\/\\\/renatodias.online\\\/movimento\\\/2021\\\/12\\\/03\\\/carlos-eugenio-sarmento-presente\\\/#primaryimage\"},\"thumbnailUrl\":\"https:\\\/\\\/renatodias.online\\\/movimento\\\/wp-content\\\/uploads\\\/2020\\\/03\\\/Carlos-Eug\u00eanio-Sarmento-Coelho-da-Paz-O-Clemente-e1625620867316.jpg\",\"datePublished\":\"2021-12-03T10:12:30+00:00\",\"breadcrumb\":{\"@id\":\"https:\\\/\\\/renatodias.online\\\/movimento\\\/2021\\\/12\\\/03\\\/carlos-eugenio-sarmento-presente\\\/#breadcrumb\"},\"inLanguage\":\"pt-BR\",\"potentialAction\":[{\"@type\":\"ReadAction\",\"target\":[\"https:\\\/\\\/renatodias.online\\\/movimento\\\/2021\\\/12\\\/03\\\/carlos-eugenio-sarmento-presente\\\/\"]}]},{\"@type\":\"ImageObject\",\"inLanguage\":\"pt-BR\",\"@id\":\"https:\\\/\\\/renatodias.online\\\/movimento\\\/2021\\\/12\\\/03\\\/carlos-eugenio-sarmento-presente\\\/#primaryimage\",\"url\":\"https:\\\/\\\/renatodias.online\\\/movimento\\\/wp-content\\\/uploads\\\/2020\\\/03\\\/Carlos-Eug\u00eanio-Sarmento-Coelho-da-Paz-O-Clemente-e1625620867316.jpg\",\"contentUrl\":\"https:\\\/\\\/renatodias.online\\\/movimento\\\/wp-content\\\/uploads\\\/2020\\\/03\\\/Carlos-Eug\u00eanio-Sarmento-Coelho-da-Paz-O-Clemente-e1625620867316.jpg\",\"width\":300,\"height\":169,\"caption\":\"Carlos Eug\u00eanio Sarmento Coelho da Paz\"},{\"@type\":\"BreadcrumbList\",\"@id\":\"https:\\\/\\\/renatodias.online\\\/movimento\\\/2021\\\/12\\\/03\\\/carlos-eugenio-sarmento-presente\\\/#breadcrumb\",\"itemListElement\":[{\"@type\":\"ListItem\",\"position\":1,\"name\":\"In\u00edcio\",\"item\":\"https:\\\/\\\/renatodias.online\\\/movimento\\\/\"},{\"@type\":\"ListItem\",\"position\":2,\"name\":\"Carlos Eug\u00eanio Sarmento, presente!\"}]},{\"@type\":\"WebSite\",\"@id\":\"https:\\\/\\\/renatodias.online\\\/movimento\\\/#website\",\"url\":\"https:\\\/\\\/renatodias.online\\\/movimento\\\/\",\"name\":\"\",\"description\":\"\",\"publisher\":{\"@id\":\"https:\\\/\\\/renatodias.online\\\/movimento\\\/#\\\/schema\\\/person\\\/bbab28833b1725a20f4083f49f1fb2a9\"},\"potentialAction\":[{\"@type\":\"SearchAction\",\"target\":{\"@type\":\"EntryPoint\",\"urlTemplate\":\"https:\\\/\\\/renatodias.online\\\/movimento\\\/?s={search_term_string}\"},\"query-input\":{\"@type\":\"PropertyValueSpecification\",\"valueRequired\":true,\"valueName\":\"search_term_string\"}}],\"inLanguage\":\"pt-BR\"},{\"@type\":[\"Person\",\"Organization\"],\"@id\":\"https:\\\/\\\/renatodias.online\\\/movimento\\\/#\\\/schema\\\/person\\\/bbab28833b1725a20f4083f49f1fb2a9\",\"name\":\"Renato Dias\",\"image\":{\"@type\":\"ImageObject\",\"inLanguage\":\"pt-BR\",\"@id\":\"https:\\\/\\\/renatodias.online\\\/movimento\\\/wp-content\\\/uploads\\\/2023\\\/03\\\/cropped-cropped-cropped-logofinal.jpeg\",\"url\":\"https:\\\/\\\/renatodias.online\\\/movimento\\\/wp-content\\\/uploads\\\/2023\\\/03\\\/cropped-cropped-cropped-logofinal.jpeg\",\"contentUrl\":\"https:\\\/\\\/renatodias.online\\\/movimento\\\/wp-content\\\/uploads\\\/2023\\\/03\\\/cropped-cropped-cropped-logofinal.jpeg\",\"width\":1280,\"height\":219,\"caption\":\"Renato Dias\"},\"logo\":{\"@id\":\"https:\\\/\\\/renatodias.online\\\/movimento\\\/wp-content\\\/uploads\\\/2023\\\/03\\\/cropped-cropped-cropped-logofinal.jpeg\"},\"description\":\"Renato Dias, 58 anos, \u00e9 graduado em Jornalismo, formado em Ci\u00eancias Sociais, com p\u00f3s-gradua\u00e7\u00e3o em Pol\u00edticas P\u00fablicas, mestre em Direito e Rela\u00e7\u00f5es Internacionais, ex-aluno extraordin\u00e1rio do Doutorado em Psicologia Social, ex-estudante do Curso de Psican\u00e1lise do Centro de Estudos Psicanal\u00edticos do Estado de Goi\u00e1s, ministrado pelo m\u00e9dico psiquiatra e psicanalista Daniel Em\u00eddio de Souza. \u00c9 autor de 30 livros-reportagem, oito document\u00e1rios, ganhou 30 pr\u00eamios e \u00e9 torcedor apaixonado do maior do Centro-Oeste, o Vila Nova Futebol Clube. Casado com Meirilane Dias, \u00e9 pai de Juliana Dias, jornalista; Daniel Dias, economista; e Maria Rosa Dias, estudante antifascista, socialista e trotskista.\u00a0Com tr\u00eas pets: Porquinho [Bull Dog Franc\u00eas], Dalila [Basset Hound] e Geleia [Basset Hound]. Al\u00e9m do eterno gato Tutuquinho, que virou estrela.\",\"sameAs\":[\"https:\\\/\\\/www.facebook.com\\\/renato.dias.37\",\"#breve\",\"https:\\\/\\\/renatodias.tumblr.com\\\/\"],\"url\":\"https:\\\/\\\/renatodias.online\\\/movimento\\\/author\\\/renatodias\\\/\"}]}<\/script>\n<!-- \/ Yoast SEO plugin. -->","yoast_head_json":{"title":"Carlos Eug\u00eanio Sarmento, presente! -","robots":{"index":"index","follow":"follow","max-snippet":"max-snippet:-1","max-image-preview":"max-image-preview:large","max-video-preview":"max-video-preview:-1"},"canonical":"https:\/\/renatodias.online\/movimento\/2021\/12\/03\/carlos-eugenio-sarmento-presente\/","og_locale":"pt_BR","og_type":"article","og_title":"Carlos Eug\u00eanio Sarmento, presente! -","og_description":"Carlos Eug\u00eanio Sarmento, presente! Medalha Chico Mendes de Resist\u00eancia 13 de dezembro, \u00e0s 18h, YouTube Renato Dias Codinome Clemente, o guerrilheiro da A\u00e7\u00e3o Libertadora Nacional, a ALN, Carlos Eug\u00eanio Sarmento Coelho da Paz, morto em 2019, o \u00faltimo comandante militar da maior organiza\u00e7\u00e3o de luta armada contra a ditadura civil e militar, receber\u00e1 in memorian","og_url":"https:\/\/renatodias.online\/movimento\/2021\/12\/03\/carlos-eugenio-sarmento-presente\/","article_publisher":"https:\/\/www.facebook.com\/renato.dias.37","article_author":"https:\/\/www.facebook.com\/renato.dias.37","article_published_time":"2021-12-03T10:12:30+00:00","og_image":[{"width":300,"height":169,"url":"https:\/\/renatodias.online\/movimento\/wp-content\/uploads\/2020\/03\/Carlos-Eug\u00eanio-Sarmento-Coelho-da-Paz-O-Clemente-e1625620867316.jpg","type":"image\/jpeg"}],"author":"Renato Dias","twitter_card":"summary_large_image","twitter_creator":"@RenatoDiasBat","twitter_site":"@RenatoDiasBat","twitter_misc":{"Escrito por":"Renato Dias","Est. tempo de leitura":"1 minuto"},"schema":{"@context":"https:\/\/schema.org","@graph":[{"@type":"Article","@id":"https:\/\/renatodias.online\/movimento\/2021\/12\/03\/carlos-eugenio-sarmento-presente\/#article","isPartOf":{"@id":"https:\/\/renatodias.online\/movimento\/2021\/12\/03\/carlos-eugenio-sarmento-presente\/"},"author":{"name":"Renato Dias","@id":"https:\/\/renatodias.online\/movimento\/#\/schema\/person\/bbab28833b1725a20f4083f49f1fb2a9"},"headline":"Carlos Eug\u00eanio Sarmento, presente!","datePublished":"2021-12-03T10:12:30+00:00","mainEntityOfPage":{"@id":"https:\/\/renatodias.online\/movimento\/2021\/12\/03\/carlos-eugenio-sarmento-presente\/"},"wordCount":173,"commentCount":0,"publisher":{"@id":"https:\/\/renatodias.online\/movimento\/#\/schema\/person\/bbab28833b1725a20f4083f49f1fb2a9"},"image":{"@id":"https:\/\/renatodias.online\/movimento\/2021\/12\/03\/carlos-eugenio-sarmento-presente\/#primaryimage"},"thumbnailUrl":"https:\/\/renatodias.online\/movimento\/wp-content\/uploads\/2020\/03\/Carlos-Eug\u00eanio-Sarmento-Coelho-da-Paz-O-Clemente-e1625620867316.jpg","articleSection":["Pol\u00edtica"],"inLanguage":"pt-BR","potentialAction":[{"@type":"CommentAction","name":"Comment","target":["https:\/\/renatodias.online\/movimento\/2021\/12\/03\/carlos-eugenio-sarmento-presente\/#respond"]}]},{"@type":"WebPage","@id":"https:\/\/renatodias.online\/movimento\/2021\/12\/03\/carlos-eugenio-sarmento-presente\/","url":"https:\/\/renatodias.online\/movimento\/2021\/12\/03\/carlos-eugenio-sarmento-presente\/","name":"Carlos Eug\u00eanio Sarmento, presente! -","isPartOf":{"@id":"https:\/\/renatodias.online\/movimento\/#website"},"primaryImageOfPage":{"@id":"https:\/\/renatodias.online\/movimento\/2021\/12\/03\/carlos-eugenio-sarmento-presente\/#primaryimage"},"image":{"@id":"https:\/\/renatodias.online\/movimento\/2021\/12\/03\/carlos-eugenio-sarmento-presente\/#primaryimage"},"thumbnailUrl":"https:\/\/renatodias.online\/movimento\/wp-content\/uploads\/2020\/03\/Carlos-Eug\u00eanio-Sarmento-Coelho-da-Paz-O-Clemente-e1625620867316.jpg","datePublished":"2021-12-03T10:12:30+00:00","breadcrumb":{"@id":"https:\/\/renatodias.online\/movimento\/2021\/12\/03\/carlos-eugenio-sarmento-presente\/#breadcrumb"},"inLanguage":"pt-BR","potentialAction":[{"@type":"ReadAction","target":["https:\/\/renatodias.online\/movimento\/2021\/12\/03\/carlos-eugenio-sarmento-presente\/"]}]},{"@type":"ImageObject","inLanguage":"pt-BR","@id":"https:\/\/renatodias.online\/movimento\/2021\/12\/03\/carlos-eugenio-sarmento-presente\/#primaryimage","url":"https:\/\/renatodias.online\/movimento\/wp-content\/uploads\/2020\/03\/Carlos-Eug\u00eanio-Sarmento-Coelho-da-Paz-O-Clemente-e1625620867316.jpg","contentUrl":"https:\/\/renatodias.online\/movimento\/wp-content\/uploads\/2020\/03\/Carlos-Eug\u00eanio-Sarmento-Coelho-da-Paz-O-Clemente-e1625620867316.jpg","width":300,"height":169,"caption":"Carlos Eug\u00eanio Sarmento Coelho da Paz"},{"@type":"BreadcrumbList","@id":"https:\/\/renatodias.online\/movimento\/2021\/12\/03\/carlos-eugenio-sarmento-presente\/#breadcrumb","itemListElement":[{"@type":"ListItem","position":1,"name":"In\u00edcio","item":"https:\/\/renatodias.online\/movimento\/"},{"@type":"ListItem","position":2,"name":"Carlos Eug\u00eanio Sarmento, presente!"}]},{"@type":"WebSite","@id":"https:\/\/renatodias.online\/movimento\/#website","url":"https:\/\/renatodias.online\/movimento\/","name":"","description":"","publisher":{"@id":"https:\/\/renatodias.online\/movimento\/#\/schema\/person\/bbab28833b1725a20f4083f49f1fb2a9"},"potentialAction":[{"@type":"SearchAction","target":{"@type":"EntryPoint","urlTemplate":"https:\/\/renatodias.online\/movimento\/?s={search_term_string}"},"query-input":{"@type":"PropertyValueSpecification","valueRequired":true,"valueName":"search_term_string"}}],"inLanguage":"pt-BR"},{"@type":["Person","Organization"],"@id":"https:\/\/renatodias.online\/movimento\/#\/schema\/person\/bbab28833b1725a20f4083f49f1fb2a9","name":"Renato Dias","image":{"@type":"ImageObject","inLanguage":"pt-BR","@id":"https:\/\/renatodias.online\/movimento\/wp-content\/uploads\/2023\/03\/cropped-cropped-cropped-logofinal.jpeg","url":"https:\/\/renatodias.online\/movimento\/wp-content\/uploads\/2023\/03\/cropped-cropped-cropped-logofinal.jpeg","contentUrl":"https:\/\/renatodias.online\/movimento\/wp-content\/uploads\/2023\/03\/cropped-cropped-cropped-logofinal.jpeg","width":1280,"height":219,"caption":"Renato Dias"},"logo":{"@id":"https:\/\/renatodias.online\/movimento\/wp-content\/uploads\/2023\/03\/cropped-cropped-cropped-logofinal.jpeg"},"description":"Renato Dias, 58 anos, \u00e9 graduado em Jornalismo, formado em Ci\u00eancias Sociais, com p\u00f3s-gradua\u00e7\u00e3o em Pol\u00edticas P\u00fablicas, mestre em Direito e Rela\u00e7\u00f5es Internacionais, ex-aluno extraordin\u00e1rio do Doutorado em Psicologia Social, ex-estudante do Curso de Psican\u00e1lise do Centro de Estudos Psicanal\u00edticos do Estado de Goi\u00e1s, ministrado pelo m\u00e9dico psiquiatra e psicanalista Daniel Em\u00eddio de Souza. \u00c9 autor de 30 livros-reportagem, oito document\u00e1rios, ganhou 30 pr\u00eamios e \u00e9 torcedor apaixonado do maior do Centro-Oeste, o Vila Nova Futebol Clube. Casado com Meirilane Dias, \u00e9 pai de Juliana Dias, jornalista; Daniel Dias, economista; e Maria Rosa Dias, estudante antifascista, socialista e trotskista.\u00a0Com tr\u00eas pets: Porquinho [Bull Dog Franc\u00eas], Dalila [Basset Hound] e Geleia [Basset Hound]. Al\u00e9m do eterno gato Tutuquinho, que virou estrela.","sameAs":["https:\/\/www.facebook.com\/renato.dias.37","#breve","https:\/\/renatodias.tumblr.com\/"],"url":"https:\/\/renatodias.online\/movimento\/author\/renatodias\/"}]}},"_links":{"self":[{"href":"https:\/\/renatodias.online\/movimento\/wp-json\/wp\/v2\/posts\/9971","targetHints":{"allow":["GET"]}}],"collection":[{"href":"https:\/\/renatodias.online\/movimento\/wp-json\/wp\/v2\/posts"}],"about":[{"href":"https:\/\/renatodias.online\/movimento\/wp-json\/wp\/v2\/types\/post"}],"author":[{"embeddable":true,"href":"https:\/\/renatodias.online\/movimento\/wp-json\/wp\/v2\/users\/2"}],"replies":[{"embeddable":true,"href":"https:\/\/renatodias.online\/movimento\/wp-json\/wp\/v2\/comments?post=9971"}],"version-history":[{"count":1,"href":"https:\/\/renatodias.online\/movimento\/wp-json\/wp\/v2\/posts\/9971\/revisions"}],"predecessor-version":[{"id":9972,"href":"https:\/\/renatodias.online\/movimento\/wp-json\/wp\/v2\/posts\/9971\/revisions\/9972"}],"wp:featuredmedia":[{"embeddable":true,"href":"https:\/\/renatodias.online\/movimento\/wp-json\/wp\/v2\/media\/3255"}],"wp:attachment":[{"href":"https:\/\/renatodias.online\/movimento\/wp-json\/wp\/v2\/media?parent=9971"}],"wp:term":[{"taxonomy":"category","embeddable":true,"href":"https:\/\/renatodias.online\/movimento\/wp-json\/wp\/v2\/categories?post=9971"},{"taxonomy":"post_tag","embeddable":true,"href":"https:\/\/renatodias.online\/movimento\/wp-json\/wp\/v2\/tags?post=9971"}],"curies":[{"name":"wp","href":"https:\/\/api.w.org\/{rel}","templated":true}]}}