{"id":993,"date":"2019-04-11T15:31:14","date_gmt":"2019-04-11T18:31:14","guid":{"rendered":"http:\/\/renatodias.online\/gyn\/?p=993"},"modified":"2019-04-11T15:31:14","modified_gmt":"2019-04-11T18:31:14","slug":"um-samba-sem-preconceito-xexeu-sobe-ao-palco-na-casa-da-mae-joana","status":"publish","type":"post","link":"https:\/\/renatodias.online\/movimento\/2019\/04\/11\/um-samba-sem-preconceito-xexeu-sobe-ao-palco-na-casa-da-mae-joana\/","title":{"rendered":"Um samba sem preconceito Xex\u00e9u sobe ao palco na Casa da M\u00e3e Joana com repert\u00f3rio ecl\u00e9tico"},"content":{"rendered":"<figure id=\"attachment_994\" aria-describedby=\"caption-attachment-994\" style=\"width: 750px\" class=\"wp-caption aligncenter\"><img loading=\"lazy\" decoding=\"async\" src=\"http:\/\/renatodias.online\/gyn\/wp-content\/uploads\/2019\/04\/noys-1024x701.jpeg\" alt=\"\" width=\"750\" height=\"513\" class=\"wp-image-994 size-large\" \/><figcaption id=\"caption-attachment-994\" class=\"wp-caption-text\">N\u00f3ys \u00e9 N\u00f3ys<\/figcaption><\/figure>\n<p><strong>Su\u00edngue e feijoada<\/strong><\/p>\n<p><strong>Um samba sem preconceito<\/strong><\/p>\n<p><strong>Xex\u00e9u sobe ao palco na Casa da M\u00e3e Joana com repert\u00f3rio ecl\u00e9tico<\/strong><\/p>\n<p><strong>\u00a0<\/strong><\/p>\n<figure id=\"attachment_51\" aria-describedby=\"caption-attachment-51\" style=\"width: 150px\" class=\"wp-caption alignnone\"><img loading=\"lazy\" decoding=\"async\" src=\"http:\/\/renatodias.online\/gyn\/wp-content\/uploads\/2019\/04\/renatodias.jpg\" alt=\"\" width=\"150\" height=\"150\" class=\"size-full wp-image-51\" \/><figcaption id=\"caption-attachment-51\" class=\"wp-caption-text\">Renato Dias<\/figcaption><\/figure>\n<p><strong>Da Editoria do DM Revista<\/strong><\/p>\n<p>Samba sem preconceito? \u00c9 na Casa da M\u00e3e Joana. Com o \u2018badalado\u2019 grupo N\u00f3ys \u00e9 N\u00f3ys.\u00a0 Fundado h\u00e1 exatos 38 anos. Por Roberto C\u00e9lio, cujo nome art\u00edstico \u00e9 Xex\u00e9u. Um apaixonado terminal pelo Vila Nova Futebol Clube. O maior do Centro-Oeste do Brasil. O espet\u00e1culo trar\u00e1 no repert\u00f3rio cl\u00e1ssicos do g\u00eanero musical tropical. \u00c9 neste s\u00e1bado. A partir de 13h. Em ponto.<\/p>\n<p><strong>&#8211; A Casa da M\u00e3e Joana completa tr\u00eas anos de funcionamento neste s\u00e1bado.<\/strong><\/p>\n<p><strong>Viagem musical<\/strong><\/p>\n<p>\u00c9 o que informa ao <strong>DM Revista<\/strong> o vocalista. Homem da vanguarda est\u00e9tica e cultural. De Goi\u00e2nia. Do Centro-Oeste. Uma verdadeira viagem pelo universo inventivo, dan\u00e7ante, ecl\u00e9tico e multifacetado do samba. Can\u00e7\u00f5es que se eternizaram nos cora\u00e7\u00f5es e mentes. M\u00fasicas de m\u00faltiplos autores e de gera\u00e7\u00f5es distintas. Com muito suingue e alegria, dispara animado ele.<\/p>\n<p><strong>&#8211; O valor do couvert art\u00edstico, com feijoada completa, \u00e9 apenas R$ 40,00. N\u00e3o d\u00e1 para n\u00e3o comparecer<\/strong>.<\/p>\n<figure id=\"attachment_995\" aria-describedby=\"caption-attachment-995\" style=\"width: 750px\" class=\"wp-caption alignnone\"><img loading=\"lazy\" decoding=\"async\" src=\"http:\/\/renatodias.online\/gyn\/wp-content\/uploads\/2019\/04\/noys2-1024x651.jpeg\" alt=\"\" width=\"750\" height=\"477\" class=\"wp-image-995 size-large\" \/><figcaption id=\"caption-attachment-995\" class=\"wp-caption-text\">Feijoada completa<\/figcaption><\/figure>\n<p><strong>Servi\u00e7o<\/strong><\/p>\n<p><strong>Show:<\/strong> Samba Sem Preconceito<\/p>\n<p><strong>Atra\u00e7\u00e3o:<\/strong> N\u00f3ys \u00e9 N\u00f3ys<\/p>\n<p><strong>Data:<\/strong> 13\/04 [Neste s\u00e1bado]<\/p>\n<p><strong>Hor\u00e1rio:<\/strong> 13 h<\/p>\n<p><strong>Local:<\/strong> Casa da M\u00e3e Joana<\/p>\n<p><strong>Endere\u00e7o:<\/strong> Rua Santa Efig\u00eania, Quadra 37, Lote 20, Casa 2, Jardim Planalto<\/p>\n<p><strong>Valor:<\/strong> R$ 40,00 [Couvert Art\u00edstico e Feijoada Completa \u00e0 vontade]<\/p>\n<p><strong>Informa\u00e7\u00f5es e reservas:<\/strong> 9- 8176-0148\t\t<\/p>\n","protected":false},"excerpt":{"rendered":"<p>Su\u00edngue e feijoada Um samba sem preconceito Xex\u00e9u sobe ao palco na Casa da M\u00e3e Joana com repert\u00f3rio ecl\u00e9tico \u00a0 Da Editoria do DM Revista Samba sem preconceito? \u00c9 na Casa da M\u00e3e Joana. Com o \u2018badalado\u2019 grupo N\u00f3ys \u00e9 N\u00f3ys.\u00a0 Fundado h\u00e1 exatos 38 anos. Por Roberto C\u00e9lio, cujo nome art\u00edstico \u00e9 Xex\u00e9u. Um<\/p>\n","protected":false},"author":2,"featured_media":994,"comment_status":"open","ping_status":"open","sticky":false,"template":"","format":"standard","meta":{"_acf_changed":false,"_monsterinsights_skip_tracking":false,"_monsterinsights_sitenote_active":false,"_monsterinsights_sitenote_note":"","_monsterinsights_sitenote_category":0,"footnotes":""},"categories":[2,26,9,28,4],"tags":[],"class_list":["post-993","post","type-post","status-publish","format-standard","has-post-thumbnail","hentry","category-arte","category-bares","category-cidade","category-cultura","category-politica"],"acf":[],"yoast_head":"<!-- This site is optimized with the Yoast SEO plugin v27.4 - https:\/\/yoast.com\/product\/yoast-seo-wordpress\/ -->\n<title>Um samba sem preconceito Xex\u00e9u sobe ao palco na Casa da M\u00e3e Joana com repert\u00f3rio ecl\u00e9tico -<\/title>\n<meta name=\"robots\" content=\"index, follow, max-snippet:-1, max-image-preview:large, max-video-preview:-1\" \/>\n<link rel=\"canonical\" href=\"https:\/\/renatodias.online\/movimento\/2019\/04\/11\/um-samba-sem-preconceito-xexeu-sobe-ao-palco-na-casa-da-mae-joana\/\" \/>\n<meta property=\"og:locale\" content=\"pt_BR\" \/>\n<meta property=\"og:type\" content=\"article\" \/>\n<meta property=\"og:title\" content=\"Um samba sem preconceito Xex\u00e9u sobe ao palco na Casa da M\u00e3e Joana com repert\u00f3rio ecl\u00e9tico -\" \/>\n<meta property=\"og:description\" content=\"Su\u00edngue e feijoada Um samba sem preconceito Xex\u00e9u sobe ao palco na Casa da M\u00e3e Joana com repert\u00f3rio ecl\u00e9tico \u00a0 Da Editoria do DM Revista Samba sem preconceito? \u00c9 na Casa da M\u00e3e Joana. Com o \u2018badalado\u2019 grupo N\u00f3ys \u00e9 N\u00f3ys.\u00a0 Fundado h\u00e1 exatos 38 anos. Por Roberto C\u00e9lio, cujo nome art\u00edstico \u00e9 Xex\u00e9u. Um\" \/>\n<meta property=\"og:url\" content=\"https:\/\/renatodias.online\/movimento\/2019\/04\/11\/um-samba-sem-preconceito-xexeu-sobe-ao-palco-na-casa-da-mae-joana\/\" \/>\n<meta property=\"article:publisher\" content=\"https:\/\/www.facebook.com\/renato.dias.37\" \/>\n<meta property=\"article:author\" content=\"https:\/\/www.facebook.com\/renato.dias.37\" \/>\n<meta property=\"article:published_time\" content=\"2019-04-11T18:31:14+00:00\" \/>\n<meta name=\"author\" content=\"Renato Dias\" \/>\n<meta name=\"twitter:card\" content=\"summary_large_image\" \/>\n<meta name=\"twitter:creator\" content=\"@RenatoDiasBat\" \/>\n<meta name=\"twitter:site\" content=\"@RenatoDiasBat\" \/>\n<meta name=\"twitter:label1\" content=\"Escrito por\" \/>\n\t<meta name=\"twitter:data1\" content=\"Renato Dias\" \/>\n\t<meta name=\"twitter:label2\" content=\"Est. tempo de leitura\" \/>\n\t<meta name=\"twitter:data2\" content=\"1 minuto\" \/>\n<script type=\"application\/ld+json\" class=\"yoast-schema-graph\">{\"@context\":\"https:\\\/\\\/schema.org\",\"@graph\":[{\"@type\":\"Article\",\"@id\":\"https:\\\/\\\/renatodias.online\\\/movimento\\\/2019\\\/04\\\/11\\\/um-samba-sem-preconceito-xexeu-sobe-ao-palco-na-casa-da-mae-joana\\\/#article\",\"isPartOf\":{\"@id\":\"https:\\\/\\\/renatodias.online\\\/movimento\\\/2019\\\/04\\\/11\\\/um-samba-sem-preconceito-xexeu-sobe-ao-palco-na-casa-da-mae-joana\\\/\"},\"author\":{\"name\":\"Renato Dias\",\"@id\":\"https:\\\/\\\/renatodias.online\\\/movimento\\\/#\\\/schema\\\/person\\\/bbab28833b1725a20f4083f49f1fb2a9\"},\"headline\":\"Um samba sem preconceito Xex\u00e9u sobe ao palco na Casa da M\u00e3e Joana com repert\u00f3rio ecl\u00e9tico\",\"datePublished\":\"2019-04-11T18:31:14+00:00\",\"mainEntityOfPage\":{\"@id\":\"https:\\\/\\\/renatodias.online\\\/movimento\\\/2019\\\/04\\\/11\\\/um-samba-sem-preconceito-xexeu-sobe-ao-palco-na-casa-da-mae-joana\\\/\"},\"wordCount\":297,\"commentCount\":0,\"publisher\":{\"@id\":\"https:\\\/\\\/renatodias.online\\\/movimento\\\/#\\\/schema\\\/person\\\/bbab28833b1725a20f4083f49f1fb2a9\"},\"image\":{\"@id\":\"https:\\\/\\\/renatodias.online\\\/movimento\\\/2019\\\/04\\\/11\\\/um-samba-sem-preconceito-xexeu-sobe-ao-palco-na-casa-da-mae-joana\\\/#primaryimage\"},\"thumbnailUrl\":\"\",\"articleSection\":[\"Arte\",\"Bares\",\"Cidade\",\"Cultura\",\"Pol\u00edtica\"],\"inLanguage\":\"pt-BR\",\"potentialAction\":[{\"@type\":\"CommentAction\",\"name\":\"Comment\",\"target\":[\"https:\\\/\\\/renatodias.online\\\/movimento\\\/2019\\\/04\\\/11\\\/um-samba-sem-preconceito-xexeu-sobe-ao-palco-na-casa-da-mae-joana\\\/#respond\"]}]},{\"@type\":\"WebPage\",\"@id\":\"https:\\\/\\\/renatodias.online\\\/movimento\\\/2019\\\/04\\\/11\\\/um-samba-sem-preconceito-xexeu-sobe-ao-palco-na-casa-da-mae-joana\\\/\",\"url\":\"https:\\\/\\\/renatodias.online\\\/movimento\\\/2019\\\/04\\\/11\\\/um-samba-sem-preconceito-xexeu-sobe-ao-palco-na-casa-da-mae-joana\\\/\",\"name\":\"Um samba sem preconceito Xex\u00e9u sobe ao palco na Casa da M\u00e3e Joana com repert\u00f3rio ecl\u00e9tico -\",\"isPartOf\":{\"@id\":\"https:\\\/\\\/renatodias.online\\\/movimento\\\/#website\"},\"primaryImageOfPage\":{\"@id\":\"https:\\\/\\\/renatodias.online\\\/movimento\\\/2019\\\/04\\\/11\\\/um-samba-sem-preconceito-xexeu-sobe-ao-palco-na-casa-da-mae-joana\\\/#primaryimage\"},\"image\":{\"@id\":\"https:\\\/\\\/renatodias.online\\\/movimento\\\/2019\\\/04\\\/11\\\/um-samba-sem-preconceito-xexeu-sobe-ao-palco-na-casa-da-mae-joana\\\/#primaryimage\"},\"thumbnailUrl\":\"\",\"datePublished\":\"2019-04-11T18:31:14+00:00\",\"breadcrumb\":{\"@id\":\"https:\\\/\\\/renatodias.online\\\/movimento\\\/2019\\\/04\\\/11\\\/um-samba-sem-preconceito-xexeu-sobe-ao-palco-na-casa-da-mae-joana\\\/#breadcrumb\"},\"inLanguage\":\"pt-BR\",\"potentialAction\":[{\"@type\":\"ReadAction\",\"target\":[\"https:\\\/\\\/renatodias.online\\\/movimento\\\/2019\\\/04\\\/11\\\/um-samba-sem-preconceito-xexeu-sobe-ao-palco-na-casa-da-mae-joana\\\/\"]}]},{\"@type\":\"ImageObject\",\"inLanguage\":\"pt-BR\",\"@id\":\"https:\\\/\\\/renatodias.online\\\/movimento\\\/2019\\\/04\\\/11\\\/um-samba-sem-preconceito-xexeu-sobe-ao-palco-na-casa-da-mae-joana\\\/#primaryimage\",\"url\":\"\",\"contentUrl\":\"\"},{\"@type\":\"BreadcrumbList\",\"@id\":\"https:\\\/\\\/renatodias.online\\\/movimento\\\/2019\\\/04\\\/11\\\/um-samba-sem-preconceito-xexeu-sobe-ao-palco-na-casa-da-mae-joana\\\/#breadcrumb\",\"itemListElement\":[{\"@type\":\"ListItem\",\"position\":1,\"name\":\"In\u00edcio\",\"item\":\"https:\\\/\\\/renatodias.online\\\/movimento\\\/\"},{\"@type\":\"ListItem\",\"position\":2,\"name\":\"Um samba sem preconceito Xex\u00e9u sobe ao palco na Casa da M\u00e3e Joana com repert\u00f3rio ecl\u00e9tico\"}]},{\"@type\":\"WebSite\",\"@id\":\"https:\\\/\\\/renatodias.online\\\/movimento\\\/#website\",\"url\":\"https:\\\/\\\/renatodias.online\\\/movimento\\\/\",\"name\":\"\",\"description\":\"\",\"publisher\":{\"@id\":\"https:\\\/\\\/renatodias.online\\\/movimento\\\/#\\\/schema\\\/person\\\/bbab28833b1725a20f4083f49f1fb2a9\"},\"potentialAction\":[{\"@type\":\"SearchAction\",\"target\":{\"@type\":\"EntryPoint\",\"urlTemplate\":\"https:\\\/\\\/renatodias.online\\\/movimento\\\/?s={search_term_string}\"},\"query-input\":{\"@type\":\"PropertyValueSpecification\",\"valueRequired\":true,\"valueName\":\"search_term_string\"}}],\"inLanguage\":\"pt-BR\"},{\"@type\":[\"Person\",\"Organization\"],\"@id\":\"https:\\\/\\\/renatodias.online\\\/movimento\\\/#\\\/schema\\\/person\\\/bbab28833b1725a20f4083f49f1fb2a9\",\"name\":\"Renato Dias\",\"image\":{\"@type\":\"ImageObject\",\"inLanguage\":\"pt-BR\",\"@id\":\"https:\\\/\\\/renatodias.online\\\/movimento\\\/wp-content\\\/uploads\\\/2023\\\/03\\\/cropped-cropped-cropped-logofinal.jpeg\",\"url\":\"https:\\\/\\\/renatodias.online\\\/movimento\\\/wp-content\\\/uploads\\\/2023\\\/03\\\/cropped-cropped-cropped-logofinal.jpeg\",\"contentUrl\":\"https:\\\/\\\/renatodias.online\\\/movimento\\\/wp-content\\\/uploads\\\/2023\\\/03\\\/cropped-cropped-cropped-logofinal.jpeg\",\"width\":1280,\"height\":219,\"caption\":\"Renato Dias\"},\"logo\":{\"@id\":\"https:\\\/\\\/renatodias.online\\\/movimento\\\/wp-content\\\/uploads\\\/2023\\\/03\\\/cropped-cropped-cropped-logofinal.jpeg\"},\"description\":\"Renato Dias, 58 anos, \u00e9 graduado em Jornalismo, formado em Ci\u00eancias Sociais, com p\u00f3s-gradua\u00e7\u00e3o em Pol\u00edticas P\u00fablicas, mestre em Direito e Rela\u00e7\u00f5es Internacionais, ex-aluno extraordin\u00e1rio do Doutorado em Psicologia Social, ex-estudante do Curso de Psican\u00e1lise do Centro de Estudos Psicanal\u00edticos do Estado de Goi\u00e1s, ministrado pelo m\u00e9dico psiquiatra e psicanalista Daniel Em\u00eddio de Souza. \u00c9 autor de 30 livros-reportagem, oito document\u00e1rios, ganhou 30 pr\u00eamios e \u00e9 torcedor apaixonado do maior do Centro-Oeste, o Vila Nova Futebol Clube. Casado com Meirilane Dias, \u00e9 pai de Juliana Dias, jornalista; Daniel Dias, economista; e Maria Rosa Dias, estudante antifascista, socialista e trotskista.\u00a0Com tr\u00eas pets: Porquinho [Bull Dog Franc\u00eas], Dalila [Basset Hound] e Geleia [Basset Hound]. Al\u00e9m do eterno gato Tutuquinho, que virou estrela.\",\"sameAs\":[\"https:\\\/\\\/www.facebook.com\\\/renato.dias.37\",\"#breve\",\"https:\\\/\\\/renatodias.tumblr.com\\\/\"],\"url\":\"https:\\\/\\\/renatodias.online\\\/movimento\\\/author\\\/renatodias\\\/\"}]}<\/script>\n<!-- \/ Yoast SEO plugin. -->","yoast_head_json":{"title":"Um samba sem preconceito Xex\u00e9u sobe ao palco na Casa da M\u00e3e Joana com repert\u00f3rio ecl\u00e9tico -","robots":{"index":"index","follow":"follow","max-snippet":"max-snippet:-1","max-image-preview":"max-image-preview:large","max-video-preview":"max-video-preview:-1"},"canonical":"https:\/\/renatodias.online\/movimento\/2019\/04\/11\/um-samba-sem-preconceito-xexeu-sobe-ao-palco-na-casa-da-mae-joana\/","og_locale":"pt_BR","og_type":"article","og_title":"Um samba sem preconceito Xex\u00e9u sobe ao palco na Casa da M\u00e3e Joana com repert\u00f3rio ecl\u00e9tico -","og_description":"Su\u00edngue e feijoada Um samba sem preconceito Xex\u00e9u sobe ao palco na Casa da M\u00e3e Joana com repert\u00f3rio ecl\u00e9tico \u00a0 Da Editoria do DM Revista Samba sem preconceito? \u00c9 na Casa da M\u00e3e Joana. Com o \u2018badalado\u2019 grupo N\u00f3ys \u00e9 N\u00f3ys.\u00a0 Fundado h\u00e1 exatos 38 anos. Por Roberto C\u00e9lio, cujo nome art\u00edstico \u00e9 Xex\u00e9u. Um","og_url":"https:\/\/renatodias.online\/movimento\/2019\/04\/11\/um-samba-sem-preconceito-xexeu-sobe-ao-palco-na-casa-da-mae-joana\/","article_publisher":"https:\/\/www.facebook.com\/renato.dias.37","article_author":"https:\/\/www.facebook.com\/renato.dias.37","article_published_time":"2019-04-11T18:31:14+00:00","author":"Renato Dias","twitter_card":"summary_large_image","twitter_creator":"@RenatoDiasBat","twitter_site":"@RenatoDiasBat","twitter_misc":{"Escrito por":"Renato Dias","Est. tempo de leitura":"1 minuto"},"schema":{"@context":"https:\/\/schema.org","@graph":[{"@type":"Article","@id":"https:\/\/renatodias.online\/movimento\/2019\/04\/11\/um-samba-sem-preconceito-xexeu-sobe-ao-palco-na-casa-da-mae-joana\/#article","isPartOf":{"@id":"https:\/\/renatodias.online\/movimento\/2019\/04\/11\/um-samba-sem-preconceito-xexeu-sobe-ao-palco-na-casa-da-mae-joana\/"},"author":{"name":"Renato Dias","@id":"https:\/\/renatodias.online\/movimento\/#\/schema\/person\/bbab28833b1725a20f4083f49f1fb2a9"},"headline":"Um samba sem preconceito Xex\u00e9u sobe ao palco na Casa da M\u00e3e Joana com repert\u00f3rio ecl\u00e9tico","datePublished":"2019-04-11T18:31:14+00:00","mainEntityOfPage":{"@id":"https:\/\/renatodias.online\/movimento\/2019\/04\/11\/um-samba-sem-preconceito-xexeu-sobe-ao-palco-na-casa-da-mae-joana\/"},"wordCount":297,"commentCount":0,"publisher":{"@id":"https:\/\/renatodias.online\/movimento\/#\/schema\/person\/bbab28833b1725a20f4083f49f1fb2a9"},"image":{"@id":"https:\/\/renatodias.online\/movimento\/2019\/04\/11\/um-samba-sem-preconceito-xexeu-sobe-ao-palco-na-casa-da-mae-joana\/#primaryimage"},"thumbnailUrl":"","articleSection":["Arte","Bares","Cidade","Cultura","Pol\u00edtica"],"inLanguage":"pt-BR","potentialAction":[{"@type":"CommentAction","name":"Comment","target":["https:\/\/renatodias.online\/movimento\/2019\/04\/11\/um-samba-sem-preconceito-xexeu-sobe-ao-palco-na-casa-da-mae-joana\/#respond"]}]},{"@type":"WebPage","@id":"https:\/\/renatodias.online\/movimento\/2019\/04\/11\/um-samba-sem-preconceito-xexeu-sobe-ao-palco-na-casa-da-mae-joana\/","url":"https:\/\/renatodias.online\/movimento\/2019\/04\/11\/um-samba-sem-preconceito-xexeu-sobe-ao-palco-na-casa-da-mae-joana\/","name":"Um samba sem preconceito Xex\u00e9u sobe ao palco na Casa da M\u00e3e Joana com repert\u00f3rio ecl\u00e9tico -","isPartOf":{"@id":"https:\/\/renatodias.online\/movimento\/#website"},"primaryImageOfPage":{"@id":"https:\/\/renatodias.online\/movimento\/2019\/04\/11\/um-samba-sem-preconceito-xexeu-sobe-ao-palco-na-casa-da-mae-joana\/#primaryimage"},"image":{"@id":"https:\/\/renatodias.online\/movimento\/2019\/04\/11\/um-samba-sem-preconceito-xexeu-sobe-ao-palco-na-casa-da-mae-joana\/#primaryimage"},"thumbnailUrl":"","datePublished":"2019-04-11T18:31:14+00:00","breadcrumb":{"@id":"https:\/\/renatodias.online\/movimento\/2019\/04\/11\/um-samba-sem-preconceito-xexeu-sobe-ao-palco-na-casa-da-mae-joana\/#breadcrumb"},"inLanguage":"pt-BR","potentialAction":[{"@type":"ReadAction","target":["https:\/\/renatodias.online\/movimento\/2019\/04\/11\/um-samba-sem-preconceito-xexeu-sobe-ao-palco-na-casa-da-mae-joana\/"]}]},{"@type":"ImageObject","inLanguage":"pt-BR","@id":"https:\/\/renatodias.online\/movimento\/2019\/04\/11\/um-samba-sem-preconceito-xexeu-sobe-ao-palco-na-casa-da-mae-joana\/#primaryimage","url":"","contentUrl":""},{"@type":"BreadcrumbList","@id":"https:\/\/renatodias.online\/movimento\/2019\/04\/11\/um-samba-sem-preconceito-xexeu-sobe-ao-palco-na-casa-da-mae-joana\/#breadcrumb","itemListElement":[{"@type":"ListItem","position":1,"name":"In\u00edcio","item":"https:\/\/renatodias.online\/movimento\/"},{"@type":"ListItem","position":2,"name":"Um samba sem preconceito Xex\u00e9u sobe ao palco na Casa da M\u00e3e Joana com repert\u00f3rio ecl\u00e9tico"}]},{"@type":"WebSite","@id":"https:\/\/renatodias.online\/movimento\/#website","url":"https:\/\/renatodias.online\/movimento\/","name":"","description":"","publisher":{"@id":"https:\/\/renatodias.online\/movimento\/#\/schema\/person\/bbab28833b1725a20f4083f49f1fb2a9"},"potentialAction":[{"@type":"SearchAction","target":{"@type":"EntryPoint","urlTemplate":"https:\/\/renatodias.online\/movimento\/?s={search_term_string}"},"query-input":{"@type":"PropertyValueSpecification","valueRequired":true,"valueName":"search_term_string"}}],"inLanguage":"pt-BR"},{"@type":["Person","Organization"],"@id":"https:\/\/renatodias.online\/movimento\/#\/schema\/person\/bbab28833b1725a20f4083f49f1fb2a9","name":"Renato Dias","image":{"@type":"ImageObject","inLanguage":"pt-BR","@id":"https:\/\/renatodias.online\/movimento\/wp-content\/uploads\/2023\/03\/cropped-cropped-cropped-logofinal.jpeg","url":"https:\/\/renatodias.online\/movimento\/wp-content\/uploads\/2023\/03\/cropped-cropped-cropped-logofinal.jpeg","contentUrl":"https:\/\/renatodias.online\/movimento\/wp-content\/uploads\/2023\/03\/cropped-cropped-cropped-logofinal.jpeg","width":1280,"height":219,"caption":"Renato Dias"},"logo":{"@id":"https:\/\/renatodias.online\/movimento\/wp-content\/uploads\/2023\/03\/cropped-cropped-cropped-logofinal.jpeg"},"description":"Renato Dias, 58 anos, \u00e9 graduado em Jornalismo, formado em Ci\u00eancias Sociais, com p\u00f3s-gradua\u00e7\u00e3o em Pol\u00edticas P\u00fablicas, mestre em Direito e Rela\u00e7\u00f5es Internacionais, ex-aluno extraordin\u00e1rio do Doutorado em Psicologia Social, ex-estudante do Curso de Psican\u00e1lise do Centro de Estudos Psicanal\u00edticos do Estado de Goi\u00e1s, ministrado pelo m\u00e9dico psiquiatra e psicanalista Daniel Em\u00eddio de Souza. \u00c9 autor de 30 livros-reportagem, oito document\u00e1rios, ganhou 30 pr\u00eamios e \u00e9 torcedor apaixonado do maior do Centro-Oeste, o Vila Nova Futebol Clube. Casado com Meirilane Dias, \u00e9 pai de Juliana Dias, jornalista; Daniel Dias, economista; e Maria Rosa Dias, estudante antifascista, socialista e trotskista.\u00a0Com tr\u00eas pets: Porquinho [Bull Dog Franc\u00eas], Dalila [Basset Hound] e Geleia [Basset Hound]. Al\u00e9m do eterno gato Tutuquinho, que virou estrela.","sameAs":["https:\/\/www.facebook.com\/renato.dias.37","#breve","https:\/\/renatodias.tumblr.com\/"],"url":"https:\/\/renatodias.online\/movimento\/author\/renatodias\/"}]}},"_links":{"self":[{"href":"https:\/\/renatodias.online\/movimento\/wp-json\/wp\/v2\/posts\/993","targetHints":{"allow":["GET"]}}],"collection":[{"href":"https:\/\/renatodias.online\/movimento\/wp-json\/wp\/v2\/posts"}],"about":[{"href":"https:\/\/renatodias.online\/movimento\/wp-json\/wp\/v2\/types\/post"}],"author":[{"embeddable":true,"href":"https:\/\/renatodias.online\/movimento\/wp-json\/wp\/v2\/users\/2"}],"replies":[{"embeddable":true,"href":"https:\/\/renatodias.online\/movimento\/wp-json\/wp\/v2\/comments?post=993"}],"version-history":[{"count":0,"href":"https:\/\/renatodias.online\/movimento\/wp-json\/wp\/v2\/posts\/993\/revisions"}],"wp:featuredmedia":[{"embeddable":true,"href":"https:\/\/renatodias.online\/movimento\/wp-json\/"}],"wp:attachment":[{"href":"https:\/\/renatodias.online\/movimento\/wp-json\/wp\/v2\/media?parent=993"}],"wp:term":[{"taxonomy":"category","embeddable":true,"href":"https:\/\/renatodias.online\/movimento\/wp-json\/wp\/v2\/categories?post=993"},{"taxonomy":"post_tag","embeddable":true,"href":"https:\/\/renatodias.online\/movimento\/wp-json\/wp\/v2\/tags?post=993"}],"curies":[{"name":"wp","href":"https:\/\/api.w.org\/{rel}","templated":true}]}}