{"id":9896,"date":"2021-11-30T16:09:54","date_gmt":"2021-11-30T19:09:54","guid":{"rendered":"https:\/\/renatodias.online\/movimento\/?p=9896"},"modified":"2021-11-30T16:09:54","modified_gmt":"2021-11-30T19:09:54","slug":"a-pre-candidatura-de-aldo-rebelo","status":"publish","type":"post","link":"https:\/\/renatodias.online\/movimento\/2021\/11\/30\/a-pre-candidatura-de-aldo-rebelo\/","title":{"rendered":"A pr\u00e9-candidatura de Aldo Rebelo"},"content":{"rendered":"<figure id=\"attachment_9873\" aria-describedby=\"caption-attachment-9873\" style=\"width: 1250px\" class=\"wp-caption alignnone\"><img loading=\"lazy\" decoding=\"async\" class=\"size-full wp-image-9873\" src=\"https:\/\/renatodias.online\/movimento\/wp-content\/uploads\/2021\/11\/Aldo-Rebeldo.jpg\" alt=\"\" width=\"1250\" height=\"600\" \/><figcaption id=\"caption-attachment-9873\" class=\"wp-caption-text\"><strong>Aldo Rebelo<\/strong><\/figcaption><\/figure>\n<figure id=\"attachment_5888\" aria-describedby=\"caption-attachment-5888\" style=\"width: 600px\" class=\"wp-caption aligncenter\"><img loading=\"lazy\" decoding=\"async\" class=\"size-full wp-image-5888\" src=\"https:\/\/renatodias.online\/movimento\/wp-content\/uploads\/2021\/04\/Bomba-A-morte-da-Politica.jpg\" alt=\"explosivo\" width=\"600\" height=\"600\" \/><figcaption id=\"caption-attachment-5888\" class=\"wp-caption-text\"><span style=\"color: #0000ff;\"><strong>explosivo<\/strong><\/span><\/figcaption><\/figure>\n<h1 style=\"text-align: center;\"><span style=\"color: #008000;\"><strong>Projeto estrat\u00e9gico do Quinto Movimento<\/strong><\/span><\/h1>\n<p><strong>Ricardo Dias Filho<\/strong><\/p>\n<p>Fico contente em saber que terei em quem votar para a presid\u00eancia, pois o Brasil, mais do que nunca, precisa de uma lideran\u00e7a que guie a na\u00e7\u00e3o e seu povo a tomar um rumo, ou a retomar, como <strong>Aldo Rebelo<\/strong> prega, com o Quinto Movimento. O pa\u00eds que era refer\u00eancia na fabrica\u00e7\u00e3o de avi\u00f5es hoje importa fibra de camiseta. O pa\u00eds que tinha homens como <strong>Ozires Silva<\/strong> como refer\u00eancia, hoje tem a Anitta, que enaltece a deprava\u00e7\u00e3o, a burrice e a institucionaliza\u00e7\u00e3o da viol\u00eancia.<\/p>\n<figure id=\"attachment_9899\" aria-describedby=\"caption-attachment-9899\" style=\"width: 1600px\" class=\"wp-caption alignnone\"><img loading=\"lazy\" decoding=\"async\" class=\"size-full wp-image-9899\" src=\"https:\/\/renatodias.online\/movimento\/wp-content\/uploads\/2021\/11\/Anitta.jpg\" alt=\"\" width=\"1600\" height=\"900\" srcset=\"https:\/\/renatodias.online\/movimento\/wp-content\/uploads\/2021\/11\/Anitta.jpg 1600w, https:\/\/renatodias.online\/movimento\/wp-content\/uploads\/2021\/11\/Anitta-300x169.jpg 300w, https:\/\/renatodias.online\/movimento\/wp-content\/uploads\/2021\/11\/Anitta-768x432.jpg 768w, https:\/\/renatodias.online\/movimento\/wp-content\/uploads\/2021\/11\/Anitta-1536x864.jpg 1536w, https:\/\/renatodias.online\/movimento\/wp-content\/uploads\/2021\/11\/Anitta-750x422.jpg 750w\" sizes=\"auto, (max-width: 1600px) 100vw, 1600px\" \/><figcaption id=\"caption-attachment-9899\" class=\"wp-caption-text\"><strong>Anitta<\/strong><\/figcaption><\/figure>\n<p>Hoje vemos jovens que n\u00e3o se interessam pela hist\u00f3ria de seu pa\u00eds e tampouco pela inova\u00e7\u00e3o, pregando o investimento em bolsa de valores num mercado de um pa\u00eds estagnado h\u00e1 mais de uma d\u00e9cada, sem produ\u00e7\u00e3o. O Brasil simplesmente voltou ao est\u00e1gio de economia prim\u00e1ria, marcado pela exporta\u00e7\u00e3o de comoditties, vendendo petr\u00f3leo bruto, barato e importando gasolina \u00e0 d\u00f3lar, encarecendo o transporte, lembrando que priorizamos pelas rodovias e abandonamos as ferrovias.<\/p>\n<figure id=\"attachment_9901\" aria-describedby=\"caption-attachment-9901\" style=\"width: 1280px\" class=\"wp-caption alignnone\"><img loading=\"lazy\" decoding=\"async\" class=\"size-full wp-image-9901\" src=\"https:\/\/renatodias.online\/movimento\/wp-content\/uploads\/2021\/11\/Dolares-1.jpg\" alt=\"\" width=\"1280\" height=\"680\" \/><figcaption id=\"caption-attachment-9901\" class=\"wp-caption-text\"><strong>D\u00f3lares<\/strong><\/figcaption><\/figure>\n<p>Ao inv\u00e9s disso ser pauta das discuss\u00f5es pol\u00edticas o que vemos s\u00e3o duas for\u00e7as falsamente antag\u00f4nicas, que toda semana inventam um termo novo e a bomba da semana, retardando o debate verdadeiramente importante e cegando boa parte da popula\u00e7\u00e3o, que n\u00e3o tem algu\u00e9m para guiar seu desespero \u00e0 dire\u00e7\u00e3o certa.<\/p>\n<p>&nbsp;<\/p>\n<p><img loading=\"lazy\" decoding=\"async\" class=\"alignnone size-full wp-image-8720\" src=\"https:\/\/renatodias.online\/movimento\/wp-content\/uploads\/2021\/08\/Jair-Messias-Bolsonaro-Caricatura.jpg\" alt=\"\" width=\"1080\" height=\"764\" \/><\/p>\n<p>O Brasil precisa sair dessa polariza\u00e7\u00e3o propositalmente orquestrada para nos distrair do que <strong>Bautista Vidal<\/strong> chamava de <strong>esfacelamento da na\u00e7\u00e3o<\/strong>, conosco sendo diariamente bombardeados por not\u00edcias distorcidas, que buscam criar falsas narrativas, forma\u00e7\u00e3o de bolhas, enquanto\u00a0 <strong>Paulo Guedes<\/strong> articula a venda da Eletrobras.<\/p>\n<figure id=\"attachment_2442\" aria-describedby=\"caption-attachment-2442\" style=\"width: 250px\" class=\"wp-caption aligncenter\"><img loading=\"lazy\" decoding=\"async\" class=\"size-full wp-image-2442\" src=\"https:\/\/renatodias.online\/movimento\/wp-content\/uploads\/2019\/09\/Caricatura-de-Paulo-Guedes-e1633963839389.jpg\" alt=\"\" width=\"250\" height=\"292\" \/><figcaption id=\"caption-attachment-2442\" class=\"wp-caption-text\"><strong>Paulo Guedes<\/strong><\/figcaption><\/figure>\n<p>Lembrando que outrora seu cargo foi ocupado por Henrique Meirelles, ent\u00e3o presidente internacional do Banco de Boston, uma das fontes de financiamento do Di\u00e1logo Interamericano, cujo ex-presidente <strong>Fernando Henrique Cardoso<\/strong> em 2002 se tornou vice-presidente, ap\u00f3s um mandato marcado pela frase \u201cesque\u00e7a tudo que eu escrevi\u201d, caracterizado pela ades\u00e3o ao <strong>Consenso de Washington<\/strong>.<\/p>\n<figure id=\"attachment_8350\" aria-describedby=\"caption-attachment-8350\" style=\"width: 345px\" class=\"wp-caption aligncenter\"><img loading=\"lazy\" decoding=\"async\" class=\"size-full wp-image-8350\" src=\"https:\/\/renatodias.online\/movimento\/wp-content\/uploads\/2021\/08\/Caricatura-de-FHC.jpg\" alt=\"\" width=\"345\" height=\"591\" \/><figcaption id=\"caption-attachment-8350\" class=\"wp-caption-text\"><strong>Fernando Henrique Cardoso<\/strong><\/figcaption><\/figure>\n<h1><span style=\"color: #0000ff;\"><strong>Sem soberania<\/strong><\/span><\/h1>\n<p>Enfraquecendo nossa soberania pela fragiliza\u00e7\u00e3o de nossa defesa, destrui\u00e7\u00e3o das nossas ind\u00fastrias, permiss\u00e3o \u00e0s organiza\u00e7\u00f5es alien\u00edgenas interferirem nas quest\u00f5es de terra, ind\u00edgenas, de defesa, de seguran\u00e7a p\u00fablica e at\u00e9 econ\u00f4micas, com at\u00e9 2005 vindo um membro do FMI para auditar as nossas contas, condenando o destino do Brasil a ser um Haiti de dimens\u00f5es continentais em um futuro n\u00e3o muito distante.<\/p>\n<figure id=\"attachment_9897\" aria-describedby=\"caption-attachment-9897\" style=\"width: 2560px\" class=\"wp-caption alignnone\"><img loading=\"lazy\" decoding=\"async\" class=\"size-full wp-image-9897\" src=\"https:\/\/renatodias.online\/movimento\/wp-content\/uploads\/2021\/11\/Haiti-scaled.jpg\" alt=\"\" width=\"2560\" height=\"1718\" srcset=\"https:\/\/renatodias.online\/movimento\/wp-content\/uploads\/2021\/11\/Haiti-scaled.jpg 2560w, https:\/\/renatodias.online\/movimento\/wp-content\/uploads\/2021\/11\/Haiti-300x201.jpg 300w, https:\/\/renatodias.online\/movimento\/wp-content\/uploads\/2021\/11\/Haiti-1526x1024.jpg 1526w, https:\/\/renatodias.online\/movimento\/wp-content\/uploads\/2021\/11\/Haiti-768x515.jpg 768w, https:\/\/renatodias.online\/movimento\/wp-content\/uploads\/2021\/11\/Haiti-1536x1031.jpg 1536w, https:\/\/renatodias.online\/movimento\/wp-content\/uploads\/2021\/11\/Haiti-2048x1374.jpg 2048w, https:\/\/renatodias.online\/movimento\/wp-content\/uploads\/2021\/11\/Haiti-750x503.jpg 750w\" sizes=\"auto, (max-width: 2560px) 100vw, 2560px\" \/><figcaption id=\"caption-attachment-9897\" class=\"wp-caption-text\"><strong>Porto Pr\u00edncipe, Haiti<\/strong><\/figcaption><\/figure>\n","protected":false},"excerpt":{"rendered":"<p>Projeto estrat\u00e9gico do Quinto Movimento Ricardo Dias Filho Fico contente em saber que terei em quem votar para a presid\u00eancia, pois o Brasil, mais do que nunca, precisa de uma lideran\u00e7a que guie a na\u00e7\u00e3o e seu povo a tomar um rumo, ou a retomar, como Aldo Rebelo prega, com o Quinto Movimento. O pa\u00eds<\/p>\n","protected":false},"author":2,"featured_media":9902,"comment_status":"open","ping_status":"open","sticky":false,"template":"","format":"standard","meta":{"_acf_changed":false,"_monsterinsights_skip_tracking":false,"_monsterinsights_sitenote_active":false,"_monsterinsights_sitenote_note":"","_monsterinsights_sitenote_category":0,"footnotes":""},"categories":[83],"tags":[],"class_list":["post-9896","post","type-post","status-publish","format-standard","has-post-thumbnail","hentry","category-opiniao"],"acf":[],"yoast_head":"<!-- This site is optimized with the Yoast SEO plugin v27.4 - https:\/\/yoast.com\/product\/yoast-seo-wordpress\/ -->\n<title>A pr\u00e9-candidatura de Aldo Rebelo -<\/title>\n<meta name=\"robots\" content=\"index, follow, max-snippet:-1, max-image-preview:large, max-video-preview:-1\" \/>\n<link rel=\"canonical\" href=\"https:\/\/renatodias.online\/movimento\/2021\/11\/30\/a-pre-candidatura-de-aldo-rebelo\/\" \/>\n<meta property=\"og:locale\" content=\"pt_BR\" \/>\n<meta property=\"og:type\" content=\"article\" \/>\n<meta property=\"og:title\" content=\"A pr\u00e9-candidatura de Aldo Rebelo -\" \/>\n<meta property=\"og:description\" content=\"Projeto estrat\u00e9gico do Quinto Movimento Ricardo Dias Filho Fico contente em saber que terei em quem votar para a presid\u00eancia, pois o Brasil, mais do que nunca, precisa de uma lideran\u00e7a que guie a na\u00e7\u00e3o e seu povo a tomar um rumo, ou a retomar, como Aldo Rebelo prega, com o Quinto Movimento. O pa\u00eds\" \/>\n<meta property=\"og:url\" content=\"https:\/\/renatodias.online\/movimento\/2021\/11\/30\/a-pre-candidatura-de-aldo-rebelo\/\" \/>\n<meta property=\"article:publisher\" content=\"https:\/\/www.facebook.com\/renato.dias.37\" \/>\n<meta property=\"article:author\" content=\"https:\/\/www.facebook.com\/renato.dias.37\" \/>\n<meta property=\"article:published_time\" content=\"2021-11-30T19:09:54+00:00\" \/>\n<meta property=\"og:image\" content=\"https:\/\/renatodias.online\/movimento\/wp-content\/uploads\/2021\/11\/Ricardo-Dias-Filho-e1638376541244.png\" \/>\n\t<meta property=\"og:image:width\" content=\"320\" \/>\n\t<meta property=\"og:image:height\" content=\"467\" \/>\n\t<meta property=\"og:image:type\" content=\"image\/png\" \/>\n<meta name=\"author\" content=\"Renato Dias\" \/>\n<meta name=\"twitter:card\" content=\"summary_large_image\" \/>\n<meta name=\"twitter:creator\" content=\"@RenatoDiasBat\" \/>\n<meta name=\"twitter:site\" content=\"@RenatoDiasBat\" \/>\n<meta name=\"twitter:label1\" content=\"Escrito por\" \/>\n\t<meta name=\"twitter:data1\" content=\"Renato Dias\" \/>\n\t<meta name=\"twitter:label2\" content=\"Est. tempo de leitura\" \/>\n\t<meta name=\"twitter:data2\" content=\"2 minutos\" \/>\n<script type=\"application\/ld+json\" class=\"yoast-schema-graph\">{\"@context\":\"https:\\\/\\\/schema.org\",\"@graph\":[{\"@type\":\"Article\",\"@id\":\"https:\\\/\\\/renatodias.online\\\/movimento\\\/2021\\\/11\\\/30\\\/a-pre-candidatura-de-aldo-rebelo\\\/#article\",\"isPartOf\":{\"@id\":\"https:\\\/\\\/renatodias.online\\\/movimento\\\/2021\\\/11\\\/30\\\/a-pre-candidatura-de-aldo-rebelo\\\/\"},\"author\":{\"name\":\"Renato Dias\",\"@id\":\"https:\\\/\\\/renatodias.online\\\/movimento\\\/#\\\/schema\\\/person\\\/bbab28833b1725a20f4083f49f1fb2a9\"},\"headline\":\"A pr\u00e9-candidatura de Aldo Rebelo\",\"datePublished\":\"2021-11-30T19:09:54+00:00\",\"mainEntityOfPage\":{\"@id\":\"https:\\\/\\\/renatodias.online\\\/movimento\\\/2021\\\/11\\\/30\\\/a-pre-candidatura-de-aldo-rebelo\\\/\"},\"wordCount\":496,\"commentCount\":0,\"publisher\":{\"@id\":\"https:\\\/\\\/renatodias.online\\\/movimento\\\/#\\\/schema\\\/person\\\/bbab28833b1725a20f4083f49f1fb2a9\"},\"image\":{\"@id\":\"https:\\\/\\\/renatodias.online\\\/movimento\\\/2021\\\/11\\\/30\\\/a-pre-candidatura-de-aldo-rebelo\\\/#primaryimage\"},\"thumbnailUrl\":\"https:\\\/\\\/renatodias.online\\\/movimento\\\/wp-content\\\/uploads\\\/2021\\\/11\\\/Ricardo-Dias-Filho-e1638376541244.png\",\"articleSection\":[\"Opini\u00e3o\"],\"inLanguage\":\"pt-BR\",\"potentialAction\":[{\"@type\":\"CommentAction\",\"name\":\"Comment\",\"target\":[\"https:\\\/\\\/renatodias.online\\\/movimento\\\/2021\\\/11\\\/30\\\/a-pre-candidatura-de-aldo-rebelo\\\/#respond\"]}]},{\"@type\":\"WebPage\",\"@id\":\"https:\\\/\\\/renatodias.online\\\/movimento\\\/2021\\\/11\\\/30\\\/a-pre-candidatura-de-aldo-rebelo\\\/\",\"url\":\"https:\\\/\\\/renatodias.online\\\/movimento\\\/2021\\\/11\\\/30\\\/a-pre-candidatura-de-aldo-rebelo\\\/\",\"name\":\"A pr\u00e9-candidatura de Aldo Rebelo -\",\"isPartOf\":{\"@id\":\"https:\\\/\\\/renatodias.online\\\/movimento\\\/#website\"},\"primaryImageOfPage\":{\"@id\":\"https:\\\/\\\/renatodias.online\\\/movimento\\\/2021\\\/11\\\/30\\\/a-pre-candidatura-de-aldo-rebelo\\\/#primaryimage\"},\"image\":{\"@id\":\"https:\\\/\\\/renatodias.online\\\/movimento\\\/2021\\\/11\\\/30\\\/a-pre-candidatura-de-aldo-rebelo\\\/#primaryimage\"},\"thumbnailUrl\":\"https:\\\/\\\/renatodias.online\\\/movimento\\\/wp-content\\\/uploads\\\/2021\\\/11\\\/Ricardo-Dias-Filho-e1638376541244.png\",\"datePublished\":\"2021-11-30T19:09:54+00:00\",\"breadcrumb\":{\"@id\":\"https:\\\/\\\/renatodias.online\\\/movimento\\\/2021\\\/11\\\/30\\\/a-pre-candidatura-de-aldo-rebelo\\\/#breadcrumb\"},\"inLanguage\":\"pt-BR\",\"potentialAction\":[{\"@type\":\"ReadAction\",\"target\":[\"https:\\\/\\\/renatodias.online\\\/movimento\\\/2021\\\/11\\\/30\\\/a-pre-candidatura-de-aldo-rebelo\\\/\"]}]},{\"@type\":\"ImageObject\",\"inLanguage\":\"pt-BR\",\"@id\":\"https:\\\/\\\/renatodias.online\\\/movimento\\\/2021\\\/11\\\/30\\\/a-pre-candidatura-de-aldo-rebelo\\\/#primaryimage\",\"url\":\"https:\\\/\\\/renatodias.online\\\/movimento\\\/wp-content\\\/uploads\\\/2021\\\/11\\\/Ricardo-Dias-Filho-e1638376541244.png\",\"contentUrl\":\"https:\\\/\\\/renatodias.online\\\/movimento\\\/wp-content\\\/uploads\\\/2021\\\/11\\\/Ricardo-Dias-Filho-e1638376541244.png\",\"width\":320,\"height\":467,\"caption\":\"Ricardo Dias Filho\"},{\"@type\":\"BreadcrumbList\",\"@id\":\"https:\\\/\\\/renatodias.online\\\/movimento\\\/2021\\\/11\\\/30\\\/a-pre-candidatura-de-aldo-rebelo\\\/#breadcrumb\",\"itemListElement\":[{\"@type\":\"ListItem\",\"position\":1,\"name\":\"In\u00edcio\",\"item\":\"https:\\\/\\\/renatodias.online\\\/movimento\\\/\"},{\"@type\":\"ListItem\",\"position\":2,\"name\":\"A pr\u00e9-candidatura de Aldo Rebelo\"}]},{\"@type\":\"WebSite\",\"@id\":\"https:\\\/\\\/renatodias.online\\\/movimento\\\/#website\",\"url\":\"https:\\\/\\\/renatodias.online\\\/movimento\\\/\",\"name\":\"\",\"description\":\"\",\"publisher\":{\"@id\":\"https:\\\/\\\/renatodias.online\\\/movimento\\\/#\\\/schema\\\/person\\\/bbab28833b1725a20f4083f49f1fb2a9\"},\"potentialAction\":[{\"@type\":\"SearchAction\",\"target\":{\"@type\":\"EntryPoint\",\"urlTemplate\":\"https:\\\/\\\/renatodias.online\\\/movimento\\\/?s={search_term_string}\"},\"query-input\":{\"@type\":\"PropertyValueSpecification\",\"valueRequired\":true,\"valueName\":\"search_term_string\"}}],\"inLanguage\":\"pt-BR\"},{\"@type\":[\"Person\",\"Organization\"],\"@id\":\"https:\\\/\\\/renatodias.online\\\/movimento\\\/#\\\/schema\\\/person\\\/bbab28833b1725a20f4083f49f1fb2a9\",\"name\":\"Renato Dias\",\"image\":{\"@type\":\"ImageObject\",\"inLanguage\":\"pt-BR\",\"@id\":\"https:\\\/\\\/renatodias.online\\\/movimento\\\/wp-content\\\/uploads\\\/2023\\\/03\\\/cropped-cropped-cropped-logofinal.jpeg\",\"url\":\"https:\\\/\\\/renatodias.online\\\/movimento\\\/wp-content\\\/uploads\\\/2023\\\/03\\\/cropped-cropped-cropped-logofinal.jpeg\",\"contentUrl\":\"https:\\\/\\\/renatodias.online\\\/movimento\\\/wp-content\\\/uploads\\\/2023\\\/03\\\/cropped-cropped-cropped-logofinal.jpeg\",\"width\":1280,\"height\":219,\"caption\":\"Renato Dias\"},\"logo\":{\"@id\":\"https:\\\/\\\/renatodias.online\\\/movimento\\\/wp-content\\\/uploads\\\/2023\\\/03\\\/cropped-cropped-cropped-logofinal.jpeg\"},\"description\":\"Renato Dias, 58 anos, \u00e9 graduado em Jornalismo, formado em Ci\u00eancias Sociais, com p\u00f3s-gradua\u00e7\u00e3o em Pol\u00edticas P\u00fablicas, mestre em Direito e Rela\u00e7\u00f5es Internacionais, ex-aluno extraordin\u00e1rio do Doutorado em Psicologia Social, ex-estudante do Curso de Psican\u00e1lise do Centro de Estudos Psicanal\u00edticos do Estado de Goi\u00e1s, ministrado pelo m\u00e9dico psiquiatra e psicanalista Daniel Em\u00eddio de Souza. \u00c9 autor de 30 livros-reportagem, oito document\u00e1rios, ganhou 30 pr\u00eamios e \u00e9 torcedor apaixonado do maior do Centro-Oeste, o Vila Nova Futebol Clube. Casado com Meirilane Dias, \u00e9 pai de Juliana Dias, jornalista; Daniel Dias, economista; e Maria Rosa Dias, estudante antifascista, socialista e trotskista.\u00a0Com tr\u00eas pets: Porquinho [Bull Dog Franc\u00eas], Dalila [Basset Hound] e Geleia [Basset Hound]. Al\u00e9m do eterno gato Tutuquinho, que virou estrela.\",\"sameAs\":[\"https:\\\/\\\/www.facebook.com\\\/renato.dias.37\",\"#breve\",\"https:\\\/\\\/renatodias.tumblr.com\\\/\"],\"url\":\"https:\\\/\\\/renatodias.online\\\/movimento\\\/author\\\/renatodias\\\/\"}]}<\/script>\n<!-- \/ Yoast SEO plugin. -->","yoast_head_json":{"title":"A pr\u00e9-candidatura de Aldo Rebelo -","robots":{"index":"index","follow":"follow","max-snippet":"max-snippet:-1","max-image-preview":"max-image-preview:large","max-video-preview":"max-video-preview:-1"},"canonical":"https:\/\/renatodias.online\/movimento\/2021\/11\/30\/a-pre-candidatura-de-aldo-rebelo\/","og_locale":"pt_BR","og_type":"article","og_title":"A pr\u00e9-candidatura de Aldo Rebelo -","og_description":"Projeto estrat\u00e9gico do Quinto Movimento Ricardo Dias Filho Fico contente em saber que terei em quem votar para a presid\u00eancia, pois o Brasil, mais do que nunca, precisa de uma lideran\u00e7a que guie a na\u00e7\u00e3o e seu povo a tomar um rumo, ou a retomar, como Aldo Rebelo prega, com o Quinto Movimento. O pa\u00eds","og_url":"https:\/\/renatodias.online\/movimento\/2021\/11\/30\/a-pre-candidatura-de-aldo-rebelo\/","article_publisher":"https:\/\/www.facebook.com\/renato.dias.37","article_author":"https:\/\/www.facebook.com\/renato.dias.37","article_published_time":"2021-11-30T19:09:54+00:00","og_image":[{"width":320,"height":467,"url":"https:\/\/renatodias.online\/movimento\/wp-content\/uploads\/2021\/11\/Ricardo-Dias-Filho-e1638376541244.png","type":"image\/png"}],"author":"Renato Dias","twitter_card":"summary_large_image","twitter_creator":"@RenatoDiasBat","twitter_site":"@RenatoDiasBat","twitter_misc":{"Escrito por":"Renato Dias","Est. tempo de leitura":"2 minutos"},"schema":{"@context":"https:\/\/schema.org","@graph":[{"@type":"Article","@id":"https:\/\/renatodias.online\/movimento\/2021\/11\/30\/a-pre-candidatura-de-aldo-rebelo\/#article","isPartOf":{"@id":"https:\/\/renatodias.online\/movimento\/2021\/11\/30\/a-pre-candidatura-de-aldo-rebelo\/"},"author":{"name":"Renato Dias","@id":"https:\/\/renatodias.online\/movimento\/#\/schema\/person\/bbab28833b1725a20f4083f49f1fb2a9"},"headline":"A pr\u00e9-candidatura de Aldo Rebelo","datePublished":"2021-11-30T19:09:54+00:00","mainEntityOfPage":{"@id":"https:\/\/renatodias.online\/movimento\/2021\/11\/30\/a-pre-candidatura-de-aldo-rebelo\/"},"wordCount":496,"commentCount":0,"publisher":{"@id":"https:\/\/renatodias.online\/movimento\/#\/schema\/person\/bbab28833b1725a20f4083f49f1fb2a9"},"image":{"@id":"https:\/\/renatodias.online\/movimento\/2021\/11\/30\/a-pre-candidatura-de-aldo-rebelo\/#primaryimage"},"thumbnailUrl":"https:\/\/renatodias.online\/movimento\/wp-content\/uploads\/2021\/11\/Ricardo-Dias-Filho-e1638376541244.png","articleSection":["Opini\u00e3o"],"inLanguage":"pt-BR","potentialAction":[{"@type":"CommentAction","name":"Comment","target":["https:\/\/renatodias.online\/movimento\/2021\/11\/30\/a-pre-candidatura-de-aldo-rebelo\/#respond"]}]},{"@type":"WebPage","@id":"https:\/\/renatodias.online\/movimento\/2021\/11\/30\/a-pre-candidatura-de-aldo-rebelo\/","url":"https:\/\/renatodias.online\/movimento\/2021\/11\/30\/a-pre-candidatura-de-aldo-rebelo\/","name":"A pr\u00e9-candidatura de Aldo Rebelo -","isPartOf":{"@id":"https:\/\/renatodias.online\/movimento\/#website"},"primaryImageOfPage":{"@id":"https:\/\/renatodias.online\/movimento\/2021\/11\/30\/a-pre-candidatura-de-aldo-rebelo\/#primaryimage"},"image":{"@id":"https:\/\/renatodias.online\/movimento\/2021\/11\/30\/a-pre-candidatura-de-aldo-rebelo\/#primaryimage"},"thumbnailUrl":"https:\/\/renatodias.online\/movimento\/wp-content\/uploads\/2021\/11\/Ricardo-Dias-Filho-e1638376541244.png","datePublished":"2021-11-30T19:09:54+00:00","breadcrumb":{"@id":"https:\/\/renatodias.online\/movimento\/2021\/11\/30\/a-pre-candidatura-de-aldo-rebelo\/#breadcrumb"},"inLanguage":"pt-BR","potentialAction":[{"@type":"ReadAction","target":["https:\/\/renatodias.online\/movimento\/2021\/11\/30\/a-pre-candidatura-de-aldo-rebelo\/"]}]},{"@type":"ImageObject","inLanguage":"pt-BR","@id":"https:\/\/renatodias.online\/movimento\/2021\/11\/30\/a-pre-candidatura-de-aldo-rebelo\/#primaryimage","url":"https:\/\/renatodias.online\/movimento\/wp-content\/uploads\/2021\/11\/Ricardo-Dias-Filho-e1638376541244.png","contentUrl":"https:\/\/renatodias.online\/movimento\/wp-content\/uploads\/2021\/11\/Ricardo-Dias-Filho-e1638376541244.png","width":320,"height":467,"caption":"Ricardo Dias Filho"},{"@type":"BreadcrumbList","@id":"https:\/\/renatodias.online\/movimento\/2021\/11\/30\/a-pre-candidatura-de-aldo-rebelo\/#breadcrumb","itemListElement":[{"@type":"ListItem","position":1,"name":"In\u00edcio","item":"https:\/\/renatodias.online\/movimento\/"},{"@type":"ListItem","position":2,"name":"A pr\u00e9-candidatura de Aldo Rebelo"}]},{"@type":"WebSite","@id":"https:\/\/renatodias.online\/movimento\/#website","url":"https:\/\/renatodias.online\/movimento\/","name":"","description":"","publisher":{"@id":"https:\/\/renatodias.online\/movimento\/#\/schema\/person\/bbab28833b1725a20f4083f49f1fb2a9"},"potentialAction":[{"@type":"SearchAction","target":{"@type":"EntryPoint","urlTemplate":"https:\/\/renatodias.online\/movimento\/?s={search_term_string}"},"query-input":{"@type":"PropertyValueSpecification","valueRequired":true,"valueName":"search_term_string"}}],"inLanguage":"pt-BR"},{"@type":["Person","Organization"],"@id":"https:\/\/renatodias.online\/movimento\/#\/schema\/person\/bbab28833b1725a20f4083f49f1fb2a9","name":"Renato Dias","image":{"@type":"ImageObject","inLanguage":"pt-BR","@id":"https:\/\/renatodias.online\/movimento\/wp-content\/uploads\/2023\/03\/cropped-cropped-cropped-logofinal.jpeg","url":"https:\/\/renatodias.online\/movimento\/wp-content\/uploads\/2023\/03\/cropped-cropped-cropped-logofinal.jpeg","contentUrl":"https:\/\/renatodias.online\/movimento\/wp-content\/uploads\/2023\/03\/cropped-cropped-cropped-logofinal.jpeg","width":1280,"height":219,"caption":"Renato Dias"},"logo":{"@id":"https:\/\/renatodias.online\/movimento\/wp-content\/uploads\/2023\/03\/cropped-cropped-cropped-logofinal.jpeg"},"description":"Renato Dias, 58 anos, \u00e9 graduado em Jornalismo, formado em Ci\u00eancias Sociais, com p\u00f3s-gradua\u00e7\u00e3o em Pol\u00edticas P\u00fablicas, mestre em Direito e Rela\u00e7\u00f5es Internacionais, ex-aluno extraordin\u00e1rio do Doutorado em Psicologia Social, ex-estudante do Curso de Psican\u00e1lise do Centro de Estudos Psicanal\u00edticos do Estado de Goi\u00e1s, ministrado pelo m\u00e9dico psiquiatra e psicanalista Daniel Em\u00eddio de Souza. \u00c9 autor de 30 livros-reportagem, oito document\u00e1rios, ganhou 30 pr\u00eamios e \u00e9 torcedor apaixonado do maior do Centro-Oeste, o Vila Nova Futebol Clube. Casado com Meirilane Dias, \u00e9 pai de Juliana Dias, jornalista; Daniel Dias, economista; e Maria Rosa Dias, estudante antifascista, socialista e trotskista.\u00a0Com tr\u00eas pets: Porquinho [Bull Dog Franc\u00eas], Dalila [Basset Hound] e Geleia [Basset Hound]. Al\u00e9m do eterno gato Tutuquinho, que virou estrela.","sameAs":["https:\/\/www.facebook.com\/renato.dias.37","#breve","https:\/\/renatodias.tumblr.com\/"],"url":"https:\/\/renatodias.online\/movimento\/author\/renatodias\/"}]}},"_links":{"self":[{"href":"https:\/\/renatodias.online\/movimento\/wp-json\/wp\/v2\/posts\/9896","targetHints":{"allow":["GET"]}}],"collection":[{"href":"https:\/\/renatodias.online\/movimento\/wp-json\/wp\/v2\/posts"}],"about":[{"href":"https:\/\/renatodias.online\/movimento\/wp-json\/wp\/v2\/types\/post"}],"author":[{"embeddable":true,"href":"https:\/\/renatodias.online\/movimento\/wp-json\/wp\/v2\/users\/2"}],"replies":[{"embeddable":true,"href":"https:\/\/renatodias.online\/movimento\/wp-json\/wp\/v2\/comments?post=9896"}],"version-history":[{"count":1,"href":"https:\/\/renatodias.online\/movimento\/wp-json\/wp\/v2\/posts\/9896\/revisions"}],"predecessor-version":[{"id":9903,"href":"https:\/\/renatodias.online\/movimento\/wp-json\/wp\/v2\/posts\/9896\/revisions\/9903"}],"wp:featuredmedia":[{"embeddable":true,"href":"https:\/\/renatodias.online\/movimento\/wp-json\/wp\/v2\/media\/9902"}],"wp:attachment":[{"href":"https:\/\/renatodias.online\/movimento\/wp-json\/wp\/v2\/media?parent=9896"}],"wp:term":[{"taxonomy":"category","embeddable":true,"href":"https:\/\/renatodias.online\/movimento\/wp-json\/wp\/v2\/categories?post=9896"},{"taxonomy":"post_tag","embeddable":true,"href":"https:\/\/renatodias.online\/movimento\/wp-json\/wp\/v2\/tags?post=9896"}],"curies":[{"name":"wp","href":"https:\/\/api.w.org\/{rel}","templated":true}]}}