{"id":9778,"date":"2021-11-25T18:20:06","date_gmt":"2021-11-25T21:20:06","guid":{"rendered":"https:\/\/renatodias.online\/movimento\/?p=9778"},"modified":"2021-11-25T23:19:48","modified_gmt":"2021-11-26T02:19:48","slug":"vilmar-rocha-quer-3a-via","status":"publish","type":"post","link":"https:\/\/renatodias.online\/movimento\/2021\/11\/25\/vilmar-rocha-quer-3a-via\/","title":{"rendered":"Vilmar Rocha quer terceira via"},"content":{"rendered":"<p><img loading=\"lazy\" decoding=\"async\" class=\"alignnone size-full wp-image-5007\" src=\"https:\/\/renatodias.online\/movimento\/wp-content\/uploads\/2021\/01\/Alto-da-p\u00e1gina-Banner-Exclusivo.png\" alt=\"\" width=\"1224\" height=\"372\" \/><\/p>\n<h1 style=\"text-align: center;\"><span style=\"color: #0000ff;\">Vilmar Rocha quer 3\u00aa via<\/span><\/h1>\n<h1 dir=\"auto\" style=\"text-align: center;\"><span style=\"color: #808000;\">Presidente do PSD dialoga com Michel Temer<\/span><\/h1>\n<div dir=\"auto\"><\/div>\n<div dir=\"auto\">\n<figure id=\"attachment_9779\" aria-describedby=\"caption-attachment-9779\" style=\"width: 1080px\" class=\"wp-caption alignnone\"><img loading=\"lazy\" decoding=\"async\" class=\"size-full wp-image-9779\" src=\"https:\/\/renatodias.online\/movimento\/wp-content\/uploads\/2021\/11\/Vilmar-Rocha-em-Forum-Nacional-do-PSD.png\" alt=\"\" width=\"1080\" height=\"819\" srcset=\"https:\/\/renatodias.online\/movimento\/wp-content\/uploads\/2021\/11\/Vilmar-Rocha-em-Forum-Nacional-do-PSD.png 1080w, https:\/\/renatodias.online\/movimento\/wp-content\/uploads\/2021\/11\/Vilmar-Rocha-em-Forum-Nacional-do-PSD-300x228.png 300w, https:\/\/renatodias.online\/movimento\/wp-content\/uploads\/2021\/11\/Vilmar-Rocha-em-Forum-Nacional-do-PSD-768x582.png 768w, https:\/\/renatodias.online\/movimento\/wp-content\/uploads\/2021\/11\/Vilmar-Rocha-em-Forum-Nacional-do-PSD-750x569.png 750w\" sizes=\"auto, (max-width: 1080px) 100vw, 1080px\" \/><figcaption id=\"caption-attachment-9779\" class=\"wp-caption-text\"><strong>Vilmar Rocha em F\u00f3rum Nacional do PSD<\/strong><\/figcaption><\/figure>\n<\/div>\n<div dir=\"auto\"><\/div>\n<h2 dir=\"auto\" style=\"text-align: left;\"><span style=\"color: #800080;\">Ex &#8211; deputado federal participa de f\u00f3rum nacional em Bras\u00edlia<\/span><\/h2>\n<div dir=\"auto\"><\/div>\n<div dir=\"auto\"><strong>Renato Dias<\/strong><\/div>\n<div dir=\"auto\">Presidente do PSD, em Goi\u00e1s, o professor de Direito Constitucional <strong>Vilmar Rocha<\/strong> participou de f\u00f3rum nacional da legenda. O encontro ocorreu em Bras\u00edlia. A Capital da Republica. A sigla quer construir a <strong>Terceira Via.<\/strong><\/div>\n<div dir=\"auto\"><\/div>\n<div dir=\"auto\">\n<figure id=\"attachment_8113\" aria-describedby=\"caption-attachment-8113\" style=\"width: 1500px\" class=\"wp-caption alignnone\"><img loading=\"lazy\" decoding=\"async\" class=\"size-full wp-image-8113\" src=\"https:\/\/renatodias.online\/movimento\/wp-content\/uploads\/2021\/07\/Gilberto-Kassab.jpg\" alt=\"\" width=\"1500\" height=\"1000\" srcset=\"https:\/\/renatodias.online\/movimento\/wp-content\/uploads\/2021\/07\/Gilberto-Kassab.jpg 1500w, https:\/\/renatodias.online\/movimento\/wp-content\/uploads\/2021\/07\/Gilberto-Kassab-300x200.jpg 300w, https:\/\/renatodias.online\/movimento\/wp-content\/uploads\/2021\/07\/Gilberto-Kassab-768x512.jpg 768w, https:\/\/renatodias.online\/movimento\/wp-content\/uploads\/2021\/07\/Gilberto-Kassab-360x240.jpg 360w, https:\/\/renatodias.online\/movimento\/wp-content\/uploads\/2021\/07\/Gilberto-Kassab-750x500.jpg 750w\" sizes=\"auto, (max-width: 1500px) 100vw, 1500px\" \/><figcaption id=\"caption-attachment-8113\" class=\"wp-caption-text\"><strong>Gilberto Kassab<\/strong><\/figcaption><\/figure>\n<\/div>\n<div dir=\"auto\"><\/div>\n<div dir=\"auto\">O ex &#8211; ministro <strong>Gilberto Kassab<\/strong> prop\u00f5e, hoje, o nome do senador da Rep\u00fablica <strong>Rodrigo Pacheco<\/strong>. Op\u00e7\u00e3o \u00e0 polariza\u00e7\u00e3o Luiz In\u00e1cio Lula da Silva e Jair Messias Bolsonaro. \u00c0s elei\u00e7\u00f5es de 2022. Ao Pal\u00e1cio do Planalto.<\/div>\n<div dir=\"auto\"><\/div>\n<div dir=\"auto\">\n<figure id=\"attachment_9780\" aria-describedby=\"caption-attachment-9780\" style=\"width: 868px\" class=\"wp-caption alignnone\"><img loading=\"lazy\" decoding=\"async\" class=\"size-full wp-image-9780\" src=\"https:\/\/renatodias.online\/movimento\/wp-content\/uploads\/2021\/11\/Rodrigo-Pacheco.jpeg\" alt=\"\" width=\"868\" height=\"644\" \/><figcaption id=\"caption-attachment-9780\" class=\"wp-caption-text\"><strong>Presidente do Senado, Rodrigo Pacheco _ Poder360<\/strong><\/figcaption><\/figure>\n<\/div>\n<div dir=\"auto\"><\/div>\n<h1 dir=\"auto\"><span style=\"color: #ff6600;\"><strong>Tomar um caf\u00e9<\/strong><\/span><\/h1>\n<div dir=\"auto\">Vilmar Rocha informa ter trocado dois dedos de prosa com o ex &#8211; presidente da Rep\u00fablica <strong>Michel Temer<\/strong> [MDB-SP]. No bate-papo impress\u00f5es do cen\u00e1rio pol\u00edtico nacional. Uma nova conversa est\u00e1 programada em<strong> S\u00e3o Paulo.<\/strong><\/div>\n<div dir=\"auto\"><\/div>\n<div dir=\"auto\">\n<figure id=\"attachment_9781\" aria-describedby=\"caption-attachment-9781\" style=\"width: 1080px\" class=\"wp-caption alignnone\"><img loading=\"lazy\" decoding=\"async\" class=\"size-full wp-image-9781\" src=\"https:\/\/renatodias.online\/movimento\/wp-content\/uploads\/2021\/11\/Vilmar-Rocha-e-Michel-Temer.png\" alt=\"\" width=\"1080\" height=\"1324\" \/><figcaption id=\"caption-attachment-9781\" class=\"wp-caption-text\"><strong>Vilmar Rocha e Michel Temer<\/strong><\/figcaption><\/figure>\n<\/div>\n<div dir=\"auto\"><\/div>\n","protected":false},"excerpt":{"rendered":"<p>Vilmar Rocha quer 3\u00aa via Presidente do PSD dialoga com Michel Temer Ex &#8211; deputado federal participa de f\u00f3rum nacional em Bras\u00edlia Renato Dias Presidente do PSD, em Goi\u00e1s, o professor de Direito Constitucional Vilmar Rocha participou de f\u00f3rum nacional da legenda. O encontro ocorreu em Bras\u00edlia. A Capital da Republica. A sigla quer construir<\/p>\n","protected":false},"author":2,"featured_media":8116,"comment_status":"open","ping_status":"open","sticky":false,"template":"","format":"standard","meta":{"_acf_changed":false,"_monsterinsights_skip_tracking":false,"_monsterinsights_sitenote_active":false,"_monsterinsights_sitenote_note":"","_monsterinsights_sitenote_category":0,"footnotes":""},"categories":[35],"tags":[],"class_list":["post-9778","post","type-post","status-publish","format-standard","has-post-thumbnail","hentry","category-nacional"],"acf":[],"yoast_head":"<!-- This site is optimized with the Yoast SEO plugin v27.4 - https:\/\/yoast.com\/product\/yoast-seo-wordpress\/ -->\n<title>Vilmar Rocha quer terceira via -<\/title>\n<meta name=\"robots\" content=\"index, follow, max-snippet:-1, max-image-preview:large, max-video-preview:-1\" \/>\n<link rel=\"canonical\" href=\"https:\/\/renatodias.online\/movimento\/2021\/11\/25\/vilmar-rocha-quer-3a-via\/\" \/>\n<meta property=\"og:locale\" content=\"pt_BR\" \/>\n<meta property=\"og:type\" content=\"article\" \/>\n<meta property=\"og:title\" content=\"Vilmar Rocha quer terceira via -\" \/>\n<meta property=\"og:description\" content=\"Vilmar Rocha quer 3\u00aa via Presidente do PSD dialoga com Michel Temer Ex &#8211; deputado federal participa de f\u00f3rum nacional em Bras\u00edlia Renato Dias Presidente do PSD, em Goi\u00e1s, o professor de Direito Constitucional Vilmar Rocha participou de f\u00f3rum nacional da legenda. O encontro ocorreu em Bras\u00edlia. A Capital da Republica. A sigla quer construir\" \/>\n<meta property=\"og:url\" content=\"https:\/\/renatodias.online\/movimento\/2021\/11\/25\/vilmar-rocha-quer-3a-via\/\" \/>\n<meta property=\"article:publisher\" content=\"https:\/\/www.facebook.com\/renato.dias.37\" \/>\n<meta property=\"article:author\" content=\"https:\/\/www.facebook.com\/renato.dias.37\" \/>\n<meta property=\"article:published_time\" content=\"2021-11-25T21:20:06+00:00\" \/>\n<meta property=\"article:modified_time\" content=\"2021-11-26T02:19:48+00:00\" \/>\n<meta property=\"og:image\" content=\"https:\/\/renatodias.online\/movimento\/wp-content\/uploads\/2021\/07\/Vilmar-Rocha-1-e1637893177269.jpg\" \/>\n\t<meta property=\"og:image:width\" content=\"300\" \/>\n\t<meta property=\"og:image:height\" content=\"191\" \/>\n\t<meta property=\"og:image:type\" content=\"image\/jpeg\" \/>\n<meta name=\"author\" content=\"Renato Dias\" \/>\n<meta name=\"twitter:card\" content=\"summary_large_image\" \/>\n<meta name=\"twitter:creator\" content=\"@RenatoDiasBat\" \/>\n<meta name=\"twitter:site\" content=\"@RenatoDiasBat\" \/>\n<meta name=\"twitter:label1\" content=\"Escrito por\" \/>\n\t<meta name=\"twitter:data1\" content=\"Renato Dias\" \/>\n\t<meta name=\"twitter:label2\" content=\"Est. tempo de leitura\" \/>\n\t<meta name=\"twitter:data2\" content=\"1 minuto\" \/>\n<script type=\"application\/ld+json\" class=\"yoast-schema-graph\">{\"@context\":\"https:\\\/\\\/schema.org\",\"@graph\":[{\"@type\":\"Article\",\"@id\":\"https:\\\/\\\/renatodias.online\\\/movimento\\\/2021\\\/11\\\/25\\\/vilmar-rocha-quer-3a-via\\\/#article\",\"isPartOf\":{\"@id\":\"https:\\\/\\\/renatodias.online\\\/movimento\\\/2021\\\/11\\\/25\\\/vilmar-rocha-quer-3a-via\\\/\"},\"author\":{\"name\":\"Renato Dias\",\"@id\":\"https:\\\/\\\/renatodias.online\\\/movimento\\\/#\\\/schema\\\/person\\\/bbab28833b1725a20f4083f49f1fb2a9\"},\"headline\":\"Vilmar Rocha quer terceira via\",\"datePublished\":\"2021-11-25T21:20:06+00:00\",\"dateModified\":\"2021-11-26T02:19:48+00:00\",\"mainEntityOfPage\":{\"@id\":\"https:\\\/\\\/renatodias.online\\\/movimento\\\/2021\\\/11\\\/25\\\/vilmar-rocha-quer-3a-via\\\/\"},\"wordCount\":199,\"commentCount\":0,\"publisher\":{\"@id\":\"https:\\\/\\\/renatodias.online\\\/movimento\\\/#\\\/schema\\\/person\\\/bbab28833b1725a20f4083f49f1fb2a9\"},\"image\":{\"@id\":\"https:\\\/\\\/renatodias.online\\\/movimento\\\/2021\\\/11\\\/25\\\/vilmar-rocha-quer-3a-via\\\/#primaryimage\"},\"thumbnailUrl\":\"https:\\\/\\\/renatodias.online\\\/movimento\\\/wp-content\\\/uploads\\\/2021\\\/07\\\/Vilmar-Rocha-1-e1637893177269.jpg\",\"articleSection\":[\"Nacional\"],\"inLanguage\":\"pt-BR\",\"potentialAction\":[{\"@type\":\"CommentAction\",\"name\":\"Comment\",\"target\":[\"https:\\\/\\\/renatodias.online\\\/movimento\\\/2021\\\/11\\\/25\\\/vilmar-rocha-quer-3a-via\\\/#respond\"]}]},{\"@type\":\"WebPage\",\"@id\":\"https:\\\/\\\/renatodias.online\\\/movimento\\\/2021\\\/11\\\/25\\\/vilmar-rocha-quer-3a-via\\\/\",\"url\":\"https:\\\/\\\/renatodias.online\\\/movimento\\\/2021\\\/11\\\/25\\\/vilmar-rocha-quer-3a-via\\\/\",\"name\":\"Vilmar Rocha quer terceira via -\",\"isPartOf\":{\"@id\":\"https:\\\/\\\/renatodias.online\\\/movimento\\\/#website\"},\"primaryImageOfPage\":{\"@id\":\"https:\\\/\\\/renatodias.online\\\/movimento\\\/2021\\\/11\\\/25\\\/vilmar-rocha-quer-3a-via\\\/#primaryimage\"},\"image\":{\"@id\":\"https:\\\/\\\/renatodias.online\\\/movimento\\\/2021\\\/11\\\/25\\\/vilmar-rocha-quer-3a-via\\\/#primaryimage\"},\"thumbnailUrl\":\"https:\\\/\\\/renatodias.online\\\/movimento\\\/wp-content\\\/uploads\\\/2021\\\/07\\\/Vilmar-Rocha-1-e1637893177269.jpg\",\"datePublished\":\"2021-11-25T21:20:06+00:00\",\"dateModified\":\"2021-11-26T02:19:48+00:00\",\"breadcrumb\":{\"@id\":\"https:\\\/\\\/renatodias.online\\\/movimento\\\/2021\\\/11\\\/25\\\/vilmar-rocha-quer-3a-via\\\/#breadcrumb\"},\"inLanguage\":\"pt-BR\",\"potentialAction\":[{\"@type\":\"ReadAction\",\"target\":[\"https:\\\/\\\/renatodias.online\\\/movimento\\\/2021\\\/11\\\/25\\\/vilmar-rocha-quer-3a-via\\\/\"]}]},{\"@type\":\"ImageObject\",\"inLanguage\":\"pt-BR\",\"@id\":\"https:\\\/\\\/renatodias.online\\\/movimento\\\/2021\\\/11\\\/25\\\/vilmar-rocha-quer-3a-via\\\/#primaryimage\",\"url\":\"https:\\\/\\\/renatodias.online\\\/movimento\\\/wp-content\\\/uploads\\\/2021\\\/07\\\/Vilmar-Rocha-1-e1637893177269.jpg\",\"contentUrl\":\"https:\\\/\\\/renatodias.online\\\/movimento\\\/wp-content\\\/uploads\\\/2021\\\/07\\\/Vilmar-Rocha-1-e1637893177269.jpg\",\"width\":300,\"height\":191,\"caption\":\"Vilmar Rocha\"},{\"@type\":\"BreadcrumbList\",\"@id\":\"https:\\\/\\\/renatodias.online\\\/movimento\\\/2021\\\/11\\\/25\\\/vilmar-rocha-quer-3a-via\\\/#breadcrumb\",\"itemListElement\":[{\"@type\":\"ListItem\",\"position\":1,\"name\":\"In\u00edcio\",\"item\":\"https:\\\/\\\/renatodias.online\\\/movimento\\\/\"},{\"@type\":\"ListItem\",\"position\":2,\"name\":\"Vilmar Rocha quer terceira via\"}]},{\"@type\":\"WebSite\",\"@id\":\"https:\\\/\\\/renatodias.online\\\/movimento\\\/#website\",\"url\":\"https:\\\/\\\/renatodias.online\\\/movimento\\\/\",\"name\":\"\",\"description\":\"\",\"publisher\":{\"@id\":\"https:\\\/\\\/renatodias.online\\\/movimento\\\/#\\\/schema\\\/person\\\/bbab28833b1725a20f4083f49f1fb2a9\"},\"potentialAction\":[{\"@type\":\"SearchAction\",\"target\":{\"@type\":\"EntryPoint\",\"urlTemplate\":\"https:\\\/\\\/renatodias.online\\\/movimento\\\/?s={search_term_string}\"},\"query-input\":{\"@type\":\"PropertyValueSpecification\",\"valueRequired\":true,\"valueName\":\"search_term_string\"}}],\"inLanguage\":\"pt-BR\"},{\"@type\":[\"Person\",\"Organization\"],\"@id\":\"https:\\\/\\\/renatodias.online\\\/movimento\\\/#\\\/schema\\\/person\\\/bbab28833b1725a20f4083f49f1fb2a9\",\"name\":\"Renato Dias\",\"image\":{\"@type\":\"ImageObject\",\"inLanguage\":\"pt-BR\",\"@id\":\"https:\\\/\\\/renatodias.online\\\/movimento\\\/wp-content\\\/uploads\\\/2023\\\/03\\\/cropped-cropped-cropped-logofinal.jpeg\",\"url\":\"https:\\\/\\\/renatodias.online\\\/movimento\\\/wp-content\\\/uploads\\\/2023\\\/03\\\/cropped-cropped-cropped-logofinal.jpeg\",\"contentUrl\":\"https:\\\/\\\/renatodias.online\\\/movimento\\\/wp-content\\\/uploads\\\/2023\\\/03\\\/cropped-cropped-cropped-logofinal.jpeg\",\"width\":1280,\"height\":219,\"caption\":\"Renato Dias\"},\"logo\":{\"@id\":\"https:\\\/\\\/renatodias.online\\\/movimento\\\/wp-content\\\/uploads\\\/2023\\\/03\\\/cropped-cropped-cropped-logofinal.jpeg\"},\"description\":\"Renato Dias, 58 anos, \u00e9 graduado em Jornalismo, formado em Ci\u00eancias Sociais, com p\u00f3s-gradua\u00e7\u00e3o em Pol\u00edticas P\u00fablicas, mestre em Direito e Rela\u00e7\u00f5es Internacionais, ex-aluno extraordin\u00e1rio do Doutorado em Psicologia Social, ex-estudante do Curso de Psican\u00e1lise do Centro de Estudos Psicanal\u00edticos do Estado de Goi\u00e1s, ministrado pelo m\u00e9dico psiquiatra e psicanalista Daniel Em\u00eddio de Souza. \u00c9 autor de 30 livros-reportagem, oito document\u00e1rios, ganhou 30 pr\u00eamios e \u00e9 torcedor apaixonado do maior do Centro-Oeste, o Vila Nova Futebol Clube. Casado com Meirilane Dias, \u00e9 pai de Juliana Dias, jornalista; Daniel Dias, economista; e Maria Rosa Dias, estudante antifascista, socialista e trotskista.\u00a0Com tr\u00eas pets: Porquinho [Bull Dog Franc\u00eas], Dalila [Basset Hound] e Geleia [Basset Hound]. Al\u00e9m do eterno gato Tutuquinho, que virou estrela.\",\"sameAs\":[\"https:\\\/\\\/www.facebook.com\\\/renato.dias.37\",\"#breve\",\"https:\\\/\\\/renatodias.tumblr.com\\\/\"],\"url\":\"https:\\\/\\\/renatodias.online\\\/movimento\\\/author\\\/renatodias\\\/\"}]}<\/script>\n<!-- \/ Yoast SEO plugin. -->","yoast_head_json":{"title":"Vilmar Rocha quer terceira via -","robots":{"index":"index","follow":"follow","max-snippet":"max-snippet:-1","max-image-preview":"max-image-preview:large","max-video-preview":"max-video-preview:-1"},"canonical":"https:\/\/renatodias.online\/movimento\/2021\/11\/25\/vilmar-rocha-quer-3a-via\/","og_locale":"pt_BR","og_type":"article","og_title":"Vilmar Rocha quer terceira via -","og_description":"Vilmar Rocha quer 3\u00aa via Presidente do PSD dialoga com Michel Temer Ex &#8211; deputado federal participa de f\u00f3rum nacional em Bras\u00edlia Renato Dias Presidente do PSD, em Goi\u00e1s, o professor de Direito Constitucional Vilmar Rocha participou de f\u00f3rum nacional da legenda. O encontro ocorreu em Bras\u00edlia. A Capital da Republica. A sigla quer construir","og_url":"https:\/\/renatodias.online\/movimento\/2021\/11\/25\/vilmar-rocha-quer-3a-via\/","article_publisher":"https:\/\/www.facebook.com\/renato.dias.37","article_author":"https:\/\/www.facebook.com\/renato.dias.37","article_published_time":"2021-11-25T21:20:06+00:00","article_modified_time":"2021-11-26T02:19:48+00:00","og_image":[{"width":300,"height":191,"url":"https:\/\/renatodias.online\/movimento\/wp-content\/uploads\/2021\/07\/Vilmar-Rocha-1-e1637893177269.jpg","type":"image\/jpeg"}],"author":"Renato Dias","twitter_card":"summary_large_image","twitter_creator":"@RenatoDiasBat","twitter_site":"@RenatoDiasBat","twitter_misc":{"Escrito por":"Renato Dias","Est. tempo de leitura":"1 minuto"},"schema":{"@context":"https:\/\/schema.org","@graph":[{"@type":"Article","@id":"https:\/\/renatodias.online\/movimento\/2021\/11\/25\/vilmar-rocha-quer-3a-via\/#article","isPartOf":{"@id":"https:\/\/renatodias.online\/movimento\/2021\/11\/25\/vilmar-rocha-quer-3a-via\/"},"author":{"name":"Renato Dias","@id":"https:\/\/renatodias.online\/movimento\/#\/schema\/person\/bbab28833b1725a20f4083f49f1fb2a9"},"headline":"Vilmar Rocha quer terceira via","datePublished":"2021-11-25T21:20:06+00:00","dateModified":"2021-11-26T02:19:48+00:00","mainEntityOfPage":{"@id":"https:\/\/renatodias.online\/movimento\/2021\/11\/25\/vilmar-rocha-quer-3a-via\/"},"wordCount":199,"commentCount":0,"publisher":{"@id":"https:\/\/renatodias.online\/movimento\/#\/schema\/person\/bbab28833b1725a20f4083f49f1fb2a9"},"image":{"@id":"https:\/\/renatodias.online\/movimento\/2021\/11\/25\/vilmar-rocha-quer-3a-via\/#primaryimage"},"thumbnailUrl":"https:\/\/renatodias.online\/movimento\/wp-content\/uploads\/2021\/07\/Vilmar-Rocha-1-e1637893177269.jpg","articleSection":["Nacional"],"inLanguage":"pt-BR","potentialAction":[{"@type":"CommentAction","name":"Comment","target":["https:\/\/renatodias.online\/movimento\/2021\/11\/25\/vilmar-rocha-quer-3a-via\/#respond"]}]},{"@type":"WebPage","@id":"https:\/\/renatodias.online\/movimento\/2021\/11\/25\/vilmar-rocha-quer-3a-via\/","url":"https:\/\/renatodias.online\/movimento\/2021\/11\/25\/vilmar-rocha-quer-3a-via\/","name":"Vilmar Rocha quer terceira via -","isPartOf":{"@id":"https:\/\/renatodias.online\/movimento\/#website"},"primaryImageOfPage":{"@id":"https:\/\/renatodias.online\/movimento\/2021\/11\/25\/vilmar-rocha-quer-3a-via\/#primaryimage"},"image":{"@id":"https:\/\/renatodias.online\/movimento\/2021\/11\/25\/vilmar-rocha-quer-3a-via\/#primaryimage"},"thumbnailUrl":"https:\/\/renatodias.online\/movimento\/wp-content\/uploads\/2021\/07\/Vilmar-Rocha-1-e1637893177269.jpg","datePublished":"2021-11-25T21:20:06+00:00","dateModified":"2021-11-26T02:19:48+00:00","breadcrumb":{"@id":"https:\/\/renatodias.online\/movimento\/2021\/11\/25\/vilmar-rocha-quer-3a-via\/#breadcrumb"},"inLanguage":"pt-BR","potentialAction":[{"@type":"ReadAction","target":["https:\/\/renatodias.online\/movimento\/2021\/11\/25\/vilmar-rocha-quer-3a-via\/"]}]},{"@type":"ImageObject","inLanguage":"pt-BR","@id":"https:\/\/renatodias.online\/movimento\/2021\/11\/25\/vilmar-rocha-quer-3a-via\/#primaryimage","url":"https:\/\/renatodias.online\/movimento\/wp-content\/uploads\/2021\/07\/Vilmar-Rocha-1-e1637893177269.jpg","contentUrl":"https:\/\/renatodias.online\/movimento\/wp-content\/uploads\/2021\/07\/Vilmar-Rocha-1-e1637893177269.jpg","width":300,"height":191,"caption":"Vilmar Rocha"},{"@type":"BreadcrumbList","@id":"https:\/\/renatodias.online\/movimento\/2021\/11\/25\/vilmar-rocha-quer-3a-via\/#breadcrumb","itemListElement":[{"@type":"ListItem","position":1,"name":"In\u00edcio","item":"https:\/\/renatodias.online\/movimento\/"},{"@type":"ListItem","position":2,"name":"Vilmar Rocha quer terceira via"}]},{"@type":"WebSite","@id":"https:\/\/renatodias.online\/movimento\/#website","url":"https:\/\/renatodias.online\/movimento\/","name":"","description":"","publisher":{"@id":"https:\/\/renatodias.online\/movimento\/#\/schema\/person\/bbab28833b1725a20f4083f49f1fb2a9"},"potentialAction":[{"@type":"SearchAction","target":{"@type":"EntryPoint","urlTemplate":"https:\/\/renatodias.online\/movimento\/?s={search_term_string}"},"query-input":{"@type":"PropertyValueSpecification","valueRequired":true,"valueName":"search_term_string"}}],"inLanguage":"pt-BR"},{"@type":["Person","Organization"],"@id":"https:\/\/renatodias.online\/movimento\/#\/schema\/person\/bbab28833b1725a20f4083f49f1fb2a9","name":"Renato Dias","image":{"@type":"ImageObject","inLanguage":"pt-BR","@id":"https:\/\/renatodias.online\/movimento\/wp-content\/uploads\/2023\/03\/cropped-cropped-cropped-logofinal.jpeg","url":"https:\/\/renatodias.online\/movimento\/wp-content\/uploads\/2023\/03\/cropped-cropped-cropped-logofinal.jpeg","contentUrl":"https:\/\/renatodias.online\/movimento\/wp-content\/uploads\/2023\/03\/cropped-cropped-cropped-logofinal.jpeg","width":1280,"height":219,"caption":"Renato Dias"},"logo":{"@id":"https:\/\/renatodias.online\/movimento\/wp-content\/uploads\/2023\/03\/cropped-cropped-cropped-logofinal.jpeg"},"description":"Renato Dias, 58 anos, \u00e9 graduado em Jornalismo, formado em Ci\u00eancias Sociais, com p\u00f3s-gradua\u00e7\u00e3o em Pol\u00edticas P\u00fablicas, mestre em Direito e Rela\u00e7\u00f5es Internacionais, ex-aluno extraordin\u00e1rio do Doutorado em Psicologia Social, ex-estudante do Curso de Psican\u00e1lise do Centro de Estudos Psicanal\u00edticos do Estado de Goi\u00e1s, ministrado pelo m\u00e9dico psiquiatra e psicanalista Daniel Em\u00eddio de Souza. \u00c9 autor de 30 livros-reportagem, oito document\u00e1rios, ganhou 30 pr\u00eamios e \u00e9 torcedor apaixonado do maior do Centro-Oeste, o Vila Nova Futebol Clube. Casado com Meirilane Dias, \u00e9 pai de Juliana Dias, jornalista; Daniel Dias, economista; e Maria Rosa Dias, estudante antifascista, socialista e trotskista.\u00a0Com tr\u00eas pets: Porquinho [Bull Dog Franc\u00eas], Dalila [Basset Hound] e Geleia [Basset Hound]. Al\u00e9m do eterno gato Tutuquinho, que virou estrela.","sameAs":["https:\/\/www.facebook.com\/renato.dias.37","#breve","https:\/\/renatodias.tumblr.com\/"],"url":"https:\/\/renatodias.online\/movimento\/author\/renatodias\/"}]}},"_links":{"self":[{"href":"https:\/\/renatodias.online\/movimento\/wp-json\/wp\/v2\/posts\/9778","targetHints":{"allow":["GET"]}}],"collection":[{"href":"https:\/\/renatodias.online\/movimento\/wp-json\/wp\/v2\/posts"}],"about":[{"href":"https:\/\/renatodias.online\/movimento\/wp-json\/wp\/v2\/types\/post"}],"author":[{"embeddable":true,"href":"https:\/\/renatodias.online\/movimento\/wp-json\/wp\/v2\/users\/2"}],"replies":[{"embeddable":true,"href":"https:\/\/renatodias.online\/movimento\/wp-json\/wp\/v2\/comments?post=9778"}],"version-history":[{"count":4,"href":"https:\/\/renatodias.online\/movimento\/wp-json\/wp\/v2\/posts\/9778\/revisions"}],"predecessor-version":[{"id":9814,"href":"https:\/\/renatodias.online\/movimento\/wp-json\/wp\/v2\/posts\/9778\/revisions\/9814"}],"wp:featuredmedia":[{"embeddable":true,"href":"https:\/\/renatodias.online\/movimento\/wp-json\/wp\/v2\/media\/8116"}],"wp:attachment":[{"href":"https:\/\/renatodias.online\/movimento\/wp-json\/wp\/v2\/media?parent=9778"}],"wp:term":[{"taxonomy":"category","embeddable":true,"href":"https:\/\/renatodias.online\/movimento\/wp-json\/wp\/v2\/categories?post=9778"},{"taxonomy":"post_tag","embeddable":true,"href":"https:\/\/renatodias.online\/movimento\/wp-json\/wp\/v2\/tags?post=9778"}],"curies":[{"name":"wp","href":"https:\/\/api.w.org\/{rel}","templated":true}]}}