{"id":9772,"date":"2021-11-25T11:37:53","date_gmt":"2021-11-25T14:37:53","guid":{"rendered":"https:\/\/renatodias.online\/movimento\/?p=9772"},"modified":"2021-11-25T11:37:53","modified_gmt":"2021-11-25T14:37:53","slug":"o-marighella-que-eu-vi","status":"publish","type":"post","link":"https:\/\/renatodias.online\/movimento\/2021\/11\/25\/o-marighella-que-eu-vi\/","title":{"rendered":"O Marighella que eu vi"},"content":{"rendered":"<figure id=\"attachment_9773\" aria-describedby=\"caption-attachment-9773\" style=\"width: 1200px\" class=\"wp-caption alignnone\"><img loading=\"lazy\" decoding=\"async\" class=\"size-full wp-image-9773\" src=\"https:\/\/renatodias.online\/movimento\/wp-content\/uploads\/2021\/11\/Carlos-Marighella-filme-1.jpg\" alt=\"\" width=\"1200\" height=\"754\" srcset=\"https:\/\/renatodias.online\/movimento\/wp-content\/uploads\/2021\/11\/Carlos-Marighella-filme-1.jpg 1200w, https:\/\/renatodias.online\/movimento\/wp-content\/uploads\/2021\/11\/Carlos-Marighella-filme-1-300x189.jpg 300w, https:\/\/renatodias.online\/movimento\/wp-content\/uploads\/2021\/11\/Carlos-Marighella-filme-1-768x483.jpg 768w, https:\/\/renatodias.online\/movimento\/wp-content\/uploads\/2021\/11\/Carlos-Marighella-filme-1-750x471.jpg 750w\" sizes=\"auto, (max-width: 1200px) 100vw, 1200px\" \/><figcaption id=\"caption-attachment-9773\" class=\"wp-caption-text\"><strong>Cena de Carlos Marighella<\/strong><\/figcaption><\/figure>\n<p><img loading=\"lazy\" decoding=\"async\" class=\"alignnone size-full wp-image-5007\" src=\"https:\/\/renatodias.online\/movimento\/wp-content\/uploads\/2021\/01\/Alto-da-p\u00e1gina-Banner-Exclusivo.png\" alt=\"\" width=\"1224\" height=\"372\" \/><\/p>\n<h1 style=\"text-align: center;\"><span style=\"color: #0000ff;\"><strong>O Marighella que eu vi<\/strong><\/span><\/h1>\n<h1 style=\"text-align: center;\"><span style=\"color: #ff0000;\"><strong>Um passado sempre presente<\/strong><\/span><\/h1>\n<figure id=\"attachment_9517\" aria-describedby=\"caption-attachment-9517\" style=\"width: 1280px\" class=\"wp-caption alignnone\"><img loading=\"lazy\" decoding=\"async\" class=\"size-full wp-image-9517\" src=\"https:\/\/renatodias.online\/movimento\/wp-content\/uploads\/2021\/11\/Seu-Jorge-Marighella-e1637780334941.jpg\" alt=\"\" width=\"1280\" height=\"719\" \/><figcaption id=\"caption-attachment-9517\" class=\"wp-caption-text\"><strong>Seu Jorge interpreta Carlos Marighella<\/strong><\/figcaption><\/figure>\n<p><strong>\u00a0<\/strong><\/p>\n<p style=\"text-align: center;\"><span style=\"color: #ff0000;\"><strong>Lenine Bueno Monteiro<\/strong><\/span><\/p>\n<p>Sexta feira, entre chuvas e trovoadas, busquei o cinema para ver o filme de Wagner Moura. Marighella. Eu tive os meus pressentimentos confirmados. Trata-se, sim, de um grande filme. A s\u00e9tima arte estava ali. Para ser grande, o produto cinematogr\u00e1fico precisa ser maduro, conseguir equilibrar os diversos aspectos que constituem uma obra de arte, de modo a fazer com que se ultrapasse o consumo imediato possibilitando reflex\u00e3o posterior.<\/p>\n<figure id=\"attachment_3260\" aria-describedby=\"caption-attachment-3260\" style=\"width: 1135px\" class=\"wp-caption alignnone\"><img loading=\"lazy\" decoding=\"async\" class=\"size-full wp-image-3260\" src=\"https:\/\/renatodias.online\/movimento\/wp-content\/uploads\/2020\/03\/Cartaz-de-Marighella-filme-1.jpg\" alt=\"\" width=\"1135\" height=\"1600\" srcset=\"https:\/\/renatodias.online\/movimento\/wp-content\/uploads\/2020\/03\/Cartaz-de-Marighella-filme-1.jpg 1135w, https:\/\/renatodias.online\/movimento\/wp-content\/uploads\/2020\/03\/Cartaz-de-Marighella-filme-1-213x300.jpg 213w, https:\/\/renatodias.online\/movimento\/wp-content\/uploads\/2020\/03\/Cartaz-de-Marighella-filme-1-768x1083.jpg 768w, https:\/\/renatodias.online\/movimento\/wp-content\/uploads\/2020\/03\/Cartaz-de-Marighella-filme-1-726x1024.jpg 726w, https:\/\/renatodias.online\/movimento\/wp-content\/uploads\/2020\/03\/Cartaz-de-Marighella-filme-1-750x1057.jpg 750w\" sizes=\"auto, (max-width: 1135px) 100vw, 1135px\" \/><figcaption id=\"caption-attachment-3260\" class=\"wp-caption-text\"><strong>Cartaz do filme &#8216;Marighella&#8217;<\/strong><\/figcaption><\/figure>\n<p>O diretor superou a tenta\u00e7\u00e3o dos artif\u00edcios cinematogr\u00e1ficos \u201cf\u00e1ceis\u201d, ao criar uma tens\u00e3o criativa que faz a liga\u00e7\u00e3o com o espectador. A obra cinematogr\u00e1fica somente se completa quando consumida por ele, seu objetivo e fim. Bem recortado, o filme cobre o per\u00edodo final da vida do revolucion\u00e1rio baiano, entre 1964 e novembro de 1969.<\/p>\n<p><img loading=\"lazy\" decoding=\"async\" class=\"alignnone size-full wp-image-6507\" src=\"https:\/\/renatodias.online\/movimento\/wp-content\/uploads\/2021\/05\/Wagner-Moura-_-censura-nao.jpg\" alt=\"\" width=\"1380\" height=\"920\" srcset=\"https:\/\/renatodias.online\/movimento\/wp-content\/uploads\/2021\/05\/Wagner-Moura-_-censura-nao.jpg 1380w, https:\/\/renatodias.online\/movimento\/wp-content\/uploads\/2021\/05\/Wagner-Moura-_-censura-nao-300x200.jpg 300w, https:\/\/renatodias.online\/movimento\/wp-content\/uploads\/2021\/05\/Wagner-Moura-_-censura-nao-768x512.jpg 768w, https:\/\/renatodias.online\/movimento\/wp-content\/uploads\/2021\/05\/Wagner-Moura-_-censura-nao-360x240.jpg 360w, https:\/\/renatodias.online\/movimento\/wp-content\/uploads\/2021\/05\/Wagner-Moura-_-censura-nao-750x500.jpg 750w\" sizes=\"auto, (max-width: 1380px) 100vw, 1380px\" \/><\/p>\n<p>Per\u00edodo onde a perplexidade que tomou conta da esquerda brasileira, sacudida pela a\u00e7\u00e3o da sociedade civil, particularmente o movimento estudantil, o que abriu as comportas do reagrupamento em torno de novos olhares sobre a realidade brasileira, origem de um amplo reordenamento te\u00f3rico que conduz o surgimento de novos grupos de esquerda.<\/p>\n<figure id=\"attachment_9774\" aria-describedby=\"caption-attachment-9774\" style=\"width: 360px\" class=\"wp-caption aligncenter\"><img loading=\"lazy\" decoding=\"async\" class=\"size-full wp-image-9774\" src=\"https:\/\/renatodias.online\/movimento\/wp-content\/uploads\/2021\/11\/ALN-cartaz.jpg\" alt=\"\" width=\"360\" height=\"640\" srcset=\"https:\/\/renatodias.online\/movimento\/wp-content\/uploads\/2021\/11\/ALN-cartaz.jpg 360w, https:\/\/renatodias.online\/movimento\/wp-content\/uploads\/2021\/11\/ALN-cartaz-169x300.jpg 169w\" sizes=\"auto, (max-width: 360px) 100vw, 360px\" \/><figcaption id=\"caption-attachment-9774\" class=\"wp-caption-text\"><strong>ALN &#8211; cartaz<\/strong><\/figcaption><\/figure>\n<p>Integram a lista a A\u00e7\u00e3o Libertadora Nacional, a ALN, a CORRENTE, o Partido Comunista Brasileiro Revolucion\u00e1rio [PCBR], Vanguarda Popular Revolucion\u00e1ria [VPR], Vanguarda Armada Revolucion\u00e1ria PALMARES [Var-Palmares]. O elemento detonador do processo foi a busca da compreens\u00e3o dos cen\u00e1rios pol\u00edticos que explicam a in\u00e9rcia da esquerda face ao golpe de Estado civil e militar das direitas em 31 de mar\u00e7o, 1\u00ba e 2 de abril de 19641964.<\/p>\n<figure id=\"attachment_6032\" aria-describedby=\"caption-attachment-6032\" style=\"width: 1254px\" class=\"wp-caption alignnone\"><img loading=\"lazy\" decoding=\"async\" class=\"size-full wp-image-6032\" src=\"https:\/\/renatodias.online\/movimento\/wp-content\/uploads\/2021\/04\/golpe-militar-de-1964.png\" alt=\"Golpe de Estado de 1964\" width=\"1254\" height=\"596\" \/><figcaption id=\"caption-attachment-6032\" class=\"wp-caption-text\"><strong>Golpe de Estado de 1964<\/strong><\/figcaption><\/figure>\n<p>Voltemos ao filme. Marighella, de Wagner Moura. A c\u00e2mera do cineasta baiano constr\u00f3i o personagem de maneira muito clara e definida. Sem deixar d\u00favidas quando \u00e0 narrativa e sua ess\u00eancia. O filme tem lado e vai dar voz a personagens silenciados pela dura repress\u00e3o civil e militar. \u00c0 censura que perpassou a a\u00e7\u00e3o governamental durante anos. Da deposi\u00e7\u00e3o do presidente da Rep\u00fablica, Jo\u00e3o Goulart, \u00e0 promulga\u00e7\u00e3o da Constitui\u00e7\u00e3o de 1988.<\/p>\n<figure id=\"attachment_4365\" aria-describedby=\"caption-attachment-4365\" style=\"width: 780px\" class=\"wp-caption alignnone\"><img loading=\"lazy\" decoding=\"async\" class=\"size-full wp-image-4365\" src=\"https:\/\/renatodias.online\/movimento\/wp-content\/uploads\/2020\/09\/Ditaduracivil-e-militar-no-Brasil-de-1964.jpg\" alt=\"\" width=\"780\" height=\"490\" \/><figcaption id=\"caption-attachment-4365\" class=\"wp-caption-text\"><strong>A ditadura civil e militar<\/strong><\/figcaption><\/figure>\n<p>Os personagens s\u00e3o constru\u00eddos para deixar vis\u00edvel suas ambiguidades, contradi\u00e7\u00f5es, sonhos e limites. A narrativa se desenvolve e deixa bem claro, faz do di\u00e1logo de gera\u00e7\u00f5es &#8211; um processo de constru\u00e7\u00e3o de revolucion\u00e1rios onde a experi\u00eancia pol\u00edtica dialoga em p\u00e9 de igualdade com o voluntarismo da juventude sem que se estabele\u00e7a uma rela\u00e7\u00e3o hier\u00e1rquica entre eles.<\/p>\n<p>A estrutura narrativa universaliza os fatos deixando antever qu\u00e3o dura seria a caminhada. A derrubada da ditadura civil e militar, a guerra de guerrilhas, a instala\u00e7\u00e3o do socialismo. Para isso, contribuem os di\u00e1logos onde a vis\u00e3o aberta de Carlos Marighella se explicita na sua rela\u00e7\u00e3o com intelectuais, trabalhadores, militares e os dominicanos da ent\u00e3o hegem\u00f4nica Igreja Cat\u00f3lica. Outra ferramenta bem utilizada, a fotografia.<\/p>\n<p><img loading=\"lazy\" decoding=\"async\" class=\"size-full wp-image-9551 aligncenter\" src=\"https:\/\/renatodias.online\/movimento\/wp-content\/uploads\/2021\/11\/Infografico-A-vida-de-Carlos-Marighella.jpg\" alt=\"\" width=\"659\" height=\"1600\" srcset=\"https:\/\/renatodias.online\/movimento\/wp-content\/uploads\/2021\/11\/Infografico-A-vida-de-Carlos-Marighella.jpg 659w, https:\/\/renatodias.online\/movimento\/wp-content\/uploads\/2021\/11\/Infografico-A-vida-de-Carlos-Marighella-124x300.jpg 124w, https:\/\/renatodias.online\/movimento\/wp-content\/uploads\/2021\/11\/Infografico-A-vida-de-Carlos-Marighella-422x1024.jpg 422w, https:\/\/renatodias.online\/movimento\/wp-content\/uploads\/2021\/11\/Infografico-A-vida-de-Carlos-Marighella-633x1536.jpg 633w\" sizes=\"auto, (max-width: 659px) 100vw, 659px\" \/><\/p>\n<p>A op\u00e7\u00e3o por uma paleta de cores em tons e semitons, n\u00e3o deixa a luz abundante invadir a cena; o filme nos diz que \u00e9 \u201cum tempo de guerra, um tempo sem sol\u201d, como na can\u00e7\u00e3o do cantor e compositor Marcos Vale. A tens\u00e3o contida, presente no d\u00e9cor seco e em figurinos despojados remete \u00e0 realidade da luta clandestina a marca da ideologia predominante no pensamento de esquerda latino-americana da \u00e9poca.<\/p>\n<p>Tudo isso n\u00e3o se completaria se a m\u00e3o do diretor n\u00e3o imprimisse agilidade no ritmo do filme, afinal estamos falando da A\u00e7\u00e3o Libertadora Nacional, fundada em 1967 e 1968, a maior das organiza\u00e7\u00f5es da esquerda que fez a op\u00e7\u00e3o pela luta armada no Brasil. De forma balanceada e segura, Wagner Moura conduz o filme para possibilitar, hoje, o entendi\u00admento dos acontecimentos de ontem e a sua liga\u00e7\u00e3o direta com valores presentes ao longo do tempo.<\/p>\n<figure id=\"attachment_6759\" aria-describedby=\"caption-attachment-6759\" style=\"width: 1743px\" class=\"wp-caption alignnone\"><img loading=\"lazy\" decoding=\"async\" class=\"size-full wp-image-6759\" src=\"https:\/\/renatodias.online\/movimento\/wp-content\/uploads\/2021\/05\/968-no-Brasil.jpg\" alt=\"\" width=\"1743\" height=\"1272\" \/><figcaption id=\"caption-attachment-6759\" class=\"wp-caption-text\"><strong>1968 no Brasil<\/strong><\/figcaption><\/figure>\n<p>Os personagens s\u00e3o bem constru\u00eddos: Seu Jorge, que interpreta com maestria Carlos Marighella, carbon\u00e1rio baiano morto em 4 de novembro de 1969, Luiz Carlos Vasconcelos, Herson Capri e Bruno Gagliasso contribuem muito para a constru\u00e7\u00e3o do clima f\u00edlmico e a explicita\u00e7\u00e3o dos valores \u00e9tico e pol\u00edticos ali em discuss\u00e3o: as cenas entre Carlos Marighella e Toledo ou Velho nos remetem \u00e0 lealdade fraterna e entrega revolucion\u00e1ria dos personagens.<\/p>\n<figure id=\"attachment_6510\" aria-describedby=\"caption-attachment-6510\" style=\"width: 752px\" class=\"wp-caption aligncenter\"><img loading=\"lazy\" decoding=\"async\" class=\"size-full wp-image-6510\" src=\"https:\/\/renatodias.online\/movimento\/wp-content\/uploads\/2021\/05\/Sergio-Paranhos-Fleury-e1624562824241.jpg\" alt=\"\" width=\"752\" height=\"286\" \/><figcaption id=\"caption-attachment-6510\" class=\"wp-caption-text\"><strong>S\u00e9rgio Paranhos Fleury<\/strong><\/figcaption><\/figure>\n<p>O delegado especial de Pol\u00edcia Pol\u00edtica constru\u00eddo pelo ator Bruno Gagliasso &#8211; corrupto e oportunista &#8211;\u00a0 [S\u00e9rgio Paranhos Fleury] exprime de formato clara a sua ades\u00e3o ao nacionalismo de extrema-direita. Com direito a um relacionamento contradit\u00f3rio com o \u201capoio\u201d americano aos golpistas brasileiros.\u00a0 A m\u00fasica alinhava os atos em seus diferentes momentos e exprime a tens\u00e3o, o medo, a repress\u00e3o e a busca do nacional e do popular<\/p>\n<p>Em seus momentos finais sua presen\u00e7a d\u00e1 o tom, com o Hino Nacional, indicando a retomada dos s\u00edmbolos pertencentes a um Brasil de todos &#8211; progressista e fraterno &#8211; hoje sequestrados pela extrema-direita saudosista da ditadura civil e militar.\u00a0 Uma noite que durou 21 anos. Como apontam Camilo Tavares e Fl\u00e1vio Tavares. A s\u00edntese final Mano Brown mostra as mil faces de um homem leal. Da milit\u00e2ncia revolucion\u00e1ria do s\u00e9culo XX.<\/p>\n<figure id=\"attachment_9775\" aria-describedby=\"caption-attachment-9775\" style=\"width: 800px\" class=\"wp-caption alignnone\"><img loading=\"lazy\" decoding=\"async\" class=\"size-full wp-image-9775\" src=\"https:\/\/renatodias.online\/movimento\/wp-content\/uploads\/2021\/11\/Mano-Brown.jpg\" alt=\"\" width=\"800\" height=\"450\" srcset=\"https:\/\/renatodias.online\/movimento\/wp-content\/uploads\/2021\/11\/Mano-Brown.jpg 800w, https:\/\/renatodias.online\/movimento\/wp-content\/uploads\/2021\/11\/Mano-Brown-300x169.jpg 300w, https:\/\/renatodias.online\/movimento\/wp-content\/uploads\/2021\/11\/Mano-Brown-768x432.jpg 768w, https:\/\/renatodias.online\/movimento\/wp-content\/uploads\/2021\/11\/Mano-Brown-750x422.jpg 750w\" sizes=\"auto, (max-width: 800px) 100vw, 800px\" \/><figcaption id=\"caption-attachment-9775\" class=\"wp-caption-text\"><strong>Mano Brown<\/strong><\/figcaption><\/figure>\n<p>&nbsp;<\/p>\n<p>Para indicar valores e princ\u00edpios aos nossos dias. Da constru\u00e7\u00e3o de pontes. As que ligariam os humilhados e ofendidos de todos os tempos. O longa Marighella, do diretor e ator premiado Wagner Moura, lan\u00e7ado no Brasil em novembro de 2021, com censura da Ag\u00eancia Nacional de Cinema, a Ancine, \u00e9 um filme para ser visto e revisto. Como cinema e como sinal de vitalidade da cidadania. Em um tempo de guerra, um tempo sem sol.<\/p>\n<p>&nbsp;<\/p>\n<figure id=\"attachment_6506\" aria-describedby=\"caption-attachment-6506\" style=\"width: 660px\" class=\"wp-caption aligncenter\"><img loading=\"lazy\" decoding=\"async\" class=\"size-full wp-image-6506\" src=\"https:\/\/renatodias.online\/movimento\/wp-content\/uploads\/2021\/05\/Wagner-Moura.jpg\" alt=\"\" width=\"660\" height=\"440\" \/><figcaption id=\"caption-attachment-6506\" class=\"wp-caption-text\"><strong>Wagner Moura<\/strong><\/figcaption><\/figure>\n","protected":false},"excerpt":{"rendered":"<p>O Marighella que eu vi Um passado sempre presente \u00a0 Lenine Bueno Monteiro Sexta feira, entre chuvas e trovoadas, busquei o cinema para ver o filme de Wagner Moura. Marighella. Eu tive os meus pressentimentos confirmados. Trata-se, sim, de um grande filme. A s\u00e9tima arte estava ali. Para ser grande, o produto cinematogr\u00e1fico precisa ser<\/p>\n","protected":false},"author":2,"featured_media":8754,"comment_status":"open","ping_status":"open","sticky":false,"template":"","format":"standard","meta":{"_acf_changed":false,"_monsterinsights_skip_tracking":false,"_monsterinsights_sitenote_active":false,"_monsterinsights_sitenote_note":"","_monsterinsights_sitenote_category":0,"footnotes":""},"categories":[1],"tags":[],"class_list":["post-9772","post","type-post","status-publish","format-standard","has-post-thumbnail","hentry","category-cinema"],"acf":[],"yoast_head":"<!-- This site is optimized with the Yoast SEO plugin v27.4 - https:\/\/yoast.com\/product\/yoast-seo-wordpress\/ -->\n<title>O Marighella que eu vi -<\/title>\n<meta name=\"robots\" content=\"index, follow, max-snippet:-1, max-image-preview:large, max-video-preview:-1\" \/>\n<link rel=\"canonical\" href=\"https:\/\/renatodias.online\/movimento\/2021\/11\/25\/o-marighella-que-eu-vi\/\" \/>\n<meta property=\"og:locale\" content=\"pt_BR\" \/>\n<meta property=\"og:type\" content=\"article\" \/>\n<meta property=\"og:title\" content=\"O Marighella que eu vi -\" \/>\n<meta property=\"og:description\" content=\"O Marighella que eu vi Um passado sempre presente \u00a0 Lenine Bueno Monteiro Sexta feira, entre chuvas e trovoadas, busquei o cinema para ver o filme de Wagner Moura. Marighella. Eu tive os meus pressentimentos confirmados. Trata-se, sim, de um grande filme. A s\u00e9tima arte estava ali. Para ser grande, o produto cinematogr\u00e1fico precisa ser\" \/>\n<meta property=\"og:url\" content=\"https:\/\/renatodias.online\/movimento\/2021\/11\/25\/o-marighella-que-eu-vi\/\" \/>\n<meta property=\"article:publisher\" content=\"https:\/\/www.facebook.com\/renato.dias.37\" \/>\n<meta property=\"article:author\" content=\"https:\/\/www.facebook.com\/renato.dias.37\" \/>\n<meta property=\"article:published_time\" content=\"2021-11-25T14:37:53+00:00\" \/>\n<meta property=\"og:image\" content=\"https:\/\/renatodias.online\/movimento\/wp-content\/uploads\/2021\/08\/Lenine-Bueno-1-e1637851024670.jpg\" \/>\n\t<meta property=\"og:image:width\" content=\"400\" \/>\n\t<meta property=\"og:image:height\" content=\"400\" \/>\n\t<meta property=\"og:image:type\" content=\"image\/jpeg\" \/>\n<meta name=\"author\" content=\"Renato Dias\" \/>\n<meta name=\"twitter:card\" content=\"summary_large_image\" \/>\n<meta name=\"twitter:creator\" content=\"@RenatoDiasBat\" \/>\n<meta name=\"twitter:site\" content=\"@RenatoDiasBat\" \/>\n<meta name=\"twitter:label1\" content=\"Escrito por\" \/>\n\t<meta name=\"twitter:data1\" content=\"Renato Dias\" \/>\n\t<meta name=\"twitter:label2\" content=\"Est. tempo de leitura\" \/>\n\t<meta name=\"twitter:data2\" content=\"5 minutos\" \/>\n<script type=\"application\/ld+json\" class=\"yoast-schema-graph\">{\"@context\":\"https:\\\/\\\/schema.org\",\"@graph\":[{\"@type\":\"Article\",\"@id\":\"https:\\\/\\\/renatodias.online\\\/movimento\\\/2021\\\/11\\\/25\\\/o-marighella-que-eu-vi\\\/#article\",\"isPartOf\":{\"@id\":\"https:\\\/\\\/renatodias.online\\\/movimento\\\/2021\\\/11\\\/25\\\/o-marighella-que-eu-vi\\\/\"},\"author\":{\"name\":\"Renato Dias\",\"@id\":\"https:\\\/\\\/renatodias.online\\\/movimento\\\/#\\\/schema\\\/person\\\/bbab28833b1725a20f4083f49f1fb2a9\"},\"headline\":\"O Marighella que eu vi\",\"datePublished\":\"2021-11-25T14:37:53+00:00\",\"mainEntityOfPage\":{\"@id\":\"https:\\\/\\\/renatodias.online\\\/movimento\\\/2021\\\/11\\\/25\\\/o-marighella-que-eu-vi\\\/\"},\"wordCount\":1058,\"commentCount\":0,\"publisher\":{\"@id\":\"https:\\\/\\\/renatodias.online\\\/movimento\\\/#\\\/schema\\\/person\\\/bbab28833b1725a20f4083f49f1fb2a9\"},\"image\":{\"@id\":\"https:\\\/\\\/renatodias.online\\\/movimento\\\/2021\\\/11\\\/25\\\/o-marighella-que-eu-vi\\\/#primaryimage\"},\"thumbnailUrl\":\"https:\\\/\\\/renatodias.online\\\/movimento\\\/wp-content\\\/uploads\\\/2021\\\/08\\\/Lenine-Bueno-1-e1637851024670.jpg\",\"articleSection\":[\"Cinema\"],\"inLanguage\":\"pt-BR\",\"potentialAction\":[{\"@type\":\"CommentAction\",\"name\":\"Comment\",\"target\":[\"https:\\\/\\\/renatodias.online\\\/movimento\\\/2021\\\/11\\\/25\\\/o-marighella-que-eu-vi\\\/#respond\"]}]},{\"@type\":\"WebPage\",\"@id\":\"https:\\\/\\\/renatodias.online\\\/movimento\\\/2021\\\/11\\\/25\\\/o-marighella-que-eu-vi\\\/\",\"url\":\"https:\\\/\\\/renatodias.online\\\/movimento\\\/2021\\\/11\\\/25\\\/o-marighella-que-eu-vi\\\/\",\"name\":\"O Marighella que eu vi -\",\"isPartOf\":{\"@id\":\"https:\\\/\\\/renatodias.online\\\/movimento\\\/#website\"},\"primaryImageOfPage\":{\"@id\":\"https:\\\/\\\/renatodias.online\\\/movimento\\\/2021\\\/11\\\/25\\\/o-marighella-que-eu-vi\\\/#primaryimage\"},\"image\":{\"@id\":\"https:\\\/\\\/renatodias.online\\\/movimento\\\/2021\\\/11\\\/25\\\/o-marighella-que-eu-vi\\\/#primaryimage\"},\"thumbnailUrl\":\"https:\\\/\\\/renatodias.online\\\/movimento\\\/wp-content\\\/uploads\\\/2021\\\/08\\\/Lenine-Bueno-1-e1637851024670.jpg\",\"datePublished\":\"2021-11-25T14:37:53+00:00\",\"breadcrumb\":{\"@id\":\"https:\\\/\\\/renatodias.online\\\/movimento\\\/2021\\\/11\\\/25\\\/o-marighella-que-eu-vi\\\/#breadcrumb\"},\"inLanguage\":\"pt-BR\",\"potentialAction\":[{\"@type\":\"ReadAction\",\"target\":[\"https:\\\/\\\/renatodias.online\\\/movimento\\\/2021\\\/11\\\/25\\\/o-marighella-que-eu-vi\\\/\"]}]},{\"@type\":\"ImageObject\",\"inLanguage\":\"pt-BR\",\"@id\":\"https:\\\/\\\/renatodias.online\\\/movimento\\\/2021\\\/11\\\/25\\\/o-marighella-que-eu-vi\\\/#primaryimage\",\"url\":\"https:\\\/\\\/renatodias.online\\\/movimento\\\/wp-content\\\/uploads\\\/2021\\\/08\\\/Lenine-Bueno-1-e1637851024670.jpg\",\"contentUrl\":\"https:\\\/\\\/renatodias.online\\\/movimento\\\/wp-content\\\/uploads\\\/2021\\\/08\\\/Lenine-Bueno-1-e1637851024670.jpg\",\"width\":400,\"height\":400,\"caption\":\"Lenine Bueno \u00e9 professor, arquiteto e ex-preso pol\u00edtico\"},{\"@type\":\"BreadcrumbList\",\"@id\":\"https:\\\/\\\/renatodias.online\\\/movimento\\\/2021\\\/11\\\/25\\\/o-marighella-que-eu-vi\\\/#breadcrumb\",\"itemListElement\":[{\"@type\":\"ListItem\",\"position\":1,\"name\":\"In\u00edcio\",\"item\":\"https:\\\/\\\/renatodias.online\\\/movimento\\\/\"},{\"@type\":\"ListItem\",\"position\":2,\"name\":\"O Marighella que eu vi\"}]},{\"@type\":\"WebSite\",\"@id\":\"https:\\\/\\\/renatodias.online\\\/movimento\\\/#website\",\"url\":\"https:\\\/\\\/renatodias.online\\\/movimento\\\/\",\"name\":\"\",\"description\":\"\",\"publisher\":{\"@id\":\"https:\\\/\\\/renatodias.online\\\/movimento\\\/#\\\/schema\\\/person\\\/bbab28833b1725a20f4083f49f1fb2a9\"},\"potentialAction\":[{\"@type\":\"SearchAction\",\"target\":{\"@type\":\"EntryPoint\",\"urlTemplate\":\"https:\\\/\\\/renatodias.online\\\/movimento\\\/?s={search_term_string}\"},\"query-input\":{\"@type\":\"PropertyValueSpecification\",\"valueRequired\":true,\"valueName\":\"search_term_string\"}}],\"inLanguage\":\"pt-BR\"},{\"@type\":[\"Person\",\"Organization\"],\"@id\":\"https:\\\/\\\/renatodias.online\\\/movimento\\\/#\\\/schema\\\/person\\\/bbab28833b1725a20f4083f49f1fb2a9\",\"name\":\"Renato Dias\",\"image\":{\"@type\":\"ImageObject\",\"inLanguage\":\"pt-BR\",\"@id\":\"https:\\\/\\\/renatodias.online\\\/movimento\\\/wp-content\\\/uploads\\\/2023\\\/03\\\/cropped-cropped-cropped-logofinal.jpeg\",\"url\":\"https:\\\/\\\/renatodias.online\\\/movimento\\\/wp-content\\\/uploads\\\/2023\\\/03\\\/cropped-cropped-cropped-logofinal.jpeg\",\"contentUrl\":\"https:\\\/\\\/renatodias.online\\\/movimento\\\/wp-content\\\/uploads\\\/2023\\\/03\\\/cropped-cropped-cropped-logofinal.jpeg\",\"width\":1280,\"height\":219,\"caption\":\"Renato Dias\"},\"logo\":{\"@id\":\"https:\\\/\\\/renatodias.online\\\/movimento\\\/wp-content\\\/uploads\\\/2023\\\/03\\\/cropped-cropped-cropped-logofinal.jpeg\"},\"description\":\"Renato Dias, 58 anos, \u00e9 graduado em Jornalismo, formado em Ci\u00eancias Sociais, com p\u00f3s-gradua\u00e7\u00e3o em Pol\u00edticas P\u00fablicas, mestre em Direito e Rela\u00e7\u00f5es Internacionais, ex-aluno extraordin\u00e1rio do Doutorado em Psicologia Social, ex-estudante do Curso de Psican\u00e1lise do Centro de Estudos Psicanal\u00edticos do Estado de Goi\u00e1s, ministrado pelo m\u00e9dico psiquiatra e psicanalista Daniel Em\u00eddio de Souza. \u00c9 autor de 30 livros-reportagem, oito document\u00e1rios, ganhou 30 pr\u00eamios e \u00e9 torcedor apaixonado do maior do Centro-Oeste, o Vila Nova Futebol Clube. Casado com Meirilane Dias, \u00e9 pai de Juliana Dias, jornalista; Daniel Dias, economista; e Maria Rosa Dias, estudante antifascista, socialista e trotskista.\u00a0Com tr\u00eas pets: Porquinho [Bull Dog Franc\u00eas], Dalila [Basset Hound] e Geleia [Basset Hound]. Al\u00e9m do eterno gato Tutuquinho, que virou estrela.\",\"sameAs\":[\"https:\\\/\\\/www.facebook.com\\\/renato.dias.37\",\"#breve\",\"https:\\\/\\\/renatodias.tumblr.com\\\/\"],\"url\":\"https:\\\/\\\/renatodias.online\\\/movimento\\\/author\\\/renatodias\\\/\"}]}<\/script>\n<!-- \/ Yoast SEO plugin. -->","yoast_head_json":{"title":"O Marighella que eu vi -","robots":{"index":"index","follow":"follow","max-snippet":"max-snippet:-1","max-image-preview":"max-image-preview:large","max-video-preview":"max-video-preview:-1"},"canonical":"https:\/\/renatodias.online\/movimento\/2021\/11\/25\/o-marighella-que-eu-vi\/","og_locale":"pt_BR","og_type":"article","og_title":"O Marighella que eu vi -","og_description":"O Marighella que eu vi Um passado sempre presente \u00a0 Lenine Bueno Monteiro Sexta feira, entre chuvas e trovoadas, busquei o cinema para ver o filme de Wagner Moura. Marighella. Eu tive os meus pressentimentos confirmados. Trata-se, sim, de um grande filme. A s\u00e9tima arte estava ali. Para ser grande, o produto cinematogr\u00e1fico precisa ser","og_url":"https:\/\/renatodias.online\/movimento\/2021\/11\/25\/o-marighella-que-eu-vi\/","article_publisher":"https:\/\/www.facebook.com\/renato.dias.37","article_author":"https:\/\/www.facebook.com\/renato.dias.37","article_published_time":"2021-11-25T14:37:53+00:00","og_image":[{"width":400,"height":400,"url":"https:\/\/renatodias.online\/movimento\/wp-content\/uploads\/2021\/08\/Lenine-Bueno-1-e1637851024670.jpg","type":"image\/jpeg"}],"author":"Renato Dias","twitter_card":"summary_large_image","twitter_creator":"@RenatoDiasBat","twitter_site":"@RenatoDiasBat","twitter_misc":{"Escrito por":"Renato Dias","Est. tempo de leitura":"5 minutos"},"schema":{"@context":"https:\/\/schema.org","@graph":[{"@type":"Article","@id":"https:\/\/renatodias.online\/movimento\/2021\/11\/25\/o-marighella-que-eu-vi\/#article","isPartOf":{"@id":"https:\/\/renatodias.online\/movimento\/2021\/11\/25\/o-marighella-que-eu-vi\/"},"author":{"name":"Renato Dias","@id":"https:\/\/renatodias.online\/movimento\/#\/schema\/person\/bbab28833b1725a20f4083f49f1fb2a9"},"headline":"O Marighella que eu vi","datePublished":"2021-11-25T14:37:53+00:00","mainEntityOfPage":{"@id":"https:\/\/renatodias.online\/movimento\/2021\/11\/25\/o-marighella-que-eu-vi\/"},"wordCount":1058,"commentCount":0,"publisher":{"@id":"https:\/\/renatodias.online\/movimento\/#\/schema\/person\/bbab28833b1725a20f4083f49f1fb2a9"},"image":{"@id":"https:\/\/renatodias.online\/movimento\/2021\/11\/25\/o-marighella-que-eu-vi\/#primaryimage"},"thumbnailUrl":"https:\/\/renatodias.online\/movimento\/wp-content\/uploads\/2021\/08\/Lenine-Bueno-1-e1637851024670.jpg","articleSection":["Cinema"],"inLanguage":"pt-BR","potentialAction":[{"@type":"CommentAction","name":"Comment","target":["https:\/\/renatodias.online\/movimento\/2021\/11\/25\/o-marighella-que-eu-vi\/#respond"]}]},{"@type":"WebPage","@id":"https:\/\/renatodias.online\/movimento\/2021\/11\/25\/o-marighella-que-eu-vi\/","url":"https:\/\/renatodias.online\/movimento\/2021\/11\/25\/o-marighella-que-eu-vi\/","name":"O Marighella que eu vi -","isPartOf":{"@id":"https:\/\/renatodias.online\/movimento\/#website"},"primaryImageOfPage":{"@id":"https:\/\/renatodias.online\/movimento\/2021\/11\/25\/o-marighella-que-eu-vi\/#primaryimage"},"image":{"@id":"https:\/\/renatodias.online\/movimento\/2021\/11\/25\/o-marighella-que-eu-vi\/#primaryimage"},"thumbnailUrl":"https:\/\/renatodias.online\/movimento\/wp-content\/uploads\/2021\/08\/Lenine-Bueno-1-e1637851024670.jpg","datePublished":"2021-11-25T14:37:53+00:00","breadcrumb":{"@id":"https:\/\/renatodias.online\/movimento\/2021\/11\/25\/o-marighella-que-eu-vi\/#breadcrumb"},"inLanguage":"pt-BR","potentialAction":[{"@type":"ReadAction","target":["https:\/\/renatodias.online\/movimento\/2021\/11\/25\/o-marighella-que-eu-vi\/"]}]},{"@type":"ImageObject","inLanguage":"pt-BR","@id":"https:\/\/renatodias.online\/movimento\/2021\/11\/25\/o-marighella-que-eu-vi\/#primaryimage","url":"https:\/\/renatodias.online\/movimento\/wp-content\/uploads\/2021\/08\/Lenine-Bueno-1-e1637851024670.jpg","contentUrl":"https:\/\/renatodias.online\/movimento\/wp-content\/uploads\/2021\/08\/Lenine-Bueno-1-e1637851024670.jpg","width":400,"height":400,"caption":"Lenine Bueno \u00e9 professor, arquiteto e ex-preso pol\u00edtico"},{"@type":"BreadcrumbList","@id":"https:\/\/renatodias.online\/movimento\/2021\/11\/25\/o-marighella-que-eu-vi\/#breadcrumb","itemListElement":[{"@type":"ListItem","position":1,"name":"In\u00edcio","item":"https:\/\/renatodias.online\/movimento\/"},{"@type":"ListItem","position":2,"name":"O Marighella que eu vi"}]},{"@type":"WebSite","@id":"https:\/\/renatodias.online\/movimento\/#website","url":"https:\/\/renatodias.online\/movimento\/","name":"","description":"","publisher":{"@id":"https:\/\/renatodias.online\/movimento\/#\/schema\/person\/bbab28833b1725a20f4083f49f1fb2a9"},"potentialAction":[{"@type":"SearchAction","target":{"@type":"EntryPoint","urlTemplate":"https:\/\/renatodias.online\/movimento\/?s={search_term_string}"},"query-input":{"@type":"PropertyValueSpecification","valueRequired":true,"valueName":"search_term_string"}}],"inLanguage":"pt-BR"},{"@type":["Person","Organization"],"@id":"https:\/\/renatodias.online\/movimento\/#\/schema\/person\/bbab28833b1725a20f4083f49f1fb2a9","name":"Renato Dias","image":{"@type":"ImageObject","inLanguage":"pt-BR","@id":"https:\/\/renatodias.online\/movimento\/wp-content\/uploads\/2023\/03\/cropped-cropped-cropped-logofinal.jpeg","url":"https:\/\/renatodias.online\/movimento\/wp-content\/uploads\/2023\/03\/cropped-cropped-cropped-logofinal.jpeg","contentUrl":"https:\/\/renatodias.online\/movimento\/wp-content\/uploads\/2023\/03\/cropped-cropped-cropped-logofinal.jpeg","width":1280,"height":219,"caption":"Renato Dias"},"logo":{"@id":"https:\/\/renatodias.online\/movimento\/wp-content\/uploads\/2023\/03\/cropped-cropped-cropped-logofinal.jpeg"},"description":"Renato Dias, 58 anos, \u00e9 graduado em Jornalismo, formado em Ci\u00eancias Sociais, com p\u00f3s-gradua\u00e7\u00e3o em Pol\u00edticas P\u00fablicas, mestre em Direito e Rela\u00e7\u00f5es Internacionais, ex-aluno extraordin\u00e1rio do Doutorado em Psicologia Social, ex-estudante do Curso de Psican\u00e1lise do Centro de Estudos Psicanal\u00edticos do Estado de Goi\u00e1s, ministrado pelo m\u00e9dico psiquiatra e psicanalista Daniel Em\u00eddio de Souza. \u00c9 autor de 30 livros-reportagem, oito document\u00e1rios, ganhou 30 pr\u00eamios e \u00e9 torcedor apaixonado do maior do Centro-Oeste, o Vila Nova Futebol Clube. Casado com Meirilane Dias, \u00e9 pai de Juliana Dias, jornalista; Daniel Dias, economista; e Maria Rosa Dias, estudante antifascista, socialista e trotskista.\u00a0Com tr\u00eas pets: Porquinho [Bull Dog Franc\u00eas], Dalila [Basset Hound] e Geleia [Basset Hound]. Al\u00e9m do eterno gato Tutuquinho, que virou estrela.","sameAs":["https:\/\/www.facebook.com\/renato.dias.37","#breve","https:\/\/renatodias.tumblr.com\/"],"url":"https:\/\/renatodias.online\/movimento\/author\/renatodias\/"}]}},"_links":{"self":[{"href":"https:\/\/renatodias.online\/movimento\/wp-json\/wp\/v2\/posts\/9772","targetHints":{"allow":["GET"]}}],"collection":[{"href":"https:\/\/renatodias.online\/movimento\/wp-json\/wp\/v2\/posts"}],"about":[{"href":"https:\/\/renatodias.online\/movimento\/wp-json\/wp\/v2\/types\/post"}],"author":[{"embeddable":true,"href":"https:\/\/renatodias.online\/movimento\/wp-json\/wp\/v2\/users\/2"}],"replies":[{"embeddable":true,"href":"https:\/\/renatodias.online\/movimento\/wp-json\/wp\/v2\/comments?post=9772"}],"version-history":[{"count":1,"href":"https:\/\/renatodias.online\/movimento\/wp-json\/wp\/v2\/posts\/9772\/revisions"}],"predecessor-version":[{"id":9776,"href":"https:\/\/renatodias.online\/movimento\/wp-json\/wp\/v2\/posts\/9772\/revisions\/9776"}],"wp:featuredmedia":[{"embeddable":true,"href":"https:\/\/renatodias.online\/movimento\/wp-json\/wp\/v2\/media\/8754"}],"wp:attachment":[{"href":"https:\/\/renatodias.online\/movimento\/wp-json\/wp\/v2\/media?parent=9772"}],"wp:term":[{"taxonomy":"category","embeddable":true,"href":"https:\/\/renatodias.online\/movimento\/wp-json\/wp\/v2\/categories?post=9772"},{"taxonomy":"post_tag","embeddable":true,"href":"https:\/\/renatodias.online\/movimento\/wp-json\/wp\/v2\/tags?post=9772"}],"curies":[{"name":"wp","href":"https:\/\/api.w.org\/{rel}","templated":true}]}}