{"id":9719,"date":"2021-11-23T12:17:56","date_gmt":"2021-11-23T15:17:56","guid":{"rendered":"https:\/\/renatodias.online\/movimento\/?p=9719"},"modified":"2021-11-23T12:17:56","modified_gmt":"2021-11-23T15:17:56","slug":"e-decisao-para-o-tigrao","status":"publish","type":"post","link":"https:\/\/renatodias.online\/movimento\/2021\/11\/23\/e-decisao-para-o-tigrao\/","title":{"rendered":"\u00c9 decis\u00e3o para o Tigr\u00e3o"},"content":{"rendered":"<div dir=\"auto\">\n<div dir=\"auto\">\n<figure id=\"attachment_5806\" aria-describedby=\"caption-attachment-5806\" style=\"width: 2048px\" class=\"wp-caption alignnone\"><img loading=\"lazy\" decoding=\"async\" class=\"size-full wp-image-5806\" src=\"https:\/\/renatodias.online\/movimento\/wp-content\/uploads\/2021\/04\/A-torcida-do-Vila-Nova.jpg\" alt=\"Torcida do \u00a0Vila Nova Futebol Clube, a maior do Centro-Oeste\" width=\"2048\" height=\"1152\" srcset=\"https:\/\/renatodias.online\/movimento\/wp-content\/uploads\/2021\/04\/A-torcida-do-Vila-Nova.jpg 2048w, https:\/\/renatodias.online\/movimento\/wp-content\/uploads\/2021\/04\/A-torcida-do-Vila-Nova-300x169.jpg 300w, https:\/\/renatodias.online\/movimento\/wp-content\/uploads\/2021\/04\/A-torcida-do-Vila-Nova-1024x576.jpg 1024w, https:\/\/renatodias.online\/movimento\/wp-content\/uploads\/2021\/04\/A-torcida-do-Vila-Nova-768x432.jpg 768w, https:\/\/renatodias.online\/movimento\/wp-content\/uploads\/2021\/04\/A-torcida-do-Vila-Nova-1536x864.jpg 1536w, https:\/\/renatodias.online\/movimento\/wp-content\/uploads\/2021\/04\/A-torcida-do-Vila-Nova-750x422.jpg 750w\" sizes=\"auto, (max-width: 2048px) 100vw, 2048px\" \/><figcaption id=\"caption-attachment-5806\" class=\"wp-caption-text\"><strong>Torcida do \u00a0Vila Nova Futebol Clube, a maior do Centro-Oeste<\/strong><\/figcaption><\/figure>\n<\/div>\n<div dir=\"auto\"><img loading=\"lazy\" decoding=\"async\" class=\"alignnone size-full wp-image-4871\" src=\"https:\/\/renatodias.online\/movimento\/wp-content\/uploads\/2020\/11\/Alto-da-p\u00e1gina-Banner-Exclusivo.png\" alt=\"\" width=\"1224\" height=\"372\" \/><\/div>\n<h1 dir=\"auto\" style=\"text-align: center;\"><span style=\"color: #ff0000;\">\u00c9 decis\u00e3o para o Tigr\u00e3o<\/span><\/h1>\n<h2 dir=\"auto\" style=\"text-align: left;\"><span style=\"color: #0000ff;\">Quarta-feira, 19h30, Est\u00e1dio On\u00e9sio Brasileiro Alvarenga<\/span><\/h2>\n<div dir=\"auto\">\n<figure id=\"attachment_7902\" aria-describedby=\"caption-attachment-7902\" style=\"width: 1000px\" class=\"wp-caption alignnone\"><img loading=\"lazy\" decoding=\"async\" class=\"size-full wp-image-7902\" src=\"https:\/\/renatodias.online\/movimento\/wp-content\/uploads\/2021\/07\/Escudo-do-Vila-Nova-Futebol-Clube-com-3-estrelas-e1637680093894.png\" alt=\"\" width=\"1000\" height=\"1184\" \/><figcaption id=\"caption-attachment-7902\" class=\"wp-caption-text\"><strong>Tricampe\u00e3o Brasileiro: 1996; 2015 e 2020<\/strong><\/figcaption><\/figure>\n<\/div>\n<div dir=\"auto\"><\/div>\n<h1 dir=\"auto\" style=\"text-align: center;\"><span style=\"color: #008000;\">Copa Verde<\/span><\/h1>\n<p>&nbsp;<\/p>\n<figure id=\"attachment_9720\" aria-describedby=\"caption-attachment-9720\" style=\"width: 754px\" class=\"wp-caption aligncenter\"><img loading=\"lazy\" decoding=\"async\" class=\"size-full wp-image-9720\" src=\"https:\/\/renatodias.online\/movimento\/wp-content\/uploads\/2021\/11\/Trofeu-da-Copa-Verde-em-disputa.jpg\" alt=\"\" width=\"754\" height=\"503\" srcset=\"https:\/\/renatodias.online\/movimento\/wp-content\/uploads\/2021\/11\/Trofeu-da-Copa-Verde-em-disputa.jpg 754w, https:\/\/renatodias.online\/movimento\/wp-content\/uploads\/2021\/11\/Trofeu-da-Copa-Verde-em-disputa-300x200.jpg 300w, https:\/\/renatodias.online\/movimento\/wp-content\/uploads\/2021\/11\/Trofeu-da-Copa-Verde-em-disputa-360x240.jpg 360w, https:\/\/renatodias.online\/movimento\/wp-content\/uploads\/2021\/11\/Trofeu-da-Copa-Verde-em-disputa-750x500.jpg 750w\" sizes=\"auto, (max-width: 754px) 100vw, 754px\" \/><figcaption id=\"caption-attachment-9720\" class=\"wp-caption-text\"><strong>Trof\u00e9u da Copa Verde em disputa<\/strong><\/figcaption><\/figure>\n<h1 dir=\"auto\" style=\"text-align: center;\"><span style=\"color: #ff6600;\">Lugar de torcedor \u00e9 na arquibancada<\/span><\/h1>\n<div dir=\"auto\"><\/div>\n<div dir=\"auto\"><strong>Renato Dias<\/strong><\/div>\n<div dir=\"auto\">O <strong>Vila Nova Futebol Clube<\/strong> possui, nesta quarta-feira, 24 de novembro de 2021, \u00e0s 19h30, uma partida hist\u00f3rica. Pela semifinal da Copa Verde. Competi\u00e7\u00e3o regional da Confedera\u00e7\u00e3o Brasileira de Futebol. A CBF. O advers\u00e1rio \u00e9 o Nova Mutum. Agremia\u00e7\u00e3o esportiva emergente. Do Estado do Mato Grosso. Decisivo. Duro. Para ir \u00e0 final do torneio<\/div>\n<div dir=\"auto\"><\/div>\n<div dir=\"auto\">\n<figure id=\"attachment_7901\" aria-describedby=\"caption-attachment-7901\" style=\"width: 1200px\" class=\"wp-caption alignnone\"><img loading=\"lazy\" decoding=\"async\" class=\"size-full wp-image-7901\" src=\"https:\/\/renatodias.online\/movimento\/wp-content\/uploads\/2021\/07\/Georgemy-Goleiro-do-Vila-Nova.jpg\" alt=\"\" width=\"1200\" height=\"673\" srcset=\"https:\/\/renatodias.online\/movimento\/wp-content\/uploads\/2021\/07\/Georgemy-Goleiro-do-Vila-Nova.jpg 1200w, https:\/\/renatodias.online\/movimento\/wp-content\/uploads\/2021\/07\/Georgemy-Goleiro-do-Vila-Nova-300x168.jpg 300w, https:\/\/renatodias.online\/movimento\/wp-content\/uploads\/2021\/07\/Georgemy-Goleiro-do-Vila-Nova-768x431.jpg 768w, https:\/\/renatodias.online\/movimento\/wp-content\/uploads\/2021\/07\/Georgemy-Goleiro-do-Vila-Nova-750x421.jpg 750w\" sizes=\"auto, (max-width: 1200px) 100vw, 1200px\" \/><figcaption id=\"caption-attachment-7901\" class=\"wp-caption-text\"><strong>Georgemy, goleiro do Vila Nova<\/strong><\/figcaption><\/figure>\n<\/div>\n<div dir=\"auto\"><\/div>\n<div dir=\"auto\">O t\u00e9cnico Higo Magalh\u00e3es, campe\u00e3o estadual em 2005, quer o seu 1\u00b0\u00a0 t\u00edtulo como efetivo. O time titular pode entrar em campo com Georgemy; Moacir, Rafael Donato, Renato e Bruno Cola\u00e7o ou Willian Formiga; Dudu, Bambu ou Thiago Real, Arthur Rezende; Diego Tavares, Clayton e Alesson. Pedro J\u00fanior, atacante, \u00e9 mais uma op\u00e7\u00e3o.<\/div>\n<div dir=\"auto\">\n<p>&nbsp;<\/p>\n<figure id=\"attachment_6520\" aria-describedby=\"caption-attachment-6520\" style=\"width: 1080px\" class=\"wp-caption alignnone\"><img loading=\"lazy\" decoding=\"async\" class=\"size-full wp-image-6520\" src=\"https:\/\/renatodias.online\/movimento\/wp-content\/uploads\/2021\/05\/Gol-de-Rafael-Donato.png\" alt=\"\" width=\"1080\" height=\"715\" srcset=\"https:\/\/renatodias.online\/movimento\/wp-content\/uploads\/2021\/05\/Gol-de-Rafael-Donato.png 1080w, https:\/\/renatodias.online\/movimento\/wp-content\/uploads\/2021\/05\/Gol-de-Rafael-Donato-300x199.png 300w, https:\/\/renatodias.online\/movimento\/wp-content\/uploads\/2021\/05\/Gol-de-Rafael-Donato-768x508.png 768w, https:\/\/renatodias.online\/movimento\/wp-content\/uploads\/2021\/05\/Gol-de-Rafael-Donato-750x497.png 750w\" sizes=\"auto, (max-width: 1080px) 100vw, 1080px\" \/><figcaption id=\"caption-attachment-6520\" class=\"wp-caption-text\"><strong>Gol de Rafael Donato<\/strong><\/figcaption><\/figure>\n<\/div>\n<\/div>\n<div dir=\"auto\"><\/div>\n<h1 dir=\"auto\"><strong>Planejamento<\/strong><\/h1>\n<div dir=\"auto\">\n<div dir=\"auto\">O planejamento \u00e0 temporada 2022 est\u00e1 em andamento. Georgemy, Renato, Bruno Cola\u00e7o, Dudu, Deivid, Jo\u00e3o Pedro, Gustavo, Khalil, Alesson, Clayton, Marcos Paulo e Breno t\u00eam contratos assinados com o clube, apurou o <strong>www.renatodias.online<\/strong> Negocia\u00e7\u00f5es continuam em execu\u00e7\u00e3o. O tigre possui dez campeonatos para disput\u00e1 &#8211; los.<\/div>\n<div dir=\"auto\"><\/div>\n<div dir=\"auto\">\n<figure id=\"attachment_5380\" aria-describedby=\"caption-attachment-5380\" style=\"width: 1080px\" class=\"wp-caption alignnone\"><img loading=\"lazy\" decoding=\"async\" class=\"size-full wp-image-5380\" src=\"https:\/\/renatodias.online\/movimento\/wp-content\/uploads\/2021\/03\/Gol-do-Vila-Nova-_-5-a-zero.jpg\" alt=\"Comemora\u00e7\u00e3o de gol em alto estilo _ Cr\u00e9dito: @vilanovafc\" width=\"1080\" height=\"619\" srcset=\"https:\/\/renatodias.online\/movimento\/wp-content\/uploads\/2021\/03\/Gol-do-Vila-Nova-_-5-a-zero.jpg 1080w, https:\/\/renatodias.online\/movimento\/wp-content\/uploads\/2021\/03\/Gol-do-Vila-Nova-_-5-a-zero-300x172.jpg 300w, https:\/\/renatodias.online\/movimento\/wp-content\/uploads\/2021\/03\/Gol-do-Vila-Nova-_-5-a-zero-1024x587.jpg 1024w, https:\/\/renatodias.online\/movimento\/wp-content\/uploads\/2021\/03\/Gol-do-Vila-Nova-_-5-a-zero-768x440.jpg 768w, https:\/\/renatodias.online\/movimento\/wp-content\/uploads\/2021\/03\/Gol-do-Vila-Nova-_-5-a-zero-750x430.jpg 750w\" sizes=\"auto, (max-width: 1080px) 100vw, 1080px\" \/><figcaption id=\"caption-attachment-5380\" class=\"wp-caption-text\"><strong>Comemora\u00e7\u00e3o de gol em alto estilo _ Cr\u00e9dito: @vilanovafc<\/strong><\/figcaption><\/figure>\n<\/div>\n<\/div>\n<div dir=\"auto\"><\/div>\n<div dir=\"auto\">\n<div dir=\"auto\"><\/div>\n<div dir=\"auto\">Agenda de 2022:Copa S\u00e3o Paulo de Futebol Junior, Estadual, Copa do Brasil, Copa Verde, Campeonato Brasileiro da S\u00e9rie B, Goian\u00e3o de Futebol Feminino Adulto, Certame Brasileiro de Futebol Feminino Adulto, Estadual de Futsal Masculino Adulto, Basquete Masculino Adulto da S\u00e9rie B e V\u00f4lei Masculino Adulto S\u00e9rie B. Calend\u00e1rio completo.<\/div>\n<div dir=\"auto\"><\/div>\n<h1 dir=\"auto\"><span style=\"color: #0000ff;\">Sub _ 20 jogo de volta<\/span><\/h1>\n<div dir=\"auto\">Os garotos do Tigre da Vila Famosa fazem o \u00faltimo jogo da final do campeonato Sub &#8211; 20, quinta-feira. Os meninos vermelhos precisam de uma vit\u00f3ria simples para a disputa de p\u00eanaltis ou por dois gols de diferen\u00e7a para conquistar o t\u00edtulo. O sub-13 foi vice &#8211; campe\u00e3o. <strong>Hugo Jorge Bravo<\/strong> pode ser reeleito presidente-executivo para novo mandato.<\/div>\n<div dir=\"auto\"><\/div>\n<\/div>\n<div dir=\"auto\">\n<figure id=\"attachment_8110\" aria-describedby=\"caption-attachment-8110\" style=\"width: 1123px\" class=\"wp-caption alignnone\"><img loading=\"lazy\" decoding=\"async\" class=\"size-full wp-image-8110\" src=\"https:\/\/renatodias.online\/movimento\/wp-content\/uploads\/2021\/07\/Hugo-Jorge-Bravo-Principal.jpeg\" alt=\"\" width=\"1123\" height=\"750\" \/><figcaption id=\"caption-attachment-8110\" class=\"wp-caption-text\"><strong>Hugo Jorge Bravo, presidente do Vila Nova Futebol Clube, poder\u00e1 exercer mais um mandato no clube<br \/><\/strong><\/figcaption><\/figure>\n<\/div>\n","protected":false},"excerpt":{"rendered":"<p>\u00c9 decis\u00e3o para o Tigr\u00e3o Quarta-feira, 19h30, Est\u00e1dio On\u00e9sio Brasileiro Alvarenga Copa Verde &nbsp; Lugar de torcedor \u00e9 na arquibancada Renato Dias O Vila Nova Futebol Clube possui, nesta quarta-feira, 24 de novembro de 2021, \u00e0s 19h30, uma partida hist\u00f3rica. Pela semifinal da Copa Verde. Competi\u00e7\u00e3o regional da Confedera\u00e7\u00e3o Brasileira de Futebol. A CBF. O<\/p>\n","protected":false},"author":2,"featured_media":6640,"comment_status":"open","ping_status":"open","sticky":false,"template":"","format":"standard","meta":{"_acf_changed":false,"_monsterinsights_skip_tracking":false,"_monsterinsights_sitenote_active":false,"_monsterinsights_sitenote_note":"","_monsterinsights_sitenote_category":0,"footnotes":""},"categories":[33],"tags":[],"class_list":["post-9719","post","type-post","status-publish","format-standard","has-post-thumbnail","hentry","category-esporte"],"acf":[],"yoast_head":"<!-- This site is optimized with the Yoast SEO plugin v27.4 - https:\/\/yoast.com\/product\/yoast-seo-wordpress\/ -->\n<title>\u00c9 decis\u00e3o para o Tigr\u00e3o -<\/title>\n<meta name=\"robots\" content=\"index, follow, max-snippet:-1, max-image-preview:large, max-video-preview:-1\" \/>\n<link rel=\"canonical\" href=\"https:\/\/renatodias.online\/movimento\/2021\/11\/23\/e-decisao-para-o-tigrao\/\" \/>\n<meta property=\"og:locale\" content=\"pt_BR\" \/>\n<meta property=\"og:type\" content=\"article\" \/>\n<meta property=\"og:title\" content=\"\u00c9 decis\u00e3o para o Tigr\u00e3o -\" \/>\n<meta property=\"og:description\" content=\"\u00c9 decis\u00e3o para o Tigr\u00e3o Quarta-feira, 19h30, Est\u00e1dio On\u00e9sio Brasileiro Alvarenga Copa Verde &nbsp; Lugar de torcedor \u00e9 na arquibancada Renato Dias O Vila Nova Futebol Clube possui, nesta quarta-feira, 24 de novembro de 2021, \u00e0s 19h30, uma partida hist\u00f3rica. Pela semifinal da Copa Verde. Competi\u00e7\u00e3o regional da Confedera\u00e7\u00e3o Brasileira de Futebol. A CBF. O\" \/>\n<meta property=\"og:url\" content=\"https:\/\/renatodias.online\/movimento\/2021\/11\/23\/e-decisao-para-o-tigrao\/\" \/>\n<meta property=\"article:publisher\" content=\"https:\/\/www.facebook.com\/renato.dias.37\" \/>\n<meta property=\"article:author\" content=\"https:\/\/www.facebook.com\/renato.dias.37\" \/>\n<meta property=\"article:published_time\" content=\"2021-11-23T15:17:56+00:00\" \/>\n<meta property=\"og:image\" content=\"https:\/\/renatodias.online\/movimento\/wp-content\/uploads\/2021\/05\/O-Tigrao-voltou-e1647048657392.png\" \/>\n\t<meta property=\"og:image:width\" content=\"360\" \/>\n\t<meta property=\"og:image:height\" content=\"419\" \/>\n\t<meta property=\"og:image:type\" content=\"image\/png\" \/>\n<meta name=\"author\" content=\"Renato Dias\" \/>\n<meta name=\"twitter:card\" content=\"summary_large_image\" \/>\n<meta name=\"twitter:creator\" content=\"@RenatoDiasBat\" \/>\n<meta name=\"twitter:site\" content=\"@RenatoDiasBat\" \/>\n<meta name=\"twitter:label1\" content=\"Escrito por\" \/>\n\t<meta name=\"twitter:data1\" content=\"Renato Dias\" \/>\n\t<meta name=\"twitter:label2\" content=\"Est. tempo de leitura\" \/>\n\t<meta name=\"twitter:data2\" content=\"2 minutos\" \/>\n<script type=\"application\/ld+json\" class=\"yoast-schema-graph\">{\"@context\":\"https:\\\/\\\/schema.org\",\"@graph\":[{\"@type\":\"Article\",\"@id\":\"https:\\\/\\\/renatodias.online\\\/movimento\\\/2021\\\/11\\\/23\\\/e-decisao-para-o-tigrao\\\/#article\",\"isPartOf\":{\"@id\":\"https:\\\/\\\/renatodias.online\\\/movimento\\\/2021\\\/11\\\/23\\\/e-decisao-para-o-tigrao\\\/\"},\"author\":{\"name\":\"Renato Dias\",\"@id\":\"https:\\\/\\\/renatodias.online\\\/movimento\\\/#\\\/schema\\\/person\\\/bbab28833b1725a20f4083f49f1fb2a9\"},\"headline\":\"\u00c9 decis\u00e3o para o Tigr\u00e3o\",\"datePublished\":\"2021-11-23T15:17:56+00:00\",\"mainEntityOfPage\":{\"@id\":\"https:\\\/\\\/renatodias.online\\\/movimento\\\/2021\\\/11\\\/23\\\/e-decisao-para-o-tigrao\\\/\"},\"wordCount\":422,\"commentCount\":0,\"publisher\":{\"@id\":\"https:\\\/\\\/renatodias.online\\\/movimento\\\/#\\\/schema\\\/person\\\/bbab28833b1725a20f4083f49f1fb2a9\"},\"image\":{\"@id\":\"https:\\\/\\\/renatodias.online\\\/movimento\\\/2021\\\/11\\\/23\\\/e-decisao-para-o-tigrao\\\/#primaryimage\"},\"thumbnailUrl\":\"https:\\\/\\\/renatodias.online\\\/movimento\\\/wp-content\\\/uploads\\\/2021\\\/05\\\/O-Tigrao-voltou-e1647048657392.png\",\"articleSection\":[\"Esporte\"],\"inLanguage\":\"pt-BR\",\"potentialAction\":[{\"@type\":\"CommentAction\",\"name\":\"Comment\",\"target\":[\"https:\\\/\\\/renatodias.online\\\/movimento\\\/2021\\\/11\\\/23\\\/e-decisao-para-o-tigrao\\\/#respond\"]}]},{\"@type\":\"WebPage\",\"@id\":\"https:\\\/\\\/renatodias.online\\\/movimento\\\/2021\\\/11\\\/23\\\/e-decisao-para-o-tigrao\\\/\",\"url\":\"https:\\\/\\\/renatodias.online\\\/movimento\\\/2021\\\/11\\\/23\\\/e-decisao-para-o-tigrao\\\/\",\"name\":\"\u00c9 decis\u00e3o para o Tigr\u00e3o -\",\"isPartOf\":{\"@id\":\"https:\\\/\\\/renatodias.online\\\/movimento\\\/#website\"},\"primaryImageOfPage\":{\"@id\":\"https:\\\/\\\/renatodias.online\\\/movimento\\\/2021\\\/11\\\/23\\\/e-decisao-para-o-tigrao\\\/#primaryimage\"},\"image\":{\"@id\":\"https:\\\/\\\/renatodias.online\\\/movimento\\\/2021\\\/11\\\/23\\\/e-decisao-para-o-tigrao\\\/#primaryimage\"},\"thumbnailUrl\":\"https:\\\/\\\/renatodias.online\\\/movimento\\\/wp-content\\\/uploads\\\/2021\\\/05\\\/O-Tigrao-voltou-e1647048657392.png\",\"datePublished\":\"2021-11-23T15:17:56+00:00\",\"breadcrumb\":{\"@id\":\"https:\\\/\\\/renatodias.online\\\/movimento\\\/2021\\\/11\\\/23\\\/e-decisao-para-o-tigrao\\\/#breadcrumb\"},\"inLanguage\":\"pt-BR\",\"potentialAction\":[{\"@type\":\"ReadAction\",\"target\":[\"https:\\\/\\\/renatodias.online\\\/movimento\\\/2021\\\/11\\\/23\\\/e-decisao-para-o-tigrao\\\/\"]}]},{\"@type\":\"ImageObject\",\"inLanguage\":\"pt-BR\",\"@id\":\"https:\\\/\\\/renatodias.online\\\/movimento\\\/2021\\\/11\\\/23\\\/e-decisao-para-o-tigrao\\\/#primaryimage\",\"url\":\"https:\\\/\\\/renatodias.online\\\/movimento\\\/wp-content\\\/uploads\\\/2021\\\/05\\\/O-Tigrao-voltou-e1647048657392.png\",\"contentUrl\":\"https:\\\/\\\/renatodias.online\\\/movimento\\\/wp-content\\\/uploads\\\/2021\\\/05\\\/O-Tigrao-voltou-e1647048657392.png\",\"width\":360,\"height\":419,\"caption\":\"O Tigr\u00e3o voltou\"},{\"@type\":\"BreadcrumbList\",\"@id\":\"https:\\\/\\\/renatodias.online\\\/movimento\\\/2021\\\/11\\\/23\\\/e-decisao-para-o-tigrao\\\/#breadcrumb\",\"itemListElement\":[{\"@type\":\"ListItem\",\"position\":1,\"name\":\"In\u00edcio\",\"item\":\"https:\\\/\\\/renatodias.online\\\/movimento\\\/\"},{\"@type\":\"ListItem\",\"position\":2,\"name\":\"\u00c9 decis\u00e3o para o Tigr\u00e3o\"}]},{\"@type\":\"WebSite\",\"@id\":\"https:\\\/\\\/renatodias.online\\\/movimento\\\/#website\",\"url\":\"https:\\\/\\\/renatodias.online\\\/movimento\\\/\",\"name\":\"\",\"description\":\"\",\"publisher\":{\"@id\":\"https:\\\/\\\/renatodias.online\\\/movimento\\\/#\\\/schema\\\/person\\\/bbab28833b1725a20f4083f49f1fb2a9\"},\"potentialAction\":[{\"@type\":\"SearchAction\",\"target\":{\"@type\":\"EntryPoint\",\"urlTemplate\":\"https:\\\/\\\/renatodias.online\\\/movimento\\\/?s={search_term_string}\"},\"query-input\":{\"@type\":\"PropertyValueSpecification\",\"valueRequired\":true,\"valueName\":\"search_term_string\"}}],\"inLanguage\":\"pt-BR\"},{\"@type\":[\"Person\",\"Organization\"],\"@id\":\"https:\\\/\\\/renatodias.online\\\/movimento\\\/#\\\/schema\\\/person\\\/bbab28833b1725a20f4083f49f1fb2a9\",\"name\":\"Renato Dias\",\"image\":{\"@type\":\"ImageObject\",\"inLanguage\":\"pt-BR\",\"@id\":\"https:\\\/\\\/renatodias.online\\\/movimento\\\/wp-content\\\/uploads\\\/2023\\\/03\\\/cropped-cropped-cropped-logofinal.jpeg\",\"url\":\"https:\\\/\\\/renatodias.online\\\/movimento\\\/wp-content\\\/uploads\\\/2023\\\/03\\\/cropped-cropped-cropped-logofinal.jpeg\",\"contentUrl\":\"https:\\\/\\\/renatodias.online\\\/movimento\\\/wp-content\\\/uploads\\\/2023\\\/03\\\/cropped-cropped-cropped-logofinal.jpeg\",\"width\":1280,\"height\":219,\"caption\":\"Renato Dias\"},\"logo\":{\"@id\":\"https:\\\/\\\/renatodias.online\\\/movimento\\\/wp-content\\\/uploads\\\/2023\\\/03\\\/cropped-cropped-cropped-logofinal.jpeg\"},\"description\":\"Renato Dias, 58 anos, \u00e9 graduado em Jornalismo, formado em Ci\u00eancias Sociais, com p\u00f3s-gradua\u00e7\u00e3o em Pol\u00edticas P\u00fablicas, mestre em Direito e Rela\u00e7\u00f5es Internacionais, ex-aluno extraordin\u00e1rio do Doutorado em Psicologia Social, ex-estudante do Curso de Psican\u00e1lise do Centro de Estudos Psicanal\u00edticos do Estado de Goi\u00e1s, ministrado pelo m\u00e9dico psiquiatra e psicanalista Daniel Em\u00eddio de Souza. \u00c9 autor de 30 livros-reportagem, oito document\u00e1rios, ganhou 30 pr\u00eamios e \u00e9 torcedor apaixonado do maior do Centro-Oeste, o Vila Nova Futebol Clube. Casado com Meirilane Dias, \u00e9 pai de Juliana Dias, jornalista; Daniel Dias, economista; e Maria Rosa Dias, estudante antifascista, socialista e trotskista.\u00a0Com tr\u00eas pets: Porquinho [Bull Dog Franc\u00eas], Dalila [Basset Hound] e Geleia [Basset Hound]. Al\u00e9m do eterno gato Tutuquinho, que virou estrela.\",\"sameAs\":[\"https:\\\/\\\/www.facebook.com\\\/renato.dias.37\",\"#breve\",\"https:\\\/\\\/renatodias.tumblr.com\\\/\"],\"url\":\"https:\\\/\\\/renatodias.online\\\/movimento\\\/author\\\/renatodias\\\/\"}]}<\/script>\n<!-- \/ Yoast SEO plugin. -->","yoast_head_json":{"title":"\u00c9 decis\u00e3o para o Tigr\u00e3o -","robots":{"index":"index","follow":"follow","max-snippet":"max-snippet:-1","max-image-preview":"max-image-preview:large","max-video-preview":"max-video-preview:-1"},"canonical":"https:\/\/renatodias.online\/movimento\/2021\/11\/23\/e-decisao-para-o-tigrao\/","og_locale":"pt_BR","og_type":"article","og_title":"\u00c9 decis\u00e3o para o Tigr\u00e3o -","og_description":"\u00c9 decis\u00e3o para o Tigr\u00e3o Quarta-feira, 19h30, Est\u00e1dio On\u00e9sio Brasileiro Alvarenga Copa Verde &nbsp; Lugar de torcedor \u00e9 na arquibancada Renato Dias O Vila Nova Futebol Clube possui, nesta quarta-feira, 24 de novembro de 2021, \u00e0s 19h30, uma partida hist\u00f3rica. Pela semifinal da Copa Verde. Competi\u00e7\u00e3o regional da Confedera\u00e7\u00e3o Brasileira de Futebol. A CBF. O","og_url":"https:\/\/renatodias.online\/movimento\/2021\/11\/23\/e-decisao-para-o-tigrao\/","article_publisher":"https:\/\/www.facebook.com\/renato.dias.37","article_author":"https:\/\/www.facebook.com\/renato.dias.37","article_published_time":"2021-11-23T15:17:56+00:00","og_image":[{"width":360,"height":419,"url":"https:\/\/renatodias.online\/movimento\/wp-content\/uploads\/2021\/05\/O-Tigrao-voltou-e1647048657392.png","type":"image\/png"}],"author":"Renato Dias","twitter_card":"summary_large_image","twitter_creator":"@RenatoDiasBat","twitter_site":"@RenatoDiasBat","twitter_misc":{"Escrito por":"Renato Dias","Est. tempo de leitura":"2 minutos"},"schema":{"@context":"https:\/\/schema.org","@graph":[{"@type":"Article","@id":"https:\/\/renatodias.online\/movimento\/2021\/11\/23\/e-decisao-para-o-tigrao\/#article","isPartOf":{"@id":"https:\/\/renatodias.online\/movimento\/2021\/11\/23\/e-decisao-para-o-tigrao\/"},"author":{"name":"Renato Dias","@id":"https:\/\/renatodias.online\/movimento\/#\/schema\/person\/bbab28833b1725a20f4083f49f1fb2a9"},"headline":"\u00c9 decis\u00e3o para o Tigr\u00e3o","datePublished":"2021-11-23T15:17:56+00:00","mainEntityOfPage":{"@id":"https:\/\/renatodias.online\/movimento\/2021\/11\/23\/e-decisao-para-o-tigrao\/"},"wordCount":422,"commentCount":0,"publisher":{"@id":"https:\/\/renatodias.online\/movimento\/#\/schema\/person\/bbab28833b1725a20f4083f49f1fb2a9"},"image":{"@id":"https:\/\/renatodias.online\/movimento\/2021\/11\/23\/e-decisao-para-o-tigrao\/#primaryimage"},"thumbnailUrl":"https:\/\/renatodias.online\/movimento\/wp-content\/uploads\/2021\/05\/O-Tigrao-voltou-e1647048657392.png","articleSection":["Esporte"],"inLanguage":"pt-BR","potentialAction":[{"@type":"CommentAction","name":"Comment","target":["https:\/\/renatodias.online\/movimento\/2021\/11\/23\/e-decisao-para-o-tigrao\/#respond"]}]},{"@type":"WebPage","@id":"https:\/\/renatodias.online\/movimento\/2021\/11\/23\/e-decisao-para-o-tigrao\/","url":"https:\/\/renatodias.online\/movimento\/2021\/11\/23\/e-decisao-para-o-tigrao\/","name":"\u00c9 decis\u00e3o para o Tigr\u00e3o -","isPartOf":{"@id":"https:\/\/renatodias.online\/movimento\/#website"},"primaryImageOfPage":{"@id":"https:\/\/renatodias.online\/movimento\/2021\/11\/23\/e-decisao-para-o-tigrao\/#primaryimage"},"image":{"@id":"https:\/\/renatodias.online\/movimento\/2021\/11\/23\/e-decisao-para-o-tigrao\/#primaryimage"},"thumbnailUrl":"https:\/\/renatodias.online\/movimento\/wp-content\/uploads\/2021\/05\/O-Tigrao-voltou-e1647048657392.png","datePublished":"2021-11-23T15:17:56+00:00","breadcrumb":{"@id":"https:\/\/renatodias.online\/movimento\/2021\/11\/23\/e-decisao-para-o-tigrao\/#breadcrumb"},"inLanguage":"pt-BR","potentialAction":[{"@type":"ReadAction","target":["https:\/\/renatodias.online\/movimento\/2021\/11\/23\/e-decisao-para-o-tigrao\/"]}]},{"@type":"ImageObject","inLanguage":"pt-BR","@id":"https:\/\/renatodias.online\/movimento\/2021\/11\/23\/e-decisao-para-o-tigrao\/#primaryimage","url":"https:\/\/renatodias.online\/movimento\/wp-content\/uploads\/2021\/05\/O-Tigrao-voltou-e1647048657392.png","contentUrl":"https:\/\/renatodias.online\/movimento\/wp-content\/uploads\/2021\/05\/O-Tigrao-voltou-e1647048657392.png","width":360,"height":419,"caption":"O Tigr\u00e3o voltou"},{"@type":"BreadcrumbList","@id":"https:\/\/renatodias.online\/movimento\/2021\/11\/23\/e-decisao-para-o-tigrao\/#breadcrumb","itemListElement":[{"@type":"ListItem","position":1,"name":"In\u00edcio","item":"https:\/\/renatodias.online\/movimento\/"},{"@type":"ListItem","position":2,"name":"\u00c9 decis\u00e3o para o Tigr\u00e3o"}]},{"@type":"WebSite","@id":"https:\/\/renatodias.online\/movimento\/#website","url":"https:\/\/renatodias.online\/movimento\/","name":"","description":"","publisher":{"@id":"https:\/\/renatodias.online\/movimento\/#\/schema\/person\/bbab28833b1725a20f4083f49f1fb2a9"},"potentialAction":[{"@type":"SearchAction","target":{"@type":"EntryPoint","urlTemplate":"https:\/\/renatodias.online\/movimento\/?s={search_term_string}"},"query-input":{"@type":"PropertyValueSpecification","valueRequired":true,"valueName":"search_term_string"}}],"inLanguage":"pt-BR"},{"@type":["Person","Organization"],"@id":"https:\/\/renatodias.online\/movimento\/#\/schema\/person\/bbab28833b1725a20f4083f49f1fb2a9","name":"Renato Dias","image":{"@type":"ImageObject","inLanguage":"pt-BR","@id":"https:\/\/renatodias.online\/movimento\/wp-content\/uploads\/2023\/03\/cropped-cropped-cropped-logofinal.jpeg","url":"https:\/\/renatodias.online\/movimento\/wp-content\/uploads\/2023\/03\/cropped-cropped-cropped-logofinal.jpeg","contentUrl":"https:\/\/renatodias.online\/movimento\/wp-content\/uploads\/2023\/03\/cropped-cropped-cropped-logofinal.jpeg","width":1280,"height":219,"caption":"Renato Dias"},"logo":{"@id":"https:\/\/renatodias.online\/movimento\/wp-content\/uploads\/2023\/03\/cropped-cropped-cropped-logofinal.jpeg"},"description":"Renato Dias, 58 anos, \u00e9 graduado em Jornalismo, formado em Ci\u00eancias Sociais, com p\u00f3s-gradua\u00e7\u00e3o em Pol\u00edticas P\u00fablicas, mestre em Direito e Rela\u00e7\u00f5es Internacionais, ex-aluno extraordin\u00e1rio do Doutorado em Psicologia Social, ex-estudante do Curso de Psican\u00e1lise do Centro de Estudos Psicanal\u00edticos do Estado de Goi\u00e1s, ministrado pelo m\u00e9dico psiquiatra e psicanalista Daniel Em\u00eddio de Souza. \u00c9 autor de 30 livros-reportagem, oito document\u00e1rios, ganhou 30 pr\u00eamios e \u00e9 torcedor apaixonado do maior do Centro-Oeste, o Vila Nova Futebol Clube. Casado com Meirilane Dias, \u00e9 pai de Juliana Dias, jornalista; Daniel Dias, economista; e Maria Rosa Dias, estudante antifascista, socialista e trotskista.\u00a0Com tr\u00eas pets: Porquinho [Bull Dog Franc\u00eas], Dalila [Basset Hound] e Geleia [Basset Hound]. Al\u00e9m do eterno gato Tutuquinho, que virou estrela.","sameAs":["https:\/\/www.facebook.com\/renato.dias.37","#breve","https:\/\/renatodias.tumblr.com\/"],"url":"https:\/\/renatodias.online\/movimento\/author\/renatodias\/"}]}},"_links":{"self":[{"href":"https:\/\/renatodias.online\/movimento\/wp-json\/wp\/v2\/posts\/9719","targetHints":{"allow":["GET"]}}],"collection":[{"href":"https:\/\/renatodias.online\/movimento\/wp-json\/wp\/v2\/posts"}],"about":[{"href":"https:\/\/renatodias.online\/movimento\/wp-json\/wp\/v2\/types\/post"}],"author":[{"embeddable":true,"href":"https:\/\/renatodias.online\/movimento\/wp-json\/wp\/v2\/users\/2"}],"replies":[{"embeddable":true,"href":"https:\/\/renatodias.online\/movimento\/wp-json\/wp\/v2\/comments?post=9719"}],"version-history":[{"count":1,"href":"https:\/\/renatodias.online\/movimento\/wp-json\/wp\/v2\/posts\/9719\/revisions"}],"predecessor-version":[{"id":9721,"href":"https:\/\/renatodias.online\/movimento\/wp-json\/wp\/v2\/posts\/9719\/revisions\/9721"}],"wp:featuredmedia":[{"embeddable":true,"href":"https:\/\/renatodias.online\/movimento\/wp-json\/wp\/v2\/media\/6640"}],"wp:attachment":[{"href":"https:\/\/renatodias.online\/movimento\/wp-json\/wp\/v2\/media?parent=9719"}],"wp:term":[{"taxonomy":"category","embeddable":true,"href":"https:\/\/renatodias.online\/movimento\/wp-json\/wp\/v2\/categories?post=9719"},{"taxonomy":"post_tag","embeddable":true,"href":"https:\/\/renatodias.online\/movimento\/wp-json\/wp\/v2\/tags?post=9719"}],"curies":[{"name":"wp","href":"https:\/\/api.w.org\/{rel}","templated":true}]}}