{"id":9625,"date":"2021-11-14T16:00:56","date_gmt":"2021-11-14T19:00:56","guid":{"rendered":"https:\/\/renatodias.online\/movimento\/?p=9625"},"modified":"2021-11-14T16:00:56","modified_gmt":"2021-11-14T19:00:56","slug":"pt-quer-wolmir-amado-em-2022-a-casa-verde","status":"publish","type":"post","link":"https:\/\/renatodias.online\/movimento\/2021\/11\/14\/pt-quer-wolmir-amado-em-2022-a-casa-verde\/","title":{"rendered":"PT quer Wolmir Amado em 2022 \u00e0 Casa Verde"},"content":{"rendered":"<figure id=\"attachment_8352\" aria-describedby=\"caption-attachment-8352\" style=\"width: 444px\" class=\"wp-caption aligncenter\"><img loading=\"lazy\" decoding=\"async\" class=\"size-full wp-image-8352\" src=\"https:\/\/renatodias.online\/movimento\/wp-content\/uploads\/2021\/08\/Estrela-do-PT.jpg\" alt=\"\" width=\"444\" height=\"465\" \/><figcaption id=\"caption-attachment-8352\" class=\"wp-caption-text\"><strong>Estrela do PT<\/strong><\/figcaption><\/figure>\n<h1 style=\"text-align: center;\"><span style=\"color: #ff0000;\"><strong>Wolmir Amado, a esperan\u00e7a 13<\/strong><\/span><\/h1>\n<h1><img loading=\"lazy\" decoding=\"async\" class=\"alignnone size-full wp-image-9626\" src=\"https:\/\/renatodias.online\/movimento\/wp-content\/uploads\/2021\/11\/Wolmir-Amado-1.png\" alt=\"\" width=\"1080\" height=\"1076\" srcset=\"https:\/\/renatodias.online\/movimento\/wp-content\/uploads\/2021\/11\/Wolmir-Amado-1.png 1080w, https:\/\/renatodias.online\/movimento\/wp-content\/uploads\/2021\/11\/Wolmir-Amado-1-300x300.png 300w, https:\/\/renatodias.online\/movimento\/wp-content\/uploads\/2021\/11\/Wolmir-Amado-1-1028x1024.png 1028w, https:\/\/renatodias.online\/movimento\/wp-content\/uploads\/2021\/11\/Wolmir-Amado-1-150x150.png 150w, https:\/\/renatodias.online\/movimento\/wp-content\/uploads\/2021\/11\/Wolmir-Amado-1-768x765.png 768w, https:\/\/renatodias.online\/movimento\/wp-content\/uploads\/2021\/11\/Wolmir-Amado-1-750x747.png 750w\" sizes=\"auto, (max-width: 1080px) 100vw, 1080px\" \/><\/h1>\n<h1><img loading=\"lazy\" decoding=\"async\" class=\"alignnone size-full wp-image-5007\" src=\"https:\/\/renatodias.online\/movimento\/wp-content\/uploads\/2021\/01\/Alto-da-p\u00e1gina-Banner-Exclusivo.png\" alt=\"\" width=\"1224\" height=\"372\" \/><\/h1>\n<h1 style=\"text-align: center;\"><span style=\"color: #0000ff;\"><strong>\u00c9 o ex-reitor da PUC Goi\u00e1s<\/strong><\/span><\/h1>\n<h1 style=\"text-align: center;\"><strong>\u00a0<\/strong><span style=\"color: #ff6600;\"><strong>Com palanque para Lula, em 2022<\/strong><\/span><\/h1>\n<figure id=\"attachment_9418\" aria-describedby=\"caption-attachment-9418\" style=\"width: 1080px\" class=\"wp-caption alignnone\"><img loading=\"lazy\" decoding=\"async\" class=\"size-full wp-image-9418\" src=\"https:\/\/renatodias.online\/movimento\/wp-content\/uploads\/2021\/11\/Lula-em-dois-momentos-historicos.jpg\" alt=\"\" width=\"1080\" height=\"1074\" \/><figcaption id=\"caption-attachment-9418\" class=\"wp-caption-text\"><strong>Luiz In\u00e1cio Lula da Silva em dois momentos hist\u00f3ricos<\/strong><\/figcaption><\/figure>\n<p><strong>Renato Dias<\/strong><\/p>\n<p>O ex-reitor da Pontif\u00edcia Universidade Cat\u00f3lica de Goi\u00e1s <strong>Wolmir Therezio Amado<\/strong> admite disputar as elei\u00e7\u00f5es ao Pal\u00e1cio das Esmeraldas. Sede do Governo Estadual. Legenda: Partido dos Trabalhadores. Sigla da estrela verme\u00adlha fundada em 10 de fevereiro de 1980. No Col\u00e9gio Sion, S\u00e3o Paulo. O pleito ocorrer\u00e1 em outubro de 2022.\u00a0 Dois turnos<\/p>\n<figure id=\"attachment_4510\" aria-describedby=\"caption-attachment-4510\" style=\"width: 1000px\" class=\"wp-caption alignnone\"><img loading=\"lazy\" decoding=\"async\" class=\"size-full wp-image-4510\" src=\"https:\/\/renatodias.online\/movimento\/wp-content\/uploads\/2020\/09\/Pal\u00e1cio-das-Esmeeraldas-2.jpg\" alt=\"\" width=\"1000\" height=\"750\" \/><figcaption id=\"caption-attachment-4510\" class=\"wp-caption-text\"><strong>Pal\u00e1cio das Esmeraldas<\/strong><\/figcaption><\/figure>\n<p>Graduado em Filosofia, <strong>Wolmir Therezio Amado<\/strong> \u00e9 especialista em Filosofia, al\u00e9m de mestre em Hist\u00f3ria, assim como doutor em Ci\u00eancias da Religi\u00e3o. Com est\u00e1gio p\u00f3s-doutoral na Universidade Federal de Juiz de Fora, Minas Gerais. Um homem cult, de forma\u00e7\u00e3o enciclop\u00e9dica, cultura humanista e de linhagem gauche. Um social-democrata.<\/p>\n<h1><span style=\"color: #ff00ff;\"><strong>Alian\u00e7as pol\u00edticas \u00e0 esquerda<\/strong><\/span><\/h1>\n<p>&nbsp;<\/p>\n<figure id=\"attachment_9628\" aria-describedby=\"caption-attachment-9628\" style=\"width: 1280px\" class=\"wp-caption alignnone\"><img loading=\"lazy\" decoding=\"async\" class=\"size-full wp-image-9628\" src=\"https:\/\/renatodias.online\/movimento\/wp-content\/uploads\/2021\/11\/Wolmir-Amado.jpeg\" alt=\"\" width=\"1280\" height=\"853\" \/><figcaption id=\"caption-attachment-9628\" class=\"wp-caption-text\"><strong>Wolmir Therezio Amado<\/strong><\/figcaption><\/figure>\n<p>A ideia \u00e9 ampliar os di\u00e1logos e negocia\u00e7\u00f5es para o estabelecimento de alian\u00e7as pol\u00edticas e eleitorais com Partido Socialista Brasileiro, Partido Comunista do Brasil, Psol, Partido da Causa Oper\u00e1ria, Partido Comunista Brasileiro, Unidade Popular, que inclui em seu seio o Partido Comunista Revolucion\u00e1rio, o PCR. J\u00e1 no 1\u00ba turno. O PSTU, n\u00e3o.<\/p>\n<figure id=\"attachment_4831\" aria-describedby=\"caption-attachment-4831\" style=\"width: 2560px\" class=\"wp-caption alignnone\"><img loading=\"lazy\" decoding=\"async\" class=\"size-full wp-image-4831\" src=\"https:\/\/renatodias.online\/movimento\/wp-content\/uploads\/2020\/11\/Adriana-Accorsi-2-scaled.jpg\" alt=\"Adriana Accorsi\" width=\"2560\" height=\"1709\" \/><figcaption id=\"caption-attachment-4831\" class=\"wp-caption-text\"><strong>Adriana Accorsi<\/strong><\/figcaption><\/figure>\n<p>O PT quer eleger tr\u00eas deputados federais. <strong>Rubens Otoni<\/strong> e <strong>Adriana Accorsi<\/strong> est\u00e3o no p\u00e1reo e conquistar cinco cadeiras na Assembleia Legislativa. Nomes:\u00a0 <strong>Ant\u00f4nio Gomide<\/strong>, <strong>Mauro Rubem<\/strong>, <strong>Lu\u00eds Cesar Bueno, K\u00e1tia Maria.<\/strong> A vice e a vaga ao Senado est\u00e3o abertas aos aliados pol\u00edticos. Palanque de Luiz In\u00e1cio Lula da Silva em Goi\u00e1s.<\/p>\n<figure id=\"attachment_3462\" aria-describedby=\"caption-attachment-3462\" style=\"width: 2003px\" class=\"wp-caption alignnone\"><img loading=\"lazy\" decoding=\"async\" class=\"size-full wp-image-3462\" src=\"https:\/\/renatodias.online\/movimento\/wp-content\/uploads\/2020\/05\/Rubens-Otoni.jpg\" alt=\"\" width=\"2003\" height=\"1312\" \/><figcaption id=\"caption-attachment-3462\" class=\"wp-caption-text\"><strong>Rubens Otoni<\/strong><\/figcaption><\/figure>\n","protected":false},"excerpt":{"rendered":"<p>Wolmir Amado, a esperan\u00e7a 13 \u00c9 o ex-reitor da PUC Goi\u00e1s \u00a0Com palanque para Lula, em 2022 Renato Dias O ex-reitor da Pontif\u00edcia Universidade Cat\u00f3lica de Goi\u00e1s Wolmir Therezio Amado admite disputar as elei\u00e7\u00f5es ao Pal\u00e1cio das Esmeraldas. Sede do Governo Estadual. Legenda: Partido dos Trabalhadores. Sigla da estrela verme\u00adlha fundada em 10 de fevereiro<\/p>\n","protected":false},"author":2,"featured_media":9629,"comment_status":"open","ping_status":"open","sticky":false,"template":"","format":"standard","meta":{"_acf_changed":false,"_monsterinsights_skip_tracking":false,"_monsterinsights_sitenote_active":false,"_monsterinsights_sitenote_note":"","_monsterinsights_sitenote_category":0,"footnotes":""},"categories":[4],"tags":[],"class_list":["post-9625","post","type-post","status-publish","format-standard","has-post-thumbnail","hentry","category-politica"],"acf":[],"yoast_head":"<!-- This site is optimized with the Yoast SEO plugin v27.4 - https:\/\/yoast.com\/product\/yoast-seo-wordpress\/ -->\n<title>PT quer Wolmir Amado em 2022 \u00e0 Casa Verde -<\/title>\n<meta name=\"robots\" content=\"index, follow, max-snippet:-1, max-image-preview:large, max-video-preview:-1\" \/>\n<link rel=\"canonical\" href=\"https:\/\/renatodias.online\/movimento\/2021\/11\/14\/pt-quer-wolmir-amado-em-2022-a-casa-verde\/\" \/>\n<meta property=\"og:locale\" content=\"pt_BR\" \/>\n<meta property=\"og:type\" content=\"article\" \/>\n<meta property=\"og:title\" content=\"PT quer Wolmir Amado em 2022 \u00e0 Casa Verde -\" \/>\n<meta property=\"og:description\" content=\"Wolmir Amado, a esperan\u00e7a 13 \u00c9 o ex-reitor da PUC Goi\u00e1s \u00a0Com palanque para Lula, em 2022 Renato Dias O ex-reitor da Pontif\u00edcia Universidade Cat\u00f3lica de Goi\u00e1s Wolmir Therezio Amado admite disputar as elei\u00e7\u00f5es ao Pal\u00e1cio das Esmeraldas. Sede do Governo Estadual. Legenda: Partido dos Trabalhadores. Sigla da estrela verme\u00adlha fundada em 10 de fevereiro\" \/>\n<meta property=\"og:url\" content=\"https:\/\/renatodias.online\/movimento\/2021\/11\/14\/pt-quer-wolmir-amado-em-2022-a-casa-verde\/\" \/>\n<meta property=\"article:publisher\" content=\"https:\/\/www.facebook.com\/renato.dias.37\" \/>\n<meta property=\"article:author\" content=\"https:\/\/www.facebook.com\/renato.dias.37\" \/>\n<meta property=\"article:published_time\" content=\"2021-11-14T19:00:56+00:00\" \/>\n<meta property=\"og:image\" content=\"https:\/\/renatodias.online\/movimento\/wp-content\/uploads\/2021\/11\/Wolmir-Therezio-Amado.jpg\" \/>\n\t<meta property=\"og:image:width\" content=\"627\" \/>\n\t<meta property=\"og:image:height\" content=\"400\" \/>\n\t<meta property=\"og:image:type\" content=\"image\/jpeg\" \/>\n<meta name=\"author\" content=\"Renato Dias\" \/>\n<meta name=\"twitter:card\" content=\"summary_large_image\" \/>\n<meta name=\"twitter:creator\" content=\"@RenatoDiasBat\" \/>\n<meta name=\"twitter:site\" content=\"@RenatoDiasBat\" \/>\n<meta name=\"twitter:label1\" content=\"Escrito por\" \/>\n\t<meta name=\"twitter:data1\" content=\"Renato Dias\" \/>\n\t<meta name=\"twitter:label2\" content=\"Est. tempo de leitura\" \/>\n\t<meta name=\"twitter:data2\" content=\"2 minutos\" \/>\n<script type=\"application\/ld+json\" class=\"yoast-schema-graph\">{\"@context\":\"https:\\\/\\\/schema.org\",\"@graph\":[{\"@type\":\"Article\",\"@id\":\"https:\\\/\\\/renatodias.online\\\/movimento\\\/2021\\\/11\\\/14\\\/pt-quer-wolmir-amado-em-2022-a-casa-verde\\\/#article\",\"isPartOf\":{\"@id\":\"https:\\\/\\\/renatodias.online\\\/movimento\\\/2021\\\/11\\\/14\\\/pt-quer-wolmir-amado-em-2022-a-casa-verde\\\/\"},\"author\":{\"name\":\"Renato Dias\",\"@id\":\"https:\\\/\\\/renatodias.online\\\/movimento\\\/#\\\/schema\\\/person\\\/bbab28833b1725a20f4083f49f1fb2a9\"},\"headline\":\"PT quer Wolmir Amado em 2022 \u00e0 Casa Verde\",\"datePublished\":\"2021-11-14T19:00:56+00:00\",\"mainEntityOfPage\":{\"@id\":\"https:\\\/\\\/renatodias.online\\\/movimento\\\/2021\\\/11\\\/14\\\/pt-quer-wolmir-amado-em-2022-a-casa-verde\\\/\"},\"wordCount\":330,\"commentCount\":0,\"publisher\":{\"@id\":\"https:\\\/\\\/renatodias.online\\\/movimento\\\/#\\\/schema\\\/person\\\/bbab28833b1725a20f4083f49f1fb2a9\"},\"image\":{\"@id\":\"https:\\\/\\\/renatodias.online\\\/movimento\\\/2021\\\/11\\\/14\\\/pt-quer-wolmir-amado-em-2022-a-casa-verde\\\/#primaryimage\"},\"thumbnailUrl\":\"https:\\\/\\\/renatodias.online\\\/movimento\\\/wp-content\\\/uploads\\\/2021\\\/11\\\/Wolmir-Therezio-Amado.jpg\",\"articleSection\":[\"Pol\u00edtica\"],\"inLanguage\":\"pt-BR\",\"potentialAction\":[{\"@type\":\"CommentAction\",\"name\":\"Comment\",\"target\":[\"https:\\\/\\\/renatodias.online\\\/movimento\\\/2021\\\/11\\\/14\\\/pt-quer-wolmir-amado-em-2022-a-casa-verde\\\/#respond\"]}]},{\"@type\":\"WebPage\",\"@id\":\"https:\\\/\\\/renatodias.online\\\/movimento\\\/2021\\\/11\\\/14\\\/pt-quer-wolmir-amado-em-2022-a-casa-verde\\\/\",\"url\":\"https:\\\/\\\/renatodias.online\\\/movimento\\\/2021\\\/11\\\/14\\\/pt-quer-wolmir-amado-em-2022-a-casa-verde\\\/\",\"name\":\"PT quer Wolmir Amado em 2022 \u00e0 Casa Verde -\",\"isPartOf\":{\"@id\":\"https:\\\/\\\/renatodias.online\\\/movimento\\\/#website\"},\"primaryImageOfPage\":{\"@id\":\"https:\\\/\\\/renatodias.online\\\/movimento\\\/2021\\\/11\\\/14\\\/pt-quer-wolmir-amado-em-2022-a-casa-verde\\\/#primaryimage\"},\"image\":{\"@id\":\"https:\\\/\\\/renatodias.online\\\/movimento\\\/2021\\\/11\\\/14\\\/pt-quer-wolmir-amado-em-2022-a-casa-verde\\\/#primaryimage\"},\"thumbnailUrl\":\"https:\\\/\\\/renatodias.online\\\/movimento\\\/wp-content\\\/uploads\\\/2021\\\/11\\\/Wolmir-Therezio-Amado.jpg\",\"datePublished\":\"2021-11-14T19:00:56+00:00\",\"breadcrumb\":{\"@id\":\"https:\\\/\\\/renatodias.online\\\/movimento\\\/2021\\\/11\\\/14\\\/pt-quer-wolmir-amado-em-2022-a-casa-verde\\\/#breadcrumb\"},\"inLanguage\":\"pt-BR\",\"potentialAction\":[{\"@type\":\"ReadAction\",\"target\":[\"https:\\\/\\\/renatodias.online\\\/movimento\\\/2021\\\/11\\\/14\\\/pt-quer-wolmir-amado-em-2022-a-casa-verde\\\/\"]}]},{\"@type\":\"ImageObject\",\"inLanguage\":\"pt-BR\",\"@id\":\"https:\\\/\\\/renatodias.online\\\/movimento\\\/2021\\\/11\\\/14\\\/pt-quer-wolmir-amado-em-2022-a-casa-verde\\\/#primaryimage\",\"url\":\"https:\\\/\\\/renatodias.online\\\/movimento\\\/wp-content\\\/uploads\\\/2021\\\/11\\\/Wolmir-Therezio-Amado.jpg\",\"contentUrl\":\"https:\\\/\\\/renatodias.online\\\/movimento\\\/wp-content\\\/uploads\\\/2021\\\/11\\\/Wolmir-Therezio-Amado.jpg\",\"width\":627,\"height\":400,\"caption\":\"Wolmir Therezio Amado\"},{\"@type\":\"BreadcrumbList\",\"@id\":\"https:\\\/\\\/renatodias.online\\\/movimento\\\/2021\\\/11\\\/14\\\/pt-quer-wolmir-amado-em-2022-a-casa-verde\\\/#breadcrumb\",\"itemListElement\":[{\"@type\":\"ListItem\",\"position\":1,\"name\":\"In\u00edcio\",\"item\":\"https:\\\/\\\/renatodias.online\\\/movimento\\\/\"},{\"@type\":\"ListItem\",\"position\":2,\"name\":\"PT quer Wolmir Amado em 2022 \u00e0 Casa Verde\"}]},{\"@type\":\"WebSite\",\"@id\":\"https:\\\/\\\/renatodias.online\\\/movimento\\\/#website\",\"url\":\"https:\\\/\\\/renatodias.online\\\/movimento\\\/\",\"name\":\"\",\"description\":\"\",\"publisher\":{\"@id\":\"https:\\\/\\\/renatodias.online\\\/movimento\\\/#\\\/schema\\\/person\\\/bbab28833b1725a20f4083f49f1fb2a9\"},\"potentialAction\":[{\"@type\":\"SearchAction\",\"target\":{\"@type\":\"EntryPoint\",\"urlTemplate\":\"https:\\\/\\\/renatodias.online\\\/movimento\\\/?s={search_term_string}\"},\"query-input\":{\"@type\":\"PropertyValueSpecification\",\"valueRequired\":true,\"valueName\":\"search_term_string\"}}],\"inLanguage\":\"pt-BR\"},{\"@type\":[\"Person\",\"Organization\"],\"@id\":\"https:\\\/\\\/renatodias.online\\\/movimento\\\/#\\\/schema\\\/person\\\/bbab28833b1725a20f4083f49f1fb2a9\",\"name\":\"Renato Dias\",\"image\":{\"@type\":\"ImageObject\",\"inLanguage\":\"pt-BR\",\"@id\":\"https:\\\/\\\/renatodias.online\\\/movimento\\\/wp-content\\\/uploads\\\/2023\\\/03\\\/cropped-cropped-cropped-logofinal.jpeg\",\"url\":\"https:\\\/\\\/renatodias.online\\\/movimento\\\/wp-content\\\/uploads\\\/2023\\\/03\\\/cropped-cropped-cropped-logofinal.jpeg\",\"contentUrl\":\"https:\\\/\\\/renatodias.online\\\/movimento\\\/wp-content\\\/uploads\\\/2023\\\/03\\\/cropped-cropped-cropped-logofinal.jpeg\",\"width\":1280,\"height\":219,\"caption\":\"Renato Dias\"},\"logo\":{\"@id\":\"https:\\\/\\\/renatodias.online\\\/movimento\\\/wp-content\\\/uploads\\\/2023\\\/03\\\/cropped-cropped-cropped-logofinal.jpeg\"},\"description\":\"Renato Dias, 58 anos, \u00e9 graduado em Jornalismo, formado em Ci\u00eancias Sociais, com p\u00f3s-gradua\u00e7\u00e3o em Pol\u00edticas P\u00fablicas, mestre em Direito e Rela\u00e7\u00f5es Internacionais, ex-aluno extraordin\u00e1rio do Doutorado em Psicologia Social, ex-estudante do Curso de Psican\u00e1lise do Centro de Estudos Psicanal\u00edticos do Estado de Goi\u00e1s, ministrado pelo m\u00e9dico psiquiatra e psicanalista Daniel Em\u00eddio de Souza. \u00c9 autor de 30 livros-reportagem, oito document\u00e1rios, ganhou 30 pr\u00eamios e \u00e9 torcedor apaixonado do maior do Centro-Oeste, o Vila Nova Futebol Clube. Casado com Meirilane Dias, \u00e9 pai de Juliana Dias, jornalista; Daniel Dias, economista; e Maria Rosa Dias, estudante antifascista, socialista e trotskista.\u00a0Com tr\u00eas pets: Porquinho [Bull Dog Franc\u00eas], Dalila [Basset Hound] e Geleia [Basset Hound]. Al\u00e9m do eterno gato Tutuquinho, que virou estrela.\",\"sameAs\":[\"https:\\\/\\\/www.facebook.com\\\/renato.dias.37\",\"#breve\",\"https:\\\/\\\/renatodias.tumblr.com\\\/\"],\"url\":\"https:\\\/\\\/renatodias.online\\\/movimento\\\/author\\\/renatodias\\\/\"}]}<\/script>\n<!-- \/ Yoast SEO plugin. -->","yoast_head_json":{"title":"PT quer Wolmir Amado em 2022 \u00e0 Casa Verde -","robots":{"index":"index","follow":"follow","max-snippet":"max-snippet:-1","max-image-preview":"max-image-preview:large","max-video-preview":"max-video-preview:-1"},"canonical":"https:\/\/renatodias.online\/movimento\/2021\/11\/14\/pt-quer-wolmir-amado-em-2022-a-casa-verde\/","og_locale":"pt_BR","og_type":"article","og_title":"PT quer Wolmir Amado em 2022 \u00e0 Casa Verde -","og_description":"Wolmir Amado, a esperan\u00e7a 13 \u00c9 o ex-reitor da PUC Goi\u00e1s \u00a0Com palanque para Lula, em 2022 Renato Dias O ex-reitor da Pontif\u00edcia Universidade Cat\u00f3lica de Goi\u00e1s Wolmir Therezio Amado admite disputar as elei\u00e7\u00f5es ao Pal\u00e1cio das Esmeraldas. Sede do Governo Estadual. Legenda: Partido dos Trabalhadores. Sigla da estrela verme\u00adlha fundada em 10 de fevereiro","og_url":"https:\/\/renatodias.online\/movimento\/2021\/11\/14\/pt-quer-wolmir-amado-em-2022-a-casa-verde\/","article_publisher":"https:\/\/www.facebook.com\/renato.dias.37","article_author":"https:\/\/www.facebook.com\/renato.dias.37","article_published_time":"2021-11-14T19:00:56+00:00","og_image":[{"width":627,"height":400,"url":"https:\/\/renatodias.online\/movimento\/wp-content\/uploads\/2021\/11\/Wolmir-Therezio-Amado.jpg","type":"image\/jpeg"}],"author":"Renato Dias","twitter_card":"summary_large_image","twitter_creator":"@RenatoDiasBat","twitter_site":"@RenatoDiasBat","twitter_misc":{"Escrito por":"Renato Dias","Est. tempo de leitura":"2 minutos"},"schema":{"@context":"https:\/\/schema.org","@graph":[{"@type":"Article","@id":"https:\/\/renatodias.online\/movimento\/2021\/11\/14\/pt-quer-wolmir-amado-em-2022-a-casa-verde\/#article","isPartOf":{"@id":"https:\/\/renatodias.online\/movimento\/2021\/11\/14\/pt-quer-wolmir-amado-em-2022-a-casa-verde\/"},"author":{"name":"Renato Dias","@id":"https:\/\/renatodias.online\/movimento\/#\/schema\/person\/bbab28833b1725a20f4083f49f1fb2a9"},"headline":"PT quer Wolmir Amado em 2022 \u00e0 Casa Verde","datePublished":"2021-11-14T19:00:56+00:00","mainEntityOfPage":{"@id":"https:\/\/renatodias.online\/movimento\/2021\/11\/14\/pt-quer-wolmir-amado-em-2022-a-casa-verde\/"},"wordCount":330,"commentCount":0,"publisher":{"@id":"https:\/\/renatodias.online\/movimento\/#\/schema\/person\/bbab28833b1725a20f4083f49f1fb2a9"},"image":{"@id":"https:\/\/renatodias.online\/movimento\/2021\/11\/14\/pt-quer-wolmir-amado-em-2022-a-casa-verde\/#primaryimage"},"thumbnailUrl":"https:\/\/renatodias.online\/movimento\/wp-content\/uploads\/2021\/11\/Wolmir-Therezio-Amado.jpg","articleSection":["Pol\u00edtica"],"inLanguage":"pt-BR","potentialAction":[{"@type":"CommentAction","name":"Comment","target":["https:\/\/renatodias.online\/movimento\/2021\/11\/14\/pt-quer-wolmir-amado-em-2022-a-casa-verde\/#respond"]}]},{"@type":"WebPage","@id":"https:\/\/renatodias.online\/movimento\/2021\/11\/14\/pt-quer-wolmir-amado-em-2022-a-casa-verde\/","url":"https:\/\/renatodias.online\/movimento\/2021\/11\/14\/pt-quer-wolmir-amado-em-2022-a-casa-verde\/","name":"PT quer Wolmir Amado em 2022 \u00e0 Casa Verde -","isPartOf":{"@id":"https:\/\/renatodias.online\/movimento\/#website"},"primaryImageOfPage":{"@id":"https:\/\/renatodias.online\/movimento\/2021\/11\/14\/pt-quer-wolmir-amado-em-2022-a-casa-verde\/#primaryimage"},"image":{"@id":"https:\/\/renatodias.online\/movimento\/2021\/11\/14\/pt-quer-wolmir-amado-em-2022-a-casa-verde\/#primaryimage"},"thumbnailUrl":"https:\/\/renatodias.online\/movimento\/wp-content\/uploads\/2021\/11\/Wolmir-Therezio-Amado.jpg","datePublished":"2021-11-14T19:00:56+00:00","breadcrumb":{"@id":"https:\/\/renatodias.online\/movimento\/2021\/11\/14\/pt-quer-wolmir-amado-em-2022-a-casa-verde\/#breadcrumb"},"inLanguage":"pt-BR","potentialAction":[{"@type":"ReadAction","target":["https:\/\/renatodias.online\/movimento\/2021\/11\/14\/pt-quer-wolmir-amado-em-2022-a-casa-verde\/"]}]},{"@type":"ImageObject","inLanguage":"pt-BR","@id":"https:\/\/renatodias.online\/movimento\/2021\/11\/14\/pt-quer-wolmir-amado-em-2022-a-casa-verde\/#primaryimage","url":"https:\/\/renatodias.online\/movimento\/wp-content\/uploads\/2021\/11\/Wolmir-Therezio-Amado.jpg","contentUrl":"https:\/\/renatodias.online\/movimento\/wp-content\/uploads\/2021\/11\/Wolmir-Therezio-Amado.jpg","width":627,"height":400,"caption":"Wolmir Therezio Amado"},{"@type":"BreadcrumbList","@id":"https:\/\/renatodias.online\/movimento\/2021\/11\/14\/pt-quer-wolmir-amado-em-2022-a-casa-verde\/#breadcrumb","itemListElement":[{"@type":"ListItem","position":1,"name":"In\u00edcio","item":"https:\/\/renatodias.online\/movimento\/"},{"@type":"ListItem","position":2,"name":"PT quer Wolmir Amado em 2022 \u00e0 Casa Verde"}]},{"@type":"WebSite","@id":"https:\/\/renatodias.online\/movimento\/#website","url":"https:\/\/renatodias.online\/movimento\/","name":"","description":"","publisher":{"@id":"https:\/\/renatodias.online\/movimento\/#\/schema\/person\/bbab28833b1725a20f4083f49f1fb2a9"},"potentialAction":[{"@type":"SearchAction","target":{"@type":"EntryPoint","urlTemplate":"https:\/\/renatodias.online\/movimento\/?s={search_term_string}"},"query-input":{"@type":"PropertyValueSpecification","valueRequired":true,"valueName":"search_term_string"}}],"inLanguage":"pt-BR"},{"@type":["Person","Organization"],"@id":"https:\/\/renatodias.online\/movimento\/#\/schema\/person\/bbab28833b1725a20f4083f49f1fb2a9","name":"Renato Dias","image":{"@type":"ImageObject","inLanguage":"pt-BR","@id":"https:\/\/renatodias.online\/movimento\/wp-content\/uploads\/2023\/03\/cropped-cropped-cropped-logofinal.jpeg","url":"https:\/\/renatodias.online\/movimento\/wp-content\/uploads\/2023\/03\/cropped-cropped-cropped-logofinal.jpeg","contentUrl":"https:\/\/renatodias.online\/movimento\/wp-content\/uploads\/2023\/03\/cropped-cropped-cropped-logofinal.jpeg","width":1280,"height":219,"caption":"Renato Dias"},"logo":{"@id":"https:\/\/renatodias.online\/movimento\/wp-content\/uploads\/2023\/03\/cropped-cropped-cropped-logofinal.jpeg"},"description":"Renato Dias, 58 anos, \u00e9 graduado em Jornalismo, formado em Ci\u00eancias Sociais, com p\u00f3s-gradua\u00e7\u00e3o em Pol\u00edticas P\u00fablicas, mestre em Direito e Rela\u00e7\u00f5es Internacionais, ex-aluno extraordin\u00e1rio do Doutorado em Psicologia Social, ex-estudante do Curso de Psican\u00e1lise do Centro de Estudos Psicanal\u00edticos do Estado de Goi\u00e1s, ministrado pelo m\u00e9dico psiquiatra e psicanalista Daniel Em\u00eddio de Souza. \u00c9 autor de 30 livros-reportagem, oito document\u00e1rios, ganhou 30 pr\u00eamios e \u00e9 torcedor apaixonado do maior do Centro-Oeste, o Vila Nova Futebol Clube. Casado com Meirilane Dias, \u00e9 pai de Juliana Dias, jornalista; Daniel Dias, economista; e Maria Rosa Dias, estudante antifascista, socialista e trotskista.\u00a0Com tr\u00eas pets: Porquinho [Bull Dog Franc\u00eas], Dalila [Basset Hound] e Geleia [Basset Hound]. Al\u00e9m do eterno gato Tutuquinho, que virou estrela.","sameAs":["https:\/\/www.facebook.com\/renato.dias.37","#breve","https:\/\/renatodias.tumblr.com\/"],"url":"https:\/\/renatodias.online\/movimento\/author\/renatodias\/"}]}},"_links":{"self":[{"href":"https:\/\/renatodias.online\/movimento\/wp-json\/wp\/v2\/posts\/9625","targetHints":{"allow":["GET"]}}],"collection":[{"href":"https:\/\/renatodias.online\/movimento\/wp-json\/wp\/v2\/posts"}],"about":[{"href":"https:\/\/renatodias.online\/movimento\/wp-json\/wp\/v2\/types\/post"}],"author":[{"embeddable":true,"href":"https:\/\/renatodias.online\/movimento\/wp-json\/wp\/v2\/users\/2"}],"replies":[{"embeddable":true,"href":"https:\/\/renatodias.online\/movimento\/wp-json\/wp\/v2\/comments?post=9625"}],"version-history":[{"count":1,"href":"https:\/\/renatodias.online\/movimento\/wp-json\/wp\/v2\/posts\/9625\/revisions"}],"predecessor-version":[{"id":9630,"href":"https:\/\/renatodias.online\/movimento\/wp-json\/wp\/v2\/posts\/9625\/revisions\/9630"}],"wp:featuredmedia":[{"embeddable":true,"href":"https:\/\/renatodias.online\/movimento\/wp-json\/wp\/v2\/media\/9629"}],"wp:attachment":[{"href":"https:\/\/renatodias.online\/movimento\/wp-json\/wp\/v2\/media?parent=9625"}],"wp:term":[{"taxonomy":"category","embeddable":true,"href":"https:\/\/renatodias.online\/movimento\/wp-json\/wp\/v2\/categories?post=9625"},{"taxonomy":"post_tag","embeddable":true,"href":"https:\/\/renatodias.online\/movimento\/wp-json\/wp\/v2\/tags?post=9625"}],"curies":[{"name":"wp","href":"https:\/\/api.w.org\/{rel}","templated":true}]}}