{"id":9572,"date":"2021-11-12T16:31:37","date_gmt":"2021-11-12T19:31:37","guid":{"rendered":"https:\/\/renatodias.online\/movimento\/?p=9572"},"modified":"2021-11-12T16:31:37","modified_gmt":"2021-11-12T19:31:37","slug":"ato-para-goiania-dia-20","status":"publish","type":"post","link":"https:\/\/renatodias.online\/movimento\/2021\/11\/12\/ato-para-goiania-dia-20\/","title":{"rendered":"Ato para Goi\u00e2nia dia 20"},"content":{"rendered":"<p><img loading=\"lazy\" decoding=\"async\" class=\"alignnone size-full wp-image-9573\" src=\"https:\/\/renatodias.online\/movimento\/wp-content\/uploads\/2021\/11\/Card-dia-20-ato.jpg\" alt=\"\" width=\"1080\" height=\"1080\" srcset=\"https:\/\/renatodias.online\/movimento\/wp-content\/uploads\/2021\/11\/Card-dia-20-ato.jpg 1080w, https:\/\/renatodias.online\/movimento\/wp-content\/uploads\/2021\/11\/Card-dia-20-ato-300x300.jpg 300w, https:\/\/renatodias.online\/movimento\/wp-content\/uploads\/2021\/11\/Card-dia-20-ato-1024x1024.jpg 1024w, https:\/\/renatodias.online\/movimento\/wp-content\/uploads\/2021\/11\/Card-dia-20-ato-150x150.jpg 150w, https:\/\/renatodias.online\/movimento\/wp-content\/uploads\/2021\/11\/Card-dia-20-ato-768x768.jpg 768w, https:\/\/renatodias.online\/movimento\/wp-content\/uploads\/2021\/11\/Card-dia-20-ato-750x750.jpg 750w\" sizes=\"auto, (max-width: 1080px) 100vw, 1080px\" \/><\/p>\n<h1 style=\"text-align: center;\"><span style=\"color: #ff0000;\">Ato para Goi\u00e2nia dia 20<\/span><\/h1>\n<h3 style=\"text-align: center;\"><span style=\"color: #0000ff;\">Manifesta\u00e7\u00e3o ampla quer sa\u00eddas de Bolsonaro &amp; Mour\u00e3o<\/span><\/h3>\n<h1 style=\"text-align: center;\"><span style=\"color: #ff00ff;\">Concentra\u00e7\u00e3o ser\u00e1 9h, Pra\u00e7a Universit\u00e1ria<\/span><\/h1>\n<p><strong>Renato Dias<\/strong><\/p>\n<p>O <strong>F\u00f3rum Goiano em Defesa dos Direitos, da Democracia e da Soberania<\/strong> promove, no pr\u00f3ximo s\u00e1bado, dia 20 de novembro de 2021, a partir de 9h, em Goi\u00e2nia, um novo ato p\u00fablico. Pelas sa\u00eddas do presidente da Rep\u00fablica, Jair Messias Bolsonaro. Assim como do seu vice, o general de quatro estrelas, Hamilton Mour\u00e3o Filho. Al\u00e9m dos sete mil militares com cargos pol\u00edticos de civis no Governo Federal.<\/p>\n<h1><span style=\"color: #3366ff;\"><strong>Capilaridade pol\u00edtica e social<\/strong><\/span><\/h1>\n<p>A concentra\u00e7\u00e3o para o in\u00edcio do protesto est\u00e1 programada para a Pra\u00e7a Universit\u00e1ria. A manifesta\u00e7\u00e3o conta com o apoio da CUT, CTB, Central Sindical Popular Conlutas. Mais: MST e MTST. A Uni\u00e3o Nacional dos Estudantes UNE e a Uni\u00e3o Brasileira dos Estudantes Secundaristas UBES mobilizam a juventude. As esquerdas saem unificadas. Como PT, PC do B, PSB, Psol, PSTU, PCO, PCB e a UP.<\/p>\n<figure id=\"attachment_7217\" aria-describedby=\"caption-attachment-7217\" style=\"width: 1040px\" class=\"wp-caption alignnone\"><img loading=\"lazy\" decoding=\"async\" class=\"size-full wp-image-7217\" src=\"https:\/\/renatodias.online\/movimento\/wp-content\/uploads\/2021\/06\/Humberto-Climaco-_-ato-do-DAP.jpg\" alt=\"\" width=\"1040\" height=\"780\" srcset=\"https:\/\/renatodias.online\/movimento\/wp-content\/uploads\/2021\/06\/Humberto-Climaco-_-ato-do-DAP.jpg 1040w, https:\/\/renatodias.online\/movimento\/wp-content\/uploads\/2021\/06\/Humberto-Climaco-_-ato-do-DAP-300x225.jpg 300w, https:\/\/renatodias.online\/movimento\/wp-content\/uploads\/2021\/06\/Humberto-Climaco-_-ato-do-DAP-768x576.jpg 768w, https:\/\/renatodias.online\/movimento\/wp-content\/uploads\/2021\/06\/Humberto-Climaco-_-ato-do-DAP-750x563.jpg 750w\" sizes=\"auto, (max-width: 1040px) 100vw, 1040px\" \/><figcaption id=\"caption-attachment-7217\" class=\"wp-caption-text\"><strong>O professor da UFG, do PT, do DAP e da CUT, Humberto Cl\u00edmaco, l\u00edder trotskista<\/strong><\/figcaption><\/figure>\n","protected":false},"excerpt":{"rendered":"<p>Ato para Goi\u00e2nia dia 20 Manifesta\u00e7\u00e3o ampla quer sa\u00eddas de Bolsonaro &amp; Mour\u00e3o Concentra\u00e7\u00e3o ser\u00e1 9h, Pra\u00e7a Universit\u00e1ria Renato Dias O F\u00f3rum Goiano em Defesa dos Direitos, da Democracia e da Soberania promove, no pr\u00f3ximo s\u00e1bado, dia 20 de novembro de 2021, a partir de 9h, em Goi\u00e2nia, um novo ato p\u00fablico. Pelas sa\u00eddas do<\/p>\n","protected":false},"author":2,"featured_media":5462,"comment_status":"open","ping_status":"open","sticky":false,"template":"","format":"standard","meta":{"_acf_changed":false,"_monsterinsights_skip_tracking":false,"_monsterinsights_sitenote_active":false,"_monsterinsights_sitenote_note":"","_monsterinsights_sitenote_category":0,"footnotes":""},"categories":[4],"tags":[],"class_list":["post-9572","post","type-post","status-publish","format-standard","has-post-thumbnail","hentry","category-politica"],"acf":[],"yoast_head":"<!-- This site is optimized with the Yoast SEO plugin v27.4 - https:\/\/yoast.com\/product\/yoast-seo-wordpress\/ -->\n<title>Ato para Goi\u00e2nia dia 20 -<\/title>\n<meta name=\"robots\" content=\"index, follow, max-snippet:-1, max-image-preview:large, max-video-preview:-1\" \/>\n<link rel=\"canonical\" href=\"https:\/\/renatodias.online\/movimento\/2021\/11\/12\/ato-para-goiania-dia-20\/\" \/>\n<meta property=\"og:locale\" content=\"pt_BR\" \/>\n<meta property=\"og:type\" content=\"article\" \/>\n<meta property=\"og:title\" content=\"Ato para Goi\u00e2nia dia 20 -\" \/>\n<meta property=\"og:description\" content=\"Ato para Goi\u00e2nia dia 20 Manifesta\u00e7\u00e3o ampla quer sa\u00eddas de Bolsonaro &amp; Mour\u00e3o Concentra\u00e7\u00e3o ser\u00e1 9h, Pra\u00e7a Universit\u00e1ria Renato Dias O F\u00f3rum Goiano em Defesa dos Direitos, da Democracia e da Soberania promove, no pr\u00f3ximo s\u00e1bado, dia 20 de novembro de 2021, a partir de 9h, em Goi\u00e2nia, um novo ato p\u00fablico. Pelas sa\u00eddas do\" \/>\n<meta property=\"og:url\" content=\"https:\/\/renatodias.online\/movimento\/2021\/11\/12\/ato-para-goiania-dia-20\/\" \/>\n<meta property=\"article:publisher\" content=\"https:\/\/www.facebook.com\/renato.dias.37\" \/>\n<meta property=\"article:author\" content=\"https:\/\/www.facebook.com\/renato.dias.37\" \/>\n<meta property=\"article:published_time\" content=\"2021-11-12T19:31:37+00:00\" \/>\n<meta property=\"og:image\" content=\"https:\/\/renatodias.online\/movimento\/wp-content\/uploads\/2021\/03\/Jair-Bolsonaro.jpeg\" \/>\n\t<meta property=\"og:image:width\" content=\"696\" \/>\n\t<meta property=\"og:image:height\" content=\"370\" \/>\n\t<meta property=\"og:image:type\" content=\"image\/jpeg\" \/>\n<meta name=\"author\" content=\"Renato Dias\" \/>\n<meta name=\"twitter:card\" content=\"summary_large_image\" \/>\n<meta name=\"twitter:creator\" content=\"@RenatoDiasBat\" \/>\n<meta name=\"twitter:site\" content=\"@RenatoDiasBat\" \/>\n<meta name=\"twitter:label1\" content=\"Escrito por\" \/>\n\t<meta name=\"twitter:data1\" content=\"Renato Dias\" \/>\n\t<meta name=\"twitter:label2\" content=\"Est. tempo de leitura\" \/>\n\t<meta name=\"twitter:data2\" content=\"1 minuto\" \/>\n<script type=\"application\/ld+json\" class=\"yoast-schema-graph\">{\"@context\":\"https:\\\/\\\/schema.org\",\"@graph\":[{\"@type\":\"Article\",\"@id\":\"https:\\\/\\\/renatodias.online\\\/movimento\\\/2021\\\/11\\\/12\\\/ato-para-goiania-dia-20\\\/#article\",\"isPartOf\":{\"@id\":\"https:\\\/\\\/renatodias.online\\\/movimento\\\/2021\\\/11\\\/12\\\/ato-para-goiania-dia-20\\\/\"},\"author\":{\"name\":\"Renato Dias\",\"@id\":\"https:\\\/\\\/renatodias.online\\\/movimento\\\/#\\\/schema\\\/person\\\/bbab28833b1725a20f4083f49f1fb2a9\"},\"headline\":\"Ato para Goi\u00e2nia dia 20\",\"datePublished\":\"2021-11-12T19:31:37+00:00\",\"mainEntityOfPage\":{\"@id\":\"https:\\\/\\\/renatodias.online\\\/movimento\\\/2021\\\/11\\\/12\\\/ato-para-goiania-dia-20\\\/\"},\"wordCount\":206,\"commentCount\":0,\"publisher\":{\"@id\":\"https:\\\/\\\/renatodias.online\\\/movimento\\\/#\\\/schema\\\/person\\\/bbab28833b1725a20f4083f49f1fb2a9\"},\"image\":{\"@id\":\"https:\\\/\\\/renatodias.online\\\/movimento\\\/2021\\\/11\\\/12\\\/ato-para-goiania-dia-20\\\/#primaryimage\"},\"thumbnailUrl\":\"https:\\\/\\\/renatodias.online\\\/movimento\\\/wp-content\\\/uploads\\\/2021\\\/03\\\/Jair-Bolsonaro.jpeg\",\"articleSection\":[\"Pol\u00edtica\"],\"inLanguage\":\"pt-BR\",\"potentialAction\":[{\"@type\":\"CommentAction\",\"name\":\"Comment\",\"target\":[\"https:\\\/\\\/renatodias.online\\\/movimento\\\/2021\\\/11\\\/12\\\/ato-para-goiania-dia-20\\\/#respond\"]}]},{\"@type\":\"WebPage\",\"@id\":\"https:\\\/\\\/renatodias.online\\\/movimento\\\/2021\\\/11\\\/12\\\/ato-para-goiania-dia-20\\\/\",\"url\":\"https:\\\/\\\/renatodias.online\\\/movimento\\\/2021\\\/11\\\/12\\\/ato-para-goiania-dia-20\\\/\",\"name\":\"Ato para Goi\u00e2nia dia 20 -\",\"isPartOf\":{\"@id\":\"https:\\\/\\\/renatodias.online\\\/movimento\\\/#website\"},\"primaryImageOfPage\":{\"@id\":\"https:\\\/\\\/renatodias.online\\\/movimento\\\/2021\\\/11\\\/12\\\/ato-para-goiania-dia-20\\\/#primaryimage\"},\"image\":{\"@id\":\"https:\\\/\\\/renatodias.online\\\/movimento\\\/2021\\\/11\\\/12\\\/ato-para-goiania-dia-20\\\/#primaryimage\"},\"thumbnailUrl\":\"https:\\\/\\\/renatodias.online\\\/movimento\\\/wp-content\\\/uploads\\\/2021\\\/03\\\/Jair-Bolsonaro.jpeg\",\"datePublished\":\"2021-11-12T19:31:37+00:00\",\"breadcrumb\":{\"@id\":\"https:\\\/\\\/renatodias.online\\\/movimento\\\/2021\\\/11\\\/12\\\/ato-para-goiania-dia-20\\\/#breadcrumb\"},\"inLanguage\":\"pt-BR\",\"potentialAction\":[{\"@type\":\"ReadAction\",\"target\":[\"https:\\\/\\\/renatodias.online\\\/movimento\\\/2021\\\/11\\\/12\\\/ato-para-goiania-dia-20\\\/\"]}]},{\"@type\":\"ImageObject\",\"inLanguage\":\"pt-BR\",\"@id\":\"https:\\\/\\\/renatodias.online\\\/movimento\\\/2021\\\/11\\\/12\\\/ato-para-goiania-dia-20\\\/#primaryimage\",\"url\":\"https:\\\/\\\/renatodias.online\\\/movimento\\\/wp-content\\\/uploads\\\/2021\\\/03\\\/Jair-Bolsonaro.jpeg\",\"contentUrl\":\"https:\\\/\\\/renatodias.online\\\/movimento\\\/wp-content\\\/uploads\\\/2021\\\/03\\\/Jair-Bolsonaro.jpeg\",\"width\":696,\"height\":370,\"caption\":\"Jair Bolsonaro _ caricatura\"},{\"@type\":\"BreadcrumbList\",\"@id\":\"https:\\\/\\\/renatodias.online\\\/movimento\\\/2021\\\/11\\\/12\\\/ato-para-goiania-dia-20\\\/#breadcrumb\",\"itemListElement\":[{\"@type\":\"ListItem\",\"position\":1,\"name\":\"In\u00edcio\",\"item\":\"https:\\\/\\\/renatodias.online\\\/movimento\\\/\"},{\"@type\":\"ListItem\",\"position\":2,\"name\":\"Ato para Goi\u00e2nia dia 20\"}]},{\"@type\":\"WebSite\",\"@id\":\"https:\\\/\\\/renatodias.online\\\/movimento\\\/#website\",\"url\":\"https:\\\/\\\/renatodias.online\\\/movimento\\\/\",\"name\":\"\",\"description\":\"\",\"publisher\":{\"@id\":\"https:\\\/\\\/renatodias.online\\\/movimento\\\/#\\\/schema\\\/person\\\/bbab28833b1725a20f4083f49f1fb2a9\"},\"potentialAction\":[{\"@type\":\"SearchAction\",\"target\":{\"@type\":\"EntryPoint\",\"urlTemplate\":\"https:\\\/\\\/renatodias.online\\\/movimento\\\/?s={search_term_string}\"},\"query-input\":{\"@type\":\"PropertyValueSpecification\",\"valueRequired\":true,\"valueName\":\"search_term_string\"}}],\"inLanguage\":\"pt-BR\"},{\"@type\":[\"Person\",\"Organization\"],\"@id\":\"https:\\\/\\\/renatodias.online\\\/movimento\\\/#\\\/schema\\\/person\\\/bbab28833b1725a20f4083f49f1fb2a9\",\"name\":\"Renato Dias\",\"image\":{\"@type\":\"ImageObject\",\"inLanguage\":\"pt-BR\",\"@id\":\"https:\\\/\\\/renatodias.online\\\/movimento\\\/wp-content\\\/uploads\\\/2023\\\/03\\\/cropped-cropped-cropped-logofinal.jpeg\",\"url\":\"https:\\\/\\\/renatodias.online\\\/movimento\\\/wp-content\\\/uploads\\\/2023\\\/03\\\/cropped-cropped-cropped-logofinal.jpeg\",\"contentUrl\":\"https:\\\/\\\/renatodias.online\\\/movimento\\\/wp-content\\\/uploads\\\/2023\\\/03\\\/cropped-cropped-cropped-logofinal.jpeg\",\"width\":1280,\"height\":219,\"caption\":\"Renato Dias\"},\"logo\":{\"@id\":\"https:\\\/\\\/renatodias.online\\\/movimento\\\/wp-content\\\/uploads\\\/2023\\\/03\\\/cropped-cropped-cropped-logofinal.jpeg\"},\"description\":\"Renato Dias, 58 anos, \u00e9 graduado em Jornalismo, formado em Ci\u00eancias Sociais, com p\u00f3s-gradua\u00e7\u00e3o em Pol\u00edticas P\u00fablicas, mestre em Direito e Rela\u00e7\u00f5es Internacionais, ex-aluno extraordin\u00e1rio do Doutorado em Psicologia Social, ex-estudante do Curso de Psican\u00e1lise do Centro de Estudos Psicanal\u00edticos do Estado de Goi\u00e1s, ministrado pelo m\u00e9dico psiquiatra e psicanalista Daniel Em\u00eddio de Souza. \u00c9 autor de 30 livros-reportagem, oito document\u00e1rios, ganhou 30 pr\u00eamios e \u00e9 torcedor apaixonado do maior do Centro-Oeste, o Vila Nova Futebol Clube. Casado com Meirilane Dias, \u00e9 pai de Juliana Dias, jornalista; Daniel Dias, economista; e Maria Rosa Dias, estudante antifascista, socialista e trotskista.\u00a0Com tr\u00eas pets: Porquinho [Bull Dog Franc\u00eas], Dalila [Basset Hound] e Geleia [Basset Hound]. Al\u00e9m do eterno gato Tutuquinho, que virou estrela.\",\"sameAs\":[\"https:\\\/\\\/www.facebook.com\\\/renato.dias.37\",\"#breve\",\"https:\\\/\\\/renatodias.tumblr.com\\\/\"],\"url\":\"https:\\\/\\\/renatodias.online\\\/movimento\\\/author\\\/renatodias\\\/\"}]}<\/script>\n<!-- \/ Yoast SEO plugin. -->","yoast_head_json":{"title":"Ato para Goi\u00e2nia dia 20 -","robots":{"index":"index","follow":"follow","max-snippet":"max-snippet:-1","max-image-preview":"max-image-preview:large","max-video-preview":"max-video-preview:-1"},"canonical":"https:\/\/renatodias.online\/movimento\/2021\/11\/12\/ato-para-goiania-dia-20\/","og_locale":"pt_BR","og_type":"article","og_title":"Ato para Goi\u00e2nia dia 20 -","og_description":"Ato para Goi\u00e2nia dia 20 Manifesta\u00e7\u00e3o ampla quer sa\u00eddas de Bolsonaro &amp; Mour\u00e3o Concentra\u00e7\u00e3o ser\u00e1 9h, Pra\u00e7a Universit\u00e1ria Renato Dias O F\u00f3rum Goiano em Defesa dos Direitos, da Democracia e da Soberania promove, no pr\u00f3ximo s\u00e1bado, dia 20 de novembro de 2021, a partir de 9h, em Goi\u00e2nia, um novo ato p\u00fablico. Pelas sa\u00eddas do","og_url":"https:\/\/renatodias.online\/movimento\/2021\/11\/12\/ato-para-goiania-dia-20\/","article_publisher":"https:\/\/www.facebook.com\/renato.dias.37","article_author":"https:\/\/www.facebook.com\/renato.dias.37","article_published_time":"2021-11-12T19:31:37+00:00","og_image":[{"width":696,"height":370,"url":"https:\/\/renatodias.online\/movimento\/wp-content\/uploads\/2021\/03\/Jair-Bolsonaro.jpeg","type":"image\/jpeg"}],"author":"Renato Dias","twitter_card":"summary_large_image","twitter_creator":"@RenatoDiasBat","twitter_site":"@RenatoDiasBat","twitter_misc":{"Escrito por":"Renato Dias","Est. tempo de leitura":"1 minuto"},"schema":{"@context":"https:\/\/schema.org","@graph":[{"@type":"Article","@id":"https:\/\/renatodias.online\/movimento\/2021\/11\/12\/ato-para-goiania-dia-20\/#article","isPartOf":{"@id":"https:\/\/renatodias.online\/movimento\/2021\/11\/12\/ato-para-goiania-dia-20\/"},"author":{"name":"Renato Dias","@id":"https:\/\/renatodias.online\/movimento\/#\/schema\/person\/bbab28833b1725a20f4083f49f1fb2a9"},"headline":"Ato para Goi\u00e2nia dia 20","datePublished":"2021-11-12T19:31:37+00:00","mainEntityOfPage":{"@id":"https:\/\/renatodias.online\/movimento\/2021\/11\/12\/ato-para-goiania-dia-20\/"},"wordCount":206,"commentCount":0,"publisher":{"@id":"https:\/\/renatodias.online\/movimento\/#\/schema\/person\/bbab28833b1725a20f4083f49f1fb2a9"},"image":{"@id":"https:\/\/renatodias.online\/movimento\/2021\/11\/12\/ato-para-goiania-dia-20\/#primaryimage"},"thumbnailUrl":"https:\/\/renatodias.online\/movimento\/wp-content\/uploads\/2021\/03\/Jair-Bolsonaro.jpeg","articleSection":["Pol\u00edtica"],"inLanguage":"pt-BR","potentialAction":[{"@type":"CommentAction","name":"Comment","target":["https:\/\/renatodias.online\/movimento\/2021\/11\/12\/ato-para-goiania-dia-20\/#respond"]}]},{"@type":"WebPage","@id":"https:\/\/renatodias.online\/movimento\/2021\/11\/12\/ato-para-goiania-dia-20\/","url":"https:\/\/renatodias.online\/movimento\/2021\/11\/12\/ato-para-goiania-dia-20\/","name":"Ato para Goi\u00e2nia dia 20 -","isPartOf":{"@id":"https:\/\/renatodias.online\/movimento\/#website"},"primaryImageOfPage":{"@id":"https:\/\/renatodias.online\/movimento\/2021\/11\/12\/ato-para-goiania-dia-20\/#primaryimage"},"image":{"@id":"https:\/\/renatodias.online\/movimento\/2021\/11\/12\/ato-para-goiania-dia-20\/#primaryimage"},"thumbnailUrl":"https:\/\/renatodias.online\/movimento\/wp-content\/uploads\/2021\/03\/Jair-Bolsonaro.jpeg","datePublished":"2021-11-12T19:31:37+00:00","breadcrumb":{"@id":"https:\/\/renatodias.online\/movimento\/2021\/11\/12\/ato-para-goiania-dia-20\/#breadcrumb"},"inLanguage":"pt-BR","potentialAction":[{"@type":"ReadAction","target":["https:\/\/renatodias.online\/movimento\/2021\/11\/12\/ato-para-goiania-dia-20\/"]}]},{"@type":"ImageObject","inLanguage":"pt-BR","@id":"https:\/\/renatodias.online\/movimento\/2021\/11\/12\/ato-para-goiania-dia-20\/#primaryimage","url":"https:\/\/renatodias.online\/movimento\/wp-content\/uploads\/2021\/03\/Jair-Bolsonaro.jpeg","contentUrl":"https:\/\/renatodias.online\/movimento\/wp-content\/uploads\/2021\/03\/Jair-Bolsonaro.jpeg","width":696,"height":370,"caption":"Jair Bolsonaro _ caricatura"},{"@type":"BreadcrumbList","@id":"https:\/\/renatodias.online\/movimento\/2021\/11\/12\/ato-para-goiania-dia-20\/#breadcrumb","itemListElement":[{"@type":"ListItem","position":1,"name":"In\u00edcio","item":"https:\/\/renatodias.online\/movimento\/"},{"@type":"ListItem","position":2,"name":"Ato para Goi\u00e2nia dia 20"}]},{"@type":"WebSite","@id":"https:\/\/renatodias.online\/movimento\/#website","url":"https:\/\/renatodias.online\/movimento\/","name":"","description":"","publisher":{"@id":"https:\/\/renatodias.online\/movimento\/#\/schema\/person\/bbab28833b1725a20f4083f49f1fb2a9"},"potentialAction":[{"@type":"SearchAction","target":{"@type":"EntryPoint","urlTemplate":"https:\/\/renatodias.online\/movimento\/?s={search_term_string}"},"query-input":{"@type":"PropertyValueSpecification","valueRequired":true,"valueName":"search_term_string"}}],"inLanguage":"pt-BR"},{"@type":["Person","Organization"],"@id":"https:\/\/renatodias.online\/movimento\/#\/schema\/person\/bbab28833b1725a20f4083f49f1fb2a9","name":"Renato Dias","image":{"@type":"ImageObject","inLanguage":"pt-BR","@id":"https:\/\/renatodias.online\/movimento\/wp-content\/uploads\/2023\/03\/cropped-cropped-cropped-logofinal.jpeg","url":"https:\/\/renatodias.online\/movimento\/wp-content\/uploads\/2023\/03\/cropped-cropped-cropped-logofinal.jpeg","contentUrl":"https:\/\/renatodias.online\/movimento\/wp-content\/uploads\/2023\/03\/cropped-cropped-cropped-logofinal.jpeg","width":1280,"height":219,"caption":"Renato Dias"},"logo":{"@id":"https:\/\/renatodias.online\/movimento\/wp-content\/uploads\/2023\/03\/cropped-cropped-cropped-logofinal.jpeg"},"description":"Renato Dias, 58 anos, \u00e9 graduado em Jornalismo, formado em Ci\u00eancias Sociais, com p\u00f3s-gradua\u00e7\u00e3o em Pol\u00edticas P\u00fablicas, mestre em Direito e Rela\u00e7\u00f5es Internacionais, ex-aluno extraordin\u00e1rio do Doutorado em Psicologia Social, ex-estudante do Curso de Psican\u00e1lise do Centro de Estudos Psicanal\u00edticos do Estado de Goi\u00e1s, ministrado pelo m\u00e9dico psiquiatra e psicanalista Daniel Em\u00eddio de Souza. \u00c9 autor de 30 livros-reportagem, oito document\u00e1rios, ganhou 30 pr\u00eamios e \u00e9 torcedor apaixonado do maior do Centro-Oeste, o Vila Nova Futebol Clube. Casado com Meirilane Dias, \u00e9 pai de Juliana Dias, jornalista; Daniel Dias, economista; e Maria Rosa Dias, estudante antifascista, socialista e trotskista.\u00a0Com tr\u00eas pets: Porquinho [Bull Dog Franc\u00eas], Dalila [Basset Hound] e Geleia [Basset Hound]. Al\u00e9m do eterno gato Tutuquinho, que virou estrela.","sameAs":["https:\/\/www.facebook.com\/renato.dias.37","#breve","https:\/\/renatodias.tumblr.com\/"],"url":"https:\/\/renatodias.online\/movimento\/author\/renatodias\/"}]}},"_links":{"self":[{"href":"https:\/\/renatodias.online\/movimento\/wp-json\/wp\/v2\/posts\/9572","targetHints":{"allow":["GET"]}}],"collection":[{"href":"https:\/\/renatodias.online\/movimento\/wp-json\/wp\/v2\/posts"}],"about":[{"href":"https:\/\/renatodias.online\/movimento\/wp-json\/wp\/v2\/types\/post"}],"author":[{"embeddable":true,"href":"https:\/\/renatodias.online\/movimento\/wp-json\/wp\/v2\/users\/2"}],"replies":[{"embeddable":true,"href":"https:\/\/renatodias.online\/movimento\/wp-json\/wp\/v2\/comments?post=9572"}],"version-history":[{"count":1,"href":"https:\/\/renatodias.online\/movimento\/wp-json\/wp\/v2\/posts\/9572\/revisions"}],"predecessor-version":[{"id":9574,"href":"https:\/\/renatodias.online\/movimento\/wp-json\/wp\/v2\/posts\/9572\/revisions\/9574"}],"wp:featuredmedia":[{"embeddable":true,"href":"https:\/\/renatodias.online\/movimento\/wp-json\/wp\/v2\/media\/5462"}],"wp:attachment":[{"href":"https:\/\/renatodias.online\/movimento\/wp-json\/wp\/v2\/media?parent=9572"}],"wp:term":[{"taxonomy":"category","embeddable":true,"href":"https:\/\/renatodias.online\/movimento\/wp-json\/wp\/v2\/categories?post=9572"},{"taxonomy":"post_tag","embeddable":true,"href":"https:\/\/renatodias.online\/movimento\/wp-json\/wp\/v2\/tags?post=9572"}],"curies":[{"name":"wp","href":"https:\/\/api.w.org\/{rel}","templated":true}]}}