{"id":9561,"date":"2021-11-12T16:05:55","date_gmt":"2021-11-12T19:05:55","guid":{"rendered":"https:\/\/renatodias.online\/movimento\/?p=9561"},"modified":"2021-11-12T16:05:55","modified_gmt":"2021-11-12T19:05:55","slug":"lissauer-vieira-e-meirelles-hoje","status":"publish","type":"post","link":"https:\/\/renatodias.online\/movimento\/2021\/11\/12\/lissauer-vieira-e-meirelles-hoje\/","title":{"rendered":"Lissauer Vieira e Meirelles, hoje"},"content":{"rendered":"<div id=\":19i\" class=\"a3s aiL \">\n<div dir=\"auto\">\n<div dir=\"auto\"><img loading=\"lazy\" decoding=\"async\" class=\"alignnone size-full wp-image-5007\" src=\"https:\/\/renatodias.online\/movimento\/wp-content\/uploads\/2021\/01\/Alto-da-p\u00e1gina-Banner-Exclusivo.png\" alt=\"\" width=\"1224\" height=\"372\" \/><\/div>\n<h1 dir=\"auto\" style=\"text-align: center;\"><span style=\"color: #0000ff;\">Lissauer Vieira e Meirelles, hoje<\/span><\/h1>\n<figure id=\"attachment_8784\" aria-describedby=\"caption-attachment-8784\" style=\"width: 2560px\" class=\"wp-caption alignnone\"><img loading=\"lazy\" decoding=\"async\" class=\"size-full wp-image-8784\" src=\"https:\/\/renatodias.online\/movimento\/wp-content\/uploads\/2021\/08\/Lissauer-Vieira-scaled-e1636743679334.jpg\" alt=\"\" width=\"2560\" height=\"1709\" \/><figcaption id=\"caption-attachment-8784\" class=\"wp-caption-text\"><strong>Lissauer Vieira, presidente da Assembleia Legislativa do Estado de Goi\u00e1s<br \/><\/strong><\/figcaption><\/figure>\n<h1 dir=\"auto\" style=\"text-align: left;\"><span style=\"color: #008080;\">De olho em 2022, eles se deslocam a Rio Verde<\/span><\/h1>\n<h1 dir=\"auto\"><\/h1>\n<h1 dir=\"auto\"><img loading=\"lazy\" decoding=\"async\" class=\"size-full wp-image-9562 aligncenter\" src=\"https:\/\/renatodias.online\/movimento\/wp-content\/uploads\/2021\/11\/Urnas-eletronicas.jpeg\" alt=\"\" width=\"539\" height=\"263\" srcset=\"https:\/\/renatodias.online\/movimento\/wp-content\/uploads\/2021\/11\/Urnas-eletronicas.jpeg 539w, https:\/\/renatodias.online\/movimento\/wp-content\/uploads\/2021\/11\/Urnas-eletronicas-300x146.jpeg 300w\" sizes=\"auto, (max-width: 539px) 100vw, 539px\" \/><\/h1>\n<h1 dir=\"auto\" style=\"text-align: center;\"><span style=\"color: #ff6600;\">Com Vilmar Rocha<\/span><\/h1>\n<div dir=\"auto\"><strong>Renato Dias<\/strong><\/div>\n<div dir=\"auto\">O ex &#8211; presidente do Banco Central e do BankBoston <strong>Henrique Meirelles<\/strong> circula, hoje, 12 de novembro de 2021, ao lado de <strong>Lissauer Vieira<\/strong>, presidente da Assembleia Legislativa do Estado de Goi\u00e1s, por Rio Verde.<\/div>\n<div dir=\"auto\"><\/div>\n<div dir=\"auto\">\n<figure id=\"attachment_8496\" aria-describedby=\"caption-attachment-8496\" style=\"width: 1500px\" class=\"wp-caption alignnone\"><img loading=\"lazy\" decoding=\"async\" class=\"size-full wp-image-8496\" src=\"https:\/\/renatodias.online\/movimento\/wp-content\/uploads\/2021\/08\/Henrique-Meirelles.jpg\" alt=\"\" width=\"1500\" height=\"1000\" srcset=\"https:\/\/renatodias.online\/movimento\/wp-content\/uploads\/2021\/08\/Henrique-Meirelles.jpg 1500w, https:\/\/renatodias.online\/movimento\/wp-content\/uploads\/2021\/08\/Henrique-Meirelles-300x200.jpg 300w, https:\/\/renatodias.online\/movimento\/wp-content\/uploads\/2021\/08\/Henrique-Meirelles-768x512.jpg 768w, https:\/\/renatodias.online\/movimento\/wp-content\/uploads\/2021\/08\/Henrique-Meirelles-360x240.jpg 360w, https:\/\/renatodias.online\/movimento\/wp-content\/uploads\/2021\/08\/Henrique-Meirelles-750x500.jpg 750w\" sizes=\"auto, (max-width: 1500px) 100vw, 1500px\" \/><figcaption id=\"caption-attachment-8496\" class=\"wp-caption-text\"><strong>Henrique Meirelles quer vaga no Senado<\/strong><\/figcaption><\/figure>\n<p>&nbsp;<\/p>\n<\/div>\n<div dir=\"auto\">Com foco nas elei\u00e7\u00f5es de outubro de 2022, os dois trocar\u00e3o dois dedos de prosa com o prefeito da cidade, <strong>Paulo do Valle<\/strong>, conversar\u00e3o com o agroneg\u00f3cio e participam de palestra na UniRV. Tema: a economia nacional em 2022.<\/div>\n<div dir=\"auto\"><\/div>\n<div dir=\"auto\">\n<figure id=\"attachment_8276\" aria-describedby=\"caption-attachment-8276\" style=\"width: 2560px\" class=\"wp-caption alignnone\"><img loading=\"lazy\" decoding=\"async\" class=\"size-full wp-image-8276\" src=\"https:\/\/renatodias.online\/movimento\/wp-content\/uploads\/2021\/08\/Vilmar-Rocha-Principal.jpg\" alt=\"\" width=\"2560\" height=\"1710\" srcset=\"https:\/\/renatodias.online\/movimento\/wp-content\/uploads\/2021\/08\/Vilmar-Rocha-Principal.jpg 2560w, https:\/\/renatodias.online\/movimento\/wp-content\/uploads\/2021\/08\/Vilmar-Rocha-Principal-300x200.jpg 300w, https:\/\/renatodias.online\/movimento\/wp-content\/uploads\/2021\/08\/Vilmar-Rocha-Principal-1533x1024.jpg 1533w, https:\/\/renatodias.online\/movimento\/wp-content\/uploads\/2021\/08\/Vilmar-Rocha-Principal-768x513.jpg 768w, https:\/\/renatodias.online\/movimento\/wp-content\/uploads\/2021\/08\/Vilmar-Rocha-Principal-1536x1026.jpg 1536w, https:\/\/renatodias.online\/movimento\/wp-content\/uploads\/2021\/08\/Vilmar-Rocha-Principal-2048x1368.jpg 2048w, https:\/\/renatodias.online\/movimento\/wp-content\/uploads\/2021\/08\/Vilmar-Rocha-Principal-360x240.jpg 360w, https:\/\/renatodias.online\/movimento\/wp-content\/uploads\/2021\/08\/Vilmar-Rocha-Principal-750x501.jpg 750w\" sizes=\"auto, (max-width: 2560px) 100vw, 2560px\" \/><figcaption id=\"caption-attachment-8276\" class=\"wp-caption-text\"><strong>Vilmar Rocha, presidente do PSD, em Goi\u00e1s<\/strong><\/figcaption><\/figure>\n<h1><span style=\"color: #33cccc;\"><strong>Agenda do PSD<\/strong><\/span><\/h1>\n<\/div>\n<div dir=\"auto\">O presidente do PSD, em Goi\u00e1s, <strong>Vilmar Rocha,<\/strong> professor de Direito Constitucional, especialista em populismos m\u00faltiplos, tanto de esquerda quanto de direita e mesmo de centro, participar\u00e1 da viagem \u00e0 Regi\u00e3o Sudoeste.<\/div>\n<\/div>\n<\/div>\n","protected":false},"excerpt":{"rendered":"<p>Lissauer Vieira e Meirelles, hoje De olho em 2022, eles se deslocam a Rio Verde Com Vilmar Rocha Renato Dias O ex &#8211; presidente do Banco Central e do BankBoston Henrique Meirelles circula, hoje, 12 de novembro de 2021, ao lado de Lissauer Vieira, presidente da Assembleia Legislativa do Estado de Goi\u00e1s, por Rio Verde.<\/p>\n","protected":false},"author":2,"featured_media":8784,"comment_status":"open","ping_status":"open","sticky":false,"template":"","format":"standard","meta":{"_acf_changed":false,"_monsterinsights_skip_tracking":false,"_monsterinsights_sitenote_active":false,"_monsterinsights_sitenote_note":"","_monsterinsights_sitenote_category":0,"footnotes":""},"categories":[4],"tags":[],"class_list":["post-9561","post","type-post","status-publish","format-standard","has-post-thumbnail","hentry","category-politica"],"acf":[],"yoast_head":"<!-- This site is optimized with the Yoast SEO plugin v27.4 - https:\/\/yoast.com\/product\/yoast-seo-wordpress\/ -->\n<title>Lissauer Vieira e Meirelles, hoje -<\/title>\n<meta name=\"robots\" content=\"index, follow, max-snippet:-1, max-image-preview:large, max-video-preview:-1\" \/>\n<link rel=\"canonical\" href=\"https:\/\/renatodias.online\/movimento\/2021\/11\/12\/lissauer-vieira-e-meirelles-hoje\/\" \/>\n<meta property=\"og:locale\" content=\"pt_BR\" \/>\n<meta property=\"og:type\" content=\"article\" \/>\n<meta property=\"og:title\" content=\"Lissauer Vieira e Meirelles, hoje -\" \/>\n<meta property=\"og:description\" content=\"Lissauer Vieira e Meirelles, hoje De olho em 2022, eles se deslocam a Rio Verde Com Vilmar Rocha Renato Dias O ex &#8211; presidente do Banco Central e do BankBoston Henrique Meirelles circula, hoje, 12 de novembro de 2021, ao lado de Lissauer Vieira, presidente da Assembleia Legislativa do Estado de Goi\u00e1s, por Rio Verde.\" \/>\n<meta property=\"og:url\" content=\"https:\/\/renatodias.online\/movimento\/2021\/11\/12\/lissauer-vieira-e-meirelles-hoje\/\" \/>\n<meta property=\"article:publisher\" content=\"https:\/\/www.facebook.com\/renato.dias.37\" \/>\n<meta property=\"article:author\" content=\"https:\/\/www.facebook.com\/renato.dias.37\" \/>\n<meta property=\"article:published_time\" content=\"2021-11-12T19:05:55+00:00\" \/>\n<meta property=\"og:image\" content=\"https:\/\/renatodias.online\/movimento\/wp-content\/uploads\/2021\/08\/Lissauer-Vieira-scaled-e1644435122539.jpg\" \/>\n\t<meta property=\"og:image:width\" content=\"360\" \/>\n\t<meta property=\"og:image:height\" content=\"241\" \/>\n\t<meta property=\"og:image:type\" content=\"image\/jpeg\" \/>\n<meta name=\"author\" content=\"Renato Dias\" \/>\n<meta name=\"twitter:card\" content=\"summary_large_image\" \/>\n<meta name=\"twitter:creator\" content=\"@RenatoDiasBat\" \/>\n<meta name=\"twitter:site\" content=\"@RenatoDiasBat\" \/>\n<meta name=\"twitter:label1\" content=\"Escrito por\" \/>\n\t<meta name=\"twitter:data1\" content=\"Renato Dias\" \/>\n\t<meta name=\"twitter:label2\" content=\"Est. tempo de leitura\" \/>\n\t<meta name=\"twitter:data2\" content=\"1 minuto\" \/>\n<script type=\"application\/ld+json\" class=\"yoast-schema-graph\">{\"@context\":\"https:\\\/\\\/schema.org\",\"@graph\":[{\"@type\":\"Article\",\"@id\":\"https:\\\/\\\/renatodias.online\\\/movimento\\\/2021\\\/11\\\/12\\\/lissauer-vieira-e-meirelles-hoje\\\/#article\",\"isPartOf\":{\"@id\":\"https:\\\/\\\/renatodias.online\\\/movimento\\\/2021\\\/11\\\/12\\\/lissauer-vieira-e-meirelles-hoje\\\/\"},\"author\":{\"name\":\"Renato Dias\",\"@id\":\"https:\\\/\\\/renatodias.online\\\/movimento\\\/#\\\/schema\\\/person\\\/bbab28833b1725a20f4083f49f1fb2a9\"},\"headline\":\"Lissauer Vieira e Meirelles, hoje\",\"datePublished\":\"2021-11-12T19:05:55+00:00\",\"mainEntityOfPage\":{\"@id\":\"https:\\\/\\\/renatodias.online\\\/movimento\\\/2021\\\/11\\\/12\\\/lissauer-vieira-e-meirelles-hoje\\\/\"},\"wordCount\":183,\"commentCount\":0,\"publisher\":{\"@id\":\"https:\\\/\\\/renatodias.online\\\/movimento\\\/#\\\/schema\\\/person\\\/bbab28833b1725a20f4083f49f1fb2a9\"},\"image\":{\"@id\":\"https:\\\/\\\/renatodias.online\\\/movimento\\\/2021\\\/11\\\/12\\\/lissauer-vieira-e-meirelles-hoje\\\/#primaryimage\"},\"thumbnailUrl\":\"https:\\\/\\\/renatodias.online\\\/movimento\\\/wp-content\\\/uploads\\\/2021\\\/08\\\/Lissauer-Vieira-scaled-e1644435122539.jpg\",\"articleSection\":[\"Pol\u00edtica\"],\"inLanguage\":\"pt-BR\",\"potentialAction\":[{\"@type\":\"CommentAction\",\"name\":\"Comment\",\"target\":[\"https:\\\/\\\/renatodias.online\\\/movimento\\\/2021\\\/11\\\/12\\\/lissauer-vieira-e-meirelles-hoje\\\/#respond\"]}]},{\"@type\":\"WebPage\",\"@id\":\"https:\\\/\\\/renatodias.online\\\/movimento\\\/2021\\\/11\\\/12\\\/lissauer-vieira-e-meirelles-hoje\\\/\",\"url\":\"https:\\\/\\\/renatodias.online\\\/movimento\\\/2021\\\/11\\\/12\\\/lissauer-vieira-e-meirelles-hoje\\\/\",\"name\":\"Lissauer Vieira e Meirelles, hoje -\",\"isPartOf\":{\"@id\":\"https:\\\/\\\/renatodias.online\\\/movimento\\\/#website\"},\"primaryImageOfPage\":{\"@id\":\"https:\\\/\\\/renatodias.online\\\/movimento\\\/2021\\\/11\\\/12\\\/lissauer-vieira-e-meirelles-hoje\\\/#primaryimage\"},\"image\":{\"@id\":\"https:\\\/\\\/renatodias.online\\\/movimento\\\/2021\\\/11\\\/12\\\/lissauer-vieira-e-meirelles-hoje\\\/#primaryimage\"},\"thumbnailUrl\":\"https:\\\/\\\/renatodias.online\\\/movimento\\\/wp-content\\\/uploads\\\/2021\\\/08\\\/Lissauer-Vieira-scaled-e1644435122539.jpg\",\"datePublished\":\"2021-11-12T19:05:55+00:00\",\"breadcrumb\":{\"@id\":\"https:\\\/\\\/renatodias.online\\\/movimento\\\/2021\\\/11\\\/12\\\/lissauer-vieira-e-meirelles-hoje\\\/#breadcrumb\"},\"inLanguage\":\"pt-BR\",\"potentialAction\":[{\"@type\":\"ReadAction\",\"target\":[\"https:\\\/\\\/renatodias.online\\\/movimento\\\/2021\\\/11\\\/12\\\/lissauer-vieira-e-meirelles-hoje\\\/\"]}]},{\"@type\":\"ImageObject\",\"inLanguage\":\"pt-BR\",\"@id\":\"https:\\\/\\\/renatodias.online\\\/movimento\\\/2021\\\/11\\\/12\\\/lissauer-vieira-e-meirelles-hoje\\\/#primaryimage\",\"url\":\"https:\\\/\\\/renatodias.online\\\/movimento\\\/wp-content\\\/uploads\\\/2021\\\/08\\\/Lissauer-Vieira-scaled-e1644435122539.jpg\",\"contentUrl\":\"https:\\\/\\\/renatodias.online\\\/movimento\\\/wp-content\\\/uploads\\\/2021\\\/08\\\/Lissauer-Vieira-scaled-e1644435122539.jpg\",\"width\":360,\"height\":241,\"caption\":\"Lissauer Vieira\"},{\"@type\":\"BreadcrumbList\",\"@id\":\"https:\\\/\\\/renatodias.online\\\/movimento\\\/2021\\\/11\\\/12\\\/lissauer-vieira-e-meirelles-hoje\\\/#breadcrumb\",\"itemListElement\":[{\"@type\":\"ListItem\",\"position\":1,\"name\":\"In\u00edcio\",\"item\":\"https:\\\/\\\/renatodias.online\\\/movimento\\\/\"},{\"@type\":\"ListItem\",\"position\":2,\"name\":\"Lissauer Vieira e Meirelles, hoje\"}]},{\"@type\":\"WebSite\",\"@id\":\"https:\\\/\\\/renatodias.online\\\/movimento\\\/#website\",\"url\":\"https:\\\/\\\/renatodias.online\\\/movimento\\\/\",\"name\":\"\",\"description\":\"\",\"publisher\":{\"@id\":\"https:\\\/\\\/renatodias.online\\\/movimento\\\/#\\\/schema\\\/person\\\/bbab28833b1725a20f4083f49f1fb2a9\"},\"potentialAction\":[{\"@type\":\"SearchAction\",\"target\":{\"@type\":\"EntryPoint\",\"urlTemplate\":\"https:\\\/\\\/renatodias.online\\\/movimento\\\/?s={search_term_string}\"},\"query-input\":{\"@type\":\"PropertyValueSpecification\",\"valueRequired\":true,\"valueName\":\"search_term_string\"}}],\"inLanguage\":\"pt-BR\"},{\"@type\":[\"Person\",\"Organization\"],\"@id\":\"https:\\\/\\\/renatodias.online\\\/movimento\\\/#\\\/schema\\\/person\\\/bbab28833b1725a20f4083f49f1fb2a9\",\"name\":\"Renato Dias\",\"image\":{\"@type\":\"ImageObject\",\"inLanguage\":\"pt-BR\",\"@id\":\"https:\\\/\\\/renatodias.online\\\/movimento\\\/wp-content\\\/uploads\\\/2023\\\/03\\\/cropped-cropped-cropped-logofinal.jpeg\",\"url\":\"https:\\\/\\\/renatodias.online\\\/movimento\\\/wp-content\\\/uploads\\\/2023\\\/03\\\/cropped-cropped-cropped-logofinal.jpeg\",\"contentUrl\":\"https:\\\/\\\/renatodias.online\\\/movimento\\\/wp-content\\\/uploads\\\/2023\\\/03\\\/cropped-cropped-cropped-logofinal.jpeg\",\"width\":1280,\"height\":219,\"caption\":\"Renato Dias\"},\"logo\":{\"@id\":\"https:\\\/\\\/renatodias.online\\\/movimento\\\/wp-content\\\/uploads\\\/2023\\\/03\\\/cropped-cropped-cropped-logofinal.jpeg\"},\"description\":\"Renato Dias, 58 anos, \u00e9 graduado em Jornalismo, formado em Ci\u00eancias Sociais, com p\u00f3s-gradua\u00e7\u00e3o em Pol\u00edticas P\u00fablicas, mestre em Direito e Rela\u00e7\u00f5es Internacionais, ex-aluno extraordin\u00e1rio do Doutorado em Psicologia Social, ex-estudante do Curso de Psican\u00e1lise do Centro de Estudos Psicanal\u00edticos do Estado de Goi\u00e1s, ministrado pelo m\u00e9dico psiquiatra e psicanalista Daniel Em\u00eddio de Souza. \u00c9 autor de 30 livros-reportagem, oito document\u00e1rios, ganhou 30 pr\u00eamios e \u00e9 torcedor apaixonado do maior do Centro-Oeste, o Vila Nova Futebol Clube. Casado com Meirilane Dias, \u00e9 pai de Juliana Dias, jornalista; Daniel Dias, economista; e Maria Rosa Dias, estudante antifascista, socialista e trotskista.\u00a0Com tr\u00eas pets: Porquinho [Bull Dog Franc\u00eas], Dalila [Basset Hound] e Geleia [Basset Hound]. Al\u00e9m do eterno gato Tutuquinho, que virou estrela.\",\"sameAs\":[\"https:\\\/\\\/www.facebook.com\\\/renato.dias.37\",\"#breve\",\"https:\\\/\\\/renatodias.tumblr.com\\\/\"],\"url\":\"https:\\\/\\\/renatodias.online\\\/movimento\\\/author\\\/renatodias\\\/\"}]}<\/script>\n<!-- \/ Yoast SEO plugin. -->","yoast_head_json":{"title":"Lissauer Vieira e Meirelles, hoje -","robots":{"index":"index","follow":"follow","max-snippet":"max-snippet:-1","max-image-preview":"max-image-preview:large","max-video-preview":"max-video-preview:-1"},"canonical":"https:\/\/renatodias.online\/movimento\/2021\/11\/12\/lissauer-vieira-e-meirelles-hoje\/","og_locale":"pt_BR","og_type":"article","og_title":"Lissauer Vieira e Meirelles, hoje -","og_description":"Lissauer Vieira e Meirelles, hoje De olho em 2022, eles se deslocam a Rio Verde Com Vilmar Rocha Renato Dias O ex &#8211; presidente do Banco Central e do BankBoston Henrique Meirelles circula, hoje, 12 de novembro de 2021, ao lado de Lissauer Vieira, presidente da Assembleia Legislativa do Estado de Goi\u00e1s, por Rio Verde.","og_url":"https:\/\/renatodias.online\/movimento\/2021\/11\/12\/lissauer-vieira-e-meirelles-hoje\/","article_publisher":"https:\/\/www.facebook.com\/renato.dias.37","article_author":"https:\/\/www.facebook.com\/renato.dias.37","article_published_time":"2021-11-12T19:05:55+00:00","og_image":[{"width":360,"height":241,"url":"https:\/\/renatodias.online\/movimento\/wp-content\/uploads\/2021\/08\/Lissauer-Vieira-scaled-e1644435122539.jpg","type":"image\/jpeg"}],"author":"Renato Dias","twitter_card":"summary_large_image","twitter_creator":"@RenatoDiasBat","twitter_site":"@RenatoDiasBat","twitter_misc":{"Escrito por":"Renato Dias","Est. tempo de leitura":"1 minuto"},"schema":{"@context":"https:\/\/schema.org","@graph":[{"@type":"Article","@id":"https:\/\/renatodias.online\/movimento\/2021\/11\/12\/lissauer-vieira-e-meirelles-hoje\/#article","isPartOf":{"@id":"https:\/\/renatodias.online\/movimento\/2021\/11\/12\/lissauer-vieira-e-meirelles-hoje\/"},"author":{"name":"Renato Dias","@id":"https:\/\/renatodias.online\/movimento\/#\/schema\/person\/bbab28833b1725a20f4083f49f1fb2a9"},"headline":"Lissauer Vieira e Meirelles, hoje","datePublished":"2021-11-12T19:05:55+00:00","mainEntityOfPage":{"@id":"https:\/\/renatodias.online\/movimento\/2021\/11\/12\/lissauer-vieira-e-meirelles-hoje\/"},"wordCount":183,"commentCount":0,"publisher":{"@id":"https:\/\/renatodias.online\/movimento\/#\/schema\/person\/bbab28833b1725a20f4083f49f1fb2a9"},"image":{"@id":"https:\/\/renatodias.online\/movimento\/2021\/11\/12\/lissauer-vieira-e-meirelles-hoje\/#primaryimage"},"thumbnailUrl":"https:\/\/renatodias.online\/movimento\/wp-content\/uploads\/2021\/08\/Lissauer-Vieira-scaled-e1644435122539.jpg","articleSection":["Pol\u00edtica"],"inLanguage":"pt-BR","potentialAction":[{"@type":"CommentAction","name":"Comment","target":["https:\/\/renatodias.online\/movimento\/2021\/11\/12\/lissauer-vieira-e-meirelles-hoje\/#respond"]}]},{"@type":"WebPage","@id":"https:\/\/renatodias.online\/movimento\/2021\/11\/12\/lissauer-vieira-e-meirelles-hoje\/","url":"https:\/\/renatodias.online\/movimento\/2021\/11\/12\/lissauer-vieira-e-meirelles-hoje\/","name":"Lissauer Vieira e Meirelles, hoje -","isPartOf":{"@id":"https:\/\/renatodias.online\/movimento\/#website"},"primaryImageOfPage":{"@id":"https:\/\/renatodias.online\/movimento\/2021\/11\/12\/lissauer-vieira-e-meirelles-hoje\/#primaryimage"},"image":{"@id":"https:\/\/renatodias.online\/movimento\/2021\/11\/12\/lissauer-vieira-e-meirelles-hoje\/#primaryimage"},"thumbnailUrl":"https:\/\/renatodias.online\/movimento\/wp-content\/uploads\/2021\/08\/Lissauer-Vieira-scaled-e1644435122539.jpg","datePublished":"2021-11-12T19:05:55+00:00","breadcrumb":{"@id":"https:\/\/renatodias.online\/movimento\/2021\/11\/12\/lissauer-vieira-e-meirelles-hoje\/#breadcrumb"},"inLanguage":"pt-BR","potentialAction":[{"@type":"ReadAction","target":["https:\/\/renatodias.online\/movimento\/2021\/11\/12\/lissauer-vieira-e-meirelles-hoje\/"]}]},{"@type":"ImageObject","inLanguage":"pt-BR","@id":"https:\/\/renatodias.online\/movimento\/2021\/11\/12\/lissauer-vieira-e-meirelles-hoje\/#primaryimage","url":"https:\/\/renatodias.online\/movimento\/wp-content\/uploads\/2021\/08\/Lissauer-Vieira-scaled-e1644435122539.jpg","contentUrl":"https:\/\/renatodias.online\/movimento\/wp-content\/uploads\/2021\/08\/Lissauer-Vieira-scaled-e1644435122539.jpg","width":360,"height":241,"caption":"Lissauer Vieira"},{"@type":"BreadcrumbList","@id":"https:\/\/renatodias.online\/movimento\/2021\/11\/12\/lissauer-vieira-e-meirelles-hoje\/#breadcrumb","itemListElement":[{"@type":"ListItem","position":1,"name":"In\u00edcio","item":"https:\/\/renatodias.online\/movimento\/"},{"@type":"ListItem","position":2,"name":"Lissauer Vieira e Meirelles, hoje"}]},{"@type":"WebSite","@id":"https:\/\/renatodias.online\/movimento\/#website","url":"https:\/\/renatodias.online\/movimento\/","name":"","description":"","publisher":{"@id":"https:\/\/renatodias.online\/movimento\/#\/schema\/person\/bbab28833b1725a20f4083f49f1fb2a9"},"potentialAction":[{"@type":"SearchAction","target":{"@type":"EntryPoint","urlTemplate":"https:\/\/renatodias.online\/movimento\/?s={search_term_string}"},"query-input":{"@type":"PropertyValueSpecification","valueRequired":true,"valueName":"search_term_string"}}],"inLanguage":"pt-BR"},{"@type":["Person","Organization"],"@id":"https:\/\/renatodias.online\/movimento\/#\/schema\/person\/bbab28833b1725a20f4083f49f1fb2a9","name":"Renato Dias","image":{"@type":"ImageObject","inLanguage":"pt-BR","@id":"https:\/\/renatodias.online\/movimento\/wp-content\/uploads\/2023\/03\/cropped-cropped-cropped-logofinal.jpeg","url":"https:\/\/renatodias.online\/movimento\/wp-content\/uploads\/2023\/03\/cropped-cropped-cropped-logofinal.jpeg","contentUrl":"https:\/\/renatodias.online\/movimento\/wp-content\/uploads\/2023\/03\/cropped-cropped-cropped-logofinal.jpeg","width":1280,"height":219,"caption":"Renato Dias"},"logo":{"@id":"https:\/\/renatodias.online\/movimento\/wp-content\/uploads\/2023\/03\/cropped-cropped-cropped-logofinal.jpeg"},"description":"Renato Dias, 58 anos, \u00e9 graduado em Jornalismo, formado em Ci\u00eancias Sociais, com p\u00f3s-gradua\u00e7\u00e3o em Pol\u00edticas P\u00fablicas, mestre em Direito e Rela\u00e7\u00f5es Internacionais, ex-aluno extraordin\u00e1rio do Doutorado em Psicologia Social, ex-estudante do Curso de Psican\u00e1lise do Centro de Estudos Psicanal\u00edticos do Estado de Goi\u00e1s, ministrado pelo m\u00e9dico psiquiatra e psicanalista Daniel Em\u00eddio de Souza. \u00c9 autor de 30 livros-reportagem, oito document\u00e1rios, ganhou 30 pr\u00eamios e \u00e9 torcedor apaixonado do maior do Centro-Oeste, o Vila Nova Futebol Clube. Casado com Meirilane Dias, \u00e9 pai de Juliana Dias, jornalista; Daniel Dias, economista; e Maria Rosa Dias, estudante antifascista, socialista e trotskista.\u00a0Com tr\u00eas pets: Porquinho [Bull Dog Franc\u00eas], Dalila [Basset Hound] e Geleia [Basset Hound]. Al\u00e9m do eterno gato Tutuquinho, que virou estrela.","sameAs":["https:\/\/www.facebook.com\/renato.dias.37","#breve","https:\/\/renatodias.tumblr.com\/"],"url":"https:\/\/renatodias.online\/movimento\/author\/renatodias\/"}]}},"_links":{"self":[{"href":"https:\/\/renatodias.online\/movimento\/wp-json\/wp\/v2\/posts\/9561","targetHints":{"allow":["GET"]}}],"collection":[{"href":"https:\/\/renatodias.online\/movimento\/wp-json\/wp\/v2\/posts"}],"about":[{"href":"https:\/\/renatodias.online\/movimento\/wp-json\/wp\/v2\/types\/post"}],"author":[{"embeddable":true,"href":"https:\/\/renatodias.online\/movimento\/wp-json\/wp\/v2\/users\/2"}],"replies":[{"embeddable":true,"href":"https:\/\/renatodias.online\/movimento\/wp-json\/wp\/v2\/comments?post=9561"}],"version-history":[{"count":1,"href":"https:\/\/renatodias.online\/movimento\/wp-json\/wp\/v2\/posts\/9561\/revisions"}],"predecessor-version":[{"id":9563,"href":"https:\/\/renatodias.online\/movimento\/wp-json\/wp\/v2\/posts\/9561\/revisions\/9563"}],"wp:featuredmedia":[{"embeddable":true,"href":"https:\/\/renatodias.online\/movimento\/wp-json\/wp\/v2\/media\/8784"}],"wp:attachment":[{"href":"https:\/\/renatodias.online\/movimento\/wp-json\/wp\/v2\/media?parent=9561"}],"wp:term":[{"taxonomy":"category","embeddable":true,"href":"https:\/\/renatodias.online\/movimento\/wp-json\/wp\/v2\/categories?post=9561"},{"taxonomy":"post_tag","embeddable":true,"href":"https:\/\/renatodias.online\/movimento\/wp-json\/wp\/v2\/tags?post=9561"}],"curies":[{"name":"wp","href":"https:\/\/api.w.org\/{rel}","templated":true}]}}