{"id":943,"date":"2019-04-03T21:08:22","date_gmt":"2019-04-04T00:08:22","guid":{"rendered":"http:\/\/renatodias.online\/gyn\/?p=943"},"modified":"2019-04-03T21:08:22","modified_gmt":"2019-04-04T00:08:22","slug":"que-pais-e-este-reentre-de-dado-villa-lobos-marcelo-bonfa-no-palco-do-flamboyant-in-concert","status":"publish","type":"post","link":"https:\/\/renatodias.online\/movimento\/2019\/04\/03\/que-pais-e-este-reentre-de-dado-villa-lobos-marcelo-bonfa-no-palco-do-flamboyant-in-concert\/","title":{"rendered":"Que Pa\u00eds \u00e9 Este? Reentr\u00e9 de Dado Villa Lobos &#038; Marcelo Bonf\u00e1 no palco do Flamboyant In Concert"},"content":{"rendered":"<p>\t\t\t\t<strong>Especial Anos 1980<\/strong><\/p>\n<p><strong>Que Pa\u00eds \u00e9 Este?<\/strong><\/p>\n<p><strong>Reentr\u00e9 de Dado Villa Lobos &amp; Marcelo Bonf\u00e1 no palco do Flamboyant In Concert<\/strong><\/p>\n<p><strong>Renato Dias<\/strong><\/p>\n<p><strong>Da Editoria do DM Revista<\/strong><\/p>\n<p>Trinta anos depois. Do lan\u00e7amento do Disco \u2018Que Pa\u00eds \u00e9 Este? \u2019 Um cl\u00e1ssico da Legi\u00e3o Urbana. Banda de rock nacional. Da d\u00e9cada de 1980. Sob os estertores da ditadura civil e militar [1964-1985]. Uma noite que durou 21 anos. Tempos de reabertura democr\u00e1tica e de lutas de classes. P\u00f3s-Aborto El\u00e9trico. A \u2018troupe\u2019 de Renato Russo, morto de Aids em 1996. Dado Villa Lobos &amp; Marcelo Bonf\u00e1, remanescentes do grupo, apresentam-se em Goi\u00e2nia. Dia 30 de abril. De 2019.<\/p>\n<p><strong>&#8211; A partir de 19h30. Sem atraso.<\/strong><\/p>\n<p><strong>Rock de Bras\u00edlia<\/strong><\/p>\n<p>\u00c9 mais um espet\u00e1culo do Flamboyant In Concert. De celebra\u00e7\u00e3o do \u2018rock\u00b4n roll made in Bras\u00ed\u00adlia\u2019. A dupla far\u00e1 um show com repert\u00f3rio de dois \u00e1lbuns cl\u00e1ssicos. O point da vanguar\u00adda est\u00e9\u00adti\u00adca e cultural do s\u00e9culo 21 ser\u00e1 o Deck Parking Sul. Na lista das m\u00fasicas: Tempo Perdido, Qua\u00adse sem Querer, Andrea Doria, Angra dos Reis e Faroeste Caboclo.\u00a0Dado Villa Lobos na guitarra e Marcelo Bonf\u00e1, bateria. Da forma\u00e7\u00e3o original. O vocalista \u00e9 Andr\u00e9 Frateschi. Anote na agenda<\/p>\n<p><strong>Servi\u00e7o<\/strong><\/p>\n<p><strong>O que? <\/strong>Flamboyant In Concert<\/p>\n<p><strong>Show:<\/strong> Dois e Que Pa\u00eds \u00e9 Este? Com Dado Villa Lobos &amp; Marcelo Bonf\u00e1<\/p>\n<p><strong>Data:<\/strong> 30 de abril<\/p>\n<p><strong>Hor\u00e1rio:<\/strong> 19h30<\/p>\n<p><strong>Local:<\/strong> Deck Parking Sul \u0096 Piso 1<\/p>\n<p><strong>Classifica\u00e7\u00e3o et\u00e1ria:<\/strong> livre\t\t<\/p>\n","protected":false},"excerpt":{"rendered":"<p>Especial Anos 1980 Que Pa\u00eds \u00e9 Este? Reentr\u00e9 de Dado Villa Lobos &amp; Marcelo Bonf\u00e1 no palco do Flamboyant In Concert Renato Dias Da Editoria do DM Revista Trinta anos depois. Do lan\u00e7amento do Disco \u2018Que Pa\u00eds \u00e9 Este? \u2019 Um cl\u00e1ssico da Legi\u00e3o Urbana. Banda de rock nacional. Da d\u00e9cada de 1980. Sob os<\/p>\n","protected":false},"author":2,"featured_media":944,"comment_status":"open","ping_status":"open","sticky":false,"template":"","format":"standard","meta":{"_acf_changed":false,"_monsterinsights_skip_tracking":false,"_monsterinsights_sitenote_active":false,"_monsterinsights_sitenote_note":"","_monsterinsights_sitenote_category":0,"footnotes":""},"categories":[2,9,28],"tags":[],"class_list":["post-943","post","type-post","status-publish","format-standard","has-post-thumbnail","hentry","category-arte","category-cidade","category-cultura"],"acf":[],"yoast_head":"<!-- This site is optimized with the Yoast SEO plugin v27.4 - https:\/\/yoast.com\/product\/yoast-seo-wordpress\/ -->\n<title>Que Pa\u00eds \u00e9 Este? Reentr\u00e9 de Dado Villa Lobos &amp; Marcelo Bonf\u00e1 no palco do Flamboyant In Concert -<\/title>\n<meta name=\"robots\" content=\"index, follow, max-snippet:-1, max-image-preview:large, max-video-preview:-1\" \/>\n<link rel=\"canonical\" href=\"https:\/\/renatodias.online\/movimento\/2019\/04\/03\/que-pais-e-este-reentre-de-dado-villa-lobos-marcelo-bonfa-no-palco-do-flamboyant-in-concert\/\" \/>\n<meta property=\"og:locale\" content=\"pt_BR\" \/>\n<meta property=\"og:type\" content=\"article\" \/>\n<meta property=\"og:title\" content=\"Que Pa\u00eds \u00e9 Este? Reentr\u00e9 de Dado Villa Lobos &amp; Marcelo Bonf\u00e1 no palco do Flamboyant In Concert -\" \/>\n<meta property=\"og:description\" content=\"Especial Anos 1980 Que Pa\u00eds \u00e9 Este? Reentr\u00e9 de Dado Villa Lobos &amp; Marcelo Bonf\u00e1 no palco do Flamboyant In Concert Renato Dias Da Editoria do DM Revista Trinta anos depois. Do lan\u00e7amento do Disco \u2018Que Pa\u00eds \u00e9 Este? \u2019 Um cl\u00e1ssico da Legi\u00e3o Urbana. Banda de rock nacional. Da d\u00e9cada de 1980. Sob os\" \/>\n<meta property=\"og:url\" content=\"https:\/\/renatodias.online\/movimento\/2019\/04\/03\/que-pais-e-este-reentre-de-dado-villa-lobos-marcelo-bonfa-no-palco-do-flamboyant-in-concert\/\" \/>\n<meta property=\"article:publisher\" content=\"https:\/\/www.facebook.com\/renato.dias.37\" \/>\n<meta property=\"article:author\" content=\"https:\/\/www.facebook.com\/renato.dias.37\" \/>\n<meta property=\"article:published_time\" content=\"2019-04-04T00:08:22+00:00\" \/>\n<meta name=\"author\" content=\"Renato Dias\" \/>\n<meta name=\"twitter:card\" content=\"summary_large_image\" \/>\n<meta name=\"twitter:creator\" content=\"@RenatoDiasBat\" \/>\n<meta name=\"twitter:site\" content=\"@RenatoDiasBat\" \/>\n<meta name=\"twitter:label1\" content=\"Escrito por\" \/>\n\t<meta name=\"twitter:data1\" content=\"Renato Dias\" \/>\n\t<meta name=\"twitter:label2\" content=\"Est. tempo de leitura\" \/>\n\t<meta name=\"twitter:data2\" content=\"1 minuto\" \/>\n<script type=\"application\/ld+json\" class=\"yoast-schema-graph\">{\"@context\":\"https:\\\/\\\/schema.org\",\"@graph\":[{\"@type\":\"Article\",\"@id\":\"https:\\\/\\\/renatodias.online\\\/movimento\\\/2019\\\/04\\\/03\\\/que-pais-e-este-reentre-de-dado-villa-lobos-marcelo-bonfa-no-palco-do-flamboyant-in-concert\\\/#article\",\"isPartOf\":{\"@id\":\"https:\\\/\\\/renatodias.online\\\/movimento\\\/2019\\\/04\\\/03\\\/que-pais-e-este-reentre-de-dado-villa-lobos-marcelo-bonfa-no-palco-do-flamboyant-in-concert\\\/\"},\"author\":{\"name\":\"Renato Dias\",\"@id\":\"https:\\\/\\\/renatodias.online\\\/movimento\\\/#\\\/schema\\\/person\\\/bbab28833b1725a20f4083f49f1fb2a9\"},\"headline\":\"Que Pa\u00eds \u00e9 Este? Reentr\u00e9 de Dado Villa Lobos &#038; Marcelo Bonf\u00e1 no palco do Flamboyant In Concert\",\"datePublished\":\"2019-04-04T00:08:22+00:00\",\"mainEntityOfPage\":{\"@id\":\"https:\\\/\\\/renatodias.online\\\/movimento\\\/2019\\\/04\\\/03\\\/que-pais-e-este-reentre-de-dado-villa-lobos-marcelo-bonfa-no-palco-do-flamboyant-in-concert\\\/\"},\"wordCount\":262,\"commentCount\":0,\"publisher\":{\"@id\":\"https:\\\/\\\/renatodias.online\\\/movimento\\\/#\\\/schema\\\/person\\\/bbab28833b1725a20f4083f49f1fb2a9\"},\"image\":{\"@id\":\"https:\\\/\\\/renatodias.online\\\/movimento\\\/2019\\\/04\\\/03\\\/que-pais-e-este-reentre-de-dado-villa-lobos-marcelo-bonfa-no-palco-do-flamboyant-in-concert\\\/#primaryimage\"},\"thumbnailUrl\":\"\",\"articleSection\":[\"Arte\",\"Cidade\",\"Cultura\"],\"inLanguage\":\"pt-BR\",\"potentialAction\":[{\"@type\":\"CommentAction\",\"name\":\"Comment\",\"target\":[\"https:\\\/\\\/renatodias.online\\\/movimento\\\/2019\\\/04\\\/03\\\/que-pais-e-este-reentre-de-dado-villa-lobos-marcelo-bonfa-no-palco-do-flamboyant-in-concert\\\/#respond\"]}]},{\"@type\":\"WebPage\",\"@id\":\"https:\\\/\\\/renatodias.online\\\/movimento\\\/2019\\\/04\\\/03\\\/que-pais-e-este-reentre-de-dado-villa-lobos-marcelo-bonfa-no-palco-do-flamboyant-in-concert\\\/\",\"url\":\"https:\\\/\\\/renatodias.online\\\/movimento\\\/2019\\\/04\\\/03\\\/que-pais-e-este-reentre-de-dado-villa-lobos-marcelo-bonfa-no-palco-do-flamboyant-in-concert\\\/\",\"name\":\"Que Pa\u00eds \u00e9 Este? Reentr\u00e9 de Dado Villa Lobos & Marcelo Bonf\u00e1 no palco do Flamboyant In Concert -\",\"isPartOf\":{\"@id\":\"https:\\\/\\\/renatodias.online\\\/movimento\\\/#website\"},\"primaryImageOfPage\":{\"@id\":\"https:\\\/\\\/renatodias.online\\\/movimento\\\/2019\\\/04\\\/03\\\/que-pais-e-este-reentre-de-dado-villa-lobos-marcelo-bonfa-no-palco-do-flamboyant-in-concert\\\/#primaryimage\"},\"image\":{\"@id\":\"https:\\\/\\\/renatodias.online\\\/movimento\\\/2019\\\/04\\\/03\\\/que-pais-e-este-reentre-de-dado-villa-lobos-marcelo-bonfa-no-palco-do-flamboyant-in-concert\\\/#primaryimage\"},\"thumbnailUrl\":\"\",\"datePublished\":\"2019-04-04T00:08:22+00:00\",\"breadcrumb\":{\"@id\":\"https:\\\/\\\/renatodias.online\\\/movimento\\\/2019\\\/04\\\/03\\\/que-pais-e-este-reentre-de-dado-villa-lobos-marcelo-bonfa-no-palco-do-flamboyant-in-concert\\\/#breadcrumb\"},\"inLanguage\":\"pt-BR\",\"potentialAction\":[{\"@type\":\"ReadAction\",\"target\":[\"https:\\\/\\\/renatodias.online\\\/movimento\\\/2019\\\/04\\\/03\\\/que-pais-e-este-reentre-de-dado-villa-lobos-marcelo-bonfa-no-palco-do-flamboyant-in-concert\\\/\"]}]},{\"@type\":\"ImageObject\",\"inLanguage\":\"pt-BR\",\"@id\":\"https:\\\/\\\/renatodias.online\\\/movimento\\\/2019\\\/04\\\/03\\\/que-pais-e-este-reentre-de-dado-villa-lobos-marcelo-bonfa-no-palco-do-flamboyant-in-concert\\\/#primaryimage\",\"url\":\"\",\"contentUrl\":\"\"},{\"@type\":\"BreadcrumbList\",\"@id\":\"https:\\\/\\\/renatodias.online\\\/movimento\\\/2019\\\/04\\\/03\\\/que-pais-e-este-reentre-de-dado-villa-lobos-marcelo-bonfa-no-palco-do-flamboyant-in-concert\\\/#breadcrumb\",\"itemListElement\":[{\"@type\":\"ListItem\",\"position\":1,\"name\":\"In\u00edcio\",\"item\":\"https:\\\/\\\/renatodias.online\\\/movimento\\\/\"},{\"@type\":\"ListItem\",\"position\":2,\"name\":\"Que Pa\u00eds \u00e9 Este? Reentr\u00e9 de Dado Villa Lobos &#038; Marcelo Bonf\u00e1 no palco do Flamboyant In Concert\"}]},{\"@type\":\"WebSite\",\"@id\":\"https:\\\/\\\/renatodias.online\\\/movimento\\\/#website\",\"url\":\"https:\\\/\\\/renatodias.online\\\/movimento\\\/\",\"name\":\"\",\"description\":\"\",\"publisher\":{\"@id\":\"https:\\\/\\\/renatodias.online\\\/movimento\\\/#\\\/schema\\\/person\\\/bbab28833b1725a20f4083f49f1fb2a9\"},\"potentialAction\":[{\"@type\":\"SearchAction\",\"target\":{\"@type\":\"EntryPoint\",\"urlTemplate\":\"https:\\\/\\\/renatodias.online\\\/movimento\\\/?s={search_term_string}\"},\"query-input\":{\"@type\":\"PropertyValueSpecification\",\"valueRequired\":true,\"valueName\":\"search_term_string\"}}],\"inLanguage\":\"pt-BR\"},{\"@type\":[\"Person\",\"Organization\"],\"@id\":\"https:\\\/\\\/renatodias.online\\\/movimento\\\/#\\\/schema\\\/person\\\/bbab28833b1725a20f4083f49f1fb2a9\",\"name\":\"Renato Dias\",\"image\":{\"@type\":\"ImageObject\",\"inLanguage\":\"pt-BR\",\"@id\":\"https:\\\/\\\/renatodias.online\\\/movimento\\\/wp-content\\\/uploads\\\/2023\\\/03\\\/cropped-cropped-cropped-logofinal.jpeg\",\"url\":\"https:\\\/\\\/renatodias.online\\\/movimento\\\/wp-content\\\/uploads\\\/2023\\\/03\\\/cropped-cropped-cropped-logofinal.jpeg\",\"contentUrl\":\"https:\\\/\\\/renatodias.online\\\/movimento\\\/wp-content\\\/uploads\\\/2023\\\/03\\\/cropped-cropped-cropped-logofinal.jpeg\",\"width\":1280,\"height\":219,\"caption\":\"Renato Dias\"},\"logo\":{\"@id\":\"https:\\\/\\\/renatodias.online\\\/movimento\\\/wp-content\\\/uploads\\\/2023\\\/03\\\/cropped-cropped-cropped-logofinal.jpeg\"},\"description\":\"Renato Dias, 58 anos, \u00e9 graduado em Jornalismo, formado em Ci\u00eancias Sociais, com p\u00f3s-gradua\u00e7\u00e3o em Pol\u00edticas P\u00fablicas, mestre em Direito e Rela\u00e7\u00f5es Internacionais, ex-aluno extraordin\u00e1rio do Doutorado em Psicologia Social, ex-estudante do Curso de Psican\u00e1lise do Centro de Estudos Psicanal\u00edticos do Estado de Goi\u00e1s, ministrado pelo m\u00e9dico psiquiatra e psicanalista Daniel Em\u00eddio de Souza. \u00c9 autor de 30 livros-reportagem, oito document\u00e1rios, ganhou 30 pr\u00eamios e \u00e9 torcedor apaixonado do maior do Centro-Oeste, o Vila Nova Futebol Clube. Casado com Meirilane Dias, \u00e9 pai de Juliana Dias, jornalista; Daniel Dias, economista; e Maria Rosa Dias, estudante antifascista, socialista e trotskista.\u00a0Com tr\u00eas pets: Porquinho [Bull Dog Franc\u00eas], Dalila [Basset Hound] e Geleia [Basset Hound]. Al\u00e9m do eterno gato Tutuquinho, que virou estrela.\",\"sameAs\":[\"https:\\\/\\\/www.facebook.com\\\/renato.dias.37\",\"#breve\",\"https:\\\/\\\/renatodias.tumblr.com\\\/\"],\"url\":\"https:\\\/\\\/renatodias.online\\\/movimento\\\/author\\\/renatodias\\\/\"}]}<\/script>\n<!-- \/ Yoast SEO plugin. -->","yoast_head_json":{"title":"Que Pa\u00eds \u00e9 Este? Reentr\u00e9 de Dado Villa Lobos & Marcelo Bonf\u00e1 no palco do Flamboyant In Concert -","robots":{"index":"index","follow":"follow","max-snippet":"max-snippet:-1","max-image-preview":"max-image-preview:large","max-video-preview":"max-video-preview:-1"},"canonical":"https:\/\/renatodias.online\/movimento\/2019\/04\/03\/que-pais-e-este-reentre-de-dado-villa-lobos-marcelo-bonfa-no-palco-do-flamboyant-in-concert\/","og_locale":"pt_BR","og_type":"article","og_title":"Que Pa\u00eds \u00e9 Este? Reentr\u00e9 de Dado Villa Lobos & Marcelo Bonf\u00e1 no palco do Flamboyant In Concert -","og_description":"Especial Anos 1980 Que Pa\u00eds \u00e9 Este? Reentr\u00e9 de Dado Villa Lobos &amp; Marcelo Bonf\u00e1 no palco do Flamboyant In Concert Renato Dias Da Editoria do DM Revista Trinta anos depois. Do lan\u00e7amento do Disco \u2018Que Pa\u00eds \u00e9 Este? \u2019 Um cl\u00e1ssico da Legi\u00e3o Urbana. Banda de rock nacional. Da d\u00e9cada de 1980. Sob os","og_url":"https:\/\/renatodias.online\/movimento\/2019\/04\/03\/que-pais-e-este-reentre-de-dado-villa-lobos-marcelo-bonfa-no-palco-do-flamboyant-in-concert\/","article_publisher":"https:\/\/www.facebook.com\/renato.dias.37","article_author":"https:\/\/www.facebook.com\/renato.dias.37","article_published_time":"2019-04-04T00:08:22+00:00","author":"Renato Dias","twitter_card":"summary_large_image","twitter_creator":"@RenatoDiasBat","twitter_site":"@RenatoDiasBat","twitter_misc":{"Escrito por":"Renato Dias","Est. tempo de leitura":"1 minuto"},"schema":{"@context":"https:\/\/schema.org","@graph":[{"@type":"Article","@id":"https:\/\/renatodias.online\/movimento\/2019\/04\/03\/que-pais-e-este-reentre-de-dado-villa-lobos-marcelo-bonfa-no-palco-do-flamboyant-in-concert\/#article","isPartOf":{"@id":"https:\/\/renatodias.online\/movimento\/2019\/04\/03\/que-pais-e-este-reentre-de-dado-villa-lobos-marcelo-bonfa-no-palco-do-flamboyant-in-concert\/"},"author":{"name":"Renato Dias","@id":"https:\/\/renatodias.online\/movimento\/#\/schema\/person\/bbab28833b1725a20f4083f49f1fb2a9"},"headline":"Que Pa\u00eds \u00e9 Este? Reentr\u00e9 de Dado Villa Lobos &#038; Marcelo Bonf\u00e1 no palco do Flamboyant In Concert","datePublished":"2019-04-04T00:08:22+00:00","mainEntityOfPage":{"@id":"https:\/\/renatodias.online\/movimento\/2019\/04\/03\/que-pais-e-este-reentre-de-dado-villa-lobos-marcelo-bonfa-no-palco-do-flamboyant-in-concert\/"},"wordCount":262,"commentCount":0,"publisher":{"@id":"https:\/\/renatodias.online\/movimento\/#\/schema\/person\/bbab28833b1725a20f4083f49f1fb2a9"},"image":{"@id":"https:\/\/renatodias.online\/movimento\/2019\/04\/03\/que-pais-e-este-reentre-de-dado-villa-lobos-marcelo-bonfa-no-palco-do-flamboyant-in-concert\/#primaryimage"},"thumbnailUrl":"","articleSection":["Arte","Cidade","Cultura"],"inLanguage":"pt-BR","potentialAction":[{"@type":"CommentAction","name":"Comment","target":["https:\/\/renatodias.online\/movimento\/2019\/04\/03\/que-pais-e-este-reentre-de-dado-villa-lobos-marcelo-bonfa-no-palco-do-flamboyant-in-concert\/#respond"]}]},{"@type":"WebPage","@id":"https:\/\/renatodias.online\/movimento\/2019\/04\/03\/que-pais-e-este-reentre-de-dado-villa-lobos-marcelo-bonfa-no-palco-do-flamboyant-in-concert\/","url":"https:\/\/renatodias.online\/movimento\/2019\/04\/03\/que-pais-e-este-reentre-de-dado-villa-lobos-marcelo-bonfa-no-palco-do-flamboyant-in-concert\/","name":"Que Pa\u00eds \u00e9 Este? Reentr\u00e9 de Dado Villa Lobos & Marcelo Bonf\u00e1 no palco do Flamboyant In Concert -","isPartOf":{"@id":"https:\/\/renatodias.online\/movimento\/#website"},"primaryImageOfPage":{"@id":"https:\/\/renatodias.online\/movimento\/2019\/04\/03\/que-pais-e-este-reentre-de-dado-villa-lobos-marcelo-bonfa-no-palco-do-flamboyant-in-concert\/#primaryimage"},"image":{"@id":"https:\/\/renatodias.online\/movimento\/2019\/04\/03\/que-pais-e-este-reentre-de-dado-villa-lobos-marcelo-bonfa-no-palco-do-flamboyant-in-concert\/#primaryimage"},"thumbnailUrl":"","datePublished":"2019-04-04T00:08:22+00:00","breadcrumb":{"@id":"https:\/\/renatodias.online\/movimento\/2019\/04\/03\/que-pais-e-este-reentre-de-dado-villa-lobos-marcelo-bonfa-no-palco-do-flamboyant-in-concert\/#breadcrumb"},"inLanguage":"pt-BR","potentialAction":[{"@type":"ReadAction","target":["https:\/\/renatodias.online\/movimento\/2019\/04\/03\/que-pais-e-este-reentre-de-dado-villa-lobos-marcelo-bonfa-no-palco-do-flamboyant-in-concert\/"]}]},{"@type":"ImageObject","inLanguage":"pt-BR","@id":"https:\/\/renatodias.online\/movimento\/2019\/04\/03\/que-pais-e-este-reentre-de-dado-villa-lobos-marcelo-bonfa-no-palco-do-flamboyant-in-concert\/#primaryimage","url":"","contentUrl":""},{"@type":"BreadcrumbList","@id":"https:\/\/renatodias.online\/movimento\/2019\/04\/03\/que-pais-e-este-reentre-de-dado-villa-lobos-marcelo-bonfa-no-palco-do-flamboyant-in-concert\/#breadcrumb","itemListElement":[{"@type":"ListItem","position":1,"name":"In\u00edcio","item":"https:\/\/renatodias.online\/movimento\/"},{"@type":"ListItem","position":2,"name":"Que Pa\u00eds \u00e9 Este? Reentr\u00e9 de Dado Villa Lobos &#038; Marcelo Bonf\u00e1 no palco do Flamboyant In Concert"}]},{"@type":"WebSite","@id":"https:\/\/renatodias.online\/movimento\/#website","url":"https:\/\/renatodias.online\/movimento\/","name":"","description":"","publisher":{"@id":"https:\/\/renatodias.online\/movimento\/#\/schema\/person\/bbab28833b1725a20f4083f49f1fb2a9"},"potentialAction":[{"@type":"SearchAction","target":{"@type":"EntryPoint","urlTemplate":"https:\/\/renatodias.online\/movimento\/?s={search_term_string}"},"query-input":{"@type":"PropertyValueSpecification","valueRequired":true,"valueName":"search_term_string"}}],"inLanguage":"pt-BR"},{"@type":["Person","Organization"],"@id":"https:\/\/renatodias.online\/movimento\/#\/schema\/person\/bbab28833b1725a20f4083f49f1fb2a9","name":"Renato Dias","image":{"@type":"ImageObject","inLanguage":"pt-BR","@id":"https:\/\/renatodias.online\/movimento\/wp-content\/uploads\/2023\/03\/cropped-cropped-cropped-logofinal.jpeg","url":"https:\/\/renatodias.online\/movimento\/wp-content\/uploads\/2023\/03\/cropped-cropped-cropped-logofinal.jpeg","contentUrl":"https:\/\/renatodias.online\/movimento\/wp-content\/uploads\/2023\/03\/cropped-cropped-cropped-logofinal.jpeg","width":1280,"height":219,"caption":"Renato Dias"},"logo":{"@id":"https:\/\/renatodias.online\/movimento\/wp-content\/uploads\/2023\/03\/cropped-cropped-cropped-logofinal.jpeg"},"description":"Renato Dias, 58 anos, \u00e9 graduado em Jornalismo, formado em Ci\u00eancias Sociais, com p\u00f3s-gradua\u00e7\u00e3o em Pol\u00edticas P\u00fablicas, mestre em Direito e Rela\u00e7\u00f5es Internacionais, ex-aluno extraordin\u00e1rio do Doutorado em Psicologia Social, ex-estudante do Curso de Psican\u00e1lise do Centro de Estudos Psicanal\u00edticos do Estado de Goi\u00e1s, ministrado pelo m\u00e9dico psiquiatra e psicanalista Daniel Em\u00eddio de Souza. \u00c9 autor de 30 livros-reportagem, oito document\u00e1rios, ganhou 30 pr\u00eamios e \u00e9 torcedor apaixonado do maior do Centro-Oeste, o Vila Nova Futebol Clube. Casado com Meirilane Dias, \u00e9 pai de Juliana Dias, jornalista; Daniel Dias, economista; e Maria Rosa Dias, estudante antifascista, socialista e trotskista.\u00a0Com tr\u00eas pets: Porquinho [Bull Dog Franc\u00eas], Dalila [Basset Hound] e Geleia [Basset Hound]. Al\u00e9m do eterno gato Tutuquinho, que virou estrela.","sameAs":["https:\/\/www.facebook.com\/renato.dias.37","#breve","https:\/\/renatodias.tumblr.com\/"],"url":"https:\/\/renatodias.online\/movimento\/author\/renatodias\/"}]}},"_links":{"self":[{"href":"https:\/\/renatodias.online\/movimento\/wp-json\/wp\/v2\/posts\/943","targetHints":{"allow":["GET"]}}],"collection":[{"href":"https:\/\/renatodias.online\/movimento\/wp-json\/wp\/v2\/posts"}],"about":[{"href":"https:\/\/renatodias.online\/movimento\/wp-json\/wp\/v2\/types\/post"}],"author":[{"embeddable":true,"href":"https:\/\/renatodias.online\/movimento\/wp-json\/wp\/v2\/users\/2"}],"replies":[{"embeddable":true,"href":"https:\/\/renatodias.online\/movimento\/wp-json\/wp\/v2\/comments?post=943"}],"version-history":[{"count":0,"href":"https:\/\/renatodias.online\/movimento\/wp-json\/wp\/v2\/posts\/943\/revisions"}],"wp:featuredmedia":[{"embeddable":true,"href":"https:\/\/renatodias.online\/movimento\/wp-json\/"}],"wp:attachment":[{"href":"https:\/\/renatodias.online\/movimento\/wp-json\/wp\/v2\/media?parent=943"}],"wp:term":[{"taxonomy":"category","embeddable":true,"href":"https:\/\/renatodias.online\/movimento\/wp-json\/wp\/v2\/categories?post=943"},{"taxonomy":"post_tag","embeddable":true,"href":"https:\/\/renatodias.online\/movimento\/wp-json\/wp\/v2\/tags?post=943"}],"curies":[{"name":"wp","href":"https:\/\/api.w.org\/{rel}","templated":true}]}}