{"id":937,"date":"2019-04-03T20:54:36","date_gmt":"2019-04-03T23:54:36","guid":{"rendered":"http:\/\/renatodias.online\/gyn\/?p=937"},"modified":"2019-04-03T20:54:36","modified_gmt":"2019-04-03T23:54:36","slug":"encontro-de-bambasxexeu-joao-garoto-esquentam-a-tarde","status":"publish","type":"post","link":"https:\/\/renatodias.online\/movimento\/2019\/04\/03\/encontro-de-bambasxexeu-joao-garoto-esquentam-a-tarde\/","title":{"rendered":"Encontro de Bambas Xex\u00e9u &#038; Jo\u00e3o Garoto esquentam a tarde\u00a0\u00a0\u00a0"},"content":{"rendered":"<p>\t\t\t\t<strong>Encontro de Bambas<\/strong><\/p>\n<p><strong>Xex\u00e9u &amp; Jo\u00e3o Garoto esquentam a tarde&nbsp;&nbsp;&nbsp; <\/strong><\/p>\n<p><strong>No repert\u00f3rio, Cartola, Noel Rosa, Pixinguinha, Nelson Cavaquinho, Lupic\u00ednio Rodrigues<\/strong><\/p>\n<p><strong>Renato Dias<\/strong><\/p>\n<p><strong>Da Editoria do DM Revista<\/strong><\/p>\n<p>Cartola, Noel Rosa, Pixinguinha. Mais: Nelson Cavaquinho, Lupic\u00ednio Rodrigues, Jamel\u00e3o e Assis Valente. Um repert\u00f3rio ecl\u00e9tico. Dan\u00e7ante. Do \u2018balacobaco\u2019. \u00c9 o celebrado show \u2018Encontro de Bambas\u2019. Com Xex\u00e9u &amp; Jo\u00e3o Garoto. O novo espet\u00e1culo est\u00e1 programado para s\u00e1bado de calor. O dia seis de abril. De 2019. O point gastron\u00f4mico e cultural? O Quintal do Jaj\u00e1. \u00c0s 13h.<\/p>\n<p><strong>&#8211; O espa\u00e7o funciona \u00e0 Rua 15, n\u00famero 538, centro de Goi\u00e2nia, capital do Estado.<\/strong><\/p>\n<p><strong>Cl\u00e1ssicos do samba<\/strong><\/p>\n<figure id=\"attachment_939\" aria-describedby=\"caption-attachment-939\" style=\"width: 300px\" class=\"wp-caption alignleft\"><img loading=\"lazy\" decoding=\"async\" src=\"http:\/\/renatodias.online\/gyn\/wp-content\/uploads\/2019\/04\/joaogarotoxexeu-300x225.jpeg\" alt=\"\" width=\"300\" height=\"225\" class=\"size-medium wp-image-939\"><figcaption id=\"caption-attachment-939\" class=\"wp-caption-text\">Xex\u00e9u e Jo\u00e3o Garoto<\/figcaption><\/figure>\n<p>Xex\u00e9u &amp; Jo\u00e3o Garoto, os Bambas do cerrado, das Terras Goyazes, cultuados no Pa\u00eds de dimen\u00ads\u00f5es continentais, ser\u00e3o acompanhados da troupe de m\u00fasicos. Integram a seleta lista de artis\u00adtas consa\u00adgrados no mercado e no circuito underground, os percussionistas Luizinho Fronhas e Max\u00adcilene. Al\u00e9m da participa\u00e7\u00e3o mais do que especial de Andr\u00e9 da Velha: Trombone de Vara.<\/p>\n<p><strong>&#8211; Trata-se de um verdadeiro passeio musical pelos cl\u00e1ssicos do samba.<\/strong><\/p>\n<p><strong>Servi\u00e7o<\/strong><\/p>\n<p><strong>Show:<\/strong> \u2018Encontro de Bambas\u2019<\/p>\n<p><strong>Atra\u00e7\u00e3o:<\/strong> Xex\u00e9u e Jo\u00e3o Garoto<\/p>\n<p><strong>Data:<\/strong> Neste s\u00e1bado \u2013 6 de abril de 2019<\/p>\n<p><strong>Hor\u00e1rio:<\/strong> 13 h<\/p>\n<p><strong>Local:<\/strong> Quintal do Jaj\u00e1<\/p>\n<p><strong>Endere\u00e7o:<\/strong> Rua 15, 538, Centro, de Goi\u00e2nia, Goi\u00e1s<\/p>\n<p><strong>Valor:<\/strong> 38,00&nbsp; [Couvert Art\u00edstico e Feijoada Completa \u00e0 vontade]<\/p>\n<p><strong>Informa\u00e7\u00f5es:<\/strong> 9-8169-7100\t\t<\/p>\n","protected":false},"excerpt":{"rendered":"<p>\t\t\t\tEncontro de BambasXex\u00e9u &#038; Jo\u00e3o Garoto esquentam a tarde\u00a0\u00a0\u00a0 No repert\u00f3rio, Cartola, Noel Rosa, Pixinguinha, Nelson Cavaquinho, Lupic\u00ednio Rodrigues\t\t<\/p>\n","protected":false},"author":2,"featured_media":939,"comment_status":"open","ping_status":"open","sticky":false,"template":"","format":"standard","meta":{"_acf_changed":false,"_monsterinsights_skip_tracking":false,"_monsterinsights_sitenote_active":false,"_monsterinsights_sitenote_note":"","_monsterinsights_sitenote_category":0,"footnotes":""},"categories":[2,26,9,28],"tags":[],"class_list":["post-937","post","type-post","status-publish","format-standard","has-post-thumbnail","hentry","category-arte","category-bares","category-cidade","category-cultura"],"acf":[],"yoast_head":"<!-- This site is optimized with the Yoast SEO plugin v27.4 - https:\/\/yoast.com\/product\/yoast-seo-wordpress\/ -->\n<title>Encontro de Bambas Xex\u00e9u &amp; Jo\u00e3o Garoto esquentam a tarde\u00a0\u00a0\u00a0 -<\/title>\n<meta name=\"robots\" content=\"index, follow, max-snippet:-1, max-image-preview:large, max-video-preview:-1\" \/>\n<link rel=\"canonical\" href=\"https:\/\/renatodias.online\/movimento\/2019\/04\/03\/encontro-de-bambasxexeu-joao-garoto-esquentam-a-tarde\/\" \/>\n<meta property=\"og:locale\" content=\"pt_BR\" \/>\n<meta property=\"og:type\" content=\"article\" \/>\n<meta property=\"og:title\" content=\"Encontro de Bambas Xex\u00e9u &amp; Jo\u00e3o Garoto esquentam a tarde\u00a0\u00a0\u00a0 -\" \/>\n<meta property=\"og:description\" content=\"Encontro de BambasXex\u00e9u &amp; Jo\u00e3o Garoto esquentam a tarde\u00a0\u00a0\u00a0 No repert\u00f3rio, Cartola, Noel Rosa, Pixinguinha, Nelson Cavaquinho, Lupic\u00ednio Rodrigues\" \/>\n<meta property=\"og:url\" content=\"https:\/\/renatodias.online\/movimento\/2019\/04\/03\/encontro-de-bambasxexeu-joao-garoto-esquentam-a-tarde\/\" \/>\n<meta property=\"article:publisher\" content=\"https:\/\/www.facebook.com\/renato.dias.37\" \/>\n<meta property=\"article:author\" content=\"https:\/\/www.facebook.com\/renato.dias.37\" \/>\n<meta property=\"article:published_time\" content=\"2019-04-03T23:54:36+00:00\" \/>\n<meta name=\"author\" content=\"Renato Dias\" \/>\n<meta name=\"twitter:card\" content=\"summary_large_image\" \/>\n<meta name=\"twitter:creator\" content=\"@RenatoDiasBat\" \/>\n<meta name=\"twitter:site\" content=\"@RenatoDiasBat\" \/>\n<meta name=\"twitter:label1\" content=\"Escrito por\" \/>\n\t<meta name=\"twitter:data1\" content=\"Renato Dias\" \/>\n\t<meta name=\"twitter:label2\" content=\"Est. tempo de leitura\" \/>\n\t<meta name=\"twitter:data2\" content=\"1 minuto\" \/>\n<script type=\"application\/ld+json\" class=\"yoast-schema-graph\">{\"@context\":\"https:\\\/\\\/schema.org\",\"@graph\":[{\"@type\":\"Article\",\"@id\":\"https:\\\/\\\/renatodias.online\\\/movimento\\\/2019\\\/04\\\/03\\\/encontro-de-bambasxexeu-joao-garoto-esquentam-a-tarde\\\/#article\",\"isPartOf\":{\"@id\":\"https:\\\/\\\/renatodias.online\\\/movimento\\\/2019\\\/04\\\/03\\\/encontro-de-bambasxexeu-joao-garoto-esquentam-a-tarde\\\/\"},\"author\":{\"name\":\"Renato Dias\",\"@id\":\"https:\\\/\\\/renatodias.online\\\/movimento\\\/#\\\/schema\\\/person\\\/bbab28833b1725a20f4083f49f1fb2a9\"},\"headline\":\"Encontro de Bambas Xex\u00e9u &#038; Jo\u00e3o Garoto esquentam a tarde\u00a0\u00a0\u00a0\",\"datePublished\":\"2019-04-03T23:54:36+00:00\",\"mainEntityOfPage\":{\"@id\":\"https:\\\/\\\/renatodias.online\\\/movimento\\\/2019\\\/04\\\/03\\\/encontro-de-bambasxexeu-joao-garoto-esquentam-a-tarde\\\/\"},\"wordCount\":273,\"commentCount\":0,\"publisher\":{\"@id\":\"https:\\\/\\\/renatodias.online\\\/movimento\\\/#\\\/schema\\\/person\\\/bbab28833b1725a20f4083f49f1fb2a9\"},\"image\":{\"@id\":\"https:\\\/\\\/renatodias.online\\\/movimento\\\/2019\\\/04\\\/03\\\/encontro-de-bambasxexeu-joao-garoto-esquentam-a-tarde\\\/#primaryimage\"},\"thumbnailUrl\":\"\",\"articleSection\":[\"Arte\",\"Bares\",\"Cidade\",\"Cultura\"],\"inLanguage\":\"pt-BR\",\"potentialAction\":[{\"@type\":\"CommentAction\",\"name\":\"Comment\",\"target\":[\"https:\\\/\\\/renatodias.online\\\/movimento\\\/2019\\\/04\\\/03\\\/encontro-de-bambasxexeu-joao-garoto-esquentam-a-tarde\\\/#respond\"]}]},{\"@type\":\"WebPage\",\"@id\":\"https:\\\/\\\/renatodias.online\\\/movimento\\\/2019\\\/04\\\/03\\\/encontro-de-bambasxexeu-joao-garoto-esquentam-a-tarde\\\/\",\"url\":\"https:\\\/\\\/renatodias.online\\\/movimento\\\/2019\\\/04\\\/03\\\/encontro-de-bambasxexeu-joao-garoto-esquentam-a-tarde\\\/\",\"name\":\"Encontro de Bambas Xex\u00e9u & Jo\u00e3o Garoto esquentam a tarde\u00a0\u00a0\u00a0 -\",\"isPartOf\":{\"@id\":\"https:\\\/\\\/renatodias.online\\\/movimento\\\/#website\"},\"primaryImageOfPage\":{\"@id\":\"https:\\\/\\\/renatodias.online\\\/movimento\\\/2019\\\/04\\\/03\\\/encontro-de-bambasxexeu-joao-garoto-esquentam-a-tarde\\\/#primaryimage\"},\"image\":{\"@id\":\"https:\\\/\\\/renatodias.online\\\/movimento\\\/2019\\\/04\\\/03\\\/encontro-de-bambasxexeu-joao-garoto-esquentam-a-tarde\\\/#primaryimage\"},\"thumbnailUrl\":\"\",\"datePublished\":\"2019-04-03T23:54:36+00:00\",\"breadcrumb\":{\"@id\":\"https:\\\/\\\/renatodias.online\\\/movimento\\\/2019\\\/04\\\/03\\\/encontro-de-bambasxexeu-joao-garoto-esquentam-a-tarde\\\/#breadcrumb\"},\"inLanguage\":\"pt-BR\",\"potentialAction\":[{\"@type\":\"ReadAction\",\"target\":[\"https:\\\/\\\/renatodias.online\\\/movimento\\\/2019\\\/04\\\/03\\\/encontro-de-bambasxexeu-joao-garoto-esquentam-a-tarde\\\/\"]}]},{\"@type\":\"ImageObject\",\"inLanguage\":\"pt-BR\",\"@id\":\"https:\\\/\\\/renatodias.online\\\/movimento\\\/2019\\\/04\\\/03\\\/encontro-de-bambasxexeu-joao-garoto-esquentam-a-tarde\\\/#primaryimage\",\"url\":\"\",\"contentUrl\":\"\"},{\"@type\":\"BreadcrumbList\",\"@id\":\"https:\\\/\\\/renatodias.online\\\/movimento\\\/2019\\\/04\\\/03\\\/encontro-de-bambasxexeu-joao-garoto-esquentam-a-tarde\\\/#breadcrumb\",\"itemListElement\":[{\"@type\":\"ListItem\",\"position\":1,\"name\":\"In\u00edcio\",\"item\":\"https:\\\/\\\/renatodias.online\\\/movimento\\\/\"},{\"@type\":\"ListItem\",\"position\":2,\"name\":\"Encontro de Bambas Xex\u00e9u &#038; Jo\u00e3o Garoto esquentam a tarde\u00a0\u00a0\u00a0\"}]},{\"@type\":\"WebSite\",\"@id\":\"https:\\\/\\\/renatodias.online\\\/movimento\\\/#website\",\"url\":\"https:\\\/\\\/renatodias.online\\\/movimento\\\/\",\"name\":\"\",\"description\":\"\",\"publisher\":{\"@id\":\"https:\\\/\\\/renatodias.online\\\/movimento\\\/#\\\/schema\\\/person\\\/bbab28833b1725a20f4083f49f1fb2a9\"},\"potentialAction\":[{\"@type\":\"SearchAction\",\"target\":{\"@type\":\"EntryPoint\",\"urlTemplate\":\"https:\\\/\\\/renatodias.online\\\/movimento\\\/?s={search_term_string}\"},\"query-input\":{\"@type\":\"PropertyValueSpecification\",\"valueRequired\":true,\"valueName\":\"search_term_string\"}}],\"inLanguage\":\"pt-BR\"},{\"@type\":[\"Person\",\"Organization\"],\"@id\":\"https:\\\/\\\/renatodias.online\\\/movimento\\\/#\\\/schema\\\/person\\\/bbab28833b1725a20f4083f49f1fb2a9\",\"name\":\"Renato Dias\",\"image\":{\"@type\":\"ImageObject\",\"inLanguage\":\"pt-BR\",\"@id\":\"https:\\\/\\\/renatodias.online\\\/movimento\\\/wp-content\\\/uploads\\\/2023\\\/03\\\/cropped-cropped-cropped-logofinal.jpeg\",\"url\":\"https:\\\/\\\/renatodias.online\\\/movimento\\\/wp-content\\\/uploads\\\/2023\\\/03\\\/cropped-cropped-cropped-logofinal.jpeg\",\"contentUrl\":\"https:\\\/\\\/renatodias.online\\\/movimento\\\/wp-content\\\/uploads\\\/2023\\\/03\\\/cropped-cropped-cropped-logofinal.jpeg\",\"width\":1280,\"height\":219,\"caption\":\"Renato Dias\"},\"logo\":{\"@id\":\"https:\\\/\\\/renatodias.online\\\/movimento\\\/wp-content\\\/uploads\\\/2023\\\/03\\\/cropped-cropped-cropped-logofinal.jpeg\"},\"description\":\"Renato Dias, 58 anos, \u00e9 graduado em Jornalismo, formado em Ci\u00eancias Sociais, com p\u00f3s-gradua\u00e7\u00e3o em Pol\u00edticas P\u00fablicas, mestre em Direito e Rela\u00e7\u00f5es Internacionais, ex-aluno extraordin\u00e1rio do Doutorado em Psicologia Social, ex-estudante do Curso de Psican\u00e1lise do Centro de Estudos Psicanal\u00edticos do Estado de Goi\u00e1s, ministrado pelo m\u00e9dico psiquiatra e psicanalista Daniel Em\u00eddio de Souza. \u00c9 autor de 30 livros-reportagem, oito document\u00e1rios, ganhou 30 pr\u00eamios e \u00e9 torcedor apaixonado do maior do Centro-Oeste, o Vila Nova Futebol Clube. Casado com Meirilane Dias, \u00e9 pai de Juliana Dias, jornalista; Daniel Dias, economista; e Maria Rosa Dias, estudante antifascista, socialista e trotskista.\u00a0Com tr\u00eas pets: Porquinho [Bull Dog Franc\u00eas], Dalila [Basset Hound] e Geleia [Basset Hound]. Al\u00e9m do eterno gato Tutuquinho, que virou estrela.\",\"sameAs\":[\"https:\\\/\\\/www.facebook.com\\\/renato.dias.37\",\"#breve\",\"https:\\\/\\\/renatodias.tumblr.com\\\/\"],\"url\":\"https:\\\/\\\/renatodias.online\\\/movimento\\\/author\\\/renatodias\\\/\"}]}<\/script>\n<!-- \/ Yoast SEO plugin. -->","yoast_head_json":{"title":"Encontro de Bambas Xex\u00e9u & Jo\u00e3o Garoto esquentam a tarde\u00a0\u00a0\u00a0 -","robots":{"index":"index","follow":"follow","max-snippet":"max-snippet:-1","max-image-preview":"max-image-preview:large","max-video-preview":"max-video-preview:-1"},"canonical":"https:\/\/renatodias.online\/movimento\/2019\/04\/03\/encontro-de-bambasxexeu-joao-garoto-esquentam-a-tarde\/","og_locale":"pt_BR","og_type":"article","og_title":"Encontro de Bambas Xex\u00e9u & Jo\u00e3o Garoto esquentam a tarde\u00a0\u00a0\u00a0 -","og_description":"Encontro de BambasXex\u00e9u & Jo\u00e3o Garoto esquentam a tarde\u00a0\u00a0\u00a0 No repert\u00f3rio, Cartola, Noel Rosa, Pixinguinha, Nelson Cavaquinho, Lupic\u00ednio Rodrigues","og_url":"https:\/\/renatodias.online\/movimento\/2019\/04\/03\/encontro-de-bambasxexeu-joao-garoto-esquentam-a-tarde\/","article_publisher":"https:\/\/www.facebook.com\/renato.dias.37","article_author":"https:\/\/www.facebook.com\/renato.dias.37","article_published_time":"2019-04-03T23:54:36+00:00","author":"Renato Dias","twitter_card":"summary_large_image","twitter_creator":"@RenatoDiasBat","twitter_site":"@RenatoDiasBat","twitter_misc":{"Escrito por":"Renato Dias","Est. tempo de leitura":"1 minuto"},"schema":{"@context":"https:\/\/schema.org","@graph":[{"@type":"Article","@id":"https:\/\/renatodias.online\/movimento\/2019\/04\/03\/encontro-de-bambasxexeu-joao-garoto-esquentam-a-tarde\/#article","isPartOf":{"@id":"https:\/\/renatodias.online\/movimento\/2019\/04\/03\/encontro-de-bambasxexeu-joao-garoto-esquentam-a-tarde\/"},"author":{"name":"Renato Dias","@id":"https:\/\/renatodias.online\/movimento\/#\/schema\/person\/bbab28833b1725a20f4083f49f1fb2a9"},"headline":"Encontro de Bambas Xex\u00e9u &#038; Jo\u00e3o Garoto esquentam a tarde\u00a0\u00a0\u00a0","datePublished":"2019-04-03T23:54:36+00:00","mainEntityOfPage":{"@id":"https:\/\/renatodias.online\/movimento\/2019\/04\/03\/encontro-de-bambasxexeu-joao-garoto-esquentam-a-tarde\/"},"wordCount":273,"commentCount":0,"publisher":{"@id":"https:\/\/renatodias.online\/movimento\/#\/schema\/person\/bbab28833b1725a20f4083f49f1fb2a9"},"image":{"@id":"https:\/\/renatodias.online\/movimento\/2019\/04\/03\/encontro-de-bambasxexeu-joao-garoto-esquentam-a-tarde\/#primaryimage"},"thumbnailUrl":"","articleSection":["Arte","Bares","Cidade","Cultura"],"inLanguage":"pt-BR","potentialAction":[{"@type":"CommentAction","name":"Comment","target":["https:\/\/renatodias.online\/movimento\/2019\/04\/03\/encontro-de-bambasxexeu-joao-garoto-esquentam-a-tarde\/#respond"]}]},{"@type":"WebPage","@id":"https:\/\/renatodias.online\/movimento\/2019\/04\/03\/encontro-de-bambasxexeu-joao-garoto-esquentam-a-tarde\/","url":"https:\/\/renatodias.online\/movimento\/2019\/04\/03\/encontro-de-bambasxexeu-joao-garoto-esquentam-a-tarde\/","name":"Encontro de Bambas Xex\u00e9u & Jo\u00e3o Garoto esquentam a tarde\u00a0\u00a0\u00a0 -","isPartOf":{"@id":"https:\/\/renatodias.online\/movimento\/#website"},"primaryImageOfPage":{"@id":"https:\/\/renatodias.online\/movimento\/2019\/04\/03\/encontro-de-bambasxexeu-joao-garoto-esquentam-a-tarde\/#primaryimage"},"image":{"@id":"https:\/\/renatodias.online\/movimento\/2019\/04\/03\/encontro-de-bambasxexeu-joao-garoto-esquentam-a-tarde\/#primaryimage"},"thumbnailUrl":"","datePublished":"2019-04-03T23:54:36+00:00","breadcrumb":{"@id":"https:\/\/renatodias.online\/movimento\/2019\/04\/03\/encontro-de-bambasxexeu-joao-garoto-esquentam-a-tarde\/#breadcrumb"},"inLanguage":"pt-BR","potentialAction":[{"@type":"ReadAction","target":["https:\/\/renatodias.online\/movimento\/2019\/04\/03\/encontro-de-bambasxexeu-joao-garoto-esquentam-a-tarde\/"]}]},{"@type":"ImageObject","inLanguage":"pt-BR","@id":"https:\/\/renatodias.online\/movimento\/2019\/04\/03\/encontro-de-bambasxexeu-joao-garoto-esquentam-a-tarde\/#primaryimage","url":"","contentUrl":""},{"@type":"BreadcrumbList","@id":"https:\/\/renatodias.online\/movimento\/2019\/04\/03\/encontro-de-bambasxexeu-joao-garoto-esquentam-a-tarde\/#breadcrumb","itemListElement":[{"@type":"ListItem","position":1,"name":"In\u00edcio","item":"https:\/\/renatodias.online\/movimento\/"},{"@type":"ListItem","position":2,"name":"Encontro de Bambas Xex\u00e9u &#038; Jo\u00e3o Garoto esquentam a tarde\u00a0\u00a0\u00a0"}]},{"@type":"WebSite","@id":"https:\/\/renatodias.online\/movimento\/#website","url":"https:\/\/renatodias.online\/movimento\/","name":"","description":"","publisher":{"@id":"https:\/\/renatodias.online\/movimento\/#\/schema\/person\/bbab28833b1725a20f4083f49f1fb2a9"},"potentialAction":[{"@type":"SearchAction","target":{"@type":"EntryPoint","urlTemplate":"https:\/\/renatodias.online\/movimento\/?s={search_term_string}"},"query-input":{"@type":"PropertyValueSpecification","valueRequired":true,"valueName":"search_term_string"}}],"inLanguage":"pt-BR"},{"@type":["Person","Organization"],"@id":"https:\/\/renatodias.online\/movimento\/#\/schema\/person\/bbab28833b1725a20f4083f49f1fb2a9","name":"Renato Dias","image":{"@type":"ImageObject","inLanguage":"pt-BR","@id":"https:\/\/renatodias.online\/movimento\/wp-content\/uploads\/2023\/03\/cropped-cropped-cropped-logofinal.jpeg","url":"https:\/\/renatodias.online\/movimento\/wp-content\/uploads\/2023\/03\/cropped-cropped-cropped-logofinal.jpeg","contentUrl":"https:\/\/renatodias.online\/movimento\/wp-content\/uploads\/2023\/03\/cropped-cropped-cropped-logofinal.jpeg","width":1280,"height":219,"caption":"Renato Dias"},"logo":{"@id":"https:\/\/renatodias.online\/movimento\/wp-content\/uploads\/2023\/03\/cropped-cropped-cropped-logofinal.jpeg"},"description":"Renato Dias, 58 anos, \u00e9 graduado em Jornalismo, formado em Ci\u00eancias Sociais, com p\u00f3s-gradua\u00e7\u00e3o em Pol\u00edticas P\u00fablicas, mestre em Direito e Rela\u00e7\u00f5es Internacionais, ex-aluno extraordin\u00e1rio do Doutorado em Psicologia Social, ex-estudante do Curso de Psican\u00e1lise do Centro de Estudos Psicanal\u00edticos do Estado de Goi\u00e1s, ministrado pelo m\u00e9dico psiquiatra e psicanalista Daniel Em\u00eddio de Souza. \u00c9 autor de 30 livros-reportagem, oito document\u00e1rios, ganhou 30 pr\u00eamios e \u00e9 torcedor apaixonado do maior do Centro-Oeste, o Vila Nova Futebol Clube. Casado com Meirilane Dias, \u00e9 pai de Juliana Dias, jornalista; Daniel Dias, economista; e Maria Rosa Dias, estudante antifascista, socialista e trotskista.\u00a0Com tr\u00eas pets: Porquinho [Bull Dog Franc\u00eas], Dalila [Basset Hound] e Geleia [Basset Hound]. Al\u00e9m do eterno gato Tutuquinho, que virou estrela.","sameAs":["https:\/\/www.facebook.com\/renato.dias.37","#breve","https:\/\/renatodias.tumblr.com\/"],"url":"https:\/\/renatodias.online\/movimento\/author\/renatodias\/"}]}},"_links":{"self":[{"href":"https:\/\/renatodias.online\/movimento\/wp-json\/wp\/v2\/posts\/937","targetHints":{"allow":["GET"]}}],"collection":[{"href":"https:\/\/renatodias.online\/movimento\/wp-json\/wp\/v2\/posts"}],"about":[{"href":"https:\/\/renatodias.online\/movimento\/wp-json\/wp\/v2\/types\/post"}],"author":[{"embeddable":true,"href":"https:\/\/renatodias.online\/movimento\/wp-json\/wp\/v2\/users\/2"}],"replies":[{"embeddable":true,"href":"https:\/\/renatodias.online\/movimento\/wp-json\/wp\/v2\/comments?post=937"}],"version-history":[{"count":0,"href":"https:\/\/renatodias.online\/movimento\/wp-json\/wp\/v2\/posts\/937\/revisions"}],"wp:featuredmedia":[{"embeddable":true,"href":"https:\/\/renatodias.online\/movimento\/wp-json\/"}],"wp:attachment":[{"href":"https:\/\/renatodias.online\/movimento\/wp-json\/wp\/v2\/media?parent=937"}],"wp:term":[{"taxonomy":"category","embeddable":true,"href":"https:\/\/renatodias.online\/movimento\/wp-json\/wp\/v2\/categories?post=937"},{"taxonomy":"post_tag","embeddable":true,"href":"https:\/\/renatodias.online\/movimento\/wp-json\/wp\/v2\/tags?post=937"}],"curies":[{"name":"wp","href":"https:\/\/api.w.org\/{rel}","templated":true}]}}