{"id":9290,"date":"2021-10-11T12:20:14","date_gmt":"2021-10-11T15:20:14","guid":{"rendered":"https:\/\/renatodias.online\/movimento\/?p=9290"},"modified":"2021-10-11T12:20:14","modified_gmt":"2021-10-11T15:20:14","slug":"che-54-anos-depois","status":"publish","type":"post","link":"https:\/\/renatodias.online\/movimento\/2021\/10\/11\/che-54-anos-depois\/","title":{"rendered":"Che, 54 anos depois"},"content":{"rendered":"<p><img loading=\"lazy\" decoding=\"async\" class=\"size-full wp-image-8316 aligncenter\" src=\"https:\/\/renatodias.online\/movimento\/wp-content\/uploads\/2021\/08\/Exclusivo-Logomarca.png\" alt=\"\" width=\"225\" height=\"225\" srcset=\"https:\/\/renatodias.online\/movimento\/wp-content\/uploads\/2021\/08\/Exclusivo-Logomarca.png 225w, https:\/\/renatodias.online\/movimento\/wp-content\/uploads\/2021\/08\/Exclusivo-Logomarca-150x150.png 150w\" sizes=\"auto, (max-width: 225px) 100vw, 225px\" \/><\/p>\n<figure id=\"attachment_8967\" aria-describedby=\"caption-attachment-8967\" style=\"width: 1024px\" class=\"wp-caption alignnone\"><img loading=\"lazy\" decoding=\"async\" class=\"size-full wp-image-8967\" src=\"https:\/\/renatodias.online\/movimento\/wp-content\/uploads\/2021\/09\/Explosivo-1.jpg\" alt=\"\" width=\"1024\" height=\"536\" \/><figcaption id=\"caption-attachment-8967\" class=\"wp-caption-text\"><strong>Labaredas das lutas de classes na Am\u00e9rica Latina<\/strong><\/figcaption><\/figure>\n<h1 style=\"text-align: center;\"><span style=\"color: #ff0000;\">Che, 54 anos depois<\/span><\/h1>\n<p><span style=\"color: #008000;\"><strong>9 de outubro de 2021 marca os 54 anos da captura e posterior execu\u00e7\u00e3o, pelo ex\u00e9rcito boliviano a mando direto dos EUA, do guerrilheiro argentino Che Guevara. Reproduzimos artigo publicado em 2002 pelo PT-Paraguai, partido ligado \u00e0 LIT-QI, sobre essa complexa figura hist\u00f3rica que ficou inscrita para sempre no imagin\u00e1rio revolucion\u00e1rio latino-americano<\/strong><\/span><\/p>\n<p><strong> <img loading=\"lazy\" decoding=\"async\" class=\"size-full wp-image-8049 aligncenter\" src=\"https:\/\/renatodias.online\/movimento\/wp-content\/uploads\/2021\/07\/LIT.png\" alt=\"\" width=\"300\" height=\"115\" \/><\/strong><\/p>\n<p>&nbsp;<\/p>\n<p><strong>Ernesto Guevara de la Serna, o Che Guevara<\/strong>, aderiu \u00e0 revolu\u00e7\u00e3o cubana, segundo suas pr\u00f3prias palavras, porque acreditava que aquele era um ideal pelo qual valia a pena morrer em uma praia distante e desconhecida. Ainda antes da revolu\u00e7\u00e3o, se reconhecia como comunista. Sempre esteve na ala esquerda da guerrilha, propondo uma reforma agr\u00e1ria radical e discordando dos dirigentes do Movimento 26 de Julho, que tinham uma vis\u00e3o democr\u00e1tico-burguesa da revolu\u00e7\u00e3o. Tamb\u00e9m foi o que primeiro lutou contra as tend\u00eancias burocr\u00e1ticas no interior do Estado cubano. Exemplar \u00e9 o fato de jamais ter aceitado os cr\u00e9ditos extras dados aos dirigentes da revolu\u00e7\u00e3o e aos que estavam nos altos cargos do governo.<\/p>\n<figure id=\"attachment_9275\" aria-describedby=\"caption-attachment-9275\" style=\"width: 1480px\" class=\"wp-caption alignnone\"><img loading=\"lazy\" decoding=\"async\" class=\"size-full wp-image-9275\" src=\"https:\/\/renatodias.online\/movimento\/wp-content\/uploads\/2021\/10\/Che-Guevara-Link-e1633965216458.jpg\" alt=\"\" width=\"1480\" height=\"984\" \/><figcaption id=\"caption-attachment-9275\" class=\"wp-caption-text\"><strong>Che Guevara<\/strong><\/figcaption><\/figure>\n<p>Seus colaboradores mais pr\u00f3ximos relatam que, no dia em que assumiu o Minist\u00e9rio da Ind\u00fastria de Cuba, teria dito: \u201cAqui ficamos cinco anos e ent\u00e3o faremos outra guerrilha\u201d. O grande projeto do Che sempre foi a revolu\u00e7\u00e3o latino-americana e, em certa medida, a revolu\u00e7\u00e3o mundial. Mas nesta mesma frase, em nossa opini\u00e3o, se encerra a principal contradi\u00e7\u00e3o do Che: seu internacionalismo radical versus uma concep\u00e7\u00e3o de luta pelo poder fundada no m\u00e9todo guerrilheiro como um princ\u00edpio pol\u00edtico e organizativo.<\/p>\n<figure id=\"attachment_6739\" aria-describedby=\"caption-attachment-6739\" style=\"width: 2048px\" class=\"wp-caption alignnone\"><img loading=\"lazy\" decoding=\"async\" class=\"size-full wp-image-6739\" src=\"https:\/\/renatodias.online\/movimento\/wp-content\/uploads\/2021\/05\/Cuba-_-Hojw.jpg\" alt=\"\" width=\"2048\" height=\"1371\" srcset=\"https:\/\/renatodias.online\/movimento\/wp-content\/uploads\/2021\/05\/Cuba-_-Hojw.jpg 2048w, https:\/\/renatodias.online\/movimento\/wp-content\/uploads\/2021\/05\/Cuba-_-Hojw-300x201.jpg 300w, https:\/\/renatodias.online\/movimento\/wp-content\/uploads\/2021\/05\/Cuba-_-Hojw-1530x1024.jpg 1530w, https:\/\/renatodias.online\/movimento\/wp-content\/uploads\/2021\/05\/Cuba-_-Hojw-768x514.jpg 768w, https:\/\/renatodias.online\/movimento\/wp-content\/uploads\/2021\/05\/Cuba-_-Hojw-1536x1028.jpg 1536w, https:\/\/renatodias.online\/movimento\/wp-content\/uploads\/2021\/05\/Cuba-_-Hojw-360x240.jpg 360w, https:\/\/renatodias.online\/movimento\/wp-content\/uploads\/2021\/05\/Cuba-_-Hojw-750x502.jpg 750w\" sizes=\"auto, (max-width: 2048px) 100vw, 2048px\" \/><figcaption id=\"caption-attachment-6739\" class=\"wp-caption-text\"><strong>Cuba _ Hoje<\/strong><\/figcaption><\/figure>\n<p>Para Che, a Revolu\u00e7\u00e3o era antes de tudo uma quest\u00e3o de que os revolucion\u00e1rios desejassem faz\u00ea-la. Mais de uma vez postulou e estimulou que pequenos grupos de vanguarda se armassem e come\u00e7assem j\u00e1 a luta armada. Assim o diz expressamente em seu Guerra de Guerrilhas, \u201cnem sempre h\u00e1 que esperar que se deem todas as condi\u00e7\u00f5es para a revolu\u00e7\u00e3o; o foco insurrecional pode cri\u00e1-las\u201d<em>.<\/em> A necessidade do partido revolucion\u00e1rio, como porta-voz de uma pol\u00edtica para mobilizar e organizar as amplas massas oper\u00e1rias e populares, era por ele desprezada. A a\u00e7\u00e3o e organiza\u00e7\u00e3o revolucion\u00e1rias seriam forjadas pelo exemplo do foco guerrilheiro: a guerrilha seria a \u201cbota de sete l\u00e9guas\u201d que encurtaria o caminho para a revolu\u00e7\u00e3o.<\/p>\n<figure id=\"attachment_6306\" aria-describedby=\"caption-attachment-6306\" style=\"width: 849px\" class=\"wp-caption alignnone\"><img loading=\"lazy\" decoding=\"async\" class=\"size-full wp-image-6306\" src=\"https:\/\/renatodias.online\/movimento\/wp-content\/uploads\/2021\/04\/Fidel-Castro-Cuba.jpg\" alt=\"\" width=\"849\" height=\"1024\" srcset=\"https:\/\/renatodias.online\/movimento\/wp-content\/uploads\/2021\/04\/Fidel-Castro-Cuba.jpg 849w, https:\/\/renatodias.online\/movimento\/wp-content\/uploads\/2021\/04\/Fidel-Castro-Cuba-249x300.jpg 249w, https:\/\/renatodias.online\/movimento\/wp-content\/uploads\/2021\/04\/Fidel-Castro-Cuba-768x926.jpg 768w, https:\/\/renatodias.online\/movimento\/wp-content\/uploads\/2021\/04\/Fidel-Castro-Cuba-750x905.jpg 750w\" sizes=\"auto, (max-width: 849px) 100vw, 849px\" \/><figcaption id=\"caption-attachment-6306\" class=\"wp-caption-text\"><strong>Fidel Castro<\/strong><\/figcaption><\/figure>\n<p>Esta concep\u00e7\u00e3o ser\u00e1 alimentada pelo grande impacto da revolu\u00e7\u00e3o cubana sobre a Am\u00e9rica Latina e pela decep\u00e7\u00e3o com a trai\u00e7\u00e3o e paralisia dos partidos comunistas. Leal \u00e0 sua doutrina, no come\u00e7o de 1965, Che partiu em segredo para o Congo, que se encontrava afundado numa guerra civil, onde liderou uma tropa composta majoritariamente por negros cubanos, com o objetivo de melhorar o n\u00edvel dos combatentes congoleses, em sua maioria supersticiosos e pouco preparados militarmente. O balan\u00e7o desta experi\u00eancia \u00e9 resumido por um Che amargurado: <em>\u201c<\/em><em>Levei os cubanos ao Congo com a esperan\u00e7a de<\/em> cubanizar os congoleses, mas ao final foram os meus cubanos que estavam congolizados\u201d. Apesar da derrota, tra\u00e7ou novos planos, uma guerrilha internacional na Bol\u00edvia como coluna mestre de outras a serem criadas no Brasil, Argentina e Peru.<\/p>\n<p><img loading=\"lazy\" decoding=\"async\" class=\"alignnone size-full wp-image-7457\" src=\"https:\/\/renatodias.online\/movimento\/wp-content\/uploads\/2021\/06\/Sangue-_-1.jpeg\" alt=\"\" width=\"1620\" height=\"1080\" \/><\/p>\n<p>Evidentemente, n\u00e3o se pode pedir a um gigante que cometa erros de an\u00f5es. O exemplo e as teorias do foco guerrilheiro estimuladas por Guevara levaram uma gera\u00e7\u00e3o inteira a partir para a guerrilha. Esta aventura \u2013 her\u00f3ica \u00e9 verdade, mas ainda assim uma aventura \u2013 ceifou milhares de vidas, inclusive a do seu mais dedicado incentivador, o pr\u00f3prio Che, que cairia nas m\u00e3os do Ex\u00e9rcito boliviano em 8 de outubro de 1967 e seria assassinado um dia depois. Tinha 39 anos, segundo seus carrascos media 1,73 e pesava apenas 48 kg. Mas Che jamais pensou na revolu\u00e7\u00e3o como algo nacional. Argentino de nascimento, lutou pela primeira vez na Guatemala contra um golpe militar pr\u00f3-ianque que derrubaria o governo de Jacobo Arbenz. Derrotado, foi para o M\u00e9xico, onde conheceu Fidel Castro.<\/p>\n<figure id=\"attachment_6300\" aria-describedby=\"caption-attachment-6300\" style=\"width: 400px\" class=\"wp-caption aligncenter\"><img loading=\"lazy\" decoding=\"async\" class=\"size-full wp-image-6300\" src=\"https:\/\/renatodias.online\/movimento\/wp-content\/uploads\/2021\/04\/Raul-Castro-Fidel-Castro-e-Che-Guevara.jpg\" alt=\"\" width=\"400\" height=\"263\" srcset=\"https:\/\/renatodias.online\/movimento\/wp-content\/uploads\/2021\/04\/Raul-Castro-Fidel-Castro-e-Che-Guevara.jpg 400w, https:\/\/renatodias.online\/movimento\/wp-content\/uploads\/2021\/04\/Raul-Castro-Fidel-Castro-e-Che-Guevara-300x197.jpg 300w\" sizes=\"auto, (max-width: 400px) 100vw, 400px\" \/><figcaption id=\"caption-attachment-6300\" class=\"wp-caption-text\"><strong>Fidel Castro, Ra\u00fal Castro e Che Guevara<\/strong><\/figcaption><\/figure>\n<p>Novamente parte para lutar em outro pa\u00eds, Cuba. Vitorioso, estimulou seu amigo, o guatemalteco Pantojo, a come\u00e7ar uma guerrilha na Guatemala. Na Argentina, contatou seu amigo Masetti, que seria nas selvas do norte de Argentina o Comandante Segundo. No Brasil, contatou Marighella, rec\u00e9m rompido com o PCB. Na Bol\u00edvia, juntou-se a jovens dissidentes do PC. Simpatizou com a luta dos camponeses peruanos dirigida pelo trotskista Hugo Blanco. Dizia sempre que se dispunha a unir-se a todos que estivessem por fazer a revolu\u00e7\u00e3o, sem sectarismo.<\/p>\n<p><img loading=\"lazy\" decoding=\"async\" class=\"alignnone size-full wp-image-6514\" src=\"https:\/\/renatodias.online\/movimento\/wp-content\/uploads\/2021\/05\/Carlos-Marighella-_-executado.jpg\" alt=\"\" width=\"940\" height=\"504\" \/><\/p>\n<p><strong>Carlos Mariguella<\/strong><\/p>\n<p>Em uma exposi\u00e7\u00e3o onde debate a fixa\u00e7\u00e3o de pre\u00e7os justos nas rela\u00e7\u00f5es econ\u00f4micas entre pa\u00edses socialistas, observa: \u201cN\u00e3o h\u00e1 fronteira nesta luta de morte; n\u00e3o podemos permanecer indiferentes ao que ocorre em qualquer parte; uma vit\u00f3ria de qualquer pa\u00eds sobre o imperialismo \u00e9 uma vit\u00f3ria nossa, assim como uma derrota de qualquer na\u00e7\u00e3o \u00e9 uma derrota para todos\u201d. Quando o conflito do Vietn\u00e3 explode, lan\u00e7a um chamado \u201ccriar dois, tr\u00eas\u2026 muitos Vietn\u00e3s \u00e9 a palavra-de-ordem\u201d<em>.<\/em> Acusa os partidos comunistas tradicionais de se \u201csolidarizarem\u201d em palavras com o povo do Vietn\u00e3 e nada fazerem. Al\u00e9m disso, entra em choque com a pol\u00edtica sovi\u00e9tica de vender armas aos movimentos revolucion\u00e1rios ao inv\u00e9s de do\u00e1-las, acusa o com\u00e9rcio exterior da URSS de utilizar os mesmos crit\u00e9rios que os pa\u00edses capitalistas<em>: \u201c<\/em>Como pode significar benef\u00edcio m\u00fatuo, vender a pre\u00e7o do mercado mundial as mat\u00e9rias-primas que custam suor e sofrimento sem limites aos pa\u00edses atrasados e comprar a pre\u00e7o de mercado mundial as m\u00e1quinas produzidas nas grandes f\u00e1bricas automatizadas do presente<em> ?&#8221;<\/em><\/p>\n<figure id=\"attachment_9274\" aria-describedby=\"caption-attachment-9274\" style=\"width: 1280px\" class=\"wp-caption alignnone\"><img loading=\"lazy\" decoding=\"async\" class=\"size-full wp-image-9274\" src=\"https:\/\/renatodias.online\/movimento\/wp-content\/uploads\/2021\/10\/Ernesto-Che-Guevara.jpeg\" alt=\"\" width=\"1280\" height=\"720\" \/><figcaption id=\"caption-attachment-9274\" class=\"wp-caption-text\"><strong>Ernesto Che Guevara<\/strong><\/figcaption><\/figure>\n<p>Por\u00e9m, na Bol\u00edvia, sua obsess\u00e3o pelo m\u00e9todo guerrilheiro o fez virar as costas para os oper\u00e1rios mineiros que, por essa \u00e9poca, realizaram uma insurrei\u00e7\u00e3o e lan\u00e7aram v\u00e1rias declara\u00e7\u00f5es de apoio \u00e0 guerrilha do Che. Os dois grupos jamais atuariam em conjunto, e a insurrei\u00e7\u00e3o mineira de 1967 seria afogada em sangue a menos de 100 quil\u00f4metros do local onde Guevara e sua guerrilha lutavam. Segundo os captores, pouco antes de morrer teria afirmado sua f\u00e9 inquebr\u00e1vel no socialismo e no futuro da revolu\u00e7\u00e3o latino-americana. O homem morreu, a lenda nasceria logo em seguida.<\/p>\n<p><img loading=\"lazy\" decoding=\"async\" class=\"size-full wp-image-6742\" src=\"https:\/\/renatodias.online\/movimento\/wp-content\/uploads\/2021\/05\/Link-Cuba.jpg\" alt=\"\" width=\"771\" height=\"458\" srcset=\"https:\/\/renatodias.online\/movimento\/wp-content\/uploads\/2021\/05\/Link-Cuba.jpg 771w, https:\/\/renatodias.online\/movimento\/wp-content\/uploads\/2021\/05\/Link-Cuba-300x178.jpg 300w, https:\/\/renatodias.online\/movimento\/wp-content\/uploads\/2021\/05\/Link-Cuba-768x456.jpg 768w, https:\/\/renatodias.online\/movimento\/wp-content\/uploads\/2021\/05\/Link-Cuba-750x446.jpg 750w\" sizes=\"auto, (max-width: 771px) 100vw, 771px\" \/><\/p>\n<p>&nbsp;<\/p>\n","protected":false},"excerpt":{"rendered":"<p>Che, 54 anos depois 9 de outubro de 2021 marca os 54 anos da captura e posterior execu\u00e7\u00e3o, pelo ex\u00e9rcito boliviano a mando direto dos EUA, do guerrilheiro argentino Che Guevara. Reproduzimos artigo publicado em 2002 pelo PT-Paraguai, partido ligado \u00e0 LIT-QI, sobre essa complexa figura hist\u00f3rica que ficou inscrita para sempre no imagin\u00e1rio revolucion\u00e1rio<\/p>\n","protected":false},"author":2,"featured_media":9275,"comment_status":"open","ping_status":"open","sticky":false,"template":"","format":"standard","meta":{"_acf_changed":false,"_monsterinsights_skip_tracking":false,"_monsterinsights_sitenote_active":false,"_monsterinsights_sitenote_note":"","_monsterinsights_sitenote_category":0,"footnotes":""},"categories":[4],"tags":[],"class_list":["post-9290","post","type-post","status-publish","format-standard","has-post-thumbnail","hentry","category-politica"],"acf":[],"yoast_head":"<!-- This site is optimized with the Yoast SEO plugin v27.4 - https:\/\/yoast.com\/product\/yoast-seo-wordpress\/ -->\n<title>Che, 54 anos depois -<\/title>\n<meta name=\"robots\" content=\"index, follow, max-snippet:-1, max-image-preview:large, max-video-preview:-1\" \/>\n<link rel=\"canonical\" href=\"https:\/\/renatodias.online\/movimento\/2021\/10\/11\/che-54-anos-depois\/\" \/>\n<meta property=\"og:locale\" content=\"pt_BR\" \/>\n<meta property=\"og:type\" content=\"article\" \/>\n<meta property=\"og:title\" content=\"Che, 54 anos depois -\" \/>\n<meta property=\"og:description\" content=\"Che, 54 anos depois 9 de outubro de 2021 marca os 54 anos da captura e posterior execu\u00e7\u00e3o, pelo ex\u00e9rcito boliviano a mando direto dos EUA, do guerrilheiro argentino Che Guevara. Reproduzimos artigo publicado em 2002 pelo PT-Paraguai, partido ligado \u00e0 LIT-QI, sobre essa complexa figura hist\u00f3rica que ficou inscrita para sempre no imagin\u00e1rio revolucion\u00e1rio\" \/>\n<meta property=\"og:url\" content=\"https:\/\/renatodias.online\/movimento\/2021\/10\/11\/che-54-anos-depois\/\" \/>\n<meta property=\"article:publisher\" content=\"https:\/\/www.facebook.com\/renato.dias.37\" \/>\n<meta property=\"article:author\" content=\"https:\/\/www.facebook.com\/renato.dias.37\" \/>\n<meta property=\"article:published_time\" content=\"2021-10-11T15:20:14+00:00\" \/>\n<meta property=\"og:image\" content=\"https:\/\/renatodias.online\/movimento\/wp-content\/uploads\/2021\/10\/Che-Guevara-Link-e1633965530322.jpg\" \/>\n\t<meta property=\"og:image:width\" content=\"280\" \/>\n\t<meta property=\"og:image:height\" content=\"186\" \/>\n\t<meta property=\"og:image:type\" content=\"image\/jpeg\" \/>\n<meta name=\"author\" content=\"Renato Dias\" \/>\n<meta name=\"twitter:card\" content=\"summary_large_image\" \/>\n<meta name=\"twitter:creator\" content=\"@RenatoDiasBat\" \/>\n<meta name=\"twitter:site\" content=\"@RenatoDiasBat\" \/>\n<meta name=\"twitter:label1\" content=\"Escrito por\" \/>\n\t<meta name=\"twitter:data1\" content=\"Renato Dias\" \/>\n\t<meta name=\"twitter:label2\" content=\"Est. tempo de leitura\" \/>\n\t<meta name=\"twitter:data2\" content=\"6 minutos\" \/>\n<script type=\"application\/ld+json\" class=\"yoast-schema-graph\">{\"@context\":\"https:\\\/\\\/schema.org\",\"@graph\":[{\"@type\":\"Article\",\"@id\":\"https:\\\/\\\/renatodias.online\\\/movimento\\\/2021\\\/10\\\/11\\\/che-54-anos-depois\\\/#article\",\"isPartOf\":{\"@id\":\"https:\\\/\\\/renatodias.online\\\/movimento\\\/2021\\\/10\\\/11\\\/che-54-anos-depois\\\/\"},\"author\":{\"name\":\"Renato Dias\",\"@id\":\"https:\\\/\\\/renatodias.online\\\/movimento\\\/#\\\/schema\\\/person\\\/bbab28833b1725a20f4083f49f1fb2a9\"},\"headline\":\"Che, 54 anos depois\",\"datePublished\":\"2021-10-11T15:20:14+00:00\",\"mainEntityOfPage\":{\"@id\":\"https:\\\/\\\/renatodias.online\\\/movimento\\\/2021\\\/10\\\/11\\\/che-54-anos-depois\\\/\"},\"wordCount\":1130,\"commentCount\":0,\"publisher\":{\"@id\":\"https:\\\/\\\/renatodias.online\\\/movimento\\\/#\\\/schema\\\/person\\\/bbab28833b1725a20f4083f49f1fb2a9\"},\"image\":{\"@id\":\"https:\\\/\\\/renatodias.online\\\/movimento\\\/2021\\\/10\\\/11\\\/che-54-anos-depois\\\/#primaryimage\"},\"thumbnailUrl\":\"https:\\\/\\\/renatodias.online\\\/movimento\\\/wp-content\\\/uploads\\\/2021\\\/10\\\/Che-Guevara-Link-e1633965530322.jpg\",\"articleSection\":[\"Pol\u00edtica\"],\"inLanguage\":\"pt-BR\",\"potentialAction\":[{\"@type\":\"CommentAction\",\"name\":\"Comment\",\"target\":[\"https:\\\/\\\/renatodias.online\\\/movimento\\\/2021\\\/10\\\/11\\\/che-54-anos-depois\\\/#respond\"]}]},{\"@type\":\"WebPage\",\"@id\":\"https:\\\/\\\/renatodias.online\\\/movimento\\\/2021\\\/10\\\/11\\\/che-54-anos-depois\\\/\",\"url\":\"https:\\\/\\\/renatodias.online\\\/movimento\\\/2021\\\/10\\\/11\\\/che-54-anos-depois\\\/\",\"name\":\"Che, 54 anos depois -\",\"isPartOf\":{\"@id\":\"https:\\\/\\\/renatodias.online\\\/movimento\\\/#website\"},\"primaryImageOfPage\":{\"@id\":\"https:\\\/\\\/renatodias.online\\\/movimento\\\/2021\\\/10\\\/11\\\/che-54-anos-depois\\\/#primaryimage\"},\"image\":{\"@id\":\"https:\\\/\\\/renatodias.online\\\/movimento\\\/2021\\\/10\\\/11\\\/che-54-anos-depois\\\/#primaryimage\"},\"thumbnailUrl\":\"https:\\\/\\\/renatodias.online\\\/movimento\\\/wp-content\\\/uploads\\\/2021\\\/10\\\/Che-Guevara-Link-e1633965530322.jpg\",\"datePublished\":\"2021-10-11T15:20:14+00:00\",\"breadcrumb\":{\"@id\":\"https:\\\/\\\/renatodias.online\\\/movimento\\\/2021\\\/10\\\/11\\\/che-54-anos-depois\\\/#breadcrumb\"},\"inLanguage\":\"pt-BR\",\"potentialAction\":[{\"@type\":\"ReadAction\",\"target\":[\"https:\\\/\\\/renatodias.online\\\/movimento\\\/2021\\\/10\\\/11\\\/che-54-anos-depois\\\/\"]}]},{\"@type\":\"ImageObject\",\"inLanguage\":\"pt-BR\",\"@id\":\"https:\\\/\\\/renatodias.online\\\/movimento\\\/2021\\\/10\\\/11\\\/che-54-anos-depois\\\/#primaryimage\",\"url\":\"https:\\\/\\\/renatodias.online\\\/movimento\\\/wp-content\\\/uploads\\\/2021\\\/10\\\/Che-Guevara-Link-e1633965530322.jpg\",\"contentUrl\":\"https:\\\/\\\/renatodias.online\\\/movimento\\\/wp-content\\\/uploads\\\/2021\\\/10\\\/Che-Guevara-Link-e1633965530322.jpg\",\"width\":280,\"height\":186,\"caption\":\"Che Guevara\"},{\"@type\":\"BreadcrumbList\",\"@id\":\"https:\\\/\\\/renatodias.online\\\/movimento\\\/2021\\\/10\\\/11\\\/che-54-anos-depois\\\/#breadcrumb\",\"itemListElement\":[{\"@type\":\"ListItem\",\"position\":1,\"name\":\"In\u00edcio\",\"item\":\"https:\\\/\\\/renatodias.online\\\/movimento\\\/\"},{\"@type\":\"ListItem\",\"position\":2,\"name\":\"Che, 54 anos depois\"}]},{\"@type\":\"WebSite\",\"@id\":\"https:\\\/\\\/renatodias.online\\\/movimento\\\/#website\",\"url\":\"https:\\\/\\\/renatodias.online\\\/movimento\\\/\",\"name\":\"\",\"description\":\"\",\"publisher\":{\"@id\":\"https:\\\/\\\/renatodias.online\\\/movimento\\\/#\\\/schema\\\/person\\\/bbab28833b1725a20f4083f49f1fb2a9\"},\"potentialAction\":[{\"@type\":\"SearchAction\",\"target\":{\"@type\":\"EntryPoint\",\"urlTemplate\":\"https:\\\/\\\/renatodias.online\\\/movimento\\\/?s={search_term_string}\"},\"query-input\":{\"@type\":\"PropertyValueSpecification\",\"valueRequired\":true,\"valueName\":\"search_term_string\"}}],\"inLanguage\":\"pt-BR\"},{\"@type\":[\"Person\",\"Organization\"],\"@id\":\"https:\\\/\\\/renatodias.online\\\/movimento\\\/#\\\/schema\\\/person\\\/bbab28833b1725a20f4083f49f1fb2a9\",\"name\":\"Renato Dias\",\"image\":{\"@type\":\"ImageObject\",\"inLanguage\":\"pt-BR\",\"@id\":\"https:\\\/\\\/renatodias.online\\\/movimento\\\/wp-content\\\/uploads\\\/2023\\\/03\\\/cropped-cropped-cropped-logofinal.jpeg\",\"url\":\"https:\\\/\\\/renatodias.online\\\/movimento\\\/wp-content\\\/uploads\\\/2023\\\/03\\\/cropped-cropped-cropped-logofinal.jpeg\",\"contentUrl\":\"https:\\\/\\\/renatodias.online\\\/movimento\\\/wp-content\\\/uploads\\\/2023\\\/03\\\/cropped-cropped-cropped-logofinal.jpeg\",\"width\":1280,\"height\":219,\"caption\":\"Renato Dias\"},\"logo\":{\"@id\":\"https:\\\/\\\/renatodias.online\\\/movimento\\\/wp-content\\\/uploads\\\/2023\\\/03\\\/cropped-cropped-cropped-logofinal.jpeg\"},\"description\":\"Renato Dias, 58 anos, \u00e9 graduado em Jornalismo, formado em Ci\u00eancias Sociais, com p\u00f3s-gradua\u00e7\u00e3o em Pol\u00edticas P\u00fablicas, mestre em Direito e Rela\u00e7\u00f5es Internacionais, ex-aluno extraordin\u00e1rio do Doutorado em Psicologia Social, ex-estudante do Curso de Psican\u00e1lise do Centro de Estudos Psicanal\u00edticos do Estado de Goi\u00e1s, ministrado pelo m\u00e9dico psiquiatra e psicanalista Daniel Em\u00eddio de Souza. \u00c9 autor de 30 livros-reportagem, oito document\u00e1rios, ganhou 30 pr\u00eamios e \u00e9 torcedor apaixonado do maior do Centro-Oeste, o Vila Nova Futebol Clube. Casado com Meirilane Dias, \u00e9 pai de Juliana Dias, jornalista; Daniel Dias, economista; e Maria Rosa Dias, estudante antifascista, socialista e trotskista.\u00a0Com tr\u00eas pets: Porquinho [Bull Dog Franc\u00eas], Dalila [Basset Hound] e Geleia [Basset Hound]. Al\u00e9m do eterno gato Tutuquinho, que virou estrela.\",\"sameAs\":[\"https:\\\/\\\/www.facebook.com\\\/renato.dias.37\",\"#breve\",\"https:\\\/\\\/renatodias.tumblr.com\\\/\"],\"url\":\"https:\\\/\\\/renatodias.online\\\/movimento\\\/author\\\/renatodias\\\/\"}]}<\/script>\n<!-- \/ Yoast SEO plugin. -->","yoast_head_json":{"title":"Che, 54 anos depois -","robots":{"index":"index","follow":"follow","max-snippet":"max-snippet:-1","max-image-preview":"max-image-preview:large","max-video-preview":"max-video-preview:-1"},"canonical":"https:\/\/renatodias.online\/movimento\/2021\/10\/11\/che-54-anos-depois\/","og_locale":"pt_BR","og_type":"article","og_title":"Che, 54 anos depois -","og_description":"Che, 54 anos depois 9 de outubro de 2021 marca os 54 anos da captura e posterior execu\u00e7\u00e3o, pelo ex\u00e9rcito boliviano a mando direto dos EUA, do guerrilheiro argentino Che Guevara. Reproduzimos artigo publicado em 2002 pelo PT-Paraguai, partido ligado \u00e0 LIT-QI, sobre essa complexa figura hist\u00f3rica que ficou inscrita para sempre no imagin\u00e1rio revolucion\u00e1rio","og_url":"https:\/\/renatodias.online\/movimento\/2021\/10\/11\/che-54-anos-depois\/","article_publisher":"https:\/\/www.facebook.com\/renato.dias.37","article_author":"https:\/\/www.facebook.com\/renato.dias.37","article_published_time":"2021-10-11T15:20:14+00:00","og_image":[{"width":280,"height":186,"url":"https:\/\/renatodias.online\/movimento\/wp-content\/uploads\/2021\/10\/Che-Guevara-Link-e1633965530322.jpg","type":"image\/jpeg"}],"author":"Renato Dias","twitter_card":"summary_large_image","twitter_creator":"@RenatoDiasBat","twitter_site":"@RenatoDiasBat","twitter_misc":{"Escrito por":"Renato Dias","Est. tempo de leitura":"6 minutos"},"schema":{"@context":"https:\/\/schema.org","@graph":[{"@type":"Article","@id":"https:\/\/renatodias.online\/movimento\/2021\/10\/11\/che-54-anos-depois\/#article","isPartOf":{"@id":"https:\/\/renatodias.online\/movimento\/2021\/10\/11\/che-54-anos-depois\/"},"author":{"name":"Renato Dias","@id":"https:\/\/renatodias.online\/movimento\/#\/schema\/person\/bbab28833b1725a20f4083f49f1fb2a9"},"headline":"Che, 54 anos depois","datePublished":"2021-10-11T15:20:14+00:00","mainEntityOfPage":{"@id":"https:\/\/renatodias.online\/movimento\/2021\/10\/11\/che-54-anos-depois\/"},"wordCount":1130,"commentCount":0,"publisher":{"@id":"https:\/\/renatodias.online\/movimento\/#\/schema\/person\/bbab28833b1725a20f4083f49f1fb2a9"},"image":{"@id":"https:\/\/renatodias.online\/movimento\/2021\/10\/11\/che-54-anos-depois\/#primaryimage"},"thumbnailUrl":"https:\/\/renatodias.online\/movimento\/wp-content\/uploads\/2021\/10\/Che-Guevara-Link-e1633965530322.jpg","articleSection":["Pol\u00edtica"],"inLanguage":"pt-BR","potentialAction":[{"@type":"CommentAction","name":"Comment","target":["https:\/\/renatodias.online\/movimento\/2021\/10\/11\/che-54-anos-depois\/#respond"]}]},{"@type":"WebPage","@id":"https:\/\/renatodias.online\/movimento\/2021\/10\/11\/che-54-anos-depois\/","url":"https:\/\/renatodias.online\/movimento\/2021\/10\/11\/che-54-anos-depois\/","name":"Che, 54 anos depois -","isPartOf":{"@id":"https:\/\/renatodias.online\/movimento\/#website"},"primaryImageOfPage":{"@id":"https:\/\/renatodias.online\/movimento\/2021\/10\/11\/che-54-anos-depois\/#primaryimage"},"image":{"@id":"https:\/\/renatodias.online\/movimento\/2021\/10\/11\/che-54-anos-depois\/#primaryimage"},"thumbnailUrl":"https:\/\/renatodias.online\/movimento\/wp-content\/uploads\/2021\/10\/Che-Guevara-Link-e1633965530322.jpg","datePublished":"2021-10-11T15:20:14+00:00","breadcrumb":{"@id":"https:\/\/renatodias.online\/movimento\/2021\/10\/11\/che-54-anos-depois\/#breadcrumb"},"inLanguage":"pt-BR","potentialAction":[{"@type":"ReadAction","target":["https:\/\/renatodias.online\/movimento\/2021\/10\/11\/che-54-anos-depois\/"]}]},{"@type":"ImageObject","inLanguage":"pt-BR","@id":"https:\/\/renatodias.online\/movimento\/2021\/10\/11\/che-54-anos-depois\/#primaryimage","url":"https:\/\/renatodias.online\/movimento\/wp-content\/uploads\/2021\/10\/Che-Guevara-Link-e1633965530322.jpg","contentUrl":"https:\/\/renatodias.online\/movimento\/wp-content\/uploads\/2021\/10\/Che-Guevara-Link-e1633965530322.jpg","width":280,"height":186,"caption":"Che Guevara"},{"@type":"BreadcrumbList","@id":"https:\/\/renatodias.online\/movimento\/2021\/10\/11\/che-54-anos-depois\/#breadcrumb","itemListElement":[{"@type":"ListItem","position":1,"name":"In\u00edcio","item":"https:\/\/renatodias.online\/movimento\/"},{"@type":"ListItem","position":2,"name":"Che, 54 anos depois"}]},{"@type":"WebSite","@id":"https:\/\/renatodias.online\/movimento\/#website","url":"https:\/\/renatodias.online\/movimento\/","name":"","description":"","publisher":{"@id":"https:\/\/renatodias.online\/movimento\/#\/schema\/person\/bbab28833b1725a20f4083f49f1fb2a9"},"potentialAction":[{"@type":"SearchAction","target":{"@type":"EntryPoint","urlTemplate":"https:\/\/renatodias.online\/movimento\/?s={search_term_string}"},"query-input":{"@type":"PropertyValueSpecification","valueRequired":true,"valueName":"search_term_string"}}],"inLanguage":"pt-BR"},{"@type":["Person","Organization"],"@id":"https:\/\/renatodias.online\/movimento\/#\/schema\/person\/bbab28833b1725a20f4083f49f1fb2a9","name":"Renato Dias","image":{"@type":"ImageObject","inLanguage":"pt-BR","@id":"https:\/\/renatodias.online\/movimento\/wp-content\/uploads\/2023\/03\/cropped-cropped-cropped-logofinal.jpeg","url":"https:\/\/renatodias.online\/movimento\/wp-content\/uploads\/2023\/03\/cropped-cropped-cropped-logofinal.jpeg","contentUrl":"https:\/\/renatodias.online\/movimento\/wp-content\/uploads\/2023\/03\/cropped-cropped-cropped-logofinal.jpeg","width":1280,"height":219,"caption":"Renato Dias"},"logo":{"@id":"https:\/\/renatodias.online\/movimento\/wp-content\/uploads\/2023\/03\/cropped-cropped-cropped-logofinal.jpeg"},"description":"Renato Dias, 58 anos, \u00e9 graduado em Jornalismo, formado em Ci\u00eancias Sociais, com p\u00f3s-gradua\u00e7\u00e3o em Pol\u00edticas P\u00fablicas, mestre em Direito e Rela\u00e7\u00f5es Internacionais, ex-aluno extraordin\u00e1rio do Doutorado em Psicologia Social, ex-estudante do Curso de Psican\u00e1lise do Centro de Estudos Psicanal\u00edticos do Estado de Goi\u00e1s, ministrado pelo m\u00e9dico psiquiatra e psicanalista Daniel Em\u00eddio de Souza. \u00c9 autor de 30 livros-reportagem, oito document\u00e1rios, ganhou 30 pr\u00eamios e \u00e9 torcedor apaixonado do maior do Centro-Oeste, o Vila Nova Futebol Clube. Casado com Meirilane Dias, \u00e9 pai de Juliana Dias, jornalista; Daniel Dias, economista; e Maria Rosa Dias, estudante antifascista, socialista e trotskista.\u00a0Com tr\u00eas pets: Porquinho [Bull Dog Franc\u00eas], Dalila [Basset Hound] e Geleia [Basset Hound]. Al\u00e9m do eterno gato Tutuquinho, que virou estrela.","sameAs":["https:\/\/www.facebook.com\/renato.dias.37","#breve","https:\/\/renatodias.tumblr.com\/"],"url":"https:\/\/renatodias.online\/movimento\/author\/renatodias\/"}]}},"_links":{"self":[{"href":"https:\/\/renatodias.online\/movimento\/wp-json\/wp\/v2\/posts\/9290","targetHints":{"allow":["GET"]}}],"collection":[{"href":"https:\/\/renatodias.online\/movimento\/wp-json\/wp\/v2\/posts"}],"about":[{"href":"https:\/\/renatodias.online\/movimento\/wp-json\/wp\/v2\/types\/post"}],"author":[{"embeddable":true,"href":"https:\/\/renatodias.online\/movimento\/wp-json\/wp\/v2\/users\/2"}],"replies":[{"embeddable":true,"href":"https:\/\/renatodias.online\/movimento\/wp-json\/wp\/v2\/comments?post=9290"}],"version-history":[{"count":1,"href":"https:\/\/renatodias.online\/movimento\/wp-json\/wp\/v2\/posts\/9290\/revisions"}],"predecessor-version":[{"id":9291,"href":"https:\/\/renatodias.online\/movimento\/wp-json\/wp\/v2\/posts\/9290\/revisions\/9291"}],"wp:featuredmedia":[{"embeddable":true,"href":"https:\/\/renatodias.online\/movimento\/wp-json\/wp\/v2\/media\/9275"}],"wp:attachment":[{"href":"https:\/\/renatodias.online\/movimento\/wp-json\/wp\/v2\/media?parent=9290"}],"wp:term":[{"taxonomy":"category","embeddable":true,"href":"https:\/\/renatodias.online\/movimento\/wp-json\/wp\/v2\/categories?post=9290"},{"taxonomy":"post_tag","embeddable":true,"href":"https:\/\/renatodias.online\/movimento\/wp-json\/wp\/v2\/tags?post=9290"}],"curies":[{"name":"wp","href":"https:\/\/api.w.org\/{rel}","templated":true}]}}