{"id":9283,"date":"2021-10-11T12:01:58","date_gmt":"2021-10-11T15:01:58","guid":{"rendered":"https:\/\/renatodias.online\/movimento\/?p=9283"},"modified":"2021-10-11T12:03:42","modified_gmt":"2021-10-11T15:03:42","slug":"pela-dignidade-menstrual","status":"publish","type":"post","link":"https:\/\/renatodias.online\/movimento\/2021\/10\/11\/pela-dignidade-menstrual\/","title":{"rendered":"Pela dignidade menstrual"},"content":{"rendered":"<figure id=\"attachment_9284\" aria-describedby=\"caption-attachment-9284\" style=\"width: 1280px\" class=\"wp-caption alignnone\"><img loading=\"lazy\" decoding=\"async\" class=\"size-full wp-image-9284\" src=\"https:\/\/renatodias.online\/movimento\/wp-content\/uploads\/2021\/10\/Dignidade-Menstrual.jpg\" alt=\"\" width=\"1280\" height=\"720\" srcset=\"https:\/\/renatodias.online\/movimento\/wp-content\/uploads\/2021\/10\/Dignidade-Menstrual.jpg 1280w, https:\/\/renatodias.online\/movimento\/wp-content\/uploads\/2021\/10\/Dignidade-Menstrual-300x169.jpg 300w, https:\/\/renatodias.online\/movimento\/wp-content\/uploads\/2021\/10\/Dignidade-Menstrual-768x432.jpg 768w, https:\/\/renatodias.online\/movimento\/wp-content\/uploads\/2021\/10\/Dignidade-Menstrual-750x422.jpg 750w\" sizes=\"auto, (max-width: 1280px) 100vw, 1280px\" \/><figcaption id=\"caption-attachment-9284\" class=\"wp-caption-text\"><strong>Dignidade Menstrual<\/strong><\/figcaption><\/figure>\n<p><img loading=\"lazy\" decoding=\"async\" class=\"alignnone size-full wp-image-5007\" src=\"https:\/\/renatodias.online\/movimento\/wp-content\/uploads\/2021\/01\/Alto-da-p\u00e1gina-Banner-Exclusivo.png\" alt=\"\" width=\"1224\" height=\"372\" \/><\/p>\n<h1 style=\"text-align: center;\"><span style=\"color: #ff00ff;\"><strong>Cristina Lopes lan\u00e7a campanha<\/strong><\/span><\/h1>\n<h1 style=\"text-align: center;\"><span style=\"color: #ff0000;\"><strong>Pela dignidade menstrual<\/strong><\/span><\/h1>\n<h2 style=\"text-align: center;\"><span style=\"color: #00ffff;\"><strong>Acesse o perfil no Instagram @movumnovociclo<\/strong><\/span><\/h2>\n<p>&nbsp;<\/p>\n<figure id=\"attachment_3706\" aria-describedby=\"caption-attachment-3706\" style=\"width: 1200px\" class=\"wp-caption alignnone\"><img loading=\"lazy\" decoding=\"async\" class=\"size-full wp-image-3706\" src=\"https:\/\/renatodias.online\/movimento\/wp-content\/uploads\/2020\/05\/Cristina-Lopes-3.jpg\" alt=\"\" width=\"1200\" height=\"800\" srcset=\"https:\/\/renatodias.online\/movimento\/wp-content\/uploads\/2020\/05\/Cristina-Lopes-3.jpg 1200w, https:\/\/renatodias.online\/movimento\/wp-content\/uploads\/2020\/05\/Cristina-Lopes-3-300x200.jpg 300w, https:\/\/renatodias.online\/movimento\/wp-content\/uploads\/2020\/05\/Cristina-Lopes-3-768x512.jpg 768w, https:\/\/renatodias.online\/movimento\/wp-content\/uploads\/2020\/05\/Cristina-Lopes-3-1024x683.jpg 1024w, https:\/\/renatodias.online\/movimento\/wp-content\/uploads\/2020\/05\/Cristina-Lopes-3-360x240.jpg 360w, https:\/\/renatodias.online\/movimento\/wp-content\/uploads\/2020\/05\/Cristina-Lopes-3-750x500.jpg 750w\" sizes=\"auto, (max-width: 1200px) 100vw, 1200px\" \/><figcaption id=\"caption-attachment-3706\" class=\"wp-caption-text\"><strong>Cristina Lopes<\/strong><\/figcaption><\/figure>\n<p><strong>Renato Dias<\/strong><\/p>\n<p>A secret\u00e1ria municipal de Direitos Humanos e Pol\u00edticas Afirmativas de Goi\u00e2nia, <strong>Cristina Lopes<\/strong>, informa ao <strong>P<span style=\"color: #ff0000;\">ortal de Not\u00edcias www.renatodias.online<\/span><\/strong> o lan\u00e7amento da <strong><span style=\"color: #ff00ff;\">Campanha Pela Dignidade Menstrual<\/span>.<\/strong><\/p>\n<h1><span style=\"color: #0000ff;\"><strong>Perfil no Instagram<\/strong><\/span><\/h1>\n<p>A titular da Pasta da Prefeitura Municipal de Goi\u00e2nia relata a celebra\u00e7\u00e3o de parcerias com o Col\u00e9gio Arena e a Promillus. A ex-vereadora solicita aos contribuintes que sigam o perfil no <span style=\"color: #ff6600;\"><strong>Instagram@movumnovociclo<\/strong><\/span><\/p>\n<p><strong>Cristina Lopes<\/strong> sugere o compartilhamento os conte\u00fados postados no endere\u00e7o eletr\u00f4nico da Campanha Pela Dignidade Menstrual. Cada apoio importa e seja tamb\u00e9m um agente no seu c\u00edrculo social, recomenda ela.<\/p>\n<h1><span style=\"color: #00ccff;\"><strong>Pobreza menstrual<\/strong><\/span><\/h1>\n<p>O projeto quer acabar com pobreza menstrual, conta. Para a multiplica\u00e7\u00e3o de doa\u00e7\u00f5es de absorventes, relata. Al\u00e9m da redu\u00e7\u00e3o dos impostos que incidem em itens de higiene e limpeza pessoal, pontua. Assim como sua distribui\u00e7\u00e3o gratuita, afirma.<\/p>\n<figure id=\"attachment_9286\" aria-describedby=\"caption-attachment-9286\" style=\"width: 922px\" class=\"wp-caption alignnone\"><img loading=\"lazy\" decoding=\"async\" class=\"size-full wp-image-9286\" src=\"https:\/\/renatodias.online\/movimento\/wp-content\/uploads\/2021\/10\/Card-Dignidade-Menstrual.jpg\" alt=\"\" width=\"922\" height=\"1600\" srcset=\"https:\/\/renatodias.online\/movimento\/wp-content\/uploads\/2021\/10\/Card-Dignidade-Menstrual.jpg 922w, https:\/\/renatodias.online\/movimento\/wp-content\/uploads\/2021\/10\/Card-Dignidade-Menstrual-173x300.jpg 173w, https:\/\/renatodias.online\/movimento\/wp-content\/uploads\/2021\/10\/Card-Dignidade-Menstrual-590x1024.jpg 590w, https:\/\/renatodias.online\/movimento\/wp-content\/uploads\/2021\/10\/Card-Dignidade-Menstrual-768x1333.jpg 768w, https:\/\/renatodias.online\/movimento\/wp-content\/uploads\/2021\/10\/Card-Dignidade-Menstrual-885x1536.jpg 885w, https:\/\/renatodias.online\/movimento\/wp-content\/uploads\/2021\/10\/Card-Dignidade-Menstrual-750x1302.jpg 750w\" sizes=\"auto, (max-width: 922px) 100vw, 922px\" \/><figcaption id=\"caption-attachment-9286\" class=\"wp-caption-text\"><strong>Card &#8211; Dignidade Menstrual<\/strong><\/figcaption><\/figure>\n","protected":false},"excerpt":{"rendered":"<p>Cristina Lopes lan\u00e7a campanha Pela dignidade menstrual Acesse o perfil no Instagram @movumnovociclo &nbsp; Renato Dias A secret\u00e1ria municipal de Direitos Humanos e Pol\u00edticas Afirmativas de Goi\u00e2nia, Cristina Lopes, informa ao Portal de Not\u00edcias www.renatodias.online o lan\u00e7amento da Campanha Pela Dignidade Menstrual. Perfil no Instagram A titular da Pasta da Prefeitura Municipal de Goi\u00e2nia relata<\/p>\n","protected":false},"author":2,"featured_media":3707,"comment_status":"open","ping_status":"open","sticky":false,"template":"","format":"standard","meta":{"_acf_changed":false,"_monsterinsights_skip_tracking":false,"_monsterinsights_sitenote_active":false,"_monsterinsights_sitenote_note":"","_monsterinsights_sitenote_category":0,"footnotes":""},"categories":[4],"tags":[],"class_list":["post-9283","post","type-post","status-publish","format-standard","has-post-thumbnail","hentry","category-politica"],"acf":[],"yoast_head":"<!-- This site is optimized with the Yoast SEO plugin v27.4 - https:\/\/yoast.com\/product\/yoast-seo-wordpress\/ -->\n<title>Pela dignidade menstrual -<\/title>\n<meta name=\"robots\" content=\"index, follow, max-snippet:-1, max-image-preview:large, max-video-preview:-1\" \/>\n<link rel=\"canonical\" href=\"https:\/\/renatodias.online\/movimento\/2021\/10\/11\/pela-dignidade-menstrual\/\" \/>\n<meta property=\"og:locale\" content=\"pt_BR\" \/>\n<meta property=\"og:type\" content=\"article\" \/>\n<meta property=\"og:title\" content=\"Pela dignidade menstrual -\" \/>\n<meta property=\"og:description\" content=\"Cristina Lopes lan\u00e7a campanha Pela dignidade menstrual Acesse o perfil no Instagram @movumnovociclo &nbsp; Renato Dias A secret\u00e1ria municipal de Direitos Humanos e Pol\u00edticas Afirmativas de Goi\u00e2nia, Cristina Lopes, informa ao Portal de Not\u00edcias www.renatodias.online o lan\u00e7amento da Campanha Pela Dignidade Menstrual. Perfil no Instagram A titular da Pasta da Prefeitura Municipal de Goi\u00e2nia relata\" \/>\n<meta property=\"og:url\" content=\"https:\/\/renatodias.online\/movimento\/2021\/10\/11\/pela-dignidade-menstrual\/\" \/>\n<meta property=\"article:publisher\" content=\"https:\/\/www.facebook.com\/renato.dias.37\" \/>\n<meta property=\"article:author\" content=\"https:\/\/www.facebook.com\/renato.dias.37\" \/>\n<meta property=\"article:published_time\" content=\"2021-10-11T15:01:58+00:00\" \/>\n<meta property=\"article:modified_time\" content=\"2021-10-11T15:03:42+00:00\" \/>\n<meta property=\"og:image\" content=\"https:\/\/renatodias.online\/movimento\/wp-content\/uploads\/2020\/05\/Cristina-Lopes-4-e1633964506928.jpg\" \/>\n\t<meta property=\"og:image:width\" content=\"275\" \/>\n\t<meta property=\"og:image:height\" content=\"183\" \/>\n\t<meta property=\"og:image:type\" content=\"image\/jpeg\" \/>\n<meta name=\"author\" content=\"Renato Dias\" \/>\n<meta name=\"twitter:card\" content=\"summary_large_image\" \/>\n<meta name=\"twitter:creator\" content=\"@RenatoDiasBat\" \/>\n<meta name=\"twitter:site\" content=\"@RenatoDiasBat\" \/>\n<meta name=\"twitter:label1\" content=\"Escrito por\" \/>\n\t<meta name=\"twitter:data1\" content=\"Renato Dias\" \/>\n\t<meta name=\"twitter:label2\" content=\"Est. tempo de leitura\" \/>\n\t<meta name=\"twitter:data2\" content=\"1 minuto\" \/>\n<script type=\"application\/ld+json\" class=\"yoast-schema-graph\">{\"@context\":\"https:\\\/\\\/schema.org\",\"@graph\":[{\"@type\":\"Article\",\"@id\":\"https:\\\/\\\/renatodias.online\\\/movimento\\\/2021\\\/10\\\/11\\\/pela-dignidade-menstrual\\\/#article\",\"isPartOf\":{\"@id\":\"https:\\\/\\\/renatodias.online\\\/movimento\\\/2021\\\/10\\\/11\\\/pela-dignidade-menstrual\\\/\"},\"author\":{\"name\":\"Renato Dias\",\"@id\":\"https:\\\/\\\/renatodias.online\\\/movimento\\\/#\\\/schema\\\/person\\\/bbab28833b1725a20f4083f49f1fb2a9\"},\"headline\":\"Pela dignidade menstrual\",\"datePublished\":\"2021-10-11T15:01:58+00:00\",\"dateModified\":\"2021-10-11T15:03:42+00:00\",\"mainEntityOfPage\":{\"@id\":\"https:\\\/\\\/renatodias.online\\\/movimento\\\/2021\\\/10\\\/11\\\/pela-dignidade-menstrual\\\/\"},\"wordCount\":200,\"commentCount\":0,\"publisher\":{\"@id\":\"https:\\\/\\\/renatodias.online\\\/movimento\\\/#\\\/schema\\\/person\\\/bbab28833b1725a20f4083f49f1fb2a9\"},\"image\":{\"@id\":\"https:\\\/\\\/renatodias.online\\\/movimento\\\/2021\\\/10\\\/11\\\/pela-dignidade-menstrual\\\/#primaryimage\"},\"thumbnailUrl\":\"https:\\\/\\\/renatodias.online\\\/movimento\\\/wp-content\\\/uploads\\\/2020\\\/05\\\/Cristina-Lopes-4-e1633964506928.jpg\",\"articleSection\":[\"Pol\u00edtica\"],\"inLanguage\":\"pt-BR\",\"potentialAction\":[{\"@type\":\"CommentAction\",\"name\":\"Comment\",\"target\":[\"https:\\\/\\\/renatodias.online\\\/movimento\\\/2021\\\/10\\\/11\\\/pela-dignidade-menstrual\\\/#respond\"]}]},{\"@type\":\"WebPage\",\"@id\":\"https:\\\/\\\/renatodias.online\\\/movimento\\\/2021\\\/10\\\/11\\\/pela-dignidade-menstrual\\\/\",\"url\":\"https:\\\/\\\/renatodias.online\\\/movimento\\\/2021\\\/10\\\/11\\\/pela-dignidade-menstrual\\\/\",\"name\":\"Pela dignidade menstrual -\",\"isPartOf\":{\"@id\":\"https:\\\/\\\/renatodias.online\\\/movimento\\\/#website\"},\"primaryImageOfPage\":{\"@id\":\"https:\\\/\\\/renatodias.online\\\/movimento\\\/2021\\\/10\\\/11\\\/pela-dignidade-menstrual\\\/#primaryimage\"},\"image\":{\"@id\":\"https:\\\/\\\/renatodias.online\\\/movimento\\\/2021\\\/10\\\/11\\\/pela-dignidade-menstrual\\\/#primaryimage\"},\"thumbnailUrl\":\"https:\\\/\\\/renatodias.online\\\/movimento\\\/wp-content\\\/uploads\\\/2020\\\/05\\\/Cristina-Lopes-4-e1633964506928.jpg\",\"datePublished\":\"2021-10-11T15:01:58+00:00\",\"dateModified\":\"2021-10-11T15:03:42+00:00\",\"breadcrumb\":{\"@id\":\"https:\\\/\\\/renatodias.online\\\/movimento\\\/2021\\\/10\\\/11\\\/pela-dignidade-menstrual\\\/#breadcrumb\"},\"inLanguage\":\"pt-BR\",\"potentialAction\":[{\"@type\":\"ReadAction\",\"target\":[\"https:\\\/\\\/renatodias.online\\\/movimento\\\/2021\\\/10\\\/11\\\/pela-dignidade-menstrual\\\/\"]}]},{\"@type\":\"ImageObject\",\"inLanguage\":\"pt-BR\",\"@id\":\"https:\\\/\\\/renatodias.online\\\/movimento\\\/2021\\\/10\\\/11\\\/pela-dignidade-menstrual\\\/#primaryimage\",\"url\":\"https:\\\/\\\/renatodias.online\\\/movimento\\\/wp-content\\\/uploads\\\/2020\\\/05\\\/Cristina-Lopes-4-e1633964506928.jpg\",\"contentUrl\":\"https:\\\/\\\/renatodias.online\\\/movimento\\\/wp-content\\\/uploads\\\/2020\\\/05\\\/Cristina-Lopes-4-e1633964506928.jpg\",\"width\":275,\"height\":183,\"caption\":\"Cristina Lopes\"},{\"@type\":\"BreadcrumbList\",\"@id\":\"https:\\\/\\\/renatodias.online\\\/movimento\\\/2021\\\/10\\\/11\\\/pela-dignidade-menstrual\\\/#breadcrumb\",\"itemListElement\":[{\"@type\":\"ListItem\",\"position\":1,\"name\":\"In\u00edcio\",\"item\":\"https:\\\/\\\/renatodias.online\\\/movimento\\\/\"},{\"@type\":\"ListItem\",\"position\":2,\"name\":\"Pela dignidade menstrual\"}]},{\"@type\":\"WebSite\",\"@id\":\"https:\\\/\\\/renatodias.online\\\/movimento\\\/#website\",\"url\":\"https:\\\/\\\/renatodias.online\\\/movimento\\\/\",\"name\":\"\",\"description\":\"\",\"publisher\":{\"@id\":\"https:\\\/\\\/renatodias.online\\\/movimento\\\/#\\\/schema\\\/person\\\/bbab28833b1725a20f4083f49f1fb2a9\"},\"potentialAction\":[{\"@type\":\"SearchAction\",\"target\":{\"@type\":\"EntryPoint\",\"urlTemplate\":\"https:\\\/\\\/renatodias.online\\\/movimento\\\/?s={search_term_string}\"},\"query-input\":{\"@type\":\"PropertyValueSpecification\",\"valueRequired\":true,\"valueName\":\"search_term_string\"}}],\"inLanguage\":\"pt-BR\"},{\"@type\":[\"Person\",\"Organization\"],\"@id\":\"https:\\\/\\\/renatodias.online\\\/movimento\\\/#\\\/schema\\\/person\\\/bbab28833b1725a20f4083f49f1fb2a9\",\"name\":\"Renato Dias\",\"image\":{\"@type\":\"ImageObject\",\"inLanguage\":\"pt-BR\",\"@id\":\"https:\\\/\\\/renatodias.online\\\/movimento\\\/wp-content\\\/uploads\\\/2023\\\/03\\\/cropped-cropped-cropped-logofinal.jpeg\",\"url\":\"https:\\\/\\\/renatodias.online\\\/movimento\\\/wp-content\\\/uploads\\\/2023\\\/03\\\/cropped-cropped-cropped-logofinal.jpeg\",\"contentUrl\":\"https:\\\/\\\/renatodias.online\\\/movimento\\\/wp-content\\\/uploads\\\/2023\\\/03\\\/cropped-cropped-cropped-logofinal.jpeg\",\"width\":1280,\"height\":219,\"caption\":\"Renato Dias\"},\"logo\":{\"@id\":\"https:\\\/\\\/renatodias.online\\\/movimento\\\/wp-content\\\/uploads\\\/2023\\\/03\\\/cropped-cropped-cropped-logofinal.jpeg\"},\"description\":\"Renato Dias, 58 anos, \u00e9 graduado em Jornalismo, formado em Ci\u00eancias Sociais, com p\u00f3s-gradua\u00e7\u00e3o em Pol\u00edticas P\u00fablicas, mestre em Direito e Rela\u00e7\u00f5es Internacionais, ex-aluno extraordin\u00e1rio do Doutorado em Psicologia Social, ex-estudante do Curso de Psican\u00e1lise do Centro de Estudos Psicanal\u00edticos do Estado de Goi\u00e1s, ministrado pelo m\u00e9dico psiquiatra e psicanalista Daniel Em\u00eddio de Souza. \u00c9 autor de 30 livros-reportagem, oito document\u00e1rios, ganhou 30 pr\u00eamios e \u00e9 torcedor apaixonado do maior do Centro-Oeste, o Vila Nova Futebol Clube. Casado com Meirilane Dias, \u00e9 pai de Juliana Dias, jornalista; Daniel Dias, economista; e Maria Rosa Dias, estudante antifascista, socialista e trotskista.\u00a0Com tr\u00eas pets: Porquinho [Bull Dog Franc\u00eas], Dalila [Basset Hound] e Geleia [Basset Hound]. Al\u00e9m do eterno gato Tutuquinho, que virou estrela.\",\"sameAs\":[\"https:\\\/\\\/www.facebook.com\\\/renato.dias.37\",\"#breve\",\"https:\\\/\\\/renatodias.tumblr.com\\\/\"],\"url\":\"https:\\\/\\\/renatodias.online\\\/movimento\\\/author\\\/renatodias\\\/\"}]}<\/script>\n<!-- \/ Yoast SEO plugin. -->","yoast_head_json":{"title":"Pela dignidade menstrual -","robots":{"index":"index","follow":"follow","max-snippet":"max-snippet:-1","max-image-preview":"max-image-preview:large","max-video-preview":"max-video-preview:-1"},"canonical":"https:\/\/renatodias.online\/movimento\/2021\/10\/11\/pela-dignidade-menstrual\/","og_locale":"pt_BR","og_type":"article","og_title":"Pela dignidade menstrual -","og_description":"Cristina Lopes lan\u00e7a campanha Pela dignidade menstrual Acesse o perfil no Instagram @movumnovociclo &nbsp; Renato Dias A secret\u00e1ria municipal de Direitos Humanos e Pol\u00edticas Afirmativas de Goi\u00e2nia, Cristina Lopes, informa ao Portal de Not\u00edcias www.renatodias.online o lan\u00e7amento da Campanha Pela Dignidade Menstrual. Perfil no Instagram A titular da Pasta da Prefeitura Municipal de Goi\u00e2nia relata","og_url":"https:\/\/renatodias.online\/movimento\/2021\/10\/11\/pela-dignidade-menstrual\/","article_publisher":"https:\/\/www.facebook.com\/renato.dias.37","article_author":"https:\/\/www.facebook.com\/renato.dias.37","article_published_time":"2021-10-11T15:01:58+00:00","article_modified_time":"2021-10-11T15:03:42+00:00","og_image":[{"width":275,"height":183,"url":"https:\/\/renatodias.online\/movimento\/wp-content\/uploads\/2020\/05\/Cristina-Lopes-4-e1633964506928.jpg","type":"image\/jpeg"}],"author":"Renato Dias","twitter_card":"summary_large_image","twitter_creator":"@RenatoDiasBat","twitter_site":"@RenatoDiasBat","twitter_misc":{"Escrito por":"Renato Dias","Est. tempo de leitura":"1 minuto"},"schema":{"@context":"https:\/\/schema.org","@graph":[{"@type":"Article","@id":"https:\/\/renatodias.online\/movimento\/2021\/10\/11\/pela-dignidade-menstrual\/#article","isPartOf":{"@id":"https:\/\/renatodias.online\/movimento\/2021\/10\/11\/pela-dignidade-menstrual\/"},"author":{"name":"Renato Dias","@id":"https:\/\/renatodias.online\/movimento\/#\/schema\/person\/bbab28833b1725a20f4083f49f1fb2a9"},"headline":"Pela dignidade menstrual","datePublished":"2021-10-11T15:01:58+00:00","dateModified":"2021-10-11T15:03:42+00:00","mainEntityOfPage":{"@id":"https:\/\/renatodias.online\/movimento\/2021\/10\/11\/pela-dignidade-menstrual\/"},"wordCount":200,"commentCount":0,"publisher":{"@id":"https:\/\/renatodias.online\/movimento\/#\/schema\/person\/bbab28833b1725a20f4083f49f1fb2a9"},"image":{"@id":"https:\/\/renatodias.online\/movimento\/2021\/10\/11\/pela-dignidade-menstrual\/#primaryimage"},"thumbnailUrl":"https:\/\/renatodias.online\/movimento\/wp-content\/uploads\/2020\/05\/Cristina-Lopes-4-e1633964506928.jpg","articleSection":["Pol\u00edtica"],"inLanguage":"pt-BR","potentialAction":[{"@type":"CommentAction","name":"Comment","target":["https:\/\/renatodias.online\/movimento\/2021\/10\/11\/pela-dignidade-menstrual\/#respond"]}]},{"@type":"WebPage","@id":"https:\/\/renatodias.online\/movimento\/2021\/10\/11\/pela-dignidade-menstrual\/","url":"https:\/\/renatodias.online\/movimento\/2021\/10\/11\/pela-dignidade-menstrual\/","name":"Pela dignidade menstrual -","isPartOf":{"@id":"https:\/\/renatodias.online\/movimento\/#website"},"primaryImageOfPage":{"@id":"https:\/\/renatodias.online\/movimento\/2021\/10\/11\/pela-dignidade-menstrual\/#primaryimage"},"image":{"@id":"https:\/\/renatodias.online\/movimento\/2021\/10\/11\/pela-dignidade-menstrual\/#primaryimage"},"thumbnailUrl":"https:\/\/renatodias.online\/movimento\/wp-content\/uploads\/2020\/05\/Cristina-Lopes-4-e1633964506928.jpg","datePublished":"2021-10-11T15:01:58+00:00","dateModified":"2021-10-11T15:03:42+00:00","breadcrumb":{"@id":"https:\/\/renatodias.online\/movimento\/2021\/10\/11\/pela-dignidade-menstrual\/#breadcrumb"},"inLanguage":"pt-BR","potentialAction":[{"@type":"ReadAction","target":["https:\/\/renatodias.online\/movimento\/2021\/10\/11\/pela-dignidade-menstrual\/"]}]},{"@type":"ImageObject","inLanguage":"pt-BR","@id":"https:\/\/renatodias.online\/movimento\/2021\/10\/11\/pela-dignidade-menstrual\/#primaryimage","url":"https:\/\/renatodias.online\/movimento\/wp-content\/uploads\/2020\/05\/Cristina-Lopes-4-e1633964506928.jpg","contentUrl":"https:\/\/renatodias.online\/movimento\/wp-content\/uploads\/2020\/05\/Cristina-Lopes-4-e1633964506928.jpg","width":275,"height":183,"caption":"Cristina Lopes"},{"@type":"BreadcrumbList","@id":"https:\/\/renatodias.online\/movimento\/2021\/10\/11\/pela-dignidade-menstrual\/#breadcrumb","itemListElement":[{"@type":"ListItem","position":1,"name":"In\u00edcio","item":"https:\/\/renatodias.online\/movimento\/"},{"@type":"ListItem","position":2,"name":"Pela dignidade menstrual"}]},{"@type":"WebSite","@id":"https:\/\/renatodias.online\/movimento\/#website","url":"https:\/\/renatodias.online\/movimento\/","name":"","description":"","publisher":{"@id":"https:\/\/renatodias.online\/movimento\/#\/schema\/person\/bbab28833b1725a20f4083f49f1fb2a9"},"potentialAction":[{"@type":"SearchAction","target":{"@type":"EntryPoint","urlTemplate":"https:\/\/renatodias.online\/movimento\/?s={search_term_string}"},"query-input":{"@type":"PropertyValueSpecification","valueRequired":true,"valueName":"search_term_string"}}],"inLanguage":"pt-BR"},{"@type":["Person","Organization"],"@id":"https:\/\/renatodias.online\/movimento\/#\/schema\/person\/bbab28833b1725a20f4083f49f1fb2a9","name":"Renato Dias","image":{"@type":"ImageObject","inLanguage":"pt-BR","@id":"https:\/\/renatodias.online\/movimento\/wp-content\/uploads\/2023\/03\/cropped-cropped-cropped-logofinal.jpeg","url":"https:\/\/renatodias.online\/movimento\/wp-content\/uploads\/2023\/03\/cropped-cropped-cropped-logofinal.jpeg","contentUrl":"https:\/\/renatodias.online\/movimento\/wp-content\/uploads\/2023\/03\/cropped-cropped-cropped-logofinal.jpeg","width":1280,"height":219,"caption":"Renato Dias"},"logo":{"@id":"https:\/\/renatodias.online\/movimento\/wp-content\/uploads\/2023\/03\/cropped-cropped-cropped-logofinal.jpeg"},"description":"Renato Dias, 58 anos, \u00e9 graduado em Jornalismo, formado em Ci\u00eancias Sociais, com p\u00f3s-gradua\u00e7\u00e3o em Pol\u00edticas P\u00fablicas, mestre em Direito e Rela\u00e7\u00f5es Internacionais, ex-aluno extraordin\u00e1rio do Doutorado em Psicologia Social, ex-estudante do Curso de Psican\u00e1lise do Centro de Estudos Psicanal\u00edticos do Estado de Goi\u00e1s, ministrado pelo m\u00e9dico psiquiatra e psicanalista Daniel Em\u00eddio de Souza. \u00c9 autor de 30 livros-reportagem, oito document\u00e1rios, ganhou 30 pr\u00eamios e \u00e9 torcedor apaixonado do maior do Centro-Oeste, o Vila Nova Futebol Clube. Casado com Meirilane Dias, \u00e9 pai de Juliana Dias, jornalista; Daniel Dias, economista; e Maria Rosa Dias, estudante antifascista, socialista e trotskista.\u00a0Com tr\u00eas pets: Porquinho [Bull Dog Franc\u00eas], Dalila [Basset Hound] e Geleia [Basset Hound]. Al\u00e9m do eterno gato Tutuquinho, que virou estrela.","sameAs":["https:\/\/www.facebook.com\/renato.dias.37","#breve","https:\/\/renatodias.tumblr.com\/"],"url":"https:\/\/renatodias.online\/movimento\/author\/renatodias\/"}]}},"_links":{"self":[{"href":"https:\/\/renatodias.online\/movimento\/wp-json\/wp\/v2\/posts\/9283","targetHints":{"allow":["GET"]}}],"collection":[{"href":"https:\/\/renatodias.online\/movimento\/wp-json\/wp\/v2\/posts"}],"about":[{"href":"https:\/\/renatodias.online\/movimento\/wp-json\/wp\/v2\/types\/post"}],"author":[{"embeddable":true,"href":"https:\/\/renatodias.online\/movimento\/wp-json\/wp\/v2\/users\/2"}],"replies":[{"embeddable":true,"href":"https:\/\/renatodias.online\/movimento\/wp-json\/wp\/v2\/comments?post=9283"}],"version-history":[{"count":2,"href":"https:\/\/renatodias.online\/movimento\/wp-json\/wp\/v2\/posts\/9283\/revisions"}],"predecessor-version":[{"id":9287,"href":"https:\/\/renatodias.online\/movimento\/wp-json\/wp\/v2\/posts\/9283\/revisions\/9287"}],"wp:featuredmedia":[{"embeddable":true,"href":"https:\/\/renatodias.online\/movimento\/wp-json\/wp\/v2\/media\/3707"}],"wp:attachment":[{"href":"https:\/\/renatodias.online\/movimento\/wp-json\/wp\/v2\/media?parent=9283"}],"wp:term":[{"taxonomy":"category","embeddable":true,"href":"https:\/\/renatodias.online\/movimento\/wp-json\/wp\/v2\/categories?post=9283"},{"taxonomy":"post_tag","embeddable":true,"href":"https:\/\/renatodias.online\/movimento\/wp-json\/wp\/v2\/tags?post=9283"}],"curies":[{"name":"wp","href":"https:\/\/api.w.org\/{rel}","templated":true}]}}