{"id":9191,"date":"2021-10-01T10:54:12","date_gmt":"2021-10-01T13:54:12","guid":{"rendered":"https:\/\/renatodias.online\/movimento\/?p=9191"},"modified":"2021-10-01T10:54:12","modified_gmt":"2021-10-01T13:54:12","slug":"partidos-definem-taticas","status":"publish","type":"post","link":"https:\/\/renatodias.online\/movimento\/2021\/10\/01\/partidos-definem-taticas\/","title":{"rendered":"Partidos definem t\u00e1ticas"},"content":{"rendered":"<p><img loading=\"lazy\" decoding=\"async\" class=\"alignnone size-full wp-image-4894\" src=\"https:\/\/renatodias.online\/movimento\/wp-content\/uploads\/2020\/11\/Alto-da-p\u00e1gina-Banner-Exclusivo-1.png\" alt=\"\" width=\"1224\" height=\"372\" \/><\/p>\n<h1 style=\"text-align: center;\"><span style=\"color: #ff0000;\"><strong>Partidos definem t\u00e1ticas<\/strong><\/span><\/h1>\n<figure id=\"attachment_7568\" aria-describedby=\"caption-attachment-7568\" style=\"width: 1080px\" class=\"wp-caption alignnone\"><img loading=\"lazy\" decoding=\"async\" class=\"size-full wp-image-7568\" src=\"https:\/\/renatodias.online\/movimento\/wp-content\/uploads\/2021\/07\/Ato-de-3-de-julho-_-Cristiane-Lemos.jpg\" alt=\"\" width=\"1080\" height=\"1350\" \/><figcaption id=\"caption-attachment-7568\" class=\"wp-caption-text\"><strong>Ato em Goi\u00e2nia<\/strong><\/figcaption><\/figure>\n<figure id=\"attachment_5888\" aria-describedby=\"caption-attachment-5888\" style=\"width: 600px\" class=\"wp-caption aligncenter\"><img loading=\"lazy\" decoding=\"async\" class=\"size-full wp-image-5888\" src=\"https:\/\/renatodias.online\/movimento\/wp-content\/uploads\/2021\/04\/Bomba-A-morte-da-Politica.jpg\" alt=\"explosivo\" width=\"600\" height=\"600\" \/><figcaption id=\"caption-attachment-5888\" class=\"wp-caption-text\"><span style=\"color: #ff0000;\"><strong>explosivo<\/strong><\/span><\/figcaption><\/figure>\n<p><strong>Renato Dias<\/strong><\/p>\n<p>O presidente do Partido Socialista Brasileiro [PSB], no Estado de Goi\u00e1s, <strong>Elias Vaz<\/strong>, deputado federal investigativo e barulhento em Bras\u00edlia [DF], quer a constru\u00e7\u00e3o de uma Frente Ampla. A divis\u00e3o no campo democr\u00e1tico e popular em 2021 e no ano de 2022 poder\u00e1 consolidar o fascismo de novo tipo do atual presidente da Rep\u00fablica, Jair Messias Bolsonaro, afirma. A unidade \u00e9 a pauta pela democracia, pontua. O impeachment, hoje, \u00e9 indispens\u00e1vel, cr\u00ea. A tend\u00eancia \u00e9 de polariza\u00e7\u00e3o, sem espa\u00e7o ao crescimento de uma eventual\u00a0 Terceira Via, antev\u00ea o parlamentar.<\/p>\n<figure id=\"attachment_9195\" aria-describedby=\"caption-attachment-9195\" style=\"width: 1200px\" class=\"wp-caption alignnone\"><img loading=\"lazy\" decoding=\"async\" class=\"size-full wp-image-9195\" src=\"https:\/\/renatodias.online\/movimento\/wp-content\/uploads\/2021\/10\/Elias-Vaz-PSB.jpg\" alt=\"\" width=\"1200\" height=\"796\" srcset=\"https:\/\/renatodias.online\/movimento\/wp-content\/uploads\/2021\/10\/Elias-Vaz-PSB.jpg 1200w, https:\/\/renatodias.online\/movimento\/wp-content\/uploads\/2021\/10\/Elias-Vaz-PSB-300x199.jpg 300w, https:\/\/renatodias.online\/movimento\/wp-content\/uploads\/2021\/10\/Elias-Vaz-PSB-768x509.jpg 768w, https:\/\/renatodias.online\/movimento\/wp-content\/uploads\/2021\/10\/Elias-Vaz-PSB-360x240.jpg 360w, https:\/\/renatodias.online\/movimento\/wp-content\/uploads\/2021\/10\/Elias-Vaz-PSB-750x498.jpg 750w\" sizes=\"auto, (max-width: 1200px) 100vw, 1200px\" \/><figcaption id=\"caption-attachment-9195\" class=\"wp-caption-text\"><strong>Elias Vaz<\/strong><\/figcaption><\/figure>\n<p>O presidente da Rep\u00fablica, Jair Messias Bolsonaro, diz que nada est\u00e1 t\u00e3o ruim, que n\u00e3o possa piorar, recorda-se o ex-vereador e dirigente do PC do B <strong>Euler Ivo Vieira<\/strong>. \u00a0O ministro da Economia, neoliberal Paulo Guedes, debocha dos pobres, v\u00edtimas da explora\u00e7\u00e3o e da opress\u00e3o, explica. O Governo Federal eleito em 2018 \u00e9 um esc\u00e1rnio contra a popula\u00e7\u00e3o brasileira, desabafa. Uma parcela dos 213 milh\u00f5es de habitantes do Brasil estaria idiotizada pela Teologia da Prosperidade, as promessas v\u00e3s do inquilino do Pal\u00e1cio do Planalto e de supostos pastores e bispos de linhagens neopentecostais que a induzem a darem suporte social e pol\u00edtico ao Bolsonarismo, critica o l\u00edder marxista e leninista.<\/p>\n<figure id=\"attachment_7522\" aria-describedby=\"caption-attachment-7522\" style=\"width: 1190px\" class=\"wp-caption alignnone\"><img loading=\"lazy\" decoding=\"async\" class=\"size-full wp-image-7522\" src=\"https:\/\/renatodias.online\/movimento\/wp-content\/uploads\/2021\/07\/Euler-Ivo-Vieira-China.jpeg\" alt=\"\" width=\"1190\" height=\"892\" \/><figcaption id=\"caption-attachment-7522\" class=\"wp-caption-text\"><strong>Euler Ivo Vieira <br \/><\/strong><\/figcaption><\/figure>\n<p>O presidente do Partido Socialista dos Trabalhadores Unificado [PSTU-GO], de linhagem trotskista e morenista, o ide\u00f3logo argentino Nahuel Moreno, <strong>Rubens Donizetti<\/strong>, advogado trabalhista,\u00a0 anuncia que a legenda, de extrema-esquerda far\u00e1 uma plen\u00e1ria nacional virtual pelo Zoom no pr\u00f3ximo dia 7 de outubro de 2021 e espera construir um <strong>Polo Revolucion\u00e1rio<\/strong>. A sigla defende Fora, Jair Messias Bolsonaro e Hamilton Mour\u00e3o Filho, atira. Com a proposta de deflagra\u00e7\u00e3o de greve geral contra o capital, os financiadores das elei\u00e7\u00f5es e das Fake News, fuzila.<\/p>\n<figure id=\"attachment_7282\" aria-describedby=\"caption-attachment-7282\" style=\"width: 2048px\" class=\"wp-caption alignnone\"><img loading=\"lazy\" decoding=\"async\" class=\"size-full wp-image-7282\" src=\"https:\/\/renatodias.online\/movimento\/wp-content\/uploads\/2021\/06\/Rubens-Donizzeti.jpg\" alt=\"\" width=\"2048\" height=\"1238\" \/><figcaption id=\"caption-attachment-7282\" class=\"wp-caption-text\"><strong>Rubens Donizzeti<\/strong><\/figcaption><\/figure>\n<h1><span style=\"color: #ff0000;\"><strong>Trabalhistas em movimento<\/strong><\/span><\/h1>\n<p>O presidente do Movimento Comunit\u00e1rio Trabalhista, do Partido Democr\u00e1tico Trabalhista [PDT], fundado por Leonel Brizola, ex-governador do RS e do RJ, <strong>Jordaci Mattos<\/strong>, revela que integra o movimento nacional Fora, Jair Messias Bolsonaro. Ele prop\u00f5e uma Frente Ampla. \u00c9 preciso garantir o pleito de 2022, ado\u00e7\u00e3o de medidas \u00e0 retomada do crescimento econ\u00f4mico, a redu\u00e7\u00e3o do desemprego, o controle da Pandemia do Coronav\u00edrus Covid 19, que j\u00e1 produziu 600 mil mortes, conta. A agenda \u00e9 ampla, explica o velho dirigente das lutas trabalhistas e sociais.<\/p>\n<figure id=\"attachment_9193\" aria-describedby=\"caption-attachment-9193\" style=\"width: 880px\" class=\"wp-caption alignnone\"><img loading=\"lazy\" decoding=\"async\" class=\"size-full wp-image-9193\" src=\"https:\/\/renatodias.online\/movimento\/wp-content\/uploads\/2021\/10\/Jordaci-Matos-1.jpg\" alt=\"\" width=\"880\" height=\"450\" srcset=\"https:\/\/renatodias.online\/movimento\/wp-content\/uploads\/2021\/10\/Jordaci-Matos-1.jpg 880w, https:\/\/renatodias.online\/movimento\/wp-content\/uploads\/2021\/10\/Jordaci-Matos-1-300x153.jpg 300w, https:\/\/renatodias.online\/movimento\/wp-content\/uploads\/2021\/10\/Jordaci-Matos-1-768x393.jpg 768w, https:\/\/renatodias.online\/movimento\/wp-content\/uploads\/2021\/10\/Jordaci-Matos-1-750x384.jpg 750w\" sizes=\"auto, (max-width: 880px) 100vw, 880px\" \/><figcaption id=\"caption-attachment-9193\" class=\"wp-caption-text\"><strong>Carlos Lupi e Jordaci Matos<\/strong><\/figcaption><\/figure>\n<p>Integrante da Executiva Estadual do Partido dos Trabalhadores, <strong>Erotides Borges<\/strong>, ex-guerrilheiro e revolucion\u00e1rio sem fronteiras,\u00a0 graduado em Gest\u00e3o P\u00fablica, na UEG, conta que o F\u00f3rum Goiano em Defesa dos Direitos, da Democracia e da Soberania, as Centrais Sindicais e os partidos pol\u00edticos de\u00a0 esquerda e\u00a0 progressistas ir\u00e3o \u00e0s ruas, s\u00e1bado, dia 2, para dizer n\u00e3o a Jair Messias Bolsonaro e rejeitar a sua pol\u00edtica econ\u00f4mica. O PT quer o impeachment, ressalta. Al\u00e9m de vacina e alimenta\u00e7\u00e3o a todos, frisa. O l\u00edder petista aprova as investiga\u00e7\u00f5es da CPI da Covid 19.<\/p>\n<p>&nbsp;<\/p>\n<figure id=\"attachment_6741\" aria-describedby=\"caption-attachment-6741\" style=\"width: 1024px\" class=\"wp-caption alignnone\"><img loading=\"lazy\" decoding=\"async\" class=\"size-full wp-image-6741\" src=\"https:\/\/renatodias.online\/movimento\/wp-content\/uploads\/2021\/05\/Erotides-Borges-_-Cuba.jpg\" alt=\"\" width=\"1024\" height=\"683\" \/><figcaption id=\"caption-attachment-6741\" class=\"wp-caption-text\"><strong>Erotides Borges<\/strong><\/figcaption><\/figure>\n<h1><span style=\"color: #ff0000;\"><strong>Unidade Popular e PCR<\/strong><\/span><\/h1>\n<p>A Unidade Popular [UP], legenda de extrema-esquerda rec\u00e9m-legalizada no Tribunal Superior Eleitoral [TSE] , j\u00e1 projeta manifesta\u00e7\u00f5es que re\u00fanam milh\u00f5es de trabalhadores e a juventude no Brasil e no exterior, informa ao <strong>Portal de Not\u00edcias www.renatodias.online Altenir Santos<\/strong>. Com m\u00faltiplas bandeiras, narra. Pela revoga\u00e7\u00e3o das contrarreformas trabalhista e previdenci\u00e1ria, insiste. A palavra de ordem \u00e9 <strong>T\u00e1 tudo muito caro, a culpa \u00e9 do Bolsonaro<\/strong>, afirma ele. UP e PCR [Partido Comunista Revolucion\u00e1rio] condenam as desestatiza\u00e7\u00f5es e o desemprego<\/p>\n<p>Membro da tend\u00eancia interna Comuna, do Psol [Partido Socialismo e Liberdade], criado em 2004, o historiador <strong>Frederico Fraz\u00e3o<\/strong> teme o esvaziamento do ato do dia 2 de outubro de 2021. O l\u00edder socialista recusa a unidade com respons\u00e1veis pelo golpe de tipo novo do ano de 2016 e que deram suporte \u00e0s contrarreformas neoliberais. A bandeira \u00e9 Fora, Jair Messias Bolsonaro e Hamilton Mour\u00e3o, vacina no bra\u00e7o e comida no prato, registra. A Comuna, a se\u00e7\u00e3o brasileira da IV Internacional, quer o impeachment, frisa o revolucion\u00e1ario. O capital buscar\u00e1 a Terceira Via, cr\u00ea.<\/p>\n<h1><span style=\"color: #ff0000;\"><strong>Frente Ampla\u00a0<\/strong><\/span><\/h1>\n<p>O ex &#8211; presidente da Uni\u00e3o Municipal dos Estudantes Secundaristas [Umes de Goi\u00e2nia] <strong>Virg\u00edlio Alencar Santana <\/strong>informa que o Partido Comunista\u00a0 do Brasil [PC do B] defende a Frente Ampla. Sem v\u00ednculo com o passado, frisa. Nem olhar para o retrovisor. O projeto, hoje, \u00e9 para derrotar a escalada fascista de Jair Messias Bolsonaro, presidente da Rep\u00fablica, explica. A abertura e aprova\u00e7\u00e3o do impeachment constituem duas op\u00e7\u00f5es, sim, afirma. A CPI ir\u00e1 desgast\u00e1- lo, acredita. O Tribunal Superior Eleitoral [TSE] pode cassar a chapa completa, alerta.<\/p>\n<figure id=\"attachment_3240\" aria-describedby=\"caption-attachment-3240\" style=\"width: 360px\" class=\"wp-caption aligncenter\"><img loading=\"lazy\" decoding=\"async\" class=\"size-full wp-image-3240\" src=\"https:\/\/renatodias.online\/movimento\/wp-content\/uploads\/2020\/03\/Virgilio-Alencar-Santana.jpg\" alt=\"\" width=\"360\" height=\"360\" srcset=\"https:\/\/renatodias.online\/movimento\/wp-content\/uploads\/2020\/03\/Virgilio-Alencar-Santana.jpg 360w, https:\/\/renatodias.online\/movimento\/wp-content\/uploads\/2020\/03\/Virgilio-Alencar-Santana-150x150.jpg 150w, https:\/\/renatodias.online\/movimento\/wp-content\/uploads\/2020\/03\/Virgilio-Alencar-Santana-300x300.jpg 300w\" sizes=\"auto, (max-width: 360px) 100vw, 360px\" \/><figcaption id=\"caption-attachment-3240\" class=\"wp-caption-text\"><strong>Virg\u00edlio Alencar Santana<\/strong><\/figcaption><\/figure>\n<p>&nbsp;<\/p>\n<p>O Brasil n\u00e3o pode permitir mais 100 mil mortes sob a Pandemia do Coronav\u00edrus Covid 19 para aguardar o calend\u00e1rio eleitoral de outubro de 2022. A observa\u00e7\u00e3o \u00e9 do professor da rede p\u00fablica do Estado de S\u00e3o Paulo, o sindicalista do PT e da Central \u00danica dos Trabalhadores [CUT]\u00a0 <strong>Heitor Cl\u00e1udio e Silva<\/strong>. <em>Band leader<\/em> da tend\u00eancia trotskista <strong>Combate Pelo Socialismo<\/strong> [PT].\u00a0 O impeachment e a cassa\u00e7\u00e3o da chapa s\u00e3o alternativas reais \u00e0 classe trabalhadora, registra. Ele cr\u00ea que a Terceira Via sair\u00e1 mesmo do papel no ano que vem.<\/p>\n<figure id=\"attachment_3300\" aria-describedby=\"caption-attachment-3300\" style=\"width: 960px\" class=\"wp-caption alignnone\"><img loading=\"lazy\" decoding=\"async\" class=\"size-full wp-image-3300\" src=\"https:\/\/renatodias.online\/movimento\/wp-content\/uploads\/2020\/04\/Heitor-Cl\u00e1udio.jpg\" alt=\"\" width=\"960\" height=\"960\" srcset=\"https:\/\/renatodias.online\/movimento\/wp-content\/uploads\/2020\/04\/Heitor-Cl\u00e1udio.jpg 960w, https:\/\/renatodias.online\/movimento\/wp-content\/uploads\/2020\/04\/Heitor-Cl\u00e1udio-150x150.jpg 150w, https:\/\/renatodias.online\/movimento\/wp-content\/uploads\/2020\/04\/Heitor-Cl\u00e1udio-300x300.jpg 300w, https:\/\/renatodias.online\/movimento\/wp-content\/uploads\/2020\/04\/Heitor-Cl\u00e1udio-768x768.jpg 768w, https:\/\/renatodias.online\/movimento\/wp-content\/uploads\/2020\/04\/Heitor-Cl\u00e1udio-750x750.jpg 750w\" sizes=\"auto, (max-width: 960px) 100vw, 960px\" \/><figcaption id=\"caption-attachment-3300\" class=\"wp-caption-text\"><strong>Heitor Cl\u00e1udio<\/strong><\/figcaption><\/figure>\n","protected":false},"excerpt":{"rendered":"<p>Partidos definem t\u00e1ticas Renato Dias O presidente do Partido Socialista Brasileiro [PSB], no Estado de Goi\u00e1s, Elias Vaz, deputado federal investigativo e barulhento em Bras\u00edlia [DF], quer a constru\u00e7\u00e3o de uma Frente Ampla. A divis\u00e3o no campo democr\u00e1tico e popular em 2021 e no ano de 2022 poder\u00e1 consolidar o fascismo de novo tipo do<\/p>\n","protected":false},"author":2,"featured_media":8217,"comment_status":"open","ping_status":"open","sticky":false,"template":"","format":"standard","meta":{"_acf_changed":false,"_monsterinsights_skip_tracking":false,"_monsterinsights_sitenote_active":false,"_monsterinsights_sitenote_note":"","_monsterinsights_sitenote_category":0,"footnotes":""},"categories":[1],"tags":[],"class_list":["post-9191","post","type-post","status-publish","format-standard","has-post-thumbnail","hentry","category-cinema"],"acf":[],"yoast_head":"<!-- This site is optimized with the Yoast SEO plugin v27.4 - https:\/\/yoast.com\/product\/yoast-seo-wordpress\/ -->\n<title>Partidos definem t\u00e1ticas -<\/title>\n<meta name=\"robots\" content=\"index, follow, max-snippet:-1, max-image-preview:large, max-video-preview:-1\" \/>\n<link rel=\"canonical\" href=\"https:\/\/renatodias.online\/movimento\/2021\/10\/01\/partidos-definem-taticas\/\" \/>\n<meta property=\"og:locale\" content=\"pt_BR\" \/>\n<meta property=\"og:type\" content=\"article\" \/>\n<meta property=\"og:title\" content=\"Partidos definem t\u00e1ticas -\" \/>\n<meta property=\"og:description\" content=\"Partidos definem t\u00e1ticas Renato Dias O presidente do Partido Socialista Brasileiro [PSB], no Estado de Goi\u00e1s, Elias Vaz, deputado federal investigativo e barulhento em Bras\u00edlia [DF], quer a constru\u00e7\u00e3o de uma Frente Ampla. A divis\u00e3o no campo democr\u00e1tico e popular em 2021 e no ano de 2022 poder\u00e1 consolidar o fascismo de novo tipo do\" \/>\n<meta property=\"og:url\" content=\"https:\/\/renatodias.online\/movimento\/2021\/10\/01\/partidos-definem-taticas\/\" \/>\n<meta property=\"article:publisher\" content=\"https:\/\/www.facebook.com\/renato.dias.37\" \/>\n<meta property=\"article:author\" content=\"https:\/\/www.facebook.com\/renato.dias.37\" \/>\n<meta property=\"article:published_time\" content=\"2021-10-01T13:54:12+00:00\" \/>\n<meta property=\"og:image\" content=\"https:\/\/renatodias.online\/movimento\/wp-content\/uploads\/2021\/08\/Fora-Bolsonaro.jpg\" \/>\n\t<meta property=\"og:image:width\" content=\"750\" \/>\n\t<meta property=\"og:image:height\" content=\"500\" \/>\n\t<meta property=\"og:image:type\" content=\"image\/jpeg\" \/>\n<meta name=\"author\" content=\"Renato Dias\" \/>\n<meta name=\"twitter:card\" content=\"summary_large_image\" \/>\n<meta name=\"twitter:creator\" content=\"@RenatoDiasBat\" \/>\n<meta name=\"twitter:site\" content=\"@RenatoDiasBat\" \/>\n<meta name=\"twitter:label1\" content=\"Escrito por\" \/>\n\t<meta name=\"twitter:data1\" content=\"Renato Dias\" \/>\n\t<meta name=\"twitter:label2\" content=\"Est. tempo de leitura\" \/>\n\t<meta name=\"twitter:data2\" content=\"5 minutos\" \/>\n<script type=\"application\/ld+json\" class=\"yoast-schema-graph\">{\"@context\":\"https:\\\/\\\/schema.org\",\"@graph\":[{\"@type\":\"Article\",\"@id\":\"https:\\\/\\\/renatodias.online\\\/movimento\\\/2021\\\/10\\\/01\\\/partidos-definem-taticas\\\/#article\",\"isPartOf\":{\"@id\":\"https:\\\/\\\/renatodias.online\\\/movimento\\\/2021\\\/10\\\/01\\\/partidos-definem-taticas\\\/\"},\"author\":{\"name\":\"Renato Dias\",\"@id\":\"https:\\\/\\\/renatodias.online\\\/movimento\\\/#\\\/schema\\\/person\\\/bbab28833b1725a20f4083f49f1fb2a9\"},\"headline\":\"Partidos definem t\u00e1ticas\",\"datePublished\":\"2021-10-01T13:54:12+00:00\",\"mainEntityOfPage\":{\"@id\":\"https:\\\/\\\/renatodias.online\\\/movimento\\\/2021\\\/10\\\/01\\\/partidos-definem-taticas\\\/\"},\"wordCount\":970,\"commentCount\":0,\"publisher\":{\"@id\":\"https:\\\/\\\/renatodias.online\\\/movimento\\\/#\\\/schema\\\/person\\\/bbab28833b1725a20f4083f49f1fb2a9\"},\"image\":{\"@id\":\"https:\\\/\\\/renatodias.online\\\/movimento\\\/2021\\\/10\\\/01\\\/partidos-definem-taticas\\\/#primaryimage\"},\"thumbnailUrl\":\"https:\\\/\\\/renatodias.online\\\/movimento\\\/wp-content\\\/uploads\\\/2021\\\/08\\\/Fora-Bolsonaro.jpg\",\"articleSection\":[\"Cinema\"],\"inLanguage\":\"pt-BR\",\"potentialAction\":[{\"@type\":\"CommentAction\",\"name\":\"Comment\",\"target\":[\"https:\\\/\\\/renatodias.online\\\/movimento\\\/2021\\\/10\\\/01\\\/partidos-definem-taticas\\\/#respond\"]}]},{\"@type\":\"WebPage\",\"@id\":\"https:\\\/\\\/renatodias.online\\\/movimento\\\/2021\\\/10\\\/01\\\/partidos-definem-taticas\\\/\",\"url\":\"https:\\\/\\\/renatodias.online\\\/movimento\\\/2021\\\/10\\\/01\\\/partidos-definem-taticas\\\/\",\"name\":\"Partidos definem t\u00e1ticas -\",\"isPartOf\":{\"@id\":\"https:\\\/\\\/renatodias.online\\\/movimento\\\/#website\"},\"primaryImageOfPage\":{\"@id\":\"https:\\\/\\\/renatodias.online\\\/movimento\\\/2021\\\/10\\\/01\\\/partidos-definem-taticas\\\/#primaryimage\"},\"image\":{\"@id\":\"https:\\\/\\\/renatodias.online\\\/movimento\\\/2021\\\/10\\\/01\\\/partidos-definem-taticas\\\/#primaryimage\"},\"thumbnailUrl\":\"https:\\\/\\\/renatodias.online\\\/movimento\\\/wp-content\\\/uploads\\\/2021\\\/08\\\/Fora-Bolsonaro.jpg\",\"datePublished\":\"2021-10-01T13:54:12+00:00\",\"breadcrumb\":{\"@id\":\"https:\\\/\\\/renatodias.online\\\/movimento\\\/2021\\\/10\\\/01\\\/partidos-definem-taticas\\\/#breadcrumb\"},\"inLanguage\":\"pt-BR\",\"potentialAction\":[{\"@type\":\"ReadAction\",\"target\":[\"https:\\\/\\\/renatodias.online\\\/movimento\\\/2021\\\/10\\\/01\\\/partidos-definem-taticas\\\/\"]}]},{\"@type\":\"ImageObject\",\"inLanguage\":\"pt-BR\",\"@id\":\"https:\\\/\\\/renatodias.online\\\/movimento\\\/2021\\\/10\\\/01\\\/partidos-definem-taticas\\\/#primaryimage\",\"url\":\"https:\\\/\\\/renatodias.online\\\/movimento\\\/wp-content\\\/uploads\\\/2021\\\/08\\\/Fora-Bolsonaro.jpg\",\"contentUrl\":\"https:\\\/\\\/renatodias.online\\\/movimento\\\/wp-content\\\/uploads\\\/2021\\\/08\\\/Fora-Bolsonaro.jpg\",\"width\":750,\"height\":500,\"caption\":\"Fora, Jair Messias Bolsonaro\"},{\"@type\":\"BreadcrumbList\",\"@id\":\"https:\\\/\\\/renatodias.online\\\/movimento\\\/2021\\\/10\\\/01\\\/partidos-definem-taticas\\\/#breadcrumb\",\"itemListElement\":[{\"@type\":\"ListItem\",\"position\":1,\"name\":\"In\u00edcio\",\"item\":\"https:\\\/\\\/renatodias.online\\\/movimento\\\/\"},{\"@type\":\"ListItem\",\"position\":2,\"name\":\"Partidos definem t\u00e1ticas\"}]},{\"@type\":\"WebSite\",\"@id\":\"https:\\\/\\\/renatodias.online\\\/movimento\\\/#website\",\"url\":\"https:\\\/\\\/renatodias.online\\\/movimento\\\/\",\"name\":\"\",\"description\":\"\",\"publisher\":{\"@id\":\"https:\\\/\\\/renatodias.online\\\/movimento\\\/#\\\/schema\\\/person\\\/bbab28833b1725a20f4083f49f1fb2a9\"},\"potentialAction\":[{\"@type\":\"SearchAction\",\"target\":{\"@type\":\"EntryPoint\",\"urlTemplate\":\"https:\\\/\\\/renatodias.online\\\/movimento\\\/?s={search_term_string}\"},\"query-input\":{\"@type\":\"PropertyValueSpecification\",\"valueRequired\":true,\"valueName\":\"search_term_string\"}}],\"inLanguage\":\"pt-BR\"},{\"@type\":[\"Person\",\"Organization\"],\"@id\":\"https:\\\/\\\/renatodias.online\\\/movimento\\\/#\\\/schema\\\/person\\\/bbab28833b1725a20f4083f49f1fb2a9\",\"name\":\"Renato Dias\",\"image\":{\"@type\":\"ImageObject\",\"inLanguage\":\"pt-BR\",\"@id\":\"https:\\\/\\\/renatodias.online\\\/movimento\\\/wp-content\\\/uploads\\\/2023\\\/03\\\/cropped-cropped-cropped-logofinal.jpeg\",\"url\":\"https:\\\/\\\/renatodias.online\\\/movimento\\\/wp-content\\\/uploads\\\/2023\\\/03\\\/cropped-cropped-cropped-logofinal.jpeg\",\"contentUrl\":\"https:\\\/\\\/renatodias.online\\\/movimento\\\/wp-content\\\/uploads\\\/2023\\\/03\\\/cropped-cropped-cropped-logofinal.jpeg\",\"width\":1280,\"height\":219,\"caption\":\"Renato Dias\"},\"logo\":{\"@id\":\"https:\\\/\\\/renatodias.online\\\/movimento\\\/wp-content\\\/uploads\\\/2023\\\/03\\\/cropped-cropped-cropped-logofinal.jpeg\"},\"description\":\"Renato Dias, 58 anos, \u00e9 graduado em Jornalismo, formado em Ci\u00eancias Sociais, com p\u00f3s-gradua\u00e7\u00e3o em Pol\u00edticas P\u00fablicas, mestre em Direito e Rela\u00e7\u00f5es Internacionais, ex-aluno extraordin\u00e1rio do Doutorado em Psicologia Social, ex-estudante do Curso de Psican\u00e1lise do Centro de Estudos Psicanal\u00edticos do Estado de Goi\u00e1s, ministrado pelo m\u00e9dico psiquiatra e psicanalista Daniel Em\u00eddio de Souza. \u00c9 autor de 30 livros-reportagem, oito document\u00e1rios, ganhou 30 pr\u00eamios e \u00e9 torcedor apaixonado do maior do Centro-Oeste, o Vila Nova Futebol Clube. Casado com Meirilane Dias, \u00e9 pai de Juliana Dias, jornalista; Daniel Dias, economista; e Maria Rosa Dias, estudante antifascista, socialista e trotskista.\u00a0Com tr\u00eas pets: Porquinho [Bull Dog Franc\u00eas], Dalila [Basset Hound] e Geleia [Basset Hound]. Al\u00e9m do eterno gato Tutuquinho, que virou estrela.\",\"sameAs\":[\"https:\\\/\\\/www.facebook.com\\\/renato.dias.37\",\"#breve\",\"https:\\\/\\\/renatodias.tumblr.com\\\/\"],\"url\":\"https:\\\/\\\/renatodias.online\\\/movimento\\\/author\\\/renatodias\\\/\"}]}<\/script>\n<!-- \/ Yoast SEO plugin. -->","yoast_head_json":{"title":"Partidos definem t\u00e1ticas -","robots":{"index":"index","follow":"follow","max-snippet":"max-snippet:-1","max-image-preview":"max-image-preview:large","max-video-preview":"max-video-preview:-1"},"canonical":"https:\/\/renatodias.online\/movimento\/2021\/10\/01\/partidos-definem-taticas\/","og_locale":"pt_BR","og_type":"article","og_title":"Partidos definem t\u00e1ticas -","og_description":"Partidos definem t\u00e1ticas Renato Dias O presidente do Partido Socialista Brasileiro [PSB], no Estado de Goi\u00e1s, Elias Vaz, deputado federal investigativo e barulhento em Bras\u00edlia [DF], quer a constru\u00e7\u00e3o de uma Frente Ampla. A divis\u00e3o no campo democr\u00e1tico e popular em 2021 e no ano de 2022 poder\u00e1 consolidar o fascismo de novo tipo do","og_url":"https:\/\/renatodias.online\/movimento\/2021\/10\/01\/partidos-definem-taticas\/","article_publisher":"https:\/\/www.facebook.com\/renato.dias.37","article_author":"https:\/\/www.facebook.com\/renato.dias.37","article_published_time":"2021-10-01T13:54:12+00:00","og_image":[{"width":750,"height":500,"url":"https:\/\/renatodias.online\/movimento\/wp-content\/uploads\/2021\/08\/Fora-Bolsonaro.jpg","type":"image\/jpeg"}],"author":"Renato Dias","twitter_card":"summary_large_image","twitter_creator":"@RenatoDiasBat","twitter_site":"@RenatoDiasBat","twitter_misc":{"Escrito por":"Renato Dias","Est. tempo de leitura":"5 minutos"},"schema":{"@context":"https:\/\/schema.org","@graph":[{"@type":"Article","@id":"https:\/\/renatodias.online\/movimento\/2021\/10\/01\/partidos-definem-taticas\/#article","isPartOf":{"@id":"https:\/\/renatodias.online\/movimento\/2021\/10\/01\/partidos-definem-taticas\/"},"author":{"name":"Renato Dias","@id":"https:\/\/renatodias.online\/movimento\/#\/schema\/person\/bbab28833b1725a20f4083f49f1fb2a9"},"headline":"Partidos definem t\u00e1ticas","datePublished":"2021-10-01T13:54:12+00:00","mainEntityOfPage":{"@id":"https:\/\/renatodias.online\/movimento\/2021\/10\/01\/partidos-definem-taticas\/"},"wordCount":970,"commentCount":0,"publisher":{"@id":"https:\/\/renatodias.online\/movimento\/#\/schema\/person\/bbab28833b1725a20f4083f49f1fb2a9"},"image":{"@id":"https:\/\/renatodias.online\/movimento\/2021\/10\/01\/partidos-definem-taticas\/#primaryimage"},"thumbnailUrl":"https:\/\/renatodias.online\/movimento\/wp-content\/uploads\/2021\/08\/Fora-Bolsonaro.jpg","articleSection":["Cinema"],"inLanguage":"pt-BR","potentialAction":[{"@type":"CommentAction","name":"Comment","target":["https:\/\/renatodias.online\/movimento\/2021\/10\/01\/partidos-definem-taticas\/#respond"]}]},{"@type":"WebPage","@id":"https:\/\/renatodias.online\/movimento\/2021\/10\/01\/partidos-definem-taticas\/","url":"https:\/\/renatodias.online\/movimento\/2021\/10\/01\/partidos-definem-taticas\/","name":"Partidos definem t\u00e1ticas -","isPartOf":{"@id":"https:\/\/renatodias.online\/movimento\/#website"},"primaryImageOfPage":{"@id":"https:\/\/renatodias.online\/movimento\/2021\/10\/01\/partidos-definem-taticas\/#primaryimage"},"image":{"@id":"https:\/\/renatodias.online\/movimento\/2021\/10\/01\/partidos-definem-taticas\/#primaryimage"},"thumbnailUrl":"https:\/\/renatodias.online\/movimento\/wp-content\/uploads\/2021\/08\/Fora-Bolsonaro.jpg","datePublished":"2021-10-01T13:54:12+00:00","breadcrumb":{"@id":"https:\/\/renatodias.online\/movimento\/2021\/10\/01\/partidos-definem-taticas\/#breadcrumb"},"inLanguage":"pt-BR","potentialAction":[{"@type":"ReadAction","target":["https:\/\/renatodias.online\/movimento\/2021\/10\/01\/partidos-definem-taticas\/"]}]},{"@type":"ImageObject","inLanguage":"pt-BR","@id":"https:\/\/renatodias.online\/movimento\/2021\/10\/01\/partidos-definem-taticas\/#primaryimage","url":"https:\/\/renatodias.online\/movimento\/wp-content\/uploads\/2021\/08\/Fora-Bolsonaro.jpg","contentUrl":"https:\/\/renatodias.online\/movimento\/wp-content\/uploads\/2021\/08\/Fora-Bolsonaro.jpg","width":750,"height":500,"caption":"Fora, Jair Messias Bolsonaro"},{"@type":"BreadcrumbList","@id":"https:\/\/renatodias.online\/movimento\/2021\/10\/01\/partidos-definem-taticas\/#breadcrumb","itemListElement":[{"@type":"ListItem","position":1,"name":"In\u00edcio","item":"https:\/\/renatodias.online\/movimento\/"},{"@type":"ListItem","position":2,"name":"Partidos definem t\u00e1ticas"}]},{"@type":"WebSite","@id":"https:\/\/renatodias.online\/movimento\/#website","url":"https:\/\/renatodias.online\/movimento\/","name":"","description":"","publisher":{"@id":"https:\/\/renatodias.online\/movimento\/#\/schema\/person\/bbab28833b1725a20f4083f49f1fb2a9"},"potentialAction":[{"@type":"SearchAction","target":{"@type":"EntryPoint","urlTemplate":"https:\/\/renatodias.online\/movimento\/?s={search_term_string}"},"query-input":{"@type":"PropertyValueSpecification","valueRequired":true,"valueName":"search_term_string"}}],"inLanguage":"pt-BR"},{"@type":["Person","Organization"],"@id":"https:\/\/renatodias.online\/movimento\/#\/schema\/person\/bbab28833b1725a20f4083f49f1fb2a9","name":"Renato Dias","image":{"@type":"ImageObject","inLanguage":"pt-BR","@id":"https:\/\/renatodias.online\/movimento\/wp-content\/uploads\/2023\/03\/cropped-cropped-cropped-logofinal.jpeg","url":"https:\/\/renatodias.online\/movimento\/wp-content\/uploads\/2023\/03\/cropped-cropped-cropped-logofinal.jpeg","contentUrl":"https:\/\/renatodias.online\/movimento\/wp-content\/uploads\/2023\/03\/cropped-cropped-cropped-logofinal.jpeg","width":1280,"height":219,"caption":"Renato Dias"},"logo":{"@id":"https:\/\/renatodias.online\/movimento\/wp-content\/uploads\/2023\/03\/cropped-cropped-cropped-logofinal.jpeg"},"description":"Renato Dias, 58 anos, \u00e9 graduado em Jornalismo, formado em Ci\u00eancias Sociais, com p\u00f3s-gradua\u00e7\u00e3o em Pol\u00edticas P\u00fablicas, mestre em Direito e Rela\u00e7\u00f5es Internacionais, ex-aluno extraordin\u00e1rio do Doutorado em Psicologia Social, ex-estudante do Curso de Psican\u00e1lise do Centro de Estudos Psicanal\u00edticos do Estado de Goi\u00e1s, ministrado pelo m\u00e9dico psiquiatra e psicanalista Daniel Em\u00eddio de Souza. \u00c9 autor de 30 livros-reportagem, oito document\u00e1rios, ganhou 30 pr\u00eamios e \u00e9 torcedor apaixonado do maior do Centro-Oeste, o Vila Nova Futebol Clube. Casado com Meirilane Dias, \u00e9 pai de Juliana Dias, jornalista; Daniel Dias, economista; e Maria Rosa Dias, estudante antifascista, socialista e trotskista.\u00a0Com tr\u00eas pets: Porquinho [Bull Dog Franc\u00eas], Dalila [Basset Hound] e Geleia [Basset Hound]. Al\u00e9m do eterno gato Tutuquinho, que virou estrela.","sameAs":["https:\/\/www.facebook.com\/renato.dias.37","#breve","https:\/\/renatodias.tumblr.com\/"],"url":"https:\/\/renatodias.online\/movimento\/author\/renatodias\/"}]}},"_links":{"self":[{"href":"https:\/\/renatodias.online\/movimento\/wp-json\/wp\/v2\/posts\/9191","targetHints":{"allow":["GET"]}}],"collection":[{"href":"https:\/\/renatodias.online\/movimento\/wp-json\/wp\/v2\/posts"}],"about":[{"href":"https:\/\/renatodias.online\/movimento\/wp-json\/wp\/v2\/types\/post"}],"author":[{"embeddable":true,"href":"https:\/\/renatodias.online\/movimento\/wp-json\/wp\/v2\/users\/2"}],"replies":[{"embeddable":true,"href":"https:\/\/renatodias.online\/movimento\/wp-json\/wp\/v2\/comments?post=9191"}],"version-history":[{"count":1,"href":"https:\/\/renatodias.online\/movimento\/wp-json\/wp\/v2\/posts\/9191\/revisions"}],"predecessor-version":[{"id":9196,"href":"https:\/\/renatodias.online\/movimento\/wp-json\/wp\/v2\/posts\/9191\/revisions\/9196"}],"wp:featuredmedia":[{"embeddable":true,"href":"https:\/\/renatodias.online\/movimento\/wp-json\/wp\/v2\/media\/8217"}],"wp:attachment":[{"href":"https:\/\/renatodias.online\/movimento\/wp-json\/wp\/v2\/media?parent=9191"}],"wp:term":[{"taxonomy":"category","embeddable":true,"href":"https:\/\/renatodias.online\/movimento\/wp-json\/wp\/v2\/categories?post=9191"},{"taxonomy":"post_tag","embeddable":true,"href":"https:\/\/renatodias.online\/movimento\/wp-json\/wp\/v2\/tags?post=9191"}],"curies":[{"name":"wp","href":"https:\/\/api.w.org\/{rel}","templated":true}]}}