{"id":9185,"date":"2021-10-01T10:08:26","date_gmt":"2021-10-01T13:08:26","guid":{"rendered":"https:\/\/renatodias.online\/movimento\/?p=9185"},"modified":"2021-10-01T10:08:26","modified_gmt":"2021-10-01T13:08:26","slug":"as-ideias-de-markus-sokol","status":"publish","type":"post","link":"https:\/\/renatodias.online\/movimento\/2021\/10\/01\/as-ideias-de-markus-sokol\/","title":{"rendered":"As ideias de Markus Sokol"},"content":{"rendered":"<div class=\"adn ads\" data-message-id=\"#msg-a:r7359467849229208220\" data-legacy-message-id=\"17c39772d30a4a8d\">\n<div class=\"gs\">\n<div class=\"\">\n<div id=\":1mm\" class=\"ii gt\">\n<div id=\":1mn\" class=\"a3s aiL \">\n<div dir=\"auto\">\n<div dir=\"auto\">\n<figure id=\"attachment_7666\" aria-describedby=\"caption-attachment-7666\" style=\"width: 1280px\" class=\"wp-caption alignnone\"><img loading=\"lazy\" decoding=\"async\" class=\"size-full wp-image-7666\" src=\"https:\/\/renatodias.online\/movimento\/wp-content\/uploads\/2021\/07\/DAP-principal.jpg\" alt=\"\" width=\"1280\" height=\"720\" \/><figcaption id=\"caption-attachment-7666\" class=\"wp-caption-text\">DAP nas ruas<\/figcaption><\/figure>\n<\/div>\n<div dir=\"auto\"><img loading=\"lazy\" decoding=\"async\" class=\"alignnone size-full wp-image-5007\" src=\"https:\/\/renatodias.online\/movimento\/wp-content\/uploads\/2021\/01\/Alto-da-p\u00e1gina-Banner-Exclusivo.png\" alt=\"\" width=\"1224\" height=\"372\" \/><\/div>\n<div dir=\"auto\"><\/div>\n<h1 dir=\"auto\" style=\"text-align: center;\"><span style=\"color: #ff0000;\">Di\u00e1logo e A\u00e7\u00e3o Petista<\/span><\/h1>\n<figure id=\"attachment_8759\" aria-describedby=\"caption-attachment-8759\" style=\"width: 1024px\" class=\"wp-caption alignnone\"><img loading=\"lazy\" decoding=\"async\" class=\"size-full wp-image-8759\" src=\"https:\/\/renatodias.online\/movimento\/wp-content\/uploads\/2021\/08\/Markus-Sokol.jpg\" alt=\"\" width=\"1024\" height=\"683\" \/><figcaption id=\"caption-attachment-8759\" class=\"wp-caption-text\">Markus Sokol<\/figcaption><\/figure>\n<h1 dir=\"auto\" style=\"text-align: center;\"><span style=\"color: #993366;\"><strong>As ideias de Markus Sokol<\/strong><\/span><\/h1>\n<div dir=\"auto\"><\/div>\n<div dir=\"auto\"><strong>Renato Dias<\/strong><\/div>\n<div dir=\"auto\">S\u00e1bado, dia 2 de outubro de 2021, Frente \u00fanica. \u00c9 o que define <strong>Markus Sokol<\/strong>. Nascido na Pol\u00f4nia e radicado no Brasil. Membro da Executiva Nacional do Partido dos Trabalhadores [PT]. Mais: economista marxista. Al\u00e9m de dirigente do Di\u00e1logo e A\u00e7\u00e3o Petista e da corrente trotskista O Trabalho. Nem &#8220;frente ampla&#8221; nem &#8220;frente de esquerda&#8221;, por Fora, Jair Messias Bolsonaro. Frente \u00danica, conceitua. Golpear juntos e marchar separados, explica.<\/div>\n<div dir=\"auto\">\n<figure id=\"attachment_8352\" aria-describedby=\"caption-attachment-8352\" style=\"width: 444px\" class=\"wp-caption aligncenter\"><img loading=\"lazy\" decoding=\"async\" class=\"size-full wp-image-8352\" src=\"https:\/\/renatodias.online\/movimento\/wp-content\/uploads\/2021\/08\/Estrela-do-PT.jpg\" alt=\"\" width=\"444\" height=\"465\" \/><figcaption id=\"caption-attachment-8352\" class=\"wp-caption-text\"><strong>Estrela do PT<\/strong><\/figcaption><\/figure>\n<\/div>\n<div dir=\"auto\"><\/div>\n<div dir=\"auto\">Adepto das ideias de <strong>Leon Trotski<\/strong>, ele diz que, no caso da luta pelo Fora, Jair Messias Bolsonaro, se houver, em Bras\u00edlia, um pedido de impeachment, sem d\u00favida, os parlamentares do PT, Psol e PC do B devem votar juntos com os parlamentares de partidos de direita. N\u00e3o vejo \u00e9 motivo para dar palanque dia 2 para a quem vota a pol\u00edtica econ\u00f4mica de Jair Messias Bolsonaro, pontua.<\/div>\n<div dir=\"auto\"><\/div>\n<div dir=\"auto\">\n<figure id=\"attachment_3514\" aria-describedby=\"caption-attachment-3514\" style=\"width: 1200px\" class=\"wp-caption alignnone\"><img loading=\"lazy\" decoding=\"async\" class=\"size-full wp-image-3514\" src=\"https:\/\/renatodias.online\/movimento\/wp-content\/uploads\/2020\/05\/Leon-Trotski-Galeria-de-imagens-1.jpg\" alt=\"\" width=\"1200\" height=\"675\" \/><figcaption id=\"caption-attachment-3514\" class=\"wp-caption-text\"><strong>Leon Trotsky<\/strong><\/figcaption><\/figure>\n<\/div>\n<div dir=\"auto\"><\/div>\n<div dir=\"auto\">Como na privatiza\u00e7\u00e3o da Empresa Brasileira de Correios e Tel\u00e9grafos [ECT], por exemplo, desabafa. Al\u00e9m de o ajuda-lo de fato a seguir governando o Brasil, dispara.\u00a0 Marchemos separados, fuzila. \u00c9 fundamental acabar com o governo Jair Messias Bolsonaro o quanto antes, exige. O Brasil sangra muito mais que ele e sua fam\u00edlia e a na\u00e7\u00e3o n\u00e3o merece o desmonte at\u00e9 janeiro de 2023, atira. O que ter\u00e1 sobrado at\u00e9 l\u00e1?, questiona o internacionalista.<\/div>\n<div dir=\"auto\"><\/div>\n<\/div>\n<div dir=\"auto\">\n<figure id=\"attachment_5403\" aria-describedby=\"caption-attachment-5403\" style=\"width: 440px\" class=\"wp-caption aligncenter\"><img loading=\"lazy\" decoding=\"async\" class=\"size-full wp-image-5403\" src=\"https:\/\/renatodias.online\/movimento\/wp-content\/uploads\/2021\/03\/Luiz-Inacio-Lula-da-Silva.jpg\" alt=\"Luiz In\u00e1cio Lula da Silva\" width=\"440\" height=\"526\" \/><figcaption id=\"caption-attachment-5403\" class=\"wp-caption-text\"><strong>Luiz In\u00e1cio Lula da Silva<\/strong><\/figcaption><\/figure>\n<\/div>\n<h1 dir=\"auto\"><strong>Luiz In\u00e1cio Lula da Silva<\/strong><\/h1>\n<div dir=\"auto\">\n<div dir=\"auto\">Luiz In\u00e1cio Lula da Silva, a maior lideran\u00e7a popular do pa\u00eds, deve ter protagonismo na luta desde j\u00e1, frisa. A Terceira Via \u00e9 cogita\u00e7\u00e3o de for\u00e7as para as elei\u00e7\u00f5es de outubro de 2022, n\u00e3o \u00e9 para acabar com o governo federal agora, define &#8211; a. Assim como a frente de esquerda, que pode ser estreita, e a frente ampla, que pode ser escrachada, s\u00e3o propostas para as elei\u00e7\u00f5es, diz.O ideal \u00e9 uma constituinte de refunda\u00e7\u00e3o do Pa\u00eds com justi\u00e7a social e soberania nacional, afirma.<\/div>\n<div dir=\"auto\"><\/div>\n<div dir=\"auto\"><strong>_ A quest\u00e3o da hora \u00e9 o Fora, Jair Messias Bolsonaro!<\/strong><\/div>\n<\/div>\n<\/div>\n<\/div>\n<\/div>\n<\/div>\n<\/div>\n<div class=\"dJ\"><\/div>\n<div>\n<figure id=\"attachment_8998\" aria-describedby=\"caption-attachment-8998\" style=\"width: 1080px\" class=\"wp-caption alignnone\"><img loading=\"lazy\" decoding=\"async\" class=\"size-full wp-image-8998\" src=\"https:\/\/renatodias.online\/movimento\/wp-content\/uploads\/2021\/09\/Fora-Jair-Messias-Bolsonaro.jpg\" alt=\"\" width=\"1080\" height=\"1080\" \/><figcaption id=\"caption-attachment-8998\" class=\"wp-caption-text\">Fora, Jair Messias Bolsonaro<\/figcaption><\/figure>\n<\/div>\n","protected":false},"excerpt":{"rendered":"<p>Di\u00e1logo e A\u00e7\u00e3o Petista As ideias de Markus Sokol Renato Dias S\u00e1bado, dia 2 de outubro de 2021, Frente \u00fanica. \u00c9 o que define Markus Sokol. Nascido na Pol\u00f4nia e radicado no Brasil. Membro da Executiva Nacional do Partido dos Trabalhadores [PT]. Mais: economista marxista. Al\u00e9m de dirigente do Di\u00e1logo e A\u00e7\u00e3o Petista e da<\/p>\n","protected":false},"author":2,"featured_media":3717,"comment_status":"open","ping_status":"open","sticky":false,"template":"","format":"standard","meta":{"_acf_changed":false,"_monsterinsights_skip_tracking":false,"_monsterinsights_sitenote_active":false,"_monsterinsights_sitenote_note":"","_monsterinsights_sitenote_category":0,"footnotes":""},"categories":[4],"tags":[],"class_list":["post-9185","post","type-post","status-publish","format-standard","has-post-thumbnail","hentry","category-politica"],"acf":[],"yoast_head":"<!-- This site is optimized with the Yoast SEO plugin v27.4 - https:\/\/yoast.com\/product\/yoast-seo-wordpress\/ -->\n<title>As ideias de Markus Sokol -<\/title>\n<meta name=\"robots\" content=\"index, follow, max-snippet:-1, max-image-preview:large, max-video-preview:-1\" \/>\n<link rel=\"canonical\" href=\"https:\/\/renatodias.online\/movimento\/2021\/10\/01\/as-ideias-de-markus-sokol\/\" \/>\n<meta property=\"og:locale\" content=\"pt_BR\" \/>\n<meta property=\"og:type\" content=\"article\" \/>\n<meta property=\"og:title\" content=\"As ideias de Markus Sokol -\" \/>\n<meta property=\"og:description\" content=\"Di\u00e1logo e A\u00e7\u00e3o Petista As ideias de Markus Sokol Renato Dias S\u00e1bado, dia 2 de outubro de 2021, Frente \u00fanica. \u00c9 o que define Markus Sokol. Nascido na Pol\u00f4nia e radicado no Brasil. Membro da Executiva Nacional do Partido dos Trabalhadores [PT]. Mais: economista marxista. Al\u00e9m de dirigente do Di\u00e1logo e A\u00e7\u00e3o Petista e da\" \/>\n<meta property=\"og:url\" content=\"https:\/\/renatodias.online\/movimento\/2021\/10\/01\/as-ideias-de-markus-sokol\/\" \/>\n<meta property=\"article:publisher\" content=\"https:\/\/www.facebook.com\/renato.dias.37\" \/>\n<meta property=\"article:author\" content=\"https:\/\/www.facebook.com\/renato.dias.37\" \/>\n<meta property=\"article:published_time\" content=\"2021-10-01T13:08:26+00:00\" \/>\n<meta property=\"og:image\" content=\"https:\/\/renatodias.online\/movimento\/wp-content\/uploads\/2020\/05\/markus-sokol-768x432-e1625782564355.jpg\" \/>\n\t<meta property=\"og:image:width\" content=\"300\" \/>\n\t<meta property=\"og:image:height\" content=\"169\" \/>\n\t<meta property=\"og:image:type\" content=\"image\/jpeg\" \/>\n<meta name=\"author\" content=\"Renato Dias\" \/>\n<meta name=\"twitter:card\" content=\"summary_large_image\" \/>\n<meta name=\"twitter:creator\" content=\"@RenatoDiasBat\" \/>\n<meta name=\"twitter:site\" content=\"@RenatoDiasBat\" \/>\n<meta name=\"twitter:label1\" content=\"Escrito por\" \/>\n\t<meta name=\"twitter:data1\" content=\"Renato Dias\" \/>\n\t<meta name=\"twitter:label2\" content=\"Est. tempo de leitura\" \/>\n\t<meta name=\"twitter:data2\" content=\"2 minutos\" \/>\n<script type=\"application\/ld+json\" class=\"yoast-schema-graph\">{\"@context\":\"https:\\\/\\\/schema.org\",\"@graph\":[{\"@type\":\"Article\",\"@id\":\"https:\\\/\\\/renatodias.online\\\/movimento\\\/2021\\\/10\\\/01\\\/as-ideias-de-markus-sokol\\\/#article\",\"isPartOf\":{\"@id\":\"https:\\\/\\\/renatodias.online\\\/movimento\\\/2021\\\/10\\\/01\\\/as-ideias-de-markus-sokol\\\/\"},\"author\":{\"name\":\"Renato Dias\",\"@id\":\"https:\\\/\\\/renatodias.online\\\/movimento\\\/#\\\/schema\\\/person\\\/bbab28833b1725a20f4083f49f1fb2a9\"},\"headline\":\"As ideias de Markus Sokol\",\"datePublished\":\"2021-10-01T13:08:26+00:00\",\"mainEntityOfPage\":{\"@id\":\"https:\\\/\\\/renatodias.online\\\/movimento\\\/2021\\\/10\\\/01\\\/as-ideias-de-markus-sokol\\\/\"},\"wordCount\":408,\"commentCount\":0,\"publisher\":{\"@id\":\"https:\\\/\\\/renatodias.online\\\/movimento\\\/#\\\/schema\\\/person\\\/bbab28833b1725a20f4083f49f1fb2a9\"},\"image\":{\"@id\":\"https:\\\/\\\/renatodias.online\\\/movimento\\\/2021\\\/10\\\/01\\\/as-ideias-de-markus-sokol\\\/#primaryimage\"},\"thumbnailUrl\":\"https:\\\/\\\/renatodias.online\\\/movimento\\\/wp-content\\\/uploads\\\/2020\\\/05\\\/markus-sokol-768x432-e1625782564355.jpg\",\"articleSection\":[\"Pol\u00edtica\"],\"inLanguage\":\"pt-BR\",\"potentialAction\":[{\"@type\":\"CommentAction\",\"name\":\"Comment\",\"target\":[\"https:\\\/\\\/renatodias.online\\\/movimento\\\/2021\\\/10\\\/01\\\/as-ideias-de-markus-sokol\\\/#respond\"]}]},{\"@type\":\"WebPage\",\"@id\":\"https:\\\/\\\/renatodias.online\\\/movimento\\\/2021\\\/10\\\/01\\\/as-ideias-de-markus-sokol\\\/\",\"url\":\"https:\\\/\\\/renatodias.online\\\/movimento\\\/2021\\\/10\\\/01\\\/as-ideias-de-markus-sokol\\\/\",\"name\":\"As ideias de Markus Sokol -\",\"isPartOf\":{\"@id\":\"https:\\\/\\\/renatodias.online\\\/movimento\\\/#website\"},\"primaryImageOfPage\":{\"@id\":\"https:\\\/\\\/renatodias.online\\\/movimento\\\/2021\\\/10\\\/01\\\/as-ideias-de-markus-sokol\\\/#primaryimage\"},\"image\":{\"@id\":\"https:\\\/\\\/renatodias.online\\\/movimento\\\/2021\\\/10\\\/01\\\/as-ideias-de-markus-sokol\\\/#primaryimage\"},\"thumbnailUrl\":\"https:\\\/\\\/renatodias.online\\\/movimento\\\/wp-content\\\/uploads\\\/2020\\\/05\\\/markus-sokol-768x432-e1625782564355.jpg\",\"datePublished\":\"2021-10-01T13:08:26+00:00\",\"breadcrumb\":{\"@id\":\"https:\\\/\\\/renatodias.online\\\/movimento\\\/2021\\\/10\\\/01\\\/as-ideias-de-markus-sokol\\\/#breadcrumb\"},\"inLanguage\":\"pt-BR\",\"potentialAction\":[{\"@type\":\"ReadAction\",\"target\":[\"https:\\\/\\\/renatodias.online\\\/movimento\\\/2021\\\/10\\\/01\\\/as-ideias-de-markus-sokol\\\/\"]}]},{\"@type\":\"ImageObject\",\"inLanguage\":\"pt-BR\",\"@id\":\"https:\\\/\\\/renatodias.online\\\/movimento\\\/2021\\\/10\\\/01\\\/as-ideias-de-markus-sokol\\\/#primaryimage\",\"url\":\"https:\\\/\\\/renatodias.online\\\/movimento\\\/wp-content\\\/uploads\\\/2020\\\/05\\\/markus-sokol-768x432-e1625782564355.jpg\",\"contentUrl\":\"https:\\\/\\\/renatodias.online\\\/movimento\\\/wp-content\\\/uploads\\\/2020\\\/05\\\/markus-sokol-768x432-e1625782564355.jpg\",\"width\":300,\"height\":169,\"caption\":\"Markus Sokol\"},{\"@type\":\"BreadcrumbList\",\"@id\":\"https:\\\/\\\/renatodias.online\\\/movimento\\\/2021\\\/10\\\/01\\\/as-ideias-de-markus-sokol\\\/#breadcrumb\",\"itemListElement\":[{\"@type\":\"ListItem\",\"position\":1,\"name\":\"In\u00edcio\",\"item\":\"https:\\\/\\\/renatodias.online\\\/movimento\\\/\"},{\"@type\":\"ListItem\",\"position\":2,\"name\":\"As ideias de Markus Sokol\"}]},{\"@type\":\"WebSite\",\"@id\":\"https:\\\/\\\/renatodias.online\\\/movimento\\\/#website\",\"url\":\"https:\\\/\\\/renatodias.online\\\/movimento\\\/\",\"name\":\"\",\"description\":\"\",\"publisher\":{\"@id\":\"https:\\\/\\\/renatodias.online\\\/movimento\\\/#\\\/schema\\\/person\\\/bbab28833b1725a20f4083f49f1fb2a9\"},\"potentialAction\":[{\"@type\":\"SearchAction\",\"target\":{\"@type\":\"EntryPoint\",\"urlTemplate\":\"https:\\\/\\\/renatodias.online\\\/movimento\\\/?s={search_term_string}\"},\"query-input\":{\"@type\":\"PropertyValueSpecification\",\"valueRequired\":true,\"valueName\":\"search_term_string\"}}],\"inLanguage\":\"pt-BR\"},{\"@type\":[\"Person\",\"Organization\"],\"@id\":\"https:\\\/\\\/renatodias.online\\\/movimento\\\/#\\\/schema\\\/person\\\/bbab28833b1725a20f4083f49f1fb2a9\",\"name\":\"Renato Dias\",\"image\":{\"@type\":\"ImageObject\",\"inLanguage\":\"pt-BR\",\"@id\":\"https:\\\/\\\/renatodias.online\\\/movimento\\\/wp-content\\\/uploads\\\/2023\\\/03\\\/cropped-cropped-cropped-logofinal.jpeg\",\"url\":\"https:\\\/\\\/renatodias.online\\\/movimento\\\/wp-content\\\/uploads\\\/2023\\\/03\\\/cropped-cropped-cropped-logofinal.jpeg\",\"contentUrl\":\"https:\\\/\\\/renatodias.online\\\/movimento\\\/wp-content\\\/uploads\\\/2023\\\/03\\\/cropped-cropped-cropped-logofinal.jpeg\",\"width\":1280,\"height\":219,\"caption\":\"Renato Dias\"},\"logo\":{\"@id\":\"https:\\\/\\\/renatodias.online\\\/movimento\\\/wp-content\\\/uploads\\\/2023\\\/03\\\/cropped-cropped-cropped-logofinal.jpeg\"},\"description\":\"Renato Dias, 58 anos, \u00e9 graduado em Jornalismo, formado em Ci\u00eancias Sociais, com p\u00f3s-gradua\u00e7\u00e3o em Pol\u00edticas P\u00fablicas, mestre em Direito e Rela\u00e7\u00f5es Internacionais, ex-aluno extraordin\u00e1rio do Doutorado em Psicologia Social, ex-estudante do Curso de Psican\u00e1lise do Centro de Estudos Psicanal\u00edticos do Estado de Goi\u00e1s, ministrado pelo m\u00e9dico psiquiatra e psicanalista Daniel Em\u00eddio de Souza. \u00c9 autor de 30 livros-reportagem, oito document\u00e1rios, ganhou 30 pr\u00eamios e \u00e9 torcedor apaixonado do maior do Centro-Oeste, o Vila Nova Futebol Clube. Casado com Meirilane Dias, \u00e9 pai de Juliana Dias, jornalista; Daniel Dias, economista; e Maria Rosa Dias, estudante antifascista, socialista e trotskista.\u00a0Com tr\u00eas pets: Porquinho [Bull Dog Franc\u00eas], Dalila [Basset Hound] e Geleia [Basset Hound]. Al\u00e9m do eterno gato Tutuquinho, que virou estrela.\",\"sameAs\":[\"https:\\\/\\\/www.facebook.com\\\/renato.dias.37\",\"#breve\",\"https:\\\/\\\/renatodias.tumblr.com\\\/\"],\"url\":\"https:\\\/\\\/renatodias.online\\\/movimento\\\/author\\\/renatodias\\\/\"}]}<\/script>\n<!-- \/ Yoast SEO plugin. -->","yoast_head_json":{"title":"As ideias de Markus Sokol -","robots":{"index":"index","follow":"follow","max-snippet":"max-snippet:-1","max-image-preview":"max-image-preview:large","max-video-preview":"max-video-preview:-1"},"canonical":"https:\/\/renatodias.online\/movimento\/2021\/10\/01\/as-ideias-de-markus-sokol\/","og_locale":"pt_BR","og_type":"article","og_title":"As ideias de Markus Sokol -","og_description":"Di\u00e1logo e A\u00e7\u00e3o Petista As ideias de Markus Sokol Renato Dias S\u00e1bado, dia 2 de outubro de 2021, Frente \u00fanica. \u00c9 o que define Markus Sokol. Nascido na Pol\u00f4nia e radicado no Brasil. Membro da Executiva Nacional do Partido dos Trabalhadores [PT]. Mais: economista marxista. Al\u00e9m de dirigente do Di\u00e1logo e A\u00e7\u00e3o Petista e da","og_url":"https:\/\/renatodias.online\/movimento\/2021\/10\/01\/as-ideias-de-markus-sokol\/","article_publisher":"https:\/\/www.facebook.com\/renato.dias.37","article_author":"https:\/\/www.facebook.com\/renato.dias.37","article_published_time":"2021-10-01T13:08:26+00:00","og_image":[{"width":300,"height":169,"url":"https:\/\/renatodias.online\/movimento\/wp-content\/uploads\/2020\/05\/markus-sokol-768x432-e1625782564355.jpg","type":"image\/jpeg"}],"author":"Renato Dias","twitter_card":"summary_large_image","twitter_creator":"@RenatoDiasBat","twitter_site":"@RenatoDiasBat","twitter_misc":{"Escrito por":"Renato Dias","Est. tempo de leitura":"2 minutos"},"schema":{"@context":"https:\/\/schema.org","@graph":[{"@type":"Article","@id":"https:\/\/renatodias.online\/movimento\/2021\/10\/01\/as-ideias-de-markus-sokol\/#article","isPartOf":{"@id":"https:\/\/renatodias.online\/movimento\/2021\/10\/01\/as-ideias-de-markus-sokol\/"},"author":{"name":"Renato Dias","@id":"https:\/\/renatodias.online\/movimento\/#\/schema\/person\/bbab28833b1725a20f4083f49f1fb2a9"},"headline":"As ideias de Markus Sokol","datePublished":"2021-10-01T13:08:26+00:00","mainEntityOfPage":{"@id":"https:\/\/renatodias.online\/movimento\/2021\/10\/01\/as-ideias-de-markus-sokol\/"},"wordCount":408,"commentCount":0,"publisher":{"@id":"https:\/\/renatodias.online\/movimento\/#\/schema\/person\/bbab28833b1725a20f4083f49f1fb2a9"},"image":{"@id":"https:\/\/renatodias.online\/movimento\/2021\/10\/01\/as-ideias-de-markus-sokol\/#primaryimage"},"thumbnailUrl":"https:\/\/renatodias.online\/movimento\/wp-content\/uploads\/2020\/05\/markus-sokol-768x432-e1625782564355.jpg","articleSection":["Pol\u00edtica"],"inLanguage":"pt-BR","potentialAction":[{"@type":"CommentAction","name":"Comment","target":["https:\/\/renatodias.online\/movimento\/2021\/10\/01\/as-ideias-de-markus-sokol\/#respond"]}]},{"@type":"WebPage","@id":"https:\/\/renatodias.online\/movimento\/2021\/10\/01\/as-ideias-de-markus-sokol\/","url":"https:\/\/renatodias.online\/movimento\/2021\/10\/01\/as-ideias-de-markus-sokol\/","name":"As ideias de Markus Sokol -","isPartOf":{"@id":"https:\/\/renatodias.online\/movimento\/#website"},"primaryImageOfPage":{"@id":"https:\/\/renatodias.online\/movimento\/2021\/10\/01\/as-ideias-de-markus-sokol\/#primaryimage"},"image":{"@id":"https:\/\/renatodias.online\/movimento\/2021\/10\/01\/as-ideias-de-markus-sokol\/#primaryimage"},"thumbnailUrl":"https:\/\/renatodias.online\/movimento\/wp-content\/uploads\/2020\/05\/markus-sokol-768x432-e1625782564355.jpg","datePublished":"2021-10-01T13:08:26+00:00","breadcrumb":{"@id":"https:\/\/renatodias.online\/movimento\/2021\/10\/01\/as-ideias-de-markus-sokol\/#breadcrumb"},"inLanguage":"pt-BR","potentialAction":[{"@type":"ReadAction","target":["https:\/\/renatodias.online\/movimento\/2021\/10\/01\/as-ideias-de-markus-sokol\/"]}]},{"@type":"ImageObject","inLanguage":"pt-BR","@id":"https:\/\/renatodias.online\/movimento\/2021\/10\/01\/as-ideias-de-markus-sokol\/#primaryimage","url":"https:\/\/renatodias.online\/movimento\/wp-content\/uploads\/2020\/05\/markus-sokol-768x432-e1625782564355.jpg","contentUrl":"https:\/\/renatodias.online\/movimento\/wp-content\/uploads\/2020\/05\/markus-sokol-768x432-e1625782564355.jpg","width":300,"height":169,"caption":"Markus Sokol"},{"@type":"BreadcrumbList","@id":"https:\/\/renatodias.online\/movimento\/2021\/10\/01\/as-ideias-de-markus-sokol\/#breadcrumb","itemListElement":[{"@type":"ListItem","position":1,"name":"In\u00edcio","item":"https:\/\/renatodias.online\/movimento\/"},{"@type":"ListItem","position":2,"name":"As ideias de Markus Sokol"}]},{"@type":"WebSite","@id":"https:\/\/renatodias.online\/movimento\/#website","url":"https:\/\/renatodias.online\/movimento\/","name":"","description":"","publisher":{"@id":"https:\/\/renatodias.online\/movimento\/#\/schema\/person\/bbab28833b1725a20f4083f49f1fb2a9"},"potentialAction":[{"@type":"SearchAction","target":{"@type":"EntryPoint","urlTemplate":"https:\/\/renatodias.online\/movimento\/?s={search_term_string}"},"query-input":{"@type":"PropertyValueSpecification","valueRequired":true,"valueName":"search_term_string"}}],"inLanguage":"pt-BR"},{"@type":["Person","Organization"],"@id":"https:\/\/renatodias.online\/movimento\/#\/schema\/person\/bbab28833b1725a20f4083f49f1fb2a9","name":"Renato Dias","image":{"@type":"ImageObject","inLanguage":"pt-BR","@id":"https:\/\/renatodias.online\/movimento\/wp-content\/uploads\/2023\/03\/cropped-cropped-cropped-logofinal.jpeg","url":"https:\/\/renatodias.online\/movimento\/wp-content\/uploads\/2023\/03\/cropped-cropped-cropped-logofinal.jpeg","contentUrl":"https:\/\/renatodias.online\/movimento\/wp-content\/uploads\/2023\/03\/cropped-cropped-cropped-logofinal.jpeg","width":1280,"height":219,"caption":"Renato Dias"},"logo":{"@id":"https:\/\/renatodias.online\/movimento\/wp-content\/uploads\/2023\/03\/cropped-cropped-cropped-logofinal.jpeg"},"description":"Renato Dias, 58 anos, \u00e9 graduado em Jornalismo, formado em Ci\u00eancias Sociais, com p\u00f3s-gradua\u00e7\u00e3o em Pol\u00edticas P\u00fablicas, mestre em Direito e Rela\u00e7\u00f5es Internacionais, ex-aluno extraordin\u00e1rio do Doutorado em Psicologia Social, ex-estudante do Curso de Psican\u00e1lise do Centro de Estudos Psicanal\u00edticos do Estado de Goi\u00e1s, ministrado pelo m\u00e9dico psiquiatra e psicanalista Daniel Em\u00eddio de Souza. \u00c9 autor de 30 livros-reportagem, oito document\u00e1rios, ganhou 30 pr\u00eamios e \u00e9 torcedor apaixonado do maior do Centro-Oeste, o Vila Nova Futebol Clube. Casado com Meirilane Dias, \u00e9 pai de Juliana Dias, jornalista; Daniel Dias, economista; e Maria Rosa Dias, estudante antifascista, socialista e trotskista.\u00a0Com tr\u00eas pets: Porquinho [Bull Dog Franc\u00eas], Dalila [Basset Hound] e Geleia [Basset Hound]. Al\u00e9m do eterno gato Tutuquinho, que virou estrela.","sameAs":["https:\/\/www.facebook.com\/renato.dias.37","#breve","https:\/\/renatodias.tumblr.com\/"],"url":"https:\/\/renatodias.online\/movimento\/author\/renatodias\/"}]}},"_links":{"self":[{"href":"https:\/\/renatodias.online\/movimento\/wp-json\/wp\/v2\/posts\/9185","targetHints":{"allow":["GET"]}}],"collection":[{"href":"https:\/\/renatodias.online\/movimento\/wp-json\/wp\/v2\/posts"}],"about":[{"href":"https:\/\/renatodias.online\/movimento\/wp-json\/wp\/v2\/types\/post"}],"author":[{"embeddable":true,"href":"https:\/\/renatodias.online\/movimento\/wp-json\/wp\/v2\/users\/2"}],"replies":[{"embeddable":true,"href":"https:\/\/renatodias.online\/movimento\/wp-json\/wp\/v2\/comments?post=9185"}],"version-history":[{"count":1,"href":"https:\/\/renatodias.online\/movimento\/wp-json\/wp\/v2\/posts\/9185\/revisions"}],"predecessor-version":[{"id":9186,"href":"https:\/\/renatodias.online\/movimento\/wp-json\/wp\/v2\/posts\/9185\/revisions\/9186"}],"wp:featuredmedia":[{"embeddable":true,"href":"https:\/\/renatodias.online\/movimento\/wp-json\/wp\/v2\/media\/3717"}],"wp:attachment":[{"href":"https:\/\/renatodias.online\/movimento\/wp-json\/wp\/v2\/media?parent=9185"}],"wp:term":[{"taxonomy":"category","embeddable":true,"href":"https:\/\/renatodias.online\/movimento\/wp-json\/wp\/v2\/categories?post=9185"},{"taxonomy":"post_tag","embeddable":true,"href":"https:\/\/renatodias.online\/movimento\/wp-json\/wp\/v2\/tags?post=9185"}],"curies":[{"name":"wp","href":"https:\/\/api.w.org\/{rel}","templated":true}]}}