{"id":9149,"date":"2021-09-28T20:25:37","date_gmt":"2021-09-28T23:25:37","guid":{"rendered":"https:\/\/renatodias.online\/movimento\/?p=9149"},"modified":"2021-09-28T20:25:37","modified_gmt":"2021-09-28T23:25:37","slug":"pstu-quer-polo-e-faz-plenaria-dia-7","status":"publish","type":"post","link":"https:\/\/renatodias.online\/movimento\/2021\/09\/28\/pstu-quer-polo-e-faz-plenaria-dia-7\/","title":{"rendered":"PSTU quer polo e faz plen\u00e1ria dia 7"},"content":{"rendered":"<figure id=\"attachment_7574\" aria-describedby=\"caption-attachment-7574\" style=\"width: 960px\" class=\"wp-caption alignnone\"><img loading=\"lazy\" decoding=\"async\" class=\"size-full wp-image-7574\" src=\"https:\/\/renatodias.online\/movimento\/wp-content\/uploads\/2021\/07\/Ato-do-dia-3-de-julho-de-2021-imagem-principal.jpg\" alt=\"\" width=\"960\" height=\"720\" \/><figcaption id=\"caption-attachment-7574\" class=\"wp-caption-text\"><strong>Ato<\/strong><\/figcaption><\/figure>\n<h1 style=\"text-align: center;\"><span style=\"color: #ff0000;\"><strong>Brasil precisa de alternativa <\/strong><\/span><\/h1>\n<h1 style=\"text-align: center;\"><span style=\"color: #ff0000;\"><strong>Socialista e Revolucion\u00e1ria<\/strong><\/span><\/h1>\n<p>O fato pol\u00edtico mais importante em nosso pa\u00eds no \u00faltimo per\u00edodo \u00e9 a retomada das mobiliza\u00e7\u00f5es populares. \u00c9 o reflexo das revoltas populares que vimos no Chile a partir de 2019, nos EUA em 2020, no Paraguai, no Peru e na Col\u00f4mbia, para falarmos apenas de alguns pa\u00edses das Am\u00e9ricas. Centenas de milhares de pessoas, com a juventude \u00e0 frente, est\u00e3o saindo \u00e0s ruas em in\u00fameras cidades do pa\u00eds, exigindo vacina para todos, aux\u00edlio emergencial de R$ 600, emprego e direitos e, acima de tudo, dando vaz\u00e3o ao grito de \u201c<strong>Fora, Bolsonaro!<\/strong>\u201d, colocando na ordem do dia a luta para botar pra fora j\u00e1 o genocida e todo seu governo.<\/p>\n<figure id=\"attachment_8217\" aria-describedby=\"caption-attachment-8217\" style=\"width: 750px\" class=\"wp-caption aligncenter\"><img loading=\"lazy\" decoding=\"async\" class=\"size-full wp-image-8217\" src=\"https:\/\/renatodias.online\/movimento\/wp-content\/uploads\/2021\/08\/Fora-Bolsonaro-e1629545953248.jpg\" alt=\"\" width=\"750\" height=\"500\" \/><figcaption id=\"caption-attachment-8217\" class=\"wp-caption-text\"><strong>Fora, Jair Messias Bolsonaro<\/strong><\/figcaption><\/figure>\n<p>Por outro lado, esse cen\u00e1rio tamb\u00e9m reafirma a necessidade e a import\u00e2ncia de uma alternativa socialista \u00e0 barb\u00e1rie promovida pelo capitalismo. Para enriquecer um punhado de banqueiros e grandes empres\u00e1rios nacionais e estrangeiros, este sistema imp\u00f5e a trabalhadores e pobres genoc\u00eddio, desemprego, precariza\u00e7\u00e3o do trabalho e baixos sal\u00e1rios; viol\u00eancia e opress\u00e3o racistas, machistas, xen\u00f3fobas, lgbtif\u00f3bicas; destrui\u00e7\u00e3o do meio ambiente e ataques aos povos da floresta; corrup\u00e7\u00e3o, rapina, espolia\u00e7\u00e3o; e ataques \u00e0 soberania dos pa\u00edses mais pobres.<\/p>\n<figure id=\"attachment_7031\" aria-describedby=\"caption-attachment-7031\" style=\"width: 2121px\" class=\"wp-caption alignnone\"><img loading=\"lazy\" decoding=\"async\" class=\"size-full wp-image-7031\" src=\"https:\/\/renatodias.online\/movimento\/wp-content\/uploads\/2021\/06\/Negros.jpg\" alt=\"\" width=\"2121\" height=\"1414\" \/><figcaption id=\"caption-attachment-7031\" class=\"wp-caption-text\"><strong>Negros _ A revolta est\u00e1 pr\u00f3xima<\/strong><\/figcaption><\/figure>\n<p>Fazer corpo mole na luta pelo \u201cFora Bolsonaro\u201d hoje, esperando derrot\u00e1-lo com as elei\u00e7\u00f5es de 2022 como vemos setores da esquerda brasileira fazer, \u00e9 uma pol\u00edtica criminosa, pois ignora a trag\u00e9dia que ele imp\u00f5e \u00e0 popula\u00e7\u00e3o agora. \u00c9 tamb\u00e9m perigosa, porque subestima o perigo que representa um governo que trabalha todos os dias para implantar uma ditadura no pa\u00eds. Colocar para fora Bolsonaro e seu governo \u00e9 o desafio mais urgente que a classe trabalhadora tem neste momento e, portanto, que suas organiza\u00e7\u00f5es tamb\u00e9m t\u00eam. Por isso, \u00e9 necess\u00e1rio seguir fortalecendo uma ampla unidade de a\u00e7\u00e3o na luta para continuar ocupando as ruas, mas n\u00e3o s\u00f3. J\u00e1 passou da hora de a dire\u00e7\u00e3o das grandes centrais sindicais e dos partidos de oposi\u00e7\u00e3o se lan\u00e7arem a construir uma greve geral, parar o pa\u00eds, as f\u00e1bricas e as grandes empresas, fazer doer no bolso dos patr\u00f5es para for\u00e7\u00e1-los a retirar a sustenta\u00e7\u00e3o que ainda d\u00e3o a Bolsonaro.<\/p>\n<figure id=\"attachment_8897\" aria-describedby=\"caption-attachment-8897\" style=\"width: 771px\" class=\"wp-caption aligncenter\"><img loading=\"lazy\" decoding=\"async\" class=\"size-full wp-image-8897\" src=\"https:\/\/renatodias.online\/movimento\/wp-content\/uploads\/2021\/09\/Jair-Messias-Bolsonaro-em-7-de-setembro-de-2021.jpeg\" alt=\"\" width=\"771\" height=\"420\" \/><figcaption id=\"caption-attachment-8897\" class=\"wp-caption-text\"><strong>Jair Messias Bolsonaro em 7 de setembro de 2021<\/strong><\/figcaption><\/figure>\n<p>Os mais de 4 milh\u00f5es de mortos e as centenas de milh\u00f5es que perderam o emprego e, com ele, a fonte do sustento de suas fam\u00edlias s\u00e3o apenas as duas express\u00f5es mais vis\u00edveis dessa cat\u00e1strofe que atinge hoje toda a humanidade: a pandemia de COVID-19 e a brutal crise da economia. A pandemia e a crise econ\u00f4mica aprofundam e aceleram todas as mazelas que j\u00e1 afligiam a vida dos trabalhadores e do povo pobre. Aprofundam e ampliam a precariza\u00e7\u00e3o do trabalho, a fome e toda sorte de discrimina\u00e7\u00e3o e viol\u00eancia, sem falar na destrui\u00e7\u00e3o da natureza.<\/p>\n<figure id=\"attachment_8249\" aria-describedby=\"caption-attachment-8249\" style=\"width: 945px\" class=\"wp-caption alignnone\"><img loading=\"lazy\" decoding=\"async\" class=\"size-full wp-image-8249\" src=\"https:\/\/renatodias.online\/movimento\/wp-content\/uploads\/2021\/08\/A-tragedia-das-mortes-sob-a-Pandemia.jpg\" alt=\"\" width=\"945\" height=\"462\" srcset=\"https:\/\/renatodias.online\/movimento\/wp-content\/uploads\/2021\/08\/A-tragedia-das-mortes-sob-a-Pandemia.jpg 945w, https:\/\/renatodias.online\/movimento\/wp-content\/uploads\/2021\/08\/A-tragedia-das-mortes-sob-a-Pandemia-300x147.jpg 300w, https:\/\/renatodias.online\/movimento\/wp-content\/uploads\/2021\/08\/A-tragedia-das-mortes-sob-a-Pandemia-768x375.jpg 768w, https:\/\/renatodias.online\/movimento\/wp-content\/uploads\/2021\/08\/A-tragedia-das-mortes-sob-a-Pandemia-750x367.jpg 750w\" sizes=\"auto, (max-width: 945px) 100vw, 945px\" \/><figcaption id=\"caption-attachment-8249\" class=\"wp-caption-text\"><strong>A trag\u00e9dia das mortes sob a Pandemia, no Brasil<\/strong><\/figcaption><\/figure>\n<p>Nada disso \u00e9 resultado inevit\u00e1vel da doen\u00e7a causada pelo Coronav\u00edrus, da aus\u00eancia de recursos econ\u00f4micos para assegurar condi\u00e7\u00f5es dignas de vida \u00e0s pessoas ou de a\u00e7\u00e3o da pr\u00f3pria natureza. A origem de todas essas mazelas \u00e9 o sistema em que vivemos, o capitalismo, que n\u00e3o hesita em jogar \u00e0 morte milh\u00f5es de seres humanos para garantir superlucros aos grandes laborat\u00f3rios farmac\u00eauticos e aos que ganham dinheiro com servi\u00e7os privados de sa\u00fade. N\u00e3o hesita em privar centenas de milh\u00f5es de pessoas de emprego, direitos e socorro emergencial aos que necessitam diante da crise, para assegurar os ganhos astron\u00f4micos dos bancos e das grandes empresas. N\u00e3o hesita em manter um padr\u00e3o de produ\u00e7\u00e3o e consumo que aumenta de modo infinito a fortuna das grandes corpora\u00e7\u00f5es econ\u00f4micas, ainda que isso leve \u00e0 destrui\u00e7\u00e3o do planeta em que vivemos.<\/p>\n<figure id=\"attachment_8219\" aria-describedby=\"caption-attachment-8219\" style=\"width: 932px\" class=\"wp-caption alignnone\"><img loading=\"lazy\" decoding=\"async\" class=\"size-full wp-image-8219\" src=\"https:\/\/renatodias.online\/movimento\/wp-content\/uploads\/2021\/08\/Desemprego.jpg\" alt=\"\" width=\"932\" height=\"621\" \/><figcaption id=\"caption-attachment-8219\" class=\"wp-caption-text\"><strong>Desemprego<\/strong><\/figcaption><\/figure>\n<p>Nesse sistema, cuja base \u00e9 a propriedade privada dos grandes meios de produ\u00e7\u00e3o e troca, o que importa \u00e9 concentrar cada vez mais a riqueza nas m\u00e3os de poucos, negando \u00e0 classe trabalhadora e ao povo pobre \u2013 a ampla maioria da popula\u00e7\u00e3o \u2013 condi\u00e7\u00f5es m\u00ednimas de vida digna. Situa\u00e7\u00e3o ainda mais insuport\u00e1vel \u00e9 imposta aos setores oprimidos da nossa classe, negros e negras, mulheres, imigrantes, povos origin\u00e1rios, pessoas LGBTI, que est\u00e3o sujeitas a todo tipo de discrimina\u00e7\u00e3o e viol\u00eancia. As institui\u00e7\u00f5es do Estado n\u00e3o protegem a popula\u00e7\u00e3o, mas sim os interesses dos ricos. Em nosso pa\u00eds, vivemos tudo isso de forma concentrada: pela espolia\u00e7\u00e3o do pa\u00eds, praticada pelas multinacionais e pelo sistema financeiro internacional; pela gan\u00e2ncia e covardia da burguesia e das elites do pa\u00eds; e pelo car\u00e1ter genocida e antitrabalhador do governo Bolsonaro, que encarna como nenhum outro a verdadeira natureza do capitalismo.<\/p>\n<figure id=\"attachment_8896\" aria-describedby=\"caption-attachment-8896\" style=\"width: 1380px\" class=\"wp-caption alignnone\"><img loading=\"lazy\" decoding=\"async\" class=\"size-full wp-image-8896\" src=\"https:\/\/renatodias.online\/movimento\/wp-content\/uploads\/2021\/09\/Hamilton-Mourao.jpg\" alt=\"\" width=\"1380\" height=\"920\" srcset=\"https:\/\/renatodias.online\/movimento\/wp-content\/uploads\/2021\/09\/Hamilton-Mourao.jpg 1380w, https:\/\/renatodias.online\/movimento\/wp-content\/uploads\/2021\/09\/Hamilton-Mourao-300x200.jpg 300w, https:\/\/renatodias.online\/movimento\/wp-content\/uploads\/2021\/09\/Hamilton-Mourao-768x512.jpg 768w, https:\/\/renatodias.online\/movimento\/wp-content\/uploads\/2021\/09\/Hamilton-Mourao-360x240.jpg 360w, https:\/\/renatodias.online\/movimento\/wp-content\/uploads\/2021\/09\/Hamilton-Mourao-750x500.jpg 750w\" sizes=\"auto, (max-width: 1380px) 100vw, 1380px\" \/><figcaption id=\"caption-attachment-8896\" class=\"wp-caption-text\"><strong>General Hamilton Mour\u00e3o Filho<\/strong><\/figcaption><\/figure>\n<p>Por isso, ao mesmo tempo que lutam neste momento \u2013 por vacinas para todas e todos, aux\u00edlio emergencial para quem precisa, emprego e direitos para nossa classe e para colocar para fora Bolsonaro e Mour\u00e3o \u2013, os trabalhadores e a juventude do nosso pa\u00eds n\u00e3o podem perder de vista a necessidade de acabar com o capitalismo. Mais do que nunca, \u00e9 necess\u00e1rio levantar bem alto a bandeira do socialismo e da revolu\u00e7\u00e3o. De fato, j\u00e1 vivemos no Brasil uma antecipa\u00e7\u00e3o da campanha eleitoral do ano que vem. As v\u00e1rias candidaturas apresentadas representam, cada uma delas, alternativas pol\u00edticas para governar o pa\u00eds. Bolsonaro est\u00e1 em franca campanha para reelei\u00e7\u00e3o. Setores do empresariado buscam viabilizar uma \u201cvia de centro\u201d ou \u201cterceira via\u201d. Na outra ponta, a dire\u00e7\u00e3o do PT apresenta Lula como a candidatura de uma frente ampla com a burguesia contra Bolsonaro em 2022.<\/p>\n<figure id=\"attachment_8352\" aria-describedby=\"caption-attachment-8352\" style=\"width: 444px\" class=\"wp-caption aligncenter\"><img loading=\"lazy\" decoding=\"async\" class=\"size-full wp-image-8352\" src=\"https:\/\/renatodias.online\/movimento\/wp-content\/uploads\/2021\/08\/Estrela-do-PT.jpg\" alt=\"\" width=\"444\" height=\"465\" \/><figcaption id=\"caption-attachment-8352\" class=\"wp-caption-text\"><strong>Estrela do PT<\/strong><\/figcaption><\/figure>\n<p>Sabemos que Lula e Bolsonaro n\u00e3o s\u00e3o a mesma coisa. Bolsonaro defende a implanta\u00e7\u00e3o de uma ditadura no pa\u00eds e trabalha para isso o tempo todo, e n\u00e3o se pode subestimar a import\u00e2ncia de derrot\u00e1-lo. Mas isso n\u00e3o nos desobriga de constatar que nenhuma dessas alternativas atende aos interesses da classe trabalhadora, porque todas elas mant\u00eam o sistema capitalista e, com ele, toda explora\u00e7\u00e3o e opress\u00e3o contra a classe trabalhadora e o povo pobre, porque \u00e9 da natureza desse sistema. Para governar o pa\u00eds, n\u00e3o serve o mesmo crit\u00e9rio de unidade ampla que \u00e9 necess\u00e1rio para a luta contra Bolsonaro. \u00c9 fundamental o crit\u00e9rio da independ\u00eancia de classe. E n\u00e3o \u00e9 por capricho, \u00e9 por necessidade.<\/p>\n<figure id=\"attachment_5403\" aria-describedby=\"caption-attachment-5403\" style=\"width: 440px\" class=\"wp-caption aligncenter\"><img loading=\"lazy\" decoding=\"async\" class=\"size-full wp-image-5403\" src=\"https:\/\/renatodias.online\/movimento\/wp-content\/uploads\/2021\/03\/Luiz-Inacio-Lula-da-Silva.jpg\" alt=\"Luiz In\u00e1cio Lula da Silva\" width=\"440\" height=\"526\" \/><figcaption id=\"caption-attachment-5403\" class=\"wp-caption-text\"><strong>Luiz In\u00e1cio Lula da Silva<\/strong><\/figcaption><\/figure>\n<p>Sabemos que para mudar de verdade o pa\u00eds e a vida do povo \u00e9 necess\u00e1rio adotar medidas que come\u00e7am com a simples revoga\u00e7\u00e3o das reformas trabalhista e da Previd\u00eancia; a garantia de sal\u00e1rio m\u00ednimo digno (Dieese); a garantia de direitos e emprego digno a todas e todos, acabando com a \u201cuberiza\u00e7\u00e3o\u201d do trabalho. A redu\u00e7\u00e3o da jornada de trabalho e investimento para garantir o emprego para todas e todos; a reestatiza\u00e7\u00e3o do que foi privatizado; a suspens\u00e3o do pagamento da d\u00edvida p\u00fablica aos bancos para que haja recursos para sa\u00fade, educa\u00e7\u00e3o, moradia, transporte. O fim da agress\u00e3o sistem\u00e1tica aos povos ind\u00edgenas, \u00e0s comunidades quilombolas e camponesas e \u00e0 destrui\u00e7\u00e3o da natureza para favorecer grandes empres\u00e1rios do agroneg\u00f3cio, da minera\u00e7\u00e3o e da energia; a realiza\u00e7\u00e3o de uma reforma agr\u00e1ria que assegure terra e condi\u00e7\u00f5es de produ\u00e7\u00e3o aos camponeses pobres; o fim do genoc\u00eddio praticado pelas for\u00e7as policiais contra a juventude negra e pobre da periferia dos centros urbanos, a desmilitariza\u00e7\u00e3o das PMs; etc. \u00a0Como um governo de alian\u00e7a com banqueiros e grandes empres\u00e1rios tomar\u00e1 qualquer uma dessas medidas se todas elas atacam diretamente os interesses desses mesmos capitalistas?<\/p>\n<figure id=\"attachment_7034\" aria-describedby=\"caption-attachment-7034\" style=\"width: 300px\" class=\"wp-caption aligncenter\"><img loading=\"lazy\" decoding=\"async\" class=\"size-full wp-image-7034\" src=\"https:\/\/renatodias.online\/movimento\/wp-content\/uploads\/2021\/06\/Indios-sob-ameaca-e1630712283443.jpg\" alt=\"\" width=\"300\" height=\"221\" \/><figcaption id=\"caption-attachment-7034\" class=\"wp-caption-text\"><strong>\u00cdndios sob amea\u00e7a<\/strong><\/figcaption><\/figure>\n<p>Se j\u00e1 n\u00e3o tomaria medidas b\u00e1sicas como essas, um governo junto com a burguesia jamais adotaria medidas ainda mais profundas, que atacassem diretamente a grande propriedade para tornar coletiva (da popula\u00e7\u00e3o) a propriedade da terra, dos bancos, das f\u00e1bricas e das grandes empresas. E essas medidas s\u00e3o imprescind\u00edveis para acabar com a destrui\u00e7\u00e3o da natureza promovida hoje pelo capitalismo e para colocar os recursos e a riqueza do pa\u00eds a servi\u00e7o da garantia de vida digna \u00e0 popula\u00e7\u00e3o, e n\u00e3o de lucro para multinacionais, banqueiros e grandes empres\u00e1rios.<\/p>\n<figure id=\"attachment_6863\" aria-describedby=\"caption-attachment-6863\" style=\"width: 1000px\" class=\"wp-caption alignnone\"><img loading=\"lazy\" decoding=\"async\" class=\"size-full wp-image-6863\" src=\"https:\/\/renatodias.online\/movimento\/wp-content\/uploads\/2021\/05\/Alvorada-_-Dilma-Rousseff-_-1.jpeg\" alt=\"\" width=\"1000\" height=\"500\" \/><figcaption id=\"caption-attachment-6863\" class=\"wp-caption-text\"><strong>Alvorada _ Dilma Rousseff<\/strong><\/figcaption><\/figure>\n<p>Um governo de concilia\u00e7\u00e3o de classes, como vimos nos mais de 13 anos que o PT governou junto com os mesmos empres\u00e1rios e pol\u00edticos com quem pretende se aliar agora de novo, \u00e9 incapaz de aplicar um programa que mude de verdade o pa\u00eds e a vida do povo. Ao manter o sistema capitalista, mesmo as concess\u00f5es feitas aos setores mais pobres n\u00e3o serviram para acabar com a pobreza, mas s\u00f3 para eterniz\u00e1-la, mantendo-a em limites que evitem uma convuls\u00e3o social que ameace a domina\u00e7\u00e3o burguesa sobre o pa\u00eds. As dire\u00e7\u00f5es do PSOL e do PCdoB, ao apoiar o projeto petista, acabam, na pr\u00e1tica, abandonando tamb\u00e9m a luta contra o capitalismo. Deixando de lado o crit\u00e9rio da independ\u00eancia de classe, fazem o mesmo com a luta pela constru\u00e7\u00e3o de uma alternativa socialista e revolucion\u00e1ria para o pa\u00eds. Assumem como horizonte da sua luta o que \u00e9 poss\u00edvel fazer por meio das elei\u00e7\u00f5es, que s\u00e3o controladas pelos donos do dinheiro, como n\u00e3o pode deixar de ser no capitalismo.<\/p>\n<figure id=\"attachment_9085\" aria-describedby=\"caption-attachment-9085\" style=\"width: 680px\" class=\"wp-caption aligncenter\"><img loading=\"lazy\" decoding=\"async\" class=\"size-full wp-image-9085\" src=\"https:\/\/renatodias.online\/movimento\/wp-content\/uploads\/2021\/09\/Psol.jpg\" alt=\"\" width=\"680\" height=\"453\" \/><figcaption id=\"caption-attachment-9085\" class=\"wp-caption-text\"><strong>Bandeira do Psol<\/strong><\/figcaption><\/figure>\n<p>Sabemos que enquanto a classe trabalhadora n\u00e3o estiver pronta para disputar o poder pela luta direta, a disputa eleitoral pode e deve ser utilizada, seja para disputar a consci\u00eancia e o voto da popula\u00e7\u00e3o para uma alternativa socialista e revolucion\u00e1ria, seja para combater as falsas promessas e ilus\u00f5es que a burguesia e os conciliadores difundem. Mas a experi\u00eancia j\u00e1 demonstrou \u00e0 exaust\u00e3o que elei\u00e7\u00f5es n\u00e3o s\u00e3o um caminho para mudar, e sim para \u201clegitimar\u201d o sistema. Para mudar a vida do povo, n\u00e3o basta mudar o governo atual: \u00e9 preciso mudar todo o sistema, acabar com o controle da burguesia e do imperialismo sobre o nosso pa\u00eds, acabar com o capitalismo. N\u00e3o atingiremos esse objetivo com as elei\u00e7\u00f5es. Para isso, \u00e9 preciso fortalecer a luta, elevar a consci\u00eancia, avan\u00e7ar a organiza\u00e7\u00e3o independente da classe trabalhadora, da juventude e dos setores mais marginalizados e oprimidos da popula\u00e7\u00e3o. Para acabar com o controle que essa classe dominante tem sobre o pa\u00eds, \u00e9 necess\u00e1rio fazer uma revolu\u00e7\u00e3o dos \u201cde baixo\u201d para derrubar os \u201cde cima\u201d, uma revolu\u00e7\u00e3o socialista para jogar por terra as institui\u00e7\u00f5es deste Estado que a\u00ed est\u00e1 e mant\u00e9m o povo subjugado pelos bancos e pelos grandes empres\u00e1rios. \u00c9 preciso fazer isso para que classe trabalhadora e o povo pobre possam assumir o controle do poder pol\u00edtico e governar o pa\u00eds: um governo socialista, da classe trabalhadora e do povo pobre.<\/p>\n<figure id=\"attachment_7987\" aria-describedby=\"caption-attachment-7987\" style=\"width: 1200px\" class=\"wp-caption alignnone\"><img loading=\"lazy\" decoding=\"async\" class=\"size-full wp-image-7987\" src=\"https:\/\/renatodias.online\/movimento\/wp-content\/uploads\/2021\/07\/Trabalho-analogo-a-escravidao-no-Brasil.jpg\" alt=\"\" width=\"1200\" height=\"675\" \/><figcaption id=\"caption-attachment-7987\" class=\"wp-caption-text\"><strong>Trabalho an\u00e1logo \u00e0 escravid\u00e3o no Brasil<\/strong><\/figcaption><\/figure>\n<p>S\u00f3 assim nosso povo poder\u00e1 viver em uma sociedade que acabe com toda forma de explora\u00e7\u00e3o e opress\u00e3o, onde os recursos naturais do pa\u00eds e a riqueza produzida pelo trabalho do povo sejam todas utilizadas para garantir vida digna a todas e todos, onde seja assegurada a preserva\u00e7\u00e3o do meio ambiente. Uma sociedade que ponha fim em toda forma de opress\u00e3o e discrimina\u00e7\u00e3o, como o racismo, o machismo, a lgbtifobia, a xenofobia etc. Uma sociedade que respeite os direitos dos povos ind\u00edgenas e das comunidades quilombolas, assegurando demarca\u00e7\u00e3o, titula\u00e7\u00e3o e posse de suas terras e respeitando sua cultura e seu modo de vida. Uma sociedade que acabe com toda a viol\u00eancia contra os setores mais desprotegidos e que assegure a todas e todos n\u00e3o apenas condi\u00e7\u00f5es materiais para uma vida digna, mas tamb\u00e9m acesso ao conhecimento, \u00e0 cultura, ao lazer e a toda liberdade necess\u00e1ria para sua realiza\u00e7\u00e3o plena como seres humanos. O socialismo que defendemos rejeita o autoritarismo burocr\u00e1tico da experi\u00eancia stalinista. Nele, o poder deve ser exercido com democracia oper\u00e1ria, pela auto-organiza\u00e7\u00e3o da pr\u00f3pria classe e da juventude (como em conselhos populares, por exemplo) de modo que sejam os trabalhadores e o povo que decidam de forma efetiva o que fazer e como fazer no pa\u00eds.<\/p>\n<figure id=\"attachment_8197\" aria-describedby=\"caption-attachment-8197\" style=\"width: 733px\" class=\"wp-caption aligncenter\"><img loading=\"lazy\" decoding=\"async\" class=\"size-full wp-image-8197\" src=\"https:\/\/renatodias.online\/movimento\/wp-content\/uploads\/2021\/07\/Josep-Stalin-Especial.jpg\" alt=\"\" width=\"733\" height=\"1024\" \/><figcaption id=\"caption-attachment-8197\" class=\"wp-caption-text\"><strong>Josep St\u00e1lin _ 1878-1953<\/strong><\/figcaption><\/figure>\n<p>Aquelas e aqueles que assinam este manifesto o fazem por entender a import\u00e2ncia e a urg\u00eancia de construir essa <strong>alternativa Socialista e Revolucion\u00e1ria para o nosso pa\u00eds<\/strong>. E chamam a organizar um Polo que aglutine todas as for\u00e7as que se comprometam com essa constru\u00e7\u00e3o por compreender a necessidade de unir todas as for\u00e7as, de todas e todos que querem, de forma honesta, acabar com as mazelas que o capitalismo imp\u00f5e \u00e0 nossa classe e \u00e0 juventude e que defendem um futuro socialista e comunista para a humanidade. Esse \u00e9 o objetivo deste manifesto. Dirigimos esse chamado a todo o ativismo das lutas dos trabalhadores e da juventude, aos que est\u00e3o nas ruas lutando para colocar pra fora Bolsonaro e Mour\u00e3o; que est\u00e3o na luta por condi\u00e7\u00f5es dignas de vida e trabalho, contra o racismo, o machismo, a xenofobia e a lgbtifobia; em defesa dos povos ind\u00edgenas, dos quilombolas e do meio ambiente. \u00c9 um chamado aos movimentos e \u00e0s organiza\u00e7\u00f5es, inclusive os que n\u00e3o t\u00eam car\u00e1ter partid\u00e1rio, que lutam pela transforma\u00e7\u00e3o da sociedade injusta e desigual na qual vivemos. \u00c9 um chamado tamb\u00e9m aos ativistas que militam nas organiza\u00e7\u00f5es sindicais, nos movimentos sociais e nos partidos pol\u00edticos, mas n\u00e3o concordam com o limite da institucionalidade burguesa que seus dirigentes imp\u00f5em a estas organiza\u00e7\u00f5es.<\/p>\n<figure id=\"attachment_7282\" aria-describedby=\"caption-attachment-7282\" style=\"width: 2048px\" class=\"wp-caption alignnone\"><img loading=\"lazy\" decoding=\"async\" class=\"size-full wp-image-7282\" src=\"https:\/\/renatodias.online\/movimento\/wp-content\/uploads\/2021\/06\/Rubens-Donizzeti.jpg\" alt=\"\" width=\"2048\" height=\"1238\" \/><figcaption id=\"caption-attachment-7282\" class=\"wp-caption-text\"><strong>Rubens Donizzeti<\/strong><\/figcaption><\/figure>\n<p>A alternativa que precisamos construir n\u00e3o pode ser simplesmente para as elei\u00e7\u00f5es. N\u00e3o pode ter a perspectiva da concilia\u00e7\u00e3o de classes, do salvador da p\u00e1tria, da manuten\u00e7\u00e3o e da defesa da ordem vigente. N\u00f3s estamos propondo outro caminho: construir um Polo por uma Alternativa Socialista e Revolucion\u00e1ria para o nosso pa\u00eds. Convidamos a todas e todos que concordam com a proposta que apresentamos aqui a assinarem conosco este manifesto e a juntarem-se a n\u00f3s na constru\u00e7\u00e3o dessa alternativa pol\u00edtica para o nosso pa\u00eds \u2013 processo no qual debateremos, de forma coletiva, o pr\u00f3prio manifesto e um programa socialista para o Brasil.<\/p>\n<figure id=\"attachment_7281\" aria-describedby=\"caption-attachment-7281\" style=\"width: 1200px\" class=\"wp-caption alignnone\"><img loading=\"lazy\" decoding=\"async\" class=\"size-full wp-image-7281\" src=\"https:\/\/renatodias.online\/movimento\/wp-content\/uploads\/2021\/06\/Jose-Maria-de-Almeida.jpg\" alt=\"\" width=\"1200\" height=\"800\" srcset=\"https:\/\/renatodias.online\/movimento\/wp-content\/uploads\/2021\/06\/Jose-Maria-de-Almeida.jpg 1200w, https:\/\/renatodias.online\/movimento\/wp-content\/uploads\/2021\/06\/Jose-Maria-de-Almeida-300x200.jpg 300w, https:\/\/renatodias.online\/movimento\/wp-content\/uploads\/2021\/06\/Jose-Maria-de-Almeida-768x512.jpg 768w, https:\/\/renatodias.online\/movimento\/wp-content\/uploads\/2021\/06\/Jose-Maria-de-Almeida-360x240.jpg 360w, https:\/\/renatodias.online\/movimento\/wp-content\/uploads\/2021\/06\/Jose-Maria-de-Almeida-750x500.jpg 750w\" sizes=\"auto, (max-width: 1200px) 100vw, 1200px\" \/><figcaption id=\"caption-attachment-7281\" class=\"wp-caption-text\"><strong>Jos\u00e9 Maria de Almeida<\/strong><\/figcaption><\/figure>\n","protected":false},"excerpt":{"rendered":"<p>Brasil precisa de alternativa Socialista e Revolucion\u00e1ria O fato pol\u00edtico mais importante em nosso pa\u00eds no \u00faltimo per\u00edodo \u00e9 a retomada das mobiliza\u00e7\u00f5es populares. \u00c9 o reflexo das revoltas populares que vimos no Chile a partir de 2019, nos EUA em 2020, no Paraguai, no Peru e na Col\u00f4mbia, para falarmos apenas de alguns pa\u00edses<\/p>\n","protected":false},"author":2,"featured_media":7618,"comment_status":"open","ping_status":"open","sticky":false,"template":"","format":"standard","meta":{"_acf_changed":false,"_monsterinsights_skip_tracking":false,"_monsterinsights_sitenote_active":false,"_monsterinsights_sitenote_note":"","_monsterinsights_sitenote_category":0,"footnotes":""},"categories":[4],"tags":[],"class_list":["post-9149","post","type-post","status-publish","format-standard","has-post-thumbnail","hentry","category-politica"],"acf":[],"yoast_head":"<!-- This site is optimized with the Yoast SEO plugin v27.4 - https:\/\/yoast.com\/product\/yoast-seo-wordpress\/ -->\n<title>PSTU quer polo e faz plen\u00e1ria dia 7 -<\/title>\n<meta name=\"robots\" content=\"index, follow, max-snippet:-1, max-image-preview:large, max-video-preview:-1\" \/>\n<link rel=\"canonical\" href=\"https:\/\/renatodias.online\/movimento\/2021\/09\/28\/pstu-quer-polo-e-faz-plenaria-dia-7\/\" \/>\n<meta property=\"og:locale\" content=\"pt_BR\" \/>\n<meta property=\"og:type\" content=\"article\" \/>\n<meta property=\"og:title\" content=\"PSTU quer polo e faz plen\u00e1ria dia 7 -\" \/>\n<meta property=\"og:description\" content=\"Brasil precisa de alternativa Socialista e Revolucion\u00e1ria O fato pol\u00edtico mais importante em nosso pa\u00eds no \u00faltimo per\u00edodo \u00e9 a retomada das mobiliza\u00e7\u00f5es populares. \u00c9 o reflexo das revoltas populares que vimos no Chile a partir de 2019, nos EUA em 2020, no Paraguai, no Peru e na Col\u00f4mbia, para falarmos apenas de alguns pa\u00edses\" \/>\n<meta property=\"og:url\" content=\"https:\/\/renatodias.online\/movimento\/2021\/09\/28\/pstu-quer-polo-e-faz-plenaria-dia-7\/\" \/>\n<meta property=\"article:publisher\" content=\"https:\/\/www.facebook.com\/renato.dias.37\" \/>\n<meta property=\"article:author\" content=\"https:\/\/www.facebook.com\/renato.dias.37\" \/>\n<meta property=\"article:published_time\" content=\"2021-09-28T23:25:37+00:00\" \/>\n<meta property=\"og:image\" content=\"https:\/\/renatodias.online\/movimento\/wp-content\/uploads\/2021\/07\/Bandeira-do-PSTU.jpg\" \/>\n\t<meta property=\"og:image:width\" content=\"320\" \/>\n\t<meta property=\"og:image:height\" content=\"306\" \/>\n\t<meta property=\"og:image:type\" content=\"image\/jpeg\" \/>\n<meta name=\"author\" content=\"Renato Dias\" \/>\n<meta name=\"twitter:card\" content=\"summary_large_image\" \/>\n<meta name=\"twitter:creator\" content=\"@RenatoDiasBat\" \/>\n<meta name=\"twitter:site\" content=\"@RenatoDiasBat\" \/>\n<meta name=\"twitter:label1\" content=\"Escrito por\" \/>\n\t<meta name=\"twitter:data1\" content=\"Renato Dias\" \/>\n\t<meta name=\"twitter:label2\" content=\"Est. tempo de leitura\" \/>\n\t<meta name=\"twitter:data2\" content=\"13 minutos\" \/>\n<script type=\"application\/ld+json\" class=\"yoast-schema-graph\">{\"@context\":\"https:\\\/\\\/schema.org\",\"@graph\":[{\"@type\":\"Article\",\"@id\":\"https:\\\/\\\/renatodias.online\\\/movimento\\\/2021\\\/09\\\/28\\\/pstu-quer-polo-e-faz-plenaria-dia-7\\\/#article\",\"isPartOf\":{\"@id\":\"https:\\\/\\\/renatodias.online\\\/movimento\\\/2021\\\/09\\\/28\\\/pstu-quer-polo-e-faz-plenaria-dia-7\\\/\"},\"author\":{\"name\":\"Renato Dias\",\"@id\":\"https:\\\/\\\/renatodias.online\\\/movimento\\\/#\\\/schema\\\/person\\\/bbab28833b1725a20f4083f49f1fb2a9\"},\"headline\":\"PSTU quer polo e faz plen\u00e1ria dia 7\",\"datePublished\":\"2021-09-28T23:25:37+00:00\",\"mainEntityOfPage\":{\"@id\":\"https:\\\/\\\/renatodias.online\\\/movimento\\\/2021\\\/09\\\/28\\\/pstu-quer-polo-e-faz-plenaria-dia-7\\\/\"},\"wordCount\":2605,\"commentCount\":0,\"publisher\":{\"@id\":\"https:\\\/\\\/renatodias.online\\\/movimento\\\/#\\\/schema\\\/person\\\/bbab28833b1725a20f4083f49f1fb2a9\"},\"image\":{\"@id\":\"https:\\\/\\\/renatodias.online\\\/movimento\\\/2021\\\/09\\\/28\\\/pstu-quer-polo-e-faz-plenaria-dia-7\\\/#primaryimage\"},\"thumbnailUrl\":\"https:\\\/\\\/renatodias.online\\\/movimento\\\/wp-content\\\/uploads\\\/2021\\\/07\\\/Bandeira-do-PSTU.jpg\",\"articleSection\":[\"Pol\u00edtica\"],\"inLanguage\":\"pt-BR\",\"potentialAction\":[{\"@type\":\"CommentAction\",\"name\":\"Comment\",\"target\":[\"https:\\\/\\\/renatodias.online\\\/movimento\\\/2021\\\/09\\\/28\\\/pstu-quer-polo-e-faz-plenaria-dia-7\\\/#respond\"]}]},{\"@type\":\"WebPage\",\"@id\":\"https:\\\/\\\/renatodias.online\\\/movimento\\\/2021\\\/09\\\/28\\\/pstu-quer-polo-e-faz-plenaria-dia-7\\\/\",\"url\":\"https:\\\/\\\/renatodias.online\\\/movimento\\\/2021\\\/09\\\/28\\\/pstu-quer-polo-e-faz-plenaria-dia-7\\\/\",\"name\":\"PSTU quer polo e faz plen\u00e1ria dia 7 -\",\"isPartOf\":{\"@id\":\"https:\\\/\\\/renatodias.online\\\/movimento\\\/#website\"},\"primaryImageOfPage\":{\"@id\":\"https:\\\/\\\/renatodias.online\\\/movimento\\\/2021\\\/09\\\/28\\\/pstu-quer-polo-e-faz-plenaria-dia-7\\\/#primaryimage\"},\"image\":{\"@id\":\"https:\\\/\\\/renatodias.online\\\/movimento\\\/2021\\\/09\\\/28\\\/pstu-quer-polo-e-faz-plenaria-dia-7\\\/#primaryimage\"},\"thumbnailUrl\":\"https:\\\/\\\/renatodias.online\\\/movimento\\\/wp-content\\\/uploads\\\/2021\\\/07\\\/Bandeira-do-PSTU.jpg\",\"datePublished\":\"2021-09-28T23:25:37+00:00\",\"breadcrumb\":{\"@id\":\"https:\\\/\\\/renatodias.online\\\/movimento\\\/2021\\\/09\\\/28\\\/pstu-quer-polo-e-faz-plenaria-dia-7\\\/#breadcrumb\"},\"inLanguage\":\"pt-BR\",\"potentialAction\":[{\"@type\":\"ReadAction\",\"target\":[\"https:\\\/\\\/renatodias.online\\\/movimento\\\/2021\\\/09\\\/28\\\/pstu-quer-polo-e-faz-plenaria-dia-7\\\/\"]}]},{\"@type\":\"ImageObject\",\"inLanguage\":\"pt-BR\",\"@id\":\"https:\\\/\\\/renatodias.online\\\/movimento\\\/2021\\\/09\\\/28\\\/pstu-quer-polo-e-faz-plenaria-dia-7\\\/#primaryimage\",\"url\":\"https:\\\/\\\/renatodias.online\\\/movimento\\\/wp-content\\\/uploads\\\/2021\\\/07\\\/Bandeira-do-PSTU.jpg\",\"contentUrl\":\"https:\\\/\\\/renatodias.online\\\/movimento\\\/wp-content\\\/uploads\\\/2021\\\/07\\\/Bandeira-do-PSTU.jpg\",\"width\":320,\"height\":306,\"caption\":\"Bandeira do PSTU\"},{\"@type\":\"BreadcrumbList\",\"@id\":\"https:\\\/\\\/renatodias.online\\\/movimento\\\/2021\\\/09\\\/28\\\/pstu-quer-polo-e-faz-plenaria-dia-7\\\/#breadcrumb\",\"itemListElement\":[{\"@type\":\"ListItem\",\"position\":1,\"name\":\"In\u00edcio\",\"item\":\"https:\\\/\\\/renatodias.online\\\/movimento\\\/\"},{\"@type\":\"ListItem\",\"position\":2,\"name\":\"PSTU quer polo e faz plen\u00e1ria dia 7\"}]},{\"@type\":\"WebSite\",\"@id\":\"https:\\\/\\\/renatodias.online\\\/movimento\\\/#website\",\"url\":\"https:\\\/\\\/renatodias.online\\\/movimento\\\/\",\"name\":\"\",\"description\":\"\",\"publisher\":{\"@id\":\"https:\\\/\\\/renatodias.online\\\/movimento\\\/#\\\/schema\\\/person\\\/bbab28833b1725a20f4083f49f1fb2a9\"},\"potentialAction\":[{\"@type\":\"SearchAction\",\"target\":{\"@type\":\"EntryPoint\",\"urlTemplate\":\"https:\\\/\\\/renatodias.online\\\/movimento\\\/?s={search_term_string}\"},\"query-input\":{\"@type\":\"PropertyValueSpecification\",\"valueRequired\":true,\"valueName\":\"search_term_string\"}}],\"inLanguage\":\"pt-BR\"},{\"@type\":[\"Person\",\"Organization\"],\"@id\":\"https:\\\/\\\/renatodias.online\\\/movimento\\\/#\\\/schema\\\/person\\\/bbab28833b1725a20f4083f49f1fb2a9\",\"name\":\"Renato Dias\",\"image\":{\"@type\":\"ImageObject\",\"inLanguage\":\"pt-BR\",\"@id\":\"https:\\\/\\\/renatodias.online\\\/movimento\\\/wp-content\\\/uploads\\\/2023\\\/03\\\/cropped-cropped-cropped-logofinal.jpeg\",\"url\":\"https:\\\/\\\/renatodias.online\\\/movimento\\\/wp-content\\\/uploads\\\/2023\\\/03\\\/cropped-cropped-cropped-logofinal.jpeg\",\"contentUrl\":\"https:\\\/\\\/renatodias.online\\\/movimento\\\/wp-content\\\/uploads\\\/2023\\\/03\\\/cropped-cropped-cropped-logofinal.jpeg\",\"width\":1280,\"height\":219,\"caption\":\"Renato Dias\"},\"logo\":{\"@id\":\"https:\\\/\\\/renatodias.online\\\/movimento\\\/wp-content\\\/uploads\\\/2023\\\/03\\\/cropped-cropped-cropped-logofinal.jpeg\"},\"description\":\"Renato Dias, 58 anos, \u00e9 graduado em Jornalismo, formado em Ci\u00eancias Sociais, com p\u00f3s-gradua\u00e7\u00e3o em Pol\u00edticas P\u00fablicas, mestre em Direito e Rela\u00e7\u00f5es Internacionais, ex-aluno extraordin\u00e1rio do Doutorado em Psicologia Social, ex-estudante do Curso de Psican\u00e1lise do Centro de Estudos Psicanal\u00edticos do Estado de Goi\u00e1s, ministrado pelo m\u00e9dico psiquiatra e psicanalista Daniel Em\u00eddio de Souza. \u00c9 autor de 30 livros-reportagem, oito document\u00e1rios, ganhou 30 pr\u00eamios e \u00e9 torcedor apaixonado do maior do Centro-Oeste, o Vila Nova Futebol Clube. Casado com Meirilane Dias, \u00e9 pai de Juliana Dias, jornalista; Daniel Dias, economista; e Maria Rosa Dias, estudante antifascista, socialista e trotskista.\u00a0Com tr\u00eas pets: Porquinho [Bull Dog Franc\u00eas], Dalila [Basset Hound] e Geleia [Basset Hound]. Al\u00e9m do eterno gato Tutuquinho, que virou estrela.\",\"sameAs\":[\"https:\\\/\\\/www.facebook.com\\\/renato.dias.37\",\"#breve\",\"https:\\\/\\\/renatodias.tumblr.com\\\/\"],\"url\":\"https:\\\/\\\/renatodias.online\\\/movimento\\\/author\\\/renatodias\\\/\"}]}<\/script>\n<!-- \/ Yoast SEO plugin. -->","yoast_head_json":{"title":"PSTU quer polo e faz plen\u00e1ria dia 7 -","robots":{"index":"index","follow":"follow","max-snippet":"max-snippet:-1","max-image-preview":"max-image-preview:large","max-video-preview":"max-video-preview:-1"},"canonical":"https:\/\/renatodias.online\/movimento\/2021\/09\/28\/pstu-quer-polo-e-faz-plenaria-dia-7\/","og_locale":"pt_BR","og_type":"article","og_title":"PSTU quer polo e faz plen\u00e1ria dia 7 -","og_description":"Brasil precisa de alternativa Socialista e Revolucion\u00e1ria O fato pol\u00edtico mais importante em nosso pa\u00eds no \u00faltimo per\u00edodo \u00e9 a retomada das mobiliza\u00e7\u00f5es populares. \u00c9 o reflexo das revoltas populares que vimos no Chile a partir de 2019, nos EUA em 2020, no Paraguai, no Peru e na Col\u00f4mbia, para falarmos apenas de alguns pa\u00edses","og_url":"https:\/\/renatodias.online\/movimento\/2021\/09\/28\/pstu-quer-polo-e-faz-plenaria-dia-7\/","article_publisher":"https:\/\/www.facebook.com\/renato.dias.37","article_author":"https:\/\/www.facebook.com\/renato.dias.37","article_published_time":"2021-09-28T23:25:37+00:00","og_image":[{"width":320,"height":306,"url":"https:\/\/renatodias.online\/movimento\/wp-content\/uploads\/2021\/07\/Bandeira-do-PSTU.jpg","type":"image\/jpeg"}],"author":"Renato Dias","twitter_card":"summary_large_image","twitter_creator":"@RenatoDiasBat","twitter_site":"@RenatoDiasBat","twitter_misc":{"Escrito por":"Renato Dias","Est. tempo de leitura":"13 minutos"},"schema":{"@context":"https:\/\/schema.org","@graph":[{"@type":"Article","@id":"https:\/\/renatodias.online\/movimento\/2021\/09\/28\/pstu-quer-polo-e-faz-plenaria-dia-7\/#article","isPartOf":{"@id":"https:\/\/renatodias.online\/movimento\/2021\/09\/28\/pstu-quer-polo-e-faz-plenaria-dia-7\/"},"author":{"name":"Renato Dias","@id":"https:\/\/renatodias.online\/movimento\/#\/schema\/person\/bbab28833b1725a20f4083f49f1fb2a9"},"headline":"PSTU quer polo e faz plen\u00e1ria dia 7","datePublished":"2021-09-28T23:25:37+00:00","mainEntityOfPage":{"@id":"https:\/\/renatodias.online\/movimento\/2021\/09\/28\/pstu-quer-polo-e-faz-plenaria-dia-7\/"},"wordCount":2605,"commentCount":0,"publisher":{"@id":"https:\/\/renatodias.online\/movimento\/#\/schema\/person\/bbab28833b1725a20f4083f49f1fb2a9"},"image":{"@id":"https:\/\/renatodias.online\/movimento\/2021\/09\/28\/pstu-quer-polo-e-faz-plenaria-dia-7\/#primaryimage"},"thumbnailUrl":"https:\/\/renatodias.online\/movimento\/wp-content\/uploads\/2021\/07\/Bandeira-do-PSTU.jpg","articleSection":["Pol\u00edtica"],"inLanguage":"pt-BR","potentialAction":[{"@type":"CommentAction","name":"Comment","target":["https:\/\/renatodias.online\/movimento\/2021\/09\/28\/pstu-quer-polo-e-faz-plenaria-dia-7\/#respond"]}]},{"@type":"WebPage","@id":"https:\/\/renatodias.online\/movimento\/2021\/09\/28\/pstu-quer-polo-e-faz-plenaria-dia-7\/","url":"https:\/\/renatodias.online\/movimento\/2021\/09\/28\/pstu-quer-polo-e-faz-plenaria-dia-7\/","name":"PSTU quer polo e faz plen\u00e1ria dia 7 -","isPartOf":{"@id":"https:\/\/renatodias.online\/movimento\/#website"},"primaryImageOfPage":{"@id":"https:\/\/renatodias.online\/movimento\/2021\/09\/28\/pstu-quer-polo-e-faz-plenaria-dia-7\/#primaryimage"},"image":{"@id":"https:\/\/renatodias.online\/movimento\/2021\/09\/28\/pstu-quer-polo-e-faz-plenaria-dia-7\/#primaryimage"},"thumbnailUrl":"https:\/\/renatodias.online\/movimento\/wp-content\/uploads\/2021\/07\/Bandeira-do-PSTU.jpg","datePublished":"2021-09-28T23:25:37+00:00","breadcrumb":{"@id":"https:\/\/renatodias.online\/movimento\/2021\/09\/28\/pstu-quer-polo-e-faz-plenaria-dia-7\/#breadcrumb"},"inLanguage":"pt-BR","potentialAction":[{"@type":"ReadAction","target":["https:\/\/renatodias.online\/movimento\/2021\/09\/28\/pstu-quer-polo-e-faz-plenaria-dia-7\/"]}]},{"@type":"ImageObject","inLanguage":"pt-BR","@id":"https:\/\/renatodias.online\/movimento\/2021\/09\/28\/pstu-quer-polo-e-faz-plenaria-dia-7\/#primaryimage","url":"https:\/\/renatodias.online\/movimento\/wp-content\/uploads\/2021\/07\/Bandeira-do-PSTU.jpg","contentUrl":"https:\/\/renatodias.online\/movimento\/wp-content\/uploads\/2021\/07\/Bandeira-do-PSTU.jpg","width":320,"height":306,"caption":"Bandeira do PSTU"},{"@type":"BreadcrumbList","@id":"https:\/\/renatodias.online\/movimento\/2021\/09\/28\/pstu-quer-polo-e-faz-plenaria-dia-7\/#breadcrumb","itemListElement":[{"@type":"ListItem","position":1,"name":"In\u00edcio","item":"https:\/\/renatodias.online\/movimento\/"},{"@type":"ListItem","position":2,"name":"PSTU quer polo e faz plen\u00e1ria dia 7"}]},{"@type":"WebSite","@id":"https:\/\/renatodias.online\/movimento\/#website","url":"https:\/\/renatodias.online\/movimento\/","name":"","description":"","publisher":{"@id":"https:\/\/renatodias.online\/movimento\/#\/schema\/person\/bbab28833b1725a20f4083f49f1fb2a9"},"potentialAction":[{"@type":"SearchAction","target":{"@type":"EntryPoint","urlTemplate":"https:\/\/renatodias.online\/movimento\/?s={search_term_string}"},"query-input":{"@type":"PropertyValueSpecification","valueRequired":true,"valueName":"search_term_string"}}],"inLanguage":"pt-BR"},{"@type":["Person","Organization"],"@id":"https:\/\/renatodias.online\/movimento\/#\/schema\/person\/bbab28833b1725a20f4083f49f1fb2a9","name":"Renato Dias","image":{"@type":"ImageObject","inLanguage":"pt-BR","@id":"https:\/\/renatodias.online\/movimento\/wp-content\/uploads\/2023\/03\/cropped-cropped-cropped-logofinal.jpeg","url":"https:\/\/renatodias.online\/movimento\/wp-content\/uploads\/2023\/03\/cropped-cropped-cropped-logofinal.jpeg","contentUrl":"https:\/\/renatodias.online\/movimento\/wp-content\/uploads\/2023\/03\/cropped-cropped-cropped-logofinal.jpeg","width":1280,"height":219,"caption":"Renato Dias"},"logo":{"@id":"https:\/\/renatodias.online\/movimento\/wp-content\/uploads\/2023\/03\/cropped-cropped-cropped-logofinal.jpeg"},"description":"Renato Dias, 58 anos, \u00e9 graduado em Jornalismo, formado em Ci\u00eancias Sociais, com p\u00f3s-gradua\u00e7\u00e3o em Pol\u00edticas P\u00fablicas, mestre em Direito e Rela\u00e7\u00f5es Internacionais, ex-aluno extraordin\u00e1rio do Doutorado em Psicologia Social, ex-estudante do Curso de Psican\u00e1lise do Centro de Estudos Psicanal\u00edticos do Estado de Goi\u00e1s, ministrado pelo m\u00e9dico psiquiatra e psicanalista Daniel Em\u00eddio de Souza. \u00c9 autor de 30 livros-reportagem, oito document\u00e1rios, ganhou 30 pr\u00eamios e \u00e9 torcedor apaixonado do maior do Centro-Oeste, o Vila Nova Futebol Clube. Casado com Meirilane Dias, \u00e9 pai de Juliana Dias, jornalista; Daniel Dias, economista; e Maria Rosa Dias, estudante antifascista, socialista e trotskista.\u00a0Com tr\u00eas pets: Porquinho [Bull Dog Franc\u00eas], Dalila [Basset Hound] e Geleia [Basset Hound]. Al\u00e9m do eterno gato Tutuquinho, que virou estrela.","sameAs":["https:\/\/www.facebook.com\/renato.dias.37","#breve","https:\/\/renatodias.tumblr.com\/"],"url":"https:\/\/renatodias.online\/movimento\/author\/renatodias\/"}]}},"_links":{"self":[{"href":"https:\/\/renatodias.online\/movimento\/wp-json\/wp\/v2\/posts\/9149","targetHints":{"allow":["GET"]}}],"collection":[{"href":"https:\/\/renatodias.online\/movimento\/wp-json\/wp\/v2\/posts"}],"about":[{"href":"https:\/\/renatodias.online\/movimento\/wp-json\/wp\/v2\/types\/post"}],"author":[{"embeddable":true,"href":"https:\/\/renatodias.online\/movimento\/wp-json\/wp\/v2\/users\/2"}],"replies":[{"embeddable":true,"href":"https:\/\/renatodias.online\/movimento\/wp-json\/wp\/v2\/comments?post=9149"}],"version-history":[{"count":1,"href":"https:\/\/renatodias.online\/movimento\/wp-json\/wp\/v2\/posts\/9149\/revisions"}],"predecessor-version":[{"id":9150,"href":"https:\/\/renatodias.online\/movimento\/wp-json\/wp\/v2\/posts\/9149\/revisions\/9150"}],"wp:featuredmedia":[{"embeddable":true,"href":"https:\/\/renatodias.online\/movimento\/wp-json\/wp\/v2\/media\/7618"}],"wp:attachment":[{"href":"https:\/\/renatodias.online\/movimento\/wp-json\/wp\/v2\/media?parent=9149"}],"wp:term":[{"taxonomy":"category","embeddable":true,"href":"https:\/\/renatodias.online\/movimento\/wp-json\/wp\/v2\/categories?post=9149"},{"taxonomy":"post_tag","embeddable":true,"href":"https:\/\/renatodias.online\/movimento\/wp-json\/wp\/v2\/tags?post=9149"}],"curies":[{"name":"wp","href":"https:\/\/api.w.org\/{rel}","templated":true}]}}