{"id":9042,"date":"2021-09-23T18:27:08","date_gmt":"2021-09-23T21:27:08","guid":{"rendered":"https:\/\/renatodias.online\/movimento\/?p=9042"},"modified":"2021-09-23T18:27:08","modified_gmt":"2021-09-23T21:27:08","slug":"gustavo-sebba-derrota-caiado","status":"publish","type":"post","link":"https:\/\/renatodias.online\/movimento\/2021\/09\/23\/gustavo-sebba-derrota-caiado\/","title":{"rendered":"Gustavo Sebba derrota Caiado"},"content":{"rendered":"<div dir=\"auto\">\n<div dir=\"auto\">\n<p>&nbsp;<\/p>\n<figure id=\"attachment_5888\" aria-describedby=\"caption-attachment-5888\" style=\"width: 600px\" class=\"wp-caption aligncenter\"><img loading=\"lazy\" decoding=\"async\" class=\"size-full wp-image-5888\" src=\"https:\/\/renatodias.online\/movimento\/wp-content\/uploads\/2021\/04\/Bomba-A-morte-da-Politica.jpg\" alt=\"explosivo\" width=\"600\" height=\"600\" \/><figcaption id=\"caption-attachment-5888\" class=\"wp-caption-text\"><span style=\"color: #ff9900;\"><strong>explosivo<\/strong><\/span><\/figcaption><\/figure>\n<figure id=\"attachment_3283\" aria-describedby=\"caption-attachment-3283\" style=\"width: 1024px\" class=\"wp-caption alignnone\"><img loading=\"lazy\" decoding=\"async\" class=\"size-full wp-image-3283\" src=\"https:\/\/renatodias.online\/movimento\/wp-content\/uploads\/2020\/04\/Gustavo-Sebba.jpg\" alt=\"\" width=\"1024\" height=\"708\" \/><figcaption id=\"caption-attachment-3283\" class=\"wp-caption-text\"><strong>Gustavo Sebba<\/strong><\/figcaption><\/figure>\n<\/div>\n<\/div>\n<div dir=\"auto\"><img loading=\"lazy\" decoding=\"async\" class=\"alignnone size-full wp-image-4894\" src=\"https:\/\/renatodias.online\/movimento\/wp-content\/uploads\/2020\/11\/Alto-da-p\u00e1gina-Banner-Exclusivo-1.png\" alt=\"\" width=\"1224\" height=\"372\" \/><\/div>\n<div dir=\"auto\">\n<h1 dir=\"auto\" style=\"text-align: center;\"><span style=\"color: #0000ff;\">Sebba derrota Caiado<\/span><\/h1>\n<div dir=\"auto\" style=\"text-align: center;\"><span style=\"color: #99cc00;\"><strong>Ipasgo suspende redu\u00e7\u00e3o de cotas para consultas, exames e cirurgias<\/strong><\/span><\/div>\n<div dir=\"auto\" style=\"text-align: center;\"><\/div>\n<div dir=\"auto\" style=\"text-align: center;\"><span style=\"color: #666699;\"><strong>Presidente do \u00f3rg\u00e3o, H\u00e9lio Jos\u00e9 Lopes cai. Ismail Alexandrino assume\u00a0<\/strong><\/span><\/div>\n<div dir=\"auto\"><\/div>\n<div dir=\"auto\"><strong>Renato Dias<\/strong><\/div>\n<div dir=\"auto\">O <strong>Ipasgo<\/strong> anunciou a suspens\u00e3o imediata da redu\u00e7\u00e3o de cotas e a libera\u00e7\u00e3o de exames, consultas e cirurgias eletivas. O Tribunal de Contas do Estado, em decis\u00e3o do conselheiro <strong>Celmar Rech<\/strong>, havia determinado a medida. O TCE foi provocado por a\u00e7\u00e3o do deputado estadual <strong>Gustavo Sebba<\/strong> [PSDB]. O principal l\u00edder das oposi\u00e7\u00f5es no Pal\u00e1cio Alfredo Nasser. A sede da Assembleia Legislativa do Estado de Goi\u00e1s. Instalada em Goi\u00e2nia. Fundada em 1933<\/div>\n<\/div>\n<div dir=\"auto\">\n<p>&nbsp;<\/p>\n<p><figure id=\"attachment_8988\" aria-describedby=\"caption-attachment-8988\" style=\"width: 2047px\" class=\"wp-caption alignnone\"><img loading=\"lazy\" decoding=\"async\" class=\"size-full wp-image-8988\" src=\"https:\/\/renatodias.online\/movimento\/wp-content\/uploads\/2021\/09\/Celmar-Rech-TCE-Go.jpg\" alt=\"\" width=\"2047\" height=\"1152\" srcset=\"https:\/\/renatodias.online\/movimento\/wp-content\/uploads\/2021\/09\/Celmar-Rech-TCE-Go.jpg 2047w, https:\/\/renatodias.online\/movimento\/wp-content\/uploads\/2021\/09\/Celmar-Rech-TCE-Go-300x169.jpg 300w, https:\/\/renatodias.online\/movimento\/wp-content\/uploads\/2021\/09\/Celmar-Rech-TCE-Go-1820x1024.jpg 1820w, https:\/\/renatodias.online\/movimento\/wp-content\/uploads\/2021\/09\/Celmar-Rech-TCE-Go-768x432.jpg 768w, https:\/\/renatodias.online\/movimento\/wp-content\/uploads\/2021\/09\/Celmar-Rech-TCE-Go-1536x864.jpg 1536w, https:\/\/renatodias.online\/movimento\/wp-content\/uploads\/2021\/09\/Celmar-Rech-TCE-Go-750x422.jpg 750w\" sizes=\"auto, (max-width: 2047px) 100vw, 2047px\" \/><figcaption id=\"caption-attachment-8988\" class=\"wp-caption-text\"><strong>Celmar Rech &#8211; TCE [Go]<\/strong><\/figcaption><\/figure><\/div>\n<div dir=\"auto\">\n<div dir=\"auto\"><\/div>\n<div dir=\"auto\">A resolu\u00e7\u00e3o restitui os direitos de <strong>600<\/strong> mil usu\u00e1rios do Ipasgo [Instituto de Assist\u00eancia aos Servidores P\u00fablicos do Estado de Goi\u00e1s] afetados pela resolu\u00e7\u00e3o do Governo Estadual, informa o l\u00edder tucano ao Portal de Not\u00edcias www.renatodias.online O atual inquilino da Casa Verde \u00e9 o m\u00e9dico <strong>Ronaldo Caiado<\/strong>. Filiado ao Democratas. N\u00e3o custa lembrar: <strong>Gustavo Sebba<\/strong> \u00e9 m\u00e9dico e presidente da <strong>Comiss\u00e3o de Sa\u00fade<\/strong> do parlamento goiano.<\/div>\n<div dir=\"auto\"><\/div>\n<div dir=\"auto\">\n<figure id=\"attachment_6358\" aria-describedby=\"caption-attachment-6358\" style=\"width: 839px\" class=\"wp-caption alignnone\"><img loading=\"lazy\" decoding=\"async\" class=\"size-full wp-image-6358\" src=\"https:\/\/renatodias.online\/movimento\/wp-content\/uploads\/2021\/04\/ronadocaiado.jpg\" alt=\"Ronaldo Caiado\" width=\"839\" height=\"600\" \/><figcaption id=\"caption-attachment-6358\" class=\"wp-caption-text\"><strong>Ronaldo Caiado<\/strong><\/figcaption><\/figure>\n<\/div>\n<\/div>\n","protected":false},"excerpt":{"rendered":"<p>&nbsp; Sebba derrota Caiado Ipasgo suspende redu\u00e7\u00e3o de cotas para consultas, exames e cirurgias Presidente do \u00f3rg\u00e3o, H\u00e9lio Jos\u00e9 Lopes cai. Ismail Alexandrino assume\u00a0 Renato Dias O Ipasgo anunciou a suspens\u00e3o imediata da redu\u00e7\u00e3o de cotas e a libera\u00e7\u00e3o de exames, consultas e cirurgias eletivas. O Tribunal de Contas do Estado, em decis\u00e3o do conselheiro<\/p>\n","protected":false},"author":2,"featured_media":4200,"comment_status":"open","ping_status":"open","sticky":false,"template":"","format":"standard","meta":{"_acf_changed":false,"_monsterinsights_skip_tracking":false,"_monsterinsights_sitenote_active":false,"_monsterinsights_sitenote_note":"","_monsterinsights_sitenote_category":0,"footnotes":""},"categories":[58],"tags":[],"class_list":["post-9042","post","type-post","status-publish","format-standard","has-post-thumbnail","hentry","category-medicina-e-saude"],"acf":[],"yoast_head":"<!-- This site is optimized with the Yoast SEO plugin v27.4 - https:\/\/yoast.com\/product\/yoast-seo-wordpress\/ -->\n<title>Gustavo Sebba derrota Caiado -<\/title>\n<meta name=\"robots\" content=\"index, follow, max-snippet:-1, max-image-preview:large, max-video-preview:-1\" \/>\n<link rel=\"canonical\" href=\"https:\/\/renatodias.online\/movimento\/2021\/09\/23\/gustavo-sebba-derrota-caiado\/\" \/>\n<meta property=\"og:locale\" content=\"pt_BR\" \/>\n<meta property=\"og:type\" content=\"article\" \/>\n<meta property=\"og:title\" content=\"Gustavo Sebba derrota Caiado -\" \/>\n<meta property=\"og:description\" content=\"&nbsp; Sebba derrota Caiado Ipasgo suspende redu\u00e7\u00e3o de cotas para consultas, exames e cirurgias Presidente do \u00f3rg\u00e3o, H\u00e9lio Jos\u00e9 Lopes cai. Ismail Alexandrino assume\u00a0 Renato Dias O Ipasgo anunciou a suspens\u00e3o imediata da redu\u00e7\u00e3o de cotas e a libera\u00e7\u00e3o de exames, consultas e cirurgias eletivas. O Tribunal de Contas do Estado, em decis\u00e3o do conselheiro\" \/>\n<meta property=\"og:url\" content=\"https:\/\/renatodias.online\/movimento\/2021\/09\/23\/gustavo-sebba-derrota-caiado\/\" \/>\n<meta property=\"article:publisher\" content=\"https:\/\/www.facebook.com\/renato.dias.37\" \/>\n<meta property=\"article:author\" content=\"https:\/\/www.facebook.com\/renato.dias.37\" \/>\n<meta property=\"article:published_time\" content=\"2021-09-23T21:27:08+00:00\" \/>\n<meta property=\"og:image\" content=\"https:\/\/renatodias.online\/movimento\/wp-content\/uploads\/2020\/08\/Gustavo-Sebba-PSDB-2.jpg\" \/>\n\t<meta property=\"og:image:width\" content=\"223\" \/>\n\t<meta property=\"og:image:height\" content=\"226\" \/>\n\t<meta property=\"og:image:type\" content=\"image\/jpeg\" \/>\n<meta name=\"author\" content=\"Renato Dias\" \/>\n<meta name=\"twitter:card\" content=\"summary_large_image\" \/>\n<meta name=\"twitter:creator\" content=\"@RenatoDiasBat\" \/>\n<meta name=\"twitter:site\" content=\"@RenatoDiasBat\" \/>\n<meta name=\"twitter:label1\" content=\"Escrito por\" \/>\n\t<meta name=\"twitter:data1\" content=\"Renato Dias\" \/>\n\t<meta name=\"twitter:label2\" content=\"Est. tempo de leitura\" \/>\n\t<meta name=\"twitter:data2\" content=\"1 minuto\" \/>\n<script type=\"application\/ld+json\" class=\"yoast-schema-graph\">{\"@context\":\"https:\\\/\\\/schema.org\",\"@graph\":[{\"@type\":\"Article\",\"@id\":\"https:\\\/\\\/renatodias.online\\\/movimento\\\/2021\\\/09\\\/23\\\/gustavo-sebba-derrota-caiado\\\/#article\",\"isPartOf\":{\"@id\":\"https:\\\/\\\/renatodias.online\\\/movimento\\\/2021\\\/09\\\/23\\\/gustavo-sebba-derrota-caiado\\\/\"},\"author\":{\"name\":\"Renato Dias\",\"@id\":\"https:\\\/\\\/renatodias.online\\\/movimento\\\/#\\\/schema\\\/person\\\/bbab28833b1725a20f4083f49f1fb2a9\"},\"headline\":\"Gustavo Sebba derrota Caiado\",\"datePublished\":\"2021-09-23T21:27:08+00:00\",\"mainEntityOfPage\":{\"@id\":\"https:\\\/\\\/renatodias.online\\\/movimento\\\/2021\\\/09\\\/23\\\/gustavo-sebba-derrota-caiado\\\/\"},\"wordCount\":230,\"commentCount\":0,\"publisher\":{\"@id\":\"https:\\\/\\\/renatodias.online\\\/movimento\\\/#\\\/schema\\\/person\\\/bbab28833b1725a20f4083f49f1fb2a9\"},\"image\":{\"@id\":\"https:\\\/\\\/renatodias.online\\\/movimento\\\/2021\\\/09\\\/23\\\/gustavo-sebba-derrota-caiado\\\/#primaryimage\"},\"thumbnailUrl\":\"https:\\\/\\\/renatodias.online\\\/movimento\\\/wp-content\\\/uploads\\\/2020\\\/08\\\/Gustavo-Sebba-PSDB-2.jpg\",\"articleSection\":[\"Medicina e Sa\u00fade\"],\"inLanguage\":\"pt-BR\",\"potentialAction\":[{\"@type\":\"CommentAction\",\"name\":\"Comment\",\"target\":[\"https:\\\/\\\/renatodias.online\\\/movimento\\\/2021\\\/09\\\/23\\\/gustavo-sebba-derrota-caiado\\\/#respond\"]}]},{\"@type\":\"WebPage\",\"@id\":\"https:\\\/\\\/renatodias.online\\\/movimento\\\/2021\\\/09\\\/23\\\/gustavo-sebba-derrota-caiado\\\/\",\"url\":\"https:\\\/\\\/renatodias.online\\\/movimento\\\/2021\\\/09\\\/23\\\/gustavo-sebba-derrota-caiado\\\/\",\"name\":\"Gustavo Sebba derrota Caiado -\",\"isPartOf\":{\"@id\":\"https:\\\/\\\/renatodias.online\\\/movimento\\\/#website\"},\"primaryImageOfPage\":{\"@id\":\"https:\\\/\\\/renatodias.online\\\/movimento\\\/2021\\\/09\\\/23\\\/gustavo-sebba-derrota-caiado\\\/#primaryimage\"},\"image\":{\"@id\":\"https:\\\/\\\/renatodias.online\\\/movimento\\\/2021\\\/09\\\/23\\\/gustavo-sebba-derrota-caiado\\\/#primaryimage\"},\"thumbnailUrl\":\"https:\\\/\\\/renatodias.online\\\/movimento\\\/wp-content\\\/uploads\\\/2020\\\/08\\\/Gustavo-Sebba-PSDB-2.jpg\",\"datePublished\":\"2021-09-23T21:27:08+00:00\",\"breadcrumb\":{\"@id\":\"https:\\\/\\\/renatodias.online\\\/movimento\\\/2021\\\/09\\\/23\\\/gustavo-sebba-derrota-caiado\\\/#breadcrumb\"},\"inLanguage\":\"pt-BR\",\"potentialAction\":[{\"@type\":\"ReadAction\",\"target\":[\"https:\\\/\\\/renatodias.online\\\/movimento\\\/2021\\\/09\\\/23\\\/gustavo-sebba-derrota-caiado\\\/\"]}]},{\"@type\":\"ImageObject\",\"inLanguage\":\"pt-BR\",\"@id\":\"https:\\\/\\\/renatodias.online\\\/movimento\\\/2021\\\/09\\\/23\\\/gustavo-sebba-derrota-caiado\\\/#primaryimage\",\"url\":\"https:\\\/\\\/renatodias.online\\\/movimento\\\/wp-content\\\/uploads\\\/2020\\\/08\\\/Gustavo-Sebba-PSDB-2.jpg\",\"contentUrl\":\"https:\\\/\\\/renatodias.online\\\/movimento\\\/wp-content\\\/uploads\\\/2020\\\/08\\\/Gustavo-Sebba-PSDB-2.jpg\",\"width\":223,\"height\":226,\"caption\":\"Gustavo Sebba - PSDB\"},{\"@type\":\"BreadcrumbList\",\"@id\":\"https:\\\/\\\/renatodias.online\\\/movimento\\\/2021\\\/09\\\/23\\\/gustavo-sebba-derrota-caiado\\\/#breadcrumb\",\"itemListElement\":[{\"@type\":\"ListItem\",\"position\":1,\"name\":\"In\u00edcio\",\"item\":\"https:\\\/\\\/renatodias.online\\\/movimento\\\/\"},{\"@type\":\"ListItem\",\"position\":2,\"name\":\"Gustavo Sebba derrota Caiado\"}]},{\"@type\":\"WebSite\",\"@id\":\"https:\\\/\\\/renatodias.online\\\/movimento\\\/#website\",\"url\":\"https:\\\/\\\/renatodias.online\\\/movimento\\\/\",\"name\":\"\",\"description\":\"\",\"publisher\":{\"@id\":\"https:\\\/\\\/renatodias.online\\\/movimento\\\/#\\\/schema\\\/person\\\/bbab28833b1725a20f4083f49f1fb2a9\"},\"potentialAction\":[{\"@type\":\"SearchAction\",\"target\":{\"@type\":\"EntryPoint\",\"urlTemplate\":\"https:\\\/\\\/renatodias.online\\\/movimento\\\/?s={search_term_string}\"},\"query-input\":{\"@type\":\"PropertyValueSpecification\",\"valueRequired\":true,\"valueName\":\"search_term_string\"}}],\"inLanguage\":\"pt-BR\"},{\"@type\":[\"Person\",\"Organization\"],\"@id\":\"https:\\\/\\\/renatodias.online\\\/movimento\\\/#\\\/schema\\\/person\\\/bbab28833b1725a20f4083f49f1fb2a9\",\"name\":\"Renato Dias\",\"image\":{\"@type\":\"ImageObject\",\"inLanguage\":\"pt-BR\",\"@id\":\"https:\\\/\\\/renatodias.online\\\/movimento\\\/wp-content\\\/uploads\\\/2023\\\/03\\\/cropped-cropped-cropped-logofinal.jpeg\",\"url\":\"https:\\\/\\\/renatodias.online\\\/movimento\\\/wp-content\\\/uploads\\\/2023\\\/03\\\/cropped-cropped-cropped-logofinal.jpeg\",\"contentUrl\":\"https:\\\/\\\/renatodias.online\\\/movimento\\\/wp-content\\\/uploads\\\/2023\\\/03\\\/cropped-cropped-cropped-logofinal.jpeg\",\"width\":1280,\"height\":219,\"caption\":\"Renato Dias\"},\"logo\":{\"@id\":\"https:\\\/\\\/renatodias.online\\\/movimento\\\/wp-content\\\/uploads\\\/2023\\\/03\\\/cropped-cropped-cropped-logofinal.jpeg\"},\"description\":\"Renato Dias, 58 anos, \u00e9 graduado em Jornalismo, formado em Ci\u00eancias Sociais, com p\u00f3s-gradua\u00e7\u00e3o em Pol\u00edticas P\u00fablicas, mestre em Direito e Rela\u00e7\u00f5es Internacionais, ex-aluno extraordin\u00e1rio do Doutorado em Psicologia Social, ex-estudante do Curso de Psican\u00e1lise do Centro de Estudos Psicanal\u00edticos do Estado de Goi\u00e1s, ministrado pelo m\u00e9dico psiquiatra e psicanalista Daniel Em\u00eddio de Souza. \u00c9 autor de 30 livros-reportagem, oito document\u00e1rios, ganhou 30 pr\u00eamios e \u00e9 torcedor apaixonado do maior do Centro-Oeste, o Vila Nova Futebol Clube. Casado com Meirilane Dias, \u00e9 pai de Juliana Dias, jornalista; Daniel Dias, economista; e Maria Rosa Dias, estudante antifascista, socialista e trotskista.\u00a0Com tr\u00eas pets: Porquinho [Bull Dog Franc\u00eas], Dalila [Basset Hound] e Geleia [Basset Hound]. Al\u00e9m do eterno gato Tutuquinho, que virou estrela.\",\"sameAs\":[\"https:\\\/\\\/www.facebook.com\\\/renato.dias.37\",\"#breve\",\"https:\\\/\\\/renatodias.tumblr.com\\\/\"],\"url\":\"https:\\\/\\\/renatodias.online\\\/movimento\\\/author\\\/renatodias\\\/\"}]}<\/script>\n<!-- \/ Yoast SEO plugin. -->","yoast_head_json":{"title":"Gustavo Sebba derrota Caiado -","robots":{"index":"index","follow":"follow","max-snippet":"max-snippet:-1","max-image-preview":"max-image-preview:large","max-video-preview":"max-video-preview:-1"},"canonical":"https:\/\/renatodias.online\/movimento\/2021\/09\/23\/gustavo-sebba-derrota-caiado\/","og_locale":"pt_BR","og_type":"article","og_title":"Gustavo Sebba derrota Caiado -","og_description":"&nbsp; Sebba derrota Caiado Ipasgo suspende redu\u00e7\u00e3o de cotas para consultas, exames e cirurgias Presidente do \u00f3rg\u00e3o, H\u00e9lio Jos\u00e9 Lopes cai. Ismail Alexandrino assume\u00a0 Renato Dias O Ipasgo anunciou a suspens\u00e3o imediata da redu\u00e7\u00e3o de cotas e a libera\u00e7\u00e3o de exames, consultas e cirurgias eletivas. O Tribunal de Contas do Estado, em decis\u00e3o do conselheiro","og_url":"https:\/\/renatodias.online\/movimento\/2021\/09\/23\/gustavo-sebba-derrota-caiado\/","article_publisher":"https:\/\/www.facebook.com\/renato.dias.37","article_author":"https:\/\/www.facebook.com\/renato.dias.37","article_published_time":"2021-09-23T21:27:08+00:00","og_image":[{"width":223,"height":226,"url":"https:\/\/renatodias.online\/movimento\/wp-content\/uploads\/2020\/08\/Gustavo-Sebba-PSDB-2.jpg","type":"image\/jpeg"}],"author":"Renato Dias","twitter_card":"summary_large_image","twitter_creator":"@RenatoDiasBat","twitter_site":"@RenatoDiasBat","twitter_misc":{"Escrito por":"Renato Dias","Est. tempo de leitura":"1 minuto"},"schema":{"@context":"https:\/\/schema.org","@graph":[{"@type":"Article","@id":"https:\/\/renatodias.online\/movimento\/2021\/09\/23\/gustavo-sebba-derrota-caiado\/#article","isPartOf":{"@id":"https:\/\/renatodias.online\/movimento\/2021\/09\/23\/gustavo-sebba-derrota-caiado\/"},"author":{"name":"Renato Dias","@id":"https:\/\/renatodias.online\/movimento\/#\/schema\/person\/bbab28833b1725a20f4083f49f1fb2a9"},"headline":"Gustavo Sebba derrota Caiado","datePublished":"2021-09-23T21:27:08+00:00","mainEntityOfPage":{"@id":"https:\/\/renatodias.online\/movimento\/2021\/09\/23\/gustavo-sebba-derrota-caiado\/"},"wordCount":230,"commentCount":0,"publisher":{"@id":"https:\/\/renatodias.online\/movimento\/#\/schema\/person\/bbab28833b1725a20f4083f49f1fb2a9"},"image":{"@id":"https:\/\/renatodias.online\/movimento\/2021\/09\/23\/gustavo-sebba-derrota-caiado\/#primaryimage"},"thumbnailUrl":"https:\/\/renatodias.online\/movimento\/wp-content\/uploads\/2020\/08\/Gustavo-Sebba-PSDB-2.jpg","articleSection":["Medicina e Sa\u00fade"],"inLanguage":"pt-BR","potentialAction":[{"@type":"CommentAction","name":"Comment","target":["https:\/\/renatodias.online\/movimento\/2021\/09\/23\/gustavo-sebba-derrota-caiado\/#respond"]}]},{"@type":"WebPage","@id":"https:\/\/renatodias.online\/movimento\/2021\/09\/23\/gustavo-sebba-derrota-caiado\/","url":"https:\/\/renatodias.online\/movimento\/2021\/09\/23\/gustavo-sebba-derrota-caiado\/","name":"Gustavo Sebba derrota Caiado -","isPartOf":{"@id":"https:\/\/renatodias.online\/movimento\/#website"},"primaryImageOfPage":{"@id":"https:\/\/renatodias.online\/movimento\/2021\/09\/23\/gustavo-sebba-derrota-caiado\/#primaryimage"},"image":{"@id":"https:\/\/renatodias.online\/movimento\/2021\/09\/23\/gustavo-sebba-derrota-caiado\/#primaryimage"},"thumbnailUrl":"https:\/\/renatodias.online\/movimento\/wp-content\/uploads\/2020\/08\/Gustavo-Sebba-PSDB-2.jpg","datePublished":"2021-09-23T21:27:08+00:00","breadcrumb":{"@id":"https:\/\/renatodias.online\/movimento\/2021\/09\/23\/gustavo-sebba-derrota-caiado\/#breadcrumb"},"inLanguage":"pt-BR","potentialAction":[{"@type":"ReadAction","target":["https:\/\/renatodias.online\/movimento\/2021\/09\/23\/gustavo-sebba-derrota-caiado\/"]}]},{"@type":"ImageObject","inLanguage":"pt-BR","@id":"https:\/\/renatodias.online\/movimento\/2021\/09\/23\/gustavo-sebba-derrota-caiado\/#primaryimage","url":"https:\/\/renatodias.online\/movimento\/wp-content\/uploads\/2020\/08\/Gustavo-Sebba-PSDB-2.jpg","contentUrl":"https:\/\/renatodias.online\/movimento\/wp-content\/uploads\/2020\/08\/Gustavo-Sebba-PSDB-2.jpg","width":223,"height":226,"caption":"Gustavo Sebba - PSDB"},{"@type":"BreadcrumbList","@id":"https:\/\/renatodias.online\/movimento\/2021\/09\/23\/gustavo-sebba-derrota-caiado\/#breadcrumb","itemListElement":[{"@type":"ListItem","position":1,"name":"In\u00edcio","item":"https:\/\/renatodias.online\/movimento\/"},{"@type":"ListItem","position":2,"name":"Gustavo Sebba derrota Caiado"}]},{"@type":"WebSite","@id":"https:\/\/renatodias.online\/movimento\/#website","url":"https:\/\/renatodias.online\/movimento\/","name":"","description":"","publisher":{"@id":"https:\/\/renatodias.online\/movimento\/#\/schema\/person\/bbab28833b1725a20f4083f49f1fb2a9"},"potentialAction":[{"@type":"SearchAction","target":{"@type":"EntryPoint","urlTemplate":"https:\/\/renatodias.online\/movimento\/?s={search_term_string}"},"query-input":{"@type":"PropertyValueSpecification","valueRequired":true,"valueName":"search_term_string"}}],"inLanguage":"pt-BR"},{"@type":["Person","Organization"],"@id":"https:\/\/renatodias.online\/movimento\/#\/schema\/person\/bbab28833b1725a20f4083f49f1fb2a9","name":"Renato Dias","image":{"@type":"ImageObject","inLanguage":"pt-BR","@id":"https:\/\/renatodias.online\/movimento\/wp-content\/uploads\/2023\/03\/cropped-cropped-cropped-logofinal.jpeg","url":"https:\/\/renatodias.online\/movimento\/wp-content\/uploads\/2023\/03\/cropped-cropped-cropped-logofinal.jpeg","contentUrl":"https:\/\/renatodias.online\/movimento\/wp-content\/uploads\/2023\/03\/cropped-cropped-cropped-logofinal.jpeg","width":1280,"height":219,"caption":"Renato Dias"},"logo":{"@id":"https:\/\/renatodias.online\/movimento\/wp-content\/uploads\/2023\/03\/cropped-cropped-cropped-logofinal.jpeg"},"description":"Renato Dias, 58 anos, \u00e9 graduado em Jornalismo, formado em Ci\u00eancias Sociais, com p\u00f3s-gradua\u00e7\u00e3o em Pol\u00edticas P\u00fablicas, mestre em Direito e Rela\u00e7\u00f5es Internacionais, ex-aluno extraordin\u00e1rio do Doutorado em Psicologia Social, ex-estudante do Curso de Psican\u00e1lise do Centro de Estudos Psicanal\u00edticos do Estado de Goi\u00e1s, ministrado pelo m\u00e9dico psiquiatra e psicanalista Daniel Em\u00eddio de Souza. \u00c9 autor de 30 livros-reportagem, oito document\u00e1rios, ganhou 30 pr\u00eamios e \u00e9 torcedor apaixonado do maior do Centro-Oeste, o Vila Nova Futebol Clube. Casado com Meirilane Dias, \u00e9 pai de Juliana Dias, jornalista; Daniel Dias, economista; e Maria Rosa Dias, estudante antifascista, socialista e trotskista.\u00a0Com tr\u00eas pets: Porquinho [Bull Dog Franc\u00eas], Dalila [Basset Hound] e Geleia [Basset Hound]. Al\u00e9m do eterno gato Tutuquinho, que virou estrela.","sameAs":["https:\/\/www.facebook.com\/renato.dias.37","#breve","https:\/\/renatodias.tumblr.com\/"],"url":"https:\/\/renatodias.online\/movimento\/author\/renatodias\/"}]}},"_links":{"self":[{"href":"https:\/\/renatodias.online\/movimento\/wp-json\/wp\/v2\/posts\/9042","targetHints":{"allow":["GET"]}}],"collection":[{"href":"https:\/\/renatodias.online\/movimento\/wp-json\/wp\/v2\/posts"}],"about":[{"href":"https:\/\/renatodias.online\/movimento\/wp-json\/wp\/v2\/types\/post"}],"author":[{"embeddable":true,"href":"https:\/\/renatodias.online\/movimento\/wp-json\/wp\/v2\/users\/2"}],"replies":[{"embeddable":true,"href":"https:\/\/renatodias.online\/movimento\/wp-json\/wp\/v2\/comments?post=9042"}],"version-history":[{"count":1,"href":"https:\/\/renatodias.online\/movimento\/wp-json\/wp\/v2\/posts\/9042\/revisions"}],"predecessor-version":[{"id":9043,"href":"https:\/\/renatodias.online\/movimento\/wp-json\/wp\/v2\/posts\/9042\/revisions\/9043"}],"wp:featuredmedia":[{"embeddable":true,"href":"https:\/\/renatodias.online\/movimento\/wp-json\/wp\/v2\/media\/4200"}],"wp:attachment":[{"href":"https:\/\/renatodias.online\/movimento\/wp-json\/wp\/v2\/media?parent=9042"}],"wp:term":[{"taxonomy":"category","embeddable":true,"href":"https:\/\/renatodias.online\/movimento\/wp-json\/wp\/v2\/categories?post=9042"},{"taxonomy":"post_tag","embeddable":true,"href":"https:\/\/renatodias.online\/movimento\/wp-json\/wp\/v2\/tags?post=9042"}],"curies":[{"name":"wp","href":"https:\/\/api.w.org\/{rel}","templated":true}]}}