{"id":8975,"date":"2021-09-14T15:45:46","date_gmt":"2021-09-14T18:45:46","guid":{"rendered":"https:\/\/renatodias.online\/movimento\/?p=8975"},"modified":"2021-09-14T15:45:55","modified_gmt":"2021-09-14T18:45:55","slug":"esquerda-erra-ao-flertar-com-mbl","status":"publish","type":"post","link":"https:\/\/renatodias.online\/movimento\/2021\/09\/14\/esquerda-erra-ao-flertar-com-mbl\/","title":{"rendered":"Esquerda erra ao flertar com MBL"},"content":{"rendered":"<figure id=\"attachment_8916\" aria-describedby=\"caption-attachment-8916\" style=\"width: 1024px\" class=\"wp-caption alignnone\"><img loading=\"lazy\" decoding=\"async\" class=\"size-full wp-image-8916\" src=\"https:\/\/renatodias.online\/movimento\/wp-content\/uploads\/2021\/09\/Kim-Kataguiri-_-Link-e1631644680825.jpg\" alt=\"\" width=\"1024\" height=\"439\" \/><figcaption id=\"caption-attachment-8916\" class=\"wp-caption-text\"><strong>Kim Kataguiri<\/strong><\/figcaption><\/figure>\n<h1><img loading=\"lazy\" decoding=\"async\" class=\"size-full wp-image-8316 aligncenter\" src=\"https:\/\/renatodias.online\/movimento\/wp-content\/uploads\/2021\/08\/Exclusivo-Logomarca.png\" alt=\"\" width=\"225\" height=\"225\" srcset=\"https:\/\/renatodias.online\/movimento\/wp-content\/uploads\/2021\/08\/Exclusivo-Logomarca.png 225w, https:\/\/renatodias.online\/movimento\/wp-content\/uploads\/2021\/08\/Exclusivo-Logomarca-150x150.png 150w\" sizes=\"auto, (max-width: 225px) 100vw, 225px\" \/><\/h1>\n<h1 style=\"text-align: center;\"><strong><span style=\"color: #ff0000;\">Esquerda erra ao flertar com<\/span> <span style=\"color: #000000;\">MBL<\/span><\/strong><\/h1>\n<p><strong>Valerio Arcary<\/strong><\/p>\n<p>Foram muito pouco expressivos. Na verdade, somente, simb\u00f3licos, pelo n\u00famero de presentes. Politicamente, considerando as faixas e discursos, a inflex\u00e3o foi,sendo generoso, incompleta e desonesta. Quem ajudou, direta ou indiretamente, a eleger Bolsonaro e decidiu apoiar o impeachment, deveria come\u00e7ar admitindo que errou feio. N\u00e3o criticando quem lutou contra Bolsonaro e n\u00e3o aceitou o ultimato de comparecer, sim ou sim, incondicionalmente, e de branco, sem identidade. Mas o balan\u00e7o n\u00e3o deveria ter surpreendido ningu\u00e9m. N\u00e3o era maduro, s\u00e1bio ou emergencial ter ido \u00e0 Paulista neste dia 12 de setembro por cinco raz\u00f5es:<\/p>\n<p><img loading=\"lazy\" decoding=\"async\" class=\"alignnone size-full wp-image-8720\" src=\"https:\/\/renatodias.online\/movimento\/wp-content\/uploads\/2021\/08\/Jair-Messias-Bolsonaro-Caricatura.jpg\" alt=\"\" width=\"1080\" height=\"764\" \/><\/p>\n<p>(a) aceitar o ultimato com uma ades\u00e3o apressada seria desagregador, e n\u00e3o uma manobra inteligente, porque foi somente uma coincid\u00eancia a sequ\u00eancia de cinco dias entre o dia 7\/9 e o dia 12\/9, afinal o MBL tinha marcado o ato com o eixo Nem Bolsonaro, nem Lula, h\u00e1 dois meses, muito antes de Bolsonaro ter decidido convocar \u00e0s ruas para o dia 7 de setembro e, mesmo com o giro de v\u00e9spera, continuaria sendo um trampolim para uma \u201cterceira via\u201d;<\/p>\n<figure id=\"attachment_5461\" aria-describedby=\"caption-attachment-5461\" style=\"width: 228px\" class=\"wp-caption alignnone\"><img loading=\"lazy\" decoding=\"async\" class=\"size-full wp-image-5461\" src=\"https:\/\/renatodias.online\/movimento\/wp-content\/uploads\/2021\/03\/Lula.jpg\" alt=\"Luiz In\u00e1cio Lula da Silva _ caricatura\" width=\"228\" height=\"349\" srcset=\"https:\/\/renatodias.online\/movimento\/wp-content\/uploads\/2021\/03\/Lula.jpg 228w, https:\/\/renatodias.online\/movimento\/wp-content\/uploads\/2021\/03\/Lula-196x300.jpg 196w\" sizes=\"auto, (max-width: 228px) 100vw, 228px\" \/><figcaption id=\"caption-attachment-5461\" class=\"wp-caption-text\"><strong>Luiz In\u00e1cio Lula da Silva<\/strong><\/figcaption><\/figure>\n<p>(b) o novo momento da conjuntura abre a possibilidade e ainda h\u00e1 tempo, pelo menos at\u00e9 dezembro, de atos conjuntos entre a oposi\u00e7\u00e3o de esquerda e setores da oposi\u00e7\u00e3o liberal, mas ter\u00e3o que ser atos, no m\u00ednimo, pelo <em>impeachment<\/em>, e a realidade \u00e9 que a executiva do PSDB n\u00e3o aprovou a posi\u00e7\u00e3o externada, pessoalmente, por Jo\u00e3o Doria, e Kassab j\u00e1 declarou que depois do pedido de desculpas escrito por Michel Temer o impeachment ficou dif\u00edcil, portanto, h\u00e1 uma constru\u00e7\u00e3o necess\u00e1ria, mas complexa a ser feita;<\/p>\n<figure id=\"attachment_6321\" aria-describedby=\"caption-attachment-6321\" style=\"width: 620px\" class=\"wp-caption alignnone\"><img loading=\"lazy\" decoding=\"async\" class=\"size-full wp-image-6321\" src=\"https:\/\/renatodias.online\/movimento\/wp-content\/uploads\/2021\/04\/Michel-Temer-_-6-Mix-_-Uol.jpeg\" alt=\"\" width=\"620\" height=\"1057\" \/><figcaption id=\"caption-attachment-6321\" class=\"wp-caption-text\"><strong>Michel Temer<\/strong><\/figcaption><\/figure>\n<p>(c) quem n\u00e3o foi aos atos de 7 de setembro se equivocou, embora a ansiedade seja compreens\u00edvel, n\u00e3o \u00e9 boa conselheira, porque n\u00e3o \u00e9 verdade que o momento da conjuntura, neste m\u00eas, \u00e9 uma situa\u00e7\u00e3o cr\u00edtica, de imin\u00eancia de perigo real e imediato de um autogolpe neofascista, diante da qual dev\u00eassemos arriscar tudo agora e j\u00e1, custe o que custar, ao contr\u00e1rio, Bolsonaro recuou, ainda que de forma farsesca e dissimulada, em dois dias e, por enquanto, se relocaliza para as elei\u00e7\u00f5es de 2022;<\/p>\n<p>(d) a unidade da oposi\u00e7\u00e3o de esquerda se articula em um campo de independ\u00eancia de classe, unindo movimentos sociais e partidos na campanha Fora Bolsonaro, e n\u00e3o pode nem deve fazer curvas improvisadas e precipitadas, porque h\u00e1 perigo de derrapar, e \u00e9 muito desorganizadora e triste a divis\u00e3o que, infelizmente, n\u00e3o foi poss\u00edvel evitar com o PCdoB;<\/p>\n<figure id=\"attachment_8217\" aria-describedby=\"caption-attachment-8217\" style=\"width: 750px\" class=\"wp-caption aligncenter\"><img loading=\"lazy\" decoding=\"async\" class=\"size-full wp-image-8217\" src=\"https:\/\/renatodias.online\/movimento\/wp-content\/uploads\/2021\/08\/Fora-Bolsonaro-e1629545953248.jpg\" alt=\"\" width=\"750\" height=\"500\" \/><figcaption id=\"caption-attachment-8217\" class=\"wp-caption-text\"><strong>Fora Bolsonaro<\/strong><\/figcaption><\/figure>\n<p>(e) o MBL \u00e9 uma componente liberal da extrema-direita que rompeu com bolsonarismo, o que \u00e9 positivo, mas n\u00e3o demonstrou, em nenhum momento, ter preservado uma base social pr\u00f3pria, e seria um erro a esquerda construir uma escada para a direita liberal se reposicionar com legitimidade como oposi\u00e7\u00e3o, se passou os \u00faltimos dois anos e meio votando e aprovando os projetos encaminhados por Bolsonaro;<\/p>\n<figure id=\"attachment_8913\" aria-describedby=\"caption-attachment-8913\" style=\"width: 2000px\" class=\"wp-caption alignnone\"><img loading=\"lazy\" decoding=\"async\" class=\"size-full wp-image-8913\" src=\"https:\/\/renatodias.online\/movimento\/wp-content\/uploads\/2021\/09\/Kim-Kataguiri-MBL.jpg\" alt=\"\" width=\"2000\" height=\"1000\" \/><figcaption id=\"caption-attachment-8913\" class=\"wp-caption-text\"><strong>Kim Kataguiri &#8211; MBL<\/strong><\/figcaption><\/figure>\n<p>C\u00e1lculos cerebrais s\u00e3o \u00fateis para a elabora\u00e7\u00e3o pol\u00edtica, mas a luta pelo poder n\u00e3o se reduz nem obedece, estritamente, somente a racionaliza\u00e7\u00f5es.\u00a0O perigo \u201cmaquiav\u00e9lico\u201d \u00e9 desconhecer que as classes n\u00e3o s\u00e3o homog\u00eaneas, e sucumbir \u00e0 tenta\u00e7\u00e3o de que, no contexto de cada momento da luta, t\u00eam plena consci\u00eancia de onde est\u00e1 a defesa de seus interesses.\u00a0A \u201csuperintelectualiza\u00e7\u00e3o\u201d de an\u00e1lises esquece que a representa\u00e7\u00e3o de interesses \u00e9 feita por partidos e lideran\u00e7as de carne e osso. E as lideran\u00e7as erram. O erro mais comum \u00e9 a subestima\u00e7\u00e3o de Bolsonaro, \u00e0 esquerda e \u00e0 direita. Em abstrato, depois da demonstra\u00e7\u00e3o de for\u00e7a de Bolsonaro no dia 7 de setembro, e considerando o agravamento da crise econ\u00f4mica, social e institucional, o mais l\u00f3gico seria que a fra\u00e7\u00e3o da classe dominante que se inquieta com a crescente \u201cdisfuncionalidade\u201d, ou seja, a ru\u00edna do governo Bolsonaro, se apressasse em abrir o caminho para uma candidatura de \u201cterceira via\u201d colocando na mesa a necessidade do impeachment.<\/p>\n<figure id=\"attachment_8897\" aria-describedby=\"caption-attachment-8897\" style=\"width: 771px\" class=\"wp-caption alignnone\"><img loading=\"lazy\" decoding=\"async\" class=\"size-full wp-image-8897\" src=\"https:\/\/renatodias.online\/movimento\/wp-content\/uploads\/2021\/09\/Jair-Messias-Bolsonaro-em-7-de-setembro-de-2021.jpeg\" alt=\"\" width=\"771\" height=\"420\" \/><figcaption id=\"caption-attachment-8897\" class=\"wp-caption-text\"><strong>Jair Messias Bolsonaro em 7 de setembro de 2021<\/strong><\/figcaption><\/figure>\n<p>Em princ\u00edpio, teoricamente, deveriam girar com todas as for\u00e7as pelo <em>impeachment<\/em>. Mas a realidade \u00e9 que essa decis\u00e3o ainda n\u00e3o feita. N\u00e3o foi feita por tr\u00eas raz\u00f5es: (a) primeiro, e mais importante, porque depois das amea\u00e7as de Bolsonaro, no dia 7 de setembro, h\u00e1 muito temor de qual seria a capacidade de Bolsonaro de incendiar a sua base social, e mergulhar o pa\u00eds em uma situa\u00e7\u00e3o dram\u00e1tica de turbul\u00eancia imprevis\u00edvel; (b) porque um segundo <em>impeachment<\/em>, em um intervalo de cinco anos, \u00e9 uma solu\u00e7\u00e3o extrema nos marcos do regime; (c) porque h\u00e1 muita inseguran\u00e7a em fun\u00e7\u00e3o da rela\u00e7\u00e3o de confian\u00e7a do Alto Comando das For\u00e7as Armadas com Bolsonaro e porque h\u00e1 ainda pouca confian\u00e7a no que seria um final de mandato de Mour\u00e3o.<\/p>\n<figure id=\"attachment_8896\" aria-describedby=\"caption-attachment-8896\" style=\"width: 1380px\" class=\"wp-caption alignnone\"><img loading=\"lazy\" decoding=\"async\" class=\"size-full wp-image-8896\" src=\"https:\/\/renatodias.online\/movimento\/wp-content\/uploads\/2021\/09\/Hamilton-Mourao.jpg\" alt=\"\" width=\"1380\" height=\"920\" srcset=\"https:\/\/renatodias.online\/movimento\/wp-content\/uploads\/2021\/09\/Hamilton-Mourao.jpg 1380w, https:\/\/renatodias.online\/movimento\/wp-content\/uploads\/2021\/09\/Hamilton-Mourao-300x200.jpg 300w, https:\/\/renatodias.online\/movimento\/wp-content\/uploads\/2021\/09\/Hamilton-Mourao-768x512.jpg 768w, https:\/\/renatodias.online\/movimento\/wp-content\/uploads\/2021\/09\/Hamilton-Mourao-360x240.jpg 360w, https:\/\/renatodias.online\/movimento\/wp-content\/uploads\/2021\/09\/Hamilton-Mourao-750x500.jpg 750w\" sizes=\"auto, (max-width: 1380px) 100vw, 1380px\" \/><figcaption id=\"caption-attachment-8896\" class=\"wp-caption-text\"><strong>General Hamilton Mour\u00e3o Filho<\/strong><\/figcaption><\/figure>\n<p>A luta pelo poder tem altern\u00e2ncia de tempos. A oposi\u00e7\u00e3o liberal ter\u00e1 que priorizar os \u00faltimos quatro meses deste ano de 2021 para desgastar Bolsonaro para tentar viabilizar uma candidatura de direita liberal que seja sustent\u00e1vel para as elei\u00e7\u00f5es de 2022. A polariza\u00e7\u00e3o contra a esquerda e Lula ser\u00e1 no ano que vem, e ser\u00e1 impiedosa. N\u00e3o h\u00e1 qualquer possibilidade de uma candidatura de \u201cterceira via\u201d chegar ao segundo turno, se o apoio a Bolsonaro n\u00e3o for reduzido a menos da metade do que mant\u00e9m at\u00e9 agora, no m\u00e1ximo at\u00e9 mar\u00e7o\/abril. Essa perspectiva n\u00e3o \u00e9 imposs\u00edvel, mas \u00e9 muito improv\u00e1vel. Teria que se precipitar uma \u201ctempestade perfeita\u201d: terceira onda da pandemia, infla\u00e7\u00e3o em acelera\u00e7\u00e3o cont\u00ednua, recupera\u00e7\u00e3o econ\u00f4mica interrompida, desemprego elevado, esc\u00e2ndalo de corrup\u00e7\u00e3o e apag\u00e3o el\u00e9trico, em variadas combina\u00e7\u00f5es. Mas al\u00e9m destes fatores objetivos, a constru\u00e7\u00e3o da \u201cterceira via\u201d tem diante de si outro problema: a aus\u00eancia de candidatura, e de um arco de alian\u00e7as partid\u00e1rias para garantir financiamento e tempo de TV. Quem seria? Ainda h\u00e1 tempo para a afirma\u00e7\u00e3o de um nome, relativamente, outsider ou exterior ao material humano dispon\u00edvel? Ou seria mesmo um dos nomes j\u00e1 apresentados: Doria, Mandetta, Pacheco, Simone Tebet ou, quem sabe, Ciro Gomes?<\/p>\n<figure id=\"attachment_6316\" aria-describedby=\"caption-attachment-6316\" style=\"width: 660px\" class=\"wp-caption aligncenter\"><img loading=\"lazy\" decoding=\"async\" class=\"size-full wp-image-6316\" src=\"https:\/\/renatodias.online\/movimento\/wp-content\/uploads\/2021\/04\/Ciro-Gomes.jpg\" alt=\"\" width=\"660\" height=\"447\" srcset=\"https:\/\/renatodias.online\/movimento\/wp-content\/uploads\/2021\/04\/Ciro-Gomes.jpg 660w, https:\/\/renatodias.online\/movimento\/wp-content\/uploads\/2021\/04\/Ciro-Gomes-300x203.jpg 300w\" sizes=\"auto, (max-width: 660px) 100vw, 660px\" \/><figcaption id=\"caption-attachment-6316\" class=\"wp-caption-text\"><strong>Ciro Gomes<\/strong><\/figcaption><\/figure>\n<p>Tudo isto permanece incerto. Outra solu\u00e7\u00e3o para facilitar a constru\u00e7\u00e3o da \u201cterceira via\u201d seria o <em>impeachment<\/em>. Mas n\u00e3o pode ser adiada, indefinidamente. Muito mais radical e perigosa, por\u00e9m, mais efetiva. Um giro de uma ala da burguesia na dire\u00e7\u00e3o do impeachment pode ser feito, evidentemente, a frio ou a quente. As press\u00f5es para um acordo de estabiliza\u00e7\u00e3o, via Michel Temer, obscuro e suspeito, avan\u00e7ou nos \u00faltimos dias. Mas h\u00e1 ainda muita incerteza no ar. N\u00e3o podemos descartar que uma sa\u00edda da crise institucional pela via de um impeachment pode ganhar mais ades\u00f5es burguesas. A probabilidade de um impeachment a \u201cfrio\u201d articulado no Congresso com legitima\u00e7\u00e3o no Supremo Tribunal Federal \u00e9 pequena, ou quase nula. \u00c9 imposs\u00edvel porque Bolsonaro n\u00e3o deixar\u00e1 de enfurecer sua base social de apoio nas camadas m\u00e9dias para irem \u00e0 ruas. E um impeachment a \u201cquente\u201d s\u00f3 \u00e9 poss\u00edvel com uma mobiliza\u00e7\u00e3o de massas muito superior ao patamar do bolsonarismo. Historicamente, foram muito excepcionais as situa\u00e7\u00f5es em que qualquer fra\u00e7\u00e3o da burguesia brasileira teve a disposi\u00e7\u00e3o de impulsionar mobiliza\u00e7\u00f5es de massas, muito menos, contra um governo que ajudaram a eleger. N\u00e3o h\u00e1 qualquer garantia de que seja poss\u00edvel.<\/p>\n<figure id=\"attachment_7574\" aria-describedby=\"caption-attachment-7574\" style=\"width: 960px\" class=\"wp-caption alignnone\"><img loading=\"lazy\" decoding=\"async\" class=\"size-full wp-image-7574\" src=\"https:\/\/renatodias.online\/movimento\/wp-content\/uploads\/2021\/07\/Ato-do-dia-3-de-julho-de-2021-imagem-principal.jpg\" alt=\"\" width=\"960\" height=\"720\" \/><figcaption id=\"caption-attachment-7574\" class=\"wp-caption-text\"><strong>Ato de 2021<\/strong><\/figcaption><\/figure>\n<p>A aus\u00eancia de Lula na agita\u00e7\u00e3o e nos Atos de rua tem sido grave. Quem pensa que essa localiza\u00e7\u00e3o \u201cestadista\u201d \u00e9 uma \u201ct\u00e1tica genial\u201d est\u00e1 equivocado. Ajudar na convoca\u00e7\u00e3o e ir aos atos n\u00e3o diminui Lula. Evidentemente, tampouco faz sentido fantasiar que um v\u00eddeo de Lula ou o an\u00fancio de sua presen\u00e7a seriam o suficiente para \u201cmover montanhas\u201d. A esquerda tem reais dificuldades objetivas de mobilizar na escala de milh\u00f5es. Mas n\u00e3o ir dificulta a prepara\u00e7\u00e3o dos atos, e diminui o impacto da oposi\u00e7\u00e3o de esquerda. Esta postura repousa em dois erros que t\u00eam a mesma premissa: subestimar o perigo golpista da estrat\u00e9gia de Bolsonaro. O primeiro \u00e9 a expectativa de que as institui\u00e7\u00f5es do regime, sejam os Tribunais Superiores ou alguma das Casas do Congresso, o TCU (Tribunal de Contas da Uni\u00e3o) e, muito menos, a PGR (Procuradoria Geral da Uni\u00e3o), seriam uma garantia de barreira contra os impulsos golpistas de Bolsonaro \u00e9 uma ilus\u00e3o. O segundo \u00e9 a esperan\u00e7a de que os ve\u00edculos mais influentes da m\u00eddia comercial, os grupos Globo, Folha e Estado de S\u00e3o Paulo possam substituir o papel da esquerda \u00e9, igualmente, enganosa. A luta contra Bolsonaro agora n\u00e3o pode ser terceirizada. Bolsonaro n\u00e3o \u00e9 o inimigo eleitoral ideal em 2022.<\/p>\n<figure id=\"attachment_6104\" aria-describedby=\"caption-attachment-6104\" style=\"width: 2048px\" class=\"wp-caption alignnone\"><img loading=\"lazy\" decoding=\"async\" class=\"size-full wp-image-6104\" src=\"https:\/\/renatodias.online\/movimento\/wp-content\/uploads\/2021\/04\/Dilma-Rousseff-_-7.jpg\" alt=\"Dilma Rousseff\" width=\"2048\" height=\"1420\" srcset=\"https:\/\/renatodias.online\/movimento\/wp-content\/uploads\/2021\/04\/Dilma-Rousseff-_-7.jpg 2048w, https:\/\/renatodias.online\/movimento\/wp-content\/uploads\/2021\/04\/Dilma-Rousseff-_-7-300x208.jpg 300w, https:\/\/renatodias.online\/movimento\/wp-content\/uploads\/2021\/04\/Dilma-Rousseff-_-7-1024x710.jpg 1024w, https:\/\/renatodias.online\/movimento\/wp-content\/uploads\/2021\/04\/Dilma-Rousseff-_-7-768x533.jpg 768w, https:\/\/renatodias.online\/movimento\/wp-content\/uploads\/2021\/04\/Dilma-Rousseff-_-7-1536x1065.jpg 1536w, https:\/\/renatodias.online\/movimento\/wp-content\/uploads\/2021\/04\/Dilma-Rousseff-_-7-750x520.jpg 750w, https:\/\/renatodias.online\/movimento\/wp-content\/uploads\/2021\/04\/Dilma-Rousseff-_-7-85x60.jpg 85w\" sizes=\"auto, (max-width: 2048px) 100vw, 2048px\" \/><figcaption id=\"caption-attachment-6104\" class=\"wp-caption-text\"><strong>Dilma Rousseff<\/strong><\/figcaption><\/figure>\n<p>Os neofascistas j\u00e1 deixaram claro que n\u00e3o aceitar\u00e3o perder as elei\u00e7\u00f5es. Esse \u00e9 o sentido do grito na Paulista: vit\u00f3ria ou morte, ou seja, a chantagem da guerra civil. A aposta quietista de que podemos aguardar despreocupados para medir for\u00e7as nas elei\u00e7\u00f5es de 2022 \u00e9, portanto, um erro grave. As mobiliza\u00e7\u00f5es de 2021 constru\u00eddas atrav\u00e9s da Frente \u00danica da Esquerda, em escala nacional, foram muito importantes. Mas \u00e9 inescap\u00e1vel reconhecer que, por variadas raz\u00f5es, n\u00e3o alcan\u00e7aram a dimens\u00e3o necess\u00e1ria para abrir o caminho do impeachment. Pesaram os perigos sanit\u00e1rios, as inseguran\u00e7as depois de cinco anos de derrotas, os temores diante das amea\u00e7as fascistoides, e nossas pr\u00f3prias debilidades org\u00e2nicas. O desafio colocado \u00e9 a combina\u00e7\u00e3o da t\u00e1tica da Frente \u00danica de Esquerda com a unidade de a\u00e7\u00e3o policlassista. Trata-se de combina\u00e7\u00e3o, porque imaginar que as amplas massas populares que, at\u00e9 hoje, n\u00e3o foram \u00e0s ruas sair\u00e3o de suas casas somente em defesa da \u201cdemocracia\u201d \u00e9 delirante. O realismo pol\u00edtico mais elementar nos ensina que a luta pelo Fora Bolsonaro, ou seja, abaixo o governo deve ser apresentada junto com a defesa das reivindica\u00e7\u00f5es de classe. Devemos ir \u00e0s ruas, lealmente, com todos que se posicionem pelo <em>impeachment<\/em>, mas sem renunciar a disputa pol\u00edtica pela hegemonia de um programa de esquerda.<\/p>\n<h1 style=\"text-align: center;\"><span style=\"color: #666699;\"><strong>Val\u00e9rio Arcary, trotskista<\/strong><\/span><\/h1>\n<figure id=\"attachment_7662\" aria-describedby=\"caption-attachment-7662\" style=\"width: 1280px\" class=\"wp-caption alignnone\"><img loading=\"lazy\" decoding=\"async\" class=\"size-full wp-image-7662\" src=\"https:\/\/renatodias.online\/movimento\/wp-content\/uploads\/2021\/07\/Valerio-Arcary.jpeg\" alt=\"\" width=\"1280\" height=\"720\" \/><figcaption id=\"caption-attachment-7662\" class=\"wp-caption-text\"><strong>Valerio Arcary, historiador trotskista<\/strong><\/figcaption><\/figure>\n","protected":false},"excerpt":{"rendered":"<p>Esquerda erra ao flertar com MBL Valerio Arcary Foram muito pouco expressivos. Na verdade, somente, simb\u00f3licos, pelo n\u00famero de presentes. Politicamente, considerando as faixas e discursos, a inflex\u00e3o foi,sendo generoso, incompleta e desonesta. Quem ajudou, direta ou indiretamente, a eleger Bolsonaro e decidiu apoiar o impeachment, deveria come\u00e7ar admitindo que errou feio. N\u00e3o criticando quem<\/p>\n","protected":false},"author":2,"featured_media":8472,"comment_status":"open","ping_status":"open","sticky":false,"template":"","format":"standard","meta":{"_acf_changed":false,"_monsterinsights_skip_tracking":false,"_monsterinsights_sitenote_active":false,"_monsterinsights_sitenote_note":"","_monsterinsights_sitenote_category":0,"footnotes":""},"categories":[4],"tags":[],"class_list":["post-8975","post","type-post","status-publish","format-standard","has-post-thumbnail","hentry","category-politica"],"acf":[],"yoast_head":"<!-- This site is optimized with the Yoast SEO plugin v27.4 - https:\/\/yoast.com\/product\/yoast-seo-wordpress\/ -->\n<title>Esquerda erra ao flertar com MBL -<\/title>\n<meta name=\"robots\" content=\"index, follow, max-snippet:-1, max-image-preview:large, max-video-preview:-1\" \/>\n<link rel=\"canonical\" href=\"https:\/\/renatodias.online\/movimento\/2021\/09\/14\/esquerda-erra-ao-flertar-com-mbl\/\" \/>\n<meta property=\"og:locale\" content=\"pt_BR\" \/>\n<meta property=\"og:type\" content=\"article\" \/>\n<meta property=\"og:title\" content=\"Esquerda erra ao flertar com MBL -\" \/>\n<meta property=\"og:description\" content=\"Esquerda erra ao flertar com MBL Valerio Arcary Foram muito pouco expressivos. Na verdade, somente, simb\u00f3licos, pelo n\u00famero de presentes. Politicamente, considerando as faixas e discursos, a inflex\u00e3o foi,sendo generoso, incompleta e desonesta. Quem ajudou, direta ou indiretamente, a eleger Bolsonaro e decidiu apoiar o impeachment, deveria come\u00e7ar admitindo que errou feio. N\u00e3o criticando quem\" \/>\n<meta property=\"og:url\" content=\"https:\/\/renatodias.online\/movimento\/2021\/09\/14\/esquerda-erra-ao-flertar-com-mbl\/\" \/>\n<meta property=\"article:publisher\" content=\"https:\/\/www.facebook.com\/renato.dias.37\" \/>\n<meta property=\"article:author\" content=\"https:\/\/www.facebook.com\/renato.dias.37\" \/>\n<meta property=\"article:published_time\" content=\"2021-09-14T18:45:46+00:00\" \/>\n<meta property=\"article:modified_time\" content=\"2021-09-14T18:45:55+00:00\" \/>\n<meta property=\"og:image\" content=\"https:\/\/renatodias.online\/movimento\/wp-content\/uploads\/2021\/08\/Valerio-Arcary-novo-e1646701322486.jpg\" \/>\n\t<meta property=\"og:image:width\" content=\"360\" \/>\n\t<meta property=\"og:image:height\" content=\"244\" \/>\n\t<meta property=\"og:image:type\" content=\"image\/jpeg\" \/>\n<meta name=\"author\" content=\"Renato Dias\" \/>\n<meta name=\"twitter:card\" content=\"summary_large_image\" \/>\n<meta name=\"twitter:creator\" content=\"@RenatoDiasBat\" \/>\n<meta name=\"twitter:site\" content=\"@RenatoDiasBat\" \/>\n<meta name=\"twitter:label1\" content=\"Escrito por\" \/>\n\t<meta name=\"twitter:data1\" content=\"Renato Dias\" \/>\n\t<meta name=\"twitter:label2\" content=\"Est. tempo de leitura\" \/>\n\t<meta name=\"twitter:data2\" content=\"9 minutos\" \/>\n<script type=\"application\/ld+json\" class=\"yoast-schema-graph\">{\"@context\":\"https:\\\/\\\/schema.org\",\"@graph\":[{\"@type\":\"Article\",\"@id\":\"https:\\\/\\\/renatodias.online\\\/movimento\\\/2021\\\/09\\\/14\\\/esquerda-erra-ao-flertar-com-mbl\\\/#article\",\"isPartOf\":{\"@id\":\"https:\\\/\\\/renatodias.online\\\/movimento\\\/2021\\\/09\\\/14\\\/esquerda-erra-ao-flertar-com-mbl\\\/\"},\"author\":{\"name\":\"Renato Dias\",\"@id\":\"https:\\\/\\\/renatodias.online\\\/movimento\\\/#\\\/schema\\\/person\\\/bbab28833b1725a20f4083f49f1fb2a9\"},\"headline\":\"Esquerda erra ao flertar com MBL\",\"datePublished\":\"2021-09-14T18:45:46+00:00\",\"dateModified\":\"2021-09-14T18:45:55+00:00\",\"mainEntityOfPage\":{\"@id\":\"https:\\\/\\\/renatodias.online\\\/movimento\\\/2021\\\/09\\\/14\\\/esquerda-erra-ao-flertar-com-mbl\\\/\"},\"wordCount\":1842,\"commentCount\":0,\"publisher\":{\"@id\":\"https:\\\/\\\/renatodias.online\\\/movimento\\\/#\\\/schema\\\/person\\\/bbab28833b1725a20f4083f49f1fb2a9\"},\"image\":{\"@id\":\"https:\\\/\\\/renatodias.online\\\/movimento\\\/2021\\\/09\\\/14\\\/esquerda-erra-ao-flertar-com-mbl\\\/#primaryimage\"},\"thumbnailUrl\":\"https:\\\/\\\/renatodias.online\\\/movimento\\\/wp-content\\\/uploads\\\/2021\\\/08\\\/Valerio-Arcary-novo.jpg\",\"articleSection\":[\"Pol\u00edtica\"],\"inLanguage\":\"pt-BR\",\"potentialAction\":[{\"@type\":\"CommentAction\",\"name\":\"Comment\",\"target\":[\"https:\\\/\\\/renatodias.online\\\/movimento\\\/2021\\\/09\\\/14\\\/esquerda-erra-ao-flertar-com-mbl\\\/#respond\"]}]},{\"@type\":\"WebPage\",\"@id\":\"https:\\\/\\\/renatodias.online\\\/movimento\\\/2021\\\/09\\\/14\\\/esquerda-erra-ao-flertar-com-mbl\\\/\",\"url\":\"https:\\\/\\\/renatodias.online\\\/movimento\\\/2021\\\/09\\\/14\\\/esquerda-erra-ao-flertar-com-mbl\\\/\",\"name\":\"Esquerda erra ao flertar com MBL -\",\"isPartOf\":{\"@id\":\"https:\\\/\\\/renatodias.online\\\/movimento\\\/#website\"},\"primaryImageOfPage\":{\"@id\":\"https:\\\/\\\/renatodias.online\\\/movimento\\\/2021\\\/09\\\/14\\\/esquerda-erra-ao-flertar-com-mbl\\\/#primaryimage\"},\"image\":{\"@id\":\"https:\\\/\\\/renatodias.online\\\/movimento\\\/2021\\\/09\\\/14\\\/esquerda-erra-ao-flertar-com-mbl\\\/#primaryimage\"},\"thumbnailUrl\":\"https:\\\/\\\/renatodias.online\\\/movimento\\\/wp-content\\\/uploads\\\/2021\\\/08\\\/Valerio-Arcary-novo.jpg\",\"datePublished\":\"2021-09-14T18:45:46+00:00\",\"dateModified\":\"2021-09-14T18:45:55+00:00\",\"breadcrumb\":{\"@id\":\"https:\\\/\\\/renatodias.online\\\/movimento\\\/2021\\\/09\\\/14\\\/esquerda-erra-ao-flertar-com-mbl\\\/#breadcrumb\"},\"inLanguage\":\"pt-BR\",\"potentialAction\":[{\"@type\":\"ReadAction\",\"target\":[\"https:\\\/\\\/renatodias.online\\\/movimento\\\/2021\\\/09\\\/14\\\/esquerda-erra-ao-flertar-com-mbl\\\/\"]}]},{\"@type\":\"ImageObject\",\"inLanguage\":\"pt-BR\",\"@id\":\"https:\\\/\\\/renatodias.online\\\/movimento\\\/2021\\\/09\\\/14\\\/esquerda-erra-ao-flertar-com-mbl\\\/#primaryimage\",\"url\":\"https:\\\/\\\/renatodias.online\\\/movimento\\\/wp-content\\\/uploads\\\/2021\\\/08\\\/Valerio-Arcary-novo.jpg\",\"contentUrl\":\"https:\\\/\\\/renatodias.online\\\/movimento\\\/wp-content\\\/uploads\\\/2021\\\/08\\\/Valerio-Arcary-novo.jpg\",\"width\":512,\"height\":347,\"caption\":\"Valerio Arcary\"},{\"@type\":\"BreadcrumbList\",\"@id\":\"https:\\\/\\\/renatodias.online\\\/movimento\\\/2021\\\/09\\\/14\\\/esquerda-erra-ao-flertar-com-mbl\\\/#breadcrumb\",\"itemListElement\":[{\"@type\":\"ListItem\",\"position\":1,\"name\":\"In\u00edcio\",\"item\":\"https:\\\/\\\/renatodias.online\\\/movimento\\\/\"},{\"@type\":\"ListItem\",\"position\":2,\"name\":\"Esquerda erra ao flertar com MBL\"}]},{\"@type\":\"WebSite\",\"@id\":\"https:\\\/\\\/renatodias.online\\\/movimento\\\/#website\",\"url\":\"https:\\\/\\\/renatodias.online\\\/movimento\\\/\",\"name\":\"\",\"description\":\"\",\"publisher\":{\"@id\":\"https:\\\/\\\/renatodias.online\\\/movimento\\\/#\\\/schema\\\/person\\\/bbab28833b1725a20f4083f49f1fb2a9\"},\"potentialAction\":[{\"@type\":\"SearchAction\",\"target\":{\"@type\":\"EntryPoint\",\"urlTemplate\":\"https:\\\/\\\/renatodias.online\\\/movimento\\\/?s={search_term_string}\"},\"query-input\":{\"@type\":\"PropertyValueSpecification\",\"valueRequired\":true,\"valueName\":\"search_term_string\"}}],\"inLanguage\":\"pt-BR\"},{\"@type\":[\"Person\",\"Organization\"],\"@id\":\"https:\\\/\\\/renatodias.online\\\/movimento\\\/#\\\/schema\\\/person\\\/bbab28833b1725a20f4083f49f1fb2a9\",\"name\":\"Renato Dias\",\"image\":{\"@type\":\"ImageObject\",\"inLanguage\":\"pt-BR\",\"@id\":\"https:\\\/\\\/renatodias.online\\\/movimento\\\/wp-content\\\/uploads\\\/2023\\\/03\\\/cropped-cropped-cropped-logofinal.jpeg\",\"url\":\"https:\\\/\\\/renatodias.online\\\/movimento\\\/wp-content\\\/uploads\\\/2023\\\/03\\\/cropped-cropped-cropped-logofinal.jpeg\",\"contentUrl\":\"https:\\\/\\\/renatodias.online\\\/movimento\\\/wp-content\\\/uploads\\\/2023\\\/03\\\/cropped-cropped-cropped-logofinal.jpeg\",\"width\":1280,\"height\":219,\"caption\":\"Renato Dias\"},\"logo\":{\"@id\":\"https:\\\/\\\/renatodias.online\\\/movimento\\\/wp-content\\\/uploads\\\/2023\\\/03\\\/cropped-cropped-cropped-logofinal.jpeg\"},\"description\":\"Renato Dias, 58 anos, \u00e9 graduado em Jornalismo, formado em Ci\u00eancias Sociais, com p\u00f3s-gradua\u00e7\u00e3o em Pol\u00edticas P\u00fablicas, mestre em Direito e Rela\u00e7\u00f5es Internacionais, ex-aluno extraordin\u00e1rio do Doutorado em Psicologia Social, ex-estudante do Curso de Psican\u00e1lise do Centro de Estudos Psicanal\u00edticos do Estado de Goi\u00e1s, ministrado pelo m\u00e9dico psiquiatra e psicanalista Daniel Em\u00eddio de Souza. \u00c9 autor de 30 livros-reportagem, oito document\u00e1rios, ganhou 30 pr\u00eamios e \u00e9 torcedor apaixonado do maior do Centro-Oeste, o Vila Nova Futebol Clube. Casado com Meirilane Dias, \u00e9 pai de Juliana Dias, jornalista; Daniel Dias, economista; e Maria Rosa Dias, estudante antifascista, socialista e trotskista.\u00a0Com tr\u00eas pets: Porquinho [Bull Dog Franc\u00eas], Dalila [Basset Hound] e Geleia [Basset Hound]. Al\u00e9m do eterno gato Tutuquinho, que virou estrela.\",\"sameAs\":[\"https:\\\/\\\/www.facebook.com\\\/renato.dias.37\",\"#breve\",\"https:\\\/\\\/renatodias.tumblr.com\\\/\"],\"url\":\"https:\\\/\\\/renatodias.online\\\/movimento\\\/author\\\/renatodias\\\/\"}]}<\/script>\n<!-- \/ Yoast SEO plugin. -->","yoast_head_json":{"title":"Esquerda erra ao flertar com MBL -","robots":{"index":"index","follow":"follow","max-snippet":"max-snippet:-1","max-image-preview":"max-image-preview:large","max-video-preview":"max-video-preview:-1"},"canonical":"https:\/\/renatodias.online\/movimento\/2021\/09\/14\/esquerda-erra-ao-flertar-com-mbl\/","og_locale":"pt_BR","og_type":"article","og_title":"Esquerda erra ao flertar com MBL -","og_description":"Esquerda erra ao flertar com MBL Valerio Arcary Foram muito pouco expressivos. Na verdade, somente, simb\u00f3licos, pelo n\u00famero de presentes. Politicamente, considerando as faixas e discursos, a inflex\u00e3o foi,sendo generoso, incompleta e desonesta. Quem ajudou, direta ou indiretamente, a eleger Bolsonaro e decidiu apoiar o impeachment, deveria come\u00e7ar admitindo que errou feio. N\u00e3o criticando quem","og_url":"https:\/\/renatodias.online\/movimento\/2021\/09\/14\/esquerda-erra-ao-flertar-com-mbl\/","article_publisher":"https:\/\/www.facebook.com\/renato.dias.37","article_author":"https:\/\/www.facebook.com\/renato.dias.37","article_published_time":"2021-09-14T18:45:46+00:00","article_modified_time":"2021-09-14T18:45:55+00:00","og_image":[{"width":360,"height":244,"url":"https:\/\/renatodias.online\/movimento\/wp-content\/uploads\/2021\/08\/Valerio-Arcary-novo-e1646701322486.jpg","type":"image\/jpeg"}],"author":"Renato Dias","twitter_card":"summary_large_image","twitter_creator":"@RenatoDiasBat","twitter_site":"@RenatoDiasBat","twitter_misc":{"Escrito por":"Renato Dias","Est. tempo de leitura":"9 minutos"},"schema":{"@context":"https:\/\/schema.org","@graph":[{"@type":"Article","@id":"https:\/\/renatodias.online\/movimento\/2021\/09\/14\/esquerda-erra-ao-flertar-com-mbl\/#article","isPartOf":{"@id":"https:\/\/renatodias.online\/movimento\/2021\/09\/14\/esquerda-erra-ao-flertar-com-mbl\/"},"author":{"name":"Renato Dias","@id":"https:\/\/renatodias.online\/movimento\/#\/schema\/person\/bbab28833b1725a20f4083f49f1fb2a9"},"headline":"Esquerda erra ao flertar com MBL","datePublished":"2021-09-14T18:45:46+00:00","dateModified":"2021-09-14T18:45:55+00:00","mainEntityOfPage":{"@id":"https:\/\/renatodias.online\/movimento\/2021\/09\/14\/esquerda-erra-ao-flertar-com-mbl\/"},"wordCount":1842,"commentCount":0,"publisher":{"@id":"https:\/\/renatodias.online\/movimento\/#\/schema\/person\/bbab28833b1725a20f4083f49f1fb2a9"},"image":{"@id":"https:\/\/renatodias.online\/movimento\/2021\/09\/14\/esquerda-erra-ao-flertar-com-mbl\/#primaryimage"},"thumbnailUrl":"https:\/\/renatodias.online\/movimento\/wp-content\/uploads\/2021\/08\/Valerio-Arcary-novo.jpg","articleSection":["Pol\u00edtica"],"inLanguage":"pt-BR","potentialAction":[{"@type":"CommentAction","name":"Comment","target":["https:\/\/renatodias.online\/movimento\/2021\/09\/14\/esquerda-erra-ao-flertar-com-mbl\/#respond"]}]},{"@type":"WebPage","@id":"https:\/\/renatodias.online\/movimento\/2021\/09\/14\/esquerda-erra-ao-flertar-com-mbl\/","url":"https:\/\/renatodias.online\/movimento\/2021\/09\/14\/esquerda-erra-ao-flertar-com-mbl\/","name":"Esquerda erra ao flertar com MBL -","isPartOf":{"@id":"https:\/\/renatodias.online\/movimento\/#website"},"primaryImageOfPage":{"@id":"https:\/\/renatodias.online\/movimento\/2021\/09\/14\/esquerda-erra-ao-flertar-com-mbl\/#primaryimage"},"image":{"@id":"https:\/\/renatodias.online\/movimento\/2021\/09\/14\/esquerda-erra-ao-flertar-com-mbl\/#primaryimage"},"thumbnailUrl":"https:\/\/renatodias.online\/movimento\/wp-content\/uploads\/2021\/08\/Valerio-Arcary-novo.jpg","datePublished":"2021-09-14T18:45:46+00:00","dateModified":"2021-09-14T18:45:55+00:00","breadcrumb":{"@id":"https:\/\/renatodias.online\/movimento\/2021\/09\/14\/esquerda-erra-ao-flertar-com-mbl\/#breadcrumb"},"inLanguage":"pt-BR","potentialAction":[{"@type":"ReadAction","target":["https:\/\/renatodias.online\/movimento\/2021\/09\/14\/esquerda-erra-ao-flertar-com-mbl\/"]}]},{"@type":"ImageObject","inLanguage":"pt-BR","@id":"https:\/\/renatodias.online\/movimento\/2021\/09\/14\/esquerda-erra-ao-flertar-com-mbl\/#primaryimage","url":"https:\/\/renatodias.online\/movimento\/wp-content\/uploads\/2021\/08\/Valerio-Arcary-novo.jpg","contentUrl":"https:\/\/renatodias.online\/movimento\/wp-content\/uploads\/2021\/08\/Valerio-Arcary-novo.jpg","width":512,"height":347,"caption":"Valerio Arcary"},{"@type":"BreadcrumbList","@id":"https:\/\/renatodias.online\/movimento\/2021\/09\/14\/esquerda-erra-ao-flertar-com-mbl\/#breadcrumb","itemListElement":[{"@type":"ListItem","position":1,"name":"In\u00edcio","item":"https:\/\/renatodias.online\/movimento\/"},{"@type":"ListItem","position":2,"name":"Esquerda erra ao flertar com MBL"}]},{"@type":"WebSite","@id":"https:\/\/renatodias.online\/movimento\/#website","url":"https:\/\/renatodias.online\/movimento\/","name":"","description":"","publisher":{"@id":"https:\/\/renatodias.online\/movimento\/#\/schema\/person\/bbab28833b1725a20f4083f49f1fb2a9"},"potentialAction":[{"@type":"SearchAction","target":{"@type":"EntryPoint","urlTemplate":"https:\/\/renatodias.online\/movimento\/?s={search_term_string}"},"query-input":{"@type":"PropertyValueSpecification","valueRequired":true,"valueName":"search_term_string"}}],"inLanguage":"pt-BR"},{"@type":["Person","Organization"],"@id":"https:\/\/renatodias.online\/movimento\/#\/schema\/person\/bbab28833b1725a20f4083f49f1fb2a9","name":"Renato Dias","image":{"@type":"ImageObject","inLanguage":"pt-BR","@id":"https:\/\/renatodias.online\/movimento\/wp-content\/uploads\/2023\/03\/cropped-cropped-cropped-logofinal.jpeg","url":"https:\/\/renatodias.online\/movimento\/wp-content\/uploads\/2023\/03\/cropped-cropped-cropped-logofinal.jpeg","contentUrl":"https:\/\/renatodias.online\/movimento\/wp-content\/uploads\/2023\/03\/cropped-cropped-cropped-logofinal.jpeg","width":1280,"height":219,"caption":"Renato Dias"},"logo":{"@id":"https:\/\/renatodias.online\/movimento\/wp-content\/uploads\/2023\/03\/cropped-cropped-cropped-logofinal.jpeg"},"description":"Renato Dias, 58 anos, \u00e9 graduado em Jornalismo, formado em Ci\u00eancias Sociais, com p\u00f3s-gradua\u00e7\u00e3o em Pol\u00edticas P\u00fablicas, mestre em Direito e Rela\u00e7\u00f5es Internacionais, ex-aluno extraordin\u00e1rio do Doutorado em Psicologia Social, ex-estudante do Curso de Psican\u00e1lise do Centro de Estudos Psicanal\u00edticos do Estado de Goi\u00e1s, ministrado pelo m\u00e9dico psiquiatra e psicanalista Daniel Em\u00eddio de Souza. \u00c9 autor de 30 livros-reportagem, oito document\u00e1rios, ganhou 30 pr\u00eamios e \u00e9 torcedor apaixonado do maior do Centro-Oeste, o Vila Nova Futebol Clube. Casado com Meirilane Dias, \u00e9 pai de Juliana Dias, jornalista; Daniel Dias, economista; e Maria Rosa Dias, estudante antifascista, socialista e trotskista.\u00a0Com tr\u00eas pets: Porquinho [Bull Dog Franc\u00eas], Dalila [Basset Hound] e Geleia [Basset Hound]. Al\u00e9m do eterno gato Tutuquinho, que virou estrela.","sameAs":["https:\/\/www.facebook.com\/renato.dias.37","#breve","https:\/\/renatodias.tumblr.com\/"],"url":"https:\/\/renatodias.online\/movimento\/author\/renatodias\/"}]}},"_links":{"self":[{"href":"https:\/\/renatodias.online\/movimento\/wp-json\/wp\/v2\/posts\/8975","targetHints":{"allow":["GET"]}}],"collection":[{"href":"https:\/\/renatodias.online\/movimento\/wp-json\/wp\/v2\/posts"}],"about":[{"href":"https:\/\/renatodias.online\/movimento\/wp-json\/wp\/v2\/types\/post"}],"author":[{"embeddable":true,"href":"https:\/\/renatodias.online\/movimento\/wp-json\/wp\/v2\/users\/2"}],"replies":[{"embeddable":true,"href":"https:\/\/renatodias.online\/movimento\/wp-json\/wp\/v2\/comments?post=8975"}],"version-history":[{"count":1,"href":"https:\/\/renatodias.online\/movimento\/wp-json\/wp\/v2\/posts\/8975\/revisions"}],"predecessor-version":[{"id":8976,"href":"https:\/\/renatodias.online\/movimento\/wp-json\/wp\/v2\/posts\/8975\/revisions\/8976"}],"wp:featuredmedia":[{"embeddable":true,"href":"https:\/\/renatodias.online\/movimento\/wp-json\/wp\/v2\/media\/8472"}],"wp:attachment":[{"href":"https:\/\/renatodias.online\/movimento\/wp-json\/wp\/v2\/media?parent=8975"}],"wp:term":[{"taxonomy":"category","embeddable":true,"href":"https:\/\/renatodias.online\/movimento\/wp-json\/wp\/v2\/categories?post=8975"},{"taxonomy":"post_tag","embeddable":true,"href":"https:\/\/renatodias.online\/movimento\/wp-json\/wp\/v2\/tags?post=8975"}],"curies":[{"name":"wp","href":"https:\/\/api.w.org\/{rel}","templated":true}]}}