{"id":8947,"date":"2021-09-14T14:48:04","date_gmt":"2021-09-14T17:48:04","guid":{"rendered":"https:\/\/renatodias.online\/movimento\/?p=8947"},"modified":"2021-09-14T14:48:04","modified_gmt":"2021-09-14T17:48:04","slug":"a-luta-continua","status":"publish","type":"post","link":"https:\/\/renatodias.online\/movimento\/2021\/09\/14\/a-luta-continua\/","title":{"rendered":"A luta continua"},"content":{"rendered":"<figure id=\"attachment_8949\" aria-describedby=\"caption-attachment-8949\" style=\"width: 1023px\" class=\"wp-caption alignnone\"><img loading=\"lazy\" decoding=\"async\" class=\"size-full wp-image-8949\" src=\"https:\/\/renatodias.online\/movimento\/wp-content\/uploads\/2021\/09\/A-luta-continua-1.jpg\" alt=\"\" width=\"1023\" height=\"776\" \/><figcaption id=\"caption-attachment-8949\" class=\"wp-caption-text\"><strong>Em marcha<br \/><\/strong><\/figcaption><\/figure>\n<h1 style=\"text-align: center;\"><span style=\"color: #ff0000;\"><strong>A luta continua<\/strong><\/span><\/h1>\n<h3 style=\"text-align: left;\"><span style=\"color: #99cc00;\"><strong>Brasil vive tic-tac de bomba rel\u00f3gio e controle est\u00e1 nos humores de Jair Bolsonaro<\/strong><\/span><\/h3>\n<p style=\"text-align: center;\"><strong>Francisco Celso Calmon<\/strong><\/p>\n<p>A t\u00e1tica da narrativa do presidente da Rep\u00fablica, Jair Bolsonaro, genocida,\u00a0 \u00e9 a do morde e assopra. No morde ele avalia a mordedura e a rea\u00e7\u00e3o do outro, no assopra ele prepara um novo movimento. Sete de setembro serviu como exerc\u00edcio de simula\u00e7\u00e3o para o ataque final de ocupa\u00e7\u00e3o f\u00edsica,\u00a0foi um t\u00edpico treino de guerra de movimento, mostrou que tinha condi\u00e7\u00f5es de ocupar Bras\u00edlia e paralisar as rodovias, mas n\u00e3o era o momento, precisava saber e medir a rea\u00e7\u00e3o dos advers\u00e1rios. \u00a0Se o prop\u00f3sito fosse sitiar e ocupar Bras\u00edlia, provavelmente n\u00e3o se deslocaria para S\u00e3o Paulo. Ele sabia que o Judici\u00e1rio (e o Legislativo idem) poderia invocar a garantia da lei e da ordem e colocar as For\u00e7as Armadas para o cumprimento das leis e da seguran\u00e7a p\u00fablica, da lei e da ordem, e n\u00e3o da lei ou da ordem.<\/p>\n<figure id=\"attachment_8897\" aria-describedby=\"caption-attachment-8897\" style=\"width: 771px\" class=\"wp-caption aligncenter\"><img loading=\"lazy\" decoding=\"async\" class=\"size-full wp-image-8897\" src=\"https:\/\/renatodias.online\/movimento\/wp-content\/uploads\/2021\/09\/Jair-Messias-Bolsonaro-em-7-de-setembro-de-2021.jpeg\" alt=\"\" width=\"771\" height=\"420\" \/><figcaption id=\"caption-attachment-8897\" class=\"wp-caption-text\"><strong>Jair Messias Bolsonaro em 7 de setembro de 2021<\/strong><\/figcaption><\/figure>\n<p>Conforme prev\u00ea o artigo 142 da Constitui\u00e7\u00e3o Federal, as For\u00e7as Armadas (Ex\u00e9rcito Marinha e Aeron\u00e1utica) s\u00e3o institui\u00e7\u00f5es nacionais permanentes e regulares, organizadas com base na hierarquia e na disciplina, sob autoridade suprema do Presidente da Rep\u00fablica, e destinam-se \u00e0 defesa da P\u00e1tria, \u00e0 garantia dos poderes constitucionais e, por iniciativa de qualquer destes poderes, \u00e0 garantia da lei e da ordem. Nessa hip\u00f3tese n\u00e3o teria como Bolsonaro e horda enfrentarem as FAs. E \u00e0quela altura de 7 de setembro ele sabia n\u00e3o contar com o apoio delas para a sua aventura.\u00a0 Em S\u00e3o Paulo Bolsonaro escorrega na narrativa ao qualificar o ministro do STF, Alexandre de Moraes, de canalha.<\/p>\n<figure id=\"attachment_8701\" aria-describedby=\"caption-attachment-8701\" style=\"width: 1500px\" class=\"wp-caption alignnone\"><img loading=\"lazy\" decoding=\"async\" class=\"size-full wp-image-8701\" src=\"https:\/\/renatodias.online\/movimento\/wp-content\/uploads\/2021\/08\/Alexandre-de-Moraes-STF.jpg\" alt=\"\" width=\"1500\" height=\"1000\" \/><figcaption id=\"caption-attachment-8701\" class=\"wp-caption-text\"><strong>Ministro do STF, Alexandre de Moraes<\/strong><\/figcaption><\/figure>\n<p>Ofender o Ministro da Corte Suprema e tamb\u00e9m declarar que n\u00e3o obedeceria \u00e0s suas decis\u00f5es judiciais foram as gotas d\u2019\u00e1gua. Estava declarado crime de desobedi\u00eancia e de decoro. Fomen\u00adtava a desarmonia entre os poderes da Rep\u00fablica, desobedecendo a Constitui\u00ad\u00e7\u00e3o. \u00a0Retoma a cena os operadores do golpe de 2016, os arautos do poder dominante do Brasil: o arqu\u00e9tipo traidor Michael Temer, com STF (Gilmar Mendes) e tudo mais. E no limite humilham o Bolsonaro e o fazem assinar uma carta p\u00edfia, sem garantias e compromissos futuros. Gilmar Mendes em seguida, diante de tanta perplexidade, diz que \u201ctemos que acreditar na boa f\u00e9 de Bolsonaro\u201d e responsabiliza os bolsonaristas: \u201cseus seguidores vivem del\u00edrios\u201d, acrescenta ele.<\/p>\n<figure id=\"attachment_6798\" aria-describedby=\"caption-attachment-6798\" style=\"width: 2000px\" class=\"wp-caption alignnone\"><img loading=\"lazy\" decoding=\"async\" class=\"size-full wp-image-6798\" src=\"https:\/\/renatodias.online\/movimento\/wp-content\/uploads\/2021\/05\/Gilmar-Mendes.jpg\" alt=\"\" width=\"2000\" height=\"1126\" \/><figcaption id=\"caption-attachment-6798\" class=\"wp-caption-text\"><strong>Gilmar Mendes<\/strong><\/figcaption><\/figure>\n<p>A culpa \u00e9 de quem opera e n\u00e3o de quem manda, nessa l\u00f3gica. H\u00e1 um pacto em constru\u00e7\u00e3o, sem a participa\u00e7\u00e3o da esquerda. \u00c9 recorrente acordos das elites sem a participa\u00e7\u00e3o dos repre\u00adsentantes de parcelas do povo. At\u00e9 o presente da hist\u00f3ria o tal \u201cpacto da anistia\u201d levou o pa\u00eds a n\u00e3o resolver o seu passado traum\u00e1tico da ditadura militar. Gilmar Mendes n\u00e3o \u00e9 ing\u00eanuo, talvez ache que o povo seja, pois como falar em boa-f\u00e9 de uma pessoa cujo curr\u00edculo comprova n\u00e3o ter tido nenhuma ao longo de sua vida, ao contr\u00e1rio: sua hist\u00f3ria \u00e9 de perigosa m\u00e1-f\u00e9 e de cont\u00ednua e recorrente mentira e desdisse, n\u00e3o honra a palavra e compromisso.<\/p>\n<figure id=\"attachment_4365\" aria-describedby=\"caption-attachment-4365\" style=\"width: 780px\" class=\"wp-caption alignnone\"><img loading=\"lazy\" decoding=\"async\" class=\"size-full wp-image-4365\" src=\"https:\/\/renatodias.online\/movimento\/wp-content\/uploads\/2020\/09\/Ditaduracivil-e-militar-no-Brasil-de-1964.jpg\" alt=\"\" width=\"780\" height=\"490\" \/><figcaption id=\"caption-attachment-4365\" class=\"wp-caption-text\"><strong>A ditadura civil e militar<\/strong><\/figcaption><\/figure>\n<p>Imaginar boa-f\u00e9 de Bolsonaro \u00e9 acreditar que exista outro Bolsonaro, n\u00e3o h\u00e1 elementos para ser cr\u00edvel, jamais haver\u00e1, sen\u00e3o n\u00e3o seria ele pr\u00f3prio. Fazer profiss\u00e3o de f\u00e9 na reden\u00e7\u00e3o de um genocida e terrorista convicto camufla as verdadeiras inten\u00e7\u00f5es dos mesmos golpistas de 2016. Jamais esquecer que Gilmar ao impedir que Lula assumisse o Gabinete Civil do governo Dilma Rousseff mudou a hist\u00f3ria. Dia 7 passado o golpista mordeu, simulou o que seria a ocupa\u00e7\u00e3o f\u00edsica dos poderes por sua turba, e depois aceitou a rede de prote\u00e7\u00e3o da elite do poder dominante. At\u00e9 quando e a que custo para a na\u00e7\u00e3o? Bolsonaro permanecendo, nada acontecendo depois de tudo que j\u00e1 fez, qualquer concilia\u00e7\u00e3o, ser\u00e1 um exemplo que pode ser repetido na hist\u00f3ria.<\/p>\n<p>&nbsp;<\/p>\n<figure id=\"attachment_3529\" aria-describedby=\"caption-attachment-3529\" style=\"width: 768px\" class=\"wp-caption alignnone\"><img loading=\"lazy\" decoding=\"async\" class=\"size-full wp-image-3529\" src=\"https:\/\/renatodias.online\/movimento\/wp-content\/uploads\/2020\/05\/Dilma-Rousseff.jpg\" alt=\"\" width=\"768\" height=\"512\" srcset=\"https:\/\/renatodias.online\/movimento\/wp-content\/uploads\/2020\/05\/Dilma-Rousseff.jpg 768w, https:\/\/renatodias.online\/movimento\/wp-content\/uploads\/2020\/05\/Dilma-Rousseff-300x200.jpg 300w, https:\/\/renatodias.online\/movimento\/wp-content\/uploads\/2020\/05\/Dilma-Rousseff-360x240.jpg 360w, https:\/\/renatodias.online\/movimento\/wp-content\/uploads\/2020\/05\/Dilma-Rousseff-750x500.jpg 750w\" sizes=\"auto, (max-width: 768px) 100vw, 768px\" \/><figcaption id=\"caption-attachment-3529\" class=\"wp-caption-text\"><strong>Dilma Rousseff<\/strong><\/figcaption><\/figure>\n<p>A aus\u00eancia da Justi\u00e7a de Transi\u00e7\u00e3o na redemocratiza\u00e7\u00e3o ap\u00f3s a ditadura militar nos levou ao estado atual, o Bolsonaro sem responder pelos seus crimes levar\u00e1 o pa\u00eds a argamassar o retrocesso. A esquerda necessita ultrapassar o diagn\u00f3stico e ser propositiva. Se o foco principal ser\u00e1 no impeachment ou na cassa\u00e7\u00e3o da chapa via TSE, ou ambos. Sair da reatividade para a proa\u00e7\u00e3o. Os partidos unidos pelo Fora Bolsonaro devem articular a ocupa\u00e7\u00e3o das ruas \u00e0 luz de uma estrat\u00e9gia comum e bem definida, que simule cen\u00e1rios poss\u00edveis e t\u00e1ticas preventivas.N\u00e3o sei o que se passa no Olimpo, mas sinto falta de mais protagonismo do Lula, a maior lideran\u00e7a de massas do Brasil.<\/p>\n<figure id=\"attachment_5361\" aria-describedby=\"caption-attachment-5361\" style=\"width: 222px\" class=\"wp-caption alignnone\"><img loading=\"lazy\" decoding=\"async\" class=\"size-full wp-image-5361\" src=\"https:\/\/renatodias.online\/movimento\/wp-content\/uploads\/2021\/03\/Luiz-Inacio-Lula-da-Silva-1.jpg\" alt=\"Luiz In\u00e1cio Lula da Silva \u2013 caricatura\" width=\"222\" height=\"594\" \/><figcaption id=\"caption-attachment-5361\" class=\"wp-caption-text\"><strong>Luiz In\u00e1cio Lula da Silva<\/strong><\/figcaption><\/figure>\n<p style=\"text-align: center;\"><strong>Francisco Celso Calmon<\/strong><\/p>\n<figure id=\"attachment_7317\" aria-describedby=\"caption-attachment-7317\" style=\"width: 1280px\" class=\"wp-caption alignnone\"><img loading=\"lazy\" decoding=\"async\" class=\"size-full wp-image-7317\" src=\"https:\/\/renatodias.online\/movimento\/wp-content\/uploads\/2021\/06\/Francisco-Celso-Calmon-_-1.png\" alt=\"\" width=\"1280\" height=\"720\" srcset=\"https:\/\/renatodias.online\/movimento\/wp-content\/uploads\/2021\/06\/Francisco-Celso-Calmon-_-1.png 1280w, https:\/\/renatodias.online\/movimento\/wp-content\/uploads\/2021\/06\/Francisco-Celso-Calmon-_-1-300x169.png 300w, https:\/\/renatodias.online\/movimento\/wp-content\/uploads\/2021\/06\/Francisco-Celso-Calmon-_-1-768x432.png 768w, https:\/\/renatodias.online\/movimento\/wp-content\/uploads\/2021\/06\/Francisco-Celso-Calmon-_-1-750x422.png 750w\" sizes=\"auto, (max-width: 1280px) 100vw, 1280px\" \/><figcaption id=\"caption-attachment-7317\" class=\"wp-caption-text\"><strong>Francisco Celso Calmon<\/strong><\/figcaption><\/figure>\n","protected":false},"excerpt":{"rendered":"<p>A luta continua Brasil vive tic-tac de bomba rel\u00f3gio e controle est\u00e1 nos humores de Jair Bolsonaro Francisco Celso Calmon A t\u00e1tica da narrativa do presidente da Rep\u00fablica, Jair Bolsonaro, genocida,\u00a0 \u00e9 a do morde e assopra. No morde ele avalia a mordedura e a rea\u00e7\u00e3o do outro, no assopra ele prepara um novo movimento.<\/p>\n","protected":false},"author":2,"featured_media":7038,"comment_status":"open","ping_status":"open","sticky":false,"template":"","format":"standard","meta":{"_acf_changed":false,"_monsterinsights_skip_tracking":false,"_monsterinsights_sitenote_active":false,"_monsterinsights_sitenote_note":"","_monsterinsights_sitenote_category":0,"footnotes":""},"categories":[4],"tags":[],"class_list":["post-8947","post","type-post","status-publish","format-standard","has-post-thumbnail","hentry","category-politica"],"acf":[],"yoast_head":"<!-- This site is optimized with the Yoast SEO plugin v27.4 - https:\/\/yoast.com\/product\/yoast-seo-wordpress\/ -->\n<title>A luta continua -<\/title>\n<meta name=\"robots\" content=\"index, follow, max-snippet:-1, max-image-preview:large, max-video-preview:-1\" \/>\n<link rel=\"canonical\" href=\"https:\/\/renatodias.online\/movimento\/2021\/09\/14\/a-luta-continua\/\" \/>\n<meta property=\"og:locale\" content=\"pt_BR\" \/>\n<meta property=\"og:type\" content=\"article\" \/>\n<meta property=\"og:title\" content=\"A luta continua -\" \/>\n<meta property=\"og:description\" content=\"A luta continua Brasil vive tic-tac de bomba rel\u00f3gio e controle est\u00e1 nos humores de Jair Bolsonaro Francisco Celso Calmon A t\u00e1tica da narrativa do presidente da Rep\u00fablica, Jair Bolsonaro, genocida,\u00a0 \u00e9 a do morde e assopra. No morde ele avalia a mordedura e a rea\u00e7\u00e3o do outro, no assopra ele prepara um novo movimento.\" \/>\n<meta property=\"og:url\" content=\"https:\/\/renatodias.online\/movimento\/2021\/09\/14\/a-luta-continua\/\" \/>\n<meta property=\"article:publisher\" content=\"https:\/\/www.facebook.com\/renato.dias.37\" \/>\n<meta property=\"article:author\" content=\"https:\/\/www.facebook.com\/renato.dias.37\" \/>\n<meta property=\"article:published_time\" content=\"2021-09-14T17:48:04+00:00\" \/>\n<meta property=\"og:image\" content=\"https:\/\/renatodias.online\/movimento\/wp-content\/uploads\/2021\/06\/Francisco-Celso-Calmon-Link-e1638631080663.jpg\" \/>\n\t<meta property=\"og:image:width\" content=\"340\" \/>\n\t<meta property=\"og:image:height\" content=\"255\" \/>\n\t<meta property=\"og:image:type\" content=\"image\/jpeg\" \/>\n<meta name=\"author\" content=\"Renato Dias\" \/>\n<meta name=\"twitter:card\" content=\"summary_large_image\" \/>\n<meta name=\"twitter:creator\" content=\"@RenatoDiasBat\" \/>\n<meta name=\"twitter:site\" content=\"@RenatoDiasBat\" \/>\n<meta name=\"twitter:label1\" content=\"Escrito por\" \/>\n\t<meta name=\"twitter:data1\" content=\"Renato Dias\" \/>\n\t<meta name=\"twitter:label2\" content=\"Est. tempo de leitura\" \/>\n\t<meta name=\"twitter:data2\" content=\"5 minutos\" \/>\n<script type=\"application\/ld+json\" class=\"yoast-schema-graph\">{\"@context\":\"https:\\\/\\\/schema.org\",\"@graph\":[{\"@type\":\"Article\",\"@id\":\"https:\\\/\\\/renatodias.online\\\/movimento\\\/2021\\\/09\\\/14\\\/a-luta-continua\\\/#article\",\"isPartOf\":{\"@id\":\"https:\\\/\\\/renatodias.online\\\/movimento\\\/2021\\\/09\\\/14\\\/a-luta-continua\\\/\"},\"author\":{\"name\":\"Renato Dias\",\"@id\":\"https:\\\/\\\/renatodias.online\\\/movimento\\\/#\\\/schema\\\/person\\\/bbab28833b1725a20f4083f49f1fb2a9\"},\"headline\":\"A luta continua\",\"datePublished\":\"2021-09-14T17:48:04+00:00\",\"mainEntityOfPage\":{\"@id\":\"https:\\\/\\\/renatodias.online\\\/movimento\\\/2021\\\/09\\\/14\\\/a-luta-continua\\\/\"},\"wordCount\":909,\"commentCount\":0,\"publisher\":{\"@id\":\"https:\\\/\\\/renatodias.online\\\/movimento\\\/#\\\/schema\\\/person\\\/bbab28833b1725a20f4083f49f1fb2a9\"},\"image\":{\"@id\":\"https:\\\/\\\/renatodias.online\\\/movimento\\\/2021\\\/09\\\/14\\\/a-luta-continua\\\/#primaryimage\"},\"thumbnailUrl\":\"https:\\\/\\\/renatodias.online\\\/movimento\\\/wp-content\\\/uploads\\\/2021\\\/06\\\/Francisco-Celso-Calmon-Link.jpg\",\"articleSection\":[\"Pol\u00edtica\"],\"inLanguage\":\"pt-BR\",\"potentialAction\":[{\"@type\":\"CommentAction\",\"name\":\"Comment\",\"target\":[\"https:\\\/\\\/renatodias.online\\\/movimento\\\/2021\\\/09\\\/14\\\/a-luta-continua\\\/#respond\"]}]},{\"@type\":\"WebPage\",\"@id\":\"https:\\\/\\\/renatodias.online\\\/movimento\\\/2021\\\/09\\\/14\\\/a-luta-continua\\\/\",\"url\":\"https:\\\/\\\/renatodias.online\\\/movimento\\\/2021\\\/09\\\/14\\\/a-luta-continua\\\/\",\"name\":\"A luta continua -\",\"isPartOf\":{\"@id\":\"https:\\\/\\\/renatodias.online\\\/movimento\\\/#website\"},\"primaryImageOfPage\":{\"@id\":\"https:\\\/\\\/renatodias.online\\\/movimento\\\/2021\\\/09\\\/14\\\/a-luta-continua\\\/#primaryimage\"},\"image\":{\"@id\":\"https:\\\/\\\/renatodias.online\\\/movimento\\\/2021\\\/09\\\/14\\\/a-luta-continua\\\/#primaryimage\"},\"thumbnailUrl\":\"https:\\\/\\\/renatodias.online\\\/movimento\\\/wp-content\\\/uploads\\\/2021\\\/06\\\/Francisco-Celso-Calmon-Link.jpg\",\"datePublished\":\"2021-09-14T17:48:04+00:00\",\"breadcrumb\":{\"@id\":\"https:\\\/\\\/renatodias.online\\\/movimento\\\/2021\\\/09\\\/14\\\/a-luta-continua\\\/#breadcrumb\"},\"inLanguage\":\"pt-BR\",\"potentialAction\":[{\"@type\":\"ReadAction\",\"target\":[\"https:\\\/\\\/renatodias.online\\\/movimento\\\/2021\\\/09\\\/14\\\/a-luta-continua\\\/\"]}]},{\"@type\":\"ImageObject\",\"inLanguage\":\"pt-BR\",\"@id\":\"https:\\\/\\\/renatodias.online\\\/movimento\\\/2021\\\/09\\\/14\\\/a-luta-continua\\\/#primaryimage\",\"url\":\"https:\\\/\\\/renatodias.online\\\/movimento\\\/wp-content\\\/uploads\\\/2021\\\/06\\\/Francisco-Celso-Calmon-Link.jpg\",\"contentUrl\":\"https:\\\/\\\/renatodias.online\\\/movimento\\\/wp-content\\\/uploads\\\/2021\\\/06\\\/Francisco-Celso-Calmon-Link.jpg\",\"width\":480,\"height\":360,\"caption\":\"Francisco Celso Calmon\"},{\"@type\":\"BreadcrumbList\",\"@id\":\"https:\\\/\\\/renatodias.online\\\/movimento\\\/2021\\\/09\\\/14\\\/a-luta-continua\\\/#breadcrumb\",\"itemListElement\":[{\"@type\":\"ListItem\",\"position\":1,\"name\":\"In\u00edcio\",\"item\":\"https:\\\/\\\/renatodias.online\\\/movimento\\\/\"},{\"@type\":\"ListItem\",\"position\":2,\"name\":\"A luta continua\"}]},{\"@type\":\"WebSite\",\"@id\":\"https:\\\/\\\/renatodias.online\\\/movimento\\\/#website\",\"url\":\"https:\\\/\\\/renatodias.online\\\/movimento\\\/\",\"name\":\"\",\"description\":\"\",\"publisher\":{\"@id\":\"https:\\\/\\\/renatodias.online\\\/movimento\\\/#\\\/schema\\\/person\\\/bbab28833b1725a20f4083f49f1fb2a9\"},\"potentialAction\":[{\"@type\":\"SearchAction\",\"target\":{\"@type\":\"EntryPoint\",\"urlTemplate\":\"https:\\\/\\\/renatodias.online\\\/movimento\\\/?s={search_term_string}\"},\"query-input\":{\"@type\":\"PropertyValueSpecification\",\"valueRequired\":true,\"valueName\":\"search_term_string\"}}],\"inLanguage\":\"pt-BR\"},{\"@type\":[\"Person\",\"Organization\"],\"@id\":\"https:\\\/\\\/renatodias.online\\\/movimento\\\/#\\\/schema\\\/person\\\/bbab28833b1725a20f4083f49f1fb2a9\",\"name\":\"Renato Dias\",\"image\":{\"@type\":\"ImageObject\",\"inLanguage\":\"pt-BR\",\"@id\":\"https:\\\/\\\/renatodias.online\\\/movimento\\\/wp-content\\\/uploads\\\/2023\\\/03\\\/cropped-cropped-cropped-logofinal.jpeg\",\"url\":\"https:\\\/\\\/renatodias.online\\\/movimento\\\/wp-content\\\/uploads\\\/2023\\\/03\\\/cropped-cropped-cropped-logofinal.jpeg\",\"contentUrl\":\"https:\\\/\\\/renatodias.online\\\/movimento\\\/wp-content\\\/uploads\\\/2023\\\/03\\\/cropped-cropped-cropped-logofinal.jpeg\",\"width\":1280,\"height\":219,\"caption\":\"Renato Dias\"},\"logo\":{\"@id\":\"https:\\\/\\\/renatodias.online\\\/movimento\\\/wp-content\\\/uploads\\\/2023\\\/03\\\/cropped-cropped-cropped-logofinal.jpeg\"},\"description\":\"Renato Dias, 58 anos, \u00e9 graduado em Jornalismo, formado em Ci\u00eancias Sociais, com p\u00f3s-gradua\u00e7\u00e3o em Pol\u00edticas P\u00fablicas, mestre em Direito e Rela\u00e7\u00f5es Internacionais, ex-aluno extraordin\u00e1rio do Doutorado em Psicologia Social, ex-estudante do Curso de Psican\u00e1lise do Centro de Estudos Psicanal\u00edticos do Estado de Goi\u00e1s, ministrado pelo m\u00e9dico psiquiatra e psicanalista Daniel Em\u00eddio de Souza. \u00c9 autor de 30 livros-reportagem, oito document\u00e1rios, ganhou 30 pr\u00eamios e \u00e9 torcedor apaixonado do maior do Centro-Oeste, o Vila Nova Futebol Clube. Casado com Meirilane Dias, \u00e9 pai de Juliana Dias, jornalista; Daniel Dias, economista; e Maria Rosa Dias, estudante antifascista, socialista e trotskista.\u00a0Com tr\u00eas pets: Porquinho [Bull Dog Franc\u00eas], Dalila [Basset Hound] e Geleia [Basset Hound]. Al\u00e9m do eterno gato Tutuquinho, que virou estrela.\",\"sameAs\":[\"https:\\\/\\\/www.facebook.com\\\/renato.dias.37\",\"#breve\",\"https:\\\/\\\/renatodias.tumblr.com\\\/\"],\"url\":\"https:\\\/\\\/renatodias.online\\\/movimento\\\/author\\\/renatodias\\\/\"}]}<\/script>\n<!-- \/ Yoast SEO plugin. -->","yoast_head_json":{"title":"A luta continua -","robots":{"index":"index","follow":"follow","max-snippet":"max-snippet:-1","max-image-preview":"max-image-preview:large","max-video-preview":"max-video-preview:-1"},"canonical":"https:\/\/renatodias.online\/movimento\/2021\/09\/14\/a-luta-continua\/","og_locale":"pt_BR","og_type":"article","og_title":"A luta continua -","og_description":"A luta continua Brasil vive tic-tac de bomba rel\u00f3gio e controle est\u00e1 nos humores de Jair Bolsonaro Francisco Celso Calmon A t\u00e1tica da narrativa do presidente da Rep\u00fablica, Jair Bolsonaro, genocida,\u00a0 \u00e9 a do morde e assopra. No morde ele avalia a mordedura e a rea\u00e7\u00e3o do outro, no assopra ele prepara um novo movimento.","og_url":"https:\/\/renatodias.online\/movimento\/2021\/09\/14\/a-luta-continua\/","article_publisher":"https:\/\/www.facebook.com\/renato.dias.37","article_author":"https:\/\/www.facebook.com\/renato.dias.37","article_published_time":"2021-09-14T17:48:04+00:00","og_image":[{"width":340,"height":255,"url":"https:\/\/renatodias.online\/movimento\/wp-content\/uploads\/2021\/06\/Francisco-Celso-Calmon-Link-e1638631080663.jpg","type":"image\/jpeg"}],"author":"Renato Dias","twitter_card":"summary_large_image","twitter_creator":"@RenatoDiasBat","twitter_site":"@RenatoDiasBat","twitter_misc":{"Escrito por":"Renato Dias","Est. tempo de leitura":"5 minutos"},"schema":{"@context":"https:\/\/schema.org","@graph":[{"@type":"Article","@id":"https:\/\/renatodias.online\/movimento\/2021\/09\/14\/a-luta-continua\/#article","isPartOf":{"@id":"https:\/\/renatodias.online\/movimento\/2021\/09\/14\/a-luta-continua\/"},"author":{"name":"Renato Dias","@id":"https:\/\/renatodias.online\/movimento\/#\/schema\/person\/bbab28833b1725a20f4083f49f1fb2a9"},"headline":"A luta continua","datePublished":"2021-09-14T17:48:04+00:00","mainEntityOfPage":{"@id":"https:\/\/renatodias.online\/movimento\/2021\/09\/14\/a-luta-continua\/"},"wordCount":909,"commentCount":0,"publisher":{"@id":"https:\/\/renatodias.online\/movimento\/#\/schema\/person\/bbab28833b1725a20f4083f49f1fb2a9"},"image":{"@id":"https:\/\/renatodias.online\/movimento\/2021\/09\/14\/a-luta-continua\/#primaryimage"},"thumbnailUrl":"https:\/\/renatodias.online\/movimento\/wp-content\/uploads\/2021\/06\/Francisco-Celso-Calmon-Link.jpg","articleSection":["Pol\u00edtica"],"inLanguage":"pt-BR","potentialAction":[{"@type":"CommentAction","name":"Comment","target":["https:\/\/renatodias.online\/movimento\/2021\/09\/14\/a-luta-continua\/#respond"]}]},{"@type":"WebPage","@id":"https:\/\/renatodias.online\/movimento\/2021\/09\/14\/a-luta-continua\/","url":"https:\/\/renatodias.online\/movimento\/2021\/09\/14\/a-luta-continua\/","name":"A luta continua -","isPartOf":{"@id":"https:\/\/renatodias.online\/movimento\/#website"},"primaryImageOfPage":{"@id":"https:\/\/renatodias.online\/movimento\/2021\/09\/14\/a-luta-continua\/#primaryimage"},"image":{"@id":"https:\/\/renatodias.online\/movimento\/2021\/09\/14\/a-luta-continua\/#primaryimage"},"thumbnailUrl":"https:\/\/renatodias.online\/movimento\/wp-content\/uploads\/2021\/06\/Francisco-Celso-Calmon-Link.jpg","datePublished":"2021-09-14T17:48:04+00:00","breadcrumb":{"@id":"https:\/\/renatodias.online\/movimento\/2021\/09\/14\/a-luta-continua\/#breadcrumb"},"inLanguage":"pt-BR","potentialAction":[{"@type":"ReadAction","target":["https:\/\/renatodias.online\/movimento\/2021\/09\/14\/a-luta-continua\/"]}]},{"@type":"ImageObject","inLanguage":"pt-BR","@id":"https:\/\/renatodias.online\/movimento\/2021\/09\/14\/a-luta-continua\/#primaryimage","url":"https:\/\/renatodias.online\/movimento\/wp-content\/uploads\/2021\/06\/Francisco-Celso-Calmon-Link.jpg","contentUrl":"https:\/\/renatodias.online\/movimento\/wp-content\/uploads\/2021\/06\/Francisco-Celso-Calmon-Link.jpg","width":480,"height":360,"caption":"Francisco Celso Calmon"},{"@type":"BreadcrumbList","@id":"https:\/\/renatodias.online\/movimento\/2021\/09\/14\/a-luta-continua\/#breadcrumb","itemListElement":[{"@type":"ListItem","position":1,"name":"In\u00edcio","item":"https:\/\/renatodias.online\/movimento\/"},{"@type":"ListItem","position":2,"name":"A luta continua"}]},{"@type":"WebSite","@id":"https:\/\/renatodias.online\/movimento\/#website","url":"https:\/\/renatodias.online\/movimento\/","name":"","description":"","publisher":{"@id":"https:\/\/renatodias.online\/movimento\/#\/schema\/person\/bbab28833b1725a20f4083f49f1fb2a9"},"potentialAction":[{"@type":"SearchAction","target":{"@type":"EntryPoint","urlTemplate":"https:\/\/renatodias.online\/movimento\/?s={search_term_string}"},"query-input":{"@type":"PropertyValueSpecification","valueRequired":true,"valueName":"search_term_string"}}],"inLanguage":"pt-BR"},{"@type":["Person","Organization"],"@id":"https:\/\/renatodias.online\/movimento\/#\/schema\/person\/bbab28833b1725a20f4083f49f1fb2a9","name":"Renato Dias","image":{"@type":"ImageObject","inLanguage":"pt-BR","@id":"https:\/\/renatodias.online\/movimento\/wp-content\/uploads\/2023\/03\/cropped-cropped-cropped-logofinal.jpeg","url":"https:\/\/renatodias.online\/movimento\/wp-content\/uploads\/2023\/03\/cropped-cropped-cropped-logofinal.jpeg","contentUrl":"https:\/\/renatodias.online\/movimento\/wp-content\/uploads\/2023\/03\/cropped-cropped-cropped-logofinal.jpeg","width":1280,"height":219,"caption":"Renato Dias"},"logo":{"@id":"https:\/\/renatodias.online\/movimento\/wp-content\/uploads\/2023\/03\/cropped-cropped-cropped-logofinal.jpeg"},"description":"Renato Dias, 58 anos, \u00e9 graduado em Jornalismo, formado em Ci\u00eancias Sociais, com p\u00f3s-gradua\u00e7\u00e3o em Pol\u00edticas P\u00fablicas, mestre em Direito e Rela\u00e7\u00f5es Internacionais, ex-aluno extraordin\u00e1rio do Doutorado em Psicologia Social, ex-estudante do Curso de Psican\u00e1lise do Centro de Estudos Psicanal\u00edticos do Estado de Goi\u00e1s, ministrado pelo m\u00e9dico psiquiatra e psicanalista Daniel Em\u00eddio de Souza. \u00c9 autor de 30 livros-reportagem, oito document\u00e1rios, ganhou 30 pr\u00eamios e \u00e9 torcedor apaixonado do maior do Centro-Oeste, o Vila Nova Futebol Clube. Casado com Meirilane Dias, \u00e9 pai de Juliana Dias, jornalista; Daniel Dias, economista; e Maria Rosa Dias, estudante antifascista, socialista e trotskista.\u00a0Com tr\u00eas pets: Porquinho [Bull Dog Franc\u00eas], Dalila [Basset Hound] e Geleia [Basset Hound]. Al\u00e9m do eterno gato Tutuquinho, que virou estrela.","sameAs":["https:\/\/www.facebook.com\/renato.dias.37","#breve","https:\/\/renatodias.tumblr.com\/"],"url":"https:\/\/renatodias.online\/movimento\/author\/renatodias\/"}]}},"_links":{"self":[{"href":"https:\/\/renatodias.online\/movimento\/wp-json\/wp\/v2\/posts\/8947","targetHints":{"allow":["GET"]}}],"collection":[{"href":"https:\/\/renatodias.online\/movimento\/wp-json\/wp\/v2\/posts"}],"about":[{"href":"https:\/\/renatodias.online\/movimento\/wp-json\/wp\/v2\/types\/post"}],"author":[{"embeddable":true,"href":"https:\/\/renatodias.online\/movimento\/wp-json\/wp\/v2\/users\/2"}],"replies":[{"embeddable":true,"href":"https:\/\/renatodias.online\/movimento\/wp-json\/wp\/v2\/comments?post=8947"}],"version-history":[{"count":1,"href":"https:\/\/renatodias.online\/movimento\/wp-json\/wp\/v2\/posts\/8947\/revisions"}],"predecessor-version":[{"id":8950,"href":"https:\/\/renatodias.online\/movimento\/wp-json\/wp\/v2\/posts\/8947\/revisions\/8950"}],"wp:featuredmedia":[{"embeddable":true,"href":"https:\/\/renatodias.online\/movimento\/wp-json\/wp\/v2\/media\/7038"}],"wp:attachment":[{"href":"https:\/\/renatodias.online\/movimento\/wp-json\/wp\/v2\/media?parent=8947"}],"wp:term":[{"taxonomy":"category","embeddable":true,"href":"https:\/\/renatodias.online\/movimento\/wp-json\/wp\/v2\/categories?post=8947"},{"taxonomy":"post_tag","embeddable":true,"href":"https:\/\/renatodias.online\/movimento\/wp-json\/wp\/v2\/tags?post=8947"}],"curies":[{"name":"wp","href":"https:\/\/api.w.org\/{rel}","templated":true}]}}