{"id":8941,"date":"2021-09-11T15:22:57","date_gmt":"2021-09-11T18:22:57","guid":{"rendered":"https:\/\/renatodias.online\/movimento\/?p=8941"},"modified":"2021-09-11T15:22:57","modified_gmt":"2021-09-11T18:22:57","slug":"chile-11-de-setembro-de-1973","status":"publish","type":"post","link":"https:\/\/renatodias.online\/movimento\/2021\/09\/11\/chile-11-de-setembro-de-1973\/","title":{"rendered":"Chile, 11 de Setembro de 1973"},"content":{"rendered":"<figure id=\"attachment_4524\" aria-describedby=\"caption-attachment-4524\" style=\"width: 720px\" class=\"wp-caption aligncenter\"><img loading=\"lazy\" decoding=\"async\" class=\"size-full wp-image-4524\" src=\"https:\/\/renatodias.online\/movimento\/wp-content\/uploads\/2020\/09\/4-Golpe-de-Estado-de-1973-No-Chile.jpg\" alt=\"\" width=\"720\" height=\"405\" srcset=\"https:\/\/renatodias.online\/movimento\/wp-content\/uploads\/2020\/09\/4-Golpe-de-Estado-de-1973-No-Chile.jpg 720w, https:\/\/renatodias.online\/movimento\/wp-content\/uploads\/2020\/09\/4-Golpe-de-Estado-de-1973-No-Chile-300x169.jpg 300w\" sizes=\"auto, (max-width: 720px) 100vw, 720px\" \/><figcaption id=\"caption-attachment-4524\" class=\"wp-caption-text\"><span style=\"color: #99cc00;\"><strong>Golpe no Chile _ 1973<\/strong><\/span><\/figcaption><\/figure>\n<h1><img loading=\"lazy\" decoding=\"async\" class=\"size-full wp-image-5929 aligncenter\" src=\"https:\/\/renatodias.online\/movimento\/wp-content\/uploads\/2021\/04\/Especial.jpg\" alt=\"\" width=\"200\" height=\"200\" srcset=\"https:\/\/renatodias.online\/movimento\/wp-content\/uploads\/2021\/04\/Especial.jpg 200w, https:\/\/renatodias.online\/movimento\/wp-content\/uploads\/2021\/04\/Especial-150x150.jpg 150w\" sizes=\"auto, (max-width: 200px) 100vw, 200px\" \/><\/h1>\n<h1 style=\"text-align: center;\"><span style=\"color: #ff0000;\"><strong>Chile, 11 de Setembro de 1973<\/strong><\/span><\/h1>\n<p style=\"text-align: center;\"><strong>Leopoldo Paulino<\/strong><\/p>\n<p>No dia 11 de setembro, levantei-me cedo. Liguei o r\u00e1dio e ouvi a voz grave do presidente Allende dizendo ao povo que fora eleito para um mandato de seis anos e que, portanto, n\u00e3o renunciaria e somente sairia do pal\u00e1cio morto. \u00a0Era o in\u00edcio do golpe. Beti e corremos para tomar um \u00f4nibus que nos levasse ao centro para que pud\u00e9ssemos retirar nossos documentos, na sede da pol\u00edcia pois era nossa inten\u00e7\u00e3o viajar para a Argentina no dia seguinte. J\u00e1 no coletivo o clima estava pesado.<\/p>\n<figure id=\"attachment_7259\" aria-describedby=\"caption-attachment-7259\" style=\"width: 1112px\" class=\"wp-caption alignnone\"><img loading=\"lazy\" decoding=\"async\" class=\"size-full wp-image-7259\" src=\"https:\/\/renatodias.online\/movimento\/wp-content\/uploads\/2021\/06\/Salvador-Allende-_-1973-1.jpg\" alt=\"\" width=\"1112\" height=\"1400\" srcset=\"https:\/\/renatodias.online\/movimento\/wp-content\/uploads\/2021\/06\/Salvador-Allende-_-1973-1.jpg 1112w, https:\/\/renatodias.online\/movimento\/wp-content\/uploads\/2021\/06\/Salvador-Allende-_-1973-1-238x300.jpg 238w, https:\/\/renatodias.online\/movimento\/wp-content\/uploads\/2021\/06\/Salvador-Allende-_-1973-1-813x1024.jpg 813w, https:\/\/renatodias.online\/movimento\/wp-content\/uploads\/2021\/06\/Salvador-Allende-_-1973-1-768x967.jpg 768w, https:\/\/renatodias.online\/movimento\/wp-content\/uploads\/2021\/06\/Salvador-Allende-_-1973-1-750x944.jpg 750w\" sizes=\"auto, (max-width: 1112px) 100vw, 1112px\" \/><figcaption id=\"caption-attachment-7259\" class=\"wp-caption-text\"><strong>Salvador Allende<\/strong><\/figcaption><\/figure>\n<p>Ao perceber que \u00e9ramos estrangeiros, uma mulher come\u00e7ou a defender o golpe e acusar-nos de sermos agentes cubanos, enquanto eu a mandava \u201c\u00e0 puta que pariu\u201d. Algumas pessoas do \u00f4nibus a apoiaram e a grande maioria ficou do meu lado, o que quase gerou um s\u00e9rio conflito. \u00a0Margeamos o Rio Mapocho, que corta Santiago, e chegamos ao nosso destino. Descemos do \u00f4nibus a cerca de 400 metros do pal\u00e1cio presidencial e ouvimos forte barulho de tiroteio, enquanto avi\u00f5es da For\u00e7a A\u00e9rea chilena davam rasantes e metralhavam o pal\u00e1cio.<\/p>\n<figure id=\"attachment_6329\" aria-describedby=\"caption-attachment-6329\" style=\"width: 759px\" class=\"wp-caption aligncenter\"><img loading=\"lazy\" decoding=\"async\" class=\"size-full wp-image-6329\" src=\"https:\/\/renatodias.online\/movimento\/wp-content\/uploads\/2021\/04\/Augusto-Pinochet-_-14-Mix.jpg\" alt=\"\" width=\"759\" height=\"500\" srcset=\"https:\/\/renatodias.online\/movimento\/wp-content\/uploads\/2021\/04\/Augusto-Pinochet-_-14-Mix.jpg 759w, https:\/\/renatodias.online\/movimento\/wp-content\/uploads\/2021\/04\/Augusto-Pinochet-_-14-Mix-300x198.jpg 300w, https:\/\/renatodias.online\/movimento\/wp-content\/uploads\/2021\/04\/Augusto-Pinochet-_-14-Mix-750x494.jpg 750w\" sizes=\"auto, (max-width: 759px) 100vw, 759px\" \/><figcaption id=\"caption-attachment-6329\" class=\"wp-caption-text\"><strong>Augusto Pinochet<\/strong><\/figcaption><\/figure>\n<p>Na sede da pol\u00edcia chilena, reinava o caos, com funcion\u00e1rios saindo do pr\u00e9dio rapidamente. No andar superior, encontramos uma \u00fanica funcion\u00e1ria que j\u00e1 deixava o local. Quando lhe dissemos o motivo de nossa presen\u00e7a, pegou uma gaveta cheia de passaportes, jogou-a sobre a mesa e disse que procur\u00e1ssemos pelos documentos enquanto descia a escada correndo. Reviramos os passaportes, encontramos os nossos, devidamente vistados, e ganhamos a rua apressadamente, com a inten\u00e7\u00e3o de sair do centro da cidade o mais r\u00e1pido poss\u00edvel. \u00a0Na rua, a confus\u00e3o aumentara. O tiroteio era mais intenso e tanques de guerra passavam em dire\u00e7\u00e3o ao pal\u00e1cio, enquanto os avi\u00f5es militares continuavam a dar seus voos e disparavam rajadas de metralhadoras.<\/p>\n<figure id=\"attachment_8942\" aria-describedby=\"caption-attachment-8942\" style=\"width: 1280px\" class=\"wp-caption alignnone\"><img loading=\"lazy\" decoding=\"async\" class=\"size-full wp-image-8942\" src=\"https:\/\/renatodias.online\/movimento\/wp-content\/uploads\/2021\/09\/Salvador-Allende-_-1.jpg\" alt=\"\" width=\"1280\" height=\"720\" \/><figcaption id=\"caption-attachment-8942\" class=\"wp-caption-text\"><strong>Salvador Allende<\/strong><\/figcaption><\/figure>\n<p>Os \u00f4nibus, todos de portas fechadas, passavam pelo local carregando somente o motorista e o cobrador e n\u00e3o paravam para ningu\u00e9m, fugindo rapidamente do centro, enquanto os autom\u00f3veis, em alta velocidade, procuravam tamb\u00e9m distanciar-se ao m\u00e1ximo do palco dos combates. S\u00f3 conseguimos chegar em casa pagando em d\u00f3lar ao motorista de um carro da funer\u00e1ria. \u00a0Pela televis\u00e3o, que passamos a assistir na casa de um vizinho, acompanh\u00e1vamos o desenrolar dos acontecimentos, com a a\u00e7\u00e3o militar se intensificando e a resist\u00eancia ao golpe dando seus sinais. Por volta de 14 horas, os golpistas iniciaram o bombardeio ao pal\u00e1cio, em face da terminante recusa de Allende em aceitar a proposta dos militares fascistas para que ele e seus ministros deixassem o governo e sa\u00edssem do pa\u00eds com suas respectivas fam\u00edlias. A covardia dos asseclas de Pinochet chegou a tal ponto que, quando o negociador do presidente, o Vice-Ministro do Interior Daniel Vergara, voltava ao Pal\u00e1cio portando a convencional bandeira branca, recebeu uma rajada de fuzil nas costas, disparada por um dos militares fascistas. Ap\u00f3s o bombardeio, o pal\u00e1cio foi tomado de assalto pelos comandados de Pinochet. Allende e os companheiros que estavam com ele resistiram bravamente e morreram todos na batalha, inclusive o presidente. N\u00e3o satisfeitas, tropas golpistas rumaram para a resid\u00eancia presidencial e a saquearam, permitindo tamb\u00e9m que participassem do saque dezenas de civis, militantes de direita e jovens de fam\u00edlias da alta burguesia chilena que, sob a prote\u00e7\u00e3o do Ex\u00e9rcito, carregavam todos os pertences pessoais da fam\u00edlia do presidente. Ao mesmo tempo, a cena era transmitida por uma emissora de televis\u00e3o, j\u00e1 controlada pelos golpistas, com o apresentador fazendo todo tipo de coment\u00e1rio desairoso a cada objeto que era retirado da casa. Morto o presidente, os golpistas constitu\u00edram uma Junta Militar para governar o pa\u00eds, composta pelos comandantes do Ex\u00e9rcito, da Marinha e da Aeron\u00e1utica, al\u00e9m do comandante do Corpo de Carabineros, sob a presid\u00eancia do general Pinochet. Os golpistas passaram a governar o pa\u00eds, decretaram o estado de s\u00edtio e o toque de recolher, que proibia a perman\u00eancia de qualquer pessoa nas ruas. O toque de recolher vigorou por v\u00e1rios anos durante a ditadura de Pinochet.<\/p>\n<figure id=\"attachment_8943\" aria-describedby=\"caption-attachment-8943\" style=\"width: 881px\" class=\"wp-caption alignnone\"><img loading=\"lazy\" decoding=\"async\" class=\"size-full wp-image-8943\" src=\"https:\/\/renatodias.online\/movimento\/wp-content\/uploads\/2021\/09\/Link-_-Salvador-Allende.jpg\" alt=\"\" width=\"881\" height=\"1024\" \/><figcaption id=\"caption-attachment-8943\" class=\"wp-caption-text\"><strong>Salvador Allende 1908-1973<\/strong><\/figcaption><\/figure>\n<p>&nbsp;<\/p>\n","protected":false},"excerpt":{"rendered":"<p>Chile, 11 de Setembro de 1973 Leopoldo Paulino No dia 11 de setembro, levantei-me cedo. Liguei o r\u00e1dio e ouvi a voz grave do presidente Allende dizendo ao povo que fora eleito para um mandato de seis anos e que, portanto, n\u00e3o renunciaria e somente sairia do pal\u00e1cio morto. \u00a0Era o in\u00edcio do golpe. Beti<\/p>\n","protected":false},"author":2,"featured_media":7258,"comment_status":"open","ping_status":"open","sticky":false,"template":"","format":"standard","meta":{"_acf_changed":false,"_monsterinsights_skip_tracking":false,"_monsterinsights_sitenote_active":false,"_monsterinsights_sitenote_note":"","_monsterinsights_sitenote_category":0,"footnotes":""},"categories":[36],"tags":[],"class_list":["post-8941","post","type-post","status-publish","format-standard","has-post-thumbnail","hentry","category-internacional"],"acf":[],"yoast_head":"<!-- This site is optimized with the Yoast SEO plugin v27.4 - https:\/\/yoast.com\/product\/yoast-seo-wordpress\/ -->\n<title>Chile, 11 de Setembro de 1973 -<\/title>\n<meta name=\"robots\" content=\"index, follow, max-snippet:-1, max-image-preview:large, max-video-preview:-1\" \/>\n<link rel=\"canonical\" href=\"https:\/\/renatodias.online\/movimento\/2021\/09\/11\/chile-11-de-setembro-de-1973\/\" \/>\n<meta property=\"og:locale\" content=\"pt_BR\" \/>\n<meta property=\"og:type\" content=\"article\" \/>\n<meta property=\"og:title\" content=\"Chile, 11 de Setembro de 1973 -\" \/>\n<meta property=\"og:description\" content=\"Chile, 11 de Setembro de 1973 Leopoldo Paulino No dia 11 de setembro, levantei-me cedo. Liguei o r\u00e1dio e ouvi a voz grave do presidente Allende dizendo ao povo que fora eleito para um mandato de seis anos e que, portanto, n\u00e3o renunciaria e somente sairia do pal\u00e1cio morto. \u00a0Era o in\u00edcio do golpe. Beti\" \/>\n<meta property=\"og:url\" content=\"https:\/\/renatodias.online\/movimento\/2021\/09\/11\/chile-11-de-setembro-de-1973\/\" \/>\n<meta property=\"article:publisher\" content=\"https:\/\/www.facebook.com\/renato.dias.37\" \/>\n<meta property=\"article:author\" content=\"https:\/\/www.facebook.com\/renato.dias.37\" \/>\n<meta property=\"article:published_time\" content=\"2021-09-11T18:22:57+00:00\" \/>\n<meta property=\"og:image\" content=\"https:\/\/renatodias.online\/movimento\/wp-content\/uploads\/2021\/06\/Salvador-Allende-_-1973.jpg\" \/>\n\t<meta property=\"og:image:width\" content=\"284\" \/>\n\t<meta property=\"og:image:height\" content=\"177\" \/>\n\t<meta property=\"og:image:type\" content=\"image\/jpeg\" \/>\n<meta name=\"author\" content=\"Renato Dias\" \/>\n<meta name=\"twitter:card\" content=\"summary_large_image\" \/>\n<meta name=\"twitter:creator\" content=\"@RenatoDiasBat\" \/>\n<meta name=\"twitter:site\" content=\"@RenatoDiasBat\" \/>\n<meta name=\"twitter:label1\" content=\"Escrito por\" \/>\n\t<meta name=\"twitter:data1\" content=\"Renato Dias\" \/>\n\t<meta name=\"twitter:label2\" content=\"Est. tempo de leitura\" \/>\n\t<meta name=\"twitter:data2\" content=\"4 minutos\" \/>\n<script type=\"application\/ld+json\" class=\"yoast-schema-graph\">{\"@context\":\"https:\\\/\\\/schema.org\",\"@graph\":[{\"@type\":\"Article\",\"@id\":\"https:\\\/\\\/renatodias.online\\\/movimento\\\/2021\\\/09\\\/11\\\/chile-11-de-setembro-de-1973\\\/#article\",\"isPartOf\":{\"@id\":\"https:\\\/\\\/renatodias.online\\\/movimento\\\/2021\\\/09\\\/11\\\/chile-11-de-setembro-de-1973\\\/\"},\"author\":{\"name\":\"Renato Dias\",\"@id\":\"https:\\\/\\\/renatodias.online\\\/movimento\\\/#\\\/schema\\\/person\\\/bbab28833b1725a20f4083f49f1fb2a9\"},\"headline\":\"Chile, 11 de Setembro de 1973\",\"datePublished\":\"2021-09-11T18:22:57+00:00\",\"mainEntityOfPage\":{\"@id\":\"https:\\\/\\\/renatodias.online\\\/movimento\\\/2021\\\/09\\\/11\\\/chile-11-de-setembro-de-1973\\\/\"},\"wordCount\":763,\"commentCount\":0,\"publisher\":{\"@id\":\"https:\\\/\\\/renatodias.online\\\/movimento\\\/#\\\/schema\\\/person\\\/bbab28833b1725a20f4083f49f1fb2a9\"},\"image\":{\"@id\":\"https:\\\/\\\/renatodias.online\\\/movimento\\\/2021\\\/09\\\/11\\\/chile-11-de-setembro-de-1973\\\/#primaryimage\"},\"thumbnailUrl\":\"https:\\\/\\\/renatodias.online\\\/movimento\\\/wp-content\\\/uploads\\\/2021\\\/06\\\/Salvador-Allende-_-1973.jpg\",\"articleSection\":[\"Internacional\"],\"inLanguage\":\"pt-BR\",\"potentialAction\":[{\"@type\":\"CommentAction\",\"name\":\"Comment\",\"target\":[\"https:\\\/\\\/renatodias.online\\\/movimento\\\/2021\\\/09\\\/11\\\/chile-11-de-setembro-de-1973\\\/#respond\"]}]},{\"@type\":\"WebPage\",\"@id\":\"https:\\\/\\\/renatodias.online\\\/movimento\\\/2021\\\/09\\\/11\\\/chile-11-de-setembro-de-1973\\\/\",\"url\":\"https:\\\/\\\/renatodias.online\\\/movimento\\\/2021\\\/09\\\/11\\\/chile-11-de-setembro-de-1973\\\/\",\"name\":\"Chile, 11 de Setembro de 1973 -\",\"isPartOf\":{\"@id\":\"https:\\\/\\\/renatodias.online\\\/movimento\\\/#website\"},\"primaryImageOfPage\":{\"@id\":\"https:\\\/\\\/renatodias.online\\\/movimento\\\/2021\\\/09\\\/11\\\/chile-11-de-setembro-de-1973\\\/#primaryimage\"},\"image\":{\"@id\":\"https:\\\/\\\/renatodias.online\\\/movimento\\\/2021\\\/09\\\/11\\\/chile-11-de-setembro-de-1973\\\/#primaryimage\"},\"thumbnailUrl\":\"https:\\\/\\\/renatodias.online\\\/movimento\\\/wp-content\\\/uploads\\\/2021\\\/06\\\/Salvador-Allende-_-1973.jpg\",\"datePublished\":\"2021-09-11T18:22:57+00:00\",\"breadcrumb\":{\"@id\":\"https:\\\/\\\/renatodias.online\\\/movimento\\\/2021\\\/09\\\/11\\\/chile-11-de-setembro-de-1973\\\/#breadcrumb\"},\"inLanguage\":\"pt-BR\",\"potentialAction\":[{\"@type\":\"ReadAction\",\"target\":[\"https:\\\/\\\/renatodias.online\\\/movimento\\\/2021\\\/09\\\/11\\\/chile-11-de-setembro-de-1973\\\/\"]}]},{\"@type\":\"ImageObject\",\"inLanguage\":\"pt-BR\",\"@id\":\"https:\\\/\\\/renatodias.online\\\/movimento\\\/2021\\\/09\\\/11\\\/chile-11-de-setembro-de-1973\\\/#primaryimage\",\"url\":\"https:\\\/\\\/renatodias.online\\\/movimento\\\/wp-content\\\/uploads\\\/2021\\\/06\\\/Salvador-Allende-_-1973.jpg\",\"contentUrl\":\"https:\\\/\\\/renatodias.online\\\/movimento\\\/wp-content\\\/uploads\\\/2021\\\/06\\\/Salvador-Allende-_-1973.jpg\",\"width\":284,\"height\":177,\"caption\":\"Salvador Allende\"},{\"@type\":\"BreadcrumbList\",\"@id\":\"https:\\\/\\\/renatodias.online\\\/movimento\\\/2021\\\/09\\\/11\\\/chile-11-de-setembro-de-1973\\\/#breadcrumb\",\"itemListElement\":[{\"@type\":\"ListItem\",\"position\":1,\"name\":\"In\u00edcio\",\"item\":\"https:\\\/\\\/renatodias.online\\\/movimento\\\/\"},{\"@type\":\"ListItem\",\"position\":2,\"name\":\"Chile, 11 de Setembro de 1973\"}]},{\"@type\":\"WebSite\",\"@id\":\"https:\\\/\\\/renatodias.online\\\/movimento\\\/#website\",\"url\":\"https:\\\/\\\/renatodias.online\\\/movimento\\\/\",\"name\":\"\",\"description\":\"\",\"publisher\":{\"@id\":\"https:\\\/\\\/renatodias.online\\\/movimento\\\/#\\\/schema\\\/person\\\/bbab28833b1725a20f4083f49f1fb2a9\"},\"potentialAction\":[{\"@type\":\"SearchAction\",\"target\":{\"@type\":\"EntryPoint\",\"urlTemplate\":\"https:\\\/\\\/renatodias.online\\\/movimento\\\/?s={search_term_string}\"},\"query-input\":{\"@type\":\"PropertyValueSpecification\",\"valueRequired\":true,\"valueName\":\"search_term_string\"}}],\"inLanguage\":\"pt-BR\"},{\"@type\":[\"Person\",\"Organization\"],\"@id\":\"https:\\\/\\\/renatodias.online\\\/movimento\\\/#\\\/schema\\\/person\\\/bbab28833b1725a20f4083f49f1fb2a9\",\"name\":\"Renato Dias\",\"image\":{\"@type\":\"ImageObject\",\"inLanguage\":\"pt-BR\",\"@id\":\"https:\\\/\\\/renatodias.online\\\/movimento\\\/wp-content\\\/uploads\\\/2023\\\/03\\\/cropped-cropped-cropped-logofinal.jpeg\",\"url\":\"https:\\\/\\\/renatodias.online\\\/movimento\\\/wp-content\\\/uploads\\\/2023\\\/03\\\/cropped-cropped-cropped-logofinal.jpeg\",\"contentUrl\":\"https:\\\/\\\/renatodias.online\\\/movimento\\\/wp-content\\\/uploads\\\/2023\\\/03\\\/cropped-cropped-cropped-logofinal.jpeg\",\"width\":1280,\"height\":219,\"caption\":\"Renato Dias\"},\"logo\":{\"@id\":\"https:\\\/\\\/renatodias.online\\\/movimento\\\/wp-content\\\/uploads\\\/2023\\\/03\\\/cropped-cropped-cropped-logofinal.jpeg\"},\"description\":\"Renato Dias, 58 anos, \u00e9 graduado em Jornalismo, formado em Ci\u00eancias Sociais, com p\u00f3s-gradua\u00e7\u00e3o em Pol\u00edticas P\u00fablicas, mestre em Direito e Rela\u00e7\u00f5es Internacionais, ex-aluno extraordin\u00e1rio do Doutorado em Psicologia Social, ex-estudante do Curso de Psican\u00e1lise do Centro de Estudos Psicanal\u00edticos do Estado de Goi\u00e1s, ministrado pelo m\u00e9dico psiquiatra e psicanalista Daniel Em\u00eddio de Souza. \u00c9 autor de 30 livros-reportagem, oito document\u00e1rios, ganhou 30 pr\u00eamios e \u00e9 torcedor apaixonado do maior do Centro-Oeste, o Vila Nova Futebol Clube. Casado com Meirilane Dias, \u00e9 pai de Juliana Dias, jornalista; Daniel Dias, economista; e Maria Rosa Dias, estudante antifascista, socialista e trotskista.\u00a0Com tr\u00eas pets: Porquinho [Bull Dog Franc\u00eas], Dalila [Basset Hound] e Geleia [Basset Hound]. Al\u00e9m do eterno gato Tutuquinho, que virou estrela.\",\"sameAs\":[\"https:\\\/\\\/www.facebook.com\\\/renato.dias.37\",\"#breve\",\"https:\\\/\\\/renatodias.tumblr.com\\\/\"],\"url\":\"https:\\\/\\\/renatodias.online\\\/movimento\\\/author\\\/renatodias\\\/\"}]}<\/script>\n<!-- \/ Yoast SEO plugin. -->","yoast_head_json":{"title":"Chile, 11 de Setembro de 1973 -","robots":{"index":"index","follow":"follow","max-snippet":"max-snippet:-1","max-image-preview":"max-image-preview:large","max-video-preview":"max-video-preview:-1"},"canonical":"https:\/\/renatodias.online\/movimento\/2021\/09\/11\/chile-11-de-setembro-de-1973\/","og_locale":"pt_BR","og_type":"article","og_title":"Chile, 11 de Setembro de 1973 -","og_description":"Chile, 11 de Setembro de 1973 Leopoldo Paulino No dia 11 de setembro, levantei-me cedo. Liguei o r\u00e1dio e ouvi a voz grave do presidente Allende dizendo ao povo que fora eleito para um mandato de seis anos e que, portanto, n\u00e3o renunciaria e somente sairia do pal\u00e1cio morto. \u00a0Era o in\u00edcio do golpe. Beti","og_url":"https:\/\/renatodias.online\/movimento\/2021\/09\/11\/chile-11-de-setembro-de-1973\/","article_publisher":"https:\/\/www.facebook.com\/renato.dias.37","article_author":"https:\/\/www.facebook.com\/renato.dias.37","article_published_time":"2021-09-11T18:22:57+00:00","og_image":[{"width":284,"height":177,"url":"https:\/\/renatodias.online\/movimento\/wp-content\/uploads\/2021\/06\/Salvador-Allende-_-1973.jpg","type":"image\/jpeg"}],"author":"Renato Dias","twitter_card":"summary_large_image","twitter_creator":"@RenatoDiasBat","twitter_site":"@RenatoDiasBat","twitter_misc":{"Escrito por":"Renato Dias","Est. tempo de leitura":"4 minutos"},"schema":{"@context":"https:\/\/schema.org","@graph":[{"@type":"Article","@id":"https:\/\/renatodias.online\/movimento\/2021\/09\/11\/chile-11-de-setembro-de-1973\/#article","isPartOf":{"@id":"https:\/\/renatodias.online\/movimento\/2021\/09\/11\/chile-11-de-setembro-de-1973\/"},"author":{"name":"Renato Dias","@id":"https:\/\/renatodias.online\/movimento\/#\/schema\/person\/bbab28833b1725a20f4083f49f1fb2a9"},"headline":"Chile, 11 de Setembro de 1973","datePublished":"2021-09-11T18:22:57+00:00","mainEntityOfPage":{"@id":"https:\/\/renatodias.online\/movimento\/2021\/09\/11\/chile-11-de-setembro-de-1973\/"},"wordCount":763,"commentCount":0,"publisher":{"@id":"https:\/\/renatodias.online\/movimento\/#\/schema\/person\/bbab28833b1725a20f4083f49f1fb2a9"},"image":{"@id":"https:\/\/renatodias.online\/movimento\/2021\/09\/11\/chile-11-de-setembro-de-1973\/#primaryimage"},"thumbnailUrl":"https:\/\/renatodias.online\/movimento\/wp-content\/uploads\/2021\/06\/Salvador-Allende-_-1973.jpg","articleSection":["Internacional"],"inLanguage":"pt-BR","potentialAction":[{"@type":"CommentAction","name":"Comment","target":["https:\/\/renatodias.online\/movimento\/2021\/09\/11\/chile-11-de-setembro-de-1973\/#respond"]}]},{"@type":"WebPage","@id":"https:\/\/renatodias.online\/movimento\/2021\/09\/11\/chile-11-de-setembro-de-1973\/","url":"https:\/\/renatodias.online\/movimento\/2021\/09\/11\/chile-11-de-setembro-de-1973\/","name":"Chile, 11 de Setembro de 1973 -","isPartOf":{"@id":"https:\/\/renatodias.online\/movimento\/#website"},"primaryImageOfPage":{"@id":"https:\/\/renatodias.online\/movimento\/2021\/09\/11\/chile-11-de-setembro-de-1973\/#primaryimage"},"image":{"@id":"https:\/\/renatodias.online\/movimento\/2021\/09\/11\/chile-11-de-setembro-de-1973\/#primaryimage"},"thumbnailUrl":"https:\/\/renatodias.online\/movimento\/wp-content\/uploads\/2021\/06\/Salvador-Allende-_-1973.jpg","datePublished":"2021-09-11T18:22:57+00:00","breadcrumb":{"@id":"https:\/\/renatodias.online\/movimento\/2021\/09\/11\/chile-11-de-setembro-de-1973\/#breadcrumb"},"inLanguage":"pt-BR","potentialAction":[{"@type":"ReadAction","target":["https:\/\/renatodias.online\/movimento\/2021\/09\/11\/chile-11-de-setembro-de-1973\/"]}]},{"@type":"ImageObject","inLanguage":"pt-BR","@id":"https:\/\/renatodias.online\/movimento\/2021\/09\/11\/chile-11-de-setembro-de-1973\/#primaryimage","url":"https:\/\/renatodias.online\/movimento\/wp-content\/uploads\/2021\/06\/Salvador-Allende-_-1973.jpg","contentUrl":"https:\/\/renatodias.online\/movimento\/wp-content\/uploads\/2021\/06\/Salvador-Allende-_-1973.jpg","width":284,"height":177,"caption":"Salvador Allende"},{"@type":"BreadcrumbList","@id":"https:\/\/renatodias.online\/movimento\/2021\/09\/11\/chile-11-de-setembro-de-1973\/#breadcrumb","itemListElement":[{"@type":"ListItem","position":1,"name":"In\u00edcio","item":"https:\/\/renatodias.online\/movimento\/"},{"@type":"ListItem","position":2,"name":"Chile, 11 de Setembro de 1973"}]},{"@type":"WebSite","@id":"https:\/\/renatodias.online\/movimento\/#website","url":"https:\/\/renatodias.online\/movimento\/","name":"","description":"","publisher":{"@id":"https:\/\/renatodias.online\/movimento\/#\/schema\/person\/bbab28833b1725a20f4083f49f1fb2a9"},"potentialAction":[{"@type":"SearchAction","target":{"@type":"EntryPoint","urlTemplate":"https:\/\/renatodias.online\/movimento\/?s={search_term_string}"},"query-input":{"@type":"PropertyValueSpecification","valueRequired":true,"valueName":"search_term_string"}}],"inLanguage":"pt-BR"},{"@type":["Person","Organization"],"@id":"https:\/\/renatodias.online\/movimento\/#\/schema\/person\/bbab28833b1725a20f4083f49f1fb2a9","name":"Renato Dias","image":{"@type":"ImageObject","inLanguage":"pt-BR","@id":"https:\/\/renatodias.online\/movimento\/wp-content\/uploads\/2023\/03\/cropped-cropped-cropped-logofinal.jpeg","url":"https:\/\/renatodias.online\/movimento\/wp-content\/uploads\/2023\/03\/cropped-cropped-cropped-logofinal.jpeg","contentUrl":"https:\/\/renatodias.online\/movimento\/wp-content\/uploads\/2023\/03\/cropped-cropped-cropped-logofinal.jpeg","width":1280,"height":219,"caption":"Renato Dias"},"logo":{"@id":"https:\/\/renatodias.online\/movimento\/wp-content\/uploads\/2023\/03\/cropped-cropped-cropped-logofinal.jpeg"},"description":"Renato Dias, 58 anos, \u00e9 graduado em Jornalismo, formado em Ci\u00eancias Sociais, com p\u00f3s-gradua\u00e7\u00e3o em Pol\u00edticas P\u00fablicas, mestre em Direito e Rela\u00e7\u00f5es Internacionais, ex-aluno extraordin\u00e1rio do Doutorado em Psicologia Social, ex-estudante do Curso de Psican\u00e1lise do Centro de Estudos Psicanal\u00edticos do Estado de Goi\u00e1s, ministrado pelo m\u00e9dico psiquiatra e psicanalista Daniel Em\u00eddio de Souza. \u00c9 autor de 30 livros-reportagem, oito document\u00e1rios, ganhou 30 pr\u00eamios e \u00e9 torcedor apaixonado do maior do Centro-Oeste, o Vila Nova Futebol Clube. Casado com Meirilane Dias, \u00e9 pai de Juliana Dias, jornalista; Daniel Dias, economista; e Maria Rosa Dias, estudante antifascista, socialista e trotskista.\u00a0Com tr\u00eas pets: Porquinho [Bull Dog Franc\u00eas], Dalila [Basset Hound] e Geleia [Basset Hound]. Al\u00e9m do eterno gato Tutuquinho, que virou estrela.","sameAs":["https:\/\/www.facebook.com\/renato.dias.37","#breve","https:\/\/renatodias.tumblr.com\/"],"url":"https:\/\/renatodias.online\/movimento\/author\/renatodias\/"}]}},"_links":{"self":[{"href":"https:\/\/renatodias.online\/movimento\/wp-json\/wp\/v2\/posts\/8941","targetHints":{"allow":["GET"]}}],"collection":[{"href":"https:\/\/renatodias.online\/movimento\/wp-json\/wp\/v2\/posts"}],"about":[{"href":"https:\/\/renatodias.online\/movimento\/wp-json\/wp\/v2\/types\/post"}],"author":[{"embeddable":true,"href":"https:\/\/renatodias.online\/movimento\/wp-json\/wp\/v2\/users\/2"}],"replies":[{"embeddable":true,"href":"https:\/\/renatodias.online\/movimento\/wp-json\/wp\/v2\/comments?post=8941"}],"version-history":[{"count":1,"href":"https:\/\/renatodias.online\/movimento\/wp-json\/wp\/v2\/posts\/8941\/revisions"}],"predecessor-version":[{"id":8944,"href":"https:\/\/renatodias.online\/movimento\/wp-json\/wp\/v2\/posts\/8941\/revisions\/8944"}],"wp:featuredmedia":[{"embeddable":true,"href":"https:\/\/renatodias.online\/movimento\/wp-json\/wp\/v2\/media\/7258"}],"wp:attachment":[{"href":"https:\/\/renatodias.online\/movimento\/wp-json\/wp\/v2\/media?parent=8941"}],"wp:term":[{"taxonomy":"category","embeddable":true,"href":"https:\/\/renatodias.online\/movimento\/wp-json\/wp\/v2\/categories?post=8941"},{"taxonomy":"post_tag","embeddable":true,"href":"https:\/\/renatodias.online\/movimento\/wp-json\/wp\/v2\/tags?post=8941"}],"curies":[{"name":"wp","href":"https:\/\/api.w.org\/{rel}","templated":true}]}}