{"id":8923,"date":"2021-09-11T14:29:16","date_gmt":"2021-09-11T17:29:16","guid":{"rendered":"https:\/\/renatodias.online\/movimento\/?p=8923"},"modified":"2021-09-11T14:29:16","modified_gmt":"2021-09-11T17:29:16","slug":"o-golpe-comecou","status":"publish","type":"post","link":"https:\/\/renatodias.online\/movimento\/2021\/09\/11\/o-golpe-comecou\/","title":{"rendered":"O golpe come\u00e7ou?"},"content":{"rendered":"<figure id=\"attachment_5888\" aria-describedby=\"caption-attachment-5888\" style=\"width: 600px\" class=\"wp-caption aligncenter\"><img loading=\"lazy\" decoding=\"async\" class=\"size-full wp-image-5888\" src=\"https:\/\/renatodias.online\/movimento\/wp-content\/uploads\/2021\/04\/Bomba-A-morte-da-Politica.jpg\" alt=\"explosivo\" width=\"600\" height=\"600\" \/><figcaption id=\"caption-attachment-5888\" class=\"wp-caption-text\"><span style=\"color: #ff99cc;\"><strong>explosivo<\/strong><\/span><\/figcaption><\/figure>\n<figure id=\"attachment_8457\" aria-describedby=\"caption-attachment-8457\" style=\"width: 1225px\" class=\"wp-caption alignnone\"><img loading=\"lazy\" decoding=\"async\" class=\"size-full wp-image-8457\" src=\"https:\/\/renatodias.online\/movimento\/wp-content\/uploads\/2021\/08\/Desfile-de-blindados.jpeg\" alt=\"\" width=\"1225\" height=\"815\" srcset=\"https:\/\/renatodias.online\/movimento\/wp-content\/uploads\/2021\/08\/Desfile-de-blindados.jpeg 1225w, https:\/\/renatodias.online\/movimento\/wp-content\/uploads\/2021\/08\/Desfile-de-blindados-300x200.jpeg 300w, https:\/\/renatodias.online\/movimento\/wp-content\/uploads\/2021\/08\/Desfile-de-blindados-768x511.jpeg 768w, https:\/\/renatodias.online\/movimento\/wp-content\/uploads\/2021\/08\/Desfile-de-blindados-360x240.jpeg 360w, https:\/\/renatodias.online\/movimento\/wp-content\/uploads\/2021\/08\/Desfile-de-blindados-750x499.jpeg 750w\" sizes=\"auto, (max-width: 1225px) 100vw, 1225px\" \/><figcaption id=\"caption-attachment-8457\" class=\"wp-caption-text\">Desfile de blindados<\/figcaption><\/figure>\n<h1 style=\"text-align: center;\"><span style=\"color: #99cc00;\"><strong>O golpe come\u00e7ou<\/strong><\/span><\/h1>\n<p><span style=\"color: #008080;\"><strong>Uma insurrei\u00e7\u00e3o nunca precisou da maioria da popula\u00e7\u00e3o para impor sua vontade. Ela precisa de uma minoria substantiva, aguerrida, unificada e intimidadora, pois potencialmente armada<\/strong><\/span><\/p>\n<figure id=\"attachment_8904\" aria-describedby=\"caption-attachment-8904\" style=\"width: 1280px\" class=\"wp-caption alignnone\"><img loading=\"lazy\" decoding=\"async\" class=\"size-full wp-image-8904\" src=\"https:\/\/renatodias.online\/movimento\/wp-content\/uploads\/2021\/09\/Jair-Messias-7-de-setembro.jpg\" alt=\"\" width=\"1280\" height=\"680\" srcset=\"https:\/\/renatodias.online\/movimento\/wp-content\/uploads\/2021\/09\/Jair-Messias-7-de-setembro.jpg 1280w, https:\/\/renatodias.online\/movimento\/wp-content\/uploads\/2021\/09\/Jair-Messias-7-de-setembro-300x159.jpg 300w, https:\/\/renatodias.online\/movimento\/wp-content\/uploads\/2021\/09\/Jair-Messias-7-de-setembro-768x408.jpg 768w, https:\/\/renatodias.online\/movimento\/wp-content\/uploads\/2021\/09\/Jair-Messias-7-de-setembro-750x398.jpg 750w\" sizes=\"auto, (max-width: 1280px) 100vw, 1280px\" \/><figcaption id=\"caption-attachment-8904\" class=\"wp-caption-text\"><strong>Jair Messias Bolsonaro &#8211; 7 de setembro<\/strong><\/figcaption><\/figure>\n<p style=\"text-align: center;\"><span style=\"color: #ff0000;\"><strong>Vladimir Safatle<\/strong><\/span><\/p>\n<p style=\"text-align: center;\"><span style=\"color: #ff0000;\"><strong>Do El Pa\u00eds<\/strong><\/span><\/p>\n<p>&nbsp;<\/p>\n<p>Quem conhece a hist\u00f3ria do fascismo italiano sabe a quantidade inumer\u00e1vel de vezes que Mussolini, em sua ascens\u00e3o ao poder, foi dado como politicamente morto, isolado, acuado, fragilizado. No entanto, apesar das finas an\u00e1lises de comentaristas da vida pol\u00edtica italiana, apesar das sutis leituras que pareciam ser capazes de pegar as mais inusitadas nuances, Mussolini, o bronco Mussolini chegou onde queria chegar. Isso ao menos deveria servir para lembrarmos da exist\u00eancia de tr\u00eas erros que levam qualquer um a perder uma guerra, a saber, subestimar a dedica\u00e7\u00e3o de seu oponente, subestimar sua for\u00e7a e, por fim, sua capacidade de pensar estrategicamente.<\/p>\n<figure id=\"attachment_3394\" aria-describedby=\"caption-attachment-3394\" style=\"width: 1440px\" class=\"wp-caption alignnone\"><img loading=\"lazy\" decoding=\"async\" class=\"size-full wp-image-3394\" src=\"https:\/\/renatodias.online\/movimento\/wp-content\/uploads\/2020\/04\/WhatsApp-Image-2020-04-27-at-18.08.35.jpeg\" alt=\"Benito Mussolini\" width=\"1440\" height=\"810\" \/><figcaption id=\"caption-attachment-3394\" class=\"wp-caption-text\"><strong>Benito Mussolini<\/strong><\/figcaption><\/figure>\n<p>O m\u00ednimo que se pode dizer \u00e9 que a oposi\u00e7\u00e3o brasileira \u00e9 ex\u00edmia em praticar os tr\u00eas erros contra Bolsonaro e seus adeptos. Ela parece animada pela capacidade de tomar seus desejos por realidade, de justificar sua paralisia como se fosse a mais madura de todas as ast\u00facias. Agora, a isso ela acrescentou uma patologia que, nos antigos manuais de psiquiatria, chamava-se \u201cescotomiza\u00e7\u00e3o\u201d, ou seja, a capacidade de simplesmente n\u00e3o ver um fen\u00f4meno que ocorre na sua frente. Mesmo tendo 600.000 mortes nas costas por neglig\u00eancia de seu governo em rela\u00e7\u00e3o \u00e0 pandemia, Bolsonaro conseguiu um 7 de setembro para chamar de seu, com mais de 100.000 pessoas na Paulista e quantidade semelhante na Esplanada dos Minist\u00e9rios. Ele se colocou como o l\u00edder inconteste de uma singular subleva\u00e7\u00e3o do governo contra o estado, afirmando que n\u00e3o reconhece mais a autoridade do STF. Ou seja, ele assumiu para o mundo que est\u00e1 em rota de colis\u00e3o com o que restou da institucionalidade da vida pol\u00edtica brasileira. Seus apoiadores sa\u00edram desse dia com sua identifica\u00e7\u00e3o refor\u00e7ada e compreendendo-se como protagonistas de uma insurrei\u00e7\u00e3o popular que de fato est\u00e1 a ocorrer, mesmo que com sinais trocados. Uma insurrei\u00e7\u00e3o que mostra a for\u00e7a do fascismo brasileiro.<\/p>\n<figure id=\"attachment_8701\" aria-describedby=\"caption-attachment-8701\" style=\"width: 1500px\" class=\"wp-caption alignnone\"><img loading=\"lazy\" decoding=\"async\" class=\"size-full wp-image-8701\" src=\"https:\/\/renatodias.online\/movimento\/wp-content\/uploads\/2021\/08\/Alexandre-de-Moraes-STF.jpg\" alt=\"\" width=\"1500\" height=\"1000\" \/><figcaption id=\"caption-attachment-8701\" class=\"wp-caption-text\"><strong>Ministro do STF, Alexandre de Moraes<\/strong><\/figcaption><\/figure>\n<p>De nada adianta falar que essa manifesta\u00e7\u00e3o \u201cflopou\u201d, que estavam presentes apenas 6% do esperado. Uma insurrei\u00e7\u00e3o nunca precisou da maioria da popula\u00e7\u00e3o para impor sua vontade. Ela precisa de uma minoria substantiva, aguerrida, unificada e intimidadora, pois potencialmente armada. Bolsonaro tem as quatro condi\u00e7\u00f5es, al\u00e9m do apoio inconteste das Pol\u00edcias Militares e das For\u00e7as Armadas, que por nada nesse mundo, mas absolutamente nada ir\u00e1 deixar um governo que lhe promete sal\u00e1rios de at\u00e9 126.000 reais. Aqueles que se comprazem acreditando que o verdadeiro apoio de Bolsonaro \u00e9 12% s\u00e3o os que normalmente fazem de tudo para que n\u00f3s n\u00e3o fa\u00e7amos nada. Mas para quem quiser de fato encarar o que est\u00e1 a ocorrer no Brasil, n\u00e3o h\u00e1 nada mais a dizer do que \u201co golpe come\u00e7ou\u201d. A manifesta\u00e7\u00e3o do 7 de setembro marcou uma clara ruptura no interior do governo Bolsonaro. De fato, acerta quem diz que o governo acabou. Mas isso significa apenas que Bolsonaro pode agora abandonar a m\u00e1scara de governo e assumir a c\u00e9u aberto o que esse \u201cgoverno\u201d sempre foi, desde seu primeiro dia, a saber, um movimento, uma din\u00e2mica de ruptura que se serve da estrutura do governo para ampliar-se e ganhar for\u00e7a.<\/p>\n<figure id=\"attachment_8217\" aria-describedby=\"caption-attachment-8217\" style=\"width: 750px\" class=\"wp-caption aligncenter\"><img loading=\"lazy\" decoding=\"async\" class=\"size-full wp-image-8217\" src=\"https:\/\/renatodias.online\/movimento\/wp-content\/uploads\/2021\/08\/Fora-Bolsonaro-e1629545953248.jpg\" alt=\"\" width=\"750\" height=\"500\" \/><figcaption id=\"caption-attachment-8217\" class=\"wp-caption-text\"><strong>Fora Bolsonaro<\/strong><\/figcaption><\/figure>\n<p>Assim, ele pode fortalecer seu n\u00facleo duro, transformar eleitores em fi\u00e9is seguidores sem precisar ter entregue nada que um governo normalmente entregaria, sequer a prote\u00e7\u00e3o contra a morte violenta produzida por uma pandemia descontrolada. Nunca um presidente falou ao povo, em seu momento de maior tens\u00e3o, que partilhava abertamente o desejo de romper e ignorar uma institucionalidade que \u00e9 simplesmente a representa\u00e7\u00e3o dos cl\u00e1ssicos interesses olig\u00e1rquicos das elites brasileiras. Infelizmente, que o \u201cpovo\u201d em quest\u00e3o era a massa dos que sonham com interven\u00e7\u00f5es militares, que amam torturadores, que abra\u00e7am a bandeira nacional para esconder sua hist\u00f3ria infame de racismos e genoc\u00eddios, isso era algo que poucos poderiam imaginar. Por outro lado, por mais que certos setores do empresariado nacional simulem desconforto com sua presen\u00e7a, o que realmente conta \u00e9 que Bolsonaro entrega a eles tudo o que promete, sabe preservar seus ganhos como ningu\u00e9m, luta por aprofundar a espolia\u00e7\u00e3o da classe trabalhadora sem temer o que quer que seja.<\/p>\n<figure id=\"attachment_7378\" aria-describedby=\"caption-attachment-7378\" style=\"width: 1170px\" class=\"wp-caption alignnone\"><img loading=\"lazy\" decoding=\"async\" class=\"size-full wp-image-7378\" src=\"https:\/\/renatodias.online\/movimento\/wp-content\/uploads\/2021\/06\/Carlos-Alberto-Brilhante-Ustra-_-1.jpg\" alt=\"\" width=\"1170\" height=\"700\" \/><figcaption id=\"caption-attachment-7378\" class=\"wp-caption-text\"><strong>Coronel Carlos Alberto Brilhante Ustra<\/strong><\/figcaption><\/figure>\n<p>N\u00e3o por outra raz\u00e3o, seu 7 de setembro foi precedido por manifestos de empres\u00e1rios defendendo a \u201cliberdade\u201d: nova senha para o \u201cdireito\u201d de intimida\u00e7\u00e3o e de amea\u00e7a. Enquanto isso, a oposi\u00e7\u00e3o brasileira acha que ainda estamos no terreno dos embates pol\u00edticos. Ela prepara-se para elei\u00e7\u00f5es, finge sonhar com frentes amplas esquecendo que, desde o fim da ditadura, sempre fomos governados por frentes amplas e vejam onde chegamos. Todos os governos eram alian\u00e7as \u201cda esquerda \u00e0 direita\u201d. N\u00e3o foi por falta de frente ampla que estamos nessa situa\u00e7\u00e3o. O c\u00e1lculo simplesmente n\u00e3o \u00e9 este.\u00a0 A esquerda precisa entender de uma vez por todas a natureza do embate, ouvir aqueles mais dispostos ao confronto, esses que n\u00e3o tiveram medo de ir para a rua hoje, e assumir uma l\u00f3gica de polariza\u00e7\u00e3o. Isso implica que ela precisa mobilizar a partir da sua pr\u00f3pria no\u00e7\u00e3o de ruptura, em alto e bom som. Uma ruptura contra outra. N\u00e3o h\u00e1 mais nada a salvar ou a preservar nesse pa\u00eds. Ele acabou. Um pa\u00eds cuja data de sua independ\u00eancia \u00e9 comemorada dessa forma simplesmente acabou. Se for para lutar, que n\u00e3o seja para salv\u00e1-lo, mas para criar outro.<\/p>\n<figure id=\"attachment_6879\" aria-describedby=\"caption-attachment-6879\" style=\"width: 1273px\" class=\"wp-caption alignnone\"><img loading=\"lazy\" decoding=\"async\" class=\"size-full wp-image-6879\" src=\"https:\/\/renatodias.online\/movimento\/wp-content\/uploads\/2021\/06\/Vladimir-Safatle-_-1.jpg\" alt=\"\" width=\"1273\" height=\"941\" \/><figcaption id=\"caption-attachment-6879\" class=\"wp-caption-text\"><strong>Vladimir Safatle<\/strong><\/figcaption><\/figure>\n","protected":false},"excerpt":{"rendered":"<p>O golpe come\u00e7ou Uma insurrei\u00e7\u00e3o nunca precisou da maioria da popula\u00e7\u00e3o para impor sua vontade. Ela precisa de uma minoria substantiva, aguerrida, unificada e intimidadora, pois potencialmente armada Vladimir Safatle Do El Pa\u00eds &nbsp; Quem conhece a hist\u00f3ria do fascismo italiano sabe a quantidade inumer\u00e1vel de vezes que Mussolini, em sua ascens\u00e3o ao poder, foi<\/p>\n","protected":false},"author":2,"featured_media":8905,"comment_status":"open","ping_status":"open","sticky":false,"template":"","format":"standard","meta":{"_acf_changed":false,"_monsterinsights_skip_tracking":false,"_monsterinsights_sitenote_active":false,"_monsterinsights_sitenote_note":"","_monsterinsights_sitenote_category":0,"footnotes":""},"categories":[83],"tags":[],"class_list":["post-8923","post","type-post","status-publish","format-standard","has-post-thumbnail","hentry","category-opiniao"],"acf":[],"yoast_head":"<!-- This site is optimized with the Yoast SEO plugin v27.4 - https:\/\/yoast.com\/product\/yoast-seo-wordpress\/ -->\n<title>O golpe come\u00e7ou? -<\/title>\n<meta name=\"robots\" content=\"index, follow, max-snippet:-1, max-image-preview:large, max-video-preview:-1\" \/>\n<link rel=\"canonical\" href=\"https:\/\/renatodias.online\/movimento\/2021\/09\/11\/o-golpe-comecou\/\" \/>\n<meta property=\"og:locale\" content=\"pt_BR\" \/>\n<meta property=\"og:type\" content=\"article\" \/>\n<meta property=\"og:title\" content=\"O golpe come\u00e7ou? -\" \/>\n<meta property=\"og:description\" content=\"O golpe come\u00e7ou Uma insurrei\u00e7\u00e3o nunca precisou da maioria da popula\u00e7\u00e3o para impor sua vontade. Ela precisa de uma minoria substantiva, aguerrida, unificada e intimidadora, pois potencialmente armada Vladimir Safatle Do El Pa\u00eds &nbsp; Quem conhece a hist\u00f3ria do fascismo italiano sabe a quantidade inumer\u00e1vel de vezes que Mussolini, em sua ascens\u00e3o ao poder, foi\" \/>\n<meta property=\"og:url\" content=\"https:\/\/renatodias.online\/movimento\/2021\/09\/11\/o-golpe-comecou\/\" \/>\n<meta property=\"article:publisher\" content=\"https:\/\/www.facebook.com\/renato.dias.37\" \/>\n<meta property=\"article:author\" content=\"https:\/\/www.facebook.com\/renato.dias.37\" \/>\n<meta property=\"article:published_time\" content=\"2021-09-11T17:29:16+00:00\" \/>\n<meta property=\"og:image\" content=\"https:\/\/renatodias.online\/movimento\/wp-content\/uploads\/2021\/09\/7-de-setembro-de-2021-e1631381025190.jpg\" \/>\n\t<meta property=\"og:image:width\" content=\"300\" \/>\n\t<meta property=\"og:image:height\" content=\"225\" \/>\n\t<meta property=\"og:image:type\" content=\"image\/jpeg\" \/>\n<meta name=\"author\" content=\"Renato Dias\" \/>\n<meta name=\"twitter:card\" content=\"summary_large_image\" \/>\n<meta name=\"twitter:creator\" content=\"@RenatoDiasBat\" \/>\n<meta name=\"twitter:site\" content=\"@RenatoDiasBat\" \/>\n<meta name=\"twitter:label1\" content=\"Escrito por\" \/>\n\t<meta name=\"twitter:data1\" content=\"Renato Dias\" \/>\n\t<meta name=\"twitter:label2\" content=\"Est. tempo de leitura\" \/>\n\t<meta name=\"twitter:data2\" content=\"5 minutos\" \/>\n<script type=\"application\/ld+json\" class=\"yoast-schema-graph\">{\"@context\":\"https:\\\/\\\/schema.org\",\"@graph\":[{\"@type\":\"Article\",\"@id\":\"https:\\\/\\\/renatodias.online\\\/movimento\\\/2021\\\/09\\\/11\\\/o-golpe-comecou\\\/#article\",\"isPartOf\":{\"@id\":\"https:\\\/\\\/renatodias.online\\\/movimento\\\/2021\\\/09\\\/11\\\/o-golpe-comecou\\\/\"},\"author\":{\"name\":\"Renato Dias\",\"@id\":\"https:\\\/\\\/renatodias.online\\\/movimento\\\/#\\\/schema\\\/person\\\/bbab28833b1725a20f4083f49f1fb2a9\"},\"headline\":\"O golpe come\u00e7ou?\",\"datePublished\":\"2021-09-11T17:29:16+00:00\",\"mainEntityOfPage\":{\"@id\":\"https:\\\/\\\/renatodias.online\\\/movimento\\\/2021\\\/09\\\/11\\\/o-golpe-comecou\\\/\"},\"wordCount\":1049,\"commentCount\":0,\"publisher\":{\"@id\":\"https:\\\/\\\/renatodias.online\\\/movimento\\\/#\\\/schema\\\/person\\\/bbab28833b1725a20f4083f49f1fb2a9\"},\"image\":{\"@id\":\"https:\\\/\\\/renatodias.online\\\/movimento\\\/2021\\\/09\\\/11\\\/o-golpe-comecou\\\/#primaryimage\"},\"thumbnailUrl\":\"https:\\\/\\\/renatodias.online\\\/movimento\\\/wp-content\\\/uploads\\\/2021\\\/09\\\/7-de-setembro-de-2021-e1631381025190.jpg\",\"articleSection\":[\"Opini\u00e3o\"],\"inLanguage\":\"pt-BR\",\"potentialAction\":[{\"@type\":\"CommentAction\",\"name\":\"Comment\",\"target\":[\"https:\\\/\\\/renatodias.online\\\/movimento\\\/2021\\\/09\\\/11\\\/o-golpe-comecou\\\/#respond\"]}]},{\"@type\":\"WebPage\",\"@id\":\"https:\\\/\\\/renatodias.online\\\/movimento\\\/2021\\\/09\\\/11\\\/o-golpe-comecou\\\/\",\"url\":\"https:\\\/\\\/renatodias.online\\\/movimento\\\/2021\\\/09\\\/11\\\/o-golpe-comecou\\\/\",\"name\":\"O golpe come\u00e7ou? -\",\"isPartOf\":{\"@id\":\"https:\\\/\\\/renatodias.online\\\/movimento\\\/#website\"},\"primaryImageOfPage\":{\"@id\":\"https:\\\/\\\/renatodias.online\\\/movimento\\\/2021\\\/09\\\/11\\\/o-golpe-comecou\\\/#primaryimage\"},\"image\":{\"@id\":\"https:\\\/\\\/renatodias.online\\\/movimento\\\/2021\\\/09\\\/11\\\/o-golpe-comecou\\\/#primaryimage\"},\"thumbnailUrl\":\"https:\\\/\\\/renatodias.online\\\/movimento\\\/wp-content\\\/uploads\\\/2021\\\/09\\\/7-de-setembro-de-2021-e1631381025190.jpg\",\"datePublished\":\"2021-09-11T17:29:16+00:00\",\"breadcrumb\":{\"@id\":\"https:\\\/\\\/renatodias.online\\\/movimento\\\/2021\\\/09\\\/11\\\/o-golpe-comecou\\\/#breadcrumb\"},\"inLanguage\":\"pt-BR\",\"potentialAction\":[{\"@type\":\"ReadAction\",\"target\":[\"https:\\\/\\\/renatodias.online\\\/movimento\\\/2021\\\/09\\\/11\\\/o-golpe-comecou\\\/\"]}]},{\"@type\":\"ImageObject\",\"inLanguage\":\"pt-BR\",\"@id\":\"https:\\\/\\\/renatodias.online\\\/movimento\\\/2021\\\/09\\\/11\\\/o-golpe-comecou\\\/#primaryimage\",\"url\":\"https:\\\/\\\/renatodias.online\\\/movimento\\\/wp-content\\\/uploads\\\/2021\\\/09\\\/7-de-setembro-de-2021-e1631381025190.jpg\",\"contentUrl\":\"https:\\\/\\\/renatodias.online\\\/movimento\\\/wp-content\\\/uploads\\\/2021\\\/09\\\/7-de-setembro-de-2021-e1631381025190.jpg\",\"width\":300,\"height\":225,\"caption\":\"7 de setembro de 2021\"},{\"@type\":\"BreadcrumbList\",\"@id\":\"https:\\\/\\\/renatodias.online\\\/movimento\\\/2021\\\/09\\\/11\\\/o-golpe-comecou\\\/#breadcrumb\",\"itemListElement\":[{\"@type\":\"ListItem\",\"position\":1,\"name\":\"In\u00edcio\",\"item\":\"https:\\\/\\\/renatodias.online\\\/movimento\\\/\"},{\"@type\":\"ListItem\",\"position\":2,\"name\":\"O golpe come\u00e7ou?\"}]},{\"@type\":\"WebSite\",\"@id\":\"https:\\\/\\\/renatodias.online\\\/movimento\\\/#website\",\"url\":\"https:\\\/\\\/renatodias.online\\\/movimento\\\/\",\"name\":\"\",\"description\":\"\",\"publisher\":{\"@id\":\"https:\\\/\\\/renatodias.online\\\/movimento\\\/#\\\/schema\\\/person\\\/bbab28833b1725a20f4083f49f1fb2a9\"},\"potentialAction\":[{\"@type\":\"SearchAction\",\"target\":{\"@type\":\"EntryPoint\",\"urlTemplate\":\"https:\\\/\\\/renatodias.online\\\/movimento\\\/?s={search_term_string}\"},\"query-input\":{\"@type\":\"PropertyValueSpecification\",\"valueRequired\":true,\"valueName\":\"search_term_string\"}}],\"inLanguage\":\"pt-BR\"},{\"@type\":[\"Person\",\"Organization\"],\"@id\":\"https:\\\/\\\/renatodias.online\\\/movimento\\\/#\\\/schema\\\/person\\\/bbab28833b1725a20f4083f49f1fb2a9\",\"name\":\"Renato Dias\",\"image\":{\"@type\":\"ImageObject\",\"inLanguage\":\"pt-BR\",\"@id\":\"https:\\\/\\\/renatodias.online\\\/movimento\\\/wp-content\\\/uploads\\\/2023\\\/03\\\/cropped-cropped-cropped-logofinal.jpeg\",\"url\":\"https:\\\/\\\/renatodias.online\\\/movimento\\\/wp-content\\\/uploads\\\/2023\\\/03\\\/cropped-cropped-cropped-logofinal.jpeg\",\"contentUrl\":\"https:\\\/\\\/renatodias.online\\\/movimento\\\/wp-content\\\/uploads\\\/2023\\\/03\\\/cropped-cropped-cropped-logofinal.jpeg\",\"width\":1280,\"height\":219,\"caption\":\"Renato Dias\"},\"logo\":{\"@id\":\"https:\\\/\\\/renatodias.online\\\/movimento\\\/wp-content\\\/uploads\\\/2023\\\/03\\\/cropped-cropped-cropped-logofinal.jpeg\"},\"description\":\"Renato Dias, 58 anos, \u00e9 graduado em Jornalismo, formado em Ci\u00eancias Sociais, com p\u00f3s-gradua\u00e7\u00e3o em Pol\u00edticas P\u00fablicas, mestre em Direito e Rela\u00e7\u00f5es Internacionais, ex-aluno extraordin\u00e1rio do Doutorado em Psicologia Social, ex-estudante do Curso de Psican\u00e1lise do Centro de Estudos Psicanal\u00edticos do Estado de Goi\u00e1s, ministrado pelo m\u00e9dico psiquiatra e psicanalista Daniel Em\u00eddio de Souza. \u00c9 autor de 30 livros-reportagem, oito document\u00e1rios, ganhou 30 pr\u00eamios e \u00e9 torcedor apaixonado do maior do Centro-Oeste, o Vila Nova Futebol Clube. Casado com Meirilane Dias, \u00e9 pai de Juliana Dias, jornalista; Daniel Dias, economista; e Maria Rosa Dias, estudante antifascista, socialista e trotskista.\u00a0Com tr\u00eas pets: Porquinho [Bull Dog Franc\u00eas], Dalila [Basset Hound] e Geleia [Basset Hound]. Al\u00e9m do eterno gato Tutuquinho, que virou estrela.\",\"sameAs\":[\"https:\\\/\\\/www.facebook.com\\\/renato.dias.37\",\"#breve\",\"https:\\\/\\\/renatodias.tumblr.com\\\/\"],\"url\":\"https:\\\/\\\/renatodias.online\\\/movimento\\\/author\\\/renatodias\\\/\"}]}<\/script>\n<!-- \/ Yoast SEO plugin. -->","yoast_head_json":{"title":"O golpe come\u00e7ou? -","robots":{"index":"index","follow":"follow","max-snippet":"max-snippet:-1","max-image-preview":"max-image-preview:large","max-video-preview":"max-video-preview:-1"},"canonical":"https:\/\/renatodias.online\/movimento\/2021\/09\/11\/o-golpe-comecou\/","og_locale":"pt_BR","og_type":"article","og_title":"O golpe come\u00e7ou? -","og_description":"O golpe come\u00e7ou Uma insurrei\u00e7\u00e3o nunca precisou da maioria da popula\u00e7\u00e3o para impor sua vontade. Ela precisa de uma minoria substantiva, aguerrida, unificada e intimidadora, pois potencialmente armada Vladimir Safatle Do El Pa\u00eds &nbsp; Quem conhece a hist\u00f3ria do fascismo italiano sabe a quantidade inumer\u00e1vel de vezes que Mussolini, em sua ascens\u00e3o ao poder, foi","og_url":"https:\/\/renatodias.online\/movimento\/2021\/09\/11\/o-golpe-comecou\/","article_publisher":"https:\/\/www.facebook.com\/renato.dias.37","article_author":"https:\/\/www.facebook.com\/renato.dias.37","article_published_time":"2021-09-11T17:29:16+00:00","og_image":[{"width":300,"height":225,"url":"https:\/\/renatodias.online\/movimento\/wp-content\/uploads\/2021\/09\/7-de-setembro-de-2021-e1631381025190.jpg","type":"image\/jpeg"}],"author":"Renato Dias","twitter_card":"summary_large_image","twitter_creator":"@RenatoDiasBat","twitter_site":"@RenatoDiasBat","twitter_misc":{"Escrito por":"Renato Dias","Est. tempo de leitura":"5 minutos"},"schema":{"@context":"https:\/\/schema.org","@graph":[{"@type":"Article","@id":"https:\/\/renatodias.online\/movimento\/2021\/09\/11\/o-golpe-comecou\/#article","isPartOf":{"@id":"https:\/\/renatodias.online\/movimento\/2021\/09\/11\/o-golpe-comecou\/"},"author":{"name":"Renato Dias","@id":"https:\/\/renatodias.online\/movimento\/#\/schema\/person\/bbab28833b1725a20f4083f49f1fb2a9"},"headline":"O golpe come\u00e7ou?","datePublished":"2021-09-11T17:29:16+00:00","mainEntityOfPage":{"@id":"https:\/\/renatodias.online\/movimento\/2021\/09\/11\/o-golpe-comecou\/"},"wordCount":1049,"commentCount":0,"publisher":{"@id":"https:\/\/renatodias.online\/movimento\/#\/schema\/person\/bbab28833b1725a20f4083f49f1fb2a9"},"image":{"@id":"https:\/\/renatodias.online\/movimento\/2021\/09\/11\/o-golpe-comecou\/#primaryimage"},"thumbnailUrl":"https:\/\/renatodias.online\/movimento\/wp-content\/uploads\/2021\/09\/7-de-setembro-de-2021-e1631381025190.jpg","articleSection":["Opini\u00e3o"],"inLanguage":"pt-BR","potentialAction":[{"@type":"CommentAction","name":"Comment","target":["https:\/\/renatodias.online\/movimento\/2021\/09\/11\/o-golpe-comecou\/#respond"]}]},{"@type":"WebPage","@id":"https:\/\/renatodias.online\/movimento\/2021\/09\/11\/o-golpe-comecou\/","url":"https:\/\/renatodias.online\/movimento\/2021\/09\/11\/o-golpe-comecou\/","name":"O golpe come\u00e7ou? -","isPartOf":{"@id":"https:\/\/renatodias.online\/movimento\/#website"},"primaryImageOfPage":{"@id":"https:\/\/renatodias.online\/movimento\/2021\/09\/11\/o-golpe-comecou\/#primaryimage"},"image":{"@id":"https:\/\/renatodias.online\/movimento\/2021\/09\/11\/o-golpe-comecou\/#primaryimage"},"thumbnailUrl":"https:\/\/renatodias.online\/movimento\/wp-content\/uploads\/2021\/09\/7-de-setembro-de-2021-e1631381025190.jpg","datePublished":"2021-09-11T17:29:16+00:00","breadcrumb":{"@id":"https:\/\/renatodias.online\/movimento\/2021\/09\/11\/o-golpe-comecou\/#breadcrumb"},"inLanguage":"pt-BR","potentialAction":[{"@type":"ReadAction","target":["https:\/\/renatodias.online\/movimento\/2021\/09\/11\/o-golpe-comecou\/"]}]},{"@type":"ImageObject","inLanguage":"pt-BR","@id":"https:\/\/renatodias.online\/movimento\/2021\/09\/11\/o-golpe-comecou\/#primaryimage","url":"https:\/\/renatodias.online\/movimento\/wp-content\/uploads\/2021\/09\/7-de-setembro-de-2021-e1631381025190.jpg","contentUrl":"https:\/\/renatodias.online\/movimento\/wp-content\/uploads\/2021\/09\/7-de-setembro-de-2021-e1631381025190.jpg","width":300,"height":225,"caption":"7 de setembro de 2021"},{"@type":"BreadcrumbList","@id":"https:\/\/renatodias.online\/movimento\/2021\/09\/11\/o-golpe-comecou\/#breadcrumb","itemListElement":[{"@type":"ListItem","position":1,"name":"In\u00edcio","item":"https:\/\/renatodias.online\/movimento\/"},{"@type":"ListItem","position":2,"name":"O golpe come\u00e7ou?"}]},{"@type":"WebSite","@id":"https:\/\/renatodias.online\/movimento\/#website","url":"https:\/\/renatodias.online\/movimento\/","name":"","description":"","publisher":{"@id":"https:\/\/renatodias.online\/movimento\/#\/schema\/person\/bbab28833b1725a20f4083f49f1fb2a9"},"potentialAction":[{"@type":"SearchAction","target":{"@type":"EntryPoint","urlTemplate":"https:\/\/renatodias.online\/movimento\/?s={search_term_string}"},"query-input":{"@type":"PropertyValueSpecification","valueRequired":true,"valueName":"search_term_string"}}],"inLanguage":"pt-BR"},{"@type":["Person","Organization"],"@id":"https:\/\/renatodias.online\/movimento\/#\/schema\/person\/bbab28833b1725a20f4083f49f1fb2a9","name":"Renato Dias","image":{"@type":"ImageObject","inLanguage":"pt-BR","@id":"https:\/\/renatodias.online\/movimento\/wp-content\/uploads\/2023\/03\/cropped-cropped-cropped-logofinal.jpeg","url":"https:\/\/renatodias.online\/movimento\/wp-content\/uploads\/2023\/03\/cropped-cropped-cropped-logofinal.jpeg","contentUrl":"https:\/\/renatodias.online\/movimento\/wp-content\/uploads\/2023\/03\/cropped-cropped-cropped-logofinal.jpeg","width":1280,"height":219,"caption":"Renato Dias"},"logo":{"@id":"https:\/\/renatodias.online\/movimento\/wp-content\/uploads\/2023\/03\/cropped-cropped-cropped-logofinal.jpeg"},"description":"Renato Dias, 58 anos, \u00e9 graduado em Jornalismo, formado em Ci\u00eancias Sociais, com p\u00f3s-gradua\u00e7\u00e3o em Pol\u00edticas P\u00fablicas, mestre em Direito e Rela\u00e7\u00f5es Internacionais, ex-aluno extraordin\u00e1rio do Doutorado em Psicologia Social, ex-estudante do Curso de Psican\u00e1lise do Centro de Estudos Psicanal\u00edticos do Estado de Goi\u00e1s, ministrado pelo m\u00e9dico psiquiatra e psicanalista Daniel Em\u00eddio de Souza. \u00c9 autor de 30 livros-reportagem, oito document\u00e1rios, ganhou 30 pr\u00eamios e \u00e9 torcedor apaixonado do maior do Centro-Oeste, o Vila Nova Futebol Clube. Casado com Meirilane Dias, \u00e9 pai de Juliana Dias, jornalista; Daniel Dias, economista; e Maria Rosa Dias, estudante antifascista, socialista e trotskista.\u00a0Com tr\u00eas pets: Porquinho [Bull Dog Franc\u00eas], Dalila [Basset Hound] e Geleia [Basset Hound]. Al\u00e9m do eterno gato Tutuquinho, que virou estrela.","sameAs":["https:\/\/www.facebook.com\/renato.dias.37","#breve","https:\/\/renatodias.tumblr.com\/"],"url":"https:\/\/renatodias.online\/movimento\/author\/renatodias\/"}]}},"_links":{"self":[{"href":"https:\/\/renatodias.online\/movimento\/wp-json\/wp\/v2\/posts\/8923","targetHints":{"allow":["GET"]}}],"collection":[{"href":"https:\/\/renatodias.online\/movimento\/wp-json\/wp\/v2\/posts"}],"about":[{"href":"https:\/\/renatodias.online\/movimento\/wp-json\/wp\/v2\/types\/post"}],"author":[{"embeddable":true,"href":"https:\/\/renatodias.online\/movimento\/wp-json\/wp\/v2\/users\/2"}],"replies":[{"embeddable":true,"href":"https:\/\/renatodias.online\/movimento\/wp-json\/wp\/v2\/comments?post=8923"}],"version-history":[{"count":1,"href":"https:\/\/renatodias.online\/movimento\/wp-json\/wp\/v2\/posts\/8923\/revisions"}],"predecessor-version":[{"id":8924,"href":"https:\/\/renatodias.online\/movimento\/wp-json\/wp\/v2\/posts\/8923\/revisions\/8924"}],"wp:featuredmedia":[{"embeddable":true,"href":"https:\/\/renatodias.online\/movimento\/wp-json\/wp\/v2\/media\/8905"}],"wp:attachment":[{"href":"https:\/\/renatodias.online\/movimento\/wp-json\/wp\/v2\/media?parent=8923"}],"wp:term":[{"taxonomy":"category","embeddable":true,"href":"https:\/\/renatodias.online\/movimento\/wp-json\/wp\/v2\/categories?post=8923"},{"taxonomy":"post_tag","embeddable":true,"href":"https:\/\/renatodias.online\/movimento\/wp-json\/wp\/v2\/tags?post=8923"}],"curies":[{"name":"wp","href":"https:\/\/api.w.org\/{rel}","templated":true}]}}