{"id":8907,"date":"2021-09-11T13:59:32","date_gmt":"2021-09-11T16:59:32","guid":{"rendered":"https:\/\/renatodias.online\/movimento\/?p=8907"},"modified":"2021-09-11T13:59:32","modified_gmt":"2021-09-11T16:59:32","slug":"era-do-medo-multidao-da-desordem","status":"publish","type":"post","link":"https:\/\/renatodias.online\/movimento\/2021\/09\/11\/era-do-medo-multidao-da-desordem\/","title":{"rendered":"Era do medo: multid\u00e3o da desordem"},"content":{"rendered":"<figure id=\"attachment_8904\" aria-describedby=\"caption-attachment-8904\" style=\"width: 1280px\" class=\"wp-caption alignnone\"><img loading=\"lazy\" decoding=\"async\" class=\"size-full wp-image-8904\" src=\"https:\/\/renatodias.online\/movimento\/wp-content\/uploads\/2021\/09\/Jair-Messias-7-de-setembro.jpg\" alt=\"\" width=\"1280\" height=\"680\" srcset=\"https:\/\/renatodias.online\/movimento\/wp-content\/uploads\/2021\/09\/Jair-Messias-7-de-setembro.jpg 1280w, https:\/\/renatodias.online\/movimento\/wp-content\/uploads\/2021\/09\/Jair-Messias-7-de-setembro-300x159.jpg 300w, https:\/\/renatodias.online\/movimento\/wp-content\/uploads\/2021\/09\/Jair-Messias-7-de-setembro-768x408.jpg 768w, https:\/\/renatodias.online\/movimento\/wp-content\/uploads\/2021\/09\/Jair-Messias-7-de-setembro-750x398.jpg 750w\" sizes=\"auto, (max-width: 1280px) 100vw, 1280px\" \/><figcaption id=\"caption-attachment-8904\" class=\"wp-caption-text\">Jair Messias Bolsonaro &#8211; 7 de setembro<\/figcaption><\/figure>\n<h1 style=\"text-align: center;\"><span style=\"color: #99cc00;\"><strong>Era do medo: multid\u00e3o da desordem<\/strong><\/span><\/h1>\n<p><strong> <img loading=\"lazy\" decoding=\"async\" class=\"alignnone size-full wp-image-8454\" src=\"https:\/\/renatodias.online\/movimento\/wp-content\/uploads\/2021\/08\/Explosivo-especial.png\" alt=\"\" width=\"1000\" height=\"1000\" \/><\/strong><\/p>\n<h1 style=\"text-align: center;\"><span style=\"color: #008000;\"><strong>A loucura raivosa coletiva<\/strong><\/span><\/h1>\n<figure id=\"attachment_8909\" aria-describedby=\"caption-attachment-8909\" style=\"width: 1323px\" class=\"wp-caption alignnone\"><img loading=\"lazy\" decoding=\"async\" class=\"size-full wp-image-8909\" src=\"https:\/\/renatodias.online\/movimento\/wp-content\/uploads\/2021\/09\/Jose-de-Souza-Martins-_-1.jpg\" alt=\"\" width=\"1323\" height=\"1660\" srcset=\"https:\/\/renatodias.online\/movimento\/wp-content\/uploads\/2021\/09\/Jose-de-Souza-Martins-_-1.jpg 1323w, https:\/\/renatodias.online\/movimento\/wp-content\/uploads\/2021\/09\/Jose-de-Souza-Martins-_-1-239x300.jpg 239w, https:\/\/renatodias.online\/movimento\/wp-content\/uploads\/2021\/09\/Jose-de-Souza-Martins-_-1-816x1024.jpg 816w, https:\/\/renatodias.online\/movimento\/wp-content\/uploads\/2021\/09\/Jose-de-Souza-Martins-_-1-768x964.jpg 768w, https:\/\/renatodias.online\/movimento\/wp-content\/uploads\/2021\/09\/Jose-de-Souza-Martins-_-1-1224x1536.jpg 1224w, https:\/\/renatodias.online\/movimento\/wp-content\/uploads\/2021\/09\/Jose-de-Souza-Martins-_-1-750x941.jpg 750w\" sizes=\"auto, (max-width: 1323px) 100vw, 1323px\" \/><figcaption id=\"caption-attachment-8909\" class=\"wp-caption-text\"><strong>Jos\u00e9 de Souza Martins<\/strong><\/figcaption><\/figure>\n<h1 style=\"text-align: center;\"><span style=\"color: #ff0000;\"><strong>O que pensa Jos\u00e9 de Souza Martins<\/strong><\/span><\/h1>\n<p><strong>\u00a0<\/strong><strong>Renato Dias<\/strong><\/p>\n<p>A Era do Medo. Assim ser\u00e1 registrada pela Hist\u00f3ria Contempor\u00e2nea a Era Jair Messias Bolsonaro, no Brasil. A an\u00e1lise \u00e9 do soci\u00f3logo Jos\u00e9 de Souza Martins. Um mix da Pandemia do Coronav\u00edrus Covid 19, da corros\u00e3o identit\u00e1ria e da democracia de baixo d\u00e9ficit de intensidade. \u00c0 beira do abismo, observa.<\/p>\n<figure id=\"attachment_8248\" aria-describedby=\"caption-attachment-8248\" style=\"width: 1170px\" class=\"wp-caption alignnone\"><img loading=\"lazy\" decoding=\"async\" class=\"size-full wp-image-8248\" src=\"https:\/\/renatodias.online\/movimento\/wp-content\/uploads\/2021\/08\/Variante-Delta.jpg\" alt=\"\" width=\"1170\" height=\"700\" srcset=\"https:\/\/renatodias.online\/movimento\/wp-content\/uploads\/2021\/08\/Variante-Delta.jpg 1170w, https:\/\/renatodias.online\/movimento\/wp-content\/uploads\/2021\/08\/Variante-Delta-300x179.jpg 300w, https:\/\/renatodias.online\/movimento\/wp-content\/uploads\/2021\/08\/Variante-Delta-768x459.jpg 768w, https:\/\/renatodias.online\/movimento\/wp-content\/uploads\/2021\/08\/Variante-Delta-750x449.jpg 750w\" sizes=\"auto, (max-width: 1170px) 100vw, 1170px\" \/><figcaption id=\"caption-attachment-8248\" class=\"wp-caption-text\"><strong>Variante Delta<\/strong><\/figcaption><\/figure>\n<p>Levantamento sociol\u00f3gico realizado pelo pesquisador mostra o Brasil no topo do ranking nacional em linchamentos. A m\u00e9dia \u00e9 de um por dia. O centro, hoje, \u00e9 na Regi\u00e3o Norte do Pa\u00eds, Estado do Amazonas, capital Manaus, narra. \u00c9 classificado como crime de multid\u00e3o. Il\u00edcito executado por pessoas que t\u00eam medo.<\/p>\n<figure id=\"attachment_6447\" aria-describedby=\"caption-attachment-6447\" style=\"width: 800px\" class=\"wp-caption alignnone\"><img loading=\"lazy\" decoding=\"async\" class=\"size-full wp-image-6447\" src=\"https:\/\/renatodias.online\/movimento\/wp-content\/uploads\/2021\/05\/Desemprego.jpg\" alt=\"\" width=\"800\" height=\"534\" \/><figcaption id=\"caption-attachment-6447\" class=\"wp-caption-text\"><strong>A crise: o desemprego<\/strong><\/figcaption><\/figure>\n<p>\u00c9 o crime da ordem sem progresso. Da sociedade do medo, conceitua &#8211; a. O professor doutor Jos\u00e9 de Souza Martins aponta que o Brasil \u00e9 uma sociedade fundada nas escravid\u00f5es. Dos \u00edndios, negros, brancos e mesti\u00e7os exclu\u00eddos dos direitos \u00e0 cidadania no capitalismo tardio, dependente, inconcluso.<\/p>\n<figure id=\"attachment_7031\" aria-describedby=\"caption-attachment-7031\" style=\"width: 2121px\" class=\"wp-caption alignnone\"><img loading=\"lazy\" decoding=\"async\" class=\"size-full wp-image-7031\" src=\"https:\/\/renatodias.online\/movimento\/wp-content\/uploads\/2021\/06\/Negros.jpg\" alt=\"\" width=\"2121\" height=\"1414\" \/><figcaption id=\"caption-attachment-7031\" class=\"wp-caption-text\"><strong>Negros _ A revolta est\u00e1 pr\u00f3xima<\/strong><\/figcaption><\/figure>\n<p>O presidente da Rep\u00fablica, Jair Messias Bolsonaro, desde o primeiro dia do mandato, mobiliza multid\u00f5es com medos, sublinha. O inquilino do Pal\u00e1cio do Planalto \u00e9 ref\u00e9m do medo da democracia e convoca multid\u00f5es raivosas para dar-lhe suporte no poder com projetos autorit\u00e1rios e antidemocr\u00e1ticos, atira.<\/p>\n<figure id=\"attachment_6611\" aria-describedby=\"caption-attachment-6611\" style=\"width: 1200px\" class=\"wp-caption alignnone\"><img loading=\"lazy\" decoding=\"async\" class=\"size-full wp-image-6611\" src=\"https:\/\/renatodias.online\/movimento\/wp-content\/uploads\/2021\/05\/Jair-Messias-Bolsonaro.jpg\" alt=\"\" width=\"1200\" height=\"1500\" \/><figcaption id=\"caption-attachment-6611\" class=\"wp-caption-text\"><strong>Jair Messias Bolsonaro<\/strong><\/figcaption><\/figure>\n<p>A multid\u00e3o n\u00e3o tem car\u00e1ter, \u00e9 sujeito da desordem e do que o intelectual p\u00fablico diagnostica como baderna destrutiva. A multid\u00e3o \u00e9 o sujeito social da loucura coletiva, registra Jos\u00e9 de Souza Martins. \u00c9 c\u00famplice do louco que a simboliza. Como o fascismo e o nazismo. A loucura coletiva produz loucos.<\/p>\n<p><img loading=\"lazy\" decoding=\"async\" class=\"alignnone size-full wp-image-7832\" src=\"https:\/\/renatodias.online\/movimento\/wp-content\/uploads\/2021\/07\/Donald-Trump.jpg\" alt=\"\" width=\"1086\" height=\"652\" srcset=\"https:\/\/renatodias.online\/movimento\/wp-content\/uploads\/2021\/07\/Donald-Trump.jpg 1086w, https:\/\/renatodias.online\/movimento\/wp-content\/uploads\/2021\/07\/Donald-Trump-300x180.jpg 300w, https:\/\/renatodias.online\/movimento\/wp-content\/uploads\/2021\/07\/Donald-Trump-768x461.jpg 768w, https:\/\/renatodias.online\/movimento\/wp-content\/uploads\/2021\/07\/Donald-Trump-750x450.jpg 750w\" sizes=\"auto, (max-width: 1086px) 100vw, 1086px\" \/><\/p>\n<p><strong>Donald Trump<\/strong><\/p>\n<p>&nbsp;<\/p>\n<h1><span style=\"color: #808000;\"><strong>Egocratas<\/strong><\/span><\/h1>\n<p>Como o italiano Benito Mussolini, o artista pl\u00e1stico med\u00edocre Adolf Hitler, o bilion\u00e1rio dos Estados Unidos das Am\u00e9ricas Donald Trump e homens, egocratas, que os copiam. Em suas m\u00faltiplas vers\u00f5es, identidades e CPFs. Como Viktor Orban, Andrej Duda, Recep Erdogan, Narendra Modi e Jair Messias Bolsonaro.<\/p>\n<figure id=\"attachment_8203\" aria-describedby=\"caption-attachment-8203\" style=\"width: 1280px\" class=\"wp-caption alignnone\"><img loading=\"lazy\" decoding=\"async\" class=\"size-full wp-image-8203\" src=\"https:\/\/renatodias.online\/movimento\/wp-content\/uploads\/2021\/07\/Adolf-Hitler.jpg\" alt=\"\" width=\"1280\" height=\"720\" \/><figcaption id=\"caption-attachment-8203\" class=\"wp-caption-text\"><strong>Adolf Hitler<\/strong><\/figcaption><\/figure>\n<p><strong>\u00a0<\/strong><\/p>\n","protected":false},"excerpt":{"rendered":"<p>Era do medo: multid\u00e3o da desordem A loucura raivosa coletiva O que pensa Jos\u00e9 de Souza Martins \u00a0Renato Dias A Era do Medo. Assim ser\u00e1 registrada pela Hist\u00f3ria Contempor\u00e2nea a Era Jair Messias Bolsonaro, no Brasil. A an\u00e1lise \u00e9 do soci\u00f3logo Jos\u00e9 de Souza Martins. Um mix da Pandemia do Coronav\u00edrus Covid 19, da corros\u00e3o<\/p>\n","protected":false},"author":2,"featured_media":8908,"comment_status":"open","ping_status":"open","sticky":false,"template":"","format":"standard","meta":{"_acf_changed":false,"_monsterinsights_skip_tracking":false,"_monsterinsights_sitenote_active":false,"_monsterinsights_sitenote_note":"","_monsterinsights_sitenote_category":0,"footnotes":""},"categories":[4],"tags":[],"class_list":["post-8907","post","type-post","status-publish","format-standard","has-post-thumbnail","hentry","category-politica"],"acf":[],"yoast_head":"<!-- This site is optimized with the Yoast SEO plugin v27.4 - https:\/\/yoast.com\/product\/yoast-seo-wordpress\/ -->\n<title>Era do medo: multid\u00e3o da desordem -<\/title>\n<meta name=\"robots\" content=\"index, follow, max-snippet:-1, max-image-preview:large, max-video-preview:-1\" \/>\n<link rel=\"canonical\" href=\"https:\/\/renatodias.online\/movimento\/2021\/09\/11\/era-do-medo-multidao-da-desordem\/\" \/>\n<meta property=\"og:locale\" content=\"pt_BR\" \/>\n<meta property=\"og:type\" content=\"article\" \/>\n<meta property=\"og:title\" content=\"Era do medo: multid\u00e3o da desordem -\" \/>\n<meta property=\"og:description\" content=\"Era do medo: multid\u00e3o da desordem A loucura raivosa coletiva O que pensa Jos\u00e9 de Souza Martins \u00a0Renato Dias A Era do Medo. Assim ser\u00e1 registrada pela Hist\u00f3ria Contempor\u00e2nea a Era Jair Messias Bolsonaro, no Brasil. A an\u00e1lise \u00e9 do soci\u00f3logo Jos\u00e9 de Souza Martins. Um mix da Pandemia do Coronav\u00edrus Covid 19, da corros\u00e3o\" \/>\n<meta property=\"og:url\" content=\"https:\/\/renatodias.online\/movimento\/2021\/09\/11\/era-do-medo-multidao-da-desordem\/\" \/>\n<meta property=\"article:publisher\" content=\"https:\/\/www.facebook.com\/renato.dias.37\" \/>\n<meta property=\"article:author\" content=\"https:\/\/www.facebook.com\/renato.dias.37\" \/>\n<meta property=\"article:published_time\" content=\"2021-09-11T16:59:32+00:00\" \/>\n<meta property=\"og:image\" content=\"https:\/\/renatodias.online\/movimento\/wp-content\/uploads\/2021\/09\/Jose-de-Souza-Martins-e1631379542733.jpg\" \/>\n\t<meta property=\"og:image:width\" content=\"300\" \/>\n\t<meta property=\"og:image:height\" content=\"169\" \/>\n\t<meta property=\"og:image:type\" content=\"image\/jpeg\" \/>\n<meta name=\"author\" content=\"Renato Dias\" \/>\n<meta name=\"twitter:card\" content=\"summary_large_image\" \/>\n<meta name=\"twitter:creator\" content=\"@RenatoDiasBat\" \/>\n<meta name=\"twitter:site\" content=\"@RenatoDiasBat\" \/>\n<meta name=\"twitter:label1\" content=\"Escrito por\" \/>\n\t<meta name=\"twitter:data1\" content=\"Renato Dias\" \/>\n\t<meta name=\"twitter:label2\" content=\"Est. tempo de leitura\" \/>\n\t<meta name=\"twitter:data2\" content=\"2 minutos\" \/>\n<script type=\"application\/ld+json\" class=\"yoast-schema-graph\">{\"@context\":\"https:\\\/\\\/schema.org\",\"@graph\":[{\"@type\":\"Article\",\"@id\":\"https:\\\/\\\/renatodias.online\\\/movimento\\\/2021\\\/09\\\/11\\\/era-do-medo-multidao-da-desordem\\\/#article\",\"isPartOf\":{\"@id\":\"https:\\\/\\\/renatodias.online\\\/movimento\\\/2021\\\/09\\\/11\\\/era-do-medo-multidao-da-desordem\\\/\"},\"author\":{\"name\":\"Renato Dias\",\"@id\":\"https:\\\/\\\/renatodias.online\\\/movimento\\\/#\\\/schema\\\/person\\\/bbab28833b1725a20f4083f49f1fb2a9\"},\"headline\":\"Era do medo: multid\u00e3o da desordem\",\"datePublished\":\"2021-09-11T16:59:32+00:00\",\"mainEntityOfPage\":{\"@id\":\"https:\\\/\\\/renatodias.online\\\/movimento\\\/2021\\\/09\\\/11\\\/era-do-medo-multidao-da-desordem\\\/\"},\"wordCount\":420,\"commentCount\":0,\"publisher\":{\"@id\":\"https:\\\/\\\/renatodias.online\\\/movimento\\\/#\\\/schema\\\/person\\\/bbab28833b1725a20f4083f49f1fb2a9\"},\"image\":{\"@id\":\"https:\\\/\\\/renatodias.online\\\/movimento\\\/2021\\\/09\\\/11\\\/era-do-medo-multidao-da-desordem\\\/#primaryimage\"},\"thumbnailUrl\":\"https:\\\/\\\/renatodias.online\\\/movimento\\\/wp-content\\\/uploads\\\/2021\\\/09\\\/Jose-de-Souza-Martins-e1631379542733.jpg\",\"articleSection\":[\"Pol\u00edtica\"],\"inLanguage\":\"pt-BR\",\"potentialAction\":[{\"@type\":\"CommentAction\",\"name\":\"Comment\",\"target\":[\"https:\\\/\\\/renatodias.online\\\/movimento\\\/2021\\\/09\\\/11\\\/era-do-medo-multidao-da-desordem\\\/#respond\"]}]},{\"@type\":\"WebPage\",\"@id\":\"https:\\\/\\\/renatodias.online\\\/movimento\\\/2021\\\/09\\\/11\\\/era-do-medo-multidao-da-desordem\\\/\",\"url\":\"https:\\\/\\\/renatodias.online\\\/movimento\\\/2021\\\/09\\\/11\\\/era-do-medo-multidao-da-desordem\\\/\",\"name\":\"Era do medo: multid\u00e3o da desordem -\",\"isPartOf\":{\"@id\":\"https:\\\/\\\/renatodias.online\\\/movimento\\\/#website\"},\"primaryImageOfPage\":{\"@id\":\"https:\\\/\\\/renatodias.online\\\/movimento\\\/2021\\\/09\\\/11\\\/era-do-medo-multidao-da-desordem\\\/#primaryimage\"},\"image\":{\"@id\":\"https:\\\/\\\/renatodias.online\\\/movimento\\\/2021\\\/09\\\/11\\\/era-do-medo-multidao-da-desordem\\\/#primaryimage\"},\"thumbnailUrl\":\"https:\\\/\\\/renatodias.online\\\/movimento\\\/wp-content\\\/uploads\\\/2021\\\/09\\\/Jose-de-Souza-Martins-e1631379542733.jpg\",\"datePublished\":\"2021-09-11T16:59:32+00:00\",\"breadcrumb\":{\"@id\":\"https:\\\/\\\/renatodias.online\\\/movimento\\\/2021\\\/09\\\/11\\\/era-do-medo-multidao-da-desordem\\\/#breadcrumb\"},\"inLanguage\":\"pt-BR\",\"potentialAction\":[{\"@type\":\"ReadAction\",\"target\":[\"https:\\\/\\\/renatodias.online\\\/movimento\\\/2021\\\/09\\\/11\\\/era-do-medo-multidao-da-desordem\\\/\"]}]},{\"@type\":\"ImageObject\",\"inLanguage\":\"pt-BR\",\"@id\":\"https:\\\/\\\/renatodias.online\\\/movimento\\\/2021\\\/09\\\/11\\\/era-do-medo-multidao-da-desordem\\\/#primaryimage\",\"url\":\"https:\\\/\\\/renatodias.online\\\/movimento\\\/wp-content\\\/uploads\\\/2021\\\/09\\\/Jose-de-Souza-Martins-e1631379542733.jpg\",\"contentUrl\":\"https:\\\/\\\/renatodias.online\\\/movimento\\\/wp-content\\\/uploads\\\/2021\\\/09\\\/Jose-de-Souza-Martins-e1631379542733.jpg\",\"width\":300,\"height\":169,\"caption\":\"Jos\u00e9 de Souza Martins, soci\u00f3logo\"},{\"@type\":\"BreadcrumbList\",\"@id\":\"https:\\\/\\\/renatodias.online\\\/movimento\\\/2021\\\/09\\\/11\\\/era-do-medo-multidao-da-desordem\\\/#breadcrumb\",\"itemListElement\":[{\"@type\":\"ListItem\",\"position\":1,\"name\":\"In\u00edcio\",\"item\":\"https:\\\/\\\/renatodias.online\\\/movimento\\\/\"},{\"@type\":\"ListItem\",\"position\":2,\"name\":\"Era do medo: multid\u00e3o da desordem\"}]},{\"@type\":\"WebSite\",\"@id\":\"https:\\\/\\\/renatodias.online\\\/movimento\\\/#website\",\"url\":\"https:\\\/\\\/renatodias.online\\\/movimento\\\/\",\"name\":\"\",\"description\":\"\",\"publisher\":{\"@id\":\"https:\\\/\\\/renatodias.online\\\/movimento\\\/#\\\/schema\\\/person\\\/bbab28833b1725a20f4083f49f1fb2a9\"},\"potentialAction\":[{\"@type\":\"SearchAction\",\"target\":{\"@type\":\"EntryPoint\",\"urlTemplate\":\"https:\\\/\\\/renatodias.online\\\/movimento\\\/?s={search_term_string}\"},\"query-input\":{\"@type\":\"PropertyValueSpecification\",\"valueRequired\":true,\"valueName\":\"search_term_string\"}}],\"inLanguage\":\"pt-BR\"},{\"@type\":[\"Person\",\"Organization\"],\"@id\":\"https:\\\/\\\/renatodias.online\\\/movimento\\\/#\\\/schema\\\/person\\\/bbab28833b1725a20f4083f49f1fb2a9\",\"name\":\"Renato Dias\",\"image\":{\"@type\":\"ImageObject\",\"inLanguage\":\"pt-BR\",\"@id\":\"https:\\\/\\\/renatodias.online\\\/movimento\\\/wp-content\\\/uploads\\\/2023\\\/03\\\/cropped-cropped-cropped-logofinal.jpeg\",\"url\":\"https:\\\/\\\/renatodias.online\\\/movimento\\\/wp-content\\\/uploads\\\/2023\\\/03\\\/cropped-cropped-cropped-logofinal.jpeg\",\"contentUrl\":\"https:\\\/\\\/renatodias.online\\\/movimento\\\/wp-content\\\/uploads\\\/2023\\\/03\\\/cropped-cropped-cropped-logofinal.jpeg\",\"width\":1280,\"height\":219,\"caption\":\"Renato Dias\"},\"logo\":{\"@id\":\"https:\\\/\\\/renatodias.online\\\/movimento\\\/wp-content\\\/uploads\\\/2023\\\/03\\\/cropped-cropped-cropped-logofinal.jpeg\"},\"description\":\"Renato Dias, 58 anos, \u00e9 graduado em Jornalismo, formado em Ci\u00eancias Sociais, com p\u00f3s-gradua\u00e7\u00e3o em Pol\u00edticas P\u00fablicas, mestre em Direito e Rela\u00e7\u00f5es Internacionais, ex-aluno extraordin\u00e1rio do Doutorado em Psicologia Social, ex-estudante do Curso de Psican\u00e1lise do Centro de Estudos Psicanal\u00edticos do Estado de Goi\u00e1s, ministrado pelo m\u00e9dico psiquiatra e psicanalista Daniel Em\u00eddio de Souza. \u00c9 autor de 30 livros-reportagem, oito document\u00e1rios, ganhou 30 pr\u00eamios e \u00e9 torcedor apaixonado do maior do Centro-Oeste, o Vila Nova Futebol Clube. Casado com Meirilane Dias, \u00e9 pai de Juliana Dias, jornalista; Daniel Dias, economista; e Maria Rosa Dias, estudante antifascista, socialista e trotskista.\u00a0Com tr\u00eas pets: Porquinho [Bull Dog Franc\u00eas], Dalila [Basset Hound] e Geleia [Basset Hound]. Al\u00e9m do eterno gato Tutuquinho, que virou estrela.\",\"sameAs\":[\"https:\\\/\\\/www.facebook.com\\\/renato.dias.37\",\"#breve\",\"https:\\\/\\\/renatodias.tumblr.com\\\/\"],\"url\":\"https:\\\/\\\/renatodias.online\\\/movimento\\\/author\\\/renatodias\\\/\"}]}<\/script>\n<!-- \/ Yoast SEO plugin. -->","yoast_head_json":{"title":"Era do medo: multid\u00e3o da desordem -","robots":{"index":"index","follow":"follow","max-snippet":"max-snippet:-1","max-image-preview":"max-image-preview:large","max-video-preview":"max-video-preview:-1"},"canonical":"https:\/\/renatodias.online\/movimento\/2021\/09\/11\/era-do-medo-multidao-da-desordem\/","og_locale":"pt_BR","og_type":"article","og_title":"Era do medo: multid\u00e3o da desordem -","og_description":"Era do medo: multid\u00e3o da desordem A loucura raivosa coletiva O que pensa Jos\u00e9 de Souza Martins \u00a0Renato Dias A Era do Medo. Assim ser\u00e1 registrada pela Hist\u00f3ria Contempor\u00e2nea a Era Jair Messias Bolsonaro, no Brasil. A an\u00e1lise \u00e9 do soci\u00f3logo Jos\u00e9 de Souza Martins. Um mix da Pandemia do Coronav\u00edrus Covid 19, da corros\u00e3o","og_url":"https:\/\/renatodias.online\/movimento\/2021\/09\/11\/era-do-medo-multidao-da-desordem\/","article_publisher":"https:\/\/www.facebook.com\/renato.dias.37","article_author":"https:\/\/www.facebook.com\/renato.dias.37","article_published_time":"2021-09-11T16:59:32+00:00","og_image":[{"width":300,"height":169,"url":"https:\/\/renatodias.online\/movimento\/wp-content\/uploads\/2021\/09\/Jose-de-Souza-Martins-e1631379542733.jpg","type":"image\/jpeg"}],"author":"Renato Dias","twitter_card":"summary_large_image","twitter_creator":"@RenatoDiasBat","twitter_site":"@RenatoDiasBat","twitter_misc":{"Escrito por":"Renato Dias","Est. tempo de leitura":"2 minutos"},"schema":{"@context":"https:\/\/schema.org","@graph":[{"@type":"Article","@id":"https:\/\/renatodias.online\/movimento\/2021\/09\/11\/era-do-medo-multidao-da-desordem\/#article","isPartOf":{"@id":"https:\/\/renatodias.online\/movimento\/2021\/09\/11\/era-do-medo-multidao-da-desordem\/"},"author":{"name":"Renato Dias","@id":"https:\/\/renatodias.online\/movimento\/#\/schema\/person\/bbab28833b1725a20f4083f49f1fb2a9"},"headline":"Era do medo: multid\u00e3o da desordem","datePublished":"2021-09-11T16:59:32+00:00","mainEntityOfPage":{"@id":"https:\/\/renatodias.online\/movimento\/2021\/09\/11\/era-do-medo-multidao-da-desordem\/"},"wordCount":420,"commentCount":0,"publisher":{"@id":"https:\/\/renatodias.online\/movimento\/#\/schema\/person\/bbab28833b1725a20f4083f49f1fb2a9"},"image":{"@id":"https:\/\/renatodias.online\/movimento\/2021\/09\/11\/era-do-medo-multidao-da-desordem\/#primaryimage"},"thumbnailUrl":"https:\/\/renatodias.online\/movimento\/wp-content\/uploads\/2021\/09\/Jose-de-Souza-Martins-e1631379542733.jpg","articleSection":["Pol\u00edtica"],"inLanguage":"pt-BR","potentialAction":[{"@type":"CommentAction","name":"Comment","target":["https:\/\/renatodias.online\/movimento\/2021\/09\/11\/era-do-medo-multidao-da-desordem\/#respond"]}]},{"@type":"WebPage","@id":"https:\/\/renatodias.online\/movimento\/2021\/09\/11\/era-do-medo-multidao-da-desordem\/","url":"https:\/\/renatodias.online\/movimento\/2021\/09\/11\/era-do-medo-multidao-da-desordem\/","name":"Era do medo: multid\u00e3o da desordem -","isPartOf":{"@id":"https:\/\/renatodias.online\/movimento\/#website"},"primaryImageOfPage":{"@id":"https:\/\/renatodias.online\/movimento\/2021\/09\/11\/era-do-medo-multidao-da-desordem\/#primaryimage"},"image":{"@id":"https:\/\/renatodias.online\/movimento\/2021\/09\/11\/era-do-medo-multidao-da-desordem\/#primaryimage"},"thumbnailUrl":"https:\/\/renatodias.online\/movimento\/wp-content\/uploads\/2021\/09\/Jose-de-Souza-Martins-e1631379542733.jpg","datePublished":"2021-09-11T16:59:32+00:00","breadcrumb":{"@id":"https:\/\/renatodias.online\/movimento\/2021\/09\/11\/era-do-medo-multidao-da-desordem\/#breadcrumb"},"inLanguage":"pt-BR","potentialAction":[{"@type":"ReadAction","target":["https:\/\/renatodias.online\/movimento\/2021\/09\/11\/era-do-medo-multidao-da-desordem\/"]}]},{"@type":"ImageObject","inLanguage":"pt-BR","@id":"https:\/\/renatodias.online\/movimento\/2021\/09\/11\/era-do-medo-multidao-da-desordem\/#primaryimage","url":"https:\/\/renatodias.online\/movimento\/wp-content\/uploads\/2021\/09\/Jose-de-Souza-Martins-e1631379542733.jpg","contentUrl":"https:\/\/renatodias.online\/movimento\/wp-content\/uploads\/2021\/09\/Jose-de-Souza-Martins-e1631379542733.jpg","width":300,"height":169,"caption":"Jos\u00e9 de Souza Martins, soci\u00f3logo"},{"@type":"BreadcrumbList","@id":"https:\/\/renatodias.online\/movimento\/2021\/09\/11\/era-do-medo-multidao-da-desordem\/#breadcrumb","itemListElement":[{"@type":"ListItem","position":1,"name":"In\u00edcio","item":"https:\/\/renatodias.online\/movimento\/"},{"@type":"ListItem","position":2,"name":"Era do medo: multid\u00e3o da desordem"}]},{"@type":"WebSite","@id":"https:\/\/renatodias.online\/movimento\/#website","url":"https:\/\/renatodias.online\/movimento\/","name":"","description":"","publisher":{"@id":"https:\/\/renatodias.online\/movimento\/#\/schema\/person\/bbab28833b1725a20f4083f49f1fb2a9"},"potentialAction":[{"@type":"SearchAction","target":{"@type":"EntryPoint","urlTemplate":"https:\/\/renatodias.online\/movimento\/?s={search_term_string}"},"query-input":{"@type":"PropertyValueSpecification","valueRequired":true,"valueName":"search_term_string"}}],"inLanguage":"pt-BR"},{"@type":["Person","Organization"],"@id":"https:\/\/renatodias.online\/movimento\/#\/schema\/person\/bbab28833b1725a20f4083f49f1fb2a9","name":"Renato Dias","image":{"@type":"ImageObject","inLanguage":"pt-BR","@id":"https:\/\/renatodias.online\/movimento\/wp-content\/uploads\/2023\/03\/cropped-cropped-cropped-logofinal.jpeg","url":"https:\/\/renatodias.online\/movimento\/wp-content\/uploads\/2023\/03\/cropped-cropped-cropped-logofinal.jpeg","contentUrl":"https:\/\/renatodias.online\/movimento\/wp-content\/uploads\/2023\/03\/cropped-cropped-cropped-logofinal.jpeg","width":1280,"height":219,"caption":"Renato Dias"},"logo":{"@id":"https:\/\/renatodias.online\/movimento\/wp-content\/uploads\/2023\/03\/cropped-cropped-cropped-logofinal.jpeg"},"description":"Renato Dias, 58 anos, \u00e9 graduado em Jornalismo, formado em Ci\u00eancias Sociais, com p\u00f3s-gradua\u00e7\u00e3o em Pol\u00edticas P\u00fablicas, mestre em Direito e Rela\u00e7\u00f5es Internacionais, ex-aluno extraordin\u00e1rio do Doutorado em Psicologia Social, ex-estudante do Curso de Psican\u00e1lise do Centro de Estudos Psicanal\u00edticos do Estado de Goi\u00e1s, ministrado pelo m\u00e9dico psiquiatra e psicanalista Daniel Em\u00eddio de Souza. \u00c9 autor de 30 livros-reportagem, oito document\u00e1rios, ganhou 30 pr\u00eamios e \u00e9 torcedor apaixonado do maior do Centro-Oeste, o Vila Nova Futebol Clube. Casado com Meirilane Dias, \u00e9 pai de Juliana Dias, jornalista; Daniel Dias, economista; e Maria Rosa Dias, estudante antifascista, socialista e trotskista.\u00a0Com tr\u00eas pets: Porquinho [Bull Dog Franc\u00eas], Dalila [Basset Hound] e Geleia [Basset Hound]. Al\u00e9m do eterno gato Tutuquinho, que virou estrela.","sameAs":["https:\/\/www.facebook.com\/renato.dias.37","#breve","https:\/\/renatodias.tumblr.com\/"],"url":"https:\/\/renatodias.online\/movimento\/author\/renatodias\/"}]}},"_links":{"self":[{"href":"https:\/\/renatodias.online\/movimento\/wp-json\/wp\/v2\/posts\/8907","targetHints":{"allow":["GET"]}}],"collection":[{"href":"https:\/\/renatodias.online\/movimento\/wp-json\/wp\/v2\/posts"}],"about":[{"href":"https:\/\/renatodias.online\/movimento\/wp-json\/wp\/v2\/types\/post"}],"author":[{"embeddable":true,"href":"https:\/\/renatodias.online\/movimento\/wp-json\/wp\/v2\/users\/2"}],"replies":[{"embeddable":true,"href":"https:\/\/renatodias.online\/movimento\/wp-json\/wp\/v2\/comments?post=8907"}],"version-history":[{"count":1,"href":"https:\/\/renatodias.online\/movimento\/wp-json\/wp\/v2\/posts\/8907\/revisions"}],"predecessor-version":[{"id":8910,"href":"https:\/\/renatodias.online\/movimento\/wp-json\/wp\/v2\/posts\/8907\/revisions\/8910"}],"wp:featuredmedia":[{"embeddable":true,"href":"https:\/\/renatodias.online\/movimento\/wp-json\/wp\/v2\/media\/8908"}],"wp:attachment":[{"href":"https:\/\/renatodias.online\/movimento\/wp-json\/wp\/v2\/media?parent=8907"}],"wp:term":[{"taxonomy":"category","embeddable":true,"href":"https:\/\/renatodias.online\/movimento\/wp-json\/wp\/v2\/categories?post=8907"},{"taxonomy":"post_tag","embeddable":true,"href":"https:\/\/renatodias.online\/movimento\/wp-json\/wp\/v2\/tags?post=8907"}],"curies":[{"name":"wp","href":"https:\/\/api.w.org\/{rel}","templated":true}]}}