{"id":8837,"date":"2021-09-03T20:32:10","date_gmt":"2021-09-03T23:32:10","guid":{"rendered":"https:\/\/renatodias.online\/movimento\/?p=8837"},"modified":"2021-09-03T20:32:10","modified_gmt":"2021-09-03T23:32:10","slug":"o-mundo-em-chamas","status":"publish","type":"post","link":"https:\/\/renatodias.online\/movimento\/2021\/09\/03\/o-mundo-em-chamas\/","title":{"rendered":"O mundo em chamas"},"content":{"rendered":"<p><img loading=\"lazy\" decoding=\"async\" class=\"size-full wp-image-5888\" src=\"https:\/\/renatodias.online\/movimento\/wp-content\/uploads\/2021\/04\/Bomba-A-morte-da-Politica.jpg\" alt=\"explosivo\" width=\"600\" height=\"600\" \/><\/p>\n<h1 style=\"text-align: center;\"><span style=\"color: #ffcc00;\"><strong>O mundo em chamas<\/strong><\/span><\/h1>\n<h1 style=\"text-align: center;\"><span style=\"color: #0000ff;\"><strong>A crise da velha ordem capitalista<\/strong><\/span><\/h1>\n<p><img loading=\"lazy\" decoding=\"async\" class=\"size-full wp-image-8608\" src=\"https:\/\/renatodias.online\/movimento\/wp-content\/uploads\/2021\/08\/Bandeira-dos-EUA-sangra.jpg\" alt=\"\" width=\"1024\" height=\"539\" \/><\/p>\n<p>&nbsp;<\/p>\n<h2 style=\"text-align: left;\"><strong>Markus Sokol lan\u00e7a, hoje, \u00e0s 19h, no Zoom, a revista A Verdade<\/strong><\/h2>\n<figure id=\"attachment_8759\" aria-describedby=\"caption-attachment-8759\" style=\"width: 1024px\" class=\"wp-caption alignnone\"><img loading=\"lazy\" decoding=\"async\" class=\"size-full wp-image-8759\" src=\"https:\/\/renatodias.online\/movimento\/wp-content\/uploads\/2021\/08\/Markus-Sokol.jpg\" alt=\"\" width=\"1024\" height=\"683\" \/><figcaption id=\"caption-attachment-8759\" class=\"wp-caption-text\"><strong>Markus Sokol<\/strong><\/figcaption><\/figure>\n<p style=\"text-align: center;\"><strong>Renato Dias<\/strong><\/p>\n<p><img loading=\"lazy\" decoding=\"async\" class=\"alignnone size-full wp-image-7832\" src=\"https:\/\/renatodias.online\/movimento\/wp-content\/uploads\/2021\/07\/Donald-Trump.jpg\" alt=\"\" width=\"1086\" height=\"652\" srcset=\"https:\/\/renatodias.online\/movimento\/wp-content\/uploads\/2021\/07\/Donald-Trump.jpg 1086w, https:\/\/renatodias.online\/movimento\/wp-content\/uploads\/2021\/07\/Donald-Trump-300x180.jpg 300w, https:\/\/renatodias.online\/movimento\/wp-content\/uploads\/2021\/07\/Donald-Trump-768x461.jpg 768w, https:\/\/renatodias.online\/movimento\/wp-content\/uploads\/2021\/07\/Donald-Trump-750x450.jpg 750w\" sizes=\"auto, (max-width: 1086px) 100vw, 1086px\" \/><\/p>\n<p><strong>Donald Trump<\/strong><\/p>\n<p>A derrota eleitoral do Republicano Donald Trump, a inven\u00e7\u00e3o de fraude nas elei\u00e7\u00f5es, o negacionismo e o cemit\u00e9rio aberto nos EUA, com a invas\u00e3o do Capit\u00f3lio. Os limites e a impot\u00eancia do democrata Joe Biden. Cabul, Col\u00f4mbia, Brasil, Pandemia, feminismo e a IV Internacional constituem os temas da revista A Verdade a ser lan\u00e7ada, hoje, sexta-feira, 3 de setembro de 2021, \u00e0s 19h. Pela plataforma midi\u00e1tica Zoom. Com a exposi\u00e7\u00e3o de <strong>Markus Sokol<\/strong>. Economista graduado na Universidade de S\u00e3o Paulo [USP].<\/p>\n<figure id=\"attachment_8570\" aria-describedby=\"caption-attachment-8570\" style=\"width: 1641px\" class=\"wp-caption alignnone\"><img loading=\"lazy\" decoding=\"async\" class=\"size-full wp-image-8570\" src=\"https:\/\/renatodias.online\/movimento\/wp-content\/uploads\/2021\/08\/Taleba.jpg\" alt=\"\" width=\"1641\" height=\"912\" srcset=\"https:\/\/renatodias.online\/movimento\/wp-content\/uploads\/2021\/08\/Taleba.jpg 1641w, https:\/\/renatodias.online\/movimento\/wp-content\/uploads\/2021\/08\/Taleba-300x167.jpg 300w, https:\/\/renatodias.online\/movimento\/wp-content\/uploads\/2021\/08\/Taleba-768x427.jpg 768w, https:\/\/renatodias.online\/movimento\/wp-content\/uploads\/2021\/08\/Taleba-1536x854.jpg 1536w, https:\/\/renatodias.online\/movimento\/wp-content\/uploads\/2021\/08\/Taleba-750x417.jpg 750w\" sizes=\"auto, (max-width: 1641px) 100vw, 1641px\" \/><figcaption id=\"caption-attachment-8570\" class=\"wp-caption-text\"><strong>Taleb\u00e3 chega ao poder no Afeganist\u00e3o<\/strong><\/figcaption><\/figure>\n<h1><span style=\"color: #ff0000;\"><strong>IV Internacional<\/strong><\/span><\/h1>\n<p>A IV Internacional \u00e9 a central mundial da revolu\u00e7\u00e3o socialista. Fundada por Lev Davidovich Bronstein. Codinome de Leon Trotski. Nascido em 7 de novembro de 1879, em Yanovka, e morto em 21 de agosto de 1940, na Cidade do M\u00e9xico. Para participar da confer\u00eancia especial \u00e9 necess\u00e1rio realizar a inscri\u00e7\u00e3o no Sympla. O endere\u00e7o eletr\u00f4nico \u00e9 <strong><a href=\"https:\/\/bit.ly\/2Ylmbsx\" data-saferedirecturl=\"https:\/\/www.google.com\/url?q=https:\/\/bit.ly\/2Ylmbsx&amp;source=gmail&amp;ust=1630797241477000&amp;usg=AFQjCNHW7bcjuBOoyAV3r_hOrtrNu8JveQ\">https:\/\/bit.ly\/2Ylmbsx<\/a><\/strong> O trotskista Markus Sokol \u00e9 membro do Conselho Geral da IV Internacional, integrante da Executiva Nacional do PT e dirigente da tend\u00eancia interna Di\u00e1logo e A\u00e7\u00e3o Petista [DAP] e da corrente marxista O Trabalho.<\/p>\n<figure id=\"attachment_8547\" aria-describedby=\"caption-attachment-8547\" style=\"width: 696px\" class=\"wp-caption aligncenter\"><img loading=\"lazy\" decoding=\"async\" class=\"size-full wp-image-8547\" src=\"https:\/\/renatodias.online\/movimento\/wp-content\/uploads\/2021\/08\/IV-Internacional-Especial-O-Trabalho.png\" alt=\"\" width=\"696\" height=\"795\" srcset=\"https:\/\/renatodias.online\/movimento\/wp-content\/uploads\/2021\/08\/IV-Internacional-Especial-O-Trabalho.png 696w, https:\/\/renatodias.online\/movimento\/wp-content\/uploads\/2021\/08\/IV-Internacional-Especial-O-Trabalho-263x300.png 263w\" sizes=\"auto, (max-width: 696px) 100vw, 696px\" \/><figcaption id=\"caption-attachment-8547\" class=\"wp-caption-text\">IV Internacional<\/figcaption><\/figure>\n","protected":false},"excerpt":{"rendered":"<p>O mundo em chamas A crise da velha ordem capitalista &nbsp; Markus Sokol lan\u00e7a, hoje, \u00e0s 19h, no Zoom, a revista A Verdade Renato Dias Donald Trump A derrota eleitoral do Republicano Donald Trump, a inven\u00e7\u00e3o de fraude nas elei\u00e7\u00f5es, o negacionismo e o cemit\u00e9rio aberto nos EUA, com a invas\u00e3o do Capit\u00f3lio. Os limites<\/p>\n","protected":false},"author":2,"featured_media":4950,"comment_status":"open","ping_status":"open","sticky":false,"template":"","format":"standard","meta":{"_acf_changed":false,"_monsterinsights_skip_tracking":false,"_monsterinsights_sitenote_active":false,"_monsterinsights_sitenote_note":"","_monsterinsights_sitenote_category":0,"footnotes":""},"categories":[4],"tags":[],"class_list":["post-8837","post","type-post","status-publish","format-standard","has-post-thumbnail","hentry","category-politica"],"acf":[],"yoast_head":"<!-- This site is optimized with the Yoast SEO plugin v27.4 - https:\/\/yoast.com\/product\/yoast-seo-wordpress\/ -->\n<title>O mundo em chamas -<\/title>\n<meta name=\"robots\" content=\"index, follow, max-snippet:-1, max-image-preview:large, max-video-preview:-1\" \/>\n<link rel=\"canonical\" href=\"https:\/\/renatodias.online\/movimento\/2021\/09\/03\/o-mundo-em-chamas\/\" \/>\n<meta property=\"og:locale\" content=\"pt_BR\" \/>\n<meta property=\"og:type\" content=\"article\" \/>\n<meta property=\"og:title\" content=\"O mundo em chamas -\" \/>\n<meta property=\"og:description\" content=\"O mundo em chamas A crise da velha ordem capitalista &nbsp; Markus Sokol lan\u00e7a, hoje, \u00e0s 19h, no Zoom, a revista A Verdade Renato Dias Donald Trump A derrota eleitoral do Republicano Donald Trump, a inven\u00e7\u00e3o de fraude nas elei\u00e7\u00f5es, o negacionismo e o cemit\u00e9rio aberto nos EUA, com a invas\u00e3o do Capit\u00f3lio. Os limites\" \/>\n<meta property=\"og:url\" content=\"https:\/\/renatodias.online\/movimento\/2021\/09\/03\/o-mundo-em-chamas\/\" \/>\n<meta property=\"article:publisher\" content=\"https:\/\/www.facebook.com\/renato.dias.37\" \/>\n<meta property=\"article:author\" content=\"https:\/\/www.facebook.com\/renato.dias.37\" \/>\n<meta property=\"article:published_time\" content=\"2021-09-03T23:32:10+00:00\" \/>\n<meta property=\"og:image\" content=\"https:\/\/renatodias.online\/movimento\/wp-content\/uploads\/2020\/12\/Markus-Sokol-1-e-link.jpg\" \/>\n\t<meta property=\"og:image:width\" content=\"327\" \/>\n\t<meta property=\"og:image:height\" content=\"154\" \/>\n\t<meta property=\"og:image:type\" content=\"image\/jpeg\" \/>\n<meta name=\"author\" content=\"Renato Dias\" \/>\n<meta name=\"twitter:card\" content=\"summary_large_image\" \/>\n<meta name=\"twitter:creator\" content=\"@RenatoDiasBat\" \/>\n<meta name=\"twitter:site\" content=\"@RenatoDiasBat\" \/>\n<meta name=\"twitter:label1\" content=\"Escrito por\" \/>\n\t<meta name=\"twitter:data1\" content=\"Renato Dias\" \/>\n\t<meta name=\"twitter:label2\" content=\"Est. tempo de leitura\" \/>\n\t<meta name=\"twitter:data2\" content=\"1 minuto\" \/>\n<script type=\"application\/ld+json\" class=\"yoast-schema-graph\">{\"@context\":\"https:\\\/\\\/schema.org\",\"@graph\":[{\"@type\":\"Article\",\"@id\":\"https:\\\/\\\/renatodias.online\\\/movimento\\\/2021\\\/09\\\/03\\\/o-mundo-em-chamas\\\/#article\",\"isPartOf\":{\"@id\":\"https:\\\/\\\/renatodias.online\\\/movimento\\\/2021\\\/09\\\/03\\\/o-mundo-em-chamas\\\/\"},\"author\":{\"name\":\"Renato Dias\",\"@id\":\"https:\\\/\\\/renatodias.online\\\/movimento\\\/#\\\/schema\\\/person\\\/bbab28833b1725a20f4083f49f1fb2a9\"},\"headline\":\"O mundo em chamas\",\"datePublished\":\"2021-09-03T23:32:10+00:00\",\"mainEntityOfPage\":{\"@id\":\"https:\\\/\\\/renatodias.online\\\/movimento\\\/2021\\\/09\\\/03\\\/o-mundo-em-chamas\\\/\"},\"wordCount\":252,\"commentCount\":0,\"publisher\":{\"@id\":\"https:\\\/\\\/renatodias.online\\\/movimento\\\/#\\\/schema\\\/person\\\/bbab28833b1725a20f4083f49f1fb2a9\"},\"image\":{\"@id\":\"https:\\\/\\\/renatodias.online\\\/movimento\\\/2021\\\/09\\\/03\\\/o-mundo-em-chamas\\\/#primaryimage\"},\"thumbnailUrl\":\"https:\\\/\\\/renatodias.online\\\/movimento\\\/wp-content\\\/uploads\\\/2020\\\/12\\\/Markus-Sokol-1-e-link.jpg\",\"articleSection\":[\"Pol\u00edtica\"],\"inLanguage\":\"pt-BR\",\"potentialAction\":[{\"@type\":\"CommentAction\",\"name\":\"Comment\",\"target\":[\"https:\\\/\\\/renatodias.online\\\/movimento\\\/2021\\\/09\\\/03\\\/o-mundo-em-chamas\\\/#respond\"]}]},{\"@type\":\"WebPage\",\"@id\":\"https:\\\/\\\/renatodias.online\\\/movimento\\\/2021\\\/09\\\/03\\\/o-mundo-em-chamas\\\/\",\"url\":\"https:\\\/\\\/renatodias.online\\\/movimento\\\/2021\\\/09\\\/03\\\/o-mundo-em-chamas\\\/\",\"name\":\"O mundo em chamas -\",\"isPartOf\":{\"@id\":\"https:\\\/\\\/renatodias.online\\\/movimento\\\/#website\"},\"primaryImageOfPage\":{\"@id\":\"https:\\\/\\\/renatodias.online\\\/movimento\\\/2021\\\/09\\\/03\\\/o-mundo-em-chamas\\\/#primaryimage\"},\"image\":{\"@id\":\"https:\\\/\\\/renatodias.online\\\/movimento\\\/2021\\\/09\\\/03\\\/o-mundo-em-chamas\\\/#primaryimage\"},\"thumbnailUrl\":\"https:\\\/\\\/renatodias.online\\\/movimento\\\/wp-content\\\/uploads\\\/2020\\\/12\\\/Markus-Sokol-1-e-link.jpg\",\"datePublished\":\"2021-09-03T23:32:10+00:00\",\"breadcrumb\":{\"@id\":\"https:\\\/\\\/renatodias.online\\\/movimento\\\/2021\\\/09\\\/03\\\/o-mundo-em-chamas\\\/#breadcrumb\"},\"inLanguage\":\"pt-BR\",\"potentialAction\":[{\"@type\":\"ReadAction\",\"target\":[\"https:\\\/\\\/renatodias.online\\\/movimento\\\/2021\\\/09\\\/03\\\/o-mundo-em-chamas\\\/\"]}]},{\"@type\":\"ImageObject\",\"inLanguage\":\"pt-BR\",\"@id\":\"https:\\\/\\\/renatodias.online\\\/movimento\\\/2021\\\/09\\\/03\\\/o-mundo-em-chamas\\\/#primaryimage\",\"url\":\"https:\\\/\\\/renatodias.online\\\/movimento\\\/wp-content\\\/uploads\\\/2020\\\/12\\\/Markus-Sokol-1-e-link.jpg\",\"contentUrl\":\"https:\\\/\\\/renatodias.online\\\/movimento\\\/wp-content\\\/uploads\\\/2020\\\/12\\\/Markus-Sokol-1-e-link.jpg\",\"width\":327,\"height\":154,\"caption\":\"Markus Sokol\"},{\"@type\":\"BreadcrumbList\",\"@id\":\"https:\\\/\\\/renatodias.online\\\/movimento\\\/2021\\\/09\\\/03\\\/o-mundo-em-chamas\\\/#breadcrumb\",\"itemListElement\":[{\"@type\":\"ListItem\",\"position\":1,\"name\":\"In\u00edcio\",\"item\":\"https:\\\/\\\/renatodias.online\\\/movimento\\\/\"},{\"@type\":\"ListItem\",\"position\":2,\"name\":\"O mundo em chamas\"}]},{\"@type\":\"WebSite\",\"@id\":\"https:\\\/\\\/renatodias.online\\\/movimento\\\/#website\",\"url\":\"https:\\\/\\\/renatodias.online\\\/movimento\\\/\",\"name\":\"\",\"description\":\"\",\"publisher\":{\"@id\":\"https:\\\/\\\/renatodias.online\\\/movimento\\\/#\\\/schema\\\/person\\\/bbab28833b1725a20f4083f49f1fb2a9\"},\"potentialAction\":[{\"@type\":\"SearchAction\",\"target\":{\"@type\":\"EntryPoint\",\"urlTemplate\":\"https:\\\/\\\/renatodias.online\\\/movimento\\\/?s={search_term_string}\"},\"query-input\":{\"@type\":\"PropertyValueSpecification\",\"valueRequired\":true,\"valueName\":\"search_term_string\"}}],\"inLanguage\":\"pt-BR\"},{\"@type\":[\"Person\",\"Organization\"],\"@id\":\"https:\\\/\\\/renatodias.online\\\/movimento\\\/#\\\/schema\\\/person\\\/bbab28833b1725a20f4083f49f1fb2a9\",\"name\":\"Renato Dias\",\"image\":{\"@type\":\"ImageObject\",\"inLanguage\":\"pt-BR\",\"@id\":\"https:\\\/\\\/renatodias.online\\\/movimento\\\/wp-content\\\/uploads\\\/2023\\\/03\\\/cropped-cropped-cropped-logofinal.jpeg\",\"url\":\"https:\\\/\\\/renatodias.online\\\/movimento\\\/wp-content\\\/uploads\\\/2023\\\/03\\\/cropped-cropped-cropped-logofinal.jpeg\",\"contentUrl\":\"https:\\\/\\\/renatodias.online\\\/movimento\\\/wp-content\\\/uploads\\\/2023\\\/03\\\/cropped-cropped-cropped-logofinal.jpeg\",\"width\":1280,\"height\":219,\"caption\":\"Renato Dias\"},\"logo\":{\"@id\":\"https:\\\/\\\/renatodias.online\\\/movimento\\\/wp-content\\\/uploads\\\/2023\\\/03\\\/cropped-cropped-cropped-logofinal.jpeg\"},\"description\":\"Renato Dias, 58 anos, \u00e9 graduado em Jornalismo, formado em Ci\u00eancias Sociais, com p\u00f3s-gradua\u00e7\u00e3o em Pol\u00edticas P\u00fablicas, mestre em Direito e Rela\u00e7\u00f5es Internacionais, ex-aluno extraordin\u00e1rio do Doutorado em Psicologia Social, ex-estudante do Curso de Psican\u00e1lise do Centro de Estudos Psicanal\u00edticos do Estado de Goi\u00e1s, ministrado pelo m\u00e9dico psiquiatra e psicanalista Daniel Em\u00eddio de Souza. \u00c9 autor de 30 livros-reportagem, oito document\u00e1rios, ganhou 30 pr\u00eamios e \u00e9 torcedor apaixonado do maior do Centro-Oeste, o Vila Nova Futebol Clube. Casado com Meirilane Dias, \u00e9 pai de Juliana Dias, jornalista; Daniel Dias, economista; e Maria Rosa Dias, estudante antifascista, socialista e trotskista.\u00a0Com tr\u00eas pets: Porquinho [Bull Dog Franc\u00eas], Dalila [Basset Hound] e Geleia [Basset Hound]. Al\u00e9m do eterno gato Tutuquinho, que virou estrela.\",\"sameAs\":[\"https:\\\/\\\/www.facebook.com\\\/renato.dias.37\",\"#breve\",\"https:\\\/\\\/renatodias.tumblr.com\\\/\"],\"url\":\"https:\\\/\\\/renatodias.online\\\/movimento\\\/author\\\/renatodias\\\/\"}]}<\/script>\n<!-- \/ Yoast SEO plugin. -->","yoast_head_json":{"title":"O mundo em chamas -","robots":{"index":"index","follow":"follow","max-snippet":"max-snippet:-1","max-image-preview":"max-image-preview:large","max-video-preview":"max-video-preview:-1"},"canonical":"https:\/\/renatodias.online\/movimento\/2021\/09\/03\/o-mundo-em-chamas\/","og_locale":"pt_BR","og_type":"article","og_title":"O mundo em chamas -","og_description":"O mundo em chamas A crise da velha ordem capitalista &nbsp; Markus Sokol lan\u00e7a, hoje, \u00e0s 19h, no Zoom, a revista A Verdade Renato Dias Donald Trump A derrota eleitoral do Republicano Donald Trump, a inven\u00e7\u00e3o de fraude nas elei\u00e7\u00f5es, o negacionismo e o cemit\u00e9rio aberto nos EUA, com a invas\u00e3o do Capit\u00f3lio. Os limites","og_url":"https:\/\/renatodias.online\/movimento\/2021\/09\/03\/o-mundo-em-chamas\/","article_publisher":"https:\/\/www.facebook.com\/renato.dias.37","article_author":"https:\/\/www.facebook.com\/renato.dias.37","article_published_time":"2021-09-03T23:32:10+00:00","og_image":[{"width":327,"height":154,"url":"https:\/\/renatodias.online\/movimento\/wp-content\/uploads\/2020\/12\/Markus-Sokol-1-e-link.jpg","type":"image\/jpeg"}],"author":"Renato Dias","twitter_card":"summary_large_image","twitter_creator":"@RenatoDiasBat","twitter_site":"@RenatoDiasBat","twitter_misc":{"Escrito por":"Renato Dias","Est. tempo de leitura":"1 minuto"},"schema":{"@context":"https:\/\/schema.org","@graph":[{"@type":"Article","@id":"https:\/\/renatodias.online\/movimento\/2021\/09\/03\/o-mundo-em-chamas\/#article","isPartOf":{"@id":"https:\/\/renatodias.online\/movimento\/2021\/09\/03\/o-mundo-em-chamas\/"},"author":{"name":"Renato Dias","@id":"https:\/\/renatodias.online\/movimento\/#\/schema\/person\/bbab28833b1725a20f4083f49f1fb2a9"},"headline":"O mundo em chamas","datePublished":"2021-09-03T23:32:10+00:00","mainEntityOfPage":{"@id":"https:\/\/renatodias.online\/movimento\/2021\/09\/03\/o-mundo-em-chamas\/"},"wordCount":252,"commentCount":0,"publisher":{"@id":"https:\/\/renatodias.online\/movimento\/#\/schema\/person\/bbab28833b1725a20f4083f49f1fb2a9"},"image":{"@id":"https:\/\/renatodias.online\/movimento\/2021\/09\/03\/o-mundo-em-chamas\/#primaryimage"},"thumbnailUrl":"https:\/\/renatodias.online\/movimento\/wp-content\/uploads\/2020\/12\/Markus-Sokol-1-e-link.jpg","articleSection":["Pol\u00edtica"],"inLanguage":"pt-BR","potentialAction":[{"@type":"CommentAction","name":"Comment","target":["https:\/\/renatodias.online\/movimento\/2021\/09\/03\/o-mundo-em-chamas\/#respond"]}]},{"@type":"WebPage","@id":"https:\/\/renatodias.online\/movimento\/2021\/09\/03\/o-mundo-em-chamas\/","url":"https:\/\/renatodias.online\/movimento\/2021\/09\/03\/o-mundo-em-chamas\/","name":"O mundo em chamas -","isPartOf":{"@id":"https:\/\/renatodias.online\/movimento\/#website"},"primaryImageOfPage":{"@id":"https:\/\/renatodias.online\/movimento\/2021\/09\/03\/o-mundo-em-chamas\/#primaryimage"},"image":{"@id":"https:\/\/renatodias.online\/movimento\/2021\/09\/03\/o-mundo-em-chamas\/#primaryimage"},"thumbnailUrl":"https:\/\/renatodias.online\/movimento\/wp-content\/uploads\/2020\/12\/Markus-Sokol-1-e-link.jpg","datePublished":"2021-09-03T23:32:10+00:00","breadcrumb":{"@id":"https:\/\/renatodias.online\/movimento\/2021\/09\/03\/o-mundo-em-chamas\/#breadcrumb"},"inLanguage":"pt-BR","potentialAction":[{"@type":"ReadAction","target":["https:\/\/renatodias.online\/movimento\/2021\/09\/03\/o-mundo-em-chamas\/"]}]},{"@type":"ImageObject","inLanguage":"pt-BR","@id":"https:\/\/renatodias.online\/movimento\/2021\/09\/03\/o-mundo-em-chamas\/#primaryimage","url":"https:\/\/renatodias.online\/movimento\/wp-content\/uploads\/2020\/12\/Markus-Sokol-1-e-link.jpg","contentUrl":"https:\/\/renatodias.online\/movimento\/wp-content\/uploads\/2020\/12\/Markus-Sokol-1-e-link.jpg","width":327,"height":154,"caption":"Markus Sokol"},{"@type":"BreadcrumbList","@id":"https:\/\/renatodias.online\/movimento\/2021\/09\/03\/o-mundo-em-chamas\/#breadcrumb","itemListElement":[{"@type":"ListItem","position":1,"name":"In\u00edcio","item":"https:\/\/renatodias.online\/movimento\/"},{"@type":"ListItem","position":2,"name":"O mundo em chamas"}]},{"@type":"WebSite","@id":"https:\/\/renatodias.online\/movimento\/#website","url":"https:\/\/renatodias.online\/movimento\/","name":"","description":"","publisher":{"@id":"https:\/\/renatodias.online\/movimento\/#\/schema\/person\/bbab28833b1725a20f4083f49f1fb2a9"},"potentialAction":[{"@type":"SearchAction","target":{"@type":"EntryPoint","urlTemplate":"https:\/\/renatodias.online\/movimento\/?s={search_term_string}"},"query-input":{"@type":"PropertyValueSpecification","valueRequired":true,"valueName":"search_term_string"}}],"inLanguage":"pt-BR"},{"@type":["Person","Organization"],"@id":"https:\/\/renatodias.online\/movimento\/#\/schema\/person\/bbab28833b1725a20f4083f49f1fb2a9","name":"Renato Dias","image":{"@type":"ImageObject","inLanguage":"pt-BR","@id":"https:\/\/renatodias.online\/movimento\/wp-content\/uploads\/2023\/03\/cropped-cropped-cropped-logofinal.jpeg","url":"https:\/\/renatodias.online\/movimento\/wp-content\/uploads\/2023\/03\/cropped-cropped-cropped-logofinal.jpeg","contentUrl":"https:\/\/renatodias.online\/movimento\/wp-content\/uploads\/2023\/03\/cropped-cropped-cropped-logofinal.jpeg","width":1280,"height":219,"caption":"Renato Dias"},"logo":{"@id":"https:\/\/renatodias.online\/movimento\/wp-content\/uploads\/2023\/03\/cropped-cropped-cropped-logofinal.jpeg"},"description":"Renato Dias, 58 anos, \u00e9 graduado em Jornalismo, formado em Ci\u00eancias Sociais, com p\u00f3s-gradua\u00e7\u00e3o em Pol\u00edticas P\u00fablicas, mestre em Direito e Rela\u00e7\u00f5es Internacionais, ex-aluno extraordin\u00e1rio do Doutorado em Psicologia Social, ex-estudante do Curso de Psican\u00e1lise do Centro de Estudos Psicanal\u00edticos do Estado de Goi\u00e1s, ministrado pelo m\u00e9dico psiquiatra e psicanalista Daniel Em\u00eddio de Souza. \u00c9 autor de 30 livros-reportagem, oito document\u00e1rios, ganhou 30 pr\u00eamios e \u00e9 torcedor apaixonado do maior do Centro-Oeste, o Vila Nova Futebol Clube. Casado com Meirilane Dias, \u00e9 pai de Juliana Dias, jornalista; Daniel Dias, economista; e Maria Rosa Dias, estudante antifascista, socialista e trotskista.\u00a0Com tr\u00eas pets: Porquinho [Bull Dog Franc\u00eas], Dalila [Basset Hound] e Geleia [Basset Hound]. Al\u00e9m do eterno gato Tutuquinho, que virou estrela.","sameAs":["https:\/\/www.facebook.com\/renato.dias.37","#breve","https:\/\/renatodias.tumblr.com\/"],"url":"https:\/\/renatodias.online\/movimento\/author\/renatodias\/"}]}},"_links":{"self":[{"href":"https:\/\/renatodias.online\/movimento\/wp-json\/wp\/v2\/posts\/8837","targetHints":{"allow":["GET"]}}],"collection":[{"href":"https:\/\/renatodias.online\/movimento\/wp-json\/wp\/v2\/posts"}],"about":[{"href":"https:\/\/renatodias.online\/movimento\/wp-json\/wp\/v2\/types\/post"}],"author":[{"embeddable":true,"href":"https:\/\/renatodias.online\/movimento\/wp-json\/wp\/v2\/users\/2"}],"replies":[{"embeddable":true,"href":"https:\/\/renatodias.online\/movimento\/wp-json\/wp\/v2\/comments?post=8837"}],"version-history":[{"count":1,"href":"https:\/\/renatodias.online\/movimento\/wp-json\/wp\/v2\/posts\/8837\/revisions"}],"predecessor-version":[{"id":8838,"href":"https:\/\/renatodias.online\/movimento\/wp-json\/wp\/v2\/posts\/8837\/revisions\/8838"}],"wp:featuredmedia":[{"embeddable":true,"href":"https:\/\/renatodias.online\/movimento\/wp-json\/wp\/v2\/media\/4950"}],"wp:attachment":[{"href":"https:\/\/renatodias.online\/movimento\/wp-json\/wp\/v2\/media?parent=8837"}],"wp:term":[{"taxonomy":"category","embeddable":true,"href":"https:\/\/renatodias.online\/movimento\/wp-json\/wp\/v2\/categories?post=8837"},{"taxonomy":"post_tag","embeddable":true,"href":"https:\/\/renatodias.online\/movimento\/wp-json\/wp\/v2\/tags?post=8837"}],"curies":[{"name":"wp","href":"https:\/\/api.w.org\/{rel}","templated":true}]}}