{"id":8774,"date":"2021-08-27T20:12:16","date_gmt":"2021-08-27T23:12:16","guid":{"rendered":"https:\/\/renatodias.online\/movimento\/?p=8774"},"modified":"2021-08-27T20:12:16","modified_gmt":"2021-08-27T23:12:16","slug":"indicadores-negativos-de-caiado-explodem","status":"publish","type":"post","link":"https:\/\/renatodias.online\/movimento\/2021\/08\/27\/indicadores-negativos-de-caiado-explodem\/","title":{"rendered":"Indicadores negativos de Caiado explodem"},"content":{"rendered":"<p><img loading=\"lazy\" decoding=\"async\" class=\"alignnone size-full wp-image-8454\" src=\"https:\/\/renatodias.online\/movimento\/wp-content\/uploads\/2021\/08\/Explosivo-especial.png\" alt=\"\" width=\"1000\" height=\"1000\" \/><\/p>\n<h1 style=\"text-align: center;\"><strong>Indicadores de Caiado despencam<\/strong><\/h1>\n<figure id=\"attachment_5888\" aria-describedby=\"caption-attachment-5888\" style=\"width: 600px\" class=\"wp-caption aligncenter\"><img loading=\"lazy\" decoding=\"async\" class=\"size-full wp-image-5888\" src=\"https:\/\/renatodias.online\/movimento\/wp-content\/uploads\/2021\/04\/Bomba-A-morte-da-Politica.jpg\" alt=\"explosivo\" width=\"600\" height=\"600\" \/><figcaption id=\"caption-attachment-5888\" class=\"wp-caption-text\"><strong>explosivo<\/strong><\/figcaption><\/figure>\n<p><strong>\u00a0<\/strong><\/p>\n<p style=\"text-align: center;\"><span style=\"color: #800080;\"><strong>Crise na UEG, cortes na Cultura, Pandemia sem controle e esc\u00e2ndalos<\/strong><\/span><\/p>\n<figure id=\"attachment_6797\" aria-describedby=\"caption-attachment-6797\" style=\"width: 1280px\" class=\"wp-caption alignnone\"><img loading=\"lazy\" decoding=\"async\" class=\"size-full wp-image-6797\" src=\"https:\/\/renatodias.online\/movimento\/wp-content\/uploads\/2021\/05\/Ronaldo-Caiado-e-Jair-Bolsonaro.jpeg\" alt=\"\" width=\"1280\" height=\"853\" \/><figcaption id=\"caption-attachment-6797\" class=\"wp-caption-text\"><strong>Ronaldo Caiado e Jair Messias Bolsonaro<\/strong><\/figcaption><\/figure>\n<p><strong>Renato Dias<\/strong><\/p>\n<p>O festival de indicadores negativos, em 2019, 2020 e 2021, do Estado de Goi\u00e1s, aponta a administra\u00e7\u00e3o p\u00edfia do atual inquilino da Casa Verde, Ronaldo Caiado [Democratas]. \u00c9 o que analisa o ex &#8211; presidente da Assembleia Legislativa <strong>Jardel Sebba<\/strong>. Um tucano de alta plumagem.<\/p>\n<p>&nbsp;<\/p>\n<figure id=\"attachment_6207\" aria-describedby=\"caption-attachment-6207\" style=\"width: 1375px\" class=\"wp-caption alignnone\"><img loading=\"lazy\" decoding=\"async\" class=\"size-full wp-image-6207\" src=\"https:\/\/renatodias.online\/movimento\/wp-content\/uploads\/2021\/04\/Jardel-Sebba_-Fla-campeao.jpg\" alt=\"\" width=\"1375\" height=\"915\" srcset=\"https:\/\/renatodias.online\/movimento\/wp-content\/uploads\/2021\/04\/Jardel-Sebba_-Fla-campeao.jpg 1375w, https:\/\/renatodias.online\/movimento\/wp-content\/uploads\/2021\/04\/Jardel-Sebba_-Fla-campeao-300x200.jpg 300w, https:\/\/renatodias.online\/movimento\/wp-content\/uploads\/2021\/04\/Jardel-Sebba_-Fla-campeao-1024x681.jpg 1024w, https:\/\/renatodias.online\/movimento\/wp-content\/uploads\/2021\/04\/Jardel-Sebba_-Fla-campeao-768x511.jpg 768w, https:\/\/renatodias.online\/movimento\/wp-content\/uploads\/2021\/04\/Jardel-Sebba_-Fla-campeao-360x240.jpg 360w, https:\/\/renatodias.online\/movimento\/wp-content\/uploads\/2021\/04\/Jardel-Sebba_-Fla-campeao-750x499.jpg 750w\" sizes=\"auto, (max-width: 1375px) 100vw, 1375px\" \/><figcaption id=\"caption-attachment-6207\" class=\"wp-caption-text\"><strong>Jardel Sebba<\/strong><\/figcaption><\/figure>\n<p>&nbsp;<\/p>\n<p>Os n\u00fameros de contaminados, com sequelas, de \u00f3bitos, a falta de UTIs sob a Pandemia do Coro\u00adnav\u00edrus Covid 19 s\u00e3o alarmantes, diz ao <strong>Portal de Not\u00edcias <a href=\"http:\/\/www.renatodias.online\">www.renatodias.online<\/a> <\/strong>\u00c9 preciso concluir a segunda dose, imunizar adolescentes e come\u00e7ar a terceira dose contra a Delta, frisa.<\/p>\n<p>&nbsp;<\/p>\n<figure id=\"attachment_8248\" aria-describedby=\"caption-attachment-8248\" style=\"width: 1170px\" class=\"wp-caption alignnone\"><img loading=\"lazy\" decoding=\"async\" class=\"size-full wp-image-8248\" src=\"https:\/\/renatodias.online\/movimento\/wp-content\/uploads\/2021\/08\/Variante-Delta.jpg\" alt=\"\" width=\"1170\" height=\"700\" srcset=\"https:\/\/renatodias.online\/movimento\/wp-content\/uploads\/2021\/08\/Variante-Delta.jpg 1170w, https:\/\/renatodias.online\/movimento\/wp-content\/uploads\/2021\/08\/Variante-Delta-300x179.jpg 300w, https:\/\/renatodias.online\/movimento\/wp-content\/uploads\/2021\/08\/Variante-Delta-768x459.jpg 768w, https:\/\/renatodias.online\/movimento\/wp-content\/uploads\/2021\/08\/Variante-Delta-750x449.jpg 750w\" sizes=\"auto, (max-width: 1170px) 100vw, 1170px\" \/><figcaption id=\"caption-attachment-8248\" class=\"wp-caption-text\"><strong>Variante Delta<\/strong><\/figcaption><\/figure>\n<p>&nbsp;<\/p>\n<p>Estelionato eleitoral \u00e9 o que Ronaldo Caiado cometeu na campanha eleitoral do ano de 2018, dispara. A refer\u00eancia \u00e9 \u00e0 promessa de reduzir o pre\u00e7o dos combust\u00edveis. O democrata prometeu cortar o \u00edndice de ICMS e Goi\u00e2nia tem, em agosto, a gasolina mais cara do Brasil, ele denuncia.<\/p>\n<p>&nbsp;<\/p>\n<figure id=\"attachment_8775\" aria-describedby=\"caption-attachment-8775\" style=\"width: 800px\" class=\"wp-caption alignnone\"><img loading=\"lazy\" decoding=\"async\" class=\"size-full wp-image-8775\" src=\"https:\/\/renatodias.online\/movimento\/wp-content\/uploads\/2021\/08\/Alta-da-gasolina.jpg\" alt=\"\" width=\"800\" height=\"533\" srcset=\"https:\/\/renatodias.online\/movimento\/wp-content\/uploads\/2021\/08\/Alta-da-gasolina.jpg 800w, https:\/\/renatodias.online\/movimento\/wp-content\/uploads\/2021\/08\/Alta-da-gasolina-300x200.jpg 300w, https:\/\/renatodias.online\/movimento\/wp-content\/uploads\/2021\/08\/Alta-da-gasolina-768x512.jpg 768w, https:\/\/renatodias.online\/movimento\/wp-content\/uploads\/2021\/08\/Alta-da-gasolina-360x240.jpg 360w, https:\/\/renatodias.online\/movimento\/wp-content\/uploads\/2021\/08\/Alta-da-gasolina-750x500.jpg 750w\" sizes=\"auto, (max-width: 800px) 100vw, 800px\" \/><figcaption id=\"caption-attachment-8775\" class=\"wp-caption-text\"><strong>Alta da gasolina _ O Popular &#8211; Imagem<\/strong><\/figcaption><\/figure>\n<p>A \u2018Era do PSDB\u2019, no Estado de Goi\u00e1s, deixou um legado de programas sociais, educacionais e culturais, como o Renda Cidad\u00e3, Cheque Moradia, Bolsa Universit\u00e1ria, assim como de obras f\u00edsicas, faz um recall o ex &#8211; prefeito de Catal\u00e3o. O DEM troca nomes, corta verbas e mente, atira.<\/p>\n<p><img loading=\"lazy\" decoding=\"async\" class=\"alignnone size-full wp-image-6490\" src=\"https:\/\/renatodias.online\/movimento\/wp-content\/uploads\/2021\/05\/UEG-_-1.jpeg\" alt=\"\" width=\"1280\" height=\"820\" srcset=\"https:\/\/renatodias.online\/movimento\/wp-content\/uploads\/2021\/05\/UEG-_-1.jpeg 1280w, https:\/\/renatodias.online\/movimento\/wp-content\/uploads\/2021\/05\/UEG-_-1-300x192.jpeg 300w, https:\/\/renatodias.online\/movimento\/wp-content\/uploads\/2021\/05\/UEG-_-1-768x492.jpeg 768w, https:\/\/renatodias.online\/movimento\/wp-content\/uploads\/2021\/05\/UEG-_-1-750x480.jpeg 750w\" sizes=\"auto, (max-width: 1280px) 100vw, 1280px\" \/><\/p>\n<p>Universidade Estadual de Goi\u00e1s<\/p>\n<p><strong>Caos na UEG<\/strong><\/p>\n<p>A viol\u00eancia na pol\u00edcia \u00e9 um reflexo do autoritarismo de Ronaldo Caiado, pontua o dirigente da Executiva Estadual do PSDB. <strong>Jardel Sebba<\/strong> prev\u00ea crise aguda na UEG. A institui\u00e7\u00e3o de ensino superior foi destru\u00edda, condena. Um esc\u00e2ndalo, observa o ex &#8211; secret\u00e1rio de Estado de Gabinete<\/p>\n<figure id=\"attachment_8776\" aria-describedby=\"caption-attachment-8776\" style=\"width: 1280px\" class=\"wp-caption alignnone\"><img loading=\"lazy\" decoding=\"async\" class=\"size-full wp-image-8776\" src=\"https:\/\/renatodias.online\/movimento\/wp-content\/uploads\/2021\/08\/Advogado-e-agredido-por-PM-GO-em-Goiania.jpg\" alt=\"\" width=\"1280\" height=\"720\" srcset=\"https:\/\/renatodias.online\/movimento\/wp-content\/uploads\/2021\/08\/Advogado-e-agredido-por-PM-GO-em-Goiania.jpg 1280w, https:\/\/renatodias.online\/movimento\/wp-content\/uploads\/2021\/08\/Advogado-e-agredido-por-PM-GO-em-Goiania-300x169.jpg 300w, https:\/\/renatodias.online\/movimento\/wp-content\/uploads\/2021\/08\/Advogado-e-agredido-por-PM-GO-em-Goiania-768x432.jpg 768w, https:\/\/renatodias.online\/movimento\/wp-content\/uploads\/2021\/08\/Advogado-e-agredido-por-PM-GO-em-Goiania-750x422.jpg 750w\" sizes=\"auto, (max-width: 1280px) 100vw, 1280px\" \/><figcaption id=\"caption-attachment-8776\" class=\"wp-caption-text\"><strong>Advogado \u00e9 agredido por PM [GO], em Goi\u00e2nia &#8211; G1<\/strong><\/figcaption><\/figure>\n<p><img loading=\"lazy\" decoding=\"async\" class=\"alignnone size-full wp-image-8379\" src=\"https:\/\/renatodias.online\/movimento\/wp-content\/uploads\/2021\/08\/Especial-Principal.png\" alt=\"\" width=\"1531\" height=\"515\" \/><\/p>\n<h1 style=\"text-align: center;\"><span style=\"color: #ff0000;\"><strong>O desmonte do Estado<\/strong><\/span><\/h1>\n<p style=\"text-align: center;\"><span style=\"color: #0000ff;\"><strong>UEG, meio ambiente, alta dos combust\u00edveis, \u00f3dio \u00e0 democracia<\/strong><\/span><\/p>\n<p>&nbsp;<\/p>\n<p><strong>Renato Dias<\/strong><\/p>\n<p>O Governo de Goi\u00e1s opera, hoje, o desmonte do Estado e a arquitetura da destrui\u00e7\u00e3o da Universidade Estadual de Goi\u00e1s [UEG] \u00e9 o s\u00edmbolo mais perverso. A cr\u00edtica \u00e9 do arquiteto e urbanista, um especialista em Planejamento Urbano, <strong>Guilherme Freitas Souza<\/strong>. Neto do primei\u00adro prefeito de Goi\u00e2nia, Venerando de Freitas Borges. A capital fundada em 1933. Por Pedro Ludovico, interventor de Get\u00falio Vargas, p\u00f3s-movimento pol\u00edtico e militar de outubro de 1930.<\/p>\n<figure id=\"attachment_5445\" aria-describedby=\"caption-attachment-5445\" style=\"width: 1280px\" class=\"wp-caption alignnone\"><img loading=\"lazy\" decoding=\"async\" class=\"size-full wp-image-5445\" src=\"https:\/\/renatodias.online\/movimento\/wp-content\/uploads\/2021\/03\/Guilherme-de-Freitas-FHC.jpg\" alt=\"Guilherme Freitas\" width=\"1280\" height=\"720\" srcset=\"https:\/\/renatodias.online\/movimento\/wp-content\/uploads\/2021\/03\/Guilherme-de-Freitas-FHC.jpg 1280w, https:\/\/renatodias.online\/movimento\/wp-content\/uploads\/2021\/03\/Guilherme-de-Freitas-FHC-300x169.jpg 300w, https:\/\/renatodias.online\/movimento\/wp-content\/uploads\/2021\/03\/Guilherme-de-Freitas-FHC-1024x576.jpg 1024w, https:\/\/renatodias.online\/movimento\/wp-content\/uploads\/2021\/03\/Guilherme-de-Freitas-FHC-768x432.jpg 768w, https:\/\/renatodias.online\/movimento\/wp-content\/uploads\/2021\/03\/Guilherme-de-Freitas-FHC-750x422.jpg 750w\" sizes=\"auto, (max-width: 1280px) 100vw, 1280px\" \/><figcaption id=\"caption-attachment-5445\" class=\"wp-caption-text\"><strong>Guilherme Freitas<\/strong><\/figcaption><\/figure>\n<p>Expert em formula\u00e7\u00e3o de pol\u00edticas p\u00fablicas de preserva\u00e7\u00e3o ambiental, ele informa ao <strong>Portal de Not\u00edcias <a href=\"http:\/\/www.renatodias.online\">www.renatodias.online<\/a> <\/strong>que a devasta\u00e7\u00e3o do Bioma Cerrado teria provocado graves mudan\u00e7as clim\u00e1ticas e no circuito das \u00e1guas. N\u00e3o h\u00e1 uma solu\u00e7\u00e3o, resume o pesquisador da \u00e1rea. A tend\u00eancia \u00e9 de agravamento do quadro, alerta. Acabou, fuzila. No Brasil, a impress\u00e3o \u00e9 que querem que o fogo, que \u00a0as queimadas destruam mesmo, atira, em tom visceral de lamento.<\/p>\n<p>&nbsp;<\/p>\n<figure id=\"attachment_8405\" aria-describedby=\"caption-attachment-8405\" style=\"width: 1024px\" class=\"wp-caption alignnone\"><img loading=\"lazy\" decoding=\"async\" class=\"size-full wp-image-8405\" src=\"https:\/\/renatodias.online\/movimento\/wp-content\/uploads\/2021\/08\/Economia-sustentavel.jpg\" alt=\"\" width=\"1024\" height=\"682\" \/><figcaption id=\"caption-attachment-8405\" class=\"wp-caption-text\"><strong>Economia sustent\u00e1vel, verde: Ronaldo Caiado \u00e9 o av\u00easso<br \/><\/strong><\/figcaption><\/figure>\n<h1><span style=\"color: #3366ff;\"><strong>Viol\u00eancia policial e negacionismo<\/strong><\/span><\/h1>\n<p>Fatores negativos em s\u00e9rie, por atacado, define &#8211; os. O ex &#8211; presidente do Detran [Departamento Estadual de Tr\u00e2nsito do Estado de Goi\u00e1s] <strong>Guilherme Freitas Souza<\/strong> refere-se tanto a <strong>Ronaldo Caiado <\/strong>quanto a <strong>Jair Messias Bolsonaro<\/strong>. A viol\u00eancia policial tamb\u00e9m continua, critica. Economia sob descontrole, metralha. Falta de planejamento, negacionismo e incompet\u00eancia na Sa\u00fade, sob a Pandemia do Coronav\u00edrus Covid 19, e o cartel define os pre\u00e7os dos combust\u00edveis, afirma.<\/p>\n<figure id=\"attachment_6358\" aria-describedby=\"caption-attachment-6358\" style=\"width: 839px\" class=\"wp-caption alignnone\"><img loading=\"lazy\" decoding=\"async\" class=\"size-full wp-image-6358\" src=\"https:\/\/renatodias.online\/movimento\/wp-content\/uploads\/2021\/04\/ronadocaiado.jpg\" alt=\"Ronaldo Caiado\" width=\"839\" height=\"600\" \/><figcaption id=\"caption-attachment-6358\" class=\"wp-caption-text\"><strong>Ronaldo Caiado<\/strong><\/figcaption><\/figure>\n<p>&nbsp;<\/p>\n<h1 style=\"text-align: center;\"><span style=\"color: #ff6600;\"><strong>Saiba mais<\/strong><\/span><\/h1>\n<h1 style=\"text-align: center;\"><span style=\"color: #008000;\"><strong>Veja<\/strong><\/span><\/h1>\n<h1 style=\"text-align: center;\"><span style=\"color: #800080;\"><strong>Indicadores negativos<\/strong><\/span><\/h1>\n<p style=\"text-align: center;\">_ New York Times: Goi\u00e1s no ranking nacional de mortes sob a Pandemia do Coronav\u00edrus Covid 19<\/p>\n<p style=\"text-align: center;\">_ Falta de log\u00edstica, planejamento e gest\u00e3o na crise sanit\u00e1ria<\/p>\n<p style=\"text-align: center;\">_ \u00a0Alto \u00edndice de contaminados: mais de 800 mil<\/p>\n<p style=\"text-align: center;\">_ Infla\u00e7\u00e3o de agosto em Goi\u00e2nia \u00e9 a mais alta do Brasil<\/p>\n<p style=\"text-align: center;\">_ Explos\u00e3o do pre\u00e7o dos combust\u00edveis<\/p>\n<p style=\"text-align: center;\">_ A queda no repasse e desmonte paulatino da UEG<\/p>\n<p style=\"text-align: center;\">_ Risco iminente de racionamento de \u00e1gua: crise h\u00eddrica<\/p>\n<p style=\"text-align: center;\">_ Den\u00fancia \u00e0 ONU de agress\u00e3o da PM a advogado em Goi\u00e1s<\/p>\n<p style=\"text-align: center;\">_ Focos de inc\u00eandio<\/p>\n<p style=\"text-align: center;\">_ Calote no pagamento do FAC e Lei Goyazes<\/p>\n<p style=\"text-align: center;\">_ Esc\u00e2ndalo na Seguran\u00e7a P\u00fablica<\/p>\n<p style=\"text-align: center;\">_ Opera\u00e7\u00e3o de cumprimento de mandado de Pol\u00edcia do DF contra membro do primeiro escal\u00e3o<\/p>\n<p style=\"text-align: center;\">_ Mudan\u00e7a de nomes de 10 programas e obras das gest\u00f5es anteriores<\/p>\n<p style=\"text-align: center;\">\n","protected":false},"excerpt":{"rendered":"<p>Indicadores de Caiado despencam \u00a0 Crise na UEG, cortes na Cultura, Pandemia sem controle e esc\u00e2ndalos Renato Dias O festival de indicadores negativos, em 2019, 2020 e 2021, do Estado de Goi\u00e1s, aponta a administra\u00e7\u00e3o p\u00edfia do atual inquilino da Casa Verde, Ronaldo Caiado [Democratas]. \u00c9 o que analisa o ex &#8211; presidente da Assembleia<\/p>\n","protected":false},"author":2,"featured_media":8777,"comment_status":"open","ping_status":"open","sticky":false,"template":"","format":"standard","meta":{"_acf_changed":false,"_monsterinsights_skip_tracking":false,"_monsterinsights_sitenote_active":false,"_monsterinsights_sitenote_note":"","_monsterinsights_sitenote_category":0,"footnotes":""},"categories":[4],"tags":[],"class_list":["post-8774","post","type-post","status-publish","format-standard","has-post-thumbnail","hentry","category-politica"],"acf":[],"yoast_head":"<!-- This site is optimized with the Yoast SEO plugin v27.4 - https:\/\/yoast.com\/product\/yoast-seo-wordpress\/ -->\n<title>Indicadores negativos de Caiado explodem -<\/title>\n<meta name=\"robots\" content=\"index, follow, max-snippet:-1, max-image-preview:large, max-video-preview:-1\" \/>\n<link rel=\"canonical\" href=\"https:\/\/renatodias.online\/movimento\/2021\/08\/27\/indicadores-negativos-de-caiado-explodem\/\" \/>\n<meta property=\"og:locale\" content=\"pt_BR\" \/>\n<meta property=\"og:type\" content=\"article\" \/>\n<meta property=\"og:title\" content=\"Indicadores negativos de Caiado explodem -\" \/>\n<meta property=\"og:description\" content=\"Indicadores de Caiado despencam \u00a0 Crise na UEG, cortes na Cultura, Pandemia sem controle e esc\u00e2ndalos Renato Dias O festival de indicadores negativos, em 2019, 2020 e 2021, do Estado de Goi\u00e1s, aponta a administra\u00e7\u00e3o p\u00edfia do atual inquilino da Casa Verde, Ronaldo Caiado [Democratas]. \u00c9 o que analisa o ex &#8211; presidente da Assembleia\" \/>\n<meta property=\"og:url\" content=\"https:\/\/renatodias.online\/movimento\/2021\/08\/27\/indicadores-negativos-de-caiado-explodem\/\" \/>\n<meta property=\"article:publisher\" content=\"https:\/\/www.facebook.com\/renato.dias.37\" \/>\n<meta property=\"article:author\" content=\"https:\/\/www.facebook.com\/renato.dias.37\" \/>\n<meta property=\"article:published_time\" content=\"2021-08-27T23:12:16+00:00\" \/>\n<meta property=\"og:image\" content=\"https:\/\/renatodias.online\/movimento\/wp-content\/uploads\/2021\/08\/Ronaldo-Caiado-_-Link.jpeg\" \/>\n\t<meta property=\"og:image:width\" content=\"1500\" \/>\n\t<meta property=\"og:image:height\" content=\"1025\" \/>\n\t<meta property=\"og:image:type\" content=\"image\/jpeg\" \/>\n<meta name=\"author\" content=\"Renato Dias\" \/>\n<meta name=\"twitter:card\" content=\"summary_large_image\" \/>\n<meta name=\"twitter:creator\" content=\"@RenatoDiasBat\" \/>\n<meta name=\"twitter:site\" content=\"@RenatoDiasBat\" \/>\n<meta name=\"twitter:label1\" content=\"Escrito por\" \/>\n\t<meta name=\"twitter:data1\" content=\"Renato Dias\" \/>\n\t<meta name=\"twitter:label2\" content=\"Est. tempo de leitura\" \/>\n\t<meta name=\"twitter:data2\" content=\"4 minutos\" \/>\n<script type=\"application\/ld+json\" class=\"yoast-schema-graph\">{\"@context\":\"https:\\\/\\\/schema.org\",\"@graph\":[{\"@type\":\"Article\",\"@id\":\"https:\\\/\\\/renatodias.online\\\/movimento\\\/2021\\\/08\\\/27\\\/indicadores-negativos-de-caiado-explodem\\\/#article\",\"isPartOf\":{\"@id\":\"https:\\\/\\\/renatodias.online\\\/movimento\\\/2021\\\/08\\\/27\\\/indicadores-negativos-de-caiado-explodem\\\/\"},\"author\":{\"name\":\"Renato Dias\",\"@id\":\"https:\\\/\\\/renatodias.online\\\/movimento\\\/#\\\/schema\\\/person\\\/bbab28833b1725a20f4083f49f1fb2a9\"},\"headline\":\"Indicadores negativos de Caiado explodem\",\"datePublished\":\"2021-08-27T23:12:16+00:00\",\"mainEntityOfPage\":{\"@id\":\"https:\\\/\\\/renatodias.online\\\/movimento\\\/2021\\\/08\\\/27\\\/indicadores-negativos-de-caiado-explodem\\\/\"},\"wordCount\":789,\"commentCount\":0,\"publisher\":{\"@id\":\"https:\\\/\\\/renatodias.online\\\/movimento\\\/#\\\/schema\\\/person\\\/bbab28833b1725a20f4083f49f1fb2a9\"},\"image\":{\"@id\":\"https:\\\/\\\/renatodias.online\\\/movimento\\\/2021\\\/08\\\/27\\\/indicadores-negativos-de-caiado-explodem\\\/#primaryimage\"},\"thumbnailUrl\":\"https:\\\/\\\/renatodias.online\\\/movimento\\\/wp-content\\\/uploads\\\/2021\\\/08\\\/Ronaldo-Caiado-_-Link.jpeg\",\"articleSection\":[\"Pol\u00edtica\"],\"inLanguage\":\"pt-BR\",\"potentialAction\":[{\"@type\":\"CommentAction\",\"name\":\"Comment\",\"target\":[\"https:\\\/\\\/renatodias.online\\\/movimento\\\/2021\\\/08\\\/27\\\/indicadores-negativos-de-caiado-explodem\\\/#respond\"]}]},{\"@type\":\"WebPage\",\"@id\":\"https:\\\/\\\/renatodias.online\\\/movimento\\\/2021\\\/08\\\/27\\\/indicadores-negativos-de-caiado-explodem\\\/\",\"url\":\"https:\\\/\\\/renatodias.online\\\/movimento\\\/2021\\\/08\\\/27\\\/indicadores-negativos-de-caiado-explodem\\\/\",\"name\":\"Indicadores negativos de Caiado explodem -\",\"isPartOf\":{\"@id\":\"https:\\\/\\\/renatodias.online\\\/movimento\\\/#website\"},\"primaryImageOfPage\":{\"@id\":\"https:\\\/\\\/renatodias.online\\\/movimento\\\/2021\\\/08\\\/27\\\/indicadores-negativos-de-caiado-explodem\\\/#primaryimage\"},\"image\":{\"@id\":\"https:\\\/\\\/renatodias.online\\\/movimento\\\/2021\\\/08\\\/27\\\/indicadores-negativos-de-caiado-explodem\\\/#primaryimage\"},\"thumbnailUrl\":\"https:\\\/\\\/renatodias.online\\\/movimento\\\/wp-content\\\/uploads\\\/2021\\\/08\\\/Ronaldo-Caiado-_-Link.jpeg\",\"datePublished\":\"2021-08-27T23:12:16+00:00\",\"breadcrumb\":{\"@id\":\"https:\\\/\\\/renatodias.online\\\/movimento\\\/2021\\\/08\\\/27\\\/indicadores-negativos-de-caiado-explodem\\\/#breadcrumb\"},\"inLanguage\":\"pt-BR\",\"potentialAction\":[{\"@type\":\"ReadAction\",\"target\":[\"https:\\\/\\\/renatodias.online\\\/movimento\\\/2021\\\/08\\\/27\\\/indicadores-negativos-de-caiado-explodem\\\/\"]}]},{\"@type\":\"ImageObject\",\"inLanguage\":\"pt-BR\",\"@id\":\"https:\\\/\\\/renatodias.online\\\/movimento\\\/2021\\\/08\\\/27\\\/indicadores-negativos-de-caiado-explodem\\\/#primaryimage\",\"url\":\"https:\\\/\\\/renatodias.online\\\/movimento\\\/wp-content\\\/uploads\\\/2021\\\/08\\\/Ronaldo-Caiado-_-Link.jpeg\",\"contentUrl\":\"https:\\\/\\\/renatodias.online\\\/movimento\\\/wp-content\\\/uploads\\\/2021\\\/08\\\/Ronaldo-Caiado-_-Link.jpeg\",\"width\":1500,\"height\":1025,\"caption\":\"Ronaldo Caiado: crise aguda\"},{\"@type\":\"BreadcrumbList\",\"@id\":\"https:\\\/\\\/renatodias.online\\\/movimento\\\/2021\\\/08\\\/27\\\/indicadores-negativos-de-caiado-explodem\\\/#breadcrumb\",\"itemListElement\":[{\"@type\":\"ListItem\",\"position\":1,\"name\":\"In\u00edcio\",\"item\":\"https:\\\/\\\/renatodias.online\\\/movimento\\\/\"},{\"@type\":\"ListItem\",\"position\":2,\"name\":\"Indicadores negativos de Caiado explodem\"}]},{\"@type\":\"WebSite\",\"@id\":\"https:\\\/\\\/renatodias.online\\\/movimento\\\/#website\",\"url\":\"https:\\\/\\\/renatodias.online\\\/movimento\\\/\",\"name\":\"\",\"description\":\"\",\"publisher\":{\"@id\":\"https:\\\/\\\/renatodias.online\\\/movimento\\\/#\\\/schema\\\/person\\\/bbab28833b1725a20f4083f49f1fb2a9\"},\"potentialAction\":[{\"@type\":\"SearchAction\",\"target\":{\"@type\":\"EntryPoint\",\"urlTemplate\":\"https:\\\/\\\/renatodias.online\\\/movimento\\\/?s={search_term_string}\"},\"query-input\":{\"@type\":\"PropertyValueSpecification\",\"valueRequired\":true,\"valueName\":\"search_term_string\"}}],\"inLanguage\":\"pt-BR\"},{\"@type\":[\"Person\",\"Organization\"],\"@id\":\"https:\\\/\\\/renatodias.online\\\/movimento\\\/#\\\/schema\\\/person\\\/bbab28833b1725a20f4083f49f1fb2a9\",\"name\":\"Renato Dias\",\"image\":{\"@type\":\"ImageObject\",\"inLanguage\":\"pt-BR\",\"@id\":\"https:\\\/\\\/renatodias.online\\\/movimento\\\/wp-content\\\/uploads\\\/2023\\\/03\\\/cropped-cropped-cropped-logofinal.jpeg\",\"url\":\"https:\\\/\\\/renatodias.online\\\/movimento\\\/wp-content\\\/uploads\\\/2023\\\/03\\\/cropped-cropped-cropped-logofinal.jpeg\",\"contentUrl\":\"https:\\\/\\\/renatodias.online\\\/movimento\\\/wp-content\\\/uploads\\\/2023\\\/03\\\/cropped-cropped-cropped-logofinal.jpeg\",\"width\":1280,\"height\":219,\"caption\":\"Renato Dias\"},\"logo\":{\"@id\":\"https:\\\/\\\/renatodias.online\\\/movimento\\\/wp-content\\\/uploads\\\/2023\\\/03\\\/cropped-cropped-cropped-logofinal.jpeg\"},\"description\":\"Renato Dias, 58 anos, \u00e9 graduado em Jornalismo, formado em Ci\u00eancias Sociais, com p\u00f3s-gradua\u00e7\u00e3o em Pol\u00edticas P\u00fablicas, mestre em Direito e Rela\u00e7\u00f5es Internacionais, ex-aluno extraordin\u00e1rio do Doutorado em Psicologia Social, ex-estudante do Curso de Psican\u00e1lise do Centro de Estudos Psicanal\u00edticos do Estado de Goi\u00e1s, ministrado pelo m\u00e9dico psiquiatra e psicanalista Daniel Em\u00eddio de Souza. \u00c9 autor de 30 livros-reportagem, oito document\u00e1rios, ganhou 30 pr\u00eamios e \u00e9 torcedor apaixonado do maior do Centro-Oeste, o Vila Nova Futebol Clube. Casado com Meirilane Dias, \u00e9 pai de Juliana Dias, jornalista; Daniel Dias, economista; e Maria Rosa Dias, estudante antifascista, socialista e trotskista.\u00a0Com tr\u00eas pets: Porquinho [Bull Dog Franc\u00eas], Dalila [Basset Hound] e Geleia [Basset Hound]. Al\u00e9m do eterno gato Tutuquinho, que virou estrela.\",\"sameAs\":[\"https:\\\/\\\/www.facebook.com\\\/renato.dias.37\",\"#breve\",\"https:\\\/\\\/renatodias.tumblr.com\\\/\"],\"url\":\"https:\\\/\\\/renatodias.online\\\/movimento\\\/author\\\/renatodias\\\/\"}]}<\/script>\n<!-- \/ Yoast SEO plugin. -->","yoast_head_json":{"title":"Indicadores negativos de Caiado explodem -","robots":{"index":"index","follow":"follow","max-snippet":"max-snippet:-1","max-image-preview":"max-image-preview:large","max-video-preview":"max-video-preview:-1"},"canonical":"https:\/\/renatodias.online\/movimento\/2021\/08\/27\/indicadores-negativos-de-caiado-explodem\/","og_locale":"pt_BR","og_type":"article","og_title":"Indicadores negativos de Caiado explodem -","og_description":"Indicadores de Caiado despencam \u00a0 Crise na UEG, cortes na Cultura, Pandemia sem controle e esc\u00e2ndalos Renato Dias O festival de indicadores negativos, em 2019, 2020 e 2021, do Estado de Goi\u00e1s, aponta a administra\u00e7\u00e3o p\u00edfia do atual inquilino da Casa Verde, Ronaldo Caiado [Democratas]. \u00c9 o que analisa o ex &#8211; presidente da Assembleia","og_url":"https:\/\/renatodias.online\/movimento\/2021\/08\/27\/indicadores-negativos-de-caiado-explodem\/","article_publisher":"https:\/\/www.facebook.com\/renato.dias.37","article_author":"https:\/\/www.facebook.com\/renato.dias.37","article_published_time":"2021-08-27T23:12:16+00:00","og_image":[{"width":1500,"height":1025,"url":"https:\/\/renatodias.online\/movimento\/wp-content\/uploads\/2021\/08\/Ronaldo-Caiado-_-Link.jpeg","type":"image\/jpeg"}],"author":"Renato Dias","twitter_card":"summary_large_image","twitter_creator":"@RenatoDiasBat","twitter_site":"@RenatoDiasBat","twitter_misc":{"Escrito por":"Renato Dias","Est. tempo de leitura":"4 minutos"},"schema":{"@context":"https:\/\/schema.org","@graph":[{"@type":"Article","@id":"https:\/\/renatodias.online\/movimento\/2021\/08\/27\/indicadores-negativos-de-caiado-explodem\/#article","isPartOf":{"@id":"https:\/\/renatodias.online\/movimento\/2021\/08\/27\/indicadores-negativos-de-caiado-explodem\/"},"author":{"name":"Renato Dias","@id":"https:\/\/renatodias.online\/movimento\/#\/schema\/person\/bbab28833b1725a20f4083f49f1fb2a9"},"headline":"Indicadores negativos de Caiado explodem","datePublished":"2021-08-27T23:12:16+00:00","mainEntityOfPage":{"@id":"https:\/\/renatodias.online\/movimento\/2021\/08\/27\/indicadores-negativos-de-caiado-explodem\/"},"wordCount":789,"commentCount":0,"publisher":{"@id":"https:\/\/renatodias.online\/movimento\/#\/schema\/person\/bbab28833b1725a20f4083f49f1fb2a9"},"image":{"@id":"https:\/\/renatodias.online\/movimento\/2021\/08\/27\/indicadores-negativos-de-caiado-explodem\/#primaryimage"},"thumbnailUrl":"https:\/\/renatodias.online\/movimento\/wp-content\/uploads\/2021\/08\/Ronaldo-Caiado-_-Link.jpeg","articleSection":["Pol\u00edtica"],"inLanguage":"pt-BR","potentialAction":[{"@type":"CommentAction","name":"Comment","target":["https:\/\/renatodias.online\/movimento\/2021\/08\/27\/indicadores-negativos-de-caiado-explodem\/#respond"]}]},{"@type":"WebPage","@id":"https:\/\/renatodias.online\/movimento\/2021\/08\/27\/indicadores-negativos-de-caiado-explodem\/","url":"https:\/\/renatodias.online\/movimento\/2021\/08\/27\/indicadores-negativos-de-caiado-explodem\/","name":"Indicadores negativos de Caiado explodem -","isPartOf":{"@id":"https:\/\/renatodias.online\/movimento\/#website"},"primaryImageOfPage":{"@id":"https:\/\/renatodias.online\/movimento\/2021\/08\/27\/indicadores-negativos-de-caiado-explodem\/#primaryimage"},"image":{"@id":"https:\/\/renatodias.online\/movimento\/2021\/08\/27\/indicadores-negativos-de-caiado-explodem\/#primaryimage"},"thumbnailUrl":"https:\/\/renatodias.online\/movimento\/wp-content\/uploads\/2021\/08\/Ronaldo-Caiado-_-Link.jpeg","datePublished":"2021-08-27T23:12:16+00:00","breadcrumb":{"@id":"https:\/\/renatodias.online\/movimento\/2021\/08\/27\/indicadores-negativos-de-caiado-explodem\/#breadcrumb"},"inLanguage":"pt-BR","potentialAction":[{"@type":"ReadAction","target":["https:\/\/renatodias.online\/movimento\/2021\/08\/27\/indicadores-negativos-de-caiado-explodem\/"]}]},{"@type":"ImageObject","inLanguage":"pt-BR","@id":"https:\/\/renatodias.online\/movimento\/2021\/08\/27\/indicadores-negativos-de-caiado-explodem\/#primaryimage","url":"https:\/\/renatodias.online\/movimento\/wp-content\/uploads\/2021\/08\/Ronaldo-Caiado-_-Link.jpeg","contentUrl":"https:\/\/renatodias.online\/movimento\/wp-content\/uploads\/2021\/08\/Ronaldo-Caiado-_-Link.jpeg","width":1500,"height":1025,"caption":"Ronaldo Caiado: crise aguda"},{"@type":"BreadcrumbList","@id":"https:\/\/renatodias.online\/movimento\/2021\/08\/27\/indicadores-negativos-de-caiado-explodem\/#breadcrumb","itemListElement":[{"@type":"ListItem","position":1,"name":"In\u00edcio","item":"https:\/\/renatodias.online\/movimento\/"},{"@type":"ListItem","position":2,"name":"Indicadores negativos de Caiado explodem"}]},{"@type":"WebSite","@id":"https:\/\/renatodias.online\/movimento\/#website","url":"https:\/\/renatodias.online\/movimento\/","name":"","description":"","publisher":{"@id":"https:\/\/renatodias.online\/movimento\/#\/schema\/person\/bbab28833b1725a20f4083f49f1fb2a9"},"potentialAction":[{"@type":"SearchAction","target":{"@type":"EntryPoint","urlTemplate":"https:\/\/renatodias.online\/movimento\/?s={search_term_string}"},"query-input":{"@type":"PropertyValueSpecification","valueRequired":true,"valueName":"search_term_string"}}],"inLanguage":"pt-BR"},{"@type":["Person","Organization"],"@id":"https:\/\/renatodias.online\/movimento\/#\/schema\/person\/bbab28833b1725a20f4083f49f1fb2a9","name":"Renato Dias","image":{"@type":"ImageObject","inLanguage":"pt-BR","@id":"https:\/\/renatodias.online\/movimento\/wp-content\/uploads\/2023\/03\/cropped-cropped-cropped-logofinal.jpeg","url":"https:\/\/renatodias.online\/movimento\/wp-content\/uploads\/2023\/03\/cropped-cropped-cropped-logofinal.jpeg","contentUrl":"https:\/\/renatodias.online\/movimento\/wp-content\/uploads\/2023\/03\/cropped-cropped-cropped-logofinal.jpeg","width":1280,"height":219,"caption":"Renato Dias"},"logo":{"@id":"https:\/\/renatodias.online\/movimento\/wp-content\/uploads\/2023\/03\/cropped-cropped-cropped-logofinal.jpeg"},"description":"Renato Dias, 58 anos, \u00e9 graduado em Jornalismo, formado em Ci\u00eancias Sociais, com p\u00f3s-gradua\u00e7\u00e3o em Pol\u00edticas P\u00fablicas, mestre em Direito e Rela\u00e7\u00f5es Internacionais, ex-aluno extraordin\u00e1rio do Doutorado em Psicologia Social, ex-estudante do Curso de Psican\u00e1lise do Centro de Estudos Psicanal\u00edticos do Estado de Goi\u00e1s, ministrado pelo m\u00e9dico psiquiatra e psicanalista Daniel Em\u00eddio de Souza. \u00c9 autor de 30 livros-reportagem, oito document\u00e1rios, ganhou 30 pr\u00eamios e \u00e9 torcedor apaixonado do maior do Centro-Oeste, o Vila Nova Futebol Clube. Casado com Meirilane Dias, \u00e9 pai de Juliana Dias, jornalista; Daniel Dias, economista; e Maria Rosa Dias, estudante antifascista, socialista e trotskista.\u00a0Com tr\u00eas pets: Porquinho [Bull Dog Franc\u00eas], Dalila [Basset Hound] e Geleia [Basset Hound]. Al\u00e9m do eterno gato Tutuquinho, que virou estrela.","sameAs":["https:\/\/www.facebook.com\/renato.dias.37","#breve","https:\/\/renatodias.tumblr.com\/"],"url":"https:\/\/renatodias.online\/movimento\/author\/renatodias\/"}]}},"_links":{"self":[{"href":"https:\/\/renatodias.online\/movimento\/wp-json\/wp\/v2\/posts\/8774","targetHints":{"allow":["GET"]}}],"collection":[{"href":"https:\/\/renatodias.online\/movimento\/wp-json\/wp\/v2\/posts"}],"about":[{"href":"https:\/\/renatodias.online\/movimento\/wp-json\/wp\/v2\/types\/post"}],"author":[{"embeddable":true,"href":"https:\/\/renatodias.online\/movimento\/wp-json\/wp\/v2\/users\/2"}],"replies":[{"embeddable":true,"href":"https:\/\/renatodias.online\/movimento\/wp-json\/wp\/v2\/comments?post=8774"}],"version-history":[{"count":1,"href":"https:\/\/renatodias.online\/movimento\/wp-json\/wp\/v2\/posts\/8774\/revisions"}],"predecessor-version":[{"id":8778,"href":"https:\/\/renatodias.online\/movimento\/wp-json\/wp\/v2\/posts\/8774\/revisions\/8778"}],"wp:featuredmedia":[{"embeddable":true,"href":"https:\/\/renatodias.online\/movimento\/wp-json\/wp\/v2\/media\/8777"}],"wp:attachment":[{"href":"https:\/\/renatodias.online\/movimento\/wp-json\/wp\/v2\/media?parent=8774"}],"wp:term":[{"taxonomy":"category","embeddable":true,"href":"https:\/\/renatodias.online\/movimento\/wp-json\/wp\/v2\/categories?post=8774"},{"taxonomy":"post_tag","embeddable":true,"href":"https:\/\/renatodias.online\/movimento\/wp-json\/wp\/v2\/tags?post=8774"}],"curies":[{"name":"wp","href":"https:\/\/api.w.org\/{rel}","templated":true}]}}