{"id":8715,"date":"2021-08-24T19:03:52","date_gmt":"2021-08-24T22:03:52","guid":{"rendered":"https:\/\/renatodias.online\/movimento\/?p=8715"},"modified":"2021-08-24T19:03:52","modified_gmt":"2021-08-24T22:03:52","slug":"a-morte-e-o-legado-de-trotski","status":"publish","type":"post","link":"https:\/\/renatodias.online\/movimento\/2021\/08\/24\/a-morte-e-o-legado-de-trotski\/","title":{"rendered":"A morte e o legado de Trotski"},"content":{"rendered":"<p><img loading=\"lazy\" decoding=\"async\" class=\"alignnone size-full wp-image-7107\" src=\"https:\/\/renatodias.online\/movimento\/wp-content\/uploads\/2021\/06\/Logomarca-de-Historia-_-MR-8.jpg\" alt=\"\" width=\"1024\" height=\"681\" \/><\/p>\n<p><img loading=\"lazy\" decoding=\"async\" class=\"size-full wp-image-8316 aligncenter\" src=\"https:\/\/renatodias.online\/movimento\/wp-content\/uploads\/2021\/08\/Exclusivo-Logomarca.png\" alt=\"\" width=\"225\" height=\"225\" srcset=\"https:\/\/renatodias.online\/movimento\/wp-content\/uploads\/2021\/08\/Exclusivo-Logomarca.png 225w, https:\/\/renatodias.online\/movimento\/wp-content\/uploads\/2021\/08\/Exclusivo-Logomarca-150x150.png 150w\" sizes=\"auto, (max-width: 225px) 100vw, 225px\" \/><\/p>\n<h1 style=\"text-align: center;\"><span style=\"color: #ff0000;\"><strong>A morte e o legado de Trotski<\/strong><\/span><\/h1>\n<h1 style=\"text-align: center;\"><span style=\"color: #008000;\"><strong>81 anos depois<\/strong><\/span><\/h1>\n<h1 style=\"text-align: center;\"><span style=\"color: #3366ff;\"><strong>1940-2021<\/strong><\/span><\/h1>\n<p><strong>\u00a0<\/strong><\/p>\n<p><strong>Everaldo Andrade<\/strong><\/p>\n<p>Winston Churchill, primeiro-ministro conservador da Inglaterra, escreveu mais de uma vez sobre Leon Trotsky e desejou que ele e suas ideias morressem e fossem esquecidos pela Hist\u00f3ria. Mas ele foi obrigado a reconhecer que talvez apenas Trotsky e L\u00eanin sobrevivessem na Hist\u00f3ria como os mais conhecidos personagens e l\u00edderes da revolu\u00e7\u00e3o russa de outubro de 1917.<\/p>\n<figure id=\"attachment_4014\" aria-describedby=\"caption-attachment-4014\" style=\"width: 373px\" class=\"wp-caption aligncenter\"><img loading=\"lazy\" decoding=\"async\" class=\"size-full wp-image-4014\" src=\"https:\/\/renatodias.online\/movimento\/wp-content\/uploads\/2020\/06\/Vladimir-Ilich-Ulianov-L\u00eanin-4.jpg\" alt=\"\" width=\"373\" height=\"500\" \/><figcaption id=\"caption-attachment-4014\" class=\"wp-caption-text\"><strong>Vladimir Ilich Ulianov \u2013 L\u00eanin<\/strong><\/figcaption><\/figure>\n<p>O \u00f3dio brutal do principal l\u00edder da burguesia inglesa ao l\u00edder bolchevique se direcionava na verdade contra a revolu\u00e7\u00e3o russa, contra a classe oper\u00e1ria que ousara assumir o poder, contra a revolu\u00e7\u00e3o socialista mundial que assombrava os capitalistas. Esse mesmo Churchill como a maior parte das burguesias do mundo elogiaram Hitler e os nazistas nos anos 1930 pela capacidade que tiveram de reprimirem e esmagarem a mais poderosa classe oper\u00e1ria de ent\u00e3o, a alem\u00e3.<\/p>\n<figure id=\"attachment_8717\" aria-describedby=\"caption-attachment-8717\" style=\"width: 1200px\" class=\"wp-caption alignnone\"><img loading=\"lazy\" decoding=\"async\" class=\"size-full wp-image-8717\" src=\"https:\/\/renatodias.online\/movimento\/wp-content\/uploads\/2021\/08\/Winston-Churchill.jpg\" alt=\"\" width=\"1200\" height=\"675\" \/><figcaption id=\"caption-attachment-8717\" class=\"wp-caption-text\"><strong>Winston Churchill<\/strong><\/figcaption><\/figure>\n<p>St\u00e1lin foi al\u00e9m do \u00f3dio e ordenou a execu\u00e7\u00e3o de Trotsky. Todo o enorme aparato pol\u00edtico da Internacional Comunista, seus partidos, jornais e lideran\u00e7as, mas tamb\u00e9m a pol\u00edcia stalinista dentro e fora da URSS (a NKVD, a GPU) perseguiriam de maneira implac\u00e1vel Trotsky e todos aqueles que ousassem discordar da tirania stalinista que se impunha. Na Alemanha, St\u00e1lin tamb\u00e9m ajudou a abrir caminho para Hitler dividindo a classe oper\u00e1ria alem\u00e3 em 1933, impedindo sua unidade para derrotar o nazismo.<\/p>\n<p>O \u00f3dio da burocracia stalinista contra o revolucion\u00e1rio russo \u2013 antigo presidente do soviete de Petrogrado em 1917 e criador do Ex\u00e9rcito Vermelho \u2013 tinha como alvo a democracia socialista e a possibilidade da revolu\u00e7\u00e3o mundial. Aferrados a crescentes privil\u00e9gios e a uma ditadura cada vez mais brutal contra a classe oper\u00e1ria e o povo sovi\u00e9tico, a burocracia stalinista temia a revolu\u00e7\u00e3o tanto quanto os capitalistas.<\/p>\n<figure id=\"attachment_8716\" aria-describedby=\"caption-attachment-8716\" style=\"width: 860px\" class=\"wp-caption alignnone\"><img loading=\"lazy\" decoding=\"async\" class=\"size-full wp-image-8716\" src=\"https:\/\/renatodias.online\/movimento\/wp-content\/uploads\/2021\/08\/Revolucao-Russa-de-1917.jpg\" alt=\"\" width=\"860\" height=\"570\" srcset=\"https:\/\/renatodias.online\/movimento\/wp-content\/uploads\/2021\/08\/Revolucao-Russa-de-1917.jpg 860w, https:\/\/renatodias.online\/movimento\/wp-content\/uploads\/2021\/08\/Revolucao-Russa-de-1917-300x199.jpg 300w, https:\/\/renatodias.online\/movimento\/wp-content\/uploads\/2021\/08\/Revolucao-Russa-de-1917-768x509.jpg 768w, https:\/\/renatodias.online\/movimento\/wp-content\/uploads\/2021\/08\/Revolucao-Russa-de-1917-360x240.jpg 360w, https:\/\/renatodias.online\/movimento\/wp-content\/uploads\/2021\/08\/Revolucao-Russa-de-1917-750x497.jpg 750w\" sizes=\"auto, (max-width: 860px) 100vw, 860px\" \/><figcaption id=\"caption-attachment-8716\" class=\"wp-caption-text\"><strong>Revolu\u00e7\u00e3o Russa de 1917<\/strong><\/figcaption><\/figure>\n<p>Para o grande acordo em defesa da conviv\u00eancia e estabilidade com os capitalistas St\u00e1lin ofereceria o assassinato de Trotsky em 1940, mas antes buscou em plena d\u00e9cada de 1930 \u2013 quando o mundo capitalista mergulhava em profunda crise \u2013 novos acordos com as burguesias dos principais estados capitalistas. Tratava-se das pol\u00edticas de colabora\u00e7\u00e3o de classes ou Frentes Populares como ficaram conhecidas e que de fato colocavam as organiza\u00e7\u00f5es oper\u00e1rias em frentes controladas por partidos das burguesias.<\/p>\n<p>Essa pol\u00edtica teve o efeito desastroso, por exemplo, de bloquear a revolu\u00e7\u00e3o espanhola (1936-1939) ou criar uma frente com a burguesia francesa no momento de ascens\u00e3o da luta de classes na Fran\u00e7a. A 3\u00aa Internacional, depois de capitular e n\u00e3o combater o nazismo, submeteu-se completamente ao controle dos chefes nomeados de cima para baixo por St\u00e1lin e tornou-se um ap\u00eandice das manobras diplom\u00e1ticas da pol\u00edtica externa da URSS.<\/p>\n<h1><span style=\"color: #008000;\"><strong>Oposi\u00e7\u00e3o de esquerda e a 4\u00aa Internacional<\/strong><\/span><\/h1>\n<p>Ap\u00f3s a ascens\u00e3o de Hitler na Alemanha em janeiro de 1933, a Oposi\u00e7\u00e3o Internacional de Esquerda passou a defender a proposta de se construir uma 4\u00aa Internacional a partir de uma orienta\u00e7\u00e3o de frente \u00fanica, chamando a mais ampla unidade das organiza\u00e7\u00f5es oper\u00e1rias para lutar contra o fascismo. As organiza\u00e7\u00f5es dirigidas pelo stalinismo defendem nesse momento as frentes amplas com as burguesias, que na pr\u00e1tica, em nome da \u201cunidade\u201d ou da \u201cdemocracia\u201d, obrigavam e pressionavam sindicatos por exemplo a abrirem m\u00e3o de sal\u00e1rios, direitos e greves.<\/p>\n<p>No Brasil essa pol\u00edtica se traduziu na cria\u00e7\u00e3o da ANL (Alian\u00e7a Nacional Libertadora) impulsionada pelo Partido Comunista (PCB) e que, ao contr\u00e1rio do que dizia seu nome, buscava aprisionar a classe oper\u00e1ria brasileira aos objetivos da burguesia. \u00a0Em 1936 Trotsky est\u00e1 empenhado tamb\u00e9m em impulsionar o \u201cMovimento pela 4\u00aa Internacional\u201d, ap\u00f3s a completa fal\u00eancia e burocratiza\u00e7\u00e3o da 3\u00aa Internacional comunista que n\u00e3o esbo\u00e7ara nenhuma rea\u00e7\u00e3o \u00e0 derrota do movimento oper\u00e1rio alem\u00e3o ao nazismo.<\/p>\n<figure id=\"attachment_7111\" aria-describedby=\"caption-attachment-7111\" style=\"width: 1280px\" class=\"wp-caption alignnone\"><img loading=\"lazy\" decoding=\"async\" class=\"size-full wp-image-7111\" src=\"https:\/\/renatodias.online\/movimento\/wp-content\/uploads\/2021\/06\/Luiz-Carlos-Prestes-_-MR-8.jpeg\" alt=\"\" width=\"1280\" height=\"720\" srcset=\"https:\/\/renatodias.online\/movimento\/wp-content\/uploads\/2021\/06\/Luiz-Carlos-Prestes-_-MR-8.jpeg 1280w, https:\/\/renatodias.online\/movimento\/wp-content\/uploads\/2021\/06\/Luiz-Carlos-Prestes-_-MR-8-300x169.jpeg 300w, https:\/\/renatodias.online\/movimento\/wp-content\/uploads\/2021\/06\/Luiz-Carlos-Prestes-_-MR-8-768x432.jpeg 768w, https:\/\/renatodias.online\/movimento\/wp-content\/uploads\/2021\/06\/Luiz-Carlos-Prestes-_-MR-8-750x422.jpeg 750w\" sizes=\"auto, (max-width: 1280px) 100vw, 1280px\" \/><figcaption id=\"caption-attachment-7111\" class=\"wp-caption-text\"><strong>Luiz Carlos Prestes, secret\u00e1rio-geral do PCB<\/strong><\/figcaption><\/figure>\n<p>Depois de ser expulso da Fran\u00e7a e na Noruega ser amea\u00e7ado de deporta\u00e7\u00e3o para a URSS (onde seria fuzilado por St\u00e1lin), o governo de L\u00e1zaro C\u00e1rdenas no M\u00e9xico ofereceu asilo ao velho revolucion\u00e1rio russo. A heran\u00e7a da revolu\u00e7\u00e3o mexicana (1910-1917) de Pancho Villa e Emiliano Zapata se fizera presente nesse gesto. Nos meses que antecederam sua morte, Trotsky buscava fortalecer a rec\u00e9m fundada 4\u00aa Internacional que se formara em 1938 e dava seus primeiros passos. Como afirma seu texto fundador \u2013 o Programa de Transi\u00e7\u00e3o \u2013 \u201ca crise da humanidade se resume \u00e0 crise da dire\u00e7\u00e3o revolucion\u00e1ria\u201d. As condi\u00e7\u00f5es objetivas para a revolu\u00e7\u00e3o socialista estavam dadas e era necess\u00e1rio construir uma nova dire\u00e7\u00e3o revolucion\u00e1ria. Sem o socialismo a humanidade estaria amea\u00e7ada de ser arrastada a barb\u00e1rie pela perman\u00eancia do capitalismo. A barb\u00e1rie estava mesmo pr\u00f3xima.<\/p>\n<figure id=\"attachment_8547\" aria-describedby=\"caption-attachment-8547\" style=\"width: 696px\" class=\"wp-caption aligncenter\"><img loading=\"lazy\" decoding=\"async\" class=\"size-full wp-image-8547\" src=\"https:\/\/renatodias.online\/movimento\/wp-content\/uploads\/2021\/08\/IV-Internacional-Especial-O-Trabalho.png\" alt=\"\" width=\"696\" height=\"795\" srcset=\"https:\/\/renatodias.online\/movimento\/wp-content\/uploads\/2021\/08\/IV-Internacional-Especial-O-Trabalho.png 696w, https:\/\/renatodias.online\/movimento\/wp-content\/uploads\/2021\/08\/IV-Internacional-Especial-O-Trabalho-263x300.png 263w\" sizes=\"auto, (max-width: 696px) 100vw, 696px\" \/><figcaption id=\"caption-attachment-8547\" class=\"wp-caption-text\"><strong>IV Internacional<\/strong><\/figcaption><\/figure>\n<p>A Segunda Guerra mundial (1939-1945) que mataria dezenas de milh\u00f5es se seres humanos nos anos seguintes apenas come\u00e7ava. Trotsky assinalou em suas \u00faltimas notas escritas pouco antes do seu assassinato: \u201cA Segunda Guerra Mundial coloca a quest\u00e3o da mudan\u00e7a de regime de maneira mais imperiosa e urgente que a Primeira. \u00c9 sobretudo uma quest\u00e3o de regime pol\u00edtico. Os oper\u00e1rios sabem que a democracia em toda a parte naufragou e que o fascismo os amea\u00e7a mesmo ali onde \u00e9 inexistente. A burguesia dos pa\u00edses democr\u00e1ticos vai naturalmente utilizar este medo do fascismo por parte dos oper\u00e1rios, mas, por outro lado, a fal\u00eancia das democracias, seu desmoronamento, sua dolorosa transforma\u00e7\u00e3o em ditaduras reacion\u00e1rias, obrigam os oper\u00e1rios a se colocar a quest\u00e3o do poder e os torna respons\u00e1veis por coloc\u00e1-la. (\u2026).<\/p>\n<p>Churchill e St\u00e1lin temiam os abalos da conjuntura internacional \u00e0 estabilidade pol\u00edtica. Temiam que se repetisse o que ocorrera ao final da Primeira Guerra (1914-1918), a explos\u00e3o das massas populares e as revolu\u00e7\u00f5es. Era essa a aposta de Trotsky e da 4\u00aa Internacional. O stalinismo se tornara linha auxiliar da estabilidade internacional, apesar de todas as apar\u00eancias em contr\u00e1rio.<\/p>\n<figure id=\"attachment_8197\" aria-describedby=\"caption-attachment-8197\" style=\"width: 733px\" class=\"wp-caption aligncenter\"><img loading=\"lazy\" decoding=\"async\" class=\"size-full wp-image-8197\" src=\"https:\/\/renatodias.online\/movimento\/wp-content\/uploads\/2021\/07\/Josep-Stalin-Especial.jpg\" alt=\"\" width=\"733\" height=\"1024\" \/><figcaption id=\"caption-attachment-8197\" class=\"wp-caption-text\"><strong>Josep St\u00e1lin _ 1878-1953<\/strong><\/figcaption><\/figure>\n<p>E o final da guerra em 1945 de fato levou milh\u00f5es \u00e0s ruas numa onda revolucion\u00e1ria anticapitalista que varreu todo o planeta. Nem Get\u00falio Vargas no Brasil escapou. Depois a destrui\u00e7\u00e3o final da Internacional Comunista em 1943 e ainda os acordos Yalta e Postdam ao final da Segunda Guerra.<\/p>\n<figure id=\"attachment_8203\" aria-describedby=\"caption-attachment-8203\" style=\"width: 1280px\" class=\"wp-caption alignnone\"><img loading=\"lazy\" decoding=\"async\" class=\"size-full wp-image-8203\" src=\"https:\/\/renatodias.online\/movimento\/wp-content\/uploads\/2021\/07\/Adolf-Hitler.jpg\" alt=\"\" width=\"1280\" height=\"720\" \/><figcaption id=\"caption-attachment-8203\" class=\"wp-caption-text\"><strong>Adolf Hitler<\/strong><\/figcaption><\/figure>\n<p>A vit\u00f3ria contra o fascismo de Hitler e Mussolini s\u00f3 foi poss\u00edvel porque houve a revolu\u00e7\u00e3o de outubro de 1917, que pode transformar a R\u00fassia rural e atrasada em uma pot\u00eancia industrial atrav\u00e9s da planifica\u00e7\u00e3o econ\u00f4mica socialista, com a elimina\u00e7\u00e3o da propriedade privada dos meios de produ\u00e7\u00e3o. O objetivo do aparelho stalinista eliminando Trotsky era o de liquidar com o fio de continuidade da Revolu\u00e7\u00e3o de Outubro de 1917, a sua heran\u00e7a e exemplo. O assassinato de Trotsky ocorreu entre os dias 20 quando sofreu um atentado em sua casa e 21 de agosto quando morre em um hospital da cidade do M\u00e9xico. 81 anos depois, a 4\u00aa Internacional prossegue seu combate para ajudar a classe a se colocar a quest\u00e3o do poder e p\u00f4r fim ao sistema da propriedade privada dos grandes meios de produ\u00e7\u00e3o.<\/p>\n<figure id=\"attachment_3514\" aria-describedby=\"caption-attachment-3514\" style=\"width: 1200px\" class=\"wp-caption alignnone\"><img loading=\"lazy\" decoding=\"async\" class=\"size-full wp-image-3514\" src=\"https:\/\/renatodias.online\/movimento\/wp-content\/uploads\/2020\/05\/Leon-Trotski-Galeria-de-imagens-1.jpg\" alt=\"\" width=\"1200\" height=\"675\" \/><figcaption id=\"caption-attachment-3514\" class=\"wp-caption-text\"><strong>Leon Trotsky<\/strong><\/figcaption><\/figure>\n","protected":false},"excerpt":{"rendered":"<p>A morte e o legado de Trotski 81 anos depois 1940-2021 \u00a0 Everaldo Andrade Winston Churchill, primeiro-ministro conservador da Inglaterra, escreveu mais de uma vez sobre Leon Trotsky e desejou que ele e suas ideias morressem e fossem esquecidos pela Hist\u00f3ria. Mas ele foi obrigado a reconhecer que talvez apenas Trotsky e L\u00eanin sobrevivessem na<\/p>\n","protected":false},"author":2,"featured_media":4326,"comment_status":"open","ping_status":"open","sticky":false,"template":"","format":"standard","meta":{"_acf_changed":false,"_monsterinsights_skip_tracking":false,"_monsterinsights_sitenote_active":false,"_monsterinsights_sitenote_note":"","_monsterinsights_sitenote_category":0,"footnotes":""},"categories":[4],"tags":[],"class_list":["post-8715","post","type-post","status-publish","format-standard","has-post-thumbnail","hentry","category-politica"],"acf":[],"yoast_head":"<!-- This site is optimized with the Yoast SEO plugin v27.4 - https:\/\/yoast.com\/product\/yoast-seo-wordpress\/ -->\n<title>A morte e o legado de Trotski -<\/title>\n<meta name=\"robots\" content=\"index, follow, max-snippet:-1, max-image-preview:large, max-video-preview:-1\" \/>\n<link rel=\"canonical\" href=\"https:\/\/renatodias.online\/movimento\/2021\/08\/24\/a-morte-e-o-legado-de-trotski\/\" \/>\n<meta property=\"og:locale\" content=\"pt_BR\" \/>\n<meta property=\"og:type\" content=\"article\" \/>\n<meta property=\"og:title\" content=\"A morte e o legado de Trotski -\" \/>\n<meta property=\"og:description\" content=\"A morte e o legado de Trotski 81 anos depois 1940-2021 \u00a0 Everaldo Andrade Winston Churchill, primeiro-ministro conservador da Inglaterra, escreveu mais de uma vez sobre Leon Trotsky e desejou que ele e suas ideias morressem e fossem esquecidos pela Hist\u00f3ria. Mas ele foi obrigado a reconhecer que talvez apenas Trotsky e L\u00eanin sobrevivessem na\" \/>\n<meta property=\"og:url\" content=\"https:\/\/renatodias.online\/movimento\/2021\/08\/24\/a-morte-e-o-legado-de-trotski\/\" \/>\n<meta property=\"article:publisher\" content=\"https:\/\/www.facebook.com\/renato.dias.37\" \/>\n<meta property=\"article:author\" content=\"https:\/\/www.facebook.com\/renato.dias.37\" \/>\n<meta property=\"article:published_time\" content=\"2021-08-24T22:03:52+00:00\" \/>\n<meta property=\"og:image\" content=\"https:\/\/renatodias.online\/movimento\/wp-content\/uploads\/2020\/09\/Leon-Trotski-www.renatodias.online.jpg\" \/>\n\t<meta property=\"og:image:width\" content=\"267\" \/>\n\t<meta property=\"og:image:height\" content=\"188\" \/>\n\t<meta property=\"og:image:type\" content=\"image\/jpeg\" \/>\n<meta name=\"author\" content=\"Renato Dias\" \/>\n<meta name=\"twitter:card\" content=\"summary_large_image\" \/>\n<meta name=\"twitter:creator\" content=\"@RenatoDiasBat\" \/>\n<meta name=\"twitter:site\" content=\"@RenatoDiasBat\" \/>\n<meta name=\"twitter:label1\" content=\"Escrito por\" \/>\n\t<meta name=\"twitter:data1\" content=\"Renato Dias\" \/>\n\t<meta name=\"twitter:label2\" content=\"Est. tempo de leitura\" \/>\n\t<meta name=\"twitter:data2\" content=\"6 minutos\" \/>\n<script type=\"application\/ld+json\" class=\"yoast-schema-graph\">{\"@context\":\"https:\\\/\\\/schema.org\",\"@graph\":[{\"@type\":\"Article\",\"@id\":\"https:\\\/\\\/renatodias.online\\\/movimento\\\/2021\\\/08\\\/24\\\/a-morte-e-o-legado-de-trotski\\\/#article\",\"isPartOf\":{\"@id\":\"https:\\\/\\\/renatodias.online\\\/movimento\\\/2021\\\/08\\\/24\\\/a-morte-e-o-legado-de-trotski\\\/\"},\"author\":{\"name\":\"Renato Dias\",\"@id\":\"https:\\\/\\\/renatodias.online\\\/movimento\\\/#\\\/schema\\\/person\\\/bbab28833b1725a20f4083f49f1fb2a9\"},\"headline\":\"A morte e o legado de Trotski\",\"datePublished\":\"2021-08-24T22:03:52+00:00\",\"mainEntityOfPage\":{\"@id\":\"https:\\\/\\\/renatodias.online\\\/movimento\\\/2021\\\/08\\\/24\\\/a-morte-e-o-legado-de-trotski\\\/\"},\"wordCount\":1298,\"commentCount\":0,\"publisher\":{\"@id\":\"https:\\\/\\\/renatodias.online\\\/movimento\\\/#\\\/schema\\\/person\\\/bbab28833b1725a20f4083f49f1fb2a9\"},\"image\":{\"@id\":\"https:\\\/\\\/renatodias.online\\\/movimento\\\/2021\\\/08\\\/24\\\/a-morte-e-o-legado-de-trotski\\\/#primaryimage\"},\"thumbnailUrl\":\"https:\\\/\\\/renatodias.online\\\/movimento\\\/wp-content\\\/uploads\\\/2020\\\/09\\\/Leon-Trotski-www.renatodias.online.jpg\",\"articleSection\":[\"Pol\u00edtica\"],\"inLanguage\":\"pt-BR\",\"potentialAction\":[{\"@type\":\"CommentAction\",\"name\":\"Comment\",\"target\":[\"https:\\\/\\\/renatodias.online\\\/movimento\\\/2021\\\/08\\\/24\\\/a-morte-e-o-legado-de-trotski\\\/#respond\"]}]},{\"@type\":\"WebPage\",\"@id\":\"https:\\\/\\\/renatodias.online\\\/movimento\\\/2021\\\/08\\\/24\\\/a-morte-e-o-legado-de-trotski\\\/\",\"url\":\"https:\\\/\\\/renatodias.online\\\/movimento\\\/2021\\\/08\\\/24\\\/a-morte-e-o-legado-de-trotski\\\/\",\"name\":\"A morte e o legado de Trotski -\",\"isPartOf\":{\"@id\":\"https:\\\/\\\/renatodias.online\\\/movimento\\\/#website\"},\"primaryImageOfPage\":{\"@id\":\"https:\\\/\\\/renatodias.online\\\/movimento\\\/2021\\\/08\\\/24\\\/a-morte-e-o-legado-de-trotski\\\/#primaryimage\"},\"image\":{\"@id\":\"https:\\\/\\\/renatodias.online\\\/movimento\\\/2021\\\/08\\\/24\\\/a-morte-e-o-legado-de-trotski\\\/#primaryimage\"},\"thumbnailUrl\":\"https:\\\/\\\/renatodias.online\\\/movimento\\\/wp-content\\\/uploads\\\/2020\\\/09\\\/Leon-Trotski-www.renatodias.online.jpg\",\"datePublished\":\"2021-08-24T22:03:52+00:00\",\"breadcrumb\":{\"@id\":\"https:\\\/\\\/renatodias.online\\\/movimento\\\/2021\\\/08\\\/24\\\/a-morte-e-o-legado-de-trotski\\\/#breadcrumb\"},\"inLanguage\":\"pt-BR\",\"potentialAction\":[{\"@type\":\"ReadAction\",\"target\":[\"https:\\\/\\\/renatodias.online\\\/movimento\\\/2021\\\/08\\\/24\\\/a-morte-e-o-legado-de-trotski\\\/\"]}]},{\"@type\":\"ImageObject\",\"inLanguage\":\"pt-BR\",\"@id\":\"https:\\\/\\\/renatodias.online\\\/movimento\\\/2021\\\/08\\\/24\\\/a-morte-e-o-legado-de-trotski\\\/#primaryimage\",\"url\":\"https:\\\/\\\/renatodias.online\\\/movimento\\\/wp-content\\\/uploads\\\/2020\\\/09\\\/Leon-Trotski-www.renatodias.online.jpg\",\"contentUrl\":\"https:\\\/\\\/renatodias.online\\\/movimento\\\/wp-content\\\/uploads\\\/2020\\\/09\\\/Leon-Trotski-www.renatodias.online.jpg\",\"width\":267,\"height\":188,\"caption\":\"Leon Trotski\"},{\"@type\":\"BreadcrumbList\",\"@id\":\"https:\\\/\\\/renatodias.online\\\/movimento\\\/2021\\\/08\\\/24\\\/a-morte-e-o-legado-de-trotski\\\/#breadcrumb\",\"itemListElement\":[{\"@type\":\"ListItem\",\"position\":1,\"name\":\"In\u00edcio\",\"item\":\"https:\\\/\\\/renatodias.online\\\/movimento\\\/\"},{\"@type\":\"ListItem\",\"position\":2,\"name\":\"A morte e o legado de Trotski\"}]},{\"@type\":\"WebSite\",\"@id\":\"https:\\\/\\\/renatodias.online\\\/movimento\\\/#website\",\"url\":\"https:\\\/\\\/renatodias.online\\\/movimento\\\/\",\"name\":\"\",\"description\":\"\",\"publisher\":{\"@id\":\"https:\\\/\\\/renatodias.online\\\/movimento\\\/#\\\/schema\\\/person\\\/bbab28833b1725a20f4083f49f1fb2a9\"},\"potentialAction\":[{\"@type\":\"SearchAction\",\"target\":{\"@type\":\"EntryPoint\",\"urlTemplate\":\"https:\\\/\\\/renatodias.online\\\/movimento\\\/?s={search_term_string}\"},\"query-input\":{\"@type\":\"PropertyValueSpecification\",\"valueRequired\":true,\"valueName\":\"search_term_string\"}}],\"inLanguage\":\"pt-BR\"},{\"@type\":[\"Person\",\"Organization\"],\"@id\":\"https:\\\/\\\/renatodias.online\\\/movimento\\\/#\\\/schema\\\/person\\\/bbab28833b1725a20f4083f49f1fb2a9\",\"name\":\"Renato Dias\",\"image\":{\"@type\":\"ImageObject\",\"inLanguage\":\"pt-BR\",\"@id\":\"https:\\\/\\\/renatodias.online\\\/movimento\\\/wp-content\\\/uploads\\\/2023\\\/03\\\/cropped-cropped-cropped-logofinal.jpeg\",\"url\":\"https:\\\/\\\/renatodias.online\\\/movimento\\\/wp-content\\\/uploads\\\/2023\\\/03\\\/cropped-cropped-cropped-logofinal.jpeg\",\"contentUrl\":\"https:\\\/\\\/renatodias.online\\\/movimento\\\/wp-content\\\/uploads\\\/2023\\\/03\\\/cropped-cropped-cropped-logofinal.jpeg\",\"width\":1280,\"height\":219,\"caption\":\"Renato Dias\"},\"logo\":{\"@id\":\"https:\\\/\\\/renatodias.online\\\/movimento\\\/wp-content\\\/uploads\\\/2023\\\/03\\\/cropped-cropped-cropped-logofinal.jpeg\"},\"description\":\"Renato Dias, 58 anos, \u00e9 graduado em Jornalismo, formado em Ci\u00eancias Sociais, com p\u00f3s-gradua\u00e7\u00e3o em Pol\u00edticas P\u00fablicas, mestre em Direito e Rela\u00e7\u00f5es Internacionais, ex-aluno extraordin\u00e1rio do Doutorado em Psicologia Social, ex-estudante do Curso de Psican\u00e1lise do Centro de Estudos Psicanal\u00edticos do Estado de Goi\u00e1s, ministrado pelo m\u00e9dico psiquiatra e psicanalista Daniel Em\u00eddio de Souza. \u00c9 autor de 30 livros-reportagem, oito document\u00e1rios, ganhou 30 pr\u00eamios e \u00e9 torcedor apaixonado do maior do Centro-Oeste, o Vila Nova Futebol Clube. Casado com Meirilane Dias, \u00e9 pai de Juliana Dias, jornalista; Daniel Dias, economista; e Maria Rosa Dias, estudante antifascista, socialista e trotskista.\u00a0Com tr\u00eas pets: Porquinho [Bull Dog Franc\u00eas], Dalila [Basset Hound] e Geleia [Basset Hound]. Al\u00e9m do eterno gato Tutuquinho, que virou estrela.\",\"sameAs\":[\"https:\\\/\\\/www.facebook.com\\\/renato.dias.37\",\"#breve\",\"https:\\\/\\\/renatodias.tumblr.com\\\/\"],\"url\":\"https:\\\/\\\/renatodias.online\\\/movimento\\\/author\\\/renatodias\\\/\"}]}<\/script>\n<!-- \/ Yoast SEO plugin. -->","yoast_head_json":{"title":"A morte e o legado de Trotski -","robots":{"index":"index","follow":"follow","max-snippet":"max-snippet:-1","max-image-preview":"max-image-preview:large","max-video-preview":"max-video-preview:-1"},"canonical":"https:\/\/renatodias.online\/movimento\/2021\/08\/24\/a-morte-e-o-legado-de-trotski\/","og_locale":"pt_BR","og_type":"article","og_title":"A morte e o legado de Trotski -","og_description":"A morte e o legado de Trotski 81 anos depois 1940-2021 \u00a0 Everaldo Andrade Winston Churchill, primeiro-ministro conservador da Inglaterra, escreveu mais de uma vez sobre Leon Trotsky e desejou que ele e suas ideias morressem e fossem esquecidos pela Hist\u00f3ria. Mas ele foi obrigado a reconhecer que talvez apenas Trotsky e L\u00eanin sobrevivessem na","og_url":"https:\/\/renatodias.online\/movimento\/2021\/08\/24\/a-morte-e-o-legado-de-trotski\/","article_publisher":"https:\/\/www.facebook.com\/renato.dias.37","article_author":"https:\/\/www.facebook.com\/renato.dias.37","article_published_time":"2021-08-24T22:03:52+00:00","og_image":[{"width":267,"height":188,"url":"https:\/\/renatodias.online\/movimento\/wp-content\/uploads\/2020\/09\/Leon-Trotski-www.renatodias.online.jpg","type":"image\/jpeg"}],"author":"Renato Dias","twitter_card":"summary_large_image","twitter_creator":"@RenatoDiasBat","twitter_site":"@RenatoDiasBat","twitter_misc":{"Escrito por":"Renato Dias","Est. tempo de leitura":"6 minutos"},"schema":{"@context":"https:\/\/schema.org","@graph":[{"@type":"Article","@id":"https:\/\/renatodias.online\/movimento\/2021\/08\/24\/a-morte-e-o-legado-de-trotski\/#article","isPartOf":{"@id":"https:\/\/renatodias.online\/movimento\/2021\/08\/24\/a-morte-e-o-legado-de-trotski\/"},"author":{"name":"Renato Dias","@id":"https:\/\/renatodias.online\/movimento\/#\/schema\/person\/bbab28833b1725a20f4083f49f1fb2a9"},"headline":"A morte e o legado de Trotski","datePublished":"2021-08-24T22:03:52+00:00","mainEntityOfPage":{"@id":"https:\/\/renatodias.online\/movimento\/2021\/08\/24\/a-morte-e-o-legado-de-trotski\/"},"wordCount":1298,"commentCount":0,"publisher":{"@id":"https:\/\/renatodias.online\/movimento\/#\/schema\/person\/bbab28833b1725a20f4083f49f1fb2a9"},"image":{"@id":"https:\/\/renatodias.online\/movimento\/2021\/08\/24\/a-morte-e-o-legado-de-trotski\/#primaryimage"},"thumbnailUrl":"https:\/\/renatodias.online\/movimento\/wp-content\/uploads\/2020\/09\/Leon-Trotski-www.renatodias.online.jpg","articleSection":["Pol\u00edtica"],"inLanguage":"pt-BR","potentialAction":[{"@type":"CommentAction","name":"Comment","target":["https:\/\/renatodias.online\/movimento\/2021\/08\/24\/a-morte-e-o-legado-de-trotski\/#respond"]}]},{"@type":"WebPage","@id":"https:\/\/renatodias.online\/movimento\/2021\/08\/24\/a-morte-e-o-legado-de-trotski\/","url":"https:\/\/renatodias.online\/movimento\/2021\/08\/24\/a-morte-e-o-legado-de-trotski\/","name":"A morte e o legado de Trotski -","isPartOf":{"@id":"https:\/\/renatodias.online\/movimento\/#website"},"primaryImageOfPage":{"@id":"https:\/\/renatodias.online\/movimento\/2021\/08\/24\/a-morte-e-o-legado-de-trotski\/#primaryimage"},"image":{"@id":"https:\/\/renatodias.online\/movimento\/2021\/08\/24\/a-morte-e-o-legado-de-trotski\/#primaryimage"},"thumbnailUrl":"https:\/\/renatodias.online\/movimento\/wp-content\/uploads\/2020\/09\/Leon-Trotski-www.renatodias.online.jpg","datePublished":"2021-08-24T22:03:52+00:00","breadcrumb":{"@id":"https:\/\/renatodias.online\/movimento\/2021\/08\/24\/a-morte-e-o-legado-de-trotski\/#breadcrumb"},"inLanguage":"pt-BR","potentialAction":[{"@type":"ReadAction","target":["https:\/\/renatodias.online\/movimento\/2021\/08\/24\/a-morte-e-o-legado-de-trotski\/"]}]},{"@type":"ImageObject","inLanguage":"pt-BR","@id":"https:\/\/renatodias.online\/movimento\/2021\/08\/24\/a-morte-e-o-legado-de-trotski\/#primaryimage","url":"https:\/\/renatodias.online\/movimento\/wp-content\/uploads\/2020\/09\/Leon-Trotski-www.renatodias.online.jpg","contentUrl":"https:\/\/renatodias.online\/movimento\/wp-content\/uploads\/2020\/09\/Leon-Trotski-www.renatodias.online.jpg","width":267,"height":188,"caption":"Leon Trotski"},{"@type":"BreadcrumbList","@id":"https:\/\/renatodias.online\/movimento\/2021\/08\/24\/a-morte-e-o-legado-de-trotski\/#breadcrumb","itemListElement":[{"@type":"ListItem","position":1,"name":"In\u00edcio","item":"https:\/\/renatodias.online\/movimento\/"},{"@type":"ListItem","position":2,"name":"A morte e o legado de Trotski"}]},{"@type":"WebSite","@id":"https:\/\/renatodias.online\/movimento\/#website","url":"https:\/\/renatodias.online\/movimento\/","name":"","description":"","publisher":{"@id":"https:\/\/renatodias.online\/movimento\/#\/schema\/person\/bbab28833b1725a20f4083f49f1fb2a9"},"potentialAction":[{"@type":"SearchAction","target":{"@type":"EntryPoint","urlTemplate":"https:\/\/renatodias.online\/movimento\/?s={search_term_string}"},"query-input":{"@type":"PropertyValueSpecification","valueRequired":true,"valueName":"search_term_string"}}],"inLanguage":"pt-BR"},{"@type":["Person","Organization"],"@id":"https:\/\/renatodias.online\/movimento\/#\/schema\/person\/bbab28833b1725a20f4083f49f1fb2a9","name":"Renato Dias","image":{"@type":"ImageObject","inLanguage":"pt-BR","@id":"https:\/\/renatodias.online\/movimento\/wp-content\/uploads\/2023\/03\/cropped-cropped-cropped-logofinal.jpeg","url":"https:\/\/renatodias.online\/movimento\/wp-content\/uploads\/2023\/03\/cropped-cropped-cropped-logofinal.jpeg","contentUrl":"https:\/\/renatodias.online\/movimento\/wp-content\/uploads\/2023\/03\/cropped-cropped-cropped-logofinal.jpeg","width":1280,"height":219,"caption":"Renato Dias"},"logo":{"@id":"https:\/\/renatodias.online\/movimento\/wp-content\/uploads\/2023\/03\/cropped-cropped-cropped-logofinal.jpeg"},"description":"Renato Dias, 58 anos, \u00e9 graduado em Jornalismo, formado em Ci\u00eancias Sociais, com p\u00f3s-gradua\u00e7\u00e3o em Pol\u00edticas P\u00fablicas, mestre em Direito e Rela\u00e7\u00f5es Internacionais, ex-aluno extraordin\u00e1rio do Doutorado em Psicologia Social, ex-estudante do Curso de Psican\u00e1lise do Centro de Estudos Psicanal\u00edticos do Estado de Goi\u00e1s, ministrado pelo m\u00e9dico psiquiatra e psicanalista Daniel Em\u00eddio de Souza. \u00c9 autor de 30 livros-reportagem, oito document\u00e1rios, ganhou 30 pr\u00eamios e \u00e9 torcedor apaixonado do maior do Centro-Oeste, o Vila Nova Futebol Clube. Casado com Meirilane Dias, \u00e9 pai de Juliana Dias, jornalista; Daniel Dias, economista; e Maria Rosa Dias, estudante antifascista, socialista e trotskista.\u00a0Com tr\u00eas pets: Porquinho [Bull Dog Franc\u00eas], Dalila [Basset Hound] e Geleia [Basset Hound]. Al\u00e9m do eterno gato Tutuquinho, que virou estrela.","sameAs":["https:\/\/www.facebook.com\/renato.dias.37","#breve","https:\/\/renatodias.tumblr.com\/"],"url":"https:\/\/renatodias.online\/movimento\/author\/renatodias\/"}]}},"_links":{"self":[{"href":"https:\/\/renatodias.online\/movimento\/wp-json\/wp\/v2\/posts\/8715","targetHints":{"allow":["GET"]}}],"collection":[{"href":"https:\/\/renatodias.online\/movimento\/wp-json\/wp\/v2\/posts"}],"about":[{"href":"https:\/\/renatodias.online\/movimento\/wp-json\/wp\/v2\/types\/post"}],"author":[{"embeddable":true,"href":"https:\/\/renatodias.online\/movimento\/wp-json\/wp\/v2\/users\/2"}],"replies":[{"embeddable":true,"href":"https:\/\/renatodias.online\/movimento\/wp-json\/wp\/v2\/comments?post=8715"}],"version-history":[{"count":1,"href":"https:\/\/renatodias.online\/movimento\/wp-json\/wp\/v2\/posts\/8715\/revisions"}],"predecessor-version":[{"id":8718,"href":"https:\/\/renatodias.online\/movimento\/wp-json\/wp\/v2\/posts\/8715\/revisions\/8718"}],"wp:featuredmedia":[{"embeddable":true,"href":"https:\/\/renatodias.online\/movimento\/wp-json\/wp\/v2\/media\/4326"}],"wp:attachment":[{"href":"https:\/\/renatodias.online\/movimento\/wp-json\/wp\/v2\/media?parent=8715"}],"wp:term":[{"taxonomy":"category","embeddable":true,"href":"https:\/\/renatodias.online\/movimento\/wp-json\/wp\/v2\/categories?post=8715"},{"taxonomy":"post_tag","embeddable":true,"href":"https:\/\/renatodias.online\/movimento\/wp-json\/wp\/v2\/tags?post=8715"}],"curies":[{"name":"wp","href":"https:\/\/api.w.org\/{rel}","templated":true}]}}