{"id":8539,"date":"2021-08-17T16:20:47","date_gmt":"2021-08-17T19:20:47","guid":{"rendered":"https:\/\/renatodias.online\/movimento\/?p=8539"},"modified":"2021-08-17T16:20:47","modified_gmt":"2021-08-17T19:20:47","slug":"liberdade-e-luta-45-anos-depois","status":"publish","type":"post","link":"https:\/\/renatodias.online\/movimento\/2021\/08\/17\/liberdade-e-luta-45-anos-depois\/","title":{"rendered":"Liberdade e Luta, 45 anos depois"},"content":{"rendered":"<p><img loading=\"lazy\" decoding=\"async\" class=\"alignnone size-full wp-image-8379\" src=\"https:\/\/renatodias.online\/movimento\/wp-content\/uploads\/2021\/08\/Especial-Principal.png\" alt=\"\" width=\"1531\" height=\"515\" \/><\/p>\n<h1 style=\"text-align: center;\"><span style=\"color: #ff0000;\"><strong>Liberdade e Luta, 45 anos depois<\/strong><\/span><\/h1>\n<p style=\"text-align: center;\"><span style=\"color: #666699;\"><strong>Julio Turra<\/strong><\/span><\/p>\n<p>Neste agosto de 2021, que marca os 45 anos da cria\u00e7\u00e3o da tend\u00eancia estudantil Liberdade e Luta, com uma maior exposi\u00e7\u00e3o do filme de Di\u00f3genes Muniz \u201cLibelu \u2013 Abaixo a Ditadura\u201d em TVs a cabo, novas rea\u00e7\u00f5es apareceram nas redes sociais e sites.\u00a0 A mem\u00f3ria nos trai, como sabemos, pois ela \u00e9 filtrada pela experi\u00eancia pr\u00f3pria daqueles que viveram os acontecimentos e pela sua trajet\u00f3ria pessoal posterior. Mas fatos s\u00e3o fatos, ainda mais os que est\u00e3o amplamente documentados.<\/p>\n<p><img loading=\"lazy\" decoding=\"async\" class=\"size-full wp-image-3252 aligncenter\" src=\"https:\/\/renatodias.online\/movimento\/wp-content\/uploads\/2020\/03\/Libelu-Abaixo-a-ditadura-Filme.jpg\" alt=\"\" width=\"1000\" height=\"1448\" \/><br \/>\nO ex-militante da OSI \u2013 organiza\u00e7\u00e3o que impulsionava a Liberdade e Luta, atual corrente O Trabalho do PT \u2013 Edmundo Machado de Oliveira, publicou em 9 de agosto as suas impress\u00f5es sobre o filme no Facebook. Depois de registrar uma \u201clacuna importante\u201d \u2013 entrevistados, como ele, que n\u00e3o tiveram seus depoimentos aproveitados ou n\u00e3o entrevistados, como Lu\u00eds Favre, a quem ele atribui \u201ccentralidade do papel\u201d, Edmundo diz que \u201cDi\u00f3genes Muniz fez um excelente trabalho\u201d e tece suas considera\u00e7\u00f5es.<\/p>\n<figure id=\"attachment_3514\" aria-describedby=\"caption-attachment-3514\" style=\"width: 1200px\" class=\"wp-caption alignnone\"><img loading=\"lazy\" decoding=\"async\" class=\"size-full wp-image-3514\" src=\"https:\/\/renatodias.online\/movimento\/wp-content\/uploads\/2020\/05\/Leon-Trotski-Galeria-de-imagens-1.jpg\" alt=\"\" width=\"1200\" height=\"675\" \/><figcaption id=\"caption-attachment-3514\" class=\"wp-caption-text\"><strong>Leon Trotsky<\/strong><\/figcaption><\/figure>\n<p>Ao apontar \u201ca incr\u00edvel desaten\u00e7\u00e3o do diretor para com a import\u00e2ncia e trajet\u00f3ria do jornal O Trabalho\u201d, Edmundo conclui: \u201cO jornal existe at\u00e9 hoje, mas para mim morreu em 1987, quando estive \u00e0 frente da dissolu\u00e7\u00e3o de 2\/3 da OSI-O Trabalho no PT juntamente com Lu\u00eds Favre, Glauco Arbix e Clara Ant, dentre v\u00e1rios outros\u2026\u201d<em>.<\/em> O que \u00e9 falso e revelador ao mesmo tempo.\u00a0 Vamos aos fatos. Ao decidir incorporar-se \u00e0 constru\u00e7\u00e3o do PT em 1980-81 a OSI mudou seu nome para Fra\u00e7\u00e3o 4\u00aa Internacional do PT \u2013 entrava, portanto, com \u201cbandeira desfraldada\u201d num partido com democracia interna \u2013 depois corrente O Trabalho do PT.<\/p>\n<figure id=\"attachment_8352\" aria-describedby=\"caption-attachment-8352\" style=\"width: 444px\" class=\"wp-caption aligncenter\"><img loading=\"lazy\" decoding=\"async\" class=\"size-full wp-image-8352\" src=\"https:\/\/renatodias.online\/movimento\/wp-content\/uploads\/2021\/08\/Estrela-do-PT.jpg\" alt=\"\" width=\"444\" height=\"465\" \/><figcaption id=\"caption-attachment-8352\" class=\"wp-caption-text\"><strong>Estrela do PT<\/strong><\/figcaption><\/figure>\n<p>Em 1987, o grupo de dirigentes do qual Edmundo fazia parte ofereceu \u00e0 corrente majorit\u00e1ria de Lula a dissolu\u00e7\u00e3o de OT e o ingresso individual de seus militantes na chamada Articula\u00e7\u00e3o dos 113. O que provocou a rea\u00e7\u00e3o de outros dirigentes e da maioria dos militantes de OT, que formaram um agrupamento em defesa da 4\u00aa Internacional. Houve dois congressos de OT em 1987 \u2013 sim, pois os que iriam dissolver-se negavam essa inten\u00e7\u00e3o, que hoje Edmundo reivindica \u2013 e o que agrupou 2\/3 dos militantes, em contraste com 2\/3 dos membros da dire\u00e7\u00e3o que eram pela \u201cdissolu\u00e7\u00e3o\u201d (da\u00ed o apelido Sonrisal), foi o que assegurou a continuidade de OT como se\u00e7\u00e3o brasileira da 4\u00aa Internacional &#8211; CIR (Centro Internacional de Reconstru\u00e7\u00e3o) \u00e0 \u00e9poca. Os que seguiram os dirigentes que \u201cabriram m\u00e3o da corrente\u201d, como eles pr\u00f3prios diziam, dilu\u00edram-se na corrente lulista ou foram para casa.<\/p>\n<p>&nbsp;<\/p>\n<figure id=\"attachment_8547\" aria-describedby=\"caption-attachment-8547\" style=\"width: 696px\" class=\"wp-caption aligncenter\"><img loading=\"lazy\" decoding=\"async\" class=\"size-full wp-image-8547\" src=\"https:\/\/renatodias.online\/movimento\/wp-content\/uploads\/2021\/08\/IV-Internacional-Especial-O-Trabalho.png\" alt=\"\" width=\"696\" height=\"795\" srcset=\"https:\/\/renatodias.online\/movimento\/wp-content\/uploads\/2021\/08\/IV-Internacional-Especial-O-Trabalho.png 696w, https:\/\/renatodias.online\/movimento\/wp-content\/uploads\/2021\/08\/IV-Internacional-Especial-O-Trabalho-263x300.png 263w\" sizes=\"auto, (max-width: 696px) 100vw, 696px\" \/><figcaption id=\"caption-attachment-8547\" class=\"wp-caption-text\"><strong>IV Internacional, a central mundial da revolu\u00e7\u00e3o fundada em 1938 por Leon Trotski\u00a0<\/strong><\/figcaption><\/figure>\n<p><strong>Disputa pelo legado da Libelu?<\/strong><\/p>\n<p>Em 11 de agosto, o site Esquerda Di\u00e1rio, do Movimento Revolucion\u00e1rio dos Trabalhadores (MRT), publicou um artigo, dedicado ao Dia do Estudante, de Giovanna Pozzi, do Centro Acad\u00eamico do Teatro da UFRGS, com o t\u00edtulo: \u201cLibelu, a juventude trotskista contra a ditadura e as li\u00e7\u00f5es para o Brasil de Bolsonaro\u201d. O artigo pretende resgatar \u201calgumas das li\u00e7\u00f5es, erros e acertos dessa juventude trotskista que marcou os anos 70 com sua combatividade\u201d, mas j\u00e1 come\u00e7a errando ao dizer que: <em>\u201c<\/em>A Libelu era a corrente estudantil no Brasil da OSI (Organiza\u00e7\u00e3o Socialista Internacionalista), uma das organiza\u00e7\u00f5es do movimento trotskista internacional da \u00e9poca, que se referenciava em Pierre Lambert\u201d.<\/p>\n<figure id=\"attachment_8546\" aria-describedby=\"caption-attachment-8546\" style=\"width: 960px\" class=\"wp-caption alignnone\"><img loading=\"lazy\" decoding=\"async\" class=\"size-full wp-image-8546\" src=\"https:\/\/renatodias.online\/movimento\/wp-content\/uploads\/2021\/08\/Libelu-4.jpg\" alt=\"\" width=\"960\" height=\"960\" srcset=\"https:\/\/renatodias.online\/movimento\/wp-content\/uploads\/2021\/08\/Libelu-4.jpg 960w, https:\/\/renatodias.online\/movimento\/wp-content\/uploads\/2021\/08\/Libelu-4-300x300.jpg 300w, https:\/\/renatodias.online\/movimento\/wp-content\/uploads\/2021\/08\/Libelu-4-150x150.jpg 150w, https:\/\/renatodias.online\/movimento\/wp-content\/uploads\/2021\/08\/Libelu-4-768x768.jpg 768w, https:\/\/renatodias.online\/movimento\/wp-content\/uploads\/2021\/08\/Libelu-4-750x750.jpg 750w\" sizes=\"auto, (max-width: 960px) 100vw, 960px\" \/><figcaption id=\"caption-attachment-8546\" class=\"wp-caption-text\"><strong>Cartaz<\/strong><\/figcaption><\/figure>\n<p>N\u00e3o sabemos de onde a redatora tirou isso, mas o fato \u00e9 que a OSI, \u00e0 \u00e9poca, era membro do Comit\u00ea Internacional pela Reconstru\u00e7\u00e3o da 4\u00aa Internacional (Corqui), o qual a OCI francesa de Pierre Lambert ajudou a formar em 1972. J\u00e1 a Liberdade e Luta era uma tend\u00eancia estudantil, e n\u00e3o uma \u201cjuventude trotskista\u201d, animada pela OSI no Brasil (ela sim uma organiza\u00e7\u00e3o trotskista, clandestina \u00e0 \u00e9poca). O artigo prossegue fazendo in\u00fameros elogios \u00e0 atua\u00e7\u00e3o da Libelu, at\u00e9 chegar aos \u201cbalan\u00e7os necess\u00e1rios\u201d. Aqui a confus\u00e3o se mescla com falsifica\u00e7\u00f5es. Sen\u00e3o vejamos.<\/p>\n<p>&nbsp;<\/p>\n<figure id=\"attachment_8545\" aria-describedby=\"caption-attachment-8545\" style=\"width: 351px\" class=\"wp-caption aligncenter\"><img loading=\"lazy\" decoding=\"async\" class=\"size-full wp-image-8545\" src=\"https:\/\/renatodias.online\/movimento\/wp-content\/uploads\/2021\/08\/Pierre-Lamberet-nova.jpg\" alt=\"\" width=\"351\" height=\"185\" srcset=\"https:\/\/renatodias.online\/movimento\/wp-content\/uploads\/2021\/08\/Pierre-Lamberet-nova.jpg 351w, https:\/\/renatodias.online\/movimento\/wp-content\/uploads\/2021\/08\/Pierre-Lamberet-nova-300x158.jpg 300w\" sizes=\"auto, (max-width: 351px) 100vw, 351px\" \/><figcaption id=\"caption-attachment-8545\" class=\"wp-caption-text\"><strong>Pierre Lambert, trotskista da Fran\u00e7a<br \/><\/strong><\/figcaption><\/figure>\n<p>&nbsp;<\/p>\n<h1><span style=\"color: #ff0000;\"><strong>A entrada no PT<\/strong><\/span><\/h1>\n<p>Ao dizer que a \u201cLibelu foi um meteoro\u201d<em>,<\/em> se afirma que ela foi \u201cincapaz de se ligar ao movimento oper\u00e1rio e se limitava a um sectarismo que por fim a levou para um giro oportunista em 1980, quando a corrente entra para o PT e logo se adapta \u00e0 dire\u00e7\u00e3o lulista\u201d<em>.\u00a0 <\/em>Assim, a entrada no PT equivaleria, segundo o texto, a \u201ccanalizar toda a energia que outrora defendia a revolu\u00e7\u00e3o socialista pros limites do regime democr\u00e1tico &#8211; burgu\u00eas\u201d<em>.<\/em> O que \u00e9 uma opini\u00e3o, seja da autora, seja do MRT, ainda que infundada. Mas o texto prossegue: \u201cOutra parte, que n\u00e3o se diluiu no PT, entrou em peso nas institui\u00e7\u00f5es burguesas, como os\u00a0 militantes que adentraram a reda\u00e7\u00e3o da Folha de S\u00e3o Paulo. Toda a rebeldia se esvaiu rapidamente.\u201d<\/p>\n<p><img loading=\"lazy\" decoding=\"async\" class=\"alignnone size-full wp-image-8543\" src=\"https:\/\/renatodias.online\/movimento\/wp-content\/uploads\/2021\/08\/Libelu-2.jpg\" alt=\"\" width=\"1900\" height=\"680\" srcset=\"https:\/\/renatodias.online\/movimento\/wp-content\/uploads\/2021\/08\/Libelu-2.jpg 1900w, https:\/\/renatodias.online\/movimento\/wp-content\/uploads\/2021\/08\/Libelu-2-300x107.jpg 300w, https:\/\/renatodias.online\/movimento\/wp-content\/uploads\/2021\/08\/Libelu-2-768x275.jpg 768w, https:\/\/renatodias.online\/movimento\/wp-content\/uploads\/2021\/08\/Libelu-2-1536x550.jpg 1536w, https:\/\/renatodias.online\/movimento\/wp-content\/uploads\/2021\/08\/Libelu-2-750x268.jpg 750w\" sizes=\"auto, (max-width: 1900px) 100vw, 1900px\" \/><\/p>\n<p>\u00c9 curioso como, ao menos num ponto, as posi\u00e7\u00f5es expressas por Giovanna e Edmundo \u2013 que \u201cadentrou\u201d a reda\u00e7\u00e3o do Estad\u00e3o e n\u00e3o da Folha, como diz em seus coment\u00e1rios \u2013 se encontram: a dilui\u00e7\u00e3o de OT no PT. O que \u00e9 falso, e todos os petistas o sabem, pois OT sempre buscou manter uma pol\u00edtica independente e uma fisionomia pr\u00f3pria no partido, como os 43 anos ininterruptos de publica\u00e7\u00e3o de seu jornal demonstram.\u00a0 Voltando ao artigo de Giovanna, ela faz um \u201cv\u00f4o de p\u00e1ssaro\u201d sobre o movimento trotskista desde os anos 30, apenas para concluir que <em>\u201c<\/em>\u00e9 fundamental termos em mente que a organiza\u00e7\u00e3o internacional da qual a Libelu era ligada, a OSI, era uma dessas correntes centristas do movimento trotskista\u201d.<\/p>\n<p>&nbsp;<\/p>\n<figure id=\"attachment_8542\" aria-describedby=\"caption-attachment-8542\" style=\"width: 2400px\" class=\"wp-caption alignnone\"><img loading=\"lazy\" decoding=\"async\" class=\"size-full wp-image-8542\" src=\"https:\/\/renatodias.online\/movimento\/wp-content\/uploads\/2021\/08\/Libelu-1.jpg\" alt=\"\" width=\"2400\" height=\"1600\" \/><figcaption id=\"caption-attachment-8542\" class=\"wp-caption-text\"><strong>Liberdade e Luta<\/strong><\/figcaption><\/figure>\n<p>Como j\u00e1 vimos, \u00e9 falso, tanto quanto dizer na seq\u00fc\u00eancia que<em>: <\/em><em>\u201c<\/em>A virada brusca na orienta\u00e7\u00e3o da Libelu foi resultado da pol\u00edtica consciente de sua dire\u00e7\u00e3o. Pierre Lambert, principal dirigente da Organiza\u00e7\u00e3o Socialista Internacionalista (OSI), da qual a Libelu fazia parte, defendia uma alian\u00e7a com setores da burguesia contra o imperialismo. (\u2026) Na Fran\u00e7a, a OSI apoiou o governo burgu\u00eas de Mitterrand. Uma estrat\u00e9gia falha que levou ao liquidacionismo da OSI e, por consequ\u00eancia, da Libelu no Brasil.\u201d Um am\u00e1lgama estapaf\u00fardio, onde Lambert, dirigente franc\u00eas, defendia \u201calian\u00e7a com setores da burguesia contra o imperialismo\u201d, a OSI, organiza\u00e7\u00e3o brasileira, \u201capoiou o governo burgu\u00eas de Mitterrand<em>\u201d,<\/em> tudo levando \u00e0 liquida\u00e7\u00e3o da Libelu. A escola pol\u00edtica frequentada pela redatora parece n\u00e3o se pautar por fatos hist\u00f3ricos concretos.<\/p>\n<figure id=\"attachment_8541\" aria-describedby=\"caption-attachment-8541\" style=\"width: 800px\" class=\"wp-caption alignnone\"><img loading=\"lazy\" decoding=\"async\" class=\"size-full wp-image-8541\" src=\"https:\/\/renatodias.online\/movimento\/wp-content\/uploads\/2021\/08\/Francois-Mitterrand-1.jpg\" alt=\"\" width=\"800\" height=\"531\" srcset=\"https:\/\/renatodias.online\/movimento\/wp-content\/uploads\/2021\/08\/Francois-Mitterrand-1.jpg 800w, https:\/\/renatodias.online\/movimento\/wp-content\/uploads\/2021\/08\/Francois-Mitterrand-1-300x199.jpg 300w, https:\/\/renatodias.online\/movimento\/wp-content\/uploads\/2021\/08\/Francois-Mitterrand-1-768x510.jpg 768w, https:\/\/renatodias.online\/movimento\/wp-content\/uploads\/2021\/08\/Francois-Mitterrand-1-360x240.jpg 360w, https:\/\/renatodias.online\/movimento\/wp-content\/uploads\/2021\/08\/Francois-Mitterrand-1-750x498.jpg 750w\" sizes=\"auto, (max-width: 800px) 100vw, 800px\" \/><figcaption id=\"caption-attachment-8541\" class=\"wp-caption-text\"><strong>Fran\u00e7ois Mitterrand , ex-presidente da Fran\u00e7a de linhagem socialista<\/strong><\/figcaption><\/figure>\n<p>Sim, houve uma pol\u00eamica em torno da posi\u00e7\u00e3o da OCI francesa de chamar \u00e0 unidade PC-PS e ao voto em Mitterrand contra os candidatos dos partidos burgueses na Fran\u00e7a em 1981, que \u00e0 \u00e9poca foi explorada pelos partid\u00e1rios de Nahuel Moreno, dirigente argentino, para interromper o processo de unifica\u00e7\u00e3o de for\u00e7as trotskistas que se dava depois da revolu\u00e7\u00e3o na Nicar\u00e1gua em 1979 \u2013 o Comit\u00ea Parit\u00e1rio e depois a 4\u00aa Internacional &#8211; Centro Internacional (QI-CI). No Brasil, essa interrup\u00e7\u00e3o unilateral levou ao afastamento das trajet\u00f3rias da OSI-O Trabalho e da Converg\u00eancia Socialista. N\u00e3o sabemos do que se reivindica exatamente o MRT em rela\u00e7\u00e3o a essa cis\u00e3o, mas os fatos seguem sendo os fatos.<\/p>\n<p>&nbsp;<\/p>\n<figure id=\"attachment_8218\" aria-describedby=\"caption-attachment-8218\" style=\"width: 321px\" class=\"wp-caption aligncenter\"><img loading=\"lazy\" decoding=\"async\" class=\"size-full wp-image-8218\" src=\"https:\/\/renatodias.online\/movimento\/wp-content\/uploads\/2021\/08\/Nahuel-Moreno-_-Especial.jpg\" alt=\"\" width=\"321\" height=\"157\" srcset=\"https:\/\/renatodias.online\/movimento\/wp-content\/uploads\/2021\/08\/Nahuel-Moreno-_-Especial.jpg 321w, https:\/\/renatodias.online\/movimento\/wp-content\/uploads\/2021\/08\/Nahuel-Moreno-_-Especial-300x147.jpg 300w\" sizes=\"auto, (max-width: 321px) 100vw, 321px\" \/><figcaption id=\"caption-attachment-8218\" class=\"wp-caption-text\"><strong>Nahuel Moreno, trotskista argentino<\/strong><\/figcaption><\/figure>\n<p>&nbsp;<\/p>\n<p>Ao seu final, o artigo de Giovanna indica que os \u201cacertos da Libelu\u201d seriam a inspira\u00e7\u00e3o para uma organiza\u00e7\u00e3o juvenil de hoje. N\u00e3o \u00e9 a primeira a disputar esse legado. Ela conclui o seu artigo de 11 de agosto assim: <em>\u201c<\/em>Rebeldia intransigente, alian\u00e7a oper\u00e1rio-estudantil, inventividade criativa e independ\u00eancia de classe. S\u00e3o tarefas atuais. \u00c9 nessa perspectiva que constru\u00edmos a Juventude Fa\u00edsca\u201d. Para n\u00f3s, da corrente O Trabalho, cujos militantes atuam na Juventude Revolu\u00e7\u00e3o do PT, a Liberdade e Luta faz parte da hist\u00f3ria e deixou o seu legado, independentemente da trajet\u00f3ria individual dos que dela fizeram parte. Mas, parafraseando o velho Marx do atual\u00edssimo \u201cO 18 brum\u00e1rio de Lu\u00eds Bonaparte\u201d, a hist\u00f3ria n\u00e3o se repete a n\u00e3o ser como farsa.<\/p>\n<p>&nbsp;<\/p>\n<figure id=\"attachment_4013\" aria-describedby=\"caption-attachment-4013\" style=\"width: 780px\" class=\"wp-caption aligncenter\"><img loading=\"lazy\" decoding=\"async\" class=\"size-full wp-image-4013\" src=\"https:\/\/renatodias.online\/movimento\/wp-content\/uploads\/2020\/06\/Karl-Marx-2.jpg\" alt=\"\" width=\"780\" height=\"400\" srcset=\"https:\/\/renatodias.online\/movimento\/wp-content\/uploads\/2020\/06\/Karl-Marx-2.jpg 780w, https:\/\/renatodias.online\/movimento\/wp-content\/uploads\/2020\/06\/Karl-Marx-2-300x154.jpg 300w, https:\/\/renatodias.online\/movimento\/wp-content\/uploads\/2020\/06\/Karl-Marx-2-768x394.jpg 768w, https:\/\/renatodias.online\/movimento\/wp-content\/uploads\/2020\/06\/Karl-Marx-2-750x385.jpg 750w\" sizes=\"auto, (max-width: 780px) 100vw, 780px\" \/><figcaption id=\"caption-attachment-4013\" class=\"wp-caption-text\"><strong>Karl Marx<\/strong><\/figcaption><\/figure>\n","protected":false},"excerpt":{"rendered":"<p>Liberdade e Luta, 45 anos depois Julio Turra Neste agosto de 2021, que marca os 45 anos da cria\u00e7\u00e3o da tend\u00eancia estudantil Liberdade e Luta, com uma maior exposi\u00e7\u00e3o do filme de Di\u00f3genes Muniz \u201cLibelu \u2013 Abaixo a Ditadura\u201d em TVs a cabo, novas rea\u00e7\u00f5es apareceram nas redes sociais e sites.\u00a0 A mem\u00f3ria nos trai,<\/p>\n","protected":false},"author":2,"featured_media":6722,"comment_status":"open","ping_status":"open","sticky":false,"template":"","format":"standard","meta":{"_acf_changed":false,"_monsterinsights_skip_tracking":false,"_monsterinsights_sitenote_active":false,"_monsterinsights_sitenote_note":"","_monsterinsights_sitenote_category":0,"footnotes":""},"categories":[4],"tags":[],"class_list":["post-8539","post","type-post","status-publish","format-standard","has-post-thumbnail","hentry","category-politica"],"acf":[],"yoast_head":"<!-- This site is optimized with the Yoast SEO plugin v27.4 - https:\/\/yoast.com\/product\/yoast-seo-wordpress\/ -->\n<title>Liberdade e Luta, 45 anos depois -<\/title>\n<meta name=\"robots\" content=\"index, follow, max-snippet:-1, max-image-preview:large, max-video-preview:-1\" \/>\n<link rel=\"canonical\" href=\"https:\/\/renatodias.online\/movimento\/2021\/08\/17\/liberdade-e-luta-45-anos-depois\/\" \/>\n<meta property=\"og:locale\" content=\"pt_BR\" \/>\n<meta property=\"og:type\" content=\"article\" \/>\n<meta property=\"og:title\" content=\"Liberdade e Luta, 45 anos depois -\" \/>\n<meta property=\"og:description\" content=\"Liberdade e Luta, 45 anos depois Julio Turra Neste agosto de 2021, que marca os 45 anos da cria\u00e7\u00e3o da tend\u00eancia estudantil Liberdade e Luta, com uma maior exposi\u00e7\u00e3o do filme de Di\u00f3genes Muniz \u201cLibelu \u2013 Abaixo a Ditadura\u201d em TVs a cabo, novas rea\u00e7\u00f5es apareceram nas redes sociais e sites.\u00a0 A mem\u00f3ria nos trai,\" \/>\n<meta property=\"og:url\" content=\"https:\/\/renatodias.online\/movimento\/2021\/08\/17\/liberdade-e-luta-45-anos-depois\/\" \/>\n<meta property=\"article:publisher\" content=\"https:\/\/www.facebook.com\/renato.dias.37\" \/>\n<meta property=\"article:author\" content=\"https:\/\/www.facebook.com\/renato.dias.37\" \/>\n<meta property=\"article:published_time\" content=\"2021-08-17T19:20:47+00:00\" \/>\n<meta property=\"og:image\" content=\"https:\/\/renatodias.online\/movimento\/wp-content\/uploads\/2021\/05\/Julio-Turra-Link-e1626380076788.jpeg\" \/>\n\t<meta property=\"og:image:width\" content=\"300\" \/>\n\t<meta property=\"og:image:height\" content=\"300\" \/>\n\t<meta property=\"og:image:type\" content=\"image\/jpeg\" \/>\n<meta name=\"author\" content=\"Renato Dias\" \/>\n<meta name=\"twitter:card\" content=\"summary_large_image\" \/>\n<meta name=\"twitter:creator\" content=\"@RenatoDiasBat\" \/>\n<meta name=\"twitter:site\" content=\"@RenatoDiasBat\" \/>\n<meta name=\"twitter:label1\" content=\"Escrito por\" \/>\n\t<meta name=\"twitter:data1\" content=\"Renato Dias\" \/>\n\t<meta name=\"twitter:label2\" content=\"Est. tempo de leitura\" \/>\n\t<meta name=\"twitter:data2\" content=\"7 minutos\" \/>\n<script type=\"application\/ld+json\" class=\"yoast-schema-graph\">{\"@context\":\"https:\\\/\\\/schema.org\",\"@graph\":[{\"@type\":\"Article\",\"@id\":\"https:\\\/\\\/renatodias.online\\\/movimento\\\/2021\\\/08\\\/17\\\/liberdade-e-luta-45-anos-depois\\\/#article\",\"isPartOf\":{\"@id\":\"https:\\\/\\\/renatodias.online\\\/movimento\\\/2021\\\/08\\\/17\\\/liberdade-e-luta-45-anos-depois\\\/\"},\"author\":{\"name\":\"Renato Dias\",\"@id\":\"https:\\\/\\\/renatodias.online\\\/movimento\\\/#\\\/schema\\\/person\\\/bbab28833b1725a20f4083f49f1fb2a9\"},\"headline\":\"Liberdade e Luta, 45 anos depois\",\"datePublished\":\"2021-08-17T19:20:47+00:00\",\"mainEntityOfPage\":{\"@id\":\"https:\\\/\\\/renatodias.online\\\/movimento\\\/2021\\\/08\\\/17\\\/liberdade-e-luta-45-anos-depois\\\/\"},\"wordCount\":1425,\"commentCount\":0,\"publisher\":{\"@id\":\"https:\\\/\\\/renatodias.online\\\/movimento\\\/#\\\/schema\\\/person\\\/bbab28833b1725a20f4083f49f1fb2a9\"},\"image\":{\"@id\":\"https:\\\/\\\/renatodias.online\\\/movimento\\\/2021\\\/08\\\/17\\\/liberdade-e-luta-45-anos-depois\\\/#primaryimage\"},\"thumbnailUrl\":\"https:\\\/\\\/renatodias.online\\\/movimento\\\/wp-content\\\/uploads\\\/2021\\\/05\\\/Julio-Turra-Link-e1626380076788.jpeg\",\"articleSection\":[\"Pol\u00edtica\"],\"inLanguage\":\"pt-BR\",\"potentialAction\":[{\"@type\":\"CommentAction\",\"name\":\"Comment\",\"target\":[\"https:\\\/\\\/renatodias.online\\\/movimento\\\/2021\\\/08\\\/17\\\/liberdade-e-luta-45-anos-depois\\\/#respond\"]}]},{\"@type\":\"WebPage\",\"@id\":\"https:\\\/\\\/renatodias.online\\\/movimento\\\/2021\\\/08\\\/17\\\/liberdade-e-luta-45-anos-depois\\\/\",\"url\":\"https:\\\/\\\/renatodias.online\\\/movimento\\\/2021\\\/08\\\/17\\\/liberdade-e-luta-45-anos-depois\\\/\",\"name\":\"Liberdade e Luta, 45 anos depois -\",\"isPartOf\":{\"@id\":\"https:\\\/\\\/renatodias.online\\\/movimento\\\/#website\"},\"primaryImageOfPage\":{\"@id\":\"https:\\\/\\\/renatodias.online\\\/movimento\\\/2021\\\/08\\\/17\\\/liberdade-e-luta-45-anos-depois\\\/#primaryimage\"},\"image\":{\"@id\":\"https:\\\/\\\/renatodias.online\\\/movimento\\\/2021\\\/08\\\/17\\\/liberdade-e-luta-45-anos-depois\\\/#primaryimage\"},\"thumbnailUrl\":\"https:\\\/\\\/renatodias.online\\\/movimento\\\/wp-content\\\/uploads\\\/2021\\\/05\\\/Julio-Turra-Link-e1626380076788.jpeg\",\"datePublished\":\"2021-08-17T19:20:47+00:00\",\"breadcrumb\":{\"@id\":\"https:\\\/\\\/renatodias.online\\\/movimento\\\/2021\\\/08\\\/17\\\/liberdade-e-luta-45-anos-depois\\\/#breadcrumb\"},\"inLanguage\":\"pt-BR\",\"potentialAction\":[{\"@type\":\"ReadAction\",\"target\":[\"https:\\\/\\\/renatodias.online\\\/movimento\\\/2021\\\/08\\\/17\\\/liberdade-e-luta-45-anos-depois\\\/\"]}]},{\"@type\":\"ImageObject\",\"inLanguage\":\"pt-BR\",\"@id\":\"https:\\\/\\\/renatodias.online\\\/movimento\\\/2021\\\/08\\\/17\\\/liberdade-e-luta-45-anos-depois\\\/#primaryimage\",\"url\":\"https:\\\/\\\/renatodias.online\\\/movimento\\\/wp-content\\\/uploads\\\/2021\\\/05\\\/Julio-Turra-Link-e1626380076788.jpeg\",\"contentUrl\":\"https:\\\/\\\/renatodias.online\\\/movimento\\\/wp-content\\\/uploads\\\/2021\\\/05\\\/Julio-Turra-Link-e1626380076788.jpeg\",\"width\":300,\"height\":300,\"caption\":\"J\u00falio Turra\"},{\"@type\":\"BreadcrumbList\",\"@id\":\"https:\\\/\\\/renatodias.online\\\/movimento\\\/2021\\\/08\\\/17\\\/liberdade-e-luta-45-anos-depois\\\/#breadcrumb\",\"itemListElement\":[{\"@type\":\"ListItem\",\"position\":1,\"name\":\"In\u00edcio\",\"item\":\"https:\\\/\\\/renatodias.online\\\/movimento\\\/\"},{\"@type\":\"ListItem\",\"position\":2,\"name\":\"Liberdade e Luta, 45 anos depois\"}]},{\"@type\":\"WebSite\",\"@id\":\"https:\\\/\\\/renatodias.online\\\/movimento\\\/#website\",\"url\":\"https:\\\/\\\/renatodias.online\\\/movimento\\\/\",\"name\":\"\",\"description\":\"\",\"publisher\":{\"@id\":\"https:\\\/\\\/renatodias.online\\\/movimento\\\/#\\\/schema\\\/person\\\/bbab28833b1725a20f4083f49f1fb2a9\"},\"potentialAction\":[{\"@type\":\"SearchAction\",\"target\":{\"@type\":\"EntryPoint\",\"urlTemplate\":\"https:\\\/\\\/renatodias.online\\\/movimento\\\/?s={search_term_string}\"},\"query-input\":{\"@type\":\"PropertyValueSpecification\",\"valueRequired\":true,\"valueName\":\"search_term_string\"}}],\"inLanguage\":\"pt-BR\"},{\"@type\":[\"Person\",\"Organization\"],\"@id\":\"https:\\\/\\\/renatodias.online\\\/movimento\\\/#\\\/schema\\\/person\\\/bbab28833b1725a20f4083f49f1fb2a9\",\"name\":\"Renato Dias\",\"image\":{\"@type\":\"ImageObject\",\"inLanguage\":\"pt-BR\",\"@id\":\"https:\\\/\\\/renatodias.online\\\/movimento\\\/wp-content\\\/uploads\\\/2023\\\/03\\\/cropped-cropped-cropped-logofinal.jpeg\",\"url\":\"https:\\\/\\\/renatodias.online\\\/movimento\\\/wp-content\\\/uploads\\\/2023\\\/03\\\/cropped-cropped-cropped-logofinal.jpeg\",\"contentUrl\":\"https:\\\/\\\/renatodias.online\\\/movimento\\\/wp-content\\\/uploads\\\/2023\\\/03\\\/cropped-cropped-cropped-logofinal.jpeg\",\"width\":1280,\"height\":219,\"caption\":\"Renato Dias\"},\"logo\":{\"@id\":\"https:\\\/\\\/renatodias.online\\\/movimento\\\/wp-content\\\/uploads\\\/2023\\\/03\\\/cropped-cropped-cropped-logofinal.jpeg\"},\"description\":\"Renato Dias, 58 anos, \u00e9 graduado em Jornalismo, formado em Ci\u00eancias Sociais, com p\u00f3s-gradua\u00e7\u00e3o em Pol\u00edticas P\u00fablicas, mestre em Direito e Rela\u00e7\u00f5es Internacionais, ex-aluno extraordin\u00e1rio do Doutorado em Psicologia Social, ex-estudante do Curso de Psican\u00e1lise do Centro de Estudos Psicanal\u00edticos do Estado de Goi\u00e1s, ministrado pelo m\u00e9dico psiquiatra e psicanalista Daniel Em\u00eddio de Souza. \u00c9 autor de 30 livros-reportagem, oito document\u00e1rios, ganhou 30 pr\u00eamios e \u00e9 torcedor apaixonado do maior do Centro-Oeste, o Vila Nova Futebol Clube. Casado com Meirilane Dias, \u00e9 pai de Juliana Dias, jornalista; Daniel Dias, economista; e Maria Rosa Dias, estudante antifascista, socialista e trotskista.\u00a0Com tr\u00eas pets: Porquinho [Bull Dog Franc\u00eas], Dalila [Basset Hound] e Geleia [Basset Hound]. Al\u00e9m do eterno gato Tutuquinho, que virou estrela.\",\"sameAs\":[\"https:\\\/\\\/www.facebook.com\\\/renato.dias.37\",\"#breve\",\"https:\\\/\\\/renatodias.tumblr.com\\\/\"],\"url\":\"https:\\\/\\\/renatodias.online\\\/movimento\\\/author\\\/renatodias\\\/\"}]}<\/script>\n<!-- \/ Yoast SEO plugin. -->","yoast_head_json":{"title":"Liberdade e Luta, 45 anos depois -","robots":{"index":"index","follow":"follow","max-snippet":"max-snippet:-1","max-image-preview":"max-image-preview:large","max-video-preview":"max-video-preview:-1"},"canonical":"https:\/\/renatodias.online\/movimento\/2021\/08\/17\/liberdade-e-luta-45-anos-depois\/","og_locale":"pt_BR","og_type":"article","og_title":"Liberdade e Luta, 45 anos depois -","og_description":"Liberdade e Luta, 45 anos depois Julio Turra Neste agosto de 2021, que marca os 45 anos da cria\u00e7\u00e3o da tend\u00eancia estudantil Liberdade e Luta, com uma maior exposi\u00e7\u00e3o do filme de Di\u00f3genes Muniz \u201cLibelu \u2013 Abaixo a Ditadura\u201d em TVs a cabo, novas rea\u00e7\u00f5es apareceram nas redes sociais e sites.\u00a0 A mem\u00f3ria nos trai,","og_url":"https:\/\/renatodias.online\/movimento\/2021\/08\/17\/liberdade-e-luta-45-anos-depois\/","article_publisher":"https:\/\/www.facebook.com\/renato.dias.37","article_author":"https:\/\/www.facebook.com\/renato.dias.37","article_published_time":"2021-08-17T19:20:47+00:00","og_image":[{"width":300,"height":300,"url":"https:\/\/renatodias.online\/movimento\/wp-content\/uploads\/2021\/05\/Julio-Turra-Link-e1626380076788.jpeg","type":"image\/jpeg"}],"author":"Renato Dias","twitter_card":"summary_large_image","twitter_creator":"@RenatoDiasBat","twitter_site":"@RenatoDiasBat","twitter_misc":{"Escrito por":"Renato Dias","Est. tempo de leitura":"7 minutos"},"schema":{"@context":"https:\/\/schema.org","@graph":[{"@type":"Article","@id":"https:\/\/renatodias.online\/movimento\/2021\/08\/17\/liberdade-e-luta-45-anos-depois\/#article","isPartOf":{"@id":"https:\/\/renatodias.online\/movimento\/2021\/08\/17\/liberdade-e-luta-45-anos-depois\/"},"author":{"name":"Renato Dias","@id":"https:\/\/renatodias.online\/movimento\/#\/schema\/person\/bbab28833b1725a20f4083f49f1fb2a9"},"headline":"Liberdade e Luta, 45 anos depois","datePublished":"2021-08-17T19:20:47+00:00","mainEntityOfPage":{"@id":"https:\/\/renatodias.online\/movimento\/2021\/08\/17\/liberdade-e-luta-45-anos-depois\/"},"wordCount":1425,"commentCount":0,"publisher":{"@id":"https:\/\/renatodias.online\/movimento\/#\/schema\/person\/bbab28833b1725a20f4083f49f1fb2a9"},"image":{"@id":"https:\/\/renatodias.online\/movimento\/2021\/08\/17\/liberdade-e-luta-45-anos-depois\/#primaryimage"},"thumbnailUrl":"https:\/\/renatodias.online\/movimento\/wp-content\/uploads\/2021\/05\/Julio-Turra-Link-e1626380076788.jpeg","articleSection":["Pol\u00edtica"],"inLanguage":"pt-BR","potentialAction":[{"@type":"CommentAction","name":"Comment","target":["https:\/\/renatodias.online\/movimento\/2021\/08\/17\/liberdade-e-luta-45-anos-depois\/#respond"]}]},{"@type":"WebPage","@id":"https:\/\/renatodias.online\/movimento\/2021\/08\/17\/liberdade-e-luta-45-anos-depois\/","url":"https:\/\/renatodias.online\/movimento\/2021\/08\/17\/liberdade-e-luta-45-anos-depois\/","name":"Liberdade e Luta, 45 anos depois -","isPartOf":{"@id":"https:\/\/renatodias.online\/movimento\/#website"},"primaryImageOfPage":{"@id":"https:\/\/renatodias.online\/movimento\/2021\/08\/17\/liberdade-e-luta-45-anos-depois\/#primaryimage"},"image":{"@id":"https:\/\/renatodias.online\/movimento\/2021\/08\/17\/liberdade-e-luta-45-anos-depois\/#primaryimage"},"thumbnailUrl":"https:\/\/renatodias.online\/movimento\/wp-content\/uploads\/2021\/05\/Julio-Turra-Link-e1626380076788.jpeg","datePublished":"2021-08-17T19:20:47+00:00","breadcrumb":{"@id":"https:\/\/renatodias.online\/movimento\/2021\/08\/17\/liberdade-e-luta-45-anos-depois\/#breadcrumb"},"inLanguage":"pt-BR","potentialAction":[{"@type":"ReadAction","target":["https:\/\/renatodias.online\/movimento\/2021\/08\/17\/liberdade-e-luta-45-anos-depois\/"]}]},{"@type":"ImageObject","inLanguage":"pt-BR","@id":"https:\/\/renatodias.online\/movimento\/2021\/08\/17\/liberdade-e-luta-45-anos-depois\/#primaryimage","url":"https:\/\/renatodias.online\/movimento\/wp-content\/uploads\/2021\/05\/Julio-Turra-Link-e1626380076788.jpeg","contentUrl":"https:\/\/renatodias.online\/movimento\/wp-content\/uploads\/2021\/05\/Julio-Turra-Link-e1626380076788.jpeg","width":300,"height":300,"caption":"J\u00falio Turra"},{"@type":"BreadcrumbList","@id":"https:\/\/renatodias.online\/movimento\/2021\/08\/17\/liberdade-e-luta-45-anos-depois\/#breadcrumb","itemListElement":[{"@type":"ListItem","position":1,"name":"In\u00edcio","item":"https:\/\/renatodias.online\/movimento\/"},{"@type":"ListItem","position":2,"name":"Liberdade e Luta, 45 anos depois"}]},{"@type":"WebSite","@id":"https:\/\/renatodias.online\/movimento\/#website","url":"https:\/\/renatodias.online\/movimento\/","name":"","description":"","publisher":{"@id":"https:\/\/renatodias.online\/movimento\/#\/schema\/person\/bbab28833b1725a20f4083f49f1fb2a9"},"potentialAction":[{"@type":"SearchAction","target":{"@type":"EntryPoint","urlTemplate":"https:\/\/renatodias.online\/movimento\/?s={search_term_string}"},"query-input":{"@type":"PropertyValueSpecification","valueRequired":true,"valueName":"search_term_string"}}],"inLanguage":"pt-BR"},{"@type":["Person","Organization"],"@id":"https:\/\/renatodias.online\/movimento\/#\/schema\/person\/bbab28833b1725a20f4083f49f1fb2a9","name":"Renato Dias","image":{"@type":"ImageObject","inLanguage":"pt-BR","@id":"https:\/\/renatodias.online\/movimento\/wp-content\/uploads\/2023\/03\/cropped-cropped-cropped-logofinal.jpeg","url":"https:\/\/renatodias.online\/movimento\/wp-content\/uploads\/2023\/03\/cropped-cropped-cropped-logofinal.jpeg","contentUrl":"https:\/\/renatodias.online\/movimento\/wp-content\/uploads\/2023\/03\/cropped-cropped-cropped-logofinal.jpeg","width":1280,"height":219,"caption":"Renato Dias"},"logo":{"@id":"https:\/\/renatodias.online\/movimento\/wp-content\/uploads\/2023\/03\/cropped-cropped-cropped-logofinal.jpeg"},"description":"Renato Dias, 58 anos, \u00e9 graduado em Jornalismo, formado em Ci\u00eancias Sociais, com p\u00f3s-gradua\u00e7\u00e3o em Pol\u00edticas P\u00fablicas, mestre em Direito e Rela\u00e7\u00f5es Internacionais, ex-aluno extraordin\u00e1rio do Doutorado em Psicologia Social, ex-estudante do Curso de Psican\u00e1lise do Centro de Estudos Psicanal\u00edticos do Estado de Goi\u00e1s, ministrado pelo m\u00e9dico psiquiatra e psicanalista Daniel Em\u00eddio de Souza. \u00c9 autor de 30 livros-reportagem, oito document\u00e1rios, ganhou 30 pr\u00eamios e \u00e9 torcedor apaixonado do maior do Centro-Oeste, o Vila Nova Futebol Clube. Casado com Meirilane Dias, \u00e9 pai de Juliana Dias, jornalista; Daniel Dias, economista; e Maria Rosa Dias, estudante antifascista, socialista e trotskista.\u00a0Com tr\u00eas pets: Porquinho [Bull Dog Franc\u00eas], Dalila [Basset Hound] e Geleia [Basset Hound]. Al\u00e9m do eterno gato Tutuquinho, que virou estrela.","sameAs":["https:\/\/www.facebook.com\/renato.dias.37","#breve","https:\/\/renatodias.tumblr.com\/"],"url":"https:\/\/renatodias.online\/movimento\/author\/renatodias\/"}]}},"_links":{"self":[{"href":"https:\/\/renatodias.online\/movimento\/wp-json\/wp\/v2\/posts\/8539","targetHints":{"allow":["GET"]}}],"collection":[{"href":"https:\/\/renatodias.online\/movimento\/wp-json\/wp\/v2\/posts"}],"about":[{"href":"https:\/\/renatodias.online\/movimento\/wp-json\/wp\/v2\/types\/post"}],"author":[{"embeddable":true,"href":"https:\/\/renatodias.online\/movimento\/wp-json\/wp\/v2\/users\/2"}],"replies":[{"embeddable":true,"href":"https:\/\/renatodias.online\/movimento\/wp-json\/wp\/v2\/comments?post=8539"}],"version-history":[{"count":1,"href":"https:\/\/renatodias.online\/movimento\/wp-json\/wp\/v2\/posts\/8539\/revisions"}],"predecessor-version":[{"id":8548,"href":"https:\/\/renatodias.online\/movimento\/wp-json\/wp\/v2\/posts\/8539\/revisions\/8548"}],"wp:featuredmedia":[{"embeddable":true,"href":"https:\/\/renatodias.online\/movimento\/wp-json\/wp\/v2\/media\/6722"}],"wp:attachment":[{"href":"https:\/\/renatodias.online\/movimento\/wp-json\/wp\/v2\/media?parent=8539"}],"wp:term":[{"taxonomy":"category","embeddable":true,"href":"https:\/\/renatodias.online\/movimento\/wp-json\/wp\/v2\/categories?post=8539"},{"taxonomy":"post_tag","embeddable":true,"href":"https:\/\/renatodias.online\/movimento\/wp-json\/wp\/v2\/tags?post=8539"}],"curies":[{"name":"wp","href":"https:\/\/api.w.org\/{rel}","templated":true}]}}