{"id":8468,"date":"2021-08-15T15:50:30","date_gmt":"2021-08-15T18:50:30","guid":{"rendered":"https:\/\/renatodias.online\/movimento\/?p=8468"},"modified":"2021-08-15T15:50:30","modified_gmt":"2021-08-15T18:50:30","slug":"a-ditadura-salazarista","status":"publish","type":"post","link":"https:\/\/renatodias.online\/movimento\/2021\/08\/15\/a-ditadura-salazarista\/","title":{"rendered":"A ditadura salazarista"},"content":{"rendered":"<p><img loading=\"lazy\" decoding=\"async\" class=\"alignnone size-full wp-image-8473\" src=\"https:\/\/renatodias.online\/movimento\/wp-content\/uploads\/2021\/08\/Historias-e-memorias.jpg\" alt=\"\" width=\"763\" height=\"573\" srcset=\"https:\/\/renatodias.online\/movimento\/wp-content\/uploads\/2021\/08\/Historias-e-memorias.jpg 763w, https:\/\/renatodias.online\/movimento\/wp-content\/uploads\/2021\/08\/Historias-e-memorias-300x225.jpg 300w, https:\/\/renatodias.online\/movimento\/wp-content\/uploads\/2021\/08\/Historias-e-memorias-750x563.jpg 750w\" sizes=\"auto, (max-width: 763px) 100vw, 763px\" \/><\/p>\n<h1 class=\"entry-title main-title\" style=\"text-align: center;\"><span style=\"color: #ff0000;\">A ditadura salazarista<\/span><\/h1>\n<p><strong>Valerio Arcary<\/strong><\/p>\n<p class=\"m_-6863114079481687897MsoBodyText\">Cinquenta anos atr\u00e1s, em 1971, aos quinze anos, fui expulso do Liceu Pedro Nunes em Lisboa. Meu \u201cbatismo pol\u00edtico\u201d. Foi uma expuls\u00e3o branda, porque convidado, depois de uma negocia\u00e7\u00e3o quando descobriram que minha m\u00e3e trabalhava na Embaixada do Brasil, a n\u00e3o me matricular no ano seguinte. N\u00e3o era sen\u00e3o um garoto. N\u00e3o me arrependi de ter desafiado as autoridades da reitoria como representante eleito pelos meus colegas. Mas aprendi a ter medo. E aprendi, tamb\u00e9m, que a repress\u00e3o, em algumas circunst\u00e2ncias, funciona. A repress\u00e3o funciona porque as pessoas, mesmo quando jovens, t\u00eam medo de perder o que t\u00eam, e o medo pode ser um sentimento contagioso.<u><\/u><u><\/u><\/p>\n<p>&nbsp;<\/p>\n<figure id=\"attachment_8469\" aria-describedby=\"caption-attachment-8469\" style=\"width: 1200px\" class=\"wp-caption alignnone\"><img loading=\"lazy\" decoding=\"async\" class=\"size-full wp-image-8469\" src=\"https:\/\/renatodias.online\/movimento\/wp-content\/uploads\/2021\/08\/San-Tiago-Dantas.jpg\" alt=\"\" width=\"1200\" height=\"1609\" srcset=\"https:\/\/renatodias.online\/movimento\/wp-content\/uploads\/2021\/08\/San-Tiago-Dantas.jpg 1200w, https:\/\/renatodias.online\/movimento\/wp-content\/uploads\/2021\/08\/San-Tiago-Dantas-224x300.jpg 224w, https:\/\/renatodias.online\/movimento\/wp-content\/uploads\/2021\/08\/San-Tiago-Dantas-764x1024.jpg 764w, https:\/\/renatodias.online\/movimento\/wp-content\/uploads\/2021\/08\/San-Tiago-Dantas-768x1030.jpg 768w, https:\/\/renatodias.online\/movimento\/wp-content\/uploads\/2021\/08\/San-Tiago-Dantas-1146x1536.jpg 1146w, https:\/\/renatodias.online\/movimento\/wp-content\/uploads\/2021\/08\/San-Tiago-Dantas-750x1006.jpg 750w\" sizes=\"auto, (max-width: 1200px) 100vw, 1200px\" \/><figcaption id=\"caption-attachment-8469\" class=\"wp-caption-text\"><strong>San Tiago Dantas<\/strong><\/figcaption><\/figure>\n<p class=\"m_-6863114079481687897MsoBodyText\">Essa etapa da vida come\u00e7ou em 1966. Quando cursava a quarta s\u00e9rie, minha m\u00e3e decidiu se separar, e resolveu colocar, literalmente, um oceano de dist\u00e2ncia entre ela e meu pai. As circunst\u00e2ncias no Itamaraty tinham mudado da noite para o dia, depois do golpe de 1964. Minha m\u00e3e tinha sido secret\u00e1ria de San Tiago Dantas, e exercido cargo de confian\u00e7a no governo Jango. N\u00e3o podia continuar no Rio de Janeiro. Ou uma mudan\u00e7a para Bras\u00edlia ou para o exterior. Bras\u00edlia era impens\u00e1vel, por variadas raz\u00f5es. O certo \u00e9 que fomos para Lisboa, em plena ditadura salazarista.\u00a0\u00a0<u><\/u><u><\/u>Foi um al\u00edvio, porque as brigas dentro de casa tinham se tornado uma rotina triste. Tinha ent\u00e3o nove anos, e s\u00f3 voltei a encontrar meu pai aos 21, quando voltei para o Brasil em 1978. Lisboa era uma cidade muito diferente do Rio, at\u00e9 porque tinha quatro esta\u00e7\u00f5es muito diferentes umas das outras e, mais importante, uma delas era o inverno. Salazar ainda estava vivo e governava, e o pa\u00eds j\u00e1 sangrava os custos econ\u00f4micos e sociais da guerra colonial. O Rio era uma cidade mais alegre, e perdi a praia que estava no atravessar da rua, mas como minha casa tinha uma atmosfera pesada, o sossego de Lisboa e de um ambiente familiar mais calmo foram confort\u00e1veis.<u><\/u><u><\/u><\/p>\n<figure id=\"attachment_4222\" aria-describedby=\"caption-attachment-4222\" style=\"width: 1086px\" class=\"wp-caption alignnone\"><img loading=\"lazy\" decoding=\"async\" class=\"size-full wp-image-4222\" src=\"https:\/\/renatodias.online\/movimento\/wp-content\/uploads\/2020\/08\/4-Fascistas-Ant\u00f4nio-Salazar.jpg\" alt=\"\" width=\"1086\" height=\"652\" \/><figcaption id=\"caption-attachment-4222\" class=\"wp-caption-text\"><strong>Ant\u00f4nio Salazar, fascista de Portugal<\/strong><\/figcaption><\/figure>\n<p class=\"m_-6863114079481687897MsoBodyText\">Viajamos em agosto, no meio do ano letivo, e retomei do in\u00edcio o antigo quarto ano do prim\u00e1rio no final de setembro no Col\u00e9gio Pestalozzi, uma escola particular um pouco especial, onde estudavam alguns filhos de presos pol\u00edticos do salazarismo. Lucinda era a diretora do Col\u00e9gio e professora do quarto ano, uma senhora de mais de cinquenta anos, muito mais velha que as minhas professoras na Escola Brasileira da Crian\u00e7a, em Ipanema. Alertou minha m\u00e3e que o exame de admiss\u00e3o ao Liceu poderia ser dif\u00edcil pela diferen\u00e7a dos programas escolares. Seria imposs\u00edvel, legalmente, prestar o exame somente com a metade do quarto ano cursado, ainda mais vindo do estrangeiro. <u><\/u><u><\/u>Perdi meio ano com a mudan\u00e7a, mas a recompensa foi grande. Enfrentei, em 1967, o exame de acesso sem dificuldades e conquistei matr\u00edcula em um dos liceus p\u00fablicos mais renomados de Lisboa, o Pedro Nunes. O crit\u00e9rio era o local de resid\u00eancia, mas os bairros pr\u00f3ximos, do Largo do Rato at\u00e9 Campo de Ourique, da Estrela at\u00e9 a Mouraria, embora predominassem jovens das camadas m\u00e9dias, permitia que filhos de todas as classes sociais estudassem juntos. Minha adapta\u00e7\u00e3o foi r\u00e1pida.<u><\/u><u><\/u><\/p>\n<p class=\"m_-6863114079481687897MsoBodyText\">Descobri, depois de voltar ao Brasil, que a imagem do pa\u00eds, entre n\u00f3s, n\u00e3o tinha muita correspond\u00eancia com a realidade da Lisboa em que vivi. Embora atrasado para padr\u00f5es europeus, e amorda\u00e7ado por d\u00e9cadas de ditadura obscurantista, Portugal n\u00e3o era uma na\u00e7\u00e3o camponesa e, sobretudo, Lisboa n\u00e3o era uma cidade rude. Mas, mesmo nos ambientes de classe m\u00e9dia, o comportamento esperado e valorizado era, talvez, mais direto ou menos dissimulado que na zona sul do Rio de Janeiro. <u><\/u><u><\/u>Creio que uma defini\u00e7\u00e3o apropriada do meio social em que est\u00e1vamos inseridos, os c\u00edrculos de classe m\u00e9dia \u201cilustrada\u201d, seria dizer que eram afrancesados na forma\u00e7\u00e3o cultural, e angl\u00f3filos no comportamento: o universalismo iluminista e a vivacidade da \u201cjoie de vivre\u201d gaulesa, mas sem a afeta\u00e7\u00e3o parisiense, e os modos e costumes que se deveria exigir de pessoas educadas era r\u00edgidos, mas sem o senso de humor ingl\u00eas. Em uma palavra, eram formais, mas n\u00e3o eram solenes.<u><\/u><u><\/u><\/p>\n<p class=\"m_-6863114079481687897MsoBodyText\">Esperava-se que um adolescente tivesse curiosidade e afinco intelectual nos estudos, e fibra, autodisciplina e conten\u00e7\u00e3o emocional na conduta. Para mim n\u00e3o foi dif\u00edcil, mas para meu irm\u00e3o, uma trag\u00e9dia. Ele se sentiu um peixe fora do aqu\u00e1rio, ou pior, enjaulado. Quis a ironia da vida que fosse eu a voltar para o Brasil, e ele a ficar em Portugal. <u><\/u><u><\/u>N\u00e3o havia liceus mistos. A juventude prolet\u00e1ria come\u00e7ava a trabalhar bem cedo, no m\u00e1ximo, aos quinze anos. Mas nessa \u00e9poca, em Portugal, os filhos de todas as classes sociais estudavam o secund\u00e1rio, quando n\u00e3o tinham abandonado a escola, em escolas p\u00fablicas: entre meus colegas tive, por exemplo, um dos herdeiros do Banco Homem de Mello, que a revolu\u00e7\u00e3o depois, nacionalizou. A maioria esmagadora das escolas particulares era confessional. E as poucas que n\u00e3o eram atra\u00edam os repetentes cr\u00f4nicos, mas endinheirados, e n\u00e3o tinham prest\u00edgio.\u00a0<u><\/u><u><\/u><\/p>\n<figure id=\"attachment_8471\" aria-describedby=\"caption-attachment-8471\" style=\"width: 918px\" class=\"wp-caption alignnone\"><img loading=\"lazy\" decoding=\"async\" class=\"size-full wp-image-8471\" src=\"https:\/\/renatodias.online\/movimento\/wp-content\/uploads\/2021\/08\/Alvaro-Cunhal.jpg\" alt=\"\" width=\"918\" height=\"567\" srcset=\"https:\/\/renatodias.online\/movimento\/wp-content\/uploads\/2021\/08\/Alvaro-Cunhal.jpg 918w, https:\/\/renatodias.online\/movimento\/wp-content\/uploads\/2021\/08\/Alvaro-Cunhal-300x185.jpg 300w, https:\/\/renatodias.online\/movimento\/wp-content\/uploads\/2021\/08\/Alvaro-Cunhal-768x474.jpg 768w, https:\/\/renatodias.online\/movimento\/wp-content\/uploads\/2021\/08\/Alvaro-Cunhal-750x463.jpg 750w\" sizes=\"auto, (max-width: 918px) 100vw, 918px\" \/><figcaption id=\"caption-attachment-8471\" class=\"wp-caption-text\"><strong>\u00c1lvaro Cunhal<\/strong><\/figcaption><\/figure>\n<p class=\"m_-6863114079481687897MsoBodyText\">Constru\u00ed desde o prim\u00e1rio uma grande amizade, que cultivo \u00e0 dist\u00e2ncia at\u00e9 hoje, com Pedro Martins Rodrigues, filho do Chico Martins, comunista, dissidente pr\u00f3-Pequim do PCP, ex-bra\u00e7o direito de \u00c1lvaro Cunhal, respeitado na China e na Europa, um dos mais famosos presos pol\u00edticos do salazarismo. Fui acompanh\u00e1-lo em uma visita ao pai \u00e0 pris\u00e3o de Caxias, a Bastilha do Regime ditatorial, onde, felizmente, n\u00e3o me deixaram entrar. Aos treze anos, descobri que havia pris\u00f5es, e homens nelas encarcerados pelas suas ideias e sua luta. A ideologia ultraimperialista do salazarismo era martelada desde o prim\u00e1rio, e me recordo que esse orgulho n\u00e3o estava somente nos livros, mas nas ruas. Muitos de meus colegas tinham familiares espalhados pelas col\u00f4nias. Todos aprendiam que viviam na metr\u00f3pole de um grande imp\u00e9rio, multicontinental, que se estendia da Europa \u00e0 \u00c1frica e \u00c1sia. N\u00e3o me lembro de ter sido discriminado como brasileiro. \u00c9ramos muito poucos, e a atitude em rela\u00e7\u00e3o ao Brasil, sobretudo depois da exibi\u00e7\u00e3o das primeiras novelas, como <i>Gabriela\u00a0<\/i>e o<i>\u00a0Casar\u00e3o,\u00a0<\/i>era de simpatia e curiosidade.<\/p>\n<p class=\"m_-6863114079481687897MsoBodyText\">A disciplina nos Liceus era semimilitar, em todos os terrenos e em todos os aspectos. A escala de avalia\u00e7\u00e3o era de 0 a 20, e os alunos que tivessem uma m\u00e9dia trimestral, em todas as disciplinas, igual ou superior a 15 valores, iam para o quadro de honra, um destaque socialmente muito valorizado. Dominava uma ideologia de meritocracia, que era um dos valores que o regime tentava se apropriar como sua raz\u00e3o de ser. Alguns jornais di\u00e1rios publicavam, no final do ano, os nomes dos alunos que estavam no quadro de honra no Pedro Nunes, no Cam\u00f5es, no Padre Ant\u00f4nio Vieira, etc\u2026 Os Liceus eram poucos e, comparativamente \u00e0s Escolas Estaduais de S\u00e3o Paulo, muito grandes, com v\u00e1rios milhares de alunos. Fui quase sempre aluno do \u201cquadro de honra\u201d, mas n\u00e3o me lembro de ser o que se chamava no Brasil de CDF, e hoje \u00e9 conhecido como nerd. Compensava notas razo\u00e1veis em matem\u00e1tica, que nunca me interessou sen\u00e3o como um jogo, com notas altas em l\u00edngua portuguesa, hist\u00f3ria, geografia, franc\u00eas e ingl\u00eas.<\/p>\n<p class=\"m_-6863114079481687897MsoBodyText\">Quando passei para o que hoje corresponde \u00e0 s\u00e9tima s\u00e9rie, fui escolhido, junto a outros quarenta colegas para um projeto piloto. O reitor do Liceu, um homem ilustrado e querido pelos alunos tinha decidido juntar os melhores estudantes em uma mesma turma, e fazer uma experi\u00eancia pedag\u00f3gica diferente. Era um desses projetos piloto que valorizavam turmas homog\u00eaneas, mas pouco claro: t\u00ednhamos uma carga hor\u00e1ria maior, de manh\u00e3 e \u00e0 tarde, e uma grade de disciplinas mais variada. Os pais estavam muito orgulhosos. Mas o fiasco foi completo. Entre outras raz\u00f5es porque o reitor se afastou, e o vice-reitor do Pedro Nunes era um aprendiz de Mussolini, um tirano.<u><\/u><u><\/u><\/p>\n<figure id=\"attachment_3394\" aria-describedby=\"caption-attachment-3394\" style=\"width: 1440px\" class=\"wp-caption alignnone\"><img loading=\"lazy\" decoding=\"async\" class=\"size-full wp-image-3394\" src=\"https:\/\/renatodias.online\/movimento\/wp-content\/uploads\/2020\/04\/WhatsApp-Image-2020-04-27-at-18.08.35.jpeg\" alt=\"Benito Mussolini\" width=\"1440\" height=\"810\" \/><figcaption id=\"caption-attachment-3394\" class=\"wp-caption-text\"><strong>Benito Mussolini<\/strong><\/figcaption><\/figure>\n<p class=\"m_-6863114079481687897MsoBodyText\">Nesse ano come\u00e7ou a ser organizado um movimento estudantil secundarista com atividades de den\u00fancia da guerra. Organizado por jovens com contatos com organiza\u00e7\u00f5es clandestinas, a agita\u00e7\u00e3o de resist\u00eancia \u00e0 ditadura tinha muita aceita\u00e7\u00e3o: os panfletos eram deixados nos banheiros, por\u00e9m, circulavam. A bandeira principal dos \u201ccomunicados\u201d, como se diz em Portugal, era \u201cNem mais um s\u00f3 soldado para as Col\u00f4nias\u201d. Mas a minha turma era ainda muito jovem para compreender plenamente o drama de um pa\u00eds de dez milh\u00f5es de habitantes, que insistia em manter um servi\u00e7o militar de quatro anos, dos quais pelo menos dois em \u00c1frica. Dezenas de milhares de jovens embarcavam para a Guin\u00e9, Angola e Mo\u00e7ambique. A guerra parecia ainda muito distante. Uma dist\u00e2ncia que os anos seguintes foram reduzindo.<u><\/u><u><\/u><\/p>\n<p class=\"m_-6863114079481687897MsoBodyText\">Mas pod\u00edamos entender com facilidade que fic\u00e1vamos na escola o dobro do tempo dos outros, t\u00ednhamos obriga\u00e7\u00f5es e deveres desproporcionalmente maiores e, promovidos \u00e0 condi\u00e7\u00e3o de cobaias pelo m\u00e9rito, nos sent\u00edamos no direito de reclamar dos professores mais obtusos. N\u00e3o posso ser injusto: t\u00ednhamos, por exemplo, entre outros extraordin\u00e1rios mestres, o afamado poeta Antonio Gede\u00e3o como professor. A gota d\u2019\u00e1gua foi, como \u00e9 comum ocorrer, uma arbitrariedade trivial: a proibi\u00e7\u00e3o da participa\u00e7\u00e3o de nossa turma no campeonato de futebol, porque coincidia com o hor\u00e1rio das aulas extra. Foi assim que participei da primeira greve de minha vida. Bom, n\u00e3o h\u00e1 porque exagerar foi s\u00f3 uma greve de sil\u00eancio, e algumas recusas de entrar na sala de alguns professores especialmente carrascos. Mas duraram tr\u00eas longos dias, e pareceu aos nossos olhos juvenis, algo grandioso. Vencido o medo, foi a primeira revolta.<u><\/u><u><\/u><\/p>\n<p class=\"m_-6863114079481687897MsoBodyText\">A f\u00faria repressiva foi imediata e amea\u00e7as de expuls\u00f5es estavam no ar. O vice reitor, que era quem cuidava dos assuntos disciplinares, estava possesso. Uma reuni\u00e3o de pais foi convocada e, como v\u00e1rios entre eles eram pessoas muito influentes, o presidente da R\u00e1dio Difus\u00e3o Nacional, por exemplo, decidiu-se por algo brando: a turma foi dissolvida. Mas, n\u00e3o sem repres\u00e1lias.\u00a0\u00a0 A\u00ed as complica\u00e7\u00f5es come\u00e7aram para mim. Como eu n\u00e3o tinha um pai presente, e tomado por um atrevimento que, mesmo considerando a idade, s\u00f3 a press\u00e3o da mobiliza\u00e7\u00e3o dos nossos colegas poderia explicar, preferi n\u00e3o entregar a convocat\u00f3ria \u00e0 minha m\u00e3e e, junto com outro colega, Lu\u00eds Quintaneiro \u2013 d\u00e9cadas depois foi o primeiro presidente do Banco Central em Timor Leste independente \u2013 fomos n\u00f3s mesmos \u00e0 reuni\u00e3o, desafiar o vice reitor. At\u00e9 hoje me lembro do primeiro ato de insubordina\u00e7\u00e3o de minha vida. Gaguejamos, mas sem perder a dignidade. Foi o bastante para um esc\u00e2ndalo.<\/p>\n<p class=\"m_-6863114079481687897MsoBodyText\">Na sequencia, virei o bode expiat\u00f3rio. Como fui porta-voz dos meus colegas, fui acusado, junto com Lu\u00eds, de ter quebrado intencionalmente o vidro de uma janela de um corredor, o que era uma cal\u00fania desmiolada. Insinuaram, tamb\u00e9m, para nossas m\u00e3es, que ser\u00edamos respons\u00e1veis pela distribui\u00e7\u00e3o dos comunicados \u201csubversivos\u201d o que j\u00e1 era hil\u00e1rio. Fui convidado a deixar o Pedro Nunes no final do ano letivo, uma solu\u00e7\u00e3o que evitava a expuls\u00e3o, e permitia matr\u00edcula em outro Liceu. Tinha terminado aquilo que, na \u00e9poca, correspondia ao gin\u00e1sio no Brasil. Foi sem tristezas que, aos quinze anos, fui para o D. Pedro V, um dos primeiros Liceus mistos de Lisboa. Na \u00e9poca, me senti como saindo de um filme em preto e branco, e entrando em um filme a cores.<u><\/u><u><\/u><\/p>\n<p class=\"m_-6863114079481687897MsoBodyText\">As acusa\u00e7\u00f5es sendo falsas, n\u00e3o fui recriminado por minha m\u00e3e, que ficou apenas um pouco aborrecida pela minha arrog\u00e2ncia de n\u00e3o ter compartilhado tudo que estava acontecendo, mas manteve-se incondicionalmente solid\u00e1ria. Na \u00e9poca, acho que senti at\u00e9 um olhar, da parte dela, de alguma maneira, mais altivo. Foi o meu batismo pol\u00edtico, por assim dizer. Discutindo depois em casa, aprendi que h\u00e1 sempre mais de uma maneira de fazer a coisa certa e, havendo escolha, agir sozinho e escolher por impulso a mais perigosa n\u00e3o \u00e9 o mais inteligente. <u><\/u><u><\/u>A experi\u00eancia no Liceu Pedro Nunes tinha sido uma li\u00e7\u00e3o contundente. O que um jovem de quinze anos podia saber sobre a ditadura salazarista era pouco, mas a partir daquela expuls\u00e3o negociada, ficou claro para mim que o pa\u00eds estava dividido, irreconciliavelmente, entre os que apoiavam, e os que se opunham \u00e0 ditadura e \u00e0 guerra, e eu j\u00e1 sabia quem era a minha turma. Me integrei no movimento estudantil. <u><\/u><u><\/u>A luta faz de n\u00f3s pessoas melhores.<\/p>\n<p>&nbsp;<\/p>\n<figure id=\"attachment_8472\" aria-describedby=\"caption-attachment-8472\" style=\"width: 512px\" class=\"wp-caption aligncenter\"><img loading=\"lazy\" decoding=\"async\" class=\"size-full wp-image-8472\" src=\"https:\/\/renatodias.online\/movimento\/wp-content\/uploads\/2021\/08\/Valerio-Arcary-novo.jpg\" alt=\"\" width=\"512\" height=\"347\" \/><figcaption id=\"caption-attachment-8472\" class=\"wp-caption-text\"><strong>Valerio Arcary<\/strong><\/figcaption><\/figure>\n","protected":false},"excerpt":{"rendered":"<p>A ditadura salazarista Valerio Arcary Cinquenta anos atr\u00e1s, em 1971, aos quinze anos, fui expulso do Liceu Pedro Nunes em Lisboa. Meu \u201cbatismo pol\u00edtico\u201d. Foi uma expuls\u00e3o branda, porque convidado, depois de uma negocia\u00e7\u00e3o quando descobriram que minha m\u00e3e trabalhava na Embaixada do Brasil, a n\u00e3o me matricular no ano seguinte. N\u00e3o era sen\u00e3o um<\/p>\n","protected":false},"author":2,"featured_media":4233,"comment_status":"open","ping_status":"open","sticky":false,"template":"","format":"standard","meta":{"_acf_changed":false,"_monsterinsights_skip_tracking":false,"_monsterinsights_sitenote_active":false,"_monsterinsights_sitenote_note":"","_monsterinsights_sitenote_category":0,"footnotes":""},"categories":[4],"tags":[],"class_list":["post-8468","post","type-post","status-publish","format-standard","has-post-thumbnail","hentry","category-politica"],"acf":[],"yoast_head":"<!-- This site is optimized with the Yoast SEO plugin v27.4 - https:\/\/yoast.com\/product\/yoast-seo-wordpress\/ -->\n<title>A ditadura salazarista -<\/title>\n<meta name=\"robots\" content=\"index, follow, max-snippet:-1, max-image-preview:large, max-video-preview:-1\" \/>\n<link rel=\"canonical\" href=\"https:\/\/renatodias.online\/movimento\/2021\/08\/15\/a-ditadura-salazarista\/\" \/>\n<meta property=\"og:locale\" content=\"pt_BR\" \/>\n<meta property=\"og:type\" content=\"article\" \/>\n<meta property=\"og:title\" content=\"A ditadura salazarista -\" \/>\n<meta property=\"og:description\" content=\"A ditadura salazarista Valerio Arcary Cinquenta anos atr\u00e1s, em 1971, aos quinze anos, fui expulso do Liceu Pedro Nunes em Lisboa. Meu \u201cbatismo pol\u00edtico\u201d. Foi uma expuls\u00e3o branda, porque convidado, depois de uma negocia\u00e7\u00e3o quando descobriram que minha m\u00e3e trabalhava na Embaixada do Brasil, a n\u00e3o me matricular no ano seguinte. N\u00e3o era sen\u00e3o um\" \/>\n<meta property=\"og:url\" content=\"https:\/\/renatodias.online\/movimento\/2021\/08\/15\/a-ditadura-salazarista\/\" \/>\n<meta property=\"article:publisher\" content=\"https:\/\/www.facebook.com\/renato.dias.37\" \/>\n<meta property=\"article:author\" content=\"https:\/\/www.facebook.com\/renato.dias.37\" \/>\n<meta property=\"article:published_time\" content=\"2021-08-15T18:50:30+00:00\" \/>\n<meta property=\"og:image\" content=\"https:\/\/renatodias.online\/movimento\/wp-content\/uploads\/2020\/08\/2-Live-Val\u00e9rio-Arcary-Psol-e1632754849143.jpg\" \/>\n\t<meta property=\"og:image:width\" content=\"250\" \/>\n\t<meta property=\"og:image:height\" content=\"159\" \/>\n\t<meta property=\"og:image:type\" content=\"image\/jpeg\" \/>\n<meta name=\"author\" content=\"Renato Dias\" \/>\n<meta name=\"twitter:card\" content=\"summary_large_image\" \/>\n<meta name=\"twitter:creator\" content=\"@RenatoDiasBat\" \/>\n<meta name=\"twitter:site\" content=\"@RenatoDiasBat\" \/>\n<meta name=\"twitter:label1\" content=\"Escrito por\" \/>\n\t<meta name=\"twitter:data1\" content=\"Renato Dias\" \/>\n\t<meta name=\"twitter:label2\" content=\"Est. tempo de leitura\" \/>\n\t<meta name=\"twitter:data2\" content=\"11 minutos\" \/>\n<script type=\"application\/ld+json\" class=\"yoast-schema-graph\">{\"@context\":\"https:\\\/\\\/schema.org\",\"@graph\":[{\"@type\":\"Article\",\"@id\":\"https:\\\/\\\/renatodias.online\\\/movimento\\\/2021\\\/08\\\/15\\\/a-ditadura-salazarista\\\/#article\",\"isPartOf\":{\"@id\":\"https:\\\/\\\/renatodias.online\\\/movimento\\\/2021\\\/08\\\/15\\\/a-ditadura-salazarista\\\/\"},\"author\":{\"name\":\"Renato Dias\",\"@id\":\"https:\\\/\\\/renatodias.online\\\/movimento\\\/#\\\/schema\\\/person\\\/bbab28833b1725a20f4083f49f1fb2a9\"},\"headline\":\"A ditadura salazarista\",\"datePublished\":\"2021-08-15T18:50:30+00:00\",\"mainEntityOfPage\":{\"@id\":\"https:\\\/\\\/renatodias.online\\\/movimento\\\/2021\\\/08\\\/15\\\/a-ditadura-salazarista\\\/\"},\"wordCount\":2224,\"commentCount\":0,\"publisher\":{\"@id\":\"https:\\\/\\\/renatodias.online\\\/movimento\\\/#\\\/schema\\\/person\\\/bbab28833b1725a20f4083f49f1fb2a9\"},\"image\":{\"@id\":\"https:\\\/\\\/renatodias.online\\\/movimento\\\/2021\\\/08\\\/15\\\/a-ditadura-salazarista\\\/#primaryimage\"},\"thumbnailUrl\":\"https:\\\/\\\/renatodias.online\\\/movimento\\\/wp-content\\\/uploads\\\/2020\\\/08\\\/2-Live-Val\u00e9rio-Arcary-Psol-e1632754849143.jpg\",\"articleSection\":[\"Pol\u00edtica\"],\"inLanguage\":\"pt-BR\",\"potentialAction\":[{\"@type\":\"CommentAction\",\"name\":\"Comment\",\"target\":[\"https:\\\/\\\/renatodias.online\\\/movimento\\\/2021\\\/08\\\/15\\\/a-ditadura-salazarista\\\/#respond\"]}]},{\"@type\":\"WebPage\",\"@id\":\"https:\\\/\\\/renatodias.online\\\/movimento\\\/2021\\\/08\\\/15\\\/a-ditadura-salazarista\\\/\",\"url\":\"https:\\\/\\\/renatodias.online\\\/movimento\\\/2021\\\/08\\\/15\\\/a-ditadura-salazarista\\\/\",\"name\":\"A ditadura salazarista -\",\"isPartOf\":{\"@id\":\"https:\\\/\\\/renatodias.online\\\/movimento\\\/#website\"},\"primaryImageOfPage\":{\"@id\":\"https:\\\/\\\/renatodias.online\\\/movimento\\\/2021\\\/08\\\/15\\\/a-ditadura-salazarista\\\/#primaryimage\"},\"image\":{\"@id\":\"https:\\\/\\\/renatodias.online\\\/movimento\\\/2021\\\/08\\\/15\\\/a-ditadura-salazarista\\\/#primaryimage\"},\"thumbnailUrl\":\"https:\\\/\\\/renatodias.online\\\/movimento\\\/wp-content\\\/uploads\\\/2020\\\/08\\\/2-Live-Val\u00e9rio-Arcary-Psol-e1632754849143.jpg\",\"datePublished\":\"2021-08-15T18:50:30+00:00\",\"breadcrumb\":{\"@id\":\"https:\\\/\\\/renatodias.online\\\/movimento\\\/2021\\\/08\\\/15\\\/a-ditadura-salazarista\\\/#breadcrumb\"},\"inLanguage\":\"pt-BR\",\"potentialAction\":[{\"@type\":\"ReadAction\",\"target\":[\"https:\\\/\\\/renatodias.online\\\/movimento\\\/2021\\\/08\\\/15\\\/a-ditadura-salazarista\\\/\"]}]},{\"@type\":\"ImageObject\",\"inLanguage\":\"pt-BR\",\"@id\":\"https:\\\/\\\/renatodias.online\\\/movimento\\\/2021\\\/08\\\/15\\\/a-ditadura-salazarista\\\/#primaryimage\",\"url\":\"https:\\\/\\\/renatodias.online\\\/movimento\\\/wp-content\\\/uploads\\\/2020\\\/08\\\/2-Live-Val\u00e9rio-Arcary-Psol-e1632754849143.jpg\",\"contentUrl\":\"https:\\\/\\\/renatodias.online\\\/movimento\\\/wp-content\\\/uploads\\\/2020\\\/08\\\/2-Live-Val\u00e9rio-Arcary-Psol-e1632754849143.jpg\",\"width\":250,\"height\":159,\"caption\":\"Val\u00e9rio Arcary\"},{\"@type\":\"BreadcrumbList\",\"@id\":\"https:\\\/\\\/renatodias.online\\\/movimento\\\/2021\\\/08\\\/15\\\/a-ditadura-salazarista\\\/#breadcrumb\",\"itemListElement\":[{\"@type\":\"ListItem\",\"position\":1,\"name\":\"In\u00edcio\",\"item\":\"https:\\\/\\\/renatodias.online\\\/movimento\\\/\"},{\"@type\":\"ListItem\",\"position\":2,\"name\":\"A ditadura salazarista\"}]},{\"@type\":\"WebSite\",\"@id\":\"https:\\\/\\\/renatodias.online\\\/movimento\\\/#website\",\"url\":\"https:\\\/\\\/renatodias.online\\\/movimento\\\/\",\"name\":\"\",\"description\":\"\",\"publisher\":{\"@id\":\"https:\\\/\\\/renatodias.online\\\/movimento\\\/#\\\/schema\\\/person\\\/bbab28833b1725a20f4083f49f1fb2a9\"},\"potentialAction\":[{\"@type\":\"SearchAction\",\"target\":{\"@type\":\"EntryPoint\",\"urlTemplate\":\"https:\\\/\\\/renatodias.online\\\/movimento\\\/?s={search_term_string}\"},\"query-input\":{\"@type\":\"PropertyValueSpecification\",\"valueRequired\":true,\"valueName\":\"search_term_string\"}}],\"inLanguage\":\"pt-BR\"},{\"@type\":[\"Person\",\"Organization\"],\"@id\":\"https:\\\/\\\/renatodias.online\\\/movimento\\\/#\\\/schema\\\/person\\\/bbab28833b1725a20f4083f49f1fb2a9\",\"name\":\"Renato Dias\",\"image\":{\"@type\":\"ImageObject\",\"inLanguage\":\"pt-BR\",\"@id\":\"https:\\\/\\\/renatodias.online\\\/movimento\\\/wp-content\\\/uploads\\\/2023\\\/03\\\/cropped-cropped-cropped-logofinal.jpeg\",\"url\":\"https:\\\/\\\/renatodias.online\\\/movimento\\\/wp-content\\\/uploads\\\/2023\\\/03\\\/cropped-cropped-cropped-logofinal.jpeg\",\"contentUrl\":\"https:\\\/\\\/renatodias.online\\\/movimento\\\/wp-content\\\/uploads\\\/2023\\\/03\\\/cropped-cropped-cropped-logofinal.jpeg\",\"width\":1280,\"height\":219,\"caption\":\"Renato Dias\"},\"logo\":{\"@id\":\"https:\\\/\\\/renatodias.online\\\/movimento\\\/wp-content\\\/uploads\\\/2023\\\/03\\\/cropped-cropped-cropped-logofinal.jpeg\"},\"description\":\"Renato Dias, 58 anos, \u00e9 graduado em Jornalismo, formado em Ci\u00eancias Sociais, com p\u00f3s-gradua\u00e7\u00e3o em Pol\u00edticas P\u00fablicas, mestre em Direito e Rela\u00e7\u00f5es Internacionais, ex-aluno extraordin\u00e1rio do Doutorado em Psicologia Social, ex-estudante do Curso de Psican\u00e1lise do Centro de Estudos Psicanal\u00edticos do Estado de Goi\u00e1s, ministrado pelo m\u00e9dico psiquiatra e psicanalista Daniel Em\u00eddio de Souza. \u00c9 autor de 30 livros-reportagem, oito document\u00e1rios, ganhou 30 pr\u00eamios e \u00e9 torcedor apaixonado do maior do Centro-Oeste, o Vila Nova Futebol Clube. Casado com Meirilane Dias, \u00e9 pai de Juliana Dias, jornalista; Daniel Dias, economista; e Maria Rosa Dias, estudante antifascista, socialista e trotskista.\u00a0Com tr\u00eas pets: Porquinho [Bull Dog Franc\u00eas], Dalila [Basset Hound] e Geleia [Basset Hound]. Al\u00e9m do eterno gato Tutuquinho, que virou estrela.\",\"sameAs\":[\"https:\\\/\\\/www.facebook.com\\\/renato.dias.37\",\"#breve\",\"https:\\\/\\\/renatodias.tumblr.com\\\/\"],\"url\":\"https:\\\/\\\/renatodias.online\\\/movimento\\\/author\\\/renatodias\\\/\"}]}<\/script>\n<!-- \/ Yoast SEO plugin. -->","yoast_head_json":{"title":"A ditadura salazarista -","robots":{"index":"index","follow":"follow","max-snippet":"max-snippet:-1","max-image-preview":"max-image-preview:large","max-video-preview":"max-video-preview:-1"},"canonical":"https:\/\/renatodias.online\/movimento\/2021\/08\/15\/a-ditadura-salazarista\/","og_locale":"pt_BR","og_type":"article","og_title":"A ditadura salazarista -","og_description":"A ditadura salazarista Valerio Arcary Cinquenta anos atr\u00e1s, em 1971, aos quinze anos, fui expulso do Liceu Pedro Nunes em Lisboa. Meu \u201cbatismo pol\u00edtico\u201d. Foi uma expuls\u00e3o branda, porque convidado, depois de uma negocia\u00e7\u00e3o quando descobriram que minha m\u00e3e trabalhava na Embaixada do Brasil, a n\u00e3o me matricular no ano seguinte. N\u00e3o era sen\u00e3o um","og_url":"https:\/\/renatodias.online\/movimento\/2021\/08\/15\/a-ditadura-salazarista\/","article_publisher":"https:\/\/www.facebook.com\/renato.dias.37","article_author":"https:\/\/www.facebook.com\/renato.dias.37","article_published_time":"2021-08-15T18:50:30+00:00","og_image":[{"width":250,"height":159,"url":"https:\/\/renatodias.online\/movimento\/wp-content\/uploads\/2020\/08\/2-Live-Val\u00e9rio-Arcary-Psol-e1632754849143.jpg","type":"image\/jpeg"}],"author":"Renato Dias","twitter_card":"summary_large_image","twitter_creator":"@RenatoDiasBat","twitter_site":"@RenatoDiasBat","twitter_misc":{"Escrito por":"Renato Dias","Est. tempo de leitura":"11 minutos"},"schema":{"@context":"https:\/\/schema.org","@graph":[{"@type":"Article","@id":"https:\/\/renatodias.online\/movimento\/2021\/08\/15\/a-ditadura-salazarista\/#article","isPartOf":{"@id":"https:\/\/renatodias.online\/movimento\/2021\/08\/15\/a-ditadura-salazarista\/"},"author":{"name":"Renato Dias","@id":"https:\/\/renatodias.online\/movimento\/#\/schema\/person\/bbab28833b1725a20f4083f49f1fb2a9"},"headline":"A ditadura salazarista","datePublished":"2021-08-15T18:50:30+00:00","mainEntityOfPage":{"@id":"https:\/\/renatodias.online\/movimento\/2021\/08\/15\/a-ditadura-salazarista\/"},"wordCount":2224,"commentCount":0,"publisher":{"@id":"https:\/\/renatodias.online\/movimento\/#\/schema\/person\/bbab28833b1725a20f4083f49f1fb2a9"},"image":{"@id":"https:\/\/renatodias.online\/movimento\/2021\/08\/15\/a-ditadura-salazarista\/#primaryimage"},"thumbnailUrl":"https:\/\/renatodias.online\/movimento\/wp-content\/uploads\/2020\/08\/2-Live-Val\u00e9rio-Arcary-Psol-e1632754849143.jpg","articleSection":["Pol\u00edtica"],"inLanguage":"pt-BR","potentialAction":[{"@type":"CommentAction","name":"Comment","target":["https:\/\/renatodias.online\/movimento\/2021\/08\/15\/a-ditadura-salazarista\/#respond"]}]},{"@type":"WebPage","@id":"https:\/\/renatodias.online\/movimento\/2021\/08\/15\/a-ditadura-salazarista\/","url":"https:\/\/renatodias.online\/movimento\/2021\/08\/15\/a-ditadura-salazarista\/","name":"A ditadura salazarista -","isPartOf":{"@id":"https:\/\/renatodias.online\/movimento\/#website"},"primaryImageOfPage":{"@id":"https:\/\/renatodias.online\/movimento\/2021\/08\/15\/a-ditadura-salazarista\/#primaryimage"},"image":{"@id":"https:\/\/renatodias.online\/movimento\/2021\/08\/15\/a-ditadura-salazarista\/#primaryimage"},"thumbnailUrl":"https:\/\/renatodias.online\/movimento\/wp-content\/uploads\/2020\/08\/2-Live-Val\u00e9rio-Arcary-Psol-e1632754849143.jpg","datePublished":"2021-08-15T18:50:30+00:00","breadcrumb":{"@id":"https:\/\/renatodias.online\/movimento\/2021\/08\/15\/a-ditadura-salazarista\/#breadcrumb"},"inLanguage":"pt-BR","potentialAction":[{"@type":"ReadAction","target":["https:\/\/renatodias.online\/movimento\/2021\/08\/15\/a-ditadura-salazarista\/"]}]},{"@type":"ImageObject","inLanguage":"pt-BR","@id":"https:\/\/renatodias.online\/movimento\/2021\/08\/15\/a-ditadura-salazarista\/#primaryimage","url":"https:\/\/renatodias.online\/movimento\/wp-content\/uploads\/2020\/08\/2-Live-Val\u00e9rio-Arcary-Psol-e1632754849143.jpg","contentUrl":"https:\/\/renatodias.online\/movimento\/wp-content\/uploads\/2020\/08\/2-Live-Val\u00e9rio-Arcary-Psol-e1632754849143.jpg","width":250,"height":159,"caption":"Val\u00e9rio Arcary"},{"@type":"BreadcrumbList","@id":"https:\/\/renatodias.online\/movimento\/2021\/08\/15\/a-ditadura-salazarista\/#breadcrumb","itemListElement":[{"@type":"ListItem","position":1,"name":"In\u00edcio","item":"https:\/\/renatodias.online\/movimento\/"},{"@type":"ListItem","position":2,"name":"A ditadura salazarista"}]},{"@type":"WebSite","@id":"https:\/\/renatodias.online\/movimento\/#website","url":"https:\/\/renatodias.online\/movimento\/","name":"","description":"","publisher":{"@id":"https:\/\/renatodias.online\/movimento\/#\/schema\/person\/bbab28833b1725a20f4083f49f1fb2a9"},"potentialAction":[{"@type":"SearchAction","target":{"@type":"EntryPoint","urlTemplate":"https:\/\/renatodias.online\/movimento\/?s={search_term_string}"},"query-input":{"@type":"PropertyValueSpecification","valueRequired":true,"valueName":"search_term_string"}}],"inLanguage":"pt-BR"},{"@type":["Person","Organization"],"@id":"https:\/\/renatodias.online\/movimento\/#\/schema\/person\/bbab28833b1725a20f4083f49f1fb2a9","name":"Renato Dias","image":{"@type":"ImageObject","inLanguage":"pt-BR","@id":"https:\/\/renatodias.online\/movimento\/wp-content\/uploads\/2023\/03\/cropped-cropped-cropped-logofinal.jpeg","url":"https:\/\/renatodias.online\/movimento\/wp-content\/uploads\/2023\/03\/cropped-cropped-cropped-logofinal.jpeg","contentUrl":"https:\/\/renatodias.online\/movimento\/wp-content\/uploads\/2023\/03\/cropped-cropped-cropped-logofinal.jpeg","width":1280,"height":219,"caption":"Renato Dias"},"logo":{"@id":"https:\/\/renatodias.online\/movimento\/wp-content\/uploads\/2023\/03\/cropped-cropped-cropped-logofinal.jpeg"},"description":"Renato Dias, 58 anos, \u00e9 graduado em Jornalismo, formado em Ci\u00eancias Sociais, com p\u00f3s-gradua\u00e7\u00e3o em Pol\u00edticas P\u00fablicas, mestre em Direito e Rela\u00e7\u00f5es Internacionais, ex-aluno extraordin\u00e1rio do Doutorado em Psicologia Social, ex-estudante do Curso de Psican\u00e1lise do Centro de Estudos Psicanal\u00edticos do Estado de Goi\u00e1s, ministrado pelo m\u00e9dico psiquiatra e psicanalista Daniel Em\u00eddio de Souza. \u00c9 autor de 30 livros-reportagem, oito document\u00e1rios, ganhou 30 pr\u00eamios e \u00e9 torcedor apaixonado do maior do Centro-Oeste, o Vila Nova Futebol Clube. Casado com Meirilane Dias, \u00e9 pai de Juliana Dias, jornalista; Daniel Dias, economista; e Maria Rosa Dias, estudante antifascista, socialista e trotskista.\u00a0Com tr\u00eas pets: Porquinho [Bull Dog Franc\u00eas], Dalila [Basset Hound] e Geleia [Basset Hound]. Al\u00e9m do eterno gato Tutuquinho, que virou estrela.","sameAs":["https:\/\/www.facebook.com\/renato.dias.37","#breve","https:\/\/renatodias.tumblr.com\/"],"url":"https:\/\/renatodias.online\/movimento\/author\/renatodias\/"}]}},"_links":{"self":[{"href":"https:\/\/renatodias.online\/movimento\/wp-json\/wp\/v2\/posts\/8468","targetHints":{"allow":["GET"]}}],"collection":[{"href":"https:\/\/renatodias.online\/movimento\/wp-json\/wp\/v2\/posts"}],"about":[{"href":"https:\/\/renatodias.online\/movimento\/wp-json\/wp\/v2\/types\/post"}],"author":[{"embeddable":true,"href":"https:\/\/renatodias.online\/movimento\/wp-json\/wp\/v2\/users\/2"}],"replies":[{"embeddable":true,"href":"https:\/\/renatodias.online\/movimento\/wp-json\/wp\/v2\/comments?post=8468"}],"version-history":[{"count":1,"href":"https:\/\/renatodias.online\/movimento\/wp-json\/wp\/v2\/posts\/8468\/revisions"}],"predecessor-version":[{"id":8474,"href":"https:\/\/renatodias.online\/movimento\/wp-json\/wp\/v2\/posts\/8468\/revisions\/8474"}],"wp:featuredmedia":[{"embeddable":true,"href":"https:\/\/renatodias.online\/movimento\/wp-json\/wp\/v2\/media\/4233"}],"wp:attachment":[{"href":"https:\/\/renatodias.online\/movimento\/wp-json\/wp\/v2\/media?parent=8468"}],"wp:term":[{"taxonomy":"category","embeddable":true,"href":"https:\/\/renatodias.online\/movimento\/wp-json\/wp\/v2\/categories?post=8468"},{"taxonomy":"post_tag","embeddable":true,"href":"https:\/\/renatodias.online\/movimento\/wp-json\/wp\/v2\/tags?post=8468"}],"curies":[{"name":"wp","href":"https:\/\/api.w.org\/{rel}","templated":true}]}}