{"id":8375,"date":"2021-08-12T12:49:21","date_gmt":"2021-08-12T15:49:21","guid":{"rendered":"https:\/\/renatodias.online\/movimento\/?p=8375"},"modified":"2021-08-12T12:50:05","modified_gmt":"2021-08-12T15:50:05","slug":"60-anos-nesta-noite","status":"publish","type":"post","link":"https:\/\/renatodias.online\/movimento\/2021\/08\/12\/60-anos-nesta-noite\/","title":{"rendered":"60 anos nesta noite"},"content":{"rendered":"<figure id=\"attachment_8376\" aria-describedby=\"caption-attachment-8376\" style=\"width: 960px\" class=\"wp-caption alignnone\"><img loading=\"lazy\" decoding=\"async\" class=\"size-full wp-image-8376\" src=\"https:\/\/renatodias.online\/movimento\/wp-content\/uploads\/2021\/08\/Isaura-Maia-Ludovicensa.jpg\" alt=\"\" width=\"960\" height=\"960\" srcset=\"https:\/\/renatodias.online\/movimento\/wp-content\/uploads\/2021\/08\/Isaura-Maia-Ludovicensa.jpg 960w, https:\/\/renatodias.online\/movimento\/wp-content\/uploads\/2021\/08\/Isaura-Maia-Ludovicensa-300x300.jpg 300w, https:\/\/renatodias.online\/movimento\/wp-content\/uploads\/2021\/08\/Isaura-Maia-Ludovicensa-150x150.jpg 150w, https:\/\/renatodias.online\/movimento\/wp-content\/uploads\/2021\/08\/Isaura-Maia-Ludovicensa-768x768.jpg 768w, https:\/\/renatodias.online\/movimento\/wp-content\/uploads\/2021\/08\/Isaura-Maia-Ludovicensa-750x750.jpg 750w\" sizes=\"auto, (max-width: 960px) 100vw, 960px\" \/><figcaption id=\"caption-attachment-8376\" class=\"wp-caption-text\"><strong>Isaura Maia &#8211; Ludovicensa<\/strong><\/figcaption><\/figure>\n<h1><\/h1>\n<h1 style=\"text-align: center;\"><span style=\"color: #ff0000;\"><strong>60 anos nesta noite<\/strong><\/span><\/h1>\n<p><strong> <img loading=\"lazy\" decoding=\"async\" class=\"alignnone size-full wp-image-8379\" src=\"https:\/\/renatodias.online\/movimento\/wp-content\/uploads\/2021\/08\/Especial-Principal.png\" alt=\"\" width=\"1531\" height=\"515\" \/><\/strong><\/p>\n<h1 style=\"text-align: center;\"><span style=\"color: #ff00ff;\"><strong>Isaura Maia<\/strong><\/span><\/h1>\n<h1 style=\"text-align: center;\"><span style=\"color: #808000;\"><strong>Por inclus\u00e3o, cidadania e democracia<\/strong><\/span><\/h1>\n<p><strong>\u00a0<\/strong><\/p>\n<p><strong>Renato Dias<\/strong><\/p>\n<p>Uma data hist\u00f3rica. Redonda. Para a empres\u00e1ria da ind\u00fastria de modas e da alta costura <span style=\"color: #3366ff;\"><strong>Isaura Maia<\/strong><\/span>. Chic, gauche e bela. Uma apaixonada pelo <strong><span style=\"color: #ff0000;\">Vila Nova Futebol Clube<\/span><\/strong>. O maior do Centro-Oeste do Brasil. Mulher que adora <span style=\"color: #ff00ff;\"><strong>S\u00e3o Lu\u00eds, a capital do Estado do Maranh\u00e3o<\/strong>.<\/span> Regi\u00e3o Nordeste do Brasil. \u00c9 nesta quinta-feira. Dia 12 de maio de 1961. O do seu anivers\u00e1rio. De 60 anos.<\/p>\n<h1><span style=\"color: #666699;\"><strong>Contempor\u00e2nea da modernidade<\/strong><\/span><\/h1>\n<p>Propriet\u00e1ria da tradicional <strong>Loja Ludovicensa<\/strong>, com produtos e pe\u00e7as de estilo, refinados, para a nova mulher. Do s\u00e9culo 21. Contempor\u00e2nea da modernidade. De bom gosto. Um convite \u00e0 eleg\u00e2ncia. Isaura Maia, em tempos sombrios de Pandemia do Coronav\u00edrus Covid 19, far\u00e1 uma comemora\u00e7\u00e3o especial, diferente, inusitada, cidad\u00e3, inclusiva. Sem aglomera\u00e7\u00f5es. O que \u00e9 certo. Como determina a OMS. Com os seus protocolos. Sanit\u00e1rios.<\/p>\n<p><img loading=\"lazy\" decoding=\"async\" class=\"alignnone size-full wp-image-6430\" src=\"https:\/\/renatodias.online\/movimento\/wp-content\/uploads\/2021\/05\/Ludovicensa-1.png\" alt=\"\" width=\"1080\" height=\"677\" srcset=\"https:\/\/renatodias.online\/movimento\/wp-content\/uploads\/2021\/05\/Ludovicensa-1.png 1080w, https:\/\/renatodias.online\/movimento\/wp-content\/uploads\/2021\/05\/Ludovicensa-1-300x188.png 300w, https:\/\/renatodias.online\/movimento\/wp-content\/uploads\/2021\/05\/Ludovicensa-1-768x481.png 768w, https:\/\/renatodias.online\/movimento\/wp-content\/uploads\/2021\/05\/Ludovicensa-1-750x470.png 750w\" sizes=\"auto, (max-width: 1080px) 100vw, 1080px\" \/><\/p>\n<p>A empreendedora de sucesso no mercado n\u00e3o quer nada de presente. Nada, nada, nada. Somente oferece uma sugest\u00e3o. \u00c0s suas clientes, consumidoras, parentes e amigas. De longa data. Para reduzir a fome. A mis\u00e9ria social. As chagas. De milhares de atingidos que grassam as ruas e periferias de Goi\u00e2nia. Leve cestas b\u00e1sicas. At\u00e9 a Ludovicensa. Oportunidade. Fa\u00e7a o bem.<\/p>\n<p>&nbsp;<\/p>\n","protected":false},"excerpt":{"rendered":"<p>60 anos nesta noite Isaura Maia Por inclus\u00e3o, cidadania e democracia \u00a0 Renato Dias Uma data hist\u00f3rica. Redonda. Para a empres\u00e1ria da ind\u00fastria de modas e da alta costura Isaura Maia. Chic, gauche e bela. Uma apaixonada pelo Vila Nova Futebol Clube. O maior do Centro-Oeste do Brasil. Mulher que adora S\u00e3o Lu\u00eds, a capital<\/p>\n","protected":false},"author":2,"featured_media":8377,"comment_status":"open","ping_status":"open","sticky":false,"template":"","format":"standard","meta":{"_acf_changed":false,"_monsterinsights_skip_tracking":false,"_monsterinsights_sitenote_active":false,"_monsterinsights_sitenote_note":"","_monsterinsights_sitenote_category":0,"footnotes":""},"categories":[15],"tags":[],"class_list":["post-8375","post","type-post","status-publish","format-standard","has-post-thumbnail","hentry","category-estilo-de-vida"],"acf":[],"yoast_head":"<!-- This site is optimized with the Yoast SEO plugin v27.4 - https:\/\/yoast.com\/product\/yoast-seo-wordpress\/ -->\n<title>60 anos nesta noite -<\/title>\n<meta name=\"robots\" content=\"index, follow, max-snippet:-1, max-image-preview:large, max-video-preview:-1\" \/>\n<link rel=\"canonical\" href=\"https:\/\/renatodias.online\/movimento\/2021\/08\/12\/60-anos-nesta-noite\/\" \/>\n<meta property=\"og:locale\" content=\"pt_BR\" \/>\n<meta property=\"og:type\" content=\"article\" \/>\n<meta property=\"og:title\" content=\"60 anos nesta noite -\" \/>\n<meta property=\"og:description\" content=\"60 anos nesta noite Isaura Maia Por inclus\u00e3o, cidadania e democracia \u00a0 Renato Dias Uma data hist\u00f3rica. Redonda. Para a empres\u00e1ria da ind\u00fastria de modas e da alta costura Isaura Maia. Chic, gauche e bela. Uma apaixonada pelo Vila Nova Futebol Clube. O maior do Centro-Oeste do Brasil. Mulher que adora S\u00e3o Lu\u00eds, a capital\" \/>\n<meta property=\"og:url\" content=\"https:\/\/renatodias.online\/movimento\/2021\/08\/12\/60-anos-nesta-noite\/\" \/>\n<meta property=\"article:publisher\" content=\"https:\/\/www.facebook.com\/renato.dias.37\" \/>\n<meta property=\"article:author\" content=\"https:\/\/www.facebook.com\/renato.dias.37\" \/>\n<meta property=\"article:published_time\" content=\"2021-08-12T15:49:21+00:00\" \/>\n<meta property=\"article:modified_time\" content=\"2021-08-12T15:50:05+00:00\" \/>\n<meta property=\"og:image\" content=\"https:\/\/renatodias.online\/movimento\/wp-content\/uploads\/2021\/08\/Isaura-Maia-Link.jpg\" \/>\n\t<meta property=\"og:image:width\" content=\"959\" \/>\n\t<meta property=\"og:image:height\" content=\"960\" \/>\n\t<meta property=\"og:image:type\" content=\"image\/jpeg\" \/>\n<meta name=\"author\" content=\"Renato Dias\" \/>\n<meta name=\"twitter:card\" content=\"summary_large_image\" \/>\n<meta name=\"twitter:creator\" content=\"@RenatoDiasBat\" \/>\n<meta name=\"twitter:site\" content=\"@RenatoDiasBat\" \/>\n<meta name=\"twitter:label1\" content=\"Escrito por\" \/>\n\t<meta name=\"twitter:data1\" content=\"Renato Dias\" \/>\n\t<meta name=\"twitter:label2\" content=\"Est. tempo de leitura\" \/>\n\t<meta name=\"twitter:data2\" content=\"1 minuto\" \/>\n<script type=\"application\/ld+json\" class=\"yoast-schema-graph\">{\"@context\":\"https:\\\/\\\/schema.org\",\"@graph\":[{\"@type\":\"Article\",\"@id\":\"https:\\\/\\\/renatodias.online\\\/movimento\\\/2021\\\/08\\\/12\\\/60-anos-nesta-noite\\\/#article\",\"isPartOf\":{\"@id\":\"https:\\\/\\\/renatodias.online\\\/movimento\\\/2021\\\/08\\\/12\\\/60-anos-nesta-noite\\\/\"},\"author\":{\"name\":\"Renato Dias\",\"@id\":\"https:\\\/\\\/renatodias.online\\\/movimento\\\/#\\\/schema\\\/person\\\/bbab28833b1725a20f4083f49f1fb2a9\"},\"headline\":\"60 anos nesta noite\",\"datePublished\":\"2021-08-12T15:49:21+00:00\",\"dateModified\":\"2021-08-12T15:50:05+00:00\",\"mainEntityOfPage\":{\"@id\":\"https:\\\/\\\/renatodias.online\\\/movimento\\\/2021\\\/08\\\/12\\\/60-anos-nesta-noite\\\/\"},\"wordCount\":234,\"commentCount\":0,\"publisher\":{\"@id\":\"https:\\\/\\\/renatodias.online\\\/movimento\\\/#\\\/schema\\\/person\\\/bbab28833b1725a20f4083f49f1fb2a9\"},\"image\":{\"@id\":\"https:\\\/\\\/renatodias.online\\\/movimento\\\/2021\\\/08\\\/12\\\/60-anos-nesta-noite\\\/#primaryimage\"},\"thumbnailUrl\":\"https:\\\/\\\/renatodias.online\\\/movimento\\\/wp-content\\\/uploads\\\/2021\\\/08\\\/Isaura-Maia-Link.jpg\",\"articleSection\":[\"Estilo de Vida\"],\"inLanguage\":\"pt-BR\",\"potentialAction\":[{\"@type\":\"CommentAction\",\"name\":\"Comment\",\"target\":[\"https:\\\/\\\/renatodias.online\\\/movimento\\\/2021\\\/08\\\/12\\\/60-anos-nesta-noite\\\/#respond\"]}]},{\"@type\":\"WebPage\",\"@id\":\"https:\\\/\\\/renatodias.online\\\/movimento\\\/2021\\\/08\\\/12\\\/60-anos-nesta-noite\\\/\",\"url\":\"https:\\\/\\\/renatodias.online\\\/movimento\\\/2021\\\/08\\\/12\\\/60-anos-nesta-noite\\\/\",\"name\":\"60 anos nesta noite -\",\"isPartOf\":{\"@id\":\"https:\\\/\\\/renatodias.online\\\/movimento\\\/#website\"},\"primaryImageOfPage\":{\"@id\":\"https:\\\/\\\/renatodias.online\\\/movimento\\\/2021\\\/08\\\/12\\\/60-anos-nesta-noite\\\/#primaryimage\"},\"image\":{\"@id\":\"https:\\\/\\\/renatodias.online\\\/movimento\\\/2021\\\/08\\\/12\\\/60-anos-nesta-noite\\\/#primaryimage\"},\"thumbnailUrl\":\"https:\\\/\\\/renatodias.online\\\/movimento\\\/wp-content\\\/uploads\\\/2021\\\/08\\\/Isaura-Maia-Link.jpg\",\"datePublished\":\"2021-08-12T15:49:21+00:00\",\"dateModified\":\"2021-08-12T15:50:05+00:00\",\"breadcrumb\":{\"@id\":\"https:\\\/\\\/renatodias.online\\\/movimento\\\/2021\\\/08\\\/12\\\/60-anos-nesta-noite\\\/#breadcrumb\"},\"inLanguage\":\"pt-BR\",\"potentialAction\":[{\"@type\":\"ReadAction\",\"target\":[\"https:\\\/\\\/renatodias.online\\\/movimento\\\/2021\\\/08\\\/12\\\/60-anos-nesta-noite\\\/\"]}]},{\"@type\":\"ImageObject\",\"inLanguage\":\"pt-BR\",\"@id\":\"https:\\\/\\\/renatodias.online\\\/movimento\\\/2021\\\/08\\\/12\\\/60-anos-nesta-noite\\\/#primaryimage\",\"url\":\"https:\\\/\\\/renatodias.online\\\/movimento\\\/wp-content\\\/uploads\\\/2021\\\/08\\\/Isaura-Maia-Link.jpg\",\"contentUrl\":\"https:\\\/\\\/renatodias.online\\\/movimento\\\/wp-content\\\/uploads\\\/2021\\\/08\\\/Isaura-Maia-Link.jpg\",\"width\":959,\"height\":960,\"caption\":\"Isaura Maia\"},{\"@type\":\"BreadcrumbList\",\"@id\":\"https:\\\/\\\/renatodias.online\\\/movimento\\\/2021\\\/08\\\/12\\\/60-anos-nesta-noite\\\/#breadcrumb\",\"itemListElement\":[{\"@type\":\"ListItem\",\"position\":1,\"name\":\"In\u00edcio\",\"item\":\"https:\\\/\\\/renatodias.online\\\/movimento\\\/\"},{\"@type\":\"ListItem\",\"position\":2,\"name\":\"60 anos nesta noite\"}]},{\"@type\":\"WebSite\",\"@id\":\"https:\\\/\\\/renatodias.online\\\/movimento\\\/#website\",\"url\":\"https:\\\/\\\/renatodias.online\\\/movimento\\\/\",\"name\":\"\",\"description\":\"\",\"publisher\":{\"@id\":\"https:\\\/\\\/renatodias.online\\\/movimento\\\/#\\\/schema\\\/person\\\/bbab28833b1725a20f4083f49f1fb2a9\"},\"potentialAction\":[{\"@type\":\"SearchAction\",\"target\":{\"@type\":\"EntryPoint\",\"urlTemplate\":\"https:\\\/\\\/renatodias.online\\\/movimento\\\/?s={search_term_string}\"},\"query-input\":{\"@type\":\"PropertyValueSpecification\",\"valueRequired\":true,\"valueName\":\"search_term_string\"}}],\"inLanguage\":\"pt-BR\"},{\"@type\":[\"Person\",\"Organization\"],\"@id\":\"https:\\\/\\\/renatodias.online\\\/movimento\\\/#\\\/schema\\\/person\\\/bbab28833b1725a20f4083f49f1fb2a9\",\"name\":\"Renato Dias\",\"image\":{\"@type\":\"ImageObject\",\"inLanguage\":\"pt-BR\",\"@id\":\"https:\\\/\\\/renatodias.online\\\/movimento\\\/wp-content\\\/uploads\\\/2023\\\/03\\\/cropped-cropped-cropped-logofinal.jpeg\",\"url\":\"https:\\\/\\\/renatodias.online\\\/movimento\\\/wp-content\\\/uploads\\\/2023\\\/03\\\/cropped-cropped-cropped-logofinal.jpeg\",\"contentUrl\":\"https:\\\/\\\/renatodias.online\\\/movimento\\\/wp-content\\\/uploads\\\/2023\\\/03\\\/cropped-cropped-cropped-logofinal.jpeg\",\"width\":1280,\"height\":219,\"caption\":\"Renato Dias\"},\"logo\":{\"@id\":\"https:\\\/\\\/renatodias.online\\\/movimento\\\/wp-content\\\/uploads\\\/2023\\\/03\\\/cropped-cropped-cropped-logofinal.jpeg\"},\"description\":\"Renato Dias, 58 anos, \u00e9 graduado em Jornalismo, formado em Ci\u00eancias Sociais, com p\u00f3s-gradua\u00e7\u00e3o em Pol\u00edticas P\u00fablicas, mestre em Direito e Rela\u00e7\u00f5es Internacionais, ex-aluno extraordin\u00e1rio do Doutorado em Psicologia Social, ex-estudante do Curso de Psican\u00e1lise do Centro de Estudos Psicanal\u00edticos do Estado de Goi\u00e1s, ministrado pelo m\u00e9dico psiquiatra e psicanalista Daniel Em\u00eddio de Souza. \u00c9 autor de 30 livros-reportagem, oito document\u00e1rios, ganhou 30 pr\u00eamios e \u00e9 torcedor apaixonado do maior do Centro-Oeste, o Vila Nova Futebol Clube. Casado com Meirilane Dias, \u00e9 pai de Juliana Dias, jornalista; Daniel Dias, economista; e Maria Rosa Dias, estudante antifascista, socialista e trotskista.\u00a0Com tr\u00eas pets: Porquinho [Bull Dog Franc\u00eas], Dalila [Basset Hound] e Geleia [Basset Hound]. Al\u00e9m do eterno gato Tutuquinho, que virou estrela.\",\"sameAs\":[\"https:\\\/\\\/www.facebook.com\\\/renato.dias.37\",\"#breve\",\"https:\\\/\\\/renatodias.tumblr.com\\\/\"],\"url\":\"https:\\\/\\\/renatodias.online\\\/movimento\\\/author\\\/renatodias\\\/\"}]}<\/script>\n<!-- \/ Yoast SEO plugin. -->","yoast_head_json":{"title":"60 anos nesta noite -","robots":{"index":"index","follow":"follow","max-snippet":"max-snippet:-1","max-image-preview":"max-image-preview:large","max-video-preview":"max-video-preview:-1"},"canonical":"https:\/\/renatodias.online\/movimento\/2021\/08\/12\/60-anos-nesta-noite\/","og_locale":"pt_BR","og_type":"article","og_title":"60 anos nesta noite -","og_description":"60 anos nesta noite Isaura Maia Por inclus\u00e3o, cidadania e democracia \u00a0 Renato Dias Uma data hist\u00f3rica. Redonda. Para a empres\u00e1ria da ind\u00fastria de modas e da alta costura Isaura Maia. Chic, gauche e bela. Uma apaixonada pelo Vila Nova Futebol Clube. O maior do Centro-Oeste do Brasil. Mulher que adora S\u00e3o Lu\u00eds, a capital","og_url":"https:\/\/renatodias.online\/movimento\/2021\/08\/12\/60-anos-nesta-noite\/","article_publisher":"https:\/\/www.facebook.com\/renato.dias.37","article_author":"https:\/\/www.facebook.com\/renato.dias.37","article_published_time":"2021-08-12T15:49:21+00:00","article_modified_time":"2021-08-12T15:50:05+00:00","og_image":[{"width":959,"height":960,"url":"https:\/\/renatodias.online\/movimento\/wp-content\/uploads\/2021\/08\/Isaura-Maia-Link.jpg","type":"image\/jpeg"}],"author":"Renato Dias","twitter_card":"summary_large_image","twitter_creator":"@RenatoDiasBat","twitter_site":"@RenatoDiasBat","twitter_misc":{"Escrito por":"Renato Dias","Est. tempo de leitura":"1 minuto"},"schema":{"@context":"https:\/\/schema.org","@graph":[{"@type":"Article","@id":"https:\/\/renatodias.online\/movimento\/2021\/08\/12\/60-anos-nesta-noite\/#article","isPartOf":{"@id":"https:\/\/renatodias.online\/movimento\/2021\/08\/12\/60-anos-nesta-noite\/"},"author":{"name":"Renato Dias","@id":"https:\/\/renatodias.online\/movimento\/#\/schema\/person\/bbab28833b1725a20f4083f49f1fb2a9"},"headline":"60 anos nesta noite","datePublished":"2021-08-12T15:49:21+00:00","dateModified":"2021-08-12T15:50:05+00:00","mainEntityOfPage":{"@id":"https:\/\/renatodias.online\/movimento\/2021\/08\/12\/60-anos-nesta-noite\/"},"wordCount":234,"commentCount":0,"publisher":{"@id":"https:\/\/renatodias.online\/movimento\/#\/schema\/person\/bbab28833b1725a20f4083f49f1fb2a9"},"image":{"@id":"https:\/\/renatodias.online\/movimento\/2021\/08\/12\/60-anos-nesta-noite\/#primaryimage"},"thumbnailUrl":"https:\/\/renatodias.online\/movimento\/wp-content\/uploads\/2021\/08\/Isaura-Maia-Link.jpg","articleSection":["Estilo de Vida"],"inLanguage":"pt-BR","potentialAction":[{"@type":"CommentAction","name":"Comment","target":["https:\/\/renatodias.online\/movimento\/2021\/08\/12\/60-anos-nesta-noite\/#respond"]}]},{"@type":"WebPage","@id":"https:\/\/renatodias.online\/movimento\/2021\/08\/12\/60-anos-nesta-noite\/","url":"https:\/\/renatodias.online\/movimento\/2021\/08\/12\/60-anos-nesta-noite\/","name":"60 anos nesta noite -","isPartOf":{"@id":"https:\/\/renatodias.online\/movimento\/#website"},"primaryImageOfPage":{"@id":"https:\/\/renatodias.online\/movimento\/2021\/08\/12\/60-anos-nesta-noite\/#primaryimage"},"image":{"@id":"https:\/\/renatodias.online\/movimento\/2021\/08\/12\/60-anos-nesta-noite\/#primaryimage"},"thumbnailUrl":"https:\/\/renatodias.online\/movimento\/wp-content\/uploads\/2021\/08\/Isaura-Maia-Link.jpg","datePublished":"2021-08-12T15:49:21+00:00","dateModified":"2021-08-12T15:50:05+00:00","breadcrumb":{"@id":"https:\/\/renatodias.online\/movimento\/2021\/08\/12\/60-anos-nesta-noite\/#breadcrumb"},"inLanguage":"pt-BR","potentialAction":[{"@type":"ReadAction","target":["https:\/\/renatodias.online\/movimento\/2021\/08\/12\/60-anos-nesta-noite\/"]}]},{"@type":"ImageObject","inLanguage":"pt-BR","@id":"https:\/\/renatodias.online\/movimento\/2021\/08\/12\/60-anos-nesta-noite\/#primaryimage","url":"https:\/\/renatodias.online\/movimento\/wp-content\/uploads\/2021\/08\/Isaura-Maia-Link.jpg","contentUrl":"https:\/\/renatodias.online\/movimento\/wp-content\/uploads\/2021\/08\/Isaura-Maia-Link.jpg","width":959,"height":960,"caption":"Isaura Maia"},{"@type":"BreadcrumbList","@id":"https:\/\/renatodias.online\/movimento\/2021\/08\/12\/60-anos-nesta-noite\/#breadcrumb","itemListElement":[{"@type":"ListItem","position":1,"name":"In\u00edcio","item":"https:\/\/renatodias.online\/movimento\/"},{"@type":"ListItem","position":2,"name":"60 anos nesta noite"}]},{"@type":"WebSite","@id":"https:\/\/renatodias.online\/movimento\/#website","url":"https:\/\/renatodias.online\/movimento\/","name":"","description":"","publisher":{"@id":"https:\/\/renatodias.online\/movimento\/#\/schema\/person\/bbab28833b1725a20f4083f49f1fb2a9"},"potentialAction":[{"@type":"SearchAction","target":{"@type":"EntryPoint","urlTemplate":"https:\/\/renatodias.online\/movimento\/?s={search_term_string}"},"query-input":{"@type":"PropertyValueSpecification","valueRequired":true,"valueName":"search_term_string"}}],"inLanguage":"pt-BR"},{"@type":["Person","Organization"],"@id":"https:\/\/renatodias.online\/movimento\/#\/schema\/person\/bbab28833b1725a20f4083f49f1fb2a9","name":"Renato Dias","image":{"@type":"ImageObject","inLanguage":"pt-BR","@id":"https:\/\/renatodias.online\/movimento\/wp-content\/uploads\/2023\/03\/cropped-cropped-cropped-logofinal.jpeg","url":"https:\/\/renatodias.online\/movimento\/wp-content\/uploads\/2023\/03\/cropped-cropped-cropped-logofinal.jpeg","contentUrl":"https:\/\/renatodias.online\/movimento\/wp-content\/uploads\/2023\/03\/cropped-cropped-cropped-logofinal.jpeg","width":1280,"height":219,"caption":"Renato Dias"},"logo":{"@id":"https:\/\/renatodias.online\/movimento\/wp-content\/uploads\/2023\/03\/cropped-cropped-cropped-logofinal.jpeg"},"description":"Renato Dias, 58 anos, \u00e9 graduado em Jornalismo, formado em Ci\u00eancias Sociais, com p\u00f3s-gradua\u00e7\u00e3o em Pol\u00edticas P\u00fablicas, mestre em Direito e Rela\u00e7\u00f5es Internacionais, ex-aluno extraordin\u00e1rio do Doutorado em Psicologia Social, ex-estudante do Curso de Psican\u00e1lise do Centro de Estudos Psicanal\u00edticos do Estado de Goi\u00e1s, ministrado pelo m\u00e9dico psiquiatra e psicanalista Daniel Em\u00eddio de Souza. \u00c9 autor de 30 livros-reportagem, oito document\u00e1rios, ganhou 30 pr\u00eamios e \u00e9 torcedor apaixonado do maior do Centro-Oeste, o Vila Nova Futebol Clube. Casado com Meirilane Dias, \u00e9 pai de Juliana Dias, jornalista; Daniel Dias, economista; e Maria Rosa Dias, estudante antifascista, socialista e trotskista.\u00a0Com tr\u00eas pets: Porquinho [Bull Dog Franc\u00eas], Dalila [Basset Hound] e Geleia [Basset Hound]. Al\u00e9m do eterno gato Tutuquinho, que virou estrela.","sameAs":["https:\/\/www.facebook.com\/renato.dias.37","#breve","https:\/\/renatodias.tumblr.com\/"],"url":"https:\/\/renatodias.online\/movimento\/author\/renatodias\/"}]}},"_links":{"self":[{"href":"https:\/\/renatodias.online\/movimento\/wp-json\/wp\/v2\/posts\/8375","targetHints":{"allow":["GET"]}}],"collection":[{"href":"https:\/\/renatodias.online\/movimento\/wp-json\/wp\/v2\/posts"}],"about":[{"href":"https:\/\/renatodias.online\/movimento\/wp-json\/wp\/v2\/types\/post"}],"author":[{"embeddable":true,"href":"https:\/\/renatodias.online\/movimento\/wp-json\/wp\/v2\/users\/2"}],"replies":[{"embeddable":true,"href":"https:\/\/renatodias.online\/movimento\/wp-json\/wp\/v2\/comments?post=8375"}],"version-history":[{"count":2,"href":"https:\/\/renatodias.online\/movimento\/wp-json\/wp\/v2\/posts\/8375\/revisions"}],"predecessor-version":[{"id":8382,"href":"https:\/\/renatodias.online\/movimento\/wp-json\/wp\/v2\/posts\/8375\/revisions\/8382"}],"wp:featuredmedia":[{"embeddable":true,"href":"https:\/\/renatodias.online\/movimento\/wp-json\/wp\/v2\/media\/8377"}],"wp:attachment":[{"href":"https:\/\/renatodias.online\/movimento\/wp-json\/wp\/v2\/media?parent=8375"}],"wp:term":[{"taxonomy":"category","embeddable":true,"href":"https:\/\/renatodias.online\/movimento\/wp-json\/wp\/v2\/categories?post=8375"},{"taxonomy":"post_tag","embeddable":true,"href":"https:\/\/renatodias.online\/movimento\/wp-json\/wp\/v2\/tags?post=8375"}],"curies":[{"name":"wp","href":"https:\/\/api.w.org\/{rel}","templated":true}]}}