{"id":8308,"date":"2021-08-08T19:07:50","date_gmt":"2021-08-08T22:07:50","guid":{"rendered":"https:\/\/renatodias.online\/movimento\/?p=8308"},"modified":"2021-08-08T19:07:50","modified_gmt":"2021-08-08T22:07:50","slug":"fora-do-quadrado-dado-ianomami","status":"publish","type":"post","link":"https:\/\/renatodias.online\/movimento\/2021\/08\/08\/fora-do-quadrado-dado-ianomami\/","title":{"rendered":"Fora do Quadrado &#8211; Dado Ianom\u00e2mi"},"content":{"rendered":"<p><img loading=\"lazy\" decoding=\"async\" class=\"alignnone size-full wp-image-5007\" src=\"https:\/\/renatodias.online\/movimento\/wp-content\/uploads\/2021\/01\/Alto-da-p\u00e1gina-Banner-Exclusivo.png\" alt=\"\" width=\"1224\" height=\"372\" \/><\/p>\n<h1 style=\"text-align: center;\"><span style=\"color: #0000ff;\"><strong>Fora do quadrado<\/strong><\/span><\/h1>\n<p style=\"text-align: center;\"><span style=\"color: #808000;\"><strong>Dado Ianom\u00e2mi<\/strong><\/span><\/p>\n<p style=\"text-align: center;\"><span style=\"color: #ff00ff;\"><strong>I<\/strong><\/span><br \/>\nUm quadrado ambiciona<br \/>\nenquadrar os enc\u00e9falos<br \/>\ndos desmiolados.<br \/>\nVazio de nada.<br \/>\nVazio de tudo.<br \/>\nUm quadrado nunca<br \/>\npensa redondo,<br \/>\ntodavia, est\u00e1 sempre<br \/>\nredondamente enganado<br \/>\npelos seus c\u00e9rebros militarizados.<\/p>\n<p style=\"text-align: center;\"><span style=\"color: #ff00ff;\"><strong>II<\/strong><\/span><br \/>\nUm quadrado gosta do mundo<br \/>\napenas em linha reta.<br \/>\nTudo dentro do seu \u00e2ngulo,<br \/>\nde um ponto a outro ponto,<br \/>\ncomo forma.<\/p>\n<p style=\"text-align: center;\"><span style=\"color: #ff00ff;\"><strong>2<\/strong><\/span><\/p>\n<p style=\"text-align: center;\"><span style=\"color: #ff00ff;\"><strong>III<\/strong><\/span><br \/>\nQuadrados n\u00e3o aceitam<br \/>\nmudan\u00e7as de \u00e2ngulos,<br \/>\noutras linhas, tra\u00e7ados diferentes.<br \/>\nNada de muta\u00e7\u00e3o.<br \/>\nTudo deve ser a pura tradi\u00e7\u00e3o<br \/>\nda linha reta.<br \/>\nPara o quadrado,<br \/>\nfalar de outros \u00e2ngulos,<br \/>\ncheira a extrus\u00f5es,<br \/>\namea\u00e7as, balb\u00fardia.<\/p>\n<p style=\"text-align: center;\"><span style=\"color: #ff00ff;\"><strong>IV<\/strong><\/span><br \/>\nContudo, quadrados<br \/>\nn\u00e3o pensam o universo,<br \/>\ns\u00f3 cuidam dos seus quatros lados.<br \/>\nNada sabem das teias<br \/>\nque se entrela\u00e7am e criam saberes,<br \/>\nda imensa variedade de linhas,<br \/>\nformas e mundos fora<br \/>\ndo \u00e2ngulo reto do quadrado.<\/p>\n<p style=\"text-align: center;\"><span style=\"color: #ff00ff;\"><strong>V<\/strong><\/span><br \/>\nEle n\u00e3o sabe,<br \/>\nmas o mundo das linhas<\/p>\n<p style=\"text-align: center;\"><strong><span style=\"color: #ff00ff;\">2<\/span><\/strong><\/p>\n<p style=\"text-align: center;\">percebe claramente a for\u00e7a das alas,<br \/>\ndos outros \u00e2ngulos.<br \/>\nDia a dia, v\u00e3o entrela\u00e7ando<br \/>\nredes e teias at\u00e9 que o mundo<br \/>\nseja livre dos limites do quadrado<br \/>\ne possa ver e viver<br \/>\num mundo aberto<br \/>\na todas as linhas e todos os \u00e2ngulos.<\/p>\n<p style=\"text-align: center;\"><span style=\"color: #3366ff;\"><strong>Dado Ianom\u00e2mi,<\/strong><\/span><br \/>\n<span style=\"color: #3366ff;\"><strong>Goi\u00e2nia, 08 de agosto de 2021<\/strong><\/span><\/p>\n","protected":false},"excerpt":{"rendered":"<p>Fora do quadrado Dado Ianom\u00e2mi I Um quadrado ambiciona enquadrar os enc\u00e9falos dos desmiolados. Vazio de nada. Vazio de tudo. Um quadrado nunca pensa redondo, todavia, est\u00e1 sempre redondamente enganado pelos seus c\u00e9rebros militarizados. II Um quadrado gosta do mundo apenas em linha reta. Tudo dentro do seu \u00e2ngulo, de um ponto a outro ponto,<\/p>\n","protected":false},"author":2,"featured_media":8309,"comment_status":"open","ping_status":"open","sticky":false,"template":"","format":"standard","meta":{"_acf_changed":false,"_monsterinsights_skip_tracking":false,"_monsterinsights_sitenote_active":false,"_monsterinsights_sitenote_note":"","_monsterinsights_sitenote_category":0,"footnotes":""},"categories":[2],"tags":[],"class_list":["post-8308","post","type-post","status-publish","format-standard","has-post-thumbnail","hentry","category-arte"],"acf":[],"yoast_head":"<!-- This site is optimized with the Yoast SEO plugin v27.4 - https:\/\/yoast.com\/product\/yoast-seo-wordpress\/ -->\n<title>Fora do Quadrado - Dado Ianom\u00e2mi -<\/title>\n<meta name=\"robots\" content=\"index, follow, max-snippet:-1, max-image-preview:large, max-video-preview:-1\" \/>\n<link rel=\"canonical\" href=\"https:\/\/renatodias.online\/movimento\/2021\/08\/08\/fora-do-quadrado-dado-ianomami\/\" \/>\n<meta property=\"og:locale\" content=\"pt_BR\" \/>\n<meta property=\"og:type\" content=\"article\" \/>\n<meta property=\"og:title\" content=\"Fora do Quadrado - Dado Ianom\u00e2mi -\" \/>\n<meta property=\"og:description\" content=\"Fora do quadrado Dado Ianom\u00e2mi I Um quadrado ambiciona enquadrar os enc\u00e9falos dos desmiolados. Vazio de nada. Vazio de tudo. Um quadrado nunca pensa redondo, todavia, est\u00e1 sempre redondamente enganado pelos seus c\u00e9rebros militarizados. II Um quadrado gosta do mundo apenas em linha reta. Tudo dentro do seu \u00e2ngulo, de um ponto a outro ponto,\" \/>\n<meta property=\"og:url\" content=\"https:\/\/renatodias.online\/movimento\/2021\/08\/08\/fora-do-quadrado-dado-ianomami\/\" \/>\n<meta property=\"article:publisher\" content=\"https:\/\/www.facebook.com\/renato.dias.37\" \/>\n<meta property=\"article:author\" content=\"https:\/\/www.facebook.com\/renato.dias.37\" \/>\n<meta property=\"article:published_time\" content=\"2021-08-08T22:07:50+00:00\" \/>\n<meta property=\"og:image\" content=\"https:\/\/renatodias.online\/movimento\/wp-content\/uploads\/2021\/08\/Ianomami.jpg\" \/>\n\t<meta property=\"og:image:width\" content=\"188\" \/>\n\t<meta property=\"og:image:height\" content=\"268\" \/>\n\t<meta property=\"og:image:type\" content=\"image\/jpeg\" \/>\n<meta name=\"author\" content=\"Renato Dias\" \/>\n<meta name=\"twitter:card\" content=\"summary_large_image\" \/>\n<meta name=\"twitter:creator\" content=\"@RenatoDiasBat\" \/>\n<meta name=\"twitter:site\" content=\"@RenatoDiasBat\" \/>\n<meta name=\"twitter:label1\" content=\"Escrito por\" \/>\n\t<meta name=\"twitter:data1\" content=\"Renato Dias\" \/>\n\t<meta name=\"twitter:label2\" content=\"Est. tempo de leitura\" \/>\n\t<meta name=\"twitter:data2\" content=\"1 minuto\" \/>\n<script type=\"application\/ld+json\" class=\"yoast-schema-graph\">{\"@context\":\"https:\\\/\\\/schema.org\",\"@graph\":[{\"@type\":\"Article\",\"@id\":\"https:\\\/\\\/renatodias.online\\\/movimento\\\/2021\\\/08\\\/08\\\/fora-do-quadrado-dado-ianomami\\\/#article\",\"isPartOf\":{\"@id\":\"https:\\\/\\\/renatodias.online\\\/movimento\\\/2021\\\/08\\\/08\\\/fora-do-quadrado-dado-ianomami\\\/\"},\"author\":{\"name\":\"Renato Dias\",\"@id\":\"https:\\\/\\\/renatodias.online\\\/movimento\\\/#\\\/schema\\\/person\\\/bbab28833b1725a20f4083f49f1fb2a9\"},\"headline\":\"Fora do Quadrado &#8211; Dado Ianom\u00e2mi\",\"datePublished\":\"2021-08-08T22:07:50+00:00\",\"mainEntityOfPage\":{\"@id\":\"https:\\\/\\\/renatodias.online\\\/movimento\\\/2021\\\/08\\\/08\\\/fora-do-quadrado-dado-ianomami\\\/\"},\"wordCount\":213,\"commentCount\":0,\"publisher\":{\"@id\":\"https:\\\/\\\/renatodias.online\\\/movimento\\\/#\\\/schema\\\/person\\\/bbab28833b1725a20f4083f49f1fb2a9\"},\"image\":{\"@id\":\"https:\\\/\\\/renatodias.online\\\/movimento\\\/2021\\\/08\\\/08\\\/fora-do-quadrado-dado-ianomami\\\/#primaryimage\"},\"thumbnailUrl\":\"https:\\\/\\\/renatodias.online\\\/movimento\\\/wp-content\\\/uploads\\\/2021\\\/08\\\/Ianomami.jpg\",\"articleSection\":[\"Arte\"],\"inLanguage\":\"pt-BR\",\"potentialAction\":[{\"@type\":\"CommentAction\",\"name\":\"Comment\",\"target\":[\"https:\\\/\\\/renatodias.online\\\/movimento\\\/2021\\\/08\\\/08\\\/fora-do-quadrado-dado-ianomami\\\/#respond\"]}]},{\"@type\":\"WebPage\",\"@id\":\"https:\\\/\\\/renatodias.online\\\/movimento\\\/2021\\\/08\\\/08\\\/fora-do-quadrado-dado-ianomami\\\/\",\"url\":\"https:\\\/\\\/renatodias.online\\\/movimento\\\/2021\\\/08\\\/08\\\/fora-do-quadrado-dado-ianomami\\\/\",\"name\":\"Fora do Quadrado - Dado Ianom\u00e2mi -\",\"isPartOf\":{\"@id\":\"https:\\\/\\\/renatodias.online\\\/movimento\\\/#website\"},\"primaryImageOfPage\":{\"@id\":\"https:\\\/\\\/renatodias.online\\\/movimento\\\/2021\\\/08\\\/08\\\/fora-do-quadrado-dado-ianomami\\\/#primaryimage\"},\"image\":{\"@id\":\"https:\\\/\\\/renatodias.online\\\/movimento\\\/2021\\\/08\\\/08\\\/fora-do-quadrado-dado-ianomami\\\/#primaryimage\"},\"thumbnailUrl\":\"https:\\\/\\\/renatodias.online\\\/movimento\\\/wp-content\\\/uploads\\\/2021\\\/08\\\/Ianomami.jpg\",\"datePublished\":\"2021-08-08T22:07:50+00:00\",\"breadcrumb\":{\"@id\":\"https:\\\/\\\/renatodias.online\\\/movimento\\\/2021\\\/08\\\/08\\\/fora-do-quadrado-dado-ianomami\\\/#breadcrumb\"},\"inLanguage\":\"pt-BR\",\"potentialAction\":[{\"@type\":\"ReadAction\",\"target\":[\"https:\\\/\\\/renatodias.online\\\/movimento\\\/2021\\\/08\\\/08\\\/fora-do-quadrado-dado-ianomami\\\/\"]}]},{\"@type\":\"ImageObject\",\"inLanguage\":\"pt-BR\",\"@id\":\"https:\\\/\\\/renatodias.online\\\/movimento\\\/2021\\\/08\\\/08\\\/fora-do-quadrado-dado-ianomami\\\/#primaryimage\",\"url\":\"https:\\\/\\\/renatodias.online\\\/movimento\\\/wp-content\\\/uploads\\\/2021\\\/08\\\/Ianomami.jpg\",\"contentUrl\":\"https:\\\/\\\/renatodias.online\\\/movimento\\\/wp-content\\\/uploads\\\/2021\\\/08\\\/Ianomami.jpg\",\"width\":188,\"height\":268,\"caption\":\"Ianom\u00e2mi\"},{\"@type\":\"BreadcrumbList\",\"@id\":\"https:\\\/\\\/renatodias.online\\\/movimento\\\/2021\\\/08\\\/08\\\/fora-do-quadrado-dado-ianomami\\\/#breadcrumb\",\"itemListElement\":[{\"@type\":\"ListItem\",\"position\":1,\"name\":\"In\u00edcio\",\"item\":\"https:\\\/\\\/renatodias.online\\\/movimento\\\/\"},{\"@type\":\"ListItem\",\"position\":2,\"name\":\"Fora do Quadrado &#8211; Dado Ianom\u00e2mi\"}]},{\"@type\":\"WebSite\",\"@id\":\"https:\\\/\\\/renatodias.online\\\/movimento\\\/#website\",\"url\":\"https:\\\/\\\/renatodias.online\\\/movimento\\\/\",\"name\":\"\",\"description\":\"\",\"publisher\":{\"@id\":\"https:\\\/\\\/renatodias.online\\\/movimento\\\/#\\\/schema\\\/person\\\/bbab28833b1725a20f4083f49f1fb2a9\"},\"potentialAction\":[{\"@type\":\"SearchAction\",\"target\":{\"@type\":\"EntryPoint\",\"urlTemplate\":\"https:\\\/\\\/renatodias.online\\\/movimento\\\/?s={search_term_string}\"},\"query-input\":{\"@type\":\"PropertyValueSpecification\",\"valueRequired\":true,\"valueName\":\"search_term_string\"}}],\"inLanguage\":\"pt-BR\"},{\"@type\":[\"Person\",\"Organization\"],\"@id\":\"https:\\\/\\\/renatodias.online\\\/movimento\\\/#\\\/schema\\\/person\\\/bbab28833b1725a20f4083f49f1fb2a9\",\"name\":\"Renato Dias\",\"image\":{\"@type\":\"ImageObject\",\"inLanguage\":\"pt-BR\",\"@id\":\"https:\\\/\\\/renatodias.online\\\/movimento\\\/wp-content\\\/uploads\\\/2023\\\/03\\\/cropped-cropped-cropped-logofinal.jpeg\",\"url\":\"https:\\\/\\\/renatodias.online\\\/movimento\\\/wp-content\\\/uploads\\\/2023\\\/03\\\/cropped-cropped-cropped-logofinal.jpeg\",\"contentUrl\":\"https:\\\/\\\/renatodias.online\\\/movimento\\\/wp-content\\\/uploads\\\/2023\\\/03\\\/cropped-cropped-cropped-logofinal.jpeg\",\"width\":1280,\"height\":219,\"caption\":\"Renato Dias\"},\"logo\":{\"@id\":\"https:\\\/\\\/renatodias.online\\\/movimento\\\/wp-content\\\/uploads\\\/2023\\\/03\\\/cropped-cropped-cropped-logofinal.jpeg\"},\"description\":\"Renato Dias, 58 anos, \u00e9 graduado em Jornalismo, formado em Ci\u00eancias Sociais, com p\u00f3s-gradua\u00e7\u00e3o em Pol\u00edticas P\u00fablicas, mestre em Direito e Rela\u00e7\u00f5es Internacionais, ex-aluno extraordin\u00e1rio do Doutorado em Psicologia Social, ex-estudante do Curso de Psican\u00e1lise do Centro de Estudos Psicanal\u00edticos do Estado de Goi\u00e1s, ministrado pelo m\u00e9dico psiquiatra e psicanalista Daniel Em\u00eddio de Souza. \u00c9 autor de 30 livros-reportagem, oito document\u00e1rios, ganhou 30 pr\u00eamios e \u00e9 torcedor apaixonado do maior do Centro-Oeste, o Vila Nova Futebol Clube. Casado com Meirilane Dias, \u00e9 pai de Juliana Dias, jornalista; Daniel Dias, economista; e Maria Rosa Dias, estudante antifascista, socialista e trotskista.\u00a0Com tr\u00eas pets: Porquinho [Bull Dog Franc\u00eas], Dalila [Basset Hound] e Geleia [Basset Hound]. Al\u00e9m do eterno gato Tutuquinho, que virou estrela.\",\"sameAs\":[\"https:\\\/\\\/www.facebook.com\\\/renato.dias.37\",\"#breve\",\"https:\\\/\\\/renatodias.tumblr.com\\\/\"],\"url\":\"https:\\\/\\\/renatodias.online\\\/movimento\\\/author\\\/renatodias\\\/\"}]}<\/script>\n<!-- \/ Yoast SEO plugin. -->","yoast_head_json":{"title":"Fora do Quadrado - Dado Ianom\u00e2mi -","robots":{"index":"index","follow":"follow","max-snippet":"max-snippet:-1","max-image-preview":"max-image-preview:large","max-video-preview":"max-video-preview:-1"},"canonical":"https:\/\/renatodias.online\/movimento\/2021\/08\/08\/fora-do-quadrado-dado-ianomami\/","og_locale":"pt_BR","og_type":"article","og_title":"Fora do Quadrado - Dado Ianom\u00e2mi -","og_description":"Fora do quadrado Dado Ianom\u00e2mi I Um quadrado ambiciona enquadrar os enc\u00e9falos dos desmiolados. Vazio de nada. Vazio de tudo. Um quadrado nunca pensa redondo, todavia, est\u00e1 sempre redondamente enganado pelos seus c\u00e9rebros militarizados. II Um quadrado gosta do mundo apenas em linha reta. Tudo dentro do seu \u00e2ngulo, de um ponto a outro ponto,","og_url":"https:\/\/renatodias.online\/movimento\/2021\/08\/08\/fora-do-quadrado-dado-ianomami\/","article_publisher":"https:\/\/www.facebook.com\/renato.dias.37","article_author":"https:\/\/www.facebook.com\/renato.dias.37","article_published_time":"2021-08-08T22:07:50+00:00","og_image":[{"width":188,"height":268,"url":"https:\/\/renatodias.online\/movimento\/wp-content\/uploads\/2021\/08\/Ianomami.jpg","type":"image\/jpeg"}],"author":"Renato Dias","twitter_card":"summary_large_image","twitter_creator":"@RenatoDiasBat","twitter_site":"@RenatoDiasBat","twitter_misc":{"Escrito por":"Renato Dias","Est. tempo de leitura":"1 minuto"},"schema":{"@context":"https:\/\/schema.org","@graph":[{"@type":"Article","@id":"https:\/\/renatodias.online\/movimento\/2021\/08\/08\/fora-do-quadrado-dado-ianomami\/#article","isPartOf":{"@id":"https:\/\/renatodias.online\/movimento\/2021\/08\/08\/fora-do-quadrado-dado-ianomami\/"},"author":{"name":"Renato Dias","@id":"https:\/\/renatodias.online\/movimento\/#\/schema\/person\/bbab28833b1725a20f4083f49f1fb2a9"},"headline":"Fora do Quadrado &#8211; Dado Ianom\u00e2mi","datePublished":"2021-08-08T22:07:50+00:00","mainEntityOfPage":{"@id":"https:\/\/renatodias.online\/movimento\/2021\/08\/08\/fora-do-quadrado-dado-ianomami\/"},"wordCount":213,"commentCount":0,"publisher":{"@id":"https:\/\/renatodias.online\/movimento\/#\/schema\/person\/bbab28833b1725a20f4083f49f1fb2a9"},"image":{"@id":"https:\/\/renatodias.online\/movimento\/2021\/08\/08\/fora-do-quadrado-dado-ianomami\/#primaryimage"},"thumbnailUrl":"https:\/\/renatodias.online\/movimento\/wp-content\/uploads\/2021\/08\/Ianomami.jpg","articleSection":["Arte"],"inLanguage":"pt-BR","potentialAction":[{"@type":"CommentAction","name":"Comment","target":["https:\/\/renatodias.online\/movimento\/2021\/08\/08\/fora-do-quadrado-dado-ianomami\/#respond"]}]},{"@type":"WebPage","@id":"https:\/\/renatodias.online\/movimento\/2021\/08\/08\/fora-do-quadrado-dado-ianomami\/","url":"https:\/\/renatodias.online\/movimento\/2021\/08\/08\/fora-do-quadrado-dado-ianomami\/","name":"Fora do Quadrado - Dado Ianom\u00e2mi -","isPartOf":{"@id":"https:\/\/renatodias.online\/movimento\/#website"},"primaryImageOfPage":{"@id":"https:\/\/renatodias.online\/movimento\/2021\/08\/08\/fora-do-quadrado-dado-ianomami\/#primaryimage"},"image":{"@id":"https:\/\/renatodias.online\/movimento\/2021\/08\/08\/fora-do-quadrado-dado-ianomami\/#primaryimage"},"thumbnailUrl":"https:\/\/renatodias.online\/movimento\/wp-content\/uploads\/2021\/08\/Ianomami.jpg","datePublished":"2021-08-08T22:07:50+00:00","breadcrumb":{"@id":"https:\/\/renatodias.online\/movimento\/2021\/08\/08\/fora-do-quadrado-dado-ianomami\/#breadcrumb"},"inLanguage":"pt-BR","potentialAction":[{"@type":"ReadAction","target":["https:\/\/renatodias.online\/movimento\/2021\/08\/08\/fora-do-quadrado-dado-ianomami\/"]}]},{"@type":"ImageObject","inLanguage":"pt-BR","@id":"https:\/\/renatodias.online\/movimento\/2021\/08\/08\/fora-do-quadrado-dado-ianomami\/#primaryimage","url":"https:\/\/renatodias.online\/movimento\/wp-content\/uploads\/2021\/08\/Ianomami.jpg","contentUrl":"https:\/\/renatodias.online\/movimento\/wp-content\/uploads\/2021\/08\/Ianomami.jpg","width":188,"height":268,"caption":"Ianom\u00e2mi"},{"@type":"BreadcrumbList","@id":"https:\/\/renatodias.online\/movimento\/2021\/08\/08\/fora-do-quadrado-dado-ianomami\/#breadcrumb","itemListElement":[{"@type":"ListItem","position":1,"name":"In\u00edcio","item":"https:\/\/renatodias.online\/movimento\/"},{"@type":"ListItem","position":2,"name":"Fora do Quadrado &#8211; Dado Ianom\u00e2mi"}]},{"@type":"WebSite","@id":"https:\/\/renatodias.online\/movimento\/#website","url":"https:\/\/renatodias.online\/movimento\/","name":"","description":"","publisher":{"@id":"https:\/\/renatodias.online\/movimento\/#\/schema\/person\/bbab28833b1725a20f4083f49f1fb2a9"},"potentialAction":[{"@type":"SearchAction","target":{"@type":"EntryPoint","urlTemplate":"https:\/\/renatodias.online\/movimento\/?s={search_term_string}"},"query-input":{"@type":"PropertyValueSpecification","valueRequired":true,"valueName":"search_term_string"}}],"inLanguage":"pt-BR"},{"@type":["Person","Organization"],"@id":"https:\/\/renatodias.online\/movimento\/#\/schema\/person\/bbab28833b1725a20f4083f49f1fb2a9","name":"Renato Dias","image":{"@type":"ImageObject","inLanguage":"pt-BR","@id":"https:\/\/renatodias.online\/movimento\/wp-content\/uploads\/2023\/03\/cropped-cropped-cropped-logofinal.jpeg","url":"https:\/\/renatodias.online\/movimento\/wp-content\/uploads\/2023\/03\/cropped-cropped-cropped-logofinal.jpeg","contentUrl":"https:\/\/renatodias.online\/movimento\/wp-content\/uploads\/2023\/03\/cropped-cropped-cropped-logofinal.jpeg","width":1280,"height":219,"caption":"Renato Dias"},"logo":{"@id":"https:\/\/renatodias.online\/movimento\/wp-content\/uploads\/2023\/03\/cropped-cropped-cropped-logofinal.jpeg"},"description":"Renato Dias, 58 anos, \u00e9 graduado em Jornalismo, formado em Ci\u00eancias Sociais, com p\u00f3s-gradua\u00e7\u00e3o em Pol\u00edticas P\u00fablicas, mestre em Direito e Rela\u00e7\u00f5es Internacionais, ex-aluno extraordin\u00e1rio do Doutorado em Psicologia Social, ex-estudante do Curso de Psican\u00e1lise do Centro de Estudos Psicanal\u00edticos do Estado de Goi\u00e1s, ministrado pelo m\u00e9dico psiquiatra e psicanalista Daniel Em\u00eddio de Souza. \u00c9 autor de 30 livros-reportagem, oito document\u00e1rios, ganhou 30 pr\u00eamios e \u00e9 torcedor apaixonado do maior do Centro-Oeste, o Vila Nova Futebol Clube. Casado com Meirilane Dias, \u00e9 pai de Juliana Dias, jornalista; Daniel Dias, economista; e Maria Rosa Dias, estudante antifascista, socialista e trotskista.\u00a0Com tr\u00eas pets: Porquinho [Bull Dog Franc\u00eas], Dalila [Basset Hound] e Geleia [Basset Hound]. Al\u00e9m do eterno gato Tutuquinho, que virou estrela.","sameAs":["https:\/\/www.facebook.com\/renato.dias.37","#breve","https:\/\/renatodias.tumblr.com\/"],"url":"https:\/\/renatodias.online\/movimento\/author\/renatodias\/"}]}},"_links":{"self":[{"href":"https:\/\/renatodias.online\/movimento\/wp-json\/wp\/v2\/posts\/8308","targetHints":{"allow":["GET"]}}],"collection":[{"href":"https:\/\/renatodias.online\/movimento\/wp-json\/wp\/v2\/posts"}],"about":[{"href":"https:\/\/renatodias.online\/movimento\/wp-json\/wp\/v2\/types\/post"}],"author":[{"embeddable":true,"href":"https:\/\/renatodias.online\/movimento\/wp-json\/wp\/v2\/users\/2"}],"replies":[{"embeddable":true,"href":"https:\/\/renatodias.online\/movimento\/wp-json\/wp\/v2\/comments?post=8308"}],"version-history":[{"count":1,"href":"https:\/\/renatodias.online\/movimento\/wp-json\/wp\/v2\/posts\/8308\/revisions"}],"predecessor-version":[{"id":8310,"href":"https:\/\/renatodias.online\/movimento\/wp-json\/wp\/v2\/posts\/8308\/revisions\/8310"}],"wp:featuredmedia":[{"embeddable":true,"href":"https:\/\/renatodias.online\/movimento\/wp-json\/wp\/v2\/media\/8309"}],"wp:attachment":[{"href":"https:\/\/renatodias.online\/movimento\/wp-json\/wp\/v2\/media?parent=8308"}],"wp:term":[{"taxonomy":"category","embeddable":true,"href":"https:\/\/renatodias.online\/movimento\/wp-json\/wp\/v2\/categories?post=8308"},{"taxonomy":"post_tag","embeddable":true,"href":"https:\/\/renatodias.online\/movimento\/wp-json\/wp\/v2\/tags?post=8308"}],"curies":[{"name":"wp","href":"https:\/\/api.w.org\/{rel}","templated":true}]}}