{"id":8292,"date":"2021-08-08T18:34:54","date_gmt":"2021-08-08T21:34:54","guid":{"rendered":"https:\/\/renatodias.online\/movimento\/?p=8292"},"modified":"2021-08-08T18:35:01","modified_gmt":"2021-08-08T21:35:01","slug":"cinco-argumentos-frouxos-da-esquerda-sectaria","status":"publish","type":"post","link":"https:\/\/renatodias.online\/movimento\/2021\/08\/08\/cinco-argumentos-frouxos-da-esquerda-sectaria\/","title":{"rendered":"Cinco argumentos frouxos da esquerda sect\u00e1ria"},"content":{"rendered":"<p><img loading=\"lazy\" decoding=\"async\" class=\"size-full wp-image-5814 aligncenter\" src=\"https:\/\/renatodias.online\/movimento\/wp-content\/uploads\/2021\/04\/Exclusivo.png\" alt=\"Exclusivo\" width=\"499\" height=\"101\" srcset=\"https:\/\/renatodias.online\/movimento\/wp-content\/uploads\/2021\/04\/Exclusivo.png 499w, https:\/\/renatodias.online\/movimento\/wp-content\/uploads\/2021\/04\/Exclusivo-300x61.png 300w\" sizes=\"auto, (max-width: 499px) 100vw, 499px\" \/><\/p>\n<h1 style=\"text-align: center;\"><span style=\"color: #ff0000;\"><strong>Cinco argumentos frouxos da esquerda sect\u00e1ria<\/strong><\/span><\/h1>\n<p><strong>Valerio Arcary<\/strong>,<\/p>\n<p>Ser radical contra a tirania, afoito, impetuoso e ousado contra a injusti\u00e7a e estar, politicamente, irado contra o regime s\u00e3o qualidades. S\u00e3o atitudes que merecem admira\u00e7\u00e3o. H\u00e1 muitas e boas raz\u00f5es para ter pressa, estar zangado e desejar uma sa\u00edda anticapitalista para a crise nos dias de hoje. Mas n\u00e3o \u00e9 preciso ser intrat\u00e1vel, sect\u00e1rio e ultraesquerdista para abra\u00e7ar uma estrat\u00e9gia revolucion\u00e1ria. Dois artigos recentes deste campo, um da Federa\u00e7\u00e3o Anarquista Cabana2, e outro do MRT3, recorrem ao jarg\u00e3o de reformistas para quem n\u00e3o concorda com suas teses. N\u00e3o \u00e9 um bom crit\u00e9rio. No campo da defesa da revolu\u00e7\u00e3o h\u00e1 diferentes tend\u00eancias. Estamos muito fragmentados, por variadas raz\u00f5es. Mas a suposi\u00e7\u00e3o ou c\u00e1lculo de que somente uma organiza\u00e7\u00e3o \u00e9 revolucion\u00e1ria \u00e9 desagregadora, e at\u00e9 irritativa. Autoproclama\u00e7\u00e3o \u00e9 uma forma de ostenta\u00e7\u00e3o, soberba, arrog\u00e2ncia.<\/p>\n<p>Ainda que os autores tenham refer\u00eancias te\u00f3ricas diferentes, os argumentos esgrimidos s\u00e3o os mesmos. A influ\u00eancia pol\u00edtica nas massas trabalhadoras das variadas correntes ultraesquerdistas no Brasil, anarquistas ou marxistas, \u00e9 muito reduzida. Aquelas que apresentam candidatos nas elei\u00e7\u00f5es s\u00e3o invis\u00edveis. Nos grandes sindicatos, ainda as organiza\u00e7\u00f5es mais importantes dos setores organizados da classe trabalhadora, s\u00e3o pouco influentes. No debate te\u00f3rico e program\u00e1tico da esquerda s\u00e3o perif\u00e9ricos. Mas isso n\u00e3o deve diminuir o respeito. Muitos s\u00e3o ativistas sinceros, honestos, abnegados e, em c\u00edrculos de vanguarda na juventude estudantil mais combativa e bolhas nas redes sociais, existe uma audi\u00eancia. Exercem, tamb\u00e9m, alguma influ\u00eancia indireta em alguns c\u00edrculos anticapitalistas, especialmente, as mais antipetistas. Suas ideias, portanto, merecem ser consideradas.<\/p>\n<figure id=\"attachment_4013\" aria-describedby=\"caption-attachment-4013\" style=\"width: 780px\" class=\"wp-caption aligncenter\"><img loading=\"lazy\" decoding=\"async\" class=\"size-full wp-image-4013\" src=\"https:\/\/renatodias.online\/movimento\/wp-content\/uploads\/2020\/06\/Karl-Marx-2.jpg\" alt=\"\" width=\"780\" height=\"400\" srcset=\"https:\/\/renatodias.online\/movimento\/wp-content\/uploads\/2020\/06\/Karl-Marx-2.jpg 780w, https:\/\/renatodias.online\/movimento\/wp-content\/uploads\/2020\/06\/Karl-Marx-2-300x154.jpg 300w, https:\/\/renatodias.online\/movimento\/wp-content\/uploads\/2020\/06\/Karl-Marx-2-768x394.jpg 768w, https:\/\/renatodias.online\/movimento\/wp-content\/uploads\/2020\/06\/Karl-Marx-2-750x385.jpg 750w\" sizes=\"auto, (max-width: 780px) 100vw, 780px\" \/><figcaption id=\"caption-attachment-4013\" class=\"wp-caption-text\"><strong>Karl Marx<\/strong><\/figcaption><\/figure>\n<p>Apresentam, em resumo, cinco grandes argumentos: (a) denunciam que Lula e o PT s\u00e3o reformistas incorrig\u00edveis, e n\u00e3o merecem confian\u00e7a; (b) criticam que defender a Frente \u00danica de Esquerda \u00e9 \u201cpassar pano\u201d para o PT e eleitoralismo; (c) acusam que a unidade na a\u00e7\u00e3o com dissidentes da oposi\u00e7\u00e3o liberal \u00e9 uma capitula\u00e7\u00e3o; (d) alertam que a defesa de um governo de esquerda com um programa anticapitalista seria \u201cvender ilus\u00f5es\u201d; (e) e defendem que a \u00fanica sa\u00edda para a crise \u00e9 a greve geral.<\/p>\n<p>Nos cinco argumentos h\u00e1 um gr\u00e3o de verdade, mas n\u00e3o mais do que um gr\u00e3o, porque \u00e9 preciso considerar as media\u00e7\u00f5es. Primeiro, sim, o Brasil precisa de uma revolu\u00e7\u00e3o, e o projeto de Lula \u00e9 reformista. Mas isso n\u00e3o impediu a burguesia brasileira de derrubar o governo do PT em 2016, e apoiar a pris\u00e3o de Lula em 2018. Algu\u00e9m tem d\u00favida que Lula permanece, mesmo depois de treze anos de governos liderados pelo PT, a maior lideran\u00e7a popular do pa\u00eds? O que pensa a imensa maioria da classe n\u00e3o tem import\u00e2ncia? A supera\u00e7\u00e3o das ilus\u00f5es populares em mudan\u00e7as reformistas, e nos l\u00edderes que reconhecem, n\u00e3o \u00e9 poss\u00edvel sem uma experi\u00eancia na luta de classes. \u00c9 in\u00fatil denunciar os reformistas como reformistas para massas com expectativas reformistas.<\/p>\n<figure id=\"attachment_5361\" aria-describedby=\"caption-attachment-5361\" style=\"width: 222px\" class=\"wp-caption aligncenter\"><img loading=\"lazy\" decoding=\"async\" class=\"size-full wp-image-5361\" src=\"https:\/\/renatodias.online\/movimento\/wp-content\/uploads\/2021\/03\/Luiz-Inacio-Lula-da-Silva-1.jpg\" alt=\"Luiz In\u00e1cio Lula da Silva \u2013 caricatura\" width=\"222\" height=\"594\" \/><figcaption id=\"caption-attachment-5361\" class=\"wp-caption-text\"><strong>Luiz In\u00e1cio Lula da Silva<\/strong><\/figcaption><\/figure>\n<p>Segundo, \u00e9 verdade que devemos criticar a estrat\u00e9gia quietista de Lula de esperar o desgaste de Bolsonaro at\u00e9 2022, e defender impeachment, j\u00e1. Mas quem est\u00e1 no poder \u00e9 um governo de extrema-direita. N\u00e3o \u00e9 poss\u00edvel derrotar Bolsonaro sem a mobiliza\u00e7\u00e3o dos setores mais avan\u00e7ados dos trabalhadores e da juventude que mant\u00e9m confian\u00e7a no PT. Essa n\u00e3o deve ser a nossa tarefa central? Por isso, a t\u00e1tica da Frente \u00danica Oper\u00e1ria, ou em forma de populariza\u00e7\u00e3o, Frente de Esquerda atrav\u00e9s da mobiliza\u00e7\u00e3o impulsionada pelos principais movimentos e sindicatos \u00e9 a mais efetiva. Defend\u00ea-la n\u00e3o \u00e9 \u201cpassar pano\u201d ou ser complacente, indulgente, condescendente com ningu\u00e9m. \u00c9 ter um m\u00ednimo senso das propor\u00e7\u00f5es e responsabilidade para tentar abrir um caminho antes das elei\u00e7\u00f5es de 2022.<\/p>\n<figure id=\"attachment_6101\" aria-describedby=\"caption-attachment-6101\" style=\"width: 750px\" class=\"wp-caption aligncenter\"><img loading=\"lazy\" decoding=\"async\" class=\"size-full wp-image-6101\" src=\"https:\/\/renatodias.online\/movimento\/wp-content\/uploads\/2021\/04\/Jair-Messias-Bolsonaro-_-4.jpg\" alt=\"\" width=\"750\" height=\"500\" \/><figcaption id=\"caption-attachment-6101\" class=\"wp-caption-text\"><strong>Jair Messias Bolsonaro <br \/><\/strong><\/figcaption><\/figure>\n<p>Terceiro, defender a unidade na a\u00e7\u00e3o com a oposi\u00e7\u00e3o liberal n\u00e3o \u00e9 uma capitula\u00e7\u00e3o aos inimigos de classe. Diante de um governo t\u00e3o perigoso como o de Bolsonaro, explorar as brechas, fissuras, e divis\u00f5es entre diferentes fra\u00e7\u00f5es burguesas \u00e9 uma t\u00e1tica complementar \u00e0 Frente \u00danica de Esquerda. Se a CPI no Senado, se os ju\u00edzes dos Tribunais superiores, se redes comerciais de m\u00eddia se posicionam na oposi\u00e7\u00e3o a Bolsonaro \u00e9 positivo. Mas n\u00e3o renunciamos \u00e0 disputa da lideran\u00e7a da oposi\u00e7\u00e3o, nem aceitamos esperar at\u00e9 2022.<\/p>\n<p>Quarto. \u00c9 verdade que, eventual e hipoteticamente, quando Bolsonaro for derrotado e se Lula for eleito, um governo liderado pelo PT n\u00e3o assumir\u00e1 um programa anticapitalista. Mas, isso sabemos n\u00f3s. Falar somente para n\u00f3s mesmos n\u00e3o adianta nada. O lugar dos revolucion\u00e1rios n\u00e3o deve ser na primeira linha da luta para derrubar Bolsonaro? H\u00e1 algum futuro para as for\u00e7as revolucion\u00e1rias, se elas forem percebidas pelas massas como um obst\u00e1culo no caminho da maioria da esquerda e de Lula, depois dos \u00faltimos cinco anos?<\/p>\n<p>A defesa de um governo de esquerda que rompa com a burguesia n\u00e3o \u00e9 um apoio aos reformistas, \u00e9 uma exig\u00eancia. A luta por um programa de mudan\u00e7as estruturais, e a exig\u00eancia de que os reformistas assumam a defesa de medidas radicais, \u00e9 a \u00fanica via que permite conquistar influ\u00eancia para as ideias revolucion\u00e1rias. Quinto, \u00e9 tamb\u00e9m verdade que a greve geral seria a forma de luta mais poderosa para encurralar o governo Bolsonaro, desloc\u00e1-lo, impedir a posse de Mour\u00e3o e antecipar elei\u00e7\u00f5es. Mas, infelizmente, n\u00e3o est\u00e3o maduras as condi\u00e7\u00f5es. At\u00e9 o \u201cmundo mineral\u201d sabe que, se fosse convocada, fracassaria, porque n\u00e3o teria a ades\u00e3o da maioria da classe. A rigor, hoje por hoje, nem de uma minoria.<\/p>\n<figure id=\"attachment_3603\" aria-describedby=\"caption-attachment-3603\" style=\"width: 292px\" class=\"wp-caption aligncenter\"><img loading=\"lazy\" decoding=\"async\" class=\"size-full wp-image-3603\" src=\"https:\/\/renatodias.online\/movimento\/wp-content\/uploads\/2020\/05\/Caricatura-de-Hamilton-Mour\u00e3o-Filho-2.jpg\" alt=\"Hamilton Mour\u00e3o Filho\" width=\"292\" height=\"173\" \/><figcaption id=\"caption-attachment-3603\" class=\"wp-caption-text\"><strong>Hamilton Mour\u00e3o Filho<\/strong><\/figcaption><\/figure>\n<p>N\u00e3o h\u00e1 uma s\u00f3 categoria, neste momento, em condi\u00e7\u00f5es de realizar um dia de greve geral, infelizmente. E uma a\u00e7\u00e3o precipitada teria consequ\u00eancias desmoralizadoras. Ao tentar avan\u00e7ar mais r\u00e1pido do que a classe est\u00e1 disposta, se facilita o contra-ataque reacion\u00e1rio e a repress\u00e3o. A idealiza\u00e7\u00e3o de uma permanente disposi\u00e7\u00e3o de luta revolucion\u00e1ria entre as camadas populares \u00e9 uma ingenuidade. Em resumo, dois anos e meio depois da elei\u00e7\u00e3o de Bolsonaro, o ultraesquerdismo ainda n\u00e3o se resignou com o significado das derrotas acumuladas desde 2015\/16, portanto, a abertura de uma situa\u00e7\u00e3o reacion\u00e1ria em que devem prevalecer as t\u00e1ticas defensivas. N\u00e3o se preocupam em fazer uma avalia\u00e7\u00e3o da rela\u00e7\u00e3o social e pol\u00edtica de for\u00e7as. Desprezam o que pensam as massas populares e idealizam uma disposi\u00e7\u00e3o de luta imagin\u00e1ria.<\/p>\n<p>Depois de cinco anos de perdas de direitos prevalece nos grupos \u201cultras\u201d uma interpreta\u00e7\u00e3o fantasiosa que desconsidera o peso na consci\u00eancia dos trabalhadores de tudo que aconteceu. N\u00e3o fosse bastante a reforma trabalhista e previdenci\u00e1ria, entre tantas derrotas, um cataclismo sanit\u00e1rio, econ\u00f4mico-social, pol\u00edtico e cultural tem sido devastador. Desvalorizam o perigo que significa um neofascista com tenta\u00e7\u00f5es golpistas \u00e0 frente de um governo de extrema-direita. Mais grave: as tend\u00eancias ultras ignoram que Lula mant\u00e9m autoridade, e que o principal partido de esquerda no pa\u00eds permanece sendo o PT. Sem as massas influenciadas pelo PT e Lula, evidentemente, \u00e9 imposs\u00edvel derrotar Bolsonaro. E nada \u00e9 mais importante.<\/p>\n<figure id=\"attachment_7662\" aria-describedby=\"caption-attachment-7662\" style=\"width: 1280px\" class=\"wp-caption alignnone\"><img loading=\"lazy\" decoding=\"async\" class=\"size-full wp-image-7662\" src=\"https:\/\/renatodias.online\/movimento\/wp-content\/uploads\/2021\/07\/Valerio-Arcary.jpeg\" alt=\"\" width=\"1280\" height=\"720\" \/><figcaption id=\"caption-attachment-7662\" class=\"wp-caption-text\"><strong>Valerio Arcary, historiador trotskista<\/strong><\/figcaption><\/figure>\n","protected":false},"excerpt":{"rendered":"<p>Cinco argumentos frouxos da esquerda sect\u00e1ria Valerio Arcary, Ser radical contra a tirania, afoito, impetuoso e ousado contra a injusti\u00e7a e estar, politicamente, irado contra o regime s\u00e3o qualidades. S\u00e3o atitudes que merecem admira\u00e7\u00e3o. H\u00e1 muitas e boas raz\u00f5es para ter pressa, estar zangado e desejar uma sa\u00edda anticapitalista para a crise nos dias de<\/p>\n","protected":false},"author":2,"featured_media":7663,"comment_status":"open","ping_status":"open","sticky":false,"template":"","format":"standard","meta":{"_acf_changed":false,"_monsterinsights_skip_tracking":false,"_monsterinsights_sitenote_active":false,"_monsterinsights_sitenote_note":"","_monsterinsights_sitenote_category":0,"footnotes":""},"categories":[4],"tags":[],"class_list":["post-8292","post","type-post","status-publish","format-standard","has-post-thumbnail","hentry","category-politica"],"acf":[],"yoast_head":"<!-- This site is optimized with the Yoast SEO plugin v27.4 - https:\/\/yoast.com\/product\/yoast-seo-wordpress\/ -->\n<title>Cinco argumentos frouxos da esquerda sect\u00e1ria -<\/title>\n<meta name=\"robots\" content=\"index, follow, max-snippet:-1, max-image-preview:large, max-video-preview:-1\" \/>\n<link rel=\"canonical\" href=\"https:\/\/renatodias.online\/movimento\/2021\/08\/08\/cinco-argumentos-frouxos-da-esquerda-sectaria\/\" \/>\n<meta property=\"og:locale\" content=\"pt_BR\" \/>\n<meta property=\"og:type\" content=\"article\" \/>\n<meta property=\"og:title\" content=\"Cinco argumentos frouxos da esquerda sect\u00e1ria -\" \/>\n<meta property=\"og:description\" content=\"Cinco argumentos frouxos da esquerda sect\u00e1ria Valerio Arcary, Ser radical contra a tirania, afoito, impetuoso e ousado contra a injusti\u00e7a e estar, politicamente, irado contra o regime s\u00e3o qualidades. S\u00e3o atitudes que merecem admira\u00e7\u00e3o. H\u00e1 muitas e boas raz\u00f5es para ter pressa, estar zangado e desejar uma sa\u00edda anticapitalista para a crise nos dias de\" \/>\n<meta property=\"og:url\" content=\"https:\/\/renatodias.online\/movimento\/2021\/08\/08\/cinco-argumentos-frouxos-da-esquerda-sectaria\/\" \/>\n<meta property=\"article:publisher\" content=\"https:\/\/www.facebook.com\/renato.dias.37\" \/>\n<meta property=\"article:author\" content=\"https:\/\/www.facebook.com\/renato.dias.37\" \/>\n<meta property=\"article:published_time\" content=\"2021-08-08T21:34:54+00:00\" \/>\n<meta property=\"article:modified_time\" content=\"2021-08-08T21:35:01+00:00\" \/>\n<meta property=\"og:image\" content=\"https:\/\/renatodias.online\/movimento\/wp-content\/uploads\/2021\/07\/Valerio-Arcary-Link-e1633644230385.jpg\" \/>\n\t<meta property=\"og:image:width\" content=\"280\" \/>\n\t<meta property=\"og:image:height\" content=\"280\" \/>\n\t<meta property=\"og:image:type\" content=\"image\/jpeg\" \/>\n<meta name=\"author\" content=\"Renato Dias\" \/>\n<meta name=\"twitter:card\" content=\"summary_large_image\" \/>\n<meta name=\"twitter:creator\" content=\"@RenatoDiasBat\" \/>\n<meta name=\"twitter:site\" content=\"@RenatoDiasBat\" \/>\n<meta name=\"twitter:label1\" content=\"Escrito por\" \/>\n\t<meta name=\"twitter:data1\" content=\"Renato Dias\" \/>\n\t<meta name=\"twitter:label2\" content=\"Est. tempo de leitura\" \/>\n\t<meta name=\"twitter:data2\" content=\"6 minutos\" \/>\n<script type=\"application\/ld+json\" class=\"yoast-schema-graph\">{\"@context\":\"https:\\\/\\\/schema.org\",\"@graph\":[{\"@type\":\"Article\",\"@id\":\"https:\\\/\\\/renatodias.online\\\/movimento\\\/2021\\\/08\\\/08\\\/cinco-argumentos-frouxos-da-esquerda-sectaria\\\/#article\",\"isPartOf\":{\"@id\":\"https:\\\/\\\/renatodias.online\\\/movimento\\\/2021\\\/08\\\/08\\\/cinco-argumentos-frouxos-da-esquerda-sectaria\\\/\"},\"author\":{\"name\":\"Renato Dias\",\"@id\":\"https:\\\/\\\/renatodias.online\\\/movimento\\\/#\\\/schema\\\/person\\\/bbab28833b1725a20f4083f49f1fb2a9\"},\"headline\":\"Cinco argumentos frouxos da esquerda sect\u00e1ria\",\"datePublished\":\"2021-08-08T21:34:54+00:00\",\"dateModified\":\"2021-08-08T21:35:01+00:00\",\"mainEntityOfPage\":{\"@id\":\"https:\\\/\\\/renatodias.online\\\/movimento\\\/2021\\\/08\\\/08\\\/cinco-argumentos-frouxos-da-esquerda-sectaria\\\/\"},\"wordCount\":1301,\"commentCount\":0,\"publisher\":{\"@id\":\"https:\\\/\\\/renatodias.online\\\/movimento\\\/#\\\/schema\\\/person\\\/bbab28833b1725a20f4083f49f1fb2a9\"},\"image\":{\"@id\":\"https:\\\/\\\/renatodias.online\\\/movimento\\\/2021\\\/08\\\/08\\\/cinco-argumentos-frouxos-da-esquerda-sectaria\\\/#primaryimage\"},\"thumbnailUrl\":\"https:\\\/\\\/renatodias.online\\\/movimento\\\/wp-content\\\/uploads\\\/2021\\\/07\\\/Valerio-Arcary-Link-e1633644230385.jpg\",\"articleSection\":[\"Pol\u00edtica\"],\"inLanguage\":\"pt-BR\",\"potentialAction\":[{\"@type\":\"CommentAction\",\"name\":\"Comment\",\"target\":[\"https:\\\/\\\/renatodias.online\\\/movimento\\\/2021\\\/08\\\/08\\\/cinco-argumentos-frouxos-da-esquerda-sectaria\\\/#respond\"]}]},{\"@type\":\"WebPage\",\"@id\":\"https:\\\/\\\/renatodias.online\\\/movimento\\\/2021\\\/08\\\/08\\\/cinco-argumentos-frouxos-da-esquerda-sectaria\\\/\",\"url\":\"https:\\\/\\\/renatodias.online\\\/movimento\\\/2021\\\/08\\\/08\\\/cinco-argumentos-frouxos-da-esquerda-sectaria\\\/\",\"name\":\"Cinco argumentos frouxos da esquerda sect\u00e1ria -\",\"isPartOf\":{\"@id\":\"https:\\\/\\\/renatodias.online\\\/movimento\\\/#website\"},\"primaryImageOfPage\":{\"@id\":\"https:\\\/\\\/renatodias.online\\\/movimento\\\/2021\\\/08\\\/08\\\/cinco-argumentos-frouxos-da-esquerda-sectaria\\\/#primaryimage\"},\"image\":{\"@id\":\"https:\\\/\\\/renatodias.online\\\/movimento\\\/2021\\\/08\\\/08\\\/cinco-argumentos-frouxos-da-esquerda-sectaria\\\/#primaryimage\"},\"thumbnailUrl\":\"https:\\\/\\\/renatodias.online\\\/movimento\\\/wp-content\\\/uploads\\\/2021\\\/07\\\/Valerio-Arcary-Link-e1633644230385.jpg\",\"datePublished\":\"2021-08-08T21:34:54+00:00\",\"dateModified\":\"2021-08-08T21:35:01+00:00\",\"breadcrumb\":{\"@id\":\"https:\\\/\\\/renatodias.online\\\/movimento\\\/2021\\\/08\\\/08\\\/cinco-argumentos-frouxos-da-esquerda-sectaria\\\/#breadcrumb\"},\"inLanguage\":\"pt-BR\",\"potentialAction\":[{\"@type\":\"ReadAction\",\"target\":[\"https:\\\/\\\/renatodias.online\\\/movimento\\\/2021\\\/08\\\/08\\\/cinco-argumentos-frouxos-da-esquerda-sectaria\\\/\"]}]},{\"@type\":\"ImageObject\",\"inLanguage\":\"pt-BR\",\"@id\":\"https:\\\/\\\/renatodias.online\\\/movimento\\\/2021\\\/08\\\/08\\\/cinco-argumentos-frouxos-da-esquerda-sectaria\\\/#primaryimage\",\"url\":\"https:\\\/\\\/renatodias.online\\\/movimento\\\/wp-content\\\/uploads\\\/2021\\\/07\\\/Valerio-Arcary-Link-e1633644230385.jpg\",\"contentUrl\":\"https:\\\/\\\/renatodias.online\\\/movimento\\\/wp-content\\\/uploads\\\/2021\\\/07\\\/Valerio-Arcary-Link-e1633644230385.jpg\",\"width\":280,\"height\":280,\"caption\":\"Valerio Arcary\"},{\"@type\":\"BreadcrumbList\",\"@id\":\"https:\\\/\\\/renatodias.online\\\/movimento\\\/2021\\\/08\\\/08\\\/cinco-argumentos-frouxos-da-esquerda-sectaria\\\/#breadcrumb\",\"itemListElement\":[{\"@type\":\"ListItem\",\"position\":1,\"name\":\"In\u00edcio\",\"item\":\"https:\\\/\\\/renatodias.online\\\/movimento\\\/\"},{\"@type\":\"ListItem\",\"position\":2,\"name\":\"Cinco argumentos frouxos da esquerda sect\u00e1ria\"}]},{\"@type\":\"WebSite\",\"@id\":\"https:\\\/\\\/renatodias.online\\\/movimento\\\/#website\",\"url\":\"https:\\\/\\\/renatodias.online\\\/movimento\\\/\",\"name\":\"\",\"description\":\"\",\"publisher\":{\"@id\":\"https:\\\/\\\/renatodias.online\\\/movimento\\\/#\\\/schema\\\/person\\\/bbab28833b1725a20f4083f49f1fb2a9\"},\"potentialAction\":[{\"@type\":\"SearchAction\",\"target\":{\"@type\":\"EntryPoint\",\"urlTemplate\":\"https:\\\/\\\/renatodias.online\\\/movimento\\\/?s={search_term_string}\"},\"query-input\":{\"@type\":\"PropertyValueSpecification\",\"valueRequired\":true,\"valueName\":\"search_term_string\"}}],\"inLanguage\":\"pt-BR\"},{\"@type\":[\"Person\",\"Organization\"],\"@id\":\"https:\\\/\\\/renatodias.online\\\/movimento\\\/#\\\/schema\\\/person\\\/bbab28833b1725a20f4083f49f1fb2a9\",\"name\":\"Renato Dias\",\"image\":{\"@type\":\"ImageObject\",\"inLanguage\":\"pt-BR\",\"@id\":\"https:\\\/\\\/renatodias.online\\\/movimento\\\/wp-content\\\/uploads\\\/2023\\\/03\\\/cropped-cropped-cropped-logofinal.jpeg\",\"url\":\"https:\\\/\\\/renatodias.online\\\/movimento\\\/wp-content\\\/uploads\\\/2023\\\/03\\\/cropped-cropped-cropped-logofinal.jpeg\",\"contentUrl\":\"https:\\\/\\\/renatodias.online\\\/movimento\\\/wp-content\\\/uploads\\\/2023\\\/03\\\/cropped-cropped-cropped-logofinal.jpeg\",\"width\":1280,\"height\":219,\"caption\":\"Renato Dias\"},\"logo\":{\"@id\":\"https:\\\/\\\/renatodias.online\\\/movimento\\\/wp-content\\\/uploads\\\/2023\\\/03\\\/cropped-cropped-cropped-logofinal.jpeg\"},\"description\":\"Renato Dias, 58 anos, \u00e9 graduado em Jornalismo, formado em Ci\u00eancias Sociais, com p\u00f3s-gradua\u00e7\u00e3o em Pol\u00edticas P\u00fablicas, mestre em Direito e Rela\u00e7\u00f5es Internacionais, ex-aluno extraordin\u00e1rio do Doutorado em Psicologia Social, ex-estudante do Curso de Psican\u00e1lise do Centro de Estudos Psicanal\u00edticos do Estado de Goi\u00e1s, ministrado pelo m\u00e9dico psiquiatra e psicanalista Daniel Em\u00eddio de Souza. \u00c9 autor de 30 livros-reportagem, oito document\u00e1rios, ganhou 30 pr\u00eamios e \u00e9 torcedor apaixonado do maior do Centro-Oeste, o Vila Nova Futebol Clube. Casado com Meirilane Dias, \u00e9 pai de Juliana Dias, jornalista; Daniel Dias, economista; e Maria Rosa Dias, estudante antifascista, socialista e trotskista.\u00a0Com tr\u00eas pets: Porquinho [Bull Dog Franc\u00eas], Dalila [Basset Hound] e Geleia [Basset Hound]. Al\u00e9m do eterno gato Tutuquinho, que virou estrela.\",\"sameAs\":[\"https:\\\/\\\/www.facebook.com\\\/renato.dias.37\",\"#breve\",\"https:\\\/\\\/renatodias.tumblr.com\\\/\"],\"url\":\"https:\\\/\\\/renatodias.online\\\/movimento\\\/author\\\/renatodias\\\/\"}]}<\/script>\n<!-- \/ Yoast SEO plugin. -->","yoast_head_json":{"title":"Cinco argumentos frouxos da esquerda sect\u00e1ria -","robots":{"index":"index","follow":"follow","max-snippet":"max-snippet:-1","max-image-preview":"max-image-preview:large","max-video-preview":"max-video-preview:-1"},"canonical":"https:\/\/renatodias.online\/movimento\/2021\/08\/08\/cinco-argumentos-frouxos-da-esquerda-sectaria\/","og_locale":"pt_BR","og_type":"article","og_title":"Cinco argumentos frouxos da esquerda sect\u00e1ria -","og_description":"Cinco argumentos frouxos da esquerda sect\u00e1ria Valerio Arcary, Ser radical contra a tirania, afoito, impetuoso e ousado contra a injusti\u00e7a e estar, politicamente, irado contra o regime s\u00e3o qualidades. S\u00e3o atitudes que merecem admira\u00e7\u00e3o. H\u00e1 muitas e boas raz\u00f5es para ter pressa, estar zangado e desejar uma sa\u00edda anticapitalista para a crise nos dias de","og_url":"https:\/\/renatodias.online\/movimento\/2021\/08\/08\/cinco-argumentos-frouxos-da-esquerda-sectaria\/","article_publisher":"https:\/\/www.facebook.com\/renato.dias.37","article_author":"https:\/\/www.facebook.com\/renato.dias.37","article_published_time":"2021-08-08T21:34:54+00:00","article_modified_time":"2021-08-08T21:35:01+00:00","og_image":[{"width":280,"height":280,"url":"https:\/\/renatodias.online\/movimento\/wp-content\/uploads\/2021\/07\/Valerio-Arcary-Link-e1633644230385.jpg","type":"image\/jpeg"}],"author":"Renato Dias","twitter_card":"summary_large_image","twitter_creator":"@RenatoDiasBat","twitter_site":"@RenatoDiasBat","twitter_misc":{"Escrito por":"Renato Dias","Est. tempo de leitura":"6 minutos"},"schema":{"@context":"https:\/\/schema.org","@graph":[{"@type":"Article","@id":"https:\/\/renatodias.online\/movimento\/2021\/08\/08\/cinco-argumentos-frouxos-da-esquerda-sectaria\/#article","isPartOf":{"@id":"https:\/\/renatodias.online\/movimento\/2021\/08\/08\/cinco-argumentos-frouxos-da-esquerda-sectaria\/"},"author":{"name":"Renato Dias","@id":"https:\/\/renatodias.online\/movimento\/#\/schema\/person\/bbab28833b1725a20f4083f49f1fb2a9"},"headline":"Cinco argumentos frouxos da esquerda sect\u00e1ria","datePublished":"2021-08-08T21:34:54+00:00","dateModified":"2021-08-08T21:35:01+00:00","mainEntityOfPage":{"@id":"https:\/\/renatodias.online\/movimento\/2021\/08\/08\/cinco-argumentos-frouxos-da-esquerda-sectaria\/"},"wordCount":1301,"commentCount":0,"publisher":{"@id":"https:\/\/renatodias.online\/movimento\/#\/schema\/person\/bbab28833b1725a20f4083f49f1fb2a9"},"image":{"@id":"https:\/\/renatodias.online\/movimento\/2021\/08\/08\/cinco-argumentos-frouxos-da-esquerda-sectaria\/#primaryimage"},"thumbnailUrl":"https:\/\/renatodias.online\/movimento\/wp-content\/uploads\/2021\/07\/Valerio-Arcary-Link-e1633644230385.jpg","articleSection":["Pol\u00edtica"],"inLanguage":"pt-BR","potentialAction":[{"@type":"CommentAction","name":"Comment","target":["https:\/\/renatodias.online\/movimento\/2021\/08\/08\/cinco-argumentos-frouxos-da-esquerda-sectaria\/#respond"]}]},{"@type":"WebPage","@id":"https:\/\/renatodias.online\/movimento\/2021\/08\/08\/cinco-argumentos-frouxos-da-esquerda-sectaria\/","url":"https:\/\/renatodias.online\/movimento\/2021\/08\/08\/cinco-argumentos-frouxos-da-esquerda-sectaria\/","name":"Cinco argumentos frouxos da esquerda sect\u00e1ria -","isPartOf":{"@id":"https:\/\/renatodias.online\/movimento\/#website"},"primaryImageOfPage":{"@id":"https:\/\/renatodias.online\/movimento\/2021\/08\/08\/cinco-argumentos-frouxos-da-esquerda-sectaria\/#primaryimage"},"image":{"@id":"https:\/\/renatodias.online\/movimento\/2021\/08\/08\/cinco-argumentos-frouxos-da-esquerda-sectaria\/#primaryimage"},"thumbnailUrl":"https:\/\/renatodias.online\/movimento\/wp-content\/uploads\/2021\/07\/Valerio-Arcary-Link-e1633644230385.jpg","datePublished":"2021-08-08T21:34:54+00:00","dateModified":"2021-08-08T21:35:01+00:00","breadcrumb":{"@id":"https:\/\/renatodias.online\/movimento\/2021\/08\/08\/cinco-argumentos-frouxos-da-esquerda-sectaria\/#breadcrumb"},"inLanguage":"pt-BR","potentialAction":[{"@type":"ReadAction","target":["https:\/\/renatodias.online\/movimento\/2021\/08\/08\/cinco-argumentos-frouxos-da-esquerda-sectaria\/"]}]},{"@type":"ImageObject","inLanguage":"pt-BR","@id":"https:\/\/renatodias.online\/movimento\/2021\/08\/08\/cinco-argumentos-frouxos-da-esquerda-sectaria\/#primaryimage","url":"https:\/\/renatodias.online\/movimento\/wp-content\/uploads\/2021\/07\/Valerio-Arcary-Link-e1633644230385.jpg","contentUrl":"https:\/\/renatodias.online\/movimento\/wp-content\/uploads\/2021\/07\/Valerio-Arcary-Link-e1633644230385.jpg","width":280,"height":280,"caption":"Valerio Arcary"},{"@type":"BreadcrumbList","@id":"https:\/\/renatodias.online\/movimento\/2021\/08\/08\/cinco-argumentos-frouxos-da-esquerda-sectaria\/#breadcrumb","itemListElement":[{"@type":"ListItem","position":1,"name":"In\u00edcio","item":"https:\/\/renatodias.online\/movimento\/"},{"@type":"ListItem","position":2,"name":"Cinco argumentos frouxos da esquerda sect\u00e1ria"}]},{"@type":"WebSite","@id":"https:\/\/renatodias.online\/movimento\/#website","url":"https:\/\/renatodias.online\/movimento\/","name":"","description":"","publisher":{"@id":"https:\/\/renatodias.online\/movimento\/#\/schema\/person\/bbab28833b1725a20f4083f49f1fb2a9"},"potentialAction":[{"@type":"SearchAction","target":{"@type":"EntryPoint","urlTemplate":"https:\/\/renatodias.online\/movimento\/?s={search_term_string}"},"query-input":{"@type":"PropertyValueSpecification","valueRequired":true,"valueName":"search_term_string"}}],"inLanguage":"pt-BR"},{"@type":["Person","Organization"],"@id":"https:\/\/renatodias.online\/movimento\/#\/schema\/person\/bbab28833b1725a20f4083f49f1fb2a9","name":"Renato Dias","image":{"@type":"ImageObject","inLanguage":"pt-BR","@id":"https:\/\/renatodias.online\/movimento\/wp-content\/uploads\/2023\/03\/cropped-cropped-cropped-logofinal.jpeg","url":"https:\/\/renatodias.online\/movimento\/wp-content\/uploads\/2023\/03\/cropped-cropped-cropped-logofinal.jpeg","contentUrl":"https:\/\/renatodias.online\/movimento\/wp-content\/uploads\/2023\/03\/cropped-cropped-cropped-logofinal.jpeg","width":1280,"height":219,"caption":"Renato Dias"},"logo":{"@id":"https:\/\/renatodias.online\/movimento\/wp-content\/uploads\/2023\/03\/cropped-cropped-cropped-logofinal.jpeg"},"description":"Renato Dias, 58 anos, \u00e9 graduado em Jornalismo, formado em Ci\u00eancias Sociais, com p\u00f3s-gradua\u00e7\u00e3o em Pol\u00edticas P\u00fablicas, mestre em Direito e Rela\u00e7\u00f5es Internacionais, ex-aluno extraordin\u00e1rio do Doutorado em Psicologia Social, ex-estudante do Curso de Psican\u00e1lise do Centro de Estudos Psicanal\u00edticos do Estado de Goi\u00e1s, ministrado pelo m\u00e9dico psiquiatra e psicanalista Daniel Em\u00eddio de Souza. \u00c9 autor de 30 livros-reportagem, oito document\u00e1rios, ganhou 30 pr\u00eamios e \u00e9 torcedor apaixonado do maior do Centro-Oeste, o Vila Nova Futebol Clube. Casado com Meirilane Dias, \u00e9 pai de Juliana Dias, jornalista; Daniel Dias, economista; e Maria Rosa Dias, estudante antifascista, socialista e trotskista.\u00a0Com tr\u00eas pets: Porquinho [Bull Dog Franc\u00eas], Dalila [Basset Hound] e Geleia [Basset Hound]. Al\u00e9m do eterno gato Tutuquinho, que virou estrela.","sameAs":["https:\/\/www.facebook.com\/renato.dias.37","#breve","https:\/\/renatodias.tumblr.com\/"],"url":"https:\/\/renatodias.online\/movimento\/author\/renatodias\/"}]}},"_links":{"self":[{"href":"https:\/\/renatodias.online\/movimento\/wp-json\/wp\/v2\/posts\/8292","targetHints":{"allow":["GET"]}}],"collection":[{"href":"https:\/\/renatodias.online\/movimento\/wp-json\/wp\/v2\/posts"}],"about":[{"href":"https:\/\/renatodias.online\/movimento\/wp-json\/wp\/v2\/types\/post"}],"author":[{"embeddable":true,"href":"https:\/\/renatodias.online\/movimento\/wp-json\/wp\/v2\/users\/2"}],"replies":[{"embeddable":true,"href":"https:\/\/renatodias.online\/movimento\/wp-json\/wp\/v2\/comments?post=8292"}],"version-history":[{"count":2,"href":"https:\/\/renatodias.online\/movimento\/wp-json\/wp\/v2\/posts\/8292\/revisions"}],"predecessor-version":[{"id":8294,"href":"https:\/\/renatodias.online\/movimento\/wp-json\/wp\/v2\/posts\/8292\/revisions\/8294"}],"wp:featuredmedia":[{"embeddable":true,"href":"https:\/\/renatodias.online\/movimento\/wp-json\/wp\/v2\/media\/7663"}],"wp:attachment":[{"href":"https:\/\/renatodias.online\/movimento\/wp-json\/wp\/v2\/media?parent=8292"}],"wp:term":[{"taxonomy":"category","embeddable":true,"href":"https:\/\/renatodias.online\/movimento\/wp-json\/wp\/v2\/categories?post=8292"},{"taxonomy":"post_tag","embeddable":true,"href":"https:\/\/renatodias.online\/movimento\/wp-json\/wp\/v2\/tags?post=8292"}],"curies":[{"name":"wp","href":"https:\/\/api.w.org\/{rel}","templated":true}]}}