{"id":8138,"date":"2021-07-29T00:41:50","date_gmt":"2021-07-29T03:41:50","guid":{"rendered":"https:\/\/renatodias.online\/movimento\/?p=8138"},"modified":"2021-07-29T00:44:41","modified_gmt":"2021-07-29T03:44:41","slug":"trabalho-escravo-e-tema-da-flip","status":"publish","type":"post","link":"https:\/\/renatodias.online\/movimento\/2021\/07\/29\/trabalho-escravo-e-tema-da-flip\/","title":{"rendered":"Trabalho escravo \u00e9 tema da Flip\u00a0"},"content":{"rendered":"<div id=\":1gs\" class=\"a3s aiL \">\n<div dir=\"auto\">\n<div dir=\"auto\">\n<p><img loading=\"lazy\" decoding=\"async\" class=\"size-full wp-image-5814 aligncenter\" src=\"https:\/\/renatodias.online\/movimento\/wp-content\/uploads\/2021\/04\/Exclusivo.png\" alt=\"Exclusivo\" width=\"499\" height=\"101\" srcset=\"https:\/\/renatodias.online\/movimento\/wp-content\/uploads\/2021\/04\/Exclusivo.png 499w, https:\/\/renatodias.online\/movimento\/wp-content\/uploads\/2021\/04\/Exclusivo-300x61.png 300w\" sizes=\"auto, (max-width: 499px) 100vw, 499px\" \/><\/p>\n<\/div>\n<div dir=\"auto\"><\/div>\n<h1 dir=\"auto\" style=\"text-align: center;\"><strong><span style=\"color: #ff0000;\">Trabalho escravo \u00e9 tema da Flip<\/span>\u00a0<\/strong><\/h1>\n<div dir=\"auto\"><\/div>\n<div dir=\"auto\">\n<p><img loading=\"lazy\" decoding=\"async\" class=\"size-full wp-image-5888 aligncenter\" src=\"https:\/\/renatodias.online\/movimento\/wp-content\/uploads\/2021\/04\/Bomba-A-morte-da-Politica.jpg\" alt=\"explosivo\" width=\"600\" height=\"600\" \/><\/p>\n<\/div>\n<h2 dir=\"auto\" style=\"text-align: center;\"><span style=\"color: #0000ff;\"><strong>Paulo Henrique Costa Mattos faz uma an\u00e1lise comparativa <\/strong><\/span><\/h2>\n<h2 dir=\"auto\" style=\"text-align: center;\"><span style=\"color: #0000ff;\"><strong>das <\/strong><strong>\u00faltimas tr\u00eas d\u00e9cadas com &#8216;Era Jair Messias Bolsonaro&#8217;<\/strong><\/span><\/h2>\n<p>&nbsp;<\/p>\n<\/div>\n<div dir=\"auto\">\n<div style=\"width: 640px;\" class=\"wp-video\"><!--[if lt IE 9]><script>document.createElement('video');<\/script><![endif]-->\n<video class=\"wp-video-shortcode\" id=\"video-8138-1\" width=\"640\" height=\"352\" preload=\"metadata\" controls=\"controls\"><source type=\"video\/mp4\" src=\"https:\/\/renatodias.online\/movimento\/wp-content\/uploads\/2021\/07\/VID-20210727-WA0041.mp4?_=1\" \/><a href=\"https:\/\/renatodias.online\/movimento\/wp-content\/uploads\/2021\/07\/VID-20210727-WA0041.mp4\">https:\/\/renatodias.online\/movimento\/wp-content\/uploads\/2021\/07\/VID-20210727-WA0041.mp4<\/a><\/video><\/div>\n<\/div>\n<div dir=\"auto\">\n<div dir=\"auto\">\n<p>&nbsp;<\/p>\n<figure id=\"attachment_7987\" aria-describedby=\"caption-attachment-7987\" style=\"width: 1200px\" class=\"wp-caption alignnone\"><img loading=\"lazy\" decoding=\"async\" class=\"size-full wp-image-7987\" src=\"https:\/\/renatodias.online\/movimento\/wp-content\/uploads\/2021\/07\/Trabalho-analogo-a-escravidao-no-Brasil.jpg\" alt=\"\" width=\"1200\" height=\"675\" \/><figcaption id=\"caption-attachment-7987\" class=\"wp-caption-text\"><strong>Trabalho an\u00e1logo \u00e0 escravid\u00e3o no Brasil<\/strong><\/figcaption><\/figure>\n<\/div>\n<div dir=\"auto\"><\/div>\n<div dir=\"auto\"><strong>Renato Dias<\/strong><\/div>\n<div dir=\"auto\">Historiador e soci\u00f3logo, professor da Universidade de Gurupi, no Estado do Tocantins, Regi\u00e3o Norte do Brasil, um Pa\u00eds de dimens\u00f5es continentais, Paulo Henrique Costa Mattos, lan\u00e7a, na Feira Liter\u00e1ria de Porto Nacional, a Flip, o seu 13\u00b0 livro. O t\u00edtulo \u00e9 <strong>Brasil da Barb\u00e1rie _ A Era Jair Bolsonaro e o Trabalho Escravo Contempor\u00e2neo<\/strong>, Editora Veloso. \u00c0 venda no site da <a rel=\"noopener\" href=\"http:\/\/www.amazon.com\" target=\"_blank\" data-saferedirecturl=\"https:\/\/www.google.com\/url?q=http:\/\/www.amazon.com&amp;source=gmail&amp;ust=1627612934564000&amp;usg=AFQjCNHB7zwSdOAJyb0HxjOtbq87tNZvBQ\">www.amazon.com<\/a><\/div>\n<div dir=\"auto\"><\/div>\n<\/div>\n<div dir=\"auto\">\n<figure id=\"attachment_7985\" aria-describedby=\"caption-attachment-7985\" style=\"width: 1248px\" class=\"wp-caption alignnone\"><img loading=\"lazy\" decoding=\"async\" class=\"size-full wp-image-7985\" src=\"https:\/\/renatodias.online\/movimento\/wp-content\/uploads\/2021\/07\/Paulo-Henrique-_-escritor.jpg\" alt=\"\" width=\"1248\" height=\"1280\" srcset=\"https:\/\/renatodias.online\/movimento\/wp-content\/uploads\/2021\/07\/Paulo-Henrique-_-escritor.jpg 1248w, https:\/\/renatodias.online\/movimento\/wp-content\/uploads\/2021\/07\/Paulo-Henrique-_-escritor-293x300.jpg 293w, https:\/\/renatodias.online\/movimento\/wp-content\/uploads\/2021\/07\/Paulo-Henrique-_-escritor-998x1024.jpg 998w, https:\/\/renatodias.online\/movimento\/wp-content\/uploads\/2021\/07\/Paulo-Henrique-_-escritor-768x788.jpg 768w, https:\/\/renatodias.online\/movimento\/wp-content\/uploads\/2021\/07\/Paulo-Henrique-_-escritor-750x769.jpg 750w\" sizes=\"auto, (max-width: 1248px) 100vw, 1248px\" \/><figcaption id=\"caption-attachment-7985\" class=\"wp-caption-text\"><strong>Paulo Henrique _ escritor<\/strong><\/figcaption><\/figure>\n<\/div>\n<div dir=\"auto\">\n<h1 dir=\"auto\"><span style=\"color: #666699;\"><strong>Perfil do historiador<\/strong><\/span><\/h1>\n<div dir=\"auto\">O pesquisador \u00e9 graduado em Hist\u00f3ria, formado em Ci\u00eancias Sociais, mestre em Hist\u00f3ria, na PUC- Goi\u00e1s, al\u00e9m de cientista pol\u00edtico com forma\u00e7\u00e3o em Cuba. A pequena ilha do Caribe que promoveu uma revolu\u00e7\u00e3o, fundada em guerra de guerrilhas, chegou ao poder em primeiro de janeiro de 1959 e anunciou a instala\u00e7\u00e3o do socialismo j\u00e1 no ano de 1961. A 160 quil\u00f4metros dos Estados Unidos [EUA].<\/div>\n<div dir=\"auto\"><\/div>\n<\/div>\n<div dir=\"auto\"><\/div>\n<div dir=\"auto\"><img loading=\"lazy\" decoding=\"async\" class=\"size-full wp-image-7984 aligncenter\" src=\"https:\/\/renatodias.online\/movimento\/wp-content\/uploads\/2021\/07\/Capa-do-livro-do-Paulo-Henrique-Costa-Mattos.jpg\" alt=\"\" width=\"377\" height=\"559\" srcset=\"https:\/\/renatodias.online\/movimento\/wp-content\/uploads\/2021\/07\/Capa-do-livro-do-Paulo-Henrique-Costa-Mattos.jpg 377w, https:\/\/renatodias.online\/movimento\/wp-content\/uploads\/2021\/07\/Capa-do-livro-do-Paulo-Henrique-Costa-Mattos-202x300.jpg 202w\" sizes=\"auto, (max-width: 377px) 100vw, 377px\" \/><\/div>\n<\/div>\n","protected":false},"excerpt":{"rendered":"<p>Trabalho escravo \u00e9 tema da Flip\u00a0 Paulo Henrique Costa Mattos faz uma an\u00e1lise comparativa das \u00faltimas tr\u00eas d\u00e9cadas com &#8216;Era Jair Messias Bolsonaro&#8217; &nbsp; &nbsp; Renato Dias Historiador e soci\u00f3logo, professor da Universidade de Gurupi, no Estado do Tocantins, Regi\u00e3o Norte do Brasil, um Pa\u00eds de dimens\u00f5es continentais, Paulo Henrique Costa Mattos, lan\u00e7a, na Feira<\/p>\n","protected":false},"author":2,"featured_media":7986,"comment_status":"open","ping_status":"open","sticky":false,"template":"","format":"standard","meta":{"_acf_changed":false,"_monsterinsights_skip_tracking":false,"_monsterinsights_sitenote_active":false,"_monsterinsights_sitenote_note":"","_monsterinsights_sitenote_category":0,"footnotes":""},"categories":[4],"tags":[],"class_list":["post-8138","post","type-post","status-publish","format-standard","has-post-thumbnail","hentry","category-politica"],"acf":[],"yoast_head":"<!-- This site is optimized with the Yoast SEO plugin v27.4 - https:\/\/yoast.com\/product\/yoast-seo-wordpress\/ -->\n<title>Trabalho escravo \u00e9 tema da Flip\u00a0 -<\/title>\n<meta name=\"robots\" content=\"index, follow, max-snippet:-1, max-image-preview:large, max-video-preview:-1\" \/>\n<link rel=\"canonical\" href=\"https:\/\/renatodias.online\/movimento\/2021\/07\/29\/trabalho-escravo-e-tema-da-flip\/\" \/>\n<meta property=\"og:locale\" content=\"pt_BR\" \/>\n<meta property=\"og:type\" content=\"article\" \/>\n<meta property=\"og:title\" content=\"Trabalho escravo \u00e9 tema da Flip\u00a0 -\" \/>\n<meta property=\"og:description\" content=\"Trabalho escravo \u00e9 tema da Flip\u00a0 Paulo Henrique Costa Mattos faz uma an\u00e1lise comparativa das \u00faltimas tr\u00eas d\u00e9cadas com &#8216;Era Jair Messias Bolsonaro&#8217; &nbsp; &nbsp; Renato Dias Historiador e soci\u00f3logo, professor da Universidade de Gurupi, no Estado do Tocantins, Regi\u00e3o Norte do Brasil, um Pa\u00eds de dimens\u00f5es continentais, Paulo Henrique Costa Mattos, lan\u00e7a, na Feira\" \/>\n<meta property=\"og:url\" content=\"https:\/\/renatodias.online\/movimento\/2021\/07\/29\/trabalho-escravo-e-tema-da-flip\/\" \/>\n<meta property=\"article:publisher\" content=\"https:\/\/www.facebook.com\/renato.dias.37\" \/>\n<meta property=\"article:author\" content=\"https:\/\/www.facebook.com\/renato.dias.37\" \/>\n<meta property=\"article:published_time\" content=\"2021-07-29T03:41:50+00:00\" \/>\n<meta property=\"article:modified_time\" content=\"2021-07-29T03:44:41+00:00\" \/>\n<meta property=\"og:image\" content=\"https:\/\/renatodias.online\/movimento\/wp-content\/uploads\/2021\/07\/Paulo-Henrique-_-autor-e1627003032400.jpg\" \/>\n\t<meta property=\"og:image:width\" content=\"239\" \/>\n\t<meta property=\"og:image:height\" content=\"350\" \/>\n\t<meta property=\"og:image:type\" content=\"image\/jpeg\" \/>\n<meta name=\"author\" content=\"Renato Dias\" \/>\n<meta name=\"twitter:card\" content=\"summary_large_image\" \/>\n<meta name=\"twitter:creator\" content=\"@RenatoDiasBat\" \/>\n<meta name=\"twitter:site\" content=\"@RenatoDiasBat\" \/>\n<meta name=\"twitter:label1\" content=\"Escrito por\" \/>\n\t<meta name=\"twitter:data1\" content=\"Renato Dias\" \/>\n\t<meta name=\"twitter:label2\" content=\"Est. tempo de leitura\" \/>\n\t<meta name=\"twitter:data2\" content=\"1 minuto\" \/>\n<script type=\"application\/ld+json\" class=\"yoast-schema-graph\">{\"@context\":\"https:\\\/\\\/schema.org\",\"@graph\":[{\"@type\":\"Article\",\"@id\":\"https:\\\/\\\/renatodias.online\\\/movimento\\\/2021\\\/07\\\/29\\\/trabalho-escravo-e-tema-da-flip\\\/#article\",\"isPartOf\":{\"@id\":\"https:\\\/\\\/renatodias.online\\\/movimento\\\/2021\\\/07\\\/29\\\/trabalho-escravo-e-tema-da-flip\\\/\"},\"author\":{\"name\":\"Renato Dias\",\"@id\":\"https:\\\/\\\/renatodias.online\\\/movimento\\\/#\\\/schema\\\/person\\\/bbab28833b1725a20f4083f49f1fb2a9\"},\"headline\":\"Trabalho escravo \u00e9 tema da Flip\u00a0\",\"datePublished\":\"2021-07-29T03:41:50+00:00\",\"dateModified\":\"2021-07-29T03:44:41+00:00\",\"mainEntityOfPage\":{\"@id\":\"https:\\\/\\\/renatodias.online\\\/movimento\\\/2021\\\/07\\\/29\\\/trabalho-escravo-e-tema-da-flip\\\/\"},\"wordCount\":215,\"commentCount\":0,\"publisher\":{\"@id\":\"https:\\\/\\\/renatodias.online\\\/movimento\\\/#\\\/schema\\\/person\\\/bbab28833b1725a20f4083f49f1fb2a9\"},\"image\":{\"@id\":\"https:\\\/\\\/renatodias.online\\\/movimento\\\/2021\\\/07\\\/29\\\/trabalho-escravo-e-tema-da-flip\\\/#primaryimage\"},\"thumbnailUrl\":\"https:\\\/\\\/renatodias.online\\\/movimento\\\/wp-content\\\/uploads\\\/2021\\\/07\\\/Paulo-Henrique-_-autor-e1627003032400.jpg\",\"articleSection\":[\"Pol\u00edtica\"],\"inLanguage\":\"pt-BR\",\"potentialAction\":[{\"@type\":\"CommentAction\",\"name\":\"Comment\",\"target\":[\"https:\\\/\\\/renatodias.online\\\/movimento\\\/2021\\\/07\\\/29\\\/trabalho-escravo-e-tema-da-flip\\\/#respond\"]}]},{\"@type\":\"WebPage\",\"@id\":\"https:\\\/\\\/renatodias.online\\\/movimento\\\/2021\\\/07\\\/29\\\/trabalho-escravo-e-tema-da-flip\\\/\",\"url\":\"https:\\\/\\\/renatodias.online\\\/movimento\\\/2021\\\/07\\\/29\\\/trabalho-escravo-e-tema-da-flip\\\/\",\"name\":\"Trabalho escravo \u00e9 tema da Flip\u00a0 -\",\"isPartOf\":{\"@id\":\"https:\\\/\\\/renatodias.online\\\/movimento\\\/#website\"},\"primaryImageOfPage\":{\"@id\":\"https:\\\/\\\/renatodias.online\\\/movimento\\\/2021\\\/07\\\/29\\\/trabalho-escravo-e-tema-da-flip\\\/#primaryimage\"},\"image\":{\"@id\":\"https:\\\/\\\/renatodias.online\\\/movimento\\\/2021\\\/07\\\/29\\\/trabalho-escravo-e-tema-da-flip\\\/#primaryimage\"},\"thumbnailUrl\":\"https:\\\/\\\/renatodias.online\\\/movimento\\\/wp-content\\\/uploads\\\/2021\\\/07\\\/Paulo-Henrique-_-autor-e1627003032400.jpg\",\"datePublished\":\"2021-07-29T03:41:50+00:00\",\"dateModified\":\"2021-07-29T03:44:41+00:00\",\"breadcrumb\":{\"@id\":\"https:\\\/\\\/renatodias.online\\\/movimento\\\/2021\\\/07\\\/29\\\/trabalho-escravo-e-tema-da-flip\\\/#breadcrumb\"},\"inLanguage\":\"pt-BR\",\"potentialAction\":[{\"@type\":\"ReadAction\",\"target\":[\"https:\\\/\\\/renatodias.online\\\/movimento\\\/2021\\\/07\\\/29\\\/trabalho-escravo-e-tema-da-flip\\\/\"]}]},{\"@type\":\"ImageObject\",\"inLanguage\":\"pt-BR\",\"@id\":\"https:\\\/\\\/renatodias.online\\\/movimento\\\/2021\\\/07\\\/29\\\/trabalho-escravo-e-tema-da-flip\\\/#primaryimage\",\"url\":\"https:\\\/\\\/renatodias.online\\\/movimento\\\/wp-content\\\/uploads\\\/2021\\\/07\\\/Paulo-Henrique-_-autor-e1627003032400.jpg\",\"contentUrl\":\"https:\\\/\\\/renatodias.online\\\/movimento\\\/wp-content\\\/uploads\\\/2021\\\/07\\\/Paulo-Henrique-_-autor-e1627003032400.jpg\",\"width\":239,\"height\":350,\"caption\":\"Paulo Henrique _ autor\"},{\"@type\":\"BreadcrumbList\",\"@id\":\"https:\\\/\\\/renatodias.online\\\/movimento\\\/2021\\\/07\\\/29\\\/trabalho-escravo-e-tema-da-flip\\\/#breadcrumb\",\"itemListElement\":[{\"@type\":\"ListItem\",\"position\":1,\"name\":\"In\u00edcio\",\"item\":\"https:\\\/\\\/renatodias.online\\\/movimento\\\/\"},{\"@type\":\"ListItem\",\"position\":2,\"name\":\"Trabalho escravo \u00e9 tema da Flip\u00a0\"}]},{\"@type\":\"WebSite\",\"@id\":\"https:\\\/\\\/renatodias.online\\\/movimento\\\/#website\",\"url\":\"https:\\\/\\\/renatodias.online\\\/movimento\\\/\",\"name\":\"\",\"description\":\"\",\"publisher\":{\"@id\":\"https:\\\/\\\/renatodias.online\\\/movimento\\\/#\\\/schema\\\/person\\\/bbab28833b1725a20f4083f49f1fb2a9\"},\"potentialAction\":[{\"@type\":\"SearchAction\",\"target\":{\"@type\":\"EntryPoint\",\"urlTemplate\":\"https:\\\/\\\/renatodias.online\\\/movimento\\\/?s={search_term_string}\"},\"query-input\":{\"@type\":\"PropertyValueSpecification\",\"valueRequired\":true,\"valueName\":\"search_term_string\"}}],\"inLanguage\":\"pt-BR\"},{\"@type\":[\"Person\",\"Organization\"],\"@id\":\"https:\\\/\\\/renatodias.online\\\/movimento\\\/#\\\/schema\\\/person\\\/bbab28833b1725a20f4083f49f1fb2a9\",\"name\":\"Renato Dias\",\"image\":{\"@type\":\"ImageObject\",\"inLanguage\":\"pt-BR\",\"@id\":\"https:\\\/\\\/renatodias.online\\\/movimento\\\/wp-content\\\/uploads\\\/2023\\\/03\\\/cropped-cropped-cropped-logofinal.jpeg\",\"url\":\"https:\\\/\\\/renatodias.online\\\/movimento\\\/wp-content\\\/uploads\\\/2023\\\/03\\\/cropped-cropped-cropped-logofinal.jpeg\",\"contentUrl\":\"https:\\\/\\\/renatodias.online\\\/movimento\\\/wp-content\\\/uploads\\\/2023\\\/03\\\/cropped-cropped-cropped-logofinal.jpeg\",\"width\":1280,\"height\":219,\"caption\":\"Renato Dias\"},\"logo\":{\"@id\":\"https:\\\/\\\/renatodias.online\\\/movimento\\\/wp-content\\\/uploads\\\/2023\\\/03\\\/cropped-cropped-cropped-logofinal.jpeg\"},\"description\":\"Renato Dias, 58 anos, \u00e9 graduado em Jornalismo, formado em Ci\u00eancias Sociais, com p\u00f3s-gradua\u00e7\u00e3o em Pol\u00edticas P\u00fablicas, mestre em Direito e Rela\u00e7\u00f5es Internacionais, ex-aluno extraordin\u00e1rio do Doutorado em Psicologia Social, ex-estudante do Curso de Psican\u00e1lise do Centro de Estudos Psicanal\u00edticos do Estado de Goi\u00e1s, ministrado pelo m\u00e9dico psiquiatra e psicanalista Daniel Em\u00eddio de Souza. \u00c9 autor de 30 livros-reportagem, oito document\u00e1rios, ganhou 30 pr\u00eamios e \u00e9 torcedor apaixonado do maior do Centro-Oeste, o Vila Nova Futebol Clube. Casado com Meirilane Dias, \u00e9 pai de Juliana Dias, jornalista; Daniel Dias, economista; e Maria Rosa Dias, estudante antifascista, socialista e trotskista.\u00a0Com tr\u00eas pets: Porquinho [Bull Dog Franc\u00eas], Dalila [Basset Hound] e Geleia [Basset Hound]. Al\u00e9m do eterno gato Tutuquinho, que virou estrela.\",\"sameAs\":[\"https:\\\/\\\/www.facebook.com\\\/renato.dias.37\",\"#breve\",\"https:\\\/\\\/renatodias.tumblr.com\\\/\"],\"url\":\"https:\\\/\\\/renatodias.online\\\/movimento\\\/author\\\/renatodias\\\/\"}]}<\/script>\n<!-- \/ Yoast SEO plugin. -->","yoast_head_json":{"title":"Trabalho escravo \u00e9 tema da Flip\u00a0 -","robots":{"index":"index","follow":"follow","max-snippet":"max-snippet:-1","max-image-preview":"max-image-preview:large","max-video-preview":"max-video-preview:-1"},"canonical":"https:\/\/renatodias.online\/movimento\/2021\/07\/29\/trabalho-escravo-e-tema-da-flip\/","og_locale":"pt_BR","og_type":"article","og_title":"Trabalho escravo \u00e9 tema da Flip\u00a0 -","og_description":"Trabalho escravo \u00e9 tema da Flip\u00a0 Paulo Henrique Costa Mattos faz uma an\u00e1lise comparativa das \u00faltimas tr\u00eas d\u00e9cadas com &#8216;Era Jair Messias Bolsonaro&#8217; &nbsp; &nbsp; Renato Dias Historiador e soci\u00f3logo, professor da Universidade de Gurupi, no Estado do Tocantins, Regi\u00e3o Norte do Brasil, um Pa\u00eds de dimens\u00f5es continentais, Paulo Henrique Costa Mattos, lan\u00e7a, na Feira","og_url":"https:\/\/renatodias.online\/movimento\/2021\/07\/29\/trabalho-escravo-e-tema-da-flip\/","article_publisher":"https:\/\/www.facebook.com\/renato.dias.37","article_author":"https:\/\/www.facebook.com\/renato.dias.37","article_published_time":"2021-07-29T03:41:50+00:00","article_modified_time":"2021-07-29T03:44:41+00:00","og_image":[{"width":239,"height":350,"url":"https:\/\/renatodias.online\/movimento\/wp-content\/uploads\/2021\/07\/Paulo-Henrique-_-autor-e1627003032400.jpg","type":"image\/jpeg"}],"author":"Renato Dias","twitter_card":"summary_large_image","twitter_creator":"@RenatoDiasBat","twitter_site":"@RenatoDiasBat","twitter_misc":{"Escrito por":"Renato Dias","Est. tempo de leitura":"1 minuto"},"schema":{"@context":"https:\/\/schema.org","@graph":[{"@type":"Article","@id":"https:\/\/renatodias.online\/movimento\/2021\/07\/29\/trabalho-escravo-e-tema-da-flip\/#article","isPartOf":{"@id":"https:\/\/renatodias.online\/movimento\/2021\/07\/29\/trabalho-escravo-e-tema-da-flip\/"},"author":{"name":"Renato Dias","@id":"https:\/\/renatodias.online\/movimento\/#\/schema\/person\/bbab28833b1725a20f4083f49f1fb2a9"},"headline":"Trabalho escravo \u00e9 tema da Flip\u00a0","datePublished":"2021-07-29T03:41:50+00:00","dateModified":"2021-07-29T03:44:41+00:00","mainEntityOfPage":{"@id":"https:\/\/renatodias.online\/movimento\/2021\/07\/29\/trabalho-escravo-e-tema-da-flip\/"},"wordCount":215,"commentCount":0,"publisher":{"@id":"https:\/\/renatodias.online\/movimento\/#\/schema\/person\/bbab28833b1725a20f4083f49f1fb2a9"},"image":{"@id":"https:\/\/renatodias.online\/movimento\/2021\/07\/29\/trabalho-escravo-e-tema-da-flip\/#primaryimage"},"thumbnailUrl":"https:\/\/renatodias.online\/movimento\/wp-content\/uploads\/2021\/07\/Paulo-Henrique-_-autor-e1627003032400.jpg","articleSection":["Pol\u00edtica"],"inLanguage":"pt-BR","potentialAction":[{"@type":"CommentAction","name":"Comment","target":["https:\/\/renatodias.online\/movimento\/2021\/07\/29\/trabalho-escravo-e-tema-da-flip\/#respond"]}]},{"@type":"WebPage","@id":"https:\/\/renatodias.online\/movimento\/2021\/07\/29\/trabalho-escravo-e-tema-da-flip\/","url":"https:\/\/renatodias.online\/movimento\/2021\/07\/29\/trabalho-escravo-e-tema-da-flip\/","name":"Trabalho escravo \u00e9 tema da Flip\u00a0 -","isPartOf":{"@id":"https:\/\/renatodias.online\/movimento\/#website"},"primaryImageOfPage":{"@id":"https:\/\/renatodias.online\/movimento\/2021\/07\/29\/trabalho-escravo-e-tema-da-flip\/#primaryimage"},"image":{"@id":"https:\/\/renatodias.online\/movimento\/2021\/07\/29\/trabalho-escravo-e-tema-da-flip\/#primaryimage"},"thumbnailUrl":"https:\/\/renatodias.online\/movimento\/wp-content\/uploads\/2021\/07\/Paulo-Henrique-_-autor-e1627003032400.jpg","datePublished":"2021-07-29T03:41:50+00:00","dateModified":"2021-07-29T03:44:41+00:00","breadcrumb":{"@id":"https:\/\/renatodias.online\/movimento\/2021\/07\/29\/trabalho-escravo-e-tema-da-flip\/#breadcrumb"},"inLanguage":"pt-BR","potentialAction":[{"@type":"ReadAction","target":["https:\/\/renatodias.online\/movimento\/2021\/07\/29\/trabalho-escravo-e-tema-da-flip\/"]}]},{"@type":"ImageObject","inLanguage":"pt-BR","@id":"https:\/\/renatodias.online\/movimento\/2021\/07\/29\/trabalho-escravo-e-tema-da-flip\/#primaryimage","url":"https:\/\/renatodias.online\/movimento\/wp-content\/uploads\/2021\/07\/Paulo-Henrique-_-autor-e1627003032400.jpg","contentUrl":"https:\/\/renatodias.online\/movimento\/wp-content\/uploads\/2021\/07\/Paulo-Henrique-_-autor-e1627003032400.jpg","width":239,"height":350,"caption":"Paulo Henrique _ autor"},{"@type":"BreadcrumbList","@id":"https:\/\/renatodias.online\/movimento\/2021\/07\/29\/trabalho-escravo-e-tema-da-flip\/#breadcrumb","itemListElement":[{"@type":"ListItem","position":1,"name":"In\u00edcio","item":"https:\/\/renatodias.online\/movimento\/"},{"@type":"ListItem","position":2,"name":"Trabalho escravo \u00e9 tema da Flip\u00a0"}]},{"@type":"WebSite","@id":"https:\/\/renatodias.online\/movimento\/#website","url":"https:\/\/renatodias.online\/movimento\/","name":"","description":"","publisher":{"@id":"https:\/\/renatodias.online\/movimento\/#\/schema\/person\/bbab28833b1725a20f4083f49f1fb2a9"},"potentialAction":[{"@type":"SearchAction","target":{"@type":"EntryPoint","urlTemplate":"https:\/\/renatodias.online\/movimento\/?s={search_term_string}"},"query-input":{"@type":"PropertyValueSpecification","valueRequired":true,"valueName":"search_term_string"}}],"inLanguage":"pt-BR"},{"@type":["Person","Organization"],"@id":"https:\/\/renatodias.online\/movimento\/#\/schema\/person\/bbab28833b1725a20f4083f49f1fb2a9","name":"Renato Dias","image":{"@type":"ImageObject","inLanguage":"pt-BR","@id":"https:\/\/renatodias.online\/movimento\/wp-content\/uploads\/2023\/03\/cropped-cropped-cropped-logofinal.jpeg","url":"https:\/\/renatodias.online\/movimento\/wp-content\/uploads\/2023\/03\/cropped-cropped-cropped-logofinal.jpeg","contentUrl":"https:\/\/renatodias.online\/movimento\/wp-content\/uploads\/2023\/03\/cropped-cropped-cropped-logofinal.jpeg","width":1280,"height":219,"caption":"Renato Dias"},"logo":{"@id":"https:\/\/renatodias.online\/movimento\/wp-content\/uploads\/2023\/03\/cropped-cropped-cropped-logofinal.jpeg"},"description":"Renato Dias, 58 anos, \u00e9 graduado em Jornalismo, formado em Ci\u00eancias Sociais, com p\u00f3s-gradua\u00e7\u00e3o em Pol\u00edticas P\u00fablicas, mestre em Direito e Rela\u00e7\u00f5es Internacionais, ex-aluno extraordin\u00e1rio do Doutorado em Psicologia Social, ex-estudante do Curso de Psican\u00e1lise do Centro de Estudos Psicanal\u00edticos do Estado de Goi\u00e1s, ministrado pelo m\u00e9dico psiquiatra e psicanalista Daniel Em\u00eddio de Souza. \u00c9 autor de 30 livros-reportagem, oito document\u00e1rios, ganhou 30 pr\u00eamios e \u00e9 torcedor apaixonado do maior do Centro-Oeste, o Vila Nova Futebol Clube. Casado com Meirilane Dias, \u00e9 pai de Juliana Dias, jornalista; Daniel Dias, economista; e Maria Rosa Dias, estudante antifascista, socialista e trotskista.\u00a0Com tr\u00eas pets: Porquinho [Bull Dog Franc\u00eas], Dalila [Basset Hound] e Geleia [Basset Hound]. Al\u00e9m do eterno gato Tutuquinho, que virou estrela.","sameAs":["https:\/\/www.facebook.com\/renato.dias.37","#breve","https:\/\/renatodias.tumblr.com\/"],"url":"https:\/\/renatodias.online\/movimento\/author\/renatodias\/"}]}},"_links":{"self":[{"href":"https:\/\/renatodias.online\/movimento\/wp-json\/wp\/v2\/posts\/8138","targetHints":{"allow":["GET"]}}],"collection":[{"href":"https:\/\/renatodias.online\/movimento\/wp-json\/wp\/v2\/posts"}],"about":[{"href":"https:\/\/renatodias.online\/movimento\/wp-json\/wp\/v2\/types\/post"}],"author":[{"embeddable":true,"href":"https:\/\/renatodias.online\/movimento\/wp-json\/wp\/v2\/users\/2"}],"replies":[{"embeddable":true,"href":"https:\/\/renatodias.online\/movimento\/wp-json\/wp\/v2\/comments?post=8138"}],"version-history":[{"count":4,"href":"https:\/\/renatodias.online\/movimento\/wp-json\/wp\/v2\/posts\/8138\/revisions"}],"predecessor-version":[{"id":8143,"href":"https:\/\/renatodias.online\/movimento\/wp-json\/wp\/v2\/posts\/8138\/revisions\/8143"}],"wp:featuredmedia":[{"embeddable":true,"href":"https:\/\/renatodias.online\/movimento\/wp-json\/wp\/v2\/media\/7986"}],"wp:attachment":[{"href":"https:\/\/renatodias.online\/movimento\/wp-json\/wp\/v2\/media?parent=8138"}],"wp:term":[{"taxonomy":"category","embeddable":true,"href":"https:\/\/renatodias.online\/movimento\/wp-json\/wp\/v2\/categories?post=8138"},{"taxonomy":"post_tag","embeddable":true,"href":"https:\/\/renatodias.online\/movimento\/wp-json\/wp\/v2\/tags?post=8138"}],"curies":[{"name":"wp","href":"https:\/\/api.w.org\/{rel}","templated":true}]}}