{"id":8019,"date":"2021-07-25T12:00:57","date_gmt":"2021-07-25T15:00:57","guid":{"rendered":"https:\/\/renatodias.online\/movimento\/?p=8019"},"modified":"2021-07-25T12:00:57","modified_gmt":"2021-07-25T15:00:57","slug":"domingo-com-chorinho","status":"publish","type":"post","link":"https:\/\/renatodias.online\/movimento\/2021\/07\/25\/domingo-com-chorinho\/","title":{"rendered":"Domingo com Chorinho"},"content":{"rendered":"<div id=\":1cc\" class=\"a3s aiL \">\n<div dir=\"auto\">\n<div dir=\"auto\"><img loading=\"lazy\" decoding=\"async\" class=\"alignnone size-full wp-image-8020\" src=\"https:\/\/renatodias.online\/movimento\/wp-content\/uploads\/2021\/07\/Joao-Garoto-toca-chorinho.jpg\" alt=\"\" width=\"1080\" height=\"1080\" srcset=\"https:\/\/renatodias.online\/movimento\/wp-content\/uploads\/2021\/07\/Joao-Garoto-toca-chorinho.jpg 1080w, https:\/\/renatodias.online\/movimento\/wp-content\/uploads\/2021\/07\/Joao-Garoto-toca-chorinho-300x300.jpg 300w, https:\/\/renatodias.online\/movimento\/wp-content\/uploads\/2021\/07\/Joao-Garoto-toca-chorinho-1024x1024.jpg 1024w, https:\/\/renatodias.online\/movimento\/wp-content\/uploads\/2021\/07\/Joao-Garoto-toca-chorinho-150x150.jpg 150w, https:\/\/renatodias.online\/movimento\/wp-content\/uploads\/2021\/07\/Joao-Garoto-toca-chorinho-768x768.jpg 768w, https:\/\/renatodias.online\/movimento\/wp-content\/uploads\/2021\/07\/Joao-Garoto-toca-chorinho-750x750.jpg 750w\" sizes=\"auto, (max-width: 1080px) 100vw, 1080px\" \/><\/div>\n<div dir=\"auto\"><\/div>\n<div dir=\"auto\"><img loading=\"lazy\" decoding=\"async\" class=\"size-full wp-image-5929 aligncenter\" src=\"https:\/\/renatodias.online\/movimento\/wp-content\/uploads\/2021\/04\/Especial.jpg\" alt=\"\" width=\"200\" height=\"200\" srcset=\"https:\/\/renatodias.online\/movimento\/wp-content\/uploads\/2021\/04\/Especial.jpg 200w, https:\/\/renatodias.online\/movimento\/wp-content\/uploads\/2021\/04\/Especial-150x150.jpg 150w\" sizes=\"auto, (max-width: 200px) 100vw, 200px\" \/><\/div>\n<h1 dir=\"auto\" style=\"text-align: center;\"><span style=\"color: #ff0000;\"><strong>Domingo com Chorinho<\/strong><\/span><\/h1>\n<div dir=\"auto\" style=\"text-align: center;\"><span style=\"color: #0000ff;\"><strong>Com Jo\u00e3o Garoto e Anderson Umbuzeiro<\/strong><\/span><\/div>\n<div dir=\"auto\" style=\"text-align: center;\"><\/div>\n<div dir=\"auto\" style=\"text-align: center;\"><span style=\"color: #800080;\"><strong>\u00c0s 12h, Comida Caipira Restaurante, Setor Jao<\/strong><\/span><\/div>\n<div dir=\"auto\"><\/div>\n<div dir=\"auto\"><\/div>\n<div dir=\"auto\"><strong>Renato Dias<\/strong><\/div>\n<div dir=\"auto\">O mestre dos bambas <strong>Jo\u00e3o Garoto<\/strong> \u00e9 quem anuncia. Domingo, hoje,\u00a0 tem chorinho na pra\u00e7a. A partir de 12h. Sol ameno. \u00c9 no <strong>Restaurante Comida Caipira<\/strong>. O tradicional point gastron\u00f4mico e cultural de Goi\u00e2nia, a capital do Estado de Goi\u00e1s, est\u00e1 instalado no chic Setor Ja\u00f3. \u00c9 o que informa o cantor e compositor ao Portal de Not\u00edcias <strong>www.renatodias.online<\/strong> Anote em sua agenda. O endere\u00e7o \u00e9 Avenida Alameda da Pampulha, n\u00famero 1150, em frente ao Parque Beija Flor. Fa\u00e7a a sua reserva. Ligue para o telefone 3942_1519. Assim como 62_ 9 _ 99 89 _ 92 92. Jo\u00e3o Garoto ter\u00e1 um convidado para l\u00e1 de especial. \u00c9 <strong>Anderson Umbuzeiro<\/strong>. Imperd\u00edvel.<\/div>\n<div dir=\"auto\"><\/div>\n<\/div>\n<div dir=\"auto\">\n<figure id=\"attachment_7178\" aria-describedby=\"caption-attachment-7178\" style=\"width: 1920px\" class=\"wp-caption alignnone\"><img loading=\"lazy\" decoding=\"async\" class=\"size-full wp-image-7178\" src=\"https:\/\/renatodias.online\/movimento\/wp-content\/uploads\/2021\/06\/Joao-Garoto-_.jpg\" alt=\"\" width=\"1920\" height=\"1587\" \/><figcaption id=\"caption-attachment-7178\" class=\"wp-caption-text\"><strong>Jo\u00e3o Garoto<\/strong><\/figcaption><\/figure>\n<\/div>\n<\/div>\n","protected":false},"excerpt":{"rendered":"<p>Domingo com Chorinho Com Jo\u00e3o Garoto e Anderson Umbuzeiro \u00c0s 12h, Comida Caipira Restaurante, Setor Jao Renato Dias O mestre dos bambas Jo\u00e3o Garoto \u00e9 quem anuncia. Domingo, hoje,\u00a0 tem chorinho na pra\u00e7a. A partir de 12h. Sol ameno. \u00c9 no Restaurante Comida Caipira. O tradicional point gastron\u00f4mico e cultural de Goi\u00e2nia, a capital do<\/p>\n","protected":false},"author":2,"featured_media":8021,"comment_status":"open","ping_status":"open","sticky":false,"template":"","format":"standard","meta":{"_acf_changed":false,"_monsterinsights_skip_tracking":false,"_monsterinsights_sitenote_active":false,"_monsterinsights_sitenote_note":"","_monsterinsights_sitenote_category":0,"footnotes":""},"categories":[26],"tags":[],"class_list":["post-8019","post","type-post","status-publish","format-standard","has-post-thumbnail","hentry","category-bares"],"acf":[],"yoast_head":"<!-- This site is optimized with the Yoast SEO plugin v27.4 - https:\/\/yoast.com\/product\/yoast-seo-wordpress\/ -->\n<title>Domingo com Chorinho -<\/title>\n<meta name=\"robots\" content=\"index, follow, max-snippet:-1, max-image-preview:large, max-video-preview:-1\" \/>\n<link rel=\"canonical\" href=\"https:\/\/renatodias.online\/movimento\/2021\/07\/25\/domingo-com-chorinho\/\" \/>\n<meta property=\"og:locale\" content=\"pt_BR\" \/>\n<meta property=\"og:type\" content=\"article\" \/>\n<meta property=\"og:title\" content=\"Domingo com Chorinho -\" \/>\n<meta property=\"og:description\" content=\"Domingo com Chorinho Com Jo\u00e3o Garoto e Anderson Umbuzeiro \u00c0s 12h, Comida Caipira Restaurante, Setor Jao Renato Dias O mestre dos bambas Jo\u00e3o Garoto \u00e9 quem anuncia. Domingo, hoje,\u00a0 tem chorinho na pra\u00e7a. A partir de 12h. Sol ameno. \u00c9 no Restaurante Comida Caipira. O tradicional point gastron\u00f4mico e cultural de Goi\u00e2nia, a capital do\" \/>\n<meta property=\"og:url\" content=\"https:\/\/renatodias.online\/movimento\/2021\/07\/25\/domingo-com-chorinho\/\" \/>\n<meta property=\"article:publisher\" content=\"https:\/\/www.facebook.com\/renato.dias.37\" \/>\n<meta property=\"article:author\" content=\"https:\/\/www.facebook.com\/renato.dias.37\" \/>\n<meta property=\"article:published_time\" content=\"2021-07-25T15:00:57+00:00\" \/>\n<meta property=\"og:image\" content=\"https:\/\/renatodias.online\/movimento\/wp-content\/uploads\/2021\/07\/Joao-Garoto-_-Show.jpg\" \/>\n\t<meta property=\"og:image:width\" content=\"276\" \/>\n\t<meta property=\"og:image:height\" content=\"182\" \/>\n\t<meta property=\"og:image:type\" content=\"image\/jpeg\" \/>\n<meta name=\"author\" content=\"Renato Dias\" \/>\n<meta name=\"twitter:card\" content=\"summary_large_image\" \/>\n<meta name=\"twitter:creator\" content=\"@RenatoDiasBat\" \/>\n<meta name=\"twitter:site\" content=\"@RenatoDiasBat\" \/>\n<meta name=\"twitter:label1\" content=\"Escrito por\" \/>\n\t<meta name=\"twitter:data1\" content=\"Renato Dias\" \/>\n\t<meta name=\"twitter:label2\" content=\"Est. tempo de leitura\" \/>\n\t<meta name=\"twitter:data2\" content=\"1 minuto\" \/>\n<script type=\"application\/ld+json\" class=\"yoast-schema-graph\">{\"@context\":\"https:\\\/\\\/schema.org\",\"@graph\":[{\"@type\":\"Article\",\"@id\":\"https:\\\/\\\/renatodias.online\\\/movimento\\\/2021\\\/07\\\/25\\\/domingo-com-chorinho\\\/#article\",\"isPartOf\":{\"@id\":\"https:\\\/\\\/renatodias.online\\\/movimento\\\/2021\\\/07\\\/25\\\/domingo-com-chorinho\\\/\"},\"author\":{\"name\":\"Renato Dias\",\"@id\":\"https:\\\/\\\/renatodias.online\\\/movimento\\\/#\\\/schema\\\/person\\\/bbab28833b1725a20f4083f49f1fb2a9\"},\"headline\":\"Domingo com Chorinho\",\"datePublished\":\"2021-07-25T15:00:57+00:00\",\"mainEntityOfPage\":{\"@id\":\"https:\\\/\\\/renatodias.online\\\/movimento\\\/2021\\\/07\\\/25\\\/domingo-com-chorinho\\\/\"},\"wordCount\":140,\"commentCount\":0,\"publisher\":{\"@id\":\"https:\\\/\\\/renatodias.online\\\/movimento\\\/#\\\/schema\\\/person\\\/bbab28833b1725a20f4083f49f1fb2a9\"},\"image\":{\"@id\":\"https:\\\/\\\/renatodias.online\\\/movimento\\\/2021\\\/07\\\/25\\\/domingo-com-chorinho\\\/#primaryimage\"},\"thumbnailUrl\":\"https:\\\/\\\/renatodias.online\\\/movimento\\\/wp-content\\\/uploads\\\/2021\\\/07\\\/Joao-Garoto-_-Show.jpg\",\"articleSection\":[\"Bares\"],\"inLanguage\":\"pt-BR\",\"potentialAction\":[{\"@type\":\"CommentAction\",\"name\":\"Comment\",\"target\":[\"https:\\\/\\\/renatodias.online\\\/movimento\\\/2021\\\/07\\\/25\\\/domingo-com-chorinho\\\/#respond\"]}]},{\"@type\":\"WebPage\",\"@id\":\"https:\\\/\\\/renatodias.online\\\/movimento\\\/2021\\\/07\\\/25\\\/domingo-com-chorinho\\\/\",\"url\":\"https:\\\/\\\/renatodias.online\\\/movimento\\\/2021\\\/07\\\/25\\\/domingo-com-chorinho\\\/\",\"name\":\"Domingo com Chorinho -\",\"isPartOf\":{\"@id\":\"https:\\\/\\\/renatodias.online\\\/movimento\\\/#website\"},\"primaryImageOfPage\":{\"@id\":\"https:\\\/\\\/renatodias.online\\\/movimento\\\/2021\\\/07\\\/25\\\/domingo-com-chorinho\\\/#primaryimage\"},\"image\":{\"@id\":\"https:\\\/\\\/renatodias.online\\\/movimento\\\/2021\\\/07\\\/25\\\/domingo-com-chorinho\\\/#primaryimage\"},\"thumbnailUrl\":\"https:\\\/\\\/renatodias.online\\\/movimento\\\/wp-content\\\/uploads\\\/2021\\\/07\\\/Joao-Garoto-_-Show.jpg\",\"datePublished\":\"2021-07-25T15:00:57+00:00\",\"breadcrumb\":{\"@id\":\"https:\\\/\\\/renatodias.online\\\/movimento\\\/2021\\\/07\\\/25\\\/domingo-com-chorinho\\\/#breadcrumb\"},\"inLanguage\":\"pt-BR\",\"potentialAction\":[{\"@type\":\"ReadAction\",\"target\":[\"https:\\\/\\\/renatodias.online\\\/movimento\\\/2021\\\/07\\\/25\\\/domingo-com-chorinho\\\/\"]}]},{\"@type\":\"ImageObject\",\"inLanguage\":\"pt-BR\",\"@id\":\"https:\\\/\\\/renatodias.online\\\/movimento\\\/2021\\\/07\\\/25\\\/domingo-com-chorinho\\\/#primaryimage\",\"url\":\"https:\\\/\\\/renatodias.online\\\/movimento\\\/wp-content\\\/uploads\\\/2021\\\/07\\\/Joao-Garoto-_-Show.jpg\",\"contentUrl\":\"https:\\\/\\\/renatodias.online\\\/movimento\\\/wp-content\\\/uploads\\\/2021\\\/07\\\/Joao-Garoto-_-Show.jpg\",\"width\":276,\"height\":182,\"caption\":\"Jo\u00e3o Garoto _ Show\"},{\"@type\":\"BreadcrumbList\",\"@id\":\"https:\\\/\\\/renatodias.online\\\/movimento\\\/2021\\\/07\\\/25\\\/domingo-com-chorinho\\\/#breadcrumb\",\"itemListElement\":[{\"@type\":\"ListItem\",\"position\":1,\"name\":\"In\u00edcio\",\"item\":\"https:\\\/\\\/renatodias.online\\\/movimento\\\/\"},{\"@type\":\"ListItem\",\"position\":2,\"name\":\"Domingo com Chorinho\"}]},{\"@type\":\"WebSite\",\"@id\":\"https:\\\/\\\/renatodias.online\\\/movimento\\\/#website\",\"url\":\"https:\\\/\\\/renatodias.online\\\/movimento\\\/\",\"name\":\"\",\"description\":\"\",\"publisher\":{\"@id\":\"https:\\\/\\\/renatodias.online\\\/movimento\\\/#\\\/schema\\\/person\\\/bbab28833b1725a20f4083f49f1fb2a9\"},\"potentialAction\":[{\"@type\":\"SearchAction\",\"target\":{\"@type\":\"EntryPoint\",\"urlTemplate\":\"https:\\\/\\\/renatodias.online\\\/movimento\\\/?s={search_term_string}\"},\"query-input\":{\"@type\":\"PropertyValueSpecification\",\"valueRequired\":true,\"valueName\":\"search_term_string\"}}],\"inLanguage\":\"pt-BR\"},{\"@type\":[\"Person\",\"Organization\"],\"@id\":\"https:\\\/\\\/renatodias.online\\\/movimento\\\/#\\\/schema\\\/person\\\/bbab28833b1725a20f4083f49f1fb2a9\",\"name\":\"Renato Dias\",\"image\":{\"@type\":\"ImageObject\",\"inLanguage\":\"pt-BR\",\"@id\":\"https:\\\/\\\/renatodias.online\\\/movimento\\\/wp-content\\\/uploads\\\/2023\\\/03\\\/cropped-cropped-cropped-logofinal.jpeg\",\"url\":\"https:\\\/\\\/renatodias.online\\\/movimento\\\/wp-content\\\/uploads\\\/2023\\\/03\\\/cropped-cropped-cropped-logofinal.jpeg\",\"contentUrl\":\"https:\\\/\\\/renatodias.online\\\/movimento\\\/wp-content\\\/uploads\\\/2023\\\/03\\\/cropped-cropped-cropped-logofinal.jpeg\",\"width\":1280,\"height\":219,\"caption\":\"Renato Dias\"},\"logo\":{\"@id\":\"https:\\\/\\\/renatodias.online\\\/movimento\\\/wp-content\\\/uploads\\\/2023\\\/03\\\/cropped-cropped-cropped-logofinal.jpeg\"},\"description\":\"Renato Dias, 58 anos, \u00e9 graduado em Jornalismo, formado em Ci\u00eancias Sociais, com p\u00f3s-gradua\u00e7\u00e3o em Pol\u00edticas P\u00fablicas, mestre em Direito e Rela\u00e7\u00f5es Internacionais, ex-aluno extraordin\u00e1rio do Doutorado em Psicologia Social, ex-estudante do Curso de Psican\u00e1lise do Centro de Estudos Psicanal\u00edticos do Estado de Goi\u00e1s, ministrado pelo m\u00e9dico psiquiatra e psicanalista Daniel Em\u00eddio de Souza. \u00c9 autor de 30 livros-reportagem, oito document\u00e1rios, ganhou 30 pr\u00eamios e \u00e9 torcedor apaixonado do maior do Centro-Oeste, o Vila Nova Futebol Clube. Casado com Meirilane Dias, \u00e9 pai de Juliana Dias, jornalista; Daniel Dias, economista; e Maria Rosa Dias, estudante antifascista, socialista e trotskista.\u00a0Com tr\u00eas pets: Porquinho [Bull Dog Franc\u00eas], Dalila [Basset Hound] e Geleia [Basset Hound]. Al\u00e9m do eterno gato Tutuquinho, que virou estrela.\",\"sameAs\":[\"https:\\\/\\\/www.facebook.com\\\/renato.dias.37\",\"#breve\",\"https:\\\/\\\/renatodias.tumblr.com\\\/\"],\"url\":\"https:\\\/\\\/renatodias.online\\\/movimento\\\/author\\\/renatodias\\\/\"}]}<\/script>\n<!-- \/ Yoast SEO plugin. -->","yoast_head_json":{"title":"Domingo com Chorinho -","robots":{"index":"index","follow":"follow","max-snippet":"max-snippet:-1","max-image-preview":"max-image-preview:large","max-video-preview":"max-video-preview:-1"},"canonical":"https:\/\/renatodias.online\/movimento\/2021\/07\/25\/domingo-com-chorinho\/","og_locale":"pt_BR","og_type":"article","og_title":"Domingo com Chorinho -","og_description":"Domingo com Chorinho Com Jo\u00e3o Garoto e Anderson Umbuzeiro \u00c0s 12h, Comida Caipira Restaurante, Setor Jao Renato Dias O mestre dos bambas Jo\u00e3o Garoto \u00e9 quem anuncia. Domingo, hoje,\u00a0 tem chorinho na pra\u00e7a. A partir de 12h. Sol ameno. \u00c9 no Restaurante Comida Caipira. O tradicional point gastron\u00f4mico e cultural de Goi\u00e2nia, a capital do","og_url":"https:\/\/renatodias.online\/movimento\/2021\/07\/25\/domingo-com-chorinho\/","article_publisher":"https:\/\/www.facebook.com\/renato.dias.37","article_author":"https:\/\/www.facebook.com\/renato.dias.37","article_published_time":"2021-07-25T15:00:57+00:00","og_image":[{"width":276,"height":182,"url":"https:\/\/renatodias.online\/movimento\/wp-content\/uploads\/2021\/07\/Joao-Garoto-_-Show.jpg","type":"image\/jpeg"}],"author":"Renato Dias","twitter_card":"summary_large_image","twitter_creator":"@RenatoDiasBat","twitter_site":"@RenatoDiasBat","twitter_misc":{"Escrito por":"Renato Dias","Est. tempo de leitura":"1 minuto"},"schema":{"@context":"https:\/\/schema.org","@graph":[{"@type":"Article","@id":"https:\/\/renatodias.online\/movimento\/2021\/07\/25\/domingo-com-chorinho\/#article","isPartOf":{"@id":"https:\/\/renatodias.online\/movimento\/2021\/07\/25\/domingo-com-chorinho\/"},"author":{"name":"Renato Dias","@id":"https:\/\/renatodias.online\/movimento\/#\/schema\/person\/bbab28833b1725a20f4083f49f1fb2a9"},"headline":"Domingo com Chorinho","datePublished":"2021-07-25T15:00:57+00:00","mainEntityOfPage":{"@id":"https:\/\/renatodias.online\/movimento\/2021\/07\/25\/domingo-com-chorinho\/"},"wordCount":140,"commentCount":0,"publisher":{"@id":"https:\/\/renatodias.online\/movimento\/#\/schema\/person\/bbab28833b1725a20f4083f49f1fb2a9"},"image":{"@id":"https:\/\/renatodias.online\/movimento\/2021\/07\/25\/domingo-com-chorinho\/#primaryimage"},"thumbnailUrl":"https:\/\/renatodias.online\/movimento\/wp-content\/uploads\/2021\/07\/Joao-Garoto-_-Show.jpg","articleSection":["Bares"],"inLanguage":"pt-BR","potentialAction":[{"@type":"CommentAction","name":"Comment","target":["https:\/\/renatodias.online\/movimento\/2021\/07\/25\/domingo-com-chorinho\/#respond"]}]},{"@type":"WebPage","@id":"https:\/\/renatodias.online\/movimento\/2021\/07\/25\/domingo-com-chorinho\/","url":"https:\/\/renatodias.online\/movimento\/2021\/07\/25\/domingo-com-chorinho\/","name":"Domingo com Chorinho -","isPartOf":{"@id":"https:\/\/renatodias.online\/movimento\/#website"},"primaryImageOfPage":{"@id":"https:\/\/renatodias.online\/movimento\/2021\/07\/25\/domingo-com-chorinho\/#primaryimage"},"image":{"@id":"https:\/\/renatodias.online\/movimento\/2021\/07\/25\/domingo-com-chorinho\/#primaryimage"},"thumbnailUrl":"https:\/\/renatodias.online\/movimento\/wp-content\/uploads\/2021\/07\/Joao-Garoto-_-Show.jpg","datePublished":"2021-07-25T15:00:57+00:00","breadcrumb":{"@id":"https:\/\/renatodias.online\/movimento\/2021\/07\/25\/domingo-com-chorinho\/#breadcrumb"},"inLanguage":"pt-BR","potentialAction":[{"@type":"ReadAction","target":["https:\/\/renatodias.online\/movimento\/2021\/07\/25\/domingo-com-chorinho\/"]}]},{"@type":"ImageObject","inLanguage":"pt-BR","@id":"https:\/\/renatodias.online\/movimento\/2021\/07\/25\/domingo-com-chorinho\/#primaryimage","url":"https:\/\/renatodias.online\/movimento\/wp-content\/uploads\/2021\/07\/Joao-Garoto-_-Show.jpg","contentUrl":"https:\/\/renatodias.online\/movimento\/wp-content\/uploads\/2021\/07\/Joao-Garoto-_-Show.jpg","width":276,"height":182,"caption":"Jo\u00e3o Garoto _ Show"},{"@type":"BreadcrumbList","@id":"https:\/\/renatodias.online\/movimento\/2021\/07\/25\/domingo-com-chorinho\/#breadcrumb","itemListElement":[{"@type":"ListItem","position":1,"name":"In\u00edcio","item":"https:\/\/renatodias.online\/movimento\/"},{"@type":"ListItem","position":2,"name":"Domingo com Chorinho"}]},{"@type":"WebSite","@id":"https:\/\/renatodias.online\/movimento\/#website","url":"https:\/\/renatodias.online\/movimento\/","name":"","description":"","publisher":{"@id":"https:\/\/renatodias.online\/movimento\/#\/schema\/person\/bbab28833b1725a20f4083f49f1fb2a9"},"potentialAction":[{"@type":"SearchAction","target":{"@type":"EntryPoint","urlTemplate":"https:\/\/renatodias.online\/movimento\/?s={search_term_string}"},"query-input":{"@type":"PropertyValueSpecification","valueRequired":true,"valueName":"search_term_string"}}],"inLanguage":"pt-BR"},{"@type":["Person","Organization"],"@id":"https:\/\/renatodias.online\/movimento\/#\/schema\/person\/bbab28833b1725a20f4083f49f1fb2a9","name":"Renato Dias","image":{"@type":"ImageObject","inLanguage":"pt-BR","@id":"https:\/\/renatodias.online\/movimento\/wp-content\/uploads\/2023\/03\/cropped-cropped-cropped-logofinal.jpeg","url":"https:\/\/renatodias.online\/movimento\/wp-content\/uploads\/2023\/03\/cropped-cropped-cropped-logofinal.jpeg","contentUrl":"https:\/\/renatodias.online\/movimento\/wp-content\/uploads\/2023\/03\/cropped-cropped-cropped-logofinal.jpeg","width":1280,"height":219,"caption":"Renato Dias"},"logo":{"@id":"https:\/\/renatodias.online\/movimento\/wp-content\/uploads\/2023\/03\/cropped-cropped-cropped-logofinal.jpeg"},"description":"Renato Dias, 58 anos, \u00e9 graduado em Jornalismo, formado em Ci\u00eancias Sociais, com p\u00f3s-gradua\u00e7\u00e3o em Pol\u00edticas P\u00fablicas, mestre em Direito e Rela\u00e7\u00f5es Internacionais, ex-aluno extraordin\u00e1rio do Doutorado em Psicologia Social, ex-estudante do Curso de Psican\u00e1lise do Centro de Estudos Psicanal\u00edticos do Estado de Goi\u00e1s, ministrado pelo m\u00e9dico psiquiatra e psicanalista Daniel Em\u00eddio de Souza. \u00c9 autor de 30 livros-reportagem, oito document\u00e1rios, ganhou 30 pr\u00eamios e \u00e9 torcedor apaixonado do maior do Centro-Oeste, o Vila Nova Futebol Clube. Casado com Meirilane Dias, \u00e9 pai de Juliana Dias, jornalista; Daniel Dias, economista; e Maria Rosa Dias, estudante antifascista, socialista e trotskista.\u00a0Com tr\u00eas pets: Porquinho [Bull Dog Franc\u00eas], Dalila [Basset Hound] e Geleia [Basset Hound]. Al\u00e9m do eterno gato Tutuquinho, que virou estrela.","sameAs":["https:\/\/www.facebook.com\/renato.dias.37","#breve","https:\/\/renatodias.tumblr.com\/"],"url":"https:\/\/renatodias.online\/movimento\/author\/renatodias\/"}]}},"_links":{"self":[{"href":"https:\/\/renatodias.online\/movimento\/wp-json\/wp\/v2\/posts\/8019","targetHints":{"allow":["GET"]}}],"collection":[{"href":"https:\/\/renatodias.online\/movimento\/wp-json\/wp\/v2\/posts"}],"about":[{"href":"https:\/\/renatodias.online\/movimento\/wp-json\/wp\/v2\/types\/post"}],"author":[{"embeddable":true,"href":"https:\/\/renatodias.online\/movimento\/wp-json\/wp\/v2\/users\/2"}],"replies":[{"embeddable":true,"href":"https:\/\/renatodias.online\/movimento\/wp-json\/wp\/v2\/comments?post=8019"}],"version-history":[{"count":1,"href":"https:\/\/renatodias.online\/movimento\/wp-json\/wp\/v2\/posts\/8019\/revisions"}],"predecessor-version":[{"id":8022,"href":"https:\/\/renatodias.online\/movimento\/wp-json\/wp\/v2\/posts\/8019\/revisions\/8022"}],"wp:featuredmedia":[{"embeddable":true,"href":"https:\/\/renatodias.online\/movimento\/wp-json\/wp\/v2\/media\/8021"}],"wp:attachment":[{"href":"https:\/\/renatodias.online\/movimento\/wp-json\/wp\/v2\/media?parent=8019"}],"wp:term":[{"taxonomy":"category","embeddable":true,"href":"https:\/\/renatodias.online\/movimento\/wp-json\/wp\/v2\/categories?post=8019"},{"taxonomy":"post_tag","embeddable":true,"href":"https:\/\/renatodias.online\/movimento\/wp-json\/wp\/v2\/tags?post=8019"}],"curies":[{"name":"wp","href":"https:\/\/api.w.org\/{rel}","templated":true}]}}