{"id":7981,"date":"2021-07-22T22:21:54","date_gmt":"2021-07-23T01:21:54","guid":{"rendered":"https:\/\/renatodias.online\/movimento\/?p=7981"},"modified":"2021-07-22T22:21:54","modified_gmt":"2021-07-23T01:21:54","slug":"escravidao-sob-a-era-bolsonaro","status":"publish","type":"post","link":"https:\/\/renatodias.online\/movimento\/2021\/07\/22\/escravidao-sob-a-era-bolsonaro\/","title":{"rendered":"Escravid\u00e3o sob a Era Bolsonaro"},"content":{"rendered":"<div class=\"adn ads\" data-message-id=\"#msg-a:r-2198825731929951409\" data-legacy-message-id=\"17ad0548d0e64026\">\n<div class=\"gs\">\n<div class=\"\">\n<div id=\":18l\" class=\"ii gt\">\n<div id=\":18k\" class=\"a3s aiL \">\n<div dir=\"auto\">\n<div dir=\"auto\"><\/div>\n<div dir=\"auto\"><img loading=\"lazy\" decoding=\"async\" class=\"size-full wp-image-7984 aligncenter\" src=\"https:\/\/renatodias.online\/movimento\/wp-content\/uploads\/2021\/07\/Capa-do-livro-do-Paulo-Henrique-Costa-Mattos.jpg\" alt=\"\" width=\"377\" height=\"559\" srcset=\"https:\/\/renatodias.online\/movimento\/wp-content\/uploads\/2021\/07\/Capa-do-livro-do-Paulo-Henrique-Costa-Mattos.jpg 377w, https:\/\/renatodias.online\/movimento\/wp-content\/uploads\/2021\/07\/Capa-do-livro-do-Paulo-Henrique-Costa-Mattos-202x300.jpg 202w\" sizes=\"auto, (max-width: 377px) 100vw, 377px\" \/><\/div>\n<h1 dir=\"auto\" style=\"text-align: center;\"><span style=\"color: #ff0000;\"><strong>Escravid\u00e3o sob a Era Bolsonaro<\/strong><\/span><\/h1>\n<div dir=\"auto\"><img loading=\"lazy\" decoding=\"async\" class=\"alignnone size-full wp-image-5007\" src=\"https:\/\/renatodias.online\/movimento\/wp-content\/uploads\/2021\/01\/Alto-da-p\u00e1gina-Banner-Exclusivo.png\" alt=\"\" width=\"1224\" height=\"372\" \/><\/div>\n<h1 dir=\"auto\" style=\"text-align: left;\"><span style=\"color: #0000ff;\"><strong>Barb\u00e1rie, agroneg\u00f3cio, destrui\u00e7\u00e3o de direitos<\/strong><\/span><\/h1>\n<div dir=\"auto\" style=\"text-align: center;\"><span style=\"color: #800080;\"><strong>Uma an\u00e1lise pol\u00edtica, hist\u00f3rica e sociol\u00f3gica de Paulo Henrique Costa Mattos<\/strong><\/span><\/div>\n<div dir=\"auto\"><\/div>\n<div dir=\"auto\"><strong>Renato Dias<\/strong><\/div>\n<div dir=\"auto\"><\/div>\n<div dir=\"auto\">Sob a Pandemia do Coronav\u00edrus Covid 19, com 550 mil mortos, a barb\u00e1rie no Brasil. A amplia\u00e7\u00e3o dos n\u00fameros de trabalho an\u00e1logo ao da escravid\u00e3o. Dados da Uni\u00e3o e paralelos da Comiss\u00e3o Pastoral da Terra. O corte no or\u00e7amento para a fiscaliza\u00e7\u00e3o, em um Pa\u00eds de dimens\u00f5es continentais, o avan\u00e7o do agroneg\u00f3cio e a degrada\u00e7\u00e3o dos direitos trabalhistas, previdenci\u00e1rios e humanos constituem um mix explosivo. Ao pesquisador Paulo Henrique Costa Mattos<\/div>\n<div dir=\"auto\"><\/div>\n<div dir=\"auto\">\n<figure id=\"attachment_7985\" aria-describedby=\"caption-attachment-7985\" style=\"width: 1248px\" class=\"wp-caption alignnone\"><img loading=\"lazy\" decoding=\"async\" class=\"size-full wp-image-7985\" src=\"https:\/\/renatodias.online\/movimento\/wp-content\/uploads\/2021\/07\/Paulo-Henrique-_-escritor.jpg\" alt=\"\" width=\"1248\" height=\"1280\" srcset=\"https:\/\/renatodias.online\/movimento\/wp-content\/uploads\/2021\/07\/Paulo-Henrique-_-escritor.jpg 1248w, https:\/\/renatodias.online\/movimento\/wp-content\/uploads\/2021\/07\/Paulo-Henrique-_-escritor-293x300.jpg 293w, https:\/\/renatodias.online\/movimento\/wp-content\/uploads\/2021\/07\/Paulo-Henrique-_-escritor-998x1024.jpg 998w, https:\/\/renatodias.online\/movimento\/wp-content\/uploads\/2021\/07\/Paulo-Henrique-_-escritor-768x788.jpg 768w, https:\/\/renatodias.online\/movimento\/wp-content\/uploads\/2021\/07\/Paulo-Henrique-_-escritor-750x769.jpg 750w\" sizes=\"auto, (max-width: 1248px) 100vw, 1248px\" \/><figcaption id=\"caption-attachment-7985\" class=\"wp-caption-text\"><strong>Paulo Henrique _ escritor<\/strong><\/figcaption><\/figure>\n<\/div>\n<div dir=\"auto\"><\/div>\n<div dir=\"auto\">Autor de O Brasil da Barb\u00e1rie: A Era Bolsonaro e o Trabalho Escravo, lan\u00e7amento \u00e0 venda no site da <a rel=\"noopener\" href=\"http:\/\/www.amazon.com.br\" target=\"_blank\" data-saferedirecturl=\"https:\/\/www.google.com\/url?q=http:\/\/www.amazon.com.br&amp;source=gmail&amp;ust=1627088837079000&amp;usg=AFQjCNH0-5sn2gArrj-irRR80aeMFD_bUA\">www.amazon.com.br<\/a> , assina tamb\u00e9m os livros A fronteira final: a globaliza\u00e7\u00e3o e a quest\u00e3o agr\u00e1ria no Brasil. Mais: Agro: a degrada\u00e7\u00e3o do humano e o avan\u00e7o do agroneg\u00f3cio no Brasil contempor\u00e2neo. O escritor \u00e9 graduado em Hist\u00f3ria, mestre em Hist\u00f3ria, formado em Ci\u00eancias Sociais, com a realiza\u00e7\u00e3o de Ci\u00eancias Pol\u00edticas em Cuba.<\/div>\n<div dir=\"auto\"><\/div>\n<div dir=\"auto\" style=\"text-align: center;\"><span style=\"color: #008080;\"><strong>Servi\u00e7o<\/strong><\/span><\/div>\n<div dir=\"auto\" style=\"text-align: center;\"><strong>\u00a0<a rel=\"noopener\" href=\"https:\/\/www.amazon.com.br\/dp\/B099GM5MBD\" target=\"_blank\" data-saferedirecturl=\"https:\/\/www.google.com\/url?q=https:\/\/www.amazon.com.br\/dp\/B099GM5MBD&amp;source=gmail&amp;ust=1627088837079000&amp;usg=AFQjCNFk3zL0GshEAMa0LcvY-wbFJAEfKA\">https:\/\/www.amazon.com.br\/dp\/<wbr \/>B099GM5MBD<\/a><\/strong><\/div>\n<div dir=\"auto\" style=\"text-align: center;\"><\/div>\n<div dir=\"auto\" style=\"text-align: center;\"><strong>O E-book na Amazon, custa RS 24,99, <a rel=\"noopener\" href=\"http:\/\/www.amazon.com.br\/dp\/B099GM5MBD\" target=\"_blank\" data-saferedirecturl=\"https:\/\/www.google.com\/url?q=http:\/\/www.amazon.com.br\/dp\/B099GM5MBD&amp;source=gmail&amp;ust=1627088837079000&amp;usg=AFQjCNGZ_de_ldrVgPW4RIZn9JOoCGtgGw\">www.amazon.com.br\/dp\/<wbr \/>B099GM5MBD<\/a><\/strong><\/div>\n<div dir=\"auto\" style=\"text-align: center;\"><\/div>\n<div dir=\"auto\" style=\"text-align: center;\"><strong>Livro f\u00edsico custa 60,00+despesas de Correios (8,00) pelo whatsapp 063-984603399<\/strong><\/div>\n<div dir=\"auto\"><\/div>\n<div dir=\"auto\">\n<figure id=\"attachment_4013\" aria-describedby=\"caption-attachment-4013\" style=\"width: 780px\" class=\"wp-caption aligncenter\"><img loading=\"lazy\" decoding=\"async\" class=\"size-full wp-image-4013\" src=\"https:\/\/renatodias.online\/movimento\/wp-content\/uploads\/2020\/06\/Karl-Marx-2.jpg\" alt=\"\" width=\"780\" height=\"400\" srcset=\"https:\/\/renatodias.online\/movimento\/wp-content\/uploads\/2020\/06\/Karl-Marx-2.jpg 780w, https:\/\/renatodias.online\/movimento\/wp-content\/uploads\/2020\/06\/Karl-Marx-2-300x154.jpg 300w, https:\/\/renatodias.online\/movimento\/wp-content\/uploads\/2020\/06\/Karl-Marx-2-768x394.jpg 768w, https:\/\/renatodias.online\/movimento\/wp-content\/uploads\/2020\/06\/Karl-Marx-2-750x385.jpg 750w\" sizes=\"auto, (max-width: 780px) 100vw, 780px\" \/><figcaption id=\"caption-attachment-4013\" class=\"wp-caption-text\"><strong>Karl Marx<\/strong><\/figcaption><\/figure>\n<\/div>\n<\/div>\n<div class=\"yj6qo\"><\/div>\n<\/div>\n<\/div>\n<div class=\"hi\">\n<figure id=\"attachment_7987\" aria-describedby=\"caption-attachment-7987\" style=\"width: 1200px\" class=\"wp-caption alignnone\"><img loading=\"lazy\" decoding=\"async\" class=\"size-full wp-image-7987\" src=\"https:\/\/renatodias.online\/movimento\/wp-content\/uploads\/2021\/07\/Trabalho-analogo-a-escravidao-no-Brasil.jpg\" alt=\"\" width=\"1200\" height=\"675\" \/><figcaption id=\"caption-attachment-7987\" class=\"wp-caption-text\"><strong>Trabalho an\u00e1logo \u00e0 escravid\u00e3o no Brasil<\/strong><\/figcaption><\/figure>\n<\/div>\n<\/div>\n<\/div>\n<\/div>\n<div class=\"gA gt acV\">\n<div class=\"gB xu\">\n<div class=\"ip iq\">\n<div id=\":18m\">\n<table class=\"cf wS\" style=\"height: 17px;\" role=\"presentation\" width=\"6\">\n<tbody>\n<tr>\n<td class=\"amq\"><\/td>\n<td class=\"amr\"><\/td>\n<\/tr>\n<\/tbody>\n<\/table>\n<\/div>\n<\/div>\n<\/div>\n<\/div>\n","protected":false},"excerpt":{"rendered":"<p>Escravid\u00e3o sob a Era Bolsonaro Barb\u00e1rie, agroneg\u00f3cio, destrui\u00e7\u00e3o de direitos Uma an\u00e1lise pol\u00edtica, hist\u00f3rica e sociol\u00f3gica de Paulo Henrique Costa Mattos Renato Dias Sob a Pandemia do Coronav\u00edrus Covid 19, com 550 mil mortos, a barb\u00e1rie no Brasil. A amplia\u00e7\u00e3o dos n\u00fameros de trabalho an\u00e1logo ao da escravid\u00e3o. Dados da Uni\u00e3o e paralelos da Comiss\u00e3o<\/p>\n","protected":false},"author":2,"featured_media":7986,"comment_status":"open","ping_status":"open","sticky":false,"template":"","format":"standard","meta":{"_acf_changed":false,"_monsterinsights_skip_tracking":false,"_monsterinsights_sitenote_active":false,"_monsterinsights_sitenote_note":"","_monsterinsights_sitenote_category":0,"footnotes":""},"categories":[28],"tags":[],"class_list":["post-7981","post","type-post","status-publish","format-standard","has-post-thumbnail","hentry","category-cultura"],"acf":[],"yoast_head":"<!-- This site is optimized with the Yoast SEO plugin v27.4 - https:\/\/yoast.com\/product\/yoast-seo-wordpress\/ -->\n<title>Escravid\u00e3o sob a Era Bolsonaro -<\/title>\n<meta name=\"robots\" content=\"index, follow, max-snippet:-1, max-image-preview:large, max-video-preview:-1\" \/>\n<link rel=\"canonical\" href=\"https:\/\/renatodias.online\/movimento\/2021\/07\/22\/escravidao-sob-a-era-bolsonaro\/\" \/>\n<meta property=\"og:locale\" content=\"pt_BR\" \/>\n<meta property=\"og:type\" content=\"article\" \/>\n<meta property=\"og:title\" content=\"Escravid\u00e3o sob a Era Bolsonaro -\" \/>\n<meta property=\"og:description\" content=\"Escravid\u00e3o sob a Era Bolsonaro Barb\u00e1rie, agroneg\u00f3cio, destrui\u00e7\u00e3o de direitos Uma an\u00e1lise pol\u00edtica, hist\u00f3rica e sociol\u00f3gica de Paulo Henrique Costa Mattos Renato Dias Sob a Pandemia do Coronav\u00edrus Covid 19, com 550 mil mortos, a barb\u00e1rie no Brasil. A amplia\u00e7\u00e3o dos n\u00fameros de trabalho an\u00e1logo ao da escravid\u00e3o. Dados da Uni\u00e3o e paralelos da Comiss\u00e3o\" \/>\n<meta property=\"og:url\" content=\"https:\/\/renatodias.online\/movimento\/2021\/07\/22\/escravidao-sob-a-era-bolsonaro\/\" \/>\n<meta property=\"article:publisher\" content=\"https:\/\/www.facebook.com\/renato.dias.37\" \/>\n<meta property=\"article:author\" content=\"https:\/\/www.facebook.com\/renato.dias.37\" \/>\n<meta property=\"article:published_time\" content=\"2021-07-23T01:21:54+00:00\" \/>\n<meta property=\"og:image\" content=\"https:\/\/renatodias.online\/movimento\/wp-content\/uploads\/2021\/07\/Paulo-Henrique-_-autor-e1627003032400.jpg\" \/>\n\t<meta property=\"og:image:width\" content=\"239\" \/>\n\t<meta property=\"og:image:height\" content=\"350\" \/>\n\t<meta property=\"og:image:type\" content=\"image\/jpeg\" \/>\n<meta name=\"author\" content=\"Renato Dias\" \/>\n<meta name=\"twitter:card\" content=\"summary_large_image\" \/>\n<meta name=\"twitter:creator\" content=\"@RenatoDiasBat\" \/>\n<meta name=\"twitter:site\" content=\"@RenatoDiasBat\" \/>\n<meta name=\"twitter:label1\" content=\"Escrito por\" \/>\n\t<meta name=\"twitter:data1\" content=\"Renato Dias\" \/>\n\t<meta name=\"twitter:label2\" content=\"Est. tempo de leitura\" \/>\n\t<meta name=\"twitter:data2\" content=\"1 minuto\" \/>\n<script type=\"application\/ld+json\" class=\"yoast-schema-graph\">{\"@context\":\"https:\\\/\\\/schema.org\",\"@graph\":[{\"@type\":\"Article\",\"@id\":\"https:\\\/\\\/renatodias.online\\\/movimento\\\/2021\\\/07\\\/22\\\/escravidao-sob-a-era-bolsonaro\\\/#article\",\"isPartOf\":{\"@id\":\"https:\\\/\\\/renatodias.online\\\/movimento\\\/2021\\\/07\\\/22\\\/escravidao-sob-a-era-bolsonaro\\\/\"},\"author\":{\"name\":\"Renato Dias\",\"@id\":\"https:\\\/\\\/renatodias.online\\\/movimento\\\/#\\\/schema\\\/person\\\/bbab28833b1725a20f4083f49f1fb2a9\"},\"headline\":\"Escravid\u00e3o sob a Era Bolsonaro\",\"datePublished\":\"2021-07-23T01:21:54+00:00\",\"mainEntityOfPage\":{\"@id\":\"https:\\\/\\\/renatodias.online\\\/movimento\\\/2021\\\/07\\\/22\\\/escravidao-sob-a-era-bolsonaro\\\/\"},\"wordCount\":277,\"commentCount\":0,\"publisher\":{\"@id\":\"https:\\\/\\\/renatodias.online\\\/movimento\\\/#\\\/schema\\\/person\\\/bbab28833b1725a20f4083f49f1fb2a9\"},\"image\":{\"@id\":\"https:\\\/\\\/renatodias.online\\\/movimento\\\/2021\\\/07\\\/22\\\/escravidao-sob-a-era-bolsonaro\\\/#primaryimage\"},\"thumbnailUrl\":\"https:\\\/\\\/renatodias.online\\\/movimento\\\/wp-content\\\/uploads\\\/2021\\\/07\\\/Paulo-Henrique-_-autor-e1627003032400.jpg\",\"articleSection\":[\"Cultura\"],\"inLanguage\":\"pt-BR\",\"potentialAction\":[{\"@type\":\"CommentAction\",\"name\":\"Comment\",\"target\":[\"https:\\\/\\\/renatodias.online\\\/movimento\\\/2021\\\/07\\\/22\\\/escravidao-sob-a-era-bolsonaro\\\/#respond\"]}]},{\"@type\":\"WebPage\",\"@id\":\"https:\\\/\\\/renatodias.online\\\/movimento\\\/2021\\\/07\\\/22\\\/escravidao-sob-a-era-bolsonaro\\\/\",\"url\":\"https:\\\/\\\/renatodias.online\\\/movimento\\\/2021\\\/07\\\/22\\\/escravidao-sob-a-era-bolsonaro\\\/\",\"name\":\"Escravid\u00e3o sob a Era Bolsonaro -\",\"isPartOf\":{\"@id\":\"https:\\\/\\\/renatodias.online\\\/movimento\\\/#website\"},\"primaryImageOfPage\":{\"@id\":\"https:\\\/\\\/renatodias.online\\\/movimento\\\/2021\\\/07\\\/22\\\/escravidao-sob-a-era-bolsonaro\\\/#primaryimage\"},\"image\":{\"@id\":\"https:\\\/\\\/renatodias.online\\\/movimento\\\/2021\\\/07\\\/22\\\/escravidao-sob-a-era-bolsonaro\\\/#primaryimage\"},\"thumbnailUrl\":\"https:\\\/\\\/renatodias.online\\\/movimento\\\/wp-content\\\/uploads\\\/2021\\\/07\\\/Paulo-Henrique-_-autor-e1627003032400.jpg\",\"datePublished\":\"2021-07-23T01:21:54+00:00\",\"breadcrumb\":{\"@id\":\"https:\\\/\\\/renatodias.online\\\/movimento\\\/2021\\\/07\\\/22\\\/escravidao-sob-a-era-bolsonaro\\\/#breadcrumb\"},\"inLanguage\":\"pt-BR\",\"potentialAction\":[{\"@type\":\"ReadAction\",\"target\":[\"https:\\\/\\\/renatodias.online\\\/movimento\\\/2021\\\/07\\\/22\\\/escravidao-sob-a-era-bolsonaro\\\/\"]}]},{\"@type\":\"ImageObject\",\"inLanguage\":\"pt-BR\",\"@id\":\"https:\\\/\\\/renatodias.online\\\/movimento\\\/2021\\\/07\\\/22\\\/escravidao-sob-a-era-bolsonaro\\\/#primaryimage\",\"url\":\"https:\\\/\\\/renatodias.online\\\/movimento\\\/wp-content\\\/uploads\\\/2021\\\/07\\\/Paulo-Henrique-_-autor-e1627003032400.jpg\",\"contentUrl\":\"https:\\\/\\\/renatodias.online\\\/movimento\\\/wp-content\\\/uploads\\\/2021\\\/07\\\/Paulo-Henrique-_-autor-e1627003032400.jpg\",\"width\":239,\"height\":350,\"caption\":\"Paulo Henrique _ autor\"},{\"@type\":\"BreadcrumbList\",\"@id\":\"https:\\\/\\\/renatodias.online\\\/movimento\\\/2021\\\/07\\\/22\\\/escravidao-sob-a-era-bolsonaro\\\/#breadcrumb\",\"itemListElement\":[{\"@type\":\"ListItem\",\"position\":1,\"name\":\"In\u00edcio\",\"item\":\"https:\\\/\\\/renatodias.online\\\/movimento\\\/\"},{\"@type\":\"ListItem\",\"position\":2,\"name\":\"Escravid\u00e3o sob a Era Bolsonaro\"}]},{\"@type\":\"WebSite\",\"@id\":\"https:\\\/\\\/renatodias.online\\\/movimento\\\/#website\",\"url\":\"https:\\\/\\\/renatodias.online\\\/movimento\\\/\",\"name\":\"\",\"description\":\"\",\"publisher\":{\"@id\":\"https:\\\/\\\/renatodias.online\\\/movimento\\\/#\\\/schema\\\/person\\\/bbab28833b1725a20f4083f49f1fb2a9\"},\"potentialAction\":[{\"@type\":\"SearchAction\",\"target\":{\"@type\":\"EntryPoint\",\"urlTemplate\":\"https:\\\/\\\/renatodias.online\\\/movimento\\\/?s={search_term_string}\"},\"query-input\":{\"@type\":\"PropertyValueSpecification\",\"valueRequired\":true,\"valueName\":\"search_term_string\"}}],\"inLanguage\":\"pt-BR\"},{\"@type\":[\"Person\",\"Organization\"],\"@id\":\"https:\\\/\\\/renatodias.online\\\/movimento\\\/#\\\/schema\\\/person\\\/bbab28833b1725a20f4083f49f1fb2a9\",\"name\":\"Renato Dias\",\"image\":{\"@type\":\"ImageObject\",\"inLanguage\":\"pt-BR\",\"@id\":\"https:\\\/\\\/renatodias.online\\\/movimento\\\/wp-content\\\/uploads\\\/2023\\\/03\\\/cropped-cropped-cropped-logofinal.jpeg\",\"url\":\"https:\\\/\\\/renatodias.online\\\/movimento\\\/wp-content\\\/uploads\\\/2023\\\/03\\\/cropped-cropped-cropped-logofinal.jpeg\",\"contentUrl\":\"https:\\\/\\\/renatodias.online\\\/movimento\\\/wp-content\\\/uploads\\\/2023\\\/03\\\/cropped-cropped-cropped-logofinal.jpeg\",\"width\":1280,\"height\":219,\"caption\":\"Renato Dias\"},\"logo\":{\"@id\":\"https:\\\/\\\/renatodias.online\\\/movimento\\\/wp-content\\\/uploads\\\/2023\\\/03\\\/cropped-cropped-cropped-logofinal.jpeg\"},\"description\":\"Renato Dias, 58 anos, \u00e9 graduado em Jornalismo, formado em Ci\u00eancias Sociais, com p\u00f3s-gradua\u00e7\u00e3o em Pol\u00edticas P\u00fablicas, mestre em Direito e Rela\u00e7\u00f5es Internacionais, ex-aluno extraordin\u00e1rio do Doutorado em Psicologia Social, ex-estudante do Curso de Psican\u00e1lise do Centro de Estudos Psicanal\u00edticos do Estado de Goi\u00e1s, ministrado pelo m\u00e9dico psiquiatra e psicanalista Daniel Em\u00eddio de Souza. \u00c9 autor de 30 livros-reportagem, oito document\u00e1rios, ganhou 30 pr\u00eamios e \u00e9 torcedor apaixonado do maior do Centro-Oeste, o Vila Nova Futebol Clube. Casado com Meirilane Dias, \u00e9 pai de Juliana Dias, jornalista; Daniel Dias, economista; e Maria Rosa Dias, estudante antifascista, socialista e trotskista.\u00a0Com tr\u00eas pets: Porquinho [Bull Dog Franc\u00eas], Dalila [Basset Hound] e Geleia [Basset Hound]. Al\u00e9m do eterno gato Tutuquinho, que virou estrela.\",\"sameAs\":[\"https:\\\/\\\/www.facebook.com\\\/renato.dias.37\",\"#breve\",\"https:\\\/\\\/renatodias.tumblr.com\\\/\"],\"url\":\"https:\\\/\\\/renatodias.online\\\/movimento\\\/author\\\/renatodias\\\/\"}]}<\/script>\n<!-- \/ Yoast SEO plugin. -->","yoast_head_json":{"title":"Escravid\u00e3o sob a Era Bolsonaro -","robots":{"index":"index","follow":"follow","max-snippet":"max-snippet:-1","max-image-preview":"max-image-preview:large","max-video-preview":"max-video-preview:-1"},"canonical":"https:\/\/renatodias.online\/movimento\/2021\/07\/22\/escravidao-sob-a-era-bolsonaro\/","og_locale":"pt_BR","og_type":"article","og_title":"Escravid\u00e3o sob a Era Bolsonaro -","og_description":"Escravid\u00e3o sob a Era Bolsonaro Barb\u00e1rie, agroneg\u00f3cio, destrui\u00e7\u00e3o de direitos Uma an\u00e1lise pol\u00edtica, hist\u00f3rica e sociol\u00f3gica de Paulo Henrique Costa Mattos Renato Dias Sob a Pandemia do Coronav\u00edrus Covid 19, com 550 mil mortos, a barb\u00e1rie no Brasil. A amplia\u00e7\u00e3o dos n\u00fameros de trabalho an\u00e1logo ao da escravid\u00e3o. Dados da Uni\u00e3o e paralelos da Comiss\u00e3o","og_url":"https:\/\/renatodias.online\/movimento\/2021\/07\/22\/escravidao-sob-a-era-bolsonaro\/","article_publisher":"https:\/\/www.facebook.com\/renato.dias.37","article_author":"https:\/\/www.facebook.com\/renato.dias.37","article_published_time":"2021-07-23T01:21:54+00:00","og_image":[{"width":239,"height":350,"url":"https:\/\/renatodias.online\/movimento\/wp-content\/uploads\/2021\/07\/Paulo-Henrique-_-autor-e1627003032400.jpg","type":"image\/jpeg"}],"author":"Renato Dias","twitter_card":"summary_large_image","twitter_creator":"@RenatoDiasBat","twitter_site":"@RenatoDiasBat","twitter_misc":{"Escrito por":"Renato Dias","Est. tempo de leitura":"1 minuto"},"schema":{"@context":"https:\/\/schema.org","@graph":[{"@type":"Article","@id":"https:\/\/renatodias.online\/movimento\/2021\/07\/22\/escravidao-sob-a-era-bolsonaro\/#article","isPartOf":{"@id":"https:\/\/renatodias.online\/movimento\/2021\/07\/22\/escravidao-sob-a-era-bolsonaro\/"},"author":{"name":"Renato Dias","@id":"https:\/\/renatodias.online\/movimento\/#\/schema\/person\/bbab28833b1725a20f4083f49f1fb2a9"},"headline":"Escravid\u00e3o sob a Era Bolsonaro","datePublished":"2021-07-23T01:21:54+00:00","mainEntityOfPage":{"@id":"https:\/\/renatodias.online\/movimento\/2021\/07\/22\/escravidao-sob-a-era-bolsonaro\/"},"wordCount":277,"commentCount":0,"publisher":{"@id":"https:\/\/renatodias.online\/movimento\/#\/schema\/person\/bbab28833b1725a20f4083f49f1fb2a9"},"image":{"@id":"https:\/\/renatodias.online\/movimento\/2021\/07\/22\/escravidao-sob-a-era-bolsonaro\/#primaryimage"},"thumbnailUrl":"https:\/\/renatodias.online\/movimento\/wp-content\/uploads\/2021\/07\/Paulo-Henrique-_-autor-e1627003032400.jpg","articleSection":["Cultura"],"inLanguage":"pt-BR","potentialAction":[{"@type":"CommentAction","name":"Comment","target":["https:\/\/renatodias.online\/movimento\/2021\/07\/22\/escravidao-sob-a-era-bolsonaro\/#respond"]}]},{"@type":"WebPage","@id":"https:\/\/renatodias.online\/movimento\/2021\/07\/22\/escravidao-sob-a-era-bolsonaro\/","url":"https:\/\/renatodias.online\/movimento\/2021\/07\/22\/escravidao-sob-a-era-bolsonaro\/","name":"Escravid\u00e3o sob a Era Bolsonaro -","isPartOf":{"@id":"https:\/\/renatodias.online\/movimento\/#website"},"primaryImageOfPage":{"@id":"https:\/\/renatodias.online\/movimento\/2021\/07\/22\/escravidao-sob-a-era-bolsonaro\/#primaryimage"},"image":{"@id":"https:\/\/renatodias.online\/movimento\/2021\/07\/22\/escravidao-sob-a-era-bolsonaro\/#primaryimage"},"thumbnailUrl":"https:\/\/renatodias.online\/movimento\/wp-content\/uploads\/2021\/07\/Paulo-Henrique-_-autor-e1627003032400.jpg","datePublished":"2021-07-23T01:21:54+00:00","breadcrumb":{"@id":"https:\/\/renatodias.online\/movimento\/2021\/07\/22\/escravidao-sob-a-era-bolsonaro\/#breadcrumb"},"inLanguage":"pt-BR","potentialAction":[{"@type":"ReadAction","target":["https:\/\/renatodias.online\/movimento\/2021\/07\/22\/escravidao-sob-a-era-bolsonaro\/"]}]},{"@type":"ImageObject","inLanguage":"pt-BR","@id":"https:\/\/renatodias.online\/movimento\/2021\/07\/22\/escravidao-sob-a-era-bolsonaro\/#primaryimage","url":"https:\/\/renatodias.online\/movimento\/wp-content\/uploads\/2021\/07\/Paulo-Henrique-_-autor-e1627003032400.jpg","contentUrl":"https:\/\/renatodias.online\/movimento\/wp-content\/uploads\/2021\/07\/Paulo-Henrique-_-autor-e1627003032400.jpg","width":239,"height":350,"caption":"Paulo Henrique _ autor"},{"@type":"BreadcrumbList","@id":"https:\/\/renatodias.online\/movimento\/2021\/07\/22\/escravidao-sob-a-era-bolsonaro\/#breadcrumb","itemListElement":[{"@type":"ListItem","position":1,"name":"In\u00edcio","item":"https:\/\/renatodias.online\/movimento\/"},{"@type":"ListItem","position":2,"name":"Escravid\u00e3o sob a Era Bolsonaro"}]},{"@type":"WebSite","@id":"https:\/\/renatodias.online\/movimento\/#website","url":"https:\/\/renatodias.online\/movimento\/","name":"","description":"","publisher":{"@id":"https:\/\/renatodias.online\/movimento\/#\/schema\/person\/bbab28833b1725a20f4083f49f1fb2a9"},"potentialAction":[{"@type":"SearchAction","target":{"@type":"EntryPoint","urlTemplate":"https:\/\/renatodias.online\/movimento\/?s={search_term_string}"},"query-input":{"@type":"PropertyValueSpecification","valueRequired":true,"valueName":"search_term_string"}}],"inLanguage":"pt-BR"},{"@type":["Person","Organization"],"@id":"https:\/\/renatodias.online\/movimento\/#\/schema\/person\/bbab28833b1725a20f4083f49f1fb2a9","name":"Renato Dias","image":{"@type":"ImageObject","inLanguage":"pt-BR","@id":"https:\/\/renatodias.online\/movimento\/wp-content\/uploads\/2023\/03\/cropped-cropped-cropped-logofinal.jpeg","url":"https:\/\/renatodias.online\/movimento\/wp-content\/uploads\/2023\/03\/cropped-cropped-cropped-logofinal.jpeg","contentUrl":"https:\/\/renatodias.online\/movimento\/wp-content\/uploads\/2023\/03\/cropped-cropped-cropped-logofinal.jpeg","width":1280,"height":219,"caption":"Renato Dias"},"logo":{"@id":"https:\/\/renatodias.online\/movimento\/wp-content\/uploads\/2023\/03\/cropped-cropped-cropped-logofinal.jpeg"},"description":"Renato Dias, 58 anos, \u00e9 graduado em Jornalismo, formado em Ci\u00eancias Sociais, com p\u00f3s-gradua\u00e7\u00e3o em Pol\u00edticas P\u00fablicas, mestre em Direito e Rela\u00e7\u00f5es Internacionais, ex-aluno extraordin\u00e1rio do Doutorado em Psicologia Social, ex-estudante do Curso de Psican\u00e1lise do Centro de Estudos Psicanal\u00edticos do Estado de Goi\u00e1s, ministrado pelo m\u00e9dico psiquiatra e psicanalista Daniel Em\u00eddio de Souza. \u00c9 autor de 30 livros-reportagem, oito document\u00e1rios, ganhou 30 pr\u00eamios e \u00e9 torcedor apaixonado do maior do Centro-Oeste, o Vila Nova Futebol Clube. Casado com Meirilane Dias, \u00e9 pai de Juliana Dias, jornalista; Daniel Dias, economista; e Maria Rosa Dias, estudante antifascista, socialista e trotskista.\u00a0Com tr\u00eas pets: Porquinho [Bull Dog Franc\u00eas], Dalila [Basset Hound] e Geleia [Basset Hound]. Al\u00e9m do eterno gato Tutuquinho, que virou estrela.","sameAs":["https:\/\/www.facebook.com\/renato.dias.37","#breve","https:\/\/renatodias.tumblr.com\/"],"url":"https:\/\/renatodias.online\/movimento\/author\/renatodias\/"}]}},"_links":{"self":[{"href":"https:\/\/renatodias.online\/movimento\/wp-json\/wp\/v2\/posts\/7981","targetHints":{"allow":["GET"]}}],"collection":[{"href":"https:\/\/renatodias.online\/movimento\/wp-json\/wp\/v2\/posts"}],"about":[{"href":"https:\/\/renatodias.online\/movimento\/wp-json\/wp\/v2\/types\/post"}],"author":[{"embeddable":true,"href":"https:\/\/renatodias.online\/movimento\/wp-json\/wp\/v2\/users\/2"}],"replies":[{"embeddable":true,"href":"https:\/\/renatodias.online\/movimento\/wp-json\/wp\/v2\/comments?post=7981"}],"version-history":[{"count":1,"href":"https:\/\/renatodias.online\/movimento\/wp-json\/wp\/v2\/posts\/7981\/revisions"}],"predecessor-version":[{"id":7988,"href":"https:\/\/renatodias.online\/movimento\/wp-json\/wp\/v2\/posts\/7981\/revisions\/7988"}],"wp:featuredmedia":[{"embeddable":true,"href":"https:\/\/renatodias.online\/movimento\/wp-json\/wp\/v2\/media\/7986"}],"wp:attachment":[{"href":"https:\/\/renatodias.online\/movimento\/wp-json\/wp\/v2\/media?parent=7981"}],"wp:term":[{"taxonomy":"category","embeddable":true,"href":"https:\/\/renatodias.online\/movimento\/wp-json\/wp\/v2\/categories?post=7981"},{"taxonomy":"post_tag","embeddable":true,"href":"https:\/\/renatodias.online\/movimento\/wp-json\/wp\/v2\/tags?post=7981"}],"curies":[{"name":"wp","href":"https:\/\/api.w.org\/{rel}","templated":true}]}}