{"id":7929,"date":"2021-07-20T19:04:46","date_gmt":"2021-07-20T22:04:46","guid":{"rendered":"https:\/\/renatodias.online\/movimento\/?p=7929"},"modified":"2021-07-20T19:04:46","modified_gmt":"2021-07-20T22:04:46","slug":"jornadas-de-24-de-julho-de-2021","status":"publish","type":"post","link":"https:\/\/renatodias.online\/movimento\/2021\/07\/20\/jornadas-de-24-de-julho-de-2021\/","title":{"rendered":"Jornadas de 24 de julho de 2021"},"content":{"rendered":"<p><img loading=\"lazy\" decoding=\"async\" class=\"alignnone size-full wp-image-7930\" src=\"https:\/\/renatodias.online\/movimento\/wp-content\/uploads\/2021\/07\/Jornada-de-24-de-julho-de-2021-_-1.jpg\" alt=\"\" width=\"1080\" height=\"955\" srcset=\"https:\/\/renatodias.online\/movimento\/wp-content\/uploads\/2021\/07\/Jornada-de-24-de-julho-de-2021-_-1.jpg 1080w, https:\/\/renatodias.online\/movimento\/wp-content\/uploads\/2021\/07\/Jornada-de-24-de-julho-de-2021-_-1-300x265.jpg 300w, https:\/\/renatodias.online\/movimento\/wp-content\/uploads\/2021\/07\/Jornada-de-24-de-julho-de-2021-_-1-768x679.jpg 768w, https:\/\/renatodias.online\/movimento\/wp-content\/uploads\/2021\/07\/Jornada-de-24-de-julho-de-2021-_-1-750x663.jpg 750w\" sizes=\"auto, (max-width: 1080px) 100vw, 1080px\" \/><\/p>\n<h1 style=\"text-align: center;\"><strong>Jornadas de 24 de julho<\/strong><\/h1>\n<p><strong>Renato Dias<\/strong><\/p>\n<p>Vacina universal, emprego, reajuste salarial, contra a minirreforma eleitoral. Mais: renda m\u00ednima. Al\u00e9m elucida\u00e7\u00e3o dos esc\u00e2ndalos de superfaturamento na aquisi\u00e7\u00e3o de imunizantes e dos contratos nas For\u00e7as Armadas. Assim como toler\u00e2ncia zero ao desmatamento e \u00e0 viol\u00eancia policial, n\u00e3o ao feminic\u00eddio. Registro: contra a escalada autorit\u00e1ria no Pa\u00eds, em defesa da democracia, dos valores republicanos e pelo impeachment tanto de Jair Messias Bolsonaro, atual presidente da Rep\u00fablica, quanto do seu vice, o general de quatro estrelas, Hamilton Mour\u00e3o Filho. \u00a0\u00c9 a ampla plataforma de luta da nova jornada de 24 de julho de 2021, pr\u00f3ximo s\u00e1bado, nas ruas de Goi\u00e2nia, do Brasil e at\u00e9 no exterior. \u00a0Os atos s\u00e3o convocados pelo PT, Psol, PC do B, PCO, PCR, UPS, PCB, PSTU, PSB, PDT, PSDB, CUT, CTB, Conlutas, UNE, UBES, UBM.<\/p>\n<p><img loading=\"lazy\" decoding=\"async\" class=\"alignnone size-full wp-image-7932\" src=\"https:\/\/renatodias.online\/movimento\/wp-content\/uploads\/2021\/07\/Jornada-de-24-de-julho-de-2021-_-3.jpg\" alt=\"\" width=\"1080\" height=\"1080\" srcset=\"https:\/\/renatodias.online\/movimento\/wp-content\/uploads\/2021\/07\/Jornada-de-24-de-julho-de-2021-_-3.jpg 1080w, https:\/\/renatodias.online\/movimento\/wp-content\/uploads\/2021\/07\/Jornada-de-24-de-julho-de-2021-_-3-300x300.jpg 300w, https:\/\/renatodias.online\/movimento\/wp-content\/uploads\/2021\/07\/Jornada-de-24-de-julho-de-2021-_-3-1024x1024.jpg 1024w, https:\/\/renatodias.online\/movimento\/wp-content\/uploads\/2021\/07\/Jornada-de-24-de-julho-de-2021-_-3-150x150.jpg 150w, https:\/\/renatodias.online\/movimento\/wp-content\/uploads\/2021\/07\/Jornada-de-24-de-julho-de-2021-_-3-768x768.jpg 768w, https:\/\/renatodias.online\/movimento\/wp-content\/uploads\/2021\/07\/Jornada-de-24-de-julho-de-2021-_-3-750x750.jpg 750w\" sizes=\"auto, (max-width: 1080px) 100vw, 1080px\" \/><\/p>\n<p><img loading=\"lazy\" decoding=\"async\" class=\"alignnone size-full wp-image-7935\" src=\"https:\/\/renatodias.online\/movimento\/wp-content\/uploads\/2021\/07\/Jornada-de-24-de-julho-de-2021-_-2.jpg\" alt=\"\" width=\"1080\" height=\"1094\" srcset=\"https:\/\/renatodias.online\/movimento\/wp-content\/uploads\/2021\/07\/Jornada-de-24-de-julho-de-2021-_-2.jpg 1080w, https:\/\/renatodias.online\/movimento\/wp-content\/uploads\/2021\/07\/Jornada-de-24-de-julho-de-2021-_-2-296x300.jpg 296w, https:\/\/renatodias.online\/movimento\/wp-content\/uploads\/2021\/07\/Jornada-de-24-de-julho-de-2021-_-2-1011x1024.jpg 1011w, https:\/\/renatodias.online\/movimento\/wp-content\/uploads\/2021\/07\/Jornada-de-24-de-julho-de-2021-_-2-768x778.jpg 768w, https:\/\/renatodias.online\/movimento\/wp-content\/uploads\/2021\/07\/Jornada-de-24-de-julho-de-2021-_-2-750x760.jpg 750w\" sizes=\"auto, (max-width: 1080px) 100vw, 1080px\" \/><\/p>\n<p><img loading=\"lazy\" decoding=\"async\" class=\"alignnone size-full wp-image-7933\" src=\"https:\/\/renatodias.online\/movimento\/wp-content\/uploads\/2021\/07\/Jornada-de-24-de-julho-de-2021.jpg\" alt=\"\" width=\"1080\" height=\"1368\" srcset=\"https:\/\/renatodias.online\/movimento\/wp-content\/uploads\/2021\/07\/Jornada-de-24-de-julho-de-2021.jpg 1080w, https:\/\/renatodias.online\/movimento\/wp-content\/uploads\/2021\/07\/Jornada-de-24-de-julho-de-2021-237x300.jpg 237w, https:\/\/renatodias.online\/movimento\/wp-content\/uploads\/2021\/07\/Jornada-de-24-de-julho-de-2021-808x1024.jpg 808w, https:\/\/renatodias.online\/movimento\/wp-content\/uploads\/2021\/07\/Jornada-de-24-de-julho-de-2021-768x973.jpg 768w, https:\/\/renatodias.online\/movimento\/wp-content\/uploads\/2021\/07\/Jornada-de-24-de-julho-de-2021-750x950.jpg 750w\" sizes=\"auto, (max-width: 1080px) 100vw, 1080px\" \/><\/p>\n<p>&nbsp;<\/p>\n<h1 style=\"text-align: center;\"><span style=\"color: #ff0000;\"><strong>Saiba mais<\/strong><\/span><\/h1>\n<h1 style=\"text-align: center;\"><strong>540 <\/strong><\/h1>\n<p style=\"text-align: center;\"><strong>Mil mortos<\/strong><\/p>\n<p style=\"text-align: center;\"><strong>pelo Covid 19<br \/>\n<\/strong><\/p>\n<p style=\"text-align: center;\"><strong>\u00a0<\/strong><\/p>\n<h1 style=\"text-align: center;\"><strong>30<\/strong><\/h1>\n<p style=\"text-align: center;\"><strong>Mil \u00f3bitos<\/strong><\/p>\n<p style=\"text-align: center;\"><strong>sob suspeita<\/strong><\/p>\n<p style=\"text-align: center;\"><strong>\u00a0<\/strong><\/p>\n<h1 style=\"text-align: center;\"><strong>15<\/strong><\/h1>\n<p style=\"text-align: center;\"><strong>Milh\u00f5es de<\/strong><\/p>\n<p style=\"text-align: center;\"><strong>desempregados<\/strong><\/p>\n<p style=\"text-align: center;\"><strong>\u00a0<\/strong><\/p>\n<h1 style=\"text-align: center;\"><strong>105<\/strong><\/h1>\n<p style=\"text-align: center;\"><strong>Mi: inseguran\u00e7a<\/strong><\/p>\n<p style=\"text-align: center;\"><strong>alimentar no Pa\u00eds<\/strong><\/p>\n<p style=\"text-align: center;\"><strong>\u00a0<\/strong><\/p>\n<h1 style=\"text-align: center;\"><strong>1968<\/strong><\/h1>\n<p style=\"text-align: center;\"><strong>Gera\u00e7\u00e3o de<\/strong><\/p>\n<p style=\"text-align: center;\"><strong>volta \u00e0s ruas<\/strong><\/p>\n<figure id=\"attachment_6290\" aria-describedby=\"caption-attachment-6290\" style=\"width: 300px\" class=\"wp-caption aligncenter\"><img loading=\"lazy\" decoding=\"async\" class=\"size-full wp-image-6290\" src=\"https:\/\/renatodias.online\/movimento\/wp-content\/uploads\/2021\/04\/Jair-Bolsonaro-_-3-e1623964855750.jpeg\" alt=\"\" width=\"300\" height=\"159\" \/><figcaption id=\"caption-attachment-6290\" class=\"wp-caption-text\"><strong>Jair Messias Bolsonaro<\/strong><\/figcaption><\/figure>\n","protected":false},"excerpt":{"rendered":"<p>Jornadas de 24 de julho Renato Dias Vacina universal, emprego, reajuste salarial, contra a minirreforma eleitoral. Mais: renda m\u00ednima. Al\u00e9m elucida\u00e7\u00e3o dos esc\u00e2ndalos de superfaturamento na aquisi\u00e7\u00e3o de imunizantes e dos contratos nas For\u00e7as Armadas. Assim como toler\u00e2ncia zero ao desmatamento e \u00e0 viol\u00eancia policial, n\u00e3o ao feminic\u00eddio. Registro: contra a escalada autorit\u00e1ria no Pa\u00eds,<\/p>\n","protected":false},"author":2,"featured_media":7931,"comment_status":"open","ping_status":"open","sticky":false,"template":"","format":"standard","meta":{"_acf_changed":false,"_monsterinsights_skip_tracking":false,"_monsterinsights_sitenote_active":false,"_monsterinsights_sitenote_note":"","_monsterinsights_sitenote_category":0,"footnotes":""},"categories":[35],"tags":[],"class_list":["post-7929","post","type-post","status-publish","format-standard","has-post-thumbnail","hentry","category-nacional"],"acf":[],"yoast_head":"<!-- This site is optimized with the Yoast SEO plugin v27.4 - https:\/\/yoast.com\/product\/yoast-seo-wordpress\/ -->\n<title>Jornadas de 24 de julho de 2021 -<\/title>\n<meta name=\"robots\" content=\"index, follow, max-snippet:-1, max-image-preview:large, max-video-preview:-1\" \/>\n<link rel=\"canonical\" href=\"https:\/\/renatodias.online\/movimento\/2021\/07\/20\/jornadas-de-24-de-julho-de-2021\/\" \/>\n<meta property=\"og:locale\" content=\"pt_BR\" \/>\n<meta property=\"og:type\" content=\"article\" \/>\n<meta property=\"og:title\" content=\"Jornadas de 24 de julho de 2021 -\" \/>\n<meta property=\"og:description\" content=\"Jornadas de 24 de julho Renato Dias Vacina universal, emprego, reajuste salarial, contra a minirreforma eleitoral. Mais: renda m\u00ednima. Al\u00e9m elucida\u00e7\u00e3o dos esc\u00e2ndalos de superfaturamento na aquisi\u00e7\u00e3o de imunizantes e dos contratos nas For\u00e7as Armadas. Assim como toler\u00e2ncia zero ao desmatamento e \u00e0 viol\u00eancia policial, n\u00e3o ao feminic\u00eddio. Registro: contra a escalada autorit\u00e1ria no Pa\u00eds,\" \/>\n<meta property=\"og:url\" content=\"https:\/\/renatodias.online\/movimento\/2021\/07\/20\/jornadas-de-24-de-julho-de-2021\/\" \/>\n<meta property=\"article:publisher\" content=\"https:\/\/www.facebook.com\/renato.dias.37\" \/>\n<meta property=\"article:author\" content=\"https:\/\/www.facebook.com\/renato.dias.37\" \/>\n<meta property=\"article:published_time\" content=\"2021-07-20T22:04:46+00:00\" \/>\n<meta property=\"og:image\" content=\"https:\/\/renatodias.online\/movimento\/wp-content\/uploads\/2021\/07\/Jornada-de-24-de-julho-de-2021-_-Link-e1626818655865.jpg\" \/>\n\t<meta property=\"og:image:width\" content=\"212\" \/>\n\t<meta property=\"og:image:height\" content=\"300\" \/>\n\t<meta property=\"og:image:type\" content=\"image\/jpeg\" \/>\n<meta name=\"author\" content=\"Renato Dias\" \/>\n<meta name=\"twitter:card\" content=\"summary_large_image\" \/>\n<meta name=\"twitter:creator\" content=\"@RenatoDiasBat\" \/>\n<meta name=\"twitter:site\" content=\"@RenatoDiasBat\" \/>\n<meta name=\"twitter:label1\" content=\"Escrito por\" \/>\n\t<meta name=\"twitter:data1\" content=\"Renato Dias\" \/>\n\t<meta name=\"twitter:label2\" content=\"Est. tempo de leitura\" \/>\n\t<meta name=\"twitter:data2\" content=\"1 minuto\" \/>\n<script type=\"application\/ld+json\" class=\"yoast-schema-graph\">{\"@context\":\"https:\\\/\\\/schema.org\",\"@graph\":[{\"@type\":\"Article\",\"@id\":\"https:\\\/\\\/renatodias.online\\\/movimento\\\/2021\\\/07\\\/20\\\/jornadas-de-24-de-julho-de-2021\\\/#article\",\"isPartOf\":{\"@id\":\"https:\\\/\\\/renatodias.online\\\/movimento\\\/2021\\\/07\\\/20\\\/jornadas-de-24-de-julho-de-2021\\\/\"},\"author\":{\"name\":\"Renato Dias\",\"@id\":\"https:\\\/\\\/renatodias.online\\\/movimento\\\/#\\\/schema\\\/person\\\/bbab28833b1725a20f4083f49f1fb2a9\"},\"headline\":\"Jornadas de 24 de julho de 2021\",\"datePublished\":\"2021-07-20T22:04:46+00:00\",\"mainEntityOfPage\":{\"@id\":\"https:\\\/\\\/renatodias.online\\\/movimento\\\/2021\\\/07\\\/20\\\/jornadas-de-24-de-julho-de-2021\\\/\"},\"wordCount\":193,\"commentCount\":0,\"publisher\":{\"@id\":\"https:\\\/\\\/renatodias.online\\\/movimento\\\/#\\\/schema\\\/person\\\/bbab28833b1725a20f4083f49f1fb2a9\"},\"image\":{\"@id\":\"https:\\\/\\\/renatodias.online\\\/movimento\\\/2021\\\/07\\\/20\\\/jornadas-de-24-de-julho-de-2021\\\/#primaryimage\"},\"thumbnailUrl\":\"https:\\\/\\\/renatodias.online\\\/movimento\\\/wp-content\\\/uploads\\\/2021\\\/07\\\/Jornada-de-24-de-julho-de-2021-_-Link-e1626818655865.jpg\",\"articleSection\":[\"Nacional\"],\"inLanguage\":\"pt-BR\",\"potentialAction\":[{\"@type\":\"CommentAction\",\"name\":\"Comment\",\"target\":[\"https:\\\/\\\/renatodias.online\\\/movimento\\\/2021\\\/07\\\/20\\\/jornadas-de-24-de-julho-de-2021\\\/#respond\"]}]},{\"@type\":\"WebPage\",\"@id\":\"https:\\\/\\\/renatodias.online\\\/movimento\\\/2021\\\/07\\\/20\\\/jornadas-de-24-de-julho-de-2021\\\/\",\"url\":\"https:\\\/\\\/renatodias.online\\\/movimento\\\/2021\\\/07\\\/20\\\/jornadas-de-24-de-julho-de-2021\\\/\",\"name\":\"Jornadas de 24 de julho de 2021 -\",\"isPartOf\":{\"@id\":\"https:\\\/\\\/renatodias.online\\\/movimento\\\/#website\"},\"primaryImageOfPage\":{\"@id\":\"https:\\\/\\\/renatodias.online\\\/movimento\\\/2021\\\/07\\\/20\\\/jornadas-de-24-de-julho-de-2021\\\/#primaryimage\"},\"image\":{\"@id\":\"https:\\\/\\\/renatodias.online\\\/movimento\\\/2021\\\/07\\\/20\\\/jornadas-de-24-de-julho-de-2021\\\/#primaryimage\"},\"thumbnailUrl\":\"https:\\\/\\\/renatodias.online\\\/movimento\\\/wp-content\\\/uploads\\\/2021\\\/07\\\/Jornada-de-24-de-julho-de-2021-_-Link-e1626818655865.jpg\",\"datePublished\":\"2021-07-20T22:04:46+00:00\",\"breadcrumb\":{\"@id\":\"https:\\\/\\\/renatodias.online\\\/movimento\\\/2021\\\/07\\\/20\\\/jornadas-de-24-de-julho-de-2021\\\/#breadcrumb\"},\"inLanguage\":\"pt-BR\",\"potentialAction\":[{\"@type\":\"ReadAction\",\"target\":[\"https:\\\/\\\/renatodias.online\\\/movimento\\\/2021\\\/07\\\/20\\\/jornadas-de-24-de-julho-de-2021\\\/\"]}]},{\"@type\":\"ImageObject\",\"inLanguage\":\"pt-BR\",\"@id\":\"https:\\\/\\\/renatodias.online\\\/movimento\\\/2021\\\/07\\\/20\\\/jornadas-de-24-de-julho-de-2021\\\/#primaryimage\",\"url\":\"https:\\\/\\\/renatodias.online\\\/movimento\\\/wp-content\\\/uploads\\\/2021\\\/07\\\/Jornada-de-24-de-julho-de-2021-_-Link-e1626818655865.jpg\",\"contentUrl\":\"https:\\\/\\\/renatodias.online\\\/movimento\\\/wp-content\\\/uploads\\\/2021\\\/07\\\/Jornada-de-24-de-julho-de-2021-_-Link-e1626818655865.jpg\",\"width\":212,\"height\":300},{\"@type\":\"BreadcrumbList\",\"@id\":\"https:\\\/\\\/renatodias.online\\\/movimento\\\/2021\\\/07\\\/20\\\/jornadas-de-24-de-julho-de-2021\\\/#breadcrumb\",\"itemListElement\":[{\"@type\":\"ListItem\",\"position\":1,\"name\":\"In\u00edcio\",\"item\":\"https:\\\/\\\/renatodias.online\\\/movimento\\\/\"},{\"@type\":\"ListItem\",\"position\":2,\"name\":\"Jornadas de 24 de julho de 2021\"}]},{\"@type\":\"WebSite\",\"@id\":\"https:\\\/\\\/renatodias.online\\\/movimento\\\/#website\",\"url\":\"https:\\\/\\\/renatodias.online\\\/movimento\\\/\",\"name\":\"\",\"description\":\"\",\"publisher\":{\"@id\":\"https:\\\/\\\/renatodias.online\\\/movimento\\\/#\\\/schema\\\/person\\\/bbab28833b1725a20f4083f49f1fb2a9\"},\"potentialAction\":[{\"@type\":\"SearchAction\",\"target\":{\"@type\":\"EntryPoint\",\"urlTemplate\":\"https:\\\/\\\/renatodias.online\\\/movimento\\\/?s={search_term_string}\"},\"query-input\":{\"@type\":\"PropertyValueSpecification\",\"valueRequired\":true,\"valueName\":\"search_term_string\"}}],\"inLanguage\":\"pt-BR\"},{\"@type\":[\"Person\",\"Organization\"],\"@id\":\"https:\\\/\\\/renatodias.online\\\/movimento\\\/#\\\/schema\\\/person\\\/bbab28833b1725a20f4083f49f1fb2a9\",\"name\":\"Renato Dias\",\"image\":{\"@type\":\"ImageObject\",\"inLanguage\":\"pt-BR\",\"@id\":\"https:\\\/\\\/renatodias.online\\\/movimento\\\/wp-content\\\/uploads\\\/2023\\\/03\\\/cropped-cropped-cropped-logofinal.jpeg\",\"url\":\"https:\\\/\\\/renatodias.online\\\/movimento\\\/wp-content\\\/uploads\\\/2023\\\/03\\\/cropped-cropped-cropped-logofinal.jpeg\",\"contentUrl\":\"https:\\\/\\\/renatodias.online\\\/movimento\\\/wp-content\\\/uploads\\\/2023\\\/03\\\/cropped-cropped-cropped-logofinal.jpeg\",\"width\":1280,\"height\":219,\"caption\":\"Renato Dias\"},\"logo\":{\"@id\":\"https:\\\/\\\/renatodias.online\\\/movimento\\\/wp-content\\\/uploads\\\/2023\\\/03\\\/cropped-cropped-cropped-logofinal.jpeg\"},\"description\":\"Renato Dias, 58 anos, \u00e9 graduado em Jornalismo, formado em Ci\u00eancias Sociais, com p\u00f3s-gradua\u00e7\u00e3o em Pol\u00edticas P\u00fablicas, mestre em Direito e Rela\u00e7\u00f5es Internacionais, ex-aluno extraordin\u00e1rio do Doutorado em Psicologia Social, ex-estudante do Curso de Psican\u00e1lise do Centro de Estudos Psicanal\u00edticos do Estado de Goi\u00e1s, ministrado pelo m\u00e9dico psiquiatra e psicanalista Daniel Em\u00eddio de Souza. \u00c9 autor de 30 livros-reportagem, oito document\u00e1rios, ganhou 30 pr\u00eamios e \u00e9 torcedor apaixonado do maior do Centro-Oeste, o Vila Nova Futebol Clube. Casado com Meirilane Dias, \u00e9 pai de Juliana Dias, jornalista; Daniel Dias, economista; e Maria Rosa Dias, estudante antifascista, socialista e trotskista.\u00a0Com tr\u00eas pets: Porquinho [Bull Dog Franc\u00eas], Dalila [Basset Hound] e Geleia [Basset Hound]. Al\u00e9m do eterno gato Tutuquinho, que virou estrela.\",\"sameAs\":[\"https:\\\/\\\/www.facebook.com\\\/renato.dias.37\",\"#breve\",\"https:\\\/\\\/renatodias.tumblr.com\\\/\"],\"url\":\"https:\\\/\\\/renatodias.online\\\/movimento\\\/author\\\/renatodias\\\/\"}]}<\/script>\n<!-- \/ Yoast SEO plugin. -->","yoast_head_json":{"title":"Jornadas de 24 de julho de 2021 -","robots":{"index":"index","follow":"follow","max-snippet":"max-snippet:-1","max-image-preview":"max-image-preview:large","max-video-preview":"max-video-preview:-1"},"canonical":"https:\/\/renatodias.online\/movimento\/2021\/07\/20\/jornadas-de-24-de-julho-de-2021\/","og_locale":"pt_BR","og_type":"article","og_title":"Jornadas de 24 de julho de 2021 -","og_description":"Jornadas de 24 de julho Renato Dias Vacina universal, emprego, reajuste salarial, contra a minirreforma eleitoral. Mais: renda m\u00ednima. Al\u00e9m elucida\u00e7\u00e3o dos esc\u00e2ndalos de superfaturamento na aquisi\u00e7\u00e3o de imunizantes e dos contratos nas For\u00e7as Armadas. Assim como toler\u00e2ncia zero ao desmatamento e \u00e0 viol\u00eancia policial, n\u00e3o ao feminic\u00eddio. Registro: contra a escalada autorit\u00e1ria no Pa\u00eds,","og_url":"https:\/\/renatodias.online\/movimento\/2021\/07\/20\/jornadas-de-24-de-julho-de-2021\/","article_publisher":"https:\/\/www.facebook.com\/renato.dias.37","article_author":"https:\/\/www.facebook.com\/renato.dias.37","article_published_time":"2021-07-20T22:04:46+00:00","og_image":[{"width":212,"height":300,"url":"https:\/\/renatodias.online\/movimento\/wp-content\/uploads\/2021\/07\/Jornada-de-24-de-julho-de-2021-_-Link-e1626818655865.jpg","type":"image\/jpeg"}],"author":"Renato Dias","twitter_card":"summary_large_image","twitter_creator":"@RenatoDiasBat","twitter_site":"@RenatoDiasBat","twitter_misc":{"Escrito por":"Renato Dias","Est. tempo de leitura":"1 minuto"},"schema":{"@context":"https:\/\/schema.org","@graph":[{"@type":"Article","@id":"https:\/\/renatodias.online\/movimento\/2021\/07\/20\/jornadas-de-24-de-julho-de-2021\/#article","isPartOf":{"@id":"https:\/\/renatodias.online\/movimento\/2021\/07\/20\/jornadas-de-24-de-julho-de-2021\/"},"author":{"name":"Renato Dias","@id":"https:\/\/renatodias.online\/movimento\/#\/schema\/person\/bbab28833b1725a20f4083f49f1fb2a9"},"headline":"Jornadas de 24 de julho de 2021","datePublished":"2021-07-20T22:04:46+00:00","mainEntityOfPage":{"@id":"https:\/\/renatodias.online\/movimento\/2021\/07\/20\/jornadas-de-24-de-julho-de-2021\/"},"wordCount":193,"commentCount":0,"publisher":{"@id":"https:\/\/renatodias.online\/movimento\/#\/schema\/person\/bbab28833b1725a20f4083f49f1fb2a9"},"image":{"@id":"https:\/\/renatodias.online\/movimento\/2021\/07\/20\/jornadas-de-24-de-julho-de-2021\/#primaryimage"},"thumbnailUrl":"https:\/\/renatodias.online\/movimento\/wp-content\/uploads\/2021\/07\/Jornada-de-24-de-julho-de-2021-_-Link-e1626818655865.jpg","articleSection":["Nacional"],"inLanguage":"pt-BR","potentialAction":[{"@type":"CommentAction","name":"Comment","target":["https:\/\/renatodias.online\/movimento\/2021\/07\/20\/jornadas-de-24-de-julho-de-2021\/#respond"]}]},{"@type":"WebPage","@id":"https:\/\/renatodias.online\/movimento\/2021\/07\/20\/jornadas-de-24-de-julho-de-2021\/","url":"https:\/\/renatodias.online\/movimento\/2021\/07\/20\/jornadas-de-24-de-julho-de-2021\/","name":"Jornadas de 24 de julho de 2021 -","isPartOf":{"@id":"https:\/\/renatodias.online\/movimento\/#website"},"primaryImageOfPage":{"@id":"https:\/\/renatodias.online\/movimento\/2021\/07\/20\/jornadas-de-24-de-julho-de-2021\/#primaryimage"},"image":{"@id":"https:\/\/renatodias.online\/movimento\/2021\/07\/20\/jornadas-de-24-de-julho-de-2021\/#primaryimage"},"thumbnailUrl":"https:\/\/renatodias.online\/movimento\/wp-content\/uploads\/2021\/07\/Jornada-de-24-de-julho-de-2021-_-Link-e1626818655865.jpg","datePublished":"2021-07-20T22:04:46+00:00","breadcrumb":{"@id":"https:\/\/renatodias.online\/movimento\/2021\/07\/20\/jornadas-de-24-de-julho-de-2021\/#breadcrumb"},"inLanguage":"pt-BR","potentialAction":[{"@type":"ReadAction","target":["https:\/\/renatodias.online\/movimento\/2021\/07\/20\/jornadas-de-24-de-julho-de-2021\/"]}]},{"@type":"ImageObject","inLanguage":"pt-BR","@id":"https:\/\/renatodias.online\/movimento\/2021\/07\/20\/jornadas-de-24-de-julho-de-2021\/#primaryimage","url":"https:\/\/renatodias.online\/movimento\/wp-content\/uploads\/2021\/07\/Jornada-de-24-de-julho-de-2021-_-Link-e1626818655865.jpg","contentUrl":"https:\/\/renatodias.online\/movimento\/wp-content\/uploads\/2021\/07\/Jornada-de-24-de-julho-de-2021-_-Link-e1626818655865.jpg","width":212,"height":300},{"@type":"BreadcrumbList","@id":"https:\/\/renatodias.online\/movimento\/2021\/07\/20\/jornadas-de-24-de-julho-de-2021\/#breadcrumb","itemListElement":[{"@type":"ListItem","position":1,"name":"In\u00edcio","item":"https:\/\/renatodias.online\/movimento\/"},{"@type":"ListItem","position":2,"name":"Jornadas de 24 de julho de 2021"}]},{"@type":"WebSite","@id":"https:\/\/renatodias.online\/movimento\/#website","url":"https:\/\/renatodias.online\/movimento\/","name":"","description":"","publisher":{"@id":"https:\/\/renatodias.online\/movimento\/#\/schema\/person\/bbab28833b1725a20f4083f49f1fb2a9"},"potentialAction":[{"@type":"SearchAction","target":{"@type":"EntryPoint","urlTemplate":"https:\/\/renatodias.online\/movimento\/?s={search_term_string}"},"query-input":{"@type":"PropertyValueSpecification","valueRequired":true,"valueName":"search_term_string"}}],"inLanguage":"pt-BR"},{"@type":["Person","Organization"],"@id":"https:\/\/renatodias.online\/movimento\/#\/schema\/person\/bbab28833b1725a20f4083f49f1fb2a9","name":"Renato Dias","image":{"@type":"ImageObject","inLanguage":"pt-BR","@id":"https:\/\/renatodias.online\/movimento\/wp-content\/uploads\/2023\/03\/cropped-cropped-cropped-logofinal.jpeg","url":"https:\/\/renatodias.online\/movimento\/wp-content\/uploads\/2023\/03\/cropped-cropped-cropped-logofinal.jpeg","contentUrl":"https:\/\/renatodias.online\/movimento\/wp-content\/uploads\/2023\/03\/cropped-cropped-cropped-logofinal.jpeg","width":1280,"height":219,"caption":"Renato Dias"},"logo":{"@id":"https:\/\/renatodias.online\/movimento\/wp-content\/uploads\/2023\/03\/cropped-cropped-cropped-logofinal.jpeg"},"description":"Renato Dias, 58 anos, \u00e9 graduado em Jornalismo, formado em Ci\u00eancias Sociais, com p\u00f3s-gradua\u00e7\u00e3o em Pol\u00edticas P\u00fablicas, mestre em Direito e Rela\u00e7\u00f5es Internacionais, ex-aluno extraordin\u00e1rio do Doutorado em Psicologia Social, ex-estudante do Curso de Psican\u00e1lise do Centro de Estudos Psicanal\u00edticos do Estado de Goi\u00e1s, ministrado pelo m\u00e9dico psiquiatra e psicanalista Daniel Em\u00eddio de Souza. \u00c9 autor de 30 livros-reportagem, oito document\u00e1rios, ganhou 30 pr\u00eamios e \u00e9 torcedor apaixonado do maior do Centro-Oeste, o Vila Nova Futebol Clube. Casado com Meirilane Dias, \u00e9 pai de Juliana Dias, jornalista; Daniel Dias, economista; e Maria Rosa Dias, estudante antifascista, socialista e trotskista.\u00a0Com tr\u00eas pets: Porquinho [Bull Dog Franc\u00eas], Dalila [Basset Hound] e Geleia [Basset Hound]. Al\u00e9m do eterno gato Tutuquinho, que virou estrela.","sameAs":["https:\/\/www.facebook.com\/renato.dias.37","#breve","https:\/\/renatodias.tumblr.com\/"],"url":"https:\/\/renatodias.online\/movimento\/author\/renatodias\/"}]}},"_links":{"self":[{"href":"https:\/\/renatodias.online\/movimento\/wp-json\/wp\/v2\/posts\/7929","targetHints":{"allow":["GET"]}}],"collection":[{"href":"https:\/\/renatodias.online\/movimento\/wp-json\/wp\/v2\/posts"}],"about":[{"href":"https:\/\/renatodias.online\/movimento\/wp-json\/wp\/v2\/types\/post"}],"author":[{"embeddable":true,"href":"https:\/\/renatodias.online\/movimento\/wp-json\/wp\/v2\/users\/2"}],"replies":[{"embeddable":true,"href":"https:\/\/renatodias.online\/movimento\/wp-json\/wp\/v2\/comments?post=7929"}],"version-history":[{"count":1,"href":"https:\/\/renatodias.online\/movimento\/wp-json\/wp\/v2\/posts\/7929\/revisions"}],"predecessor-version":[{"id":7936,"href":"https:\/\/renatodias.online\/movimento\/wp-json\/wp\/v2\/posts\/7929\/revisions\/7936"}],"wp:featuredmedia":[{"embeddable":true,"href":"https:\/\/renatodias.online\/movimento\/wp-json\/wp\/v2\/media\/7931"}],"wp:attachment":[{"href":"https:\/\/renatodias.online\/movimento\/wp-json\/wp\/v2\/media?parent=7929"}],"wp:term":[{"taxonomy":"category","embeddable":true,"href":"https:\/\/renatodias.online\/movimento\/wp-json\/wp\/v2\/categories?post=7929"},{"taxonomy":"post_tag","embeddable":true,"href":"https:\/\/renatodias.online\/movimento\/wp-json\/wp\/v2\/tags?post=7929"}],"curies":[{"name":"wp","href":"https:\/\/api.w.org\/{rel}","templated":true}]}}