{"id":7814,"date":"2021-07-16T15:03:00","date_gmt":"2021-07-16T18:03:00","guid":{"rendered":"https:\/\/renatodias.online\/movimento\/?p=7814"},"modified":"2021-07-16T15:03:00","modified_gmt":"2021-07-16T18:03:00","slug":"o-mal-na-politica-se-combate-na-politica","status":"publish","type":"post","link":"https:\/\/renatodias.online\/movimento\/2021\/07\/16\/o-mal-na-politica-se-combate-na-politica\/","title":{"rendered":"O mal na pol\u00edtica se combate na pol\u00edtica"},"content":{"rendered":"<figure id=\"attachment_5888\" aria-describedby=\"caption-attachment-5888\" style=\"width: 600px\" class=\"wp-caption aligncenter\"><img loading=\"lazy\" decoding=\"async\" class=\"size-full wp-image-5888\" src=\"https:\/\/renatodias.online\/movimento\/wp-content\/uploads\/2021\/04\/Bomba-A-morte-da-Politica.jpg\" alt=\"explosivo\" width=\"600\" height=\"600\" \/><figcaption id=\"caption-attachment-5888\" class=\"wp-caption-text\"><span style=\"color: #008000;\"><strong>explosivo<\/strong><\/span><\/figcaption><\/figure>\n<h1 style=\"text-align: center;\"><span style=\"color: #808080;\"><strong>O mal na pol\u00edtica se <\/strong><\/span><\/h1>\n<h1 style=\"text-align: center;\"><span style=\"color: #808080;\"><strong>combate na pol\u00edtica<\/strong><\/span><\/h1>\n<p><span style=\"color: #ff0000;\"><strong>Francisco Celso Calmon<\/strong><\/span><\/p>\n<p>Ter raiva, asco, desprezo pelo ser ign\u00f3bil que est\u00e1 no planalto cometendo genoc\u00eddio e corrup\u00e7\u00e3o, \u00e9 humano, mas da\u00ed a desejar-lhe a morte n\u00e3o \u00e9 o melhor exemplo de postura pol\u00edtica e sociedade democraticamente civilizada que desejamos construir. Quando o jovem prefeito de S\u00e3o Paulo, <strong>Bruno Covas<\/strong>, morreu, entre outros improp\u00e9rios o \u201cj\u00e1 vai tarde\u201d foi comum. O que foi lament\u00e1vel como demonstra\u00e7\u00e3o de solidariedade a sua fam\u00edlia e sentimento de perda pol\u00edtica, pois mesmo em posi\u00e7\u00e3o contr\u00e1ria, mesmo sendo de direita, era um pol\u00edtico do campo democr\u00e1tico e por sua juventude um dano geracional \u00e0 democracia.<\/p>\n<figure id=\"attachment_7818\" aria-describedby=\"caption-attachment-7818\" style=\"width: 1500px\" class=\"wp-caption alignnone\"><img loading=\"lazy\" decoding=\"async\" class=\"size-full wp-image-7818\" src=\"https:\/\/renatodias.online\/movimento\/wp-content\/uploads\/2021\/07\/Bruno-Covas-1.jpg\" alt=\"\" width=\"1500\" height=\"1000\" srcset=\"https:\/\/renatodias.online\/movimento\/wp-content\/uploads\/2021\/07\/Bruno-Covas-1.jpg 1500w, https:\/\/renatodias.online\/movimento\/wp-content\/uploads\/2021\/07\/Bruno-Covas-1-300x200.jpg 300w, https:\/\/renatodias.online\/movimento\/wp-content\/uploads\/2021\/07\/Bruno-Covas-1-768x512.jpg 768w, https:\/\/renatodias.online\/movimento\/wp-content\/uploads\/2021\/07\/Bruno-Covas-1-360x240.jpg 360w, https:\/\/renatodias.online\/movimento\/wp-content\/uploads\/2021\/07\/Bruno-Covas-1-750x500.jpg 750w\" sizes=\"auto, (max-width: 1500px) 100vw, 1500px\" \/><figcaption id=\"caption-attachment-7818\" class=\"wp-caption-text\"><strong>Bruno Covas<\/strong><\/figcaption><\/figure>\n<p>O modelo utilizado pelo presidente \u00e9 o mesmo que usou quando candidato \u00e0 presid\u00eancia, o de se fazer de v\u00edtima. Todo vitimismo \u00e9 um apelo emocional aos baixos sentimentos e a irracionalidade, especialmente quando de algoz procura passar \u00e0 condi\u00e7\u00e3o de v\u00edtima, no sentindo de explorar os sentimentos bondosos de um povo. Pessoas com transtornos mentais, com manias de persegui\u00e7\u00e3o, geralmente se comportam dessa maneira quando a situa\u00e7\u00e3o fica desfavor\u00e1vel, foge de seu controle e sentem acuadas. \u00c9 como buscar o colo da m\u00e3e, \u00e9 ficar na posi\u00e7\u00e3o fetal.<\/p>\n<p>&nbsp;<\/p>\n<figure id=\"attachment_5834\" aria-describedby=\"caption-attachment-5834\" style=\"width: 1000px\" class=\"wp-caption alignnone\"><img loading=\"lazy\" decoding=\"async\" class=\"size-full wp-image-5834\" src=\"https:\/\/renatodias.online\/movimento\/wp-content\/uploads\/2021\/04\/presidentejairbolsonaro3-1.jpg\" alt=\"\" width=\"1000\" height=\"666\" srcset=\"https:\/\/renatodias.online\/movimento\/wp-content\/uploads\/2021\/04\/presidentejairbolsonaro3-1.jpg 1000w, https:\/\/renatodias.online\/movimento\/wp-content\/uploads\/2021\/04\/presidentejairbolsonaro3-1-300x200.jpg 300w, https:\/\/renatodias.online\/movimento\/wp-content\/uploads\/2021\/04\/presidentejairbolsonaro3-1-768x511.jpg 768w, https:\/\/renatodias.online\/movimento\/wp-content\/uploads\/2021\/04\/presidentejairbolsonaro3-1-360x240.jpg 360w, https:\/\/renatodias.online\/movimento\/wp-content\/uploads\/2021\/04\/presidentejairbolsonaro3-1-750x500.jpg 750w\" sizes=\"auto, (max-width: 1000px) 100vw, 1000px\" \/><figcaption id=\"caption-attachment-5834\" class=\"wp-caption-text\"><strong>Jair Bolsonaro<\/strong><\/figcaption><\/figure>\n<p>Enquanto n\u00e3o for defenestrado do poder, essa n\u00e3o foi a primeira e nem ser\u00e1 a \u00faltima apela\u00e7\u00e3o do presidente cag\u00e3o. Vai acumulando comportamentos e posturas incompat\u00edveis com a estatura de um mandat\u00e1rio. H\u00e1 fartura de exemplos de que se trata de uma pessoa fr\u00e1gil, que n\u00e3o suporta o peso do cargo, somatiza, e manifesta suas in\u00f3pias mentais. Contudo, trabalhemos para seu fenecimento pol\u00edtico, mas que viva, at\u00e9 para responder pelos seus crimes perante a Justi\u00e7a. Geralmente esses sentimentos mais raivosos dentro da esquerda costumam vir de segmentos pequenos burgueses, arrivistas. \u00c9 menos comum advir de quadros trabalhadores de base, os pequenos burgueses s\u00e3o mais afeitos a vociferarem essas explos\u00f5es emocionais.<\/p>\n<figure id=\"attachment_7817\" aria-describedby=\"caption-attachment-7817\" style=\"width: 1200px\" class=\"wp-caption alignnone\"><img loading=\"lazy\" decoding=\"async\" class=\"size-full wp-image-7817\" src=\"https:\/\/renatodias.online\/movimento\/wp-content\/uploads\/2021\/07\/Virgulino-Ferreira-da-Silva-o-Lampiao.png\" alt=\"\" width=\"1200\" height=\"675\" srcset=\"https:\/\/renatodias.online\/movimento\/wp-content\/uploads\/2021\/07\/Virgulino-Ferreira-da-Silva-o-Lampiao.png 1200w, https:\/\/renatodias.online\/movimento\/wp-content\/uploads\/2021\/07\/Virgulino-Ferreira-da-Silva-o-Lampiao-300x169.png 300w, https:\/\/renatodias.online\/movimento\/wp-content\/uploads\/2021\/07\/Virgulino-Ferreira-da-Silva-o-Lampiao-768x432.png 768w, https:\/\/renatodias.online\/movimento\/wp-content\/uploads\/2021\/07\/Virgulino-Ferreira-da-Silva-o-Lampiao-750x422.png 750w\" sizes=\"auto, (max-width: 1200px) 100vw, 1200px\" \/><figcaption id=\"caption-attachment-7817\" class=\"wp-caption-text\">V<strong>irgulino Ferreira da Silva, o Lampi\u00e3o<\/strong><\/figcaption><\/figure>\n<p>\u00c9 essa esquerda que fica de mal entre seus pares. \u00c9 essa esquerda que cultiva uma intriga, um-disse-que-disse, que d\u00e1 gelo, que queima seus pr\u00f3prios companheiros na calada da noite, nos corredores do anonimato, \u00e9 essa esquerda que fica feliz em provocar baixas nas suas pr\u00f3prias fileiras e depois culpa a v\u00edtima. Precisamos nos perguntar ami\u00fade qual a sociedade que queremos construir. Evidente que n\u00e3o se trata de dar a outra a face, de ser indiferente \u00e0s ofensas e viol\u00eancias, mas h\u00e1 de se distinguir <strong>Virgulino Ferreira da Silva, o Lampi\u00e3o<\/strong>, de <strong>Ernesto Che Guevara<\/strong>, modelo de revolucion\u00e1rio internacionalista. Hay que\u00a0endurecerse, pero\u00a0sin perder la ternura jam\u00e1s.<\/p>\n<p>&nbsp;<\/p>\n<div id=\"dmp-v-par3\" class=\"jba\" data-google-query-id=\"CNOovMGT6PECFcUtuQYd7EgDkA\">\n<div id=\"google_ads_iframe_\/21622511100\/jornalggn_multisize_7__container__\"><img loading=\"lazy\" decoding=\"async\" class=\"alignnone size-full wp-image-7815\" src=\"https:\/\/renatodias.online\/movimento\/wp-content\/uploads\/2021\/07\/Che-Guevara-Especial.jpeg\" alt=\"\" width=\"1200\" height=\"675\" srcset=\"https:\/\/renatodias.online\/movimento\/wp-content\/uploads\/2021\/07\/Che-Guevara-Especial.jpeg 1200w, https:\/\/renatodias.online\/movimento\/wp-content\/uploads\/2021\/07\/Che-Guevara-Especial-300x169.jpeg 300w, https:\/\/renatodias.online\/movimento\/wp-content\/uploads\/2021\/07\/Che-Guevara-Especial-768x432.jpeg 768w, https:\/\/renatodias.online\/movimento\/wp-content\/uploads\/2021\/07\/Che-Guevara-Especial-750x422.jpeg 750w\" sizes=\"auto, (max-width: 1200px) 100vw, 1200px\" \/><\/div>\n<\/div>\n<p><strong>Ernesto Guevara de La Serna, Che Guevara, l\u00edder da Revolu\u00e7\u00e3o em Cuba, em 1\u00ba de janeiro de 1959<\/strong><\/p>\n<p><span style=\"color: #ff00ff;\"><strong>Francisco Celso Calmon, ex-coordenador nacional da RBMVJ, membro da coordena\u00e7\u00e3o do canal pororoca<\/strong><\/span><\/p>\n","protected":false},"excerpt":{"rendered":"<p>O mal na pol\u00edtica se combate na pol\u00edtica Francisco Celso Calmon Ter raiva, asco, desprezo pelo ser ign\u00f3bil que est\u00e1 no planalto cometendo genoc\u00eddio e corrup\u00e7\u00e3o, \u00e9 humano, mas da\u00ed a desejar-lhe a morte n\u00e3o \u00e9 o melhor exemplo de postura pol\u00edtica e sociedade democraticamente civilizada que desejamos construir. Quando o jovem prefeito de S\u00e3o<\/p>\n","protected":false},"author":2,"featured_media":7038,"comment_status":"open","ping_status":"open","sticky":false,"template":"","format":"standard","meta":{"_acf_changed":false,"_monsterinsights_skip_tracking":false,"_monsterinsights_sitenote_active":false,"_monsterinsights_sitenote_note":"","_monsterinsights_sitenote_category":0,"footnotes":""},"categories":[83],"tags":[],"class_list":["post-7814","post","type-post","status-publish","format-standard","has-post-thumbnail","hentry","category-opiniao"],"acf":[],"yoast_head":"<!-- This site is optimized with the Yoast SEO plugin v27.4 - https:\/\/yoast.com\/product\/yoast-seo-wordpress\/ -->\n<title>O mal na pol\u00edtica se combate na pol\u00edtica -<\/title>\n<meta name=\"robots\" content=\"index, follow, max-snippet:-1, max-image-preview:large, max-video-preview:-1\" \/>\n<link rel=\"canonical\" href=\"https:\/\/renatodias.online\/movimento\/2021\/07\/16\/o-mal-na-politica-se-combate-na-politica\/\" \/>\n<meta property=\"og:locale\" content=\"pt_BR\" \/>\n<meta property=\"og:type\" content=\"article\" \/>\n<meta property=\"og:title\" content=\"O mal na pol\u00edtica se combate na pol\u00edtica -\" \/>\n<meta property=\"og:description\" content=\"O mal na pol\u00edtica se combate na pol\u00edtica Francisco Celso Calmon Ter raiva, asco, desprezo pelo ser ign\u00f3bil que est\u00e1 no planalto cometendo genoc\u00eddio e corrup\u00e7\u00e3o, \u00e9 humano, mas da\u00ed a desejar-lhe a morte n\u00e3o \u00e9 o melhor exemplo de postura pol\u00edtica e sociedade democraticamente civilizada que desejamos construir. Quando o jovem prefeito de S\u00e3o\" \/>\n<meta property=\"og:url\" content=\"https:\/\/renatodias.online\/movimento\/2021\/07\/16\/o-mal-na-politica-se-combate-na-politica\/\" \/>\n<meta property=\"article:publisher\" content=\"https:\/\/www.facebook.com\/renato.dias.37\" \/>\n<meta property=\"article:author\" content=\"https:\/\/www.facebook.com\/renato.dias.37\" \/>\n<meta property=\"article:published_time\" content=\"2021-07-16T18:03:00+00:00\" \/>\n<meta property=\"og:image\" content=\"https:\/\/renatodias.online\/movimento\/wp-content\/uploads\/2021\/06\/Francisco-Celso-Calmon-Link-e1638631080663.jpg\" \/>\n\t<meta property=\"og:image:width\" content=\"340\" \/>\n\t<meta property=\"og:image:height\" content=\"255\" \/>\n\t<meta property=\"og:image:type\" content=\"image\/jpeg\" \/>\n<meta name=\"author\" content=\"Renato Dias\" \/>\n<meta name=\"twitter:card\" content=\"summary_large_image\" \/>\n<meta name=\"twitter:creator\" content=\"@RenatoDiasBat\" \/>\n<meta name=\"twitter:site\" content=\"@RenatoDiasBat\" \/>\n<meta name=\"twitter:label1\" content=\"Escrito por\" \/>\n\t<meta name=\"twitter:data1\" content=\"Renato Dias\" \/>\n\t<meta name=\"twitter:label2\" content=\"Est. tempo de leitura\" \/>\n\t<meta name=\"twitter:data2\" content=\"3 minutos\" \/>\n<script type=\"application\/ld+json\" class=\"yoast-schema-graph\">{\"@context\":\"https:\\\/\\\/schema.org\",\"@graph\":[{\"@type\":\"Article\",\"@id\":\"https:\\\/\\\/renatodias.online\\\/movimento\\\/2021\\\/07\\\/16\\\/o-mal-na-politica-se-combate-na-politica\\\/#article\",\"isPartOf\":{\"@id\":\"https:\\\/\\\/renatodias.online\\\/movimento\\\/2021\\\/07\\\/16\\\/o-mal-na-politica-se-combate-na-politica\\\/\"},\"author\":{\"name\":\"Renato Dias\",\"@id\":\"https:\\\/\\\/renatodias.online\\\/movimento\\\/#\\\/schema\\\/person\\\/bbab28833b1725a20f4083f49f1fb2a9\"},\"headline\":\"O mal na pol\u00edtica se combate na pol\u00edtica\",\"datePublished\":\"2021-07-16T18:03:00+00:00\",\"mainEntityOfPage\":{\"@id\":\"https:\\\/\\\/renatodias.online\\\/movimento\\\/2021\\\/07\\\/16\\\/o-mal-na-politica-se-combate-na-politica\\\/\"},\"wordCount\":534,\"commentCount\":0,\"publisher\":{\"@id\":\"https:\\\/\\\/renatodias.online\\\/movimento\\\/#\\\/schema\\\/person\\\/bbab28833b1725a20f4083f49f1fb2a9\"},\"image\":{\"@id\":\"https:\\\/\\\/renatodias.online\\\/movimento\\\/2021\\\/07\\\/16\\\/o-mal-na-politica-se-combate-na-politica\\\/#primaryimage\"},\"thumbnailUrl\":\"https:\\\/\\\/renatodias.online\\\/movimento\\\/wp-content\\\/uploads\\\/2021\\\/06\\\/Francisco-Celso-Calmon-Link.jpg\",\"articleSection\":[\"Opini\u00e3o\"],\"inLanguage\":\"pt-BR\",\"potentialAction\":[{\"@type\":\"CommentAction\",\"name\":\"Comment\",\"target\":[\"https:\\\/\\\/renatodias.online\\\/movimento\\\/2021\\\/07\\\/16\\\/o-mal-na-politica-se-combate-na-politica\\\/#respond\"]}]},{\"@type\":\"WebPage\",\"@id\":\"https:\\\/\\\/renatodias.online\\\/movimento\\\/2021\\\/07\\\/16\\\/o-mal-na-politica-se-combate-na-politica\\\/\",\"url\":\"https:\\\/\\\/renatodias.online\\\/movimento\\\/2021\\\/07\\\/16\\\/o-mal-na-politica-se-combate-na-politica\\\/\",\"name\":\"O mal na pol\u00edtica se combate na pol\u00edtica -\",\"isPartOf\":{\"@id\":\"https:\\\/\\\/renatodias.online\\\/movimento\\\/#website\"},\"primaryImageOfPage\":{\"@id\":\"https:\\\/\\\/renatodias.online\\\/movimento\\\/2021\\\/07\\\/16\\\/o-mal-na-politica-se-combate-na-politica\\\/#primaryimage\"},\"image\":{\"@id\":\"https:\\\/\\\/renatodias.online\\\/movimento\\\/2021\\\/07\\\/16\\\/o-mal-na-politica-se-combate-na-politica\\\/#primaryimage\"},\"thumbnailUrl\":\"https:\\\/\\\/renatodias.online\\\/movimento\\\/wp-content\\\/uploads\\\/2021\\\/06\\\/Francisco-Celso-Calmon-Link.jpg\",\"datePublished\":\"2021-07-16T18:03:00+00:00\",\"breadcrumb\":{\"@id\":\"https:\\\/\\\/renatodias.online\\\/movimento\\\/2021\\\/07\\\/16\\\/o-mal-na-politica-se-combate-na-politica\\\/#breadcrumb\"},\"inLanguage\":\"pt-BR\",\"potentialAction\":[{\"@type\":\"ReadAction\",\"target\":[\"https:\\\/\\\/renatodias.online\\\/movimento\\\/2021\\\/07\\\/16\\\/o-mal-na-politica-se-combate-na-politica\\\/\"]}]},{\"@type\":\"ImageObject\",\"inLanguage\":\"pt-BR\",\"@id\":\"https:\\\/\\\/renatodias.online\\\/movimento\\\/2021\\\/07\\\/16\\\/o-mal-na-politica-se-combate-na-politica\\\/#primaryimage\",\"url\":\"https:\\\/\\\/renatodias.online\\\/movimento\\\/wp-content\\\/uploads\\\/2021\\\/06\\\/Francisco-Celso-Calmon-Link.jpg\",\"contentUrl\":\"https:\\\/\\\/renatodias.online\\\/movimento\\\/wp-content\\\/uploads\\\/2021\\\/06\\\/Francisco-Celso-Calmon-Link.jpg\",\"width\":480,\"height\":360,\"caption\":\"Francisco Celso Calmon\"},{\"@type\":\"BreadcrumbList\",\"@id\":\"https:\\\/\\\/renatodias.online\\\/movimento\\\/2021\\\/07\\\/16\\\/o-mal-na-politica-se-combate-na-politica\\\/#breadcrumb\",\"itemListElement\":[{\"@type\":\"ListItem\",\"position\":1,\"name\":\"In\u00edcio\",\"item\":\"https:\\\/\\\/renatodias.online\\\/movimento\\\/\"},{\"@type\":\"ListItem\",\"position\":2,\"name\":\"O mal na pol\u00edtica se combate na pol\u00edtica\"}]},{\"@type\":\"WebSite\",\"@id\":\"https:\\\/\\\/renatodias.online\\\/movimento\\\/#website\",\"url\":\"https:\\\/\\\/renatodias.online\\\/movimento\\\/\",\"name\":\"\",\"description\":\"\",\"publisher\":{\"@id\":\"https:\\\/\\\/renatodias.online\\\/movimento\\\/#\\\/schema\\\/person\\\/bbab28833b1725a20f4083f49f1fb2a9\"},\"potentialAction\":[{\"@type\":\"SearchAction\",\"target\":{\"@type\":\"EntryPoint\",\"urlTemplate\":\"https:\\\/\\\/renatodias.online\\\/movimento\\\/?s={search_term_string}\"},\"query-input\":{\"@type\":\"PropertyValueSpecification\",\"valueRequired\":true,\"valueName\":\"search_term_string\"}}],\"inLanguage\":\"pt-BR\"},{\"@type\":[\"Person\",\"Organization\"],\"@id\":\"https:\\\/\\\/renatodias.online\\\/movimento\\\/#\\\/schema\\\/person\\\/bbab28833b1725a20f4083f49f1fb2a9\",\"name\":\"Renato Dias\",\"image\":{\"@type\":\"ImageObject\",\"inLanguage\":\"pt-BR\",\"@id\":\"https:\\\/\\\/renatodias.online\\\/movimento\\\/wp-content\\\/uploads\\\/2023\\\/03\\\/cropped-cropped-cropped-logofinal.jpeg\",\"url\":\"https:\\\/\\\/renatodias.online\\\/movimento\\\/wp-content\\\/uploads\\\/2023\\\/03\\\/cropped-cropped-cropped-logofinal.jpeg\",\"contentUrl\":\"https:\\\/\\\/renatodias.online\\\/movimento\\\/wp-content\\\/uploads\\\/2023\\\/03\\\/cropped-cropped-cropped-logofinal.jpeg\",\"width\":1280,\"height\":219,\"caption\":\"Renato Dias\"},\"logo\":{\"@id\":\"https:\\\/\\\/renatodias.online\\\/movimento\\\/wp-content\\\/uploads\\\/2023\\\/03\\\/cropped-cropped-cropped-logofinal.jpeg\"},\"description\":\"Renato Dias, 58 anos, \u00e9 graduado em Jornalismo, formado em Ci\u00eancias Sociais, com p\u00f3s-gradua\u00e7\u00e3o em Pol\u00edticas P\u00fablicas, mestre em Direito e Rela\u00e7\u00f5es Internacionais, ex-aluno extraordin\u00e1rio do Doutorado em Psicologia Social, ex-estudante do Curso de Psican\u00e1lise do Centro de Estudos Psicanal\u00edticos do Estado de Goi\u00e1s, ministrado pelo m\u00e9dico psiquiatra e psicanalista Daniel Em\u00eddio de Souza. \u00c9 autor de 30 livros-reportagem, oito document\u00e1rios, ganhou 30 pr\u00eamios e \u00e9 torcedor apaixonado do maior do Centro-Oeste, o Vila Nova Futebol Clube. Casado com Meirilane Dias, \u00e9 pai de Juliana Dias, jornalista; Daniel Dias, economista; e Maria Rosa Dias, estudante antifascista, socialista e trotskista.\u00a0Com tr\u00eas pets: Porquinho [Bull Dog Franc\u00eas], Dalila [Basset Hound] e Geleia [Basset Hound]. Al\u00e9m do eterno gato Tutuquinho, que virou estrela.\",\"sameAs\":[\"https:\\\/\\\/www.facebook.com\\\/renato.dias.37\",\"#breve\",\"https:\\\/\\\/renatodias.tumblr.com\\\/\"],\"url\":\"https:\\\/\\\/renatodias.online\\\/movimento\\\/author\\\/renatodias\\\/\"}]}<\/script>\n<!-- \/ Yoast SEO plugin. -->","yoast_head_json":{"title":"O mal na pol\u00edtica se combate na pol\u00edtica -","robots":{"index":"index","follow":"follow","max-snippet":"max-snippet:-1","max-image-preview":"max-image-preview:large","max-video-preview":"max-video-preview:-1"},"canonical":"https:\/\/renatodias.online\/movimento\/2021\/07\/16\/o-mal-na-politica-se-combate-na-politica\/","og_locale":"pt_BR","og_type":"article","og_title":"O mal na pol\u00edtica se combate na pol\u00edtica -","og_description":"O mal na pol\u00edtica se combate na pol\u00edtica Francisco Celso Calmon Ter raiva, asco, desprezo pelo ser ign\u00f3bil que est\u00e1 no planalto cometendo genoc\u00eddio e corrup\u00e7\u00e3o, \u00e9 humano, mas da\u00ed a desejar-lhe a morte n\u00e3o \u00e9 o melhor exemplo de postura pol\u00edtica e sociedade democraticamente civilizada que desejamos construir. Quando o jovem prefeito de S\u00e3o","og_url":"https:\/\/renatodias.online\/movimento\/2021\/07\/16\/o-mal-na-politica-se-combate-na-politica\/","article_publisher":"https:\/\/www.facebook.com\/renato.dias.37","article_author":"https:\/\/www.facebook.com\/renato.dias.37","article_published_time":"2021-07-16T18:03:00+00:00","og_image":[{"width":340,"height":255,"url":"https:\/\/renatodias.online\/movimento\/wp-content\/uploads\/2021\/06\/Francisco-Celso-Calmon-Link-e1638631080663.jpg","type":"image\/jpeg"}],"author":"Renato Dias","twitter_card":"summary_large_image","twitter_creator":"@RenatoDiasBat","twitter_site":"@RenatoDiasBat","twitter_misc":{"Escrito por":"Renato Dias","Est. tempo de leitura":"3 minutos"},"schema":{"@context":"https:\/\/schema.org","@graph":[{"@type":"Article","@id":"https:\/\/renatodias.online\/movimento\/2021\/07\/16\/o-mal-na-politica-se-combate-na-politica\/#article","isPartOf":{"@id":"https:\/\/renatodias.online\/movimento\/2021\/07\/16\/o-mal-na-politica-se-combate-na-politica\/"},"author":{"name":"Renato Dias","@id":"https:\/\/renatodias.online\/movimento\/#\/schema\/person\/bbab28833b1725a20f4083f49f1fb2a9"},"headline":"O mal na pol\u00edtica se combate na pol\u00edtica","datePublished":"2021-07-16T18:03:00+00:00","mainEntityOfPage":{"@id":"https:\/\/renatodias.online\/movimento\/2021\/07\/16\/o-mal-na-politica-se-combate-na-politica\/"},"wordCount":534,"commentCount":0,"publisher":{"@id":"https:\/\/renatodias.online\/movimento\/#\/schema\/person\/bbab28833b1725a20f4083f49f1fb2a9"},"image":{"@id":"https:\/\/renatodias.online\/movimento\/2021\/07\/16\/o-mal-na-politica-se-combate-na-politica\/#primaryimage"},"thumbnailUrl":"https:\/\/renatodias.online\/movimento\/wp-content\/uploads\/2021\/06\/Francisco-Celso-Calmon-Link.jpg","articleSection":["Opini\u00e3o"],"inLanguage":"pt-BR","potentialAction":[{"@type":"CommentAction","name":"Comment","target":["https:\/\/renatodias.online\/movimento\/2021\/07\/16\/o-mal-na-politica-se-combate-na-politica\/#respond"]}]},{"@type":"WebPage","@id":"https:\/\/renatodias.online\/movimento\/2021\/07\/16\/o-mal-na-politica-se-combate-na-politica\/","url":"https:\/\/renatodias.online\/movimento\/2021\/07\/16\/o-mal-na-politica-se-combate-na-politica\/","name":"O mal na pol\u00edtica se combate na pol\u00edtica -","isPartOf":{"@id":"https:\/\/renatodias.online\/movimento\/#website"},"primaryImageOfPage":{"@id":"https:\/\/renatodias.online\/movimento\/2021\/07\/16\/o-mal-na-politica-se-combate-na-politica\/#primaryimage"},"image":{"@id":"https:\/\/renatodias.online\/movimento\/2021\/07\/16\/o-mal-na-politica-se-combate-na-politica\/#primaryimage"},"thumbnailUrl":"https:\/\/renatodias.online\/movimento\/wp-content\/uploads\/2021\/06\/Francisco-Celso-Calmon-Link.jpg","datePublished":"2021-07-16T18:03:00+00:00","breadcrumb":{"@id":"https:\/\/renatodias.online\/movimento\/2021\/07\/16\/o-mal-na-politica-se-combate-na-politica\/#breadcrumb"},"inLanguage":"pt-BR","potentialAction":[{"@type":"ReadAction","target":["https:\/\/renatodias.online\/movimento\/2021\/07\/16\/o-mal-na-politica-se-combate-na-politica\/"]}]},{"@type":"ImageObject","inLanguage":"pt-BR","@id":"https:\/\/renatodias.online\/movimento\/2021\/07\/16\/o-mal-na-politica-se-combate-na-politica\/#primaryimage","url":"https:\/\/renatodias.online\/movimento\/wp-content\/uploads\/2021\/06\/Francisco-Celso-Calmon-Link.jpg","contentUrl":"https:\/\/renatodias.online\/movimento\/wp-content\/uploads\/2021\/06\/Francisco-Celso-Calmon-Link.jpg","width":480,"height":360,"caption":"Francisco Celso Calmon"},{"@type":"BreadcrumbList","@id":"https:\/\/renatodias.online\/movimento\/2021\/07\/16\/o-mal-na-politica-se-combate-na-politica\/#breadcrumb","itemListElement":[{"@type":"ListItem","position":1,"name":"In\u00edcio","item":"https:\/\/renatodias.online\/movimento\/"},{"@type":"ListItem","position":2,"name":"O mal na pol\u00edtica se combate na pol\u00edtica"}]},{"@type":"WebSite","@id":"https:\/\/renatodias.online\/movimento\/#website","url":"https:\/\/renatodias.online\/movimento\/","name":"","description":"","publisher":{"@id":"https:\/\/renatodias.online\/movimento\/#\/schema\/person\/bbab28833b1725a20f4083f49f1fb2a9"},"potentialAction":[{"@type":"SearchAction","target":{"@type":"EntryPoint","urlTemplate":"https:\/\/renatodias.online\/movimento\/?s={search_term_string}"},"query-input":{"@type":"PropertyValueSpecification","valueRequired":true,"valueName":"search_term_string"}}],"inLanguage":"pt-BR"},{"@type":["Person","Organization"],"@id":"https:\/\/renatodias.online\/movimento\/#\/schema\/person\/bbab28833b1725a20f4083f49f1fb2a9","name":"Renato Dias","image":{"@type":"ImageObject","inLanguage":"pt-BR","@id":"https:\/\/renatodias.online\/movimento\/wp-content\/uploads\/2023\/03\/cropped-cropped-cropped-logofinal.jpeg","url":"https:\/\/renatodias.online\/movimento\/wp-content\/uploads\/2023\/03\/cropped-cropped-cropped-logofinal.jpeg","contentUrl":"https:\/\/renatodias.online\/movimento\/wp-content\/uploads\/2023\/03\/cropped-cropped-cropped-logofinal.jpeg","width":1280,"height":219,"caption":"Renato Dias"},"logo":{"@id":"https:\/\/renatodias.online\/movimento\/wp-content\/uploads\/2023\/03\/cropped-cropped-cropped-logofinal.jpeg"},"description":"Renato Dias, 58 anos, \u00e9 graduado em Jornalismo, formado em Ci\u00eancias Sociais, com p\u00f3s-gradua\u00e7\u00e3o em Pol\u00edticas P\u00fablicas, mestre em Direito e Rela\u00e7\u00f5es Internacionais, ex-aluno extraordin\u00e1rio do Doutorado em Psicologia Social, ex-estudante do Curso de Psican\u00e1lise do Centro de Estudos Psicanal\u00edticos do Estado de Goi\u00e1s, ministrado pelo m\u00e9dico psiquiatra e psicanalista Daniel Em\u00eddio de Souza. \u00c9 autor de 30 livros-reportagem, oito document\u00e1rios, ganhou 30 pr\u00eamios e \u00e9 torcedor apaixonado do maior do Centro-Oeste, o Vila Nova Futebol Clube. Casado com Meirilane Dias, \u00e9 pai de Juliana Dias, jornalista; Daniel Dias, economista; e Maria Rosa Dias, estudante antifascista, socialista e trotskista.\u00a0Com tr\u00eas pets: Porquinho [Bull Dog Franc\u00eas], Dalila [Basset Hound] e Geleia [Basset Hound]. Al\u00e9m do eterno gato Tutuquinho, que virou estrela.","sameAs":["https:\/\/www.facebook.com\/renato.dias.37","#breve","https:\/\/renatodias.tumblr.com\/"],"url":"https:\/\/renatodias.online\/movimento\/author\/renatodias\/"}]}},"_links":{"self":[{"href":"https:\/\/renatodias.online\/movimento\/wp-json\/wp\/v2\/posts\/7814","targetHints":{"allow":["GET"]}}],"collection":[{"href":"https:\/\/renatodias.online\/movimento\/wp-json\/wp\/v2\/posts"}],"about":[{"href":"https:\/\/renatodias.online\/movimento\/wp-json\/wp\/v2\/types\/post"}],"author":[{"embeddable":true,"href":"https:\/\/renatodias.online\/movimento\/wp-json\/wp\/v2\/users\/2"}],"replies":[{"embeddable":true,"href":"https:\/\/renatodias.online\/movimento\/wp-json\/wp\/v2\/comments?post=7814"}],"version-history":[{"count":1,"href":"https:\/\/renatodias.online\/movimento\/wp-json\/wp\/v2\/posts\/7814\/revisions"}],"predecessor-version":[{"id":7819,"href":"https:\/\/renatodias.online\/movimento\/wp-json\/wp\/v2\/posts\/7814\/revisions\/7819"}],"wp:featuredmedia":[{"embeddable":true,"href":"https:\/\/renatodias.online\/movimento\/wp-json\/wp\/v2\/media\/7038"}],"wp:attachment":[{"href":"https:\/\/renatodias.online\/movimento\/wp-json\/wp\/v2\/media?parent=7814"}],"wp:term":[{"taxonomy":"category","embeddable":true,"href":"https:\/\/renatodias.online\/movimento\/wp-json\/wp\/v2\/categories?post=7814"},{"taxonomy":"post_tag","embeddable":true,"href":"https:\/\/renatodias.online\/movimento\/wp-json\/wp\/v2\/tags?post=7814"}],"curies":[{"name":"wp","href":"https:\/\/api.w.org\/{rel}","templated":true}]}}