{"id":7807,"date":"2021-07-16T14:49:37","date_gmt":"2021-07-16T17:49:37","guid":{"rendered":"https:\/\/renatodias.online\/movimento\/?p=7807"},"modified":"2021-07-16T14:49:37","modified_gmt":"2021-07-16T17:49:37","slug":"odecir-leotti-mora-nas-estrelas","status":"publish","type":"post","link":"https:\/\/renatodias.online\/movimento\/2021\/07\/16\/odecir-leotti-mora-nas-estrelas\/","title":{"rendered":"Odecir Leotti mora nas estrelas"},"content":{"rendered":"<div id=\":17u\" class=\"a3s aiL \">\n<div dir=\"auto\">\n<div dir=\"auto\"><\/div>\n<div dir=\"auto\">\n<figure id=\"attachment_7808\" aria-describedby=\"caption-attachment-7808\" style=\"width: 1600px\" class=\"wp-caption alignnone\"><img loading=\"lazy\" decoding=\"async\" class=\"size-full wp-image-7808\" src=\"https:\/\/renatodias.online\/movimento\/wp-content\/uploads\/2021\/07\/Luto-_-1.jpg\" alt=\"\" width=\"1600\" height=\"1082\" \/><figcaption id=\"caption-attachment-7808\" class=\"wp-caption-text\"><strong>O \u00faltimo adeus. A dor da partida. O pranto<\/strong><\/figcaption><\/figure>\n<\/div>\n<h1 dir=\"auto\" style=\"text-align: center;\"><span style=\"color: #ff0000;\"><strong>Odecir Leotti mora nas estrelas<\/strong><\/span><\/h1>\n<figure id=\"attachment_7809\" aria-describedby=\"caption-attachment-7809\" style=\"width: 671px\" class=\"wp-caption aligncenter\"><img loading=\"lazy\" decoding=\"async\" class=\"size-full wp-image-7809\" src=\"https:\/\/renatodias.online\/movimento\/wp-content\/uploads\/2021\/07\/Odecir-Leotti.jpg\" alt=\"\" width=\"671\" height=\"960\" srcset=\"https:\/\/renatodias.online\/movimento\/wp-content\/uploads\/2021\/07\/Odecir-Leotti.jpg 671w, https:\/\/renatodias.online\/movimento\/wp-content\/uploads\/2021\/07\/Odecir-Leotti-210x300.jpg 210w\" sizes=\"auto, (max-width: 671px) 100vw, 671px\" \/><figcaption id=\"caption-attachment-7809\" class=\"wp-caption-text\"><strong>Odecir Leotti<\/strong><\/figcaption><\/figure>\n<h2 dir=\"auto\" style=\"text-align: center;\"><span style=\"color: #808080;\"><strong>Artista especialista na produ\u00e7\u00e3o est\u00e9tica com madeira<\/strong><\/span><\/h2>\n<div dir=\"auto\">\n<figure id=\"attachment_7810\" aria-describedby=\"caption-attachment-7810\" style=\"width: 592px\" class=\"wp-caption aligncenter\"><img loading=\"lazy\" decoding=\"async\" class=\"size-full wp-image-7810\" src=\"https:\/\/renatodias.online\/movimento\/wp-content\/uploads\/2021\/07\/A-arte-de-Odecir-Leotti.jpg\" alt=\"\" width=\"592\" height=\"870\" srcset=\"https:\/\/renatodias.online\/movimento\/wp-content\/uploads\/2021\/07\/A-arte-de-Odecir-Leotti.jpg 592w, https:\/\/renatodias.online\/movimento\/wp-content\/uploads\/2021\/07\/A-arte-de-Odecir-Leotti-204x300.jpg 204w\" sizes=\"auto, (max-width: 592px) 100vw, 592px\" \/><figcaption id=\"caption-attachment-7810\" class=\"wp-caption-text\"><strong>A arte de Odecir Leotti<\/strong><\/figcaption><\/figure>\n<\/div>\n<div dir=\"auto\"><\/div>\n<div dir=\"auto\"><strong>Renato Dias<\/strong><\/div>\n<div dir=\"auto\">Incentivo, nascido em S\u00e3o Paulo e radicado em Barra do Gar\u00e7as, Estado do Mato Grosso, estabelecia um di\u00e1logo multifacetado com a arte de madeira, a restaura\u00e7\u00e3o de obras sacras, monumentos do poder p\u00fablico e produ\u00e7\u00f5es est\u00e9ticas, de rara beleza pl\u00e1stica. Ah! O nome do artista? <strong>Odecir Fernando Leotti<\/strong>.\u00a0 \u00a0Cultuado no Centro-Oeste, no Brasil e at\u00e9 na Am\u00e9rica Latina. Um infarto o encantou. Ele mora, hoje, nas estrelas. Para a tristeza de<strong> Odemar Leott<\/strong>i, seu velho irm\u00e3o. Professor doutor em Hist\u00f3ria da Universidade Federal de Rondon\u00f3polis. Mato Grosso.<\/div>\n<div dir=\"auto\"><\/div>\n<div dir=\"auto\">\n<figure id=\"attachment_7811\" aria-describedby=\"caption-attachment-7811\" style=\"width: 960px\" class=\"wp-caption alignnone\"><img loading=\"lazy\" decoding=\"async\" class=\"size-full wp-image-7811\" src=\"https:\/\/renatodias.online\/movimento\/wp-content\/uploads\/2021\/07\/A-arte-de-Odecir-Leotti-_-1.jpg\" alt=\"\" width=\"960\" height=\"640\" srcset=\"https:\/\/renatodias.online\/movimento\/wp-content\/uploads\/2021\/07\/A-arte-de-Odecir-Leotti-_-1.jpg 960w, https:\/\/renatodias.online\/movimento\/wp-content\/uploads\/2021\/07\/A-arte-de-Odecir-Leotti-_-1-300x200.jpg 300w, https:\/\/renatodias.online\/movimento\/wp-content\/uploads\/2021\/07\/A-arte-de-Odecir-Leotti-_-1-768x512.jpg 768w, https:\/\/renatodias.online\/movimento\/wp-content\/uploads\/2021\/07\/A-arte-de-Odecir-Leotti-_-1-360x240.jpg 360w, https:\/\/renatodias.online\/movimento\/wp-content\/uploads\/2021\/07\/A-arte-de-Odecir-Leotti-_-1-750x500.jpg 750w\" sizes=\"auto, (max-width: 960px) 100vw, 960px\" \/><figcaption id=\"caption-attachment-7811\" class=\"wp-caption-text\"><strong>A arte de Odecir Leotti _ 1<\/strong><\/figcaption><\/figure>\n<\/div>\n<div dir=\"auto\"><\/div>\n<div dir=\"auto\"><strong>Odecir Leotti<\/strong> assina a restaura\u00e7\u00e3o da imagem de Santo Ant\u00f4nio. Arte sacra instalada na pra\u00e7a da Igreja de Santo Ant\u00f4nio, em Barra do Gar\u00e7as. As suas m\u00e3os m\u00e1gicas revitalizaram as imagens de Nossa Senhora da Guia. Assim como o Cristo do Senhor Morto. O \u00faltimo \u00e9 refer\u00eancia na Prociss\u00e3o da Sexta-feira da Paix\u00e3o, na Semana Santa. Aos 68 anos de idade, a sua morte ocorreu no \u00faltimo dia 28 de junho de 2021, informa ao Portal de Not\u00edcias <strong>www.renatodias.online<\/strong> o docente gauche e cult <strong>Odemar Leotti<\/strong>. O Brasil chora. Luto. Tristeza. Melancolia.<\/div>\n<div dir=\"auto\"><\/div>\n<div dir=\"auto\"><img loading=\"lazy\" decoding=\"async\" class=\"size-full wp-image-4530 aligncenter\" src=\"https:\/\/renatodias.online\/movimento\/wp-content\/uploads\/2020\/09\/L\u00e1grimas.jpg\" alt=\"L\u00e1grimas caindo\" width=\"760\" height=\"480\" srcset=\"https:\/\/renatodias.online\/movimento\/wp-content\/uploads\/2020\/09\/L\u00e1grimas.jpg 760w, https:\/\/renatodias.online\/movimento\/wp-content\/uploads\/2020\/09\/L\u00e1grimas-300x189.jpg 300w, https:\/\/renatodias.online\/movimento\/wp-content\/uploads\/2020\/09\/L\u00e1grimas-750x474.jpg 750w\" sizes=\"auto, (max-width: 760px) 100vw, 760px\" \/><\/div>\n<\/div>\n<\/div>\n","protected":false},"excerpt":{"rendered":"<p>Odecir Leotti mora nas estrelas Artista especialista na produ\u00e7\u00e3o est\u00e9tica com madeira Renato Dias Incentivo, nascido em S\u00e3o Paulo e radicado em Barra do Gar\u00e7as, Estado do Mato Grosso, estabelecia um di\u00e1logo multifacetado com a arte de madeira, a restaura\u00e7\u00e3o de obras sacras, monumentos do poder p\u00fablico e produ\u00e7\u00f5es est\u00e9ticas, de rara beleza pl\u00e1stica. Ah!<\/p>\n","protected":false},"author":2,"featured_media":7812,"comment_status":"open","ping_status":"open","sticky":false,"template":"","format":"standard","meta":{"_acf_changed":false,"_monsterinsights_skip_tracking":false,"_monsterinsights_sitenote_active":false,"_monsterinsights_sitenote_note":"","_monsterinsights_sitenote_category":0,"footnotes":""},"categories":[2],"tags":[],"class_list":["post-7807","post","type-post","status-publish","format-standard","has-post-thumbnail","hentry","category-arte"],"acf":[],"yoast_head":"<!-- This site is optimized with the Yoast SEO plugin v27.4 - https:\/\/yoast.com\/product\/yoast-seo-wordpress\/ -->\n<title>Odecir Leotti mora nas estrelas -<\/title>\n<meta name=\"robots\" content=\"index, follow, max-snippet:-1, max-image-preview:large, max-video-preview:-1\" \/>\n<link rel=\"canonical\" href=\"https:\/\/renatodias.online\/movimento\/2021\/07\/16\/odecir-leotti-mora-nas-estrelas\/\" \/>\n<meta property=\"og:locale\" content=\"pt_BR\" \/>\n<meta property=\"og:type\" content=\"article\" \/>\n<meta property=\"og:title\" content=\"Odecir Leotti mora nas estrelas -\" \/>\n<meta property=\"og:description\" content=\"Odecir Leotti mora nas estrelas Artista especialista na produ\u00e7\u00e3o est\u00e9tica com madeira Renato Dias Incentivo, nascido em S\u00e3o Paulo e radicado em Barra do Gar\u00e7as, Estado do Mato Grosso, estabelecia um di\u00e1logo multifacetado com a arte de madeira, a restaura\u00e7\u00e3o de obras sacras, monumentos do poder p\u00fablico e produ\u00e7\u00f5es est\u00e9ticas, de rara beleza pl\u00e1stica. Ah!\" \/>\n<meta property=\"og:url\" content=\"https:\/\/renatodias.online\/movimento\/2021\/07\/16\/odecir-leotti-mora-nas-estrelas\/\" \/>\n<meta property=\"article:publisher\" content=\"https:\/\/www.facebook.com\/renato.dias.37\" \/>\n<meta property=\"article:author\" content=\"https:\/\/www.facebook.com\/renato.dias.37\" \/>\n<meta property=\"article:published_time\" content=\"2021-07-16T17:49:37+00:00\" \/>\n<meta property=\"og:image\" content=\"https:\/\/renatodias.online\/movimento\/wp-content\/uploads\/2021\/07\/Odecir-Leotti-Link-e1626716964740.png\" \/>\n\t<meta property=\"og:image:width\" content=\"300\" \/>\n\t<meta property=\"og:image:height\" content=\"300\" \/>\n\t<meta property=\"og:image:type\" content=\"image\/png\" \/>\n<meta name=\"author\" content=\"Renato Dias\" \/>\n<meta name=\"twitter:card\" content=\"summary_large_image\" \/>\n<meta name=\"twitter:creator\" content=\"@RenatoDiasBat\" \/>\n<meta name=\"twitter:site\" content=\"@RenatoDiasBat\" \/>\n<meta name=\"twitter:label1\" content=\"Escrito por\" \/>\n\t<meta name=\"twitter:data1\" content=\"Renato Dias\" \/>\n\t<meta name=\"twitter:label2\" content=\"Est. tempo de leitura\" \/>\n\t<meta name=\"twitter:data2\" content=\"1 minuto\" \/>\n<script type=\"application\/ld+json\" class=\"yoast-schema-graph\">{\"@context\":\"https:\\\/\\\/schema.org\",\"@graph\":[{\"@type\":\"Article\",\"@id\":\"https:\\\/\\\/renatodias.online\\\/movimento\\\/2021\\\/07\\\/16\\\/odecir-leotti-mora-nas-estrelas\\\/#article\",\"isPartOf\":{\"@id\":\"https:\\\/\\\/renatodias.online\\\/movimento\\\/2021\\\/07\\\/16\\\/odecir-leotti-mora-nas-estrelas\\\/\"},\"author\":{\"name\":\"Renato Dias\",\"@id\":\"https:\\\/\\\/renatodias.online\\\/movimento\\\/#\\\/schema\\\/person\\\/bbab28833b1725a20f4083f49f1fb2a9\"},\"headline\":\"Odecir Leotti mora nas estrelas\",\"datePublished\":\"2021-07-16T17:49:37+00:00\",\"mainEntityOfPage\":{\"@id\":\"https:\\\/\\\/renatodias.online\\\/movimento\\\/2021\\\/07\\\/16\\\/odecir-leotti-mora-nas-estrelas\\\/\"},\"wordCount\":270,\"commentCount\":0,\"publisher\":{\"@id\":\"https:\\\/\\\/renatodias.online\\\/movimento\\\/#\\\/schema\\\/person\\\/bbab28833b1725a20f4083f49f1fb2a9\"},\"image\":{\"@id\":\"https:\\\/\\\/renatodias.online\\\/movimento\\\/2021\\\/07\\\/16\\\/odecir-leotti-mora-nas-estrelas\\\/#primaryimage\"},\"thumbnailUrl\":\"https:\\\/\\\/renatodias.online\\\/movimento\\\/wp-content\\\/uploads\\\/2021\\\/07\\\/Odecir-Leotti-Link-e1626716964740.png\",\"articleSection\":[\"Arte\"],\"inLanguage\":\"pt-BR\",\"potentialAction\":[{\"@type\":\"CommentAction\",\"name\":\"Comment\",\"target\":[\"https:\\\/\\\/renatodias.online\\\/movimento\\\/2021\\\/07\\\/16\\\/odecir-leotti-mora-nas-estrelas\\\/#respond\"]}]},{\"@type\":\"WebPage\",\"@id\":\"https:\\\/\\\/renatodias.online\\\/movimento\\\/2021\\\/07\\\/16\\\/odecir-leotti-mora-nas-estrelas\\\/\",\"url\":\"https:\\\/\\\/renatodias.online\\\/movimento\\\/2021\\\/07\\\/16\\\/odecir-leotti-mora-nas-estrelas\\\/\",\"name\":\"Odecir Leotti mora nas estrelas -\",\"isPartOf\":{\"@id\":\"https:\\\/\\\/renatodias.online\\\/movimento\\\/#website\"},\"primaryImageOfPage\":{\"@id\":\"https:\\\/\\\/renatodias.online\\\/movimento\\\/2021\\\/07\\\/16\\\/odecir-leotti-mora-nas-estrelas\\\/#primaryimage\"},\"image\":{\"@id\":\"https:\\\/\\\/renatodias.online\\\/movimento\\\/2021\\\/07\\\/16\\\/odecir-leotti-mora-nas-estrelas\\\/#primaryimage\"},\"thumbnailUrl\":\"https:\\\/\\\/renatodias.online\\\/movimento\\\/wp-content\\\/uploads\\\/2021\\\/07\\\/Odecir-Leotti-Link-e1626716964740.png\",\"datePublished\":\"2021-07-16T17:49:37+00:00\",\"breadcrumb\":{\"@id\":\"https:\\\/\\\/renatodias.online\\\/movimento\\\/2021\\\/07\\\/16\\\/odecir-leotti-mora-nas-estrelas\\\/#breadcrumb\"},\"inLanguage\":\"pt-BR\",\"potentialAction\":[{\"@type\":\"ReadAction\",\"target\":[\"https:\\\/\\\/renatodias.online\\\/movimento\\\/2021\\\/07\\\/16\\\/odecir-leotti-mora-nas-estrelas\\\/\"]}]},{\"@type\":\"ImageObject\",\"inLanguage\":\"pt-BR\",\"@id\":\"https:\\\/\\\/renatodias.online\\\/movimento\\\/2021\\\/07\\\/16\\\/odecir-leotti-mora-nas-estrelas\\\/#primaryimage\",\"url\":\"https:\\\/\\\/renatodias.online\\\/movimento\\\/wp-content\\\/uploads\\\/2021\\\/07\\\/Odecir-Leotti-Link-e1626716964740.png\",\"contentUrl\":\"https:\\\/\\\/renatodias.online\\\/movimento\\\/wp-content\\\/uploads\\\/2021\\\/07\\\/Odecir-Leotti-Link-e1626716964740.png\",\"width\":300,\"height\":300,\"caption\":\"Odecir Leotti: o \u00faltimo adeus ao artista pl\u00e1stico, escultor e dramaturgo\"},{\"@type\":\"BreadcrumbList\",\"@id\":\"https:\\\/\\\/renatodias.online\\\/movimento\\\/2021\\\/07\\\/16\\\/odecir-leotti-mora-nas-estrelas\\\/#breadcrumb\",\"itemListElement\":[{\"@type\":\"ListItem\",\"position\":1,\"name\":\"In\u00edcio\",\"item\":\"https:\\\/\\\/renatodias.online\\\/movimento\\\/\"},{\"@type\":\"ListItem\",\"position\":2,\"name\":\"Odecir Leotti mora nas estrelas\"}]},{\"@type\":\"WebSite\",\"@id\":\"https:\\\/\\\/renatodias.online\\\/movimento\\\/#website\",\"url\":\"https:\\\/\\\/renatodias.online\\\/movimento\\\/\",\"name\":\"\",\"description\":\"\",\"publisher\":{\"@id\":\"https:\\\/\\\/renatodias.online\\\/movimento\\\/#\\\/schema\\\/person\\\/bbab28833b1725a20f4083f49f1fb2a9\"},\"potentialAction\":[{\"@type\":\"SearchAction\",\"target\":{\"@type\":\"EntryPoint\",\"urlTemplate\":\"https:\\\/\\\/renatodias.online\\\/movimento\\\/?s={search_term_string}\"},\"query-input\":{\"@type\":\"PropertyValueSpecification\",\"valueRequired\":true,\"valueName\":\"search_term_string\"}}],\"inLanguage\":\"pt-BR\"},{\"@type\":[\"Person\",\"Organization\"],\"@id\":\"https:\\\/\\\/renatodias.online\\\/movimento\\\/#\\\/schema\\\/person\\\/bbab28833b1725a20f4083f49f1fb2a9\",\"name\":\"Renato Dias\",\"image\":{\"@type\":\"ImageObject\",\"inLanguage\":\"pt-BR\",\"@id\":\"https:\\\/\\\/renatodias.online\\\/movimento\\\/wp-content\\\/uploads\\\/2023\\\/03\\\/cropped-cropped-cropped-logofinal.jpeg\",\"url\":\"https:\\\/\\\/renatodias.online\\\/movimento\\\/wp-content\\\/uploads\\\/2023\\\/03\\\/cropped-cropped-cropped-logofinal.jpeg\",\"contentUrl\":\"https:\\\/\\\/renatodias.online\\\/movimento\\\/wp-content\\\/uploads\\\/2023\\\/03\\\/cropped-cropped-cropped-logofinal.jpeg\",\"width\":1280,\"height\":219,\"caption\":\"Renato Dias\"},\"logo\":{\"@id\":\"https:\\\/\\\/renatodias.online\\\/movimento\\\/wp-content\\\/uploads\\\/2023\\\/03\\\/cropped-cropped-cropped-logofinal.jpeg\"},\"description\":\"Renato Dias, 58 anos, \u00e9 graduado em Jornalismo, formado em Ci\u00eancias Sociais, com p\u00f3s-gradua\u00e7\u00e3o em Pol\u00edticas P\u00fablicas, mestre em Direito e Rela\u00e7\u00f5es Internacionais, ex-aluno extraordin\u00e1rio do Doutorado em Psicologia Social, ex-estudante do Curso de Psican\u00e1lise do Centro de Estudos Psicanal\u00edticos do Estado de Goi\u00e1s, ministrado pelo m\u00e9dico psiquiatra e psicanalista Daniel Em\u00eddio de Souza. \u00c9 autor de 30 livros-reportagem, oito document\u00e1rios, ganhou 30 pr\u00eamios e \u00e9 torcedor apaixonado do maior do Centro-Oeste, o Vila Nova Futebol Clube. Casado com Meirilane Dias, \u00e9 pai de Juliana Dias, jornalista; Daniel Dias, economista; e Maria Rosa Dias, estudante antifascista, socialista e trotskista.\u00a0Com tr\u00eas pets: Porquinho [Bull Dog Franc\u00eas], Dalila [Basset Hound] e Geleia [Basset Hound]. Al\u00e9m do eterno gato Tutuquinho, que virou estrela.\",\"sameAs\":[\"https:\\\/\\\/www.facebook.com\\\/renato.dias.37\",\"#breve\",\"https:\\\/\\\/renatodias.tumblr.com\\\/\"],\"url\":\"https:\\\/\\\/renatodias.online\\\/movimento\\\/author\\\/renatodias\\\/\"}]}<\/script>\n<!-- \/ Yoast SEO plugin. -->","yoast_head_json":{"title":"Odecir Leotti mora nas estrelas -","robots":{"index":"index","follow":"follow","max-snippet":"max-snippet:-1","max-image-preview":"max-image-preview:large","max-video-preview":"max-video-preview:-1"},"canonical":"https:\/\/renatodias.online\/movimento\/2021\/07\/16\/odecir-leotti-mora-nas-estrelas\/","og_locale":"pt_BR","og_type":"article","og_title":"Odecir Leotti mora nas estrelas -","og_description":"Odecir Leotti mora nas estrelas Artista especialista na produ\u00e7\u00e3o est\u00e9tica com madeira Renato Dias Incentivo, nascido em S\u00e3o Paulo e radicado em Barra do Gar\u00e7as, Estado do Mato Grosso, estabelecia um di\u00e1logo multifacetado com a arte de madeira, a restaura\u00e7\u00e3o de obras sacras, monumentos do poder p\u00fablico e produ\u00e7\u00f5es est\u00e9ticas, de rara beleza pl\u00e1stica. Ah!","og_url":"https:\/\/renatodias.online\/movimento\/2021\/07\/16\/odecir-leotti-mora-nas-estrelas\/","article_publisher":"https:\/\/www.facebook.com\/renato.dias.37","article_author":"https:\/\/www.facebook.com\/renato.dias.37","article_published_time":"2021-07-16T17:49:37+00:00","og_image":[{"width":300,"height":300,"url":"https:\/\/renatodias.online\/movimento\/wp-content\/uploads\/2021\/07\/Odecir-Leotti-Link-e1626716964740.png","type":"image\/png"}],"author":"Renato Dias","twitter_card":"summary_large_image","twitter_creator":"@RenatoDiasBat","twitter_site":"@RenatoDiasBat","twitter_misc":{"Escrito por":"Renato Dias","Est. tempo de leitura":"1 minuto"},"schema":{"@context":"https:\/\/schema.org","@graph":[{"@type":"Article","@id":"https:\/\/renatodias.online\/movimento\/2021\/07\/16\/odecir-leotti-mora-nas-estrelas\/#article","isPartOf":{"@id":"https:\/\/renatodias.online\/movimento\/2021\/07\/16\/odecir-leotti-mora-nas-estrelas\/"},"author":{"name":"Renato Dias","@id":"https:\/\/renatodias.online\/movimento\/#\/schema\/person\/bbab28833b1725a20f4083f49f1fb2a9"},"headline":"Odecir Leotti mora nas estrelas","datePublished":"2021-07-16T17:49:37+00:00","mainEntityOfPage":{"@id":"https:\/\/renatodias.online\/movimento\/2021\/07\/16\/odecir-leotti-mora-nas-estrelas\/"},"wordCount":270,"commentCount":0,"publisher":{"@id":"https:\/\/renatodias.online\/movimento\/#\/schema\/person\/bbab28833b1725a20f4083f49f1fb2a9"},"image":{"@id":"https:\/\/renatodias.online\/movimento\/2021\/07\/16\/odecir-leotti-mora-nas-estrelas\/#primaryimage"},"thumbnailUrl":"https:\/\/renatodias.online\/movimento\/wp-content\/uploads\/2021\/07\/Odecir-Leotti-Link-e1626716964740.png","articleSection":["Arte"],"inLanguage":"pt-BR","potentialAction":[{"@type":"CommentAction","name":"Comment","target":["https:\/\/renatodias.online\/movimento\/2021\/07\/16\/odecir-leotti-mora-nas-estrelas\/#respond"]}]},{"@type":"WebPage","@id":"https:\/\/renatodias.online\/movimento\/2021\/07\/16\/odecir-leotti-mora-nas-estrelas\/","url":"https:\/\/renatodias.online\/movimento\/2021\/07\/16\/odecir-leotti-mora-nas-estrelas\/","name":"Odecir Leotti mora nas estrelas -","isPartOf":{"@id":"https:\/\/renatodias.online\/movimento\/#website"},"primaryImageOfPage":{"@id":"https:\/\/renatodias.online\/movimento\/2021\/07\/16\/odecir-leotti-mora-nas-estrelas\/#primaryimage"},"image":{"@id":"https:\/\/renatodias.online\/movimento\/2021\/07\/16\/odecir-leotti-mora-nas-estrelas\/#primaryimage"},"thumbnailUrl":"https:\/\/renatodias.online\/movimento\/wp-content\/uploads\/2021\/07\/Odecir-Leotti-Link-e1626716964740.png","datePublished":"2021-07-16T17:49:37+00:00","breadcrumb":{"@id":"https:\/\/renatodias.online\/movimento\/2021\/07\/16\/odecir-leotti-mora-nas-estrelas\/#breadcrumb"},"inLanguage":"pt-BR","potentialAction":[{"@type":"ReadAction","target":["https:\/\/renatodias.online\/movimento\/2021\/07\/16\/odecir-leotti-mora-nas-estrelas\/"]}]},{"@type":"ImageObject","inLanguage":"pt-BR","@id":"https:\/\/renatodias.online\/movimento\/2021\/07\/16\/odecir-leotti-mora-nas-estrelas\/#primaryimage","url":"https:\/\/renatodias.online\/movimento\/wp-content\/uploads\/2021\/07\/Odecir-Leotti-Link-e1626716964740.png","contentUrl":"https:\/\/renatodias.online\/movimento\/wp-content\/uploads\/2021\/07\/Odecir-Leotti-Link-e1626716964740.png","width":300,"height":300,"caption":"Odecir Leotti: o \u00faltimo adeus ao artista pl\u00e1stico, escultor e dramaturgo"},{"@type":"BreadcrumbList","@id":"https:\/\/renatodias.online\/movimento\/2021\/07\/16\/odecir-leotti-mora-nas-estrelas\/#breadcrumb","itemListElement":[{"@type":"ListItem","position":1,"name":"In\u00edcio","item":"https:\/\/renatodias.online\/movimento\/"},{"@type":"ListItem","position":2,"name":"Odecir Leotti mora nas estrelas"}]},{"@type":"WebSite","@id":"https:\/\/renatodias.online\/movimento\/#website","url":"https:\/\/renatodias.online\/movimento\/","name":"","description":"","publisher":{"@id":"https:\/\/renatodias.online\/movimento\/#\/schema\/person\/bbab28833b1725a20f4083f49f1fb2a9"},"potentialAction":[{"@type":"SearchAction","target":{"@type":"EntryPoint","urlTemplate":"https:\/\/renatodias.online\/movimento\/?s={search_term_string}"},"query-input":{"@type":"PropertyValueSpecification","valueRequired":true,"valueName":"search_term_string"}}],"inLanguage":"pt-BR"},{"@type":["Person","Organization"],"@id":"https:\/\/renatodias.online\/movimento\/#\/schema\/person\/bbab28833b1725a20f4083f49f1fb2a9","name":"Renato Dias","image":{"@type":"ImageObject","inLanguage":"pt-BR","@id":"https:\/\/renatodias.online\/movimento\/wp-content\/uploads\/2023\/03\/cropped-cropped-cropped-logofinal.jpeg","url":"https:\/\/renatodias.online\/movimento\/wp-content\/uploads\/2023\/03\/cropped-cropped-cropped-logofinal.jpeg","contentUrl":"https:\/\/renatodias.online\/movimento\/wp-content\/uploads\/2023\/03\/cropped-cropped-cropped-logofinal.jpeg","width":1280,"height":219,"caption":"Renato Dias"},"logo":{"@id":"https:\/\/renatodias.online\/movimento\/wp-content\/uploads\/2023\/03\/cropped-cropped-cropped-logofinal.jpeg"},"description":"Renato Dias, 58 anos, \u00e9 graduado em Jornalismo, formado em Ci\u00eancias Sociais, com p\u00f3s-gradua\u00e7\u00e3o em Pol\u00edticas P\u00fablicas, mestre em Direito e Rela\u00e7\u00f5es Internacionais, ex-aluno extraordin\u00e1rio do Doutorado em Psicologia Social, ex-estudante do Curso de Psican\u00e1lise do Centro de Estudos Psicanal\u00edticos do Estado de Goi\u00e1s, ministrado pelo m\u00e9dico psiquiatra e psicanalista Daniel Em\u00eddio de Souza. \u00c9 autor de 30 livros-reportagem, oito document\u00e1rios, ganhou 30 pr\u00eamios e \u00e9 torcedor apaixonado do maior do Centro-Oeste, o Vila Nova Futebol Clube. Casado com Meirilane Dias, \u00e9 pai de Juliana Dias, jornalista; Daniel Dias, economista; e Maria Rosa Dias, estudante antifascista, socialista e trotskista.\u00a0Com tr\u00eas pets: Porquinho [Bull Dog Franc\u00eas], Dalila [Basset Hound] e Geleia [Basset Hound]. Al\u00e9m do eterno gato Tutuquinho, que virou estrela.","sameAs":["https:\/\/www.facebook.com\/renato.dias.37","#breve","https:\/\/renatodias.tumblr.com\/"],"url":"https:\/\/renatodias.online\/movimento\/author\/renatodias\/"}]}},"_links":{"self":[{"href":"https:\/\/renatodias.online\/movimento\/wp-json\/wp\/v2\/posts\/7807","targetHints":{"allow":["GET"]}}],"collection":[{"href":"https:\/\/renatodias.online\/movimento\/wp-json\/wp\/v2\/posts"}],"about":[{"href":"https:\/\/renatodias.online\/movimento\/wp-json\/wp\/v2\/types\/post"}],"author":[{"embeddable":true,"href":"https:\/\/renatodias.online\/movimento\/wp-json\/wp\/v2\/users\/2"}],"replies":[{"embeddable":true,"href":"https:\/\/renatodias.online\/movimento\/wp-json\/wp\/v2\/comments?post=7807"}],"version-history":[{"count":1,"href":"https:\/\/renatodias.online\/movimento\/wp-json\/wp\/v2\/posts\/7807\/revisions"}],"predecessor-version":[{"id":7813,"href":"https:\/\/renatodias.online\/movimento\/wp-json\/wp\/v2\/posts\/7807\/revisions\/7813"}],"wp:featuredmedia":[{"embeddable":true,"href":"https:\/\/renatodias.online\/movimento\/wp-json\/wp\/v2\/media\/7812"}],"wp:attachment":[{"href":"https:\/\/renatodias.online\/movimento\/wp-json\/wp\/v2\/media?parent=7807"}],"wp:term":[{"taxonomy":"category","embeddable":true,"href":"https:\/\/renatodias.online\/movimento\/wp-json\/wp\/v2\/categories?post=7807"},{"taxonomy":"post_tag","embeddable":true,"href":"https:\/\/renatodias.online\/movimento\/wp-json\/wp\/v2\/tags?post=7807"}],"curies":[{"name":"wp","href":"https:\/\/api.w.org\/{rel}","templated":true}]}}