{"id":7797,"date":"2021-07-15T18:48:38","date_gmt":"2021-07-15T21:48:38","guid":{"rendered":"https:\/\/renatodias.online\/movimento\/?p=7797"},"modified":"2021-07-15T18:48:38","modified_gmt":"2021-07-15T21:48:38","slug":"a-doutrina-inventada-pelos-militares","status":"publish","type":"post","link":"https:\/\/renatodias.online\/movimento\/2021\/07\/15\/a-doutrina-inventada-pelos-militares\/","title":{"rendered":"A doutrina inventada pelos militares"},"content":{"rendered":"<figure id=\"attachment_6850\" aria-describedby=\"caption-attachment-6850\" style=\"width: 1170px\" class=\"wp-caption alignnone\"><img loading=\"lazy\" decoding=\"async\" class=\"size-full wp-image-6850\" src=\"https:\/\/renatodias.online\/movimento\/wp-content\/uploads\/2021\/05\/Palacio-do-Planalto.jpg\" alt=\"\" width=\"1170\" height=\"700\" \/><figcaption id=\"caption-attachment-6850\" class=\"wp-caption-text\"><strong>Pal\u00e1cio do Planalto<\/strong><\/figcaption><\/figure>\n<p>&nbsp;<\/p>\n<figure id=\"attachment_5888\" aria-describedby=\"caption-attachment-5888\" style=\"width: 600px\" class=\"wp-caption aligncenter\"><img loading=\"lazy\" decoding=\"async\" class=\"size-full wp-image-5888\" src=\"https:\/\/renatodias.online\/movimento\/wp-content\/uploads\/2021\/04\/Bomba-A-morte-da-Politica.jpg\" alt=\"explosivo\" width=\"600\" height=\"600\" \/><figcaption id=\"caption-attachment-5888\" class=\"wp-caption-text\"><strong><span style=\"color: #808000;\">explosivo<\/span><\/strong><\/figcaption><\/figure>\n<h1 style=\"text-align: center;\"><strong><span style=\"color: #008000;\">A doutrina inventada pelos<\/span><\/strong><\/h1>\n<h1 style=\"text-align: center;\"><strong><span style=\"color: #008000;\">militares para tomar o poder<\/span><\/strong><\/h1>\n<p><strong>Maria In\u00eas Nassif<\/strong><\/p>\n<p><span style=\"color: #0000ff;\"><strong>Do Jornal GGN<\/strong><\/span><\/p>\n<p>Duas semanas ap\u00f3s o dia 28 de outubro de 2018, dia em que Jair Bolsonaro foi eleito em segundo turno com 55,13% dos votos v\u00e1lidos, contra 44,87% obtidos pelo petista Fernando Haddad, uma \u201calta autoridade das For\u00e7as Armadas\u201d recebeu o jornalista argentino Marcelo Falak no seu gabinete, em Bras\u00edlia, e contou a ele como \u201cum grupo de militares\u201d tinha cooptado, enquadrado e feito o ex-capit\u00e3o do Ex\u00e9rcito \u2013 colega de turma de v\u00e1rios deles \u2013 presidente da Rep\u00fablica. O GGN reportou a mat\u00e9ria do site noambito.com no dia 14\/10\/2018 (\u201cJornalista argentino revela como as For\u00e7as Armadas constru\u00edram a candidatura de Bolsonaro para chegar ao poder\u201d). A fonte militar de Falak comemorava a vit\u00f3ria das conspira\u00e7\u00f5es do generalato que se arrastavam desde o governo da presidenta Dilma Rousseff (2011-2016). Haviam, enfim, chegado ao poder sem dar nenhum tiro. N\u00e3o precisavam disso, afirmou o general. Num mundo com m\u00eddia social, as armas s\u00e3o outras.<\/p>\n<p>&nbsp;<\/p>\n<figure id=\"attachment_5834\" aria-describedby=\"caption-attachment-5834\" style=\"width: 1000px\" class=\"wp-caption alignnone\"><img loading=\"lazy\" decoding=\"async\" class=\"size-full wp-image-5834\" src=\"https:\/\/renatodias.online\/movimento\/wp-content\/uploads\/2021\/04\/presidentejairbolsonaro3-1.jpg\" alt=\"\" width=\"1000\" height=\"666\" srcset=\"https:\/\/renatodias.online\/movimento\/wp-content\/uploads\/2021\/04\/presidentejairbolsonaro3-1.jpg 1000w, https:\/\/renatodias.online\/movimento\/wp-content\/uploads\/2021\/04\/presidentejairbolsonaro3-1-300x200.jpg 300w, https:\/\/renatodias.online\/movimento\/wp-content\/uploads\/2021\/04\/presidentejairbolsonaro3-1-768x511.jpg 768w, https:\/\/renatodias.online\/movimento\/wp-content\/uploads\/2021\/04\/presidentejairbolsonaro3-1-360x240.jpg 360w, https:\/\/renatodias.online\/movimento\/wp-content\/uploads\/2021\/04\/presidentejairbolsonaro3-1-750x500.jpg 750w\" sizes=\"auto, (max-width: 1000px) 100vw, 1000px\" \/><figcaption id=\"caption-attachment-5834\" class=\"wp-caption-text\"><strong>Jair Bolsonaro<\/strong><\/figcaption><\/figure>\n<p>Ao longo da mat\u00e9ria, a fonte militar deixa v\u00e1ria pistas de sua identidade e a do grupo que ele diz representar. Em primeiro lugar, \u00e9 do Ex\u00e9rcito \u2013 ali\u00e1s, em v\u00e1rias passagens da mat\u00e9ria o jornalista argentino define como sujeito da trama pol\u00edtica o pr\u00f3prio Ex\u00e9rcito. \u00c9 \u201cda mais alta patente\u201d, uma \u201calta autoridade militar das For\u00e7as Armadas que desempenha um papel institucional importante\u201d, uma \u201cfonte s\u00eanior\u201d. O jornalista relata que foi atendido na antessala do gabinete do general, em Bras\u00edlia. Na \u00e9poca, o comandante do Ex\u00e9rcito no governo\u00a0 era o general Eduardo Villas B\u00f4as que, sob o sil\u00eancio do presidente da Rep\u00fablica, Michel Temer, tuitou amea\u00e7as ao Supremo Tribunal Federal (STF) na v\u00e9spera da vota\u00e7\u00e3o de habeas corpus que permitiria ao ex-presidente Luiz In\u00e1cio Lula da Silva candidatar-se \u00e0 Presid\u00eancia.<\/p>\n<p>&nbsp;<\/p>\n<figure id=\"attachment_6031\" aria-describedby=\"caption-attachment-6031\" style=\"width: 1200px\" class=\"wp-caption alignnone\"><img loading=\"lazy\" decoding=\"async\" class=\"size-full wp-image-6031\" src=\"https:\/\/renatodias.online\/movimento\/wp-content\/uploads\/2021\/04\/General-Eduardo-Villas-Boas-_-4.jpg\" alt=\"Eduardo Villas B\u00f4as\" width=\"1200\" height=\"797\" \/><figcaption id=\"caption-attachment-6031\" class=\"wp-caption-text\"><strong>Eduardo Villas B\u00f4as<\/strong><\/figcaption><\/figure>\n<p>O general S\u00e9rgio Etchegoyen era, ent\u00e3o, o ministro-chefe do Gabinete de Seguran\u00e7a Institucional (GSI). O ministro da Defesa, o general Joaquim Silva e Luna. O general Braga Netto, interventor do Rio de Janeiro. Em 2018, o general Fernando Azevedo e Silva, na reserva a partir de agosto daquele ano, quando se tornou assessor do ent\u00e3o presidente do Supremo Tribunal Federal, Dias Toffoli. Pela jact\u00e2ncia da fonte, minha aposta sobre a sua identidade recai sobre um \u00fanico nome. \u00a0O jornalista argentino ouviu do militar o relato da trama urdida por essa gera\u00e7\u00e3o de generais na \u201cmiss\u00e3o\u201d de \u201cextirpar\u201d a esquerda brasileira (express\u00e3o usada na entrevista) e tomar o poder elegendo Bolsonaro presidente da Rep\u00fablica. Somadas essas informa\u00e7\u00f5es \u00e0s confessadas nas mem\u00f3rias do general Eduardo Villas B\u00f4as e do ex-vice de Dilma que virou presidente devido a um golpe, o quadro fica completo: a elei\u00e7\u00e3o de Bolsonaro era, de fato, parte de uma conspira\u00e7\u00e3o militar contra a democracia.<\/p>\n<figure id=\"attachment_6321\" aria-describedby=\"caption-attachment-6321\" style=\"width: 620px\" class=\"wp-caption aligncenter\"><img loading=\"lazy\" decoding=\"async\" class=\"size-full wp-image-6321\" src=\"https:\/\/renatodias.online\/movimento\/wp-content\/uploads\/2021\/04\/Michel-Temer-_-6-Mix-_-Uol.jpeg\" alt=\"\" width=\"620\" height=\"1057\" \/><figcaption id=\"caption-attachment-6321\" class=\"wp-caption-text\"><strong>Michel Temer<\/strong><\/figcaption><\/figure>\n<p>A fonte militar contou uma hist\u00f3ria que envolve \u201cum grupo de generais\u201d \u2013 e quando se trata de \u201cgenerais\u201d na ativa ou rec\u00e9m colocados na reserva, fala-se de militares que se formaram e ascenderam juntos na carreira. No caso, trata-se da gera\u00e7\u00e3o da Guerra Fria, formada nos anos 70 num clima de caserna forjado no anticomunismo extremado e no \u00f3dio a qualquer ideologia que n\u00e3o a sua pr\u00f3pria, de extrema-direita; treinada para combater a guerrilha de esquerda at\u00e9 a sua extin\u00e7\u00e3o \u2013 objetivo conquistado no final daquela d\u00e9cada, per\u00edodo onde que se concentrou o maior n\u00famero de desaparecidos pol\u00edticos da ditadura; e, fundamentalmente, educada num caldo de cultura de profundo desprezo \u00e0 democracia e \u00e0 popula\u00e7\u00e3o civil. Esses militares s\u00e3o a gera\u00e7\u00e3o que chegou ao generalato nos governos Lula e Dilma. O capit\u00e3o Bolsonaro \u00e9 da mesma turma e foi colega e permaneceu amigo de v\u00e1rios deles. Certamente Bolsonaro, da \u201cturma\u201d, seria general se n\u00e3o tivesse sido expulso da corpora\u00e7\u00e3o por planejar atos de terrorismo e insubordina\u00e7\u00e3o contra o primeiro ministro do Ex\u00e9rcito p\u00f3s-redemocratiza\u00e7\u00e3o, Le\u00f4nidas Pires Gon\u00e7alves.<\/p>\n<figure id=\"attachment_5372\" aria-describedby=\"caption-attachment-5372\" style=\"width: 408px\" class=\"wp-caption aligncenter\"><img loading=\"lazy\" decoding=\"async\" class=\"size-full wp-image-5372\" src=\"https:\/\/renatodias.online\/movimento\/wp-content\/uploads\/2021\/03\/lula-caricarutrab.png\" alt=\"Luiz-Inacio-Lula-da-Silva-\" width=\"408\" height=\"346\" \/><figcaption id=\"caption-attachment-5372\" class=\"wp-caption-text\"><strong>Luiz In\u00e1cio Lula da Silva<\/strong><\/figcaption><\/figure>\n<p><strong>A TRAMA<\/strong><\/p>\n<p>Segundo a fonte, que na entrevista ao site argentino se coloca como o porta-voz de \u201cum grupo de militares de alto escal\u00e3o\u201d, desde 2014, depois da reelei\u00e7\u00e3o de Dilma Rousseff, o generalato do Ex\u00e9rcito conspirava e propalava uma nova doutrina, a \u201cnova democracia\u201d. Na explica\u00e7\u00e3o de Falak: \u201cO que dizer de Jair Bolsonaro \u00e9 pura ideologia? N\u00e3o, por tr\u00e1s disso tudo est\u00e1 a estrat\u00e9gia da lideran\u00e7a das For\u00e7as Armadas de construir seu pr\u00f3prio presidente, encarregado de impor o que ele [a fonte] chama de \u2018nova democracia\u2019. Isso constituir\u00e1 em um programa pol\u00edtico ultraconservador e um programa econ\u00f4mico ultraliberal, com (\u2026) uma participa\u00e7\u00e3o ativa dos militares na vida pol\u00edtica e a miss\u00e3o de erradicar a esquerda \u2018que engana a sociedade\u2019.\u201d<\/p>\n<p><img loading=\"lazy\" decoding=\"async\" class=\"alignnone size-full wp-image-6863\" src=\"https:\/\/renatodias.online\/movimento\/wp-content\/uploads\/2021\/05\/Alvorada-_-Dilma-Rousseff-_-1.jpeg\" alt=\"\" width=\"1000\" height=\"500\" \/><\/p>\n<p><strong>Dilma Rousseff<\/strong><\/p>\n<p>Nesse projeto, Bolsonaro deveria ser um t\u00edtere. Segundo o jornalista, a fonte militar disse que Bolsonaro \u201cabriu o di\u00e1logo e aceitou nossas [dos generais] sugest\u00f5es e mudou muitas de suas posi\u00e7\u00f5es. Por exemplo, passou do nacionalismo econ\u00f4mico ao liberalismo. Isso (\u2026) foi o resultado do di\u00e1logo que o Ex\u00e9rcito abriu com ele, sem nenhuma d\u00favida\u201d.\u00a0 O ministro da Economia, Paulo Guedes, o \u201cPosto Ipiranga\u201d exibido por Bolsonaro durante sua campanha eleitoral, \u00e9 uma pe\u00e7a fundamental no projeto de poder dos atuais generais que ocupam a vice-presid\u00eancia da Rep\u00fablica, minist\u00e9rios, estatais, ag\u00eancias reguladoras etc etc. \u00c9 duvidoso que Guedes seja t\u00e3o fundamental num projeto de poder exclusivamente de Bolsonaro.<\/p>\n<p>&nbsp;<\/p>\n<p><img loading=\"lazy\" decoding=\"async\" class=\"size-full wp-image-2442 aligncenter\" src=\"https:\/\/renatodias.online\/movimento\/wp-content\/uploads\/2019\/09\/Caricatura-de-Paulo-Guedes.jpg\" alt=\"\" width=\"500\" height=\"583\" \/><\/p>\n<p style=\"text-align: center;\"><strong>Paulo Guedes<\/strong><\/p>\n<p>O projeto da \u201cNova Democracia\u201d come\u00e7ou a ser articulado, na verdade, no final do primeiro mandato de Dilma, quando se leva em conta os relatos feitos pela fonte do site argentino. Bolsonaro j\u00e1 desempenhava a fun\u00e7\u00e3o de zelar pelos interesses militares e estava sendo preparado pelos militares desde 2013, mas a defini\u00e7\u00e3o dele como candidato dos militares ocorreu um ano antes das elei\u00e7\u00f5es. \u201cO Ex\u00e9rcito analisou que haveria polariza\u00e7\u00e3o e que Bolsonaro seria aquele que enfrentaria o conflito contra o PT. Por qu\u00ea? Como a hist\u00f3ria do Brasil mostra, sua elite nunca se importou com a na\u00e7\u00e3o e s\u00f3 pensou em si mesma. Ficou claro para n\u00f3s que os partidos de centro n\u00e3o se uniriam para enfrentar a esquerda. Foi certo apostar em Bolsonaro\u201d, disse o militar de alta patente. Al\u00e9m de for\u00e7arem a ades\u00e3o ideol\u00f3gica de Bolsonaro ao liberalismo de Guedes, os militares deram um trato na imagem pessoal dele. \u201cEle se casou com sua terceira esposa, teve uma filha [a filha, na verdade, nasceu em 2011] e fez psican\u00e1lise por dois anos\u201d, disse o militar ao jornalista argentino. Vivendo junto com Michelle desde 2007, o deputado oficializaria o casamento apenas em 2017, numa cerim\u00f4nia religiosa oficiada pelo pastor Silas Malafaia.<\/p>\n<figure id=\"attachment_7798\" aria-describedby=\"caption-attachment-7798\" style=\"width: 1500px\" class=\"wp-caption alignnone\"><img loading=\"lazy\" decoding=\"async\" class=\"size-full wp-image-7798\" src=\"https:\/\/renatodias.online\/movimento\/wp-content\/uploads\/2021\/07\/Silas-Malafaia-e-Jair-Bolsonaro.jpg\" alt=\"\" width=\"1500\" height=\"1000\" srcset=\"https:\/\/renatodias.online\/movimento\/wp-content\/uploads\/2021\/07\/Silas-Malafaia-e-Jair-Bolsonaro.jpg 1500w, https:\/\/renatodias.online\/movimento\/wp-content\/uploads\/2021\/07\/Silas-Malafaia-e-Jair-Bolsonaro-300x200.jpg 300w, https:\/\/renatodias.online\/movimento\/wp-content\/uploads\/2021\/07\/Silas-Malafaia-e-Jair-Bolsonaro-768x512.jpg 768w, https:\/\/renatodias.online\/movimento\/wp-content\/uploads\/2021\/07\/Silas-Malafaia-e-Jair-Bolsonaro-360x240.jpg 360w, https:\/\/renatodias.online\/movimento\/wp-content\/uploads\/2021\/07\/Silas-Malafaia-e-Jair-Bolsonaro-750x500.jpg 750w\" sizes=\"auto, (max-width: 1500px) 100vw, 1500px\" \/><figcaption id=\"caption-attachment-7798\" class=\"wp-caption-text\"><strong>Silas Malafaia e Jair Messias Bolsonaro<\/strong><\/figcaption><\/figure>\n<p>A ideologia da direita militar elaborada pelo generalato e por ele chamada de \u201cnova democracia\u201d (segundo a qual os militares mandam e os demais poderes obedecem) precede a op\u00e7\u00e3o pela candidatura de Bolsonaro. O nacionalismo econ\u00f4mico, que era hegem\u00f4nico nos quart\u00e9is, foi substitu\u00eddo por um liberalismo radical porque esse grupo considera que isso define o PT \u2013 e para ser radicalmente contra o partido de Lula, era necess\u00e1rio que o partido militar fosse ultraliberal. Ou seja, os generais querem se apresentar como ant\u00edtese absoluta do PT. Foi o PT o eleito por eles como o inimigo n\u00famero 1 da Na\u00e7\u00e3o.\u00a0 \u201cO nacionalismo econ\u00f4mico n\u00e3o \u00e9 mais nosso programa, deixamos isso para o Partido dos Trabalhadores, agora \u00e9 liberalismo, foi o que dissemos a Bolsonaro, queremos um pa\u00eds o mais livre poss\u00edvel, o que nos coloca radicalmente contra o que o PT\u201d, disse a fonte do jornalista. Os outros \u201cpilares\u201d da \u201cnova democracia\u201d recitados pelo militar de alto escal\u00e3o de Michel Temer, sob cujo governo ocorreram as elei\u00e7\u00f5es de 2018, s\u00e3o: \u201ca luta contra a corrup\u00e7\u00e3o, a seguran\u00e7a, o ajuste fiscal, a reforma previdenci\u00e1ria, a melhoria dos transportes e, por que n\u00e3o, a quest\u00e3o das mulheres\u201d.<\/p>\n<p>O programa pol\u00edtico elaborado pelo \u201cgrupo de militares de alto escal\u00e3o\u201d n\u00e3o apenas justifica, mas define como objetivo a ocupa\u00e7\u00e3o militar do aparelho estatal. A \u201cdoutrina\u201d elaborada por eles diz que os militares devem assumir uma \u201cparticipa\u00e7\u00e3o hegem\u00f4nica\u201d no aparelho de Estado e reivindica a ascend\u00eancia sobre os civis recitando um suposto direito \u00e0 igualdade, como se fosse absolutamente democr\u00e1tico assumirem o Estado e manterem a sociedade civil ref\u00e9m de seu poder b\u00e9lico.\u00a0 \u201cQueremos ser aceitos como cidad\u00e3os plenos, n\u00e3o como cidad\u00e3os de segunda classe, e \u00e9 por isso que estamos falando de uma nova democracia (\u2026) Os oficiais militares s\u00e3o pessoas muito qualificadas, conhecemos idiomas, temos p\u00f3s-graduados, temos que acabar com isso de n\u00e3o podermos ser ministros\u201d, disse a \u201cfonte s\u00eanior\u201d de Falak.<\/p>\n<p>A tal doutrina se reserva ao direito de escolher que esquerda os militares v\u00e3o suportar na \u201cnova democracia\u201d militar. \u201cH\u00e1 uma esquerda que \u00e9 boa, mesmo dentro do PT e do Partido Comunista, e que o Brasil deve aproveitar. Mas h\u00e1 outro que incomodou a sociedade com excessivo discurso de corre\u00e7\u00e3o pol\u00edtica, que buscava impor o casamento homossexual no Congresso, quest\u00f5es de g\u00eanero\u2026 A sociedade n\u00e3o quer isso. N\u00e3o vamos permitir as propostas que se enganam e se disfar\u00e7am de socialismo.\u201d O general disse que a possibilidade de golpe estaria afastada porque \u201cem 64 n\u00e3o havia Facebook, o mundo era diferente, um golpe n\u00e3o ia acontecer em nenhum caso, a imprensa ainda n\u00e3o entende isso, e na campanha foi muito parcial, com an\u00e1lise muito infantil. O primeiro derrotado nas elei\u00e7\u00f5es \u00e9 a Rede Globo\u201d.<\/p>\n<p><img loading=\"lazy\" decoding=\"async\" class=\"size-full wp-image-7291 aligncenter\" src=\"https:\/\/renatodias.online\/movimento\/wp-content\/uploads\/2021\/06\/Bandeira-do-PC-do-B-e1624241226183.jpg\" alt=\"\" width=\"300\" height=\"275\" \/><\/p>\n<p>&nbsp;<\/p>\n<p>Os militares brasileiros n\u00e3o apenas formularam essa tal \u201cnova pol\u00edtica\u201d, como t\u00eam a pretens\u00e3o de que os demais pa\u00edses sul-americanos fa\u00e7am o mesmo. \u201cQueremos mostrar \u00e0 Am\u00e9rica do Sul e ao mundo que somos brasileiros, militares, brancos, negros ou \u00edndios, isso n\u00e3o importa, porque o nosso discurso \u00e9 a unidade\u201d, disse a fonte s\u00eanior. Continua o site argentino: \u201cDe acordo com o comandante s\u00eanior, \u2018discutimos essas quest\u00f5es (a doutrina da \u2018nova democracia\u2019) com os nossos colegas do Uruguai, mas infelizmente n\u00e3o com os da Argentina, que ainda percebem como muito deprimido. Eles t\u00eam treinamento que \u00e9 muito bom, mas a falta de apoio da sociedade significa que eles ainda n\u00e3o desenvolveram uma perspectiva pol\u00edtica.\u2019 No Brasil \u00e9 diferente: \u2018Nossa imagem positiva \u00e9 de 80%\u2019 (\u2026) \u2018A Argentina merece respeito e hoje estamos preocupados com as consequ\u00eancias da crise econ\u00f4mica\u2019, disse ele.\u00a0\u00a0 \u2018Precisamos que as For\u00e7as Armadas de seu pa\u00eds sejam fortalecidas e consideradas for\u00e7as permanentes do Estado, como no Brasil, para serem parceiros em projetos bilaterais e internacionais \u2018 (\u2026)\u00a0 \u2018Ficamos muito felizes quando Cristina Kirchner saiu e Mauricio Macri entrou. Macri \u00e9 um homem preparado, educado, que tem todas as condi\u00e7\u00f5es para melhorar a Argentina.\u2019<\/p>\n<p><strong>Maria In\u00eas Nassif \u00e9 jornalista.<\/strong><\/p>\n","protected":false},"excerpt":{"rendered":"<p>&nbsp; A doutrina inventada pelos militares para tomar o poder Maria In\u00eas Nassif Do Jornal GGN Duas semanas ap\u00f3s o dia 28 de outubro de 2018, dia em que Jair Bolsonaro foi eleito em segundo turno com 55,13% dos votos v\u00e1lidos, contra 44,87% obtidos pelo petista Fernando Haddad, uma \u201calta autoridade das For\u00e7as Armadas\u201d recebeu<\/p>\n","protected":false},"author":2,"featured_media":5408,"comment_status":"open","ping_status":"open","sticky":false,"template":"","format":"standard","meta":{"_acf_changed":false,"_monsterinsights_skip_tracking":false,"_monsterinsights_sitenote_active":false,"_monsterinsights_sitenote_note":"","_monsterinsights_sitenote_category":0,"footnotes":""},"categories":[1],"tags":[],"class_list":["post-7797","post","type-post","status-publish","format-standard","has-post-thumbnail","hentry","category-cinema"],"acf":[],"yoast_head":"<!-- This site is optimized with the Yoast SEO plugin v27.4 - https:\/\/yoast.com\/product\/yoast-seo-wordpress\/ -->\n<title>A doutrina inventada pelos militares -<\/title>\n<meta name=\"robots\" content=\"index, follow, max-snippet:-1, max-image-preview:large, max-video-preview:-1\" \/>\n<link rel=\"canonical\" href=\"https:\/\/renatodias.online\/movimento\/2021\/07\/15\/a-doutrina-inventada-pelos-militares\/\" \/>\n<meta property=\"og:locale\" content=\"pt_BR\" \/>\n<meta property=\"og:type\" content=\"article\" \/>\n<meta property=\"og:title\" content=\"A doutrina inventada pelos militares -\" \/>\n<meta property=\"og:description\" content=\"&nbsp; A doutrina inventada pelos militares para tomar o poder Maria In\u00eas Nassif Do Jornal GGN Duas semanas ap\u00f3s o dia 28 de outubro de 2018, dia em que Jair Bolsonaro foi eleito em segundo turno com 55,13% dos votos v\u00e1lidos, contra 44,87% obtidos pelo petista Fernando Haddad, uma \u201calta autoridade das For\u00e7as Armadas\u201d recebeu\" \/>\n<meta property=\"og:url\" content=\"https:\/\/renatodias.online\/movimento\/2021\/07\/15\/a-doutrina-inventada-pelos-militares\/\" \/>\n<meta property=\"article:publisher\" content=\"https:\/\/www.facebook.com\/renato.dias.37\" \/>\n<meta property=\"article:author\" content=\"https:\/\/www.facebook.com\/renato.dias.37\" \/>\n<meta property=\"article:published_time\" content=\"2021-07-15T21:48:38+00:00\" \/>\n<meta property=\"og:image\" content=\"https:\/\/renatodias.online\/movimento\/wp-content\/uploads\/2021\/03\/vilasboas-e1626385699262.png\" \/>\n\t<meta property=\"og:image:width\" content=\"300\" \/>\n\t<meta property=\"og:image:height\" content=\"220\" \/>\n\t<meta property=\"og:image:type\" content=\"image\/png\" \/>\n<meta name=\"author\" content=\"Renato Dias\" \/>\n<meta name=\"twitter:card\" content=\"summary_large_image\" \/>\n<meta name=\"twitter:creator\" content=\"@RenatoDiasBat\" \/>\n<meta name=\"twitter:site\" content=\"@RenatoDiasBat\" \/>\n<meta name=\"twitter:label1\" content=\"Escrito por\" \/>\n\t<meta name=\"twitter:data1\" content=\"Renato Dias\" \/>\n\t<meta name=\"twitter:label2\" content=\"Est. tempo de leitura\" \/>\n\t<meta name=\"twitter:data2\" content=\"10 minutos\" \/>\n<script type=\"application\/ld+json\" class=\"yoast-schema-graph\">{\"@context\":\"https:\\\/\\\/schema.org\",\"@graph\":[{\"@type\":\"Article\",\"@id\":\"https:\\\/\\\/renatodias.online\\\/movimento\\\/2021\\\/07\\\/15\\\/a-doutrina-inventada-pelos-militares\\\/#article\",\"isPartOf\":{\"@id\":\"https:\\\/\\\/renatodias.online\\\/movimento\\\/2021\\\/07\\\/15\\\/a-doutrina-inventada-pelos-militares\\\/\"},\"author\":{\"name\":\"Renato Dias\",\"@id\":\"https:\\\/\\\/renatodias.online\\\/movimento\\\/#\\\/schema\\\/person\\\/bbab28833b1725a20f4083f49f1fb2a9\"},\"headline\":\"A doutrina inventada pelos militares\",\"datePublished\":\"2021-07-15T21:48:38+00:00\",\"mainEntityOfPage\":{\"@id\":\"https:\\\/\\\/renatodias.online\\\/movimento\\\/2021\\\/07\\\/15\\\/a-doutrina-inventada-pelos-militares\\\/\"},\"wordCount\":1948,\"commentCount\":0,\"publisher\":{\"@id\":\"https:\\\/\\\/renatodias.online\\\/movimento\\\/#\\\/schema\\\/person\\\/bbab28833b1725a20f4083f49f1fb2a9\"},\"image\":{\"@id\":\"https:\\\/\\\/renatodias.online\\\/movimento\\\/2021\\\/07\\\/15\\\/a-doutrina-inventada-pelos-militares\\\/#primaryimage\"},\"thumbnailUrl\":\"https:\\\/\\\/renatodias.online\\\/movimento\\\/wp-content\\\/uploads\\\/2021\\\/03\\\/vilasboas-e1626385699262.png\",\"articleSection\":[\"Cinema\"],\"inLanguage\":\"pt-BR\",\"potentialAction\":[{\"@type\":\"CommentAction\",\"name\":\"Comment\",\"target\":[\"https:\\\/\\\/renatodias.online\\\/movimento\\\/2021\\\/07\\\/15\\\/a-doutrina-inventada-pelos-militares\\\/#respond\"]}]},{\"@type\":\"WebPage\",\"@id\":\"https:\\\/\\\/renatodias.online\\\/movimento\\\/2021\\\/07\\\/15\\\/a-doutrina-inventada-pelos-militares\\\/\",\"url\":\"https:\\\/\\\/renatodias.online\\\/movimento\\\/2021\\\/07\\\/15\\\/a-doutrina-inventada-pelos-militares\\\/\",\"name\":\"A doutrina inventada pelos militares -\",\"isPartOf\":{\"@id\":\"https:\\\/\\\/renatodias.online\\\/movimento\\\/#website\"},\"primaryImageOfPage\":{\"@id\":\"https:\\\/\\\/renatodias.online\\\/movimento\\\/2021\\\/07\\\/15\\\/a-doutrina-inventada-pelos-militares\\\/#primaryimage\"},\"image\":{\"@id\":\"https:\\\/\\\/renatodias.online\\\/movimento\\\/2021\\\/07\\\/15\\\/a-doutrina-inventada-pelos-militares\\\/#primaryimage\"},\"thumbnailUrl\":\"https:\\\/\\\/renatodias.online\\\/movimento\\\/wp-content\\\/uploads\\\/2021\\\/03\\\/vilasboas-e1626385699262.png\",\"datePublished\":\"2021-07-15T21:48:38+00:00\",\"breadcrumb\":{\"@id\":\"https:\\\/\\\/renatodias.online\\\/movimento\\\/2021\\\/07\\\/15\\\/a-doutrina-inventada-pelos-militares\\\/#breadcrumb\"},\"inLanguage\":\"pt-BR\",\"potentialAction\":[{\"@type\":\"ReadAction\",\"target\":[\"https:\\\/\\\/renatodias.online\\\/movimento\\\/2021\\\/07\\\/15\\\/a-doutrina-inventada-pelos-militares\\\/\"]}]},{\"@type\":\"ImageObject\",\"inLanguage\":\"pt-BR\",\"@id\":\"https:\\\/\\\/renatodias.online\\\/movimento\\\/2021\\\/07\\\/15\\\/a-doutrina-inventada-pelos-militares\\\/#primaryimage\",\"url\":\"https:\\\/\\\/renatodias.online\\\/movimento\\\/wp-content\\\/uploads\\\/2021\\\/03\\\/vilasboas-e1626385699262.png\",\"contentUrl\":\"https:\\\/\\\/renatodias.online\\\/movimento\\\/wp-content\\\/uploads\\\/2021\\\/03\\\/vilasboas-e1626385699262.png\",\"width\":300,\"height\":220,\"caption\":\"Eduardo Villas Boas\"},{\"@type\":\"BreadcrumbList\",\"@id\":\"https:\\\/\\\/renatodias.online\\\/movimento\\\/2021\\\/07\\\/15\\\/a-doutrina-inventada-pelos-militares\\\/#breadcrumb\",\"itemListElement\":[{\"@type\":\"ListItem\",\"position\":1,\"name\":\"In\u00edcio\",\"item\":\"https:\\\/\\\/renatodias.online\\\/movimento\\\/\"},{\"@type\":\"ListItem\",\"position\":2,\"name\":\"A doutrina inventada pelos militares\"}]},{\"@type\":\"WebSite\",\"@id\":\"https:\\\/\\\/renatodias.online\\\/movimento\\\/#website\",\"url\":\"https:\\\/\\\/renatodias.online\\\/movimento\\\/\",\"name\":\"\",\"description\":\"\",\"publisher\":{\"@id\":\"https:\\\/\\\/renatodias.online\\\/movimento\\\/#\\\/schema\\\/person\\\/bbab28833b1725a20f4083f49f1fb2a9\"},\"potentialAction\":[{\"@type\":\"SearchAction\",\"target\":{\"@type\":\"EntryPoint\",\"urlTemplate\":\"https:\\\/\\\/renatodias.online\\\/movimento\\\/?s={search_term_string}\"},\"query-input\":{\"@type\":\"PropertyValueSpecification\",\"valueRequired\":true,\"valueName\":\"search_term_string\"}}],\"inLanguage\":\"pt-BR\"},{\"@type\":[\"Person\",\"Organization\"],\"@id\":\"https:\\\/\\\/renatodias.online\\\/movimento\\\/#\\\/schema\\\/person\\\/bbab28833b1725a20f4083f49f1fb2a9\",\"name\":\"Renato Dias\",\"image\":{\"@type\":\"ImageObject\",\"inLanguage\":\"pt-BR\",\"@id\":\"https:\\\/\\\/renatodias.online\\\/movimento\\\/wp-content\\\/uploads\\\/2023\\\/03\\\/cropped-cropped-cropped-logofinal.jpeg\",\"url\":\"https:\\\/\\\/renatodias.online\\\/movimento\\\/wp-content\\\/uploads\\\/2023\\\/03\\\/cropped-cropped-cropped-logofinal.jpeg\",\"contentUrl\":\"https:\\\/\\\/renatodias.online\\\/movimento\\\/wp-content\\\/uploads\\\/2023\\\/03\\\/cropped-cropped-cropped-logofinal.jpeg\",\"width\":1280,\"height\":219,\"caption\":\"Renato Dias\"},\"logo\":{\"@id\":\"https:\\\/\\\/renatodias.online\\\/movimento\\\/wp-content\\\/uploads\\\/2023\\\/03\\\/cropped-cropped-cropped-logofinal.jpeg\"},\"description\":\"Renato Dias, 58 anos, \u00e9 graduado em Jornalismo, formado em Ci\u00eancias Sociais, com p\u00f3s-gradua\u00e7\u00e3o em Pol\u00edticas P\u00fablicas, mestre em Direito e Rela\u00e7\u00f5es Internacionais, ex-aluno extraordin\u00e1rio do Doutorado em Psicologia Social, ex-estudante do Curso de Psican\u00e1lise do Centro de Estudos Psicanal\u00edticos do Estado de Goi\u00e1s, ministrado pelo m\u00e9dico psiquiatra e psicanalista Daniel Em\u00eddio de Souza. \u00c9 autor de 30 livros-reportagem, oito document\u00e1rios, ganhou 30 pr\u00eamios e \u00e9 torcedor apaixonado do maior do Centro-Oeste, o Vila Nova Futebol Clube. Casado com Meirilane Dias, \u00e9 pai de Juliana Dias, jornalista; Daniel Dias, economista; e Maria Rosa Dias, estudante antifascista, socialista e trotskista.\u00a0Com tr\u00eas pets: Porquinho [Bull Dog Franc\u00eas], Dalila [Basset Hound] e Geleia [Basset Hound]. Al\u00e9m do eterno gato Tutuquinho, que virou estrela.\",\"sameAs\":[\"https:\\\/\\\/www.facebook.com\\\/renato.dias.37\",\"#breve\",\"https:\\\/\\\/renatodias.tumblr.com\\\/\"],\"url\":\"https:\\\/\\\/renatodias.online\\\/movimento\\\/author\\\/renatodias\\\/\"}]}<\/script>\n<!-- \/ Yoast SEO plugin. -->","yoast_head_json":{"title":"A doutrina inventada pelos militares -","robots":{"index":"index","follow":"follow","max-snippet":"max-snippet:-1","max-image-preview":"max-image-preview:large","max-video-preview":"max-video-preview:-1"},"canonical":"https:\/\/renatodias.online\/movimento\/2021\/07\/15\/a-doutrina-inventada-pelos-militares\/","og_locale":"pt_BR","og_type":"article","og_title":"A doutrina inventada pelos militares -","og_description":"&nbsp; A doutrina inventada pelos militares para tomar o poder Maria In\u00eas Nassif Do Jornal GGN Duas semanas ap\u00f3s o dia 28 de outubro de 2018, dia em que Jair Bolsonaro foi eleito em segundo turno com 55,13% dos votos v\u00e1lidos, contra 44,87% obtidos pelo petista Fernando Haddad, uma \u201calta autoridade das For\u00e7as Armadas\u201d recebeu","og_url":"https:\/\/renatodias.online\/movimento\/2021\/07\/15\/a-doutrina-inventada-pelos-militares\/","article_publisher":"https:\/\/www.facebook.com\/renato.dias.37","article_author":"https:\/\/www.facebook.com\/renato.dias.37","article_published_time":"2021-07-15T21:48:38+00:00","og_image":[{"width":300,"height":220,"url":"https:\/\/renatodias.online\/movimento\/wp-content\/uploads\/2021\/03\/vilasboas-e1626385699262.png","type":"image\/png"}],"author":"Renato Dias","twitter_card":"summary_large_image","twitter_creator":"@RenatoDiasBat","twitter_site":"@RenatoDiasBat","twitter_misc":{"Escrito por":"Renato Dias","Est. tempo de leitura":"10 minutos"},"schema":{"@context":"https:\/\/schema.org","@graph":[{"@type":"Article","@id":"https:\/\/renatodias.online\/movimento\/2021\/07\/15\/a-doutrina-inventada-pelos-militares\/#article","isPartOf":{"@id":"https:\/\/renatodias.online\/movimento\/2021\/07\/15\/a-doutrina-inventada-pelos-militares\/"},"author":{"name":"Renato Dias","@id":"https:\/\/renatodias.online\/movimento\/#\/schema\/person\/bbab28833b1725a20f4083f49f1fb2a9"},"headline":"A doutrina inventada pelos militares","datePublished":"2021-07-15T21:48:38+00:00","mainEntityOfPage":{"@id":"https:\/\/renatodias.online\/movimento\/2021\/07\/15\/a-doutrina-inventada-pelos-militares\/"},"wordCount":1948,"commentCount":0,"publisher":{"@id":"https:\/\/renatodias.online\/movimento\/#\/schema\/person\/bbab28833b1725a20f4083f49f1fb2a9"},"image":{"@id":"https:\/\/renatodias.online\/movimento\/2021\/07\/15\/a-doutrina-inventada-pelos-militares\/#primaryimage"},"thumbnailUrl":"https:\/\/renatodias.online\/movimento\/wp-content\/uploads\/2021\/03\/vilasboas-e1626385699262.png","articleSection":["Cinema"],"inLanguage":"pt-BR","potentialAction":[{"@type":"CommentAction","name":"Comment","target":["https:\/\/renatodias.online\/movimento\/2021\/07\/15\/a-doutrina-inventada-pelos-militares\/#respond"]}]},{"@type":"WebPage","@id":"https:\/\/renatodias.online\/movimento\/2021\/07\/15\/a-doutrina-inventada-pelos-militares\/","url":"https:\/\/renatodias.online\/movimento\/2021\/07\/15\/a-doutrina-inventada-pelos-militares\/","name":"A doutrina inventada pelos militares -","isPartOf":{"@id":"https:\/\/renatodias.online\/movimento\/#website"},"primaryImageOfPage":{"@id":"https:\/\/renatodias.online\/movimento\/2021\/07\/15\/a-doutrina-inventada-pelos-militares\/#primaryimage"},"image":{"@id":"https:\/\/renatodias.online\/movimento\/2021\/07\/15\/a-doutrina-inventada-pelos-militares\/#primaryimage"},"thumbnailUrl":"https:\/\/renatodias.online\/movimento\/wp-content\/uploads\/2021\/03\/vilasboas-e1626385699262.png","datePublished":"2021-07-15T21:48:38+00:00","breadcrumb":{"@id":"https:\/\/renatodias.online\/movimento\/2021\/07\/15\/a-doutrina-inventada-pelos-militares\/#breadcrumb"},"inLanguage":"pt-BR","potentialAction":[{"@type":"ReadAction","target":["https:\/\/renatodias.online\/movimento\/2021\/07\/15\/a-doutrina-inventada-pelos-militares\/"]}]},{"@type":"ImageObject","inLanguage":"pt-BR","@id":"https:\/\/renatodias.online\/movimento\/2021\/07\/15\/a-doutrina-inventada-pelos-militares\/#primaryimage","url":"https:\/\/renatodias.online\/movimento\/wp-content\/uploads\/2021\/03\/vilasboas-e1626385699262.png","contentUrl":"https:\/\/renatodias.online\/movimento\/wp-content\/uploads\/2021\/03\/vilasboas-e1626385699262.png","width":300,"height":220,"caption":"Eduardo Villas Boas"},{"@type":"BreadcrumbList","@id":"https:\/\/renatodias.online\/movimento\/2021\/07\/15\/a-doutrina-inventada-pelos-militares\/#breadcrumb","itemListElement":[{"@type":"ListItem","position":1,"name":"In\u00edcio","item":"https:\/\/renatodias.online\/movimento\/"},{"@type":"ListItem","position":2,"name":"A doutrina inventada pelos militares"}]},{"@type":"WebSite","@id":"https:\/\/renatodias.online\/movimento\/#website","url":"https:\/\/renatodias.online\/movimento\/","name":"","description":"","publisher":{"@id":"https:\/\/renatodias.online\/movimento\/#\/schema\/person\/bbab28833b1725a20f4083f49f1fb2a9"},"potentialAction":[{"@type":"SearchAction","target":{"@type":"EntryPoint","urlTemplate":"https:\/\/renatodias.online\/movimento\/?s={search_term_string}"},"query-input":{"@type":"PropertyValueSpecification","valueRequired":true,"valueName":"search_term_string"}}],"inLanguage":"pt-BR"},{"@type":["Person","Organization"],"@id":"https:\/\/renatodias.online\/movimento\/#\/schema\/person\/bbab28833b1725a20f4083f49f1fb2a9","name":"Renato Dias","image":{"@type":"ImageObject","inLanguage":"pt-BR","@id":"https:\/\/renatodias.online\/movimento\/wp-content\/uploads\/2023\/03\/cropped-cropped-cropped-logofinal.jpeg","url":"https:\/\/renatodias.online\/movimento\/wp-content\/uploads\/2023\/03\/cropped-cropped-cropped-logofinal.jpeg","contentUrl":"https:\/\/renatodias.online\/movimento\/wp-content\/uploads\/2023\/03\/cropped-cropped-cropped-logofinal.jpeg","width":1280,"height":219,"caption":"Renato Dias"},"logo":{"@id":"https:\/\/renatodias.online\/movimento\/wp-content\/uploads\/2023\/03\/cropped-cropped-cropped-logofinal.jpeg"},"description":"Renato Dias, 58 anos, \u00e9 graduado em Jornalismo, formado em Ci\u00eancias Sociais, com p\u00f3s-gradua\u00e7\u00e3o em Pol\u00edticas P\u00fablicas, mestre em Direito e Rela\u00e7\u00f5es Internacionais, ex-aluno extraordin\u00e1rio do Doutorado em Psicologia Social, ex-estudante do Curso de Psican\u00e1lise do Centro de Estudos Psicanal\u00edticos do Estado de Goi\u00e1s, ministrado pelo m\u00e9dico psiquiatra e psicanalista Daniel Em\u00eddio de Souza. \u00c9 autor de 30 livros-reportagem, oito document\u00e1rios, ganhou 30 pr\u00eamios e \u00e9 torcedor apaixonado do maior do Centro-Oeste, o Vila Nova Futebol Clube. Casado com Meirilane Dias, \u00e9 pai de Juliana Dias, jornalista; Daniel Dias, economista; e Maria Rosa Dias, estudante antifascista, socialista e trotskista.\u00a0Com tr\u00eas pets: Porquinho [Bull Dog Franc\u00eas], Dalila [Basset Hound] e Geleia [Basset Hound]. Al\u00e9m do eterno gato Tutuquinho, que virou estrela.","sameAs":["https:\/\/www.facebook.com\/renato.dias.37","#breve","https:\/\/renatodias.tumblr.com\/"],"url":"https:\/\/renatodias.online\/movimento\/author\/renatodias\/"}]}},"_links":{"self":[{"href":"https:\/\/renatodias.online\/movimento\/wp-json\/wp\/v2\/posts\/7797","targetHints":{"allow":["GET"]}}],"collection":[{"href":"https:\/\/renatodias.online\/movimento\/wp-json\/wp\/v2\/posts"}],"about":[{"href":"https:\/\/renatodias.online\/movimento\/wp-json\/wp\/v2\/types\/post"}],"author":[{"embeddable":true,"href":"https:\/\/renatodias.online\/movimento\/wp-json\/wp\/v2\/users\/2"}],"replies":[{"embeddable":true,"href":"https:\/\/renatodias.online\/movimento\/wp-json\/wp\/v2\/comments?post=7797"}],"version-history":[{"count":1,"href":"https:\/\/renatodias.online\/movimento\/wp-json\/wp\/v2\/posts\/7797\/revisions"}],"predecessor-version":[{"id":7799,"href":"https:\/\/renatodias.online\/movimento\/wp-json\/wp\/v2\/posts\/7797\/revisions\/7799"}],"wp:featuredmedia":[{"embeddable":true,"href":"https:\/\/renatodias.online\/movimento\/wp-json\/wp\/v2\/media\/5408"}],"wp:attachment":[{"href":"https:\/\/renatodias.online\/movimento\/wp-json\/wp\/v2\/media?parent=7797"}],"wp:term":[{"taxonomy":"category","embeddable":true,"href":"https:\/\/renatodias.online\/movimento\/wp-json\/wp\/v2\/categories?post=7797"},{"taxonomy":"post_tag","embeddable":true,"href":"https:\/\/renatodias.online\/movimento\/wp-json\/wp\/v2\/tags?post=7797"}],"curies":[{"name":"wp","href":"https:\/\/api.w.org\/{rel}","templated":true}]}}