{"id":7773,"date":"2021-07-15T17:50:59","date_gmt":"2021-07-15T20:50:59","guid":{"rendered":"https:\/\/renatodias.online\/movimento\/?p=7773"},"modified":"2021-07-15T17:50:59","modified_gmt":"2021-07-15T20:50:59","slug":"os-segredos-do-araguaia-revelados","status":"publish","type":"post","link":"https:\/\/renatodias.online\/movimento\/2021\/07\/15\/os-segredos-do-araguaia-revelados\/","title":{"rendered":"Os segredos do Araguaia revelados"},"content":{"rendered":"<figure id=\"attachment_5888\" aria-describedby=\"caption-attachment-5888\" style=\"width: 600px\" class=\"wp-caption aligncenter\"><img loading=\"lazy\" decoding=\"async\" class=\"size-full wp-image-5888\" src=\"https:\/\/renatodias.online\/movimento\/wp-content\/uploads\/2021\/04\/Bomba-A-morte-da-Politica.jpg\" alt=\"explosivo\" width=\"600\" height=\"600\" \/><figcaption id=\"caption-attachment-5888\" class=\"wp-caption-text\"><span style=\"color: #008000;\"><strong>explosivo<\/strong><\/span><\/figcaption><\/figure>\n<h1 style=\"text-align: center;\"><span style=\"color: #ff0000;\">Os segredos do Araguaia revelados<\/span><\/h1>\n<p><strong>Vasconcelo Quadros<\/strong><\/p>\n<p><span style=\"color: #ff6600;\"><strong>Da Ag\u00eancia P\u00fablica<\/strong><\/span><\/p>\n<figure id=\"attachment_7406\" aria-describedby=\"caption-attachment-7406\" style=\"width: 1033px\" class=\"wp-caption alignnone\"><img loading=\"lazy\" decoding=\"async\" class=\"size-full wp-image-7406\" src=\"https:\/\/renatodias.online\/movimento\/wp-content\/uploads\/2021\/06\/Infografico-_-A-Guerrilha-do-Araguaia-_-1966-1975.jpg\" alt=\"\" width=\"1033\" height=\"1280\" \/><figcaption id=\"caption-attachment-7406\" class=\"wp-caption-text\"><strong>A Guerrilha do Araguaia _ 1966-1975<\/strong><\/figcaption><\/figure>\n<p>Pesquisadora do per\u00edodo da ditadura, a jornalista Myrian Luiz Alves descobriu pistas que podem acrescentar um cap\u00edtulo escabroso sobre o exterm\u00ednio da Guerrilha do Araguaia pelo regime militar: desaparecidos pol\u00edticos que integravam organiza\u00e7\u00f5es armadas urbanas teriam sido levados clandestinamente para a regi\u00e3o e executados juntos com os militantes do PCdoB em 1974.\u00a0 Com base em documentos e no cruzamento de informa\u00e7\u00f5es de fontes militares, Myrian afirmou \u00e0\u00a0<strong>Ag\u00eancia P\u00fablica<\/strong>\u00a0que h\u00e1 fortes evid\u00eancias de que cinco militantes da A\u00e7\u00e3o Popular Marxista Leninista (APML) tenham sido inclu\u00eddos numa viagem sem volta do Rio de Janeiro a Marab\u00e1. Ela sustenta que um deles \u00e9 o ex-presidente da Uni\u00e3o Nacional de Estudantes (UNE), Honestino Guimar\u00e3es. Outras v\u00edtimas do mesmo esquema seriam o funcion\u00e1rio p\u00fablico Fernando Santa Cruz de Oliveira, pai do atual presidente da Ordem dos Advogados do Brasil (OAB), Felipe Santa Cruz, na \u00e9poca com 2 anos de idade, e seu amigo de inf\u00e2ncia e companheiro de milit\u00e2ncia, o estudante de Direito Eduardo Collier Filho.<\/p>\n<figure id=\"attachment_7775\" aria-describedby=\"caption-attachment-7775\" style=\"width: 1200px\" class=\"wp-caption alignnone\"><img loading=\"lazy\" decoding=\"async\" class=\"size-full wp-image-7775\" src=\"https:\/\/renatodias.online\/movimento\/wp-content\/uploads\/2021\/07\/Honestino-Monteiro-Guimaraes-UNE-1.jpg\" alt=\"\" width=\"1200\" height=\"675\" \/><figcaption id=\"caption-attachment-7775\" class=\"wp-caption-text\"><strong>Honestino Monteiro Guimar\u00e3es &#8211; UNE<\/strong><\/figcaption><\/figure>\n<p id=\"m_5436039291488215975funcion\u00e1rio-p\u00fablico-Fernando-Santa-Cruz-de-Oliveira\">Os documentos do per\u00edodo informam que Santa Cruz e Collier Filho foram presos no dia 23 de fevereiro de 1974 em Copacabana, no Rio de Janeiro, e levados para S\u00e3o Paulo \u2013 dois dias depois\u00a0 familiares confirmaram a presen\u00e7a deles na sede do II Ex\u00e9rcito, na capital paulista. Honestino Guimar\u00e3es tamb\u00e9m foi preso no Rio, quatro meses antes, em 10 de outubro de 1973, e transferido para Bras\u00edlia. O sil\u00eancio das For\u00e7as Armadas que, quase meio s\u00e9culo depois, se recusam a abrir oficialmente seus arquivos, tornou a Guerrilha do Araguaia o mais forte dos casos, cheio de fios soltos.\u00a0 Ocorrido entre 1972 e 1975, o conflito envolveu o PCdoB e as For\u00e7as Armadas. O n\u00famero de desaparecidos \u00e9 controverso. Pesquisadores estimam entre 59 e 68 militantes, dois ter\u00e7os dos quais teriam sido eliminados depois de feitos prisioneiros. Cerca de duas dezenas de camponeses que aderiram \u00e0 guerrilha tamb\u00e9m teriam sido mortos.<\/p>\n<p><img loading=\"lazy\" decoding=\"async\" class=\"size-full wp-image-7135 aligncenter\" src=\"https:\/\/renatodias.online\/movimento\/wp-content\/uploads\/2021\/06\/Mortos-e-desaparecidos-na-Guerrilha-do-Araguaia.jpg\" alt=\"\" width=\"768\" height=\"1114\" srcset=\"https:\/\/renatodias.online\/movimento\/wp-content\/uploads\/2021\/06\/Mortos-e-desaparecidos-na-Guerrilha-do-Araguaia.jpg 768w, https:\/\/renatodias.online\/movimento\/wp-content\/uploads\/2021\/06\/Mortos-e-desaparecidos-na-Guerrilha-do-Araguaia-207x300.jpg 207w, https:\/\/renatodias.online\/movimento\/wp-content\/uploads\/2021\/06\/Mortos-e-desaparecidos-na-Guerrilha-do-Araguaia-706x1024.jpg 706w, https:\/\/renatodias.online\/movimento\/wp-content\/uploads\/2021\/06\/Mortos-e-desaparecidos-na-Guerrilha-do-Araguaia-750x1088.jpg 750w\" sizes=\"auto, (max-width: 768px) 100vw, 768px\" \/><\/p>\n<p>Ao analisar duas publica\u00e7\u00f5es de filhos de militares que participaram da repress\u00e3o \u00e0 \u00e9poca da ditadura, Myrian Alves encontrou as pontas que, segundo ela, amarram o destino de alguns militantes da APML e colocam a possibilidade de que outros quadros da esquerda armada que atuavam em centros urbanos tamb\u00e9m possam ter sido transportados e mortos no Araguaia. Um dos livros \u00e9\u00a0<em>Sem Vest\u00edgios<\/em>, de 2008, da jornalista Ta\u00eds Morais; o outro \u00e9\u00a0<em>Borboletas e Lobisomens<\/em>, de 2018, origin\u00e1rio da tese de doutorado do jornalista e historiador da Universidade de Bras\u00edlia (UnB), Hugo Studart. Ta\u00eds \u00e9 filha do sargento do Ex\u00e9rcito Jos\u00e9 dos Reis, agente que usava o codinome \u201cR\u00e9gis\u201d<em>,<\/em>\u00a0e Studart do coronel da Aeron\u00e1utica Jonas Alves Corr\u00eaa (falecido no ano passado), dois militares com forte atua\u00e7\u00e3o na repress\u00e3o \u00e0 guerrilha.<\/p>\n<figure id=\"attachment_4598\" aria-describedby=\"caption-attachment-4598\" style=\"width: 500px\" class=\"wp-caption aligncenter\"><img loading=\"lazy\" decoding=\"async\" class=\"size-full wp-image-4598\" src=\"https:\/\/renatodias.online\/movimento\/wp-content\/uploads\/2020\/09\/Guerrilha-do-Araguaia-2.jpg\" alt=\"Guerrilha do Araguaia\" width=\"500\" height=\"281\" srcset=\"https:\/\/renatodias.online\/movimento\/wp-content\/uploads\/2020\/09\/Guerrilha-do-Araguaia-2.jpg 500w, https:\/\/renatodias.online\/movimento\/wp-content\/uploads\/2020\/09\/Guerrilha-do-Araguaia-2-300x169.jpg 300w\" sizes=\"auto, (max-width: 500px) 100vw, 500px\" \/><figcaption id=\"caption-attachment-4598\" class=\"wp-caption-text\"><strong>Guerrilha do Araguaia<\/strong><\/figcaption><\/figure>\n<p>Ta\u00eds j\u00e1 havia tratado do tema em 2005 numa das publica\u00e7\u00f5es de refer\u00eancia,\u00a0Opera\u00e7\u00e3o Araguaia, os arquivos secretos da guerrilha, em parceria com o jornalista Eumano Silva. Tr\u00eas anos depois, com novos documentos, ela escreveu sozinha o romance\u00a0Sem Vest\u00edgios, onde revela a presen\u00e7a do pai de Hugo Studart, Jonas, nas opera\u00e7\u00f5es do Araguaia. Tamb\u00e9m relata que o militar entregou Honestino Guimar\u00e3es no Araguaia ao personagem fict\u00edcio de seu livro,\u00a0Carioca<em>,<\/em>\u00a0que na vida real era o sargento Joaquim Artur Lopes de Souza, conhecido no Araguaia pelo codinome de Ivan. Agentes do Centro de Informa\u00e7\u00f5es do Ex\u00e9rcito (CIE) e amigos, Ivan e R\u00e9gis formariam a principal dupla nas execu\u00e7\u00f5es de mais de uma dezena de prisioneiros, segundo Studart. O livro de Ta\u00eds levanta as primeiras hip\u00f3teses sobre a presen\u00e7a de militantes urbanos no Araguaia: \u201cNem todos os subversivos mortos no Araguaia haviam sido detidos ali mesmo. Muitos foram trazidos de outros cantos. Foi o caso do goiano Honestino Monteiro Guimar\u00e3es (\u2026). Quem o escoltava era o coronel Jonas, da Aeron\u00e1utica, acompanhado por quatro agentes da equipe\u201d, escreveu.<\/p>\n<p>Em\u00a0Borboletas e Lobisomens\u00a0Hugo Studart \u2013 sem dizer que o personagem a que se referia era seu pai \u2013 escreveu que, em julho de 1974 o antigo chefe de Opera\u00e7\u00f5es do Cisa (Centro de Informa\u00e7\u00f5es Secretas da Aeron\u00e1utica), o coronel aviador Jonas Alves Corr\u00eaa pilotou o jatinho HS-125 que decolou do Gale\u00e3o com destino a Marab\u00e1, onde entregou \u201ccinco prisioneiros encapuzados\u201d aos cuidados do sargento Jos\u00e9 dos Reis (o pai de Ta\u00eds), e do major do Ex\u00e9rcito, Le\u00f4nidas Soriano Caldas.<\/p>\n<p>No decorrer do livro, 158 p\u00e1ginas depois, ele afirma que Jos\u00e9 dos Reis e Caldas \u201cexecutaram na mata\u201d os cinco prisioneiros. Segundo ele, no per\u00edodo das chuvas de 1974, as enxurradas haviam levado parte da terra de uma cova rasa, trazendo \u00e0 superf\u00edcie um detalhe macabro que descreve secamente: \u201cum cachorro sentiu o cheiro, escavou e encontrou uma m\u00e3o humana\u201d. Alertado, um grupo de militares foi at\u00e9 o local. \u201cEscavaram e, quando tiraram o corpo, havia outro embaixo. Tiraram. Mais dois corpos lado a lado. No fundo, mais um corpo. Cinco corpos numa mesma cova rasa\u201d, conta, ligando os corpos \u00e0 miss\u00e3o que seu pai recebera, em julho, de transportar at\u00e9 Marab\u00e1 os militantes vivos. \u201cPor essa conflu\u00eancia de ind\u00edcios, \u00e9 quase certo que os cinco prisioneiros transportados do Rio de Janeiro para Marab\u00e1, em julho de 1974, sejam os mesmos cinco corpos encontrados amontoados, em cova rasa, em dezembro do mesmo ano\u201d. Ele n\u00e3o cita nomes.<\/p>\n<figure id=\"attachment_6163\" aria-describedby=\"caption-attachment-6163\" style=\"width: 816px\" class=\"wp-caption alignnone\"><img loading=\"lazy\" decoding=\"async\" class=\"size-full wp-image-6163\" src=\"https:\/\/renatodias.online\/movimento\/wp-content\/uploads\/2021\/04\/Hugo-Studart-1.jpg\" alt=\"Hugo Studart\" width=\"816\" height=\"1232\" srcset=\"https:\/\/renatodias.online\/movimento\/wp-content\/uploads\/2021\/04\/Hugo-Studart-1.jpg 816w, https:\/\/renatodias.online\/movimento\/wp-content\/uploads\/2021\/04\/Hugo-Studart-1-199x300.jpg 199w, https:\/\/renatodias.online\/movimento\/wp-content\/uploads\/2021\/04\/Hugo-Studart-1-678x1024.jpg 678w, https:\/\/renatodias.online\/movimento\/wp-content\/uploads\/2021\/04\/Hugo-Studart-1-768x1160.jpg 768w, https:\/\/renatodias.online\/movimento\/wp-content\/uploads\/2021\/04\/Hugo-Studart-1-750x1132.jpg 750w\" sizes=\"auto, (max-width: 816px) 100vw, 816px\" \/><figcaption id=\"caption-attachment-6163\" class=\"wp-caption-text\"><strong>Hugo Studart<\/strong><\/figcaption><\/figure>\n<p id=\"m_5436039291488215975dois-livros-tratam-de-um-mesmo-fato\">Myrian Alves diz que os dois livros tratam de um mesmo fato, cuja credibilidade est\u00e1 no perfil das fontes. A probabilidade de os outros dois nomes serem mesmo Santa Cruz e Collier, segundo ela, aparece no livro de Ta\u00eds, que procura passar informa\u00e7\u00f5es codificadas, segundo a pesquisadora. \u201cBasta fazer o cruzamento das informa\u00e7\u00f5es. Quando Ta\u00eds apresenta o nome Jonas [pai do Hugo], entregando Honestino, um \u201cargentino e um franc\u00eas\u201d, al\u00e9m de outro cujo nome seria Bacuri [codinome de Eduardo Collen Leite, um equ\u00edvoco Ta\u00eds admite, j\u00e1 que Bacuri seria assassinado no litoral de S\u00e3o Paulo em dezembro de 1970], fica evidente de quem se trata: Santa Cruz nome espanhol, ou castelhano, e Collier, evidentemente, franc\u00eas. Posteriormente, Hugo afirma que o pai de Ta\u00eds e outro agente seriam os respons\u00e1veis pela execu\u00e7\u00e3o, no Araguaia. E afirma, ainda, que Jonas era o respons\u00e1vel por \u201cvirar\u201d [transformar em informantes] militantes nas cidades. Creio que o objetivo dos militares era a acarea\u00e7\u00e3o, para saber at\u00e9 que ponto estavam organizados\u201d, afirma Myrian.<\/p>\n<p>A jornalista lamenta a op\u00e7\u00e3o adotada pelos colegas de n\u00e3o revelar o v\u00ednculo familiar com as fontes. \u201cConhe\u00e7o a Ta\u00eds e o Hugo. Seria mais honesto cada um contar a verdade: meu pai me disse isso e aquilo. Ningu\u00e9m perguntou a Ta\u00eds ou pediu para ver o tal di\u00e1rio do\u00a0<em>Carioca<\/em>\u00a0[suposto relato que ela diz ter sido deixado por Ivan e que usa para contar hist\u00f3rias vividas por seu pai], j\u00e1 morto\u201d, diz Myrian, com uma revela\u00e7\u00e3o de bastidor importante para se compreender a intrincada trama: \u201cNo caso do Honestino, o Hugo me ligou em abril de 2018, antes do lan\u00e7amento do livro\u00a0Borboletas e Lobisomens, pedindo-me um conselho. Contou-me que o pai dele lhe disse que foi ele quem levou Honestino e outros tr\u00eas ou quatro, sequestrados no Rio, para serem mortos no Araguaia e que o pai da Ta\u00eds era envolvido na morte deles [segundo o pr\u00f3prio pai teria lhe dito].<\/p>\n<p>Ent\u00e3o, Hugo me perguntou se ele deveria colocar isso no livro. Est\u00e1vamos em 2018. E eu respondi: \u2018se o seu pai disse, coloca\u2019. Nem precisava esperar o livro. Meses antes, ele me pediu para revisar a tese de doutorado dele [UnB], que gerou o livro, e n\u00e3o havia nada sobre isso. Naquele momento, eu n\u00e3o tinha o livro da Ta\u00eds em m\u00e3os. Quando peguei novamente o livro, cruzei. O coronel L\u00edcio Maciel [que era do CIE e atuou na repress\u00e3o \u00e0 guerrilha], em seu blog, afirmava que o Hugo tinha somente lido o relat\u00f3rio, ou dossi\u00ea, da Aeron\u00e1utica, e, ainda, que o pai do Hugo tinha o mesmo papel que ele, L\u00edcio, que era o de formar grupos de agentes que atuaram no Araguaia e em outros casos\u201d, revela.<\/p>\n<p>Myrian tamb\u00e9m critica o fato de Hugo, ao contr\u00e1rio de Ta\u00eds, ter afirmado no livro que v\u00e1rios guerrilheiros sa\u00edram de l\u00e1 vivos, porque teriam feito \u201cdela\u00e7\u00e3o premiada\u201d, termo que nem existia naquela \u00e9poca. \u201cNem os militares, que forneceram fotos, documentos, etc, chegaram ao ponto de \u2018queimar\u2019 a hist\u00f3ria daqueles jovens chamando-os de delatores. Foram executados, e \u00e9 isso que temos de contar\u201d, disse. Ela se refere aqui a um dos cap\u00edtulos mais controversos de\u00a0Borboletas e Lobisomens, em que o jornalista sustenta que sete guerrilheiros dados como desaparecidos sobreviveram mediante \u201cdela\u00e7\u00e3o premiada\u201d e, com identidades falsas, foram inclu\u00eddos no programa de prote\u00e7\u00e3o \u00e0 testemunha. Myrian diz que n\u00e3o h\u00e1 provas sobre essa afirma\u00e7\u00e3o, negada tamb\u00e9m por familiares dos desaparecidos.<\/p>\n<p>A jornalista considera estranho que a Comiss\u00e3o de Mortos e Desaparecidos n\u00e3o tenha cruzado as informa\u00e7\u00f5es dos dois livros. Citado expressamente, Honestino Guimar\u00e3es d\u00e1 nome ao Museu Nacional da Rep\u00fablica, em Bras\u00edlia, \u00e9 o \u00fanico presidente da UNE desaparecido e sua atua\u00e7\u00e3o est\u00e1 fortemente ligada ao movimento estudantil da Universidade de Bras\u00edlia (UnB), onde estudava geologia at\u00e9 cair na clandestinidade. \u201cArrasta-se e repete-se por anos as mesmas informa\u00e7\u00f5es, sem o aprofundamento que deveria contribuir para os fatos de nossa hist\u00f3ria e em total desrespeito aos envolvidos\u201d, diz ela. Tamb\u00e9m critica a Comiss\u00e3o da Verdade \u201cque sequer trabalhou direito no caso Araguaia\u201d, segundo a jornalista.<\/p>\n<p>Em 2008, ao tocar por conta pr\u00f3pria uma pesquisa antropol\u00f3gica sobre corpos retirados do Cemit\u00e9rio de Xambio\u00e1 (TO), Myrian encontrou ind\u00edcios que levaram a Comiss\u00e3o de Direitos Humanos da C\u00e2mara dos Deputados e a Secretaria Nacional de Direitos Humanos a confirmarem, por exame de DNA, que os restos mortais eram do estudante de qu\u00edmica da Universidade Federal do Cear\u00e1, Bergson Gurj\u00e3o Farias, primeiro militante do PCdoB morto em 1972, num confronto com uma patrulha do Ex\u00e9rcito no Araguaia.<\/p>\n<p>A jornalista responsabiliza tamb\u00e9m a c\u00fapula das For\u00e7as Armadas que continua negando informa\u00e7\u00f5es sobre mortos e desaparecidos durante a ditadura. \u201cQue os militares contem logo tudo sem precisar recorrer aos filhos. Evitaria situa\u00e7\u00f5es como o caso do Hugo, que participou da Comiss\u00e3o da Verdade, integrou o Grupo de Trabalho Tocantins [GTT encabe\u00e7ado pelos militares para cumprir uma senten\u00e7a judicial \u00e0 procura, sem sucesso, de corpos de guerrilheiros], hoje pertence ao conselho do Instituto General Villas Boas (IGVB) e d\u00e1 aula de democracia extra curricular na UnB, onde estudava Honestino. Considero tudo isso um esc\u00e1rnio\u201d.<\/p>\n<p>Por tudo que j\u00e1 pesquisou, ela acha que os corpos est\u00e3o em cemit\u00e9rios da regi\u00e3o do conflito e afasta a hip\u00f3tese de que tenha ocorrido a \u201copera\u00e7\u00e3o limpeza\u201d, destinada a queimar e destruir corpos, vers\u00e3o que ela considera como estrat\u00e9gia de contra informa\u00e7\u00e3o difundida pelos militares que teria sido aceita sem questionamentos por muitos pesquisadores. Um dos prov\u00e1veis locais, segundo ela, \u00e9 o Cemit\u00e9rio do Bairro Cidade Alta, numa \u00e1rea da Aeron\u00e1utica, em frente ao Aeroporto de Marab\u00e1, a poucos metros de onde funcionava um centro de tortura e de poss\u00edveis execu\u00e7\u00f5es, conhecido como Casa Azul. \u201cQuando come\u00e7amos a pesquisar esse cemit\u00e9rio pelo GTT, em 2011, o assunto foi desviado, como, ali\u00e1s, sempre acontece\u201d, conta. Ela acha que outros prov\u00e1veis locais de sepultamento sejam cemit\u00e9rios de cidades que ficam no circuito onde se deu a guerrilha (conflu\u00eancia do Par\u00e1, Maranh\u00e3o e Tocantins), como o de Xambio\u00e1, de onde foram retirados os ossos de Bergson e outra militante do PCdoB, Maria L\u00facia Petit, identificada em 1996, os dois \u00fanicos corpos de militantes do Araguaia entregues \u00e0s fam\u00edlias.<\/p>\n<p>Procurado por\u00a0<strong>P\u00fablica<\/strong>, Studart negou que Honestino Guimar\u00e3es seja um dos presos levados por seu pai e acrescentou uma vers\u00e3o ainda mais pol\u00eamica que diz ter amparo em fontes militares mantidas em off: o ex-presidente da UNE teria sido um dos militantes poupados por militares e enviados para fora do pa\u00eds, afirma\u00e7\u00e3o que Ta\u00eds Morais recha\u00e7ou em entrevista \u00e0\u00a0<strong>P\u00fablica.\u00a0<\/strong>\u00a0Segundo ela, pelos documentos e relatos aos quais teve acesso, Honestino foi mesmo levado para o Araguaia; ela tamb\u00e9m acredita que Eduardo Collier Filho \u00e9\u00a0 um dos outros citados, embora tenha d\u00favidas sobre Santa Cruz.<\/p>\n<p><img loading=\"lazy\" decoding=\"async\" class=\"alignnone size-full wp-image-7782\" src=\"https:\/\/renatodias.online\/movimento\/wp-content\/uploads\/2021\/07\/Fernando-Santa-Cruz.jpg\" alt=\"\" width=\"1601\" height=\"2400\" srcset=\"https:\/\/renatodias.online\/movimento\/wp-content\/uploads\/2021\/07\/Fernando-Santa-Cruz.jpg 1601w, https:\/\/renatodias.online\/movimento\/wp-content\/uploads\/2021\/07\/Fernando-Santa-Cruz-200x300.jpg 200w, https:\/\/renatodias.online\/movimento\/wp-content\/uploads\/2021\/07\/Fernando-Santa-Cruz-683x1024.jpg 683w, https:\/\/renatodias.online\/movimento\/wp-content\/uploads\/2021\/07\/Fernando-Santa-Cruz-768x1151.jpg 768w, https:\/\/renatodias.online\/movimento\/wp-content\/uploads\/2021\/07\/Fernando-Santa-Cruz-1025x1536.jpg 1025w, https:\/\/renatodias.online\/movimento\/wp-content\/uploads\/2021\/07\/Fernando-Santa-Cruz-1366x2048.jpg 1366w, https:\/\/renatodias.online\/movimento\/wp-content\/uploads\/2021\/07\/Fernando-Santa-Cruz-750x1124.jpg 750w\" sizes=\"auto, (max-width: 1601px) 100vw, 1601px\" \/><\/p>\n<p><strong>Fernando Santa Cruz<\/strong><\/p>\n<p>O presidente da OAB, Felipe Santa Cruz disse \u00e0\u00a0<strong>P\u00fablica<\/strong> que a fam\u00edlia nunca tinha ouvido falar na vers\u00e3o de que seu pai possa ter sido levado para o Araguaia, mas acha que o caso deve ser investigado pela rela\u00e7\u00e3o pr\u00f3xima que ele e Collier Filho tinham com Honestino Guimar\u00e3es e pela cronologia dos relatos sobre desaparecidos da APLM feitos por Myrian Luiz Alves. A pesquisadora aponta tamb\u00e9m que no grupo de \u201cencapuzados\u201d possam estar outros dois desaparecidos que integravam a dire\u00e7\u00e3o da organiza\u00e7\u00e3o, o ex-deputado estadual de Santa Catarina, Paulo Wright (irm\u00e3o do pastor protestante James Wright que ajudou a organizar, junto com o ex-arcebispo de S\u00e3o Paulo, Dom Paulo Evaristo Arns, o dossi\u00ea Brasil Nunca Mais) e o estudante de economia Gildo Macedo Lacerda.<\/p>\n<figure id=\"attachment_7780\" aria-describedby=\"caption-attachment-7780\" style=\"width: 398px\" class=\"wp-caption aligncenter\"><img loading=\"lazy\" decoding=\"async\" class=\"size-full wp-image-7780\" src=\"https:\/\/renatodias.online\/movimento\/wp-content\/uploads\/2021\/07\/Gildo-Lacerda.jpg\" alt=\"\" width=\"398\" height=\"500\" srcset=\"https:\/\/renatodias.online\/movimento\/wp-content\/uploads\/2021\/07\/Gildo-Lacerda.jpg 398w, https:\/\/renatodias.online\/movimento\/wp-content\/uploads\/2021\/07\/Gildo-Lacerda-239x300.jpg 239w\" sizes=\"auto, (max-width: 398px) 100vw, 398px\" \/><figcaption id=\"caption-attachment-7780\" class=\"wp-caption-text\"><strong>Gildo Lacerda<\/strong><\/figcaption><\/figure>\n<p>Wright \u00e9 dado como desaparecido em 1 de setembro de 1973 e Gildo, em 28 de outubro do mesmo ano. Para encobrir o sumi\u00e7o dos dois, a pol\u00edcia de Recife criou um epis\u00f3dio conhecido como \u201cTeatro de Caxang\u00e1\u201d, vers\u00e3o inveross\u00edmil em que os pr\u00f3prios ativistas teriam travado um tiroteio. Os dois faziam a rela\u00e7\u00e3o da organiza\u00e7\u00e3o com movimentos rurais do Nordeste.<\/p>\n<figure id=\"attachment_7777\" aria-describedby=\"caption-attachment-7777\" style=\"width: 272px\" class=\"wp-caption aligncenter\"><img loading=\"lazy\" decoding=\"async\" class=\"size-full wp-image-7777\" src=\"https:\/\/renatodias.online\/movimento\/wp-content\/uploads\/2021\/07\/Paulo-Stuart-Wright-e1626381993776.jpg\" alt=\"\" width=\"272\" height=\"185\" \/><figcaption id=\"caption-attachment-7777\" class=\"wp-caption-text\"><strong>Paulo Stuart Wright<\/strong><\/figcaption><\/figure>\n<p>Myrian diz que no per\u00edodo de fus\u00e3o com o PCdoB, em 1973, a APML era a organiza\u00e7\u00e3o mais aguerrida, com cerca de mil militantes, o que explica ter se tornado alvo do grupo de agentes do CIE. Esses agentes estariam encarregados de atuar contra os grupos da esquerda armada que se juntavam para fortalecer a guerrilha rural. Entre eles, ela cita a ALN, MRT, MOLIPO, PCBR e o PCB, cujas dire\u00e7\u00f5es seriam eliminadas cirurgicamente pelos militares, bloqueando eventuais alian\u00e7as e isolando os guerrilheiros do PCdoB.<\/p>\n<p><img loading=\"lazy\" decoding=\"async\" class=\"size-full wp-image-7291 aligncenter\" src=\"https:\/\/renatodias.online\/movimento\/wp-content\/uploads\/2021\/06\/Bandeira-do-PC-do-B-e1624241226183.jpg\" alt=\"\" width=\"300\" height=\"275\" \/><\/p>\n<p>&nbsp;<\/p>\n<p>Outra preocupa\u00e7\u00e3o constante dos militares, segundo Myrian, era com o poss\u00edvel apoio externo dos guerrilheiros do Araguaia, como os regimes comunistas da China (pa\u00eds em que os militantes fizeram treinamento) e da Alb\u00e2nia. \u201cH\u00e1 documentos militares, como na Opera\u00e7\u00e3o Marajoara, afirmando que era preciso eliminar essa alian\u00e7a e seus quadros. E \u00e9 isso que v\u00e3o fazer, ao executar prisioneiros da guerrilha em 1974, mesmo com testemunhas de que foram capturados vivos.<\/p>\n<figure id=\"attachment_7523\" aria-describedby=\"caption-attachment-7523\" style=\"width: 300px\" class=\"wp-caption aligncenter\"><img loading=\"lazy\" decoding=\"async\" class=\"size-full wp-image-7523\" src=\"https:\/\/renatodias.online\/movimento\/wp-content\/uploads\/2021\/07\/Mao-Tse-tung-_-100-anos-e1625195681845.jpg\" alt=\"\" width=\"300\" height=\"225\" \/><figcaption id=\"caption-attachment-7523\" class=\"wp-caption-text\"><strong>Mao-Ts\u00e9-tung : 100 anos do PCC<\/strong><\/figcaption><\/figure>\n<p>O relat\u00f3rio da Marinha do per\u00edodo n\u00e3o mente: preso em tal dia, morto em dia tal. Outro documento diz que a APML n\u00e3o poderia se unir ao PCdoB porque elevaria o n\u00edvel intelectual. Sim, porque vinham com conhecimento religioso, penetra\u00e7\u00e3o maior no movimento rural (de lavradores ligados \u00e0 Igreja), no movimento estudantil. E o PCdoB j\u00e1 tinha a pr\u00e1tica do terreno na Amaz\u00f4nia\u201d, conta Myrian. A APML se desmembrou da A\u00e7\u00e3o Popular (AP), organiza\u00e7\u00e3o que tinha na dire\u00e7\u00e3o o senador Jos\u00e9 Serra (PSDB-SP) e o soci\u00f3logo Herbert de Souza, o Betinho.<\/p>\n<figure id=\"attachment_7778\" aria-describedby=\"caption-attachment-7778\" style=\"width: 800px\" class=\"wp-caption alignnone\"><img loading=\"lazy\" decoding=\"async\" class=\"size-full wp-image-7778\" src=\"https:\/\/renatodias.online\/movimento\/wp-content\/uploads\/2021\/07\/Jose-Porfirio-de-Souza.jpg\" alt=\"\" width=\"800\" height=\"800\" srcset=\"https:\/\/renatodias.online\/movimento\/wp-content\/uploads\/2021\/07\/Jose-Porfirio-de-Souza.jpg 800w, https:\/\/renatodias.online\/movimento\/wp-content\/uploads\/2021\/07\/Jose-Porfirio-de-Souza-300x300.jpg 300w, https:\/\/renatodias.online\/movimento\/wp-content\/uploads\/2021\/07\/Jose-Porfirio-de-Souza-150x150.jpg 150w, https:\/\/renatodias.online\/movimento\/wp-content\/uploads\/2021\/07\/Jose-Porfirio-de-Souza-768x768.jpg 768w, https:\/\/renatodias.online\/movimento\/wp-content\/uploads\/2021\/07\/Jose-Porfirio-de-Souza-750x750.jpg 750w\" sizes=\"auto, (max-width: 800px) 100vw, 800px\" \/><figcaption id=\"caption-attachment-7778\" class=\"wp-caption-text\"><strong>Jos\u00e9 Porf\u00edrio de Souza<\/strong><\/figcaption><\/figure>\n<p>O movimento em dire\u00e7\u00e3o ao Araguaia envolvia tamb\u00e9m remanescentes da Revolta Trombas e Formoso, conflito ocorrido no Norte de Goi\u00e1s entre 1955 e 1961, cujo l\u00edder, o lend\u00e1rio Jos\u00e9 Porf\u00edrio de Souza foi preso na regi\u00e3o em 1972. Levado para a pris\u00e3o do Ex\u00e9rcito em Bras\u00edlia e, solto depois de cumprir a pena, desapareceu em Goi\u00e2nia em junho de 1973. Os militares temiam Porf\u00edrio pela for\u00e7a de sua trajet\u00f3ria: organizou e comandou a vit\u00f3ria dos posseiros no conflito com grileiros apoiados pela pol\u00edcia e foi o primeiro deputado de origem camponesa, eleito em 1962.<\/p>\n<figure id=\"attachment_7779\" aria-describedby=\"caption-attachment-7779\" style=\"width: 1345px\" class=\"wp-caption alignnone\"><img loading=\"lazy\" decoding=\"async\" class=\"size-full wp-image-7779\" src=\"https:\/\/renatodias.online\/movimento\/wp-content\/uploads\/2021\/07\/Arthur-da-Costa-e-Silva.jpg\" alt=\"\" width=\"1345\" height=\"800\" srcset=\"https:\/\/renatodias.online\/movimento\/wp-content\/uploads\/2021\/07\/Arthur-da-Costa-e-Silva.jpg 1345w, https:\/\/renatodias.online\/movimento\/wp-content\/uploads\/2021\/07\/Arthur-da-Costa-e-Silva-300x178.jpg 300w, https:\/\/renatodias.online\/movimento\/wp-content\/uploads\/2021\/07\/Arthur-da-Costa-e-Silva-768x457.jpg 768w, https:\/\/renatodias.online\/movimento\/wp-content\/uploads\/2021\/07\/Arthur-da-Costa-e-Silva-750x446.jpg 750w\" sizes=\"auto, (max-width: 1345px) 100vw, 1345px\" \/><figcaption id=\"caption-attachment-7779\" class=\"wp-caption-text\"><strong>Arthur da Costa e Silva<\/strong><\/figcaption><\/figure>\n<p>Porf\u00edrio era filiado ao PCB, depois migrou para a AP e, para engrossar a luta armada, fundou o Partido Revolucion\u00e1rio dos Trabalhadores (PRT) junto com outro dissidente da mesma organiza\u00e7\u00e3o, o padre Al\u00edpio de Freitas, mentor do atentado a bomba no Aeroporto de Guararapes, no Recife, em 1966, cujo alvo era o ex-presidente Costa e Silva. Diz Myrian: \u201cN\u00e3o havia somente a \u201cguerrilha\u201d fechada na regi\u00e3o. Quem estava l\u00e1, aguardava o ingresso de outros. O que houve, de fato, foi o impedimento de entrada, o abandono de guerrilheiros, pelo partido, \u00e0 pr\u00f3pria sorte, e a neutraliza\u00e7\u00e3o dos quadros da APML, como est\u00e1 claro nos documentos\u201d, afirma.<\/p>\n<p>Segundo ela, os planos da esquerda armada era criar uma zona liberada no cora\u00e7\u00e3o da Amaz\u00f4nia, na \u00e9poca uma regi\u00e3o pouco conhecida, onde depois se descobriria uma das maiores jazidas minerais do planeta. \u201cQuando os militares perceberam no que podia resultar, fecharam o cerco e silenciaram as informa\u00e7\u00f5es externas\u201d, afirma. A decis\u00e3o pelo exterm\u00ednio do foco guerrilheiro, entre setembro de 1973 e in\u00edcio de 1975, na chamada Opera\u00e7\u00e3o Marajoara, terminou em torturas, execu\u00e7\u00f5es a sangue frio e o deliberado sumi\u00e7o de corpos, o que explica o sil\u00eancio militar, as lacunas na hist\u00f3ria e um pouco do Brasil atual.<\/p>\n<p><span style=\"color: #800000;\"><strong>Vasconcelo Quadros<\/strong><\/span><\/p>\n<p><span style=\"color: #0000ff;\"><strong>Da Ag\u00eancia P\u00fablica<\/strong><\/span><\/p>\n","protected":false},"excerpt":{"rendered":"<p>Os segredos do Araguaia revelados Vasconcelo Quadros Da Ag\u00eancia P\u00fablica Pesquisadora do per\u00edodo da ditadura, a jornalista Myrian Luiz Alves descobriu pistas que podem acrescentar um cap\u00edtulo escabroso sobre o exterm\u00ednio da Guerrilha do Araguaia pelo regime militar: desaparecidos pol\u00edticos que integravam organiza\u00e7\u00f5es armadas urbanas teriam sido levados clandestinamente para a regi\u00e3o e executados juntos<\/p>\n","protected":false},"author":2,"featured_media":6063,"comment_status":"open","ping_status":"open","sticky":false,"template":"","format":"standard","meta":{"_acf_changed":false,"_monsterinsights_skip_tracking":false,"_monsterinsights_sitenote_active":false,"_monsterinsights_sitenote_note":"","_monsterinsights_sitenote_category":0,"footnotes":""},"categories":[1],"tags":[],"class_list":["post-7773","post","type-post","status-publish","format-standard","has-post-thumbnail","hentry","category-cinema"],"acf":[],"yoast_head":"<!-- This site is optimized with the Yoast SEO plugin v27.4 - https:\/\/yoast.com\/product\/yoast-seo-wordpress\/ -->\n<title>Os segredos do Araguaia revelados -<\/title>\n<meta name=\"robots\" content=\"index, follow, max-snippet:-1, max-image-preview:large, max-video-preview:-1\" \/>\n<link rel=\"canonical\" href=\"https:\/\/renatodias.online\/movimento\/2021\/07\/15\/os-segredos-do-araguaia-revelados\/\" \/>\n<meta property=\"og:locale\" content=\"pt_BR\" \/>\n<meta property=\"og:type\" content=\"article\" \/>\n<meta property=\"og:title\" content=\"Os segredos do Araguaia revelados -\" \/>\n<meta property=\"og:description\" content=\"Os segredos do Araguaia revelados Vasconcelo Quadros Da Ag\u00eancia P\u00fablica Pesquisadora do per\u00edodo da ditadura, a jornalista Myrian Luiz Alves descobriu pistas que podem acrescentar um cap\u00edtulo escabroso sobre o exterm\u00ednio da Guerrilha do Araguaia pelo regime militar: desaparecidos pol\u00edticos que integravam organiza\u00e7\u00f5es armadas urbanas teriam sido levados clandestinamente para a regi\u00e3o e executados juntos\" \/>\n<meta property=\"og:url\" content=\"https:\/\/renatodias.online\/movimento\/2021\/07\/15\/os-segredos-do-araguaia-revelados\/\" \/>\n<meta property=\"article:publisher\" content=\"https:\/\/www.facebook.com\/renato.dias.37\" \/>\n<meta property=\"article:author\" content=\"https:\/\/www.facebook.com\/renato.dias.37\" \/>\n<meta property=\"article:published_time\" content=\"2021-07-15T20:50:59+00:00\" \/>\n<meta property=\"og:image\" content=\"https:\/\/renatodias.online\/movimento\/wp-content\/uploads\/2021\/04\/Honestino-Monteiro-Guimaraes.png\" \/>\n\t<meta property=\"og:image:width\" content=\"288\" \/>\n\t<meta property=\"og:image:height\" content=\"222\" \/>\n\t<meta property=\"og:image:type\" content=\"image\/png\" \/>\n<meta name=\"author\" content=\"Renato Dias\" \/>\n<meta name=\"twitter:card\" content=\"summary_large_image\" \/>\n<meta name=\"twitter:creator\" content=\"@RenatoDiasBat\" \/>\n<meta name=\"twitter:site\" content=\"@RenatoDiasBat\" \/>\n<meta name=\"twitter:label1\" content=\"Escrito por\" \/>\n\t<meta name=\"twitter:data1\" content=\"Renato Dias\" \/>\n\t<meta name=\"twitter:label2\" content=\"Est. tempo de leitura\" \/>\n\t<meta name=\"twitter:data2\" content=\"15 minutos\" \/>\n<script type=\"application\/ld+json\" class=\"yoast-schema-graph\">{\"@context\":\"https:\\\/\\\/schema.org\",\"@graph\":[{\"@type\":\"Article\",\"@id\":\"https:\\\/\\\/renatodias.online\\\/movimento\\\/2021\\\/07\\\/15\\\/os-segredos-do-araguaia-revelados\\\/#article\",\"isPartOf\":{\"@id\":\"https:\\\/\\\/renatodias.online\\\/movimento\\\/2021\\\/07\\\/15\\\/os-segredos-do-araguaia-revelados\\\/\"},\"author\":{\"name\":\"Renato Dias\",\"@id\":\"https:\\\/\\\/renatodias.online\\\/movimento\\\/#\\\/schema\\\/person\\\/bbab28833b1725a20f4083f49f1fb2a9\"},\"headline\":\"Os segredos do Araguaia revelados\",\"datePublished\":\"2021-07-15T20:50:59+00:00\",\"mainEntityOfPage\":{\"@id\":\"https:\\\/\\\/renatodias.online\\\/movimento\\\/2021\\\/07\\\/15\\\/os-segredos-do-araguaia-revelados\\\/\"},\"wordCount\":3056,\"commentCount\":0,\"publisher\":{\"@id\":\"https:\\\/\\\/renatodias.online\\\/movimento\\\/#\\\/schema\\\/person\\\/bbab28833b1725a20f4083f49f1fb2a9\"},\"image\":{\"@id\":\"https:\\\/\\\/renatodias.online\\\/movimento\\\/2021\\\/07\\\/15\\\/os-segredos-do-araguaia-revelados\\\/#primaryimage\"},\"thumbnailUrl\":\"https:\\\/\\\/renatodias.online\\\/movimento\\\/wp-content\\\/uploads\\\/2021\\\/04\\\/Honestino-Monteiro-Guimaraes.png\",\"articleSection\":[\"Cinema\"],\"inLanguage\":\"pt-BR\",\"potentialAction\":[{\"@type\":\"CommentAction\",\"name\":\"Comment\",\"target\":[\"https:\\\/\\\/renatodias.online\\\/movimento\\\/2021\\\/07\\\/15\\\/os-segredos-do-araguaia-revelados\\\/#respond\"]}]},{\"@type\":\"WebPage\",\"@id\":\"https:\\\/\\\/renatodias.online\\\/movimento\\\/2021\\\/07\\\/15\\\/os-segredos-do-araguaia-revelados\\\/\",\"url\":\"https:\\\/\\\/renatodias.online\\\/movimento\\\/2021\\\/07\\\/15\\\/os-segredos-do-araguaia-revelados\\\/\",\"name\":\"Os segredos do Araguaia revelados -\",\"isPartOf\":{\"@id\":\"https:\\\/\\\/renatodias.online\\\/movimento\\\/#website\"},\"primaryImageOfPage\":{\"@id\":\"https:\\\/\\\/renatodias.online\\\/movimento\\\/2021\\\/07\\\/15\\\/os-segredos-do-araguaia-revelados\\\/#primaryimage\"},\"image\":{\"@id\":\"https:\\\/\\\/renatodias.online\\\/movimento\\\/2021\\\/07\\\/15\\\/os-segredos-do-araguaia-revelados\\\/#primaryimage\"},\"thumbnailUrl\":\"https:\\\/\\\/renatodias.online\\\/movimento\\\/wp-content\\\/uploads\\\/2021\\\/04\\\/Honestino-Monteiro-Guimaraes.png\",\"datePublished\":\"2021-07-15T20:50:59+00:00\",\"breadcrumb\":{\"@id\":\"https:\\\/\\\/renatodias.online\\\/movimento\\\/2021\\\/07\\\/15\\\/os-segredos-do-araguaia-revelados\\\/#breadcrumb\"},\"inLanguage\":\"pt-BR\",\"potentialAction\":[{\"@type\":\"ReadAction\",\"target\":[\"https:\\\/\\\/renatodias.online\\\/movimento\\\/2021\\\/07\\\/15\\\/os-segredos-do-araguaia-revelados\\\/\"]}]},{\"@type\":\"ImageObject\",\"inLanguage\":\"pt-BR\",\"@id\":\"https:\\\/\\\/renatodias.online\\\/movimento\\\/2021\\\/07\\\/15\\\/os-segredos-do-araguaia-revelados\\\/#primaryimage\",\"url\":\"https:\\\/\\\/renatodias.online\\\/movimento\\\/wp-content\\\/uploads\\\/2021\\\/04\\\/Honestino-Monteiro-Guimaraes.png\",\"contentUrl\":\"https:\\\/\\\/renatodias.online\\\/movimento\\\/wp-content\\\/uploads\\\/2021\\\/04\\\/Honestino-Monteiro-Guimaraes.png\",\"width\":288,\"height\":222,\"caption\":\"Honestino Monteiro Guimar\u00e3es\"},{\"@type\":\"BreadcrumbList\",\"@id\":\"https:\\\/\\\/renatodias.online\\\/movimento\\\/2021\\\/07\\\/15\\\/os-segredos-do-araguaia-revelados\\\/#breadcrumb\",\"itemListElement\":[{\"@type\":\"ListItem\",\"position\":1,\"name\":\"In\u00edcio\",\"item\":\"https:\\\/\\\/renatodias.online\\\/movimento\\\/\"},{\"@type\":\"ListItem\",\"position\":2,\"name\":\"Os segredos do Araguaia revelados\"}]},{\"@type\":\"WebSite\",\"@id\":\"https:\\\/\\\/renatodias.online\\\/movimento\\\/#website\",\"url\":\"https:\\\/\\\/renatodias.online\\\/movimento\\\/\",\"name\":\"\",\"description\":\"\",\"publisher\":{\"@id\":\"https:\\\/\\\/renatodias.online\\\/movimento\\\/#\\\/schema\\\/person\\\/bbab28833b1725a20f4083f49f1fb2a9\"},\"potentialAction\":[{\"@type\":\"SearchAction\",\"target\":{\"@type\":\"EntryPoint\",\"urlTemplate\":\"https:\\\/\\\/renatodias.online\\\/movimento\\\/?s={search_term_string}\"},\"query-input\":{\"@type\":\"PropertyValueSpecification\",\"valueRequired\":true,\"valueName\":\"search_term_string\"}}],\"inLanguage\":\"pt-BR\"},{\"@type\":[\"Person\",\"Organization\"],\"@id\":\"https:\\\/\\\/renatodias.online\\\/movimento\\\/#\\\/schema\\\/person\\\/bbab28833b1725a20f4083f49f1fb2a9\",\"name\":\"Renato Dias\",\"image\":{\"@type\":\"ImageObject\",\"inLanguage\":\"pt-BR\",\"@id\":\"https:\\\/\\\/renatodias.online\\\/movimento\\\/wp-content\\\/uploads\\\/2023\\\/03\\\/cropped-cropped-cropped-logofinal.jpeg\",\"url\":\"https:\\\/\\\/renatodias.online\\\/movimento\\\/wp-content\\\/uploads\\\/2023\\\/03\\\/cropped-cropped-cropped-logofinal.jpeg\",\"contentUrl\":\"https:\\\/\\\/renatodias.online\\\/movimento\\\/wp-content\\\/uploads\\\/2023\\\/03\\\/cropped-cropped-cropped-logofinal.jpeg\",\"width\":1280,\"height\":219,\"caption\":\"Renato Dias\"},\"logo\":{\"@id\":\"https:\\\/\\\/renatodias.online\\\/movimento\\\/wp-content\\\/uploads\\\/2023\\\/03\\\/cropped-cropped-cropped-logofinal.jpeg\"},\"description\":\"Renato Dias, 58 anos, \u00e9 graduado em Jornalismo, formado em Ci\u00eancias Sociais, com p\u00f3s-gradua\u00e7\u00e3o em Pol\u00edticas P\u00fablicas, mestre em Direito e Rela\u00e7\u00f5es Internacionais, ex-aluno extraordin\u00e1rio do Doutorado em Psicologia Social, ex-estudante do Curso de Psican\u00e1lise do Centro de Estudos Psicanal\u00edticos do Estado de Goi\u00e1s, ministrado pelo m\u00e9dico psiquiatra e psicanalista Daniel Em\u00eddio de Souza. \u00c9 autor de 30 livros-reportagem, oito document\u00e1rios, ganhou 30 pr\u00eamios e \u00e9 torcedor apaixonado do maior do Centro-Oeste, o Vila Nova Futebol Clube. Casado com Meirilane Dias, \u00e9 pai de Juliana Dias, jornalista; Daniel Dias, economista; e Maria Rosa Dias, estudante antifascista, socialista e trotskista.\u00a0Com tr\u00eas pets: Porquinho [Bull Dog Franc\u00eas], Dalila [Basset Hound] e Geleia [Basset Hound]. Al\u00e9m do eterno gato Tutuquinho, que virou estrela.\",\"sameAs\":[\"https:\\\/\\\/www.facebook.com\\\/renato.dias.37\",\"#breve\",\"https:\\\/\\\/renatodias.tumblr.com\\\/\"],\"url\":\"https:\\\/\\\/renatodias.online\\\/movimento\\\/author\\\/renatodias\\\/\"}]}<\/script>\n<!-- \/ Yoast SEO plugin. -->","yoast_head_json":{"title":"Os segredos do Araguaia revelados -","robots":{"index":"index","follow":"follow","max-snippet":"max-snippet:-1","max-image-preview":"max-image-preview:large","max-video-preview":"max-video-preview:-1"},"canonical":"https:\/\/renatodias.online\/movimento\/2021\/07\/15\/os-segredos-do-araguaia-revelados\/","og_locale":"pt_BR","og_type":"article","og_title":"Os segredos do Araguaia revelados -","og_description":"Os segredos do Araguaia revelados Vasconcelo Quadros Da Ag\u00eancia P\u00fablica Pesquisadora do per\u00edodo da ditadura, a jornalista Myrian Luiz Alves descobriu pistas que podem acrescentar um cap\u00edtulo escabroso sobre o exterm\u00ednio da Guerrilha do Araguaia pelo regime militar: desaparecidos pol\u00edticos que integravam organiza\u00e7\u00f5es armadas urbanas teriam sido levados clandestinamente para a regi\u00e3o e executados juntos","og_url":"https:\/\/renatodias.online\/movimento\/2021\/07\/15\/os-segredos-do-araguaia-revelados\/","article_publisher":"https:\/\/www.facebook.com\/renato.dias.37","article_author":"https:\/\/www.facebook.com\/renato.dias.37","article_published_time":"2021-07-15T20:50:59+00:00","og_image":[{"width":288,"height":222,"url":"https:\/\/renatodias.online\/movimento\/wp-content\/uploads\/2021\/04\/Honestino-Monteiro-Guimaraes.png","type":"image\/png"}],"author":"Renato Dias","twitter_card":"summary_large_image","twitter_creator":"@RenatoDiasBat","twitter_site":"@RenatoDiasBat","twitter_misc":{"Escrito por":"Renato Dias","Est. tempo de leitura":"15 minutos"},"schema":{"@context":"https:\/\/schema.org","@graph":[{"@type":"Article","@id":"https:\/\/renatodias.online\/movimento\/2021\/07\/15\/os-segredos-do-araguaia-revelados\/#article","isPartOf":{"@id":"https:\/\/renatodias.online\/movimento\/2021\/07\/15\/os-segredos-do-araguaia-revelados\/"},"author":{"name":"Renato Dias","@id":"https:\/\/renatodias.online\/movimento\/#\/schema\/person\/bbab28833b1725a20f4083f49f1fb2a9"},"headline":"Os segredos do Araguaia revelados","datePublished":"2021-07-15T20:50:59+00:00","mainEntityOfPage":{"@id":"https:\/\/renatodias.online\/movimento\/2021\/07\/15\/os-segredos-do-araguaia-revelados\/"},"wordCount":3056,"commentCount":0,"publisher":{"@id":"https:\/\/renatodias.online\/movimento\/#\/schema\/person\/bbab28833b1725a20f4083f49f1fb2a9"},"image":{"@id":"https:\/\/renatodias.online\/movimento\/2021\/07\/15\/os-segredos-do-araguaia-revelados\/#primaryimage"},"thumbnailUrl":"https:\/\/renatodias.online\/movimento\/wp-content\/uploads\/2021\/04\/Honestino-Monteiro-Guimaraes.png","articleSection":["Cinema"],"inLanguage":"pt-BR","potentialAction":[{"@type":"CommentAction","name":"Comment","target":["https:\/\/renatodias.online\/movimento\/2021\/07\/15\/os-segredos-do-araguaia-revelados\/#respond"]}]},{"@type":"WebPage","@id":"https:\/\/renatodias.online\/movimento\/2021\/07\/15\/os-segredos-do-araguaia-revelados\/","url":"https:\/\/renatodias.online\/movimento\/2021\/07\/15\/os-segredos-do-araguaia-revelados\/","name":"Os segredos do Araguaia revelados -","isPartOf":{"@id":"https:\/\/renatodias.online\/movimento\/#website"},"primaryImageOfPage":{"@id":"https:\/\/renatodias.online\/movimento\/2021\/07\/15\/os-segredos-do-araguaia-revelados\/#primaryimage"},"image":{"@id":"https:\/\/renatodias.online\/movimento\/2021\/07\/15\/os-segredos-do-araguaia-revelados\/#primaryimage"},"thumbnailUrl":"https:\/\/renatodias.online\/movimento\/wp-content\/uploads\/2021\/04\/Honestino-Monteiro-Guimaraes.png","datePublished":"2021-07-15T20:50:59+00:00","breadcrumb":{"@id":"https:\/\/renatodias.online\/movimento\/2021\/07\/15\/os-segredos-do-araguaia-revelados\/#breadcrumb"},"inLanguage":"pt-BR","potentialAction":[{"@type":"ReadAction","target":["https:\/\/renatodias.online\/movimento\/2021\/07\/15\/os-segredos-do-araguaia-revelados\/"]}]},{"@type":"ImageObject","inLanguage":"pt-BR","@id":"https:\/\/renatodias.online\/movimento\/2021\/07\/15\/os-segredos-do-araguaia-revelados\/#primaryimage","url":"https:\/\/renatodias.online\/movimento\/wp-content\/uploads\/2021\/04\/Honestino-Monteiro-Guimaraes.png","contentUrl":"https:\/\/renatodias.online\/movimento\/wp-content\/uploads\/2021\/04\/Honestino-Monteiro-Guimaraes.png","width":288,"height":222,"caption":"Honestino Monteiro Guimar\u00e3es"},{"@type":"BreadcrumbList","@id":"https:\/\/renatodias.online\/movimento\/2021\/07\/15\/os-segredos-do-araguaia-revelados\/#breadcrumb","itemListElement":[{"@type":"ListItem","position":1,"name":"In\u00edcio","item":"https:\/\/renatodias.online\/movimento\/"},{"@type":"ListItem","position":2,"name":"Os segredos do Araguaia revelados"}]},{"@type":"WebSite","@id":"https:\/\/renatodias.online\/movimento\/#website","url":"https:\/\/renatodias.online\/movimento\/","name":"","description":"","publisher":{"@id":"https:\/\/renatodias.online\/movimento\/#\/schema\/person\/bbab28833b1725a20f4083f49f1fb2a9"},"potentialAction":[{"@type":"SearchAction","target":{"@type":"EntryPoint","urlTemplate":"https:\/\/renatodias.online\/movimento\/?s={search_term_string}"},"query-input":{"@type":"PropertyValueSpecification","valueRequired":true,"valueName":"search_term_string"}}],"inLanguage":"pt-BR"},{"@type":["Person","Organization"],"@id":"https:\/\/renatodias.online\/movimento\/#\/schema\/person\/bbab28833b1725a20f4083f49f1fb2a9","name":"Renato Dias","image":{"@type":"ImageObject","inLanguage":"pt-BR","@id":"https:\/\/renatodias.online\/movimento\/wp-content\/uploads\/2023\/03\/cropped-cropped-cropped-logofinal.jpeg","url":"https:\/\/renatodias.online\/movimento\/wp-content\/uploads\/2023\/03\/cropped-cropped-cropped-logofinal.jpeg","contentUrl":"https:\/\/renatodias.online\/movimento\/wp-content\/uploads\/2023\/03\/cropped-cropped-cropped-logofinal.jpeg","width":1280,"height":219,"caption":"Renato Dias"},"logo":{"@id":"https:\/\/renatodias.online\/movimento\/wp-content\/uploads\/2023\/03\/cropped-cropped-cropped-logofinal.jpeg"},"description":"Renato Dias, 58 anos, \u00e9 graduado em Jornalismo, formado em Ci\u00eancias Sociais, com p\u00f3s-gradua\u00e7\u00e3o em Pol\u00edticas P\u00fablicas, mestre em Direito e Rela\u00e7\u00f5es Internacionais, ex-aluno extraordin\u00e1rio do Doutorado em Psicologia Social, ex-estudante do Curso de Psican\u00e1lise do Centro de Estudos Psicanal\u00edticos do Estado de Goi\u00e1s, ministrado pelo m\u00e9dico psiquiatra e psicanalista Daniel Em\u00eddio de Souza. \u00c9 autor de 30 livros-reportagem, oito document\u00e1rios, ganhou 30 pr\u00eamios e \u00e9 torcedor apaixonado do maior do Centro-Oeste, o Vila Nova Futebol Clube. Casado com Meirilane Dias, \u00e9 pai de Juliana Dias, jornalista; Daniel Dias, economista; e Maria Rosa Dias, estudante antifascista, socialista e trotskista.\u00a0Com tr\u00eas pets: Porquinho [Bull Dog Franc\u00eas], Dalila [Basset Hound] e Geleia [Basset Hound]. Al\u00e9m do eterno gato Tutuquinho, que virou estrela.","sameAs":["https:\/\/www.facebook.com\/renato.dias.37","#breve","https:\/\/renatodias.tumblr.com\/"],"url":"https:\/\/renatodias.online\/movimento\/author\/renatodias\/"}]}},"_links":{"self":[{"href":"https:\/\/renatodias.online\/movimento\/wp-json\/wp\/v2\/posts\/7773","targetHints":{"allow":["GET"]}}],"collection":[{"href":"https:\/\/renatodias.online\/movimento\/wp-json\/wp\/v2\/posts"}],"about":[{"href":"https:\/\/renatodias.online\/movimento\/wp-json\/wp\/v2\/types\/post"}],"author":[{"embeddable":true,"href":"https:\/\/renatodias.online\/movimento\/wp-json\/wp\/v2\/users\/2"}],"replies":[{"embeddable":true,"href":"https:\/\/renatodias.online\/movimento\/wp-json\/wp\/v2\/comments?post=7773"}],"version-history":[{"count":1,"href":"https:\/\/renatodias.online\/movimento\/wp-json\/wp\/v2\/posts\/7773\/revisions"}],"predecessor-version":[{"id":7783,"href":"https:\/\/renatodias.online\/movimento\/wp-json\/wp\/v2\/posts\/7773\/revisions\/7783"}],"wp:featuredmedia":[{"embeddable":true,"href":"https:\/\/renatodias.online\/movimento\/wp-json\/wp\/v2\/media\/6063"}],"wp:attachment":[{"href":"https:\/\/renatodias.online\/movimento\/wp-json\/wp\/v2\/media?parent=7773"}],"wp:term":[{"taxonomy":"category","embeddable":true,"href":"https:\/\/renatodias.online\/movimento\/wp-json\/wp\/v2\/categories?post=7773"},{"taxonomy":"post_tag","embeddable":true,"href":"https:\/\/renatodias.online\/movimento\/wp-json\/wp\/v2\/tags?post=7773"}],"curies":[{"name":"wp","href":"https:\/\/api.w.org\/{rel}","templated":true}]}}