{"id":7769,"date":"2021-07-15T17:14:52","date_gmt":"2021-07-15T20:14:52","guid":{"rendered":"https:\/\/renatodias.online\/movimento\/?p=7769"},"modified":"2021-07-15T17:14:52","modified_gmt":"2021-07-15T20:14:52","slug":"o-que-se-passa-em-cuba","status":"publish","type":"post","link":"https:\/\/renatodias.online\/movimento\/2021\/07\/15\/o-que-se-passa-em-cuba\/","title":{"rendered":"O que se passa em Cuba?"},"content":{"rendered":"<div id=\":1pi\" class=\"a3s aiL \">\n<div dir=\"auto\">\n<div dir=\"auto\"><img loading=\"lazy\" decoding=\"async\" class=\"size-full wp-image-4175 aligncenter\" src=\"https:\/\/renatodias.online\/movimento\/wp-content\/uploads\/2020\/08\/Exclusivo-Logo-de-capa.jpg\" alt=\"\" width=\"512\" height=\"470\" srcset=\"https:\/\/renatodias.online\/movimento\/wp-content\/uploads\/2020\/08\/Exclusivo-Logo-de-capa.jpg 512w, https:\/\/renatodias.online\/movimento\/wp-content\/uploads\/2020\/08\/Exclusivo-Logo-de-capa-300x275.jpg 300w\" sizes=\"auto, (max-width: 512px) 100vw, 512px\" \/><\/div>\n<div dir=\"auto\"><\/div>\n<h1 dir=\"auto\" style=\"text-align: center;\"><span style=\"color: #ff0000;\">O que se passa em Cuba?<\/span><\/h1>\n<div dir=\"auto\"><strong>J\u00falio Turra<\/strong><\/div>\n<div dir=\"auto\">Milhares de manifestantes em\u00a0 cidades de Cuba, pedindo alimentos, vacina\u00e7\u00e3o e gritando &#8220;liberdade&#8221;, n\u00e3o \u00e9 um fato corriqueiro, convenhamos. Foi o que ocorreu no domingo passado &#8211; 11 de julho &#8211; levando o presidente Miguel D\u00edaz-Canel a dirigir-se \u00e0 na\u00e7\u00e3o pela TV, inclusive reconhecendo a exist\u00eancia de problemas, mas atribuindo-os ao bloqueio econ\u00f4mico imposto pelos EUA h\u00e1 60 anos, refor\u00e7ado no per\u00edodo recente por Donald Trump e mantido por Joe Biden<\/div>\n<div dir=\"auto\">\n<p>&nbsp;<\/p>\n<figure id=\"attachment_5137\" aria-describedby=\"caption-attachment-5137\" style=\"width: 860px\" class=\"wp-caption alignnone\"><img loading=\"lazy\" decoding=\"async\" class=\"size-full wp-image-5137\" src=\"https:\/\/renatodias.online\/movimento\/wp-content\/uploads\/2021\/01\/biden.jpeg\" alt=\"Joe Biden\" width=\"860\" height=\"472\" srcset=\"https:\/\/renatodias.online\/movimento\/wp-content\/uploads\/2021\/01\/biden.jpeg 860w, https:\/\/renatodias.online\/movimento\/wp-content\/uploads\/2021\/01\/biden-300x165.jpeg 300w, https:\/\/renatodias.online\/movimento\/wp-content\/uploads\/2021\/01\/biden-768x422.jpeg 768w, https:\/\/renatodias.online\/movimento\/wp-content\/uploads\/2021\/01\/biden-750x412.jpeg 750w\" sizes=\"auto, (max-width: 860px) 100vw, 860px\" \/><figcaption id=\"caption-attachment-5137\" class=\"wp-caption-text\"><strong>Joe Biden<\/strong><\/figcaption><\/figure>\n<\/div>\n<div dir=\"auto\"><\/div>\n<div dir=\"auto\">N\u00e3o \u00e9 segredo para ningu\u00e9m que a situa\u00e7\u00e3o econ\u00f4mica e social na ilha \u00e9 dram\u00e1tica\u00a0 (o PIB caiu de 8 a 11%\u00a0 em 2020), acentuada pela pandemia. Tanto assim que o governo cubano adotou no in\u00edcio deste ano uma reforma econ\u00f4mica que o pr\u00f3prio Miguel D\u00edaz-Canel disse ao anunci\u00e1-la que &#8220;n\u00e3o \u00e9 isenta de riscos&#8221;. Sim, pois ela acaba com subs\u00eddios ao consumo popular e \u00e0s empresas p\u00fablicas, adota medidas de abertura ao investimento externo, provocando aumentos de pre\u00e7os (preventivamente houve aumentos de sal\u00e1rios de at\u00e9 500%, mas a infla\u00e7\u00e3o pode ser maior que isso). Assim, o pr\u00f3prio governo previa descontentamento e tens\u00e3o social com a reforma.<\/div>\n<div dir=\"auto\"><\/div>\n<div dir=\"auto\">\n<figure id=\"attachment_6301\" aria-describedby=\"caption-attachment-6301\" style=\"width: 768px\" class=\"wp-caption aligncenter\"><img loading=\"lazy\" decoding=\"async\" class=\"size-full wp-image-6301\" src=\"https:\/\/renatodias.online\/movimento\/wp-content\/uploads\/2021\/04\/Miguel-Diaz-Canel-_-1.jpg\" alt=\"\" width=\"768\" height=\"512\" srcset=\"https:\/\/renatodias.online\/movimento\/wp-content\/uploads\/2021\/04\/Miguel-Diaz-Canel-_-1.jpg 768w, https:\/\/renatodias.online\/movimento\/wp-content\/uploads\/2021\/04\/Miguel-Diaz-Canel-_-1-300x200.jpg 300w, https:\/\/renatodias.online\/movimento\/wp-content\/uploads\/2021\/04\/Miguel-Diaz-Canel-_-1-360x240.jpg 360w, https:\/\/renatodias.online\/movimento\/wp-content\/uploads\/2021\/04\/Miguel-Diaz-Canel-_-1-750x500.jpg 750w\" sizes=\"auto, (max-width: 768px) 100vw, 768px\" \/><figcaption id=\"caption-attachment-6301\" class=\"wp-caption-text\"><strong>Miguel D\u00edaz-Canel<\/strong><\/figcaption><\/figure>\n<\/div>\n<div dir=\"auto\"><\/div>\n<div dir=\"auto\">Que o imperialismo tente aproveitar qualquer manifesta\u00e7\u00e3o de descontentamento para seus objetivos de liquidar a soberania de Cuba, e seus lacaios na Am\u00e9rica Latina cinicamente clamem pela &#8220;democracia&#8221; na ilha, enquanto a pisoteiam em seus pr\u00f3prios pa\u00edses, faz parte do jogo sujo que fazem. \u00c9 hora de exigir o fim imediato do bloqueio a Cuba, de defender as conquistas da revolu\u00e7\u00e3o cubana, sim. Ao mesmo tempo, ao recha\u00e7ar a interfer\u00eancia imperialista dos EUA (e tamb\u00e9m de pa\u00edses europeus), devemos afirmar que s\u00f3 ao povo cubano compete decidir o seu destino, com toda a liberdade de manifesta\u00e7\u00e3o, de express\u00e3o e de organiza\u00e7\u00e3o que defendemos para os povos de todo o mundo!<\/div>\n<div dir=\"auto\"><\/div>\n<div dir=\"auto\"><strong>J\u00falio Turra, soci\u00f3logo, sindicalista, membro da CUT, PT, Di\u00e1logo Petista, O Trabalho e IV Internacional<\/strong><\/div>\n<div dir=\"auto\"><\/div>\n<\/div>\n<div dir=\"auto\">\n<figure id=\"attachment_6726\" aria-describedby=\"caption-attachment-6726\" style=\"width: 1280px\" class=\"wp-caption alignnone\"><img loading=\"lazy\" decoding=\"async\" class=\"size-full wp-image-6726\" src=\"https:\/\/renatodias.online\/movimento\/wp-content\/uploads\/2021\/05\/Julio-Turra-IV-Internacional.jpg\" alt=\"\" width=\"1280\" height=\"720\" \/><figcaption id=\"caption-attachment-6726\" class=\"wp-caption-text\"><strong>J\u00falio Turra &#8211; IV Internacional<\/strong><\/figcaption><\/figure>\n<\/div>\n<\/div>\n","protected":false},"excerpt":{"rendered":"<p>O que se passa em Cuba? J\u00falio Turra Milhares de manifestantes em\u00a0 cidades de Cuba, pedindo alimentos, vacina\u00e7\u00e3o e gritando &#8220;liberdade&#8221;, n\u00e3o \u00e9 um fato corriqueiro, convenhamos. Foi o que ocorreu no domingo passado &#8211; 11 de julho &#8211; levando o presidente Miguel D\u00edaz-Canel a dirigir-se \u00e0 na\u00e7\u00e3o pela TV, inclusive reconhecendo a exist\u00eancia de<\/p>\n","protected":false},"author":2,"featured_media":6722,"comment_status":"open","ping_status":"open","sticky":false,"template":"","format":"standard","meta":{"_acf_changed":false,"_monsterinsights_skip_tracking":false,"_monsterinsights_sitenote_active":false,"_monsterinsights_sitenote_note":"","_monsterinsights_sitenote_category":0,"footnotes":""},"categories":[36],"tags":[],"class_list":["post-7769","post","type-post","status-publish","format-standard","has-post-thumbnail","hentry","category-internacional"],"acf":[],"yoast_head":"<!-- This site is optimized with the Yoast SEO plugin v27.4 - https:\/\/yoast.com\/product\/yoast-seo-wordpress\/ -->\n<title>O que se passa em Cuba? -<\/title>\n<meta name=\"robots\" content=\"index, follow, max-snippet:-1, max-image-preview:large, max-video-preview:-1\" \/>\n<link rel=\"canonical\" href=\"https:\/\/renatodias.online\/movimento\/2021\/07\/15\/o-que-se-passa-em-cuba\/\" \/>\n<meta property=\"og:locale\" content=\"pt_BR\" \/>\n<meta property=\"og:type\" content=\"article\" \/>\n<meta property=\"og:title\" content=\"O que se passa em Cuba? -\" \/>\n<meta property=\"og:description\" content=\"O que se passa em Cuba? J\u00falio Turra Milhares de manifestantes em\u00a0 cidades de Cuba, pedindo alimentos, vacina\u00e7\u00e3o e gritando &#8220;liberdade&#8221;, n\u00e3o \u00e9 um fato corriqueiro, convenhamos. Foi o que ocorreu no domingo passado &#8211; 11 de julho &#8211; levando o presidente Miguel D\u00edaz-Canel a dirigir-se \u00e0 na\u00e7\u00e3o pela TV, inclusive reconhecendo a exist\u00eancia de\" \/>\n<meta property=\"og:url\" content=\"https:\/\/renatodias.online\/movimento\/2021\/07\/15\/o-que-se-passa-em-cuba\/\" \/>\n<meta property=\"article:publisher\" content=\"https:\/\/www.facebook.com\/renato.dias.37\" \/>\n<meta property=\"article:author\" content=\"https:\/\/www.facebook.com\/renato.dias.37\" \/>\n<meta property=\"article:published_time\" content=\"2021-07-15T20:14:52+00:00\" \/>\n<meta property=\"og:image\" content=\"https:\/\/renatodias.online\/movimento\/wp-content\/uploads\/2021\/05\/Julio-Turra-Link-e1626380076788.jpeg\" \/>\n\t<meta property=\"og:image:width\" content=\"300\" \/>\n\t<meta property=\"og:image:height\" content=\"300\" \/>\n\t<meta property=\"og:image:type\" content=\"image\/jpeg\" \/>\n<meta name=\"author\" content=\"Renato Dias\" \/>\n<meta name=\"twitter:card\" content=\"summary_large_image\" \/>\n<meta name=\"twitter:creator\" content=\"@RenatoDiasBat\" \/>\n<meta name=\"twitter:site\" content=\"@RenatoDiasBat\" \/>\n<meta name=\"twitter:label1\" content=\"Escrito por\" \/>\n\t<meta name=\"twitter:data1\" content=\"Renato Dias\" \/>\n\t<meta name=\"twitter:label2\" content=\"Est. tempo de leitura\" \/>\n\t<meta name=\"twitter:data2\" content=\"2 minutos\" \/>\n<script type=\"application\/ld+json\" class=\"yoast-schema-graph\">{\"@context\":\"https:\\\/\\\/schema.org\",\"@graph\":[{\"@type\":\"Article\",\"@id\":\"https:\\\/\\\/renatodias.online\\\/movimento\\\/2021\\\/07\\\/15\\\/o-que-se-passa-em-cuba\\\/#article\",\"isPartOf\":{\"@id\":\"https:\\\/\\\/renatodias.online\\\/movimento\\\/2021\\\/07\\\/15\\\/o-que-se-passa-em-cuba\\\/\"},\"author\":{\"name\":\"Renato Dias\",\"@id\":\"https:\\\/\\\/renatodias.online\\\/movimento\\\/#\\\/schema\\\/person\\\/bbab28833b1725a20f4083f49f1fb2a9\"},\"headline\":\"O que se passa em Cuba?\",\"datePublished\":\"2021-07-15T20:14:52+00:00\",\"mainEntityOfPage\":{\"@id\":\"https:\\\/\\\/renatodias.online\\\/movimento\\\/2021\\\/07\\\/15\\\/o-que-se-passa-em-cuba\\\/\"},\"wordCount\":380,\"commentCount\":0,\"publisher\":{\"@id\":\"https:\\\/\\\/renatodias.online\\\/movimento\\\/#\\\/schema\\\/person\\\/bbab28833b1725a20f4083f49f1fb2a9\"},\"image\":{\"@id\":\"https:\\\/\\\/renatodias.online\\\/movimento\\\/2021\\\/07\\\/15\\\/o-que-se-passa-em-cuba\\\/#primaryimage\"},\"thumbnailUrl\":\"https:\\\/\\\/renatodias.online\\\/movimento\\\/wp-content\\\/uploads\\\/2021\\\/05\\\/Julio-Turra-Link-e1626380076788.jpeg\",\"articleSection\":[\"Internacional\"],\"inLanguage\":\"pt-BR\",\"potentialAction\":[{\"@type\":\"CommentAction\",\"name\":\"Comment\",\"target\":[\"https:\\\/\\\/renatodias.online\\\/movimento\\\/2021\\\/07\\\/15\\\/o-que-se-passa-em-cuba\\\/#respond\"]}]},{\"@type\":\"WebPage\",\"@id\":\"https:\\\/\\\/renatodias.online\\\/movimento\\\/2021\\\/07\\\/15\\\/o-que-se-passa-em-cuba\\\/\",\"url\":\"https:\\\/\\\/renatodias.online\\\/movimento\\\/2021\\\/07\\\/15\\\/o-que-se-passa-em-cuba\\\/\",\"name\":\"O que se passa em Cuba? -\",\"isPartOf\":{\"@id\":\"https:\\\/\\\/renatodias.online\\\/movimento\\\/#website\"},\"primaryImageOfPage\":{\"@id\":\"https:\\\/\\\/renatodias.online\\\/movimento\\\/2021\\\/07\\\/15\\\/o-que-se-passa-em-cuba\\\/#primaryimage\"},\"image\":{\"@id\":\"https:\\\/\\\/renatodias.online\\\/movimento\\\/2021\\\/07\\\/15\\\/o-que-se-passa-em-cuba\\\/#primaryimage\"},\"thumbnailUrl\":\"https:\\\/\\\/renatodias.online\\\/movimento\\\/wp-content\\\/uploads\\\/2021\\\/05\\\/Julio-Turra-Link-e1626380076788.jpeg\",\"datePublished\":\"2021-07-15T20:14:52+00:00\",\"breadcrumb\":{\"@id\":\"https:\\\/\\\/renatodias.online\\\/movimento\\\/2021\\\/07\\\/15\\\/o-que-se-passa-em-cuba\\\/#breadcrumb\"},\"inLanguage\":\"pt-BR\",\"potentialAction\":[{\"@type\":\"ReadAction\",\"target\":[\"https:\\\/\\\/renatodias.online\\\/movimento\\\/2021\\\/07\\\/15\\\/o-que-se-passa-em-cuba\\\/\"]}]},{\"@type\":\"ImageObject\",\"inLanguage\":\"pt-BR\",\"@id\":\"https:\\\/\\\/renatodias.online\\\/movimento\\\/2021\\\/07\\\/15\\\/o-que-se-passa-em-cuba\\\/#primaryimage\",\"url\":\"https:\\\/\\\/renatodias.online\\\/movimento\\\/wp-content\\\/uploads\\\/2021\\\/05\\\/Julio-Turra-Link-e1626380076788.jpeg\",\"contentUrl\":\"https:\\\/\\\/renatodias.online\\\/movimento\\\/wp-content\\\/uploads\\\/2021\\\/05\\\/Julio-Turra-Link-e1626380076788.jpeg\",\"width\":300,\"height\":300,\"caption\":\"J\u00falio Turra\"},{\"@type\":\"BreadcrumbList\",\"@id\":\"https:\\\/\\\/renatodias.online\\\/movimento\\\/2021\\\/07\\\/15\\\/o-que-se-passa-em-cuba\\\/#breadcrumb\",\"itemListElement\":[{\"@type\":\"ListItem\",\"position\":1,\"name\":\"In\u00edcio\",\"item\":\"https:\\\/\\\/renatodias.online\\\/movimento\\\/\"},{\"@type\":\"ListItem\",\"position\":2,\"name\":\"O que se passa em Cuba?\"}]},{\"@type\":\"WebSite\",\"@id\":\"https:\\\/\\\/renatodias.online\\\/movimento\\\/#website\",\"url\":\"https:\\\/\\\/renatodias.online\\\/movimento\\\/\",\"name\":\"\",\"description\":\"\",\"publisher\":{\"@id\":\"https:\\\/\\\/renatodias.online\\\/movimento\\\/#\\\/schema\\\/person\\\/bbab28833b1725a20f4083f49f1fb2a9\"},\"potentialAction\":[{\"@type\":\"SearchAction\",\"target\":{\"@type\":\"EntryPoint\",\"urlTemplate\":\"https:\\\/\\\/renatodias.online\\\/movimento\\\/?s={search_term_string}\"},\"query-input\":{\"@type\":\"PropertyValueSpecification\",\"valueRequired\":true,\"valueName\":\"search_term_string\"}}],\"inLanguage\":\"pt-BR\"},{\"@type\":[\"Person\",\"Organization\"],\"@id\":\"https:\\\/\\\/renatodias.online\\\/movimento\\\/#\\\/schema\\\/person\\\/bbab28833b1725a20f4083f49f1fb2a9\",\"name\":\"Renato Dias\",\"image\":{\"@type\":\"ImageObject\",\"inLanguage\":\"pt-BR\",\"@id\":\"https:\\\/\\\/renatodias.online\\\/movimento\\\/wp-content\\\/uploads\\\/2023\\\/03\\\/cropped-cropped-cropped-logofinal.jpeg\",\"url\":\"https:\\\/\\\/renatodias.online\\\/movimento\\\/wp-content\\\/uploads\\\/2023\\\/03\\\/cropped-cropped-cropped-logofinal.jpeg\",\"contentUrl\":\"https:\\\/\\\/renatodias.online\\\/movimento\\\/wp-content\\\/uploads\\\/2023\\\/03\\\/cropped-cropped-cropped-logofinal.jpeg\",\"width\":1280,\"height\":219,\"caption\":\"Renato Dias\"},\"logo\":{\"@id\":\"https:\\\/\\\/renatodias.online\\\/movimento\\\/wp-content\\\/uploads\\\/2023\\\/03\\\/cropped-cropped-cropped-logofinal.jpeg\"},\"description\":\"Renato Dias, 58 anos, \u00e9 graduado em Jornalismo, formado em Ci\u00eancias Sociais, com p\u00f3s-gradua\u00e7\u00e3o em Pol\u00edticas P\u00fablicas, mestre em Direito e Rela\u00e7\u00f5es Internacionais, ex-aluno extraordin\u00e1rio do Doutorado em Psicologia Social, ex-estudante do Curso de Psican\u00e1lise do Centro de Estudos Psicanal\u00edticos do Estado de Goi\u00e1s, ministrado pelo m\u00e9dico psiquiatra e psicanalista Daniel Em\u00eddio de Souza. \u00c9 autor de 30 livros-reportagem, oito document\u00e1rios, ganhou 30 pr\u00eamios e \u00e9 torcedor apaixonado do maior do Centro-Oeste, o Vila Nova Futebol Clube. Casado com Meirilane Dias, \u00e9 pai de Juliana Dias, jornalista; Daniel Dias, economista; e Maria Rosa Dias, estudante antifascista, socialista e trotskista.\u00a0Com tr\u00eas pets: Porquinho [Bull Dog Franc\u00eas], Dalila [Basset Hound] e Geleia [Basset Hound]. Al\u00e9m do eterno gato Tutuquinho, que virou estrela.\",\"sameAs\":[\"https:\\\/\\\/www.facebook.com\\\/renato.dias.37\",\"#breve\",\"https:\\\/\\\/renatodias.tumblr.com\\\/\"],\"url\":\"https:\\\/\\\/renatodias.online\\\/movimento\\\/author\\\/renatodias\\\/\"}]}<\/script>\n<!-- \/ Yoast SEO plugin. -->","yoast_head_json":{"title":"O que se passa em Cuba? -","robots":{"index":"index","follow":"follow","max-snippet":"max-snippet:-1","max-image-preview":"max-image-preview:large","max-video-preview":"max-video-preview:-1"},"canonical":"https:\/\/renatodias.online\/movimento\/2021\/07\/15\/o-que-se-passa-em-cuba\/","og_locale":"pt_BR","og_type":"article","og_title":"O que se passa em Cuba? -","og_description":"O que se passa em Cuba? J\u00falio Turra Milhares de manifestantes em\u00a0 cidades de Cuba, pedindo alimentos, vacina\u00e7\u00e3o e gritando &#8220;liberdade&#8221;, n\u00e3o \u00e9 um fato corriqueiro, convenhamos. Foi o que ocorreu no domingo passado &#8211; 11 de julho &#8211; levando o presidente Miguel D\u00edaz-Canel a dirigir-se \u00e0 na\u00e7\u00e3o pela TV, inclusive reconhecendo a exist\u00eancia de","og_url":"https:\/\/renatodias.online\/movimento\/2021\/07\/15\/o-que-se-passa-em-cuba\/","article_publisher":"https:\/\/www.facebook.com\/renato.dias.37","article_author":"https:\/\/www.facebook.com\/renato.dias.37","article_published_time":"2021-07-15T20:14:52+00:00","og_image":[{"width":300,"height":300,"url":"https:\/\/renatodias.online\/movimento\/wp-content\/uploads\/2021\/05\/Julio-Turra-Link-e1626380076788.jpeg","type":"image\/jpeg"}],"author":"Renato Dias","twitter_card":"summary_large_image","twitter_creator":"@RenatoDiasBat","twitter_site":"@RenatoDiasBat","twitter_misc":{"Escrito por":"Renato Dias","Est. tempo de leitura":"2 minutos"},"schema":{"@context":"https:\/\/schema.org","@graph":[{"@type":"Article","@id":"https:\/\/renatodias.online\/movimento\/2021\/07\/15\/o-que-se-passa-em-cuba\/#article","isPartOf":{"@id":"https:\/\/renatodias.online\/movimento\/2021\/07\/15\/o-que-se-passa-em-cuba\/"},"author":{"name":"Renato Dias","@id":"https:\/\/renatodias.online\/movimento\/#\/schema\/person\/bbab28833b1725a20f4083f49f1fb2a9"},"headline":"O que se passa em Cuba?","datePublished":"2021-07-15T20:14:52+00:00","mainEntityOfPage":{"@id":"https:\/\/renatodias.online\/movimento\/2021\/07\/15\/o-que-se-passa-em-cuba\/"},"wordCount":380,"commentCount":0,"publisher":{"@id":"https:\/\/renatodias.online\/movimento\/#\/schema\/person\/bbab28833b1725a20f4083f49f1fb2a9"},"image":{"@id":"https:\/\/renatodias.online\/movimento\/2021\/07\/15\/o-que-se-passa-em-cuba\/#primaryimage"},"thumbnailUrl":"https:\/\/renatodias.online\/movimento\/wp-content\/uploads\/2021\/05\/Julio-Turra-Link-e1626380076788.jpeg","articleSection":["Internacional"],"inLanguage":"pt-BR","potentialAction":[{"@type":"CommentAction","name":"Comment","target":["https:\/\/renatodias.online\/movimento\/2021\/07\/15\/o-que-se-passa-em-cuba\/#respond"]}]},{"@type":"WebPage","@id":"https:\/\/renatodias.online\/movimento\/2021\/07\/15\/o-que-se-passa-em-cuba\/","url":"https:\/\/renatodias.online\/movimento\/2021\/07\/15\/o-que-se-passa-em-cuba\/","name":"O que se passa em Cuba? -","isPartOf":{"@id":"https:\/\/renatodias.online\/movimento\/#website"},"primaryImageOfPage":{"@id":"https:\/\/renatodias.online\/movimento\/2021\/07\/15\/o-que-se-passa-em-cuba\/#primaryimage"},"image":{"@id":"https:\/\/renatodias.online\/movimento\/2021\/07\/15\/o-que-se-passa-em-cuba\/#primaryimage"},"thumbnailUrl":"https:\/\/renatodias.online\/movimento\/wp-content\/uploads\/2021\/05\/Julio-Turra-Link-e1626380076788.jpeg","datePublished":"2021-07-15T20:14:52+00:00","breadcrumb":{"@id":"https:\/\/renatodias.online\/movimento\/2021\/07\/15\/o-que-se-passa-em-cuba\/#breadcrumb"},"inLanguage":"pt-BR","potentialAction":[{"@type":"ReadAction","target":["https:\/\/renatodias.online\/movimento\/2021\/07\/15\/o-que-se-passa-em-cuba\/"]}]},{"@type":"ImageObject","inLanguage":"pt-BR","@id":"https:\/\/renatodias.online\/movimento\/2021\/07\/15\/o-que-se-passa-em-cuba\/#primaryimage","url":"https:\/\/renatodias.online\/movimento\/wp-content\/uploads\/2021\/05\/Julio-Turra-Link-e1626380076788.jpeg","contentUrl":"https:\/\/renatodias.online\/movimento\/wp-content\/uploads\/2021\/05\/Julio-Turra-Link-e1626380076788.jpeg","width":300,"height":300,"caption":"J\u00falio Turra"},{"@type":"BreadcrumbList","@id":"https:\/\/renatodias.online\/movimento\/2021\/07\/15\/o-que-se-passa-em-cuba\/#breadcrumb","itemListElement":[{"@type":"ListItem","position":1,"name":"In\u00edcio","item":"https:\/\/renatodias.online\/movimento\/"},{"@type":"ListItem","position":2,"name":"O que se passa em Cuba?"}]},{"@type":"WebSite","@id":"https:\/\/renatodias.online\/movimento\/#website","url":"https:\/\/renatodias.online\/movimento\/","name":"","description":"","publisher":{"@id":"https:\/\/renatodias.online\/movimento\/#\/schema\/person\/bbab28833b1725a20f4083f49f1fb2a9"},"potentialAction":[{"@type":"SearchAction","target":{"@type":"EntryPoint","urlTemplate":"https:\/\/renatodias.online\/movimento\/?s={search_term_string}"},"query-input":{"@type":"PropertyValueSpecification","valueRequired":true,"valueName":"search_term_string"}}],"inLanguage":"pt-BR"},{"@type":["Person","Organization"],"@id":"https:\/\/renatodias.online\/movimento\/#\/schema\/person\/bbab28833b1725a20f4083f49f1fb2a9","name":"Renato Dias","image":{"@type":"ImageObject","inLanguage":"pt-BR","@id":"https:\/\/renatodias.online\/movimento\/wp-content\/uploads\/2023\/03\/cropped-cropped-cropped-logofinal.jpeg","url":"https:\/\/renatodias.online\/movimento\/wp-content\/uploads\/2023\/03\/cropped-cropped-cropped-logofinal.jpeg","contentUrl":"https:\/\/renatodias.online\/movimento\/wp-content\/uploads\/2023\/03\/cropped-cropped-cropped-logofinal.jpeg","width":1280,"height":219,"caption":"Renato Dias"},"logo":{"@id":"https:\/\/renatodias.online\/movimento\/wp-content\/uploads\/2023\/03\/cropped-cropped-cropped-logofinal.jpeg"},"description":"Renato Dias, 58 anos, \u00e9 graduado em Jornalismo, formado em Ci\u00eancias Sociais, com p\u00f3s-gradua\u00e7\u00e3o em Pol\u00edticas P\u00fablicas, mestre em Direito e Rela\u00e7\u00f5es Internacionais, ex-aluno extraordin\u00e1rio do Doutorado em Psicologia Social, ex-estudante do Curso de Psican\u00e1lise do Centro de Estudos Psicanal\u00edticos do Estado de Goi\u00e1s, ministrado pelo m\u00e9dico psiquiatra e psicanalista Daniel Em\u00eddio de Souza. \u00c9 autor de 30 livros-reportagem, oito document\u00e1rios, ganhou 30 pr\u00eamios e \u00e9 torcedor apaixonado do maior do Centro-Oeste, o Vila Nova Futebol Clube. Casado com Meirilane Dias, \u00e9 pai de Juliana Dias, jornalista; Daniel Dias, economista; e Maria Rosa Dias, estudante antifascista, socialista e trotskista.\u00a0Com tr\u00eas pets: Porquinho [Bull Dog Franc\u00eas], Dalila [Basset Hound] e Geleia [Basset Hound]. Al\u00e9m do eterno gato Tutuquinho, que virou estrela.","sameAs":["https:\/\/www.facebook.com\/renato.dias.37","#breve","https:\/\/renatodias.tumblr.com\/"],"url":"https:\/\/renatodias.online\/movimento\/author\/renatodias\/"}]}},"_links":{"self":[{"href":"https:\/\/renatodias.online\/movimento\/wp-json\/wp\/v2\/posts\/7769","targetHints":{"allow":["GET"]}}],"collection":[{"href":"https:\/\/renatodias.online\/movimento\/wp-json\/wp\/v2\/posts"}],"about":[{"href":"https:\/\/renatodias.online\/movimento\/wp-json\/wp\/v2\/types\/post"}],"author":[{"embeddable":true,"href":"https:\/\/renatodias.online\/movimento\/wp-json\/wp\/v2\/users\/2"}],"replies":[{"embeddable":true,"href":"https:\/\/renatodias.online\/movimento\/wp-json\/wp\/v2\/comments?post=7769"}],"version-history":[{"count":1,"href":"https:\/\/renatodias.online\/movimento\/wp-json\/wp\/v2\/posts\/7769\/revisions"}],"predecessor-version":[{"id":7770,"href":"https:\/\/renatodias.online\/movimento\/wp-json\/wp\/v2\/posts\/7769\/revisions\/7770"}],"wp:featuredmedia":[{"embeddable":true,"href":"https:\/\/renatodias.online\/movimento\/wp-json\/wp\/v2\/media\/6722"}],"wp:attachment":[{"href":"https:\/\/renatodias.online\/movimento\/wp-json\/wp\/v2\/media?parent=7769"}],"wp:term":[{"taxonomy":"category","embeddable":true,"href":"https:\/\/renatodias.online\/movimento\/wp-json\/wp\/v2\/categories?post=7769"},{"taxonomy":"post_tag","embeddable":true,"href":"https:\/\/renatodias.online\/movimento\/wp-json\/wp\/v2\/tags?post=7769"}],"curies":[{"name":"wp","href":"https:\/\/api.w.org\/{rel}","templated":true}]}}