{"id":7762,"date":"2021-07-15T17:01:58","date_gmt":"2021-07-15T20:01:58","guid":{"rendered":"https:\/\/renatodias.online\/movimento\/?p=7762"},"modified":"2021-07-15T17:03:36","modified_gmt":"2021-07-15T20:03:36","slug":"emancipacao-ou-dominacao","status":"publish","type":"post","link":"https:\/\/renatodias.online\/movimento\/2021\/07\/15\/emancipacao-ou-dominacao\/","title":{"rendered":"Emancipa\u00e7\u00e3o ou domina\u00e7\u00e3o?"},"content":{"rendered":"<div id=\":19a\" class=\"a3s aiL \">\n<div dir=\"auto\">\n<div dir=\"auto\"><img loading=\"lazy\" decoding=\"async\" class=\"size-full wp-image-5078 aligncenter\" src=\"https:\/\/renatodias.online\/movimento\/wp-content\/uploads\/2021\/01\/Logo-Exclusivo.jpg\" alt=\"\" width=\"340\" height=\"210\" srcset=\"https:\/\/renatodias.online\/movimento\/wp-content\/uploads\/2021\/01\/Logo-Exclusivo.jpg 340w, https:\/\/renatodias.online\/movimento\/wp-content\/uploads\/2021\/01\/Logo-Exclusivo-300x185.jpg 300w\" sizes=\"auto, (max-width: 340px) 100vw, 340px\" \/><\/div>\n<h1 dir=\"auto\" style=\"text-align: center;\"><strong><span style=\"color: #ff0000;\">Emancipa\u00e7\u00e3o ou domina\u00e7\u00e3o?<\/span><\/strong><\/h1>\n<div dir=\"auto\">\n<figure id=\"attachment_6135\" aria-describedby=\"caption-attachment-6135\" style=\"width: 960px\" class=\"wp-caption alignnone\"><img loading=\"lazy\" decoding=\"async\" class=\"size-full wp-image-6135\" src=\"https:\/\/renatodias.online\/movimento\/wp-content\/uploads\/2021\/04\/Odemar-Leotti-Link-_-cronica-_-1.jpg\" alt=\"Odemar Leotti\" width=\"960\" height=\"720\" srcset=\"https:\/\/renatodias.online\/movimento\/wp-content\/uploads\/2021\/04\/Odemar-Leotti-Link-_-cronica-_-1.jpg 960w, https:\/\/renatodias.online\/movimento\/wp-content\/uploads\/2021\/04\/Odemar-Leotti-Link-_-cronica-_-1-300x225.jpg 300w, https:\/\/renatodias.online\/movimento\/wp-content\/uploads\/2021\/04\/Odemar-Leotti-Link-_-cronica-_-1-768x576.jpg 768w, https:\/\/renatodias.online\/movimento\/wp-content\/uploads\/2021\/04\/Odemar-Leotti-Link-_-cronica-_-1-750x563.jpg 750w\" sizes=\"auto, (max-width: 960px) 100vw, 960px\" \/><figcaption id=\"caption-attachment-6135\" class=\"wp-caption-text\"><strong>Odemar Leotti<\/strong><\/figcaption><\/figure>\n<\/div>\n<div dir=\"auto\"><\/div>\n<div dir=\"auto\" style=\"text-align: center;\"><strong><span style=\"color: #808000;\">Odemar Leotti \u00e9 mediador de confer\u00eancia dia 19 de julho, 19h<\/span><\/strong><\/div>\n<div dir=\"auto\"><\/div>\n<div dir=\"auto\" style=\"text-align: center;\"><span style=\"color: #ff00ff;\"><strong>Heran\u00e7a do escravismo colonial<\/strong><\/span><\/div>\n<div dir=\"auto\"><\/div>\n<div dir=\"auto\"><\/div>\n<div dir=\"auto\"><strong>Renato Dias<\/strong><\/div>\n<div dir=\"auto\">A heran\u00e7a tr\u00e1gica do dom\u00ednio escravocrata. Com uma velha interroga\u00e7\u00e3o para o Brasil. Em tempos sombrios. De Pandemia, escalada autorit\u00e1ria, al\u00e9m da pauta regressiva nos costumes, o fantasma da interven\u00e7\u00e3o dos fardados, militares, e dos civis, das mil\u00edcias. Emancipa\u00e7\u00e3o ou domina\u00e7\u00e3o? \u00c9 o tema de confer\u00eancia especial. Do curso de Hist\u00f3ria. Da Universidade Federal de Rondon\u00f3polis. Mato Grosso.<\/div>\n<div dir=\"auto\"><\/div>\n<div dir=\"auto\"><img loading=\"lazy\" decoding=\"async\" class=\"alignnone size-full wp-image-7764\" src=\"https:\/\/renatodias.online\/movimento\/wp-content\/uploads\/2021\/07\/Card-do-Odemar-Leotti.jpg\" alt=\"\" width=\"1280\" height=\"1024\" srcset=\"https:\/\/renatodias.online\/movimento\/wp-content\/uploads\/2021\/07\/Card-do-Odemar-Leotti.jpg 1280w, https:\/\/renatodias.online\/movimento\/wp-content\/uploads\/2021\/07\/Card-do-Odemar-Leotti-300x240.jpg 300w, https:\/\/renatodias.online\/movimento\/wp-content\/uploads\/2021\/07\/Card-do-Odemar-Leotti-768x614.jpg 768w, https:\/\/renatodias.online\/movimento\/wp-content\/uploads\/2021\/07\/Card-do-Odemar-Leotti-750x600.jpg 750w\" sizes=\"auto, (max-width: 1280px) 100vw, 1280px\" \/><\/div>\n<h1 dir=\"auto\"><span style=\"color: #800080;\"><strong>O discurso de Na\u00e7\u00e3o<\/strong><\/span><\/h1>\n<div dir=\"auto\">A media\u00e7\u00e3o \u00e9 do professor doutor de Hist\u00f3ria, especialista em Brasil Imperial e p\u00f3s-modernidade, <strong>Odemar Leotti.<\/strong> Um homem cult, chic e gauche. Com as presen\u00e7as ilustradas do doutor <strong>Pedro Acosta Leyva<\/strong>, da Bahia. Assim como do pesquisador da Universidade Federal do Rec\u00f4ncavo da Bahia, doutor Walter Fraga Filho. Data? Dia 19 de julho de 2021, \u00e0s 19h. Anote em sua agenda.<\/div>\n<div dir=\"auto\"><\/div>\n<div dir=\"auto\"><img loading=\"lazy\" decoding=\"async\" class=\"alignnone size-full wp-image-7107\" src=\"https:\/\/renatodias.online\/movimento\/wp-content\/uploads\/2021\/06\/Logomarca-de-Historia-_-MR-8.jpg\" alt=\"\" width=\"1024\" height=\"681\" \/><\/div>\n<\/div>\n<\/div>\n","protected":false},"excerpt":{"rendered":"<p>Emancipa\u00e7\u00e3o ou domina\u00e7\u00e3o? Odemar Leotti \u00e9 mediador de confer\u00eancia dia 19 de julho, 19h Heran\u00e7a do escravismo colonial Renato Dias A heran\u00e7a tr\u00e1gica do dom\u00ednio escravocrata. Com uma velha interroga\u00e7\u00e3o para o Brasil. Em tempos sombrios. De Pandemia, escalada autorit\u00e1ria, al\u00e9m da pauta regressiva nos costumes, o fantasma da interven\u00e7\u00e3o dos fardados, militares, e dos<\/p>\n","protected":false},"author":2,"featured_media":6017,"comment_status":"open","ping_status":"open","sticky":false,"template":"","format":"standard","meta":{"_acf_changed":false,"_monsterinsights_skip_tracking":false,"_monsterinsights_sitenote_active":false,"_monsterinsights_sitenote_note":"","_monsterinsights_sitenote_category":0,"footnotes":""},"categories":[28],"tags":[],"class_list":["post-7762","post","type-post","status-publish","format-standard","has-post-thumbnail","hentry","category-cultura"],"acf":[],"yoast_head":"<!-- This site is optimized with the Yoast SEO plugin v27.4 - https:\/\/yoast.com\/product\/yoast-seo-wordpress\/ -->\n<title>Emancipa\u00e7\u00e3o ou domina\u00e7\u00e3o? -<\/title>\n<meta name=\"robots\" content=\"index, follow, max-snippet:-1, max-image-preview:large, max-video-preview:-1\" \/>\n<link rel=\"canonical\" href=\"https:\/\/renatodias.online\/movimento\/2021\/07\/15\/emancipacao-ou-dominacao\/\" \/>\n<meta property=\"og:locale\" content=\"pt_BR\" \/>\n<meta property=\"og:type\" content=\"article\" \/>\n<meta property=\"og:title\" content=\"Emancipa\u00e7\u00e3o ou domina\u00e7\u00e3o? -\" \/>\n<meta property=\"og:description\" content=\"Emancipa\u00e7\u00e3o ou domina\u00e7\u00e3o? Odemar Leotti \u00e9 mediador de confer\u00eancia dia 19 de julho, 19h Heran\u00e7a do escravismo colonial Renato Dias A heran\u00e7a tr\u00e1gica do dom\u00ednio escravocrata. Com uma velha interroga\u00e7\u00e3o para o Brasil. Em tempos sombrios. De Pandemia, escalada autorit\u00e1ria, al\u00e9m da pauta regressiva nos costumes, o fantasma da interven\u00e7\u00e3o dos fardados, militares, e dos\" \/>\n<meta property=\"og:url\" content=\"https:\/\/renatodias.online\/movimento\/2021\/07\/15\/emancipacao-ou-dominacao\/\" \/>\n<meta property=\"article:publisher\" content=\"https:\/\/www.facebook.com\/renato.dias.37\" \/>\n<meta property=\"article:author\" content=\"https:\/\/www.facebook.com\/renato.dias.37\" \/>\n<meta property=\"article:published_time\" content=\"2021-07-15T20:01:58+00:00\" \/>\n<meta property=\"article:modified_time\" content=\"2021-07-15T20:03:36+00:00\" \/>\n<meta property=\"og:image\" content=\"https:\/\/renatodias.online\/movimento\/wp-content\/uploads\/2021\/04\/odemar-Leoti2-e1624935696124.jpg\" \/>\n\t<meta property=\"og:image:width\" content=\"300\" \/>\n\t<meta property=\"og:image:height\" content=\"304\" \/>\n\t<meta property=\"og:image:type\" content=\"image\/jpeg\" \/>\n<meta name=\"author\" content=\"Renato Dias\" \/>\n<meta name=\"twitter:card\" content=\"summary_large_image\" \/>\n<meta name=\"twitter:creator\" content=\"@RenatoDiasBat\" \/>\n<meta name=\"twitter:site\" content=\"@RenatoDiasBat\" \/>\n<meta name=\"twitter:label1\" content=\"Escrito por\" \/>\n\t<meta name=\"twitter:data1\" content=\"Renato Dias\" \/>\n\t<meta name=\"twitter:label2\" content=\"Est. tempo de leitura\" \/>\n\t<meta name=\"twitter:data2\" content=\"1 minuto\" \/>\n<script type=\"application\/ld+json\" class=\"yoast-schema-graph\">{\"@context\":\"https:\\\/\\\/schema.org\",\"@graph\":[{\"@type\":\"Article\",\"@id\":\"https:\\\/\\\/renatodias.online\\\/movimento\\\/2021\\\/07\\\/15\\\/emancipacao-ou-dominacao\\\/#article\",\"isPartOf\":{\"@id\":\"https:\\\/\\\/renatodias.online\\\/movimento\\\/2021\\\/07\\\/15\\\/emancipacao-ou-dominacao\\\/\"},\"author\":{\"name\":\"Renato Dias\",\"@id\":\"https:\\\/\\\/renatodias.online\\\/movimento\\\/#\\\/schema\\\/person\\\/bbab28833b1725a20f4083f49f1fb2a9\"},\"headline\":\"Emancipa\u00e7\u00e3o ou domina\u00e7\u00e3o?\",\"datePublished\":\"2021-07-15T20:01:58+00:00\",\"dateModified\":\"2021-07-15T20:03:36+00:00\",\"mainEntityOfPage\":{\"@id\":\"https:\\\/\\\/renatodias.online\\\/movimento\\\/2021\\\/07\\\/15\\\/emancipacao-ou-dominacao\\\/\"},\"wordCount\":174,\"commentCount\":0,\"publisher\":{\"@id\":\"https:\\\/\\\/renatodias.online\\\/movimento\\\/#\\\/schema\\\/person\\\/bbab28833b1725a20f4083f49f1fb2a9\"},\"image\":{\"@id\":\"https:\\\/\\\/renatodias.online\\\/movimento\\\/2021\\\/07\\\/15\\\/emancipacao-ou-dominacao\\\/#primaryimage\"},\"thumbnailUrl\":\"https:\\\/\\\/renatodias.online\\\/movimento\\\/wp-content\\\/uploads\\\/2021\\\/04\\\/odemar-Leoti2-e1624935696124.jpg\",\"articleSection\":[\"Cultura\"],\"inLanguage\":\"pt-BR\",\"potentialAction\":[{\"@type\":\"CommentAction\",\"name\":\"Comment\",\"target\":[\"https:\\\/\\\/renatodias.online\\\/movimento\\\/2021\\\/07\\\/15\\\/emancipacao-ou-dominacao\\\/#respond\"]}]},{\"@type\":\"WebPage\",\"@id\":\"https:\\\/\\\/renatodias.online\\\/movimento\\\/2021\\\/07\\\/15\\\/emancipacao-ou-dominacao\\\/\",\"url\":\"https:\\\/\\\/renatodias.online\\\/movimento\\\/2021\\\/07\\\/15\\\/emancipacao-ou-dominacao\\\/\",\"name\":\"Emancipa\u00e7\u00e3o ou domina\u00e7\u00e3o? -\",\"isPartOf\":{\"@id\":\"https:\\\/\\\/renatodias.online\\\/movimento\\\/#website\"},\"primaryImageOfPage\":{\"@id\":\"https:\\\/\\\/renatodias.online\\\/movimento\\\/2021\\\/07\\\/15\\\/emancipacao-ou-dominacao\\\/#primaryimage\"},\"image\":{\"@id\":\"https:\\\/\\\/renatodias.online\\\/movimento\\\/2021\\\/07\\\/15\\\/emancipacao-ou-dominacao\\\/#primaryimage\"},\"thumbnailUrl\":\"https:\\\/\\\/renatodias.online\\\/movimento\\\/wp-content\\\/uploads\\\/2021\\\/04\\\/odemar-Leoti2-e1624935696124.jpg\",\"datePublished\":\"2021-07-15T20:01:58+00:00\",\"dateModified\":\"2021-07-15T20:03:36+00:00\",\"breadcrumb\":{\"@id\":\"https:\\\/\\\/renatodias.online\\\/movimento\\\/2021\\\/07\\\/15\\\/emancipacao-ou-dominacao\\\/#breadcrumb\"},\"inLanguage\":\"pt-BR\",\"potentialAction\":[{\"@type\":\"ReadAction\",\"target\":[\"https:\\\/\\\/renatodias.online\\\/movimento\\\/2021\\\/07\\\/15\\\/emancipacao-ou-dominacao\\\/\"]}]},{\"@type\":\"ImageObject\",\"inLanguage\":\"pt-BR\",\"@id\":\"https:\\\/\\\/renatodias.online\\\/movimento\\\/2021\\\/07\\\/15\\\/emancipacao-ou-dominacao\\\/#primaryimage\",\"url\":\"https:\\\/\\\/renatodias.online\\\/movimento\\\/wp-content\\\/uploads\\\/2021\\\/04\\\/odemar-Leoti2-e1624935696124.jpg\",\"contentUrl\":\"https:\\\/\\\/renatodias.online\\\/movimento\\\/wp-content\\\/uploads\\\/2021\\\/04\\\/odemar-Leoti2-e1624935696124.jpg\",\"width\":300,\"height\":304,\"caption\":\"Odemar Leotti\"},{\"@type\":\"BreadcrumbList\",\"@id\":\"https:\\\/\\\/renatodias.online\\\/movimento\\\/2021\\\/07\\\/15\\\/emancipacao-ou-dominacao\\\/#breadcrumb\",\"itemListElement\":[{\"@type\":\"ListItem\",\"position\":1,\"name\":\"In\u00edcio\",\"item\":\"https:\\\/\\\/renatodias.online\\\/movimento\\\/\"},{\"@type\":\"ListItem\",\"position\":2,\"name\":\"Emancipa\u00e7\u00e3o ou domina\u00e7\u00e3o?\"}]},{\"@type\":\"WebSite\",\"@id\":\"https:\\\/\\\/renatodias.online\\\/movimento\\\/#website\",\"url\":\"https:\\\/\\\/renatodias.online\\\/movimento\\\/\",\"name\":\"\",\"description\":\"\",\"publisher\":{\"@id\":\"https:\\\/\\\/renatodias.online\\\/movimento\\\/#\\\/schema\\\/person\\\/bbab28833b1725a20f4083f49f1fb2a9\"},\"potentialAction\":[{\"@type\":\"SearchAction\",\"target\":{\"@type\":\"EntryPoint\",\"urlTemplate\":\"https:\\\/\\\/renatodias.online\\\/movimento\\\/?s={search_term_string}\"},\"query-input\":{\"@type\":\"PropertyValueSpecification\",\"valueRequired\":true,\"valueName\":\"search_term_string\"}}],\"inLanguage\":\"pt-BR\"},{\"@type\":[\"Person\",\"Organization\"],\"@id\":\"https:\\\/\\\/renatodias.online\\\/movimento\\\/#\\\/schema\\\/person\\\/bbab28833b1725a20f4083f49f1fb2a9\",\"name\":\"Renato Dias\",\"image\":{\"@type\":\"ImageObject\",\"inLanguage\":\"pt-BR\",\"@id\":\"https:\\\/\\\/renatodias.online\\\/movimento\\\/wp-content\\\/uploads\\\/2023\\\/03\\\/cropped-cropped-cropped-logofinal.jpeg\",\"url\":\"https:\\\/\\\/renatodias.online\\\/movimento\\\/wp-content\\\/uploads\\\/2023\\\/03\\\/cropped-cropped-cropped-logofinal.jpeg\",\"contentUrl\":\"https:\\\/\\\/renatodias.online\\\/movimento\\\/wp-content\\\/uploads\\\/2023\\\/03\\\/cropped-cropped-cropped-logofinal.jpeg\",\"width\":1280,\"height\":219,\"caption\":\"Renato Dias\"},\"logo\":{\"@id\":\"https:\\\/\\\/renatodias.online\\\/movimento\\\/wp-content\\\/uploads\\\/2023\\\/03\\\/cropped-cropped-cropped-logofinal.jpeg\"},\"description\":\"Renato Dias, 58 anos, \u00e9 graduado em Jornalismo, formado em Ci\u00eancias Sociais, com p\u00f3s-gradua\u00e7\u00e3o em Pol\u00edticas P\u00fablicas, mestre em Direito e Rela\u00e7\u00f5es Internacionais, ex-aluno extraordin\u00e1rio do Doutorado em Psicologia Social, ex-estudante do Curso de Psican\u00e1lise do Centro de Estudos Psicanal\u00edticos do Estado de Goi\u00e1s, ministrado pelo m\u00e9dico psiquiatra e psicanalista Daniel Em\u00eddio de Souza. \u00c9 autor de 30 livros-reportagem, oito document\u00e1rios, ganhou 30 pr\u00eamios e \u00e9 torcedor apaixonado do maior do Centro-Oeste, o Vila Nova Futebol Clube. Casado com Meirilane Dias, \u00e9 pai de Juliana Dias, jornalista; Daniel Dias, economista; e Maria Rosa Dias, estudante antifascista, socialista e trotskista.\u00a0Com tr\u00eas pets: Porquinho [Bull Dog Franc\u00eas], Dalila [Basset Hound] e Geleia [Basset Hound]. Al\u00e9m do eterno gato Tutuquinho, que virou estrela.\",\"sameAs\":[\"https:\\\/\\\/www.facebook.com\\\/renato.dias.37\",\"#breve\",\"https:\\\/\\\/renatodias.tumblr.com\\\/\"],\"url\":\"https:\\\/\\\/renatodias.online\\\/movimento\\\/author\\\/renatodias\\\/\"}]}<\/script>\n<!-- \/ Yoast SEO plugin. -->","yoast_head_json":{"title":"Emancipa\u00e7\u00e3o ou domina\u00e7\u00e3o? -","robots":{"index":"index","follow":"follow","max-snippet":"max-snippet:-1","max-image-preview":"max-image-preview:large","max-video-preview":"max-video-preview:-1"},"canonical":"https:\/\/renatodias.online\/movimento\/2021\/07\/15\/emancipacao-ou-dominacao\/","og_locale":"pt_BR","og_type":"article","og_title":"Emancipa\u00e7\u00e3o ou domina\u00e7\u00e3o? -","og_description":"Emancipa\u00e7\u00e3o ou domina\u00e7\u00e3o? Odemar Leotti \u00e9 mediador de confer\u00eancia dia 19 de julho, 19h Heran\u00e7a do escravismo colonial Renato Dias A heran\u00e7a tr\u00e1gica do dom\u00ednio escravocrata. Com uma velha interroga\u00e7\u00e3o para o Brasil. Em tempos sombrios. De Pandemia, escalada autorit\u00e1ria, al\u00e9m da pauta regressiva nos costumes, o fantasma da interven\u00e7\u00e3o dos fardados, militares, e dos","og_url":"https:\/\/renatodias.online\/movimento\/2021\/07\/15\/emancipacao-ou-dominacao\/","article_publisher":"https:\/\/www.facebook.com\/renato.dias.37","article_author":"https:\/\/www.facebook.com\/renato.dias.37","article_published_time":"2021-07-15T20:01:58+00:00","article_modified_time":"2021-07-15T20:03:36+00:00","og_image":[{"width":300,"height":304,"url":"https:\/\/renatodias.online\/movimento\/wp-content\/uploads\/2021\/04\/odemar-Leoti2-e1624935696124.jpg","type":"image\/jpeg"}],"author":"Renato Dias","twitter_card":"summary_large_image","twitter_creator":"@RenatoDiasBat","twitter_site":"@RenatoDiasBat","twitter_misc":{"Escrito por":"Renato Dias","Est. tempo de leitura":"1 minuto"},"schema":{"@context":"https:\/\/schema.org","@graph":[{"@type":"Article","@id":"https:\/\/renatodias.online\/movimento\/2021\/07\/15\/emancipacao-ou-dominacao\/#article","isPartOf":{"@id":"https:\/\/renatodias.online\/movimento\/2021\/07\/15\/emancipacao-ou-dominacao\/"},"author":{"name":"Renato Dias","@id":"https:\/\/renatodias.online\/movimento\/#\/schema\/person\/bbab28833b1725a20f4083f49f1fb2a9"},"headline":"Emancipa\u00e7\u00e3o ou domina\u00e7\u00e3o?","datePublished":"2021-07-15T20:01:58+00:00","dateModified":"2021-07-15T20:03:36+00:00","mainEntityOfPage":{"@id":"https:\/\/renatodias.online\/movimento\/2021\/07\/15\/emancipacao-ou-dominacao\/"},"wordCount":174,"commentCount":0,"publisher":{"@id":"https:\/\/renatodias.online\/movimento\/#\/schema\/person\/bbab28833b1725a20f4083f49f1fb2a9"},"image":{"@id":"https:\/\/renatodias.online\/movimento\/2021\/07\/15\/emancipacao-ou-dominacao\/#primaryimage"},"thumbnailUrl":"https:\/\/renatodias.online\/movimento\/wp-content\/uploads\/2021\/04\/odemar-Leoti2-e1624935696124.jpg","articleSection":["Cultura"],"inLanguage":"pt-BR","potentialAction":[{"@type":"CommentAction","name":"Comment","target":["https:\/\/renatodias.online\/movimento\/2021\/07\/15\/emancipacao-ou-dominacao\/#respond"]}]},{"@type":"WebPage","@id":"https:\/\/renatodias.online\/movimento\/2021\/07\/15\/emancipacao-ou-dominacao\/","url":"https:\/\/renatodias.online\/movimento\/2021\/07\/15\/emancipacao-ou-dominacao\/","name":"Emancipa\u00e7\u00e3o ou domina\u00e7\u00e3o? -","isPartOf":{"@id":"https:\/\/renatodias.online\/movimento\/#website"},"primaryImageOfPage":{"@id":"https:\/\/renatodias.online\/movimento\/2021\/07\/15\/emancipacao-ou-dominacao\/#primaryimage"},"image":{"@id":"https:\/\/renatodias.online\/movimento\/2021\/07\/15\/emancipacao-ou-dominacao\/#primaryimage"},"thumbnailUrl":"https:\/\/renatodias.online\/movimento\/wp-content\/uploads\/2021\/04\/odemar-Leoti2-e1624935696124.jpg","datePublished":"2021-07-15T20:01:58+00:00","dateModified":"2021-07-15T20:03:36+00:00","breadcrumb":{"@id":"https:\/\/renatodias.online\/movimento\/2021\/07\/15\/emancipacao-ou-dominacao\/#breadcrumb"},"inLanguage":"pt-BR","potentialAction":[{"@type":"ReadAction","target":["https:\/\/renatodias.online\/movimento\/2021\/07\/15\/emancipacao-ou-dominacao\/"]}]},{"@type":"ImageObject","inLanguage":"pt-BR","@id":"https:\/\/renatodias.online\/movimento\/2021\/07\/15\/emancipacao-ou-dominacao\/#primaryimage","url":"https:\/\/renatodias.online\/movimento\/wp-content\/uploads\/2021\/04\/odemar-Leoti2-e1624935696124.jpg","contentUrl":"https:\/\/renatodias.online\/movimento\/wp-content\/uploads\/2021\/04\/odemar-Leoti2-e1624935696124.jpg","width":300,"height":304,"caption":"Odemar Leotti"},{"@type":"BreadcrumbList","@id":"https:\/\/renatodias.online\/movimento\/2021\/07\/15\/emancipacao-ou-dominacao\/#breadcrumb","itemListElement":[{"@type":"ListItem","position":1,"name":"In\u00edcio","item":"https:\/\/renatodias.online\/movimento\/"},{"@type":"ListItem","position":2,"name":"Emancipa\u00e7\u00e3o ou domina\u00e7\u00e3o?"}]},{"@type":"WebSite","@id":"https:\/\/renatodias.online\/movimento\/#website","url":"https:\/\/renatodias.online\/movimento\/","name":"","description":"","publisher":{"@id":"https:\/\/renatodias.online\/movimento\/#\/schema\/person\/bbab28833b1725a20f4083f49f1fb2a9"},"potentialAction":[{"@type":"SearchAction","target":{"@type":"EntryPoint","urlTemplate":"https:\/\/renatodias.online\/movimento\/?s={search_term_string}"},"query-input":{"@type":"PropertyValueSpecification","valueRequired":true,"valueName":"search_term_string"}}],"inLanguage":"pt-BR"},{"@type":["Person","Organization"],"@id":"https:\/\/renatodias.online\/movimento\/#\/schema\/person\/bbab28833b1725a20f4083f49f1fb2a9","name":"Renato Dias","image":{"@type":"ImageObject","inLanguage":"pt-BR","@id":"https:\/\/renatodias.online\/movimento\/wp-content\/uploads\/2023\/03\/cropped-cropped-cropped-logofinal.jpeg","url":"https:\/\/renatodias.online\/movimento\/wp-content\/uploads\/2023\/03\/cropped-cropped-cropped-logofinal.jpeg","contentUrl":"https:\/\/renatodias.online\/movimento\/wp-content\/uploads\/2023\/03\/cropped-cropped-cropped-logofinal.jpeg","width":1280,"height":219,"caption":"Renato Dias"},"logo":{"@id":"https:\/\/renatodias.online\/movimento\/wp-content\/uploads\/2023\/03\/cropped-cropped-cropped-logofinal.jpeg"},"description":"Renato Dias, 58 anos, \u00e9 graduado em Jornalismo, formado em Ci\u00eancias Sociais, com p\u00f3s-gradua\u00e7\u00e3o em Pol\u00edticas P\u00fablicas, mestre em Direito e Rela\u00e7\u00f5es Internacionais, ex-aluno extraordin\u00e1rio do Doutorado em Psicologia Social, ex-estudante do Curso de Psican\u00e1lise do Centro de Estudos Psicanal\u00edticos do Estado de Goi\u00e1s, ministrado pelo m\u00e9dico psiquiatra e psicanalista Daniel Em\u00eddio de Souza. \u00c9 autor de 30 livros-reportagem, oito document\u00e1rios, ganhou 30 pr\u00eamios e \u00e9 torcedor apaixonado do maior do Centro-Oeste, o Vila Nova Futebol Clube. Casado com Meirilane Dias, \u00e9 pai de Juliana Dias, jornalista; Daniel Dias, economista; e Maria Rosa Dias, estudante antifascista, socialista e trotskista.\u00a0Com tr\u00eas pets: Porquinho [Bull Dog Franc\u00eas], Dalila [Basset Hound] e Geleia [Basset Hound]. Al\u00e9m do eterno gato Tutuquinho, que virou estrela.","sameAs":["https:\/\/www.facebook.com\/renato.dias.37","#breve","https:\/\/renatodias.tumblr.com\/"],"url":"https:\/\/renatodias.online\/movimento\/author\/renatodias\/"}]}},"_links":{"self":[{"href":"https:\/\/renatodias.online\/movimento\/wp-json\/wp\/v2\/posts\/7762","targetHints":{"allow":["GET"]}}],"collection":[{"href":"https:\/\/renatodias.online\/movimento\/wp-json\/wp\/v2\/posts"}],"about":[{"href":"https:\/\/renatodias.online\/movimento\/wp-json\/wp\/v2\/types\/post"}],"author":[{"embeddable":true,"href":"https:\/\/renatodias.online\/movimento\/wp-json\/wp\/v2\/users\/2"}],"replies":[{"embeddable":true,"href":"https:\/\/renatodias.online\/movimento\/wp-json\/wp\/v2\/comments?post=7762"}],"version-history":[{"count":2,"href":"https:\/\/renatodias.online\/movimento\/wp-json\/wp\/v2\/posts\/7762\/revisions"}],"predecessor-version":[{"id":7765,"href":"https:\/\/renatodias.online\/movimento\/wp-json\/wp\/v2\/posts\/7762\/revisions\/7765"}],"wp:featuredmedia":[{"embeddable":true,"href":"https:\/\/renatodias.online\/movimento\/wp-json\/wp\/v2\/media\/6017"}],"wp:attachment":[{"href":"https:\/\/renatodias.online\/movimento\/wp-json\/wp\/v2\/media?parent=7762"}],"wp:term":[{"taxonomy":"category","embeddable":true,"href":"https:\/\/renatodias.online\/movimento\/wp-json\/wp\/v2\/categories?post=7762"},{"taxonomy":"post_tag","embeddable":true,"href":"https:\/\/renatodias.online\/movimento\/wp-json\/wp\/v2\/tags?post=7762"}],"curies":[{"name":"wp","href":"https:\/\/api.w.org\/{rel}","templated":true}]}}