{"id":7708,"date":"2021-07-10T01:17:39","date_gmt":"2021-07-10T04:17:39","guid":{"rendered":"https:\/\/renatodias.online\/movimento\/?p=7708"},"modified":"2021-07-10T01:17:39","modified_gmt":"2021-07-10T04:17:39","slug":"joao-carlos-haas-sobrinho-em-hq","status":"publish","type":"post","link":"https:\/\/renatodias.online\/movimento\/2021\/07\/10\/joao-carlos-haas-sobrinho-em-hq\/","title":{"rendered":"Jo\u00e3o Carlos Haas Sobrinho em HQ"},"content":{"rendered":"<div id=\":1qf\" class=\"a3s aiL \">\n<div dir=\"auto\">\n<div dir=\"auto\"><\/div>\n<div dir=\"auto\"><\/div>\n<p><img loading=\"lazy\" decoding=\"async\" class=\"size-full wp-image-7405\" src=\"https:\/\/renatodias.online\/movimento\/wp-content\/uploads\/2021\/06\/Bloco-de-imagens-_-Joao-Carlos-Haas-Sobrinho.jpg\" alt=\"\" width=\"1280\" height=\"959\" \/><\/p>\n<h1 dir=\"auto\" style=\"text-align: center;\"><span style=\"color: #ff0000;\">Jo\u00e3o Carlos Haas Sobrinho em HQ<\/span><\/h1>\n<h1 dir=\"auto\" style=\"text-align: center;\"><span style=\"color: #808000;\"><strong>Biografia do guerrilheiro desaparecido<\/strong><\/span><\/h1>\n<div dir=\"auto\"><span style=\"color: #808080;\"><strong>S\u00f4nia Haas deflagra campanha de arrecada\u00e7\u00e3o financeira com vaquinha virtual<\/strong><\/span><\/div>\n<\/div>\n<div dir=\"auto\"><\/div>\n<div dir=\"auto\">\n<div style=\"width: 640px;\" class=\"wp-video\"><!--[if lt IE 9]><script>document.createElement('video');<\/script><![endif]-->\n<video class=\"wp-video-shortcode\" id=\"video-7708-1\" width=\"640\" height=\"352\" preload=\"metadata\" controls=\"controls\"><source type=\"video\/mp4\" src=\"https:\/\/renatodias.online\/movimento\/wp-content\/uploads\/2021\/07\/Joao-Carlos-Haas-video-HQ.mp4?_=1\" \/><a href=\"https:\/\/renatodias.online\/movimento\/wp-content\/uploads\/2021\/07\/Joao-Carlos-Haas-video-HQ.mp4\">https:\/\/renatodias.online\/movimento\/wp-content\/uploads\/2021\/07\/Joao-Carlos-Haas-video-HQ.mp4<\/a><\/video><\/div>\n<\/div>\n<\/div>\n<div dir=\"auto\"><\/div>\n<div id=\":1qf\" class=\"a3s aiL \">\n<div dir=\"auto\">\n<div dir=\"auto\"><strong>Renato Dias<\/strong><\/div>\n<div dir=\"auto\"><\/div>\n<div dir=\"auto\">M\u00e9dico graduado na Universidade Federal do Rio Grande do Sul, <span style=\"color: #ff0000;\"><strong>Jo\u00e3o Carlos Haas Sobrinho<\/strong> <\/span>fez treinamento pol\u00edtico e militar na China, sob Mao-Ts\u00e9-tung, deslocou &#8211; se para o norte do Estado de Goi\u00e1s, atual Tocantins, um trecho do Par\u00e1 e uma \u00e1rea do Maranh\u00e3o, para deflagrar uma a\u00e7\u00e3o cidad\u00e3, em regi\u00e3o in\u00f3spita, ref\u00e9m da mis\u00e9ria social extrema e que viraria palco da Guerrilha do Araguaia. Organizada pelo Partido Comunista do Brasil. O <span style=\"color: #ff0000;\"><strong>PC do B<\/strong><\/span>.<\/div>\n<div dir=\"auto\">\n<figure id=\"attachment_7407\" aria-describedby=\"caption-attachment-7407\" style=\"width: 1198px\" class=\"wp-caption alignnone\"><img loading=\"lazy\" decoding=\"async\" class=\"size-full wp-image-7407\" src=\"https:\/\/renatodias.online\/movimento\/wp-content\/uploads\/2021\/06\/Bloco-2-de-imagens-_-Joao-Carlos-Haas-Sobrinho.jpg\" alt=\"\" width=\"1198\" height=\"563\" \/><figcaption id=\"caption-attachment-7407\" class=\"wp-caption-text\"><strong>Jo\u00e3o Carlos Haas Sobrinho<\/strong><\/figcaption><\/figure>\n<\/div>\n<div dir=\"auto\"><\/div>\n<div dir=\"auto\">Fundada em fevereiro do ano de 1962, por Jo\u00e3o Amazonas, \u00c2ngelo Arroyo, Pedro Pomar, como uma ruptura do PCB, o Partid\u00e3o, rotulado como reformista, a sigla fez op\u00e7\u00e3o estrat\u00e9gica pelas armas. Dezenas de militantes foram deslocados das cidades para o Araguaia. Os conflitos iniciaram &#8211; se em abril de 1972. Morto no mesmo ano, Jo\u00e3o Carlos Haas Sobrinho integra a lista dos <strong><span style=\"color: #ff0000;\">desaparecidos pol\u00edticos<\/span><\/strong>.<\/div>\n<div dir=\"auto\"><\/div>\n<div dir=\"auto\">\n<figure id=\"attachment_7406\" aria-describedby=\"caption-attachment-7406\" style=\"width: 1033px\" class=\"wp-caption alignnone\"><img loading=\"lazy\" decoding=\"async\" class=\"size-full wp-image-7406\" src=\"https:\/\/renatodias.online\/movimento\/wp-content\/uploads\/2021\/06\/Infografico-_-A-Guerrilha-do-Araguaia-_-1966-1975.jpg\" alt=\"\" width=\"1033\" height=\"1280\" \/><figcaption id=\"caption-attachment-7406\" class=\"wp-caption-text\"><strong>A Guerrilha do Araguaia _ 1966-1975<\/strong><\/figcaption><\/figure>\n<\/div>\n<div dir=\"auto\"><\/div>\n<div dir=\"auto\">Cineasta, publicit\u00e1ria e ativista dos direitos humanos, pelo direito \u00e0 mem\u00f3ria, verdade e justi\u00e7a, assim como pela reinterpretra\u00e7\u00e3o da Lei de Anistia, <span style=\"color: #ff0000;\"><strong>S\u00f4nia Haas<\/strong><\/span> anuncia a deflagra\u00e7\u00e3o de uma campanha. De arrecada\u00e7\u00e3o financeira. Uma vaquinha virtual. Para a publica\u00e7\u00e3o de uma biografia inventiva. Em formato HQ. De hist\u00f3ria em quadrinhos. Com a assinatura de <strong><span style=\"color: #ff0000;\">Diego Moreira<\/span><\/strong>. \u00c9 a hist\u00f3ria do <strong><span style=\"color: #ff0000;\">Dr. Araguaia<\/span>.<\/strong><\/div>\n<div dir=\"auto\"><\/div>\n<div dir=\"auto\"><a rel=\"noopener\" href=\"https:\/\/www.vakinha.com.br\/vaquinha\/projeto-revista-quadrinhos-dr-araguaia\" target=\"_blank\" data-saferedirecturl=\"https:\/\/www.google.com\/url?q=https:\/\/www.vakinha.com.br\/vaquinha\/projeto-revista-quadrinhos-dr-araguaia&amp;source=gmail&amp;ust=1625973257784000&amp;usg=AFQjCNG1SR1iKrWZzT8pJhxVi8MlHW-ShQ\">https:\/\/www.vakinha.com.br\/<wbr \/>vaquinha\/projeto-revista-<wbr \/>quadrinhos-dr-araguaia<\/a><\/div>\n<\/div>\n<\/div>\n","protected":false},"excerpt":{"rendered":"<p>Jo\u00e3o Carlos Haas Sobrinho em HQ Biografia do guerrilheiro desaparecido S\u00f4nia Haas deflagra campanha de arrecada\u00e7\u00e3o financeira com vaquinha virtual Renato Dias M\u00e9dico graduado na Universidade Federal do Rio Grande do Sul, Jo\u00e3o Carlos Haas Sobrinho fez treinamento pol\u00edtico e militar na China, sob Mao-Ts\u00e9-tung, deslocou &#8211; se para o norte do Estado de Goi\u00e1s,<\/p>\n","protected":false},"author":2,"featured_media":4597,"comment_status":"open","ping_status":"open","sticky":false,"template":"","format":"standard","meta":{"_acf_changed":false,"_monsterinsights_skip_tracking":false,"_monsterinsights_sitenote_active":false,"_monsterinsights_sitenote_note":"","_monsterinsights_sitenote_category":0,"footnotes":""},"categories":[28],"tags":[],"class_list":["post-7708","post","type-post","status-publish","format-standard","has-post-thumbnail","hentry","category-cultura"],"acf":[],"yoast_head":"<!-- This site is optimized with the Yoast SEO plugin v27.4 - https:\/\/yoast.com\/product\/yoast-seo-wordpress\/ -->\n<title>Jo\u00e3o Carlos Haas Sobrinho em HQ -<\/title>\n<meta name=\"robots\" content=\"index, follow, max-snippet:-1, max-image-preview:large, max-video-preview:-1\" \/>\n<link rel=\"canonical\" href=\"https:\/\/renatodias.online\/movimento\/2021\/07\/10\/joao-carlos-haas-sobrinho-em-hq\/\" \/>\n<meta property=\"og:locale\" content=\"pt_BR\" \/>\n<meta property=\"og:type\" content=\"article\" \/>\n<meta property=\"og:title\" content=\"Jo\u00e3o Carlos Haas Sobrinho em HQ -\" \/>\n<meta property=\"og:description\" content=\"Jo\u00e3o Carlos Haas Sobrinho em HQ Biografia do guerrilheiro desaparecido S\u00f4nia Haas deflagra campanha de arrecada\u00e7\u00e3o financeira com vaquinha virtual Renato Dias M\u00e9dico graduado na Universidade Federal do Rio Grande do Sul, Jo\u00e3o Carlos Haas Sobrinho fez treinamento pol\u00edtico e militar na China, sob Mao-Ts\u00e9-tung, deslocou &#8211; se para o norte do Estado de Goi\u00e1s,\" \/>\n<meta property=\"og:url\" content=\"https:\/\/renatodias.online\/movimento\/2021\/07\/10\/joao-carlos-haas-sobrinho-em-hq\/\" \/>\n<meta property=\"article:publisher\" content=\"https:\/\/www.facebook.com\/renato.dias.37\" \/>\n<meta property=\"article:author\" content=\"https:\/\/www.facebook.com\/renato.dias.37\" \/>\n<meta property=\"article:published_time\" content=\"2021-07-10T04:17:39+00:00\" \/>\n<meta property=\"og:image\" content=\"https:\/\/renatodias.online\/movimento\/wp-content\/uploads\/2020\/09\/Jo\u00e3o-Carlos-Haas-Sobrinho-1-e1625890635710.jpg\" \/>\n\t<meta property=\"og:image:width\" content=\"300\" \/>\n\t<meta property=\"og:image:height\" content=\"300\" \/>\n\t<meta property=\"og:image:type\" content=\"image\/jpeg\" \/>\n<meta name=\"author\" content=\"Renato Dias\" \/>\n<meta name=\"twitter:card\" content=\"summary_large_image\" \/>\n<meta name=\"twitter:creator\" content=\"@RenatoDiasBat\" \/>\n<meta name=\"twitter:site\" content=\"@RenatoDiasBat\" \/>\n<meta name=\"twitter:label1\" content=\"Escrito por\" \/>\n\t<meta name=\"twitter:data1\" content=\"Renato Dias\" \/>\n\t<meta name=\"twitter:label2\" content=\"Est. tempo de leitura\" \/>\n\t<meta name=\"twitter:data2\" content=\"1 minuto\" \/>\n<script type=\"application\/ld+json\" class=\"yoast-schema-graph\">{\"@context\":\"https:\\\/\\\/schema.org\",\"@graph\":[{\"@type\":\"Article\",\"@id\":\"https:\\\/\\\/renatodias.online\\\/movimento\\\/2021\\\/07\\\/10\\\/joao-carlos-haas-sobrinho-em-hq\\\/#article\",\"isPartOf\":{\"@id\":\"https:\\\/\\\/renatodias.online\\\/movimento\\\/2021\\\/07\\\/10\\\/joao-carlos-haas-sobrinho-em-hq\\\/\"},\"author\":{\"name\":\"Renato Dias\",\"@id\":\"https:\\\/\\\/renatodias.online\\\/movimento\\\/#\\\/schema\\\/person\\\/bbab28833b1725a20f4083f49f1fb2a9\"},\"headline\":\"Jo\u00e3o Carlos Haas Sobrinho em HQ\",\"datePublished\":\"2021-07-10T04:17:39+00:00\",\"mainEntityOfPage\":{\"@id\":\"https:\\\/\\\/renatodias.online\\\/movimento\\\/2021\\\/07\\\/10\\\/joao-carlos-haas-sobrinho-em-hq\\\/\"},\"wordCount\":300,\"commentCount\":0,\"publisher\":{\"@id\":\"https:\\\/\\\/renatodias.online\\\/movimento\\\/#\\\/schema\\\/person\\\/bbab28833b1725a20f4083f49f1fb2a9\"},\"image\":{\"@id\":\"https:\\\/\\\/renatodias.online\\\/movimento\\\/2021\\\/07\\\/10\\\/joao-carlos-haas-sobrinho-em-hq\\\/#primaryimage\"},\"thumbnailUrl\":\"https:\\\/\\\/renatodias.online\\\/movimento\\\/wp-content\\\/uploads\\\/2020\\\/09\\\/Jo\u00e3o-Carlos-Haas-Sobrinho-1-e1625890635710.jpg\",\"articleSection\":[\"Cultura\"],\"inLanguage\":\"pt-BR\",\"potentialAction\":[{\"@type\":\"CommentAction\",\"name\":\"Comment\",\"target\":[\"https:\\\/\\\/renatodias.online\\\/movimento\\\/2021\\\/07\\\/10\\\/joao-carlos-haas-sobrinho-em-hq\\\/#respond\"]}]},{\"@type\":\"WebPage\",\"@id\":\"https:\\\/\\\/renatodias.online\\\/movimento\\\/2021\\\/07\\\/10\\\/joao-carlos-haas-sobrinho-em-hq\\\/\",\"url\":\"https:\\\/\\\/renatodias.online\\\/movimento\\\/2021\\\/07\\\/10\\\/joao-carlos-haas-sobrinho-em-hq\\\/\",\"name\":\"Jo\u00e3o Carlos Haas Sobrinho em HQ -\",\"isPartOf\":{\"@id\":\"https:\\\/\\\/renatodias.online\\\/movimento\\\/#website\"},\"primaryImageOfPage\":{\"@id\":\"https:\\\/\\\/renatodias.online\\\/movimento\\\/2021\\\/07\\\/10\\\/joao-carlos-haas-sobrinho-em-hq\\\/#primaryimage\"},\"image\":{\"@id\":\"https:\\\/\\\/renatodias.online\\\/movimento\\\/2021\\\/07\\\/10\\\/joao-carlos-haas-sobrinho-em-hq\\\/#primaryimage\"},\"thumbnailUrl\":\"https:\\\/\\\/renatodias.online\\\/movimento\\\/wp-content\\\/uploads\\\/2020\\\/09\\\/Jo\u00e3o-Carlos-Haas-Sobrinho-1-e1625890635710.jpg\",\"datePublished\":\"2021-07-10T04:17:39+00:00\",\"breadcrumb\":{\"@id\":\"https:\\\/\\\/renatodias.online\\\/movimento\\\/2021\\\/07\\\/10\\\/joao-carlos-haas-sobrinho-em-hq\\\/#breadcrumb\"},\"inLanguage\":\"pt-BR\",\"potentialAction\":[{\"@type\":\"ReadAction\",\"target\":[\"https:\\\/\\\/renatodias.online\\\/movimento\\\/2021\\\/07\\\/10\\\/joao-carlos-haas-sobrinho-em-hq\\\/\"]}]},{\"@type\":\"ImageObject\",\"inLanguage\":\"pt-BR\",\"@id\":\"https:\\\/\\\/renatodias.online\\\/movimento\\\/2021\\\/07\\\/10\\\/joao-carlos-haas-sobrinho-em-hq\\\/#primaryimage\",\"url\":\"https:\\\/\\\/renatodias.online\\\/movimento\\\/wp-content\\\/uploads\\\/2020\\\/09\\\/Jo\u00e3o-Carlos-Haas-Sobrinho-1-e1625890635710.jpg\",\"contentUrl\":\"https:\\\/\\\/renatodias.online\\\/movimento\\\/wp-content\\\/uploads\\\/2020\\\/09\\\/Jo\u00e3o-Carlos-Haas-Sobrinho-1-e1625890635710.jpg\",\"width\":300,\"height\":300,\"caption\":\"Jo\u00e3o Carlos Haas Sobrinho\"},{\"@type\":\"BreadcrumbList\",\"@id\":\"https:\\\/\\\/renatodias.online\\\/movimento\\\/2021\\\/07\\\/10\\\/joao-carlos-haas-sobrinho-em-hq\\\/#breadcrumb\",\"itemListElement\":[{\"@type\":\"ListItem\",\"position\":1,\"name\":\"In\u00edcio\",\"item\":\"https:\\\/\\\/renatodias.online\\\/movimento\\\/\"},{\"@type\":\"ListItem\",\"position\":2,\"name\":\"Jo\u00e3o Carlos Haas Sobrinho em HQ\"}]},{\"@type\":\"WebSite\",\"@id\":\"https:\\\/\\\/renatodias.online\\\/movimento\\\/#website\",\"url\":\"https:\\\/\\\/renatodias.online\\\/movimento\\\/\",\"name\":\"\",\"description\":\"\",\"publisher\":{\"@id\":\"https:\\\/\\\/renatodias.online\\\/movimento\\\/#\\\/schema\\\/person\\\/bbab28833b1725a20f4083f49f1fb2a9\"},\"potentialAction\":[{\"@type\":\"SearchAction\",\"target\":{\"@type\":\"EntryPoint\",\"urlTemplate\":\"https:\\\/\\\/renatodias.online\\\/movimento\\\/?s={search_term_string}\"},\"query-input\":{\"@type\":\"PropertyValueSpecification\",\"valueRequired\":true,\"valueName\":\"search_term_string\"}}],\"inLanguage\":\"pt-BR\"},{\"@type\":[\"Person\",\"Organization\"],\"@id\":\"https:\\\/\\\/renatodias.online\\\/movimento\\\/#\\\/schema\\\/person\\\/bbab28833b1725a20f4083f49f1fb2a9\",\"name\":\"Renato Dias\",\"image\":{\"@type\":\"ImageObject\",\"inLanguage\":\"pt-BR\",\"@id\":\"https:\\\/\\\/renatodias.online\\\/movimento\\\/wp-content\\\/uploads\\\/2023\\\/03\\\/cropped-cropped-cropped-logofinal.jpeg\",\"url\":\"https:\\\/\\\/renatodias.online\\\/movimento\\\/wp-content\\\/uploads\\\/2023\\\/03\\\/cropped-cropped-cropped-logofinal.jpeg\",\"contentUrl\":\"https:\\\/\\\/renatodias.online\\\/movimento\\\/wp-content\\\/uploads\\\/2023\\\/03\\\/cropped-cropped-cropped-logofinal.jpeg\",\"width\":1280,\"height\":219,\"caption\":\"Renato Dias\"},\"logo\":{\"@id\":\"https:\\\/\\\/renatodias.online\\\/movimento\\\/wp-content\\\/uploads\\\/2023\\\/03\\\/cropped-cropped-cropped-logofinal.jpeg\"},\"description\":\"Renato Dias, 58 anos, \u00e9 graduado em Jornalismo, formado em Ci\u00eancias Sociais, com p\u00f3s-gradua\u00e7\u00e3o em Pol\u00edticas P\u00fablicas, mestre em Direito e Rela\u00e7\u00f5es Internacionais, ex-aluno extraordin\u00e1rio do Doutorado em Psicologia Social, ex-estudante do Curso de Psican\u00e1lise do Centro de Estudos Psicanal\u00edticos do Estado de Goi\u00e1s, ministrado pelo m\u00e9dico psiquiatra e psicanalista Daniel Em\u00eddio de Souza. \u00c9 autor de 30 livros-reportagem, oito document\u00e1rios, ganhou 30 pr\u00eamios e \u00e9 torcedor apaixonado do maior do Centro-Oeste, o Vila Nova Futebol Clube. Casado com Meirilane Dias, \u00e9 pai de Juliana Dias, jornalista; Daniel Dias, economista; e Maria Rosa Dias, estudante antifascista, socialista e trotskista.\u00a0Com tr\u00eas pets: Porquinho [Bull Dog Franc\u00eas], Dalila [Basset Hound] e Geleia [Basset Hound]. Al\u00e9m do eterno gato Tutuquinho, que virou estrela.\",\"sameAs\":[\"https:\\\/\\\/www.facebook.com\\\/renato.dias.37\",\"#breve\",\"https:\\\/\\\/renatodias.tumblr.com\\\/\"],\"url\":\"https:\\\/\\\/renatodias.online\\\/movimento\\\/author\\\/renatodias\\\/\"}]}<\/script>\n<!-- \/ Yoast SEO plugin. -->","yoast_head_json":{"title":"Jo\u00e3o Carlos Haas Sobrinho em HQ -","robots":{"index":"index","follow":"follow","max-snippet":"max-snippet:-1","max-image-preview":"max-image-preview:large","max-video-preview":"max-video-preview:-1"},"canonical":"https:\/\/renatodias.online\/movimento\/2021\/07\/10\/joao-carlos-haas-sobrinho-em-hq\/","og_locale":"pt_BR","og_type":"article","og_title":"Jo\u00e3o Carlos Haas Sobrinho em HQ -","og_description":"Jo\u00e3o Carlos Haas Sobrinho em HQ Biografia do guerrilheiro desaparecido S\u00f4nia Haas deflagra campanha de arrecada\u00e7\u00e3o financeira com vaquinha virtual Renato Dias M\u00e9dico graduado na Universidade Federal do Rio Grande do Sul, Jo\u00e3o Carlos Haas Sobrinho fez treinamento pol\u00edtico e militar na China, sob Mao-Ts\u00e9-tung, deslocou &#8211; se para o norte do Estado de Goi\u00e1s,","og_url":"https:\/\/renatodias.online\/movimento\/2021\/07\/10\/joao-carlos-haas-sobrinho-em-hq\/","article_publisher":"https:\/\/www.facebook.com\/renato.dias.37","article_author":"https:\/\/www.facebook.com\/renato.dias.37","article_published_time":"2021-07-10T04:17:39+00:00","og_image":[{"width":300,"height":300,"url":"https:\/\/renatodias.online\/movimento\/wp-content\/uploads\/2020\/09\/Jo\u00e3o-Carlos-Haas-Sobrinho-1-e1625890635710.jpg","type":"image\/jpeg"}],"author":"Renato Dias","twitter_card":"summary_large_image","twitter_creator":"@RenatoDiasBat","twitter_site":"@RenatoDiasBat","twitter_misc":{"Escrito por":"Renato Dias","Est. tempo de leitura":"1 minuto"},"schema":{"@context":"https:\/\/schema.org","@graph":[{"@type":"Article","@id":"https:\/\/renatodias.online\/movimento\/2021\/07\/10\/joao-carlos-haas-sobrinho-em-hq\/#article","isPartOf":{"@id":"https:\/\/renatodias.online\/movimento\/2021\/07\/10\/joao-carlos-haas-sobrinho-em-hq\/"},"author":{"name":"Renato Dias","@id":"https:\/\/renatodias.online\/movimento\/#\/schema\/person\/bbab28833b1725a20f4083f49f1fb2a9"},"headline":"Jo\u00e3o Carlos Haas Sobrinho em HQ","datePublished":"2021-07-10T04:17:39+00:00","mainEntityOfPage":{"@id":"https:\/\/renatodias.online\/movimento\/2021\/07\/10\/joao-carlos-haas-sobrinho-em-hq\/"},"wordCount":300,"commentCount":0,"publisher":{"@id":"https:\/\/renatodias.online\/movimento\/#\/schema\/person\/bbab28833b1725a20f4083f49f1fb2a9"},"image":{"@id":"https:\/\/renatodias.online\/movimento\/2021\/07\/10\/joao-carlos-haas-sobrinho-em-hq\/#primaryimage"},"thumbnailUrl":"https:\/\/renatodias.online\/movimento\/wp-content\/uploads\/2020\/09\/Jo\u00e3o-Carlos-Haas-Sobrinho-1-e1625890635710.jpg","articleSection":["Cultura"],"inLanguage":"pt-BR","potentialAction":[{"@type":"CommentAction","name":"Comment","target":["https:\/\/renatodias.online\/movimento\/2021\/07\/10\/joao-carlos-haas-sobrinho-em-hq\/#respond"]}]},{"@type":"WebPage","@id":"https:\/\/renatodias.online\/movimento\/2021\/07\/10\/joao-carlos-haas-sobrinho-em-hq\/","url":"https:\/\/renatodias.online\/movimento\/2021\/07\/10\/joao-carlos-haas-sobrinho-em-hq\/","name":"Jo\u00e3o Carlos Haas Sobrinho em HQ -","isPartOf":{"@id":"https:\/\/renatodias.online\/movimento\/#website"},"primaryImageOfPage":{"@id":"https:\/\/renatodias.online\/movimento\/2021\/07\/10\/joao-carlos-haas-sobrinho-em-hq\/#primaryimage"},"image":{"@id":"https:\/\/renatodias.online\/movimento\/2021\/07\/10\/joao-carlos-haas-sobrinho-em-hq\/#primaryimage"},"thumbnailUrl":"https:\/\/renatodias.online\/movimento\/wp-content\/uploads\/2020\/09\/Jo\u00e3o-Carlos-Haas-Sobrinho-1-e1625890635710.jpg","datePublished":"2021-07-10T04:17:39+00:00","breadcrumb":{"@id":"https:\/\/renatodias.online\/movimento\/2021\/07\/10\/joao-carlos-haas-sobrinho-em-hq\/#breadcrumb"},"inLanguage":"pt-BR","potentialAction":[{"@type":"ReadAction","target":["https:\/\/renatodias.online\/movimento\/2021\/07\/10\/joao-carlos-haas-sobrinho-em-hq\/"]}]},{"@type":"ImageObject","inLanguage":"pt-BR","@id":"https:\/\/renatodias.online\/movimento\/2021\/07\/10\/joao-carlos-haas-sobrinho-em-hq\/#primaryimage","url":"https:\/\/renatodias.online\/movimento\/wp-content\/uploads\/2020\/09\/Jo\u00e3o-Carlos-Haas-Sobrinho-1-e1625890635710.jpg","contentUrl":"https:\/\/renatodias.online\/movimento\/wp-content\/uploads\/2020\/09\/Jo\u00e3o-Carlos-Haas-Sobrinho-1-e1625890635710.jpg","width":300,"height":300,"caption":"Jo\u00e3o Carlos Haas Sobrinho"},{"@type":"BreadcrumbList","@id":"https:\/\/renatodias.online\/movimento\/2021\/07\/10\/joao-carlos-haas-sobrinho-em-hq\/#breadcrumb","itemListElement":[{"@type":"ListItem","position":1,"name":"In\u00edcio","item":"https:\/\/renatodias.online\/movimento\/"},{"@type":"ListItem","position":2,"name":"Jo\u00e3o Carlos Haas Sobrinho em HQ"}]},{"@type":"WebSite","@id":"https:\/\/renatodias.online\/movimento\/#website","url":"https:\/\/renatodias.online\/movimento\/","name":"","description":"","publisher":{"@id":"https:\/\/renatodias.online\/movimento\/#\/schema\/person\/bbab28833b1725a20f4083f49f1fb2a9"},"potentialAction":[{"@type":"SearchAction","target":{"@type":"EntryPoint","urlTemplate":"https:\/\/renatodias.online\/movimento\/?s={search_term_string}"},"query-input":{"@type":"PropertyValueSpecification","valueRequired":true,"valueName":"search_term_string"}}],"inLanguage":"pt-BR"},{"@type":["Person","Organization"],"@id":"https:\/\/renatodias.online\/movimento\/#\/schema\/person\/bbab28833b1725a20f4083f49f1fb2a9","name":"Renato Dias","image":{"@type":"ImageObject","inLanguage":"pt-BR","@id":"https:\/\/renatodias.online\/movimento\/wp-content\/uploads\/2023\/03\/cropped-cropped-cropped-logofinal.jpeg","url":"https:\/\/renatodias.online\/movimento\/wp-content\/uploads\/2023\/03\/cropped-cropped-cropped-logofinal.jpeg","contentUrl":"https:\/\/renatodias.online\/movimento\/wp-content\/uploads\/2023\/03\/cropped-cropped-cropped-logofinal.jpeg","width":1280,"height":219,"caption":"Renato Dias"},"logo":{"@id":"https:\/\/renatodias.online\/movimento\/wp-content\/uploads\/2023\/03\/cropped-cropped-cropped-logofinal.jpeg"},"description":"Renato Dias, 58 anos, \u00e9 graduado em Jornalismo, formado em Ci\u00eancias Sociais, com p\u00f3s-gradua\u00e7\u00e3o em Pol\u00edticas P\u00fablicas, mestre em Direito e Rela\u00e7\u00f5es Internacionais, ex-aluno extraordin\u00e1rio do Doutorado em Psicologia Social, ex-estudante do Curso de Psican\u00e1lise do Centro de Estudos Psicanal\u00edticos do Estado de Goi\u00e1s, ministrado pelo m\u00e9dico psiquiatra e psicanalista Daniel Em\u00eddio de Souza. \u00c9 autor de 30 livros-reportagem, oito document\u00e1rios, ganhou 30 pr\u00eamios e \u00e9 torcedor apaixonado do maior do Centro-Oeste, o Vila Nova Futebol Clube. Casado com Meirilane Dias, \u00e9 pai de Juliana Dias, jornalista; Daniel Dias, economista; e Maria Rosa Dias, estudante antifascista, socialista e trotskista.\u00a0Com tr\u00eas pets: Porquinho [Bull Dog Franc\u00eas], Dalila [Basset Hound] e Geleia [Basset Hound]. Al\u00e9m do eterno gato Tutuquinho, que virou estrela.","sameAs":["https:\/\/www.facebook.com\/renato.dias.37","#breve","https:\/\/renatodias.tumblr.com\/"],"url":"https:\/\/renatodias.online\/movimento\/author\/renatodias\/"}]}},"_links":{"self":[{"href":"https:\/\/renatodias.online\/movimento\/wp-json\/wp\/v2\/posts\/7708","targetHints":{"allow":["GET"]}}],"collection":[{"href":"https:\/\/renatodias.online\/movimento\/wp-json\/wp\/v2\/posts"}],"about":[{"href":"https:\/\/renatodias.online\/movimento\/wp-json\/wp\/v2\/types\/post"}],"author":[{"embeddable":true,"href":"https:\/\/renatodias.online\/movimento\/wp-json\/wp\/v2\/users\/2"}],"replies":[{"embeddable":true,"href":"https:\/\/renatodias.online\/movimento\/wp-json\/wp\/v2\/comments?post=7708"}],"version-history":[{"count":1,"href":"https:\/\/renatodias.online\/movimento\/wp-json\/wp\/v2\/posts\/7708\/revisions"}],"predecessor-version":[{"id":7710,"href":"https:\/\/renatodias.online\/movimento\/wp-json\/wp\/v2\/posts\/7708\/revisions\/7710"}],"wp:featuredmedia":[{"embeddable":true,"href":"https:\/\/renatodias.online\/movimento\/wp-json\/wp\/v2\/media\/4597"}],"wp:attachment":[{"href":"https:\/\/renatodias.online\/movimento\/wp-json\/wp\/v2\/media?parent=7708"}],"wp:term":[{"taxonomy":"category","embeddable":true,"href":"https:\/\/renatodias.online\/movimento\/wp-json\/wp\/v2\/categories?post=7708"},{"taxonomy":"post_tag","embeddable":true,"href":"https:\/\/renatodias.online\/movimento\/wp-json\/wp\/v2\/tags?post=7708"}],"curies":[{"name":"wp","href":"https:\/\/api.w.org\/{rel}","templated":true}]}}