{"id":7665,"date":"2021-07-08T19:16:15","date_gmt":"2021-07-08T22:16:15","guid":{"rendered":"https:\/\/renatodias.online\/movimento\/?p=7665"},"modified":"2021-07-08T19:16:15","modified_gmt":"2021-07-08T22:16:15","slug":"dap-13-anos-por-um-pt-a-esquerda","status":"publish","type":"post","link":"https:\/\/renatodias.online\/movimento\/2021\/07\/08\/dap-13-anos-por-um-pt-a-esquerda\/","title":{"rendered":"DAP: 13 anos por um PT \u00e0 esquerda"},"content":{"rendered":"<div id=\":19s\" class=\"a3s aiL \">\n<div dir=\"auto\">\n<div dir=\"auto\">\n<figure id=\"attachment_7666\" aria-describedby=\"caption-attachment-7666\" style=\"width: 1280px\" class=\"wp-caption alignnone\"><img loading=\"lazy\" decoding=\"async\" class=\"size-full wp-image-7666\" src=\"https:\/\/renatodias.online\/movimento\/wp-content\/uploads\/2021\/07\/DAP-principal.jpg\" alt=\"\" width=\"1280\" height=\"720\" \/><figcaption id=\"caption-attachment-7666\" class=\"wp-caption-text\">DAP nas ruas<\/figcaption><\/figure>\n<\/div>\n<div dir=\"auto\"><img loading=\"lazy\" decoding=\"async\" class=\"alignnone size-full wp-image-5007\" src=\"https:\/\/renatodias.online\/movimento\/wp-content\/uploads\/2021\/01\/Alto-da-p\u00e1gina-Banner-Exclusivo.png\" alt=\"\" width=\"1224\" height=\"372\" \/><\/div>\n<div dir=\"auto\"><\/div>\n<h1 dir=\"auto\" style=\"text-align: center;\"><span style=\"color: #ff0000;\">DAP: 13 anos por um PT \u00e0 esquerda<\/span><\/h1>\n<h1 dir=\"auto\" style=\"text-align: center;\"><span style=\"color: #0000ff;\">Plen\u00e1ria virtual dia 10, s\u00e1bado, \u00e0s 16h<\/span><\/h1>\n<div dir=\"auto\">\n<p>&nbsp;<\/p>\n<figure id=\"attachment_6726\" aria-describedby=\"caption-attachment-6726\" style=\"width: 1280px\" class=\"wp-caption alignnone\"><img loading=\"lazy\" decoding=\"async\" class=\"size-full wp-image-6726\" src=\"https:\/\/renatodias.online\/movimento\/wp-content\/uploads\/2021\/05\/Julio-Turra-IV-Internacional.jpg\" alt=\"\" width=\"1280\" height=\"720\" \/><figcaption id=\"caption-attachment-6726\" class=\"wp-caption-text\"><strong>J\u00falio Turra &#8211; IV Internacional<\/strong><\/figcaption><\/figure>\n<\/div>\n<div dir=\"auto\"><\/div>\n<div dir=\"auto\"><strong>Renato Dias<\/strong><\/div>\n<div dir=\"auto\"><\/div>\n<div dir=\"auto\">A tend\u00eancia interna do PT, Di\u00e1logo e A\u00e7\u00e3o Petista, de esquerda no espectro da sigla socialista fundada em 10 de fevereiro de 1980, no Col\u00e9gio Sion, sob a ditadura civil e militar, chega aos 13 anos de hist\u00f3ria neste s\u00e1bado. Dia 10 de julho de 2021. Com uma ampla plen\u00e1ria virtual programada para ocorrer 16h. As inscri\u00e7\u00f5es devem ser realizadas at\u00e9 hoje, 8 de julho, quinta-feira.<\/div>\n<div dir=\"auto\"><\/div>\n<div dir=\"auto\"><img loading=\"lazy\" decoding=\"async\" class=\"size-full wp-image-4001 aligncenter\" src=\"https:\/\/renatodias.online\/movimento\/wp-content\/uploads\/2020\/06\/Marcus-Sokol-1.jpg\" alt=\"\" width=\"681\" height=\"1024\" \/><\/div>\n<\/div>\n<h2 dir=\"auto\"><span style=\"color: #ff00ff;\"><strong>Quadros<\/strong><\/span><\/h2>\n<div dir=\"auto\">\n<div dir=\"auto\">O DAP possui quadros nacionais como Luiz Eduardo Greenhalgh, ex &#8211; vice prefeito de S\u00e3o Paulo e ex &#8211; deputado federal,\u00a0 Markus Sokol, membro da executiva nacional do PT,\u00a0 J\u00falio Turra, integrante da IV Internacional e Misa Boito, l\u00edder feminista. Os seus dirigentes em Goi\u00e1s s\u00e3o Thelma Gomes, Angela Cristina, Humberto de Assis Cl\u00edmaco, professor doutor da Universidade Federal de Goi\u00e1s.<\/div>\n<div dir=\"auto\"><\/div>\n<\/div>\n<figure id=\"attachment_7667\" aria-describedby=\"caption-attachment-7667\" style=\"width: 574px\" class=\"wp-caption aligncenter\"><img loading=\"lazy\" decoding=\"async\" class=\"size-full wp-image-7667\" src=\"https:\/\/renatodias.online\/movimento\/wp-content\/uploads\/2021\/07\/DAP.jpg\" alt=\"\" width=\"574\" height=\"574\" srcset=\"https:\/\/renatodias.online\/movimento\/wp-content\/uploads\/2021\/07\/DAP.jpg 574w, https:\/\/renatodias.online\/movimento\/wp-content\/uploads\/2021\/07\/DAP-300x300.jpg 300w, https:\/\/renatodias.online\/movimento\/wp-content\/uploads\/2021\/07\/DAP-150x150.jpg 150w\" sizes=\"auto, (max-width: 574px) 100vw, 574px\" \/><figcaption id=\"caption-attachment-7667\" class=\"wp-caption-text\"><strong>DAP<\/strong><\/figcaption><\/figure>\n<div dir=\"auto\">\n<div dir=\"auto\">\n<p>&nbsp;<\/p>\n<div dir=\"auto\" style=\"text-align: center;\"><strong><span style=\"color: #808080;\">Carta-Di\u00e1logo e a funda\u00e7\u00e3o<\/span><\/strong><\/p>\n<div dir=\"auto\">\n<p style=\"text-align: left;\">Em 28 de fevereiro de 2008 era lan\u00e7ada a Carta-Di\u00e1logo n\u00famero 1. Ela dizia \u00a0\u201cquando a \u2018crise imobili\u00e1ria\u2019 dos EUA se espalha pela economia mundial,\u00a0Lula, \u00e9 hora de outra pol\u00edtica! Chega de parceria com Bush!\u201d. O que propunha a Carta-Di\u00e1logo? \u201cPropomos nos reunir num quadro de respeito m\u00fatuo \u00e0s posi\u00e7\u00f5es de cada um, submetendo desde j\u00e1 nossas reflex\u00f5es \u00e0 discuss\u00e3o. E perguntamos: n\u00e3o \u00e9 chegada a hora, vendo o rumo que as coisas tomam, de juntos criarmos uma for\u00e7a? N\u00f3s pensamos que sim. Uma for\u00e7a que n\u00e3o concorra com as organiza\u00e7\u00f5es constru\u00eddas pelos trabalhadores, mais necess\u00e1rias do que nunca\u201d.<\/p>\n<p>&nbsp;<\/p>\n<figure id=\"attachment_4960\" aria-describedby=\"caption-attachment-4960\" style=\"width: 500px\" class=\"wp-caption aligncenter\"><img loading=\"lazy\" decoding=\"async\" class=\"size-full wp-image-4960\" src=\"https:\/\/renatodias.online\/movimento\/wp-content\/uploads\/2020\/12\/Luiz-Eduardo-Greenhalgh-2.jpg\" alt=\"Luiz-Eduardo-Greenhalgh\" width=\"500\" height=\"500\" \/><figcaption id=\"caption-attachment-4960\" class=\"wp-caption-text\"><strong>Luiz Eduardo Greenhalgh, advogado de presos pol\u00edticos<br \/><\/strong><\/figcaption><\/figure>\n<h1><span style=\"color: #808080;\">Como surgiu<\/span><\/h1>\n<p style=\"text-align: left;\">A iniciativa partiu do Jornal\u00a0<a rel=\"noopener\" href=\"https:\/\/otrabalho.org.br\/jornal_virtual\/\" target=\"_blank\" data-saferedirecturl=\"https:\/\/www.google.com\/url?q=https:\/\/otrabalho.org.br\/jornal_virtual\/&amp;source=gmail&amp;ust=1625867009763000&amp;usg=AFQjCNErgydUgBfyrluDHU96dijgA_FIDA\">O Trabalho<\/a>, da Corrente O Trabalho do PT \u2013 que ainda hoje \u00e9 um dos grupos que participa e ajuda a impulsionar o Di\u00e1logo e A\u00e7\u00e3o Petista. A Carta foi lan\u00e7ada como suplemento bimensal nas p\u00e1ginas centrais do Jornal, que serviu para discutir com e junto com outros petistas n\u00e3o integrantes de O Trabalho, para a qual foram coletadas centenas de ades\u00f5es em todo Brasil. A Carta-Di\u00e1logo teve cinco edi\u00e7\u00f5es at\u00e9 o Encontro Nacional.<\/p>\n<figure id=\"attachment_7362\" aria-describedby=\"caption-attachment-7362\" style=\"width: 526px\" class=\"wp-caption aligncenter\"><img loading=\"lazy\" decoding=\"async\" class=\"size-full wp-image-7362\" src=\"https:\/\/renatodias.online\/movimento\/wp-content\/uploads\/2021\/06\/Thelma-Gomes-protesta.jpg\" alt=\"\" width=\"526\" height=\"526\" srcset=\"https:\/\/renatodias.online\/movimento\/wp-content\/uploads\/2021\/06\/Thelma-Gomes-protesta.jpg 526w, https:\/\/renatodias.online\/movimento\/wp-content\/uploads\/2021\/06\/Thelma-Gomes-protesta-300x300.jpg 300w, https:\/\/renatodias.online\/movimento\/wp-content\/uploads\/2021\/06\/Thelma-Gomes-protesta-150x150.jpg 150w\" sizes=\"auto, (max-width: 526px) 100vw, 526px\" \/><figcaption id=\"caption-attachment-7362\" class=\"wp-caption-text\"><strong>Thelma Gomes protesta<\/strong><\/figcaption><\/figure>\n<h1><span style=\"color: #808080;\">Funda\u00e7\u00e3o<\/span><\/h1>\n<h3 style=\"text-align: left;\"><span style=\"color: #808080;\">A dire\u00e7\u00e3o subordinada ao Planalto n\u00e3o ouve os militantes e quadros do partido<\/span><\/h3>\n<p style=\"text-align: left;\">No feriado de 15 de novembro de 2008, em S\u00e3o Paulo, viria a se constituir o F\u00f3rum de Di\u00e1logo Petista.\u00a0\u201cNos reunimos \u2013 83 militantes vindos de 13 Estados \u2013 num Encontro Nacional para uma discuss\u00e3o urgente sobre a dif\u00edcil situa\u00e7\u00e3o que se abre. Agora, est\u00e1 clara a crise mundial para a qual o sistema capitalista da propriedade privada dos meios de produ\u00e7\u00e3o, controlado pela especula\u00e7\u00e3o, arrasta o pa\u00eds e o mundo.\u201d<\/p>\n<p style=\"text-align: left;\">Adotado ent\u00e3o o nome\u00a0Di\u00e1logo Petista,\u00a0<a rel=\"noopener\" href=\"https:\/\/petista.org.br\/2008\/11\/28\/dialogo-petista-6%c2%aa-edicao-novembro-2008\/\" target=\"_blank\" data-saferedirecturl=\"https:\/\/www.google.com\/url?q=https:\/\/petista.org.br\/2008\/11\/28\/dialogo-petista-6%25c2%25aa-edicao-novembro-2008\/&amp;source=gmail&amp;ust=1625867009763000&amp;usg=AFQjCNGl8e45QxyczjVk13LbWgyfQBmyIw\">a sexta edi\u00e7\u00e3o<\/a>\u00a0do suplemento do Jornal O Trabalho n\u00ba 650 registra a resolu\u00e7\u00e3o adotada no Encontro, que desde o in\u00edcio defende a atualidade do Manifesto de Funda\u00e7\u00e3o do PT: \u2018n\u00f3s reafirmamos a nossa luta para\u00a0\u201cconstruir uma sociedade igualit\u00e1ria, onde n\u00e3o hajam explorados e nem exploradores\u201d\u2019 [<a rel=\"noopener\" href=\"https:\/\/pt.org.br\/manifesto-de-fundacao-do-partido-dos-trabalhadores\/\" target=\"_blank\" data-saferedirecturl=\"https:\/\/www.google.com\/url?q=https:\/\/pt.org.br\/manifesto-de-fundacao-do-partido-dos-trabalhadores\/&amp;source=gmail&amp;ust=1625867009763000&amp;usg=AFQjCNG8KhwvY4cU2TRiSVBjCrhy6w-BMA\">Manifesto de Funda\u00e7\u00e3o do PT<\/a>]. O encontro, reunido logo ap\u00f3s as elei\u00e7\u00f5es municipais onde o PT havia estagnado nacionalmente, diz que\u00a0\u2018a dire\u00e7\u00e3o subordinada ao Planalto n\u00e3o ouve os militantes e quadros do partido. A dire\u00e7\u00e3o do PT precisa dizer ao governo o que a base quer, e n\u00e3o deixar o PT ser destru\u00eddo, deixar de ser PT! Mais do que nunca, um Di\u00e1logo Petista \u00e9 necess\u00e1rio! Para o PT cumprir com aquilo para o que foi fundado: \u201co PT proclama que sua participa\u00e7\u00e3o em elei\u00e7\u00f5es e suas atividades parlamentares se subordinam ao objetivo de organizar as massas exploradas e suas lutas\u201d\u2019\u00a0<span style=\"color: #808080;\"><strong>[Manifesto de Funda\u00e7\u00e3o].<\/strong><\/span><\/p>\n<p style=\"text-align: left;\">O Encontro conclui: \u2018n\u00f3s lan\u00e7amos o Di\u00e1logo Petista, afirmando que \u201co governo Lula tem mudar de pol\u00edtica\u201d e, ainda mais, \u201cqueremos um governo petista que fa\u00e7a o que um governo petista deve fazer para nos livrar da pol\u00edtica imperialista\u201d. O que hoje significa proteger os trabalhadores, e n\u00e3o os especuladores \u2013 nenhuma uni\u00e3o com os que organizaram a crise!\u2019<\/p>\n<figure id=\"attachment_6814\" aria-describedby=\"caption-attachment-6814\" style=\"width: 1536px\" class=\"wp-caption alignnone\"><img loading=\"lazy\" decoding=\"async\" class=\"size-full wp-image-6814\" src=\"https:\/\/renatodias.online\/movimento\/wp-content\/uploads\/2021\/05\/Humberto-Climaco-_-Link.jpg\" alt=\"\" width=\"1536\" height=\"1536\" srcset=\"https:\/\/renatodias.online\/movimento\/wp-content\/uploads\/2021\/05\/Humberto-Climaco-_-Link.jpg 1536w, https:\/\/renatodias.online\/movimento\/wp-content\/uploads\/2021\/05\/Humberto-Climaco-_-Link-300x300.jpg 300w, https:\/\/renatodias.online\/movimento\/wp-content\/uploads\/2021\/05\/Humberto-Climaco-_-Link-1024x1024.jpg 1024w, https:\/\/renatodias.online\/movimento\/wp-content\/uploads\/2021\/05\/Humberto-Climaco-_-Link-150x150.jpg 150w, https:\/\/renatodias.online\/movimento\/wp-content\/uploads\/2021\/05\/Humberto-Climaco-_-Link-768x768.jpg 768w, https:\/\/renatodias.online\/movimento\/wp-content\/uploads\/2021\/05\/Humberto-Climaco-_-Link-750x750.jpg 750w\" sizes=\"auto, (max-width: 1536px) 100vw, 1536px\" \/><figcaption id=\"caption-attachment-6814\" class=\"wp-caption-text\"><strong>Humberto Cl\u00edmaco<\/strong><\/figcaption><\/figure>\n<h1><span style=\"color: #808080;\">Depoimentos<\/span><\/h1>\n<p style=\"text-align: left;\">Trechos de depoimentos de militantes presentes no Encontro de funda\u00e7\u00e3o, que podem ser obtidos na \u00edntegra <a rel=\"noopener\" href=\"https:\/\/petista.org.br\/2008\/11\/28\/dialogo-petista-6%c2%aa-edicao-novembro-2008\/\" target=\"_blank\" data-saferedirecturl=\"https:\/\/www.google.com\/url?q=https:\/\/petista.org.br\/2008\/11\/28\/dialogo-petista-6%25c2%25aa-edicao-novembro-2008\/&amp;source=gmail&amp;ust=1625867009763000&amp;usg=AFQjCNGl8e45QxyczjVk13LbWgyfQBmyIw\">aqui<\/a>.<\/p>\n<p style=\"text-align: left;\">\u201cO come\u00e7o de uma verdadeira discuss\u00e3o petista propostas para o partido e para a luta de classe\u201d,\u00a0Claudinho, do Mov. Negro, S\u00e3o Paulo<\/p>\n<p style=\"text-align: left;\">\u201c<em>Um agrupamento que ser\u00e1 um ponto de apoio para todos<\/em>\u00a0\u201d, vereador Biancho, de Sarandi\/PR<\/p>\n<p style=\"text-align: left;\">\u201cVoltamos ao PT para discutir com a base com toda liberdade\u201d,\u00a0antigo Coordenador da campanha a prefeito e vice-presidente do PSOL de Mau\u00e1 (SP), ap\u00f3s retornar ao PT.<\/p>\n<div class=\"yj6qo\" style=\"text-align: left;\"><\/div>\n<div class=\"adL\" style=\"text-align: left;\"><\/div>\n<\/div>\n<\/div>\n<\/div>\n<\/div>\n<\/div>\n","protected":false},"excerpt":{"rendered":"<p>DAP: 13 anos por um PT \u00e0 esquerda Plen\u00e1ria virtual dia 10, s\u00e1bado, \u00e0s 16h &nbsp; Renato Dias A tend\u00eancia interna do PT, Di\u00e1logo e A\u00e7\u00e3o Petista, de esquerda no espectro da sigla socialista fundada em 10 de fevereiro de 1980, no Col\u00e9gio Sion, sob a ditadura civil e militar, chega aos 13 anos de<\/p>\n","protected":false},"author":2,"featured_media":3717,"comment_status":"open","ping_status":"open","sticky":false,"template":"","format":"standard","meta":{"_acf_changed":false,"_monsterinsights_skip_tracking":false,"_monsterinsights_sitenote_active":false,"_monsterinsights_sitenote_note":"","_monsterinsights_sitenote_category":0,"footnotes":""},"categories":[4],"tags":[],"class_list":["post-7665","post","type-post","status-publish","format-standard","has-post-thumbnail","hentry","category-politica"],"acf":[],"yoast_head":"<!-- This site is optimized with the Yoast SEO plugin v27.4 - https:\/\/yoast.com\/product\/yoast-seo-wordpress\/ -->\n<title>DAP: 13 anos por um PT \u00e0 esquerda -<\/title>\n<meta name=\"robots\" content=\"index, follow, max-snippet:-1, max-image-preview:large, max-video-preview:-1\" \/>\n<link rel=\"canonical\" href=\"https:\/\/renatodias.online\/movimento\/2021\/07\/08\/dap-13-anos-por-um-pt-a-esquerda\/\" \/>\n<meta property=\"og:locale\" content=\"pt_BR\" \/>\n<meta property=\"og:type\" content=\"article\" \/>\n<meta property=\"og:title\" content=\"DAP: 13 anos por um PT \u00e0 esquerda -\" \/>\n<meta property=\"og:description\" content=\"DAP: 13 anos por um PT \u00e0 esquerda Plen\u00e1ria virtual dia 10, s\u00e1bado, \u00e0s 16h &nbsp; Renato Dias A tend\u00eancia interna do PT, Di\u00e1logo e A\u00e7\u00e3o Petista, de esquerda no espectro da sigla socialista fundada em 10 de fevereiro de 1980, no Col\u00e9gio Sion, sob a ditadura civil e militar, chega aos 13 anos de\" \/>\n<meta property=\"og:url\" content=\"https:\/\/renatodias.online\/movimento\/2021\/07\/08\/dap-13-anos-por-um-pt-a-esquerda\/\" \/>\n<meta property=\"article:publisher\" content=\"https:\/\/www.facebook.com\/renato.dias.37\" \/>\n<meta property=\"article:author\" content=\"https:\/\/www.facebook.com\/renato.dias.37\" \/>\n<meta property=\"article:published_time\" content=\"2021-07-08T22:16:15+00:00\" \/>\n<meta property=\"og:image\" content=\"https:\/\/renatodias.online\/movimento\/wp-content\/uploads\/2020\/05\/markus-sokol-768x432-e1625782564355.jpg\" \/>\n\t<meta property=\"og:image:width\" content=\"300\" \/>\n\t<meta property=\"og:image:height\" content=\"169\" \/>\n\t<meta property=\"og:image:type\" content=\"image\/jpeg\" \/>\n<meta name=\"author\" content=\"Renato Dias\" \/>\n<meta name=\"twitter:card\" content=\"summary_large_image\" \/>\n<meta name=\"twitter:creator\" content=\"@RenatoDiasBat\" \/>\n<meta name=\"twitter:site\" content=\"@RenatoDiasBat\" \/>\n<meta name=\"twitter:label1\" content=\"Escrito por\" \/>\n\t<meta name=\"twitter:data1\" content=\"Renato Dias\" \/>\n\t<meta name=\"twitter:label2\" content=\"Est. tempo de leitura\" \/>\n\t<meta name=\"twitter:data2\" content=\"4 minutos\" \/>\n<script type=\"application\/ld+json\" class=\"yoast-schema-graph\">{\"@context\":\"https:\\\/\\\/schema.org\",\"@graph\":[{\"@type\":\"Article\",\"@id\":\"https:\\\/\\\/renatodias.online\\\/movimento\\\/2021\\\/07\\\/08\\\/dap-13-anos-por-um-pt-a-esquerda\\\/#article\",\"isPartOf\":{\"@id\":\"https:\\\/\\\/renatodias.online\\\/movimento\\\/2021\\\/07\\\/08\\\/dap-13-anos-por-um-pt-a-esquerda\\\/\"},\"author\":{\"name\":\"Renato Dias\",\"@id\":\"https:\\\/\\\/renatodias.online\\\/movimento\\\/#\\\/schema\\\/person\\\/bbab28833b1725a20f4083f49f1fb2a9\"},\"headline\":\"DAP: 13 anos por um PT \u00e0 esquerda\",\"datePublished\":\"2021-07-08T22:16:15+00:00\",\"mainEntityOfPage\":{\"@id\":\"https:\\\/\\\/renatodias.online\\\/movimento\\\/2021\\\/07\\\/08\\\/dap-13-anos-por-um-pt-a-esquerda\\\/\"},\"wordCount\":858,\"commentCount\":0,\"publisher\":{\"@id\":\"https:\\\/\\\/renatodias.online\\\/movimento\\\/#\\\/schema\\\/person\\\/bbab28833b1725a20f4083f49f1fb2a9\"},\"image\":{\"@id\":\"https:\\\/\\\/renatodias.online\\\/movimento\\\/2021\\\/07\\\/08\\\/dap-13-anos-por-um-pt-a-esquerda\\\/#primaryimage\"},\"thumbnailUrl\":\"https:\\\/\\\/renatodias.online\\\/movimento\\\/wp-content\\\/uploads\\\/2020\\\/05\\\/markus-sokol-768x432-e1625782564355.jpg\",\"articleSection\":[\"Pol\u00edtica\"],\"inLanguage\":\"pt-BR\",\"potentialAction\":[{\"@type\":\"CommentAction\",\"name\":\"Comment\",\"target\":[\"https:\\\/\\\/renatodias.online\\\/movimento\\\/2021\\\/07\\\/08\\\/dap-13-anos-por-um-pt-a-esquerda\\\/#respond\"]}]},{\"@type\":\"WebPage\",\"@id\":\"https:\\\/\\\/renatodias.online\\\/movimento\\\/2021\\\/07\\\/08\\\/dap-13-anos-por-um-pt-a-esquerda\\\/\",\"url\":\"https:\\\/\\\/renatodias.online\\\/movimento\\\/2021\\\/07\\\/08\\\/dap-13-anos-por-um-pt-a-esquerda\\\/\",\"name\":\"DAP: 13 anos por um PT \u00e0 esquerda -\",\"isPartOf\":{\"@id\":\"https:\\\/\\\/renatodias.online\\\/movimento\\\/#website\"},\"primaryImageOfPage\":{\"@id\":\"https:\\\/\\\/renatodias.online\\\/movimento\\\/2021\\\/07\\\/08\\\/dap-13-anos-por-um-pt-a-esquerda\\\/#primaryimage\"},\"image\":{\"@id\":\"https:\\\/\\\/renatodias.online\\\/movimento\\\/2021\\\/07\\\/08\\\/dap-13-anos-por-um-pt-a-esquerda\\\/#primaryimage\"},\"thumbnailUrl\":\"https:\\\/\\\/renatodias.online\\\/movimento\\\/wp-content\\\/uploads\\\/2020\\\/05\\\/markus-sokol-768x432-e1625782564355.jpg\",\"datePublished\":\"2021-07-08T22:16:15+00:00\",\"breadcrumb\":{\"@id\":\"https:\\\/\\\/renatodias.online\\\/movimento\\\/2021\\\/07\\\/08\\\/dap-13-anos-por-um-pt-a-esquerda\\\/#breadcrumb\"},\"inLanguage\":\"pt-BR\",\"potentialAction\":[{\"@type\":\"ReadAction\",\"target\":[\"https:\\\/\\\/renatodias.online\\\/movimento\\\/2021\\\/07\\\/08\\\/dap-13-anos-por-um-pt-a-esquerda\\\/\"]}]},{\"@type\":\"ImageObject\",\"inLanguage\":\"pt-BR\",\"@id\":\"https:\\\/\\\/renatodias.online\\\/movimento\\\/2021\\\/07\\\/08\\\/dap-13-anos-por-um-pt-a-esquerda\\\/#primaryimage\",\"url\":\"https:\\\/\\\/renatodias.online\\\/movimento\\\/wp-content\\\/uploads\\\/2020\\\/05\\\/markus-sokol-768x432-e1625782564355.jpg\",\"contentUrl\":\"https:\\\/\\\/renatodias.online\\\/movimento\\\/wp-content\\\/uploads\\\/2020\\\/05\\\/markus-sokol-768x432-e1625782564355.jpg\",\"width\":300,\"height\":169,\"caption\":\"Markus Sokol\"},{\"@type\":\"BreadcrumbList\",\"@id\":\"https:\\\/\\\/renatodias.online\\\/movimento\\\/2021\\\/07\\\/08\\\/dap-13-anos-por-um-pt-a-esquerda\\\/#breadcrumb\",\"itemListElement\":[{\"@type\":\"ListItem\",\"position\":1,\"name\":\"In\u00edcio\",\"item\":\"https:\\\/\\\/renatodias.online\\\/movimento\\\/\"},{\"@type\":\"ListItem\",\"position\":2,\"name\":\"DAP: 13 anos por um PT \u00e0 esquerda\"}]},{\"@type\":\"WebSite\",\"@id\":\"https:\\\/\\\/renatodias.online\\\/movimento\\\/#website\",\"url\":\"https:\\\/\\\/renatodias.online\\\/movimento\\\/\",\"name\":\"\",\"description\":\"\",\"publisher\":{\"@id\":\"https:\\\/\\\/renatodias.online\\\/movimento\\\/#\\\/schema\\\/person\\\/bbab28833b1725a20f4083f49f1fb2a9\"},\"potentialAction\":[{\"@type\":\"SearchAction\",\"target\":{\"@type\":\"EntryPoint\",\"urlTemplate\":\"https:\\\/\\\/renatodias.online\\\/movimento\\\/?s={search_term_string}\"},\"query-input\":{\"@type\":\"PropertyValueSpecification\",\"valueRequired\":true,\"valueName\":\"search_term_string\"}}],\"inLanguage\":\"pt-BR\"},{\"@type\":[\"Person\",\"Organization\"],\"@id\":\"https:\\\/\\\/renatodias.online\\\/movimento\\\/#\\\/schema\\\/person\\\/bbab28833b1725a20f4083f49f1fb2a9\",\"name\":\"Renato Dias\",\"image\":{\"@type\":\"ImageObject\",\"inLanguage\":\"pt-BR\",\"@id\":\"https:\\\/\\\/renatodias.online\\\/movimento\\\/wp-content\\\/uploads\\\/2023\\\/03\\\/cropped-cropped-cropped-logofinal.jpeg\",\"url\":\"https:\\\/\\\/renatodias.online\\\/movimento\\\/wp-content\\\/uploads\\\/2023\\\/03\\\/cropped-cropped-cropped-logofinal.jpeg\",\"contentUrl\":\"https:\\\/\\\/renatodias.online\\\/movimento\\\/wp-content\\\/uploads\\\/2023\\\/03\\\/cropped-cropped-cropped-logofinal.jpeg\",\"width\":1280,\"height\":219,\"caption\":\"Renato Dias\"},\"logo\":{\"@id\":\"https:\\\/\\\/renatodias.online\\\/movimento\\\/wp-content\\\/uploads\\\/2023\\\/03\\\/cropped-cropped-cropped-logofinal.jpeg\"},\"description\":\"Renato Dias, 58 anos, \u00e9 graduado em Jornalismo, formado em Ci\u00eancias Sociais, com p\u00f3s-gradua\u00e7\u00e3o em Pol\u00edticas P\u00fablicas, mestre em Direito e Rela\u00e7\u00f5es Internacionais, ex-aluno extraordin\u00e1rio do Doutorado em Psicologia Social, ex-estudante do Curso de Psican\u00e1lise do Centro de Estudos Psicanal\u00edticos do Estado de Goi\u00e1s, ministrado pelo m\u00e9dico psiquiatra e psicanalista Daniel Em\u00eddio de Souza. \u00c9 autor de 30 livros-reportagem, oito document\u00e1rios, ganhou 30 pr\u00eamios e \u00e9 torcedor apaixonado do maior do Centro-Oeste, o Vila Nova Futebol Clube. Casado com Meirilane Dias, \u00e9 pai de Juliana Dias, jornalista; Daniel Dias, economista; e Maria Rosa Dias, estudante antifascista, socialista e trotskista.\u00a0Com tr\u00eas pets: Porquinho [Bull Dog Franc\u00eas], Dalila [Basset Hound] e Geleia [Basset Hound]. Al\u00e9m do eterno gato Tutuquinho, que virou estrela.\",\"sameAs\":[\"https:\\\/\\\/www.facebook.com\\\/renato.dias.37\",\"#breve\",\"https:\\\/\\\/renatodias.tumblr.com\\\/\"],\"url\":\"https:\\\/\\\/renatodias.online\\\/movimento\\\/author\\\/renatodias\\\/\"}]}<\/script>\n<!-- \/ Yoast SEO plugin. -->","yoast_head_json":{"title":"DAP: 13 anos por um PT \u00e0 esquerda -","robots":{"index":"index","follow":"follow","max-snippet":"max-snippet:-1","max-image-preview":"max-image-preview:large","max-video-preview":"max-video-preview:-1"},"canonical":"https:\/\/renatodias.online\/movimento\/2021\/07\/08\/dap-13-anos-por-um-pt-a-esquerda\/","og_locale":"pt_BR","og_type":"article","og_title":"DAP: 13 anos por um PT \u00e0 esquerda -","og_description":"DAP: 13 anos por um PT \u00e0 esquerda Plen\u00e1ria virtual dia 10, s\u00e1bado, \u00e0s 16h &nbsp; Renato Dias A tend\u00eancia interna do PT, Di\u00e1logo e A\u00e7\u00e3o Petista, de esquerda no espectro da sigla socialista fundada em 10 de fevereiro de 1980, no Col\u00e9gio Sion, sob a ditadura civil e militar, chega aos 13 anos de","og_url":"https:\/\/renatodias.online\/movimento\/2021\/07\/08\/dap-13-anos-por-um-pt-a-esquerda\/","article_publisher":"https:\/\/www.facebook.com\/renato.dias.37","article_author":"https:\/\/www.facebook.com\/renato.dias.37","article_published_time":"2021-07-08T22:16:15+00:00","og_image":[{"width":300,"height":169,"url":"https:\/\/renatodias.online\/movimento\/wp-content\/uploads\/2020\/05\/markus-sokol-768x432-e1625782564355.jpg","type":"image\/jpeg"}],"author":"Renato Dias","twitter_card":"summary_large_image","twitter_creator":"@RenatoDiasBat","twitter_site":"@RenatoDiasBat","twitter_misc":{"Escrito por":"Renato Dias","Est. tempo de leitura":"4 minutos"},"schema":{"@context":"https:\/\/schema.org","@graph":[{"@type":"Article","@id":"https:\/\/renatodias.online\/movimento\/2021\/07\/08\/dap-13-anos-por-um-pt-a-esquerda\/#article","isPartOf":{"@id":"https:\/\/renatodias.online\/movimento\/2021\/07\/08\/dap-13-anos-por-um-pt-a-esquerda\/"},"author":{"name":"Renato Dias","@id":"https:\/\/renatodias.online\/movimento\/#\/schema\/person\/bbab28833b1725a20f4083f49f1fb2a9"},"headline":"DAP: 13 anos por um PT \u00e0 esquerda","datePublished":"2021-07-08T22:16:15+00:00","mainEntityOfPage":{"@id":"https:\/\/renatodias.online\/movimento\/2021\/07\/08\/dap-13-anos-por-um-pt-a-esquerda\/"},"wordCount":858,"commentCount":0,"publisher":{"@id":"https:\/\/renatodias.online\/movimento\/#\/schema\/person\/bbab28833b1725a20f4083f49f1fb2a9"},"image":{"@id":"https:\/\/renatodias.online\/movimento\/2021\/07\/08\/dap-13-anos-por-um-pt-a-esquerda\/#primaryimage"},"thumbnailUrl":"https:\/\/renatodias.online\/movimento\/wp-content\/uploads\/2020\/05\/markus-sokol-768x432-e1625782564355.jpg","articleSection":["Pol\u00edtica"],"inLanguage":"pt-BR","potentialAction":[{"@type":"CommentAction","name":"Comment","target":["https:\/\/renatodias.online\/movimento\/2021\/07\/08\/dap-13-anos-por-um-pt-a-esquerda\/#respond"]}]},{"@type":"WebPage","@id":"https:\/\/renatodias.online\/movimento\/2021\/07\/08\/dap-13-anos-por-um-pt-a-esquerda\/","url":"https:\/\/renatodias.online\/movimento\/2021\/07\/08\/dap-13-anos-por-um-pt-a-esquerda\/","name":"DAP: 13 anos por um PT \u00e0 esquerda -","isPartOf":{"@id":"https:\/\/renatodias.online\/movimento\/#website"},"primaryImageOfPage":{"@id":"https:\/\/renatodias.online\/movimento\/2021\/07\/08\/dap-13-anos-por-um-pt-a-esquerda\/#primaryimage"},"image":{"@id":"https:\/\/renatodias.online\/movimento\/2021\/07\/08\/dap-13-anos-por-um-pt-a-esquerda\/#primaryimage"},"thumbnailUrl":"https:\/\/renatodias.online\/movimento\/wp-content\/uploads\/2020\/05\/markus-sokol-768x432-e1625782564355.jpg","datePublished":"2021-07-08T22:16:15+00:00","breadcrumb":{"@id":"https:\/\/renatodias.online\/movimento\/2021\/07\/08\/dap-13-anos-por-um-pt-a-esquerda\/#breadcrumb"},"inLanguage":"pt-BR","potentialAction":[{"@type":"ReadAction","target":["https:\/\/renatodias.online\/movimento\/2021\/07\/08\/dap-13-anos-por-um-pt-a-esquerda\/"]}]},{"@type":"ImageObject","inLanguage":"pt-BR","@id":"https:\/\/renatodias.online\/movimento\/2021\/07\/08\/dap-13-anos-por-um-pt-a-esquerda\/#primaryimage","url":"https:\/\/renatodias.online\/movimento\/wp-content\/uploads\/2020\/05\/markus-sokol-768x432-e1625782564355.jpg","contentUrl":"https:\/\/renatodias.online\/movimento\/wp-content\/uploads\/2020\/05\/markus-sokol-768x432-e1625782564355.jpg","width":300,"height":169,"caption":"Markus Sokol"},{"@type":"BreadcrumbList","@id":"https:\/\/renatodias.online\/movimento\/2021\/07\/08\/dap-13-anos-por-um-pt-a-esquerda\/#breadcrumb","itemListElement":[{"@type":"ListItem","position":1,"name":"In\u00edcio","item":"https:\/\/renatodias.online\/movimento\/"},{"@type":"ListItem","position":2,"name":"DAP: 13 anos por um PT \u00e0 esquerda"}]},{"@type":"WebSite","@id":"https:\/\/renatodias.online\/movimento\/#website","url":"https:\/\/renatodias.online\/movimento\/","name":"","description":"","publisher":{"@id":"https:\/\/renatodias.online\/movimento\/#\/schema\/person\/bbab28833b1725a20f4083f49f1fb2a9"},"potentialAction":[{"@type":"SearchAction","target":{"@type":"EntryPoint","urlTemplate":"https:\/\/renatodias.online\/movimento\/?s={search_term_string}"},"query-input":{"@type":"PropertyValueSpecification","valueRequired":true,"valueName":"search_term_string"}}],"inLanguage":"pt-BR"},{"@type":["Person","Organization"],"@id":"https:\/\/renatodias.online\/movimento\/#\/schema\/person\/bbab28833b1725a20f4083f49f1fb2a9","name":"Renato Dias","image":{"@type":"ImageObject","inLanguage":"pt-BR","@id":"https:\/\/renatodias.online\/movimento\/wp-content\/uploads\/2023\/03\/cropped-cropped-cropped-logofinal.jpeg","url":"https:\/\/renatodias.online\/movimento\/wp-content\/uploads\/2023\/03\/cropped-cropped-cropped-logofinal.jpeg","contentUrl":"https:\/\/renatodias.online\/movimento\/wp-content\/uploads\/2023\/03\/cropped-cropped-cropped-logofinal.jpeg","width":1280,"height":219,"caption":"Renato Dias"},"logo":{"@id":"https:\/\/renatodias.online\/movimento\/wp-content\/uploads\/2023\/03\/cropped-cropped-cropped-logofinal.jpeg"},"description":"Renato Dias, 58 anos, \u00e9 graduado em Jornalismo, formado em Ci\u00eancias Sociais, com p\u00f3s-gradua\u00e7\u00e3o em Pol\u00edticas P\u00fablicas, mestre em Direito e Rela\u00e7\u00f5es Internacionais, ex-aluno extraordin\u00e1rio do Doutorado em Psicologia Social, ex-estudante do Curso de Psican\u00e1lise do Centro de Estudos Psicanal\u00edticos do Estado de Goi\u00e1s, ministrado pelo m\u00e9dico psiquiatra e psicanalista Daniel Em\u00eddio de Souza. \u00c9 autor de 30 livros-reportagem, oito document\u00e1rios, ganhou 30 pr\u00eamios e \u00e9 torcedor apaixonado do maior do Centro-Oeste, o Vila Nova Futebol Clube. Casado com Meirilane Dias, \u00e9 pai de Juliana Dias, jornalista; Daniel Dias, economista; e Maria Rosa Dias, estudante antifascista, socialista e trotskista.\u00a0Com tr\u00eas pets: Porquinho [Bull Dog Franc\u00eas], Dalila [Basset Hound] e Geleia [Basset Hound]. Al\u00e9m do eterno gato Tutuquinho, que virou estrela.","sameAs":["https:\/\/www.facebook.com\/renato.dias.37","#breve","https:\/\/renatodias.tumblr.com\/"],"url":"https:\/\/renatodias.online\/movimento\/author\/renatodias\/"}]}},"_links":{"self":[{"href":"https:\/\/renatodias.online\/movimento\/wp-json\/wp\/v2\/posts\/7665","targetHints":{"allow":["GET"]}}],"collection":[{"href":"https:\/\/renatodias.online\/movimento\/wp-json\/wp\/v2\/posts"}],"about":[{"href":"https:\/\/renatodias.online\/movimento\/wp-json\/wp\/v2\/types\/post"}],"author":[{"embeddable":true,"href":"https:\/\/renatodias.online\/movimento\/wp-json\/wp\/v2\/users\/2"}],"replies":[{"embeddable":true,"href":"https:\/\/renatodias.online\/movimento\/wp-json\/wp\/v2\/comments?post=7665"}],"version-history":[{"count":1,"href":"https:\/\/renatodias.online\/movimento\/wp-json\/wp\/v2\/posts\/7665\/revisions"}],"predecessor-version":[{"id":7668,"href":"https:\/\/renatodias.online\/movimento\/wp-json\/wp\/v2\/posts\/7665\/revisions\/7668"}],"wp:featuredmedia":[{"embeddable":true,"href":"https:\/\/renatodias.online\/movimento\/wp-json\/wp\/v2\/media\/3717"}],"wp:attachment":[{"href":"https:\/\/renatodias.online\/movimento\/wp-json\/wp\/v2\/media?parent=7665"}],"wp:term":[{"taxonomy":"category","embeddable":true,"href":"https:\/\/renatodias.online\/movimento\/wp-json\/wp\/v2\/categories?post=7665"},{"taxonomy":"post_tag","embeddable":true,"href":"https:\/\/renatodias.online\/movimento\/wp-json\/wp\/v2\/tags?post=7665"}],"curies":[{"name":"wp","href":"https:\/\/api.w.org\/{rel}","templated":true}]}}