{"id":7628,"date":"2021-07-07T14:38:00","date_gmt":"2021-07-07T17:38:00","guid":{"rendered":"https:\/\/renatodias.online\/movimento\/?p=7628"},"modified":"2021-07-07T14:39:37","modified_gmt":"2021-07-07T17:39:37","slug":"aldo-arantes-e-a-reconstrucao-da-democracia","status":"publish","type":"post","link":"https:\/\/renatodias.online\/movimento\/2021\/07\/07\/aldo-arantes-e-a-reconstrucao-da-democracia\/","title":{"rendered":"Aldo Arantes e a reconstru\u00e7\u00e3o da democracia"},"content":{"rendered":"<p><img loading=\"lazy\" decoding=\"async\" class=\"alignnone size-full wp-image-5007\" src=\"https:\/\/renatodias.online\/movimento\/wp-content\/uploads\/2021\/01\/Alto-da-p\u00e1gina-Banner-Exclusivo.png\" alt=\"\" width=\"1224\" height=\"372\" \/><\/p>\n<figure id=\"attachment_7521\" aria-describedby=\"caption-attachment-7521\" style=\"width: 1280px\" class=\"wp-caption alignnone\"><img loading=\"lazy\" decoding=\"async\" class=\"size-full wp-image-7521\" src=\"https:\/\/renatodias.online\/movimento\/wp-content\/uploads\/2021\/07\/Aldo-Aranes-_-China.jpeg\" alt=\"\" width=\"1280\" height=\"759\" \/><figcaption id=\"caption-attachment-7521\" class=\"wp-caption-text\"><strong>Aldo Arantes <\/strong><\/figcaption><\/figure>\n<h1 style=\"text-align: center;\"><span style=\"color: #ff0000;\">Aldo Arantes e a reconstru\u00e7\u00e3o da democracia<\/span><\/h1>\n<p style=\"text-align: center;\"><span style=\"color: #008000;\"><strong>Lan\u00e7amento de livro de ensaios autorais ocorre, hoje, \u00e0s 19h, no Youtube<\/strong><\/span><\/p>\n<blockquote><p><span style=\"color: #0000ff;\"><strong>Pablo Gentili <\/strong><\/span><\/p>\n<p><span style=\"color: #0000ff;\"><strong>participa de <\/strong><\/span><\/p>\n<p><span style=\"color: #0000ff;\"><strong>f\u00f3rum virtual<\/strong><\/span><\/p><\/blockquote>\n<p><strong>\u00a0<\/strong><\/p>\n<p><strong>Renato Dias<\/strong><\/p>\n<p>O advogado e cientista pol\u00edtico <strong>Aldo Arantes<\/strong> lan\u00e7a, hoje, \u00e0s 19h, no <strong><a href=\"http:\/\/www.youtube.com\">www.youtube.com<\/a><\/strong> , em um di\u00e1logo virtual com <strong>Pablo Gentili<\/strong>, doutor em Educa\u00e7\u00e3o e professor da UERJ, secret\u00e1rio de Coopera\u00e7\u00e3o e A\u00e7\u00f5es Priorit\u00e1rias do Minist\u00e9rio da Educa\u00e7\u00e3o da Argentina, o livro de ensaios autorais <strong>\u2018<\/strong><strong>Reconstruir a democracia \u2013 uni\u00e3o de amplas for\u00e7as pol\u00edticas e sociais para a luta ideol\u00f3gica<\/strong><strong>\u2019<\/strong><strong>. <\/strong>O organizador \u00e9 ex-presidente da Uni\u00e3o Nacional dos Estudantes [UNE]. Em 1961. Ex-membro da extinta A\u00e7\u00e3o Popular. Al\u00e9m de ex-preso pol\u00edtico sob a ditadura civil e militar e anistiado em 29 de agosto de 1979. Assim como ex-deputado federal constituinte Nota 10.<\/p>\n<p>&nbsp;<\/p>\n<figure id=\"attachment_7629\" aria-describedby=\"caption-attachment-7629\" style=\"width: 940px\" class=\"wp-caption alignnone\"><img loading=\"lazy\" decoding=\"async\" class=\"size-full wp-image-7629\" src=\"https:\/\/renatodias.online\/movimento\/wp-content\/uploads\/2021\/07\/Card-de-lancamento.jpeg\" alt=\"\" width=\"940\" height=\"788\" srcset=\"https:\/\/renatodias.online\/movimento\/wp-content\/uploads\/2021\/07\/Card-de-lancamento.jpeg 940w, https:\/\/renatodias.online\/movimento\/wp-content\/uploads\/2021\/07\/Card-de-lancamento-300x251.jpeg 300w, https:\/\/renatodias.online\/movimento\/wp-content\/uploads\/2021\/07\/Card-de-lancamento-768x644.jpeg 768w, https:\/\/renatodias.online\/movimento\/wp-content\/uploads\/2021\/07\/Card-de-lancamento-750x629.jpeg 750w\" sizes=\"auto, (max-width: 940px) 100vw, 940px\" \/><figcaption id=\"caption-attachment-7629\" class=\"wp-caption-text\"><strong>Card de lan\u00e7amento<\/strong><\/figcaption><\/figure>\n<p>O editor da obra \u00e9 o blogueiro progressista <strong>Osvaldo Bertolino<\/strong>. A produ\u00e7\u00e3o intelectual sai com os selos da <strong>Anita Garibaldi<\/strong> e da <strong>Express\u00e3o Popular<\/strong>. Com 328 p\u00e1ginas. Trata-se da primeira edi\u00e7\u00e3o. Para acompanhar o encontro online de lan\u00e7amento de \u2018Reconstruir a democracia<strong>\u2019<\/strong> basta acessar o link <strong><a href=\"https:\/\/www.youtube.com\/watch?v=eajwJenXdPA\">https:\/\/www.youtube.com\/watch?v=eajwJenXdPA<\/a><\/strong> . O livro cont\u00e9m textos instigantes e explosivos de Jo\u00e3o Cezar de Castro Rocha, Enoque Feitosa, Lorena Freitas e Mamede Said. Dos operadores do Direito: Aldo Arantes, Carol Proner, Jo\u00e3o Paulo dos Santos e L\u00facio Fl\u00e1vio Dias. Com contribui\u00e7\u00f5es dos psic\u00f3logos sociais Paulo Maldos e Marcos Ferreira.<\/p>\n<h2><span style=\"color: #ff6600;\"><strong>An\u00e1lises especiais<\/strong><\/span><\/h2>\n<p>Uma an\u00e1lise da especialista em redes sociais, Renata Mielli. O jornalista e escritor Osvaldo Bertolino, o neurocientista Sidarta Ribeiro e os hackers Everton Rodrigues e Fabianne Balvedi assinam artigos especiais. \u00a0Em tempo: Ant\u00f4nia Mara Vieira Logu\u00e9rcio, M\u00e1rcio Ortiz Meinberg, Rodrigo Duarte Maia, Guilherme da Hora Pereira, Ana Bock, Odair Furtado, Zeca Moura, Be\u00e1 Tibiri\u00e7\u00e1, Anahuac de Paula Gil, Paulo Oliveira Kretcheu, Marcos Ferreira e Leandro L. Logu\u00e9rcio d\u00e3o contribui\u00e7\u00f5es pol\u00edticas, ideol\u00f3gicas e te\u00f3ricas. Um sopro de intelig\u00eancia. Sob Tempos Sombrios. Da Pandemia e da escalada neofascista de Jair Messias Bolsonaro, em Bras\u00edlia [DF].<\/p>\n<figure id=\"attachment_5833\" aria-describedby=\"caption-attachment-5833\" style=\"width: 1000px\" class=\"wp-caption alignnone\"><img loading=\"lazy\" decoding=\"async\" class=\"size-full wp-image-5833\" src=\"https:\/\/renatodias.online\/movimento\/wp-content\/uploads\/2021\/04\/presidentejairbolsonaro3.jpg\" alt=\"Jair Bolsonaro\" width=\"1000\" height=\"666\" srcset=\"https:\/\/renatodias.online\/movimento\/wp-content\/uploads\/2021\/04\/presidentejairbolsonaro3.jpg 1000w, https:\/\/renatodias.online\/movimento\/wp-content\/uploads\/2021\/04\/presidentejairbolsonaro3-300x200.jpg 300w, https:\/\/renatodias.online\/movimento\/wp-content\/uploads\/2021\/04\/presidentejairbolsonaro3-768x511.jpg 768w, https:\/\/renatodias.online\/movimento\/wp-content\/uploads\/2021\/04\/presidentejairbolsonaro3-360x240.jpg 360w, https:\/\/renatodias.online\/movimento\/wp-content\/uploads\/2021\/04\/presidentejairbolsonaro3-750x500.jpg 750w\" sizes=\"auto, (max-width: 1000px) 100vw, 1000px\" \/><figcaption id=\"caption-attachment-5833\" class=\"wp-caption-text\">Jair Bolsonaro<\/figcaption><\/figure>\n<h1 style=\"text-align: center;\"><span style=\"color: #008000;\"><strong>N\u00e3o se esque\u00e7a<\/strong><\/span><\/h1>\n<p><strong>Data<\/strong><strong>: <\/strong>7 de julho de 2021, \u00e0s 19 h, hoje<\/p>\n<p><strong> Link do evento<\/strong>: https:\/\/www.youtube.com\/watch?v=eajwJenXdPA<\/p>\n<p><strong>Convidado<\/strong>: Pablo Gentili, doutor em Educa\u00e7\u00e3o e professor da UERJ, secret\u00e1rio de Coopera\u00e7\u00e3o e A\u00e7\u00f5es Priorit\u00e1rias do Minist\u00e9rio da Educa\u00e7\u00e3o da Argentina<\/p>\n<p><strong> Editoras<\/strong>: Anita Garibaldi e Express\u00e3o Popular<\/p>\n<p><strong>Organizador<\/strong>: Aldo Arantes<\/p>\n<p><strong>Editor<\/strong>: Osvaldo Bertolino<\/p>\n<p><strong> ISBN<\/strong>: 978-65-89805-08-3<\/p>\n<p><strong>Edi\u00e7\u00e3o<\/strong>: 1\u00aa<\/p>\n<p><img loading=\"lazy\" decoding=\"async\" class=\"size-full wp-image-7291 aligncenter\" src=\"https:\/\/renatodias.online\/movimento\/wp-content\/uploads\/2021\/06\/Bandeira-do-PC-do-B-e1624241226183.jpg\" alt=\"\" width=\"300\" height=\"275\" \/><\/p>\n","protected":false},"excerpt":{"rendered":"<p>Aldo Arantes e a reconstru\u00e7\u00e3o da democracia Lan\u00e7amento de livro de ensaios autorais ocorre, hoje, \u00e0s 19h, no Youtube Pablo Gentili participa de f\u00f3rum virtual \u00a0 Renato Dias O advogado e cientista pol\u00edtico Aldo Arantes lan\u00e7a, hoje, \u00e0s 19h, no www.youtube.com , em um di\u00e1logo virtual com Pablo Gentili, doutor em Educa\u00e7\u00e3o e professor da<\/p>\n","protected":false},"author":2,"featured_media":7630,"comment_status":"open","ping_status":"open","sticky":false,"template":"","format":"standard","meta":{"_acf_changed":false,"_monsterinsights_skip_tracking":false,"_monsterinsights_sitenote_active":false,"_monsterinsights_sitenote_note":"","_monsterinsights_sitenote_category":0,"footnotes":""},"categories":[1],"tags":[],"class_list":["post-7628","post","type-post","status-publish","format-standard","has-post-thumbnail","hentry","category-cinema"],"acf":[],"yoast_head":"<!-- This site is optimized with the Yoast SEO plugin v27.4 - https:\/\/yoast.com\/product\/yoast-seo-wordpress\/ -->\n<title>Aldo Arantes e a reconstru\u00e7\u00e3o da democracia -<\/title>\n<meta name=\"robots\" content=\"index, follow, max-snippet:-1, max-image-preview:large, max-video-preview:-1\" \/>\n<link rel=\"canonical\" href=\"https:\/\/renatodias.online\/movimento\/2021\/07\/07\/aldo-arantes-e-a-reconstrucao-da-democracia\/\" \/>\n<meta property=\"og:locale\" content=\"pt_BR\" \/>\n<meta property=\"og:type\" content=\"article\" \/>\n<meta property=\"og:title\" content=\"Aldo Arantes e a reconstru\u00e7\u00e3o da democracia -\" \/>\n<meta property=\"og:description\" content=\"Aldo Arantes e a reconstru\u00e7\u00e3o da democracia Lan\u00e7amento de livro de ensaios autorais ocorre, hoje, \u00e0s 19h, no Youtube Pablo Gentili participa de f\u00f3rum virtual \u00a0 Renato Dias O advogado e cientista pol\u00edtico Aldo Arantes lan\u00e7a, hoje, \u00e0s 19h, no www.youtube.com , em um di\u00e1logo virtual com Pablo Gentili, doutor em Educa\u00e7\u00e3o e professor da\" \/>\n<meta property=\"og:url\" content=\"https:\/\/renatodias.online\/movimento\/2021\/07\/07\/aldo-arantes-e-a-reconstrucao-da-democracia\/\" \/>\n<meta property=\"article:publisher\" content=\"https:\/\/www.facebook.com\/renato.dias.37\" \/>\n<meta property=\"article:author\" content=\"https:\/\/www.facebook.com\/renato.dias.37\" \/>\n<meta property=\"article:published_time\" content=\"2021-07-07T17:38:00+00:00\" \/>\n<meta property=\"article:modified_time\" content=\"2021-07-07T17:39:37+00:00\" \/>\n<meta property=\"og:image\" content=\"https:\/\/renatodias.online\/movimento\/wp-content\/uploads\/2021\/07\/Aldo-Arantes-_-livro-e1625679459216.jpg\" \/>\n\t<meta property=\"og:image:width\" content=\"300\" \/>\n\t<meta property=\"og:image:height\" content=\"169\" \/>\n\t<meta property=\"og:image:type\" content=\"image\/jpeg\" \/>\n<meta name=\"author\" content=\"Renato Dias\" \/>\n<meta name=\"twitter:card\" content=\"summary_large_image\" \/>\n<meta name=\"twitter:creator\" content=\"@RenatoDiasBat\" \/>\n<meta name=\"twitter:site\" content=\"@RenatoDiasBat\" \/>\n<meta name=\"twitter:label1\" content=\"Escrito por\" \/>\n\t<meta name=\"twitter:data1\" content=\"Renato Dias\" \/>\n\t<meta name=\"twitter:label2\" content=\"Est. tempo de leitura\" \/>\n\t<meta name=\"twitter:data2\" content=\"2 minutos\" \/>\n<script type=\"application\/ld+json\" class=\"yoast-schema-graph\">{\"@context\":\"https:\\\/\\\/schema.org\",\"@graph\":[{\"@type\":\"Article\",\"@id\":\"https:\\\/\\\/renatodias.online\\\/movimento\\\/2021\\\/07\\\/07\\\/aldo-arantes-e-a-reconstrucao-da-democracia\\\/#article\",\"isPartOf\":{\"@id\":\"https:\\\/\\\/renatodias.online\\\/movimento\\\/2021\\\/07\\\/07\\\/aldo-arantes-e-a-reconstrucao-da-democracia\\\/\"},\"author\":{\"name\":\"Renato Dias\",\"@id\":\"https:\\\/\\\/renatodias.online\\\/movimento\\\/#\\\/schema\\\/person\\\/bbab28833b1725a20f4083f49f1fb2a9\"},\"headline\":\"Aldo Arantes e a reconstru\u00e7\u00e3o da democracia\",\"datePublished\":\"2021-07-07T17:38:00+00:00\",\"dateModified\":\"2021-07-07T17:39:37+00:00\",\"mainEntityOfPage\":{\"@id\":\"https:\\\/\\\/renatodias.online\\\/movimento\\\/2021\\\/07\\\/07\\\/aldo-arantes-e-a-reconstrucao-da-democracia\\\/\"},\"wordCount\":471,\"commentCount\":0,\"publisher\":{\"@id\":\"https:\\\/\\\/renatodias.online\\\/movimento\\\/#\\\/schema\\\/person\\\/bbab28833b1725a20f4083f49f1fb2a9\"},\"image\":{\"@id\":\"https:\\\/\\\/renatodias.online\\\/movimento\\\/2021\\\/07\\\/07\\\/aldo-arantes-e-a-reconstrucao-da-democracia\\\/#primaryimage\"},\"thumbnailUrl\":\"https:\\\/\\\/renatodias.online\\\/movimento\\\/wp-content\\\/uploads\\\/2021\\\/07\\\/Aldo-Arantes-_-livro-e1625679459216.jpg\",\"articleSection\":[\"Cinema\"],\"inLanguage\":\"pt-BR\",\"potentialAction\":[{\"@type\":\"CommentAction\",\"name\":\"Comment\",\"target\":[\"https:\\\/\\\/renatodias.online\\\/movimento\\\/2021\\\/07\\\/07\\\/aldo-arantes-e-a-reconstrucao-da-democracia\\\/#respond\"]}]},{\"@type\":\"WebPage\",\"@id\":\"https:\\\/\\\/renatodias.online\\\/movimento\\\/2021\\\/07\\\/07\\\/aldo-arantes-e-a-reconstrucao-da-democracia\\\/\",\"url\":\"https:\\\/\\\/renatodias.online\\\/movimento\\\/2021\\\/07\\\/07\\\/aldo-arantes-e-a-reconstrucao-da-democracia\\\/\",\"name\":\"Aldo Arantes e a reconstru\u00e7\u00e3o da democracia -\",\"isPartOf\":{\"@id\":\"https:\\\/\\\/renatodias.online\\\/movimento\\\/#website\"},\"primaryImageOfPage\":{\"@id\":\"https:\\\/\\\/renatodias.online\\\/movimento\\\/2021\\\/07\\\/07\\\/aldo-arantes-e-a-reconstrucao-da-democracia\\\/#primaryimage\"},\"image\":{\"@id\":\"https:\\\/\\\/renatodias.online\\\/movimento\\\/2021\\\/07\\\/07\\\/aldo-arantes-e-a-reconstrucao-da-democracia\\\/#primaryimage\"},\"thumbnailUrl\":\"https:\\\/\\\/renatodias.online\\\/movimento\\\/wp-content\\\/uploads\\\/2021\\\/07\\\/Aldo-Arantes-_-livro-e1625679459216.jpg\",\"datePublished\":\"2021-07-07T17:38:00+00:00\",\"dateModified\":\"2021-07-07T17:39:37+00:00\",\"breadcrumb\":{\"@id\":\"https:\\\/\\\/renatodias.online\\\/movimento\\\/2021\\\/07\\\/07\\\/aldo-arantes-e-a-reconstrucao-da-democracia\\\/#breadcrumb\"},\"inLanguage\":\"pt-BR\",\"potentialAction\":[{\"@type\":\"ReadAction\",\"target\":[\"https:\\\/\\\/renatodias.online\\\/movimento\\\/2021\\\/07\\\/07\\\/aldo-arantes-e-a-reconstrucao-da-democracia\\\/\"]}]},{\"@type\":\"ImageObject\",\"inLanguage\":\"pt-BR\",\"@id\":\"https:\\\/\\\/renatodias.online\\\/movimento\\\/2021\\\/07\\\/07\\\/aldo-arantes-e-a-reconstrucao-da-democracia\\\/#primaryimage\",\"url\":\"https:\\\/\\\/renatodias.online\\\/movimento\\\/wp-content\\\/uploads\\\/2021\\\/07\\\/Aldo-Arantes-_-livro-e1625679459216.jpg\",\"contentUrl\":\"https:\\\/\\\/renatodias.online\\\/movimento\\\/wp-content\\\/uploads\\\/2021\\\/07\\\/Aldo-Arantes-_-livro-e1625679459216.jpg\",\"width\":300,\"height\":169,\"caption\":\"Aldo Arantes _ livro\"},{\"@type\":\"BreadcrumbList\",\"@id\":\"https:\\\/\\\/renatodias.online\\\/movimento\\\/2021\\\/07\\\/07\\\/aldo-arantes-e-a-reconstrucao-da-democracia\\\/#breadcrumb\",\"itemListElement\":[{\"@type\":\"ListItem\",\"position\":1,\"name\":\"In\u00edcio\",\"item\":\"https:\\\/\\\/renatodias.online\\\/movimento\\\/\"},{\"@type\":\"ListItem\",\"position\":2,\"name\":\"Aldo Arantes e a reconstru\u00e7\u00e3o da democracia\"}]},{\"@type\":\"WebSite\",\"@id\":\"https:\\\/\\\/renatodias.online\\\/movimento\\\/#website\",\"url\":\"https:\\\/\\\/renatodias.online\\\/movimento\\\/\",\"name\":\"\",\"description\":\"\",\"publisher\":{\"@id\":\"https:\\\/\\\/renatodias.online\\\/movimento\\\/#\\\/schema\\\/person\\\/bbab28833b1725a20f4083f49f1fb2a9\"},\"potentialAction\":[{\"@type\":\"SearchAction\",\"target\":{\"@type\":\"EntryPoint\",\"urlTemplate\":\"https:\\\/\\\/renatodias.online\\\/movimento\\\/?s={search_term_string}\"},\"query-input\":{\"@type\":\"PropertyValueSpecification\",\"valueRequired\":true,\"valueName\":\"search_term_string\"}}],\"inLanguage\":\"pt-BR\"},{\"@type\":[\"Person\",\"Organization\"],\"@id\":\"https:\\\/\\\/renatodias.online\\\/movimento\\\/#\\\/schema\\\/person\\\/bbab28833b1725a20f4083f49f1fb2a9\",\"name\":\"Renato Dias\",\"image\":{\"@type\":\"ImageObject\",\"inLanguage\":\"pt-BR\",\"@id\":\"https:\\\/\\\/renatodias.online\\\/movimento\\\/wp-content\\\/uploads\\\/2023\\\/03\\\/cropped-cropped-cropped-logofinal.jpeg\",\"url\":\"https:\\\/\\\/renatodias.online\\\/movimento\\\/wp-content\\\/uploads\\\/2023\\\/03\\\/cropped-cropped-cropped-logofinal.jpeg\",\"contentUrl\":\"https:\\\/\\\/renatodias.online\\\/movimento\\\/wp-content\\\/uploads\\\/2023\\\/03\\\/cropped-cropped-cropped-logofinal.jpeg\",\"width\":1280,\"height\":219,\"caption\":\"Renato Dias\"},\"logo\":{\"@id\":\"https:\\\/\\\/renatodias.online\\\/movimento\\\/wp-content\\\/uploads\\\/2023\\\/03\\\/cropped-cropped-cropped-logofinal.jpeg\"},\"description\":\"Renato Dias, 58 anos, \u00e9 graduado em Jornalismo, formado em Ci\u00eancias Sociais, com p\u00f3s-gradua\u00e7\u00e3o em Pol\u00edticas P\u00fablicas, mestre em Direito e Rela\u00e7\u00f5es Internacionais, ex-aluno extraordin\u00e1rio do Doutorado em Psicologia Social, ex-estudante do Curso de Psican\u00e1lise do Centro de Estudos Psicanal\u00edticos do Estado de Goi\u00e1s, ministrado pelo m\u00e9dico psiquiatra e psicanalista Daniel Em\u00eddio de Souza. \u00c9 autor de 30 livros-reportagem, oito document\u00e1rios, ganhou 30 pr\u00eamios e \u00e9 torcedor apaixonado do maior do Centro-Oeste, o Vila Nova Futebol Clube. Casado com Meirilane Dias, \u00e9 pai de Juliana Dias, jornalista; Daniel Dias, economista; e Maria Rosa Dias, estudante antifascista, socialista e trotskista.\u00a0Com tr\u00eas pets: Porquinho [Bull Dog Franc\u00eas], Dalila [Basset Hound] e Geleia [Basset Hound]. Al\u00e9m do eterno gato Tutuquinho, que virou estrela.\",\"sameAs\":[\"https:\\\/\\\/www.facebook.com\\\/renato.dias.37\",\"#breve\",\"https:\\\/\\\/renatodias.tumblr.com\\\/\"],\"url\":\"https:\\\/\\\/renatodias.online\\\/movimento\\\/author\\\/renatodias\\\/\"}]}<\/script>\n<!-- \/ Yoast SEO plugin. -->","yoast_head_json":{"title":"Aldo Arantes e a reconstru\u00e7\u00e3o da democracia -","robots":{"index":"index","follow":"follow","max-snippet":"max-snippet:-1","max-image-preview":"max-image-preview:large","max-video-preview":"max-video-preview:-1"},"canonical":"https:\/\/renatodias.online\/movimento\/2021\/07\/07\/aldo-arantes-e-a-reconstrucao-da-democracia\/","og_locale":"pt_BR","og_type":"article","og_title":"Aldo Arantes e a reconstru\u00e7\u00e3o da democracia -","og_description":"Aldo Arantes e a reconstru\u00e7\u00e3o da democracia Lan\u00e7amento de livro de ensaios autorais ocorre, hoje, \u00e0s 19h, no Youtube Pablo Gentili participa de f\u00f3rum virtual \u00a0 Renato Dias O advogado e cientista pol\u00edtico Aldo Arantes lan\u00e7a, hoje, \u00e0s 19h, no www.youtube.com , em um di\u00e1logo virtual com Pablo Gentili, doutor em Educa\u00e7\u00e3o e professor da","og_url":"https:\/\/renatodias.online\/movimento\/2021\/07\/07\/aldo-arantes-e-a-reconstrucao-da-democracia\/","article_publisher":"https:\/\/www.facebook.com\/renato.dias.37","article_author":"https:\/\/www.facebook.com\/renato.dias.37","article_published_time":"2021-07-07T17:38:00+00:00","article_modified_time":"2021-07-07T17:39:37+00:00","og_image":[{"width":300,"height":169,"url":"https:\/\/renatodias.online\/movimento\/wp-content\/uploads\/2021\/07\/Aldo-Arantes-_-livro-e1625679459216.jpg","type":"image\/jpeg"}],"author":"Renato Dias","twitter_card":"summary_large_image","twitter_creator":"@RenatoDiasBat","twitter_site":"@RenatoDiasBat","twitter_misc":{"Escrito por":"Renato Dias","Est. tempo de leitura":"2 minutos"},"schema":{"@context":"https:\/\/schema.org","@graph":[{"@type":"Article","@id":"https:\/\/renatodias.online\/movimento\/2021\/07\/07\/aldo-arantes-e-a-reconstrucao-da-democracia\/#article","isPartOf":{"@id":"https:\/\/renatodias.online\/movimento\/2021\/07\/07\/aldo-arantes-e-a-reconstrucao-da-democracia\/"},"author":{"name":"Renato Dias","@id":"https:\/\/renatodias.online\/movimento\/#\/schema\/person\/bbab28833b1725a20f4083f49f1fb2a9"},"headline":"Aldo Arantes e a reconstru\u00e7\u00e3o da democracia","datePublished":"2021-07-07T17:38:00+00:00","dateModified":"2021-07-07T17:39:37+00:00","mainEntityOfPage":{"@id":"https:\/\/renatodias.online\/movimento\/2021\/07\/07\/aldo-arantes-e-a-reconstrucao-da-democracia\/"},"wordCount":471,"commentCount":0,"publisher":{"@id":"https:\/\/renatodias.online\/movimento\/#\/schema\/person\/bbab28833b1725a20f4083f49f1fb2a9"},"image":{"@id":"https:\/\/renatodias.online\/movimento\/2021\/07\/07\/aldo-arantes-e-a-reconstrucao-da-democracia\/#primaryimage"},"thumbnailUrl":"https:\/\/renatodias.online\/movimento\/wp-content\/uploads\/2021\/07\/Aldo-Arantes-_-livro-e1625679459216.jpg","articleSection":["Cinema"],"inLanguage":"pt-BR","potentialAction":[{"@type":"CommentAction","name":"Comment","target":["https:\/\/renatodias.online\/movimento\/2021\/07\/07\/aldo-arantes-e-a-reconstrucao-da-democracia\/#respond"]}]},{"@type":"WebPage","@id":"https:\/\/renatodias.online\/movimento\/2021\/07\/07\/aldo-arantes-e-a-reconstrucao-da-democracia\/","url":"https:\/\/renatodias.online\/movimento\/2021\/07\/07\/aldo-arantes-e-a-reconstrucao-da-democracia\/","name":"Aldo Arantes e a reconstru\u00e7\u00e3o da democracia -","isPartOf":{"@id":"https:\/\/renatodias.online\/movimento\/#website"},"primaryImageOfPage":{"@id":"https:\/\/renatodias.online\/movimento\/2021\/07\/07\/aldo-arantes-e-a-reconstrucao-da-democracia\/#primaryimage"},"image":{"@id":"https:\/\/renatodias.online\/movimento\/2021\/07\/07\/aldo-arantes-e-a-reconstrucao-da-democracia\/#primaryimage"},"thumbnailUrl":"https:\/\/renatodias.online\/movimento\/wp-content\/uploads\/2021\/07\/Aldo-Arantes-_-livro-e1625679459216.jpg","datePublished":"2021-07-07T17:38:00+00:00","dateModified":"2021-07-07T17:39:37+00:00","breadcrumb":{"@id":"https:\/\/renatodias.online\/movimento\/2021\/07\/07\/aldo-arantes-e-a-reconstrucao-da-democracia\/#breadcrumb"},"inLanguage":"pt-BR","potentialAction":[{"@type":"ReadAction","target":["https:\/\/renatodias.online\/movimento\/2021\/07\/07\/aldo-arantes-e-a-reconstrucao-da-democracia\/"]}]},{"@type":"ImageObject","inLanguage":"pt-BR","@id":"https:\/\/renatodias.online\/movimento\/2021\/07\/07\/aldo-arantes-e-a-reconstrucao-da-democracia\/#primaryimage","url":"https:\/\/renatodias.online\/movimento\/wp-content\/uploads\/2021\/07\/Aldo-Arantes-_-livro-e1625679459216.jpg","contentUrl":"https:\/\/renatodias.online\/movimento\/wp-content\/uploads\/2021\/07\/Aldo-Arantes-_-livro-e1625679459216.jpg","width":300,"height":169,"caption":"Aldo Arantes _ livro"},{"@type":"BreadcrumbList","@id":"https:\/\/renatodias.online\/movimento\/2021\/07\/07\/aldo-arantes-e-a-reconstrucao-da-democracia\/#breadcrumb","itemListElement":[{"@type":"ListItem","position":1,"name":"In\u00edcio","item":"https:\/\/renatodias.online\/movimento\/"},{"@type":"ListItem","position":2,"name":"Aldo Arantes e a reconstru\u00e7\u00e3o da democracia"}]},{"@type":"WebSite","@id":"https:\/\/renatodias.online\/movimento\/#website","url":"https:\/\/renatodias.online\/movimento\/","name":"","description":"","publisher":{"@id":"https:\/\/renatodias.online\/movimento\/#\/schema\/person\/bbab28833b1725a20f4083f49f1fb2a9"},"potentialAction":[{"@type":"SearchAction","target":{"@type":"EntryPoint","urlTemplate":"https:\/\/renatodias.online\/movimento\/?s={search_term_string}"},"query-input":{"@type":"PropertyValueSpecification","valueRequired":true,"valueName":"search_term_string"}}],"inLanguage":"pt-BR"},{"@type":["Person","Organization"],"@id":"https:\/\/renatodias.online\/movimento\/#\/schema\/person\/bbab28833b1725a20f4083f49f1fb2a9","name":"Renato Dias","image":{"@type":"ImageObject","inLanguage":"pt-BR","@id":"https:\/\/renatodias.online\/movimento\/wp-content\/uploads\/2023\/03\/cropped-cropped-cropped-logofinal.jpeg","url":"https:\/\/renatodias.online\/movimento\/wp-content\/uploads\/2023\/03\/cropped-cropped-cropped-logofinal.jpeg","contentUrl":"https:\/\/renatodias.online\/movimento\/wp-content\/uploads\/2023\/03\/cropped-cropped-cropped-logofinal.jpeg","width":1280,"height":219,"caption":"Renato Dias"},"logo":{"@id":"https:\/\/renatodias.online\/movimento\/wp-content\/uploads\/2023\/03\/cropped-cropped-cropped-logofinal.jpeg"},"description":"Renato Dias, 58 anos, \u00e9 graduado em Jornalismo, formado em Ci\u00eancias Sociais, com p\u00f3s-gradua\u00e7\u00e3o em Pol\u00edticas P\u00fablicas, mestre em Direito e Rela\u00e7\u00f5es Internacionais, ex-aluno extraordin\u00e1rio do Doutorado em Psicologia Social, ex-estudante do Curso de Psican\u00e1lise do Centro de Estudos Psicanal\u00edticos do Estado de Goi\u00e1s, ministrado pelo m\u00e9dico psiquiatra e psicanalista Daniel Em\u00eddio de Souza. \u00c9 autor de 30 livros-reportagem, oito document\u00e1rios, ganhou 30 pr\u00eamios e \u00e9 torcedor apaixonado do maior do Centro-Oeste, o Vila Nova Futebol Clube. Casado com Meirilane Dias, \u00e9 pai de Juliana Dias, jornalista; Daniel Dias, economista; e Maria Rosa Dias, estudante antifascista, socialista e trotskista.\u00a0Com tr\u00eas pets: Porquinho [Bull Dog Franc\u00eas], Dalila [Basset Hound] e Geleia [Basset Hound]. Al\u00e9m do eterno gato Tutuquinho, que virou estrela.","sameAs":["https:\/\/www.facebook.com\/renato.dias.37","#breve","https:\/\/renatodias.tumblr.com\/"],"url":"https:\/\/renatodias.online\/movimento\/author\/renatodias\/"}]}},"_links":{"self":[{"href":"https:\/\/renatodias.online\/movimento\/wp-json\/wp\/v2\/posts\/7628","targetHints":{"allow":["GET"]}}],"collection":[{"href":"https:\/\/renatodias.online\/movimento\/wp-json\/wp\/v2\/posts"}],"about":[{"href":"https:\/\/renatodias.online\/movimento\/wp-json\/wp\/v2\/types\/post"}],"author":[{"embeddable":true,"href":"https:\/\/renatodias.online\/movimento\/wp-json\/wp\/v2\/users\/2"}],"replies":[{"embeddable":true,"href":"https:\/\/renatodias.online\/movimento\/wp-json\/wp\/v2\/comments?post=7628"}],"version-history":[{"count":1,"href":"https:\/\/renatodias.online\/movimento\/wp-json\/wp\/v2\/posts\/7628\/revisions"}],"predecessor-version":[{"id":7631,"href":"https:\/\/renatodias.online\/movimento\/wp-json\/wp\/v2\/posts\/7628\/revisions\/7631"}],"wp:featuredmedia":[{"embeddable":true,"href":"https:\/\/renatodias.online\/movimento\/wp-json\/wp\/v2\/media\/7630"}],"wp:attachment":[{"href":"https:\/\/renatodias.online\/movimento\/wp-json\/wp\/v2\/media?parent=7628"}],"wp:term":[{"taxonomy":"category","embeddable":true,"href":"https:\/\/renatodias.online\/movimento\/wp-json\/wp\/v2\/categories?post=7628"},{"taxonomy":"post_tag","embeddable":true,"href":"https:\/\/renatodias.online\/movimento\/wp-json\/wp\/v2\/tags?post=7628"}],"curies":[{"name":"wp","href":"https:\/\/api.w.org\/{rel}","templated":true}]}}