{"id":7607,"date":"2021-07-06T22:56:45","date_gmt":"2021-07-07T01:56:45","guid":{"rendered":"https:\/\/renatodias.online\/movimento\/?p=7607"},"modified":"2021-07-06T22:58:13","modified_gmt":"2021-07-07T01:58:13","slug":"7607","status":"publish","type":"post","link":"https:\/\/renatodias.online\/movimento\/2021\/07\/06\/7607\/","title":{"rendered":"Educa\u00e7\u00e3o: sele\u00e7\u00e3o \u00e9 alvo de ataques"},"content":{"rendered":"<div class=\"adn ads\" data-message-id=\"#msg-a:r-4640893006752734251\" data-legacy-message-id=\"17a7df97244ff5ea\">\n<div class=\"gs\">\n<div class=\"\">\n<div id=\":18k\" class=\"ii gt\">\n<div id=\":18j\" class=\"a3s aiL \">\n<div dir=\"auto\">\n<div dir=\"auto\">\n<figure id=\"attachment_6483\" aria-describedby=\"caption-attachment-6483\" style=\"width: 1024px\" class=\"wp-caption alignnone\"><img loading=\"lazy\" decoding=\"async\" class=\"size-full wp-image-6483\" src=\"https:\/\/renatodias.online\/movimento\/wp-content\/uploads\/2021\/05\/A-crise-na-Educacao.jpg\" alt=\"\" width=\"1024\" height=\"739\" \/><figcaption id=\"caption-attachment-6483\" class=\"wp-caption-text\"><strong>A crise na Educa\u00e7\u00e3o em Goi\u00e1s<br \/><\/strong><\/figcaption><\/figure>\n<p>&nbsp;<\/p>\n<p><img loading=\"lazy\" decoding=\"async\" class=\"size-full wp-image-5814 aligncenter\" src=\"https:\/\/renatodias.online\/movimento\/wp-content\/uploads\/2021\/04\/Exclusivo.png\" alt=\"Exclusivo\" width=\"499\" height=\"101\" srcset=\"https:\/\/renatodias.online\/movimento\/wp-content\/uploads\/2021\/04\/Exclusivo.png 499w, https:\/\/renatodias.online\/movimento\/wp-content\/uploads\/2021\/04\/Exclusivo-300x61.png 300w\" sizes=\"auto, (max-width: 499px) 100vw, 499px\" \/><\/p>\n<\/div>\n<div dir=\"auto\"><\/div>\n<h1 dir=\"auto\" style=\"text-align: center;\"><span style=\"color: #ff0000;\"><strong>Educa\u00e7\u00e3o: sele\u00e7\u00e3o \u00e9 alvo de cr\u00edticas<\/strong><\/span><\/h1>\n<div dir=\"auto\"><\/div>\n<h1 dir=\"auto\" style=\"text-align: center;\">Edital recebe bombardeios<\/h1>\n<h1 dir=\"auto\" style=\"text-align: center;\"><a href=\"https:\/\/renatodias.online\/movimento\/wp-content\/uploads\/2021\/07\/Edital.pdf\"><strong>Edital<\/strong><\/a><\/h1>\n<h3 dir=\"auto\" style=\"text-align: center;\">Protesto ocorre nesta quinta-feira, \u00e0s 9h, no MP, em Goi\u00e2nia<\/h3>\n<div dir=\"auto\"><\/div>\n<div dir=\"auto\">\n<figure id=\"attachment_7609\" aria-describedby=\"caption-attachment-7609\" style=\"width: 1080px\" class=\"wp-caption alignnone\"><img loading=\"lazy\" decoding=\"async\" class=\"size-full wp-image-7609\" src=\"https:\/\/renatodias.online\/movimento\/wp-content\/uploads\/2021\/07\/Cartaz.jpg\" alt=\"\" width=\"1080\" height=\"1080\" srcset=\"https:\/\/renatodias.online\/movimento\/wp-content\/uploads\/2021\/07\/Cartaz.jpg 1080w, https:\/\/renatodias.online\/movimento\/wp-content\/uploads\/2021\/07\/Cartaz-300x300.jpg 300w, https:\/\/renatodias.online\/movimento\/wp-content\/uploads\/2021\/07\/Cartaz-1024x1024.jpg 1024w, https:\/\/renatodias.online\/movimento\/wp-content\/uploads\/2021\/07\/Cartaz-150x150.jpg 150w, https:\/\/renatodias.online\/movimento\/wp-content\/uploads\/2021\/07\/Cartaz-768x768.jpg 768w, https:\/\/renatodias.online\/movimento\/wp-content\/uploads\/2021\/07\/Cartaz-750x750.jpg 750w\" sizes=\"auto, (max-width: 1080px) 100vw, 1080px\" \/><figcaption id=\"caption-attachment-7609\" class=\"wp-caption-text\"><strong>Ato de protesto<\/strong><\/figcaption><\/figure>\n<\/div>\n<div dir=\"auto\"><\/div>\n<div dir=\"auto\"><strong>Renato Dias<\/strong><\/div>\n<div dir=\"auto\"><\/div>\n<div dir=\"auto\">Professores da rede p\u00fablica do Estado de Goi\u00e1s promovem manifesta\u00e7\u00e3o, nesta quinta-feira, dia 8 de julho de 2021, \u00e0s 9h, no port\u00e3o de entrada da frente do Minist\u00e9rio P\u00fablico Estadual. Itens da pauta de reivindica\u00e7\u00f5es: a impugna\u00e7\u00e3o do edital do PSS, da Seduc, Secretaria de Estado da Educa\u00e7\u00e3o, edi\u00e7\u00e3o de 2021, e em defesa da realiza\u00e7\u00e3o de concurso.<\/div>\n<div dir=\"auto\"><\/div>\n<div dir=\"auto\">Um professor que prefere n\u00e3o se identificar diz ao Portal de Not\u00edcias <strong>www.renatodias.online<\/strong> ter enviado ao deputado estadual Ant\u00f4nio Roberto Gomide documento que aponta falhas no Processo Seletivo da Educa\u00e7\u00e3o. O edital \u00e9 para a contrata\u00e7\u00e3o de professores tempor\u00e1rios para o Estado de Goi\u00e1s. Por cinco anos. Consecutivos, aponta<\/div>\n<div dir=\"auto\"><\/div>\n<div dir=\"auto\">\n<figure id=\"attachment_7610\" aria-describedby=\"caption-attachment-7610\" style=\"width: 2560px\" class=\"wp-caption alignnone\"><img loading=\"lazy\" decoding=\"async\" class=\"size-full wp-image-7610\" src=\"https:\/\/renatodias.online\/movimento\/wp-content\/uploads\/2021\/07\/Antonio-Roberto-Gomide.jpg\" alt=\"\" width=\"2560\" height=\"1709\" \/><figcaption id=\"caption-attachment-7610\" class=\"wp-caption-text\">Ant\u00f4nio Roberto Gomide, deputado estadual do PT<\/figcaption><\/figure>\n<p>&nbsp;<\/p>\n<\/div>\n<div dir=\"auto\">O trabalhador da educa\u00e7\u00e3o relata, como uma das supostas distor\u00e7\u00f5es do PSS, o caso de um aposentado que queira participar do\u00a0 processo seletivo alvo de cr\u00edticas. O profissional j\u00e1 sairia na frente em rela\u00e7\u00e3o aos seus\u00a0 concorrentes. Detalhe: com 96 pontos. Com 36 pontos de forma\u00e7\u00e3o acad\u00eamica e 60 pontos de experi\u00eancia profissional, narra.<\/div>\n<\/div>\n<\/div>\n<\/div>\n<div dir=\"auto\"><\/div>\n<div id=\":18k\" class=\"ii gt\">\n<div id=\":18j\" class=\"a3s aiL \">\n<div dir=\"auto\">\n<div dir=\"auto\"><\/div>\n<div dir=\"auto\">O rec\u00e9m-formado, mesmo com todos os cursos de gradua\u00e7\u00e3o, especializa\u00e7\u00e3o, mestrado, doutorado, sem nenhuma experi\u00eancia, teria\u00a0 dificuldade para atingir \u00e0 marca\u00a0 de 40 pontos, denuncia. \u00c9 o que estabelece o edital, reclama.N\u00e3o tendo os 40 pontos, o postulante ao cargo\u00a0 estar\u00e1 desclassificado do certame, desabafa.<\/div>\n<div dir=\"auto\"><\/div>\n<div dir=\"auto\"><strong>_ A avalia\u00e7\u00e3o \u00e9 desigual na\u00a0 distribui\u00e7\u00e3o dos pontos nos itens, fuzila. N\u00e3o\u00a0 \u00e9 igualdade\u00a0 de participa\u00e7\u00e3o\u00a0 e nem isonomia de direito, ele metralha.<\/strong><\/div>\n<\/div>\n<div class=\"yj6qo\"><\/div>\n<div class=\"adL\"><\/div>\n<\/div>\n<\/div>\n<div class=\"hi\"><\/div>\n<\/div>\n<\/div>\n<div class=\"ajx\"><\/div>\n<\/div>\n<div class=\"gA gt acV\">\n<div class=\"gB xu\">\n<div class=\"ip iq\">\n<div id=\":18l\">\n<table class=\"cf wS\" role=\"presentation\">\n<tbody>\n<tr>\n<td class=\"amq\"><\/td>\n<td class=\"amr\">\n<div class=\"nr wR\">\n<div class=\"amn\"><\/div>\n<\/div>\n<\/td>\n<\/tr>\n<\/tbody>\n<\/table>\n<\/div>\n<\/div>\n<\/div>\n<\/div>\n","protected":false},"excerpt":{"rendered":"<p>&nbsp; Educa\u00e7\u00e3o: sele\u00e7\u00e3o \u00e9 alvo de cr\u00edticas Edital recebe bombardeios Edital Protesto ocorre nesta quinta-feira, \u00e0s 9h, no MP, em Goi\u00e2nia Renato Dias Professores da rede p\u00fablica do Estado de Goi\u00e1s promovem manifesta\u00e7\u00e3o, nesta quinta-feira, dia 8 de julho de 2021, \u00e0s 9h, no port\u00e3o de entrada da frente do Minist\u00e9rio P\u00fablico Estadual. Itens da<\/p>\n","protected":false},"author":2,"featured_media":6364,"comment_status":"open","ping_status":"open","sticky":false,"template":"","format":"standard","meta":{"_acf_changed":false,"_monsterinsights_skip_tracking":false,"_monsterinsights_sitenote_active":false,"_monsterinsights_sitenote_note":"","_monsterinsights_sitenote_category":0,"footnotes":""},"categories":[4],"tags":[],"class_list":["post-7607","post","type-post","status-publish","format-standard","has-post-thumbnail","hentry","category-politica"],"acf":[],"yoast_head":"<!-- This site is optimized with the Yoast SEO plugin v27.4 - https:\/\/yoast.com\/product\/yoast-seo-wordpress\/ -->\n<title>Educa\u00e7\u00e3o: sele\u00e7\u00e3o \u00e9 alvo de ataques -<\/title>\n<meta name=\"robots\" content=\"index, follow, max-snippet:-1, max-image-preview:large, max-video-preview:-1\" \/>\n<link rel=\"canonical\" href=\"https:\/\/renatodias.online\/movimento\/2021\/07\/06\/7607\/\" \/>\n<meta property=\"og:locale\" content=\"pt_BR\" \/>\n<meta property=\"og:type\" content=\"article\" \/>\n<meta property=\"og:title\" content=\"Educa\u00e7\u00e3o: sele\u00e7\u00e3o \u00e9 alvo de ataques -\" \/>\n<meta property=\"og:description\" content=\"&nbsp; Educa\u00e7\u00e3o: sele\u00e7\u00e3o \u00e9 alvo de cr\u00edticas Edital recebe bombardeios Edital Protesto ocorre nesta quinta-feira, \u00e0s 9h, no MP, em Goi\u00e2nia Renato Dias Professores da rede p\u00fablica do Estado de Goi\u00e1s promovem manifesta\u00e7\u00e3o, nesta quinta-feira, dia 8 de julho de 2021, \u00e0s 9h, no port\u00e3o de entrada da frente do Minist\u00e9rio P\u00fablico Estadual. Itens da\" \/>\n<meta property=\"og:url\" content=\"https:\/\/renatodias.online\/movimento\/2021\/07\/06\/7607\/\" \/>\n<meta property=\"article:publisher\" content=\"https:\/\/www.facebook.com\/renato.dias.37\" \/>\n<meta property=\"article:author\" content=\"https:\/\/www.facebook.com\/renato.dias.37\" \/>\n<meta property=\"article:published_time\" content=\"2021-07-07T01:56:45+00:00\" \/>\n<meta property=\"article:modified_time\" content=\"2021-07-07T01:58:13+00:00\" \/>\n<meta property=\"og:image\" content=\"https:\/\/renatodias.online\/movimento\/wp-content\/uploads\/2021\/04\/A-crise-na-Educacao.jpg\" \/>\n\t<meta property=\"og:image:width\" content=\"275\" \/>\n\t<meta property=\"og:image:height\" content=\"183\" \/>\n\t<meta property=\"og:image:type\" content=\"image\/jpeg\" \/>\n<meta name=\"author\" content=\"Renato Dias\" \/>\n<meta name=\"twitter:card\" content=\"summary_large_image\" \/>\n<meta name=\"twitter:creator\" content=\"@RenatoDiasBat\" \/>\n<meta name=\"twitter:site\" content=\"@RenatoDiasBat\" \/>\n<meta name=\"twitter:label1\" content=\"Escrito por\" \/>\n\t<meta name=\"twitter:data1\" content=\"Renato Dias\" \/>\n\t<meta name=\"twitter:label2\" content=\"Est. tempo de leitura\" \/>\n\t<meta name=\"twitter:data2\" content=\"2 minutos\" \/>\n<script type=\"application\/ld+json\" class=\"yoast-schema-graph\">{\"@context\":\"https:\\\/\\\/schema.org\",\"@graph\":[{\"@type\":\"Article\",\"@id\":\"https:\\\/\\\/renatodias.online\\\/movimento\\\/2021\\\/07\\\/06\\\/7607\\\/#article\",\"isPartOf\":{\"@id\":\"https:\\\/\\\/renatodias.online\\\/movimento\\\/2021\\\/07\\\/06\\\/7607\\\/\"},\"author\":{\"name\":\"Renato Dias\",\"@id\":\"https:\\\/\\\/renatodias.online\\\/movimento\\\/#\\\/schema\\\/person\\\/bbab28833b1725a20f4083f49f1fb2a9\"},\"headline\":\"Educa\u00e7\u00e3o: sele\u00e7\u00e3o \u00e9 alvo de ataques\",\"datePublished\":\"2021-07-07T01:56:45+00:00\",\"dateModified\":\"2021-07-07T01:58:13+00:00\",\"mainEntityOfPage\":{\"@id\":\"https:\\\/\\\/renatodias.online\\\/movimento\\\/2021\\\/07\\\/06\\\/7607\\\/\"},\"wordCount\":327,\"commentCount\":0,\"publisher\":{\"@id\":\"https:\\\/\\\/renatodias.online\\\/movimento\\\/#\\\/schema\\\/person\\\/bbab28833b1725a20f4083f49f1fb2a9\"},\"image\":{\"@id\":\"https:\\\/\\\/renatodias.online\\\/movimento\\\/2021\\\/07\\\/06\\\/7607\\\/#primaryimage\"},\"thumbnailUrl\":\"https:\\\/\\\/renatodias.online\\\/movimento\\\/wp-content\\\/uploads\\\/2021\\\/04\\\/A-crise-na-Educacao.jpg\",\"articleSection\":[\"Pol\u00edtica\"],\"inLanguage\":\"pt-BR\",\"potentialAction\":[{\"@type\":\"CommentAction\",\"name\":\"Comment\",\"target\":[\"https:\\\/\\\/renatodias.online\\\/movimento\\\/2021\\\/07\\\/06\\\/7607\\\/#respond\"]}]},{\"@type\":\"WebPage\",\"@id\":\"https:\\\/\\\/renatodias.online\\\/movimento\\\/2021\\\/07\\\/06\\\/7607\\\/\",\"url\":\"https:\\\/\\\/renatodias.online\\\/movimento\\\/2021\\\/07\\\/06\\\/7607\\\/\",\"name\":\"Educa\u00e7\u00e3o: sele\u00e7\u00e3o \u00e9 alvo de ataques -\",\"isPartOf\":{\"@id\":\"https:\\\/\\\/renatodias.online\\\/movimento\\\/#website\"},\"primaryImageOfPage\":{\"@id\":\"https:\\\/\\\/renatodias.online\\\/movimento\\\/2021\\\/07\\\/06\\\/7607\\\/#primaryimage\"},\"image\":{\"@id\":\"https:\\\/\\\/renatodias.online\\\/movimento\\\/2021\\\/07\\\/06\\\/7607\\\/#primaryimage\"},\"thumbnailUrl\":\"https:\\\/\\\/renatodias.online\\\/movimento\\\/wp-content\\\/uploads\\\/2021\\\/04\\\/A-crise-na-Educacao.jpg\",\"datePublished\":\"2021-07-07T01:56:45+00:00\",\"dateModified\":\"2021-07-07T01:58:13+00:00\",\"breadcrumb\":{\"@id\":\"https:\\\/\\\/renatodias.online\\\/movimento\\\/2021\\\/07\\\/06\\\/7607\\\/#breadcrumb\"},\"inLanguage\":\"pt-BR\",\"potentialAction\":[{\"@type\":\"ReadAction\",\"target\":[\"https:\\\/\\\/renatodias.online\\\/movimento\\\/2021\\\/07\\\/06\\\/7607\\\/\"]}]},{\"@type\":\"ImageObject\",\"inLanguage\":\"pt-BR\",\"@id\":\"https:\\\/\\\/renatodias.online\\\/movimento\\\/2021\\\/07\\\/06\\\/7607\\\/#primaryimage\",\"url\":\"https:\\\/\\\/renatodias.online\\\/movimento\\\/wp-content\\\/uploads\\\/2021\\\/04\\\/A-crise-na-Educacao.jpg\",\"contentUrl\":\"https:\\\/\\\/renatodias.online\\\/movimento\\\/wp-content\\\/uploads\\\/2021\\\/04\\\/A-crise-na-Educacao.jpg\",\"width\":275,\"height\":183,\"caption\":\"A crise da educa\u00e7\u00e3o no Brasil\"},{\"@type\":\"BreadcrumbList\",\"@id\":\"https:\\\/\\\/renatodias.online\\\/movimento\\\/2021\\\/07\\\/06\\\/7607\\\/#breadcrumb\",\"itemListElement\":[{\"@type\":\"ListItem\",\"position\":1,\"name\":\"In\u00edcio\",\"item\":\"https:\\\/\\\/renatodias.online\\\/movimento\\\/\"},{\"@type\":\"ListItem\",\"position\":2,\"name\":\"Educa\u00e7\u00e3o: sele\u00e7\u00e3o \u00e9 alvo de ataques\"}]},{\"@type\":\"WebSite\",\"@id\":\"https:\\\/\\\/renatodias.online\\\/movimento\\\/#website\",\"url\":\"https:\\\/\\\/renatodias.online\\\/movimento\\\/\",\"name\":\"\",\"description\":\"\",\"publisher\":{\"@id\":\"https:\\\/\\\/renatodias.online\\\/movimento\\\/#\\\/schema\\\/person\\\/bbab28833b1725a20f4083f49f1fb2a9\"},\"potentialAction\":[{\"@type\":\"SearchAction\",\"target\":{\"@type\":\"EntryPoint\",\"urlTemplate\":\"https:\\\/\\\/renatodias.online\\\/movimento\\\/?s={search_term_string}\"},\"query-input\":{\"@type\":\"PropertyValueSpecification\",\"valueRequired\":true,\"valueName\":\"search_term_string\"}}],\"inLanguage\":\"pt-BR\"},{\"@type\":[\"Person\",\"Organization\"],\"@id\":\"https:\\\/\\\/renatodias.online\\\/movimento\\\/#\\\/schema\\\/person\\\/bbab28833b1725a20f4083f49f1fb2a9\",\"name\":\"Renato Dias\",\"image\":{\"@type\":\"ImageObject\",\"inLanguage\":\"pt-BR\",\"@id\":\"https:\\\/\\\/renatodias.online\\\/movimento\\\/wp-content\\\/uploads\\\/2023\\\/03\\\/cropped-cropped-cropped-logofinal.jpeg\",\"url\":\"https:\\\/\\\/renatodias.online\\\/movimento\\\/wp-content\\\/uploads\\\/2023\\\/03\\\/cropped-cropped-cropped-logofinal.jpeg\",\"contentUrl\":\"https:\\\/\\\/renatodias.online\\\/movimento\\\/wp-content\\\/uploads\\\/2023\\\/03\\\/cropped-cropped-cropped-logofinal.jpeg\",\"width\":1280,\"height\":219,\"caption\":\"Renato Dias\"},\"logo\":{\"@id\":\"https:\\\/\\\/renatodias.online\\\/movimento\\\/wp-content\\\/uploads\\\/2023\\\/03\\\/cropped-cropped-cropped-logofinal.jpeg\"},\"description\":\"Renato Dias, 58 anos, \u00e9 graduado em Jornalismo, formado em Ci\u00eancias Sociais, com p\u00f3s-gradua\u00e7\u00e3o em Pol\u00edticas P\u00fablicas, mestre em Direito e Rela\u00e7\u00f5es Internacionais, ex-aluno extraordin\u00e1rio do Doutorado em Psicologia Social, ex-estudante do Curso de Psican\u00e1lise do Centro de Estudos Psicanal\u00edticos do Estado de Goi\u00e1s, ministrado pelo m\u00e9dico psiquiatra e psicanalista Daniel Em\u00eddio de Souza. \u00c9 autor de 30 livros-reportagem, oito document\u00e1rios, ganhou 30 pr\u00eamios e \u00e9 torcedor apaixonado do maior do Centro-Oeste, o Vila Nova Futebol Clube. Casado com Meirilane Dias, \u00e9 pai de Juliana Dias, jornalista; Daniel Dias, economista; e Maria Rosa Dias, estudante antifascista, socialista e trotskista.\u00a0Com tr\u00eas pets: Porquinho [Bull Dog Franc\u00eas], Dalila [Basset Hound] e Geleia [Basset Hound]. Al\u00e9m do eterno gato Tutuquinho, que virou estrela.\",\"sameAs\":[\"https:\\\/\\\/www.facebook.com\\\/renato.dias.37\",\"#breve\",\"https:\\\/\\\/renatodias.tumblr.com\\\/\"],\"url\":\"https:\\\/\\\/renatodias.online\\\/movimento\\\/author\\\/renatodias\\\/\"}]}<\/script>\n<!-- \/ Yoast SEO plugin. -->","yoast_head_json":{"title":"Educa\u00e7\u00e3o: sele\u00e7\u00e3o \u00e9 alvo de ataques -","robots":{"index":"index","follow":"follow","max-snippet":"max-snippet:-1","max-image-preview":"max-image-preview:large","max-video-preview":"max-video-preview:-1"},"canonical":"https:\/\/renatodias.online\/movimento\/2021\/07\/06\/7607\/","og_locale":"pt_BR","og_type":"article","og_title":"Educa\u00e7\u00e3o: sele\u00e7\u00e3o \u00e9 alvo de ataques -","og_description":"&nbsp; Educa\u00e7\u00e3o: sele\u00e7\u00e3o \u00e9 alvo de cr\u00edticas Edital recebe bombardeios Edital Protesto ocorre nesta quinta-feira, \u00e0s 9h, no MP, em Goi\u00e2nia Renato Dias Professores da rede p\u00fablica do Estado de Goi\u00e1s promovem manifesta\u00e7\u00e3o, nesta quinta-feira, dia 8 de julho de 2021, \u00e0s 9h, no port\u00e3o de entrada da frente do Minist\u00e9rio P\u00fablico Estadual. Itens da","og_url":"https:\/\/renatodias.online\/movimento\/2021\/07\/06\/7607\/","article_publisher":"https:\/\/www.facebook.com\/renato.dias.37","article_author":"https:\/\/www.facebook.com\/renato.dias.37","article_published_time":"2021-07-07T01:56:45+00:00","article_modified_time":"2021-07-07T01:58:13+00:00","og_image":[{"width":275,"height":183,"url":"https:\/\/renatodias.online\/movimento\/wp-content\/uploads\/2021\/04\/A-crise-na-Educacao.jpg","type":"image\/jpeg"}],"author":"Renato Dias","twitter_card":"summary_large_image","twitter_creator":"@RenatoDiasBat","twitter_site":"@RenatoDiasBat","twitter_misc":{"Escrito por":"Renato Dias","Est. tempo de leitura":"2 minutos"},"schema":{"@context":"https:\/\/schema.org","@graph":[{"@type":"Article","@id":"https:\/\/renatodias.online\/movimento\/2021\/07\/06\/7607\/#article","isPartOf":{"@id":"https:\/\/renatodias.online\/movimento\/2021\/07\/06\/7607\/"},"author":{"name":"Renato Dias","@id":"https:\/\/renatodias.online\/movimento\/#\/schema\/person\/bbab28833b1725a20f4083f49f1fb2a9"},"headline":"Educa\u00e7\u00e3o: sele\u00e7\u00e3o \u00e9 alvo de ataques","datePublished":"2021-07-07T01:56:45+00:00","dateModified":"2021-07-07T01:58:13+00:00","mainEntityOfPage":{"@id":"https:\/\/renatodias.online\/movimento\/2021\/07\/06\/7607\/"},"wordCount":327,"commentCount":0,"publisher":{"@id":"https:\/\/renatodias.online\/movimento\/#\/schema\/person\/bbab28833b1725a20f4083f49f1fb2a9"},"image":{"@id":"https:\/\/renatodias.online\/movimento\/2021\/07\/06\/7607\/#primaryimage"},"thumbnailUrl":"https:\/\/renatodias.online\/movimento\/wp-content\/uploads\/2021\/04\/A-crise-na-Educacao.jpg","articleSection":["Pol\u00edtica"],"inLanguage":"pt-BR","potentialAction":[{"@type":"CommentAction","name":"Comment","target":["https:\/\/renatodias.online\/movimento\/2021\/07\/06\/7607\/#respond"]}]},{"@type":"WebPage","@id":"https:\/\/renatodias.online\/movimento\/2021\/07\/06\/7607\/","url":"https:\/\/renatodias.online\/movimento\/2021\/07\/06\/7607\/","name":"Educa\u00e7\u00e3o: sele\u00e7\u00e3o \u00e9 alvo de ataques -","isPartOf":{"@id":"https:\/\/renatodias.online\/movimento\/#website"},"primaryImageOfPage":{"@id":"https:\/\/renatodias.online\/movimento\/2021\/07\/06\/7607\/#primaryimage"},"image":{"@id":"https:\/\/renatodias.online\/movimento\/2021\/07\/06\/7607\/#primaryimage"},"thumbnailUrl":"https:\/\/renatodias.online\/movimento\/wp-content\/uploads\/2021\/04\/A-crise-na-Educacao.jpg","datePublished":"2021-07-07T01:56:45+00:00","dateModified":"2021-07-07T01:58:13+00:00","breadcrumb":{"@id":"https:\/\/renatodias.online\/movimento\/2021\/07\/06\/7607\/#breadcrumb"},"inLanguage":"pt-BR","potentialAction":[{"@type":"ReadAction","target":["https:\/\/renatodias.online\/movimento\/2021\/07\/06\/7607\/"]}]},{"@type":"ImageObject","inLanguage":"pt-BR","@id":"https:\/\/renatodias.online\/movimento\/2021\/07\/06\/7607\/#primaryimage","url":"https:\/\/renatodias.online\/movimento\/wp-content\/uploads\/2021\/04\/A-crise-na-Educacao.jpg","contentUrl":"https:\/\/renatodias.online\/movimento\/wp-content\/uploads\/2021\/04\/A-crise-na-Educacao.jpg","width":275,"height":183,"caption":"A crise da educa\u00e7\u00e3o no Brasil"},{"@type":"BreadcrumbList","@id":"https:\/\/renatodias.online\/movimento\/2021\/07\/06\/7607\/#breadcrumb","itemListElement":[{"@type":"ListItem","position":1,"name":"In\u00edcio","item":"https:\/\/renatodias.online\/movimento\/"},{"@type":"ListItem","position":2,"name":"Educa\u00e7\u00e3o: sele\u00e7\u00e3o \u00e9 alvo de ataques"}]},{"@type":"WebSite","@id":"https:\/\/renatodias.online\/movimento\/#website","url":"https:\/\/renatodias.online\/movimento\/","name":"","description":"","publisher":{"@id":"https:\/\/renatodias.online\/movimento\/#\/schema\/person\/bbab28833b1725a20f4083f49f1fb2a9"},"potentialAction":[{"@type":"SearchAction","target":{"@type":"EntryPoint","urlTemplate":"https:\/\/renatodias.online\/movimento\/?s={search_term_string}"},"query-input":{"@type":"PropertyValueSpecification","valueRequired":true,"valueName":"search_term_string"}}],"inLanguage":"pt-BR"},{"@type":["Person","Organization"],"@id":"https:\/\/renatodias.online\/movimento\/#\/schema\/person\/bbab28833b1725a20f4083f49f1fb2a9","name":"Renato Dias","image":{"@type":"ImageObject","inLanguage":"pt-BR","@id":"https:\/\/renatodias.online\/movimento\/wp-content\/uploads\/2023\/03\/cropped-cropped-cropped-logofinal.jpeg","url":"https:\/\/renatodias.online\/movimento\/wp-content\/uploads\/2023\/03\/cropped-cropped-cropped-logofinal.jpeg","contentUrl":"https:\/\/renatodias.online\/movimento\/wp-content\/uploads\/2023\/03\/cropped-cropped-cropped-logofinal.jpeg","width":1280,"height":219,"caption":"Renato Dias"},"logo":{"@id":"https:\/\/renatodias.online\/movimento\/wp-content\/uploads\/2023\/03\/cropped-cropped-cropped-logofinal.jpeg"},"description":"Renato Dias, 58 anos, \u00e9 graduado em Jornalismo, formado em Ci\u00eancias Sociais, com p\u00f3s-gradua\u00e7\u00e3o em Pol\u00edticas P\u00fablicas, mestre em Direito e Rela\u00e7\u00f5es Internacionais, ex-aluno extraordin\u00e1rio do Doutorado em Psicologia Social, ex-estudante do Curso de Psican\u00e1lise do Centro de Estudos Psicanal\u00edticos do Estado de Goi\u00e1s, ministrado pelo m\u00e9dico psiquiatra e psicanalista Daniel Em\u00eddio de Souza. \u00c9 autor de 30 livros-reportagem, oito document\u00e1rios, ganhou 30 pr\u00eamios e \u00e9 torcedor apaixonado do maior do Centro-Oeste, o Vila Nova Futebol Clube. Casado com Meirilane Dias, \u00e9 pai de Juliana Dias, jornalista; Daniel Dias, economista; e Maria Rosa Dias, estudante antifascista, socialista e trotskista.\u00a0Com tr\u00eas pets: Porquinho [Bull Dog Franc\u00eas], Dalila [Basset Hound] e Geleia [Basset Hound]. Al\u00e9m do eterno gato Tutuquinho, que virou estrela.","sameAs":["https:\/\/www.facebook.com\/renato.dias.37","#breve","https:\/\/renatodias.tumblr.com\/"],"url":"https:\/\/renatodias.online\/movimento\/author\/renatodias\/"}]}},"_links":{"self":[{"href":"https:\/\/renatodias.online\/movimento\/wp-json\/wp\/v2\/posts\/7607","targetHints":{"allow":["GET"]}}],"collection":[{"href":"https:\/\/renatodias.online\/movimento\/wp-json\/wp\/v2\/posts"}],"about":[{"href":"https:\/\/renatodias.online\/movimento\/wp-json\/wp\/v2\/types\/post"}],"author":[{"embeddable":true,"href":"https:\/\/renatodias.online\/movimento\/wp-json\/wp\/v2\/users\/2"}],"replies":[{"embeddable":true,"href":"https:\/\/renatodias.online\/movimento\/wp-json\/wp\/v2\/comments?post=7607"}],"version-history":[{"count":3,"href":"https:\/\/renatodias.online\/movimento\/wp-json\/wp\/v2\/posts\/7607\/revisions"}],"predecessor-version":[{"id":7616,"href":"https:\/\/renatodias.online\/movimento\/wp-json\/wp\/v2\/posts\/7607\/revisions\/7616"}],"wp:featuredmedia":[{"embeddable":true,"href":"https:\/\/renatodias.online\/movimento\/wp-json\/wp\/v2\/media\/6364"}],"wp:attachment":[{"href":"https:\/\/renatodias.online\/movimento\/wp-json\/wp\/v2\/media?parent=7607"}],"wp:term":[{"taxonomy":"category","embeddable":true,"href":"https:\/\/renatodias.online\/movimento\/wp-json\/wp\/v2\/categories?post=7607"},{"taxonomy":"post_tag","embeddable":true,"href":"https:\/\/renatodias.online\/movimento\/wp-json\/wp\/v2\/tags?post=7607"}],"curies":[{"name":"wp","href":"https:\/\/api.w.org\/{rel}","templated":true}]}}