{"id":7528,"date":"2021-07-02T00:29:21","date_gmt":"2021-07-02T03:29:21","guid":{"rendered":"https:\/\/renatodias.online\/movimento\/?p=7528"},"modified":"2021-07-02T14:16:55","modified_gmt":"2021-07-02T17:16:55","slug":"deputado-denuncia-cortes-e-ataca-rrf","status":"publish","type":"post","link":"https:\/\/renatodias.online\/movimento\/2021\/07\/02\/deputado-denuncia-cortes-e-ataca-rrf\/","title":{"rendered":"Deputado denuncia cortes e ataca RRF"},"content":{"rendered":"<div class=\"adn ads\" data-message-id=\"#msg-a:r-4359042083924355744\" data-legacy-message-id=\"17a5f8febe7a1c1a\">\n<div class=\"gs\">\n<div class=\"\">\n<div id=\":1c5\" class=\"ii gt\">\n<div id=\":1c4\" class=\"a3s aiL \">\n<div dir=\"auto\">\n<div dir=\"auto\">\n<figure id=\"attachment_5267\" aria-describedby=\"caption-attachment-5267\" style=\"width: 650px\" class=\"wp-caption aligncenter\"><img loading=\"lazy\" decoding=\"async\" class=\"size-full wp-image-5267\" src=\"https:\/\/renatodias.online\/movimento\/wp-content\/uploads\/2021\/02\/WhatsApp-Image-2021-02-25-at-21.24.17.jpeg\" alt=\"\" width=\"650\" height=\"350\" \/><figcaption id=\"caption-attachment-5267\" class=\"wp-caption-text\"><strong><span style=\"color: #ff0000;\">Explosivo<\/span><\/strong><\/figcaption><\/figure>\n<\/div>\n<h1 dir=\"auto\" style=\"text-align: center;\"><span style=\"color: #008000;\">Deputado denuncia cortes e ataca RRF<\/span><\/h1>\n<figure id=\"attachment_4614\" aria-describedby=\"caption-attachment-4614\" style=\"width: 1280px\" class=\"wp-caption alignnone\"><img loading=\"lazy\" decoding=\"async\" class=\"size-full wp-image-4614\" src=\"https:\/\/renatodias.online\/movimento\/wp-content\/uploads\/2020\/09\/Gustavo-Sebba-1.jpg\" alt=\"Gustavo Sebba\" width=\"1280\" height=\"853\" \/><figcaption id=\"caption-attachment-4614\" class=\"wp-caption-text\"><strong>Gustavo Sebba<\/strong><\/figcaption><\/figure>\n<div dir=\"auto\"><\/div>\n<div dir=\"auto\" style=\"text-align: center;\"><span style=\"color: #0000ff;\"><strong>Gustavo Sebba condena a redu\u00e7\u00e3o dos gastos na Educa\u00e7\u00e3o e v\u00ea destrui\u00e7\u00e3o do funcionalismo<\/strong><\/span><\/div>\n<div dir=\"auto\"><\/div>\n<div dir=\"auto\"><img loading=\"lazy\" decoding=\"async\" class=\"size-full wp-image-7505 aligncenter\" src=\"https:\/\/renatodias.online\/movimento\/wp-content\/uploads\/2021\/06\/Anatomia-de-um-escandalo.jpg\" alt=\"\" width=\"310\" height=\"163\" srcset=\"https:\/\/renatodias.online\/movimento\/wp-content\/uploads\/2021\/06\/Anatomia-de-um-escandalo.jpg 310w, https:\/\/renatodias.online\/movimento\/wp-content\/uploads\/2021\/06\/Anatomia-de-um-escandalo-300x158.jpg 300w\" sizes=\"auto, (max-width: 310px) 100vw, 310px\" \/><\/div>\n<div dir=\"auto\"><\/div>\n<div dir=\"auto\">\n<div style=\"width: 720px;\" class=\"wp-video\"><!--[if lt IE 9]><script>document.createElement('video');<\/script><![endif]-->\n<video class=\"wp-video-shortcode\" id=\"video-7528-1\" width=\"720\" height=\"576\" preload=\"metadata\" controls=\"controls\"><source type=\"video\/mp4\" src=\"https:\/\/renatodias.online\/movimento\/wp-content\/uploads\/2021\/07\/gustavosebba10.mp4?_=1\" \/><a href=\"https:\/\/renatodias.online\/movimento\/wp-content\/uploads\/2021\/07\/gustavosebba10.mp4\">https:\/\/renatodias.online\/movimento\/wp-content\/uploads\/2021\/07\/gustavosebba10.mp4<\/a><\/video><\/div>\n<p>&nbsp;<\/p>\n<\/div>\n<div dir=\"auto\"><\/div>\n<div dir=\"auto\"><strong>Renato Dias<\/strong><\/div>\n<div dir=\"auto\"><\/div>\n<div dir=\"auto\">O Regime de Recupera\u00e7\u00e3o Fiscal ir\u00e1 destruir o funcionalismo p\u00fablico do Estado de Goi\u00e1s, diz, em tom inflamado de indigna\u00e7\u00e3o, o deputado estadual<strong> Gustavo Sebba<\/strong>. C\u00e1ustico, o parlamentar aponta a redu\u00e7\u00e3o dos gastos p\u00fablicos com a Educa\u00e7\u00e3o. Com o fechamento de escolas de tempo integral e a inclus\u00e3o da UEG no bolo dos cortes e tetos, dispara. O recado, duro, \u00e9 ao governador do Estado, <strong>Ronaldo Caiado<\/strong>, l\u00edder do Democratas, ex-PFL.<\/div>\n<div dir=\"auto\"><\/div>\n<\/div>\n<div dir=\"auto\">\n<figure id=\"attachment_3316\" aria-describedby=\"caption-attachment-3316\" style=\"width: 2560px\" class=\"wp-caption alignnone\"><img loading=\"lazy\" decoding=\"async\" class=\"size-full wp-image-3316\" src=\"https:\/\/renatodias.online\/movimento\/wp-content\/uploads\/2020\/04\/Ronaldo-Caiado-Pandemia.jpg\" alt=\"\" width=\"2560\" height=\"1842\" \/><figcaption id=\"caption-attachment-3316\" class=\"wp-caption-text\"><strong>Ronaldo Caiado<\/strong><\/figcaption><\/figure>\n<\/div>\n<div dir=\"auto\">\n<blockquote>\n<div dir=\"auto\"><span style=\"color: #ff6600;\"><strong>Ronaldo Caiado n\u00e3o come\u00e7ou a governar o Estado de Goi\u00e1s<\/strong><\/span><\/div>\n<div dir=\"auto\"><span style=\"color: #808080;\"><strong>Gustavo Sebba<\/strong><\/span><\/div>\n<div dir=\"auto\"><\/div>\n<div dir=\"auto\"><span style=\"color: #ff6600;\"><strong>J\u00e1 est\u00e1 no terceiro ano de mandato e at\u00e9 agora nada<\/strong><\/span><\/div>\n<div dir=\"auto\"><span style=\"color: #808080;\"><strong>Gustavo Sebba<\/strong><\/span><\/div>\n<div dir=\"auto\"><\/div>\n<div dir=\"auto\"><strong><span style=\"color: #ff6600;\">Para ser definida como ruim, a sua gest\u00e3o precisa melhorar muito<\/span><\/strong><\/div>\n<div dir=\"auto\"><span style=\"color: #808080;\"><strong>Gustavo Sebba\u00a0<\/strong><\/span><\/div>\n<\/blockquote>\n<h2 dir=\"auto\"><strong>Contraponto<\/strong><\/h2>\n<div dir=\"auto\">O cardeal tucano no Pal\u00e1cio Alfredo Nasser diz que Marconi Perillo incomoda, hoje, Ronaldo Caiado. \u00c9 que o ex &#8211; governador reabriu o HGG, fundou o CRER e o HUGOL, modernizou o Hugo, criou o Renda Cidad\u00e3, lan\u00e7ou o Bolsa Universit\u00e1ria, atraiu empresas e elevou o Produto Interno Bruto de Goi\u00e1s, fuzila. \u00c9 uma paix\u00e3o enrustida que nutrem por ele, ironiza.<\/div>\n<\/div>\n<div class=\"yj6qo\"><\/div>\n<\/div>\n<\/div>\n<\/div>\n<\/div>\n<\/div>\n<div class=\"dJ\">\n<figure id=\"attachment_3126\" aria-describedby=\"caption-attachment-3126\" style=\"width: 1280px\" class=\"wp-caption alignnone\"><img loading=\"lazy\" decoding=\"async\" class=\"size-full wp-image-3126\" src=\"https:\/\/renatodias.online\/movimento\/wp-content\/uploads\/2020\/02\/marconni.jpeg\" alt=\"\" width=\"1280\" height=\"853\" \/><figcaption id=\"caption-attachment-3126\" class=\"wp-caption-text\"><strong>Marconi Perillo<\/strong><\/figcaption><\/figure>\n<\/div>\n","protected":false},"excerpt":{"rendered":"<p>Deputado denuncia cortes e ataca RRF Gustavo Sebba condena a redu\u00e7\u00e3o dos gastos na Educa\u00e7\u00e3o e v\u00ea destrui\u00e7\u00e3o do funcionalismo &nbsp; Renato Dias O Regime de Recupera\u00e7\u00e3o Fiscal ir\u00e1 destruir o funcionalismo p\u00fablico do Estado de Goi\u00e1s, diz, em tom inflamado de indigna\u00e7\u00e3o, o deputado estadual Gustavo Sebba. C\u00e1ustico, o parlamentar aponta a redu\u00e7\u00e3o dos<\/p>\n","protected":false},"author":2,"featured_media":4513,"comment_status":"open","ping_status":"open","sticky":false,"template":"","format":"standard","meta":{"_acf_changed":false,"_monsterinsights_skip_tracking":false,"_monsterinsights_sitenote_active":false,"_monsterinsights_sitenote_note":"","_monsterinsights_sitenote_category":0,"footnotes":""},"categories":[4],"tags":[],"class_list":["post-7528","post","type-post","status-publish","format-standard","has-post-thumbnail","hentry","category-politica"],"acf":[],"yoast_head":"<!-- This site is optimized with the Yoast SEO plugin v27.4 - https:\/\/yoast.com\/product\/yoast-seo-wordpress\/ -->\n<title>Deputado denuncia cortes e ataca RRF -<\/title>\n<meta name=\"robots\" content=\"index, follow, max-snippet:-1, max-image-preview:large, max-video-preview:-1\" \/>\n<link rel=\"canonical\" href=\"https:\/\/renatodias.online\/movimento\/2021\/07\/02\/deputado-denuncia-cortes-e-ataca-rrf\/\" \/>\n<meta property=\"og:locale\" content=\"pt_BR\" \/>\n<meta property=\"og:type\" content=\"article\" \/>\n<meta property=\"og:title\" content=\"Deputado denuncia cortes e ataca RRF -\" \/>\n<meta property=\"og:description\" content=\"Deputado denuncia cortes e ataca RRF Gustavo Sebba condena a redu\u00e7\u00e3o dos gastos na Educa\u00e7\u00e3o e v\u00ea destrui\u00e7\u00e3o do funcionalismo &nbsp; Renato Dias O Regime de Recupera\u00e7\u00e3o Fiscal ir\u00e1 destruir o funcionalismo p\u00fablico do Estado de Goi\u00e1s, diz, em tom inflamado de indigna\u00e7\u00e3o, o deputado estadual Gustavo Sebba. C\u00e1ustico, o parlamentar aponta a redu\u00e7\u00e3o dos\" \/>\n<meta property=\"og:url\" content=\"https:\/\/renatodias.online\/movimento\/2021\/07\/02\/deputado-denuncia-cortes-e-ataca-rrf\/\" \/>\n<meta property=\"article:publisher\" content=\"https:\/\/www.facebook.com\/renato.dias.37\" \/>\n<meta property=\"article:author\" content=\"https:\/\/www.facebook.com\/renato.dias.37\" \/>\n<meta property=\"article:published_time\" content=\"2021-07-02T03:29:21+00:00\" \/>\n<meta property=\"article:modified_time\" content=\"2021-07-02T17:16:55+00:00\" \/>\n<meta property=\"og:image\" content=\"https:\/\/renatodias.online\/movimento\/wp-content\/uploads\/2020\/09\/Gustavo-Sebba-5.jpg\" \/>\n\t<meta property=\"og:image:width\" content=\"223\" \/>\n\t<meta property=\"og:image:height\" content=\"226\" \/>\n\t<meta property=\"og:image:type\" content=\"image\/jpeg\" \/>\n<meta name=\"author\" content=\"Renato Dias\" \/>\n<meta name=\"twitter:card\" content=\"summary_large_image\" \/>\n<meta name=\"twitter:creator\" content=\"@RenatoDiasBat\" \/>\n<meta name=\"twitter:site\" content=\"@RenatoDiasBat\" \/>\n<meta name=\"twitter:label1\" content=\"Escrito por\" \/>\n\t<meta name=\"twitter:data1\" content=\"Renato Dias\" \/>\n\t<meta name=\"twitter:label2\" content=\"Est. tempo de leitura\" \/>\n\t<meta name=\"twitter:data2\" content=\"1 minuto\" \/>\n<script type=\"application\/ld+json\" class=\"yoast-schema-graph\">{\"@context\":\"https:\\\/\\\/schema.org\",\"@graph\":[{\"@type\":\"Article\",\"@id\":\"https:\\\/\\\/renatodias.online\\\/movimento\\\/2021\\\/07\\\/02\\\/deputado-denuncia-cortes-e-ataca-rrf\\\/#article\",\"isPartOf\":{\"@id\":\"https:\\\/\\\/renatodias.online\\\/movimento\\\/2021\\\/07\\\/02\\\/deputado-denuncia-cortes-e-ataca-rrf\\\/\"},\"author\":{\"name\":\"Renato Dias\",\"@id\":\"https:\\\/\\\/renatodias.online\\\/movimento\\\/#\\\/schema\\\/person\\\/bbab28833b1725a20f4083f49f1fb2a9\"},\"headline\":\"Deputado denuncia cortes e ataca RRF\",\"datePublished\":\"2021-07-02T03:29:21+00:00\",\"dateModified\":\"2021-07-02T17:16:55+00:00\",\"mainEntityOfPage\":{\"@id\":\"https:\\\/\\\/renatodias.online\\\/movimento\\\/2021\\\/07\\\/02\\\/deputado-denuncia-cortes-e-ataca-rrf\\\/\"},\"wordCount\":267,\"commentCount\":0,\"publisher\":{\"@id\":\"https:\\\/\\\/renatodias.online\\\/movimento\\\/#\\\/schema\\\/person\\\/bbab28833b1725a20f4083f49f1fb2a9\"},\"image\":{\"@id\":\"https:\\\/\\\/renatodias.online\\\/movimento\\\/2021\\\/07\\\/02\\\/deputado-denuncia-cortes-e-ataca-rrf\\\/#primaryimage\"},\"thumbnailUrl\":\"https:\\\/\\\/renatodias.online\\\/movimento\\\/wp-content\\\/uploads\\\/2020\\\/09\\\/Gustavo-Sebba-5.jpg\",\"articleSection\":[\"Pol\u00edtica\"],\"inLanguage\":\"pt-BR\",\"potentialAction\":[{\"@type\":\"CommentAction\",\"name\":\"Comment\",\"target\":[\"https:\\\/\\\/renatodias.online\\\/movimento\\\/2021\\\/07\\\/02\\\/deputado-denuncia-cortes-e-ataca-rrf\\\/#respond\"]}]},{\"@type\":\"WebPage\",\"@id\":\"https:\\\/\\\/renatodias.online\\\/movimento\\\/2021\\\/07\\\/02\\\/deputado-denuncia-cortes-e-ataca-rrf\\\/\",\"url\":\"https:\\\/\\\/renatodias.online\\\/movimento\\\/2021\\\/07\\\/02\\\/deputado-denuncia-cortes-e-ataca-rrf\\\/\",\"name\":\"Deputado denuncia cortes e ataca RRF -\",\"isPartOf\":{\"@id\":\"https:\\\/\\\/renatodias.online\\\/movimento\\\/#website\"},\"primaryImageOfPage\":{\"@id\":\"https:\\\/\\\/renatodias.online\\\/movimento\\\/2021\\\/07\\\/02\\\/deputado-denuncia-cortes-e-ataca-rrf\\\/#primaryimage\"},\"image\":{\"@id\":\"https:\\\/\\\/renatodias.online\\\/movimento\\\/2021\\\/07\\\/02\\\/deputado-denuncia-cortes-e-ataca-rrf\\\/#primaryimage\"},\"thumbnailUrl\":\"https:\\\/\\\/renatodias.online\\\/movimento\\\/wp-content\\\/uploads\\\/2020\\\/09\\\/Gustavo-Sebba-5.jpg\",\"datePublished\":\"2021-07-02T03:29:21+00:00\",\"dateModified\":\"2021-07-02T17:16:55+00:00\",\"breadcrumb\":{\"@id\":\"https:\\\/\\\/renatodias.online\\\/movimento\\\/2021\\\/07\\\/02\\\/deputado-denuncia-cortes-e-ataca-rrf\\\/#breadcrumb\"},\"inLanguage\":\"pt-BR\",\"potentialAction\":[{\"@type\":\"ReadAction\",\"target\":[\"https:\\\/\\\/renatodias.online\\\/movimento\\\/2021\\\/07\\\/02\\\/deputado-denuncia-cortes-e-ataca-rrf\\\/\"]}]},{\"@type\":\"ImageObject\",\"inLanguage\":\"pt-BR\",\"@id\":\"https:\\\/\\\/renatodias.online\\\/movimento\\\/2021\\\/07\\\/02\\\/deputado-denuncia-cortes-e-ataca-rrf\\\/#primaryimage\",\"url\":\"https:\\\/\\\/renatodias.online\\\/movimento\\\/wp-content\\\/uploads\\\/2020\\\/09\\\/Gustavo-Sebba-5.jpg\",\"contentUrl\":\"https:\\\/\\\/renatodias.online\\\/movimento\\\/wp-content\\\/uploads\\\/2020\\\/09\\\/Gustavo-Sebba-5.jpg\",\"width\":223,\"height\":226,\"caption\":\"Gustavo Sebba, deputado estadual de oposi\u00e7\u00e3o ao Pal\u00e1cio das Esmeraldas\"},{\"@type\":\"BreadcrumbList\",\"@id\":\"https:\\\/\\\/renatodias.online\\\/movimento\\\/2021\\\/07\\\/02\\\/deputado-denuncia-cortes-e-ataca-rrf\\\/#breadcrumb\",\"itemListElement\":[{\"@type\":\"ListItem\",\"position\":1,\"name\":\"In\u00edcio\",\"item\":\"https:\\\/\\\/renatodias.online\\\/movimento\\\/\"},{\"@type\":\"ListItem\",\"position\":2,\"name\":\"Deputado denuncia cortes e ataca RRF\"}]},{\"@type\":\"WebSite\",\"@id\":\"https:\\\/\\\/renatodias.online\\\/movimento\\\/#website\",\"url\":\"https:\\\/\\\/renatodias.online\\\/movimento\\\/\",\"name\":\"\",\"description\":\"\",\"publisher\":{\"@id\":\"https:\\\/\\\/renatodias.online\\\/movimento\\\/#\\\/schema\\\/person\\\/bbab28833b1725a20f4083f49f1fb2a9\"},\"potentialAction\":[{\"@type\":\"SearchAction\",\"target\":{\"@type\":\"EntryPoint\",\"urlTemplate\":\"https:\\\/\\\/renatodias.online\\\/movimento\\\/?s={search_term_string}\"},\"query-input\":{\"@type\":\"PropertyValueSpecification\",\"valueRequired\":true,\"valueName\":\"search_term_string\"}}],\"inLanguage\":\"pt-BR\"},{\"@type\":[\"Person\",\"Organization\"],\"@id\":\"https:\\\/\\\/renatodias.online\\\/movimento\\\/#\\\/schema\\\/person\\\/bbab28833b1725a20f4083f49f1fb2a9\",\"name\":\"Renato Dias\",\"image\":{\"@type\":\"ImageObject\",\"inLanguage\":\"pt-BR\",\"@id\":\"https:\\\/\\\/renatodias.online\\\/movimento\\\/wp-content\\\/uploads\\\/2023\\\/03\\\/cropped-cropped-cropped-logofinal.jpeg\",\"url\":\"https:\\\/\\\/renatodias.online\\\/movimento\\\/wp-content\\\/uploads\\\/2023\\\/03\\\/cropped-cropped-cropped-logofinal.jpeg\",\"contentUrl\":\"https:\\\/\\\/renatodias.online\\\/movimento\\\/wp-content\\\/uploads\\\/2023\\\/03\\\/cropped-cropped-cropped-logofinal.jpeg\",\"width\":1280,\"height\":219,\"caption\":\"Renato Dias\"},\"logo\":{\"@id\":\"https:\\\/\\\/renatodias.online\\\/movimento\\\/wp-content\\\/uploads\\\/2023\\\/03\\\/cropped-cropped-cropped-logofinal.jpeg\"},\"description\":\"Renato Dias, 58 anos, \u00e9 graduado em Jornalismo, formado em Ci\u00eancias Sociais, com p\u00f3s-gradua\u00e7\u00e3o em Pol\u00edticas P\u00fablicas, mestre em Direito e Rela\u00e7\u00f5es Internacionais, ex-aluno extraordin\u00e1rio do Doutorado em Psicologia Social, ex-estudante do Curso de Psican\u00e1lise do Centro de Estudos Psicanal\u00edticos do Estado de Goi\u00e1s, ministrado pelo m\u00e9dico psiquiatra e psicanalista Daniel Em\u00eddio de Souza. \u00c9 autor de 30 livros-reportagem, oito document\u00e1rios, ganhou 30 pr\u00eamios e \u00e9 torcedor apaixonado do maior do Centro-Oeste, o Vila Nova Futebol Clube. Casado com Meirilane Dias, \u00e9 pai de Juliana Dias, jornalista; Daniel Dias, economista; e Maria Rosa Dias, estudante antifascista, socialista e trotskista.\u00a0Com tr\u00eas pets: Porquinho [Bull Dog Franc\u00eas], Dalila [Basset Hound] e Geleia [Basset Hound]. Al\u00e9m do eterno gato Tutuquinho, que virou estrela.\",\"sameAs\":[\"https:\\\/\\\/www.facebook.com\\\/renato.dias.37\",\"#breve\",\"https:\\\/\\\/renatodias.tumblr.com\\\/\"],\"url\":\"https:\\\/\\\/renatodias.online\\\/movimento\\\/author\\\/renatodias\\\/\"}]}<\/script>\n<!-- \/ Yoast SEO plugin. -->","yoast_head_json":{"title":"Deputado denuncia cortes e ataca RRF -","robots":{"index":"index","follow":"follow","max-snippet":"max-snippet:-1","max-image-preview":"max-image-preview:large","max-video-preview":"max-video-preview:-1"},"canonical":"https:\/\/renatodias.online\/movimento\/2021\/07\/02\/deputado-denuncia-cortes-e-ataca-rrf\/","og_locale":"pt_BR","og_type":"article","og_title":"Deputado denuncia cortes e ataca RRF -","og_description":"Deputado denuncia cortes e ataca RRF Gustavo Sebba condena a redu\u00e7\u00e3o dos gastos na Educa\u00e7\u00e3o e v\u00ea destrui\u00e7\u00e3o do funcionalismo &nbsp; Renato Dias O Regime de Recupera\u00e7\u00e3o Fiscal ir\u00e1 destruir o funcionalismo p\u00fablico do Estado de Goi\u00e1s, diz, em tom inflamado de indigna\u00e7\u00e3o, o deputado estadual Gustavo Sebba. C\u00e1ustico, o parlamentar aponta a redu\u00e7\u00e3o dos","og_url":"https:\/\/renatodias.online\/movimento\/2021\/07\/02\/deputado-denuncia-cortes-e-ataca-rrf\/","article_publisher":"https:\/\/www.facebook.com\/renato.dias.37","article_author":"https:\/\/www.facebook.com\/renato.dias.37","article_published_time":"2021-07-02T03:29:21+00:00","article_modified_time":"2021-07-02T17:16:55+00:00","og_image":[{"width":223,"height":226,"url":"https:\/\/renatodias.online\/movimento\/wp-content\/uploads\/2020\/09\/Gustavo-Sebba-5.jpg","type":"image\/jpeg"}],"author":"Renato Dias","twitter_card":"summary_large_image","twitter_creator":"@RenatoDiasBat","twitter_site":"@RenatoDiasBat","twitter_misc":{"Escrito por":"Renato Dias","Est. tempo de leitura":"1 minuto"},"schema":{"@context":"https:\/\/schema.org","@graph":[{"@type":"Article","@id":"https:\/\/renatodias.online\/movimento\/2021\/07\/02\/deputado-denuncia-cortes-e-ataca-rrf\/#article","isPartOf":{"@id":"https:\/\/renatodias.online\/movimento\/2021\/07\/02\/deputado-denuncia-cortes-e-ataca-rrf\/"},"author":{"name":"Renato Dias","@id":"https:\/\/renatodias.online\/movimento\/#\/schema\/person\/bbab28833b1725a20f4083f49f1fb2a9"},"headline":"Deputado denuncia cortes e ataca RRF","datePublished":"2021-07-02T03:29:21+00:00","dateModified":"2021-07-02T17:16:55+00:00","mainEntityOfPage":{"@id":"https:\/\/renatodias.online\/movimento\/2021\/07\/02\/deputado-denuncia-cortes-e-ataca-rrf\/"},"wordCount":267,"commentCount":0,"publisher":{"@id":"https:\/\/renatodias.online\/movimento\/#\/schema\/person\/bbab28833b1725a20f4083f49f1fb2a9"},"image":{"@id":"https:\/\/renatodias.online\/movimento\/2021\/07\/02\/deputado-denuncia-cortes-e-ataca-rrf\/#primaryimage"},"thumbnailUrl":"https:\/\/renatodias.online\/movimento\/wp-content\/uploads\/2020\/09\/Gustavo-Sebba-5.jpg","articleSection":["Pol\u00edtica"],"inLanguage":"pt-BR","potentialAction":[{"@type":"CommentAction","name":"Comment","target":["https:\/\/renatodias.online\/movimento\/2021\/07\/02\/deputado-denuncia-cortes-e-ataca-rrf\/#respond"]}]},{"@type":"WebPage","@id":"https:\/\/renatodias.online\/movimento\/2021\/07\/02\/deputado-denuncia-cortes-e-ataca-rrf\/","url":"https:\/\/renatodias.online\/movimento\/2021\/07\/02\/deputado-denuncia-cortes-e-ataca-rrf\/","name":"Deputado denuncia cortes e ataca RRF -","isPartOf":{"@id":"https:\/\/renatodias.online\/movimento\/#website"},"primaryImageOfPage":{"@id":"https:\/\/renatodias.online\/movimento\/2021\/07\/02\/deputado-denuncia-cortes-e-ataca-rrf\/#primaryimage"},"image":{"@id":"https:\/\/renatodias.online\/movimento\/2021\/07\/02\/deputado-denuncia-cortes-e-ataca-rrf\/#primaryimage"},"thumbnailUrl":"https:\/\/renatodias.online\/movimento\/wp-content\/uploads\/2020\/09\/Gustavo-Sebba-5.jpg","datePublished":"2021-07-02T03:29:21+00:00","dateModified":"2021-07-02T17:16:55+00:00","breadcrumb":{"@id":"https:\/\/renatodias.online\/movimento\/2021\/07\/02\/deputado-denuncia-cortes-e-ataca-rrf\/#breadcrumb"},"inLanguage":"pt-BR","potentialAction":[{"@type":"ReadAction","target":["https:\/\/renatodias.online\/movimento\/2021\/07\/02\/deputado-denuncia-cortes-e-ataca-rrf\/"]}]},{"@type":"ImageObject","inLanguage":"pt-BR","@id":"https:\/\/renatodias.online\/movimento\/2021\/07\/02\/deputado-denuncia-cortes-e-ataca-rrf\/#primaryimage","url":"https:\/\/renatodias.online\/movimento\/wp-content\/uploads\/2020\/09\/Gustavo-Sebba-5.jpg","contentUrl":"https:\/\/renatodias.online\/movimento\/wp-content\/uploads\/2020\/09\/Gustavo-Sebba-5.jpg","width":223,"height":226,"caption":"Gustavo Sebba, deputado estadual de oposi\u00e7\u00e3o ao Pal\u00e1cio das Esmeraldas"},{"@type":"BreadcrumbList","@id":"https:\/\/renatodias.online\/movimento\/2021\/07\/02\/deputado-denuncia-cortes-e-ataca-rrf\/#breadcrumb","itemListElement":[{"@type":"ListItem","position":1,"name":"In\u00edcio","item":"https:\/\/renatodias.online\/movimento\/"},{"@type":"ListItem","position":2,"name":"Deputado denuncia cortes e ataca RRF"}]},{"@type":"WebSite","@id":"https:\/\/renatodias.online\/movimento\/#website","url":"https:\/\/renatodias.online\/movimento\/","name":"","description":"","publisher":{"@id":"https:\/\/renatodias.online\/movimento\/#\/schema\/person\/bbab28833b1725a20f4083f49f1fb2a9"},"potentialAction":[{"@type":"SearchAction","target":{"@type":"EntryPoint","urlTemplate":"https:\/\/renatodias.online\/movimento\/?s={search_term_string}"},"query-input":{"@type":"PropertyValueSpecification","valueRequired":true,"valueName":"search_term_string"}}],"inLanguage":"pt-BR"},{"@type":["Person","Organization"],"@id":"https:\/\/renatodias.online\/movimento\/#\/schema\/person\/bbab28833b1725a20f4083f49f1fb2a9","name":"Renato Dias","image":{"@type":"ImageObject","inLanguage":"pt-BR","@id":"https:\/\/renatodias.online\/movimento\/wp-content\/uploads\/2023\/03\/cropped-cropped-cropped-logofinal.jpeg","url":"https:\/\/renatodias.online\/movimento\/wp-content\/uploads\/2023\/03\/cropped-cropped-cropped-logofinal.jpeg","contentUrl":"https:\/\/renatodias.online\/movimento\/wp-content\/uploads\/2023\/03\/cropped-cropped-cropped-logofinal.jpeg","width":1280,"height":219,"caption":"Renato Dias"},"logo":{"@id":"https:\/\/renatodias.online\/movimento\/wp-content\/uploads\/2023\/03\/cropped-cropped-cropped-logofinal.jpeg"},"description":"Renato Dias, 58 anos, \u00e9 graduado em Jornalismo, formado em Ci\u00eancias Sociais, com p\u00f3s-gradua\u00e7\u00e3o em Pol\u00edticas P\u00fablicas, mestre em Direito e Rela\u00e7\u00f5es Internacionais, ex-aluno extraordin\u00e1rio do Doutorado em Psicologia Social, ex-estudante do Curso de Psican\u00e1lise do Centro de Estudos Psicanal\u00edticos do Estado de Goi\u00e1s, ministrado pelo m\u00e9dico psiquiatra e psicanalista Daniel Em\u00eddio de Souza. \u00c9 autor de 30 livros-reportagem, oito document\u00e1rios, ganhou 30 pr\u00eamios e \u00e9 torcedor apaixonado do maior do Centro-Oeste, o Vila Nova Futebol Clube. Casado com Meirilane Dias, \u00e9 pai de Juliana Dias, jornalista; Daniel Dias, economista; e Maria Rosa Dias, estudante antifascista, socialista e trotskista.\u00a0Com tr\u00eas pets: Porquinho [Bull Dog Franc\u00eas], Dalila [Basset Hound] e Geleia [Basset Hound]. Al\u00e9m do eterno gato Tutuquinho, que virou estrela.","sameAs":["https:\/\/www.facebook.com\/renato.dias.37","#breve","https:\/\/renatodias.tumblr.com\/"],"url":"https:\/\/renatodias.online\/movimento\/author\/renatodias\/"}]}},"_links":{"self":[{"href":"https:\/\/renatodias.online\/movimento\/wp-json\/wp\/v2\/posts\/7528","targetHints":{"allow":["GET"]}}],"collection":[{"href":"https:\/\/renatodias.online\/movimento\/wp-json\/wp\/v2\/posts"}],"about":[{"href":"https:\/\/renatodias.online\/movimento\/wp-json\/wp\/v2\/types\/post"}],"author":[{"embeddable":true,"href":"https:\/\/renatodias.online\/movimento\/wp-json\/wp\/v2\/users\/2"}],"replies":[{"embeddable":true,"href":"https:\/\/renatodias.online\/movimento\/wp-json\/wp\/v2\/comments?post=7528"}],"version-history":[{"count":5,"href":"https:\/\/renatodias.online\/movimento\/wp-json\/wp\/v2\/posts\/7528\/revisions"}],"predecessor-version":[{"id":7562,"href":"https:\/\/renatodias.online\/movimento\/wp-json\/wp\/v2\/posts\/7528\/revisions\/7562"}],"wp:featuredmedia":[{"embeddable":true,"href":"https:\/\/renatodias.online\/movimento\/wp-json\/wp\/v2\/media\/4513"}],"wp:attachment":[{"href":"https:\/\/renatodias.online\/movimento\/wp-json\/wp\/v2\/media?parent=7528"}],"wp:term":[{"taxonomy":"category","embeddable":true,"href":"https:\/\/renatodias.online\/movimento\/wp-json\/wp\/v2\/categories?post=7528"},{"taxonomy":"post_tag","embeddable":true,"href":"https:\/\/renatodias.online\/movimento\/wp-json\/wp\/v2\/tags?post=7528"}],"curies":[{"name":"wp","href":"https:\/\/api.w.org\/{rel}","templated":true}]}}