{"id":7514,"date":"2021-07-02T00:15:10","date_gmt":"2021-07-02T03:15:10","guid":{"rendered":"https:\/\/renatodias.online\/movimento\/?p=7514"},"modified":"2021-07-02T00:18:40","modified_gmt":"2021-07-02T03:18:40","slug":"china-100-anos-nesta-noite","status":"publish","type":"post","link":"https:\/\/renatodias.online\/movimento\/2021\/07\/02\/china-100-anos-nesta-noite\/","title":{"rendered":"China: 100 anos nesta noite"},"content":{"rendered":"<div class=\"adn ads\" data-message-id=\"#msg-a:r-5532172630073366905\" data-legacy-message-id=\"17a6508fda87123d\">\n<div class=\"gs\">\n<div class=\"\">\n<div id=\":18l\" class=\"ii gt\">\n<div id=\":18k\" class=\"a3s aiL \">\n<div dir=\"auto\">\n<div dir=\"auto\">\n<figure id=\"attachment_7515\" aria-describedby=\"caption-attachment-7515\" style=\"width: 1280px\" class=\"wp-caption alignnone\"><img loading=\"lazy\" decoding=\"async\" class=\"size-full wp-image-7515\" src=\"https:\/\/renatodias.online\/movimento\/wp-content\/uploads\/2021\/07\/100-anos-do-PC-da-China.jpg\" alt=\"\" width=\"1280\" height=\"720\" srcset=\"https:\/\/renatodias.online\/movimento\/wp-content\/uploads\/2021\/07\/100-anos-do-PC-da-China.jpg 1280w, https:\/\/renatodias.online\/movimento\/wp-content\/uploads\/2021\/07\/100-anos-do-PC-da-China-300x169.jpg 300w, https:\/\/renatodias.online\/movimento\/wp-content\/uploads\/2021\/07\/100-anos-do-PC-da-China-768x432.jpg 768w, https:\/\/renatodias.online\/movimento\/wp-content\/uploads\/2021\/07\/100-anos-do-PC-da-China-750x422.jpg 750w\" sizes=\"auto, (max-width: 1280px) 100vw, 1280px\" \/><figcaption id=\"caption-attachment-7515\" class=\"wp-caption-text\"><strong>100 anos do PC da China<\/strong><\/figcaption><\/figure>\n<\/div>\n<h1 dir=\"auto\" style=\"text-align: center;\"><span style=\"color: #ff0000;\">100 anos <\/span><\/h1>\n<h1 dir=\"auto\" style=\"text-align: center;\"><span style=\"color: #0000ff;\">nesta noite<\/span><\/h1>\n<p><img loading=\"lazy\" decoding=\"async\" class=\"alignnone size-full wp-image-4871\" src=\"https:\/\/renatodias.online\/movimento\/wp-content\/uploads\/2020\/11\/Alto-da-p\u00e1gina-Banner-Exclusivo.png\" alt=\"\" width=\"1224\" height=\"372\" \/><\/p>\n<h1 dir=\"auto\" style=\"text-align: center;\"><span style=\"color: #808000;\">Para onde caminha a China?<\/span><\/h1>\n<div dir=\"auto\"><img loading=\"lazy\" decoding=\"async\" class=\"alignnone size-full wp-image-7516\" src=\"https:\/\/renatodias.online\/movimento\/wp-content\/uploads\/2021\/07\/PC-da-China-faz-100-anos.jpg\" alt=\"\" width=\"1280\" height=\"720\" srcset=\"https:\/\/renatodias.online\/movimento\/wp-content\/uploads\/2021\/07\/PC-da-China-faz-100-anos.jpg 1280w, https:\/\/renatodias.online\/movimento\/wp-content\/uploads\/2021\/07\/PC-da-China-faz-100-anos-300x169.jpg 300w, https:\/\/renatodias.online\/movimento\/wp-content\/uploads\/2021\/07\/PC-da-China-faz-100-anos-768x432.jpg 768w, https:\/\/renatodias.online\/movimento\/wp-content\/uploads\/2021\/07\/PC-da-China-faz-100-anos-750x422.jpg 750w\" sizes=\"auto, (max-width: 1280px) 100vw, 1280px\" \/><\/div>\n<div dir=\"auto\"><\/div>\n<div dir=\"auto\"><strong>Renato Dias<\/strong><\/div>\n<div dir=\"auto\">O Partido Comunista da China, ap\u00f3s a sua funda\u00e7\u00e3o, em 1\u00b0 de julho de 1921, possu\u00eda tra\u00e7os pr\u00f3prios, na pol\u00edtica e na ideologia, com o protagonismo tanto dos camponeses quanto do Ex\u00e9rcito de Liberta\u00e7\u00e3o Nacional, sem a hegemonia da classe oper\u00e1ria, como na R\u00fassia e depois na Uni\u00e3o das Rep\u00fablicas Socialistas Sovi\u00e9ticas [URSS]. A an\u00e1lise \u00e9 do professor doutor da Faculdade de Hist\u00f3ria, da Universidade Federal de Goi\u00e1s UFG, <strong>David Maciel<\/strong>, um marxista.<\/div>\n<div dir=\"auto\">\n<p>&nbsp;<\/p>\n<figure id=\"attachment_7517\" aria-describedby=\"caption-attachment-7517\" style=\"width: 1280px\" class=\"wp-caption alignnone\"><img loading=\"lazy\" decoding=\"async\" class=\"size-full wp-image-7517\" src=\"https:\/\/renatodias.online\/movimento\/wp-content\/uploads\/2021\/07\/David-Maciel-China.jpg\" alt=\"\" width=\"1280\" height=\"720\" \/><figcaption id=\"caption-attachment-7517\" class=\"wp-caption-text\"><strong>David Maciel<\/strong><\/figcaption><\/figure>\n<\/div>\n<div dir=\"auto\"><\/div>\n<div dir=\"auto\">O PCC executou, de 1949 a 2021,\u00a0 a transi\u00e7\u00e3o de uma economia colonizada, agr\u00e1ria, para um capitalismo de Estado moderno, analisa. Ancorado no intervencionismo estatal, atira. Para uma alian\u00e7a com o capital externo, primeiro, e com o capital nacional, na segunda etapa, examina. O que expressa uma combina\u00e7\u00e3o entre Estado e mercado, com acelerados processos de urbaniza\u00e7\u00e3o e industrializa\u00e7\u00e3o, com revolu\u00e7\u00e3o tecnol\u00f3gica, diz o pesquisador.<\/div>\n<div dir=\"auto\"><\/div>\n<div dir=\"auto\"><\/div>\n<div dir=\"auto\"><\/div>\n<div dir=\"auto\">Sob um regime de partido \u00fanico autorit\u00e1rio, aos moldes stalinistas, dispara o historiador <strong>gauche<\/strong>. Modelo que imp\u00f5e aos trabalhadores uma explora\u00e7\u00e3o brutal que o separa de qualquer conceitua\u00e7\u00e3o de socialismo, define. N\u00e3o h\u00e1 um controle da economia, da riqueza social, do poder pol\u00edtico pelos trabalhadores da cidade e do campo, metralha. A possibilidade de transi\u00e7\u00e3o para o capitalismo privado aparece, sim,\u00a0 no horizonte da China, acredita.<\/div>\n<div dir=\"auto\"><\/div>\n<div dir=\"auto\">\n<figure id=\"attachment_7518\" aria-describedby=\"caption-attachment-7518\" style=\"width: 900px\" class=\"wp-caption alignnone\"><img loading=\"lazy\" decoding=\"async\" class=\"size-full wp-image-7518\" src=\"https:\/\/renatodias.online\/movimento\/wp-content\/uploads\/2021\/07\/Carlos-Ugo-Santander.jpg\" alt=\"\" width=\"900\" height=\"900\" srcset=\"https:\/\/renatodias.online\/movimento\/wp-content\/uploads\/2021\/07\/Carlos-Ugo-Santander.jpg 900w, https:\/\/renatodias.online\/movimento\/wp-content\/uploads\/2021\/07\/Carlos-Ugo-Santander-300x300.jpg 300w, https:\/\/renatodias.online\/movimento\/wp-content\/uploads\/2021\/07\/Carlos-Ugo-Santander-150x150.jpg 150w, https:\/\/renatodias.online\/movimento\/wp-content\/uploads\/2021\/07\/Carlos-Ugo-Santander-768x768.jpg 768w, https:\/\/renatodias.online\/movimento\/wp-content\/uploads\/2021\/07\/Carlos-Ugo-Santander-750x750.jpg 750w\" sizes=\"auto, (max-width: 900px) 100vw, 900px\" \/><figcaption id=\"caption-attachment-7518\" class=\"wp-caption-text\"><strong>Carlos Ugo Santander<\/strong><\/figcaption><\/figure>\n<\/div>\n<div dir=\"auto\"><\/div>\n<div dir=\"auto\">A China possui, hoje, desafios como superar o autoritarismo com o estabelecimento da democracia, liberdade, o respeito aos direitos humanos, com o crescimento econ\u00f4mico, o desenvolvimento tecnol\u00f3gico e oferecimento de qualidade de vida, cr\u00ea o professor doutor da Faculdade de Ci\u00eancias Sociais, da UFG, <strong>Carlos Ugo Santander<\/strong>. Nascido no Peru, o intelectual admite o protagonismo do pa\u00eds asi\u00e1tico na economia globalizada do s\u00e9culo XXI.<\/div>\n<div dir=\"auto\"><\/div>\n<div dir=\"auto\"><\/div>\n<\/div>\n<\/div>\n<\/div>\n<div dir=\"auto\">\n<figure id=\"attachment_5672\" aria-describedby=\"caption-attachment-5672\" style=\"width: 960px\" class=\"wp-caption alignnone\"><img loading=\"lazy\" decoding=\"async\" class=\"size-full wp-image-5672\" src=\"https:\/\/renatodias.online\/movimento\/wp-content\/uploads\/2021\/03\/Paulo-Henrique-Costa-Mattos-1.jpg\" alt=\"Paulo Henrique Costa Mattos\" width=\"960\" height=\"640\" srcset=\"https:\/\/renatodias.online\/movimento\/wp-content\/uploads\/2021\/03\/Paulo-Henrique-Costa-Mattos-1.jpg 960w, https:\/\/renatodias.online\/movimento\/wp-content\/uploads\/2021\/03\/Paulo-Henrique-Costa-Mattos-1-300x200.jpg 300w, https:\/\/renatodias.online\/movimento\/wp-content\/uploads\/2021\/03\/Paulo-Henrique-Costa-Mattos-1-768x512.jpg 768w, https:\/\/renatodias.online\/movimento\/wp-content\/uploads\/2021\/03\/Paulo-Henrique-Costa-Mattos-1-360x240.jpg 360w, https:\/\/renatodias.online\/movimento\/wp-content\/uploads\/2021\/03\/Paulo-Henrique-Costa-Mattos-1-750x500.jpg 750w\" sizes=\"auto, (max-width: 960px) 100vw, 960px\" \/><figcaption id=\"caption-attachment-5672\" class=\"wp-caption-text\"><strong>Paulo Henrique Costa Mattos<\/strong><\/figcaption><\/figure>\n<\/div>\n<div id=\":18l\" class=\"ii gt\">\n<div id=\":18k\" class=\"a3s aiL \">\n<div dir=\"auto\">\n<div dir=\"auto\"><\/div>\n<div dir=\"auto\">Historiador e soci\u00f3logo, professor mestre da Universidade de Gurupi, do Estado do Tocantins, <strong>Paulo Henrique Costa Mattos<\/strong> afirma ao <strong>Portal de Not\u00edcias www.renatodias.online<\/strong>\u00a0 que a China n\u00e3o \u00e9 socialista, muito menos democr\u00e1tica, e o PCC n\u00e3o \u00e9 comunista e est\u00e1 a uma dist\u00e2ncia estratosf\u00e9rica das ideias formuladas por Karl Marx, Friedrich Engels e Vladimir Ilich Ulianov, codinome L\u00eanin. \u00c9 capitalismo de Estado, conceitua.<\/div>\n<div dir=\"auto\"><\/div>\n<div dir=\"auto\">\n<figure id=\"attachment_4014\" aria-describedby=\"caption-attachment-4014\" style=\"width: 373px\" class=\"wp-caption aligncenter\"><img loading=\"lazy\" decoding=\"async\" class=\"size-full wp-image-4014\" src=\"https:\/\/renatodias.online\/movimento\/wp-content\/uploads\/2020\/06\/Vladimir-Ilich-Ulianov-L\u00eanin-4.jpg\" alt=\"\" width=\"373\" height=\"500\" \/><figcaption id=\"caption-attachment-4014\" class=\"wp-caption-text\"><strong>Vladimir Ilich Ulianov \u2013 L\u00eanin<\/strong><\/figcaption><\/figure>\n<\/div>\n<div dir=\"auto\"><\/div>\n<div dir=\"auto\">O doutor em Sociologia, professor da Pontif\u00edcia Universidade Cat\u00f3lica, a PUC de Goi\u00e1s,<strong> Silvio Costa<\/strong>, recorda &#8211; se que a China havia perdido a Guerra do \u00d3pio, sofrido a invas\u00e3o do Jap\u00e3o, virado uma col\u00f4nia da Inglaterra. Cem anos depois, o Pa\u00eds \u00e9 a segunda maior economia do Planeta Terra e deve ultrapassar o Produto Interno Bruto, o PIB, dos Estados Unidos das Am\u00e9ricas, EUA, nos pr\u00f3ximos anos, avalia o marxista especialista em Comuna de Paris.<\/div>\n<div dir=\"auto\"><\/div>\n<\/div>\n<div dir=\"auto\">\n<figure id=\"attachment_5659\" aria-describedby=\"caption-attachment-5659\" style=\"width: 960px\" class=\"wp-caption alignnone\"><img loading=\"lazy\" decoding=\"async\" class=\"size-full wp-image-5659\" src=\"https:\/\/renatodias.online\/movimento\/wp-content\/uploads\/2021\/03\/Silvio-Costa-1.jpg\" alt=\"\" width=\"960\" height=\"1280\" srcset=\"https:\/\/renatodias.online\/movimento\/wp-content\/uploads\/2021\/03\/Silvio-Costa-1.jpg 960w, https:\/\/renatodias.online\/movimento\/wp-content\/uploads\/2021\/03\/Silvio-Costa-1-225x300.jpg 225w, https:\/\/renatodias.online\/movimento\/wp-content\/uploads\/2021\/03\/Silvio-Costa-1-768x1024.jpg 768w, https:\/\/renatodias.online\/movimento\/wp-content\/uploads\/2021\/03\/Silvio-Costa-1-750x1000.jpg 750w\" sizes=\"auto, (max-width: 960px) 100vw, 960px\" \/><figcaption id=\"caption-attachment-5659\" class=\"wp-caption-text\"><strong>Silvio Costa<\/strong><\/figcaption><\/figure>\n<\/div>\n<\/div>\n<\/div>\n<\/div>\n<div dir=\"auto\"><\/div>\n<div class=\"\">\n<div id=\":18l\" class=\"ii gt\">\n<div id=\":18k\" class=\"a3s aiL \">\n<div dir=\"auto\">\n<div dir=\"auto\"><\/div>\n<div dir=\"auto\">Cinco polos de for\u00e7a na geopol\u00edtica mundial apontam o fim da unipolaridade, insiste ele. EUA, Europa, forte centro de poder, a R\u00fassia, que det\u00e9m g\u00e1s e petr\u00f3leo, assim como o Ir\u00e3, no Oriente M\u00e9dio, al\u00e9m da pr\u00f3pria China que amplia investimentos na \u00c1sia, \u00c1frica, Oriente M\u00e9dio, Europa, e at\u00e9 na Am\u00e9rica Latina, sublinha o docente e escritor. O mundo \u00e9, hoje, multipolar e a China pode virar uma fonte de poder aeroespacial, de comunica\u00e7\u00f5es e militar, cr\u00ea.<\/div>\n<div dir=\"auto\"><\/div>\n<div dir=\"auto\"><\/div>\n<div dir=\"auto\">As hist\u00f3rias tanto do Partido Comunista Chin\u00eas quanto da China Popular se confundem e chegam nas primeiras d\u00e9cadas do s\u00e9culo XXI com a consolida\u00e7\u00e3o de avan\u00e7os hist\u00f3ricos ap\u00f3s a revolu\u00e7\u00e3o socialista de 1949. \u00c9 o que diagnostica o professor doutor da Universidade Federal de Jata\u00ed, <strong>Fernando Santos<\/strong>. O processo de abertura do Pa\u00eds ao com\u00e9rcio internacional, sob a globaliza\u00e7\u00e3o, o reposicionou no cen\u00e1rio geopol\u00edtico, fuzila.<\/div>\n<div dir=\"auto\"><\/div>\n<div dir=\"auto\">\n<figure id=\"attachment_4451\" aria-describedby=\"caption-attachment-4451\" style=\"width: 1536px\" class=\"wp-caption alignnone\"><img loading=\"lazy\" decoding=\"async\" class=\"size-full wp-image-4451\" src=\"https:\/\/renatodias.online\/movimento\/wp-content\/uploads\/2020\/09\/Fernando-Santos-_-1.jpg\" alt=\"\" width=\"1536\" height=\"2048\" \/><figcaption id=\"caption-attachment-4451\" class=\"wp-caption-text\"><strong>Fernando Santos<\/strong><\/figcaption><\/figure>\n<\/div>\n<div dir=\"auto\"><\/div>\n<div dir=\"auto\">A China Popular n\u00e3o fez a abertura com a rendi\u00e7\u00e3o aos pressupostos do neoliberalismo, pontua. Mais: n\u00e3o se curvou \u00e0s demandas por desnacionaliza\u00e7\u00e3o de sua economia, destaca. Assim como n\u00e3o destruiu o seu diversificado parque industrial, registra. Nem deixou de investir em desenvolvimento tecnocient\u00edfico, aponta.\u00a0 A China \u00e9, hoje, uma pot\u00eancia global e paga o pre\u00e7o pol\u00edtico por fazer um contraponto aos Estados Unidos das Am\u00e9ricas, afirma<\/div>\n<div dir=\"auto\"><\/div>\n<div dir=\"auto\"><\/div>\n<div dir=\"auto\">As rela\u00e7\u00f5es comerciais chinesas com os pa\u00edses centrais e perif\u00e9ricos possuem perfis amplos, atira. N\u00e3o h\u00e1 ainda tens\u00f5es significativas, hoje, entre a hegemonia imperialista global americana e a China, observa. A China cresce, se fortalece e se insere nas brechas deixadas pela rela\u00e7\u00e3o segregadora baseada na rela\u00e7\u00e3o centro e periferia da geopol\u00edtica global, relata o estudioso do tema da UFJ.<\/div>\n<\/div>\n<div dir=\"auto\"><\/div>\n<div dir=\"auto\">\n<div dir=\"auto\">Os EUA financiam golpes, contrarrevolu\u00e7\u00f5es, conflitos \u00e9tnicos, religiosos para manter sua hegemonia de corte ideopol\u00edtico, reclama. &#8220;A China Popular, por n\u00e3o ter peso equivalente em n\u00fameros de bases militares ou de influ\u00eancia ideol\u00f3gica na din\u00e2mica geopol\u00edtica, abre os fulcros e cismas deixados pela viol\u00eancia dos EUA e refor\u00e7a suas rela\u00e7\u00f5es bilaterais com pa\u00edses perif\u00e9ricos, sem deixar de dar aten\u00e7\u00e3o \u00e0s parcerias comerciais com pa\u00edses do G7&#8221;<\/div>\n<\/div>\n<\/div>\n<div dir=\"auto\"><\/div>\n<div id=\":18k\" class=\"a3s aiL \">\n<div dir=\"auto\">\n<div dir=\"auto\">\n<figure id=\"attachment_3596\" aria-describedby=\"caption-attachment-3596\" style=\"width: 942px\" class=\"wp-caption alignnone\"><img loading=\"lazy\" decoding=\"async\" class=\"size-full wp-image-3596\" src=\"https:\/\/renatodias.online\/movimento\/wp-content\/uploads\/2020\/05\/Lucas-Ribeiro-5.jpg\" alt=\"Lucas Ribeiro\" width=\"942\" height=\"942\" srcset=\"https:\/\/renatodias.online\/movimento\/wp-content\/uploads\/2020\/05\/Lucas-Ribeiro-5.jpg 942w, https:\/\/renatodias.online\/movimento\/wp-content\/uploads\/2020\/05\/Lucas-Ribeiro-5-150x150.jpg 150w, https:\/\/renatodias.online\/movimento\/wp-content\/uploads\/2020\/05\/Lucas-Ribeiro-5-300x300.jpg 300w, https:\/\/renatodias.online\/movimento\/wp-content\/uploads\/2020\/05\/Lucas-Ribeiro-5-768x768.jpg 768w, https:\/\/renatodias.online\/movimento\/wp-content\/uploads\/2020\/05\/Lucas-Ribeiro-5-750x750.jpg 750w\" sizes=\"auto, (max-width: 942px) 100vw, 942px\" \/><figcaption id=\"caption-attachment-3596\" class=\"wp-caption-text\"><strong>Lucas Ribeiro<\/strong><\/figcaption><\/figure>\n<\/div>\n<div dir=\"auto\"><\/div>\n<div dir=\"auto\">O soci\u00f3logo <strong>Lucas Marques Ribeiro<\/strong> lembra que o PCC \u00e9 uma legenda revolucion\u00e1ria, sim. Mais: promoveu o crescimento estratosf\u00e9rico da economia do Pa\u00eds, registra. O Estado adotou o pragmatismo com uma interven\u00e7\u00e3o cir\u00fargica, o planejamento estrat\u00e9gico da economia e o apoio ao mercado, anota. A tend\u00eancia \u00e9 de a China, no PIB, ultrapassar os EUA, acredita. O PCC \u00e9, hoje, o farol para os \u00f3rf\u00e3os da extinta URSS e do socialismo real, desabafa.<\/div>\n<div dir=\"auto\"><\/div>\n<div dir=\"auto\"><\/div>\n<\/div>\n<div dir=\"auto\">\n<figure id=\"attachment_7521\" aria-describedby=\"caption-attachment-7521\" style=\"width: 1280px\" class=\"wp-caption alignnone\"><img loading=\"lazy\" decoding=\"async\" class=\"size-full wp-image-7521\" src=\"https:\/\/renatodias.online\/movimento\/wp-content\/uploads\/2021\/07\/Aldo-Aranes-_-China.jpeg\" alt=\"\" width=\"1280\" height=\"759\" \/><figcaption id=\"caption-attachment-7521\" class=\"wp-caption-text\"><strong>Aldo Arantes _ China<\/strong><\/figcaption><\/figure>\n<\/div>\n<div dir=\"auto\">\n<div dir=\"auto\"><\/div>\n<div dir=\"auto\">Cientista pol\u00edtico, <strong>Aldo Arantes<\/strong> conta que a Guerra do \u00d3pio, a coloniza\u00e7\u00e3o do Pa\u00eds, as invas\u00f5es estrangeiras e a revolu\u00e7\u00e3o socialista de 1949 constituem marcos hist\u00f3ricos do s\u00e9culo XX. A China preserva o meio ambiente, larga na frente do 5G e do 6G, contribuiu para a constru\u00e7\u00e3o e distribui\u00e7\u00e3o da riqueza mundial e p\u00f5e em execu\u00e7\u00e3o um processo de eleva\u00e7\u00e3o salarial dos trabalhadores, metralha. O socialismo da China tem a sua face pr\u00f3pria, narra o comunista.<\/div>\n<div dir=\"auto\"><\/div>\n<div dir=\"auto\"><\/div>\n<div dir=\"auto\">Especialista em socialismo da China, <strong>Euler Ivo Vieira<\/strong> informa tamb\u00e9m que o Pa\u00eds cresce em percentuais elevados desde o ano de 1976, \u00e9 a maior economia importadora de commodities, possui um robusto mercado interno consumidor com 1,4 bi de habitantes, investimentos em tecnologia e que obt\u00e9m uma alta produtividade. O segundo maior Produto Interno Bruto do mundo globalizado em 2021, relata.\u00a0 N\u00e3o h\u00e1 explora\u00e7\u00e3o do trabalho, contesta.<\/div>\n<div dir=\"auto\"><\/div>\n<\/div>\n<div dir=\"auto\">\n<figure id=\"attachment_7522\" aria-describedby=\"caption-attachment-7522\" style=\"width: 1190px\" class=\"wp-caption alignnone\"><img loading=\"lazy\" decoding=\"async\" class=\"size-full wp-image-7522\" src=\"https:\/\/renatodias.online\/movimento\/wp-content\/uploads\/2021\/07\/Euler-Ivo-Vieira-China.jpeg\" alt=\"\" width=\"1190\" height=\"892\" \/><figcaption id=\"caption-attachment-7522\" class=\"wp-caption-text\"><strong>Euler Ivo Vieira &#8211; Pequim<\/strong><\/figcaption><\/figure>\n<\/div>\n<div dir=\"auto\">\n<div dir=\"auto\"><\/div>\n<div dir=\"auto\">O Estado determinou a amplia\u00e7\u00e3o do mercado interno, com a duplica\u00e7\u00e3o dos sal\u00e1rios dos trabalhadores,\u00a0 dispara. Foco\u00a0 total no mercado interno, insiste. A economia deslanchou, avalia. A China inovou ainda no socialismo, alerta. O socialismo \u00e9 uma fase de transi\u00e7\u00e3o para o comunismo, cita o adepto de Karl Marx, Friedrich Engels, Vladimir Ilich Ulianov, codinome L\u00eanin, e de Mao-Ts\u00e9-tung, o l\u00edder da revolu\u00e7\u00e3o socialista de outubro do ano de 1949.<\/div>\n<div dir=\"auto\"><\/div>\n<\/div>\n<div class=\"yj6qo\"><\/div>\n<div class=\"adL\">\n<figure id=\"attachment_4013\" aria-describedby=\"caption-attachment-4013\" style=\"width: 780px\" class=\"wp-caption alignnone\"><img loading=\"lazy\" decoding=\"async\" class=\"size-full wp-image-4013\" src=\"https:\/\/renatodias.online\/movimento\/wp-content\/uploads\/2020\/06\/Karl-Marx-2.jpg\" alt=\"\" width=\"780\" height=\"400\" srcset=\"https:\/\/renatodias.online\/movimento\/wp-content\/uploads\/2020\/06\/Karl-Marx-2.jpg 780w, https:\/\/renatodias.online\/movimento\/wp-content\/uploads\/2020\/06\/Karl-Marx-2-300x154.jpg 300w, https:\/\/renatodias.online\/movimento\/wp-content\/uploads\/2020\/06\/Karl-Marx-2-768x394.jpg 768w, https:\/\/renatodias.online\/movimento\/wp-content\/uploads\/2020\/06\/Karl-Marx-2-750x385.jpg 750w\" sizes=\"auto, (max-width: 780px) 100vw, 780px\" \/><figcaption id=\"caption-attachment-4013\" class=\"wp-caption-text\"><strong>Karl Marx<\/strong><\/figcaption><\/figure>\n<\/div>\n<\/div>\n<\/div>\n<\/div>\n<\/div>\n<\/div>\n<div class=\"nH nn\">\n<div class=\"no\">\n<div class=\"nH bAw nn\">\n<div class=\"brC-aT5-aOt-Jw\" role=\"complementary\" aria-label=\"Painel lateral\">\n<div class=\"brC-aT5-aOt-bsf-Jw\"><\/div>\n<\/div>\n<\/div>\n<\/div>\n<\/div>\n<div class=\"brC-aT5-aOt-Jw\" role=\"complementary\" aria-label=\"Painel lateral\"><\/div>\n<div class=\"brC-dA-I-Jw brC-dA-I-Jw-qk\"><\/div>\n<div class=\"no\">\n<div class=\"nH nn\">\n<div class=\"dJ\">\n<div id=\":17t\" class=\"ii gt\">\n<div id=\":17u\" class=\"a3s aiL \">\n<div dir=\"auto\">\n<div dir=\"auto\">\ud83c\udde8\ud83c\uddf3 *Comemora\u00e7\u00e3o dos 100 anos do Partido Comunista Chin\u00eas* \ud83c\udde8\ud83c\uddf3<\/div>\n<div dir=\"auto\">Acontecendo agora:<\/div>\n<div dir=\"auto\"><\/div>\n<div dir=\"auto\">Em chin\u00eas: <a rel=\"noopener\" href=\"https:\/\/youtu.be\/9iB7kvXM3eA\" target=\"_blank\" data-saferedirecturl=\"https:\/\/www.google.com\/url?q=https:\/\/youtu.be\/9iB7kvXM3eA&amp;source=gmail&amp;ust=1625279950221000&amp;usg=AFQjCNEKDRAwwmORy1ws0uUeiEnMjD-s-w\">https:\/\/youtu.be\/9iB7kvXM3eA<\/a><\/div>\n<div dir=\"auto\"><\/div>\n<div dir=\"auto\">Em ingl\u00eas: <a rel=\"noopener\" href=\"https:\/\/www.youtube.com\/watch?v=76Enk-k0ztI\" target=\"_blank\" data-saferedirecturl=\"https:\/\/www.google.com\/url?q=https:\/\/www.youtube.com\/watch?v%3D76Enk-k0ztI&amp;source=gmail&amp;ust=1625279950221000&amp;usg=AFQjCNFf9sHhqc9bfMzIzIuaxfXw3Uiaaw\">https:\/\/www.youtube.com\/watch?<wbr \/>v=76Enk-k0ztI<\/a><\/div>\n<div dir=\"auto\"><\/div>\n<div dir=\"auto\">Em espanhol: <a rel=\"noopener\" href=\"https:\/\/www.youtube.com\/watch?v=82wAxR0cTAA\" target=\"_blank\" data-saferedirecturl=\"https:\/\/www.google.com\/url?q=https:\/\/www.youtube.com\/watch?v%3D82wAxR0cTAA&amp;source=gmail&amp;ust=1625279950221000&amp;usg=AFQjCNHsWeiW-JN4a2KdcArM82Fnz1Y27w\">https:\/\/www.youtube.com\/watch?<wbr \/>v=82wAxR0cTAA<\/a><\/div>\n<\/div>\n<div class=\"yj6qo\"><\/div>\n<div class=\"adL\"><\/div>\n<\/div>\n<\/div>\n<div id=\":1bd\" class=\"hq gt a10\">\n<div class=\"hp\"><\/div>\n<div class=\"a3I\">\u00c1rea de anexos<\/div>\n<div id=\":1bg\"><\/div>\n<div id=\":1bf\" class=\"aQH\"><span class=\"aZo\"><a class=\"aQy aZR e aZr\" rel=\"noopener\" tabindex=\"0\" href=\"https:\/\/www.youtube.com\/watch?v=76Enk-k0ztI&amp;authuser=0\" target=\"_blank\" data-tooltip-align=\"t,c\" data-tooltip-class=\"a1V\" data-tooltip=\"Live: Special coverage of grand gathering celebrating CPC centenary\"><span id=\":1az\" class=\"a3I\">Visualizar o v\u00eddeo Live: Special coverage of grand gathering celebrating CPC centenary do YouTube<\/span><\/a><\/span><\/p>\n<div aria-hidden=\"true\">\n<div class=\"aSG\"><\/div>\n<div class=\"aVY aZn\">\n<div class=\"aZm\"><\/div>\n<\/div>\n<div class=\"aSH\"><img decoding=\"async\" id=\":18l\" class=\"aQG aYB\" src=\"https:\/\/i.ytimg.com\/vi\/76Enk-k0ztI\/mqdefault.jpg\" alt=\"\" \/><\/p>\n<div id=\":18f\" class=\"aYy\">\n<div class=\"aYA\"><img decoding=\"async\" id=\":18h\" class=\"aSM\" src=\"https:\/\/ssl.gstatic.com\/docs\/doclist\/images\/mediatype\/icon_2_youtube_x16.png\" alt=\"\" \/><\/div>\n<div class=\"aYz\">\n<div class=\"a12\">\n<div class=\"aQA\"><\/div>\n<\/div>\n<\/div>\n<\/div>\n<\/div>\n<\/div>\n<\/div>\n<\/div>\n<div aria-hidden=\"true\">\n<div class=\"aSH\">\n<div id=\":18f\" class=\"aYy\">\n<div class=\"aYz\">\n<div class=\"a12\"><\/div>\n<\/div>\n<\/div>\n<\/div>\n<div class=\"aSI\">\n<div id=\":18k\" class=\"aSJ\"><\/div>\n<\/div>\n<\/div>\n<p><span class=\"aZo\"><a class=\"aQy aZR e aZr\" rel=\"noopener\" tabindex=\"0\" href=\"https:\/\/www.youtube.com\/watch?v=82wAxR0cTAA&amp;authuser=0\" target=\"_blank\" data-tooltip-align=\"t,c\" data-tooltip-class=\"a1V\" data-tooltip=\"Emisi\u00f3n en directo de teleSUR tv\"><span id=\":1ba\" class=\"a3I\">Visualizar o v\u00eddeo Emisi\u00f3n en directo de teleSUR tv do YouTube<\/span><\/a><\/span><\/p>\n<div aria-hidden=\"true\">\n<div class=\"aSG\"><\/div>\n<div class=\"aVY aZn\">\n<div class=\"aZm\"><\/div>\n<\/div>\n<div class=\"aSH\"><img decoding=\"async\" id=\":1b3\" class=\"aQG aYB\" src=\"https:\/\/i.ytimg.com\/vi\/82wAxR0cTAA\/mqdefault_live.jpg\" alt=\"\" \/><\/p>\n<div id=\":1b9\" class=\"aYy\">\n<div class=\"aYA\"><img decoding=\"async\" id=\":1b7\" class=\"aSM\" src=\"https:\/\/ssl.gstatic.com\/docs\/doclist\/images\/mediatype\/icon_2_youtube_x16.png\" alt=\"\" \/><\/div>\n<div class=\"aYz\">\n<div class=\"a12\">\n<div class=\"aQA\"><\/div>\n<\/div>\n<\/div>\n<\/div>\n<\/div>\n<\/div>\n<div aria-hidden=\"true\">\n<div class=\"aSH\">\n<div id=\":1b9\" class=\"aYy\">\n<div class=\"aYz\">\n<div class=\"a12\"><\/div>\n<\/div>\n<\/div>\n<\/div>\n<div class=\"aSI\">\n<div id=\":1b4\" class=\"aSJ\"><\/div>\n<\/div>\n<\/div>\n<div class=\"aZK\"><\/div>\n<\/div>\n<\/div>\n<\/div>\n<div class=\"dJ\"><\/div>\n","protected":false},"excerpt":{"rendered":"<p>100 anos nesta noite Para onde caminha a China? Renato Dias O Partido Comunista da China, ap\u00f3s a sua funda\u00e7\u00e3o, em 1\u00b0 de julho de 1921, possu\u00eda tra\u00e7os pr\u00f3prios, na pol\u00edtica e na ideologia, com o protagonismo tanto dos camponeses quanto do Ex\u00e9rcito de Liberta\u00e7\u00e3o Nacional, sem a hegemonia da classe oper\u00e1ria, como na R\u00fassia<\/p>\n","protected":false},"author":2,"featured_media":7523,"comment_status":"open","ping_status":"open","sticky":false,"template":"","format":"standard","meta":{"_acf_changed":false,"_monsterinsights_skip_tracking":false,"_monsterinsights_sitenote_active":false,"_monsterinsights_sitenote_note":"","_monsterinsights_sitenote_category":0,"footnotes":""},"categories":[36],"tags":[],"class_list":["post-7514","post","type-post","status-publish","format-standard","has-post-thumbnail","hentry","category-internacional"],"acf":[],"yoast_head":"<!-- This site is optimized with the Yoast SEO plugin v27.4 - https:\/\/yoast.com\/product\/yoast-seo-wordpress\/ -->\n<title>China: 100 anos nesta noite -<\/title>\n<meta name=\"robots\" content=\"index, follow, max-snippet:-1, max-image-preview:large, max-video-preview:-1\" \/>\n<link rel=\"canonical\" href=\"https:\/\/renatodias.online\/movimento\/2021\/07\/02\/china-100-anos-nesta-noite\/\" \/>\n<meta property=\"og:locale\" content=\"pt_BR\" \/>\n<meta property=\"og:type\" content=\"article\" \/>\n<meta property=\"og:title\" content=\"China: 100 anos nesta noite -\" \/>\n<meta property=\"og:description\" content=\"100 anos nesta noite Para onde caminha a China? Renato Dias O Partido Comunista da China, ap\u00f3s a sua funda\u00e7\u00e3o, em 1\u00b0 de julho de 1921, possu\u00eda tra\u00e7os pr\u00f3prios, na pol\u00edtica e na ideologia, com o protagonismo tanto dos camponeses quanto do Ex\u00e9rcito de Liberta\u00e7\u00e3o Nacional, sem a hegemonia da classe oper\u00e1ria, como na R\u00fassia\" \/>\n<meta property=\"og:url\" content=\"https:\/\/renatodias.online\/movimento\/2021\/07\/02\/china-100-anos-nesta-noite\/\" \/>\n<meta property=\"article:publisher\" content=\"https:\/\/www.facebook.com\/renato.dias.37\" \/>\n<meta property=\"article:author\" content=\"https:\/\/www.facebook.com\/renato.dias.37\" \/>\n<meta property=\"article:published_time\" content=\"2021-07-02T03:15:10+00:00\" \/>\n<meta property=\"article:modified_time\" content=\"2021-07-02T03:18:40+00:00\" \/>\n<meta property=\"og:image\" content=\"https:\/\/renatodias.online\/movimento\/wp-content\/uploads\/2021\/07\/Mao-Tse-tung-_-100-anos-e1625195681845.jpg\" \/>\n\t<meta property=\"og:image:width\" content=\"300\" \/>\n\t<meta property=\"og:image:height\" content=\"225\" \/>\n\t<meta property=\"og:image:type\" content=\"image\/jpeg\" \/>\n<meta name=\"author\" content=\"Renato Dias\" \/>\n<meta name=\"twitter:card\" content=\"summary_large_image\" \/>\n<meta name=\"twitter:creator\" content=\"@RenatoDiasBat\" \/>\n<meta name=\"twitter:site\" content=\"@RenatoDiasBat\" \/>\n<meta name=\"twitter:label1\" content=\"Escrito por\" \/>\n\t<meta name=\"twitter:data1\" content=\"Renato Dias\" \/>\n\t<meta name=\"twitter:label2\" content=\"Est. tempo de leitura\" \/>\n\t<meta name=\"twitter:data2\" content=\"7 minutos\" \/>\n<script type=\"application\/ld+json\" class=\"yoast-schema-graph\">{\"@context\":\"https:\\\/\\\/schema.org\",\"@graph\":[{\"@type\":\"Article\",\"@id\":\"https:\\\/\\\/renatodias.online\\\/movimento\\\/2021\\\/07\\\/02\\\/china-100-anos-nesta-noite\\\/#article\",\"isPartOf\":{\"@id\":\"https:\\\/\\\/renatodias.online\\\/movimento\\\/2021\\\/07\\\/02\\\/china-100-anos-nesta-noite\\\/\"},\"author\":{\"name\":\"Renato Dias\",\"@id\":\"https:\\\/\\\/renatodias.online\\\/movimento\\\/#\\\/schema\\\/person\\\/bbab28833b1725a20f4083f49f1fb2a9\"},\"headline\":\"China: 100 anos nesta noite\",\"datePublished\":\"2021-07-02T03:15:10+00:00\",\"dateModified\":\"2021-07-02T03:18:40+00:00\",\"mainEntityOfPage\":{\"@id\":\"https:\\\/\\\/renatodias.online\\\/movimento\\\/2021\\\/07\\\/02\\\/china-100-anos-nesta-noite\\\/\"},\"wordCount\":1354,\"commentCount\":0,\"publisher\":{\"@id\":\"https:\\\/\\\/renatodias.online\\\/movimento\\\/#\\\/schema\\\/person\\\/bbab28833b1725a20f4083f49f1fb2a9\"},\"image\":{\"@id\":\"https:\\\/\\\/renatodias.online\\\/movimento\\\/2021\\\/07\\\/02\\\/china-100-anos-nesta-noite\\\/#primaryimage\"},\"thumbnailUrl\":\"https:\\\/\\\/renatodias.online\\\/movimento\\\/wp-content\\\/uploads\\\/2021\\\/07\\\/Mao-Tse-tung-_-100-anos-e1625195681845.jpg\",\"articleSection\":[\"Internacional\"],\"inLanguage\":\"pt-BR\",\"potentialAction\":[{\"@type\":\"CommentAction\",\"name\":\"Comment\",\"target\":[\"https:\\\/\\\/renatodias.online\\\/movimento\\\/2021\\\/07\\\/02\\\/china-100-anos-nesta-noite\\\/#respond\"]}]},{\"@type\":\"WebPage\",\"@id\":\"https:\\\/\\\/renatodias.online\\\/movimento\\\/2021\\\/07\\\/02\\\/china-100-anos-nesta-noite\\\/\",\"url\":\"https:\\\/\\\/renatodias.online\\\/movimento\\\/2021\\\/07\\\/02\\\/china-100-anos-nesta-noite\\\/\",\"name\":\"China: 100 anos nesta noite -\",\"isPartOf\":{\"@id\":\"https:\\\/\\\/renatodias.online\\\/movimento\\\/#website\"},\"primaryImageOfPage\":{\"@id\":\"https:\\\/\\\/renatodias.online\\\/movimento\\\/2021\\\/07\\\/02\\\/china-100-anos-nesta-noite\\\/#primaryimage\"},\"image\":{\"@id\":\"https:\\\/\\\/renatodias.online\\\/movimento\\\/2021\\\/07\\\/02\\\/china-100-anos-nesta-noite\\\/#primaryimage\"},\"thumbnailUrl\":\"https:\\\/\\\/renatodias.online\\\/movimento\\\/wp-content\\\/uploads\\\/2021\\\/07\\\/Mao-Tse-tung-_-100-anos-e1625195681845.jpg\",\"datePublished\":\"2021-07-02T03:15:10+00:00\",\"dateModified\":\"2021-07-02T03:18:40+00:00\",\"breadcrumb\":{\"@id\":\"https:\\\/\\\/renatodias.online\\\/movimento\\\/2021\\\/07\\\/02\\\/china-100-anos-nesta-noite\\\/#breadcrumb\"},\"inLanguage\":\"pt-BR\",\"potentialAction\":[{\"@type\":\"ReadAction\",\"target\":[\"https:\\\/\\\/renatodias.online\\\/movimento\\\/2021\\\/07\\\/02\\\/china-100-anos-nesta-noite\\\/\"]}]},{\"@type\":\"ImageObject\",\"inLanguage\":\"pt-BR\",\"@id\":\"https:\\\/\\\/renatodias.online\\\/movimento\\\/2021\\\/07\\\/02\\\/china-100-anos-nesta-noite\\\/#primaryimage\",\"url\":\"https:\\\/\\\/renatodias.online\\\/movimento\\\/wp-content\\\/uploads\\\/2021\\\/07\\\/Mao-Tse-tung-_-100-anos-e1625195681845.jpg\",\"contentUrl\":\"https:\\\/\\\/renatodias.online\\\/movimento\\\/wp-content\\\/uploads\\\/2021\\\/07\\\/Mao-Tse-tung-_-100-anos-e1625195681845.jpg\",\"width\":300,\"height\":225,\"caption\":\"Mao-Ts\u00e9-tung : 100 anos do PCC\"},{\"@type\":\"BreadcrumbList\",\"@id\":\"https:\\\/\\\/renatodias.online\\\/movimento\\\/2021\\\/07\\\/02\\\/china-100-anos-nesta-noite\\\/#breadcrumb\",\"itemListElement\":[{\"@type\":\"ListItem\",\"position\":1,\"name\":\"In\u00edcio\",\"item\":\"https:\\\/\\\/renatodias.online\\\/movimento\\\/\"},{\"@type\":\"ListItem\",\"position\":2,\"name\":\"China: 100 anos nesta noite\"}]},{\"@type\":\"WebSite\",\"@id\":\"https:\\\/\\\/renatodias.online\\\/movimento\\\/#website\",\"url\":\"https:\\\/\\\/renatodias.online\\\/movimento\\\/\",\"name\":\"\",\"description\":\"\",\"publisher\":{\"@id\":\"https:\\\/\\\/renatodias.online\\\/movimento\\\/#\\\/schema\\\/person\\\/bbab28833b1725a20f4083f49f1fb2a9\"},\"potentialAction\":[{\"@type\":\"SearchAction\",\"target\":{\"@type\":\"EntryPoint\",\"urlTemplate\":\"https:\\\/\\\/renatodias.online\\\/movimento\\\/?s={search_term_string}\"},\"query-input\":{\"@type\":\"PropertyValueSpecification\",\"valueRequired\":true,\"valueName\":\"search_term_string\"}}],\"inLanguage\":\"pt-BR\"},{\"@type\":[\"Person\",\"Organization\"],\"@id\":\"https:\\\/\\\/renatodias.online\\\/movimento\\\/#\\\/schema\\\/person\\\/bbab28833b1725a20f4083f49f1fb2a9\",\"name\":\"Renato Dias\",\"image\":{\"@type\":\"ImageObject\",\"inLanguage\":\"pt-BR\",\"@id\":\"https:\\\/\\\/renatodias.online\\\/movimento\\\/wp-content\\\/uploads\\\/2023\\\/03\\\/cropped-cropped-cropped-logofinal.jpeg\",\"url\":\"https:\\\/\\\/renatodias.online\\\/movimento\\\/wp-content\\\/uploads\\\/2023\\\/03\\\/cropped-cropped-cropped-logofinal.jpeg\",\"contentUrl\":\"https:\\\/\\\/renatodias.online\\\/movimento\\\/wp-content\\\/uploads\\\/2023\\\/03\\\/cropped-cropped-cropped-logofinal.jpeg\",\"width\":1280,\"height\":219,\"caption\":\"Renato Dias\"},\"logo\":{\"@id\":\"https:\\\/\\\/renatodias.online\\\/movimento\\\/wp-content\\\/uploads\\\/2023\\\/03\\\/cropped-cropped-cropped-logofinal.jpeg\"},\"description\":\"Renato Dias, 58 anos, \u00e9 graduado em Jornalismo, formado em Ci\u00eancias Sociais, com p\u00f3s-gradua\u00e7\u00e3o em Pol\u00edticas P\u00fablicas, mestre em Direito e Rela\u00e7\u00f5es Internacionais, ex-aluno extraordin\u00e1rio do Doutorado em Psicologia Social, ex-estudante do Curso de Psican\u00e1lise do Centro de Estudos Psicanal\u00edticos do Estado de Goi\u00e1s, ministrado pelo m\u00e9dico psiquiatra e psicanalista Daniel Em\u00eddio de Souza. \u00c9 autor de 30 livros-reportagem, oito document\u00e1rios, ganhou 30 pr\u00eamios e \u00e9 torcedor apaixonado do maior do Centro-Oeste, o Vila Nova Futebol Clube. Casado com Meirilane Dias, \u00e9 pai de Juliana Dias, jornalista; Daniel Dias, economista; e Maria Rosa Dias, estudante antifascista, socialista e trotskista.\u00a0Com tr\u00eas pets: Porquinho [Bull Dog Franc\u00eas], Dalila [Basset Hound] e Geleia [Basset Hound]. Al\u00e9m do eterno gato Tutuquinho, que virou estrela.\",\"sameAs\":[\"https:\\\/\\\/www.facebook.com\\\/renato.dias.37\",\"#breve\",\"https:\\\/\\\/renatodias.tumblr.com\\\/\"],\"url\":\"https:\\\/\\\/renatodias.online\\\/movimento\\\/author\\\/renatodias\\\/\"}]}<\/script>\n<!-- \/ Yoast SEO plugin. -->","yoast_head_json":{"title":"China: 100 anos nesta noite -","robots":{"index":"index","follow":"follow","max-snippet":"max-snippet:-1","max-image-preview":"max-image-preview:large","max-video-preview":"max-video-preview:-1"},"canonical":"https:\/\/renatodias.online\/movimento\/2021\/07\/02\/china-100-anos-nesta-noite\/","og_locale":"pt_BR","og_type":"article","og_title":"China: 100 anos nesta noite -","og_description":"100 anos nesta noite Para onde caminha a China? Renato Dias O Partido Comunista da China, ap\u00f3s a sua funda\u00e7\u00e3o, em 1\u00b0 de julho de 1921, possu\u00eda tra\u00e7os pr\u00f3prios, na pol\u00edtica e na ideologia, com o protagonismo tanto dos camponeses quanto do Ex\u00e9rcito de Liberta\u00e7\u00e3o Nacional, sem a hegemonia da classe oper\u00e1ria, como na R\u00fassia","og_url":"https:\/\/renatodias.online\/movimento\/2021\/07\/02\/china-100-anos-nesta-noite\/","article_publisher":"https:\/\/www.facebook.com\/renato.dias.37","article_author":"https:\/\/www.facebook.com\/renato.dias.37","article_published_time":"2021-07-02T03:15:10+00:00","article_modified_time":"2021-07-02T03:18:40+00:00","og_image":[{"width":300,"height":225,"url":"https:\/\/renatodias.online\/movimento\/wp-content\/uploads\/2021\/07\/Mao-Tse-tung-_-100-anos-e1625195681845.jpg","type":"image\/jpeg"}],"author":"Renato Dias","twitter_card":"summary_large_image","twitter_creator":"@RenatoDiasBat","twitter_site":"@RenatoDiasBat","twitter_misc":{"Escrito por":"Renato Dias","Est. tempo de leitura":"7 minutos"},"schema":{"@context":"https:\/\/schema.org","@graph":[{"@type":"Article","@id":"https:\/\/renatodias.online\/movimento\/2021\/07\/02\/china-100-anos-nesta-noite\/#article","isPartOf":{"@id":"https:\/\/renatodias.online\/movimento\/2021\/07\/02\/china-100-anos-nesta-noite\/"},"author":{"name":"Renato Dias","@id":"https:\/\/renatodias.online\/movimento\/#\/schema\/person\/bbab28833b1725a20f4083f49f1fb2a9"},"headline":"China: 100 anos nesta noite","datePublished":"2021-07-02T03:15:10+00:00","dateModified":"2021-07-02T03:18:40+00:00","mainEntityOfPage":{"@id":"https:\/\/renatodias.online\/movimento\/2021\/07\/02\/china-100-anos-nesta-noite\/"},"wordCount":1354,"commentCount":0,"publisher":{"@id":"https:\/\/renatodias.online\/movimento\/#\/schema\/person\/bbab28833b1725a20f4083f49f1fb2a9"},"image":{"@id":"https:\/\/renatodias.online\/movimento\/2021\/07\/02\/china-100-anos-nesta-noite\/#primaryimage"},"thumbnailUrl":"https:\/\/renatodias.online\/movimento\/wp-content\/uploads\/2021\/07\/Mao-Tse-tung-_-100-anos-e1625195681845.jpg","articleSection":["Internacional"],"inLanguage":"pt-BR","potentialAction":[{"@type":"CommentAction","name":"Comment","target":["https:\/\/renatodias.online\/movimento\/2021\/07\/02\/china-100-anos-nesta-noite\/#respond"]}]},{"@type":"WebPage","@id":"https:\/\/renatodias.online\/movimento\/2021\/07\/02\/china-100-anos-nesta-noite\/","url":"https:\/\/renatodias.online\/movimento\/2021\/07\/02\/china-100-anos-nesta-noite\/","name":"China: 100 anos nesta noite -","isPartOf":{"@id":"https:\/\/renatodias.online\/movimento\/#website"},"primaryImageOfPage":{"@id":"https:\/\/renatodias.online\/movimento\/2021\/07\/02\/china-100-anos-nesta-noite\/#primaryimage"},"image":{"@id":"https:\/\/renatodias.online\/movimento\/2021\/07\/02\/china-100-anos-nesta-noite\/#primaryimage"},"thumbnailUrl":"https:\/\/renatodias.online\/movimento\/wp-content\/uploads\/2021\/07\/Mao-Tse-tung-_-100-anos-e1625195681845.jpg","datePublished":"2021-07-02T03:15:10+00:00","dateModified":"2021-07-02T03:18:40+00:00","breadcrumb":{"@id":"https:\/\/renatodias.online\/movimento\/2021\/07\/02\/china-100-anos-nesta-noite\/#breadcrumb"},"inLanguage":"pt-BR","potentialAction":[{"@type":"ReadAction","target":["https:\/\/renatodias.online\/movimento\/2021\/07\/02\/china-100-anos-nesta-noite\/"]}]},{"@type":"ImageObject","inLanguage":"pt-BR","@id":"https:\/\/renatodias.online\/movimento\/2021\/07\/02\/china-100-anos-nesta-noite\/#primaryimage","url":"https:\/\/renatodias.online\/movimento\/wp-content\/uploads\/2021\/07\/Mao-Tse-tung-_-100-anos-e1625195681845.jpg","contentUrl":"https:\/\/renatodias.online\/movimento\/wp-content\/uploads\/2021\/07\/Mao-Tse-tung-_-100-anos-e1625195681845.jpg","width":300,"height":225,"caption":"Mao-Ts\u00e9-tung : 100 anos do PCC"},{"@type":"BreadcrumbList","@id":"https:\/\/renatodias.online\/movimento\/2021\/07\/02\/china-100-anos-nesta-noite\/#breadcrumb","itemListElement":[{"@type":"ListItem","position":1,"name":"In\u00edcio","item":"https:\/\/renatodias.online\/movimento\/"},{"@type":"ListItem","position":2,"name":"China: 100 anos nesta noite"}]},{"@type":"WebSite","@id":"https:\/\/renatodias.online\/movimento\/#website","url":"https:\/\/renatodias.online\/movimento\/","name":"","description":"","publisher":{"@id":"https:\/\/renatodias.online\/movimento\/#\/schema\/person\/bbab28833b1725a20f4083f49f1fb2a9"},"potentialAction":[{"@type":"SearchAction","target":{"@type":"EntryPoint","urlTemplate":"https:\/\/renatodias.online\/movimento\/?s={search_term_string}"},"query-input":{"@type":"PropertyValueSpecification","valueRequired":true,"valueName":"search_term_string"}}],"inLanguage":"pt-BR"},{"@type":["Person","Organization"],"@id":"https:\/\/renatodias.online\/movimento\/#\/schema\/person\/bbab28833b1725a20f4083f49f1fb2a9","name":"Renato Dias","image":{"@type":"ImageObject","inLanguage":"pt-BR","@id":"https:\/\/renatodias.online\/movimento\/wp-content\/uploads\/2023\/03\/cropped-cropped-cropped-logofinal.jpeg","url":"https:\/\/renatodias.online\/movimento\/wp-content\/uploads\/2023\/03\/cropped-cropped-cropped-logofinal.jpeg","contentUrl":"https:\/\/renatodias.online\/movimento\/wp-content\/uploads\/2023\/03\/cropped-cropped-cropped-logofinal.jpeg","width":1280,"height":219,"caption":"Renato Dias"},"logo":{"@id":"https:\/\/renatodias.online\/movimento\/wp-content\/uploads\/2023\/03\/cropped-cropped-cropped-logofinal.jpeg"},"description":"Renato Dias, 58 anos, \u00e9 graduado em Jornalismo, formado em Ci\u00eancias Sociais, com p\u00f3s-gradua\u00e7\u00e3o em Pol\u00edticas P\u00fablicas, mestre em Direito e Rela\u00e7\u00f5es Internacionais, ex-aluno extraordin\u00e1rio do Doutorado em Psicologia Social, ex-estudante do Curso de Psican\u00e1lise do Centro de Estudos Psicanal\u00edticos do Estado de Goi\u00e1s, ministrado pelo m\u00e9dico psiquiatra e psicanalista Daniel Em\u00eddio de Souza. \u00c9 autor de 30 livros-reportagem, oito document\u00e1rios, ganhou 30 pr\u00eamios e \u00e9 torcedor apaixonado do maior do Centro-Oeste, o Vila Nova Futebol Clube. Casado com Meirilane Dias, \u00e9 pai de Juliana Dias, jornalista; Daniel Dias, economista; e Maria Rosa Dias, estudante antifascista, socialista e trotskista.\u00a0Com tr\u00eas pets: Porquinho [Bull Dog Franc\u00eas], Dalila [Basset Hound] e Geleia [Basset Hound]. Al\u00e9m do eterno gato Tutuquinho, que virou estrela.","sameAs":["https:\/\/www.facebook.com\/renato.dias.37","#breve","https:\/\/renatodias.tumblr.com\/"],"url":"https:\/\/renatodias.online\/movimento\/author\/renatodias\/"}]}},"_links":{"self":[{"href":"https:\/\/renatodias.online\/movimento\/wp-json\/wp\/v2\/posts\/7514","targetHints":{"allow":["GET"]}}],"collection":[{"href":"https:\/\/renatodias.online\/movimento\/wp-json\/wp\/v2\/posts"}],"about":[{"href":"https:\/\/renatodias.online\/movimento\/wp-json\/wp\/v2\/types\/post"}],"author":[{"embeddable":true,"href":"https:\/\/renatodias.online\/movimento\/wp-json\/wp\/v2\/users\/2"}],"replies":[{"embeddable":true,"href":"https:\/\/renatodias.online\/movimento\/wp-json\/wp\/v2\/comments?post=7514"}],"version-history":[{"count":4,"href":"https:\/\/renatodias.online\/movimento\/wp-json\/wp\/v2\/posts\/7514\/revisions"}],"predecessor-version":[{"id":7527,"href":"https:\/\/renatodias.online\/movimento\/wp-json\/wp\/v2\/posts\/7514\/revisions\/7527"}],"wp:featuredmedia":[{"embeddable":true,"href":"https:\/\/renatodias.online\/movimento\/wp-json\/wp\/v2\/media\/7523"}],"wp:attachment":[{"href":"https:\/\/renatodias.online\/movimento\/wp-json\/wp\/v2\/media?parent=7514"}],"wp:term":[{"taxonomy":"category","embeddable":true,"href":"https:\/\/renatodias.online\/movimento\/wp-json\/wp\/v2\/categories?post=7514"},{"taxonomy":"post_tag","embeddable":true,"href":"https:\/\/renatodias.online\/movimento\/wp-json\/wp\/v2\/tags?post=7514"}],"curies":[{"name":"wp","href":"https:\/\/api.w.org\/{rel}","templated":true}]}}