{"id":7451,"date":"2021-06-24T17:15:39","date_gmt":"2021-06-24T20:15:39","guid":{"rendered":"https:\/\/renatodias.online\/movimento\/?p=7451"},"modified":"2021-10-17T16:59:25","modified_gmt":"2021-10-17T19:59:25","slug":"assim-mataram-edgard-de-aquino-duarte","status":"publish","type":"post","link":"https:\/\/renatodias.online\/movimento\/2021\/06\/24\/assim-mataram-edgard-de-aquino-duarte\/","title":{"rendered":"Assim mataram Edgard de Aquino Duarte"},"content":{"rendered":"<p><img loading=\"lazy\" decoding=\"async\" class=\"alignnone size-full wp-image-9308\" src=\"https:\/\/renatodias.online\/movimento\/wp-content\/uploads\/2021\/10\/Mortos-e-desaparecidos-politicos-Card.jpg\" alt=\"\" width=\"1167\" height=\"341\" srcset=\"https:\/\/renatodias.online\/movimento\/wp-content\/uploads\/2021\/10\/Mortos-e-desaparecidos-politicos-Card.jpg 1167w, https:\/\/renatodias.online\/movimento\/wp-content\/uploads\/2021\/10\/Mortos-e-desaparecidos-politicos-Card-300x88.jpg 300w, https:\/\/renatodias.online\/movimento\/wp-content\/uploads\/2021\/10\/Mortos-e-desaparecidos-politicos-Card-768x224.jpg 768w, https:\/\/renatodias.online\/movimento\/wp-content\/uploads\/2021\/10\/Mortos-e-desaparecidos-politicos-Card-750x219.jpg 750w\" sizes=\"auto, (max-width: 1167px) 100vw, 1167px\" \/><\/p>\n<h1 style=\"text-align: center;\"><span style=\"color: #ff0000;\"><strong>Assim mataram Edgard de Aquino Duarte<\/strong><\/span><\/h1>\n<p><img loading=\"lazy\" decoding=\"async\" class=\"size-full wp-image-6054 aligncenter\" src=\"https:\/\/renatodias.online\/movimento\/wp-content\/uploads\/2021\/04\/Imagem-de-sangue.jpg\" alt=\"\" width=\"1000\" height=\"667\" \/><\/p>\n<figure id=\"attachment_7452\" aria-describedby=\"caption-attachment-7452\" style=\"width: 1200px\" class=\"wp-caption alignnone\"><img loading=\"lazy\" decoding=\"async\" class=\"size-full wp-image-7452\" src=\"https:\/\/renatodias.online\/movimento\/wp-content\/uploads\/2021\/06\/Edgard-de-Aquino-Duarte.jpg\" alt=\"\" width=\"1200\" height=\"799\" \/><figcaption id=\"caption-attachment-7452\" class=\"wp-caption-text\"><strong>Edgard de Aquino Duarte<\/strong><\/figcaption><\/figure>\n<h2 style=\"text-align: center;\"><span style=\"color: #008000;\"><strong>Revela\u00e7\u00f5es explosivas de Jos\u00e9 Duarte dos Santos<\/strong><\/span><\/h2>\n<p><img loading=\"lazy\" decoding=\"async\" class=\"size-full wp-image-5888\" src=\"https:\/\/renatodias.online\/movimento\/wp-content\/uploads\/2021\/04\/Bomba-A-morte-da-Politica.jpg\" alt=\"explosivo\" width=\"600\" height=\"600\" \/><\/p>\n<h1 style=\"text-align: center;\"><span style=\"color: #ff00ff;\"><strong>50 anos depois<\/strong><\/span><\/h1>\n<p><strong>\u00a0<\/strong><\/p>\n<p><strong>Renato Dias<\/strong><\/p>\n<p>Leitor compulsivo de Karl Marx, Friedrich Engels e de Vladimir Ilich Ulianov, codinome L\u00eanin, <strong>Edgard de Aquino Duarte<\/strong> era membro da clandestina <strong>Associa\u00e7\u00e3o dos Marinheiros e Fuzileiros Navais<\/strong>. Nascido em Bom Jardim, Estado de Pernambuco, participa da assembleia da corpora\u00e7\u00e3o realizada no dia 25 de mar\u00e7o de 1964. No Sindicato dos Metal\u00fargicos do Rio de Janeiro. Os manifestantes apresentam uma pauta com reivindica\u00e7\u00f5es. O ministro da Marinha, <strong>S\u00edlvio Mota<\/strong>, alega a quebra da disciplina e da hierarquia e determina pris\u00f5es dos insurgentes. O presidente da Rep\u00fablica, <strong>Jo\u00e3o Belchior Marques Goulart<\/strong>, demite o titular da pasta, nomeia para o cargo <strong>Paulo M\u00e1rio da Cunha Rodrigues<\/strong> e anistia os revoltosos. A conspira\u00e7\u00e3o j\u00e1 estava em andamento.<\/p>\n<blockquote><p><span style=\"color: #ff0000;\"><strong>Leitor compulsivo <\/strong><\/span><\/p>\n<p><span style=\"color: #ff0000;\"><strong>de Karl Marx, <\/strong><\/span><\/p>\n<p><span style=\"color: #ff0000;\"><strong>Friedrich Engels e de <\/strong><\/span><\/p>\n<p><span style=\"color: #ff0000;\"><strong>Vladimir Ilich Ulianov<\/strong><\/span><\/p>\n<figure id=\"attachment_7109\" aria-describedby=\"caption-attachment-7109\" style=\"width: 1494px\" class=\"wp-caption alignnone\"><img loading=\"lazy\" decoding=\"async\" class=\"size-full wp-image-7109\" src=\"https:\/\/renatodias.online\/movimento\/wp-content\/uploads\/2021\/06\/Joao-Belchior-Marques-Goulart-_-MR-8.jpg\" alt=\"\" width=\"1494\" height=\"681\" \/><figcaption id=\"caption-attachment-7109\" class=\"wp-caption-text\"><strong>Jo\u00e3o Belchior Marques Goulart, presidente da Rep\u00fablica<\/strong><\/figcaption><\/figure><\/blockquote>\n<p>Civil e militar, com a participa\u00e7\u00e3o da CNBB, ABI, OAB, FIESP, o suporte dos conglomerados de comunica\u00e7\u00e3o, monop\u00f3lios de m\u00eddia, sem regula\u00e7\u00e3o democr\u00e1tica, um golpe de Estado obt\u00e9m protagonismo pol\u00edtico das For\u00e7as Armadas e derruba Jango. As tropas de <strong>Ol\u00edmpio Mour\u00e3o Filho<\/strong>, a \u2018vaca fardada\u2019 do Plano Cohen, que instala o Estado Novo, em 10 de novembro de 1937, saem dia 31 de mar\u00e7o. O presidente do Congresso Nacional, <strong>Auro Soares de Moura Andrade<\/strong>, decreta em 2 de abril, a vac\u00e2ncia da presid\u00eancia da Rep\u00fablica, com o inquilino do Pal\u00e1cio do Planalto no Brasil. A corte suprema avaliza. Os EUA reconhecem o novo governo federal. A Opera\u00e7\u00e3o Brother Sam movimenta-se. <strong>Uma estranha derrota<\/strong>. Sem resist\u00eancia. Nem derramamento de sangue.<\/p>\n<figure id=\"attachment_7125\" aria-describedby=\"caption-attachment-7125\" style=\"width: 1200px\" class=\"wp-caption alignnone\"><img loading=\"lazy\" decoding=\"async\" class=\"size-full wp-image-7125\" src=\"https:\/\/renatodias.online\/movimento\/wp-content\/uploads\/2021\/06\/Olimpio-Mourao-Filho.jpg\" alt=\"\" width=\"1200\" height=\"800\" srcset=\"https:\/\/renatodias.online\/movimento\/wp-content\/uploads\/2021\/06\/Olimpio-Mourao-Filho.jpg 1200w, https:\/\/renatodias.online\/movimento\/wp-content\/uploads\/2021\/06\/Olimpio-Mourao-Filho-300x200.jpg 300w, https:\/\/renatodias.online\/movimento\/wp-content\/uploads\/2021\/06\/Olimpio-Mourao-Filho-768x512.jpg 768w, https:\/\/renatodias.online\/movimento\/wp-content\/uploads\/2021\/06\/Olimpio-Mourao-Filho-360x240.jpg 360w, https:\/\/renatodias.online\/movimento\/wp-content\/uploads\/2021\/06\/Olimpio-Mourao-Filho-750x500.jpg 750w\" sizes=\"auto, (max-width: 1200px) 100vw, 1200px\" \/><figcaption id=\"caption-attachment-7125\" class=\"wp-caption-text\"><strong>Ol\u00edmpio Mour\u00e3o Filho<\/strong><\/figcaption><\/figure>\n<p>Filho de <strong>Jos\u00e9 Duarte<\/strong> e de <strong>Francisca Duarte<\/strong>, o rebento que nasceu em 22 de fevereiro de 1941, Ed\u00adgard de Aquino Duarte \u00e9 expulso, logo com a edi\u00e7\u00e3o do Ato Institucional n\u00famero um, da Mari\u00adnha. Sob a repress\u00e3o pol\u00edtica e militar, faz a op\u00e7\u00e3o pelo ex\u00edlio. O desterro. Primeiro, o M\u00e9xico. Segundo, Havana, o farol da revolu\u00e7\u00e3o socialista em \u2018Nuestra Am\u00e9rica\u2019. O retorno ao Brasil, a P\u00e1tria em Chuteiras, ocorre em <strong>1968<\/strong>. <strong>O ano que n\u00e3o terminou<\/strong>. Longe da luta armada e de sua mir\u00edade de organiza\u00e7\u00f5es rivais, ele ingressa na Bolsa de Valores do Estado de S\u00e3o Paulo. A Bovespa. \u00c9 o que revela com exclusividade ao Portal de Not\u00edcias <strong>www.renatodias.online<\/strong> o ent\u00e3o <strong>delegado oficial<\/strong> da Associa\u00e7\u00e3o dos Marinheiros e Fuzileiros Navais, <strong>Jos\u00e9 Duarte dos Santos<\/strong>.<\/p>\n<blockquote><p><span style=\"color: #ff0000;\"><strong>Ed\u00adgard de Aquino Duarte <\/strong><\/span><\/p>\n<p><span style=\"color: #ff0000;\"><strong>\u00e9 expulso, com a edi\u00e7\u00e3o <\/strong><\/span><\/p>\n<p><span style=\"color: #ff0000;\"><strong>do Ato Institucional <\/strong><\/span><\/p>\n<p><span style=\"color: #ff0000;\"><strong>n\u00famero um, ano de 1964<\/strong><\/span><\/p><\/blockquote>\n<figure id=\"attachment_7456\" aria-describedby=\"caption-attachment-7456\" style=\"width: 640px\" class=\"wp-caption aligncenter\"><img loading=\"lazy\" decoding=\"async\" class=\"size-full wp-image-7456\" src=\"https:\/\/renatodias.online\/movimento\/wp-content\/uploads\/2021\/06\/Jose-Duarte-dos-Santos.jpg\" alt=\"\" width=\"640\" height=\"480\" \/><figcaption id=\"caption-attachment-7456\" class=\"wp-caption-text\"><strong>Jos\u00e9 Duarte dos Santos<\/strong><\/figcaption><\/figure>\n<p>Jos\u00e9 Duarte dos Santos \u00e9 irm\u00e3o de <strong>Ant\u00f4nio Duarte dos Santos<\/strong>, membro da Diretoria-Executiva da Associa\u00e7\u00e3o dos Marinheiros e Fuzileiros Navais. Ele informa ter sido preso antes do golpe de Estado civil e militar que dep\u00f4s Jango. Apesar do cerco, em arriscada opera\u00e7\u00e3o, consegue fugir, embarca para o M\u00e9xico, Rep\u00fablica Tchecoslov\u00e1quia e Cuba, para submeter-se a treinamento pol\u00edtico e militar. Em Havana trocou confid\u00eancias com o m\u00e9dico argentino revolucion\u00e1rio <strong>Ernesto Guevara de La Serna, El Che<\/strong>, e conversou com o comandante <strong>Fidel Castro Ruz<\/strong>.\u00a0Com passagem pelo Uruguai, o ativista pol\u00edtico ingressa no <strong>Movimento Nacionalista Revolucion\u00e1rio<\/strong>. Sob a hegemonia do barulhento <strong>Leonel de Moura Brizola<\/strong>. O MNR fez tr\u00eas tentativas, derrotadas<\/p>\n<blockquote><p><span style=\"color: #ff0000;\"><strong>Jos\u00e9 Duarte dos Santos.<\/strong><\/span><\/p>\n<p><span style=\"color: #ff0000;\"><strong>Delegado oficial da <\/strong><\/span><\/p>\n<p><span style=\"color: #ff0000;\"><strong>Associa\u00e7\u00e3o dos Marinheiros.<\/strong><\/span><\/p>\n<p><span style=\"color: #ff0000;\"><strong>PCB, MNR, ALN e Partid\u00e3o<\/strong><\/span><\/p><\/blockquote>\n<p>&nbsp;<\/p>\n<p>Para derrubar a ditadura civil e militar. <strong>1965<\/strong>, com o <strong>coronel Jefferson Cardim<\/strong>. <strong>1966<\/strong>, a <strong>guerrilha do Tri\u00e2ngulo Mineiro<\/strong>. <strong>1967<\/strong>, a <strong>guerrilha de Capara\u00f3<\/strong>, com um desaparecido encontrado na Cova 312, por Daniela Arbex. Em ruptura com o PCB, entra para a ALN. A A\u00e7\u00e3o Libertadora Nacional. Fundada pelo carbon\u00e1rio baiano <strong>Carlos Marighella<\/strong>, morto em 4 de novembro de 1969, \u00e0 Alameda Casa Branca, n\u00famero, S\u00e3o Paulo. Homem de a\u00e7\u00e3o pol\u00edtica de vanguarda, Jos\u00e9 Duarte dos Santos participa de opera\u00e7\u00e3o armada e liberta nove camaradas da pris\u00e3o. Um deles, o seu velho irm\u00e3o Ant\u00f4nio Duarte dos Santos. Acuado, cercado pela repress\u00e3o pol\u00edtica e militar, cai em 1969. \u00c9 preso e torturado. At\u00e9 que a VPR captura o liberal Giovanni Enrico Bucher, em 1970.<\/p>\n<figure id=\"attachment_7256\" aria-describedby=\"caption-attachment-7256\" style=\"width: 1200px\" class=\"wp-caption alignnone\"><img loading=\"lazy\" decoding=\"async\" class=\"size-full wp-image-7256\" src=\"https:\/\/renatodias.online\/movimento\/wp-content\/uploads\/2021\/06\/Giovanni-Enrico-Buccher.jpg\" alt=\"\" width=\"1200\" height=\"817\" srcset=\"https:\/\/renatodias.online\/movimento\/wp-content\/uploads\/2021\/06\/Giovanni-Enrico-Buccher.jpg 1200w, https:\/\/renatodias.online\/movimento\/wp-content\/uploads\/2021\/06\/Giovanni-Enrico-Buccher-300x204.jpg 300w, https:\/\/renatodias.online\/movimento\/wp-content\/uploads\/2021\/06\/Giovanni-Enrico-Buccher-768x523.jpg 768w, https:\/\/renatodias.online\/movimento\/wp-content\/uploads\/2021\/06\/Giovanni-Enrico-Buccher-750x511.jpg 750w\" sizes=\"auto, (max-width: 1200px) 100vw, 1200px\" \/><figcaption id=\"caption-attachment-7256\" class=\"wp-caption-text\"><strong>Giovanni Enrico Buccher, embaixador da Su\u00ed\u00e7a, no Brasil<\/strong><\/figcaption><\/figure>\n<p>N\u00e3o \u00e9 sequestro, tipificado como crime comum. Trata-se de ato revolucion\u00e1rio. <strong>O embaixa\u00addor da Su\u00ed\u00e7a no Brasil, Giovanni Enrico Bucher, para no cativeiro provis\u00f3rio da revolu\u00e7\u00e3o socialista<\/strong>. Quarenta dias de negocia\u00e7\u00f5es tensas. Coordenadas por Carlos Lamarca. O capit\u00e3o da guerrilha. Morto em 17 de setembro de 1971, no sert\u00e3o da Bahia. Esqu\u00e1lido e faminto. Ao lado de Zequinha Barreto. Antes, Iara Iavelberg, a sua companheira, e Nilda Cunha ca\u00edram. Os quatro do Mo\u00advi\u00admento Revolucion\u00e1rio Oito de Outubro [MR-8]. Em\u00edlio Garrastazu M\u00e9dici aceita o a\u00adcordo e liberta <strong>70 presos pol\u00edticos<\/strong>. Quando? <strong>Em 16 de janeiro de 1971<\/strong>. Em troca do diplo\u00adma\u00adta. Jos\u00e9 Duarte dos Santos integra a lista ecum\u00eanica. Ao lado do Frei dominicano Tito de Alencar Li\u00adma.<\/p>\n<blockquote><p><span style=\"color: #ff0000;\"><strong>Os setenta s\u00e3o<\/strong><\/span><\/p>\n<p><span style=\"color: #ff0000;\"><strong>libertados em<\/strong><\/span><\/p>\n<p><span style=\"color: #ff0000;\"><strong>16 de janeiro de<\/strong><\/span><\/p>\n<p><span style=\"color: #ff0000;\"><strong>1971, rumo ao Chile<\/strong><\/span><\/p><\/blockquote>\n<p>&nbsp;<\/p>\n<p>Assim como da estudante de Medicina, da VAR-Palmares [Vanguarda Armada Revolucion\u00e1ria \u2013 Palmares, fundada em 1969], Maria Auxiliadora Lara Barcelos, al\u00e9m de Jean-Marc von Der Weid, ex-presidente da UNE e dirigente da A\u00e7\u00e3o Popular [AP]. Os setenta desembarcam em Santiago, Chile. Com festa no <strong>Aeroporto Internacional de Pudahuel<\/strong>. De <strong>Salvador Allende<\/strong>. <strong>Da Unidade Popular.<\/strong> O m\u00e9dico marxista que se elegera presidente da Rep\u00fablica em 1970. Um golpe de Estado civil e militar, em 11 de setembro de 1973, acaba com a experi\u00eancia chilena pac\u00edfica ao socialismo, sob a Guerra Fria, e o leva ao M\u00e9xico. Depois, quatro anos na B\u00e9lgica. Angola, dois meses. Mo\u00e7ambique, os \u00faltimos dias de ex\u00edlio. Com a Anistia, em 1980, a volta ao Pa\u00eds.<\/p>\n<figure id=\"attachment_7259\" aria-describedby=\"caption-attachment-7259\" style=\"width: 1112px\" class=\"wp-caption alignnone\"><img loading=\"lazy\" decoding=\"async\" class=\"size-full wp-image-7259\" src=\"https:\/\/renatodias.online\/movimento\/wp-content\/uploads\/2021\/06\/Salvador-Allende-_-1973-1.jpg\" alt=\"\" width=\"1112\" height=\"1400\" srcset=\"https:\/\/renatodias.online\/movimento\/wp-content\/uploads\/2021\/06\/Salvador-Allende-_-1973-1.jpg 1112w, https:\/\/renatodias.online\/movimento\/wp-content\/uploads\/2021\/06\/Salvador-Allende-_-1973-1-238x300.jpg 238w, https:\/\/renatodias.online\/movimento\/wp-content\/uploads\/2021\/06\/Salvador-Allende-_-1973-1-813x1024.jpg 813w, https:\/\/renatodias.online\/movimento\/wp-content\/uploads\/2021\/06\/Salvador-Allende-_-1973-1-768x967.jpg 768w, https:\/\/renatodias.online\/movimento\/wp-content\/uploads\/2021\/06\/Salvador-Allende-_-1973-1-750x944.jpg 750w\" sizes=\"auto, (max-width: 1112px) 100vw, 1112px\" \/><figcaption id=\"caption-attachment-7259\" class=\"wp-caption-text\"><strong>Salvador Allende<\/strong><\/figcaption><\/figure>\n<p>Sob o nome falso de <strong>Ivan Marques Lemos<\/strong>, instalado \u00e0 <strong>Rua Martins Fontes<\/strong>, <strong>n\u00famero 268<\/strong>, <strong>Conso\u00adla\u00e7\u00e3o, S\u00e3o Paulo<\/strong>, e trabalho formal na <strong>Bovespa<\/strong>, <strong>Edgard de Aquino Duarte<\/strong> encontra-se com <strong>Jos\u00e9 Anselmo dos Santos<\/strong>, ex-presidente da Associa\u00e7\u00e3o dos Marinheiros e Fuzileiros Navais, em 1964, que havia chegado de Cuba. Cabo Anselmo fica hospedado em seu im\u00f3vel. Um apartamento. Preso, o l\u00edder da revolta dos marinheiros e fuzileiros navais faz um acordo com o delegado do Deops-SP, <strong>S\u00e9rgio Paranhos Fleury<\/strong>, e passa a colaborar com o por\u00e3o. Como \u2018cachorro\u2019. Remunerado, entrega ex-camaradas de armas.\u00a0O agente duplo delata, como queima de arquivo, para a sua colabora\u00e7\u00e3o n\u00e3o ser descoberta,\u00a0Edgard de Aquino Duarte: em 3 de junho de 1971.<\/p>\n<blockquote><p><span style=\"color: #ff0000;\"><strong>Cabo Anselmo delata<\/strong><\/span><\/p>\n<p><span style=\"color: #ff0000;\"><strong>Edgard de Aquino Duarte.<\/strong><\/span><\/p>\n<p><span style=\"color: #ff0000;\"><strong>Ele \u00e9 preso em 3 de junho.<\/strong><\/span><\/p>\n<p><span style=\"color: #ff0000;\"><strong>Do ano de 1971: desaparece<\/strong><\/span><\/p>\n<figure id=\"attachment_6510\" aria-describedby=\"caption-attachment-6510\" style=\"width: 752px\" class=\"wp-caption alignnone\"><img loading=\"lazy\" decoding=\"async\" class=\"size-full wp-image-6510\" src=\"https:\/\/renatodias.online\/movimento\/wp-content\/uploads\/2021\/05\/Sergio-Paranhos-Fleury-e1624562824241.jpg\" alt=\"\" width=\"752\" height=\"286\" \/><figcaption id=\"caption-attachment-6510\" class=\"wp-caption-text\"><strong>S\u00e9rgio Paranhos Fleury<\/strong><\/figcaption><\/figure><\/blockquote>\n<p>\u00c9 levado ao Deops-SP\u00a0e ao DOI-CODI-SP. Torturado e desaparecido. Ao agente Cabo Anselmo s\u00e3o atribu\u00eddas as quedas de Edgard de Aquino Duarte, Paulo de Tarso Celestino da Silva, Heleny Telles Guariba, In\u00eas Etienne Romeu e os seis mortos da VPR, no ano de 1973, em Paulista, Granja S\u00e3o Bento,\u00a0Estado de Pernambuco. Como Soledad Viedma Barret, sua mulher gr\u00e1vida, Jarbas Marques, Eudaldo Gomes Silva, Evaldo Luiz Ferreira de Souza, Pauline Reitschul e\u00a0Jos\u00e9 Manoel da Silva. Dias 7 e 8 de janeiro de 1973. <strong>O \u00faltimo comandante militar da ALN Carlos Eug\u00eanio Sarmento Coelho da Paz, o Clemente<\/strong>, informa que teve um ponto, encontro clandestino com Cabo Anselmo, em S\u00e3o Paulo. Ap\u00f3s a reuni\u00e3o, o guerrilheiro decidiu segui-lo e avistou \u2013 o.<\/p>\n<figure id=\"attachment_7454\" aria-describedby=\"caption-attachment-7454\" style=\"width: 1636px\" class=\"wp-caption alignnone\"><img loading=\"lazy\" decoding=\"async\" class=\"size-full wp-image-7454\" src=\"https:\/\/renatodias.online\/movimento\/wp-content\/uploads\/2021\/06\/Jose-Anselmo-dos-Santos.jpg\" alt=\"\" width=\"1636\" height=\"1074\" srcset=\"https:\/\/renatodias.online\/movimento\/wp-content\/uploads\/2021\/06\/Jose-Anselmo-dos-Santos.jpg 1636w, https:\/\/renatodias.online\/movimento\/wp-content\/uploads\/2021\/06\/Jose-Anselmo-dos-Santos-300x197.jpg 300w, https:\/\/renatodias.online\/movimento\/wp-content\/uploads\/2021\/06\/Jose-Anselmo-dos-Santos-1560x1024.jpg 1560w, https:\/\/renatodias.online\/movimento\/wp-content\/uploads\/2021\/06\/Jose-Anselmo-dos-Santos-768x504.jpg 768w, https:\/\/renatodias.online\/movimento\/wp-content\/uploads\/2021\/06\/Jose-Anselmo-dos-Santos-1536x1008.jpg 1536w, https:\/\/renatodias.online\/movimento\/wp-content\/uploads\/2021\/06\/Jose-Anselmo-dos-Santos-750x492.jpg 750w\" sizes=\"auto, (max-width: 1636px) 100vw, 1636px\" \/><figcaption id=\"caption-attachment-7454\" class=\"wp-caption-text\"><strong>Jos\u00e9 Anselmo dos Santos, o cabo Anselmo<\/strong><\/figcaption><\/figure>\n<p>Cena: Cabo Anselmo af\u00e1vel, cachorro, ao lado dos homens do por\u00e3o, respons\u00e1veis pe\u00adla guerra suja. De arma nas m\u00e3os, Clemente n\u00e3o titubeou e disparou. A bala pegou de rasp\u00e3o no nariz do torturador S\u00e9rgio Paranhos Fleury.\u00a0 Em 1\u00b0 de maio de 1979, o chefe do Esquadr\u00e3o da Morte de S\u00e3o Paulo morreria afogado, em Ilha Bela, litoral paulista. Cabo Anselmo est\u00e1 vivo e en\u00adclau\u00adsurado. Jos\u00e9 Duarte dos Santos mora, hoje, em Goi\u00e2nia, a capital do Estado de Goi\u00e1s. A jus\u00adti\u00ad\u00e7a federal condenou, em senten\u00e7a in\u00e9dita, \u00e0 pris\u00e3o, o delegado aposentado <strong>Carlos Alberto Au\u00adgus\u00adto<\/strong>, <strong>Carlinhos Metralha<\/strong>, pela pris\u00e3o ilegal, tortura, morte, desaparecimento, oculta\u00e7\u00e3o de ca\u00add\u00e1\u00adver de Edgard de Aquino Duarte. Crime de sequestro continuado. Imprescrit\u00edvel. Sem anistia.<\/p>\n<figure id=\"attachment_7455\" aria-describedby=\"caption-attachment-7455\" style=\"width: 2400px\" class=\"wp-caption alignnone\"><img loading=\"lazy\" decoding=\"async\" class=\"size-full wp-image-7455\" src=\"https:\/\/renatodias.online\/movimento\/wp-content\/uploads\/2021\/06\/Carlos-Eugenio-Sarmento-Coelho-da-Paz.jpg\" alt=\"\" width=\"2400\" height=\"1600\" \/><figcaption id=\"caption-attachment-7455\" class=\"wp-caption-text\"><strong>Carlos Eug\u00eanio Sarmento Coelho da Paz<\/strong><\/figcaption><\/figure>\n<blockquote><p>&nbsp;<\/p>\n<p><span style=\"color: #ff0000;\"><strong>Jus\u00adti\u00ad\u00e7a federal condenou, <\/strong><\/span><\/p>\n<p><span style=\"color: #ff0000;\"><strong>em senten\u00e7a in\u00e9dita, \u00e0 pris\u00e3o, <\/strong><\/span><\/p>\n<p><span style=\"color: #ff0000;\"><strong>o delegado aposentado <\/strong><\/span><\/p>\n<p><span style=\"color: #ff0000;\"><strong>Carlos Alberto Au\u00adgus\u00adto, <\/strong><\/span><\/p>\n<p><span style=\"color: #ff0000;\"><strong>o Carlinhos Metralha<\/strong><\/span><\/p><\/blockquote>\n<blockquote><p>&nbsp;<\/p>\n<p><img loading=\"lazy\" decoding=\"async\" class=\"alignnone size-full wp-image-7457\" src=\"https:\/\/renatodias.online\/movimento\/wp-content\/uploads\/2021\/06\/Sangue-_-1.jpeg\" alt=\"\" width=\"1620\" height=\"1080\" \/><\/p>\n<figure id=\"attachment_7453\" aria-describedby=\"caption-attachment-7453\" style=\"width: 1500px\" class=\"wp-caption aligncenter\"><img loading=\"lazy\" decoding=\"async\" class=\"size-full wp-image-7453\" src=\"https:\/\/renatodias.online\/movimento\/wp-content\/uploads\/2021\/06\/Carlinhos-Metralha-Edgar-de-Aquino-Duarte.jpg\" alt=\"\" width=\"1500\" height=\"1000\" srcset=\"https:\/\/renatodias.online\/movimento\/wp-content\/uploads\/2021\/06\/Carlinhos-Metralha-Edgar-de-Aquino-Duarte.jpg 1500w, https:\/\/renatodias.online\/movimento\/wp-content\/uploads\/2021\/06\/Carlinhos-Metralha-Edgar-de-Aquino-Duarte-300x200.jpg 300w, https:\/\/renatodias.online\/movimento\/wp-content\/uploads\/2021\/06\/Carlinhos-Metralha-Edgar-de-Aquino-Duarte-768x512.jpg 768w, https:\/\/renatodias.online\/movimento\/wp-content\/uploads\/2021\/06\/Carlinhos-Metralha-Edgar-de-Aquino-Duarte-360x240.jpg 360w, https:\/\/renatodias.online\/movimento\/wp-content\/uploads\/2021\/06\/Carlinhos-Metralha-Edgar-de-Aquino-Duarte-750x500.jpg 750w\" sizes=\"auto, (max-width: 1500px) 100vw, 1500px\" \/><figcaption id=\"caption-attachment-7453\" class=\"wp-caption-text\"><strong>O delegado aposentado do extinto Deops &#8211; SP Carlos Augusto, o Carlinhos Metralha<\/strong><\/figcaption><\/figure><\/blockquote>\n","protected":false},"excerpt":{"rendered":"<p>Assim mataram Edgard de Aquino Duarte Revela\u00e7\u00f5es explosivas de Jos\u00e9 Duarte dos Santos 50 anos depois \u00a0 Renato Dias Leitor compulsivo de Karl Marx, Friedrich Engels e de Vladimir Ilich Ulianov, codinome L\u00eanin, Edgard de Aquino Duarte era membro da clandestina Associa\u00e7\u00e3o dos Marinheiros e Fuzileiros Navais. Nascido em Bom Jardim, Estado de Pernambuco, participa<\/p>\n","protected":false},"author":2,"featured_media":7452,"comment_status":"open","ping_status":"open","sticky":false,"template":"","format":"standard","meta":{"_acf_changed":false,"_monsterinsights_skip_tracking":false,"_monsterinsights_sitenote_active":false,"_monsterinsights_sitenote_note":"","_monsterinsights_sitenote_category":0,"footnotes":""},"categories":[4],"tags":[],"class_list":["post-7451","post","type-post","status-publish","format-standard","has-post-thumbnail","hentry","category-politica"],"acf":[],"yoast_head":"<!-- This site is optimized with the Yoast SEO plugin v27.4 - https:\/\/yoast.com\/product\/yoast-seo-wordpress\/ -->\n<title>Assim mataram Edgard de Aquino Duarte -<\/title>\n<meta name=\"robots\" content=\"index, follow, max-snippet:-1, max-image-preview:large, max-video-preview:-1\" \/>\n<link rel=\"canonical\" href=\"https:\/\/renatodias.online\/movimento\/2021\/06\/24\/assim-mataram-edgard-de-aquino-duarte\/\" \/>\n<meta property=\"og:locale\" content=\"pt_BR\" \/>\n<meta property=\"og:type\" content=\"article\" \/>\n<meta property=\"og:title\" content=\"Assim mataram Edgard de Aquino Duarte -\" \/>\n<meta property=\"og:description\" content=\"Assim mataram Edgard de Aquino Duarte Revela\u00e7\u00f5es explosivas de Jos\u00e9 Duarte dos Santos 50 anos depois \u00a0 Renato Dias Leitor compulsivo de Karl Marx, Friedrich Engels e de Vladimir Ilich Ulianov, codinome L\u00eanin, Edgard de Aquino Duarte era membro da clandestina Associa\u00e7\u00e3o dos Marinheiros e Fuzileiros Navais. Nascido em Bom Jardim, Estado de Pernambuco, participa\" \/>\n<meta property=\"og:url\" content=\"https:\/\/renatodias.online\/movimento\/2021\/06\/24\/assim-mataram-edgard-de-aquino-duarte\/\" \/>\n<meta property=\"article:publisher\" content=\"https:\/\/www.facebook.com\/renato.dias.37\" \/>\n<meta property=\"article:author\" content=\"https:\/\/www.facebook.com\/renato.dias.37\" \/>\n<meta property=\"article:published_time\" content=\"2021-06-24T20:15:39+00:00\" \/>\n<meta property=\"article:modified_time\" content=\"2021-10-17T19:59:25+00:00\" \/>\n<meta property=\"og:image\" content=\"https:\/\/renatodias.online\/movimento\/wp-content\/uploads\/2021\/06\/Edgard-de-Aquino-Duarte-e1624565728713.jpg\" \/>\n\t<meta property=\"og:image:width\" content=\"300\" \/>\n\t<meta property=\"og:image:height\" content=\"200\" \/>\n\t<meta property=\"og:image:type\" content=\"image\/jpeg\" \/>\n<meta name=\"author\" content=\"Renato Dias\" \/>\n<meta name=\"twitter:card\" content=\"summary_large_image\" \/>\n<meta name=\"twitter:creator\" content=\"@RenatoDiasBat\" \/>\n<meta name=\"twitter:site\" content=\"@RenatoDiasBat\" \/>\n<meta name=\"twitter:label1\" content=\"Escrito por\" \/>\n\t<meta name=\"twitter:data1\" content=\"Renato Dias\" \/>\n\t<meta name=\"twitter:label2\" content=\"Est. tempo de leitura\" \/>\n\t<meta name=\"twitter:data2\" content=\"8 minutos\" \/>\n<script type=\"application\/ld+json\" class=\"yoast-schema-graph\">{\"@context\":\"https:\\\/\\\/schema.org\",\"@graph\":[{\"@type\":\"Article\",\"@id\":\"https:\\\/\\\/renatodias.online\\\/movimento\\\/2021\\\/06\\\/24\\\/assim-mataram-edgard-de-aquino-duarte\\\/#article\",\"isPartOf\":{\"@id\":\"https:\\\/\\\/renatodias.online\\\/movimento\\\/2021\\\/06\\\/24\\\/assim-mataram-edgard-de-aquino-duarte\\\/\"},\"author\":{\"name\":\"Renato Dias\",\"@id\":\"https:\\\/\\\/renatodias.online\\\/movimento\\\/#\\\/schema\\\/person\\\/bbab28833b1725a20f4083f49f1fb2a9\"},\"headline\":\"Assim mataram Edgard de Aquino Duarte\",\"datePublished\":\"2021-06-24T20:15:39+00:00\",\"dateModified\":\"2021-10-17T19:59:25+00:00\",\"mainEntityOfPage\":{\"@id\":\"https:\\\/\\\/renatodias.online\\\/movimento\\\/2021\\\/06\\\/24\\\/assim-mataram-edgard-de-aquino-duarte\\\/\"},\"wordCount\":1556,\"commentCount\":0,\"publisher\":{\"@id\":\"https:\\\/\\\/renatodias.online\\\/movimento\\\/#\\\/schema\\\/person\\\/bbab28833b1725a20f4083f49f1fb2a9\"},\"image\":{\"@id\":\"https:\\\/\\\/renatodias.online\\\/movimento\\\/2021\\\/06\\\/24\\\/assim-mataram-edgard-de-aquino-duarte\\\/#primaryimage\"},\"thumbnailUrl\":\"https:\\\/\\\/renatodias.online\\\/movimento\\\/wp-content\\\/uploads\\\/2021\\\/06\\\/Edgard-de-Aquino-Duarte-e1624565728713.jpg\",\"articleSection\":[\"Pol\u00edtica\"],\"inLanguage\":\"pt-BR\",\"potentialAction\":[{\"@type\":\"CommentAction\",\"name\":\"Comment\",\"target\":[\"https:\\\/\\\/renatodias.online\\\/movimento\\\/2021\\\/06\\\/24\\\/assim-mataram-edgard-de-aquino-duarte\\\/#respond\"]}]},{\"@type\":\"WebPage\",\"@id\":\"https:\\\/\\\/renatodias.online\\\/movimento\\\/2021\\\/06\\\/24\\\/assim-mataram-edgard-de-aquino-duarte\\\/\",\"url\":\"https:\\\/\\\/renatodias.online\\\/movimento\\\/2021\\\/06\\\/24\\\/assim-mataram-edgard-de-aquino-duarte\\\/\",\"name\":\"Assim mataram Edgard de Aquino Duarte -\",\"isPartOf\":{\"@id\":\"https:\\\/\\\/renatodias.online\\\/movimento\\\/#website\"},\"primaryImageOfPage\":{\"@id\":\"https:\\\/\\\/renatodias.online\\\/movimento\\\/2021\\\/06\\\/24\\\/assim-mataram-edgard-de-aquino-duarte\\\/#primaryimage\"},\"image\":{\"@id\":\"https:\\\/\\\/renatodias.online\\\/movimento\\\/2021\\\/06\\\/24\\\/assim-mataram-edgard-de-aquino-duarte\\\/#primaryimage\"},\"thumbnailUrl\":\"https:\\\/\\\/renatodias.online\\\/movimento\\\/wp-content\\\/uploads\\\/2021\\\/06\\\/Edgard-de-Aquino-Duarte-e1624565728713.jpg\",\"datePublished\":\"2021-06-24T20:15:39+00:00\",\"dateModified\":\"2021-10-17T19:59:25+00:00\",\"breadcrumb\":{\"@id\":\"https:\\\/\\\/renatodias.online\\\/movimento\\\/2021\\\/06\\\/24\\\/assim-mataram-edgard-de-aquino-duarte\\\/#breadcrumb\"},\"inLanguage\":\"pt-BR\",\"potentialAction\":[{\"@type\":\"ReadAction\",\"target\":[\"https:\\\/\\\/renatodias.online\\\/movimento\\\/2021\\\/06\\\/24\\\/assim-mataram-edgard-de-aquino-duarte\\\/\"]}]},{\"@type\":\"ImageObject\",\"inLanguage\":\"pt-BR\",\"@id\":\"https:\\\/\\\/renatodias.online\\\/movimento\\\/2021\\\/06\\\/24\\\/assim-mataram-edgard-de-aquino-duarte\\\/#primaryimage\",\"url\":\"https:\\\/\\\/renatodias.online\\\/movimento\\\/wp-content\\\/uploads\\\/2021\\\/06\\\/Edgard-de-Aquino-Duarte-e1624565728713.jpg\",\"contentUrl\":\"https:\\\/\\\/renatodias.online\\\/movimento\\\/wp-content\\\/uploads\\\/2021\\\/06\\\/Edgard-de-Aquino-Duarte-e1624565728713.jpg\",\"width\":300,\"height\":200,\"caption\":\"Edgard de Aquino Duarte\"},{\"@type\":\"BreadcrumbList\",\"@id\":\"https:\\\/\\\/renatodias.online\\\/movimento\\\/2021\\\/06\\\/24\\\/assim-mataram-edgard-de-aquino-duarte\\\/#breadcrumb\",\"itemListElement\":[{\"@type\":\"ListItem\",\"position\":1,\"name\":\"In\u00edcio\",\"item\":\"https:\\\/\\\/renatodias.online\\\/movimento\\\/\"},{\"@type\":\"ListItem\",\"position\":2,\"name\":\"Assim mataram Edgard de Aquino Duarte\"}]},{\"@type\":\"WebSite\",\"@id\":\"https:\\\/\\\/renatodias.online\\\/movimento\\\/#website\",\"url\":\"https:\\\/\\\/renatodias.online\\\/movimento\\\/\",\"name\":\"\",\"description\":\"\",\"publisher\":{\"@id\":\"https:\\\/\\\/renatodias.online\\\/movimento\\\/#\\\/schema\\\/person\\\/bbab28833b1725a20f4083f49f1fb2a9\"},\"potentialAction\":[{\"@type\":\"SearchAction\",\"target\":{\"@type\":\"EntryPoint\",\"urlTemplate\":\"https:\\\/\\\/renatodias.online\\\/movimento\\\/?s={search_term_string}\"},\"query-input\":{\"@type\":\"PropertyValueSpecification\",\"valueRequired\":true,\"valueName\":\"search_term_string\"}}],\"inLanguage\":\"pt-BR\"},{\"@type\":[\"Person\",\"Organization\"],\"@id\":\"https:\\\/\\\/renatodias.online\\\/movimento\\\/#\\\/schema\\\/person\\\/bbab28833b1725a20f4083f49f1fb2a9\",\"name\":\"Renato Dias\",\"image\":{\"@type\":\"ImageObject\",\"inLanguage\":\"pt-BR\",\"@id\":\"https:\\\/\\\/renatodias.online\\\/movimento\\\/wp-content\\\/uploads\\\/2023\\\/03\\\/cropped-cropped-cropped-logofinal.jpeg\",\"url\":\"https:\\\/\\\/renatodias.online\\\/movimento\\\/wp-content\\\/uploads\\\/2023\\\/03\\\/cropped-cropped-cropped-logofinal.jpeg\",\"contentUrl\":\"https:\\\/\\\/renatodias.online\\\/movimento\\\/wp-content\\\/uploads\\\/2023\\\/03\\\/cropped-cropped-cropped-logofinal.jpeg\",\"width\":1280,\"height\":219,\"caption\":\"Renato Dias\"},\"logo\":{\"@id\":\"https:\\\/\\\/renatodias.online\\\/movimento\\\/wp-content\\\/uploads\\\/2023\\\/03\\\/cropped-cropped-cropped-logofinal.jpeg\"},\"description\":\"Renato Dias, 58 anos, \u00e9 graduado em Jornalismo, formado em Ci\u00eancias Sociais, com p\u00f3s-gradua\u00e7\u00e3o em Pol\u00edticas P\u00fablicas, mestre em Direito e Rela\u00e7\u00f5es Internacionais, ex-aluno extraordin\u00e1rio do Doutorado em Psicologia Social, ex-estudante do Curso de Psican\u00e1lise do Centro de Estudos Psicanal\u00edticos do Estado de Goi\u00e1s, ministrado pelo m\u00e9dico psiquiatra e psicanalista Daniel Em\u00eddio de Souza. \u00c9 autor de 30 livros-reportagem, oito document\u00e1rios, ganhou 30 pr\u00eamios e \u00e9 torcedor apaixonado do maior do Centro-Oeste, o Vila Nova Futebol Clube. Casado com Meirilane Dias, \u00e9 pai de Juliana Dias, jornalista; Daniel Dias, economista; e Maria Rosa Dias, estudante antifascista, socialista e trotskista.\u00a0Com tr\u00eas pets: Porquinho [Bull Dog Franc\u00eas], Dalila [Basset Hound] e Geleia [Basset Hound]. Al\u00e9m do eterno gato Tutuquinho, que virou estrela.\",\"sameAs\":[\"https:\\\/\\\/www.facebook.com\\\/renato.dias.37\",\"#breve\",\"https:\\\/\\\/renatodias.tumblr.com\\\/\"],\"url\":\"https:\\\/\\\/renatodias.online\\\/movimento\\\/author\\\/renatodias\\\/\"}]}<\/script>\n<!-- \/ Yoast SEO plugin. -->","yoast_head_json":{"title":"Assim mataram Edgard de Aquino Duarte -","robots":{"index":"index","follow":"follow","max-snippet":"max-snippet:-1","max-image-preview":"max-image-preview:large","max-video-preview":"max-video-preview:-1"},"canonical":"https:\/\/renatodias.online\/movimento\/2021\/06\/24\/assim-mataram-edgard-de-aquino-duarte\/","og_locale":"pt_BR","og_type":"article","og_title":"Assim mataram Edgard de Aquino Duarte -","og_description":"Assim mataram Edgard de Aquino Duarte Revela\u00e7\u00f5es explosivas de Jos\u00e9 Duarte dos Santos 50 anos depois \u00a0 Renato Dias Leitor compulsivo de Karl Marx, Friedrich Engels e de Vladimir Ilich Ulianov, codinome L\u00eanin, Edgard de Aquino Duarte era membro da clandestina Associa\u00e7\u00e3o dos Marinheiros e Fuzileiros Navais. Nascido em Bom Jardim, Estado de Pernambuco, participa","og_url":"https:\/\/renatodias.online\/movimento\/2021\/06\/24\/assim-mataram-edgard-de-aquino-duarte\/","article_publisher":"https:\/\/www.facebook.com\/renato.dias.37","article_author":"https:\/\/www.facebook.com\/renato.dias.37","article_published_time":"2021-06-24T20:15:39+00:00","article_modified_time":"2021-10-17T19:59:25+00:00","og_image":[{"width":300,"height":200,"url":"https:\/\/renatodias.online\/movimento\/wp-content\/uploads\/2021\/06\/Edgard-de-Aquino-Duarte-e1624565728713.jpg","type":"image\/jpeg"}],"author":"Renato Dias","twitter_card":"summary_large_image","twitter_creator":"@RenatoDiasBat","twitter_site":"@RenatoDiasBat","twitter_misc":{"Escrito por":"Renato Dias","Est. tempo de leitura":"8 minutos"},"schema":{"@context":"https:\/\/schema.org","@graph":[{"@type":"Article","@id":"https:\/\/renatodias.online\/movimento\/2021\/06\/24\/assim-mataram-edgard-de-aquino-duarte\/#article","isPartOf":{"@id":"https:\/\/renatodias.online\/movimento\/2021\/06\/24\/assim-mataram-edgard-de-aquino-duarte\/"},"author":{"name":"Renato Dias","@id":"https:\/\/renatodias.online\/movimento\/#\/schema\/person\/bbab28833b1725a20f4083f49f1fb2a9"},"headline":"Assim mataram Edgard de Aquino Duarte","datePublished":"2021-06-24T20:15:39+00:00","dateModified":"2021-10-17T19:59:25+00:00","mainEntityOfPage":{"@id":"https:\/\/renatodias.online\/movimento\/2021\/06\/24\/assim-mataram-edgard-de-aquino-duarte\/"},"wordCount":1556,"commentCount":0,"publisher":{"@id":"https:\/\/renatodias.online\/movimento\/#\/schema\/person\/bbab28833b1725a20f4083f49f1fb2a9"},"image":{"@id":"https:\/\/renatodias.online\/movimento\/2021\/06\/24\/assim-mataram-edgard-de-aquino-duarte\/#primaryimage"},"thumbnailUrl":"https:\/\/renatodias.online\/movimento\/wp-content\/uploads\/2021\/06\/Edgard-de-Aquino-Duarte-e1624565728713.jpg","articleSection":["Pol\u00edtica"],"inLanguage":"pt-BR","potentialAction":[{"@type":"CommentAction","name":"Comment","target":["https:\/\/renatodias.online\/movimento\/2021\/06\/24\/assim-mataram-edgard-de-aquino-duarte\/#respond"]}]},{"@type":"WebPage","@id":"https:\/\/renatodias.online\/movimento\/2021\/06\/24\/assim-mataram-edgard-de-aquino-duarte\/","url":"https:\/\/renatodias.online\/movimento\/2021\/06\/24\/assim-mataram-edgard-de-aquino-duarte\/","name":"Assim mataram Edgard de Aquino Duarte -","isPartOf":{"@id":"https:\/\/renatodias.online\/movimento\/#website"},"primaryImageOfPage":{"@id":"https:\/\/renatodias.online\/movimento\/2021\/06\/24\/assim-mataram-edgard-de-aquino-duarte\/#primaryimage"},"image":{"@id":"https:\/\/renatodias.online\/movimento\/2021\/06\/24\/assim-mataram-edgard-de-aquino-duarte\/#primaryimage"},"thumbnailUrl":"https:\/\/renatodias.online\/movimento\/wp-content\/uploads\/2021\/06\/Edgard-de-Aquino-Duarte-e1624565728713.jpg","datePublished":"2021-06-24T20:15:39+00:00","dateModified":"2021-10-17T19:59:25+00:00","breadcrumb":{"@id":"https:\/\/renatodias.online\/movimento\/2021\/06\/24\/assim-mataram-edgard-de-aquino-duarte\/#breadcrumb"},"inLanguage":"pt-BR","potentialAction":[{"@type":"ReadAction","target":["https:\/\/renatodias.online\/movimento\/2021\/06\/24\/assim-mataram-edgard-de-aquino-duarte\/"]}]},{"@type":"ImageObject","inLanguage":"pt-BR","@id":"https:\/\/renatodias.online\/movimento\/2021\/06\/24\/assim-mataram-edgard-de-aquino-duarte\/#primaryimage","url":"https:\/\/renatodias.online\/movimento\/wp-content\/uploads\/2021\/06\/Edgard-de-Aquino-Duarte-e1624565728713.jpg","contentUrl":"https:\/\/renatodias.online\/movimento\/wp-content\/uploads\/2021\/06\/Edgard-de-Aquino-Duarte-e1624565728713.jpg","width":300,"height":200,"caption":"Edgard de Aquino Duarte"},{"@type":"BreadcrumbList","@id":"https:\/\/renatodias.online\/movimento\/2021\/06\/24\/assim-mataram-edgard-de-aquino-duarte\/#breadcrumb","itemListElement":[{"@type":"ListItem","position":1,"name":"In\u00edcio","item":"https:\/\/renatodias.online\/movimento\/"},{"@type":"ListItem","position":2,"name":"Assim mataram Edgard de Aquino Duarte"}]},{"@type":"WebSite","@id":"https:\/\/renatodias.online\/movimento\/#website","url":"https:\/\/renatodias.online\/movimento\/","name":"","description":"","publisher":{"@id":"https:\/\/renatodias.online\/movimento\/#\/schema\/person\/bbab28833b1725a20f4083f49f1fb2a9"},"potentialAction":[{"@type":"SearchAction","target":{"@type":"EntryPoint","urlTemplate":"https:\/\/renatodias.online\/movimento\/?s={search_term_string}"},"query-input":{"@type":"PropertyValueSpecification","valueRequired":true,"valueName":"search_term_string"}}],"inLanguage":"pt-BR"},{"@type":["Person","Organization"],"@id":"https:\/\/renatodias.online\/movimento\/#\/schema\/person\/bbab28833b1725a20f4083f49f1fb2a9","name":"Renato Dias","image":{"@type":"ImageObject","inLanguage":"pt-BR","@id":"https:\/\/renatodias.online\/movimento\/wp-content\/uploads\/2023\/03\/cropped-cropped-cropped-logofinal.jpeg","url":"https:\/\/renatodias.online\/movimento\/wp-content\/uploads\/2023\/03\/cropped-cropped-cropped-logofinal.jpeg","contentUrl":"https:\/\/renatodias.online\/movimento\/wp-content\/uploads\/2023\/03\/cropped-cropped-cropped-logofinal.jpeg","width":1280,"height":219,"caption":"Renato Dias"},"logo":{"@id":"https:\/\/renatodias.online\/movimento\/wp-content\/uploads\/2023\/03\/cropped-cropped-cropped-logofinal.jpeg"},"description":"Renato Dias, 58 anos, \u00e9 graduado em Jornalismo, formado em Ci\u00eancias Sociais, com p\u00f3s-gradua\u00e7\u00e3o em Pol\u00edticas P\u00fablicas, mestre em Direito e Rela\u00e7\u00f5es Internacionais, ex-aluno extraordin\u00e1rio do Doutorado em Psicologia Social, ex-estudante do Curso de Psican\u00e1lise do Centro de Estudos Psicanal\u00edticos do Estado de Goi\u00e1s, ministrado pelo m\u00e9dico psiquiatra e psicanalista Daniel Em\u00eddio de Souza. \u00c9 autor de 30 livros-reportagem, oito document\u00e1rios, ganhou 30 pr\u00eamios e \u00e9 torcedor apaixonado do maior do Centro-Oeste, o Vila Nova Futebol Clube. Casado com Meirilane Dias, \u00e9 pai de Juliana Dias, jornalista; Daniel Dias, economista; e Maria Rosa Dias, estudante antifascista, socialista e trotskista.\u00a0Com tr\u00eas pets: Porquinho [Bull Dog Franc\u00eas], Dalila [Basset Hound] e Geleia [Basset Hound]. Al\u00e9m do eterno gato Tutuquinho, que virou estrela.","sameAs":["https:\/\/www.facebook.com\/renato.dias.37","#breve","https:\/\/renatodias.tumblr.com\/"],"url":"https:\/\/renatodias.online\/movimento\/author\/renatodias\/"}]}},"_links":{"self":[{"href":"https:\/\/renatodias.online\/movimento\/wp-json\/wp\/v2\/posts\/7451","targetHints":{"allow":["GET"]}}],"collection":[{"href":"https:\/\/renatodias.online\/movimento\/wp-json\/wp\/v2\/posts"}],"about":[{"href":"https:\/\/renatodias.online\/movimento\/wp-json\/wp\/v2\/types\/post"}],"author":[{"embeddable":true,"href":"https:\/\/renatodias.online\/movimento\/wp-json\/wp\/v2\/users\/2"}],"replies":[{"embeddable":true,"href":"https:\/\/renatodias.online\/movimento\/wp-json\/wp\/v2\/comments?post=7451"}],"version-history":[{"count":2,"href":"https:\/\/renatodias.online\/movimento\/wp-json\/wp\/v2\/posts\/7451\/revisions"}],"predecessor-version":[{"id":9365,"href":"https:\/\/renatodias.online\/movimento\/wp-json\/wp\/v2\/posts\/7451\/revisions\/9365"}],"wp:featuredmedia":[{"embeddable":true,"href":"https:\/\/renatodias.online\/movimento\/wp-json\/wp\/v2\/media\/7452"}],"wp:attachment":[{"href":"https:\/\/renatodias.online\/movimento\/wp-json\/wp\/v2\/media?parent=7451"}],"wp:term":[{"taxonomy":"category","embeddable":true,"href":"https:\/\/renatodias.online\/movimento\/wp-json\/wp\/v2\/categories?post=7451"},{"taxonomy":"post_tag","embeddable":true,"href":"https:\/\/renatodias.online\/movimento\/wp-json\/wp\/v2\/tags?post=7451"}],"curies":[{"name":"wp","href":"https:\/\/api.w.org\/{rel}","templated":true}]}}