{"id":7430,"date":"2021-06-24T11:41:00","date_gmt":"2021-06-24T14:41:00","guid":{"rendered":"https:\/\/renatodias.online\/movimento\/?p=7430"},"modified":"2021-06-24T13:12:34","modified_gmt":"2021-06-24T16:12:34","slug":"renuncie-presidente","status":"publish","type":"post","link":"https:\/\/renatodias.online\/movimento\/2021\/06\/24\/renuncie-presidente\/","title":{"rendered":"Renuncie, presidente!"},"content":{"rendered":"<div class=\"adn ads\" data-message-id=\"#msg-a:r-1756387632416582881\" data-legacy-message-id=\"17a3becca420a5f3\">\n<div class=\"gs\">\n<div class=\"\">\n<div id=\":18n\" class=\"ii gt\">\n<div id=\":18m\" class=\"a3s aiL \">\n<div dir=\"auto\">\n<div style=\"width: 640px;\" class=\"wp-video\"><!--[if lt IE 9]><script>document.createElement('video');<\/script><![endif]-->\n<video class=\"wp-video-shortcode\" id=\"video-7430-1\" width=\"640\" height=\"360\" preload=\"metadata\" controls=\"controls\"><source type=\"video\/mp4\" src=\"https:\/\/renatodias.online\/movimento\/wp-content\/uploads\/2021\/06\/canalhasbozo.mp4?_=1\" \/><a href=\"https:\/\/renatodias.online\/movimento\/wp-content\/uploads\/2021\/06\/canalhasbozo.mp4\">https:\/\/renatodias.online\/movimento\/wp-content\/uploads\/2021\/06\/canalhasbozo.mp4<\/a><\/video><\/div>\n<figure id=\"attachment_5888\" aria-describedby=\"caption-attachment-5888\" style=\"width: 600px\" class=\"wp-caption aligncenter\"><img loading=\"lazy\" decoding=\"async\" class=\"size-full wp-image-5888\" src=\"https:\/\/renatodias.online\/movimento\/wp-content\/uploads\/2021\/04\/Bomba-A-morte-da-Politica.jpg\" alt=\"explosivo\" width=\"600\" height=\"600\" \/><figcaption id=\"caption-attachment-5888\" class=\"wp-caption-text\"><span style=\"color: #ff6600;\"><strong>explosivo<\/strong><\/span><\/figcaption><\/figure>\n<h1 dir=\"auto\" style=\"text-align: center;\"><span style=\"color: #003300;\">Nota oficial da ABI<\/span><\/h1>\n<figure id=\"attachment_7431\" aria-describedby=\"caption-attachment-7431\" style=\"width: 1200px\" class=\"wp-caption alignnone\"><img loading=\"lazy\" decoding=\"async\" class=\"size-full wp-image-7431\" src=\"https:\/\/renatodias.online\/movimento\/wp-content\/uploads\/2021\/06\/ABI.jpeg\" alt=\"\" width=\"1200\" height=\"675\" srcset=\"https:\/\/renatodias.online\/movimento\/wp-content\/uploads\/2021\/06\/ABI.jpeg 1200w, https:\/\/renatodias.online\/movimento\/wp-content\/uploads\/2021\/06\/ABI-300x169.jpeg 300w, https:\/\/renatodias.online\/movimento\/wp-content\/uploads\/2021\/06\/ABI-768x432.jpeg 768w, https:\/\/renatodias.online\/movimento\/wp-content\/uploads\/2021\/06\/ABI-750x422.jpeg 750w\" sizes=\"auto, (max-width: 1200px) 100vw, 1200px\" \/><figcaption id=\"caption-attachment-7431\" class=\"wp-caption-text\"><strong>ABI<\/strong><\/figcaption><\/figure>\n<h1 dir=\"auto\" style=\"text-align: center;\"><span style=\"color: #ff0000;\">Renuncie, presidente!<\/span><\/h1>\n<div dir=\"auto\">Descontrolado, perturbado, louco, exaltado, irritadi\u00e7o, irasc\u00edvel, amalucado, alucinado, desvairado, enlouquecido, tresloucado. Qualquer uma destas express\u00f5es poderia ser usada para classificar o comportamento do presidente Jair Bolsonaro nesta segunda-feira, insultando jornalistas da TV Globo e da CNN. Com seu destempero, Bolsonaro mostrou ter sentido profundamente o golpe representado pelas manifesta\u00e7\u00f5es do \u00faltimo s\u00e1bado. Elas desnudaram o crescente isolamento de seu governo.\u00a0 Que o presidente nunca apreciou uma imprensa livre e cr\u00edtica, \u00e9 mais do que sabido. Mas, a cada dia, ele vai subindo o tom perigosamente. Pouco falta para que agrida fisicamente algum jornalista.<\/div>\n<div dir=\"auto\"><\/div>\n<div dir=\"auto\">Seu comportamento chega a enfraquecer o movimento antimanicomial \u2013 movimento progressista e com conte\u00fado profundamente humanit\u00e1rio. J\u00e1 h\u00e1 quem se pergunte como um cidad\u00e3o com tamanho desequil\u00edbrio pode andar por a\u00ed pelas ruas. Mas a situa\u00e7\u00e3o \u00e9 ainda mais grave: esse cidad\u00e3o \u00e9 presidente de um pa\u00eds com a import\u00e2ncia do Brasil. Diante da rejei\u00e7\u00e3o crescente a seu governo, Bolsonaro prepara uma sa\u00edda autorit\u00e1ria e, mesmo a um ano e meio da elei\u00e7\u00e3o, tenta desacreditar o sistema eleitoral. Seu objetivo \u00e9 acumular for\u00e7as para a n\u00e3o aceita\u00e7\u00e3o de um rev\u00e9s em outubro de 2022.<\/div>\n<div dir=\"auto\"><\/div>\n<div dir=\"auto\">\u00c9 preciso que os democratas estejam alertas e mobilizados. Diante desse quadro, com a autoridade de seus 113 anos de luta pela democracia, a ABI reitera sua posi\u00e7\u00e3o a favor do impeachment do presidente. E reafirma que, decididamente, ele n\u00e3o tem condi\u00e7\u00f5es de governar o Brasil. Outra solu\u00e7\u00e3o \u2013 at\u00e9 melhor, porque mais r\u00e1pida &#8211; seria que ele se retirasse voluntariamente.\u00a0 Ent\u00e3o, renuncie, presidente!<\/div>\n<div dir=\"auto\"><\/div>\n<div dir=\"auto\">\n<figure id=\"attachment_5834\" aria-describedby=\"caption-attachment-5834\" style=\"width: 1000px\" class=\"wp-caption alignnone\"><img loading=\"lazy\" decoding=\"async\" class=\"size-full wp-image-5834\" src=\"https:\/\/renatodias.online\/movimento\/wp-content\/uploads\/2021\/04\/presidentejairbolsonaro3-1.jpg\" alt=\"\" width=\"1000\" height=\"666\" srcset=\"https:\/\/renatodias.online\/movimento\/wp-content\/uploads\/2021\/04\/presidentejairbolsonaro3-1.jpg 1000w, https:\/\/renatodias.online\/movimento\/wp-content\/uploads\/2021\/04\/presidentejairbolsonaro3-1-300x200.jpg 300w, https:\/\/renatodias.online\/movimento\/wp-content\/uploads\/2021\/04\/presidentejairbolsonaro3-1-768x511.jpg 768w, https:\/\/renatodias.online\/movimento\/wp-content\/uploads\/2021\/04\/presidentejairbolsonaro3-1-360x240.jpg 360w, https:\/\/renatodias.online\/movimento\/wp-content\/uploads\/2021\/04\/presidentejairbolsonaro3-1-750x500.jpg 750w\" sizes=\"auto, (max-width: 1000px) 100vw, 1000px\" \/><figcaption id=\"caption-attachment-5834\" class=\"wp-caption-text\"><strong>Jair Bolsonaro<\/strong><\/figcaption><\/figure>\n<\/div>\n<div dir=\"auto\"><\/div>\n<div dir=\"auto\" style=\"text-align: center;\"><strong>Paulo Jeronimo<\/strong><\/div>\n<div dir=\"auto\" style=\"text-align: center;\"><strong>Presidente da ABI<\/strong><\/div>\n<div dir=\"auto\"><\/div>\n<div dir=\"auto\" style=\"text-align: center;\"><a rel=\"noopener\" href=\"http:\/\/www.abi.org.br\/nota-oficial-renuncie-presidente\/\" target=\"_blank\" data-saferedirecturl=\"https:\/\/www.google.com\/url?q=http:\/\/www.abi.org.br\/nota-oficial-renuncie-presidente\/&amp;source=gmail&amp;ust=1624631607745000&amp;usg=AFQjCNHw8VzA4bhZV_kt1c1sdTbynKOjcA\">http:\/\/www.abi.org.br\/nota-<wbr \/>oficial-renuncie-presidente\/<\/a><\/div>\n<\/div>\n<div class=\"yj6qo\"><\/div>\n<\/div>\n<\/div>\n<\/div>\n<\/div>\n<\/div>\n<div class=\"dJ\"><\/div>\n","protected":false},"excerpt":{"rendered":"<p>https:\/\/renatodias.online\/movimento\/wp-content\/uploads\/2021\/06\/canalhasbozo.mp4 Nota oficial da ABI Renuncie, presidente! Descontrolado, perturbado, louco, exaltado, irritadi\u00e7o, irasc\u00edvel, amalucado, alucinado, desvairado, enlouquecido, tresloucado. Qualquer uma destas express\u00f5es poderia ser usada para classificar o comportamento do presidente Jair Bolsonaro nesta segunda-feira, insultando jornalistas da TV Globo e da CNN. Com seu destempero, Bolsonaro mostrou ter sentido profundamente o golpe representado pelas<\/p>\n","protected":false},"author":2,"featured_media":7432,"comment_status":"open","ping_status":"open","sticky":false,"template":"","format":"standard","meta":{"_acf_changed":false,"_monsterinsights_skip_tracking":false,"_monsterinsights_sitenote_active":false,"_monsterinsights_sitenote_note":"","_monsterinsights_sitenote_category":0,"footnotes":""},"categories":[4],"tags":[],"class_list":["post-7430","post","type-post","status-publish","format-standard","has-post-thumbnail","hentry","category-politica"],"acf":[],"yoast_head":"<!-- This site is optimized with the Yoast SEO plugin v27.4 - https:\/\/yoast.com\/product\/yoast-seo-wordpress\/ -->\n<title>Renuncie, presidente! -<\/title>\n<meta name=\"robots\" content=\"index, follow, max-snippet:-1, max-image-preview:large, max-video-preview:-1\" \/>\n<link rel=\"canonical\" href=\"https:\/\/renatodias.online\/movimento\/2021\/06\/24\/renuncie-presidente\/\" \/>\n<meta property=\"og:locale\" content=\"pt_BR\" \/>\n<meta property=\"og:type\" content=\"article\" \/>\n<meta property=\"og:title\" content=\"Renuncie, presidente! -\" \/>\n<meta property=\"og:description\" content=\"https:\/\/renatodias.online\/movimento\/wp-content\/uploads\/2021\/06\/canalhasbozo.mp4 Nota oficial da ABI Renuncie, presidente! Descontrolado, perturbado, louco, exaltado, irritadi\u00e7o, irasc\u00edvel, amalucado, alucinado, desvairado, enlouquecido, tresloucado. Qualquer uma destas express\u00f5es poderia ser usada para classificar o comportamento do presidente Jair Bolsonaro nesta segunda-feira, insultando jornalistas da TV Globo e da CNN. Com seu destempero, Bolsonaro mostrou ter sentido profundamente o golpe representado pelas\" \/>\n<meta property=\"og:url\" content=\"https:\/\/renatodias.online\/movimento\/2021\/06\/24\/renuncie-presidente\/\" \/>\n<meta property=\"article:publisher\" content=\"https:\/\/www.facebook.com\/renato.dias.37\" \/>\n<meta property=\"article:author\" content=\"https:\/\/www.facebook.com\/renato.dias.37\" \/>\n<meta property=\"article:published_time\" content=\"2021-06-24T14:41:00+00:00\" \/>\n<meta property=\"article:modified_time\" content=\"2021-06-24T16:12:34+00:00\" \/>\n<meta property=\"og:image\" content=\"https:\/\/renatodias.online\/movimento\/wp-content\/uploads\/2021\/06\/Paulo-Jeronimo-presiddente-da-ABI-e1635803128756.jpg\" \/>\n\t<meta property=\"og:image:width\" content=\"300\" \/>\n\t<meta property=\"og:image:height\" content=\"315\" \/>\n\t<meta property=\"og:image:type\" content=\"image\/jpeg\" \/>\n<meta name=\"author\" content=\"Renato Dias\" \/>\n<meta name=\"twitter:card\" content=\"summary_large_image\" \/>\n<meta name=\"twitter:creator\" content=\"@RenatoDiasBat\" \/>\n<meta name=\"twitter:site\" content=\"@RenatoDiasBat\" \/>\n<meta name=\"twitter:label1\" content=\"Escrito por\" \/>\n\t<meta name=\"twitter:data1\" content=\"Renato Dias\" \/>\n\t<meta name=\"twitter:label2\" content=\"Est. tempo de leitura\" \/>\n\t<meta name=\"twitter:data2\" content=\"2 minutos\" \/>\n<script type=\"application\/ld+json\" class=\"yoast-schema-graph\">{\"@context\":\"https:\\\/\\\/schema.org\",\"@graph\":[{\"@type\":\"Article\",\"@id\":\"https:\\\/\\\/renatodias.online\\\/movimento\\\/2021\\\/06\\\/24\\\/renuncie-presidente\\\/#article\",\"isPartOf\":{\"@id\":\"https:\\\/\\\/renatodias.online\\\/movimento\\\/2021\\\/06\\\/24\\\/renuncie-presidente\\\/\"},\"author\":{\"name\":\"Renato Dias\",\"@id\":\"https:\\\/\\\/renatodias.online\\\/movimento\\\/#\\\/schema\\\/person\\\/bbab28833b1725a20f4083f49f1fb2a9\"},\"headline\":\"Renuncie, presidente!\",\"datePublished\":\"2021-06-24T14:41:00+00:00\",\"dateModified\":\"2021-06-24T16:12:34+00:00\",\"mainEntityOfPage\":{\"@id\":\"https:\\\/\\\/renatodias.online\\\/movimento\\\/2021\\\/06\\\/24\\\/renuncie-presidente\\\/\"},\"wordCount\":322,\"commentCount\":0,\"publisher\":{\"@id\":\"https:\\\/\\\/renatodias.online\\\/movimento\\\/#\\\/schema\\\/person\\\/bbab28833b1725a20f4083f49f1fb2a9\"},\"image\":{\"@id\":\"https:\\\/\\\/renatodias.online\\\/movimento\\\/2021\\\/06\\\/24\\\/renuncie-presidente\\\/#primaryimage\"},\"thumbnailUrl\":\"https:\\\/\\\/renatodias.online\\\/movimento\\\/wp-content\\\/uploads\\\/2021\\\/06\\\/Paulo-Jeronimo-presiddente-da-ABI-e1635803128756.jpg\",\"articleSection\":[\"Pol\u00edtica\"],\"inLanguage\":\"pt-BR\",\"potentialAction\":[{\"@type\":\"CommentAction\",\"name\":\"Comment\",\"target\":[\"https:\\\/\\\/renatodias.online\\\/movimento\\\/2021\\\/06\\\/24\\\/renuncie-presidente\\\/#respond\"]}]},{\"@type\":\"WebPage\",\"@id\":\"https:\\\/\\\/renatodias.online\\\/movimento\\\/2021\\\/06\\\/24\\\/renuncie-presidente\\\/\",\"url\":\"https:\\\/\\\/renatodias.online\\\/movimento\\\/2021\\\/06\\\/24\\\/renuncie-presidente\\\/\",\"name\":\"Renuncie, presidente! -\",\"isPartOf\":{\"@id\":\"https:\\\/\\\/renatodias.online\\\/movimento\\\/#website\"},\"primaryImageOfPage\":{\"@id\":\"https:\\\/\\\/renatodias.online\\\/movimento\\\/2021\\\/06\\\/24\\\/renuncie-presidente\\\/#primaryimage\"},\"image\":{\"@id\":\"https:\\\/\\\/renatodias.online\\\/movimento\\\/2021\\\/06\\\/24\\\/renuncie-presidente\\\/#primaryimage\"},\"thumbnailUrl\":\"https:\\\/\\\/renatodias.online\\\/movimento\\\/wp-content\\\/uploads\\\/2021\\\/06\\\/Paulo-Jeronimo-presiddente-da-ABI-e1635803128756.jpg\",\"datePublished\":\"2021-06-24T14:41:00+00:00\",\"dateModified\":\"2021-06-24T16:12:34+00:00\",\"breadcrumb\":{\"@id\":\"https:\\\/\\\/renatodias.online\\\/movimento\\\/2021\\\/06\\\/24\\\/renuncie-presidente\\\/#breadcrumb\"},\"inLanguage\":\"pt-BR\",\"potentialAction\":[{\"@type\":\"ReadAction\",\"target\":[\"https:\\\/\\\/renatodias.online\\\/movimento\\\/2021\\\/06\\\/24\\\/renuncie-presidente\\\/\"]}]},{\"@type\":\"ImageObject\",\"inLanguage\":\"pt-BR\",\"@id\":\"https:\\\/\\\/renatodias.online\\\/movimento\\\/2021\\\/06\\\/24\\\/renuncie-presidente\\\/#primaryimage\",\"url\":\"https:\\\/\\\/renatodias.online\\\/movimento\\\/wp-content\\\/uploads\\\/2021\\\/06\\\/Paulo-Jeronimo-presiddente-da-ABI-e1635803128756.jpg\",\"contentUrl\":\"https:\\\/\\\/renatodias.online\\\/movimento\\\/wp-content\\\/uploads\\\/2021\\\/06\\\/Paulo-Jeronimo-presiddente-da-ABI-e1635803128756.jpg\",\"width\":300,\"height\":315,\"caption\":\"Paulo Jeronimo, presidente da ABI\"},{\"@type\":\"BreadcrumbList\",\"@id\":\"https:\\\/\\\/renatodias.online\\\/movimento\\\/2021\\\/06\\\/24\\\/renuncie-presidente\\\/#breadcrumb\",\"itemListElement\":[{\"@type\":\"ListItem\",\"position\":1,\"name\":\"In\u00edcio\",\"item\":\"https:\\\/\\\/renatodias.online\\\/movimento\\\/\"},{\"@type\":\"ListItem\",\"position\":2,\"name\":\"Renuncie, presidente!\"}]},{\"@type\":\"WebSite\",\"@id\":\"https:\\\/\\\/renatodias.online\\\/movimento\\\/#website\",\"url\":\"https:\\\/\\\/renatodias.online\\\/movimento\\\/\",\"name\":\"\",\"description\":\"\",\"publisher\":{\"@id\":\"https:\\\/\\\/renatodias.online\\\/movimento\\\/#\\\/schema\\\/person\\\/bbab28833b1725a20f4083f49f1fb2a9\"},\"potentialAction\":[{\"@type\":\"SearchAction\",\"target\":{\"@type\":\"EntryPoint\",\"urlTemplate\":\"https:\\\/\\\/renatodias.online\\\/movimento\\\/?s={search_term_string}\"},\"query-input\":{\"@type\":\"PropertyValueSpecification\",\"valueRequired\":true,\"valueName\":\"search_term_string\"}}],\"inLanguage\":\"pt-BR\"},{\"@type\":[\"Person\",\"Organization\"],\"@id\":\"https:\\\/\\\/renatodias.online\\\/movimento\\\/#\\\/schema\\\/person\\\/bbab28833b1725a20f4083f49f1fb2a9\",\"name\":\"Renato Dias\",\"image\":{\"@type\":\"ImageObject\",\"inLanguage\":\"pt-BR\",\"@id\":\"https:\\\/\\\/renatodias.online\\\/movimento\\\/wp-content\\\/uploads\\\/2023\\\/03\\\/cropped-cropped-cropped-logofinal.jpeg\",\"url\":\"https:\\\/\\\/renatodias.online\\\/movimento\\\/wp-content\\\/uploads\\\/2023\\\/03\\\/cropped-cropped-cropped-logofinal.jpeg\",\"contentUrl\":\"https:\\\/\\\/renatodias.online\\\/movimento\\\/wp-content\\\/uploads\\\/2023\\\/03\\\/cropped-cropped-cropped-logofinal.jpeg\",\"width\":1280,\"height\":219,\"caption\":\"Renato Dias\"},\"logo\":{\"@id\":\"https:\\\/\\\/renatodias.online\\\/movimento\\\/wp-content\\\/uploads\\\/2023\\\/03\\\/cropped-cropped-cropped-logofinal.jpeg\"},\"description\":\"Renato Dias, 58 anos, \u00e9 graduado em Jornalismo, formado em Ci\u00eancias Sociais, com p\u00f3s-gradua\u00e7\u00e3o em Pol\u00edticas P\u00fablicas, mestre em Direito e Rela\u00e7\u00f5es Internacionais, ex-aluno extraordin\u00e1rio do Doutorado em Psicologia Social, ex-estudante do Curso de Psican\u00e1lise do Centro de Estudos Psicanal\u00edticos do Estado de Goi\u00e1s, ministrado pelo m\u00e9dico psiquiatra e psicanalista Daniel Em\u00eddio de Souza. \u00c9 autor de 30 livros-reportagem, oito document\u00e1rios, ganhou 30 pr\u00eamios e \u00e9 torcedor apaixonado do maior do Centro-Oeste, o Vila Nova Futebol Clube. Casado com Meirilane Dias, \u00e9 pai de Juliana Dias, jornalista; Daniel Dias, economista; e Maria Rosa Dias, estudante antifascista, socialista e trotskista.\u00a0Com tr\u00eas pets: Porquinho [Bull Dog Franc\u00eas], Dalila [Basset Hound] e Geleia [Basset Hound]. Al\u00e9m do eterno gato Tutuquinho, que virou estrela.\",\"sameAs\":[\"https:\\\/\\\/www.facebook.com\\\/renato.dias.37\",\"#breve\",\"https:\\\/\\\/renatodias.tumblr.com\\\/\"],\"url\":\"https:\\\/\\\/renatodias.online\\\/movimento\\\/author\\\/renatodias\\\/\"}]}<\/script>\n<!-- \/ Yoast SEO plugin. -->","yoast_head_json":{"title":"Renuncie, presidente! -","robots":{"index":"index","follow":"follow","max-snippet":"max-snippet:-1","max-image-preview":"max-image-preview:large","max-video-preview":"max-video-preview:-1"},"canonical":"https:\/\/renatodias.online\/movimento\/2021\/06\/24\/renuncie-presidente\/","og_locale":"pt_BR","og_type":"article","og_title":"Renuncie, presidente! -","og_description":"https:\/\/renatodias.online\/movimento\/wp-content\/uploads\/2021\/06\/canalhasbozo.mp4 Nota oficial da ABI Renuncie, presidente! Descontrolado, perturbado, louco, exaltado, irritadi\u00e7o, irasc\u00edvel, amalucado, alucinado, desvairado, enlouquecido, tresloucado. Qualquer uma destas express\u00f5es poderia ser usada para classificar o comportamento do presidente Jair Bolsonaro nesta segunda-feira, insultando jornalistas da TV Globo e da CNN. Com seu destempero, Bolsonaro mostrou ter sentido profundamente o golpe representado pelas","og_url":"https:\/\/renatodias.online\/movimento\/2021\/06\/24\/renuncie-presidente\/","article_publisher":"https:\/\/www.facebook.com\/renato.dias.37","article_author":"https:\/\/www.facebook.com\/renato.dias.37","article_published_time":"2021-06-24T14:41:00+00:00","article_modified_time":"2021-06-24T16:12:34+00:00","og_image":[{"width":300,"height":315,"url":"https:\/\/renatodias.online\/movimento\/wp-content\/uploads\/2021\/06\/Paulo-Jeronimo-presiddente-da-ABI-e1635803128756.jpg","type":"image\/jpeg"}],"author":"Renato Dias","twitter_card":"summary_large_image","twitter_creator":"@RenatoDiasBat","twitter_site":"@RenatoDiasBat","twitter_misc":{"Escrito por":"Renato Dias","Est. tempo de leitura":"2 minutos"},"schema":{"@context":"https:\/\/schema.org","@graph":[{"@type":"Article","@id":"https:\/\/renatodias.online\/movimento\/2021\/06\/24\/renuncie-presidente\/#article","isPartOf":{"@id":"https:\/\/renatodias.online\/movimento\/2021\/06\/24\/renuncie-presidente\/"},"author":{"name":"Renato Dias","@id":"https:\/\/renatodias.online\/movimento\/#\/schema\/person\/bbab28833b1725a20f4083f49f1fb2a9"},"headline":"Renuncie, presidente!","datePublished":"2021-06-24T14:41:00+00:00","dateModified":"2021-06-24T16:12:34+00:00","mainEntityOfPage":{"@id":"https:\/\/renatodias.online\/movimento\/2021\/06\/24\/renuncie-presidente\/"},"wordCount":322,"commentCount":0,"publisher":{"@id":"https:\/\/renatodias.online\/movimento\/#\/schema\/person\/bbab28833b1725a20f4083f49f1fb2a9"},"image":{"@id":"https:\/\/renatodias.online\/movimento\/2021\/06\/24\/renuncie-presidente\/#primaryimage"},"thumbnailUrl":"https:\/\/renatodias.online\/movimento\/wp-content\/uploads\/2021\/06\/Paulo-Jeronimo-presiddente-da-ABI-e1635803128756.jpg","articleSection":["Pol\u00edtica"],"inLanguage":"pt-BR","potentialAction":[{"@type":"CommentAction","name":"Comment","target":["https:\/\/renatodias.online\/movimento\/2021\/06\/24\/renuncie-presidente\/#respond"]}]},{"@type":"WebPage","@id":"https:\/\/renatodias.online\/movimento\/2021\/06\/24\/renuncie-presidente\/","url":"https:\/\/renatodias.online\/movimento\/2021\/06\/24\/renuncie-presidente\/","name":"Renuncie, presidente! -","isPartOf":{"@id":"https:\/\/renatodias.online\/movimento\/#website"},"primaryImageOfPage":{"@id":"https:\/\/renatodias.online\/movimento\/2021\/06\/24\/renuncie-presidente\/#primaryimage"},"image":{"@id":"https:\/\/renatodias.online\/movimento\/2021\/06\/24\/renuncie-presidente\/#primaryimage"},"thumbnailUrl":"https:\/\/renatodias.online\/movimento\/wp-content\/uploads\/2021\/06\/Paulo-Jeronimo-presiddente-da-ABI-e1635803128756.jpg","datePublished":"2021-06-24T14:41:00+00:00","dateModified":"2021-06-24T16:12:34+00:00","breadcrumb":{"@id":"https:\/\/renatodias.online\/movimento\/2021\/06\/24\/renuncie-presidente\/#breadcrumb"},"inLanguage":"pt-BR","potentialAction":[{"@type":"ReadAction","target":["https:\/\/renatodias.online\/movimento\/2021\/06\/24\/renuncie-presidente\/"]}]},{"@type":"ImageObject","inLanguage":"pt-BR","@id":"https:\/\/renatodias.online\/movimento\/2021\/06\/24\/renuncie-presidente\/#primaryimage","url":"https:\/\/renatodias.online\/movimento\/wp-content\/uploads\/2021\/06\/Paulo-Jeronimo-presiddente-da-ABI-e1635803128756.jpg","contentUrl":"https:\/\/renatodias.online\/movimento\/wp-content\/uploads\/2021\/06\/Paulo-Jeronimo-presiddente-da-ABI-e1635803128756.jpg","width":300,"height":315,"caption":"Paulo Jeronimo, presidente da ABI"},{"@type":"BreadcrumbList","@id":"https:\/\/renatodias.online\/movimento\/2021\/06\/24\/renuncie-presidente\/#breadcrumb","itemListElement":[{"@type":"ListItem","position":1,"name":"In\u00edcio","item":"https:\/\/renatodias.online\/movimento\/"},{"@type":"ListItem","position":2,"name":"Renuncie, presidente!"}]},{"@type":"WebSite","@id":"https:\/\/renatodias.online\/movimento\/#website","url":"https:\/\/renatodias.online\/movimento\/","name":"","description":"","publisher":{"@id":"https:\/\/renatodias.online\/movimento\/#\/schema\/person\/bbab28833b1725a20f4083f49f1fb2a9"},"potentialAction":[{"@type":"SearchAction","target":{"@type":"EntryPoint","urlTemplate":"https:\/\/renatodias.online\/movimento\/?s={search_term_string}"},"query-input":{"@type":"PropertyValueSpecification","valueRequired":true,"valueName":"search_term_string"}}],"inLanguage":"pt-BR"},{"@type":["Person","Organization"],"@id":"https:\/\/renatodias.online\/movimento\/#\/schema\/person\/bbab28833b1725a20f4083f49f1fb2a9","name":"Renato Dias","image":{"@type":"ImageObject","inLanguage":"pt-BR","@id":"https:\/\/renatodias.online\/movimento\/wp-content\/uploads\/2023\/03\/cropped-cropped-cropped-logofinal.jpeg","url":"https:\/\/renatodias.online\/movimento\/wp-content\/uploads\/2023\/03\/cropped-cropped-cropped-logofinal.jpeg","contentUrl":"https:\/\/renatodias.online\/movimento\/wp-content\/uploads\/2023\/03\/cropped-cropped-cropped-logofinal.jpeg","width":1280,"height":219,"caption":"Renato Dias"},"logo":{"@id":"https:\/\/renatodias.online\/movimento\/wp-content\/uploads\/2023\/03\/cropped-cropped-cropped-logofinal.jpeg"},"description":"Renato Dias, 58 anos, \u00e9 graduado em Jornalismo, formado em Ci\u00eancias Sociais, com p\u00f3s-gradua\u00e7\u00e3o em Pol\u00edticas P\u00fablicas, mestre em Direito e Rela\u00e7\u00f5es Internacionais, ex-aluno extraordin\u00e1rio do Doutorado em Psicologia Social, ex-estudante do Curso de Psican\u00e1lise do Centro de Estudos Psicanal\u00edticos do Estado de Goi\u00e1s, ministrado pelo m\u00e9dico psiquiatra e psicanalista Daniel Em\u00eddio de Souza. \u00c9 autor de 30 livros-reportagem, oito document\u00e1rios, ganhou 30 pr\u00eamios e \u00e9 torcedor apaixonado do maior do Centro-Oeste, o Vila Nova Futebol Clube. Casado com Meirilane Dias, \u00e9 pai de Juliana Dias, jornalista; Daniel Dias, economista; e Maria Rosa Dias, estudante antifascista, socialista e trotskista.\u00a0Com tr\u00eas pets: Porquinho [Bull Dog Franc\u00eas], Dalila [Basset Hound] e Geleia [Basset Hound]. Al\u00e9m do eterno gato Tutuquinho, que virou estrela.","sameAs":["https:\/\/www.facebook.com\/renato.dias.37","#breve","https:\/\/renatodias.tumblr.com\/"],"url":"https:\/\/renatodias.online\/movimento\/author\/renatodias\/"}]}},"_links":{"self":[{"href":"https:\/\/renatodias.online\/movimento\/wp-json\/wp\/v2\/posts\/7430","targetHints":{"allow":["GET"]}}],"collection":[{"href":"https:\/\/renatodias.online\/movimento\/wp-json\/wp\/v2\/posts"}],"about":[{"href":"https:\/\/renatodias.online\/movimento\/wp-json\/wp\/v2\/types\/post"}],"author":[{"embeddable":true,"href":"https:\/\/renatodias.online\/movimento\/wp-json\/wp\/v2\/users\/2"}],"replies":[{"embeddable":true,"href":"https:\/\/renatodias.online\/movimento\/wp-json\/wp\/v2\/comments?post=7430"}],"version-history":[{"count":4,"href":"https:\/\/renatodias.online\/movimento\/wp-json\/wp\/v2\/posts\/7430\/revisions"}],"predecessor-version":[{"id":7444,"href":"https:\/\/renatodias.online\/movimento\/wp-json\/wp\/v2\/posts\/7430\/revisions\/7444"}],"wp:featuredmedia":[{"embeddable":true,"href":"https:\/\/renatodias.online\/movimento\/wp-json\/wp\/v2\/media\/7432"}],"wp:attachment":[{"href":"https:\/\/renatodias.online\/movimento\/wp-json\/wp\/v2\/media?parent=7430"}],"wp:term":[{"taxonomy":"category","embeddable":true,"href":"https:\/\/renatodias.online\/movimento\/wp-json\/wp\/v2\/categories?post=7430"},{"taxonomy":"post_tag","embeddable":true,"href":"https:\/\/renatodias.online\/movimento\/wp-json\/wp\/v2\/tags?post=7430"}],"curies":[{"name":"wp","href":"https:\/\/api.w.org\/{rel}","templated":true}]}}